{"id":18959,"date":"2024-02-27T21:37:18","date_gmt":"2024-02-27T18:37:18","guid":{"rendered":"https:\/\/vendeto.am\/?p=18959"},"modified":"2024-02-27T21:37:30","modified_gmt":"2024-02-27T18:37:30","slug":"maite-malade-et-isolee-a-85-ans-la-cuisiniere-la-plus-celebre-de-france-a-tout-perdu-et-a-change-de-vie","status":"publish","type":"post","link":"https:\/\/vendeto.am\/?p=18959","title":{"rendered":"Ma\u00eft\u00e9 malade et isol\u00e9e : \u00e0 85 ans, la cuisini\u00e8re la plus c\u00e9l\u00e8bre de France a tout perdu et a chang\u00e9 de vie"},"content":{"rendered":"\n<p>Marie-Th\u00e9r\u00e8se Ordonez, mieux connue sous le nom de Ma\u00eft\u00e9, reste une figure embl\u00e9matique de la cuisine fran\u00e7aise gr\u00e2ce \u00e0 ses \u00e9missions \u00e0 succ\u00e8s diffus\u00e9es pendant plusieurs d\u00e9cennies \u00e0 la t\u00e9l\u00e9vision. Cependant, depuis l&#8217;arr\u00eat de sa derni\u00e8re \u00e9mission en 1999, elle s&#8217;est faite discr\u00e8te, ce qui a suscit\u00e9 des interrogations sur sa sant\u00e9 et son bien-\u00eatre.<\/p>\n\n\n<div class=\"wp-block-image\">\n<figure class=\"aligncenter size-full\"><img loading=\"lazy\" decoding=\"async\" width=\"717\" height=\"404\" src=\"https:\/\/vendeto.am\/wp-content\/uploads\/2024\/02\/55555555555.png\" alt=\"\" class=\"wp-image-18960\" srcset=\"https:\/\/vendeto.am\/wp-content\/uploads\/2024\/02\/55555555555.png 717w, https:\/\/vendeto.am\/wp-content\/uploads\/2024\/02\/55555555555-300x169.png 300w, https:\/\/vendeto.am\/wp-content\/uploads\/2024\/02\/55555555555-678x381.png 678w\" sizes=\"auto, (max-width: 717px) 100vw, 717px\" \/><\/figure>\n<\/div>\n\n\n<p>Aujourd&#8217;hui \u00e2g\u00e9e de 85 ans, Ma\u00eft\u00e9 aurait malheureusement des probl\u00e8mes de sant\u00e9, selon des sources cit\u00e9es par Actu.fr en juin 2023. Elle serait atteinte d&#8217;une maladie neurod\u00e9g\u00e9n\u00e9rative et r\u00e9siderait dans un \u00e9tablissement pour personnes \u00e2g\u00e9es \u00e0 Rion-des-Landes, sa ville natale. Cette situation difficile pourrait \u00eatre aggrav\u00e9e par les \u00e9preuves personnelles qu&#8217;elle a travers\u00e9es, notamment la liquidation judiciaire de son restaurant en 2015 et le d\u00e9c\u00e8s de son fils unique Serge des suites d&#8217;un cancer en 2013.<\/p>\n\n\n\n<p>Malgr\u00e9 ces \u00e9preuves, sa petite-fille Camille a d\u00e9clar\u00e9 en 2019 dans une interview \u00e0 Femme Actuelle que Ma\u00eft\u00e9 allait bien et qu&#8217;elle pr\u00e9f\u00e9rait d\u00e9sormais profiter de sa retraite en famille, loin des projecteurs m\u00e9diatiques. Cette volont\u00e9 de se retirer de la vie publique est \u00e9galement confirm\u00e9e par son refus de donner des interviews ou de participer \u00e0 des \u00e9missions de t\u00e9l\u00e9vision.<\/p>\n\n\n\n<p>Ainsi, Ma\u00eft\u00e9, apr\u00e8s avoir enchant\u00e9 les Fran\u00e7ais avec ses \u00e9missions culinaires pendant de nombreuses ann\u00e9es, semble d\u00e9sormais pr\u00e9f\u00e9rer la tranquillit\u00e9 et le confort de sa vie priv\u00e9e, entour\u00e9e de ses proches.<\/p>\n","protected":false},"excerpt":{"rendered":"Marie-Th\u00e9r\u00e8se Ordonez, mieux connue sous le nom de Ma\u00eft\u00e9, reste une figure embl\u00e9matique de la cuisine fran\u00e7aise gr\u00e2ce \u00e0 ses \u00e9missions \u00e0 succ\u00e8s \n<a class=\"moretag\" href=\"https:\/\/vendeto.am\/?p=18959\"> [...]<\/a>","protected":false},"author":1,"featured_media":18960,"comment_status":"open","ping_status":"open","sticky":false,"template":"","format":"standard","meta":{"footnotes":""},"categories":[1,2,3],"tags":[],"class_list":["post-18959","post","type-post","status-publish","format-standard","has-post-thumbnail","hentry","category-news","category-sport","category-video"],"yoast_head":"<!-- This site is optimized with the Yoast SEO plugin v27.5 - https:\/\/yoast.com\/product\/yoast-seo-wordpress\/ -->\n<title>Ma\u00eft\u00e9 malade et isol\u00e9e : \u00e0 85 ans, la cuisini\u00e8re la plus c\u00e9l\u00e8bre de France a tout perdu et a chang\u00e9 de vie -<\/title>\n<meta name=\"robots\" content=\"index, follow, max-snippet:-1, max-image-preview:large, max-video-preview:-1\" \/>\n<link rel=\"canonical\" href=\"https:\/\/vendeto.am\/?p=18959\" \/>\n<meta property=\"og:locale\" content=\"ru_RU\" \/>\n<meta property=\"og:type\" content=\"article\" \/>\n<meta property=\"og:title\" content=\"Ma\u00eft\u00e9 malade et isol\u00e9e : \u00e0 85 ans, la cuisini\u00e8re la plus c\u00e9l\u00e8bre de France a tout perdu et a chang\u00e9 de vie -\" \/>\n<meta property=\"og:description\" content=\"Marie-Th\u00e9r\u00e8se Ordonez, mieux connue sous le nom de Ma\u00eft\u00e9, reste une figure embl\u00e9matique de la cuisine fran\u00e7aise gr\u00e2ce \u00e0 ses \u00e9missions \u00e0 succ\u00e8s\" \/>\n<meta property=\"og:url\" content=\"https:\/\/vendeto.am\/?p=18959\" \/>\n<meta property=\"article:published_time\" content=\"2024-02-27T18:37:18+00:00\" \/>\n<meta property=\"article:modified_time\" content=\"2024-02-27T18:37:30+00:00\" \/>\n<meta property=\"og:image\" content=\"https:\/\/vendeto.am\/wp-content\/uploads\/2024\/02\/55555555555.png\" \/>\n\t<meta property=\"og:image:width\" content=\"717\" \/>\n\t<meta property=\"og:image:height\" content=\"404\" \/>\n\t<meta property=\"og:image:type\" content=\"image\/png\" \/>\n<meta name=\"author\" content=\"admin\" \/>\n<meta name=\"twitter:card\" content=\"summary_large_image\" \/>\n<meta name=\"twitter:label1\" content=\"\u041d\u0430\u043f\u0438\u0441\u0430\u043d\u043e \u0430\u0432\u0442\u043e\u0440\u043e\u043c\" \/>\n\t<meta name=\"twitter:data1\" content=\"admin\" \/>\n\t<meta name=\"twitter:label2\" content=\"\u041f\u0440\u0438\u043c\u0435\u0440\u043d\u043e\u0435 \u0432\u0440\u0435\u043c\u044f \u0434\u043b\u044f \u0447\u0442\u0435\u043d\u0438\u044f\" \/>\n\t<meta name=\"twitter:data2\" content=\"2 \u043c\u0438\u043d\u0443\u0442\u044b\" \/>\n<script type=\"application\/ld+json\" class=\"yoast-schema-graph\">{\"@context\":\"https:\\\/\\\/schema.org\",\"@graph\":[{\"@type\":\"Article\",\"@id\":\"https:\\\/\\\/vendeto.am\\\/?p=18959#article\",\"isPartOf\":{\"@id\":\"https:\\\/\\\/vendeto.am\\\/?p=18959\"},\"author\":{\"name\":\"admin\",\"@id\":\"https:\\\/\\\/vendeto.am\\\/#\\\/schema\\\/person\\\/48a4bd89d2048190ecc61e5ce821bef7\"},\"headline\":\"Ma\u00eft\u00e9 malade et isol\u00e9e : \u00e0 85 ans, la cuisini\u00e8re la plus c\u00e9l\u00e8bre de France a tout perdu et a chang\u00e9 de vie\",\"datePublished\":\"2024-02-27T18:37:18+00:00\",\"dateModified\":\"2024-02-27T18:37:30+00:00\",\"mainEntityOfPage\":{\"@id\":\"https:\\\/\\\/vendeto.am\\\/?p=18959\"},\"wordCount\":290,\"commentCount\":0,\"image\":{\"@id\":\"https:\\\/\\\/vendeto.am\\\/?p=18959#primaryimage\"},\"thumbnailUrl\":\"https:\\\/\\\/vendeto.am\\\/wp-content\\\/uploads\\\/2024\\\/02\\\/55555555555.png\",\"articleSection\":[\"NEWS\",\"SPORT\",\"VIDEO\"],\"inLanguage\":\"ru-RU\",\"potentialAction\":[{\"@type\":\"CommentAction\",\"name\":\"Comment\",\"target\":[\"https:\\\/\\\/vendeto.am\\\/?p=18959#respond\"]}]},{\"@type\":\"WebPage\",\"@id\":\"https:\\\/\\\/vendeto.am\\\/?p=18959\",\"url\":\"https:\\\/\\\/vendeto.am\\\/?p=18959\",\"name\":\"Ma\u00eft\u00e9 malade et isol\u00e9e : \u00e0 85 ans, la cuisini\u00e8re la plus c\u00e9l\u00e8bre de France a tout perdu et a chang\u00e9 de vie -\",\"isPartOf\":{\"@id\":\"https:\\\/\\\/vendeto.am\\\/#website\"},\"primaryImageOfPage\":{\"@id\":\"https:\\\/\\\/vendeto.am\\\/?p=18959#primaryimage\"},\"image\":{\"@id\":\"https:\\\/\\\/vendeto.am\\\/?p=18959#primaryimage\"},\"thumbnailUrl\":\"https:\\\/\\\/vendeto.am\\\/wp-content\\\/uploads\\\/2024\\\/02\\\/55555555555.png\",\"datePublished\":\"2024-02-27T18:37:18+00:00\",\"dateModified\":\"2024-02-27T18:37:30+00:00\",\"author\":{\"@id\":\"https:\\\/\\\/vendeto.am\\\/#\\\/schema\\\/person\\\/48a4bd89d2048190ecc61e5ce821bef7\"},\"breadcrumb\":{\"@id\":\"https:\\\/\\\/vendeto.am\\\/?p=18959#breadcrumb\"},\"inLanguage\":\"ru-RU\",\"potentialAction\":[{\"@type\":\"ReadAction\",\"target\":[\"https:\\\/\\\/vendeto.am\\\/?p=18959\"]}]},{\"@type\":\"ImageObject\",\"inLanguage\":\"ru-RU\",\"@id\":\"https:\\\/\\\/vendeto.am\\\/?p=18959#primaryimage\",\"url\":\"https:\\\/\\\/vendeto.am\\\/wp-content\\\/uploads\\\/2024\\\/02\\\/55555555555.png\",\"contentUrl\":\"https:\\\/\\\/vendeto.am\\\/wp-content\\\/uploads\\\/2024\\\/02\\\/55555555555.png\",\"width\":717,\"height\":404},{\"@type\":\"BreadcrumbList\",\"@id\":\"https:\\\/\\\/vendeto.am\\\/?p=18959#breadcrumb\",\"itemListElement\":[{\"@type\":\"ListItem\",\"position\":1,\"name\":\"\u0413\u043b\u0430\u0432\u043d\u0430\u044f \u0441\u0442\u0440\u0430\u043d\u0438\u0446\u0430\",\"item\":\"https:\\\/\\\/vendeto.am\\\/\"},{\"@type\":\"ListItem\",\"position\":2,\"name\":\"Ma\u00eft\u00e9 malade et isol\u00e9e : \u00e0 85 ans, la cuisini\u00e8re la plus c\u00e9l\u00e8bre de France a tout perdu et a chang\u00e9 de vie\"}]},{\"@type\":\"WebSite\",\"@id\":\"https:\\\/\\\/vendeto.am\\\/#website\",\"url\":\"https:\\\/\\\/vendeto.am\\\/\",\"name\":\"\",\"description\":\"\",\"potentialAction\":[{\"@type\":\"SearchAction\",\"target\":{\"@type\":\"EntryPoint\",\"urlTemplate\":\"https:\\\/\\\/vendeto.am\\\/?s={search_term_string}\"},\"query-input\":{\"@type\":\"PropertyValueSpecification\",\"valueRequired\":true,\"valueName\":\"search_term_string\"}}],\"inLanguage\":\"ru-RU\"},{\"@type\":\"Person\",\"@id\":\"https:\\\/\\\/vendeto.am\\\/#\\\/schema\\\/person\\\/48a4bd89d2048190ecc61e5ce821bef7\",\"name\":\"admin\",\"image\":{\"@type\":\"ImageObject\",\"inLanguage\":\"ru-RU\",\"@id\":\"https:\\\/\\\/secure.gravatar.com\\\/avatar\\\/df64e550a0653b7be0f1bcf897f33faad9c2c8153472b2d9319beafb51370f6f?s=96&d=mm&r=g\",\"url\":\"https:\\\/\\\/secure.gravatar.com\\\/avatar\\\/df64e550a0653b7be0f1bcf897f33faad9c2c8153472b2d9319beafb51370f6f?s=96&d=mm&r=g\",\"contentUrl\":\"https:\\\/\\\/secure.gravatar.com\\\/avatar\\\/df64e550a0653b7be0f1bcf897f33faad9c2c8153472b2d9319beafb51370f6f?s=96&d=mm&r=g\",\"caption\":\"admin\"},\"sameAs\":[\"http:\\\/\\\/vendeto.am\"],\"url\":\"https:\\\/\\\/vendeto.am\\\/?author=1\"}]}<\/script>\n<!-- \/ Yoast SEO plugin. -->","yoast_head_json":{"title":"Ma\u00eft\u00e9 malade et isol\u00e9e : \u00e0 85 ans, la cuisini\u00e8re la plus c\u00e9l\u00e8bre de France a tout perdu et a chang\u00e9 de vie -","robots":{"index":"index","follow":"follow","max-snippet":"max-snippet:-1","max-image-preview":"max-image-preview:large","max-video-preview":"max-video-preview:-1"},"canonical":"https:\/\/vendeto.am\/?p=18959","og_locale":"ru_RU","og_type":"article","og_title":"Ma\u00eft\u00e9 malade et isol\u00e9e : \u00e0 85 ans, la cuisini\u00e8re la plus c\u00e9l\u00e8bre de France a tout perdu et a chang\u00e9 de vie -","og_description":"Marie-Th\u00e9r\u00e8se Ordonez, mieux connue sous le nom de Ma\u00eft\u00e9, reste une figure embl\u00e9matique de la cuisine fran\u00e7aise gr\u00e2ce \u00e0 ses \u00e9missions \u00e0 succ\u00e8s","og_url":"https:\/\/vendeto.am\/?p=18959","article_published_time":"2024-02-27T18:37:18+00:00","article_modified_time":"2024-02-27T18:37:30+00:00","og_image":[{"width":717,"height":404,"url":"https:\/\/vendeto.am\/wp-content\/uploads\/2024\/02\/55555555555.png","type":"image\/png"}],"author":"admin","twitter_card":"summary_large_image","twitter_misc":{"\u041d\u0430\u043f\u0438\u0441\u0430\u043d\u043e \u0430\u0432\u0442\u043e\u0440\u043e\u043c":"admin","\u041f\u0440\u0438\u043c\u0435\u0440\u043d\u043e\u0435 \u0432\u0440\u0435\u043c\u044f \u0434\u043b\u044f \u0447\u0442\u0435\u043d\u0438\u044f":"2 \u043c\u0438\u043d\u0443\u0442\u044b"},"schema":{"@context":"https:\/\/schema.org","@graph":[{"@type":"Article","@id":"https:\/\/vendeto.am\/?p=18959#article","isPartOf":{"@id":"https:\/\/vendeto.am\/?p=18959"},"author":{"name":"admin","@id":"https:\/\/vendeto.am\/#\/schema\/person\/48a4bd89d2048190ecc61e5ce821bef7"},"headline":"Ma\u00eft\u00e9 malade et isol\u00e9e : \u00e0 85 ans, la cuisini\u00e8re la plus c\u00e9l\u00e8bre de France a tout perdu et a chang\u00e9 de vie","datePublished":"2024-02-27T18:37:18+00:00","dateModified":"2024-02-27T18:37:30+00:00","mainEntityOfPage":{"@id":"https:\/\/vendeto.am\/?p=18959"},"wordCount":290,"commentCount":0,"image":{"@id":"https:\/\/vendeto.am\/?p=18959#primaryimage"},"thumbnailUrl":"https:\/\/vendeto.am\/wp-content\/uploads\/2024\/02\/55555555555.png","articleSection":["NEWS","SPORT","VIDEO"],"inLanguage":"ru-RU","potentialAction":[{"@type":"CommentAction","name":"Comment","target":["https:\/\/vendeto.am\/?p=18959#respond"]}]},{"@type":"WebPage","@id":"https:\/\/vendeto.am\/?p=18959","url":"https:\/\/vendeto.am\/?p=18959","name":"Ma\u00eft\u00e9 malade et isol\u00e9e : \u00e0 85 ans, la cuisini\u00e8re la plus c\u00e9l\u00e8bre de France a tout perdu et a chang\u00e9 de vie -","isPartOf":{"@id":"https:\/\/vendeto.am\/#website"},"primaryImageOfPage":{"@id":"https:\/\/vendeto.am\/?p=18959#primaryimage"},"image":{"@id":"https:\/\/vendeto.am\/?p=18959#primaryimage"},"thumbnailUrl":"https:\/\/vendeto.am\/wp-content\/uploads\/2024\/02\/55555555555.png","datePublished":"2024-02-27T18:37:18+00:00","dateModified":"2024-02-27T18:37:30+00:00","author":{"@id":"https:\/\/vendeto.am\/#\/schema\/person\/48a4bd89d2048190ecc61e5ce821bef7"},"breadcrumb":{"@id":"https:\/\/vendeto.am\/?p=18959#breadcrumb"},"inLanguage":"ru-RU","potentialAction":[{"@type":"ReadAction","target":["https:\/\/vendeto.am\/?p=18959"]}]},{"@type":"ImageObject","inLanguage":"ru-RU","@id":"https:\/\/vendeto.am\/?p=18959#primaryimage","url":"https:\/\/vendeto.am\/wp-content\/uploads\/2024\/02\/55555555555.png","contentUrl":"https:\/\/vendeto.am\/wp-content\/uploads\/2024\/02\/55555555555.png","width":717,"height":404},{"@type":"BreadcrumbList","@id":"https:\/\/vendeto.am\/?p=18959#breadcrumb","itemListElement":[{"@type":"ListItem","position":1,"name":"\u0413\u043b\u0430\u0432\u043d\u0430\u044f \u0441\u0442\u0440\u0430\u043d\u0438\u0446\u0430","item":"https:\/\/vendeto.am\/"},{"@type":"ListItem","position":2,"name":"Ma\u00eft\u00e9 malade et isol\u00e9e : \u00e0 85 ans, la cuisini\u00e8re la plus c\u00e9l\u00e8bre de France a tout perdu et a chang\u00e9 de vie"}]},{"@type":"WebSite","@id":"https:\/\/vendeto.am\/#website","url":"https:\/\/vendeto.am\/","name":"","description":"","potentialAction":[{"@type":"SearchAction","target":{"@type":"EntryPoint","urlTemplate":"https:\/\/vendeto.am\/?s={search_term_string}"},"query-input":{"@type":"PropertyValueSpecification","valueRequired":true,"valueName":"search_term_string"}}],"inLanguage":"ru-RU"},{"@type":"Person","@id":"https:\/\/vendeto.am\/#\/schema\/person\/48a4bd89d2048190ecc61e5ce821bef7","name":"admin","image":{"@type":"ImageObject","inLanguage":"ru-RU","@id":"https:\/\/secure.gravatar.com\/avatar\/df64e550a0653b7be0f1bcf897f33faad9c2c8153472b2d9319beafb51370f6f?s=96&d=mm&r=g","url":"https:\/\/secure.gravatar.com\/avatar\/df64e550a0653b7be0f1bcf897f33faad9c2c8153472b2d9319beafb51370f6f?s=96&d=mm&r=g","contentUrl":"https:\/\/secure.gravatar.com\/avatar\/df64e550a0653b7be0f1bcf897f33faad9c2c8153472b2d9319beafb51370f6f?s=96&d=mm&r=g","caption":"admin"},"sameAs":["http:\/\/vendeto.am"],"url":"https:\/\/vendeto.am\/?author=1"}]}},"views":841,"_links":{"self":[{"href":"https:\/\/vendeto.am\/index.php?rest_route=\/wp\/v2\/posts\/18959","targetHints":{"allow":["GET"]}}],"collection":[{"href":"https:\/\/vendeto.am\/index.php?rest_route=\/wp\/v2\/posts"}],"about":[{"href":"https:\/\/vendeto.am\/index.php?rest_route=\/wp\/v2\/types\/post"}],"author":[{"embeddable":true,"href":"https:\/\/vendeto.am\/index.php?rest_route=\/wp\/v2\/users\/1"}],"replies":[{"embeddable":true,"href":"https:\/\/vendeto.am\/index.php?rest_route=%2Fwp%2Fv2%2Fcomments&post=18959"}],"version-history":[{"count":1,"href":"https:\/\/vendeto.am\/index.php?rest_route=\/wp\/v2\/posts\/18959\/revisions"}],"predecessor-version":[{"id":18961,"href":"https:\/\/vendeto.am\/index.php?rest_route=\/wp\/v2\/posts\/18959\/revisions\/18961"}],"wp:featuredmedia":[{"embeddable":true,"href":"https:\/\/vendeto.am\/index.php?rest_route=\/wp\/v2\/media\/18960"}],"wp:attachment":[{"href":"https:\/\/vendeto.am\/index.php?rest_route=%2Fwp%2Fv2%2Fmedia&parent=18959"}],"wp:term":[{"taxonomy":"category","embeddable":true,"href":"https:\/\/vendeto.am\/index.php?rest_route=%2Fwp%2Fv2%2Fcategories&post=18959"},{"taxonomy":"post_tag","embeddable":true,"href":"https:\/\/vendeto.am\/index.php?rest_route=%2Fwp%2Fv2%2Ftags&post=18959"}],"curies":[{"name":"wp","href":"https:\/\/api.w.org\/{rel}","templated":true}]}}