{"id":22066,"date":"2024-10-13T22:30:13","date_gmt":"2024-10-13T19:30:13","guid":{"rendered":"https:\/\/vendeto.am\/?p=22066"},"modified":"2024-10-13T22:30:15","modified_gmt":"2024-10-13T19:30:15","slug":"le-patriarcat-de-jerusalem-remporte-un-proces-pour-recuperer-ses-vastes-proprietes-en-turquie","status":"publish","type":"post","link":"https:\/\/vendeto.am\/?p=22066","title":{"rendered":"Le Patriarcat de J\u00e9rusalem remporte un proc\u00e8s pour r\u00e9cup\u00e9rer ses vastes propri\u00e9t\u00e9s en Turquie"},"content":{"rendered":"\n<p>Par Harut Sassounian<br>http:\/\/www.TheCaliforniaCourier.com<br>En 2019, j&#8217;ai \u00e9crit sur l&#8217;\u00e9tat d&#8217;avancement du proc\u00e8s intent\u00e9 en 2012 en Turquie par le Patriarcat<br>arm\u00e9nien de J\u00e9rusalem pour r\u00e9cup\u00e9rer ses plus de mille propri\u00e9t\u00e9s immobili\u00e8res confisqu\u00e9es il y a des<br>d\u00e9cennies.<br>Apr\u00e8s avoir travers\u00e9 diverses man\u0153uvres juridiques en Turquie pendant des ann\u00e9es, le Patriarcat a<br>finalement remport\u00e9 la semaine derni\u00e8re une victoire majeure.<br>Ishan Erdinc a rapport\u00e9 la bonne nouvelle le 4 octobre 2024 dans le journal arm\u00e9nien Agos d&#8217;Istanbul<br>dans un article intitul\u00e9 \u00ab D\u00e9veloppement critique pour les propri\u00e9t\u00e9s du Patriarcat arm\u00e9nien de<br>J\u00e9rusalem en Turquie : la Fondation Mar Yakoup acquiert la personnalit\u00e9 juridique \u00bb. Mar Yakoup fait<br>r\u00e9f\u00e9rence au Patriarcat arm\u00e9nien de Saint-Jacques (Sourp Hagop) \u00e0 J\u00e9rusalem.<br>En 1973, la Direction g\u00e9n\u00e9rale des fondations de Turquie (GDF) a confisqu\u00e9 les biens du Patriarcat de<br>J\u00e9rusalem, estimant que la Fondation de l\u2019\u00c9glise arm\u00e9nienne Mar Yakoup, cr\u00e9\u00e9e sous l\u2019Empire<br>ottoman, n\u2019\u00e9tait plus fonctionnelle.<br>La plainte d\u00e9pos\u00e9e en 2012 par le patriarche arm\u00e9nien de J\u00e9rusalem Nourhan Manougian a \u00e9t\u00e9<br>initialement rejet\u00e9e par un tribunal de premi\u00e8re instance d\u2019Ankara et par la cour d\u2019appel. Le patriarche a<br>ensuite fait appel devant la Cour constitutionnelle de Turquie, la plus haute juridiction du pays, qui a<br>d\u00e9cid\u00e9 que le tribunal de premi\u00e8re instance avait viol\u00e9 les droits du Patriarcat arm\u00e9nien de J\u00e9rusalem.<br>Le tribunal de premi\u00e8re instance a ensuite annul\u00e9 le statut gel\u00e9 des biens du Patriarcat arm\u00e9nien.<br>Ali Elbeyoglu, l\u2019avocat turc du Patriarcat arm\u00e9nien de J\u00e9rusalem, a d\u00e9clar\u00e9 au journal Agos que le<br>Patriarcat a d\u00e9sormais deux options. Soit il nommera un citoyen turc comme repr\u00e9sentant en Turquie<br>pour g\u00e9rer les biens, comme c\u2019\u00e9tait le cas avant leur confiscation, soit ils seront g\u00e9r\u00e9s depuis J\u00e9rusalem.<br>Au fil des ans, la plupart des propri\u00e9t\u00e9s confisqu\u00e9es du Patriarcat arm\u00e9nien de J\u00e9rusalem ont \u00e9t\u00e9<br>vendues \u00e0 des tiers sans aucune compensation au Patriarcat.<br>Le patriarche Manougian n\u2019a jamais fait d\u2019annonce publique au fil des ans au sujet de la plainte qu\u2019il<br>avait d\u00e9pos\u00e9e en Turquie. Les seuls reportages des m\u00e9dias concernaient ses multiples visites \u00e0 Istanbul<br>pour des raisons non divulgu\u00e9es. M\u00eame si l\u2019avocat Elbeyoglu a d\u00e9clar\u00e9 \u00e0 Agos que le Patriarcat de<br>J\u00e9rusalem poss\u00e8de plus de 100 propri\u00e9t\u00e9s en Turquie, le patriarche Manougian, dans une interview<br>exclusive, m\u2019a dit en 2019 que le Patriarcat poss\u00e9dait 1 200 propri\u00e9t\u00e9s \u00e0 Istanbul seulement et des<br>dizaines d\u2019autres dans toute la Turquie. Le patriarche m\u2019a \u00e9galement inform\u00e9 qu\u2019une tr\u00e8s grande et<br>pr\u00e9cieuse propri\u00e9t\u00e9 appartenant au Patriarcat de J\u00e9rusalem \u00e0 Yalova, en Turquie, autrefois une partie<br>d\u2019Istanbul, avait \u00e9t\u00e9 vendue par un turco-arm\u00e9nien dans les ann\u00e9es 1950 \u00e0 un Turc, puis avait fui aux<br>\u00c9tats-Unis. Le patriarche a d\u00e9clar\u00e9 qu\u2019il souhaitait intenter un proc\u00e8s contre les h\u00e9ritiers de ce turco-<br>arm\u00e9nien.<br>L\u2019avocat Elbeyoglu a d\u00e9clar\u00e9 \u00e0 Agos la semaine derni\u00e8re que le Patriarcat arm\u00e9nien de J\u00e9rusalem<br>poss\u00e9dait un \u00ab manoir de grande valeur \u00e0 Kuzguncuk [Istanbul], dont le titre a \u00e9t\u00e9 transf\u00e9r\u00e9 \u00e0 la<br>municipalit\u00e9 m\u00e9tropolitaine d\u2019Istanbul, puis d\u00e9moli \u00bb. L\u2019avocat a \u00e9galement d\u00e9clar\u00e9 qu\u2019il y avait \u00ab 21<br>propri\u00e9t\u00e9s saisies \u00e0 la Fondation du Patriarcat arm\u00e9nien \u00e0 Altunizade [Istanbul], sur le boulevard Istiklal<br>[important] d\u2019Istanbul, dans le quartier de Fatih [d\u2019Istanbul] et dans la ville d\u2019Adana \u00bb.<br>Il reste \u00e0 voir ce que le Patriarcat arm\u00e9nien de J\u00e9rusalem fera des propri\u00e9t\u00e9s r\u00e9cup\u00e9r\u00e9es et les<br>compensations qu\u2019il recevra pour les propri\u00e9t\u00e9s vendues il y a longtemps \u00e0 des tiers.<br>Je sugg\u00e8re que le Patriarcat arm\u00e9nien de J\u00e9rusalem forme une commission internationale compos\u00e9e<br>d\u2019individus arm\u00e9niens tr\u00e8s respect\u00e9s pour superviser la gestion de ces propri\u00e9t\u00e9s et les compensations<br>vers\u00e9es au Patriarcat. Compte tenu de la controverse entourant la vente ou la location des propri\u00e9t\u00e9s du<br>Patriarcat arm\u00e9nien de J\u00e9rusalem en Isra\u00ebl, il serait dans l\u2019int\u00e9r\u00eat du patriarche de faire preuve de<br>transparence afin d\u2019\u00e9viter des transactions commerciales secr\u00e8tes et des accusations de corruption.<br>La restitution anticip\u00e9e de ces propri\u00e9t\u00e9s est une \u00e9volution tr\u00e8s positive, car le gouvernement turc a<br>rarement accept\u00e9 de restituer \u00e0 leurs propri\u00e9taires arm\u00e9niens les biens qu\u2019il avait confisqu\u00e9s il y a des<br>d\u00e9cennies. En 2011, le gouvernement turc a annonc\u00e9 que les biens immobiliers confisqu\u00e9s aux<br>fondations caritatives arm\u00e9niennes, grecques et juives leur seraient restitu\u00e9s ou qu\u2019une compensation<br>serait vers\u00e9e pour la valeur des propri\u00e9t\u00e9s si elles avaient \u00e9t\u00e9 vendues \u00e0 des tiers.<br>Cependant, apr\u00e8s qu\u2019un certain nombre de propri\u00e9t\u00e9s ont \u00e9t\u00e9 restitu\u00e9es \u00e0 ces minorit\u00e9s, le gouvernement<br>a interrompu le processus, m\u00eame si certaines affaires judiciaires sont toujours en cours.<br>Je consid\u00e8re les efforts turcs pour restituer certaines des propri\u00e9t\u00e9s arm\u00e9niennes confisqu\u00e9es comme un<br>moyen de blanchir leurs crimes historiques. M\u00eame si nous devons nous m\u00e9fier de ces stratag\u00e8mes turcs<br>astucieux, nous devons profiter de chaque occasion pour r\u00e9cup\u00e9rer une partie de ce que nous avons<br>perdu pendant le g\u00e9nocide, comme des territoires, des propri\u00e9t\u00e9s et d\u2019autres actifs. Et tout ce que nous<br>ne pouvons pas r\u00e9cup\u00e9rer, nous devons obtenir r\u00e9paration pour cela.<br>C\u2019est pourquoi les Arm\u00e9niens ne doivent jamais oublier les injustices pass\u00e9es et faire tout leur possible<br>pour pr\u00e9server la m\u00e9moire de leurs pertes aussi longtemps que n\u00e9cessaire. Rien n\u2019est perdu \u00e0 jamais.<br>L\u2019histoire conna\u00eetra des tournants et personne ne sait quand le vent tournera en notre faveur.<br>Cependant, si nous renon\u00e7ons \u00e0 nos revendications, elles seront perdues \u00e0 jamais.<\/p>\n","protected":false},"excerpt":{"rendered":"Par Harut Sassounianhttp:\/\/www.TheCaliforniaCourier.comEn 2019, j&#8217;ai \u00e9crit sur l&#8217;\u00e9tat d&#8217;avancement du proc\u00e8s intent\u00e9 en 2012 en Turquie par le Patriarcatarm\u00e9nien de J\u00e9rusalem pour r\u00e9cup\u00e9rer \n<a class=\"moretag\" href=\"https:\/\/vendeto.am\/?p=22066\"> [...]<\/a>","protected":false},"author":1,"featured_media":22064,"comment_status":"open","ping_status":"open","sticky":false,"template":"","format":"standard","meta":{"footnotes":""},"categories":[1,2,3],"tags":[],"class_list":["post-22066","post","type-post","status-publish","format-standard","has-post-thumbnail","hentry","category-news","category-sport","category-video"],"yoast_head":"<!-- This site is optimized with the Yoast SEO plugin v27.4 - https:\/\/yoast.com\/product\/yoast-seo-wordpress\/ -->\n<title>Le Patriarcat de J\u00e9rusalem remporte un proc\u00e8s pour r\u00e9cup\u00e9rer ses vastes propri\u00e9t\u00e9s en Turquie -<\/title>\n<meta name=\"robots\" content=\"index, follow, max-snippet:-1, max-image-preview:large, max-video-preview:-1\" \/>\n<link rel=\"canonical\" href=\"https:\/\/vendeto.am\/?p=22066\" \/>\n<meta property=\"og:locale\" content=\"ru_RU\" \/>\n<meta property=\"og:type\" content=\"article\" \/>\n<meta property=\"og:title\" content=\"Le Patriarcat de J\u00e9rusalem remporte un proc\u00e8s pour r\u00e9cup\u00e9rer ses vastes propri\u00e9t\u00e9s en Turquie -\" \/>\n<meta property=\"og:description\" content=\"Par Harut Sassounianhttp:\/\/www.TheCaliforniaCourier.comEn 2019, j&#8217;ai \u00e9crit sur l&#8217;\u00e9tat d&#8217;avancement du proc\u00e8s intent\u00e9 en 2012 en Turquie par le Patriarcatarm\u00e9nien de J\u00e9rusalem pour r\u00e9cup\u00e9rer\" \/>\n<meta property=\"og:url\" content=\"https:\/\/vendeto.am\/?p=22066\" \/>\n<meta property=\"article:published_time\" content=\"2024-10-13T19:30:13+00:00\" \/>\n<meta property=\"article:modified_time\" content=\"2024-10-13T19:30:15+00:00\" \/>\n<meta property=\"og:image\" content=\"https:\/\/vendeto.am\/wp-content\/uploads\/2024\/10\/739.jpg\" \/>\n\t<meta property=\"og:image:width\" content=\"1024\" \/>\n\t<meta property=\"og:image:height\" content=\"632\" \/>\n\t<meta property=\"og:image:type\" content=\"image\/jpeg\" \/>\n<meta name=\"author\" content=\"admin\" \/>\n<meta name=\"twitter:card\" content=\"summary_large_image\" \/>\n<meta name=\"twitter:label1\" content=\"\u041d\u0430\u043f\u0438\u0441\u0430\u043d\u043e \u0430\u0432\u0442\u043e\u0440\u043e\u043c\" \/>\n\t<meta name=\"twitter:data1\" content=\"admin\" \/>\n\t<meta name=\"twitter:label2\" content=\"\u041f\u0440\u0438\u043c\u0435\u0440\u043d\u043e\u0435 \u0432\u0440\u0435\u043c\u044f \u0434\u043b\u044f \u0447\u0442\u0435\u043d\u0438\u044f\" \/>\n\t<meta name=\"twitter:data2\" content=\"5 \u043c\u0438\u043d\u0443\u0442\" \/>\n<script type=\"application\/ld+json\" class=\"yoast-schema-graph\">{\"@context\":\"https:\\\/\\\/schema.org\",\"@graph\":[{\"@type\":\"Article\",\"@id\":\"https:\\\/\\\/vendeto.am\\\/?p=22066#article\",\"isPartOf\":{\"@id\":\"https:\\\/\\\/vendeto.am\\\/?p=22066\"},\"author\":{\"name\":\"admin\",\"@id\":\"https:\\\/\\\/vendeto.am\\\/#\\\/schema\\\/person\\\/48a4bd89d2048190ecc61e5ce821bef7\"},\"headline\":\"Le Patriarcat de J\u00e9rusalem remporte un proc\u00e8s pour r\u00e9cup\u00e9rer ses vastes propri\u00e9t\u00e9s en Turquie\",\"datePublished\":\"2024-10-13T19:30:13+00:00\",\"dateModified\":\"2024-10-13T19:30:15+00:00\",\"mainEntityOfPage\":{\"@id\":\"https:\\\/\\\/vendeto.am\\\/?p=22066\"},\"wordCount\":1007,\"commentCount\":0,\"image\":{\"@id\":\"https:\\\/\\\/vendeto.am\\\/?p=22066#primaryimage\"},\"thumbnailUrl\":\"https:\\\/\\\/vendeto.am\\\/wp-content\\\/uploads\\\/2024\\\/10\\\/739.jpg\",\"articleSection\":[\"NEWS\",\"SPORT\",\"VIDEO\"],\"inLanguage\":\"ru-RU\",\"potentialAction\":[{\"@type\":\"CommentAction\",\"name\":\"Comment\",\"target\":[\"https:\\\/\\\/vendeto.am\\\/?p=22066#respond\"]}]},{\"@type\":\"WebPage\",\"@id\":\"https:\\\/\\\/vendeto.am\\\/?p=22066\",\"url\":\"https:\\\/\\\/vendeto.am\\\/?p=22066\",\"name\":\"Le Patriarcat de J\u00e9rusalem remporte un proc\u00e8s pour r\u00e9cup\u00e9rer ses vastes propri\u00e9t\u00e9s en Turquie -\",\"isPartOf\":{\"@id\":\"https:\\\/\\\/vendeto.am\\\/#website\"},\"primaryImageOfPage\":{\"@id\":\"https:\\\/\\\/vendeto.am\\\/?p=22066#primaryimage\"},\"image\":{\"@id\":\"https:\\\/\\\/vendeto.am\\\/?p=22066#primaryimage\"},\"thumbnailUrl\":\"https:\\\/\\\/vendeto.am\\\/wp-content\\\/uploads\\\/2024\\\/10\\\/739.jpg\",\"datePublished\":\"2024-10-13T19:30:13+00:00\",\"dateModified\":\"2024-10-13T19:30:15+00:00\",\"author\":{\"@id\":\"https:\\\/\\\/vendeto.am\\\/#\\\/schema\\\/person\\\/48a4bd89d2048190ecc61e5ce821bef7\"},\"breadcrumb\":{\"@id\":\"https:\\\/\\\/vendeto.am\\\/?p=22066#breadcrumb\"},\"inLanguage\":\"ru-RU\",\"potentialAction\":[{\"@type\":\"ReadAction\",\"target\":[\"https:\\\/\\\/vendeto.am\\\/?p=22066\"]}]},{\"@type\":\"ImageObject\",\"inLanguage\":\"ru-RU\",\"@id\":\"https:\\\/\\\/vendeto.am\\\/?p=22066#primaryimage\",\"url\":\"https:\\\/\\\/vendeto.am\\\/wp-content\\\/uploads\\\/2024\\\/10\\\/739.jpg\",\"contentUrl\":\"https:\\\/\\\/vendeto.am\\\/wp-content\\\/uploads\\\/2024\\\/10\\\/739.jpg\",\"width\":1024,\"height\":632},{\"@type\":\"BreadcrumbList\",\"@id\":\"https:\\\/\\\/vendeto.am\\\/?p=22066#breadcrumb\",\"itemListElement\":[{\"@type\":\"ListItem\",\"position\":1,\"name\":\"\u0413\u043b\u0430\u0432\u043d\u0430\u044f \u0441\u0442\u0440\u0430\u043d\u0438\u0446\u0430\",\"item\":\"https:\\\/\\\/vendeto.am\\\/\"},{\"@type\":\"ListItem\",\"position\":2,\"name\":\"Le Patriarcat de J\u00e9rusalem remporte un proc\u00e8s pour r\u00e9cup\u00e9rer ses vastes propri\u00e9t\u00e9s en Turquie\"}]},{\"@type\":\"WebSite\",\"@id\":\"https:\\\/\\\/vendeto.am\\\/#website\",\"url\":\"https:\\\/\\\/vendeto.am\\\/\",\"name\":\"\",\"description\":\"\",\"potentialAction\":[{\"@type\":\"SearchAction\",\"target\":{\"@type\":\"EntryPoint\",\"urlTemplate\":\"https:\\\/\\\/vendeto.am\\\/?s={search_term_string}\"},\"query-input\":{\"@type\":\"PropertyValueSpecification\",\"valueRequired\":true,\"valueName\":\"search_term_string\"}}],\"inLanguage\":\"ru-RU\"},{\"@type\":\"Person\",\"@id\":\"https:\\\/\\\/vendeto.am\\\/#\\\/schema\\\/person\\\/48a4bd89d2048190ecc61e5ce821bef7\",\"name\":\"admin\",\"image\":{\"@type\":\"ImageObject\",\"inLanguage\":\"ru-RU\",\"@id\":\"https:\\\/\\\/secure.gravatar.com\\\/avatar\\\/df64e550a0653b7be0f1bcf897f33faad9c2c8153472b2d9319beafb51370f6f?s=96&d=mm&r=g\",\"url\":\"https:\\\/\\\/secure.gravatar.com\\\/avatar\\\/df64e550a0653b7be0f1bcf897f33faad9c2c8153472b2d9319beafb51370f6f?s=96&d=mm&r=g\",\"contentUrl\":\"https:\\\/\\\/secure.gravatar.com\\\/avatar\\\/df64e550a0653b7be0f1bcf897f33faad9c2c8153472b2d9319beafb51370f6f?s=96&d=mm&r=g\",\"caption\":\"admin\"},\"sameAs\":[\"http:\\\/\\\/vendeto.am\"],\"url\":\"https:\\\/\\\/vendeto.am\\\/?author=1\"}]}<\/script>\n<!-- \/ Yoast SEO plugin. -->","yoast_head_json":{"title":"Le Patriarcat de J\u00e9rusalem remporte un proc\u00e8s pour r\u00e9cup\u00e9rer ses vastes propri\u00e9t\u00e9s en Turquie -","robots":{"index":"index","follow":"follow","max-snippet":"max-snippet:-1","max-image-preview":"max-image-preview:large","max-video-preview":"max-video-preview:-1"},"canonical":"https:\/\/vendeto.am\/?p=22066","og_locale":"ru_RU","og_type":"article","og_title":"Le Patriarcat de J\u00e9rusalem remporte un proc\u00e8s pour r\u00e9cup\u00e9rer ses vastes propri\u00e9t\u00e9s en Turquie -","og_description":"Par Harut Sassounianhttp:\/\/www.TheCaliforniaCourier.comEn 2019, j&#8217;ai \u00e9crit sur l&#8217;\u00e9tat d&#8217;avancement du proc\u00e8s intent\u00e9 en 2012 en Turquie par le Patriarcatarm\u00e9nien de J\u00e9rusalem pour r\u00e9cup\u00e9rer","og_url":"https:\/\/vendeto.am\/?p=22066","article_published_time":"2024-10-13T19:30:13+00:00","article_modified_time":"2024-10-13T19:30:15+00:00","og_image":[{"width":1024,"height":632,"url":"https:\/\/vendeto.am\/wp-content\/uploads\/2024\/10\/739.jpg","type":"image\/jpeg"}],"author":"admin","twitter_card":"summary_large_image","twitter_misc":{"\u041d\u0430\u043f\u0438\u0441\u0430\u043d\u043e \u0430\u0432\u0442\u043e\u0440\u043e\u043c":"admin","\u041f\u0440\u0438\u043c\u0435\u0440\u043d\u043e\u0435 \u0432\u0440\u0435\u043c\u044f \u0434\u043b\u044f \u0447\u0442\u0435\u043d\u0438\u044f":"5 \u043c\u0438\u043d\u0443\u0442"},"schema":{"@context":"https:\/\/schema.org","@graph":[{"@type":"Article","@id":"https:\/\/vendeto.am\/?p=22066#article","isPartOf":{"@id":"https:\/\/vendeto.am\/?p=22066"},"author":{"name":"admin","@id":"https:\/\/vendeto.am\/#\/schema\/person\/48a4bd89d2048190ecc61e5ce821bef7"},"headline":"Le Patriarcat de J\u00e9rusalem remporte un proc\u00e8s pour r\u00e9cup\u00e9rer ses vastes propri\u00e9t\u00e9s en Turquie","datePublished":"2024-10-13T19:30:13+00:00","dateModified":"2024-10-13T19:30:15+00:00","mainEntityOfPage":{"@id":"https:\/\/vendeto.am\/?p=22066"},"wordCount":1007,"commentCount":0,"image":{"@id":"https:\/\/vendeto.am\/?p=22066#primaryimage"},"thumbnailUrl":"https:\/\/vendeto.am\/wp-content\/uploads\/2024\/10\/739.jpg","articleSection":["NEWS","SPORT","VIDEO"],"inLanguage":"ru-RU","potentialAction":[{"@type":"CommentAction","name":"Comment","target":["https:\/\/vendeto.am\/?p=22066#respond"]}]},{"@type":"WebPage","@id":"https:\/\/vendeto.am\/?p=22066","url":"https:\/\/vendeto.am\/?p=22066","name":"Le Patriarcat de J\u00e9rusalem remporte un proc\u00e8s pour r\u00e9cup\u00e9rer ses vastes propri\u00e9t\u00e9s en Turquie -","isPartOf":{"@id":"https:\/\/vendeto.am\/#website"},"primaryImageOfPage":{"@id":"https:\/\/vendeto.am\/?p=22066#primaryimage"},"image":{"@id":"https:\/\/vendeto.am\/?p=22066#primaryimage"},"thumbnailUrl":"https:\/\/vendeto.am\/wp-content\/uploads\/2024\/10\/739.jpg","datePublished":"2024-10-13T19:30:13+00:00","dateModified":"2024-10-13T19:30:15+00:00","author":{"@id":"https:\/\/vendeto.am\/#\/schema\/person\/48a4bd89d2048190ecc61e5ce821bef7"},"breadcrumb":{"@id":"https:\/\/vendeto.am\/?p=22066#breadcrumb"},"inLanguage":"ru-RU","potentialAction":[{"@type":"ReadAction","target":["https:\/\/vendeto.am\/?p=22066"]}]},{"@type":"ImageObject","inLanguage":"ru-RU","@id":"https:\/\/vendeto.am\/?p=22066#primaryimage","url":"https:\/\/vendeto.am\/wp-content\/uploads\/2024\/10\/739.jpg","contentUrl":"https:\/\/vendeto.am\/wp-content\/uploads\/2024\/10\/739.jpg","width":1024,"height":632},{"@type":"BreadcrumbList","@id":"https:\/\/vendeto.am\/?p=22066#breadcrumb","itemListElement":[{"@type":"ListItem","position":1,"name":"\u0413\u043b\u0430\u0432\u043d\u0430\u044f \u0441\u0442\u0440\u0430\u043d\u0438\u0446\u0430","item":"https:\/\/vendeto.am\/"},{"@type":"ListItem","position":2,"name":"Le Patriarcat de J\u00e9rusalem remporte un proc\u00e8s pour r\u00e9cup\u00e9rer ses vastes propri\u00e9t\u00e9s en Turquie"}]},{"@type":"WebSite","@id":"https:\/\/vendeto.am\/#website","url":"https:\/\/vendeto.am\/","name":"","description":"","potentialAction":[{"@type":"SearchAction","target":{"@type":"EntryPoint","urlTemplate":"https:\/\/vendeto.am\/?s={search_term_string}"},"query-input":{"@type":"PropertyValueSpecification","valueRequired":true,"valueName":"search_term_string"}}],"inLanguage":"ru-RU"},{"@type":"Person","@id":"https:\/\/vendeto.am\/#\/schema\/person\/48a4bd89d2048190ecc61e5ce821bef7","name":"admin","image":{"@type":"ImageObject","inLanguage":"ru-RU","@id":"https:\/\/secure.gravatar.com\/avatar\/df64e550a0653b7be0f1bcf897f33faad9c2c8153472b2d9319beafb51370f6f?s=96&d=mm&r=g","url":"https:\/\/secure.gravatar.com\/avatar\/df64e550a0653b7be0f1bcf897f33faad9c2c8153472b2d9319beafb51370f6f?s=96&d=mm&r=g","contentUrl":"https:\/\/secure.gravatar.com\/avatar\/df64e550a0653b7be0f1bcf897f33faad9c2c8153472b2d9319beafb51370f6f?s=96&d=mm&r=g","caption":"admin"},"sameAs":["http:\/\/vendeto.am"],"url":"https:\/\/vendeto.am\/?author=1"}]}},"views":236,"_links":{"self":[{"href":"https:\/\/vendeto.am\/index.php?rest_route=\/wp\/v2\/posts\/22066","targetHints":{"allow":["GET"]}}],"collection":[{"href":"https:\/\/vendeto.am\/index.php?rest_route=\/wp\/v2\/posts"}],"about":[{"href":"https:\/\/vendeto.am\/index.php?rest_route=\/wp\/v2\/types\/post"}],"author":[{"embeddable":true,"href":"https:\/\/vendeto.am\/index.php?rest_route=\/wp\/v2\/users\/1"}],"replies":[{"embeddable":true,"href":"https:\/\/vendeto.am\/index.php?rest_route=%2Fwp%2Fv2%2Fcomments&post=22066"}],"version-history":[{"count":1,"href":"https:\/\/vendeto.am\/index.php?rest_route=\/wp\/v2\/posts\/22066\/revisions"}],"predecessor-version":[{"id":22067,"href":"https:\/\/vendeto.am\/index.php?rest_route=\/wp\/v2\/posts\/22066\/revisions\/22067"}],"wp:featuredmedia":[{"embeddable":true,"href":"https:\/\/vendeto.am\/index.php?rest_route=\/wp\/v2\/media\/22064"}],"wp:attachment":[{"href":"https:\/\/vendeto.am\/index.php?rest_route=%2Fwp%2Fv2%2Fmedia&parent=22066"}],"wp:term":[{"taxonomy":"category","embeddable":true,"href":"https:\/\/vendeto.am\/index.php?rest_route=%2Fwp%2Fv2%2Fcategories&post=22066"},{"taxonomy":"post_tag","embeddable":true,"href":"https:\/\/vendeto.am\/index.php?rest_route=%2Fwp%2Fv2%2Ftags&post=22066"}],"curies":[{"name":"wp","href":"https:\/\/api.w.org\/{rel}","templated":true}]}}