{"id":23287,"date":"2025-05-01T07:40:32","date_gmt":"2025-05-01T04:40:32","guid":{"rendered":"https:\/\/vendeto.am\/?p=23287"},"modified":"2025-05-01T07:40:33","modified_gmt":"2025-05-01T04:40:33","slug":"pred-25-lety-adoptovala-tohoto-chlapce-neuverite-jak-se-ji-po-letech-odvdecil","status":"publish","type":"post","link":"https:\/\/vendeto.am\/?p=23287","title":{"rendered":"P\u0159ed 25 lety adoptovala tohoto chlapce \u2013 neuv\u011b\u0159\u00edte, jak se j\u00ed po letech odvd\u011b\u010dil"},"content":{"rendered":"\n<p>Byla sama, bez d\u011bt\u00ed, ale s velk\u00fdm srdcem. Jmenovala se Marie a pracovala jako zdravotn\u00ed sestra. Jednoho dne se rozhodla ud\u011blat krok, kter\u00fd j\u00ed nav\u017edy zm\u011bnil \u017eivot \u2013 adoptovala \u0161estilet\u00e9ho chlapce z d\u011btsk\u00e9ho domova. Jmenoval se Tom\u00e1\u0161. Byl tich\u00fd, uzav\u0159en\u00fd a ned\u016fv\u011b\u0159iv\u00fd. Nikdy nepoznal opravdov\u00fd domov.<\/p>\n\n\n\n<figure class=\"wp-block-image size-full\"><img loading=\"lazy\" decoding=\"async\" width=\"752\" height=\"440\" src=\"https:\/\/vendeto.am\/wp-content\/uploads\/2025\/05\/image.png\" alt=\"\" class=\"wp-image-23288\" srcset=\"https:\/\/vendeto.am\/wp-content\/uploads\/2025\/05\/image.png 752w, https:\/\/vendeto.am\/wp-content\/uploads\/2025\/05\/image-300x176.png 300w\" sizes=\"auto, (max-width: 752px) 100vw, 752px\" \/><\/figure>\n\n\n\n<p><\/p>\n\n\n\n<p>Za\u010d\u00e1tky nebyly snadn\u00e9. Tom\u00e1\u0161 se b\u00e1l, necht\u011bl se v\u00e1zat, nedok\u00e1zal \u0159\u00edct \u201emami\u201c. Ale Marie m\u011bla trp\u011blivost. Ka\u017ed\u00fd ve\u010der mu \u010detla poh\u00e1dky, obj\u00edmala ho, kdy\u017e m\u011bl no\u010dn\u00ed m\u016fry, a opakovala mu, \u017ee pat\u0159\u00ed k sob\u011b. Roky plynuly. Z chlapce vyrostl mu\u017e. Vystudoval medic\u00ednu a stal se chirurgem. Marie byla na n\u011bj nesm\u00edrn\u011b hrd\u00e1, ale nikdy nic ne\u010dekala na opl\u00e1tku.<\/p>\n\n\n\n<p>A pak p\u0159i\u0161el den, kdy v\u0161echno zm\u011bnil on.<\/p>\n\n\n\n<p>Bylo j\u00ed u\u017e p\u0159es sedmdes\u00e1t, zdrav\u00ed j\u00ed sl\u00e1blo. Tom\u00e1\u0161 jednoho dne p\u0159i\u0161el a ozn\u00e1mil j\u00ed, \u017ee koupil d\u016fm \u2013 ne pro sebe, ale pro ni. Se zahradou, o kter\u00e9 v\u017edy snila, s pokojem pln\u00fdm knih a s pracovnou, kam j\u00ed p\u0159enesl jej\u00ed star\u00fd psac\u00ed stroj. \u201eCel\u00fd \u017eivot jsi mi d\u00e1vala l\u00e1sku, kdy\u017e jsem ji nejv\u00edc pot\u0159eboval. Te\u010f je \u0159ada na mn\u011b,\u201c \u0159ekl j\u00ed ti\u0161e.<\/p>\n\n\n\n<p>Marie plakala. Ne kv\u016fli domu, ale proto\u017ee pochopila, \u017ee jej\u00ed l\u00e1ska nezmizela \u2013 vr\u00e1tila se zp\u011bt, v\u011bt\u0161\u00ed, ne\u017e kdy doufala.<\/p>\n","protected":false},"excerpt":{"rendered":"Byla sama, bez d\u011bt\u00ed, ale s velk\u00fdm srdcem. Jmenovala se Marie a pracovala jako zdravotn\u00ed sestra. Jednoho dne se rozhodla ud\u011blat krok, kter\u00fd \n<a class=\"moretag\" href=\"https:\/\/vendeto.am\/?p=23287\"> [...]<\/a>","protected":false},"author":1,"featured_media":23288,"comment_status":"open","ping_status":"open","sticky":false,"template":"","format":"standard","meta":{"footnotes":""},"categories":[1,2,3],"tags":[],"class_list":["post-23287","post","type-post","status-publish","format-standard","has-post-thumbnail","hentry","category-news","category-sport","category-video"],"yoast_head":"<!-- This site is optimized with the Yoast SEO plugin v27.5 - https:\/\/yoast.com\/product\/yoast-seo-wordpress\/ -->\n<title>P\u0159ed 25 lety adoptovala tohoto chlapce \u2013 neuv\u011b\u0159\u00edte, jak se j\u00ed po letech odvd\u011b\u010dil -<\/title>\n<meta name=\"robots\" content=\"index, follow, max-snippet:-1, max-image-preview:large, max-video-preview:-1\" \/>\n<link rel=\"canonical\" href=\"https:\/\/vendeto.am\/?p=23287\" \/>\n<meta property=\"og:locale\" content=\"ru_RU\" \/>\n<meta property=\"og:type\" content=\"article\" \/>\n<meta property=\"og:title\" content=\"P\u0159ed 25 lety adoptovala tohoto chlapce \u2013 neuv\u011b\u0159\u00edte, jak se j\u00ed po letech odvd\u011b\u010dil -\" \/>\n<meta property=\"og:description\" content=\"Byla sama, bez d\u011bt\u00ed, ale s velk\u00fdm srdcem. Jmenovala se Marie a pracovala jako zdravotn\u00ed sestra. Jednoho dne se rozhodla ud\u011blat krok, kter\u00fd\" \/>\n<meta property=\"og:url\" content=\"https:\/\/vendeto.am\/?p=23287\" \/>\n<meta property=\"article:published_time\" content=\"2025-05-01T04:40:32+00:00\" \/>\n<meta property=\"article:modified_time\" content=\"2025-05-01T04:40:33+00:00\" \/>\n<meta property=\"og:image\" content=\"https:\/\/vendeto.am\/wp-content\/uploads\/2025\/05\/image.png\" \/>\n\t<meta property=\"og:image:width\" content=\"752\" \/>\n\t<meta property=\"og:image:height\" content=\"440\" \/>\n\t<meta property=\"og:image:type\" content=\"image\/png\" \/>\n<meta name=\"author\" content=\"admin\" \/>\n<meta name=\"twitter:card\" content=\"summary_large_image\" \/>\n<meta name=\"twitter:label1\" content=\"\u041d\u0430\u043f\u0438\u0441\u0430\u043d\u043e \u0430\u0432\u0442\u043e\u0440\u043e\u043c\" \/>\n\t<meta name=\"twitter:data1\" content=\"admin\" \/>\n\t<meta name=\"twitter:label2\" content=\"\u041f\u0440\u0438\u043c\u0435\u0440\u043d\u043e\u0435 \u0432\u0440\u0435\u043c\u044f \u0434\u043b\u044f \u0447\u0442\u0435\u043d\u0438\u044f\" \/>\n\t<meta name=\"twitter:data2\" content=\"2 \u043c\u0438\u043d\u0443\u0442\u044b\" \/>\n<script type=\"application\/ld+json\" class=\"yoast-schema-graph\">{\"@context\":\"https:\\\/\\\/schema.org\",\"@graph\":[{\"@type\":\"Article\",\"@id\":\"https:\\\/\\\/vendeto.am\\\/?p=23287#article\",\"isPartOf\":{\"@id\":\"https:\\\/\\\/vendeto.am\\\/?p=23287\"},\"author\":{\"name\":\"admin\",\"@id\":\"https:\\\/\\\/vendeto.am\\\/#\\\/schema\\\/person\\\/48a4bd89d2048190ecc61e5ce821bef7\"},\"headline\":\"P\u0159ed 25 lety adoptovala tohoto chlapce \u2013 neuv\u011b\u0159\u00edte, jak se j\u00ed po letech odvd\u011b\u010dil\",\"datePublished\":\"2025-05-01T04:40:32+00:00\",\"dateModified\":\"2025-05-01T04:40:33+00:00\",\"mainEntityOfPage\":{\"@id\":\"https:\\\/\\\/vendeto.am\\\/?p=23287\"},\"wordCount\":263,\"commentCount\":0,\"image\":{\"@id\":\"https:\\\/\\\/vendeto.am\\\/?p=23287#primaryimage\"},\"thumbnailUrl\":\"https:\\\/\\\/vendeto.am\\\/wp-content\\\/uploads\\\/2025\\\/05\\\/image.png\",\"articleSection\":[\"NEWS\",\"SPORT\",\"VIDEO\"],\"inLanguage\":\"ru-RU\",\"potentialAction\":[{\"@type\":\"CommentAction\",\"name\":\"Comment\",\"target\":[\"https:\\\/\\\/vendeto.am\\\/?p=23287#respond\"]}]},{\"@type\":\"WebPage\",\"@id\":\"https:\\\/\\\/vendeto.am\\\/?p=23287\",\"url\":\"https:\\\/\\\/vendeto.am\\\/?p=23287\",\"name\":\"P\u0159ed 25 lety adoptovala tohoto chlapce \u2013 neuv\u011b\u0159\u00edte, jak se j\u00ed po letech odvd\u011b\u010dil -\",\"isPartOf\":{\"@id\":\"https:\\\/\\\/vendeto.am\\\/#website\"},\"primaryImageOfPage\":{\"@id\":\"https:\\\/\\\/vendeto.am\\\/?p=23287#primaryimage\"},\"image\":{\"@id\":\"https:\\\/\\\/vendeto.am\\\/?p=23287#primaryimage\"},\"thumbnailUrl\":\"https:\\\/\\\/vendeto.am\\\/wp-content\\\/uploads\\\/2025\\\/05\\\/image.png\",\"datePublished\":\"2025-05-01T04:40:32+00:00\",\"dateModified\":\"2025-05-01T04:40:33+00:00\",\"author\":{\"@id\":\"https:\\\/\\\/vendeto.am\\\/#\\\/schema\\\/person\\\/48a4bd89d2048190ecc61e5ce821bef7\"},\"breadcrumb\":{\"@id\":\"https:\\\/\\\/vendeto.am\\\/?p=23287#breadcrumb\"},\"inLanguage\":\"ru-RU\",\"potentialAction\":[{\"@type\":\"ReadAction\",\"target\":[\"https:\\\/\\\/vendeto.am\\\/?p=23287\"]}]},{\"@type\":\"ImageObject\",\"inLanguage\":\"ru-RU\",\"@id\":\"https:\\\/\\\/vendeto.am\\\/?p=23287#primaryimage\",\"url\":\"https:\\\/\\\/vendeto.am\\\/wp-content\\\/uploads\\\/2025\\\/05\\\/image.png\",\"contentUrl\":\"https:\\\/\\\/vendeto.am\\\/wp-content\\\/uploads\\\/2025\\\/05\\\/image.png\",\"width\":752,\"height\":440},{\"@type\":\"BreadcrumbList\",\"@id\":\"https:\\\/\\\/vendeto.am\\\/?p=23287#breadcrumb\",\"itemListElement\":[{\"@type\":\"ListItem\",\"position\":1,\"name\":\"\u0413\u043b\u0430\u0432\u043d\u0430\u044f \u0441\u0442\u0440\u0430\u043d\u0438\u0446\u0430\",\"item\":\"https:\\\/\\\/vendeto.am\\\/\"},{\"@type\":\"ListItem\",\"position\":2,\"name\":\"P\u0159ed 25 lety adoptovala tohoto chlapce \u2013 neuv\u011b\u0159\u00edte, jak se j\u00ed po letech odvd\u011b\u010dil\"}]},{\"@type\":\"WebSite\",\"@id\":\"https:\\\/\\\/vendeto.am\\\/#website\",\"url\":\"https:\\\/\\\/vendeto.am\\\/\",\"name\":\"\",\"description\":\"\",\"potentialAction\":[{\"@type\":\"SearchAction\",\"target\":{\"@type\":\"EntryPoint\",\"urlTemplate\":\"https:\\\/\\\/vendeto.am\\\/?s={search_term_string}\"},\"query-input\":{\"@type\":\"PropertyValueSpecification\",\"valueRequired\":true,\"valueName\":\"search_term_string\"}}],\"inLanguage\":\"ru-RU\"},{\"@type\":\"Person\",\"@id\":\"https:\\\/\\\/vendeto.am\\\/#\\\/schema\\\/person\\\/48a4bd89d2048190ecc61e5ce821bef7\",\"name\":\"admin\",\"image\":{\"@type\":\"ImageObject\",\"inLanguage\":\"ru-RU\",\"@id\":\"https:\\\/\\\/secure.gravatar.com\\\/avatar\\\/df64e550a0653b7be0f1bcf897f33faad9c2c8153472b2d9319beafb51370f6f?s=96&d=mm&r=g\",\"url\":\"https:\\\/\\\/secure.gravatar.com\\\/avatar\\\/df64e550a0653b7be0f1bcf897f33faad9c2c8153472b2d9319beafb51370f6f?s=96&d=mm&r=g\",\"contentUrl\":\"https:\\\/\\\/secure.gravatar.com\\\/avatar\\\/df64e550a0653b7be0f1bcf897f33faad9c2c8153472b2d9319beafb51370f6f?s=96&d=mm&r=g\",\"caption\":\"admin\"},\"sameAs\":[\"http:\\\/\\\/vendeto.am\"],\"url\":\"https:\\\/\\\/vendeto.am\\\/?author=1\"}]}<\/script>\n<!-- \/ Yoast SEO plugin. -->","yoast_head_json":{"title":"P\u0159ed 25 lety adoptovala tohoto chlapce \u2013 neuv\u011b\u0159\u00edte, jak se j\u00ed po letech odvd\u011b\u010dil -","robots":{"index":"index","follow":"follow","max-snippet":"max-snippet:-1","max-image-preview":"max-image-preview:large","max-video-preview":"max-video-preview:-1"},"canonical":"https:\/\/vendeto.am\/?p=23287","og_locale":"ru_RU","og_type":"article","og_title":"P\u0159ed 25 lety adoptovala tohoto chlapce \u2013 neuv\u011b\u0159\u00edte, jak se j\u00ed po letech odvd\u011b\u010dil -","og_description":"Byla sama, bez d\u011bt\u00ed, ale s velk\u00fdm srdcem. Jmenovala se Marie a pracovala jako zdravotn\u00ed sestra. Jednoho dne se rozhodla ud\u011blat krok, kter\u00fd","og_url":"https:\/\/vendeto.am\/?p=23287","article_published_time":"2025-05-01T04:40:32+00:00","article_modified_time":"2025-05-01T04:40:33+00:00","og_image":[{"width":752,"height":440,"url":"https:\/\/vendeto.am\/wp-content\/uploads\/2025\/05\/image.png","type":"image\/png"}],"author":"admin","twitter_card":"summary_large_image","twitter_misc":{"\u041d\u0430\u043f\u0438\u0441\u0430\u043d\u043e \u0430\u0432\u0442\u043e\u0440\u043e\u043c":"admin","\u041f\u0440\u0438\u043c\u0435\u0440\u043d\u043e\u0435 \u0432\u0440\u0435\u043c\u044f \u0434\u043b\u044f \u0447\u0442\u0435\u043d\u0438\u044f":"2 \u043c\u0438\u043d\u0443\u0442\u044b"},"schema":{"@context":"https:\/\/schema.org","@graph":[{"@type":"Article","@id":"https:\/\/vendeto.am\/?p=23287#article","isPartOf":{"@id":"https:\/\/vendeto.am\/?p=23287"},"author":{"name":"admin","@id":"https:\/\/vendeto.am\/#\/schema\/person\/48a4bd89d2048190ecc61e5ce821bef7"},"headline":"P\u0159ed 25 lety adoptovala tohoto chlapce \u2013 neuv\u011b\u0159\u00edte, jak se j\u00ed po letech odvd\u011b\u010dil","datePublished":"2025-05-01T04:40:32+00:00","dateModified":"2025-05-01T04:40:33+00:00","mainEntityOfPage":{"@id":"https:\/\/vendeto.am\/?p=23287"},"wordCount":263,"commentCount":0,"image":{"@id":"https:\/\/vendeto.am\/?p=23287#primaryimage"},"thumbnailUrl":"https:\/\/vendeto.am\/wp-content\/uploads\/2025\/05\/image.png","articleSection":["NEWS","SPORT","VIDEO"],"inLanguage":"ru-RU","potentialAction":[{"@type":"CommentAction","name":"Comment","target":["https:\/\/vendeto.am\/?p=23287#respond"]}]},{"@type":"WebPage","@id":"https:\/\/vendeto.am\/?p=23287","url":"https:\/\/vendeto.am\/?p=23287","name":"P\u0159ed 25 lety adoptovala tohoto chlapce \u2013 neuv\u011b\u0159\u00edte, jak se j\u00ed po letech odvd\u011b\u010dil -","isPartOf":{"@id":"https:\/\/vendeto.am\/#website"},"primaryImageOfPage":{"@id":"https:\/\/vendeto.am\/?p=23287#primaryimage"},"image":{"@id":"https:\/\/vendeto.am\/?p=23287#primaryimage"},"thumbnailUrl":"https:\/\/vendeto.am\/wp-content\/uploads\/2025\/05\/image.png","datePublished":"2025-05-01T04:40:32+00:00","dateModified":"2025-05-01T04:40:33+00:00","author":{"@id":"https:\/\/vendeto.am\/#\/schema\/person\/48a4bd89d2048190ecc61e5ce821bef7"},"breadcrumb":{"@id":"https:\/\/vendeto.am\/?p=23287#breadcrumb"},"inLanguage":"ru-RU","potentialAction":[{"@type":"ReadAction","target":["https:\/\/vendeto.am\/?p=23287"]}]},{"@type":"ImageObject","inLanguage":"ru-RU","@id":"https:\/\/vendeto.am\/?p=23287#primaryimage","url":"https:\/\/vendeto.am\/wp-content\/uploads\/2025\/05\/image.png","contentUrl":"https:\/\/vendeto.am\/wp-content\/uploads\/2025\/05\/image.png","width":752,"height":440},{"@type":"BreadcrumbList","@id":"https:\/\/vendeto.am\/?p=23287#breadcrumb","itemListElement":[{"@type":"ListItem","position":1,"name":"\u0413\u043b\u0430\u0432\u043d\u0430\u044f \u0441\u0442\u0440\u0430\u043d\u0438\u0446\u0430","item":"https:\/\/vendeto.am\/"},{"@type":"ListItem","position":2,"name":"P\u0159ed 25 lety adoptovala tohoto chlapce \u2013 neuv\u011b\u0159\u00edte, jak se j\u00ed po letech odvd\u011b\u010dil"}]},{"@type":"WebSite","@id":"https:\/\/vendeto.am\/#website","url":"https:\/\/vendeto.am\/","name":"","description":"","potentialAction":[{"@type":"SearchAction","target":{"@type":"EntryPoint","urlTemplate":"https:\/\/vendeto.am\/?s={search_term_string}"},"query-input":{"@type":"PropertyValueSpecification","valueRequired":true,"valueName":"search_term_string"}}],"inLanguage":"ru-RU"},{"@type":"Person","@id":"https:\/\/vendeto.am\/#\/schema\/person\/48a4bd89d2048190ecc61e5ce821bef7","name":"admin","image":{"@type":"ImageObject","inLanguage":"ru-RU","@id":"https:\/\/secure.gravatar.com\/avatar\/df64e550a0653b7be0f1bcf897f33faad9c2c8153472b2d9319beafb51370f6f?s=96&d=mm&r=g","url":"https:\/\/secure.gravatar.com\/avatar\/df64e550a0653b7be0f1bcf897f33faad9c2c8153472b2d9319beafb51370f6f?s=96&d=mm&r=g","contentUrl":"https:\/\/secure.gravatar.com\/avatar\/df64e550a0653b7be0f1bcf897f33faad9c2c8153472b2d9319beafb51370f6f?s=96&d=mm&r=g","caption":"admin"},"sameAs":["http:\/\/vendeto.am"],"url":"https:\/\/vendeto.am\/?author=1"}]}},"views":297,"_links":{"self":[{"href":"https:\/\/vendeto.am\/index.php?rest_route=\/wp\/v2\/posts\/23287","targetHints":{"allow":["GET"]}}],"collection":[{"href":"https:\/\/vendeto.am\/index.php?rest_route=\/wp\/v2\/posts"}],"about":[{"href":"https:\/\/vendeto.am\/index.php?rest_route=\/wp\/v2\/types\/post"}],"author":[{"embeddable":true,"href":"https:\/\/vendeto.am\/index.php?rest_route=\/wp\/v2\/users\/1"}],"replies":[{"embeddable":true,"href":"https:\/\/vendeto.am\/index.php?rest_route=%2Fwp%2Fv2%2Fcomments&post=23287"}],"version-history":[{"count":1,"href":"https:\/\/vendeto.am\/index.php?rest_route=\/wp\/v2\/posts\/23287\/revisions"}],"predecessor-version":[{"id":23289,"href":"https:\/\/vendeto.am\/index.php?rest_route=\/wp\/v2\/posts\/23287\/revisions\/23289"}],"wp:featuredmedia":[{"embeddable":true,"href":"https:\/\/vendeto.am\/index.php?rest_route=\/wp\/v2\/media\/23288"}],"wp:attachment":[{"href":"https:\/\/vendeto.am\/index.php?rest_route=%2Fwp%2Fv2%2Fmedia&parent=23287"}],"wp:term":[{"taxonomy":"category","embeddable":true,"href":"https:\/\/vendeto.am\/index.php?rest_route=%2Fwp%2Fv2%2Fcategories&post=23287"},{"taxonomy":"post_tag","embeddable":true,"href":"https:\/\/vendeto.am\/index.php?rest_route=%2Fwp%2Fv2%2Ftags&post=23287"}],"curies":[{"name":"wp","href":"https:\/\/api.w.org\/{rel}","templated":true}]}}