{"id":23513,"date":"2025-05-14T23:33:01","date_gmt":"2025-05-14T20:33:01","guid":{"rendered":"https:\/\/vendeto.am\/?p=23513"},"modified":"2025-05-14T23:33:02","modified_gmt":"2025-05-14T20:33:02","slug":"tragedie-ve-vysinach-kamenna-vyhlidka-se-zritila-behem-zemetreseni-primo-pred-zraky-navstevniku","status":"publish","type":"post","link":"https:\/\/vendeto.am\/?p=23513","title":{"rendered":"Trag\u00e9die ve v\u00fd\u0161in\u00e1ch: Kamenn\u00e1 vyhl\u00eddka se z\u0159\u00edtila b\u011bhem zem\u011bt\u0159esen\u00ed p\u0159\u00edmo p\u0159ed zraky n\u00e1v\u0161t\u011bvn\u00edk\u016f"},"content":{"rendered":"\n<p>Byl to kr\u00e1sn\u00fd jarn\u00ed den. Slunce sv\u00edtilo, vzduch byl \u010dist\u00fd a hory zalit\u00e9 sv\u011btlem l\u00e1kaly turisty z \u0161irok\u00e9ho okol\u00ed. Obl\u00edben\u00e1 kamenn\u00e1 vyhl\u00eddka nad sout\u011bskou Orl\u00ed sk\u00e1la byla jako v\u017edy pln\u00e1 lid\u00ed \u2013 rodiny s d\u011btmi, p\u00e1ry, fotografov\u00e9. Nikdo netu\u0161il, \u017ee <strong>b\u011bhem n\u011bkolika vte\u0159in se z m\u00edsta kr\u00e1sy a klidu stane d\u011bji\u0161t\u011b jedn\u00e9 z nejv\u011bt\u0161\u00edch trag\u00e9di\u00ed regionu.<\/strong><\/p>\n\n\n\n<figure class=\"wp-block-image size-full\"><img loading=\"lazy\" decoding=\"async\" width=\"1024\" height=\"920\" src=\"https:\/\/vendeto.am\/wp-content\/uploads\/2025\/05\/image-29.png\" alt=\"\" class=\"wp-image-23514\" srcset=\"https:\/\/vendeto.am\/wp-content\/uploads\/2025\/05\/image-29.png 1024w, https:\/\/vendeto.am\/wp-content\/uploads\/2025\/05\/image-29-300x270.png 300w, https:\/\/vendeto.am\/wp-content\/uploads\/2025\/05\/image-29-768x690.png 768w\" sizes=\"auto, (max-width: 1024px) 100vw, 1024px\" \/><\/figure>\n\n\n\n<p><\/p>\n\n\n\n<p>Kr\u00e1tce po poledni se zem\u011b zachv\u011bla.<\/p>\n\n\n\n<p>Nejd\u0159\u00edv jen jemn\u011b \u2013 jako kdy\u017e pod nohama projede t\u011b\u017ek\u00fd n\u00e1kladn\u00ed vlak. Lid\u00e9 se rozhl\u00ed\u017eeli, n\u011bkte\u0159\u00ed se sm\u00e1li, jin\u00ed vytahovali mobily, aby nat\u00e1\u010deli \u201eneobvykl\u00fd pocit\u201c. Ale to, co m\u011blo b\u00fdt jen kr\u00e1tk\u00fdm ot\u0159esem, se b\u011bhem vte\u0159in zm\u011bnilo v <strong>plnohodnotn\u00e9 zem\u011bt\u0159esen\u00ed.<\/strong><\/p>\n\n\n\n<p>Zem praskala. Stromy se k\u00fdvaly. A pak p\u0159i\u0161lo <strong>nejhor\u0161\u00ed: kamenn\u00e1 vyhl\u00eddka, postaven\u00e1 p\u0159ed v\u00edce ne\u017e 80 lety z t\u011b\u017ek\u00fdch \u017eulov\u00fdch blok\u016f, se za\u010dala drolit.<\/strong><\/p>\n\n\n\n<p>Lid\u00e9 k\u0159i\u010deli. Ti, kte\u0159\u00ed st\u00e1li bl\u00edzko okraje, se sna\u017eili ut\u00e9ct. Ale konstrukce nevydr\u017eela. <strong>S rachotem se \u010d\u00e1st vyhl\u00eddky z\u0159\u00edtila do hloubky des\u00edtek metr\u016f<\/strong>, a s n\u00ed i n\u011bkolik n\u00e1v\u0161t\u011bvn\u00edk\u016f, kte\u0159\u00ed nestihli ustoupit.<\/p>\n\n\n\n<p>Ti, kte\u0159\u00ed st\u00e1li opod\u00e1l, z\u016fstali jako zkamen\u011bl\u00ed. N\u011bkte\u0159\u00ed plakali, jin\u00ed se marn\u011b sna\u017eili dovolat pomoci. Mobiln\u00ed sign\u00e1l kol\u00edsal, sir\u00e9ny byly sly\u0161et a\u017e po n\u011bkolika nekone\u010dn\u00fdch minut\u00e1ch.<\/p>\n\n\n\n<p>Z\u00e1chran\u00e1\u0159i, hasi\u010di, horsk\u00e1 slu\u017eba \u2013 v\u0161ichni dorazili b\u011bhem p\u016fl hodiny. Nasadili lana, sestupovali k trosk\u00e1m. Na\u0161li p\u0159e\u017eiv\u0161\u00ed, ale i ob\u011bti.<\/p>\n\n\n\n<p>Pozd\u011bj\u0161\u00ed vy\u0161et\u0159ov\u00e1n\u00ed uk\u00e1zalo, \u017ee kamenn\u00e1 konstrukce byla <strong>oslabena dlouhodobou eroz\u00ed a prasklinami<\/strong>, kter\u00e9 nebyly v\u010das opraveny. Men\u0161\u00ed ot\u0159esy v p\u0159edchoz\u00edch t\u00fddnech u\u017e naru\u0161ily jej\u00ed stabilitu \u2013 ale nikdo netu\u0161il, \u017ee katastrofa je tak bl\u00edzko.<\/p>\n\n\n\n<p>Dnes je m\u00edsto uzav\u0159eno. M\u00edsto informa\u010dn\u00ed cedule a sm\u011brovky tam stoj\u00ed <strong>mal\u00fd pam\u00e1tn\u00edk se jm\u00e9ny ob\u011bt\u00ed a n\u00e1pisem: \u201eNa v\u00fd\u0161in\u00e1ch hledali klid \u2013 ode\u0161li nav\u017edy.\u201c<\/strong><\/p>\n\n\n\n<p>A kraj, kter\u00fd byl v\u017edy symbolem kr\u00e1sy a klidu, <strong>si nyn\u00ed nese jizvu<\/strong>, kter\u00e1 se jen tak nezahoj\u00ed.<\/p>\n","protected":false},"excerpt":{"rendered":"Byl to kr\u00e1sn\u00fd jarn\u00ed den. Slunce sv\u00edtilo, vzduch byl \u010dist\u00fd a hory zalit\u00e9 sv\u011btlem l\u00e1kaly turisty z \u0161irok\u00e9ho okol\u00ed. Obl\u00edben\u00e1 kamenn\u00e1 vyhl\u00eddka nad \n<a class=\"moretag\" href=\"https:\/\/vendeto.am\/?p=23513\"> [...]<\/a>","protected":false},"author":1,"featured_media":23514,"comment_status":"open","ping_status":"open","sticky":false,"template":"","format":"standard","meta":{"footnotes":""},"categories":[1,2,3],"tags":[],"class_list":["post-23513","post","type-post","status-publish","format-standard","has-post-thumbnail","hentry","category-news","category-sport","category-video"],"yoast_head":"<!-- This site is optimized with the Yoast SEO plugin v27.5 - https:\/\/yoast.com\/product\/yoast-seo-wordpress\/ -->\n<title>Trag\u00e9die ve v\u00fd\u0161in\u00e1ch: Kamenn\u00e1 vyhl\u00eddka se z\u0159\u00edtila b\u011bhem zem\u011bt\u0159esen\u00ed p\u0159\u00edmo p\u0159ed zraky n\u00e1v\u0161t\u011bvn\u00edk\u016f -<\/title>\n<meta name=\"robots\" content=\"index, follow, max-snippet:-1, max-image-preview:large, max-video-preview:-1\" \/>\n<link rel=\"canonical\" href=\"https:\/\/vendeto.am\/?p=23513\" \/>\n<meta property=\"og:locale\" content=\"ru_RU\" \/>\n<meta property=\"og:type\" content=\"article\" \/>\n<meta property=\"og:title\" content=\"Trag\u00e9die ve v\u00fd\u0161in\u00e1ch: Kamenn\u00e1 vyhl\u00eddka se z\u0159\u00edtila b\u011bhem zem\u011bt\u0159esen\u00ed p\u0159\u00edmo p\u0159ed zraky n\u00e1v\u0161t\u011bvn\u00edk\u016f -\" \/>\n<meta property=\"og:description\" content=\"Byl to kr\u00e1sn\u00fd jarn\u00ed den. Slunce sv\u00edtilo, vzduch byl \u010dist\u00fd a hory zalit\u00e9 sv\u011btlem l\u00e1kaly turisty z \u0161irok\u00e9ho okol\u00ed. Obl\u00edben\u00e1 kamenn\u00e1 vyhl\u00eddka nad\" \/>\n<meta property=\"og:url\" content=\"https:\/\/vendeto.am\/?p=23513\" \/>\n<meta property=\"article:published_time\" content=\"2025-05-14T20:33:01+00:00\" \/>\n<meta property=\"article:modified_time\" content=\"2025-05-14T20:33:02+00:00\" \/>\n<meta property=\"og:image\" content=\"https:\/\/vendeto.am\/wp-content\/uploads\/2025\/05\/image-29.png\" \/>\n\t<meta property=\"og:image:width\" content=\"1024\" \/>\n\t<meta property=\"og:image:height\" content=\"920\" \/>\n\t<meta property=\"og:image:type\" content=\"image\/png\" \/>\n<meta name=\"author\" content=\"admin\" \/>\n<meta name=\"twitter:card\" content=\"summary_large_image\" \/>\n<meta name=\"twitter:label1\" content=\"\u041d\u0430\u043f\u0438\u0441\u0430\u043d\u043e \u0430\u0432\u0442\u043e\u0440\u043e\u043c\" \/>\n\t<meta name=\"twitter:data1\" content=\"admin\" \/>\n\t<meta name=\"twitter:label2\" content=\"\u041f\u0440\u0438\u043c\u0435\u0440\u043d\u043e\u0435 \u0432\u0440\u0435\u043c\u044f \u0434\u043b\u044f \u0447\u0442\u0435\u043d\u0438\u044f\" \/>\n\t<meta name=\"twitter:data2\" content=\"2 \u043c\u0438\u043d\u0443\u0442\u044b\" \/>\n<script type=\"application\/ld+json\" class=\"yoast-schema-graph\">{\"@context\":\"https:\\\/\\\/schema.org\",\"@graph\":[{\"@type\":\"Article\",\"@id\":\"https:\\\/\\\/vendeto.am\\\/?p=23513#article\",\"isPartOf\":{\"@id\":\"https:\\\/\\\/vendeto.am\\\/?p=23513\"},\"author\":{\"name\":\"admin\",\"@id\":\"https:\\\/\\\/vendeto.am\\\/#\\\/schema\\\/person\\\/48a4bd89d2048190ecc61e5ce821bef7\"},\"headline\":\"Trag\u00e9die ve v\u00fd\u0161in\u00e1ch: Kamenn\u00e1 vyhl\u00eddka se z\u0159\u00edtila b\u011bhem zem\u011bt\u0159esen\u00ed p\u0159\u00edmo p\u0159ed zraky n\u00e1v\u0161t\u011bvn\u00edk\u016f\",\"datePublished\":\"2025-05-14T20:33:01+00:00\",\"dateModified\":\"2025-05-14T20:33:02+00:00\",\"mainEntityOfPage\":{\"@id\":\"https:\\\/\\\/vendeto.am\\\/?p=23513\"},\"wordCount\":424,\"commentCount\":0,\"image\":{\"@id\":\"https:\\\/\\\/vendeto.am\\\/?p=23513#primaryimage\"},\"thumbnailUrl\":\"https:\\\/\\\/vendeto.am\\\/wp-content\\\/uploads\\\/2025\\\/05\\\/image-29.png\",\"articleSection\":[\"NEWS\",\"SPORT\",\"VIDEO\"],\"inLanguage\":\"ru-RU\",\"potentialAction\":[{\"@type\":\"CommentAction\",\"name\":\"Comment\",\"target\":[\"https:\\\/\\\/vendeto.am\\\/?p=23513#respond\"]}]},{\"@type\":\"WebPage\",\"@id\":\"https:\\\/\\\/vendeto.am\\\/?p=23513\",\"url\":\"https:\\\/\\\/vendeto.am\\\/?p=23513\",\"name\":\"Trag\u00e9die ve v\u00fd\u0161in\u00e1ch: Kamenn\u00e1 vyhl\u00eddka se z\u0159\u00edtila b\u011bhem zem\u011bt\u0159esen\u00ed p\u0159\u00edmo p\u0159ed zraky n\u00e1v\u0161t\u011bvn\u00edk\u016f -\",\"isPartOf\":{\"@id\":\"https:\\\/\\\/vendeto.am\\\/#website\"},\"primaryImageOfPage\":{\"@id\":\"https:\\\/\\\/vendeto.am\\\/?p=23513#primaryimage\"},\"image\":{\"@id\":\"https:\\\/\\\/vendeto.am\\\/?p=23513#primaryimage\"},\"thumbnailUrl\":\"https:\\\/\\\/vendeto.am\\\/wp-content\\\/uploads\\\/2025\\\/05\\\/image-29.png\",\"datePublished\":\"2025-05-14T20:33:01+00:00\",\"dateModified\":\"2025-05-14T20:33:02+00:00\",\"author\":{\"@id\":\"https:\\\/\\\/vendeto.am\\\/#\\\/schema\\\/person\\\/48a4bd89d2048190ecc61e5ce821bef7\"},\"breadcrumb\":{\"@id\":\"https:\\\/\\\/vendeto.am\\\/?p=23513#breadcrumb\"},\"inLanguage\":\"ru-RU\",\"potentialAction\":[{\"@type\":\"ReadAction\",\"target\":[\"https:\\\/\\\/vendeto.am\\\/?p=23513\"]}]},{\"@type\":\"ImageObject\",\"inLanguage\":\"ru-RU\",\"@id\":\"https:\\\/\\\/vendeto.am\\\/?p=23513#primaryimage\",\"url\":\"https:\\\/\\\/vendeto.am\\\/wp-content\\\/uploads\\\/2025\\\/05\\\/image-29.png\",\"contentUrl\":\"https:\\\/\\\/vendeto.am\\\/wp-content\\\/uploads\\\/2025\\\/05\\\/image-29.png\",\"width\":1024,\"height\":920},{\"@type\":\"BreadcrumbList\",\"@id\":\"https:\\\/\\\/vendeto.am\\\/?p=23513#breadcrumb\",\"itemListElement\":[{\"@type\":\"ListItem\",\"position\":1,\"name\":\"\u0413\u043b\u0430\u0432\u043d\u0430\u044f \u0441\u0442\u0440\u0430\u043d\u0438\u0446\u0430\",\"item\":\"https:\\\/\\\/vendeto.am\\\/\"},{\"@type\":\"ListItem\",\"position\":2,\"name\":\"Trag\u00e9die ve v\u00fd\u0161in\u00e1ch: Kamenn\u00e1 vyhl\u00eddka se z\u0159\u00edtila b\u011bhem zem\u011bt\u0159esen\u00ed p\u0159\u00edmo p\u0159ed zraky n\u00e1v\u0161t\u011bvn\u00edk\u016f\"}]},{\"@type\":\"WebSite\",\"@id\":\"https:\\\/\\\/vendeto.am\\\/#website\",\"url\":\"https:\\\/\\\/vendeto.am\\\/\",\"name\":\"\",\"description\":\"\",\"potentialAction\":[{\"@type\":\"SearchAction\",\"target\":{\"@type\":\"EntryPoint\",\"urlTemplate\":\"https:\\\/\\\/vendeto.am\\\/?s={search_term_string}\"},\"query-input\":{\"@type\":\"PropertyValueSpecification\",\"valueRequired\":true,\"valueName\":\"search_term_string\"}}],\"inLanguage\":\"ru-RU\"},{\"@type\":\"Person\",\"@id\":\"https:\\\/\\\/vendeto.am\\\/#\\\/schema\\\/person\\\/48a4bd89d2048190ecc61e5ce821bef7\",\"name\":\"admin\",\"image\":{\"@type\":\"ImageObject\",\"inLanguage\":\"ru-RU\",\"@id\":\"https:\\\/\\\/secure.gravatar.com\\\/avatar\\\/df64e550a0653b7be0f1bcf897f33faad9c2c8153472b2d9319beafb51370f6f?s=96&d=mm&r=g\",\"url\":\"https:\\\/\\\/secure.gravatar.com\\\/avatar\\\/df64e550a0653b7be0f1bcf897f33faad9c2c8153472b2d9319beafb51370f6f?s=96&d=mm&r=g\",\"contentUrl\":\"https:\\\/\\\/secure.gravatar.com\\\/avatar\\\/df64e550a0653b7be0f1bcf897f33faad9c2c8153472b2d9319beafb51370f6f?s=96&d=mm&r=g\",\"caption\":\"admin\"},\"sameAs\":[\"http:\\\/\\\/vendeto.am\"],\"url\":\"https:\\\/\\\/vendeto.am\\\/?author=1\"}]}<\/script>\n<!-- \/ Yoast SEO plugin. -->","yoast_head_json":{"title":"Trag\u00e9die ve v\u00fd\u0161in\u00e1ch: Kamenn\u00e1 vyhl\u00eddka se z\u0159\u00edtila b\u011bhem zem\u011bt\u0159esen\u00ed p\u0159\u00edmo p\u0159ed zraky n\u00e1v\u0161t\u011bvn\u00edk\u016f -","robots":{"index":"index","follow":"follow","max-snippet":"max-snippet:-1","max-image-preview":"max-image-preview:large","max-video-preview":"max-video-preview:-1"},"canonical":"https:\/\/vendeto.am\/?p=23513","og_locale":"ru_RU","og_type":"article","og_title":"Trag\u00e9die ve v\u00fd\u0161in\u00e1ch: Kamenn\u00e1 vyhl\u00eddka se z\u0159\u00edtila b\u011bhem zem\u011bt\u0159esen\u00ed p\u0159\u00edmo p\u0159ed zraky n\u00e1v\u0161t\u011bvn\u00edk\u016f -","og_description":"Byl to kr\u00e1sn\u00fd jarn\u00ed den. Slunce sv\u00edtilo, vzduch byl \u010dist\u00fd a hory zalit\u00e9 sv\u011btlem l\u00e1kaly turisty z \u0161irok\u00e9ho okol\u00ed. Obl\u00edben\u00e1 kamenn\u00e1 vyhl\u00eddka nad","og_url":"https:\/\/vendeto.am\/?p=23513","article_published_time":"2025-05-14T20:33:01+00:00","article_modified_time":"2025-05-14T20:33:02+00:00","og_image":[{"width":1024,"height":920,"url":"https:\/\/vendeto.am\/wp-content\/uploads\/2025\/05\/image-29.png","type":"image\/png"}],"author":"admin","twitter_card":"summary_large_image","twitter_misc":{"\u041d\u0430\u043f\u0438\u0441\u0430\u043d\u043e \u0430\u0432\u0442\u043e\u0440\u043e\u043c":"admin","\u041f\u0440\u0438\u043c\u0435\u0440\u043d\u043e\u0435 \u0432\u0440\u0435\u043c\u044f \u0434\u043b\u044f \u0447\u0442\u0435\u043d\u0438\u044f":"2 \u043c\u0438\u043d\u0443\u0442\u044b"},"schema":{"@context":"https:\/\/schema.org","@graph":[{"@type":"Article","@id":"https:\/\/vendeto.am\/?p=23513#article","isPartOf":{"@id":"https:\/\/vendeto.am\/?p=23513"},"author":{"name":"admin","@id":"https:\/\/vendeto.am\/#\/schema\/person\/48a4bd89d2048190ecc61e5ce821bef7"},"headline":"Trag\u00e9die ve v\u00fd\u0161in\u00e1ch: Kamenn\u00e1 vyhl\u00eddka se z\u0159\u00edtila b\u011bhem zem\u011bt\u0159esen\u00ed p\u0159\u00edmo p\u0159ed zraky n\u00e1v\u0161t\u011bvn\u00edk\u016f","datePublished":"2025-05-14T20:33:01+00:00","dateModified":"2025-05-14T20:33:02+00:00","mainEntityOfPage":{"@id":"https:\/\/vendeto.am\/?p=23513"},"wordCount":424,"commentCount":0,"image":{"@id":"https:\/\/vendeto.am\/?p=23513#primaryimage"},"thumbnailUrl":"https:\/\/vendeto.am\/wp-content\/uploads\/2025\/05\/image-29.png","articleSection":["NEWS","SPORT","VIDEO"],"inLanguage":"ru-RU","potentialAction":[{"@type":"CommentAction","name":"Comment","target":["https:\/\/vendeto.am\/?p=23513#respond"]}]},{"@type":"WebPage","@id":"https:\/\/vendeto.am\/?p=23513","url":"https:\/\/vendeto.am\/?p=23513","name":"Trag\u00e9die ve v\u00fd\u0161in\u00e1ch: Kamenn\u00e1 vyhl\u00eddka se z\u0159\u00edtila b\u011bhem zem\u011bt\u0159esen\u00ed p\u0159\u00edmo p\u0159ed zraky n\u00e1v\u0161t\u011bvn\u00edk\u016f -","isPartOf":{"@id":"https:\/\/vendeto.am\/#website"},"primaryImageOfPage":{"@id":"https:\/\/vendeto.am\/?p=23513#primaryimage"},"image":{"@id":"https:\/\/vendeto.am\/?p=23513#primaryimage"},"thumbnailUrl":"https:\/\/vendeto.am\/wp-content\/uploads\/2025\/05\/image-29.png","datePublished":"2025-05-14T20:33:01+00:00","dateModified":"2025-05-14T20:33:02+00:00","author":{"@id":"https:\/\/vendeto.am\/#\/schema\/person\/48a4bd89d2048190ecc61e5ce821bef7"},"breadcrumb":{"@id":"https:\/\/vendeto.am\/?p=23513#breadcrumb"},"inLanguage":"ru-RU","potentialAction":[{"@type":"ReadAction","target":["https:\/\/vendeto.am\/?p=23513"]}]},{"@type":"ImageObject","inLanguage":"ru-RU","@id":"https:\/\/vendeto.am\/?p=23513#primaryimage","url":"https:\/\/vendeto.am\/wp-content\/uploads\/2025\/05\/image-29.png","contentUrl":"https:\/\/vendeto.am\/wp-content\/uploads\/2025\/05\/image-29.png","width":1024,"height":920},{"@type":"BreadcrumbList","@id":"https:\/\/vendeto.am\/?p=23513#breadcrumb","itemListElement":[{"@type":"ListItem","position":1,"name":"\u0413\u043b\u0430\u0432\u043d\u0430\u044f \u0441\u0442\u0440\u0430\u043d\u0438\u0446\u0430","item":"https:\/\/vendeto.am\/"},{"@type":"ListItem","position":2,"name":"Trag\u00e9die ve v\u00fd\u0161in\u00e1ch: Kamenn\u00e1 vyhl\u00eddka se z\u0159\u00edtila b\u011bhem zem\u011bt\u0159esen\u00ed p\u0159\u00edmo p\u0159ed zraky n\u00e1v\u0161t\u011bvn\u00edk\u016f"}]},{"@type":"WebSite","@id":"https:\/\/vendeto.am\/#website","url":"https:\/\/vendeto.am\/","name":"","description":"","potentialAction":[{"@type":"SearchAction","target":{"@type":"EntryPoint","urlTemplate":"https:\/\/vendeto.am\/?s={search_term_string}"},"query-input":{"@type":"PropertyValueSpecification","valueRequired":true,"valueName":"search_term_string"}}],"inLanguage":"ru-RU"},{"@type":"Person","@id":"https:\/\/vendeto.am\/#\/schema\/person\/48a4bd89d2048190ecc61e5ce821bef7","name":"admin","image":{"@type":"ImageObject","inLanguage":"ru-RU","@id":"https:\/\/secure.gravatar.com\/avatar\/df64e550a0653b7be0f1bcf897f33faad9c2c8153472b2d9319beafb51370f6f?s=96&d=mm&r=g","url":"https:\/\/secure.gravatar.com\/avatar\/df64e550a0653b7be0f1bcf897f33faad9c2c8153472b2d9319beafb51370f6f?s=96&d=mm&r=g","contentUrl":"https:\/\/secure.gravatar.com\/avatar\/df64e550a0653b7be0f1bcf897f33faad9c2c8153472b2d9319beafb51370f6f?s=96&d=mm&r=g","caption":"admin"},"sameAs":["http:\/\/vendeto.am"],"url":"https:\/\/vendeto.am\/?author=1"}]}},"views":489,"_links":{"self":[{"href":"https:\/\/vendeto.am\/index.php?rest_route=\/wp\/v2\/posts\/23513","targetHints":{"allow":["GET"]}}],"collection":[{"href":"https:\/\/vendeto.am\/index.php?rest_route=\/wp\/v2\/posts"}],"about":[{"href":"https:\/\/vendeto.am\/index.php?rest_route=\/wp\/v2\/types\/post"}],"author":[{"embeddable":true,"href":"https:\/\/vendeto.am\/index.php?rest_route=\/wp\/v2\/users\/1"}],"replies":[{"embeddable":true,"href":"https:\/\/vendeto.am\/index.php?rest_route=%2Fwp%2Fv2%2Fcomments&post=23513"}],"version-history":[{"count":1,"href":"https:\/\/vendeto.am\/index.php?rest_route=\/wp\/v2\/posts\/23513\/revisions"}],"predecessor-version":[{"id":23515,"href":"https:\/\/vendeto.am\/index.php?rest_route=\/wp\/v2\/posts\/23513\/revisions\/23515"}],"wp:featuredmedia":[{"embeddable":true,"href":"https:\/\/vendeto.am\/index.php?rest_route=\/wp\/v2\/media\/23514"}],"wp:attachment":[{"href":"https:\/\/vendeto.am\/index.php?rest_route=%2Fwp%2Fv2%2Fmedia&parent=23513"}],"wp:term":[{"taxonomy":"category","embeddable":true,"href":"https:\/\/vendeto.am\/index.php?rest_route=%2Fwp%2Fv2%2Fcategories&post=23513"},{"taxonomy":"post_tag","embeddable":true,"href":"https:\/\/vendeto.am\/index.php?rest_route=%2Fwp%2Fv2%2Ftags&post=23513"}],"curies":[{"name":"wp","href":"https:\/\/api.w.org\/{rel}","templated":true}]}}