{"id":24050,"date":"2025-06-14T21:53:17","date_gmt":"2025-06-14T18:53:17","guid":{"rendered":"https:\/\/vendeto.am\/?p=24050"},"modified":"2025-06-14T21:53:18","modified_gmt":"2025-06-14T18:53:18","slug":"muj-autisticky-bratr-nikdy-nemluvil-az-do-chvile-kdy-udelal-neco-co-me-rozplakalo","status":"publish","type":"post","link":"https:\/\/vendeto.am\/?p=24050","title":{"rendered":"M\u016fj autistick\u00fd bratr nikdy nemluvil \u2014 a\u017e do chv\u00edle, kdy ud\u011blal n\u011bco, co m\u011b rozplakalo"},"content":{"rendered":"\n<p>M\u016fj mlad\u0161\u00ed bratr Mat\u011bj se narodil jako tich\u00e9 d\u00edt\u011b. Zat\u00edmco jin\u00e9 d\u011bti za\u010d\u00ednaly \u017evatlat, sm\u00e1t se a vyjad\u0159ovat radost \u010di nelibost, Mat\u011bj byl pono\u0159en\u00fd do sv\u00e9ho vlastn\u00edho sv\u011bta. Kdy\u017e mu byly dva roky, za\u010dali si rodi\u010de v\u0161\u00edmat, \u017ee se n\u011bco d\u011bje \u2014 neodpov\u00eddal na sv\u00e9 jm\u00e9no, ned\u00edval se lidem do o\u010d\u00ed, neukazoval, co chce, a hlavn\u011b: nemluvil. V\u0161ichni kolem n\u00e1s m\u011bli sv\u00e9 teorie. Jedni \u0159\u00edkali, \u017ee je jen pomal\u00fd a \u017ee to do\u017eene, druz\u00ed navrhovali n\u00e1v\u0161t\u011bvu odborn\u00edka. Nakonec padlo rozhodnut\u00ed nav\u0161t\u00edvit d\u011btsk\u00e9ho psychologa.<\/p>\n\n\n\n<p>Po s\u00e9rii vy\u0161et\u0159en\u00ed n\u00e1m bylo \u0159e\u010deno, \u017ee Mat\u011bj m\u00e1 poruchu autistick\u00e9ho spektra. Tehdy mi bylo dev\u011bt let a v\u016fbec jsem tomu nerozum\u011bl. V\u011bd\u011bl jsem jen to, \u017ee m\u016fj br\u00e1\u0161ka je jin\u00fd. Ne \u0161patn\u00fd, jen jin\u00fd. Nehr\u00e1l si s ostatn\u00edmi d\u011btmi, nesm\u00e1l se na vtipy, a p\u0159esto jsem v jeho o\u010d\u00edch vid\u011bl n\u011bco hlubok\u00e9ho \u2014 porozum\u011bn\u00ed, kter\u00e9 slovy nikdy nevyj\u00e1d\u0159il.<\/p>\n\n\n\n<figure class=\"wp-block-image size-full\"><img loading=\"lazy\" decoding=\"async\" width=\"1024\" height=\"995\" src=\"https:\/\/vendeto.am\/wp-content\/uploads\/2025\/06\/snapedit_1749805929267-1024x995-1.jpeg\" alt=\"\" class=\"wp-image-24051\" srcset=\"https:\/\/vendeto.am\/wp-content\/uploads\/2025\/06\/snapedit_1749805929267-1024x995-1.jpeg 1024w, https:\/\/vendeto.am\/wp-content\/uploads\/2025\/06\/snapedit_1749805929267-1024x995-1-300x292.jpeg 300w, https:\/\/vendeto.am\/wp-content\/uploads\/2025\/06\/snapedit_1749805929267-1024x995-1-768x746.jpeg 768w\" sizes=\"auto, (max-width: 1024px) 100vw, 1024px\" \/><\/figure>\n\n\n\n<p>Roky plynuly a Mat\u011bj st\u00e1le nemluvil. Nau\u010dil se komunikovat pomoc\u00ed obr\u00e1zk\u016f, gest, n\u011bkdy pomoc\u00ed jednoduch\u00e9ho tabletu s aplikac\u00ed, kter\u00e1 vyslovovala p\u0159ednastaven\u00e1 slova. Nau\u010dil se rozum\u011bt na\u0161im v\u011bt\u00e1m, ale odpov\u00eddal v\u017edy jen pohybem, v\u00fdrazem tv\u00e1\u0159e nebo p\u00edpnut\u00edm z p\u0159\u00edstroje. Rodi\u010de nikdy neztratili nad\u011bji, ale up\u0159\u00edmn\u011b \u2014 j\u00e1 ano. Sm\u00ed\u0159il jsem se s t\u00edm, \u017ee Mat\u011bj mo\u017en\u00e1 nikdy nepromluv\u00ed.<\/p>\n\n\n\n<p>Jednoho dne, kdy\u017e mi bylo osmn\u00e1ct a jemu dev\u011bt, jsem se vr\u00e1til dom\u016f ze \u0161koly rozmrzel\u00fd. Dostal jsem \u0161patnou zn\u00e1mku z maturity a m\u011bl jsem pocit, \u017ee se mi cel\u00fd \u017eivot hrout\u00ed. Zav\u0159el jsem se do pokoje a ti\u0161e plakal. Po chv\u00edli jsem usly\u0161el jemn\u00e9 zaklep\u00e1n\u00ed. Oto\u010dil jsem se a uvid\u011bl Mat\u011bje ve dve\u0159\u00edch. Nesl v ruce n\u00e1\u0161 obl\u00edben\u00fd ply\u0161\u00e1k, kter\u00e9ho jsme sd\u00edleli jako d\u011bti. Podal mi ho a chv\u00edli se jen d\u00edval. A pak se stalo n\u011bco neuv\u011b\u0159iteln\u00e9ho.<\/p>\n\n\n\n<p>Z jeho \u00fast vy\u0161lo jedin\u00e9, ale srozumiteln\u00e9 slovo:<br><strong>\u201eBr\u00e1cho.\u201c<\/strong><\/p>\n\n\n\n<p>Zamrkal jsem. Myslel jsem, \u017ee jsem se p\u0159eslechl. Ale on to zopakoval, ti\u0161eji, pomaleji, jako by se b\u00e1l, \u017ee ud\u011blal n\u011bco \u0161patn\u011b:<br><strong>\u201eBr\u00e1cho\u2026 nebu\u010f smutn\u00fd.\u201c<\/strong><\/p>\n\n\n\n<p>Byla to ta nej\u010dist\u0161\u00ed, nejk\u0159eh\u010d\u00ed v\u011bta, jakou jsem kdy sly\u0161el. Nejen proto, \u017ee p\u0159i\u0161la po letech ticha, ale i proto, \u017ee p\u0159i\u0161la ve chv\u00edli, kdy jsem ji nejv\u00edc pot\u0159eboval. Rozplakal jsem se, tentokr\u00e1t ne smutkem, ale dojet\u00edm. Objali jsme se, a i kdy\u017e Mat\u011bj u\u017e v\u00edc ten den nepromluvil, ten okam\u017eik nav\u017edy zm\u011bnil v\u0161echno.<\/p>\n\n\n\n<p>Od t\u00e9 doby mluv\u00ed jen ob\u010das. Jedn\u00edm slovem tady, v\u011btou tam. Ale ka\u017ed\u00e9 jeho slovo je jako poklad. \u0158\u00edk\u00e1 jen to, co m\u00e1 skute\u010dn\u00fd v\u00fdznam. A j\u00e1 si uv\u011bdomil, \u017ee ml\u010den\u00ed nen\u00ed pr\u00e1zdnota. Je to ticho, kter\u00e9 \u010dek\u00e1 na spr\u00e1vn\u00fd okam\u017eik, aby mohlo zazn\u00edt to nejd\u016fle\u017eit\u011bj\u0161\u00ed.<\/p>\n\n\n\n<p>M\u016fj bratr m\u011b nau\u010dil, \u017ee komunikace nen\u00ed jen o slovech. A kdy\u017e pak p\u0159ece jen slova p\u0159ijdou, maj\u00ed moc zahojit i ta nejhlub\u0161\u00ed zran\u011bn\u00ed.<\/p>\n","protected":false},"excerpt":{"rendered":"M\u016fj mlad\u0161\u00ed bratr Mat\u011bj se narodil jako tich\u00e9 d\u00edt\u011b. Zat\u00edmco jin\u00e9 d\u011bti za\u010d\u00ednaly \u017evatlat, sm\u00e1t se a vyjad\u0159ovat radost \u010di nelibost, Mat\u011bj byl \n<a class=\"moretag\" href=\"https:\/\/vendeto.am\/?p=24050\"> [...]<\/a>","protected":false},"author":1,"featured_media":24051,"comment_status":"open","ping_status":"open","sticky":false,"template":"","format":"standard","meta":{"footnotes":""},"categories":[1,2,3],"tags":[],"class_list":["post-24050","post","type-post","status-publish","format-standard","has-post-thumbnail","hentry","category-news","category-sport","category-video"],"yoast_head":"<!-- This site is optimized with the Yoast SEO plugin v27.5 - https:\/\/yoast.com\/product\/yoast-seo-wordpress\/ -->\n<title>M\u016fj autistick\u00fd bratr nikdy nemluvil \u2014 a\u017e do chv\u00edle, kdy ud\u011blal n\u011bco, co m\u011b rozplakalo -<\/title>\n<meta name=\"robots\" content=\"index, follow, max-snippet:-1, max-image-preview:large, max-video-preview:-1\" \/>\n<link rel=\"canonical\" href=\"https:\/\/vendeto.am\/?p=24050\" \/>\n<meta property=\"og:locale\" content=\"ru_RU\" \/>\n<meta property=\"og:type\" content=\"article\" \/>\n<meta property=\"og:title\" content=\"M\u016fj autistick\u00fd bratr nikdy nemluvil \u2014 a\u017e do chv\u00edle, kdy ud\u011blal n\u011bco, co m\u011b rozplakalo -\" \/>\n<meta property=\"og:description\" content=\"M\u016fj mlad\u0161\u00ed bratr Mat\u011bj se narodil jako tich\u00e9 d\u00edt\u011b. Zat\u00edmco jin\u00e9 d\u011bti za\u010d\u00ednaly \u017evatlat, sm\u00e1t se a vyjad\u0159ovat radost \u010di nelibost, Mat\u011bj byl\" \/>\n<meta property=\"og:url\" content=\"https:\/\/vendeto.am\/?p=24050\" \/>\n<meta property=\"article:published_time\" content=\"2025-06-14T18:53:17+00:00\" \/>\n<meta property=\"article:modified_time\" content=\"2025-06-14T18:53:18+00:00\" \/>\n<meta property=\"og:image\" content=\"https:\/\/vendeto.am\/wp-content\/uploads\/2025\/06\/snapedit_1749805929267-1024x995-1.jpeg\" \/>\n\t<meta property=\"og:image:width\" content=\"1024\" \/>\n\t<meta property=\"og:image:height\" content=\"995\" \/>\n\t<meta property=\"og:image:type\" content=\"image\/jpeg\" \/>\n<meta name=\"author\" content=\"admin\" \/>\n<meta name=\"twitter:card\" content=\"summary_large_image\" \/>\n<meta name=\"twitter:label1\" content=\"\u041d\u0430\u043f\u0438\u0441\u0430\u043d\u043e \u0430\u0432\u0442\u043e\u0440\u043e\u043c\" \/>\n\t<meta name=\"twitter:data1\" content=\"admin\" \/>\n\t<meta name=\"twitter:label2\" content=\"\u041f\u0440\u0438\u043c\u0435\u0440\u043d\u043e\u0435 \u0432\u0440\u0435\u043c\u044f \u0434\u043b\u044f \u0447\u0442\u0435\u043d\u0438\u044f\" \/>\n\t<meta name=\"twitter:data2\" content=\"3 \u043c\u0438\u043d\u0443\u0442\u044b\" \/>\n<script type=\"application\/ld+json\" class=\"yoast-schema-graph\">{\"@context\":\"https:\\\/\\\/schema.org\",\"@graph\":[{\"@type\":\"Article\",\"@id\":\"https:\\\/\\\/vendeto.am\\\/?p=24050#article\",\"isPartOf\":{\"@id\":\"https:\\\/\\\/vendeto.am\\\/?p=24050\"},\"author\":{\"name\":\"admin\",\"@id\":\"https:\\\/\\\/vendeto.am\\\/#\\\/schema\\\/person\\\/48a4bd89d2048190ecc61e5ce821bef7\"},\"headline\":\"M\u016fj autistick\u00fd bratr nikdy nemluvil \u2014 a\u017e do chv\u00edle, kdy ud\u011blal n\u011bco, co m\u011b rozplakalo\",\"datePublished\":\"2025-06-14T18:53:17+00:00\",\"dateModified\":\"2025-06-14T18:53:18+00:00\",\"mainEntityOfPage\":{\"@id\":\"https:\\\/\\\/vendeto.am\\\/?p=24050\"},\"wordCount\":607,\"commentCount\":0,\"image\":{\"@id\":\"https:\\\/\\\/vendeto.am\\\/?p=24050#primaryimage\"},\"thumbnailUrl\":\"https:\\\/\\\/vendeto.am\\\/wp-content\\\/uploads\\\/2025\\\/06\\\/snapedit_1749805929267-1024x995-1.jpeg\",\"articleSection\":[\"NEWS\",\"SPORT\",\"VIDEO\"],\"inLanguage\":\"ru-RU\",\"potentialAction\":[{\"@type\":\"CommentAction\",\"name\":\"Comment\",\"target\":[\"https:\\\/\\\/vendeto.am\\\/?p=24050#respond\"]}]},{\"@type\":\"WebPage\",\"@id\":\"https:\\\/\\\/vendeto.am\\\/?p=24050\",\"url\":\"https:\\\/\\\/vendeto.am\\\/?p=24050\",\"name\":\"M\u016fj autistick\u00fd bratr nikdy nemluvil \u2014 a\u017e do chv\u00edle, kdy ud\u011blal n\u011bco, co m\u011b rozplakalo -\",\"isPartOf\":{\"@id\":\"https:\\\/\\\/vendeto.am\\\/#website\"},\"primaryImageOfPage\":{\"@id\":\"https:\\\/\\\/vendeto.am\\\/?p=24050#primaryimage\"},\"image\":{\"@id\":\"https:\\\/\\\/vendeto.am\\\/?p=24050#primaryimage\"},\"thumbnailUrl\":\"https:\\\/\\\/vendeto.am\\\/wp-content\\\/uploads\\\/2025\\\/06\\\/snapedit_1749805929267-1024x995-1.jpeg\",\"datePublished\":\"2025-06-14T18:53:17+00:00\",\"dateModified\":\"2025-06-14T18:53:18+00:00\",\"author\":{\"@id\":\"https:\\\/\\\/vendeto.am\\\/#\\\/schema\\\/person\\\/48a4bd89d2048190ecc61e5ce821bef7\"},\"breadcrumb\":{\"@id\":\"https:\\\/\\\/vendeto.am\\\/?p=24050#breadcrumb\"},\"inLanguage\":\"ru-RU\",\"potentialAction\":[{\"@type\":\"ReadAction\",\"target\":[\"https:\\\/\\\/vendeto.am\\\/?p=24050\"]}]},{\"@type\":\"ImageObject\",\"inLanguage\":\"ru-RU\",\"@id\":\"https:\\\/\\\/vendeto.am\\\/?p=24050#primaryimage\",\"url\":\"https:\\\/\\\/vendeto.am\\\/wp-content\\\/uploads\\\/2025\\\/06\\\/snapedit_1749805929267-1024x995-1.jpeg\",\"contentUrl\":\"https:\\\/\\\/vendeto.am\\\/wp-content\\\/uploads\\\/2025\\\/06\\\/snapedit_1749805929267-1024x995-1.jpeg\",\"width\":1024,\"height\":995},{\"@type\":\"BreadcrumbList\",\"@id\":\"https:\\\/\\\/vendeto.am\\\/?p=24050#breadcrumb\",\"itemListElement\":[{\"@type\":\"ListItem\",\"position\":1,\"name\":\"\u0413\u043b\u0430\u0432\u043d\u0430\u044f \u0441\u0442\u0440\u0430\u043d\u0438\u0446\u0430\",\"item\":\"https:\\\/\\\/vendeto.am\\\/\"},{\"@type\":\"ListItem\",\"position\":2,\"name\":\"M\u016fj autistick\u00fd bratr nikdy nemluvil \u2014 a\u017e do chv\u00edle, kdy ud\u011blal n\u011bco, co m\u011b rozplakalo\"}]},{\"@type\":\"WebSite\",\"@id\":\"https:\\\/\\\/vendeto.am\\\/#website\",\"url\":\"https:\\\/\\\/vendeto.am\\\/\",\"name\":\"\",\"description\":\"\",\"potentialAction\":[{\"@type\":\"SearchAction\",\"target\":{\"@type\":\"EntryPoint\",\"urlTemplate\":\"https:\\\/\\\/vendeto.am\\\/?s={search_term_string}\"},\"query-input\":{\"@type\":\"PropertyValueSpecification\",\"valueRequired\":true,\"valueName\":\"search_term_string\"}}],\"inLanguage\":\"ru-RU\"},{\"@type\":\"Person\",\"@id\":\"https:\\\/\\\/vendeto.am\\\/#\\\/schema\\\/person\\\/48a4bd89d2048190ecc61e5ce821bef7\",\"name\":\"admin\",\"image\":{\"@type\":\"ImageObject\",\"inLanguage\":\"ru-RU\",\"@id\":\"https:\\\/\\\/secure.gravatar.com\\\/avatar\\\/df64e550a0653b7be0f1bcf897f33faad9c2c8153472b2d9319beafb51370f6f?s=96&d=mm&r=g\",\"url\":\"https:\\\/\\\/secure.gravatar.com\\\/avatar\\\/df64e550a0653b7be0f1bcf897f33faad9c2c8153472b2d9319beafb51370f6f?s=96&d=mm&r=g\",\"contentUrl\":\"https:\\\/\\\/secure.gravatar.com\\\/avatar\\\/df64e550a0653b7be0f1bcf897f33faad9c2c8153472b2d9319beafb51370f6f?s=96&d=mm&r=g\",\"caption\":\"admin\"},\"sameAs\":[\"http:\\\/\\\/vendeto.am\"],\"url\":\"https:\\\/\\\/vendeto.am\\\/?author=1\"}]}<\/script>\n<!-- \/ Yoast SEO plugin. -->","yoast_head_json":{"title":"M\u016fj autistick\u00fd bratr nikdy nemluvil \u2014 a\u017e do chv\u00edle, kdy ud\u011blal n\u011bco, co m\u011b rozplakalo -","robots":{"index":"index","follow":"follow","max-snippet":"max-snippet:-1","max-image-preview":"max-image-preview:large","max-video-preview":"max-video-preview:-1"},"canonical":"https:\/\/vendeto.am\/?p=24050","og_locale":"ru_RU","og_type":"article","og_title":"M\u016fj autistick\u00fd bratr nikdy nemluvil \u2014 a\u017e do chv\u00edle, kdy ud\u011blal n\u011bco, co m\u011b rozplakalo -","og_description":"M\u016fj mlad\u0161\u00ed bratr Mat\u011bj se narodil jako tich\u00e9 d\u00edt\u011b. Zat\u00edmco jin\u00e9 d\u011bti za\u010d\u00ednaly \u017evatlat, sm\u00e1t se a vyjad\u0159ovat radost \u010di nelibost, Mat\u011bj byl","og_url":"https:\/\/vendeto.am\/?p=24050","article_published_time":"2025-06-14T18:53:17+00:00","article_modified_time":"2025-06-14T18:53:18+00:00","og_image":[{"width":1024,"height":995,"url":"https:\/\/vendeto.am\/wp-content\/uploads\/2025\/06\/snapedit_1749805929267-1024x995-1.jpeg","type":"image\/jpeg"}],"author":"admin","twitter_card":"summary_large_image","twitter_misc":{"\u041d\u0430\u043f\u0438\u0441\u0430\u043d\u043e \u0430\u0432\u0442\u043e\u0440\u043e\u043c":"admin","\u041f\u0440\u0438\u043c\u0435\u0440\u043d\u043e\u0435 \u0432\u0440\u0435\u043c\u044f \u0434\u043b\u044f \u0447\u0442\u0435\u043d\u0438\u044f":"3 \u043c\u0438\u043d\u0443\u0442\u044b"},"schema":{"@context":"https:\/\/schema.org","@graph":[{"@type":"Article","@id":"https:\/\/vendeto.am\/?p=24050#article","isPartOf":{"@id":"https:\/\/vendeto.am\/?p=24050"},"author":{"name":"admin","@id":"https:\/\/vendeto.am\/#\/schema\/person\/48a4bd89d2048190ecc61e5ce821bef7"},"headline":"M\u016fj autistick\u00fd bratr nikdy nemluvil \u2014 a\u017e do chv\u00edle, kdy ud\u011blal n\u011bco, co m\u011b rozplakalo","datePublished":"2025-06-14T18:53:17+00:00","dateModified":"2025-06-14T18:53:18+00:00","mainEntityOfPage":{"@id":"https:\/\/vendeto.am\/?p=24050"},"wordCount":607,"commentCount":0,"image":{"@id":"https:\/\/vendeto.am\/?p=24050#primaryimage"},"thumbnailUrl":"https:\/\/vendeto.am\/wp-content\/uploads\/2025\/06\/snapedit_1749805929267-1024x995-1.jpeg","articleSection":["NEWS","SPORT","VIDEO"],"inLanguage":"ru-RU","potentialAction":[{"@type":"CommentAction","name":"Comment","target":["https:\/\/vendeto.am\/?p=24050#respond"]}]},{"@type":"WebPage","@id":"https:\/\/vendeto.am\/?p=24050","url":"https:\/\/vendeto.am\/?p=24050","name":"M\u016fj autistick\u00fd bratr nikdy nemluvil \u2014 a\u017e do chv\u00edle, kdy ud\u011blal n\u011bco, co m\u011b rozplakalo -","isPartOf":{"@id":"https:\/\/vendeto.am\/#website"},"primaryImageOfPage":{"@id":"https:\/\/vendeto.am\/?p=24050#primaryimage"},"image":{"@id":"https:\/\/vendeto.am\/?p=24050#primaryimage"},"thumbnailUrl":"https:\/\/vendeto.am\/wp-content\/uploads\/2025\/06\/snapedit_1749805929267-1024x995-1.jpeg","datePublished":"2025-06-14T18:53:17+00:00","dateModified":"2025-06-14T18:53:18+00:00","author":{"@id":"https:\/\/vendeto.am\/#\/schema\/person\/48a4bd89d2048190ecc61e5ce821bef7"},"breadcrumb":{"@id":"https:\/\/vendeto.am\/?p=24050#breadcrumb"},"inLanguage":"ru-RU","potentialAction":[{"@type":"ReadAction","target":["https:\/\/vendeto.am\/?p=24050"]}]},{"@type":"ImageObject","inLanguage":"ru-RU","@id":"https:\/\/vendeto.am\/?p=24050#primaryimage","url":"https:\/\/vendeto.am\/wp-content\/uploads\/2025\/06\/snapedit_1749805929267-1024x995-1.jpeg","contentUrl":"https:\/\/vendeto.am\/wp-content\/uploads\/2025\/06\/snapedit_1749805929267-1024x995-1.jpeg","width":1024,"height":995},{"@type":"BreadcrumbList","@id":"https:\/\/vendeto.am\/?p=24050#breadcrumb","itemListElement":[{"@type":"ListItem","position":1,"name":"\u0413\u043b\u0430\u0432\u043d\u0430\u044f \u0441\u0442\u0440\u0430\u043d\u0438\u0446\u0430","item":"https:\/\/vendeto.am\/"},{"@type":"ListItem","position":2,"name":"M\u016fj autistick\u00fd bratr nikdy nemluvil \u2014 a\u017e do chv\u00edle, kdy ud\u011blal n\u011bco, co m\u011b rozplakalo"}]},{"@type":"WebSite","@id":"https:\/\/vendeto.am\/#website","url":"https:\/\/vendeto.am\/","name":"","description":"","potentialAction":[{"@type":"SearchAction","target":{"@type":"EntryPoint","urlTemplate":"https:\/\/vendeto.am\/?s={search_term_string}"},"query-input":{"@type":"PropertyValueSpecification","valueRequired":true,"valueName":"search_term_string"}}],"inLanguage":"ru-RU"},{"@type":"Person","@id":"https:\/\/vendeto.am\/#\/schema\/person\/48a4bd89d2048190ecc61e5ce821bef7","name":"admin","image":{"@type":"ImageObject","inLanguage":"ru-RU","@id":"https:\/\/secure.gravatar.com\/avatar\/df64e550a0653b7be0f1bcf897f33faad9c2c8153472b2d9319beafb51370f6f?s=96&d=mm&r=g","url":"https:\/\/secure.gravatar.com\/avatar\/df64e550a0653b7be0f1bcf897f33faad9c2c8153472b2d9319beafb51370f6f?s=96&d=mm&r=g","contentUrl":"https:\/\/secure.gravatar.com\/avatar\/df64e550a0653b7be0f1bcf897f33faad9c2c8153472b2d9319beafb51370f6f?s=96&d=mm&r=g","caption":"admin"},"sameAs":["http:\/\/vendeto.am"],"url":"https:\/\/vendeto.am\/?author=1"}]}},"views":254,"_links":{"self":[{"href":"https:\/\/vendeto.am\/index.php?rest_route=\/wp\/v2\/posts\/24050","targetHints":{"allow":["GET"]}}],"collection":[{"href":"https:\/\/vendeto.am\/index.php?rest_route=\/wp\/v2\/posts"}],"about":[{"href":"https:\/\/vendeto.am\/index.php?rest_route=\/wp\/v2\/types\/post"}],"author":[{"embeddable":true,"href":"https:\/\/vendeto.am\/index.php?rest_route=\/wp\/v2\/users\/1"}],"replies":[{"embeddable":true,"href":"https:\/\/vendeto.am\/index.php?rest_route=%2Fwp%2Fv2%2Fcomments&post=24050"}],"version-history":[{"count":1,"href":"https:\/\/vendeto.am\/index.php?rest_route=\/wp\/v2\/posts\/24050\/revisions"}],"predecessor-version":[{"id":24052,"href":"https:\/\/vendeto.am\/index.php?rest_route=\/wp\/v2\/posts\/24050\/revisions\/24052"}],"wp:featuredmedia":[{"embeddable":true,"href":"https:\/\/vendeto.am\/index.php?rest_route=\/wp\/v2\/media\/24051"}],"wp:attachment":[{"href":"https:\/\/vendeto.am\/index.php?rest_route=%2Fwp%2Fv2%2Fmedia&parent=24050"}],"wp:term":[{"taxonomy":"category","embeddable":true,"href":"https:\/\/vendeto.am\/index.php?rest_route=%2Fwp%2Fv2%2Fcategories&post=24050"},{"taxonomy":"post_tag","embeddable":true,"href":"https:\/\/vendeto.am\/index.php?rest_route=%2Fwp%2Fv2%2Ftags&post=24050"}],"curies":[{"name":"wp","href":"https:\/\/api.w.org\/{rel}","templated":true}]}}