{"id":24120,"date":"2025-06-16T22:24:21","date_gmt":"2025-06-16T19:24:21","guid":{"rendered":"https:\/\/vendeto.am\/?p=24120"},"modified":"2025-06-16T22:24:22","modified_gmt":"2025-06-16T19:24:22","slug":"pred-tremi-lety-tyto-siamske-dvojcata-prekvapily-svet-tim-ze-si-vzaly-tehoz-muze-jejich-nove-rodinne-fotografie-jsou-jeste-ohromujici","status":"publish","type":"post","link":"https:\/\/vendeto.am\/?p=24120","title":{"rendered":"P\u0159ed t\u0159emi lety tyto siamsk\u00e9 dvoj\u010data p\u0159ekvapily sv\u011bt t\u00edm, \u017ee si vzaly t\u00e9ho\u017e mu\u017ee \u2014 jejich nov\u00e9 rodinn\u00e9 fotografie jsou je\u0161t\u011b ohromuj\u00edc\u00ed"},"content":{"rendered":"\n<p>P\u0159ed t\u0159emi lety se cel\u00fd sv\u011bt zastavil v \u00fa\u017easu nad neuv\u011b\u0159iteln\u00fdm p\u0159\u00edb\u011bhem dvou siamsk\u00fdch dvoj\u010dat, kter\u00e9 spojovaly nejen t\u011blesn\u00e9 pouta, ale i spole\u010dn\u00fd \u017eivotn\u00ed osud. Tyto nerozlu\u010dn\u00e9 sestry, kter\u00e9 byly spojen\u00e9 hrudn\u00edkem a sd\u00edlely n\u011bkter\u00e9 \u017eivotn\u011b d\u016fle\u017eit\u00e9 org\u00e1ny, se rozhodly vstoupit do man\u017eelstv\u00ed \u2014 a to s t\u00edm sam\u00fdm mu\u017eem. Jejich odvaha a neobvykl\u00fd \u017eivotn\u00ed krok vyvolaly \u0161irokou pozornost, sm\u00ed\u0161en\u00e9 reakce a nekone\u010dn\u00e9 mno\u017estv\u00ed ot\u00e1zek.<\/p>\n\n\n\n<p>Dnes, o t\u0159i roky pozd\u011bji, jsou tu nov\u00e9 fotografie, kter\u00e9 potvrzuj\u00ed, \u017ee jejich p\u0159\u00edb\u011bh nen\u00ed pouze o neobvykl\u00e9m spojen\u00ed t\u0159\u00ed lid\u00ed, ale hlavn\u011b o hlubok\u00e9 l\u00e1sce, odhodl\u00e1n\u00ed a s\u00edle rodiny. Tyto sn\u00edmky zachycuj\u00ed radost, n\u011bhu a harmonii, kter\u00e1 panuje mezi nimi. Na fotografi\u00edch vid\u00edme nejen fyzickou jedine\u010dnost, ale tak\u00e9 siln\u00e9 emocion\u00e1ln\u00ed pouto a \u00fasm\u011bvy, kter\u00e9 d\u00e1vaj\u00ed najevo, \u017ee spole\u010dn\u00fd \u017eivot nen\u00ed omezen\u00fd jen jejich specifick\u00fdm t\u011blesn\u00fdm stavem.<\/p>\n\n\n\n<figure class=\"wp-block-image size-full\"><img loading=\"lazy\" decoding=\"async\" width=\"825\" height=\"1024\" src=\"https:\/\/vendeto.am\/wp-content\/uploads\/2025\/06\/9966000-825x1024-1.jpeg\" alt=\"\" class=\"wp-image-24121\" srcset=\"https:\/\/vendeto.am\/wp-content\/uploads\/2025\/06\/9966000-825x1024-1.jpeg 825w, https:\/\/vendeto.am\/wp-content\/uploads\/2025\/06\/9966000-825x1024-1-242x300.jpeg 242w, https:\/\/vendeto.am\/wp-content\/uploads\/2025\/06\/9966000-825x1024-1-768x953.jpeg 768w\" sizes=\"auto, (max-width: 825px) 100vw, 825px\" \/><\/figure>\n\n\n\n<p>Eliska a Karol\u00edna, jak se sestry jmenuj\u00ed, a jejich man\u017eel Petr tvo\u0159\u00ed rodinu, kter\u00e1 dok\u00e1\u017ee p\u0159ekonat jak\u00e9koliv p\u0159ek\u00e1\u017eky. Jejich p\u0159\u00edb\u011bh inspiruje nejen lidi s podobn\u00fdmi osudy, ale i v\u0161echny, kte\u0159\u00ed v\u011b\u0159\u00ed v l\u00e1sku bez hranic. Nov\u00e9 fotografie ukazuj\u00ed nejen slavnostn\u00ed momenty, ale i ka\u017edodenn\u00ed situace pln\u00e9 porozum\u011bn\u00ed a vz\u00e1jemn\u00e9 podpory.<\/p>\n\n\n\n<p>Tato rodina je \u017eiv\u00fdm d\u016fkazem toho, \u017ee l\u00e1ska nezn\u00e1 hranice a \u017ee \u0161t\u011bst\u00ed lze naj\u00edt i v t\u011bch nejneobvyklej\u0161\u00edch \u017eivotn\u00edch podm\u00ednk\u00e1ch. Jejich p\u0159\u00edb\u011bh vyvol\u00e1v\u00e1 respekt a z\u00e1rove\u0148 n\u00e1s nut\u00ed zamyslet se nad t\u00edm, co opravdu znamen\u00e1 b\u00fdt rodinou.<\/p>\n\n\n\n<p>T\u0159i roky po svatb\u011b tak nejen p\u0159ekvapuj\u00ed a inspiruj\u00ed, ale tak\u00e9 ukazuj\u00ed, \u017ee ka\u017ed\u00fd \u010dlov\u011bk, bez ohledu na sv\u00e9 t\u011blesn\u00e9 omezen\u00ed, m\u00e1 pr\u00e1vo na l\u00e1sku, \u0161t\u011bst\u00ed a plnohodnotn\u00fd \u017eivot. Nov\u00e9 rodinn\u00e9 fotografie jsou tedy nejen ohromuj\u00edc\u00ed vizu\u00e1ln\u00ed p\u0159ipom\u00ednkou jejich jedine\u010dn\u00e9ho p\u0159\u00edb\u011bhu, ale i oslavou \u017eivota a nezdoln\u00e9ho lidsk\u00e9ho ducha.<\/p>\n","protected":false},"excerpt":{"rendered":"P\u0159ed t\u0159emi lety se cel\u00fd sv\u011bt zastavil v \u00fa\u017easu nad neuv\u011b\u0159iteln\u00fdm p\u0159\u00edb\u011bhem dvou siamsk\u00fdch dvoj\u010dat, kter\u00e9 spojovaly nejen t\u011blesn\u00e9 pouta, ale i spole\u010dn\u00fd \n<a class=\"moretag\" href=\"https:\/\/vendeto.am\/?p=24120\"> [...]<\/a>","protected":false},"author":1,"featured_media":24121,"comment_status":"open","ping_status":"open","sticky":false,"template":"","format":"standard","meta":{"footnotes":""},"categories":[1,2,3],"tags":[],"class_list":["post-24120","post","type-post","status-publish","format-standard","has-post-thumbnail","hentry","category-news","category-sport","category-video"],"yoast_head":"<!-- This site is optimized with the Yoast SEO plugin v27.5 - https:\/\/yoast.com\/product\/yoast-seo-wordpress\/ -->\n<title>P\u0159ed t\u0159emi lety tyto siamsk\u00e9 dvoj\u010data p\u0159ekvapily sv\u011bt t\u00edm, \u017ee si vzaly t\u00e9ho\u017e mu\u017ee \u2014 jejich nov\u00e9 rodinn\u00e9 fotografie jsou je\u0161t\u011b ohromuj\u00edc\u00ed -<\/title>\n<meta name=\"robots\" content=\"index, follow, max-snippet:-1, max-image-preview:large, max-video-preview:-1\" \/>\n<link rel=\"canonical\" href=\"https:\/\/vendeto.am\/?p=24120\" \/>\n<meta property=\"og:locale\" content=\"ru_RU\" \/>\n<meta property=\"og:type\" content=\"article\" \/>\n<meta property=\"og:title\" content=\"P\u0159ed t\u0159emi lety tyto siamsk\u00e9 dvoj\u010data p\u0159ekvapily sv\u011bt t\u00edm, \u017ee si vzaly t\u00e9ho\u017e mu\u017ee \u2014 jejich nov\u00e9 rodinn\u00e9 fotografie jsou je\u0161t\u011b ohromuj\u00edc\u00ed -\" \/>\n<meta property=\"og:description\" content=\"P\u0159ed t\u0159emi lety se cel\u00fd sv\u011bt zastavil v \u00fa\u017easu nad neuv\u011b\u0159iteln\u00fdm p\u0159\u00edb\u011bhem dvou siamsk\u00fdch dvoj\u010dat, kter\u00e9 spojovaly nejen t\u011blesn\u00e9 pouta, ale i spole\u010dn\u00fd\" \/>\n<meta property=\"og:url\" content=\"https:\/\/vendeto.am\/?p=24120\" \/>\n<meta property=\"article:published_time\" content=\"2025-06-16T19:24:21+00:00\" \/>\n<meta property=\"article:modified_time\" content=\"2025-06-16T19:24:22+00:00\" \/>\n<meta property=\"og:image\" content=\"https:\/\/vendeto.am\/wp-content\/uploads\/2025\/06\/9966000-825x1024-1.jpeg\" \/>\n\t<meta property=\"og:image:width\" content=\"825\" \/>\n\t<meta property=\"og:image:height\" content=\"1024\" \/>\n\t<meta property=\"og:image:type\" content=\"image\/jpeg\" \/>\n<meta name=\"author\" content=\"admin\" \/>\n<meta name=\"twitter:card\" content=\"summary_large_image\" \/>\n<meta name=\"twitter:label1\" content=\"\u041d\u0430\u043f\u0438\u0441\u0430\u043d\u043e \u0430\u0432\u0442\u043e\u0440\u043e\u043c\" \/>\n\t<meta name=\"twitter:data1\" content=\"admin\" \/>\n\t<meta name=\"twitter:label2\" content=\"\u041f\u0440\u0438\u043c\u0435\u0440\u043d\u043e\u0435 \u0432\u0440\u0435\u043c\u044f \u0434\u043b\u044f \u0447\u0442\u0435\u043d\u0438\u044f\" \/>\n\t<meta name=\"twitter:data2\" content=\"2 \u043c\u0438\u043d\u0443\u0442\u044b\" \/>\n<script type=\"application\/ld+json\" class=\"yoast-schema-graph\">{\"@context\":\"https:\\\/\\\/schema.org\",\"@graph\":[{\"@type\":\"Article\",\"@id\":\"https:\\\/\\\/vendeto.am\\\/?p=24120#article\",\"isPartOf\":{\"@id\":\"https:\\\/\\\/vendeto.am\\\/?p=24120\"},\"author\":{\"name\":\"admin\",\"@id\":\"https:\\\/\\\/vendeto.am\\\/#\\\/schema\\\/person\\\/48a4bd89d2048190ecc61e5ce821bef7\"},\"headline\":\"P\u0159ed t\u0159emi lety tyto siamsk\u00e9 dvoj\u010data p\u0159ekvapily sv\u011bt t\u00edm, \u017ee si vzaly t\u00e9ho\u017e mu\u017ee \u2014 jejich nov\u00e9 rodinn\u00e9 fotografie jsou je\u0161t\u011b ohromuj\u00edc\u00ed\",\"datePublished\":\"2025-06-16T19:24:21+00:00\",\"dateModified\":\"2025-06-16T19:24:22+00:00\",\"mainEntityOfPage\":{\"@id\":\"https:\\\/\\\/vendeto.am\\\/?p=24120\"},\"wordCount\":395,\"commentCount\":0,\"image\":{\"@id\":\"https:\\\/\\\/vendeto.am\\\/?p=24120#primaryimage\"},\"thumbnailUrl\":\"https:\\\/\\\/vendeto.am\\\/wp-content\\\/uploads\\\/2025\\\/06\\\/9966000-825x1024-1.jpeg\",\"articleSection\":[\"NEWS\",\"SPORT\",\"VIDEO\"],\"inLanguage\":\"ru-RU\",\"potentialAction\":[{\"@type\":\"CommentAction\",\"name\":\"Comment\",\"target\":[\"https:\\\/\\\/vendeto.am\\\/?p=24120#respond\"]}]},{\"@type\":\"WebPage\",\"@id\":\"https:\\\/\\\/vendeto.am\\\/?p=24120\",\"url\":\"https:\\\/\\\/vendeto.am\\\/?p=24120\",\"name\":\"P\u0159ed t\u0159emi lety tyto siamsk\u00e9 dvoj\u010data p\u0159ekvapily sv\u011bt t\u00edm, \u017ee si vzaly t\u00e9ho\u017e mu\u017ee \u2014 jejich nov\u00e9 rodinn\u00e9 fotografie jsou je\u0161t\u011b ohromuj\u00edc\u00ed -\",\"isPartOf\":{\"@id\":\"https:\\\/\\\/vendeto.am\\\/#website\"},\"primaryImageOfPage\":{\"@id\":\"https:\\\/\\\/vendeto.am\\\/?p=24120#primaryimage\"},\"image\":{\"@id\":\"https:\\\/\\\/vendeto.am\\\/?p=24120#primaryimage\"},\"thumbnailUrl\":\"https:\\\/\\\/vendeto.am\\\/wp-content\\\/uploads\\\/2025\\\/06\\\/9966000-825x1024-1.jpeg\",\"datePublished\":\"2025-06-16T19:24:21+00:00\",\"dateModified\":\"2025-06-16T19:24:22+00:00\",\"author\":{\"@id\":\"https:\\\/\\\/vendeto.am\\\/#\\\/schema\\\/person\\\/48a4bd89d2048190ecc61e5ce821bef7\"},\"breadcrumb\":{\"@id\":\"https:\\\/\\\/vendeto.am\\\/?p=24120#breadcrumb\"},\"inLanguage\":\"ru-RU\",\"potentialAction\":[{\"@type\":\"ReadAction\",\"target\":[\"https:\\\/\\\/vendeto.am\\\/?p=24120\"]}]},{\"@type\":\"ImageObject\",\"inLanguage\":\"ru-RU\",\"@id\":\"https:\\\/\\\/vendeto.am\\\/?p=24120#primaryimage\",\"url\":\"https:\\\/\\\/vendeto.am\\\/wp-content\\\/uploads\\\/2025\\\/06\\\/9966000-825x1024-1.jpeg\",\"contentUrl\":\"https:\\\/\\\/vendeto.am\\\/wp-content\\\/uploads\\\/2025\\\/06\\\/9966000-825x1024-1.jpeg\",\"width\":825,\"height\":1024},{\"@type\":\"BreadcrumbList\",\"@id\":\"https:\\\/\\\/vendeto.am\\\/?p=24120#breadcrumb\",\"itemListElement\":[{\"@type\":\"ListItem\",\"position\":1,\"name\":\"\u0413\u043b\u0430\u0432\u043d\u0430\u044f \u0441\u0442\u0440\u0430\u043d\u0438\u0446\u0430\",\"item\":\"https:\\\/\\\/vendeto.am\\\/\"},{\"@type\":\"ListItem\",\"position\":2,\"name\":\"P\u0159ed t\u0159emi lety tyto siamsk\u00e9 dvoj\u010data p\u0159ekvapily sv\u011bt t\u00edm, \u017ee si vzaly t\u00e9ho\u017e mu\u017ee \u2014 jejich nov\u00e9 rodinn\u00e9 fotografie jsou je\u0161t\u011b ohromuj\u00edc\u00ed\"}]},{\"@type\":\"WebSite\",\"@id\":\"https:\\\/\\\/vendeto.am\\\/#website\",\"url\":\"https:\\\/\\\/vendeto.am\\\/\",\"name\":\"\",\"description\":\"\",\"potentialAction\":[{\"@type\":\"SearchAction\",\"target\":{\"@type\":\"EntryPoint\",\"urlTemplate\":\"https:\\\/\\\/vendeto.am\\\/?s={search_term_string}\"},\"query-input\":{\"@type\":\"PropertyValueSpecification\",\"valueRequired\":true,\"valueName\":\"search_term_string\"}}],\"inLanguage\":\"ru-RU\"},{\"@type\":\"Person\",\"@id\":\"https:\\\/\\\/vendeto.am\\\/#\\\/schema\\\/person\\\/48a4bd89d2048190ecc61e5ce821bef7\",\"name\":\"admin\",\"image\":{\"@type\":\"ImageObject\",\"inLanguage\":\"ru-RU\",\"@id\":\"https:\\\/\\\/secure.gravatar.com\\\/avatar\\\/df64e550a0653b7be0f1bcf897f33faad9c2c8153472b2d9319beafb51370f6f?s=96&d=mm&r=g\",\"url\":\"https:\\\/\\\/secure.gravatar.com\\\/avatar\\\/df64e550a0653b7be0f1bcf897f33faad9c2c8153472b2d9319beafb51370f6f?s=96&d=mm&r=g\",\"contentUrl\":\"https:\\\/\\\/secure.gravatar.com\\\/avatar\\\/df64e550a0653b7be0f1bcf897f33faad9c2c8153472b2d9319beafb51370f6f?s=96&d=mm&r=g\",\"caption\":\"admin\"},\"sameAs\":[\"http:\\\/\\\/vendeto.am\"],\"url\":\"https:\\\/\\\/vendeto.am\\\/?author=1\"}]}<\/script>\n<!-- \/ Yoast SEO plugin. -->","yoast_head_json":{"title":"P\u0159ed t\u0159emi lety tyto siamsk\u00e9 dvoj\u010data p\u0159ekvapily sv\u011bt t\u00edm, \u017ee si vzaly t\u00e9ho\u017e mu\u017ee \u2014 jejich nov\u00e9 rodinn\u00e9 fotografie jsou je\u0161t\u011b ohromuj\u00edc\u00ed -","robots":{"index":"index","follow":"follow","max-snippet":"max-snippet:-1","max-image-preview":"max-image-preview:large","max-video-preview":"max-video-preview:-1"},"canonical":"https:\/\/vendeto.am\/?p=24120","og_locale":"ru_RU","og_type":"article","og_title":"P\u0159ed t\u0159emi lety tyto siamsk\u00e9 dvoj\u010data p\u0159ekvapily sv\u011bt t\u00edm, \u017ee si vzaly t\u00e9ho\u017e mu\u017ee \u2014 jejich nov\u00e9 rodinn\u00e9 fotografie jsou je\u0161t\u011b ohromuj\u00edc\u00ed -","og_description":"P\u0159ed t\u0159emi lety se cel\u00fd sv\u011bt zastavil v \u00fa\u017easu nad neuv\u011b\u0159iteln\u00fdm p\u0159\u00edb\u011bhem dvou siamsk\u00fdch dvoj\u010dat, kter\u00e9 spojovaly nejen t\u011blesn\u00e9 pouta, ale i spole\u010dn\u00fd","og_url":"https:\/\/vendeto.am\/?p=24120","article_published_time":"2025-06-16T19:24:21+00:00","article_modified_time":"2025-06-16T19:24:22+00:00","og_image":[{"width":825,"height":1024,"url":"https:\/\/vendeto.am\/wp-content\/uploads\/2025\/06\/9966000-825x1024-1.jpeg","type":"image\/jpeg"}],"author":"admin","twitter_card":"summary_large_image","twitter_misc":{"\u041d\u0430\u043f\u0438\u0441\u0430\u043d\u043e \u0430\u0432\u0442\u043e\u0440\u043e\u043c":"admin","\u041f\u0440\u0438\u043c\u0435\u0440\u043d\u043e\u0435 \u0432\u0440\u0435\u043c\u044f \u0434\u043b\u044f \u0447\u0442\u0435\u043d\u0438\u044f":"2 \u043c\u0438\u043d\u0443\u0442\u044b"},"schema":{"@context":"https:\/\/schema.org","@graph":[{"@type":"Article","@id":"https:\/\/vendeto.am\/?p=24120#article","isPartOf":{"@id":"https:\/\/vendeto.am\/?p=24120"},"author":{"name":"admin","@id":"https:\/\/vendeto.am\/#\/schema\/person\/48a4bd89d2048190ecc61e5ce821bef7"},"headline":"P\u0159ed t\u0159emi lety tyto siamsk\u00e9 dvoj\u010data p\u0159ekvapily sv\u011bt t\u00edm, \u017ee si vzaly t\u00e9ho\u017e mu\u017ee \u2014 jejich nov\u00e9 rodinn\u00e9 fotografie jsou je\u0161t\u011b ohromuj\u00edc\u00ed","datePublished":"2025-06-16T19:24:21+00:00","dateModified":"2025-06-16T19:24:22+00:00","mainEntityOfPage":{"@id":"https:\/\/vendeto.am\/?p=24120"},"wordCount":395,"commentCount":0,"image":{"@id":"https:\/\/vendeto.am\/?p=24120#primaryimage"},"thumbnailUrl":"https:\/\/vendeto.am\/wp-content\/uploads\/2025\/06\/9966000-825x1024-1.jpeg","articleSection":["NEWS","SPORT","VIDEO"],"inLanguage":"ru-RU","potentialAction":[{"@type":"CommentAction","name":"Comment","target":["https:\/\/vendeto.am\/?p=24120#respond"]}]},{"@type":"WebPage","@id":"https:\/\/vendeto.am\/?p=24120","url":"https:\/\/vendeto.am\/?p=24120","name":"P\u0159ed t\u0159emi lety tyto siamsk\u00e9 dvoj\u010data p\u0159ekvapily sv\u011bt t\u00edm, \u017ee si vzaly t\u00e9ho\u017e mu\u017ee \u2014 jejich nov\u00e9 rodinn\u00e9 fotografie jsou je\u0161t\u011b ohromuj\u00edc\u00ed -","isPartOf":{"@id":"https:\/\/vendeto.am\/#website"},"primaryImageOfPage":{"@id":"https:\/\/vendeto.am\/?p=24120#primaryimage"},"image":{"@id":"https:\/\/vendeto.am\/?p=24120#primaryimage"},"thumbnailUrl":"https:\/\/vendeto.am\/wp-content\/uploads\/2025\/06\/9966000-825x1024-1.jpeg","datePublished":"2025-06-16T19:24:21+00:00","dateModified":"2025-06-16T19:24:22+00:00","author":{"@id":"https:\/\/vendeto.am\/#\/schema\/person\/48a4bd89d2048190ecc61e5ce821bef7"},"breadcrumb":{"@id":"https:\/\/vendeto.am\/?p=24120#breadcrumb"},"inLanguage":"ru-RU","potentialAction":[{"@type":"ReadAction","target":["https:\/\/vendeto.am\/?p=24120"]}]},{"@type":"ImageObject","inLanguage":"ru-RU","@id":"https:\/\/vendeto.am\/?p=24120#primaryimage","url":"https:\/\/vendeto.am\/wp-content\/uploads\/2025\/06\/9966000-825x1024-1.jpeg","contentUrl":"https:\/\/vendeto.am\/wp-content\/uploads\/2025\/06\/9966000-825x1024-1.jpeg","width":825,"height":1024},{"@type":"BreadcrumbList","@id":"https:\/\/vendeto.am\/?p=24120#breadcrumb","itemListElement":[{"@type":"ListItem","position":1,"name":"\u0413\u043b\u0430\u0432\u043d\u0430\u044f \u0441\u0442\u0440\u0430\u043d\u0438\u0446\u0430","item":"https:\/\/vendeto.am\/"},{"@type":"ListItem","position":2,"name":"P\u0159ed t\u0159emi lety tyto siamsk\u00e9 dvoj\u010data p\u0159ekvapily sv\u011bt t\u00edm, \u017ee si vzaly t\u00e9ho\u017e mu\u017ee \u2014 jejich nov\u00e9 rodinn\u00e9 fotografie jsou je\u0161t\u011b ohromuj\u00edc\u00ed"}]},{"@type":"WebSite","@id":"https:\/\/vendeto.am\/#website","url":"https:\/\/vendeto.am\/","name":"","description":"","potentialAction":[{"@type":"SearchAction","target":{"@type":"EntryPoint","urlTemplate":"https:\/\/vendeto.am\/?s={search_term_string}"},"query-input":{"@type":"PropertyValueSpecification","valueRequired":true,"valueName":"search_term_string"}}],"inLanguage":"ru-RU"},{"@type":"Person","@id":"https:\/\/vendeto.am\/#\/schema\/person\/48a4bd89d2048190ecc61e5ce821bef7","name":"admin","image":{"@type":"ImageObject","inLanguage":"ru-RU","@id":"https:\/\/secure.gravatar.com\/avatar\/df64e550a0653b7be0f1bcf897f33faad9c2c8153472b2d9319beafb51370f6f?s=96&d=mm&r=g","url":"https:\/\/secure.gravatar.com\/avatar\/df64e550a0653b7be0f1bcf897f33faad9c2c8153472b2d9319beafb51370f6f?s=96&d=mm&r=g","contentUrl":"https:\/\/secure.gravatar.com\/avatar\/df64e550a0653b7be0f1bcf897f33faad9c2c8153472b2d9319beafb51370f6f?s=96&d=mm&r=g","caption":"admin"},"sameAs":["http:\/\/vendeto.am"],"url":"https:\/\/vendeto.am\/?author=1"}]}},"views":348,"_links":{"self":[{"href":"https:\/\/vendeto.am\/index.php?rest_route=\/wp\/v2\/posts\/24120","targetHints":{"allow":["GET"]}}],"collection":[{"href":"https:\/\/vendeto.am\/index.php?rest_route=\/wp\/v2\/posts"}],"about":[{"href":"https:\/\/vendeto.am\/index.php?rest_route=\/wp\/v2\/types\/post"}],"author":[{"embeddable":true,"href":"https:\/\/vendeto.am\/index.php?rest_route=\/wp\/v2\/users\/1"}],"replies":[{"embeddable":true,"href":"https:\/\/vendeto.am\/index.php?rest_route=%2Fwp%2Fv2%2Fcomments&post=24120"}],"version-history":[{"count":1,"href":"https:\/\/vendeto.am\/index.php?rest_route=\/wp\/v2\/posts\/24120\/revisions"}],"predecessor-version":[{"id":24122,"href":"https:\/\/vendeto.am\/index.php?rest_route=\/wp\/v2\/posts\/24120\/revisions\/24122"}],"wp:featuredmedia":[{"embeddable":true,"href":"https:\/\/vendeto.am\/index.php?rest_route=\/wp\/v2\/media\/24121"}],"wp:attachment":[{"href":"https:\/\/vendeto.am\/index.php?rest_route=%2Fwp%2Fv2%2Fmedia&parent=24120"}],"wp:term":[{"taxonomy":"category","embeddable":true,"href":"https:\/\/vendeto.am\/index.php?rest_route=%2Fwp%2Fv2%2Fcategories&post=24120"},{"taxonomy":"post_tag","embeddable":true,"href":"https:\/\/vendeto.am\/index.php?rest_route=%2Fwp%2Fv2%2Ftags&post=24120"}],"curies":[{"name":"wp","href":"https:\/\/api.w.org\/{rel}","templated":true}]}}