{"id":24720,"date":"2025-07-23T14:38:54","date_gmt":"2025-07-23T11:38:54","guid":{"rendered":"https:\/\/vendeto.am\/?p=24720"},"modified":"2025-07-23T14:38:55","modified_gmt":"2025-07-23T11:38:55","slug":"byl-potetovany-od-hlavy-az-k-pate-ale-kvuli-sve-dceri-udelal-neco-co-nikdo-necekal-%f0%9f%96%a4%f0%9f%91%a7","status":"publish","type":"post","link":"https:\/\/vendeto.am\/?p=24720","title":{"rendered":"Byl potetovan\u00fd od hlavy a\u017e k pat\u011b. Ale kv\u016fli sv\u00e9 dce\u0159i ud\u011blal n\u011bco, co nikdo ne\u010dekal \ud83d\udda4\ud83d\udc67"},"content":{"rendered":"\n<p><strong>Marek<\/strong> byl nep\u0159ehl\u00e9dnuteln\u00fd.<br>Ka\u017ed\u00fd centimetr jeho t\u011bla nesl tetov\u00e1n\u00ed \u2014 od \u010dela po chodidla.<br>Lid\u00e9 si ho \u010dasto fotili, jin\u00ed ho rad\u011bji obch\u00e1zeli.<br>Pro n\u011bkter\u00e9 byl v\u00fdst\u0159edn\u00ed. Pro jin\u00e9 d\u011bsiv\u00fd.<br>Ale pro jednu jedinou osobu na sv\u011bt\u011b byl jen\u2026 <strong>t\u00e1ta<\/strong>.<\/p>\n\n\n\n<p>Jeho dcera <strong>S\u00e1ra<\/strong> ho zbo\u017e\u0148ovala.<br>Ale \u010d\u00edm byla star\u0161\u00ed, t\u00edm v\u00edc si v\u0161\u00edmal, \u017ee <strong>n\u011bco nen\u00ed v po\u0159\u00e1dku<\/strong>.<\/p>\n\n\n\n<figure class=\"wp-block-image size-full\"><img loading=\"lazy\" decoding=\"async\" width=\"1024\" height=\"973\" src=\"https:\/\/vendeto.am\/wp-content\/uploads\/2025\/07\/image-37.png\" alt=\"\" class=\"wp-image-24721\" srcset=\"https:\/\/vendeto.am\/wp-content\/uploads\/2025\/07\/image-37.png 1024w, https:\/\/vendeto.am\/wp-content\/uploads\/2025\/07\/image-37-300x285.png 300w, https:\/\/vendeto.am\/wp-content\/uploads\/2025\/07\/image-37-768x730.png 768w\" sizes=\"auto, (max-width: 1024px) 100vw, 1024px\" \/><\/figure>\n\n\n\n<p><br>Necht\u011bla, aby ji vodil do \u0161koly.<br>Odvracela o\u010di, kdy\u017e se na n\u011bj ostatn\u00ed d\u011bti sm\u00e1ly.<br>A pak jednoho ve\u010dera, \u00fapln\u011b ti\u0161e, se zeptala:<br><strong>\u201eTati, bude\u0161 m\u011b m\u00edt r\u00e1d i bez t\u011bch obr\u00e1zk\u016f?\u201c<\/strong><\/p>\n\n\n\n<p>To Marka zas\u00e1hlo v\u00edc ne\u017e jak\u00fdkoliv koment\u00e1\u0159 na ulici.<br>Tu noc nespal.<br>A hned r\u00e1no za\u010dal jednat.<\/p>\n\n\n\n<p><strong>Objednal se na bolestiv\u00fd a dlouh\u00fd proces odstran\u011bn\u00ed tetov\u00e1n\u00ed.<\/strong><br>Ne proto, \u017ee by se za n\u011bco styd\u011bl.<br>Ne proto, \u017ee by se zm\u011bnil.<br>Ale proto, \u017ee <strong>cht\u011bl b\u00fdt pro svou dceru bezpe\u010d\u00edm, ne ter\u010dem posm\u011bchu.<\/strong><\/p>\n\n\n\n<p>Dnes u\u017e n\u011bkter\u00e1 tetov\u00e1n\u00ed zmizela. N\u011bkter\u00e1 je\u0161t\u011b z\u016fst\u00e1vaj\u00ed jako vzpom\u00ednka.<br>Ale jedno je jist\u00e9:<br><strong>S\u00e1ra v\u00ed, \u017ee m\u00e1 doma hrdinu.<\/strong><\/p>\n\n\n\n<p>Ne proto, co m\u011bl na k\u016f\u017ei.<br>Ale proto, co m\u011bl v srdci.<\/p>\n","protected":false},"excerpt":{"rendered":"Marek byl nep\u0159ehl\u00e9dnuteln\u00fd.Ka\u017ed\u00fd centimetr jeho t\u011bla nesl tetov\u00e1n\u00ed \u2014 od \u010dela po chodidla.Lid\u00e9 si ho \u010dasto fotili, jin\u00ed ho rad\u011bji obch\u00e1zeli.Pro n\u011bkter\u00e9 byl \n<a class=\"moretag\" href=\"https:\/\/vendeto.am\/?p=24720\"> [...]<\/a>","protected":false},"author":1,"featured_media":24721,"comment_status":"open","ping_status":"open","sticky":false,"template":"","format":"standard","meta":{"footnotes":""},"categories":[1,2,3],"tags":[],"class_list":["post-24720","post","type-post","status-publish","format-standard","has-post-thumbnail","hentry","category-news","category-sport","category-video"],"yoast_head":"<!-- This site is optimized with the Yoast SEO plugin v27.5 - https:\/\/yoast.com\/product\/yoast-seo-wordpress\/ -->\n<title>Byl potetovan\u00fd od hlavy a\u017e k pat\u011b. Ale kv\u016fli sv\u00e9 dce\u0159i ud\u011blal n\u011bco, co nikdo ne\u010dekal \ud83d\udda4\ud83d\udc67 -<\/title>\n<meta name=\"robots\" content=\"index, follow, max-snippet:-1, max-image-preview:large, max-video-preview:-1\" \/>\n<link rel=\"canonical\" href=\"https:\/\/vendeto.am\/?p=24720\" \/>\n<meta property=\"og:locale\" content=\"ru_RU\" \/>\n<meta property=\"og:type\" content=\"article\" \/>\n<meta property=\"og:title\" content=\"Byl potetovan\u00fd od hlavy a\u017e k pat\u011b. Ale kv\u016fli sv\u00e9 dce\u0159i ud\u011blal n\u011bco, co nikdo ne\u010dekal \ud83d\udda4\ud83d\udc67 -\" \/>\n<meta property=\"og:description\" content=\"Marek byl nep\u0159ehl\u00e9dnuteln\u00fd.Ka\u017ed\u00fd centimetr jeho t\u011bla nesl tetov\u00e1n\u00ed \u2014 od \u010dela po chodidla.Lid\u00e9 si ho \u010dasto fotili, jin\u00ed ho rad\u011bji obch\u00e1zeli.Pro n\u011bkter\u00e9 byl\" \/>\n<meta property=\"og:url\" content=\"https:\/\/vendeto.am\/?p=24720\" \/>\n<meta property=\"article:published_time\" content=\"2025-07-23T11:38:54+00:00\" \/>\n<meta property=\"article:modified_time\" content=\"2025-07-23T11:38:55+00:00\" \/>\n<meta property=\"og:image\" content=\"https:\/\/vendeto.am\/wp-content\/uploads\/2025\/07\/image-37.png\" \/>\n\t<meta property=\"og:image:width\" content=\"1024\" \/>\n\t<meta property=\"og:image:height\" content=\"973\" \/>\n\t<meta property=\"og:image:type\" content=\"image\/png\" \/>\n<meta name=\"author\" content=\"admin\" \/>\n<meta name=\"twitter:card\" content=\"summary_large_image\" \/>\n<meta name=\"twitter:label1\" content=\"\u041d\u0430\u043f\u0438\u0441\u0430\u043d\u043e \u0430\u0432\u0442\u043e\u0440\u043e\u043c\" \/>\n\t<meta name=\"twitter:data1\" content=\"admin\" \/>\n\t<meta name=\"twitter:label2\" content=\"\u041f\u0440\u0438\u043c\u0435\u0440\u043d\u043e\u0435 \u0432\u0440\u0435\u043c\u044f \u0434\u043b\u044f \u0447\u0442\u0435\u043d\u0438\u044f\" \/>\n\t<meta name=\"twitter:data2\" content=\"2 \u043c\u0438\u043d\u0443\u0442\u044b\" \/>\n<script type=\"application\/ld+json\" class=\"yoast-schema-graph\">{\"@context\":\"https:\\\/\\\/schema.org\",\"@graph\":[{\"@type\":\"Article\",\"@id\":\"https:\\\/\\\/vendeto.am\\\/?p=24720#article\",\"isPartOf\":{\"@id\":\"https:\\\/\\\/vendeto.am\\\/?p=24720\"},\"author\":{\"name\":\"admin\",\"@id\":\"https:\\\/\\\/vendeto.am\\\/#\\\/schema\\\/person\\\/48a4bd89d2048190ecc61e5ce821bef7\"},\"headline\":\"Byl potetovan\u00fd od hlavy a\u017e k pat\u011b. Ale kv\u016fli sv\u00e9 dce\u0159i ud\u011blal n\u011bco, co nikdo ne\u010dekal \ud83d\udda4\ud83d\udc67\",\"datePublished\":\"2025-07-23T11:38:54+00:00\",\"dateModified\":\"2025-07-23T11:38:55+00:00\",\"mainEntityOfPage\":{\"@id\":\"https:\\\/\\\/vendeto.am\\\/?p=24720\"},\"wordCount\":251,\"commentCount\":0,\"image\":{\"@id\":\"https:\\\/\\\/vendeto.am\\\/?p=24720#primaryimage\"},\"thumbnailUrl\":\"https:\\\/\\\/vendeto.am\\\/wp-content\\\/uploads\\\/2025\\\/07\\\/image-37.png\",\"articleSection\":[\"NEWS\",\"SPORT\",\"VIDEO\"],\"inLanguage\":\"ru-RU\",\"potentialAction\":[{\"@type\":\"CommentAction\",\"name\":\"Comment\",\"target\":[\"https:\\\/\\\/vendeto.am\\\/?p=24720#respond\"]}]},{\"@type\":\"WebPage\",\"@id\":\"https:\\\/\\\/vendeto.am\\\/?p=24720\",\"url\":\"https:\\\/\\\/vendeto.am\\\/?p=24720\",\"name\":\"Byl potetovan\u00fd od hlavy a\u017e k pat\u011b. Ale kv\u016fli sv\u00e9 dce\u0159i ud\u011blal n\u011bco, co nikdo ne\u010dekal \ud83d\udda4\ud83d\udc67 -\",\"isPartOf\":{\"@id\":\"https:\\\/\\\/vendeto.am\\\/#website\"},\"primaryImageOfPage\":{\"@id\":\"https:\\\/\\\/vendeto.am\\\/?p=24720#primaryimage\"},\"image\":{\"@id\":\"https:\\\/\\\/vendeto.am\\\/?p=24720#primaryimage\"},\"thumbnailUrl\":\"https:\\\/\\\/vendeto.am\\\/wp-content\\\/uploads\\\/2025\\\/07\\\/image-37.png\",\"datePublished\":\"2025-07-23T11:38:54+00:00\",\"dateModified\":\"2025-07-23T11:38:55+00:00\",\"author\":{\"@id\":\"https:\\\/\\\/vendeto.am\\\/#\\\/schema\\\/person\\\/48a4bd89d2048190ecc61e5ce821bef7\"},\"breadcrumb\":{\"@id\":\"https:\\\/\\\/vendeto.am\\\/?p=24720#breadcrumb\"},\"inLanguage\":\"ru-RU\",\"potentialAction\":[{\"@type\":\"ReadAction\",\"target\":[\"https:\\\/\\\/vendeto.am\\\/?p=24720\"]}]},{\"@type\":\"ImageObject\",\"inLanguage\":\"ru-RU\",\"@id\":\"https:\\\/\\\/vendeto.am\\\/?p=24720#primaryimage\",\"url\":\"https:\\\/\\\/vendeto.am\\\/wp-content\\\/uploads\\\/2025\\\/07\\\/image-37.png\",\"contentUrl\":\"https:\\\/\\\/vendeto.am\\\/wp-content\\\/uploads\\\/2025\\\/07\\\/image-37.png\",\"width\":1024,\"height\":973},{\"@type\":\"BreadcrumbList\",\"@id\":\"https:\\\/\\\/vendeto.am\\\/?p=24720#breadcrumb\",\"itemListElement\":[{\"@type\":\"ListItem\",\"position\":1,\"name\":\"\u0413\u043b\u0430\u0432\u043d\u0430\u044f \u0441\u0442\u0440\u0430\u043d\u0438\u0446\u0430\",\"item\":\"https:\\\/\\\/vendeto.am\\\/\"},{\"@type\":\"ListItem\",\"position\":2,\"name\":\"Byl potetovan\u00fd od hlavy a\u017e k pat\u011b. Ale kv\u016fli sv\u00e9 dce\u0159i ud\u011blal n\u011bco, co nikdo ne\u010dekal \ud83d\udda4\ud83d\udc67\"}]},{\"@type\":\"WebSite\",\"@id\":\"https:\\\/\\\/vendeto.am\\\/#website\",\"url\":\"https:\\\/\\\/vendeto.am\\\/\",\"name\":\"\",\"description\":\"\",\"potentialAction\":[{\"@type\":\"SearchAction\",\"target\":{\"@type\":\"EntryPoint\",\"urlTemplate\":\"https:\\\/\\\/vendeto.am\\\/?s={search_term_string}\"},\"query-input\":{\"@type\":\"PropertyValueSpecification\",\"valueRequired\":true,\"valueName\":\"search_term_string\"}}],\"inLanguage\":\"ru-RU\"},{\"@type\":\"Person\",\"@id\":\"https:\\\/\\\/vendeto.am\\\/#\\\/schema\\\/person\\\/48a4bd89d2048190ecc61e5ce821bef7\",\"name\":\"admin\",\"image\":{\"@type\":\"ImageObject\",\"inLanguage\":\"ru-RU\",\"@id\":\"https:\\\/\\\/secure.gravatar.com\\\/avatar\\\/df64e550a0653b7be0f1bcf897f33faad9c2c8153472b2d9319beafb51370f6f?s=96&d=mm&r=g\",\"url\":\"https:\\\/\\\/secure.gravatar.com\\\/avatar\\\/df64e550a0653b7be0f1bcf897f33faad9c2c8153472b2d9319beafb51370f6f?s=96&d=mm&r=g\",\"contentUrl\":\"https:\\\/\\\/secure.gravatar.com\\\/avatar\\\/df64e550a0653b7be0f1bcf897f33faad9c2c8153472b2d9319beafb51370f6f?s=96&d=mm&r=g\",\"caption\":\"admin\"},\"sameAs\":[\"http:\\\/\\\/vendeto.am\"],\"url\":\"https:\\\/\\\/vendeto.am\\\/?author=1\"}]}<\/script>\n<!-- \/ Yoast SEO plugin. -->","yoast_head_json":{"title":"Byl potetovan\u00fd od hlavy a\u017e k pat\u011b. Ale kv\u016fli sv\u00e9 dce\u0159i ud\u011blal n\u011bco, co nikdo ne\u010dekal \ud83d\udda4\ud83d\udc67 -","robots":{"index":"index","follow":"follow","max-snippet":"max-snippet:-1","max-image-preview":"max-image-preview:large","max-video-preview":"max-video-preview:-1"},"canonical":"https:\/\/vendeto.am\/?p=24720","og_locale":"ru_RU","og_type":"article","og_title":"Byl potetovan\u00fd od hlavy a\u017e k pat\u011b. Ale kv\u016fli sv\u00e9 dce\u0159i ud\u011blal n\u011bco, co nikdo ne\u010dekal \ud83d\udda4\ud83d\udc67 -","og_description":"Marek byl nep\u0159ehl\u00e9dnuteln\u00fd.Ka\u017ed\u00fd centimetr jeho t\u011bla nesl tetov\u00e1n\u00ed \u2014 od \u010dela po chodidla.Lid\u00e9 si ho \u010dasto fotili, jin\u00ed ho rad\u011bji obch\u00e1zeli.Pro n\u011bkter\u00e9 byl","og_url":"https:\/\/vendeto.am\/?p=24720","article_published_time":"2025-07-23T11:38:54+00:00","article_modified_time":"2025-07-23T11:38:55+00:00","og_image":[{"width":1024,"height":973,"url":"https:\/\/vendeto.am\/wp-content\/uploads\/2025\/07\/image-37.png","type":"image\/png"}],"author":"admin","twitter_card":"summary_large_image","twitter_misc":{"\u041d\u0430\u043f\u0438\u0441\u0430\u043d\u043e \u0430\u0432\u0442\u043e\u0440\u043e\u043c":"admin","\u041f\u0440\u0438\u043c\u0435\u0440\u043d\u043e\u0435 \u0432\u0440\u0435\u043c\u044f \u0434\u043b\u044f \u0447\u0442\u0435\u043d\u0438\u044f":"2 \u043c\u0438\u043d\u0443\u0442\u044b"},"schema":{"@context":"https:\/\/schema.org","@graph":[{"@type":"Article","@id":"https:\/\/vendeto.am\/?p=24720#article","isPartOf":{"@id":"https:\/\/vendeto.am\/?p=24720"},"author":{"name":"admin","@id":"https:\/\/vendeto.am\/#\/schema\/person\/48a4bd89d2048190ecc61e5ce821bef7"},"headline":"Byl potetovan\u00fd od hlavy a\u017e k pat\u011b. Ale kv\u016fli sv\u00e9 dce\u0159i ud\u011blal n\u011bco, co nikdo ne\u010dekal \ud83d\udda4\ud83d\udc67","datePublished":"2025-07-23T11:38:54+00:00","dateModified":"2025-07-23T11:38:55+00:00","mainEntityOfPage":{"@id":"https:\/\/vendeto.am\/?p=24720"},"wordCount":251,"commentCount":0,"image":{"@id":"https:\/\/vendeto.am\/?p=24720#primaryimage"},"thumbnailUrl":"https:\/\/vendeto.am\/wp-content\/uploads\/2025\/07\/image-37.png","articleSection":["NEWS","SPORT","VIDEO"],"inLanguage":"ru-RU","potentialAction":[{"@type":"CommentAction","name":"Comment","target":["https:\/\/vendeto.am\/?p=24720#respond"]}]},{"@type":"WebPage","@id":"https:\/\/vendeto.am\/?p=24720","url":"https:\/\/vendeto.am\/?p=24720","name":"Byl potetovan\u00fd od hlavy a\u017e k pat\u011b. Ale kv\u016fli sv\u00e9 dce\u0159i ud\u011blal n\u011bco, co nikdo ne\u010dekal \ud83d\udda4\ud83d\udc67 -","isPartOf":{"@id":"https:\/\/vendeto.am\/#website"},"primaryImageOfPage":{"@id":"https:\/\/vendeto.am\/?p=24720#primaryimage"},"image":{"@id":"https:\/\/vendeto.am\/?p=24720#primaryimage"},"thumbnailUrl":"https:\/\/vendeto.am\/wp-content\/uploads\/2025\/07\/image-37.png","datePublished":"2025-07-23T11:38:54+00:00","dateModified":"2025-07-23T11:38:55+00:00","author":{"@id":"https:\/\/vendeto.am\/#\/schema\/person\/48a4bd89d2048190ecc61e5ce821bef7"},"breadcrumb":{"@id":"https:\/\/vendeto.am\/?p=24720#breadcrumb"},"inLanguage":"ru-RU","potentialAction":[{"@type":"ReadAction","target":["https:\/\/vendeto.am\/?p=24720"]}]},{"@type":"ImageObject","inLanguage":"ru-RU","@id":"https:\/\/vendeto.am\/?p=24720#primaryimage","url":"https:\/\/vendeto.am\/wp-content\/uploads\/2025\/07\/image-37.png","contentUrl":"https:\/\/vendeto.am\/wp-content\/uploads\/2025\/07\/image-37.png","width":1024,"height":973},{"@type":"BreadcrumbList","@id":"https:\/\/vendeto.am\/?p=24720#breadcrumb","itemListElement":[{"@type":"ListItem","position":1,"name":"\u0413\u043b\u0430\u0432\u043d\u0430\u044f \u0441\u0442\u0440\u0430\u043d\u0438\u0446\u0430","item":"https:\/\/vendeto.am\/"},{"@type":"ListItem","position":2,"name":"Byl potetovan\u00fd od hlavy a\u017e k pat\u011b. Ale kv\u016fli sv\u00e9 dce\u0159i ud\u011blal n\u011bco, co nikdo ne\u010dekal \ud83d\udda4\ud83d\udc67"}]},{"@type":"WebSite","@id":"https:\/\/vendeto.am\/#website","url":"https:\/\/vendeto.am\/","name":"","description":"","potentialAction":[{"@type":"SearchAction","target":{"@type":"EntryPoint","urlTemplate":"https:\/\/vendeto.am\/?s={search_term_string}"},"query-input":{"@type":"PropertyValueSpecification","valueRequired":true,"valueName":"search_term_string"}}],"inLanguage":"ru-RU"},{"@type":"Person","@id":"https:\/\/vendeto.am\/#\/schema\/person\/48a4bd89d2048190ecc61e5ce821bef7","name":"admin","image":{"@type":"ImageObject","inLanguage":"ru-RU","@id":"https:\/\/secure.gravatar.com\/avatar\/df64e550a0653b7be0f1bcf897f33faad9c2c8153472b2d9319beafb51370f6f?s=96&d=mm&r=g","url":"https:\/\/secure.gravatar.com\/avatar\/df64e550a0653b7be0f1bcf897f33faad9c2c8153472b2d9319beafb51370f6f?s=96&d=mm&r=g","contentUrl":"https:\/\/secure.gravatar.com\/avatar\/df64e550a0653b7be0f1bcf897f33faad9c2c8153472b2d9319beafb51370f6f?s=96&d=mm&r=g","caption":"admin"},"sameAs":["http:\/\/vendeto.am"],"url":"https:\/\/vendeto.am\/?author=1"}]}},"views":243,"_links":{"self":[{"href":"https:\/\/vendeto.am\/index.php?rest_route=\/wp\/v2\/posts\/24720","targetHints":{"allow":["GET"]}}],"collection":[{"href":"https:\/\/vendeto.am\/index.php?rest_route=\/wp\/v2\/posts"}],"about":[{"href":"https:\/\/vendeto.am\/index.php?rest_route=\/wp\/v2\/types\/post"}],"author":[{"embeddable":true,"href":"https:\/\/vendeto.am\/index.php?rest_route=\/wp\/v2\/users\/1"}],"replies":[{"embeddable":true,"href":"https:\/\/vendeto.am\/index.php?rest_route=%2Fwp%2Fv2%2Fcomments&post=24720"}],"version-history":[{"count":1,"href":"https:\/\/vendeto.am\/index.php?rest_route=\/wp\/v2\/posts\/24720\/revisions"}],"predecessor-version":[{"id":24722,"href":"https:\/\/vendeto.am\/index.php?rest_route=\/wp\/v2\/posts\/24720\/revisions\/24722"}],"wp:featuredmedia":[{"embeddable":true,"href":"https:\/\/vendeto.am\/index.php?rest_route=\/wp\/v2\/media\/24721"}],"wp:attachment":[{"href":"https:\/\/vendeto.am\/index.php?rest_route=%2Fwp%2Fv2%2Fmedia&parent=24720"}],"wp:term":[{"taxonomy":"category","embeddable":true,"href":"https:\/\/vendeto.am\/index.php?rest_route=%2Fwp%2Fv2%2Fcategories&post=24720"},{"taxonomy":"post_tag","embeddable":true,"href":"https:\/\/vendeto.am\/index.php?rest_route=%2Fwp%2Fv2%2Ftags&post=24720"}],"curies":[{"name":"wp","href":"https:\/\/api.w.org\/{rel}","templated":true}]}}