{"id":24855,"date":"2025-08-02T13:59:30","date_gmt":"2025-08-02T10:59:30","guid":{"rendered":"https:\/\/vendeto.am\/?p=24855"},"modified":"2025-08-02T14:00:19","modified_gmt":"2025-08-02T11:00:19","slug":"muj-manzel-nevedel-ze-je-tam-kamera-to-co-jsem-ho-videla-delat-nasi-dceri-behem-me-nepritomnosti-zmenilo-uplne-vsechno","status":"publish","type":"post","link":"https:\/\/vendeto.am\/?p=24855","title":{"rendered":"M\u016eJ MAN\u017dEL NEV\u011aD\u011aL, \u017dE JE TAM KAMERA. To, co jsem ho vid\u011bla d\u011blat na\u0161\u00ed dce\u0159i b\u011bhem m\u00e9 nep\u0159\u00edtomnosti, zm\u011bnilo \u00fapln\u011b v\u0161echno"},"content":{"rendered":"\n<p>Nikdy jsem si nemyslela, \u017ee budu ten typ \u017eeny, kter\u00e1 instaluje doma skrytou kameru. Ale posledn\u00ed t\u00fddny jsem m\u011bla zvl\u00e1\u0161tn\u00ed pocit. Ne podez\u0159en\u00ed ze zrady nebo n\u00e1sil\u00ed \u2014 sp\u00ed\u0161 jak\u00e9si neklidn\u00e9 ticho, kter\u00e9 doma z\u016fst\u00e1valo poka\u017ed\u00e9, kdy\u017e jsem p\u0159i\u0161la z pr\u00e1ce. Moje dcera Eli\u0161ka byla v\u017edycky vesel\u00e1, ale v posledn\u00ed dob\u011b byla trochu uzav\u0159en\u00e1. A m\u016fj man\u017eel? Po\u0159\u00e1d ten sam\u00fd, klidn\u00fd, spolehliv\u00fd\u2026 mo\u017en\u00e1 a\u017e moc.<\/p>\n\n\n\n<figure class=\"wp-block-image size-full\"><img loading=\"lazy\" decoding=\"async\" width=\"762\" height=\"1024\" src=\"https:\/\/vendeto.am\/wp-content\/uploads\/2025\/08\/image-6.png\" alt=\"\" class=\"wp-image-24856\" srcset=\"https:\/\/vendeto.am\/wp-content\/uploads\/2025\/08\/image-6.png 762w, https:\/\/vendeto.am\/wp-content\/uploads\/2025\/08\/image-6-223x300.png 223w\" sizes=\"auto, (max-width: 762px) 100vw, 762px\" \/><\/figure>\n\n\n\n<p>Jednoho dne jsem se rozhodla \u2014 \u010dist\u011b pro klid du\u0161e \u2014 \u017ee nainstaluji malou kameru do ob\u00fdv\u00e1ku. Nic drah\u00e9ho, jen Wi-Fi krabi\u010dku schovanou mezi knihami. Ne\u0159ekla jsem o tom nikomu.<\/p>\n\n\n\n<p>A pak jsem se jednoho ve\u010dera pod\u00edvala na z\u00e1znam.<\/p>\n\n\n\n<p>To, co jsem vid\u011bla, mi vehnalo slzy do o\u010d\u00ed.<\/p>\n\n\n\n<p>M\u016fj mu\u017e, ten tich\u00fd, trochu uzav\u0159en\u00fd \u010dlov\u011bk, o kter\u00e9m jsem si myslela, \u017ee je prost\u011b \u201enemocn\u011b racion\u00e1ln\u00ed\u201c, tr\u00e1vil ka\u017ed\u00e9 odpoledne s Eli\u0161kou v \u00fapln\u011b jin\u00e9m sv\u011btle. Hr\u00e1l si s n\u00ed na princezny. V r\u016f\u017eov\u00e9 sukni z jej\u00edho p\u0159evl\u00e9kac\u00edho kuf\u0159\u00edku, s korunkou na hlav\u011b a kouzelnou h\u016flkou v ruce. Mluvil vysok\u00fdm hlasem, tan\u010dil po pokoji, padal na zem ve \u201edramatick\u00fdch\u201c sc\u00e9n\u00e1ch, jen aby ji rozesm\u00e1l.<\/p>\n\n\n\n<p>A sm\u00e1la se. Od srdce. Tak, jak jsem ji nesly\u0161ela t\u00fddny.<\/p>\n\n\n\n<p>Z\u016fstala jsem z\u00edrat na obrazovku se sta\u017een\u00fdm hrdlem. Cht\u011bla jsem naj\u00edt n\u011bco racion\u00e1ln\u00edho, mo\u017en\u00e1 si potvrdit, \u017ee moje intuice m\u011bla pravdu. M\u00edsto toho jsem objevila n\u011bco mnohem cenn\u011bj\u0161\u00edho.<\/p>\n\n\n\n<p>Otce, kter\u00fd se nestyd\u00ed b\u00fdt sm\u011b\u0161n\u00fd pro sv\u00e9 d\u00edt\u011b. Kter\u00fd za zav\u0159en\u00fdmi dve\u0159mi nen\u00ed unaven\u00fd dosp\u011bl\u00fd mu\u017e, ale jej\u00ed ryt\u00ed\u0159, jej\u00ed v\u00edla, jej\u00ed nejlep\u0161\u00ed kamar\u00e1d.<\/p>\n\n\n\n<p>To, co jsem vid\u011bla, nezm\u011bnilo m\u016fj vztah k man\u017eelovi kv\u016fli ned\u016fv\u011b\u0159e. Zm\u011bnilo ho kv\u016fli obdivu.<\/p>\n\n\n\n<p>A od toho dne v\u00edm, \u017ee doma m\u00e1me n\u011bco v\u00fdjime\u010dn\u00e9ho. Ne jen skv\u011bl\u00e9ho t\u00e1tu. Ale mu\u017ee, kter\u00fd se neboj\u00ed b\u00fdt d\u00edt\u011btem\u2026 pro sv\u00e9 d\u00edt\u011b.<\/p>\n","protected":false},"excerpt":{"rendered":"Nikdy jsem si nemyslela, \u017ee budu ten typ \u017eeny, kter\u00e1 instaluje doma skrytou kameru. Ale posledn\u00ed t\u00fddny jsem m\u011bla zvl\u00e1\u0161tn\u00ed pocit. Ne podez\u0159en\u00ed \n<a class=\"moretag\" href=\"https:\/\/vendeto.am\/?p=24855\"> [...]<\/a>","protected":false},"author":1,"featured_media":24856,"comment_status":"open","ping_status":"open","sticky":false,"template":"","format":"standard","meta":{"footnotes":""},"categories":[1],"tags":[],"class_list":["post-24855","post","type-post","status-publish","format-standard","has-post-thumbnail","hentry","category-news"],"yoast_head":"<!-- This site is optimized with the Yoast SEO plugin v27.5 - https:\/\/yoast.com\/product\/yoast-seo-wordpress\/ -->\n<title>M\u016eJ MAN\u017dEL NEV\u011aD\u011aL, \u017dE JE TAM KAMERA. To, co jsem ho vid\u011bla d\u011blat na\u0161\u00ed dce\u0159i b\u011bhem m\u00e9 nep\u0159\u00edtomnosti, zm\u011bnilo \u00fapln\u011b v\u0161echno -<\/title>\n<meta name=\"robots\" content=\"index, follow, max-snippet:-1, max-image-preview:large, max-video-preview:-1\" \/>\n<link rel=\"canonical\" href=\"https:\/\/vendeto.am\/?p=24855\" \/>\n<meta property=\"og:locale\" content=\"ru_RU\" \/>\n<meta property=\"og:type\" content=\"article\" \/>\n<meta property=\"og:title\" content=\"M\u016eJ MAN\u017dEL NEV\u011aD\u011aL, \u017dE JE TAM KAMERA. To, co jsem ho vid\u011bla d\u011blat na\u0161\u00ed dce\u0159i b\u011bhem m\u00e9 nep\u0159\u00edtomnosti, zm\u011bnilo \u00fapln\u011b v\u0161echno -\" \/>\n<meta property=\"og:description\" content=\"Nikdy jsem si nemyslela, \u017ee budu ten typ \u017eeny, kter\u00e1 instaluje doma skrytou kameru. Ale posledn\u00ed t\u00fddny jsem m\u011bla zvl\u00e1\u0161tn\u00ed pocit. Ne podez\u0159en\u00ed\" \/>\n<meta property=\"og:url\" content=\"https:\/\/vendeto.am\/?p=24855\" \/>\n<meta property=\"article:published_time\" content=\"2025-08-02T10:59:30+00:00\" \/>\n<meta property=\"article:modified_time\" content=\"2025-08-02T11:00:19+00:00\" \/>\n<meta property=\"og:image\" content=\"https:\/\/vendeto.am\/wp-content\/uploads\/2025\/08\/image-6.png\" \/>\n\t<meta property=\"og:image:width\" content=\"762\" \/>\n\t<meta property=\"og:image:height\" content=\"1024\" \/>\n\t<meta property=\"og:image:type\" content=\"image\/png\" \/>\n<meta name=\"author\" content=\"admin\" \/>\n<meta name=\"twitter:card\" content=\"summary_large_image\" \/>\n<meta name=\"twitter:label1\" content=\"\u041d\u0430\u043f\u0438\u0441\u0430\u043d\u043e \u0430\u0432\u0442\u043e\u0440\u043e\u043c\" \/>\n\t<meta name=\"twitter:data1\" content=\"admin\" \/>\n\t<meta name=\"twitter:label2\" content=\"\u041f\u0440\u0438\u043c\u0435\u0440\u043d\u043e\u0435 \u0432\u0440\u0435\u043c\u044f \u0434\u043b\u044f \u0447\u0442\u0435\u043d\u0438\u044f\" \/>\n\t<meta name=\"twitter:data2\" content=\"2 \u043c\u0438\u043d\u0443\u0442\u044b\" \/>\n<script type=\"application\/ld+json\" class=\"yoast-schema-graph\">{\"@context\":\"https:\\\/\\\/schema.org\",\"@graph\":[{\"@type\":\"Article\",\"@id\":\"https:\\\/\\\/vendeto.am\\\/?p=24855#article\",\"isPartOf\":{\"@id\":\"https:\\\/\\\/vendeto.am\\\/?p=24855\"},\"author\":{\"name\":\"admin\",\"@id\":\"https:\\\/\\\/vendeto.am\\\/#\\\/schema\\\/person\\\/48a4bd89d2048190ecc61e5ce821bef7\"},\"headline\":\"M\u016eJ MAN\u017dEL NEV\u011aD\u011aL, \u017dE JE TAM KAMERA. To, co jsem ho vid\u011bla d\u011blat na\u0161\u00ed dce\u0159i b\u011bhem m\u00e9 nep\u0159\u00edtomnosti, zm\u011bnilo \u00fapln\u011b v\u0161echno\",\"datePublished\":\"2025-08-02T10:59:30+00:00\",\"dateModified\":\"2025-08-02T11:00:19+00:00\",\"mainEntityOfPage\":{\"@id\":\"https:\\\/\\\/vendeto.am\\\/?p=24855\"},\"wordCount\":412,\"commentCount\":0,\"image\":{\"@id\":\"https:\\\/\\\/vendeto.am\\\/?p=24855#primaryimage\"},\"thumbnailUrl\":\"https:\\\/\\\/vendeto.am\\\/wp-content\\\/uploads\\\/2025\\\/08\\\/image-6.png\",\"articleSection\":[\"NEWS\"],\"inLanguage\":\"ru-RU\",\"potentialAction\":[{\"@type\":\"CommentAction\",\"name\":\"Comment\",\"target\":[\"https:\\\/\\\/vendeto.am\\\/?p=24855#respond\"]}]},{\"@type\":\"WebPage\",\"@id\":\"https:\\\/\\\/vendeto.am\\\/?p=24855\",\"url\":\"https:\\\/\\\/vendeto.am\\\/?p=24855\",\"name\":\"M\u016eJ MAN\u017dEL NEV\u011aD\u011aL, \u017dE JE TAM KAMERA. To, co jsem ho vid\u011bla d\u011blat na\u0161\u00ed dce\u0159i b\u011bhem m\u00e9 nep\u0159\u00edtomnosti, zm\u011bnilo \u00fapln\u011b v\u0161echno -\",\"isPartOf\":{\"@id\":\"https:\\\/\\\/vendeto.am\\\/#website\"},\"primaryImageOfPage\":{\"@id\":\"https:\\\/\\\/vendeto.am\\\/?p=24855#primaryimage\"},\"image\":{\"@id\":\"https:\\\/\\\/vendeto.am\\\/?p=24855#primaryimage\"},\"thumbnailUrl\":\"https:\\\/\\\/vendeto.am\\\/wp-content\\\/uploads\\\/2025\\\/08\\\/image-6.png\",\"datePublished\":\"2025-08-02T10:59:30+00:00\",\"dateModified\":\"2025-08-02T11:00:19+00:00\",\"author\":{\"@id\":\"https:\\\/\\\/vendeto.am\\\/#\\\/schema\\\/person\\\/48a4bd89d2048190ecc61e5ce821bef7\"},\"breadcrumb\":{\"@id\":\"https:\\\/\\\/vendeto.am\\\/?p=24855#breadcrumb\"},\"inLanguage\":\"ru-RU\",\"potentialAction\":[{\"@type\":\"ReadAction\",\"target\":[\"https:\\\/\\\/vendeto.am\\\/?p=24855\"]}]},{\"@type\":\"ImageObject\",\"inLanguage\":\"ru-RU\",\"@id\":\"https:\\\/\\\/vendeto.am\\\/?p=24855#primaryimage\",\"url\":\"https:\\\/\\\/vendeto.am\\\/wp-content\\\/uploads\\\/2025\\\/08\\\/image-6.png\",\"contentUrl\":\"https:\\\/\\\/vendeto.am\\\/wp-content\\\/uploads\\\/2025\\\/08\\\/image-6.png\",\"width\":762,\"height\":1024},{\"@type\":\"BreadcrumbList\",\"@id\":\"https:\\\/\\\/vendeto.am\\\/?p=24855#breadcrumb\",\"itemListElement\":[{\"@type\":\"ListItem\",\"position\":1,\"name\":\"\u0413\u043b\u0430\u0432\u043d\u0430\u044f \u0441\u0442\u0440\u0430\u043d\u0438\u0446\u0430\",\"item\":\"https:\\\/\\\/vendeto.am\\\/\"},{\"@type\":\"ListItem\",\"position\":2,\"name\":\"M\u016eJ MAN\u017dEL NEV\u011aD\u011aL, \u017dE JE TAM KAMERA. To, co jsem ho vid\u011bla d\u011blat na\u0161\u00ed dce\u0159i b\u011bhem m\u00e9 nep\u0159\u00edtomnosti, zm\u011bnilo \u00fapln\u011b v\u0161echno\"}]},{\"@type\":\"WebSite\",\"@id\":\"https:\\\/\\\/vendeto.am\\\/#website\",\"url\":\"https:\\\/\\\/vendeto.am\\\/\",\"name\":\"\",\"description\":\"\",\"potentialAction\":[{\"@type\":\"SearchAction\",\"target\":{\"@type\":\"EntryPoint\",\"urlTemplate\":\"https:\\\/\\\/vendeto.am\\\/?s={search_term_string}\"},\"query-input\":{\"@type\":\"PropertyValueSpecification\",\"valueRequired\":true,\"valueName\":\"search_term_string\"}}],\"inLanguage\":\"ru-RU\"},{\"@type\":\"Person\",\"@id\":\"https:\\\/\\\/vendeto.am\\\/#\\\/schema\\\/person\\\/48a4bd89d2048190ecc61e5ce821bef7\",\"name\":\"admin\",\"image\":{\"@type\":\"ImageObject\",\"inLanguage\":\"ru-RU\",\"@id\":\"https:\\\/\\\/secure.gravatar.com\\\/avatar\\\/df64e550a0653b7be0f1bcf897f33faad9c2c8153472b2d9319beafb51370f6f?s=96&d=mm&r=g\",\"url\":\"https:\\\/\\\/secure.gravatar.com\\\/avatar\\\/df64e550a0653b7be0f1bcf897f33faad9c2c8153472b2d9319beafb51370f6f?s=96&d=mm&r=g\",\"contentUrl\":\"https:\\\/\\\/secure.gravatar.com\\\/avatar\\\/df64e550a0653b7be0f1bcf897f33faad9c2c8153472b2d9319beafb51370f6f?s=96&d=mm&r=g\",\"caption\":\"admin\"},\"sameAs\":[\"http:\\\/\\\/vendeto.am\"],\"url\":\"https:\\\/\\\/vendeto.am\\\/?author=1\"}]}<\/script>\n<!-- \/ Yoast SEO plugin. -->","yoast_head_json":{"title":"M\u016eJ MAN\u017dEL NEV\u011aD\u011aL, \u017dE JE TAM KAMERA. To, co jsem ho vid\u011bla d\u011blat na\u0161\u00ed dce\u0159i b\u011bhem m\u00e9 nep\u0159\u00edtomnosti, zm\u011bnilo \u00fapln\u011b v\u0161echno -","robots":{"index":"index","follow":"follow","max-snippet":"max-snippet:-1","max-image-preview":"max-image-preview:large","max-video-preview":"max-video-preview:-1"},"canonical":"https:\/\/vendeto.am\/?p=24855","og_locale":"ru_RU","og_type":"article","og_title":"M\u016eJ MAN\u017dEL NEV\u011aD\u011aL, \u017dE JE TAM KAMERA. To, co jsem ho vid\u011bla d\u011blat na\u0161\u00ed dce\u0159i b\u011bhem m\u00e9 nep\u0159\u00edtomnosti, zm\u011bnilo \u00fapln\u011b v\u0161echno -","og_description":"Nikdy jsem si nemyslela, \u017ee budu ten typ \u017eeny, kter\u00e1 instaluje doma skrytou kameru. Ale posledn\u00ed t\u00fddny jsem m\u011bla zvl\u00e1\u0161tn\u00ed pocit. Ne podez\u0159en\u00ed","og_url":"https:\/\/vendeto.am\/?p=24855","article_published_time":"2025-08-02T10:59:30+00:00","article_modified_time":"2025-08-02T11:00:19+00:00","og_image":[{"width":762,"height":1024,"url":"https:\/\/vendeto.am\/wp-content\/uploads\/2025\/08\/image-6.png","type":"image\/png"}],"author":"admin","twitter_card":"summary_large_image","twitter_misc":{"\u041d\u0430\u043f\u0438\u0441\u0430\u043d\u043e \u0430\u0432\u0442\u043e\u0440\u043e\u043c":"admin","\u041f\u0440\u0438\u043c\u0435\u0440\u043d\u043e\u0435 \u0432\u0440\u0435\u043c\u044f \u0434\u043b\u044f \u0447\u0442\u0435\u043d\u0438\u044f":"2 \u043c\u0438\u043d\u0443\u0442\u044b"},"schema":{"@context":"https:\/\/schema.org","@graph":[{"@type":"Article","@id":"https:\/\/vendeto.am\/?p=24855#article","isPartOf":{"@id":"https:\/\/vendeto.am\/?p=24855"},"author":{"name":"admin","@id":"https:\/\/vendeto.am\/#\/schema\/person\/48a4bd89d2048190ecc61e5ce821bef7"},"headline":"M\u016eJ MAN\u017dEL NEV\u011aD\u011aL, \u017dE JE TAM KAMERA. To, co jsem ho vid\u011bla d\u011blat na\u0161\u00ed dce\u0159i b\u011bhem m\u00e9 nep\u0159\u00edtomnosti, zm\u011bnilo \u00fapln\u011b v\u0161echno","datePublished":"2025-08-02T10:59:30+00:00","dateModified":"2025-08-02T11:00:19+00:00","mainEntityOfPage":{"@id":"https:\/\/vendeto.am\/?p=24855"},"wordCount":412,"commentCount":0,"image":{"@id":"https:\/\/vendeto.am\/?p=24855#primaryimage"},"thumbnailUrl":"https:\/\/vendeto.am\/wp-content\/uploads\/2025\/08\/image-6.png","articleSection":["NEWS"],"inLanguage":"ru-RU","potentialAction":[{"@type":"CommentAction","name":"Comment","target":["https:\/\/vendeto.am\/?p=24855#respond"]}]},{"@type":"WebPage","@id":"https:\/\/vendeto.am\/?p=24855","url":"https:\/\/vendeto.am\/?p=24855","name":"M\u016eJ MAN\u017dEL NEV\u011aD\u011aL, \u017dE JE TAM KAMERA. To, co jsem ho vid\u011bla d\u011blat na\u0161\u00ed dce\u0159i b\u011bhem m\u00e9 nep\u0159\u00edtomnosti, zm\u011bnilo \u00fapln\u011b v\u0161echno -","isPartOf":{"@id":"https:\/\/vendeto.am\/#website"},"primaryImageOfPage":{"@id":"https:\/\/vendeto.am\/?p=24855#primaryimage"},"image":{"@id":"https:\/\/vendeto.am\/?p=24855#primaryimage"},"thumbnailUrl":"https:\/\/vendeto.am\/wp-content\/uploads\/2025\/08\/image-6.png","datePublished":"2025-08-02T10:59:30+00:00","dateModified":"2025-08-02T11:00:19+00:00","author":{"@id":"https:\/\/vendeto.am\/#\/schema\/person\/48a4bd89d2048190ecc61e5ce821bef7"},"breadcrumb":{"@id":"https:\/\/vendeto.am\/?p=24855#breadcrumb"},"inLanguage":"ru-RU","potentialAction":[{"@type":"ReadAction","target":["https:\/\/vendeto.am\/?p=24855"]}]},{"@type":"ImageObject","inLanguage":"ru-RU","@id":"https:\/\/vendeto.am\/?p=24855#primaryimage","url":"https:\/\/vendeto.am\/wp-content\/uploads\/2025\/08\/image-6.png","contentUrl":"https:\/\/vendeto.am\/wp-content\/uploads\/2025\/08\/image-6.png","width":762,"height":1024},{"@type":"BreadcrumbList","@id":"https:\/\/vendeto.am\/?p=24855#breadcrumb","itemListElement":[{"@type":"ListItem","position":1,"name":"\u0413\u043b\u0430\u0432\u043d\u0430\u044f \u0441\u0442\u0440\u0430\u043d\u0438\u0446\u0430","item":"https:\/\/vendeto.am\/"},{"@type":"ListItem","position":2,"name":"M\u016eJ MAN\u017dEL NEV\u011aD\u011aL, \u017dE JE TAM KAMERA. To, co jsem ho vid\u011bla d\u011blat na\u0161\u00ed dce\u0159i b\u011bhem m\u00e9 nep\u0159\u00edtomnosti, zm\u011bnilo \u00fapln\u011b v\u0161echno"}]},{"@type":"WebSite","@id":"https:\/\/vendeto.am\/#website","url":"https:\/\/vendeto.am\/","name":"","description":"","potentialAction":[{"@type":"SearchAction","target":{"@type":"EntryPoint","urlTemplate":"https:\/\/vendeto.am\/?s={search_term_string}"},"query-input":{"@type":"PropertyValueSpecification","valueRequired":true,"valueName":"search_term_string"}}],"inLanguage":"ru-RU"},{"@type":"Person","@id":"https:\/\/vendeto.am\/#\/schema\/person\/48a4bd89d2048190ecc61e5ce821bef7","name":"admin","image":{"@type":"ImageObject","inLanguage":"ru-RU","@id":"https:\/\/secure.gravatar.com\/avatar\/df64e550a0653b7be0f1bcf897f33faad9c2c8153472b2d9319beafb51370f6f?s=96&d=mm&r=g","url":"https:\/\/secure.gravatar.com\/avatar\/df64e550a0653b7be0f1bcf897f33faad9c2c8153472b2d9319beafb51370f6f?s=96&d=mm&r=g","contentUrl":"https:\/\/secure.gravatar.com\/avatar\/df64e550a0653b7be0f1bcf897f33faad9c2c8153472b2d9319beafb51370f6f?s=96&d=mm&r=g","caption":"admin"},"sameAs":["http:\/\/vendeto.am"],"url":"https:\/\/vendeto.am\/?author=1"}]}},"views":1784,"_links":{"self":[{"href":"https:\/\/vendeto.am\/index.php?rest_route=\/wp\/v2\/posts\/24855","targetHints":{"allow":["GET"]}}],"collection":[{"href":"https:\/\/vendeto.am\/index.php?rest_route=\/wp\/v2\/posts"}],"about":[{"href":"https:\/\/vendeto.am\/index.php?rest_route=\/wp\/v2\/types\/post"}],"author":[{"embeddable":true,"href":"https:\/\/vendeto.am\/index.php?rest_route=\/wp\/v2\/users\/1"}],"replies":[{"embeddable":true,"href":"https:\/\/vendeto.am\/index.php?rest_route=%2Fwp%2Fv2%2Fcomments&post=24855"}],"version-history":[{"count":1,"href":"https:\/\/vendeto.am\/index.php?rest_route=\/wp\/v2\/posts\/24855\/revisions"}],"predecessor-version":[{"id":24857,"href":"https:\/\/vendeto.am\/index.php?rest_route=\/wp\/v2\/posts\/24855\/revisions\/24857"}],"wp:featuredmedia":[{"embeddable":true,"href":"https:\/\/vendeto.am\/index.php?rest_route=\/wp\/v2\/media\/24856"}],"wp:attachment":[{"href":"https:\/\/vendeto.am\/index.php?rest_route=%2Fwp%2Fv2%2Fmedia&parent=24855"}],"wp:term":[{"taxonomy":"category","embeddable":true,"href":"https:\/\/vendeto.am\/index.php?rest_route=%2Fwp%2Fv2%2Fcategories&post=24855"},{"taxonomy":"post_tag","embeddable":true,"href":"https:\/\/vendeto.am\/index.php?rest_route=%2Fwp%2Fv2%2Ftags&post=24855"}],"curies":[{"name":"wp","href":"https:\/\/api.w.org\/{rel}","templated":true}]}}