{"id":27558,"date":"2026-01-26T22:17:26","date_gmt":"2026-01-26T19:17:26","guid":{"rendered":"https:\/\/vendeto.am\/?p=27558"},"modified":"2026-01-26T22:17:27","modified_gmt":"2026-01-26T19:17:27","slug":"ocho-anos-despues-de-la-desaparicion-de-su-hija","status":"publish","type":"post","link":"https:\/\/vendeto.am\/?p=27558","title":{"rendered":"Ocho a\u00f1os despu\u00e9s de la desaparici\u00f3n de su hija."},"content":{"rendered":"\n<p>Ocho a\u00f1os despu\u00e9s de la desaparici\u00f3n de su hija. Ocho a\u00f1os despu\u00e9s, la madre reconoci\u00f3 el rostro de su hija tatuado en el brazo de un desconocido. La verdad que se escond\u00eda detr\u00e1s de esa imagen le cort\u00f3 la respiraci\u00f3n.<\/p>\n\n\n\n<p>Una tarde de julio, el boulevard de Puerto Vallarta estaba lleno de gente. Risos, gritos de ni\u00f1os jugando y el sonido de la m\u00fasica de mariachi se mezclaban con el murmullo de las olas del Pac\u00edfico. Para do\u00f1a Elena, sin embargo, este lugar permanec\u00eda como una herida abierta que nunca sanar\u00eda. All\u00ed, hace ocho a\u00f1os, perdi\u00f3 a su \u00fanica hija, la peque\u00f1a Sof\u00eda, que ten\u00eda apenas diez a\u00f1os.<\/p>\n\n\n\n<p>Ese d\u00eda, la familia disfrutaba de la playa. Elena se alej\u00f3 un momento para buscar un sombrero, y entonces la silueta de su hija desapareci\u00f3. Al principio pens\u00f3 que Sof\u00eda hab\u00eda ido a jugar con otros ni\u00f1os, pero tras buscarla por todas partes y preguntar a todos a su alrededor, nadie la hab\u00eda visto. La administraci\u00f3n de la playa fue alertada de inmediato; desde los altavoces se hicieron anuncios para ayudar a encontrar a la ni\u00f1a con vestido huipil amarillo bordado y el cabello trenzado \u2014pero en vano. Los equipos de rescate peinaron el mar, intervino la polic\u00eda local, pero no encontraron rastro alguno. Ni un sandalia, ni su peque\u00f1a mu\u00f1eca de trapo. Como si todo se hubiera desvanecido en el h\u00famedo aire costero de Jalisco.<\/p>\n\n\n\n<p>La noticia se difundi\u00f3 r\u00e1pidamente: \u201cNi\u00f1a de diez a\u00f1os desaparece misteriosamente en la playa de Puerto Vallarta\u201d. Algunos especularon que una ola la hab\u00eda arrastrado, pero el mar estaba tranquilo ese d\u00eda. Otros sospechaban de un secuestro \u2014quiz\u00e1 relacionado con tr\u00e1fico de personas\u2014, pero las c\u00e1maras de seguridad no captaron nada convincente.<\/p>\n\n\n\n<p>Tras varias semanas, la familia regres\u00f3 a Ciudad de M\u00e9xico con el coraz\u00f3n pesado y una profunda tristeza.<\/p>\n\n\n\n<p>Desde entonces, do\u00f1a Elena emprendi\u00f3 una b\u00fasqueda incansable. Imprimi\u00f3 volantes con la imagen de la Virgen de Guadalupe y la fotograf\u00eda de su hija, pidi\u00f3 ayuda a organizaciones como Las Madres Buscadoras y viaj\u00f3 por estados vecinos siguiendo pistas diversas. Todo result\u00f3 en vano. Su esposo, Javier, enferm\u00f3 a causa del shock y falleci\u00f3 tres a\u00f1os despu\u00e9s. La gente en su barrio, Roma Norte, dec\u00eda que Elena era incre\u00edblemente fuerte: dirig\u00eda sola una peque\u00f1a panader\u00eda de reposter\u00eda dulce y segu\u00eda adelante, aferr\u00e1ndose a la \u00fanica esperanza de volver a encontrar a su hija. Para ella, Sof\u00eda nunca hab\u00eda muerto.<\/p>\n\n\n\n<p>Ocho a\u00f1os despu\u00e9s, una calurosa ma\u00f1ana de abril, do\u00f1a Elena estaba sentada frente a su panader\u00eda cuando escuch\u00f3 el motor de un autob\u00fas viejo. Un grupo de j\u00f3venes entr\u00f3 para comprar agua y pan dulce. Apenas les prest\u00f3 atenci\u00f3n \u2014hasta que su mirada se congel\u00f3. En el brazo derecho de uno de ellos hab\u00eda tatuado el rostro de una ni\u00f1a.<\/p>\n\n\n\n<p>El dibujo era simple: rostro redondo, ojos claros y cabello trenzado. Para ella, sin embargo, era inconfundible. Un dolor agudo atraves\u00f3 su pecho; sus manos temblaron y casi dej\u00f3 caer el vaso de agua fr\u00eda. Era la cara de su hija \u2014Sof\u00eda.<\/p>\n\n\n\n<p>No pudo contenerse y pregunt\u00f3:<\/p>\n\n\n\n<p>\u2014Hijo, ese tatuaje\u2026 \u00bfqui\u00e9n es?<\/p>\n\n\n\n<p>La pregunta flot\u00f3 en el aire entre el ruido de la calle y el aroma del pan reci\u00e9n horneado.<\/p>\n\n\n\n<p>El joven con el tatuaje se paraliz\u00f3. Lentamente baj\u00f3 la mano, como si la imagen de repente pesara demasiado. Mir\u00f3 a do\u00f1a Elena a los ojos y, por un instante, algo se quebr\u00f3 en su dura expresi\u00f3n. No respondi\u00f3 de inmediato. Sus amigos intercambiaron miradas nerviosas.<\/p>\n\n\n\n<p>\u2014Me llamo Daniel \u2014dijo finalmente\u2014. Ese tatuaje\u2026 es de mi hermana.<\/p>\n\n\n\n<p>Elena sinti\u00f3 que el mundo se inclinaba bajo sus pies. Se apoy\u00f3 en el marco de la puerta para no derrumbarse.<\/p>\n\n\n\n<p>\u2014\u00bfTu hermana? \u2014susurr\u00f3\u2014. \u00bfC\u00f3mo se llamaba?<\/p>\n\n\n\n<p>Daniel trag\u00f3 saliva con dificultad.<\/p>\n\n\n\n<p>\u2014Sof\u00eda.<\/p>\n\n\n\n<p>Se hizo un silencio absoluto. Los autos, las voces y los p\u00e1jaros parecieron desaparecer. Las rodillas de Elena se doblaron. Ocho a\u00f1os de oraciones, b\u00fasquedas y noches en vela se condensaron en una sola palabra.<\/p>\n\n\n\n<p>\u2014\u00bfD\u00f3nde\u2026 d\u00f3nde est\u00e1? \u2014pregunt\u00f3 apenas audible.<\/p>\n\n\n\n<p>Daniel pidi\u00f3 sentarse. Elena lo condujo a la panader\u00eda. Le ofreci\u00f3 agua, pero sus manos temblaban tanto que \u00e9l tom\u00f3 la jarra y sirvi\u00f3 \u00e9l mismo.<\/p>\n\n\n\n<p>Comenz\u00f3 a hablar despacio, como si abriera de nuevo una herida que nunca san\u00f3.<\/p>\n\n\n\n<p>Hace ocho a\u00f1os, cuando \u00e9l ten\u00eda diecisiete, viv\u00eda con su madre en un peque\u00f1o pueblo del interior de Jalisco. Su madre, Teresa, limpiaba casas y apenas ganaba para sobrevivir. Un d\u00eda regres\u00f3 con una ni\u00f1a de largas trenzas y ojos asustados. Dijo que la hab\u00eda encontrado sola, llorando junto al camino, y que parec\u00eda que nadie la buscaba.<\/p>\n\n\n\n<p>\u2014Sab\u00eda que algo no estaba bien \u2014admiti\u00f3 Daniel\u2014, pero yo era solo un ni\u00f1o y mi mam\u00e1 me dijo que no preguntara.<\/p>\n\n\n\n<p>Con el tiempo, Sof\u00eda empez\u00f3 a hablar. Compart\u00eda fragmentos de recuerdos: la playa, el vestido amarillo, la mu\u00f1eca que perdi\u00f3. Teresa dijo que la tomar\u00eda como propia. Nunca la llev\u00f3 a la polic\u00eda; tem\u00eda que se la quitaran.<\/p>\n\n\n\n<p>\u2014No fue la decisi\u00f3n correcta \u2014dijo Daniel con ojos llenos de culpa\u2014. Pero\u2026 la amaba. De verdad la amaba.<\/p>\n\n\n\n<p>Sof\u00eda creci\u00f3 como parte de la familia. Iba a la escuela, se re\u00eda, cantaba. Pero cada noche, antes de dormir, ped\u00eda que le leyeran la misma oraci\u00f3n a la Virgen de Guadalupe. Dec\u00eda que as\u00ed rezaba tambi\u00e9n su mam\u00e1.<\/p>\n\n\n\n<p>Elena se derrumb\u00f3. Ya no contuvo las l\u00e1grimas. Llor\u00f3 por su esposo, que muri\u00f3, por los a\u00f1os perdidos, por la hija que creci\u00f3 lejos de ella.<\/p>\n\n\n\n<p>\u2014\u00bfEst\u00e1 viva? \u2014pregunt\u00f3 entre sollozos.<\/p>\n\n\n\n<p>Daniel asinti\u00f3.<\/p>\n\n\n\n<p>\u2014Est\u00e1 viva. Y es fuerte. Muy fuerte.<\/p>\n\n\n\n<p>La vio por \u00faltima vez hace dos meses. Sof\u00eda \u2014ahora de dieciocho a\u00f1os\u2014 trabajaba como asistente en una cl\u00ednica comunitaria. Teresa hab\u00eda muerto un a\u00f1o antes y, antes de morir, confes\u00f3 todo. Le dijo a Sof\u00eda que no era su hija biol\u00f3gica, que la hab\u00eda encontrado en la playa de Puerto Vallarta y que ten\u00eda miedo.<\/p>\n\n\n\n<p>\u2014Sof\u00eda se enoj\u00f3 mucho \u2014dijo Daniel\u2014. Pero tambi\u00e9n perdon\u00f3.<\/p>\n\n\n\n<figure class=\"wp-block-image size-large\"><img loading=\"lazy\" decoding=\"async\" width=\"826\" height=\"1024\" src=\"https:\/\/vendeto.am\/wp-content\/uploads\/2026\/01\/617424351_122201026886507230_73511679788002794_n-826x1024.jpg\" alt=\"\" class=\"wp-image-27559\" srcset=\"https:\/\/vendeto.am\/wp-content\/uploads\/2026\/01\/617424351_122201026886507230_73511679788002794_n-826x1024.jpg 826w, https:\/\/vendeto.am\/wp-content\/uploads\/2026\/01\/617424351_122201026886507230_73511679788002794_n-242x300.jpg 242w, https:\/\/vendeto.am\/wp-content\/uploads\/2026\/01\/617424351_122201026886507230_73511679788002794_n-768x952.jpg 768w, https:\/\/vendeto.am\/wp-content\/uploads\/2026\/01\/617424351_122201026886507230_73511679788002794_n.jpg 1170w\" sizes=\"auto, (max-width: 826px) 100vw, 826px\" \/><\/figure>\n\n\n\n<p>Al escuchar esto, Elena supo que su hija segu\u00eda siendo la misma ni\u00f1a de gran coraz\u00f3n.<\/p>\n\n\n\n<p>Esa misma tarde, fueron juntas a la cl\u00ednica.<\/p>\n\n\n\n<p>El viaje pareci\u00f3 interminable. Elena apretaba el rosario entre los dedos. Tem\u00eda que fuera una pesadilla cruel, que Sof\u00eda no la reconociera, que no quisiera verla.<\/p>\n\n\n\n<p>Al entrar, la joven de cabello oscuro trenzado levant\u00f3 la vista del mostrador. Al ver a Daniel, su rostro se ilumin\u00f3.<\/p>\n\n\n\n<p>\u2014\u00bfQu\u00e9 haces aqu\u00ed? \u2014pregunt\u00f3 con una sonrisa.<\/p>\n\n\n\n<p>Luego mir\u00f3 a Elena.<\/p>\n\n\n\n<p>El tiempo se detuvo.<\/p>\n\n\n\n<p>Elena no dijo nada. No pod\u00eda. Dio un solo paso hacia adelante. Sof\u00eda la observ\u00f3 con atenci\u00f3n, como si despertara algo antiguo. Vio las manos temblorosas, los ojos llenos de l\u00e1grimas, el rostro marcado por los a\u00f1os.<\/p>\n\n\n\n<p>\u2014\u00bfMam\u00e1? \u2014dijo casi sin darse cuenta.<\/p>\n\n\n\n<p>Elena se llev\u00f3 la mano al pecho y cay\u00f3 de rodillas.<\/p>\n\n\n\n<p>No hicieron falta ex\u00e1menes, documentos ni largas explicaciones. Se abrazaron, como si el cuerpo recordara lo que la mente hab\u00eda olvidado. Lloraron juntas, rieron juntas, temblaron juntas.<\/p>\n\n\n\n<p>Horas de conversaci\u00f3n siguieron. Sof\u00eda cont\u00f3 su vida; Elena, la suya. Hablaron de Javier, de la panader\u00eda, de Roma Norte, de b\u00fasquedas y noches de oraci\u00f3n.<\/p>\n\n\n\n<p>Sof\u00eda sac\u00f3 de su mochila un peque\u00f1o objeto desgastado: la mu\u00f1eca de trapo.<\/p>\n\n\n\n<p>\u2014La encontr\u00e9 despu\u00e9s de tantos a\u00f1os \u2014dijo\u2014. Siempre supe que ten\u00eda una vida antes de ahora.<\/p>\n\n\n\n<p>Los d\u00edas siguientes estuvieron llenos de papeleo y pruebas de ADN que confirmaron lo que el coraz\u00f3n ya sab\u00eda. La noticia se difundi\u00f3 por el barrio, entre viejos conocidos y Las Madres Buscadoras \u2014no como tragedia, sino como milagro.<\/p>\n\n\n\n<p>Sof\u00eda decidi\u00f3 mudarse a Ciudad de M\u00e9xico para vivir con su madre. No por obligaci\u00f3n, sino por voluntad propia. La panader\u00eda volvi\u00f3 a llenarse de risas. Sof\u00eda aprendi\u00f3 a hornear conchas y pan de muerto. Elena aprendi\u00f3 a usar un celular moderno para poder enviarle mensajes cuando llegaba tarde a casa.<\/p>\n\n\n\n<p>Daniel sigui\u00f3 visitando. Pertenec\u00eda a la familia. El tatuaje en el brazo ya no dol\u00eda; se convirti\u00f3 en s\u00edmbolo de amor, no de p\u00e9rdida.<\/p>\n\n\n\n<p>Un a\u00f1o despu\u00e9s, madre e hija regresaron juntas a Puerto Vallarta. Caminaron de la mano por el malec\u00f3n y lanzaron flores blancas al mar \u2014no como despedida, sino como cierre de un ciclo.<\/p>\n\n\n\n<p>\u2014Ya no tengo miedo \u2014dijo Sof\u00eda\u2014. Ahora s\u00e9 qui\u00e9n soy.<\/p>\n\n\n\n<p>Elena sonri\u00f3. Ocho a\u00f1os de oscuridad no vencieron al amor.<\/p>\n\n\n\n<p>Porque a veces, incluso despu\u00e9s de la desaparici\u00f3n m\u00e1s larga, la vida decide devolver lo que nunca debi\u00f3 perderse.<\/p>\n\n\n\n<p>Y esta vez \u2014para siempre.<\/p>\n","protected":false},"excerpt":{"rendered":"Ocho a\u00f1os despu\u00e9s de la desaparici\u00f3n de su hija. Ocho a\u00f1os despu\u00e9s, la madre reconoci\u00f3 el rostro de su hija tatuado en el \n<a class=\"moretag\" href=\"https:\/\/vendeto.am\/?p=27558\"> [...]<\/a>","protected":false},"author":1,"featured_media":27559,"comment_status":"open","ping_status":"open","sticky":false,"template":"","format":"standard","meta":{"footnotes":""},"categories":[3],"tags":[],"class_list":["post-27558","post","type-post","status-publish","format-standard","has-post-thumbnail","hentry","category-video"],"yoast_head":"<!-- This site is optimized with the Yoast SEO plugin v27.4 - https:\/\/yoast.com\/product\/yoast-seo-wordpress\/ -->\n<title>Ocho a\u00f1os despu\u00e9s de la desaparici\u00f3n de su hija. -<\/title>\n<meta name=\"robots\" content=\"index, follow, max-snippet:-1, max-image-preview:large, max-video-preview:-1\" \/>\n<link rel=\"canonical\" href=\"https:\/\/vendeto.am\/?p=27558\" \/>\n<meta property=\"og:locale\" content=\"ru_RU\" \/>\n<meta property=\"og:type\" content=\"article\" \/>\n<meta property=\"og:title\" content=\"Ocho a\u00f1os despu\u00e9s de la desaparici\u00f3n de su hija. -\" \/>\n<meta property=\"og:description\" content=\"Ocho a\u00f1os despu\u00e9s de la desaparici\u00f3n de su hija. Ocho a\u00f1os despu\u00e9s, la madre reconoci\u00f3 el rostro de su hija tatuado en el\" \/>\n<meta property=\"og:url\" content=\"https:\/\/vendeto.am\/?p=27558\" \/>\n<meta property=\"article:published_time\" content=\"2026-01-26T19:17:26+00:00\" \/>\n<meta property=\"article:modified_time\" content=\"2026-01-26T19:17:27+00:00\" \/>\n<meta property=\"og:image\" content=\"https:\/\/vendeto.am\/wp-content\/uploads\/2026\/01\/617424351_122201026886507230_73511679788002794_n.jpg\" \/>\n\t<meta property=\"og:image:width\" content=\"1170\" \/>\n\t<meta property=\"og:image:height\" content=\"1450\" \/>\n\t<meta property=\"og:image:type\" content=\"image\/jpeg\" \/>\n<meta name=\"author\" content=\"admin\" \/>\n<meta name=\"twitter:card\" content=\"summary_large_image\" \/>\n<meta name=\"twitter:label1\" content=\"\u041d\u0430\u043f\u0438\u0441\u0430\u043d\u043e \u0430\u0432\u0442\u043e\u0440\u043e\u043c\" \/>\n\t<meta name=\"twitter:data1\" content=\"admin\" \/>\n\t<meta name=\"twitter:label2\" content=\"\u041f\u0440\u0438\u043c\u0435\u0440\u043d\u043e\u0435 \u0432\u0440\u0435\u043c\u044f \u0434\u043b\u044f \u0447\u0442\u0435\u043d\u0438\u044f\" \/>\n\t<meta name=\"twitter:data2\" content=\"9 \u043c\u0438\u043d\u0443\u0442\" \/>\n<script type=\"application\/ld+json\" class=\"yoast-schema-graph\">{\"@context\":\"https:\\\/\\\/schema.org\",\"@graph\":[{\"@type\":\"Article\",\"@id\":\"https:\\\/\\\/vendeto.am\\\/?p=27558#article\",\"isPartOf\":{\"@id\":\"https:\\\/\\\/vendeto.am\\\/?p=27558\"},\"author\":{\"name\":\"admin\",\"@id\":\"https:\\\/\\\/vendeto.am\\\/#\\\/schema\\\/person\\\/48a4bd89d2048190ecc61e5ce821bef7\"},\"headline\":\"Ocho a\u00f1os despu\u00e9s de la desaparici\u00f3n de su hija.\",\"datePublished\":\"2026-01-26T19:17:26+00:00\",\"dateModified\":\"2026-01-26T19:17:27+00:00\",\"mainEntityOfPage\":{\"@id\":\"https:\\\/\\\/vendeto.am\\\/?p=27558\"},\"wordCount\":1570,\"commentCount\":0,\"image\":{\"@id\":\"https:\\\/\\\/vendeto.am\\\/?p=27558#primaryimage\"},\"thumbnailUrl\":\"https:\\\/\\\/vendeto.am\\\/wp-content\\\/uploads\\\/2026\\\/01\\\/617424351_122201026886507230_73511679788002794_n.jpg\",\"articleSection\":[\"VIDEO\"],\"inLanguage\":\"ru-RU\",\"potentialAction\":[{\"@type\":\"CommentAction\",\"name\":\"Comment\",\"target\":[\"https:\\\/\\\/vendeto.am\\\/?p=27558#respond\"]}]},{\"@type\":\"WebPage\",\"@id\":\"https:\\\/\\\/vendeto.am\\\/?p=27558\",\"url\":\"https:\\\/\\\/vendeto.am\\\/?p=27558\",\"name\":\"Ocho a\u00f1os despu\u00e9s de la desaparici\u00f3n de su hija. -\",\"isPartOf\":{\"@id\":\"https:\\\/\\\/vendeto.am\\\/#website\"},\"primaryImageOfPage\":{\"@id\":\"https:\\\/\\\/vendeto.am\\\/?p=27558#primaryimage\"},\"image\":{\"@id\":\"https:\\\/\\\/vendeto.am\\\/?p=27558#primaryimage\"},\"thumbnailUrl\":\"https:\\\/\\\/vendeto.am\\\/wp-content\\\/uploads\\\/2026\\\/01\\\/617424351_122201026886507230_73511679788002794_n.jpg\",\"datePublished\":\"2026-01-26T19:17:26+00:00\",\"dateModified\":\"2026-01-26T19:17:27+00:00\",\"author\":{\"@id\":\"https:\\\/\\\/vendeto.am\\\/#\\\/schema\\\/person\\\/48a4bd89d2048190ecc61e5ce821bef7\"},\"breadcrumb\":{\"@id\":\"https:\\\/\\\/vendeto.am\\\/?p=27558#breadcrumb\"},\"inLanguage\":\"ru-RU\",\"potentialAction\":[{\"@type\":\"ReadAction\",\"target\":[\"https:\\\/\\\/vendeto.am\\\/?p=27558\"]}]},{\"@type\":\"ImageObject\",\"inLanguage\":\"ru-RU\",\"@id\":\"https:\\\/\\\/vendeto.am\\\/?p=27558#primaryimage\",\"url\":\"https:\\\/\\\/vendeto.am\\\/wp-content\\\/uploads\\\/2026\\\/01\\\/617424351_122201026886507230_73511679788002794_n.jpg\",\"contentUrl\":\"https:\\\/\\\/vendeto.am\\\/wp-content\\\/uploads\\\/2026\\\/01\\\/617424351_122201026886507230_73511679788002794_n.jpg\",\"width\":1170,\"height\":1450},{\"@type\":\"BreadcrumbList\",\"@id\":\"https:\\\/\\\/vendeto.am\\\/?p=27558#breadcrumb\",\"itemListElement\":[{\"@type\":\"ListItem\",\"position\":1,\"name\":\"\u0413\u043b\u0430\u0432\u043d\u0430\u044f \u0441\u0442\u0440\u0430\u043d\u0438\u0446\u0430\",\"item\":\"https:\\\/\\\/vendeto.am\\\/\"},{\"@type\":\"ListItem\",\"position\":2,\"name\":\"Ocho a\u00f1os despu\u00e9s de la desaparici\u00f3n de su hija.\"}]},{\"@type\":\"WebSite\",\"@id\":\"https:\\\/\\\/vendeto.am\\\/#website\",\"url\":\"https:\\\/\\\/vendeto.am\\\/\",\"name\":\"\",\"description\":\"\",\"potentialAction\":[{\"@type\":\"SearchAction\",\"target\":{\"@type\":\"EntryPoint\",\"urlTemplate\":\"https:\\\/\\\/vendeto.am\\\/?s={search_term_string}\"},\"query-input\":{\"@type\":\"PropertyValueSpecification\",\"valueRequired\":true,\"valueName\":\"search_term_string\"}}],\"inLanguage\":\"ru-RU\"},{\"@type\":\"Person\",\"@id\":\"https:\\\/\\\/vendeto.am\\\/#\\\/schema\\\/person\\\/48a4bd89d2048190ecc61e5ce821bef7\",\"name\":\"admin\",\"image\":{\"@type\":\"ImageObject\",\"inLanguage\":\"ru-RU\",\"@id\":\"https:\\\/\\\/secure.gravatar.com\\\/avatar\\\/df64e550a0653b7be0f1bcf897f33faad9c2c8153472b2d9319beafb51370f6f?s=96&d=mm&r=g\",\"url\":\"https:\\\/\\\/secure.gravatar.com\\\/avatar\\\/df64e550a0653b7be0f1bcf897f33faad9c2c8153472b2d9319beafb51370f6f?s=96&d=mm&r=g\",\"contentUrl\":\"https:\\\/\\\/secure.gravatar.com\\\/avatar\\\/df64e550a0653b7be0f1bcf897f33faad9c2c8153472b2d9319beafb51370f6f?s=96&d=mm&r=g\",\"caption\":\"admin\"},\"sameAs\":[\"http:\\\/\\\/vendeto.am\"],\"url\":\"https:\\\/\\\/vendeto.am\\\/?author=1\"}]}<\/script>\n<!-- \/ Yoast SEO plugin. -->","yoast_head_json":{"title":"Ocho a\u00f1os despu\u00e9s de la desaparici\u00f3n de su hija. -","robots":{"index":"index","follow":"follow","max-snippet":"max-snippet:-1","max-image-preview":"max-image-preview:large","max-video-preview":"max-video-preview:-1"},"canonical":"https:\/\/vendeto.am\/?p=27558","og_locale":"ru_RU","og_type":"article","og_title":"Ocho a\u00f1os despu\u00e9s de la desaparici\u00f3n de su hija. -","og_description":"Ocho a\u00f1os despu\u00e9s de la desaparici\u00f3n de su hija. Ocho a\u00f1os despu\u00e9s, la madre reconoci\u00f3 el rostro de su hija tatuado en el","og_url":"https:\/\/vendeto.am\/?p=27558","article_published_time":"2026-01-26T19:17:26+00:00","article_modified_time":"2026-01-26T19:17:27+00:00","og_image":[{"width":1170,"height":1450,"url":"https:\/\/vendeto.am\/wp-content\/uploads\/2026\/01\/617424351_122201026886507230_73511679788002794_n.jpg","type":"image\/jpeg"}],"author":"admin","twitter_card":"summary_large_image","twitter_misc":{"\u041d\u0430\u043f\u0438\u0441\u0430\u043d\u043e \u0430\u0432\u0442\u043e\u0440\u043e\u043c":"admin","\u041f\u0440\u0438\u043c\u0435\u0440\u043d\u043e\u0435 \u0432\u0440\u0435\u043c\u044f \u0434\u043b\u044f \u0447\u0442\u0435\u043d\u0438\u044f":"9 \u043c\u0438\u043d\u0443\u0442"},"schema":{"@context":"https:\/\/schema.org","@graph":[{"@type":"Article","@id":"https:\/\/vendeto.am\/?p=27558#article","isPartOf":{"@id":"https:\/\/vendeto.am\/?p=27558"},"author":{"name":"admin","@id":"https:\/\/vendeto.am\/#\/schema\/person\/48a4bd89d2048190ecc61e5ce821bef7"},"headline":"Ocho a\u00f1os despu\u00e9s de la desaparici\u00f3n de su hija.","datePublished":"2026-01-26T19:17:26+00:00","dateModified":"2026-01-26T19:17:27+00:00","mainEntityOfPage":{"@id":"https:\/\/vendeto.am\/?p=27558"},"wordCount":1570,"commentCount":0,"image":{"@id":"https:\/\/vendeto.am\/?p=27558#primaryimage"},"thumbnailUrl":"https:\/\/vendeto.am\/wp-content\/uploads\/2026\/01\/617424351_122201026886507230_73511679788002794_n.jpg","articleSection":["VIDEO"],"inLanguage":"ru-RU","potentialAction":[{"@type":"CommentAction","name":"Comment","target":["https:\/\/vendeto.am\/?p=27558#respond"]}]},{"@type":"WebPage","@id":"https:\/\/vendeto.am\/?p=27558","url":"https:\/\/vendeto.am\/?p=27558","name":"Ocho a\u00f1os despu\u00e9s de la desaparici\u00f3n de su hija. -","isPartOf":{"@id":"https:\/\/vendeto.am\/#website"},"primaryImageOfPage":{"@id":"https:\/\/vendeto.am\/?p=27558#primaryimage"},"image":{"@id":"https:\/\/vendeto.am\/?p=27558#primaryimage"},"thumbnailUrl":"https:\/\/vendeto.am\/wp-content\/uploads\/2026\/01\/617424351_122201026886507230_73511679788002794_n.jpg","datePublished":"2026-01-26T19:17:26+00:00","dateModified":"2026-01-26T19:17:27+00:00","author":{"@id":"https:\/\/vendeto.am\/#\/schema\/person\/48a4bd89d2048190ecc61e5ce821bef7"},"breadcrumb":{"@id":"https:\/\/vendeto.am\/?p=27558#breadcrumb"},"inLanguage":"ru-RU","potentialAction":[{"@type":"ReadAction","target":["https:\/\/vendeto.am\/?p=27558"]}]},{"@type":"ImageObject","inLanguage":"ru-RU","@id":"https:\/\/vendeto.am\/?p=27558#primaryimage","url":"https:\/\/vendeto.am\/wp-content\/uploads\/2026\/01\/617424351_122201026886507230_73511679788002794_n.jpg","contentUrl":"https:\/\/vendeto.am\/wp-content\/uploads\/2026\/01\/617424351_122201026886507230_73511679788002794_n.jpg","width":1170,"height":1450},{"@type":"BreadcrumbList","@id":"https:\/\/vendeto.am\/?p=27558#breadcrumb","itemListElement":[{"@type":"ListItem","position":1,"name":"\u0413\u043b\u0430\u0432\u043d\u0430\u044f \u0441\u0442\u0440\u0430\u043d\u0438\u0446\u0430","item":"https:\/\/vendeto.am\/"},{"@type":"ListItem","position":2,"name":"Ocho a\u00f1os despu\u00e9s de la desaparici\u00f3n de su hija."}]},{"@type":"WebSite","@id":"https:\/\/vendeto.am\/#website","url":"https:\/\/vendeto.am\/","name":"","description":"","potentialAction":[{"@type":"SearchAction","target":{"@type":"EntryPoint","urlTemplate":"https:\/\/vendeto.am\/?s={search_term_string}"},"query-input":{"@type":"PropertyValueSpecification","valueRequired":true,"valueName":"search_term_string"}}],"inLanguage":"ru-RU"},{"@type":"Person","@id":"https:\/\/vendeto.am\/#\/schema\/person\/48a4bd89d2048190ecc61e5ce821bef7","name":"admin","image":{"@type":"ImageObject","inLanguage":"ru-RU","@id":"https:\/\/secure.gravatar.com\/avatar\/df64e550a0653b7be0f1bcf897f33faad9c2c8153472b2d9319beafb51370f6f?s=96&d=mm&r=g","url":"https:\/\/secure.gravatar.com\/avatar\/df64e550a0653b7be0f1bcf897f33faad9c2c8153472b2d9319beafb51370f6f?s=96&d=mm&r=g","contentUrl":"https:\/\/secure.gravatar.com\/avatar\/df64e550a0653b7be0f1bcf897f33faad9c2c8153472b2d9319beafb51370f6f?s=96&d=mm&r=g","caption":"admin"},"sameAs":["http:\/\/vendeto.am"],"url":"https:\/\/vendeto.am\/?author=1"}]}},"views":623,"_links":{"self":[{"href":"https:\/\/vendeto.am\/index.php?rest_route=\/wp\/v2\/posts\/27558","targetHints":{"allow":["GET"]}}],"collection":[{"href":"https:\/\/vendeto.am\/index.php?rest_route=\/wp\/v2\/posts"}],"about":[{"href":"https:\/\/vendeto.am\/index.php?rest_route=\/wp\/v2\/types\/post"}],"author":[{"embeddable":true,"href":"https:\/\/vendeto.am\/index.php?rest_route=\/wp\/v2\/users\/1"}],"replies":[{"embeddable":true,"href":"https:\/\/vendeto.am\/index.php?rest_route=%2Fwp%2Fv2%2Fcomments&post=27558"}],"version-history":[{"count":1,"href":"https:\/\/vendeto.am\/index.php?rest_route=\/wp\/v2\/posts\/27558\/revisions"}],"predecessor-version":[{"id":27560,"href":"https:\/\/vendeto.am\/index.php?rest_route=\/wp\/v2\/posts\/27558\/revisions\/27560"}],"wp:featuredmedia":[{"embeddable":true,"href":"https:\/\/vendeto.am\/index.php?rest_route=\/wp\/v2\/media\/27559"}],"wp:attachment":[{"href":"https:\/\/vendeto.am\/index.php?rest_route=%2Fwp%2Fv2%2Fmedia&parent=27558"}],"wp:term":[{"taxonomy":"category","embeddable":true,"href":"https:\/\/vendeto.am\/index.php?rest_route=%2Fwp%2Fv2%2Fcategories&post=27558"},{"taxonomy":"post_tag","embeddable":true,"href":"https:\/\/vendeto.am\/index.php?rest_route=%2Fwp%2Fv2%2Ftags&post=27558"}],"curies":[{"name":"wp","href":"https:\/\/api.w.org\/{rel}","templated":true}]}}