{"id":27582,"date":"2026-01-27T21:37:33","date_gmt":"2026-01-27T18:37:33","guid":{"rendered":"https:\/\/vendeto.am\/?p=27582"},"modified":"2026-01-27T21:37:35","modified_gmt":"2026-01-27T18:37:35","slug":"un-grupo-de-adolescentes-estaba-maltratando-a-una-chica-con-discapacidad-en-el-comedor-una-hora-despues-todo-cambio","status":"publish","type":"post","link":"https:\/\/vendeto.am\/?p=27582","title":{"rendered":"Un grupo de adolescentes estaba maltratando a una chica con discapacidad en el comedor\u2026 \u2014una hora despu\u00e9s, todo cambi\u00f3."},"content":{"rendered":"\n<p>Un grupo de adolescentes estaba maltratando a una chica con discapacidad en el comedor\u2026 \u2014una hora despu\u00e9s, todo cambi\u00f3.<\/p>\n\n\n\n<p>El sol de la ma\u00f1ana se reflejaba en las superficies cromadas del restaurante, brillando en los dispensadores de servilletas y en las jarras de caf\u00e9. Normalmente, era un lugar acogedor: donde los pancakes ol\u00edan a hogar y el jarabe de arce calentaba el alma. Pero esa ma\u00f1ana, en un rinc\u00f3n, se pos\u00f3 una sombra que parec\u00eda absorber toda la luz.<\/p>\n\n\n\n<p>All\u00ed estaba Clara, con su silla de ruedas junto a la mesa, delante de un plato de pancakes \u2014su fr\u00e1gil escudo frente al mundo. A sus diecis\u00e9is a\u00f1os hab\u00eda aprendido a soportar miradas, susurros y compasi\u00f3n fingida. Pero nada la prepar\u00f3 para lo que estaba a punto de suceder.<\/p>\n\n\n\n<p>A su lado, un grupo de chicos se re\u00eda con crueldad en los ojos. Uno de ellos volc\u00f3 su plato: los pancakes cayeron al suelo y el jarabe se derram\u00f3. Otro empuj\u00f3 su silla, que se tambale\u00f3 peligrosamente.<\/p>\n\n\n\n<p>Todo el comedor se paraliz\u00f3. Los tenedores quedaron suspendidos en el aire, las voces se apagaron. La risa de esos chicos resonaba como el sonido de vidrios rotos. Clara intentaba contener las l\u00e1grimas, pero la humillaci\u00f3n dol\u00eda m\u00e1s que el golpe f\u00edsico.<\/p>\n\n\n\n<p>Alrededor de ella, nadie se movi\u00f3 ni dijo palabra. Todos miraban fijamente sus platos.<\/p>\n\n\n\n<p>Por un instante, pareci\u00f3 que la crueldad de unos pocos adolescentes dominaba todo el lugar\u2026<\/p>\n\n\n\n<p>Y lo que ocurri\u00f3 despu\u00e9s dej\u00f3 a todos sin aliento.<\/p>\n\n\n\n<figure class=\"wp-block-image size-full\"><img loading=\"lazy\" decoding=\"async\" width=\"800\" height=\"404\" src=\"https:\/\/vendeto.am\/wp-content\/uploads\/2026\/01\/8956.jpg\" alt=\"\" class=\"wp-image-27583\" srcset=\"https:\/\/vendeto.am\/wp-content\/uploads\/2026\/01\/8956.jpg 800w, https:\/\/vendeto.am\/wp-content\/uploads\/2026\/01\/8956-300x152.jpg 300w, https:\/\/vendeto.am\/wp-content\/uploads\/2026\/01\/8956-768x388.jpg 768w\" sizes=\"auto, (max-width: 800px) 100vw, 800px\" \/><\/figure>\n\n\n\n<p>Una hora m\u00e1s tarde, desde el estacionamiento se oy\u00f3 el rugido de motocicletas, un estruendo como un trueno que sacudi\u00f3 el silencioso comedor. Los clientes apenas levantaron la cabeza \u2014algunos todav\u00eda demasiado conmocionados para reaccionar. Entonces, las puertas se abrieron de golpe y entraron unos doce motociclistas vestidos de cuero negro, con cadenas que tintineaban a cada paso y miradas llenas de determinaci\u00f3n.<\/p>\n\n\n\n<p>No vinieron a pelear. Sus ojos se posaron inmediatamente en Clara \u2014y en el aire se sinti\u00f3 un cambio. Una sensaci\u00f3n de justicia recorri\u00f3 la sala como una ola.<\/p>\n\n\n\n<p>El l\u00edder del grupo, un hombre con barba canosa, se acerc\u00f3 a los chicos que momentos antes hab\u00edan maltratado a la joven.<\/p>\n\n\n\n<p>\u2014Bueno \u2014dijo con voz profunda\u2014, parece que necesitan una lecci\u00f3n.<\/p>\n\n\n\n<p>Los adolescentes quedaron paralizados por la sorpresa y el miedo. Esos hombres enormes ni siquiera tuvieron que tocarles; su sola presencia irradiaba fuerza.<\/p>\n\n\n\n<p>El l\u00edder se arrodill\u00f3 junto a Clara y, con una sonrisa suave, dijo:<br>\u2014Ahora todo est\u00e1 bien. No est\u00e1s sola.<\/p>\n\n\n\n<p>Los chicos, comprendiendo la gravedad de la situaci\u00f3n, comenzaron a retirarse silenciosamente hacia la puerta, algunos murmurando disculpas apenas audibles. Los clientes, asombrados, observaron el giro inesperado: hace un momento nadie hab\u00eda intervenido, y ahora la atm\u00f3sfera se hab\u00eda transformado por completo.<\/p>\n\n\n\n<p>Clara sinti\u00f3 un alivio y emoci\u00f3n intensos. Por primera vez en mucho tiempo, supo que no estaba sola \u2014y que a veces, la valent\u00eda de otros puede cambiarlo todo\u2026 en un solo instante.<\/p>\n","protected":false},"excerpt":{"rendered":"Un grupo de adolescentes estaba maltratando a una chica con discapacidad en el comedor\u2026 \u2014una hora despu\u00e9s, todo cambi\u00f3. El sol de la \n<a class=\"moretag\" href=\"https:\/\/vendeto.am\/?p=27582\"> [...]<\/a>","protected":false},"author":1,"featured_media":27583,"comment_status":"open","ping_status":"open","sticky":false,"template":"","format":"standard","meta":{"footnotes":""},"categories":[3],"tags":[],"class_list":["post-27582","post","type-post","status-publish","format-standard","has-post-thumbnail","hentry","category-video"],"yoast_head":"<!-- This site is optimized with the Yoast SEO plugin v27.4 - https:\/\/yoast.com\/product\/yoast-seo-wordpress\/ -->\n<title>Un grupo de adolescentes estaba maltratando a una chica con discapacidad en el comedor\u2026 \u2014una hora despu\u00e9s, todo cambi\u00f3. -<\/title>\n<meta name=\"robots\" content=\"index, follow, max-snippet:-1, max-image-preview:large, max-video-preview:-1\" \/>\n<link rel=\"canonical\" href=\"https:\/\/vendeto.am\/?p=27582\" \/>\n<meta property=\"og:locale\" content=\"ru_RU\" \/>\n<meta property=\"og:type\" content=\"article\" \/>\n<meta property=\"og:title\" content=\"Un grupo de adolescentes estaba maltratando a una chica con discapacidad en el comedor\u2026 \u2014una hora despu\u00e9s, todo cambi\u00f3. -\" \/>\n<meta property=\"og:description\" content=\"Un grupo de adolescentes estaba maltratando a una chica con discapacidad en el comedor\u2026 \u2014una hora despu\u00e9s, todo cambi\u00f3. El sol de la\" \/>\n<meta property=\"og:url\" content=\"https:\/\/vendeto.am\/?p=27582\" \/>\n<meta property=\"article:published_time\" content=\"2026-01-27T18:37:33+00:00\" \/>\n<meta property=\"article:modified_time\" content=\"2026-01-27T18:37:35+00:00\" \/>\n<meta property=\"og:image\" content=\"https:\/\/vendeto.am\/wp-content\/uploads\/2026\/01\/8956.jpg\" \/>\n\t<meta property=\"og:image:width\" content=\"800\" \/>\n\t<meta property=\"og:image:height\" content=\"404\" \/>\n\t<meta property=\"og:image:type\" content=\"image\/jpeg\" \/>\n<meta name=\"author\" content=\"admin\" \/>\n<meta name=\"twitter:card\" content=\"summary_large_image\" \/>\n<meta name=\"twitter:label1\" content=\"\u041d\u0430\u043f\u0438\u0441\u0430\u043d\u043e \u0430\u0432\u0442\u043e\u0440\u043e\u043c\" \/>\n\t<meta name=\"twitter:data1\" content=\"admin\" \/>\n\t<meta name=\"twitter:label2\" content=\"\u041f\u0440\u0438\u043c\u0435\u0440\u043d\u043e\u0435 \u0432\u0440\u0435\u043c\u044f \u0434\u043b\u044f \u0447\u0442\u0435\u043d\u0438\u044f\" \/>\n\t<meta name=\"twitter:data2\" content=\"3 \u043c\u0438\u043d\u0443\u0442\u044b\" \/>\n<script type=\"application\/ld+json\" class=\"yoast-schema-graph\">{\"@context\":\"https:\\\/\\\/schema.org\",\"@graph\":[{\"@type\":\"Article\",\"@id\":\"https:\\\/\\\/vendeto.am\\\/?p=27582#article\",\"isPartOf\":{\"@id\":\"https:\\\/\\\/vendeto.am\\\/?p=27582\"},\"author\":{\"name\":\"admin\",\"@id\":\"https:\\\/\\\/vendeto.am\\\/#\\\/schema\\\/person\\\/48a4bd89d2048190ecc61e5ce821bef7\"},\"headline\":\"Un grupo de adolescentes estaba maltratando a una chica con discapacidad en el comedor\u2026 \u2014una hora despu\u00e9s, todo cambi\u00f3.\",\"datePublished\":\"2026-01-27T18:37:33+00:00\",\"dateModified\":\"2026-01-27T18:37:35+00:00\",\"mainEntityOfPage\":{\"@id\":\"https:\\\/\\\/vendeto.am\\\/?p=27582\"},\"wordCount\":542,\"commentCount\":0,\"image\":{\"@id\":\"https:\\\/\\\/vendeto.am\\\/?p=27582#primaryimage\"},\"thumbnailUrl\":\"https:\\\/\\\/vendeto.am\\\/wp-content\\\/uploads\\\/2026\\\/01\\\/8956.jpg\",\"articleSection\":[\"VIDEO\"],\"inLanguage\":\"ru-RU\",\"potentialAction\":[{\"@type\":\"CommentAction\",\"name\":\"Comment\",\"target\":[\"https:\\\/\\\/vendeto.am\\\/?p=27582#respond\"]}]},{\"@type\":\"WebPage\",\"@id\":\"https:\\\/\\\/vendeto.am\\\/?p=27582\",\"url\":\"https:\\\/\\\/vendeto.am\\\/?p=27582\",\"name\":\"Un grupo de adolescentes estaba maltratando a una chica con discapacidad en el comedor\u2026 \u2014una hora despu\u00e9s, todo cambi\u00f3. -\",\"isPartOf\":{\"@id\":\"https:\\\/\\\/vendeto.am\\\/#website\"},\"primaryImageOfPage\":{\"@id\":\"https:\\\/\\\/vendeto.am\\\/?p=27582#primaryimage\"},\"image\":{\"@id\":\"https:\\\/\\\/vendeto.am\\\/?p=27582#primaryimage\"},\"thumbnailUrl\":\"https:\\\/\\\/vendeto.am\\\/wp-content\\\/uploads\\\/2026\\\/01\\\/8956.jpg\",\"datePublished\":\"2026-01-27T18:37:33+00:00\",\"dateModified\":\"2026-01-27T18:37:35+00:00\",\"author\":{\"@id\":\"https:\\\/\\\/vendeto.am\\\/#\\\/schema\\\/person\\\/48a4bd89d2048190ecc61e5ce821bef7\"},\"breadcrumb\":{\"@id\":\"https:\\\/\\\/vendeto.am\\\/?p=27582#breadcrumb\"},\"inLanguage\":\"ru-RU\",\"potentialAction\":[{\"@type\":\"ReadAction\",\"target\":[\"https:\\\/\\\/vendeto.am\\\/?p=27582\"]}]},{\"@type\":\"ImageObject\",\"inLanguage\":\"ru-RU\",\"@id\":\"https:\\\/\\\/vendeto.am\\\/?p=27582#primaryimage\",\"url\":\"https:\\\/\\\/vendeto.am\\\/wp-content\\\/uploads\\\/2026\\\/01\\\/8956.jpg\",\"contentUrl\":\"https:\\\/\\\/vendeto.am\\\/wp-content\\\/uploads\\\/2026\\\/01\\\/8956.jpg\",\"width\":800,\"height\":404},{\"@type\":\"BreadcrumbList\",\"@id\":\"https:\\\/\\\/vendeto.am\\\/?p=27582#breadcrumb\",\"itemListElement\":[{\"@type\":\"ListItem\",\"position\":1,\"name\":\"\u0413\u043b\u0430\u0432\u043d\u0430\u044f \u0441\u0442\u0440\u0430\u043d\u0438\u0446\u0430\",\"item\":\"https:\\\/\\\/vendeto.am\\\/\"},{\"@type\":\"ListItem\",\"position\":2,\"name\":\"Un grupo de adolescentes estaba maltratando a una chica con discapacidad en el comedor\u2026 \u2014una hora despu\u00e9s, todo cambi\u00f3.\"}]},{\"@type\":\"WebSite\",\"@id\":\"https:\\\/\\\/vendeto.am\\\/#website\",\"url\":\"https:\\\/\\\/vendeto.am\\\/\",\"name\":\"\",\"description\":\"\",\"potentialAction\":[{\"@type\":\"SearchAction\",\"target\":{\"@type\":\"EntryPoint\",\"urlTemplate\":\"https:\\\/\\\/vendeto.am\\\/?s={search_term_string}\"},\"query-input\":{\"@type\":\"PropertyValueSpecification\",\"valueRequired\":true,\"valueName\":\"search_term_string\"}}],\"inLanguage\":\"ru-RU\"},{\"@type\":\"Person\",\"@id\":\"https:\\\/\\\/vendeto.am\\\/#\\\/schema\\\/person\\\/48a4bd89d2048190ecc61e5ce821bef7\",\"name\":\"admin\",\"image\":{\"@type\":\"ImageObject\",\"inLanguage\":\"ru-RU\",\"@id\":\"https:\\\/\\\/secure.gravatar.com\\\/avatar\\\/df64e550a0653b7be0f1bcf897f33faad9c2c8153472b2d9319beafb51370f6f?s=96&d=mm&r=g\",\"url\":\"https:\\\/\\\/secure.gravatar.com\\\/avatar\\\/df64e550a0653b7be0f1bcf897f33faad9c2c8153472b2d9319beafb51370f6f?s=96&d=mm&r=g\",\"contentUrl\":\"https:\\\/\\\/secure.gravatar.com\\\/avatar\\\/df64e550a0653b7be0f1bcf897f33faad9c2c8153472b2d9319beafb51370f6f?s=96&d=mm&r=g\",\"caption\":\"admin\"},\"sameAs\":[\"http:\\\/\\\/vendeto.am\"],\"url\":\"https:\\\/\\\/vendeto.am\\\/?author=1\"}]}<\/script>\n<!-- \/ Yoast SEO plugin. -->","yoast_head_json":{"title":"Un grupo de adolescentes estaba maltratando a una chica con discapacidad en el comedor\u2026 \u2014una hora despu\u00e9s, todo cambi\u00f3. -","robots":{"index":"index","follow":"follow","max-snippet":"max-snippet:-1","max-image-preview":"max-image-preview:large","max-video-preview":"max-video-preview:-1"},"canonical":"https:\/\/vendeto.am\/?p=27582","og_locale":"ru_RU","og_type":"article","og_title":"Un grupo de adolescentes estaba maltratando a una chica con discapacidad en el comedor\u2026 \u2014una hora despu\u00e9s, todo cambi\u00f3. -","og_description":"Un grupo de adolescentes estaba maltratando a una chica con discapacidad en el comedor\u2026 \u2014una hora despu\u00e9s, todo cambi\u00f3. El sol de la","og_url":"https:\/\/vendeto.am\/?p=27582","article_published_time":"2026-01-27T18:37:33+00:00","article_modified_time":"2026-01-27T18:37:35+00:00","og_image":[{"width":800,"height":404,"url":"https:\/\/vendeto.am\/wp-content\/uploads\/2026\/01\/8956.jpg","type":"image\/jpeg"}],"author":"admin","twitter_card":"summary_large_image","twitter_misc":{"\u041d\u0430\u043f\u0438\u0441\u0430\u043d\u043e \u0430\u0432\u0442\u043e\u0440\u043e\u043c":"admin","\u041f\u0440\u0438\u043c\u0435\u0440\u043d\u043e\u0435 \u0432\u0440\u0435\u043c\u044f \u0434\u043b\u044f \u0447\u0442\u0435\u043d\u0438\u044f":"3 \u043c\u0438\u043d\u0443\u0442\u044b"},"schema":{"@context":"https:\/\/schema.org","@graph":[{"@type":"Article","@id":"https:\/\/vendeto.am\/?p=27582#article","isPartOf":{"@id":"https:\/\/vendeto.am\/?p=27582"},"author":{"name":"admin","@id":"https:\/\/vendeto.am\/#\/schema\/person\/48a4bd89d2048190ecc61e5ce821bef7"},"headline":"Un grupo de adolescentes estaba maltratando a una chica con discapacidad en el comedor\u2026 \u2014una hora despu\u00e9s, todo cambi\u00f3.","datePublished":"2026-01-27T18:37:33+00:00","dateModified":"2026-01-27T18:37:35+00:00","mainEntityOfPage":{"@id":"https:\/\/vendeto.am\/?p=27582"},"wordCount":542,"commentCount":0,"image":{"@id":"https:\/\/vendeto.am\/?p=27582#primaryimage"},"thumbnailUrl":"https:\/\/vendeto.am\/wp-content\/uploads\/2026\/01\/8956.jpg","articleSection":["VIDEO"],"inLanguage":"ru-RU","potentialAction":[{"@type":"CommentAction","name":"Comment","target":["https:\/\/vendeto.am\/?p=27582#respond"]}]},{"@type":"WebPage","@id":"https:\/\/vendeto.am\/?p=27582","url":"https:\/\/vendeto.am\/?p=27582","name":"Un grupo de adolescentes estaba maltratando a una chica con discapacidad en el comedor\u2026 \u2014una hora despu\u00e9s, todo cambi\u00f3. -","isPartOf":{"@id":"https:\/\/vendeto.am\/#website"},"primaryImageOfPage":{"@id":"https:\/\/vendeto.am\/?p=27582#primaryimage"},"image":{"@id":"https:\/\/vendeto.am\/?p=27582#primaryimage"},"thumbnailUrl":"https:\/\/vendeto.am\/wp-content\/uploads\/2026\/01\/8956.jpg","datePublished":"2026-01-27T18:37:33+00:00","dateModified":"2026-01-27T18:37:35+00:00","author":{"@id":"https:\/\/vendeto.am\/#\/schema\/person\/48a4bd89d2048190ecc61e5ce821bef7"},"breadcrumb":{"@id":"https:\/\/vendeto.am\/?p=27582#breadcrumb"},"inLanguage":"ru-RU","potentialAction":[{"@type":"ReadAction","target":["https:\/\/vendeto.am\/?p=27582"]}]},{"@type":"ImageObject","inLanguage":"ru-RU","@id":"https:\/\/vendeto.am\/?p=27582#primaryimage","url":"https:\/\/vendeto.am\/wp-content\/uploads\/2026\/01\/8956.jpg","contentUrl":"https:\/\/vendeto.am\/wp-content\/uploads\/2026\/01\/8956.jpg","width":800,"height":404},{"@type":"BreadcrumbList","@id":"https:\/\/vendeto.am\/?p=27582#breadcrumb","itemListElement":[{"@type":"ListItem","position":1,"name":"\u0413\u043b\u0430\u0432\u043d\u0430\u044f \u0441\u0442\u0440\u0430\u043d\u0438\u0446\u0430","item":"https:\/\/vendeto.am\/"},{"@type":"ListItem","position":2,"name":"Un grupo de adolescentes estaba maltratando a una chica con discapacidad en el comedor\u2026 \u2014una hora despu\u00e9s, todo cambi\u00f3."}]},{"@type":"WebSite","@id":"https:\/\/vendeto.am\/#website","url":"https:\/\/vendeto.am\/","name":"","description":"","potentialAction":[{"@type":"SearchAction","target":{"@type":"EntryPoint","urlTemplate":"https:\/\/vendeto.am\/?s={search_term_string}"},"query-input":{"@type":"PropertyValueSpecification","valueRequired":true,"valueName":"search_term_string"}}],"inLanguage":"ru-RU"},{"@type":"Person","@id":"https:\/\/vendeto.am\/#\/schema\/person\/48a4bd89d2048190ecc61e5ce821bef7","name":"admin","image":{"@type":"ImageObject","inLanguage":"ru-RU","@id":"https:\/\/secure.gravatar.com\/avatar\/df64e550a0653b7be0f1bcf897f33faad9c2c8153472b2d9319beafb51370f6f?s=96&d=mm&r=g","url":"https:\/\/secure.gravatar.com\/avatar\/df64e550a0653b7be0f1bcf897f33faad9c2c8153472b2d9319beafb51370f6f?s=96&d=mm&r=g","contentUrl":"https:\/\/secure.gravatar.com\/avatar\/df64e550a0653b7be0f1bcf897f33faad9c2c8153472b2d9319beafb51370f6f?s=96&d=mm&r=g","caption":"admin"},"sameAs":["http:\/\/vendeto.am"],"url":"https:\/\/vendeto.am\/?author=1"}]}},"views":218,"_links":{"self":[{"href":"https:\/\/vendeto.am\/index.php?rest_route=\/wp\/v2\/posts\/27582","targetHints":{"allow":["GET"]}}],"collection":[{"href":"https:\/\/vendeto.am\/index.php?rest_route=\/wp\/v2\/posts"}],"about":[{"href":"https:\/\/vendeto.am\/index.php?rest_route=\/wp\/v2\/types\/post"}],"author":[{"embeddable":true,"href":"https:\/\/vendeto.am\/index.php?rest_route=\/wp\/v2\/users\/1"}],"replies":[{"embeddable":true,"href":"https:\/\/vendeto.am\/index.php?rest_route=%2Fwp%2Fv2%2Fcomments&post=27582"}],"version-history":[{"count":1,"href":"https:\/\/vendeto.am\/index.php?rest_route=\/wp\/v2\/posts\/27582\/revisions"}],"predecessor-version":[{"id":27584,"href":"https:\/\/vendeto.am\/index.php?rest_route=\/wp\/v2\/posts\/27582\/revisions\/27584"}],"wp:featuredmedia":[{"embeddable":true,"href":"https:\/\/vendeto.am\/index.php?rest_route=\/wp\/v2\/media\/27583"}],"wp:attachment":[{"href":"https:\/\/vendeto.am\/index.php?rest_route=%2Fwp%2Fv2%2Fmedia&parent=27582"}],"wp:term":[{"taxonomy":"category","embeddable":true,"href":"https:\/\/vendeto.am\/index.php?rest_route=%2Fwp%2Fv2%2Fcategories&post=27582"},{"taxonomy":"post_tag","embeddable":true,"href":"https:\/\/vendeto.am\/index.php?rest_route=%2Fwp%2Fv2%2Ftags&post=27582"}],"curies":[{"name":"wp","href":"https:\/\/api.w.org\/{rel}","templated":true}]}}