{"id":27594,"date":"2026-01-27T21:42:38","date_gmt":"2026-01-27T18:42:38","guid":{"rendered":"https:\/\/vendeto.am\/?p=27594"},"modified":"2026-01-27T21:42:40","modified_gmt":"2026-01-27T18:42:40","slug":"alegra-y-su-increible-transformacion-la-modelo-que-empezo-su-carrera-a-los-30-anos-y-sorprendio-al-mundo-de-la-moda","status":"publish","type":"post","link":"https:\/\/vendeto.am\/?p=27594","title":{"rendered":"Alegra y su incre\u00edble transformaci\u00f3n: La modelo que empez\u00f3 su carrera a los 30 a\u00f1os y sorprendi\u00f3 al mundo de la moda"},"content":{"rendered":"\n<p><strong>Alegra y su incre\u00edble transformaci\u00f3n: La modelo que empez\u00f3 su carrera a los 30 a\u00f1os y sorprendi\u00f3 al mundo de la moda<\/strong><\/p>\n\n\n\n<p>En el mundo de la moda, donde la juventud y las curvas perfectas se consideran requisitos indispensables, pocos creen que alguien pueda empezar una carrera como modelo a los 30 a\u00f1os. Pero Alegra rompi\u00f3 todos los prejuicios. Su historia es de valent\u00eda, determinaci\u00f3n y de c\u00f3mo una mujer cambi\u00f3 su destino cuando todos dec\u00edan que ya era demasiado tarde.<\/p>\n\n\n\n<p>Hace algunos a\u00f1os, Alegra era una persona completamente distinta. Hoy es un s\u00edmbolo de confianza y elegancia, pero en aquel entonces su apariencia estaba lejos del mundo de las pasarelas. Trabajaba en una oficina, llevaba una vida tranquila y no ten\u00eda ninguna ambici\u00f3n de entrar en el mundo de la moda. Todo cambi\u00f3 tras una sesi\u00f3n de fotos casual para un proyecto corporativo.<\/p>\n\n\n\n<p>El fot\u00f3grafo que la retrat\u00f3 aquel d\u00eda le dijo palabras que nunca olvidar\u00e1:<br>\u2014Tienes el carisma de una modelo. \u00bfPor qu\u00e9 no lo intentas?<\/p>\n\n\n\n<p>Al principio se ri\u00f3, pensando que era una broma. Pero m\u00e1s tarde, al ver las fotograf\u00edas, comenz\u00f3 a preguntarse: \u00bfy si realmente lo intentara?<\/p>\n\n\n\n<figure class=\"wp-block-image size-large\"><img loading=\"lazy\" decoding=\"async\" width=\"768\" height=\"1024\" src=\"https:\/\/vendeto.am\/wp-content\/uploads\/2026\/01\/156-3-768x1024.jpg\" alt=\"\" class=\"wp-image-27596\" srcset=\"https:\/\/vendeto.am\/wp-content\/uploads\/2026\/01\/156-3-768x1024.jpg 768w, https:\/\/vendeto.am\/wp-content\/uploads\/2026\/01\/156-3-225x300.jpg 225w, https:\/\/vendeto.am\/wp-content\/uploads\/2026\/01\/156-3.jpg 1052w\" sizes=\"auto, (max-width: 768px) 100vw, 768px\" \/><\/figure>\n\n\n\n<p>Los primeros pasos fueron realmente dif\u00edciles. Las agencias de modelaje la rechazaban constantemente con frases como: \u201cYa es tarde para empezar\u201d. Esas palabras podr\u00edan haberla desanimado, pero para Alegra se convirtieron en una motivaci\u00f3n a\u00fan mayor. Comenz\u00f3 a entrenar duro, a perfeccionar su postura y su andar, y a aprender a posar frente a la c\u00e1mara.<\/p>\n\n\n\n<p>Alegra decidi\u00f3 tambi\u00e9n hacer peque\u00f1os cambios en su apariencia. Sin cirug\u00eda pl\u00e1stica, pero con cuidados adecuados, un nuevo peinado y maquillaje h\u00e1bil, realz\u00f3 su belleza natural. Poco a poco, se transform\u00f3 en una mujer llena de confianza.<\/p>\n\n\n\n<p>A los 32 a\u00f1os pis\u00f3 por primera vez una pasarela. El p\u00fablico qued\u00f3 fascinado. Nadie pod\u00eda creer que una nueva estrella hubiera empezado tan tarde. Pero Alegra no era solo otra modelo: era un ejemplo de madurez, encanto y un magnetismo especial que no se ve todos los d\u00edas.<\/p>\n\n\n\n<p>Recientemente, Alegra volvi\u00f3 a captar la atenci\u00f3n del p\u00fablico con una atrevida sesi\u00f3n de fotos en traje de ba\u00f1o. Sus curvas perfectas y su energ\u00eda natural conquistaron a todos. Las im\u00e1genes se volvieron virales y su historia inspir\u00f3 a miles de mujeres.<br>\u2014No soy perfecta y no necesito serlo \u2014dice Alegra\u2014. La fuerza est\u00e1 en no tener miedo de cambiar.<\/p>\n\n\n\n<p>Sus palabras dan esperanza a todas las mujeres que creen que es tarde para un nuevo comienzo. La historia de Alegra demuestra que el \u00e9xito puede llegar en cualquier momento, siempre que tengamos el valor de dar el primer paso.<\/p>\n\n\n\n<p>Hoy, Alegra colabora con marcas reconocidas, participa en desfiles internacionales y se ha convertido en inspiraci\u00f3n para mujeres que quieren transformar su vida. Su \u00e9xito demuestra que la verdadera belleza no se mide solo en juventud, sino en confianza, autenticidad y amor propio.<\/p>\n\n\n\n<p>\u2014Pens\u00e9 que hab\u00eda perdido mi oportunidad \u2014admite\u2014. Pero comprend\u00ed que el \u00fanico obst\u00e1culo era el miedo. Ahora siento que la vida apenas comienza.<\/p>\n","protected":false},"excerpt":{"rendered":"Alegra y su incre\u00edble transformaci\u00f3n: La modelo que empez\u00f3 su carrera a los 30 a\u00f1os y sorprendi\u00f3 al mundo de la moda En \n<a class=\"moretag\" href=\"https:\/\/vendeto.am\/?p=27594\"> [...]<\/a>","protected":false},"author":1,"featured_media":27596,"comment_status":"open","ping_status":"open","sticky":false,"template":"","format":"standard","meta":{"footnotes":""},"categories":[3],"tags":[],"class_list":["post-27594","post","type-post","status-publish","format-standard","has-post-thumbnail","hentry","category-video"],"yoast_head":"<!-- This site is optimized with the Yoast SEO plugin v27.4 - https:\/\/yoast.com\/product\/yoast-seo-wordpress\/ -->\n<title>Alegra y su incre\u00edble transformaci\u00f3n: La modelo que empez\u00f3 su carrera a los 30 a\u00f1os y sorprendi\u00f3 al mundo de la moda -<\/title>\n<meta name=\"robots\" content=\"index, follow, max-snippet:-1, max-image-preview:large, max-video-preview:-1\" \/>\n<link rel=\"canonical\" href=\"https:\/\/vendeto.am\/?p=27594\" \/>\n<meta property=\"og:locale\" content=\"ru_RU\" \/>\n<meta property=\"og:type\" content=\"article\" \/>\n<meta property=\"og:title\" content=\"Alegra y su incre\u00edble transformaci\u00f3n: La modelo que empez\u00f3 su carrera a los 30 a\u00f1os y sorprendi\u00f3 al mundo de la moda -\" \/>\n<meta property=\"og:description\" content=\"Alegra y su incre\u00edble transformaci\u00f3n: La modelo que empez\u00f3 su carrera a los 30 a\u00f1os y sorprendi\u00f3 al mundo de la moda En\" \/>\n<meta property=\"og:url\" content=\"https:\/\/vendeto.am\/?p=27594\" \/>\n<meta property=\"article:published_time\" content=\"2026-01-27T18:42:38+00:00\" \/>\n<meta property=\"article:modified_time\" content=\"2026-01-27T18:42:40+00:00\" \/>\n<meta property=\"og:image\" content=\"https:\/\/vendeto.am\/wp-content\/uploads\/2026\/01\/156-3.jpg\" \/>\n\t<meta property=\"og:image:width\" content=\"1052\" \/>\n\t<meta property=\"og:image:height\" content=\"1402\" \/>\n\t<meta property=\"og:image:type\" content=\"image\/jpeg\" \/>\n<meta name=\"author\" content=\"admin\" \/>\n<meta name=\"twitter:card\" content=\"summary_large_image\" \/>\n<meta name=\"twitter:label1\" content=\"\u041d\u0430\u043f\u0438\u0441\u0430\u043d\u043e \u0430\u0432\u0442\u043e\u0440\u043e\u043c\" \/>\n\t<meta name=\"twitter:data1\" content=\"admin\" \/>\n\t<meta name=\"twitter:label2\" content=\"\u041f\u0440\u0438\u043c\u0435\u0440\u043d\u043e\u0435 \u0432\u0440\u0435\u043c\u044f \u0434\u043b\u044f \u0447\u0442\u0435\u043d\u0438\u044f\" \/>\n\t<meta name=\"twitter:data2\" content=\"4 \u043c\u0438\u043d\u0443\u0442\u044b\" \/>\n<script type=\"application\/ld+json\" class=\"yoast-schema-graph\">{\"@context\":\"https:\\\/\\\/schema.org\",\"@graph\":[{\"@type\":\"Article\",\"@id\":\"https:\\\/\\\/vendeto.am\\\/?p=27594#article\",\"isPartOf\":{\"@id\":\"https:\\\/\\\/vendeto.am\\\/?p=27594\"},\"author\":{\"name\":\"admin\",\"@id\":\"https:\\\/\\\/vendeto.am\\\/#\\\/schema\\\/person\\\/48a4bd89d2048190ecc61e5ce821bef7\"},\"headline\":\"Alegra y su incre\u00edble transformaci\u00f3n: La modelo que empez\u00f3 su carrera a los 30 a\u00f1os y sorprendi\u00f3 al mundo de la moda\",\"datePublished\":\"2026-01-27T18:42:38+00:00\",\"dateModified\":\"2026-01-27T18:42:40+00:00\",\"mainEntityOfPage\":{\"@id\":\"https:\\\/\\\/vendeto.am\\\/?p=27594\"},\"wordCount\":561,\"commentCount\":0,\"image\":{\"@id\":\"https:\\\/\\\/vendeto.am\\\/?p=27594#primaryimage\"},\"thumbnailUrl\":\"https:\\\/\\\/vendeto.am\\\/wp-content\\\/uploads\\\/2026\\\/01\\\/156-3.jpg\",\"articleSection\":[\"VIDEO\"],\"inLanguage\":\"ru-RU\",\"potentialAction\":[{\"@type\":\"CommentAction\",\"name\":\"Comment\",\"target\":[\"https:\\\/\\\/vendeto.am\\\/?p=27594#respond\"]}]},{\"@type\":\"WebPage\",\"@id\":\"https:\\\/\\\/vendeto.am\\\/?p=27594\",\"url\":\"https:\\\/\\\/vendeto.am\\\/?p=27594\",\"name\":\"Alegra y su incre\u00edble transformaci\u00f3n: La modelo que empez\u00f3 su carrera a los 30 a\u00f1os y sorprendi\u00f3 al mundo de la moda -\",\"isPartOf\":{\"@id\":\"https:\\\/\\\/vendeto.am\\\/#website\"},\"primaryImageOfPage\":{\"@id\":\"https:\\\/\\\/vendeto.am\\\/?p=27594#primaryimage\"},\"image\":{\"@id\":\"https:\\\/\\\/vendeto.am\\\/?p=27594#primaryimage\"},\"thumbnailUrl\":\"https:\\\/\\\/vendeto.am\\\/wp-content\\\/uploads\\\/2026\\\/01\\\/156-3.jpg\",\"datePublished\":\"2026-01-27T18:42:38+00:00\",\"dateModified\":\"2026-01-27T18:42:40+00:00\",\"author\":{\"@id\":\"https:\\\/\\\/vendeto.am\\\/#\\\/schema\\\/person\\\/48a4bd89d2048190ecc61e5ce821bef7\"},\"breadcrumb\":{\"@id\":\"https:\\\/\\\/vendeto.am\\\/?p=27594#breadcrumb\"},\"inLanguage\":\"ru-RU\",\"potentialAction\":[{\"@type\":\"ReadAction\",\"target\":[\"https:\\\/\\\/vendeto.am\\\/?p=27594\"]}]},{\"@type\":\"ImageObject\",\"inLanguage\":\"ru-RU\",\"@id\":\"https:\\\/\\\/vendeto.am\\\/?p=27594#primaryimage\",\"url\":\"https:\\\/\\\/vendeto.am\\\/wp-content\\\/uploads\\\/2026\\\/01\\\/156-3.jpg\",\"contentUrl\":\"https:\\\/\\\/vendeto.am\\\/wp-content\\\/uploads\\\/2026\\\/01\\\/156-3.jpg\",\"width\":1052,\"height\":1402},{\"@type\":\"BreadcrumbList\",\"@id\":\"https:\\\/\\\/vendeto.am\\\/?p=27594#breadcrumb\",\"itemListElement\":[{\"@type\":\"ListItem\",\"position\":1,\"name\":\"\u0413\u043b\u0430\u0432\u043d\u0430\u044f \u0441\u0442\u0440\u0430\u043d\u0438\u0446\u0430\",\"item\":\"https:\\\/\\\/vendeto.am\\\/\"},{\"@type\":\"ListItem\",\"position\":2,\"name\":\"Alegra y su incre\u00edble transformaci\u00f3n: La modelo que empez\u00f3 su carrera a los 30 a\u00f1os y sorprendi\u00f3 al mundo de la moda\"}]},{\"@type\":\"WebSite\",\"@id\":\"https:\\\/\\\/vendeto.am\\\/#website\",\"url\":\"https:\\\/\\\/vendeto.am\\\/\",\"name\":\"\",\"description\":\"\",\"potentialAction\":[{\"@type\":\"SearchAction\",\"target\":{\"@type\":\"EntryPoint\",\"urlTemplate\":\"https:\\\/\\\/vendeto.am\\\/?s={search_term_string}\"},\"query-input\":{\"@type\":\"PropertyValueSpecification\",\"valueRequired\":true,\"valueName\":\"search_term_string\"}}],\"inLanguage\":\"ru-RU\"},{\"@type\":\"Person\",\"@id\":\"https:\\\/\\\/vendeto.am\\\/#\\\/schema\\\/person\\\/48a4bd89d2048190ecc61e5ce821bef7\",\"name\":\"admin\",\"image\":{\"@type\":\"ImageObject\",\"inLanguage\":\"ru-RU\",\"@id\":\"https:\\\/\\\/secure.gravatar.com\\\/avatar\\\/df64e550a0653b7be0f1bcf897f33faad9c2c8153472b2d9319beafb51370f6f?s=96&d=mm&r=g\",\"url\":\"https:\\\/\\\/secure.gravatar.com\\\/avatar\\\/df64e550a0653b7be0f1bcf897f33faad9c2c8153472b2d9319beafb51370f6f?s=96&d=mm&r=g\",\"contentUrl\":\"https:\\\/\\\/secure.gravatar.com\\\/avatar\\\/df64e550a0653b7be0f1bcf897f33faad9c2c8153472b2d9319beafb51370f6f?s=96&d=mm&r=g\",\"caption\":\"admin\"},\"sameAs\":[\"http:\\\/\\\/vendeto.am\"],\"url\":\"https:\\\/\\\/vendeto.am\\\/?author=1\"}]}<\/script>\n<!-- \/ Yoast SEO plugin. -->","yoast_head_json":{"title":"Alegra y su incre\u00edble transformaci\u00f3n: La modelo que empez\u00f3 su carrera a los 30 a\u00f1os y sorprendi\u00f3 al mundo de la moda -","robots":{"index":"index","follow":"follow","max-snippet":"max-snippet:-1","max-image-preview":"max-image-preview:large","max-video-preview":"max-video-preview:-1"},"canonical":"https:\/\/vendeto.am\/?p=27594","og_locale":"ru_RU","og_type":"article","og_title":"Alegra y su incre\u00edble transformaci\u00f3n: La modelo que empez\u00f3 su carrera a los 30 a\u00f1os y sorprendi\u00f3 al mundo de la moda -","og_description":"Alegra y su incre\u00edble transformaci\u00f3n: La modelo que empez\u00f3 su carrera a los 30 a\u00f1os y sorprendi\u00f3 al mundo de la moda En","og_url":"https:\/\/vendeto.am\/?p=27594","article_published_time":"2026-01-27T18:42:38+00:00","article_modified_time":"2026-01-27T18:42:40+00:00","og_image":[{"width":1052,"height":1402,"url":"https:\/\/vendeto.am\/wp-content\/uploads\/2026\/01\/156-3.jpg","type":"image\/jpeg"}],"author":"admin","twitter_card":"summary_large_image","twitter_misc":{"\u041d\u0430\u043f\u0438\u0441\u0430\u043d\u043e \u0430\u0432\u0442\u043e\u0440\u043e\u043c":"admin","\u041f\u0440\u0438\u043c\u0435\u0440\u043d\u043e\u0435 \u0432\u0440\u0435\u043c\u044f \u0434\u043b\u044f \u0447\u0442\u0435\u043d\u0438\u044f":"4 \u043c\u0438\u043d\u0443\u0442\u044b"},"schema":{"@context":"https:\/\/schema.org","@graph":[{"@type":"Article","@id":"https:\/\/vendeto.am\/?p=27594#article","isPartOf":{"@id":"https:\/\/vendeto.am\/?p=27594"},"author":{"name":"admin","@id":"https:\/\/vendeto.am\/#\/schema\/person\/48a4bd89d2048190ecc61e5ce821bef7"},"headline":"Alegra y su incre\u00edble transformaci\u00f3n: La modelo que empez\u00f3 su carrera a los 30 a\u00f1os y sorprendi\u00f3 al mundo de la moda","datePublished":"2026-01-27T18:42:38+00:00","dateModified":"2026-01-27T18:42:40+00:00","mainEntityOfPage":{"@id":"https:\/\/vendeto.am\/?p=27594"},"wordCount":561,"commentCount":0,"image":{"@id":"https:\/\/vendeto.am\/?p=27594#primaryimage"},"thumbnailUrl":"https:\/\/vendeto.am\/wp-content\/uploads\/2026\/01\/156-3.jpg","articleSection":["VIDEO"],"inLanguage":"ru-RU","potentialAction":[{"@type":"CommentAction","name":"Comment","target":["https:\/\/vendeto.am\/?p=27594#respond"]}]},{"@type":"WebPage","@id":"https:\/\/vendeto.am\/?p=27594","url":"https:\/\/vendeto.am\/?p=27594","name":"Alegra y su incre\u00edble transformaci\u00f3n: La modelo que empez\u00f3 su carrera a los 30 a\u00f1os y sorprendi\u00f3 al mundo de la moda -","isPartOf":{"@id":"https:\/\/vendeto.am\/#website"},"primaryImageOfPage":{"@id":"https:\/\/vendeto.am\/?p=27594#primaryimage"},"image":{"@id":"https:\/\/vendeto.am\/?p=27594#primaryimage"},"thumbnailUrl":"https:\/\/vendeto.am\/wp-content\/uploads\/2026\/01\/156-3.jpg","datePublished":"2026-01-27T18:42:38+00:00","dateModified":"2026-01-27T18:42:40+00:00","author":{"@id":"https:\/\/vendeto.am\/#\/schema\/person\/48a4bd89d2048190ecc61e5ce821bef7"},"breadcrumb":{"@id":"https:\/\/vendeto.am\/?p=27594#breadcrumb"},"inLanguage":"ru-RU","potentialAction":[{"@type":"ReadAction","target":["https:\/\/vendeto.am\/?p=27594"]}]},{"@type":"ImageObject","inLanguage":"ru-RU","@id":"https:\/\/vendeto.am\/?p=27594#primaryimage","url":"https:\/\/vendeto.am\/wp-content\/uploads\/2026\/01\/156-3.jpg","contentUrl":"https:\/\/vendeto.am\/wp-content\/uploads\/2026\/01\/156-3.jpg","width":1052,"height":1402},{"@type":"BreadcrumbList","@id":"https:\/\/vendeto.am\/?p=27594#breadcrumb","itemListElement":[{"@type":"ListItem","position":1,"name":"\u0413\u043b\u0430\u0432\u043d\u0430\u044f \u0441\u0442\u0440\u0430\u043d\u0438\u0446\u0430","item":"https:\/\/vendeto.am\/"},{"@type":"ListItem","position":2,"name":"Alegra y su incre\u00edble transformaci\u00f3n: La modelo que empez\u00f3 su carrera a los 30 a\u00f1os y sorprendi\u00f3 al mundo de la moda"}]},{"@type":"WebSite","@id":"https:\/\/vendeto.am\/#website","url":"https:\/\/vendeto.am\/","name":"","description":"","potentialAction":[{"@type":"SearchAction","target":{"@type":"EntryPoint","urlTemplate":"https:\/\/vendeto.am\/?s={search_term_string}"},"query-input":{"@type":"PropertyValueSpecification","valueRequired":true,"valueName":"search_term_string"}}],"inLanguage":"ru-RU"},{"@type":"Person","@id":"https:\/\/vendeto.am\/#\/schema\/person\/48a4bd89d2048190ecc61e5ce821bef7","name":"admin","image":{"@type":"ImageObject","inLanguage":"ru-RU","@id":"https:\/\/secure.gravatar.com\/avatar\/df64e550a0653b7be0f1bcf897f33faad9c2c8153472b2d9319beafb51370f6f?s=96&d=mm&r=g","url":"https:\/\/secure.gravatar.com\/avatar\/df64e550a0653b7be0f1bcf897f33faad9c2c8153472b2d9319beafb51370f6f?s=96&d=mm&r=g","contentUrl":"https:\/\/secure.gravatar.com\/avatar\/df64e550a0653b7be0f1bcf897f33faad9c2c8153472b2d9319beafb51370f6f?s=96&d=mm&r=g","caption":"admin"},"sameAs":["http:\/\/vendeto.am"],"url":"https:\/\/vendeto.am\/?author=1"}]}},"views":117,"_links":{"self":[{"href":"https:\/\/vendeto.am\/index.php?rest_route=\/wp\/v2\/posts\/27594","targetHints":{"allow":["GET"]}}],"collection":[{"href":"https:\/\/vendeto.am\/index.php?rest_route=\/wp\/v2\/posts"}],"about":[{"href":"https:\/\/vendeto.am\/index.php?rest_route=\/wp\/v2\/types\/post"}],"author":[{"embeddable":true,"href":"https:\/\/vendeto.am\/index.php?rest_route=\/wp\/v2\/users\/1"}],"replies":[{"embeddable":true,"href":"https:\/\/vendeto.am\/index.php?rest_route=%2Fwp%2Fv2%2Fcomments&post=27594"}],"version-history":[{"count":1,"href":"https:\/\/vendeto.am\/index.php?rest_route=\/wp\/v2\/posts\/27594\/revisions"}],"predecessor-version":[{"id":27597,"href":"https:\/\/vendeto.am\/index.php?rest_route=\/wp\/v2\/posts\/27594\/revisions\/27597"}],"wp:featuredmedia":[{"embeddable":true,"href":"https:\/\/vendeto.am\/index.php?rest_route=\/wp\/v2\/media\/27596"}],"wp:attachment":[{"href":"https:\/\/vendeto.am\/index.php?rest_route=%2Fwp%2Fv2%2Fmedia&parent=27594"}],"wp:term":[{"taxonomy":"category","embeddable":true,"href":"https:\/\/vendeto.am\/index.php?rest_route=%2Fwp%2Fv2%2Fcategories&post=27594"},{"taxonomy":"post_tag","embeddable":true,"href":"https:\/\/vendeto.am\/index.php?rest_route=%2Fwp%2Fv2%2Ftags&post=27594"}],"curies":[{"name":"wp","href":"https:\/\/api.w.org\/{rel}","templated":true}]}}