{"id":27628,"date":"2026-01-28T20:28:09","date_gmt":"2026-01-28T17:28:09","guid":{"rendered":"https:\/\/vendeto.am\/?p=27628"},"modified":"2026-01-28T20:28:11","modified_gmt":"2026-01-28T17:28:11","slug":"un-hijo-de-seis-anos-yacia-en-coma-desde-hacia-dos-meses-y-entonces-la-hija-revelo-algo-que-dejo-al-padre-en-shock","status":"publish","type":"post","link":"https:\/\/vendeto.am\/?p=27628","title":{"rendered":"Un hijo de seis a\u00f1os yac\u00eda en coma desde hac\u00eda dos meses\u2026 y entonces la hija revel\u00f3 algo que dej\u00f3 al padre en shock."},"content":{"rendered":"\n<p>Un hijo de seis a\u00f1os yac\u00eda en coma desde hac\u00eda dos meses\u2026 y entonces la hija revel\u00f3 algo que dej\u00f3 al padre en shock.<\/p>\n\n\n\n<p>Mi hijo ten\u00eda apenas seis a\u00f1os cuando, en cuesti\u00f3n de horas, todo su organismo colaps\u00f3. De estar completamente sano pas\u00f3 a la unidad de cuidados intensivos, conectado a m\u00e1quinas que respiraban por \u00e9l y lo manten\u00edan con vida. Durante dos largos meses permaneci\u00f3 inconsciente en una habitaci\u00f3n de hospital, rodeado de los mejores especialistas que buscaban una forma de ayudarlo.<br>D\u00edas y noches los pas\u00e9 junto a su cama. Le tomaba la mano, le hablaba, rezaba y esperaba un milagro. Pero con cada semana que pasaba, mis fuerzas se agotaban. Los m\u00e9dicos probaban nuevos medicamentos, cambiaban los tratamientos, y aun as\u00ed el estado de mi hijo no mejoraba. Al final escuch\u00e9 una frase que ning\u00fan padre deber\u00eda o\u00edr jam\u00e1s:<\/p>\n\n\n\n<p>\u2014Deben prepararse para la posibilidad de desconectarlo de las m\u00e1quinas. Las probabilidades de que despierte son m\u00ednimas.<\/p>\n\n\n\n<p>Esas palabras me destrozaron. Me sent\u00eda completamente impotente. \u00bfC\u00f3mo puede un padre decidir sobre la vida de su propio hijo?<\/p>\n\n\n\n<p>Un d\u00eda llev\u00e9 tambi\u00e9n al hospital a mi hija. Nos sentamos junto a su hermano; ella lo observ\u00f3 en silencio durante un largo rato y luego dijo en voz baja:<\/p>\n\n\n\n<p>\u2014Pap\u00e1, yo s\u00e9 por qu\u00e9 no se despierta.<\/p>\n\n\n\n<p>Le acarici\u00e9 el cabello y suspir\u00e9:<\/p>\n\n\n\n<p>\u2014Lo s\u00e9, cari\u00f1o, est\u00e1 muy enfermo.<\/p>\n\n\n\n<p>Pero ella neg\u00f3 con la cabeza:<\/p>\n\n\n\n<p>\u2014No, pap\u00e1. Es por culpa del doctor.<\/p>\n\n\n\n<p>Me qued\u00e9 helado. Pens\u00e9 que hab\u00eda entendido algo mal e intent\u00e9 tranquilizarla.<\/p>\n\n\n\n<p>\u2014Los m\u00e9dicos le dan medicinas para que se cure.<\/p>\n\n\n\n<p>Sin embargo, mi hija me mir\u00f3 directamente a los ojos y dijo:<\/p>\n\n\n\n<figure class=\"wp-block-image size-full\"><img loading=\"lazy\" decoding=\"async\" width=\"752\" height=\"440\" src=\"https:\/\/vendeto.am\/wp-content\/uploads\/2026\/01\/image-6-752x440-1.png\" alt=\"\" class=\"wp-image-27629\" srcset=\"https:\/\/vendeto.am\/wp-content\/uploads\/2026\/01\/image-6-752x440-1.png 752w, https:\/\/vendeto.am\/wp-content\/uploads\/2026\/01\/image-6-752x440-1-300x176.png 300w\" sizes=\"auto, (max-width: 752px) 100vw, 752px\" \/><\/figure>\n\n\n\n<p>\u2014Yo lo vi. Una noche el doctor le inyect\u00f3 algo en la mano. Mi hermanito empez\u00f3 a convulsionar, luego dej\u00f3 de moverse y el doctor lo escondi\u00f3 r\u00e1pidamente.<\/p>\n\n\n\n<p>Qued\u00e9 en shock. Al principio me negu\u00e9 a creerlo. Lo atribu\u00ed a la imaginaci\u00f3n de una ni\u00f1a. Pero cuanto m\u00e1s lo pensaba, m\u00e1s cosas dejaban de encajar: cambios en la documentaci\u00f3n, el comportamiento extra\u00f1o de uno de los m\u00e9dicos, dosis llamativamente altas de sedantes potentes.<\/p>\n\n\n\n<p>Empec\u00e9 a investigar. Solicit\u00e9 los registros de medicaci\u00f3n y los consult\u00e9 con un especialista independiente. Y entonces descubr\u00ed la verdad: a mi hijo le estaban administrando repetidamente sustancias que profundizaban el coma, sin que hubiera motivo para ello. Los registros hab\u00edan sido manipulados para que no pareciera sospechoso.<\/p>\n\n\n\n<p>Mi hija no ment\u00eda. Hab\u00eda visto algo que jam\u00e1s debi\u00f3 ocurrir. Inform\u00e9 de todo a la direcci\u00f3n del hospital y se inici\u00f3 una investigaci\u00f3n oficial. Sali\u00f3 a la luz que ese m\u00e9dico llevaba tiempo bajo sospecha: desaparec\u00edan medicamentos, hab\u00eda irregularidades en los tratamientos y maniobras financieras dudosas. Mi hijo era solo uno de los pacientes afectados.<\/p>\n\n\n\n<p>Ese momento qued\u00f3 grabado en m\u00ed para siempre. Durante mucho tiempo cre\u00ed que los m\u00e9dicos eran la \u00faltima esperanza, personas en las que se pod\u00eda confiar plenamente. Pero incluso entre ellos pueden aparecer quienes act\u00faan contra su juramento y su conciencia.<\/p>\n\n\n\n<p>Hoy s\u00e9 una cosa: nunca debemos cerrar los ojos ante circunstancias sospechosas. Y cuando se trata de nuestros hijos, debemos estar siempre atentos, preguntar, verificar. Mi hija, una ni\u00f1a peque\u00f1a, fue capaz de ver lo que los adultos pasaban por alto\u2026 y con su valent\u00eda sac\u00f3 a la luz la verdad sobre el sufrimiento de su hermano.<\/p>\n\n\n\n<p>Su coraje me abri\u00f3 los ojos. Y demostr\u00f3 que, a veces, los m\u00e1s j\u00f3venes son quienes se atreven a decir lo que los dem\u00e1s no quieren o\u00edr.<\/p>\n","protected":false},"excerpt":{"rendered":"Un hijo de seis a\u00f1os yac\u00eda en coma desde hac\u00eda dos meses\u2026 y entonces la hija revel\u00f3 algo que dej\u00f3 al padre en \n<a class=\"moretag\" href=\"https:\/\/vendeto.am\/?p=27628\"> [...]<\/a>","protected":false},"author":1,"featured_media":27629,"comment_status":"open","ping_status":"open","sticky":false,"template":"","format":"standard","meta":{"footnotes":""},"categories":[3],"tags":[],"class_list":["post-27628","post","type-post","status-publish","format-standard","has-post-thumbnail","hentry","category-video"],"yoast_head":"<!-- This site is optimized with the Yoast SEO plugin v27.5 - https:\/\/yoast.com\/product\/yoast-seo-wordpress\/ -->\n<title>Un hijo de seis a\u00f1os yac\u00eda en coma desde hac\u00eda dos meses\u2026 y entonces la hija revel\u00f3 algo que dej\u00f3 al padre en shock. -<\/title>\n<meta name=\"robots\" content=\"index, follow, max-snippet:-1, max-image-preview:large, max-video-preview:-1\" \/>\n<link rel=\"canonical\" href=\"https:\/\/vendeto.am\/?p=27628\" \/>\n<meta property=\"og:locale\" content=\"ru_RU\" \/>\n<meta property=\"og:type\" content=\"article\" \/>\n<meta property=\"og:title\" content=\"Un hijo de seis a\u00f1os yac\u00eda en coma desde hac\u00eda dos meses\u2026 y entonces la hija revel\u00f3 algo que dej\u00f3 al padre en shock. -\" \/>\n<meta property=\"og:description\" content=\"Un hijo de seis a\u00f1os yac\u00eda en coma desde hac\u00eda dos meses\u2026 y entonces la hija revel\u00f3 algo que dej\u00f3 al padre en\" \/>\n<meta property=\"og:url\" content=\"https:\/\/vendeto.am\/?p=27628\" \/>\n<meta property=\"article:published_time\" content=\"2026-01-28T17:28:09+00:00\" \/>\n<meta property=\"article:modified_time\" content=\"2026-01-28T17:28:11+00:00\" \/>\n<meta property=\"og:image\" content=\"https:\/\/vendeto.am\/wp-content\/uploads\/2026\/01\/image-6-752x440-1.png\" \/>\n\t<meta property=\"og:image:width\" content=\"752\" \/>\n\t<meta property=\"og:image:height\" content=\"440\" \/>\n\t<meta property=\"og:image:type\" content=\"image\/png\" \/>\n<meta name=\"author\" content=\"admin\" \/>\n<meta name=\"twitter:card\" content=\"summary_large_image\" \/>\n<meta name=\"twitter:label1\" content=\"\u041d\u0430\u043f\u0438\u0441\u0430\u043d\u043e \u0430\u0432\u0442\u043e\u0440\u043e\u043c\" \/>\n\t<meta name=\"twitter:data1\" content=\"admin\" \/>\n\t<meta name=\"twitter:label2\" content=\"\u041f\u0440\u0438\u043c\u0435\u0440\u043d\u043e\u0435 \u0432\u0440\u0435\u043c\u044f \u0434\u043b\u044f \u0447\u0442\u0435\u043d\u0438\u044f\" \/>\n\t<meta name=\"twitter:data2\" content=\"4 \u043c\u0438\u043d\u0443\u0442\u044b\" \/>\n<script type=\"application\/ld+json\" class=\"yoast-schema-graph\">{\"@context\":\"https:\\\/\\\/schema.org\",\"@graph\":[{\"@type\":\"Article\",\"@id\":\"https:\\\/\\\/vendeto.am\\\/?p=27628#article\",\"isPartOf\":{\"@id\":\"https:\\\/\\\/vendeto.am\\\/?p=27628\"},\"author\":{\"name\":\"admin\",\"@id\":\"https:\\\/\\\/vendeto.am\\\/#\\\/schema\\\/person\\\/48a4bd89d2048190ecc61e5ce821bef7\"},\"headline\":\"Un hijo de seis a\u00f1os yac\u00eda en coma desde hac\u00eda dos meses\u2026 y entonces la hija revel\u00f3 algo que dej\u00f3 al padre en shock.\",\"datePublished\":\"2026-01-28T17:28:09+00:00\",\"dateModified\":\"2026-01-28T17:28:11+00:00\",\"mainEntityOfPage\":{\"@id\":\"https:\\\/\\\/vendeto.am\\\/?p=27628\"},\"wordCount\":657,\"commentCount\":0,\"image\":{\"@id\":\"https:\\\/\\\/vendeto.am\\\/?p=27628#primaryimage\"},\"thumbnailUrl\":\"https:\\\/\\\/vendeto.am\\\/wp-content\\\/uploads\\\/2026\\\/01\\\/image-6-752x440-1.png\",\"articleSection\":[\"VIDEO\"],\"inLanguage\":\"ru-RU\",\"potentialAction\":[{\"@type\":\"CommentAction\",\"name\":\"Comment\",\"target\":[\"https:\\\/\\\/vendeto.am\\\/?p=27628#respond\"]}]},{\"@type\":\"WebPage\",\"@id\":\"https:\\\/\\\/vendeto.am\\\/?p=27628\",\"url\":\"https:\\\/\\\/vendeto.am\\\/?p=27628\",\"name\":\"Un hijo de seis a\u00f1os yac\u00eda en coma desde hac\u00eda dos meses\u2026 y entonces la hija revel\u00f3 algo que dej\u00f3 al padre en shock. -\",\"isPartOf\":{\"@id\":\"https:\\\/\\\/vendeto.am\\\/#website\"},\"primaryImageOfPage\":{\"@id\":\"https:\\\/\\\/vendeto.am\\\/?p=27628#primaryimage\"},\"image\":{\"@id\":\"https:\\\/\\\/vendeto.am\\\/?p=27628#primaryimage\"},\"thumbnailUrl\":\"https:\\\/\\\/vendeto.am\\\/wp-content\\\/uploads\\\/2026\\\/01\\\/image-6-752x440-1.png\",\"datePublished\":\"2026-01-28T17:28:09+00:00\",\"dateModified\":\"2026-01-28T17:28:11+00:00\",\"author\":{\"@id\":\"https:\\\/\\\/vendeto.am\\\/#\\\/schema\\\/person\\\/48a4bd89d2048190ecc61e5ce821bef7\"},\"breadcrumb\":{\"@id\":\"https:\\\/\\\/vendeto.am\\\/?p=27628#breadcrumb\"},\"inLanguage\":\"ru-RU\",\"potentialAction\":[{\"@type\":\"ReadAction\",\"target\":[\"https:\\\/\\\/vendeto.am\\\/?p=27628\"]}]},{\"@type\":\"ImageObject\",\"inLanguage\":\"ru-RU\",\"@id\":\"https:\\\/\\\/vendeto.am\\\/?p=27628#primaryimage\",\"url\":\"https:\\\/\\\/vendeto.am\\\/wp-content\\\/uploads\\\/2026\\\/01\\\/image-6-752x440-1.png\",\"contentUrl\":\"https:\\\/\\\/vendeto.am\\\/wp-content\\\/uploads\\\/2026\\\/01\\\/image-6-752x440-1.png\",\"width\":752,\"height\":440},{\"@type\":\"BreadcrumbList\",\"@id\":\"https:\\\/\\\/vendeto.am\\\/?p=27628#breadcrumb\",\"itemListElement\":[{\"@type\":\"ListItem\",\"position\":1,\"name\":\"\u0413\u043b\u0430\u0432\u043d\u0430\u044f \u0441\u0442\u0440\u0430\u043d\u0438\u0446\u0430\",\"item\":\"https:\\\/\\\/vendeto.am\\\/\"},{\"@type\":\"ListItem\",\"position\":2,\"name\":\"Un hijo de seis a\u00f1os yac\u00eda en coma desde hac\u00eda dos meses\u2026 y entonces la hija revel\u00f3 algo que dej\u00f3 al padre en shock.\"}]},{\"@type\":\"WebSite\",\"@id\":\"https:\\\/\\\/vendeto.am\\\/#website\",\"url\":\"https:\\\/\\\/vendeto.am\\\/\",\"name\":\"\",\"description\":\"\",\"potentialAction\":[{\"@type\":\"SearchAction\",\"target\":{\"@type\":\"EntryPoint\",\"urlTemplate\":\"https:\\\/\\\/vendeto.am\\\/?s={search_term_string}\"},\"query-input\":{\"@type\":\"PropertyValueSpecification\",\"valueRequired\":true,\"valueName\":\"search_term_string\"}}],\"inLanguage\":\"ru-RU\"},{\"@type\":\"Person\",\"@id\":\"https:\\\/\\\/vendeto.am\\\/#\\\/schema\\\/person\\\/48a4bd89d2048190ecc61e5ce821bef7\",\"name\":\"admin\",\"image\":{\"@type\":\"ImageObject\",\"inLanguage\":\"ru-RU\",\"@id\":\"https:\\\/\\\/secure.gravatar.com\\\/avatar\\\/df64e550a0653b7be0f1bcf897f33faad9c2c8153472b2d9319beafb51370f6f?s=96&d=mm&r=g\",\"url\":\"https:\\\/\\\/secure.gravatar.com\\\/avatar\\\/df64e550a0653b7be0f1bcf897f33faad9c2c8153472b2d9319beafb51370f6f?s=96&d=mm&r=g\",\"contentUrl\":\"https:\\\/\\\/secure.gravatar.com\\\/avatar\\\/df64e550a0653b7be0f1bcf897f33faad9c2c8153472b2d9319beafb51370f6f?s=96&d=mm&r=g\",\"caption\":\"admin\"},\"sameAs\":[\"http:\\\/\\\/vendeto.am\"],\"url\":\"https:\\\/\\\/vendeto.am\\\/?author=1\"}]}<\/script>\n<!-- \/ Yoast SEO plugin. -->","yoast_head_json":{"title":"Un hijo de seis a\u00f1os yac\u00eda en coma desde hac\u00eda dos meses\u2026 y entonces la hija revel\u00f3 algo que dej\u00f3 al padre en shock. -","robots":{"index":"index","follow":"follow","max-snippet":"max-snippet:-1","max-image-preview":"max-image-preview:large","max-video-preview":"max-video-preview:-1"},"canonical":"https:\/\/vendeto.am\/?p=27628","og_locale":"ru_RU","og_type":"article","og_title":"Un hijo de seis a\u00f1os yac\u00eda en coma desde hac\u00eda dos meses\u2026 y entonces la hija revel\u00f3 algo que dej\u00f3 al padre en shock. -","og_description":"Un hijo de seis a\u00f1os yac\u00eda en coma desde hac\u00eda dos meses\u2026 y entonces la hija revel\u00f3 algo que dej\u00f3 al padre en","og_url":"https:\/\/vendeto.am\/?p=27628","article_published_time":"2026-01-28T17:28:09+00:00","article_modified_time":"2026-01-28T17:28:11+00:00","og_image":[{"width":752,"height":440,"url":"https:\/\/vendeto.am\/wp-content\/uploads\/2026\/01\/image-6-752x440-1.png","type":"image\/png"}],"author":"admin","twitter_card":"summary_large_image","twitter_misc":{"\u041d\u0430\u043f\u0438\u0441\u0430\u043d\u043e \u0430\u0432\u0442\u043e\u0440\u043e\u043c":"admin","\u041f\u0440\u0438\u043c\u0435\u0440\u043d\u043e\u0435 \u0432\u0440\u0435\u043c\u044f \u0434\u043b\u044f \u0447\u0442\u0435\u043d\u0438\u044f":"4 \u043c\u0438\u043d\u0443\u0442\u044b"},"schema":{"@context":"https:\/\/schema.org","@graph":[{"@type":"Article","@id":"https:\/\/vendeto.am\/?p=27628#article","isPartOf":{"@id":"https:\/\/vendeto.am\/?p=27628"},"author":{"name":"admin","@id":"https:\/\/vendeto.am\/#\/schema\/person\/48a4bd89d2048190ecc61e5ce821bef7"},"headline":"Un hijo de seis a\u00f1os yac\u00eda en coma desde hac\u00eda dos meses\u2026 y entonces la hija revel\u00f3 algo que dej\u00f3 al padre en shock.","datePublished":"2026-01-28T17:28:09+00:00","dateModified":"2026-01-28T17:28:11+00:00","mainEntityOfPage":{"@id":"https:\/\/vendeto.am\/?p=27628"},"wordCount":657,"commentCount":0,"image":{"@id":"https:\/\/vendeto.am\/?p=27628#primaryimage"},"thumbnailUrl":"https:\/\/vendeto.am\/wp-content\/uploads\/2026\/01\/image-6-752x440-1.png","articleSection":["VIDEO"],"inLanguage":"ru-RU","potentialAction":[{"@type":"CommentAction","name":"Comment","target":["https:\/\/vendeto.am\/?p=27628#respond"]}]},{"@type":"WebPage","@id":"https:\/\/vendeto.am\/?p=27628","url":"https:\/\/vendeto.am\/?p=27628","name":"Un hijo de seis a\u00f1os yac\u00eda en coma desde hac\u00eda dos meses\u2026 y entonces la hija revel\u00f3 algo que dej\u00f3 al padre en shock. -","isPartOf":{"@id":"https:\/\/vendeto.am\/#website"},"primaryImageOfPage":{"@id":"https:\/\/vendeto.am\/?p=27628#primaryimage"},"image":{"@id":"https:\/\/vendeto.am\/?p=27628#primaryimage"},"thumbnailUrl":"https:\/\/vendeto.am\/wp-content\/uploads\/2026\/01\/image-6-752x440-1.png","datePublished":"2026-01-28T17:28:09+00:00","dateModified":"2026-01-28T17:28:11+00:00","author":{"@id":"https:\/\/vendeto.am\/#\/schema\/person\/48a4bd89d2048190ecc61e5ce821bef7"},"breadcrumb":{"@id":"https:\/\/vendeto.am\/?p=27628#breadcrumb"},"inLanguage":"ru-RU","potentialAction":[{"@type":"ReadAction","target":["https:\/\/vendeto.am\/?p=27628"]}]},{"@type":"ImageObject","inLanguage":"ru-RU","@id":"https:\/\/vendeto.am\/?p=27628#primaryimage","url":"https:\/\/vendeto.am\/wp-content\/uploads\/2026\/01\/image-6-752x440-1.png","contentUrl":"https:\/\/vendeto.am\/wp-content\/uploads\/2026\/01\/image-6-752x440-1.png","width":752,"height":440},{"@type":"BreadcrumbList","@id":"https:\/\/vendeto.am\/?p=27628#breadcrumb","itemListElement":[{"@type":"ListItem","position":1,"name":"\u0413\u043b\u0430\u0432\u043d\u0430\u044f \u0441\u0442\u0440\u0430\u043d\u0438\u0446\u0430","item":"https:\/\/vendeto.am\/"},{"@type":"ListItem","position":2,"name":"Un hijo de seis a\u00f1os yac\u00eda en coma desde hac\u00eda dos meses\u2026 y entonces la hija revel\u00f3 algo que dej\u00f3 al padre en shock."}]},{"@type":"WebSite","@id":"https:\/\/vendeto.am\/#website","url":"https:\/\/vendeto.am\/","name":"","description":"","potentialAction":[{"@type":"SearchAction","target":{"@type":"EntryPoint","urlTemplate":"https:\/\/vendeto.am\/?s={search_term_string}"},"query-input":{"@type":"PropertyValueSpecification","valueRequired":true,"valueName":"search_term_string"}}],"inLanguage":"ru-RU"},{"@type":"Person","@id":"https:\/\/vendeto.am\/#\/schema\/person\/48a4bd89d2048190ecc61e5ce821bef7","name":"admin","image":{"@type":"ImageObject","inLanguage":"ru-RU","@id":"https:\/\/secure.gravatar.com\/avatar\/df64e550a0653b7be0f1bcf897f33faad9c2c8153472b2d9319beafb51370f6f?s=96&d=mm&r=g","url":"https:\/\/secure.gravatar.com\/avatar\/df64e550a0653b7be0f1bcf897f33faad9c2c8153472b2d9319beafb51370f6f?s=96&d=mm&r=g","contentUrl":"https:\/\/secure.gravatar.com\/avatar\/df64e550a0653b7be0f1bcf897f33faad9c2c8153472b2d9319beafb51370f6f?s=96&d=mm&r=g","caption":"admin"},"sameAs":["http:\/\/vendeto.am"],"url":"https:\/\/vendeto.am\/?author=1"}]}},"views":257,"_links":{"self":[{"href":"https:\/\/vendeto.am\/index.php?rest_route=\/wp\/v2\/posts\/27628","targetHints":{"allow":["GET"]}}],"collection":[{"href":"https:\/\/vendeto.am\/index.php?rest_route=\/wp\/v2\/posts"}],"about":[{"href":"https:\/\/vendeto.am\/index.php?rest_route=\/wp\/v2\/types\/post"}],"author":[{"embeddable":true,"href":"https:\/\/vendeto.am\/index.php?rest_route=\/wp\/v2\/users\/1"}],"replies":[{"embeddable":true,"href":"https:\/\/vendeto.am\/index.php?rest_route=%2Fwp%2Fv2%2Fcomments&post=27628"}],"version-history":[{"count":1,"href":"https:\/\/vendeto.am\/index.php?rest_route=\/wp\/v2\/posts\/27628\/revisions"}],"predecessor-version":[{"id":27630,"href":"https:\/\/vendeto.am\/index.php?rest_route=\/wp\/v2\/posts\/27628\/revisions\/27630"}],"wp:featuredmedia":[{"embeddable":true,"href":"https:\/\/vendeto.am\/index.php?rest_route=\/wp\/v2\/media\/27629"}],"wp:attachment":[{"href":"https:\/\/vendeto.am\/index.php?rest_route=%2Fwp%2Fv2%2Fmedia&parent=27628"}],"wp:term":[{"taxonomy":"category","embeddable":true,"href":"https:\/\/vendeto.am\/index.php?rest_route=%2Fwp%2Fv2%2Fcategories&post=27628"},{"taxonomy":"post_tag","embeddable":true,"href":"https:\/\/vendeto.am\/index.php?rest_route=%2Fwp%2Fv2%2Ftags&post=27628"}],"curies":[{"name":"wp","href":"https:\/\/api.w.org\/{rel}","templated":true}]}}