{"id":27637,"date":"2026-01-28T21:31:46","date_gmt":"2026-01-28T18:31:46","guid":{"rendered":"https:\/\/vendeto.am\/?p=27637"},"modified":"2026-01-28T21:31:47","modified_gmt":"2026-01-28T18:31:47","slug":"el-hijo-que-consideraba-a-su-madre-una-carga-decidio-internarla-en-la-residencia-de-ancianos-mas-barata-pero-cuando-la-anciana-revelo-su-apellido-de-soltera-la-enfermera-se-quedo-paralizada-y-lo","status":"publish","type":"post","link":"https:\/\/vendeto.am\/?p=27637","title":{"rendered":"El hijo, que consideraba a su madre una carga, decidi\u00f3 internarla en la residencia de ancianos m\u00e1s barata. Pero cuando la anciana revel\u00f3 su apellido de soltera, la enfermera se qued\u00f3 paralizada. Y lo que dijo despu\u00e9s dio un vuelco total a la historia."},"content":{"rendered":"\n<p>El hijo, que consideraba a su madre una carga, decidi\u00f3 internarla en la residencia de ancianos m\u00e1s barata. Pero cuando la anciana revel\u00f3 su apellido de soltera, la enfermera se qued\u00f3 paralizada. Y lo que dijo despu\u00e9s dio un vuelco total a la historia.<\/p>\n\n\n\n<p>El hijo llev\u00f3 a su madre a un centro que hab\u00eda elegido \u00fanicamente por el precio. Estaba cansado, irritado y convencido de que la anciana solo complicaba su vida. Llevaba meses pensando c\u00f3mo \u201cresolver\u201d su vejez, sus enfermedades y su lentitud. Al final lleg\u00f3 a la conclusi\u00f3n de que una residencia era la opci\u00f3n m\u00e1s f\u00e1cil.<\/p>\n\n\n\n<p>\u2014Pase, por favor \u2014dijo la enfermera, una mujer joven con bata blanca que trabajaba en admisi\u00f3n. Su tono era profesional, neutro, sin emociones. Evidentemente era una rutina que repet\u00eda a diario.<\/p>\n\n\n\n<p>La madre se apoyaba en un bast\u00f3n e intentaba parecer tranquila. Mientras tanto, su hijo golpeaba nerviosamente la pantalla del tel\u00e9fono con los dedos, como si toda la situaci\u00f3n le molestara.<\/p>\n\n\n\n<p>La enfermera sac\u00f3 un formulario y empez\u00f3 a rellenar las primeras casillas.<br>\u2014Nombre, fecha de nacimiento\u2026 \u00bfapellido de soltera?<\/p>\n\n\n\n<p>Ni siquiera mir\u00f3 a la anciana. Esperaba una respuesta com\u00fan, autom\u00e1tica. Pero lo que sigui\u00f3 no tuvo nada de normal.<\/p>\n\n\n\n<p>La anciana pronunci\u00f3 en voz baja su apellido de soltera.<\/p>\n\n\n\n<p>En ese instante, la enfermera se qued\u00f3 completamente r\u00edgida. Su mano se detuvo en medio del movimiento. Lentamente levant\u00f3 la vista y mir\u00f3 a la mujer frente a ella: durante largo rato, con incredulidad, como si la realidad hubiera dejado de funcionar correctamente.<\/p>\n\n\n\n<p>\u2014\u00bfQu\u00e9 pasa? \u2014gru\u00f1\u00f3 el hijo con impaciencia\u2014. \u00bfPodemos terminar? Tengo prisa.<\/p>\n\n\n\n<p>Pero la enfermera no lo escuchaba. Su mirada segu\u00eda fija en la anciana. En sus ojos apareci\u00f3 miedo, sorpresa y luego algo parecido al dolor.<\/p>\n\n\n\n<p>\u2014Perdone\u2026 \u00bfest\u00e1 segura? Ese apellido\u2026 \u00bfde verdad es usted? \u2014pregunt\u00f3 en voz baja, casi con angustia.<\/p>\n\n\n\n<p>\u2014Claro que estoy segura \u2014respondi\u00f3 la mujer con voz firme\u2014. Ese apellido lo llevaba mi madre. Y la madre de ella tambi\u00e9n. Perd\u00ed a mi hermana hace veinte a\u00f1os\u2026 pero jam\u00e1s olvidar\u00e9 ese nombre.<\/p>\n\n\n\n<p>La enfermera trag\u00f3 saliva. Dej\u00f3 el bol\u00edgrafo sobre la mesa, como si ya no tuviera sentido.<\/p>\n\n\n\n<p>\u2014\u00bfUna hermana? \u2014repiti\u00f3 en un susurro\u2014. \u00bfC\u00f3mo se llamaba?<\/p>\n\n\n\n<p>La anciana alz\u00f3 la vista, como si regresara a recuerdos dolorosos.<br>\u2014Se llamaba Elena. Desapareci\u00f3 cuando ten\u00eda veinte a\u00f1os. La polic\u00eda no logr\u00f3 encontrarla. \u00c9ramos gemelas.<\/p>\n\n\n\n<p>En ese momento, la enfermera inhal\u00f3 con tanta fuerza que incluso interrumpi\u00f3 la conversaci\u00f3n de dos compa\u00f1eras cercanas. Sus manos empezaron a temblar.<\/p>\n\n\n\n<p>\u2014Elena\u2026 \u2014repiti\u00f3\u2014. \u00bfTen\u00eda una marca de nacimiento en el rostro? \u00bfEn el lado izquierdo?<\/p>\n\n\n\n<p>\u2014S\u00ed \u2014asinti\u00f3 la anciana\u2014. Era su \u00fanica particularidad.<\/p>\n\n\n\n<p>La enfermera se levant\u00f3. Sus ojos brillaban de l\u00e1grimas.<\/p>\n\n\n\n<p>\u2014Entonces\u2026 entonces usted es mi t\u00eda \u2014susurr\u00f3.<\/p>\n\n\n\n<p>El hijo solt\u00f3 una risa, convencido de que se trataba de un absurdo.<br>\u2014Por favor, \u00bfalguien puede ocuparse del papeleo? Tenemos aqu\u00ed un drama porque la se\u00f1orita enfermera se confundi\u00f3 con un apellido.<\/p>\n\n\n\n<p>Pero la enfermera se gir\u00f3 directamente hacia \u00e9l. Y por primera vez apareci\u00f3 frialdad en su mirada.<\/p>\n\n\n\n<p>\u2014No me he confundido. Esta mujer\u2026 es mi sangre. Mi familia. Mi madre \u2014dijo con voz firme\u2014 es Elena. Su madre es su hermana gemela. Nos separaron hace a\u00f1os. Mi madre pas\u00f3 toda la vida creyendo que su hermana hab\u00eda muerto.<\/p>\n\n\n\n<figure class=\"wp-block-image size-full\"><img loading=\"lazy\" decoding=\"async\" width=\"567\" height=\"600\" src=\"https:\/\/vendeto.am\/wp-content\/uploads\/2026\/01\/image-84.png\" alt=\"\" class=\"wp-image-27639\" srcset=\"https:\/\/vendeto.am\/wp-content\/uploads\/2026\/01\/image-84.png 567w, https:\/\/vendeto.am\/wp-content\/uploads\/2026\/01\/image-84-284x300.png 284w\" sizes=\"auto, (max-width: 567px) 100vw, 567px\" \/><\/figure>\n\n\n\n<p>La anciana perdi\u00f3 el equilibrio de repente y la enfermera la sostuvo. Ambas permanecieron un momento en silencio. La enfermera solloz\u00f3 y la abraz\u00f3 con cuidado, como si abrazara un recuerdo de la infancia que milagrosamente se hab\u00eda hecho realidad.<\/p>\n\n\n\n<p>El hijo dio un paso atr\u00e1s.<br>\u2014Espere\u2026 \u00bfqu\u00e9? \u00bfDe verdad\u2026?<\/p>\n\n\n\n<p>Por primera vez, su voz son\u00f3 insegura.<\/p>\n\n\n\n<p>La enfermera se volvi\u00f3 hacia \u00e9l, ahora completamente serena.<\/p>\n\n\n\n<p>\u2014Se\u00f1or, esta mujer no pertenece a este lugar. Y desde luego no porque sea una carga. \u00bfSabe lo que mi madre dar\u00eda por poder abrazarla una vez m\u00e1s? \u00bfSabe que la busc\u00f3 durante veinte a\u00f1os? \u00bfSabe que en cada pastel de cumplea\u00f1os pon\u00eda una vela extra\u2026 para su hermana perdida?<\/p>\n\n\n\n<p>El hijo abri\u00f3 la boca, pero no sali\u00f3 ninguna palabra.<\/p>\n\n\n\n<p>La enfermera continu\u00f3:<br>\u2014Su madre no es el problema. El que ha fallado es usted. Y si la trae aqu\u00ed solo porque es vieja, entonces deber\u00eda saber que acaba de apartar de su vida a la \u00faltima persona que lo quiso de verdad.<\/p>\n\n\n\n<p>La anciana se dej\u00f3 caer en una silla y baj\u00f3 la mirada.<br>\u2014\u00c9l tiene su propia vida\u2026 no quiero ser una carga \u2014susurr\u00f3.<\/p>\n\n\n\n<p>\u2014T\u00eda \u2014dijo la enfermera con suavidad\u2014, nosotros no te vemos como una carga. Somos familia. Familia de verdad. Y si me lo permites, hoy mismo te llevo a casa. Mi mam\u00e1\u2026 tu hermana\u2026 quiere verte.<\/p>\n\n\n\n<p>Y entonces la anciana, despu\u00e9s de veinte a\u00f1os, rompi\u00f3 a llorar.<\/p>\n\n\n\n<p>El hijo permaneci\u00f3 all\u00ed, inm\u00f3vil. Todo lo que siempre hab\u00eda dado por sentado se desmoron\u00f3. Los ojos de su madre, llenos de una tristeza silenciosa y de una esperanza reci\u00e9n despertada, lo hirieron m\u00e1s que cualquier reproche.<\/p>\n\n\n\n<p>Y por primera vez en mucho tiempo comprendi\u00f3 que hab\u00eda cometido un error que no ser\u00eda f\u00e1cil de reparar.<\/p>\n","protected":false},"excerpt":{"rendered":"El hijo, que consideraba a su madre una carga, decidi\u00f3 internarla en la residencia de ancianos m\u00e1s barata. Pero cuando la anciana revel\u00f3 \n<a class=\"moretag\" href=\"https:\/\/vendeto.am\/?p=27637\"> [...]<\/a>","protected":false},"author":1,"featured_media":27639,"comment_status":"open","ping_status":"open","sticky":false,"template":"","format":"standard","meta":{"footnotes":""},"categories":[3],"tags":[],"class_list":["post-27637","post","type-post","status-publish","format-standard","has-post-thumbnail","hentry","category-video"],"yoast_head":"<!-- This site is optimized with the Yoast SEO plugin v27.5 - https:\/\/yoast.com\/product\/yoast-seo-wordpress\/ -->\n<title>El hijo, que consideraba a su madre una carga, decidi\u00f3 internarla en la residencia de ancianos m\u00e1s barata. Pero cuando la anciana revel\u00f3 su apellido de soltera, la enfermera se qued\u00f3 paralizada. Y lo que dijo despu\u00e9s dio un vuelco total a la historia. -<\/title>\n<meta name=\"robots\" content=\"index, follow, max-snippet:-1, max-image-preview:large, max-video-preview:-1\" \/>\n<link rel=\"canonical\" href=\"https:\/\/vendeto.am\/?p=27637\" \/>\n<meta property=\"og:locale\" content=\"ru_RU\" \/>\n<meta property=\"og:type\" content=\"article\" \/>\n<meta property=\"og:title\" content=\"El hijo, que consideraba a su madre una carga, decidi\u00f3 internarla en la residencia de ancianos m\u00e1s barata. Pero cuando la anciana revel\u00f3 su apellido de soltera, la enfermera se qued\u00f3 paralizada. Y lo que dijo despu\u00e9s dio un vuelco total a la historia. -\" \/>\n<meta property=\"og:description\" content=\"El hijo, que consideraba a su madre una carga, decidi\u00f3 internarla en la residencia de ancianos m\u00e1s barata. Pero cuando la anciana revel\u00f3\" \/>\n<meta property=\"og:url\" content=\"https:\/\/vendeto.am\/?p=27637\" \/>\n<meta property=\"article:published_time\" content=\"2026-01-28T18:31:46+00:00\" \/>\n<meta property=\"article:modified_time\" content=\"2026-01-28T18:31:47+00:00\" \/>\n<meta property=\"og:image\" content=\"https:\/\/vendeto.am\/wp-content\/uploads\/2026\/01\/image-84.png\" \/>\n\t<meta property=\"og:image:width\" content=\"567\" \/>\n\t<meta property=\"og:image:height\" content=\"600\" \/>\n\t<meta property=\"og:image:type\" content=\"image\/png\" \/>\n<meta name=\"author\" content=\"admin\" \/>\n<meta name=\"twitter:card\" content=\"summary_large_image\" \/>\n<meta name=\"twitter:label1\" content=\"\u041d\u0430\u043f\u0438\u0441\u0430\u043d\u043e \u0430\u0432\u0442\u043e\u0440\u043e\u043c\" \/>\n\t<meta name=\"twitter:data1\" content=\"admin\" \/>\n\t<meta name=\"twitter:label2\" content=\"\u041f\u0440\u0438\u043c\u0435\u0440\u043d\u043e\u0435 \u0432\u0440\u0435\u043c\u044f \u0434\u043b\u044f \u0447\u0442\u0435\u043d\u0438\u044f\" \/>\n\t<meta name=\"twitter:data2\" content=\"5 \u043c\u0438\u043d\u0443\u0442\" \/>\n<script type=\"application\/ld+json\" class=\"yoast-schema-graph\">{\"@context\":\"https:\\\/\\\/schema.org\",\"@graph\":[{\"@type\":\"Article\",\"@id\":\"https:\\\/\\\/vendeto.am\\\/?p=27637#article\",\"isPartOf\":{\"@id\":\"https:\\\/\\\/vendeto.am\\\/?p=27637\"},\"author\":{\"name\":\"admin\",\"@id\":\"https:\\\/\\\/vendeto.am\\\/#\\\/schema\\\/person\\\/48a4bd89d2048190ecc61e5ce821bef7\"},\"headline\":\"El hijo, que consideraba a su madre una carga, decidi\u00f3 internarla en la residencia de ancianos m\u00e1s barata. Pero cuando la anciana revel\u00f3 su apellido de soltera, la enfermera se qued\u00f3 paralizada. Y lo que dijo despu\u00e9s dio un vuelco total a la historia.\",\"datePublished\":\"2026-01-28T18:31:46+00:00\",\"dateModified\":\"2026-01-28T18:31:47+00:00\",\"mainEntityOfPage\":{\"@id\":\"https:\\\/\\\/vendeto.am\\\/?p=27637\"},\"wordCount\":935,\"commentCount\":0,\"image\":{\"@id\":\"https:\\\/\\\/vendeto.am\\\/?p=27637#primaryimage\"},\"thumbnailUrl\":\"https:\\\/\\\/vendeto.am\\\/wp-content\\\/uploads\\\/2026\\\/01\\\/image-84.png\",\"articleSection\":[\"VIDEO\"],\"inLanguage\":\"ru-RU\",\"potentialAction\":[{\"@type\":\"CommentAction\",\"name\":\"Comment\",\"target\":[\"https:\\\/\\\/vendeto.am\\\/?p=27637#respond\"]}]},{\"@type\":\"WebPage\",\"@id\":\"https:\\\/\\\/vendeto.am\\\/?p=27637\",\"url\":\"https:\\\/\\\/vendeto.am\\\/?p=27637\",\"name\":\"El hijo, que consideraba a su madre una carga, decidi\u00f3 internarla en la residencia de ancianos m\u00e1s barata. Pero cuando la anciana revel\u00f3 su apellido de soltera, la enfermera se qued\u00f3 paralizada. Y lo que dijo despu\u00e9s dio un vuelco total a la historia. -\",\"isPartOf\":{\"@id\":\"https:\\\/\\\/vendeto.am\\\/#website\"},\"primaryImageOfPage\":{\"@id\":\"https:\\\/\\\/vendeto.am\\\/?p=27637#primaryimage\"},\"image\":{\"@id\":\"https:\\\/\\\/vendeto.am\\\/?p=27637#primaryimage\"},\"thumbnailUrl\":\"https:\\\/\\\/vendeto.am\\\/wp-content\\\/uploads\\\/2026\\\/01\\\/image-84.png\",\"datePublished\":\"2026-01-28T18:31:46+00:00\",\"dateModified\":\"2026-01-28T18:31:47+00:00\",\"author\":{\"@id\":\"https:\\\/\\\/vendeto.am\\\/#\\\/schema\\\/person\\\/48a4bd89d2048190ecc61e5ce821bef7\"},\"breadcrumb\":{\"@id\":\"https:\\\/\\\/vendeto.am\\\/?p=27637#breadcrumb\"},\"inLanguage\":\"ru-RU\",\"potentialAction\":[{\"@type\":\"ReadAction\",\"target\":[\"https:\\\/\\\/vendeto.am\\\/?p=27637\"]}]},{\"@type\":\"ImageObject\",\"inLanguage\":\"ru-RU\",\"@id\":\"https:\\\/\\\/vendeto.am\\\/?p=27637#primaryimage\",\"url\":\"https:\\\/\\\/vendeto.am\\\/wp-content\\\/uploads\\\/2026\\\/01\\\/image-84.png\",\"contentUrl\":\"https:\\\/\\\/vendeto.am\\\/wp-content\\\/uploads\\\/2026\\\/01\\\/image-84.png\",\"width\":567,\"height\":600},{\"@type\":\"BreadcrumbList\",\"@id\":\"https:\\\/\\\/vendeto.am\\\/?p=27637#breadcrumb\",\"itemListElement\":[{\"@type\":\"ListItem\",\"position\":1,\"name\":\"\u0413\u043b\u0430\u0432\u043d\u0430\u044f \u0441\u0442\u0440\u0430\u043d\u0438\u0446\u0430\",\"item\":\"https:\\\/\\\/vendeto.am\\\/\"},{\"@type\":\"ListItem\",\"position\":2,\"name\":\"El hijo, que consideraba a su madre una carga, decidi\u00f3 internarla en la residencia de ancianos m\u00e1s barata. Pero cuando la anciana revel\u00f3 su apellido de soltera, la enfermera se qued\u00f3 paralizada. Y lo que dijo despu\u00e9s dio un vuelco total a la historia.\"}]},{\"@type\":\"WebSite\",\"@id\":\"https:\\\/\\\/vendeto.am\\\/#website\",\"url\":\"https:\\\/\\\/vendeto.am\\\/\",\"name\":\"\",\"description\":\"\",\"potentialAction\":[{\"@type\":\"SearchAction\",\"target\":{\"@type\":\"EntryPoint\",\"urlTemplate\":\"https:\\\/\\\/vendeto.am\\\/?s={search_term_string}\"},\"query-input\":{\"@type\":\"PropertyValueSpecification\",\"valueRequired\":true,\"valueName\":\"search_term_string\"}}],\"inLanguage\":\"ru-RU\"},{\"@type\":\"Person\",\"@id\":\"https:\\\/\\\/vendeto.am\\\/#\\\/schema\\\/person\\\/48a4bd89d2048190ecc61e5ce821bef7\",\"name\":\"admin\",\"image\":{\"@type\":\"ImageObject\",\"inLanguage\":\"ru-RU\",\"@id\":\"https:\\\/\\\/secure.gravatar.com\\\/avatar\\\/df64e550a0653b7be0f1bcf897f33faad9c2c8153472b2d9319beafb51370f6f?s=96&d=mm&r=g\",\"url\":\"https:\\\/\\\/secure.gravatar.com\\\/avatar\\\/df64e550a0653b7be0f1bcf897f33faad9c2c8153472b2d9319beafb51370f6f?s=96&d=mm&r=g\",\"contentUrl\":\"https:\\\/\\\/secure.gravatar.com\\\/avatar\\\/df64e550a0653b7be0f1bcf897f33faad9c2c8153472b2d9319beafb51370f6f?s=96&d=mm&r=g\",\"caption\":\"admin\"},\"sameAs\":[\"http:\\\/\\\/vendeto.am\"],\"url\":\"https:\\\/\\\/vendeto.am\\\/?author=1\"}]}<\/script>\n<!-- \/ Yoast SEO plugin. -->","yoast_head_json":{"title":"El hijo, que consideraba a su madre una carga, decidi\u00f3 internarla en la residencia de ancianos m\u00e1s barata. Pero cuando la anciana revel\u00f3 su apellido de soltera, la enfermera se qued\u00f3 paralizada. Y lo que dijo despu\u00e9s dio un vuelco total a la historia. -","robots":{"index":"index","follow":"follow","max-snippet":"max-snippet:-1","max-image-preview":"max-image-preview:large","max-video-preview":"max-video-preview:-1"},"canonical":"https:\/\/vendeto.am\/?p=27637","og_locale":"ru_RU","og_type":"article","og_title":"El hijo, que consideraba a su madre una carga, decidi\u00f3 internarla en la residencia de ancianos m\u00e1s barata. Pero cuando la anciana revel\u00f3 su apellido de soltera, la enfermera se qued\u00f3 paralizada. Y lo que dijo despu\u00e9s dio un vuelco total a la historia. -","og_description":"El hijo, que consideraba a su madre una carga, decidi\u00f3 internarla en la residencia de ancianos m\u00e1s barata. Pero cuando la anciana revel\u00f3","og_url":"https:\/\/vendeto.am\/?p=27637","article_published_time":"2026-01-28T18:31:46+00:00","article_modified_time":"2026-01-28T18:31:47+00:00","og_image":[{"width":567,"height":600,"url":"https:\/\/vendeto.am\/wp-content\/uploads\/2026\/01\/image-84.png","type":"image\/png"}],"author":"admin","twitter_card":"summary_large_image","twitter_misc":{"\u041d\u0430\u043f\u0438\u0441\u0430\u043d\u043e \u0430\u0432\u0442\u043e\u0440\u043e\u043c":"admin","\u041f\u0440\u0438\u043c\u0435\u0440\u043d\u043e\u0435 \u0432\u0440\u0435\u043c\u044f \u0434\u043b\u044f \u0447\u0442\u0435\u043d\u0438\u044f":"5 \u043c\u0438\u043d\u0443\u0442"},"schema":{"@context":"https:\/\/schema.org","@graph":[{"@type":"Article","@id":"https:\/\/vendeto.am\/?p=27637#article","isPartOf":{"@id":"https:\/\/vendeto.am\/?p=27637"},"author":{"name":"admin","@id":"https:\/\/vendeto.am\/#\/schema\/person\/48a4bd89d2048190ecc61e5ce821bef7"},"headline":"El hijo, que consideraba a su madre una carga, decidi\u00f3 internarla en la residencia de ancianos m\u00e1s barata. Pero cuando la anciana revel\u00f3 su apellido de soltera, la enfermera se qued\u00f3 paralizada. Y lo que dijo despu\u00e9s dio un vuelco total a la historia.","datePublished":"2026-01-28T18:31:46+00:00","dateModified":"2026-01-28T18:31:47+00:00","mainEntityOfPage":{"@id":"https:\/\/vendeto.am\/?p=27637"},"wordCount":935,"commentCount":0,"image":{"@id":"https:\/\/vendeto.am\/?p=27637#primaryimage"},"thumbnailUrl":"https:\/\/vendeto.am\/wp-content\/uploads\/2026\/01\/image-84.png","articleSection":["VIDEO"],"inLanguage":"ru-RU","potentialAction":[{"@type":"CommentAction","name":"Comment","target":["https:\/\/vendeto.am\/?p=27637#respond"]}]},{"@type":"WebPage","@id":"https:\/\/vendeto.am\/?p=27637","url":"https:\/\/vendeto.am\/?p=27637","name":"El hijo, que consideraba a su madre una carga, decidi\u00f3 internarla en la residencia de ancianos m\u00e1s barata. Pero cuando la anciana revel\u00f3 su apellido de soltera, la enfermera se qued\u00f3 paralizada. Y lo que dijo despu\u00e9s dio un vuelco total a la historia. -","isPartOf":{"@id":"https:\/\/vendeto.am\/#website"},"primaryImageOfPage":{"@id":"https:\/\/vendeto.am\/?p=27637#primaryimage"},"image":{"@id":"https:\/\/vendeto.am\/?p=27637#primaryimage"},"thumbnailUrl":"https:\/\/vendeto.am\/wp-content\/uploads\/2026\/01\/image-84.png","datePublished":"2026-01-28T18:31:46+00:00","dateModified":"2026-01-28T18:31:47+00:00","author":{"@id":"https:\/\/vendeto.am\/#\/schema\/person\/48a4bd89d2048190ecc61e5ce821bef7"},"breadcrumb":{"@id":"https:\/\/vendeto.am\/?p=27637#breadcrumb"},"inLanguage":"ru-RU","potentialAction":[{"@type":"ReadAction","target":["https:\/\/vendeto.am\/?p=27637"]}]},{"@type":"ImageObject","inLanguage":"ru-RU","@id":"https:\/\/vendeto.am\/?p=27637#primaryimage","url":"https:\/\/vendeto.am\/wp-content\/uploads\/2026\/01\/image-84.png","contentUrl":"https:\/\/vendeto.am\/wp-content\/uploads\/2026\/01\/image-84.png","width":567,"height":600},{"@type":"BreadcrumbList","@id":"https:\/\/vendeto.am\/?p=27637#breadcrumb","itemListElement":[{"@type":"ListItem","position":1,"name":"\u0413\u043b\u0430\u0432\u043d\u0430\u044f \u0441\u0442\u0440\u0430\u043d\u0438\u0446\u0430","item":"https:\/\/vendeto.am\/"},{"@type":"ListItem","position":2,"name":"El hijo, que consideraba a su madre una carga, decidi\u00f3 internarla en la residencia de ancianos m\u00e1s barata. Pero cuando la anciana revel\u00f3 su apellido de soltera, la enfermera se qued\u00f3 paralizada. Y lo que dijo despu\u00e9s dio un vuelco total a la historia."}]},{"@type":"WebSite","@id":"https:\/\/vendeto.am\/#website","url":"https:\/\/vendeto.am\/","name":"","description":"","potentialAction":[{"@type":"SearchAction","target":{"@type":"EntryPoint","urlTemplate":"https:\/\/vendeto.am\/?s={search_term_string}"},"query-input":{"@type":"PropertyValueSpecification","valueRequired":true,"valueName":"search_term_string"}}],"inLanguage":"ru-RU"},{"@type":"Person","@id":"https:\/\/vendeto.am\/#\/schema\/person\/48a4bd89d2048190ecc61e5ce821bef7","name":"admin","image":{"@type":"ImageObject","inLanguage":"ru-RU","@id":"https:\/\/secure.gravatar.com\/avatar\/df64e550a0653b7be0f1bcf897f33faad9c2c8153472b2d9319beafb51370f6f?s=96&d=mm&r=g","url":"https:\/\/secure.gravatar.com\/avatar\/df64e550a0653b7be0f1bcf897f33faad9c2c8153472b2d9319beafb51370f6f?s=96&d=mm&r=g","contentUrl":"https:\/\/secure.gravatar.com\/avatar\/df64e550a0653b7be0f1bcf897f33faad9c2c8153472b2d9319beafb51370f6f?s=96&d=mm&r=g","caption":"admin"},"sameAs":["http:\/\/vendeto.am"],"url":"https:\/\/vendeto.am\/?author=1"}]}},"views":257,"_links":{"self":[{"href":"https:\/\/vendeto.am\/index.php?rest_route=\/wp\/v2\/posts\/27637","targetHints":{"allow":["GET"]}}],"collection":[{"href":"https:\/\/vendeto.am\/index.php?rest_route=\/wp\/v2\/posts"}],"about":[{"href":"https:\/\/vendeto.am\/index.php?rest_route=\/wp\/v2\/types\/post"}],"author":[{"embeddable":true,"href":"https:\/\/vendeto.am\/index.php?rest_route=\/wp\/v2\/users\/1"}],"replies":[{"embeddable":true,"href":"https:\/\/vendeto.am\/index.php?rest_route=%2Fwp%2Fv2%2Fcomments&post=27637"}],"version-history":[{"count":1,"href":"https:\/\/vendeto.am\/index.php?rest_route=\/wp\/v2\/posts\/27637\/revisions"}],"predecessor-version":[{"id":27640,"href":"https:\/\/vendeto.am\/index.php?rest_route=\/wp\/v2\/posts\/27637\/revisions\/27640"}],"wp:featuredmedia":[{"embeddable":true,"href":"https:\/\/vendeto.am\/index.php?rest_route=\/wp\/v2\/media\/27639"}],"wp:attachment":[{"href":"https:\/\/vendeto.am\/index.php?rest_route=%2Fwp%2Fv2%2Fmedia&parent=27637"}],"wp:term":[{"taxonomy":"category","embeddable":true,"href":"https:\/\/vendeto.am\/index.php?rest_route=%2Fwp%2Fv2%2Fcategories&post=27637"},{"taxonomy":"post_tag","embeddable":true,"href":"https:\/\/vendeto.am\/index.php?rest_route=%2Fwp%2Fv2%2Ftags&post=27637"}],"curies":[{"name":"wp","href":"https:\/\/api.w.org\/{rel}","templated":true}]}}