{"id":28922,"date":"2026-04-26T20:14:43","date_gmt":"2026-04-26T17:14:43","guid":{"rendered":"https:\/\/vendeto.am\/?p=28922"},"modified":"2026-04-26T20:14:45","modified_gmt":"2026-04-26T17:14:45","slug":"zena-sest-let-kazdy-den-krmila-na-svem-balkone-tu-samou-vranu-ale-jednoho-dne-ptak-proste-nepriletel-a-brzy-se-dozvedela-hroznou-pravdu","status":"publish","type":"post","link":"https:\/\/vendeto.am\/?p=28922","title":{"rendered":"\u017dena \u0161est let ka\u017ed\u00fd den krmila na sv\u00e9m balkon\u011b tu samou vr\u00e1nu: ale jednoho dne pt\u00e1k prost\u011b nep\u0159ilet\u011bl a brzy se dozv\u011bd\u011bla hroznou pravdu\u00a0"},"content":{"rendered":"\n<p>\u017dena \u0161est let krmila tu samou vr\u00e1nu.<\/p>\n\n\n\n<p>Ka\u017ed\u00e9 r\u00e1no star\u0161\u00ed \u017eena vych\u00e1zela na balkon s hrst\u00ed drobk\u016f chleba. Zpo\u010d\u00e1tku se pt\u00e1k dr\u017eel d\u00e1l, pak za\u010dal p\u0159ist\u00e1vat bl\u00ed\u017e a po roce u\u017e kloval klidn\u011b p\u0159\u00edmo z jej\u00ed dlan\u011b. Soused\u00e9 si na pt\u00e1ky st\u011b\u017eovali, nad\u00e1vali, dokonce tr\u00e1vili holuby a jin\u00e9 ptactvo na dvo\u0159e. Ale tuhle vr\u00e1nu se z n\u011bjak\u00e9ho d\u016fvodu nikdo nedotkl. Jako by sama v\u011bd\u011bla, kde je nebezpe\u010dno a kde m\u016f\u017ee v\u011b\u0159it.<\/p>\n\n\n\n<p>\u017dena \u017eila sama. Man\u017eel zem\u0159el u\u017e d\u00e1vno, syn se odst\u011bhoval do jin\u00e9ho m\u011bsta a volal \u010d\u00edm d\u00e1l m\u00e9n\u011b. R\u00e1no za\u010d\u00ednalo konvic\u00ed na \u010daj, star\u00fdm \u017eupanem a kroky na balkon. A vr\u00e1na u\u017e \u010dekala \u2014 na z\u00e1bradl\u00ed, s lehce naklon\u011bnou hlavou, jako by zdravila.<\/p>\n\n\n\n<p>Mluvila na ni nahlas. Vypr\u00e1v\u011bla j\u00ed o po\u010das\u00ed, o sousedce z p\u00e1t\u00e9ho patra, o bolesti v koleni. A pt\u00e1k poslouchal. Po sv\u00e9m, ml\u010dky.<\/p>\n\n\n\n<p>\u0160est let \u2014 ani jeden vynechan\u00fd den.<\/p>\n\n\n\n<p>A pak jednoho dne vr\u00e1na nep\u0159ilet\u011bla.<\/p>\n\n\n\n<p>\u017dena vy\u0161la jako obvykle. Dr\u017eela drobky v dlani. \u010cekala. Pod\u00edvala se na z\u00e1bradl\u00ed. Pt\u00e1ci l\u00e9tali po dvo\u0159e, n\u011bkde v d\u00e1lce kr\u00e1kali, ale ta jej\u00ed \u2014 nikde.<\/p>\n\n\n\n<p>St\u00e1la tam asi deset minut. Pak dvacet. Drobky v dlani zvlhly.<\/p>\n\n\n\n<p>Dal\u0161\u00ed den vy\u0161la znovu.<\/p>\n\n\n\n<p>A t\u0159et\u00ed.<\/p>\n\n\n\n<p>\u017dena \u0161est let ka\u017ed\u00fd den krmila na sv\u00e9m balkon\u011b tu samou vr\u00e1nu: ale jednoho dne pt\u00e1k nep\u0159ilet\u011bl a brzy se dozv\u011bd\u011bla n\u011bco stra\u0161n\u00e9ho&nbsp;<img decoding=\"async\" alt=\"\ud83d\ude22\" src=\"https:\/\/s.w.org\/images\/core\/emoji\/17.0.2\/svg\/1f622.svg\"><img decoding=\"async\" alt=\"\ud83d\ude28\" src=\"https:\/\/s.w.org\/images\/core\/emoji\/17.0.2\/svg\/1f628.svg\">&nbsp;Pokra\u010dov\u00e1n\u00ed v prvn\u00edm koment\u00e1\u0159i&nbsp;<img decoding=\"async\" alt=\"\ud83d\udc47\" src=\"https:\/\/s.w.org\/images\/core\/emoji\/17.0.2\/svg\/1f447.svg\"><img decoding=\"async\" alt=\"\ud83d\udc47\" src=\"https:\/\/s.w.org\/images\/core\/emoji\/17.0.2\/svg\/1f447.svg\"><\/p>\n\n\n\n<p>Jednou na dvo\u0159e starou pan\u00ed zastavila sousedka.<\/p>\n\n\n\n<p>\u2014 Tu \u010dernou jste krmila vy?<\/p>\n\n\n\n<figure class=\"wp-block-image\"><img decoding=\"async\" src=\"https:\/\/chexia.info\/wp-content\/uploads\/2026\/03\/123-1.png\" alt=\"\" class=\"wp-image-6537\"\/><\/figure>\n\n\n\n<p>\u2014 Ano.<\/p>\n\n\n\n<p>\u2014 Srazilo ji auto. Na zat\u00e1\u010dce u obchodu. Vid\u011bla jsem to\u2026<\/p>\n\n\n\n<p>\u017dena jen p\u0159ik\u00fdvla. Nic ne\u0159ekla. Prost\u011b se vr\u00e1tila dom\u016f.<\/p>\n\n\n\n<p>Balkon z\u016fstal pr\u00e1zdn\u00fd. Tich\u00fd. R\u00e1no p\u0159estalo m\u00edt smysl.<\/p>\n\n\n\n<p>O n\u011bkolik dn\u00ed pozd\u011bji n\u011bkdo zazvonil u dve\u0159\u00ed. Na prahu st\u00e1la ta sam\u00e1 sousedka.<\/p>\n\n\n\n<p>\u2014 Promi\u0148te\u2026 M\u016fj otec v\u00e1s prosil, abych v\u00e1m to vy\u0159\u00eddila. Je nemocn\u00fd a skoro nevych\u00e1z\u00ed z domu. \u0158\u00edk\u00e1, \u017ee d\u0159\u00edv ka\u017ed\u00fd den sledoval z okna, jak krm\u00edte vr\u00e1nu. Pt\u00e1 se, pro\u010d u\u017e nevych\u00e1z\u00edte na balkon.<\/p>\n\n\n\n<p>\u017dena nejd\u0159\u00edv necht\u011bla j\u00edt. Nakonec ale se\u0161la o patro n\u00ed\u017e.<\/p>\n\n\n\n<p>V pokoji byl c\u00edtit pach l\u00e9k\u016f a st\u00e1\u0159\u00ed. U okna sed\u011bl huben\u00fd mu\u017e asi p\u011btasedmdes\u00e1tilet\u00fd. Pod\u00edval se na ni pozorn\u00fdm, klidn\u00fdm pohledem.<\/p>\n\n\n\n<p>\u2014 U\u017e nep\u0159il\u00e9t\u00e1? \u2014 zeptal se.<\/p>\n\n\n\n<p>\u2014 U\u017e nen\u00ed, \u2014 odpov\u011bd\u011bla \u017eena ti\u0161e. \u2014 Srazilo ji auto.<\/p>\n\n\n\n<p>Mu\u017e dlouho ml\u010del.<\/p>\n\n\n\n<p>\u2014 Pt\u00e1ci \u017eij\u00ed krat\u0161\u00ed dobu ne\u017e my, \u2014 \u0159ekl nakonec. \u2014 A lid\u00e9 tak\u00e9 odch\u00e1zej\u00ed. Ale \u017eivot nekon\u010d\u00ed. \u0160est let jste se o ni starala. To znamen\u00e1, \u017ee se um\u00edte starat.<\/p>\n\n\n\n<p>K\u00fdvl sm\u011brem k oknu.<\/p>\n\n\n\n<p>\u2014 Na dvo\u0159e je jich spousta. N\u011bjak\u00e1 stejn\u011b p\u0159ilet\u00ed. A kdy\u017e nep\u0159ilet\u00ed \u2014 stejn\u011b vych\u00e1zejte. Mn\u011b bylo klidn\u011bji, kdy\u017e jste st\u00e1la na balkon\u011b.<\/p>\n\n\n\n<p>\u017dena hned neodpov\u011bd\u011bla.<\/p>\n\n\n\n<p>Druh\u00fd den r\u00e1no vy\u0161la znovu s drobky. Ne proto, \u017ee \u010dekala tu samou vr\u00e1nu. Ale proto, \u017ee na dvo\u0159e n\u011bkdo \u010dekal a d\u00edval se jej\u00edm sm\u011brem.<\/p>\n\n\n\n<p>Nejd\u0159\u00edv p\u0159ilet\u011bli holubi.<br>Pak si na okraj z\u00e1bradl\u00ed sedl jeden \u010dern\u00fd pt\u00e1k.<\/p>\n\n\n\n<p>\u017dena jen nat\u00e1hla dla\u0148.<\/p>\n","protected":false},"excerpt":{"rendered":"\u017dena \u0161est let krmila tu samou vr\u00e1nu. Ka\u017ed\u00e9 r\u00e1no star\u0161\u00ed \u017eena vych\u00e1zela na balkon s hrst\u00ed drobk\u016f chleba. Zpo\u010d\u00e1tku se pt\u00e1k dr\u017eel d\u00e1l, \n<a class=\"moretag\" href=\"https:\/\/vendeto.am\/?p=28922\"> [...]<\/a>","protected":false},"author":1,"featured_media":28923,"comment_status":"open","ping_status":"open","sticky":false,"template":"","format":"standard","meta":{"footnotes":""},"categories":[2],"tags":[],"class_list":["post-28922","post","type-post","status-publish","format-standard","has-post-thumbnail","hentry","category-sport"],"yoast_head":"<!-- This site is optimized with the Yoast SEO plugin v27.4 - https:\/\/yoast.com\/product\/yoast-seo-wordpress\/ -->\n<title>\u017dena \u0161est let ka\u017ed\u00fd den krmila na sv\u00e9m balkon\u011b tu samou vr\u00e1nu: ale jednoho dne pt\u00e1k prost\u011b nep\u0159ilet\u011bl a brzy se dozv\u011bd\u011bla hroznou pravdu\u00a0 -<\/title>\n<meta name=\"robots\" content=\"index, follow, max-snippet:-1, max-image-preview:large, max-video-preview:-1\" \/>\n<link rel=\"canonical\" href=\"https:\/\/vendeto.am\/?p=28922\" \/>\n<meta property=\"og:locale\" content=\"ru_RU\" \/>\n<meta property=\"og:type\" content=\"article\" \/>\n<meta property=\"og:title\" content=\"\u017dena \u0161est let ka\u017ed\u00fd den krmila na sv\u00e9m balkon\u011b tu samou vr\u00e1nu: ale jednoho dne pt\u00e1k prost\u011b nep\u0159ilet\u011bl a brzy se dozv\u011bd\u011bla hroznou pravdu\u00a0 -\" \/>\n<meta property=\"og:description\" content=\"\u017dena \u0161est let krmila tu samou vr\u00e1nu. Ka\u017ed\u00e9 r\u00e1no star\u0161\u00ed \u017eena vych\u00e1zela na balkon s hrst\u00ed drobk\u016f chleba. Zpo\u010d\u00e1tku se pt\u00e1k dr\u017eel d\u00e1l,\" \/>\n<meta property=\"og:url\" content=\"https:\/\/vendeto.am\/?p=28922\" \/>\n<meta property=\"article:published_time\" content=\"2026-04-26T17:14:43+00:00\" \/>\n<meta property=\"article:modified_time\" content=\"2026-04-26T17:14:45+00:00\" \/>\n<meta property=\"og:image\" content=\"https:\/\/vendeto.am\/wp-content\/uploads\/2026\/04\/123-1.png\" \/>\n\t<meta property=\"og:image:width\" content=\"854\" \/>\n\t<meta property=\"og:image:height\" content=\"654\" \/>\n\t<meta property=\"og:image:type\" content=\"image\/png\" \/>\n<meta name=\"author\" content=\"admin\" \/>\n<meta name=\"twitter:card\" content=\"summary_large_image\" \/>\n<meta name=\"twitter:label1\" content=\"\u041d\u0430\u043f\u0438\u0441\u0430\u043d\u043e \u0430\u0432\u0442\u043e\u0440\u043e\u043c\" \/>\n\t<meta name=\"twitter:data1\" content=\"admin\" \/>\n\t<meta name=\"twitter:label2\" content=\"\u041f\u0440\u0438\u043c\u0435\u0440\u043d\u043e\u0435 \u0432\u0440\u0435\u043c\u044f \u0434\u043b\u044f \u0447\u0442\u0435\u043d\u0438\u044f\" \/>\n\t<meta name=\"twitter:data2\" content=\"4 \u043c\u0438\u043d\u0443\u0442\u044b\" \/>\n<script type=\"application\/ld+json\" class=\"yoast-schema-graph\">{\"@context\":\"https:\\\/\\\/schema.org\",\"@graph\":[{\"@type\":\"Article\",\"@id\":\"https:\\\/\\\/vendeto.am\\\/?p=28922#article\",\"isPartOf\":{\"@id\":\"https:\\\/\\\/vendeto.am\\\/?p=28922\"},\"author\":{\"name\":\"admin\",\"@id\":\"https:\\\/\\\/vendeto.am\\\/#\\\/schema\\\/person\\\/48a4bd89d2048190ecc61e5ce821bef7\"},\"headline\":\"\u017dena \u0161est let ka\u017ed\u00fd den krmila na sv\u00e9m balkon\u011b tu samou vr\u00e1nu: ale jednoho dne pt\u00e1k prost\u011b nep\u0159ilet\u011bl a brzy se dozv\u011bd\u011bla hroznou pravdu\u00a0\",\"datePublished\":\"2026-04-26T17:14:43+00:00\",\"dateModified\":\"2026-04-26T17:14:45+00:00\",\"mainEntityOfPage\":{\"@id\":\"https:\\\/\\\/vendeto.am\\\/?p=28922\"},\"wordCount\":638,\"commentCount\":0,\"image\":{\"@id\":\"https:\\\/\\\/vendeto.am\\\/?p=28922#primaryimage\"},\"thumbnailUrl\":\"https:\\\/\\\/vendeto.am\\\/wp-content\\\/uploads\\\/2026\\\/04\\\/123-1.png\",\"articleSection\":[\"SPORT\"],\"inLanguage\":\"ru-RU\",\"potentialAction\":[{\"@type\":\"CommentAction\",\"name\":\"Comment\",\"target\":[\"https:\\\/\\\/vendeto.am\\\/?p=28922#respond\"]}]},{\"@type\":\"WebPage\",\"@id\":\"https:\\\/\\\/vendeto.am\\\/?p=28922\",\"url\":\"https:\\\/\\\/vendeto.am\\\/?p=28922\",\"name\":\"\u017dena \u0161est let ka\u017ed\u00fd den krmila na sv\u00e9m balkon\u011b tu samou vr\u00e1nu: ale jednoho dne pt\u00e1k prost\u011b nep\u0159ilet\u011bl a brzy se dozv\u011bd\u011bla hroznou pravdu\u00a0 -\",\"isPartOf\":{\"@id\":\"https:\\\/\\\/vendeto.am\\\/#website\"},\"primaryImageOfPage\":{\"@id\":\"https:\\\/\\\/vendeto.am\\\/?p=28922#primaryimage\"},\"image\":{\"@id\":\"https:\\\/\\\/vendeto.am\\\/?p=28922#primaryimage\"},\"thumbnailUrl\":\"https:\\\/\\\/vendeto.am\\\/wp-content\\\/uploads\\\/2026\\\/04\\\/123-1.png\",\"datePublished\":\"2026-04-26T17:14:43+00:00\",\"dateModified\":\"2026-04-26T17:14:45+00:00\",\"author\":{\"@id\":\"https:\\\/\\\/vendeto.am\\\/#\\\/schema\\\/person\\\/48a4bd89d2048190ecc61e5ce821bef7\"},\"breadcrumb\":{\"@id\":\"https:\\\/\\\/vendeto.am\\\/?p=28922#breadcrumb\"},\"inLanguage\":\"ru-RU\",\"potentialAction\":[{\"@type\":\"ReadAction\",\"target\":[\"https:\\\/\\\/vendeto.am\\\/?p=28922\"]}]},{\"@type\":\"ImageObject\",\"inLanguage\":\"ru-RU\",\"@id\":\"https:\\\/\\\/vendeto.am\\\/?p=28922#primaryimage\",\"url\":\"https:\\\/\\\/vendeto.am\\\/wp-content\\\/uploads\\\/2026\\\/04\\\/123-1.png\",\"contentUrl\":\"https:\\\/\\\/vendeto.am\\\/wp-content\\\/uploads\\\/2026\\\/04\\\/123-1.png\",\"width\":854,\"height\":654},{\"@type\":\"BreadcrumbList\",\"@id\":\"https:\\\/\\\/vendeto.am\\\/?p=28922#breadcrumb\",\"itemListElement\":[{\"@type\":\"ListItem\",\"position\":1,\"name\":\"\u0413\u043b\u0430\u0432\u043d\u0430\u044f \u0441\u0442\u0440\u0430\u043d\u0438\u0446\u0430\",\"item\":\"https:\\\/\\\/vendeto.am\\\/\"},{\"@type\":\"ListItem\",\"position\":2,\"name\":\"\u017dena \u0161est let ka\u017ed\u00fd den krmila na sv\u00e9m balkon\u011b tu samou vr\u00e1nu: ale jednoho dne pt\u00e1k prost\u011b nep\u0159ilet\u011bl a brzy se dozv\u011bd\u011bla hroznou pravdu\u00a0\"}]},{\"@type\":\"WebSite\",\"@id\":\"https:\\\/\\\/vendeto.am\\\/#website\",\"url\":\"https:\\\/\\\/vendeto.am\\\/\",\"name\":\"\",\"description\":\"\",\"potentialAction\":[{\"@type\":\"SearchAction\",\"target\":{\"@type\":\"EntryPoint\",\"urlTemplate\":\"https:\\\/\\\/vendeto.am\\\/?s={search_term_string}\"},\"query-input\":{\"@type\":\"PropertyValueSpecification\",\"valueRequired\":true,\"valueName\":\"search_term_string\"}}],\"inLanguage\":\"ru-RU\"},{\"@type\":\"Person\",\"@id\":\"https:\\\/\\\/vendeto.am\\\/#\\\/schema\\\/person\\\/48a4bd89d2048190ecc61e5ce821bef7\",\"name\":\"admin\",\"image\":{\"@type\":\"ImageObject\",\"inLanguage\":\"ru-RU\",\"@id\":\"https:\\\/\\\/secure.gravatar.com\\\/avatar\\\/df64e550a0653b7be0f1bcf897f33faad9c2c8153472b2d9319beafb51370f6f?s=96&d=mm&r=g\",\"url\":\"https:\\\/\\\/secure.gravatar.com\\\/avatar\\\/df64e550a0653b7be0f1bcf897f33faad9c2c8153472b2d9319beafb51370f6f?s=96&d=mm&r=g\",\"contentUrl\":\"https:\\\/\\\/secure.gravatar.com\\\/avatar\\\/df64e550a0653b7be0f1bcf897f33faad9c2c8153472b2d9319beafb51370f6f?s=96&d=mm&r=g\",\"caption\":\"admin\"},\"sameAs\":[\"http:\\\/\\\/vendeto.am\"],\"url\":\"https:\\\/\\\/vendeto.am\\\/?author=1\"}]}<\/script>\n<!-- \/ Yoast SEO plugin. -->","yoast_head_json":{"title":"\u017dena \u0161est let ka\u017ed\u00fd den krmila na sv\u00e9m balkon\u011b tu samou vr\u00e1nu: ale jednoho dne pt\u00e1k prost\u011b nep\u0159ilet\u011bl a brzy se dozv\u011bd\u011bla hroznou pravdu\u00a0 -","robots":{"index":"index","follow":"follow","max-snippet":"max-snippet:-1","max-image-preview":"max-image-preview:large","max-video-preview":"max-video-preview:-1"},"canonical":"https:\/\/vendeto.am\/?p=28922","og_locale":"ru_RU","og_type":"article","og_title":"\u017dena \u0161est let ka\u017ed\u00fd den krmila na sv\u00e9m balkon\u011b tu samou vr\u00e1nu: ale jednoho dne pt\u00e1k prost\u011b nep\u0159ilet\u011bl a brzy se dozv\u011bd\u011bla hroznou pravdu\u00a0 -","og_description":"\u017dena \u0161est let krmila tu samou vr\u00e1nu. Ka\u017ed\u00e9 r\u00e1no star\u0161\u00ed \u017eena vych\u00e1zela na balkon s hrst\u00ed drobk\u016f chleba. Zpo\u010d\u00e1tku se pt\u00e1k dr\u017eel d\u00e1l,","og_url":"https:\/\/vendeto.am\/?p=28922","article_published_time":"2026-04-26T17:14:43+00:00","article_modified_time":"2026-04-26T17:14:45+00:00","og_image":[{"width":854,"height":654,"url":"https:\/\/vendeto.am\/wp-content\/uploads\/2026\/04\/123-1.png","type":"image\/png"}],"author":"admin","twitter_card":"summary_large_image","twitter_misc":{"\u041d\u0430\u043f\u0438\u0441\u0430\u043d\u043e \u0430\u0432\u0442\u043e\u0440\u043e\u043c":"admin","\u041f\u0440\u0438\u043c\u0435\u0440\u043d\u043e\u0435 \u0432\u0440\u0435\u043c\u044f \u0434\u043b\u044f \u0447\u0442\u0435\u043d\u0438\u044f":"4 \u043c\u0438\u043d\u0443\u0442\u044b"},"schema":{"@context":"https:\/\/schema.org","@graph":[{"@type":"Article","@id":"https:\/\/vendeto.am\/?p=28922#article","isPartOf":{"@id":"https:\/\/vendeto.am\/?p=28922"},"author":{"name":"admin","@id":"https:\/\/vendeto.am\/#\/schema\/person\/48a4bd89d2048190ecc61e5ce821bef7"},"headline":"\u017dena \u0161est let ka\u017ed\u00fd den krmila na sv\u00e9m balkon\u011b tu samou vr\u00e1nu: ale jednoho dne pt\u00e1k prost\u011b nep\u0159ilet\u011bl a brzy se dozv\u011bd\u011bla hroznou pravdu\u00a0","datePublished":"2026-04-26T17:14:43+00:00","dateModified":"2026-04-26T17:14:45+00:00","mainEntityOfPage":{"@id":"https:\/\/vendeto.am\/?p=28922"},"wordCount":638,"commentCount":0,"image":{"@id":"https:\/\/vendeto.am\/?p=28922#primaryimage"},"thumbnailUrl":"https:\/\/vendeto.am\/wp-content\/uploads\/2026\/04\/123-1.png","articleSection":["SPORT"],"inLanguage":"ru-RU","potentialAction":[{"@type":"CommentAction","name":"Comment","target":["https:\/\/vendeto.am\/?p=28922#respond"]}]},{"@type":"WebPage","@id":"https:\/\/vendeto.am\/?p=28922","url":"https:\/\/vendeto.am\/?p=28922","name":"\u017dena \u0161est let ka\u017ed\u00fd den krmila na sv\u00e9m balkon\u011b tu samou vr\u00e1nu: ale jednoho dne pt\u00e1k prost\u011b nep\u0159ilet\u011bl a brzy se dozv\u011bd\u011bla hroznou pravdu\u00a0 -","isPartOf":{"@id":"https:\/\/vendeto.am\/#website"},"primaryImageOfPage":{"@id":"https:\/\/vendeto.am\/?p=28922#primaryimage"},"image":{"@id":"https:\/\/vendeto.am\/?p=28922#primaryimage"},"thumbnailUrl":"https:\/\/vendeto.am\/wp-content\/uploads\/2026\/04\/123-1.png","datePublished":"2026-04-26T17:14:43+00:00","dateModified":"2026-04-26T17:14:45+00:00","author":{"@id":"https:\/\/vendeto.am\/#\/schema\/person\/48a4bd89d2048190ecc61e5ce821bef7"},"breadcrumb":{"@id":"https:\/\/vendeto.am\/?p=28922#breadcrumb"},"inLanguage":"ru-RU","potentialAction":[{"@type":"ReadAction","target":["https:\/\/vendeto.am\/?p=28922"]}]},{"@type":"ImageObject","inLanguage":"ru-RU","@id":"https:\/\/vendeto.am\/?p=28922#primaryimage","url":"https:\/\/vendeto.am\/wp-content\/uploads\/2026\/04\/123-1.png","contentUrl":"https:\/\/vendeto.am\/wp-content\/uploads\/2026\/04\/123-1.png","width":854,"height":654},{"@type":"BreadcrumbList","@id":"https:\/\/vendeto.am\/?p=28922#breadcrumb","itemListElement":[{"@type":"ListItem","position":1,"name":"\u0413\u043b\u0430\u0432\u043d\u0430\u044f \u0441\u0442\u0440\u0430\u043d\u0438\u0446\u0430","item":"https:\/\/vendeto.am\/"},{"@type":"ListItem","position":2,"name":"\u017dena \u0161est let ka\u017ed\u00fd den krmila na sv\u00e9m balkon\u011b tu samou vr\u00e1nu: ale jednoho dne pt\u00e1k prost\u011b nep\u0159ilet\u011bl a brzy se dozv\u011bd\u011bla hroznou pravdu\u00a0"}]},{"@type":"WebSite","@id":"https:\/\/vendeto.am\/#website","url":"https:\/\/vendeto.am\/","name":"","description":"","potentialAction":[{"@type":"SearchAction","target":{"@type":"EntryPoint","urlTemplate":"https:\/\/vendeto.am\/?s={search_term_string}"},"query-input":{"@type":"PropertyValueSpecification","valueRequired":true,"valueName":"search_term_string"}}],"inLanguage":"ru-RU"},{"@type":"Person","@id":"https:\/\/vendeto.am\/#\/schema\/person\/48a4bd89d2048190ecc61e5ce821bef7","name":"admin","image":{"@type":"ImageObject","inLanguage":"ru-RU","@id":"https:\/\/secure.gravatar.com\/avatar\/df64e550a0653b7be0f1bcf897f33faad9c2c8153472b2d9319beafb51370f6f?s=96&d=mm&r=g","url":"https:\/\/secure.gravatar.com\/avatar\/df64e550a0653b7be0f1bcf897f33faad9c2c8153472b2d9319beafb51370f6f?s=96&d=mm&r=g","contentUrl":"https:\/\/secure.gravatar.com\/avatar\/df64e550a0653b7be0f1bcf897f33faad9c2c8153472b2d9319beafb51370f6f?s=96&d=mm&r=g","caption":"admin"},"sameAs":["http:\/\/vendeto.am"],"url":"https:\/\/vendeto.am\/?author=1"}]}},"views":10,"_links":{"self":[{"href":"https:\/\/vendeto.am\/index.php?rest_route=\/wp\/v2\/posts\/28922","targetHints":{"allow":["GET"]}}],"collection":[{"href":"https:\/\/vendeto.am\/index.php?rest_route=\/wp\/v2\/posts"}],"about":[{"href":"https:\/\/vendeto.am\/index.php?rest_route=\/wp\/v2\/types\/post"}],"author":[{"embeddable":true,"href":"https:\/\/vendeto.am\/index.php?rest_route=\/wp\/v2\/users\/1"}],"replies":[{"embeddable":true,"href":"https:\/\/vendeto.am\/index.php?rest_route=%2Fwp%2Fv2%2Fcomments&post=28922"}],"version-history":[{"count":1,"href":"https:\/\/vendeto.am\/index.php?rest_route=\/wp\/v2\/posts\/28922\/revisions"}],"predecessor-version":[{"id":28924,"href":"https:\/\/vendeto.am\/index.php?rest_route=\/wp\/v2\/posts\/28922\/revisions\/28924"}],"wp:featuredmedia":[{"embeddable":true,"href":"https:\/\/vendeto.am\/index.php?rest_route=\/wp\/v2\/media\/28923"}],"wp:attachment":[{"href":"https:\/\/vendeto.am\/index.php?rest_route=%2Fwp%2Fv2%2Fmedia&parent=28922"}],"wp:term":[{"taxonomy":"category","embeddable":true,"href":"https:\/\/vendeto.am\/index.php?rest_route=%2Fwp%2Fv2%2Fcategories&post=28922"},{"taxonomy":"post_tag","embeddable":true,"href":"https:\/\/vendeto.am\/index.php?rest_route=%2Fwp%2Fv2%2Ftags&post=28922"}],"curies":[{"name":"wp","href":"https:\/\/api.w.org\/{rel}","templated":true}]}}