{"id":28956,"date":"2026-04-26T21:02:07","date_gmt":"2026-04-26T18:02:07","guid":{"rendered":"https:\/\/vendeto.am\/?p=28956"},"modified":"2026-04-26T21:02:09","modified_gmt":"2026-04-26T18:02:09","slug":"una-joven-madre-publico-una-foto-en-la-que-amamanta-a-su-hija-en-publico-y-su-respuesta-dejo-a-todos-sin-palabras","status":"publish","type":"post","link":"https:\/\/vendeto.am\/?p=28956","title":{"rendered":"Una joven madre public\u00f3 una foto en la que amamanta a su hija en p\u00fablico\u2026 y su respuesta dej\u00f3 a todos sin palabras."},"content":{"rendered":"\n<p>Una joven madre public\u00f3 una foto en la que amamanta a su hija en p\u00fablico\u2026 y su respuesta dej\u00f3 a todos sin palabras.<\/p>\n\n\n\n<p>Cuando una joven mam\u00e1 de Praga comparti\u00f3 en redes sociales una fotograf\u00eda en la que amamanta a su peque\u00f1a hija en medio de un supermercado, no imaginaba que provocar\u00eda una reacci\u00f3n tan intensa. En cuesti\u00f3n de horas, la imagen se difundi\u00f3 por internet: miles de comentarios, \u201cme gusta\u201d, pero tambi\u00e9n cr\u00edticas. Para algunos era un s\u00edmbolo de maternidad y valent\u00eda; para otros, una provocaci\u00f3n y un \u201ccomportamiento inapropiado en p\u00fablico\u201d.<\/p>\n\n\n\n<p>En la foto, la mujer est\u00e1 sentada en un banco junto a las cajas, con una expresi\u00f3n tranquila en el rostro y su beb\u00e9 en brazos. No parece extravagante ni busca provocar: simplemente hace lo que millones de madres en todo el mundo hacen cada d\u00eda: cuidar de su hijo. Aun as\u00ed, bajo la publicaci\u00f3n se desat\u00f3 una avalancha de opiniones.<br>\u201cLa lactancia es natural, pero no tiene que ser en cualquier lugar\u201d, escribi\u00f3 un usuario.<br>\u201cDeber\u00eda avergonzarse, aqu\u00ed hay ni\u00f1os y hombres\u201d, a\u00f1adi\u00f3 otra.<\/p>\n\n\n\n<p>La madre, que no se dej\u00f3 intimidar, respondi\u00f3 con una calma inesperada, pero sus palabras impactaron a todos:<br>\u201cMi hijo no entiende de horarios, no sabe lo que significa esperar hasta que lleguemos a casa. Cuando tiene hambre, lo alimento. Eso no es una provocaci\u00f3n, es cuidado. Si esto te molesta, quiz\u00e1 deber\u00edas preguntarte por qu\u00e9 te asusta lo natural\u201d.<\/p>\n\n\n\n<figure class=\"wp-block-image size-full\"><img loading=\"lazy\" decoding=\"async\" width=\"907\" height=\"832\" src=\"https:\/\/vendeto.am\/wp-content\/uploads\/2026\/04\/image-42-1.png\" alt=\"\" class=\"wp-image-28957\" srcset=\"https:\/\/vendeto.am\/wp-content\/uploads\/2026\/04\/image-42-1.png 907w, https:\/\/vendeto.am\/wp-content\/uploads\/2026\/04\/image-42-1-300x275.png 300w, https:\/\/vendeto.am\/wp-content\/uploads\/2026\/04\/image-42-1-768x704.png 768w\" sizes=\"auto, (max-width: 907px) 100vw, 907px\" \/><\/figure>\n\n\n\n<p>Su respuesta se volvi\u00f3 viral. La gente empez\u00f3 a compartirla con el hashtag #amamantoPorqueSoyMadre, y cientos de otras mujeres se sumaron con sus propias fotos para mostrar su apoyo.<\/p>\n\n\n\n<p>La psic\u00f3loga Kl\u00e1ra Dole\u017ealov\u00e1 coment\u00f3 al respecto:<br>\u201cEl problema no es la lactancia, sino c\u00f3mo la sociedad percibe el cuerpo femenino. En los anuncios publicitarios la desnudez es com\u00fan, pero una madre con su hijo provoca rechazo. Es una paradoja que muestra lo desconectados que estamos de la realidad\u201d.<\/p>\n\n\n\n<p>En pocos d\u00edas, toda la historia se convirti\u00f3 en un s\u00edmbolo de la maternidad moderna: abierta, segura y natural. La joven madre, que al principio enfrent\u00f3 cr\u00edticas, termin\u00f3 inspirando a miles de mujeres a no tener miedo de ser ellas mismas.<\/p>\n\n\n\n<p>M\u00e1s tarde escribi\u00f3 en su perfil:<br>\u201cNo tengan miedo de ser madres, aunque no encaje en las expectativas de los dem\u00e1s. Un hijo es m\u00e1s importante que las miradas de la gente\u201d.<\/p>\n\n\n\n<p>Y con este mensaje sencillo pero poderoso, silenci\u00f3 a todos los que quisieron juzgarla.<\/p>\n","protected":false},"excerpt":{"rendered":"Una joven madre public\u00f3 una foto en la que amamanta a su hija en p\u00fablico\u2026 y su respuesta dej\u00f3 a todos sin palabras. \n<a class=\"moretag\" href=\"https:\/\/vendeto.am\/?p=28956\"> [...]<\/a>","protected":false},"author":1,"featured_media":28957,"comment_status":"open","ping_status":"open","sticky":false,"template":"","format":"standard","meta":{"footnotes":""},"categories":[3],"tags":[],"class_list":["post-28956","post","type-post","status-publish","format-standard","has-post-thumbnail","hentry","category-video"],"yoast_head":"<!-- This site is optimized with the Yoast SEO plugin v27.4 - https:\/\/yoast.com\/product\/yoast-seo-wordpress\/ -->\n<title>Una joven madre public\u00f3 una foto en la que amamanta a su hija en p\u00fablico\u2026 y su respuesta dej\u00f3 a todos sin palabras. -<\/title>\n<meta name=\"robots\" content=\"index, follow, max-snippet:-1, max-image-preview:large, max-video-preview:-1\" \/>\n<link rel=\"canonical\" href=\"https:\/\/vendeto.am\/?p=28956\" \/>\n<meta property=\"og:locale\" content=\"ru_RU\" \/>\n<meta property=\"og:type\" content=\"article\" \/>\n<meta property=\"og:title\" content=\"Una joven madre public\u00f3 una foto en la que amamanta a su hija en p\u00fablico\u2026 y su respuesta dej\u00f3 a todos sin palabras. -\" \/>\n<meta property=\"og:description\" content=\"Una joven madre public\u00f3 una foto en la que amamanta a su hija en p\u00fablico\u2026 y su respuesta dej\u00f3 a todos sin palabras.\" \/>\n<meta property=\"og:url\" content=\"https:\/\/vendeto.am\/?p=28956\" \/>\n<meta property=\"article:published_time\" content=\"2026-04-26T18:02:07+00:00\" \/>\n<meta property=\"article:modified_time\" content=\"2026-04-26T18:02:09+00:00\" \/>\n<meta property=\"og:image\" content=\"https:\/\/vendeto.am\/wp-content\/uploads\/2026\/04\/image-42-1.png\" \/>\n\t<meta property=\"og:image:width\" content=\"907\" \/>\n\t<meta property=\"og:image:height\" content=\"832\" \/>\n\t<meta property=\"og:image:type\" content=\"image\/png\" \/>\n<meta name=\"author\" content=\"admin\" \/>\n<meta name=\"twitter:card\" content=\"summary_large_image\" \/>\n<meta name=\"twitter:label1\" content=\"\u041d\u0430\u043f\u0438\u0441\u0430\u043d\u043e \u0430\u0432\u0442\u043e\u0440\u043e\u043c\" \/>\n\t<meta name=\"twitter:data1\" content=\"admin\" \/>\n\t<meta name=\"twitter:label2\" content=\"\u041f\u0440\u0438\u043c\u0435\u0440\u043d\u043e\u0435 \u0432\u0440\u0435\u043c\u044f \u0434\u043b\u044f \u0447\u0442\u0435\u043d\u0438\u044f\" \/>\n\t<meta name=\"twitter:data2\" content=\"3 \u043c\u0438\u043d\u0443\u0442\u044b\" \/>\n<script type=\"application\/ld+json\" class=\"yoast-schema-graph\">{\"@context\":\"https:\\\/\\\/schema.org\",\"@graph\":[{\"@type\":\"Article\",\"@id\":\"https:\\\/\\\/vendeto.am\\\/?p=28956#article\",\"isPartOf\":{\"@id\":\"https:\\\/\\\/vendeto.am\\\/?p=28956\"},\"author\":{\"name\":\"admin\",\"@id\":\"https:\\\/\\\/vendeto.am\\\/#\\\/schema\\\/person\\\/48a4bd89d2048190ecc61e5ce821bef7\"},\"headline\":\"Una joven madre public\u00f3 una foto en la que amamanta a su hija en p\u00fablico\u2026 y su respuesta dej\u00f3 a todos sin palabras.\",\"datePublished\":\"2026-04-26T18:02:07+00:00\",\"dateModified\":\"2026-04-26T18:02:09+00:00\",\"mainEntityOfPage\":{\"@id\":\"https:\\\/\\\/vendeto.am\\\/?p=28956\"},\"wordCount\":458,\"commentCount\":0,\"image\":{\"@id\":\"https:\\\/\\\/vendeto.am\\\/?p=28956#primaryimage\"},\"thumbnailUrl\":\"https:\\\/\\\/vendeto.am\\\/wp-content\\\/uploads\\\/2026\\\/04\\\/image-42-1.png\",\"articleSection\":[\"VIDEO\"],\"inLanguage\":\"ru-RU\",\"potentialAction\":[{\"@type\":\"CommentAction\",\"name\":\"Comment\",\"target\":[\"https:\\\/\\\/vendeto.am\\\/?p=28956#respond\"]}]},{\"@type\":\"WebPage\",\"@id\":\"https:\\\/\\\/vendeto.am\\\/?p=28956\",\"url\":\"https:\\\/\\\/vendeto.am\\\/?p=28956\",\"name\":\"Una joven madre public\u00f3 una foto en la que amamanta a su hija en p\u00fablico\u2026 y su respuesta dej\u00f3 a todos sin palabras. -\",\"isPartOf\":{\"@id\":\"https:\\\/\\\/vendeto.am\\\/#website\"},\"primaryImageOfPage\":{\"@id\":\"https:\\\/\\\/vendeto.am\\\/?p=28956#primaryimage\"},\"image\":{\"@id\":\"https:\\\/\\\/vendeto.am\\\/?p=28956#primaryimage\"},\"thumbnailUrl\":\"https:\\\/\\\/vendeto.am\\\/wp-content\\\/uploads\\\/2026\\\/04\\\/image-42-1.png\",\"datePublished\":\"2026-04-26T18:02:07+00:00\",\"dateModified\":\"2026-04-26T18:02:09+00:00\",\"author\":{\"@id\":\"https:\\\/\\\/vendeto.am\\\/#\\\/schema\\\/person\\\/48a4bd89d2048190ecc61e5ce821bef7\"},\"breadcrumb\":{\"@id\":\"https:\\\/\\\/vendeto.am\\\/?p=28956#breadcrumb\"},\"inLanguage\":\"ru-RU\",\"potentialAction\":[{\"@type\":\"ReadAction\",\"target\":[\"https:\\\/\\\/vendeto.am\\\/?p=28956\"]}]},{\"@type\":\"ImageObject\",\"inLanguage\":\"ru-RU\",\"@id\":\"https:\\\/\\\/vendeto.am\\\/?p=28956#primaryimage\",\"url\":\"https:\\\/\\\/vendeto.am\\\/wp-content\\\/uploads\\\/2026\\\/04\\\/image-42-1.png\",\"contentUrl\":\"https:\\\/\\\/vendeto.am\\\/wp-content\\\/uploads\\\/2026\\\/04\\\/image-42-1.png\",\"width\":907,\"height\":832},{\"@type\":\"BreadcrumbList\",\"@id\":\"https:\\\/\\\/vendeto.am\\\/?p=28956#breadcrumb\",\"itemListElement\":[{\"@type\":\"ListItem\",\"position\":1,\"name\":\"\u0413\u043b\u0430\u0432\u043d\u0430\u044f \u0441\u0442\u0440\u0430\u043d\u0438\u0446\u0430\",\"item\":\"https:\\\/\\\/vendeto.am\\\/\"},{\"@type\":\"ListItem\",\"position\":2,\"name\":\"Una joven madre public\u00f3 una foto en la que amamanta a su hija en p\u00fablico\u2026 y su respuesta dej\u00f3 a todos sin palabras.\"}]},{\"@type\":\"WebSite\",\"@id\":\"https:\\\/\\\/vendeto.am\\\/#website\",\"url\":\"https:\\\/\\\/vendeto.am\\\/\",\"name\":\"\",\"description\":\"\",\"potentialAction\":[{\"@type\":\"SearchAction\",\"target\":{\"@type\":\"EntryPoint\",\"urlTemplate\":\"https:\\\/\\\/vendeto.am\\\/?s={search_term_string}\"},\"query-input\":{\"@type\":\"PropertyValueSpecification\",\"valueRequired\":true,\"valueName\":\"search_term_string\"}}],\"inLanguage\":\"ru-RU\"},{\"@type\":\"Person\",\"@id\":\"https:\\\/\\\/vendeto.am\\\/#\\\/schema\\\/person\\\/48a4bd89d2048190ecc61e5ce821bef7\",\"name\":\"admin\",\"image\":{\"@type\":\"ImageObject\",\"inLanguage\":\"ru-RU\",\"@id\":\"https:\\\/\\\/secure.gravatar.com\\\/avatar\\\/df64e550a0653b7be0f1bcf897f33faad9c2c8153472b2d9319beafb51370f6f?s=96&d=mm&r=g\",\"url\":\"https:\\\/\\\/secure.gravatar.com\\\/avatar\\\/df64e550a0653b7be0f1bcf897f33faad9c2c8153472b2d9319beafb51370f6f?s=96&d=mm&r=g\",\"contentUrl\":\"https:\\\/\\\/secure.gravatar.com\\\/avatar\\\/df64e550a0653b7be0f1bcf897f33faad9c2c8153472b2d9319beafb51370f6f?s=96&d=mm&r=g\",\"caption\":\"admin\"},\"sameAs\":[\"http:\\\/\\\/vendeto.am\"],\"url\":\"https:\\\/\\\/vendeto.am\\\/?author=1\"}]}<\/script>\n<!-- \/ Yoast SEO plugin. -->","yoast_head_json":{"title":"Una joven madre public\u00f3 una foto en la que amamanta a su hija en p\u00fablico\u2026 y su respuesta dej\u00f3 a todos sin palabras. -","robots":{"index":"index","follow":"follow","max-snippet":"max-snippet:-1","max-image-preview":"max-image-preview:large","max-video-preview":"max-video-preview:-1"},"canonical":"https:\/\/vendeto.am\/?p=28956","og_locale":"ru_RU","og_type":"article","og_title":"Una joven madre public\u00f3 una foto en la que amamanta a su hija en p\u00fablico\u2026 y su respuesta dej\u00f3 a todos sin palabras. -","og_description":"Una joven madre public\u00f3 una foto en la que amamanta a su hija en p\u00fablico\u2026 y su respuesta dej\u00f3 a todos sin palabras.","og_url":"https:\/\/vendeto.am\/?p=28956","article_published_time":"2026-04-26T18:02:07+00:00","article_modified_time":"2026-04-26T18:02:09+00:00","og_image":[{"width":907,"height":832,"url":"https:\/\/vendeto.am\/wp-content\/uploads\/2026\/04\/image-42-1.png","type":"image\/png"}],"author":"admin","twitter_card":"summary_large_image","twitter_misc":{"\u041d\u0430\u043f\u0438\u0441\u0430\u043d\u043e \u0430\u0432\u0442\u043e\u0440\u043e\u043c":"admin","\u041f\u0440\u0438\u043c\u0435\u0440\u043d\u043e\u0435 \u0432\u0440\u0435\u043c\u044f \u0434\u043b\u044f \u0447\u0442\u0435\u043d\u0438\u044f":"3 \u043c\u0438\u043d\u0443\u0442\u044b"},"schema":{"@context":"https:\/\/schema.org","@graph":[{"@type":"Article","@id":"https:\/\/vendeto.am\/?p=28956#article","isPartOf":{"@id":"https:\/\/vendeto.am\/?p=28956"},"author":{"name":"admin","@id":"https:\/\/vendeto.am\/#\/schema\/person\/48a4bd89d2048190ecc61e5ce821bef7"},"headline":"Una joven madre public\u00f3 una foto en la que amamanta a su hija en p\u00fablico\u2026 y su respuesta dej\u00f3 a todos sin palabras.","datePublished":"2026-04-26T18:02:07+00:00","dateModified":"2026-04-26T18:02:09+00:00","mainEntityOfPage":{"@id":"https:\/\/vendeto.am\/?p=28956"},"wordCount":458,"commentCount":0,"image":{"@id":"https:\/\/vendeto.am\/?p=28956#primaryimage"},"thumbnailUrl":"https:\/\/vendeto.am\/wp-content\/uploads\/2026\/04\/image-42-1.png","articleSection":["VIDEO"],"inLanguage":"ru-RU","potentialAction":[{"@type":"CommentAction","name":"Comment","target":["https:\/\/vendeto.am\/?p=28956#respond"]}]},{"@type":"WebPage","@id":"https:\/\/vendeto.am\/?p=28956","url":"https:\/\/vendeto.am\/?p=28956","name":"Una joven madre public\u00f3 una foto en la que amamanta a su hija en p\u00fablico\u2026 y su respuesta dej\u00f3 a todos sin palabras. -","isPartOf":{"@id":"https:\/\/vendeto.am\/#website"},"primaryImageOfPage":{"@id":"https:\/\/vendeto.am\/?p=28956#primaryimage"},"image":{"@id":"https:\/\/vendeto.am\/?p=28956#primaryimage"},"thumbnailUrl":"https:\/\/vendeto.am\/wp-content\/uploads\/2026\/04\/image-42-1.png","datePublished":"2026-04-26T18:02:07+00:00","dateModified":"2026-04-26T18:02:09+00:00","author":{"@id":"https:\/\/vendeto.am\/#\/schema\/person\/48a4bd89d2048190ecc61e5ce821bef7"},"breadcrumb":{"@id":"https:\/\/vendeto.am\/?p=28956#breadcrumb"},"inLanguage":"ru-RU","potentialAction":[{"@type":"ReadAction","target":["https:\/\/vendeto.am\/?p=28956"]}]},{"@type":"ImageObject","inLanguage":"ru-RU","@id":"https:\/\/vendeto.am\/?p=28956#primaryimage","url":"https:\/\/vendeto.am\/wp-content\/uploads\/2026\/04\/image-42-1.png","contentUrl":"https:\/\/vendeto.am\/wp-content\/uploads\/2026\/04\/image-42-1.png","width":907,"height":832},{"@type":"BreadcrumbList","@id":"https:\/\/vendeto.am\/?p=28956#breadcrumb","itemListElement":[{"@type":"ListItem","position":1,"name":"\u0413\u043b\u0430\u0432\u043d\u0430\u044f \u0441\u0442\u0440\u0430\u043d\u0438\u0446\u0430","item":"https:\/\/vendeto.am\/"},{"@type":"ListItem","position":2,"name":"Una joven madre public\u00f3 una foto en la que amamanta a su hija en p\u00fablico\u2026 y su respuesta dej\u00f3 a todos sin palabras."}]},{"@type":"WebSite","@id":"https:\/\/vendeto.am\/#website","url":"https:\/\/vendeto.am\/","name":"","description":"","potentialAction":[{"@type":"SearchAction","target":{"@type":"EntryPoint","urlTemplate":"https:\/\/vendeto.am\/?s={search_term_string}"},"query-input":{"@type":"PropertyValueSpecification","valueRequired":true,"valueName":"search_term_string"}}],"inLanguage":"ru-RU"},{"@type":"Person","@id":"https:\/\/vendeto.am\/#\/schema\/person\/48a4bd89d2048190ecc61e5ce821bef7","name":"admin","image":{"@type":"ImageObject","inLanguage":"ru-RU","@id":"https:\/\/secure.gravatar.com\/avatar\/df64e550a0653b7be0f1bcf897f33faad9c2c8153472b2d9319beafb51370f6f?s=96&d=mm&r=g","url":"https:\/\/secure.gravatar.com\/avatar\/df64e550a0653b7be0f1bcf897f33faad9c2c8153472b2d9319beafb51370f6f?s=96&d=mm&r=g","contentUrl":"https:\/\/secure.gravatar.com\/avatar\/df64e550a0653b7be0f1bcf897f33faad9c2c8153472b2d9319beafb51370f6f?s=96&d=mm&r=g","caption":"admin"},"sameAs":["http:\/\/vendeto.am"],"url":"https:\/\/vendeto.am\/?author=1"}]}},"views":9,"_links":{"self":[{"href":"https:\/\/vendeto.am\/index.php?rest_route=\/wp\/v2\/posts\/28956","targetHints":{"allow":["GET"]}}],"collection":[{"href":"https:\/\/vendeto.am\/index.php?rest_route=\/wp\/v2\/posts"}],"about":[{"href":"https:\/\/vendeto.am\/index.php?rest_route=\/wp\/v2\/types\/post"}],"author":[{"embeddable":true,"href":"https:\/\/vendeto.am\/index.php?rest_route=\/wp\/v2\/users\/1"}],"replies":[{"embeddable":true,"href":"https:\/\/vendeto.am\/index.php?rest_route=%2Fwp%2Fv2%2Fcomments&post=28956"}],"version-history":[{"count":1,"href":"https:\/\/vendeto.am\/index.php?rest_route=\/wp\/v2\/posts\/28956\/revisions"}],"predecessor-version":[{"id":28958,"href":"https:\/\/vendeto.am\/index.php?rest_route=\/wp\/v2\/posts\/28956\/revisions\/28958"}],"wp:featuredmedia":[{"embeddable":true,"href":"https:\/\/vendeto.am\/index.php?rest_route=\/wp\/v2\/media\/28957"}],"wp:attachment":[{"href":"https:\/\/vendeto.am\/index.php?rest_route=%2Fwp%2Fv2%2Fmedia&parent=28956"}],"wp:term":[{"taxonomy":"category","embeddable":true,"href":"https:\/\/vendeto.am\/index.php?rest_route=%2Fwp%2Fv2%2Fcategories&post=28956"},{"taxonomy":"post_tag","embeddable":true,"href":"https:\/\/vendeto.am\/index.php?rest_route=%2Fwp%2Fv2%2Ftags&post=28956"}],"curies":[{"name":"wp","href":"https:\/\/api.w.org\/{rel}","templated":true}]}}