{"id":28965,"date":"2026-04-26T21:07:22","date_gmt":"2026-04-26T18:07:22","guid":{"rendered":"https:\/\/vendeto.am\/?p=28965"},"modified":"2026-04-26T21:07:23","modified_gmt":"2026-04-26T18:07:23","slug":"alegra-y-su-increible-transformacion-la-modelo-que-comenzo-su-carrera-a-los-30-y-sorprendio-al-mundo-de-la-moda","status":"publish","type":"post","link":"https:\/\/vendeto.am\/?p=28965","title":{"rendered":"Alegra y su incre\u00edble transformaci\u00f3n: la modelo que comenz\u00f3 su carrera a los 30 y sorprendi\u00f3 al mundo de la moda"},"content":{"rendered":"\n<p>Alegra y su incre\u00edble transformaci\u00f3n: la modelo que comenz\u00f3 su carrera a los 30 y sorprendi\u00f3 al mundo de la moda<\/p>\n\n\n\n<p>En el mundo de la moda, donde la juventud y las curvas perfectas suelen considerarse requisitos principales, pocos creen que alguien pueda empezar una carrera como modelo a los 30 a\u00f1os. Pero Alegra rompi\u00f3 todos los prejuicios. Su historia trata de valent\u00eda, determinaci\u00f3n y de c\u00f3mo una mujer cambi\u00f3 su destino cuando todos dec\u00edan que ya era demasiado tarde.<\/p>\n\n\n\n<p>Hace algunos a\u00f1os, Alegra era una persona completamente diferente. Hoy es un s\u00edmbolo de confianza y elegancia, pero entonces su apariencia estaba lejos del mundo de las pasarelas. Trabajaba en una oficina, llevaba una vida tranquila y no ten\u00eda ninguna ambici\u00f3n de entrar en el modelaje. Todo cambi\u00f3 tras una sesi\u00f3n de fotos casual para un proyecto de la empresa.<\/p>\n\n\n\n<p>El fot\u00f3grafo que la retrat\u00f3 le dijo unas palabras que nunca olvidar\u00e1:<br>\u201cTienes el carisma de una modelo. \u00bfPor qu\u00e9 no lo intentas?\u201d<br>Al principio se ri\u00f3, pensando que era una broma. Pero m\u00e1s tarde, al ver las fotos, empez\u00f3 a preguntarse\u2026 \u00bfy si realmente lo intentara?<\/p>\n\n\n\n<figure class=\"wp-block-image size-large\"><img loading=\"lazy\" decoding=\"async\" width=\"768\" height=\"1024\" src=\"https:\/\/vendeto.am\/wp-content\/uploads\/2026\/04\/156-3-1-768x1024.jpg\" alt=\"\" class=\"wp-image-28966\" srcset=\"https:\/\/vendeto.am\/wp-content\/uploads\/2026\/04\/156-3-1-768x1024.jpg 768w, https:\/\/vendeto.am\/wp-content\/uploads\/2026\/04\/156-3-1-225x300.jpg 225w, https:\/\/vendeto.am\/wp-content\/uploads\/2026\/04\/156-3-1.jpg 1052w\" sizes=\"auto, (max-width: 768px) 100vw, 768px\" \/><\/figure>\n\n\n\n<p>Los primeros pasos fueron realmente dif\u00edciles. Las agencias de modelos la rechazaban constantemente, diciendo que \u201cya era tarde para empezar\u201d. Esas palabras podr\u00edan haberla desanimado, pero para Alegra se convirtieron en una motivaci\u00f3n a\u00fan mayor. Comenz\u00f3 a entrenar duro, a perfeccionar su postura y su forma de caminar, y aprendi\u00f3 a posar frente a la c\u00e1mara.<\/p>\n\n\n\n<p>Tambi\u00e9n decidi\u00f3 hacer peque\u00f1os cambios en su apariencia. Sin recurrir a cirug\u00edas pl\u00e1sticas, sino con el cuidado adecuado, un nuevo peinado y un maquillaje bien trabajado, resalt\u00f3 su belleza natural. Poco a poco, se transform\u00f3 en una mujer llena de seguridad en s\u00ed misma.<\/p>\n\n\n\n<p>A los 32 a\u00f1os, subi\u00f3 por primera vez a una pasarela. El p\u00fablico qued\u00f3 encantado. Nadie pod\u00eda creer que la nueva estrella de la escena hubiera comenzado tan tarde. Pero Alegra no era solo otra modelo: representaba madurez, encanto y un magnetismo especial dif\u00edcil de encontrar.<\/p>\n\n\n\n<p>Recientemente, volvi\u00f3 a captar la atenci\u00f3n del p\u00fablico con una audaz sesi\u00f3n de fotos en traje de ba\u00f1o. Sus curvas armoniosas y su energ\u00eda natural conquistaron a la audiencia. Las im\u00e1genes se hicieron virales y su historia inspir\u00f3 a miles de mujeres.<br>\u201cNo soy perfecta y no necesito serlo\u201d, dice Alegra. \u201cLa fuerza est\u00e1 en no tener miedo de cambiar\u201d.<\/p>\n\n\n\n<p>Sus palabras dan esperanza a todas las mujeres que piensan que es demasiado tarde para empezar de nuevo. La historia de Alegra demuestra que el \u00e9xito puede llegar en cualquier momento, si tenemos el valor de dar el primer paso.<\/p>\n\n\n\n<p>Hoy, Alegra colabora con marcas reconocidas, participa en desfiles internacionales y se ha convertido en una inspiraci\u00f3n para mujeres que desean cambiar su vida. Su \u00e9xito demuestra que la verdadera belleza no es solo la juventud, sino la confianza, la autenticidad y el amor propio.<\/p>\n\n\n\n<p>\u201cPens\u00e9 que hab\u00eda perdido mi oportunidad\u201d, admite. \u201cPero entend\u00ed que el \u00fanico obst\u00e1culo era el miedo. Ahora siento que la vida apenas comienza.\u201d<\/p>\n","protected":false},"excerpt":{"rendered":"Alegra y su incre\u00edble transformaci\u00f3n: la modelo que comenz\u00f3 su carrera a los 30 y sorprendi\u00f3 al mundo de la moda En el \n<a class=\"moretag\" href=\"https:\/\/vendeto.am\/?p=28965\"> [...]<\/a>","protected":false},"author":1,"featured_media":28966,"comment_status":"open","ping_status":"open","sticky":false,"template":"","format":"standard","meta":{"footnotes":""},"categories":[3],"tags":[],"class_list":["post-28965","post","type-post","status-publish","format-standard","has-post-thumbnail","hentry","category-video"],"yoast_head":"<!-- This site is optimized with the Yoast SEO plugin v27.4 - https:\/\/yoast.com\/product\/yoast-seo-wordpress\/ -->\n<title>Alegra y su incre\u00edble transformaci\u00f3n: la modelo que comenz\u00f3 su carrera a los 30 y sorprendi\u00f3 al mundo de la moda -<\/title>\n<meta name=\"robots\" content=\"index, follow, max-snippet:-1, max-image-preview:large, max-video-preview:-1\" \/>\n<link rel=\"canonical\" href=\"https:\/\/vendeto.am\/?p=28965\" \/>\n<meta property=\"og:locale\" content=\"ru_RU\" \/>\n<meta property=\"og:type\" content=\"article\" \/>\n<meta property=\"og:title\" content=\"Alegra y su incre\u00edble transformaci\u00f3n: la modelo que comenz\u00f3 su carrera a los 30 y sorprendi\u00f3 al mundo de la moda -\" \/>\n<meta property=\"og:description\" content=\"Alegra y su incre\u00edble transformaci\u00f3n: la modelo que comenz\u00f3 su carrera a los 30 y sorprendi\u00f3 al mundo de la moda En el\" \/>\n<meta property=\"og:url\" content=\"https:\/\/vendeto.am\/?p=28965\" \/>\n<meta property=\"article:published_time\" content=\"2026-04-26T18:07:22+00:00\" \/>\n<meta property=\"article:modified_time\" content=\"2026-04-26T18:07:23+00:00\" \/>\n<meta property=\"og:image\" content=\"https:\/\/vendeto.am\/wp-content\/uploads\/2026\/04\/156-3-1.jpg\" \/>\n\t<meta property=\"og:image:width\" content=\"1052\" \/>\n\t<meta property=\"og:image:height\" content=\"1402\" \/>\n\t<meta property=\"og:image:type\" content=\"image\/jpeg\" \/>\n<meta name=\"author\" content=\"admin\" \/>\n<meta name=\"twitter:card\" content=\"summary_large_image\" \/>\n<meta name=\"twitter:label1\" content=\"\u041d\u0430\u043f\u0438\u0441\u0430\u043d\u043e \u0430\u0432\u0442\u043e\u0440\u043e\u043c\" \/>\n\t<meta name=\"twitter:data1\" content=\"admin\" \/>\n\t<meta name=\"twitter:label2\" content=\"\u041f\u0440\u0438\u043c\u0435\u0440\u043d\u043e\u0435 \u0432\u0440\u0435\u043c\u044f \u0434\u043b\u044f \u0447\u0442\u0435\u043d\u0438\u044f\" \/>\n\t<meta name=\"twitter:data2\" content=\"3 \u043c\u0438\u043d\u0443\u0442\u044b\" \/>\n<script type=\"application\/ld+json\" class=\"yoast-schema-graph\">{\"@context\":\"https:\\\/\\\/schema.org\",\"@graph\":[{\"@type\":\"Article\",\"@id\":\"https:\\\/\\\/vendeto.am\\\/?p=28965#article\",\"isPartOf\":{\"@id\":\"https:\\\/\\\/vendeto.am\\\/?p=28965\"},\"author\":{\"name\":\"admin\",\"@id\":\"https:\\\/\\\/vendeto.am\\\/#\\\/schema\\\/person\\\/48a4bd89d2048190ecc61e5ce821bef7\"},\"headline\":\"Alegra y su incre\u00edble transformaci\u00f3n: la modelo que comenz\u00f3 su carrera a los 30 y sorprendi\u00f3 al mundo de la moda\",\"datePublished\":\"2026-04-26T18:07:22+00:00\",\"dateModified\":\"2026-04-26T18:07:23+00:00\",\"mainEntityOfPage\":{\"@id\":\"https:\\\/\\\/vendeto.am\\\/?p=28965\"},\"wordCount\":556,\"commentCount\":0,\"image\":{\"@id\":\"https:\\\/\\\/vendeto.am\\\/?p=28965#primaryimage\"},\"thumbnailUrl\":\"https:\\\/\\\/vendeto.am\\\/wp-content\\\/uploads\\\/2026\\\/04\\\/156-3-1.jpg\",\"articleSection\":[\"VIDEO\"],\"inLanguage\":\"ru-RU\",\"potentialAction\":[{\"@type\":\"CommentAction\",\"name\":\"Comment\",\"target\":[\"https:\\\/\\\/vendeto.am\\\/?p=28965#respond\"]}]},{\"@type\":\"WebPage\",\"@id\":\"https:\\\/\\\/vendeto.am\\\/?p=28965\",\"url\":\"https:\\\/\\\/vendeto.am\\\/?p=28965\",\"name\":\"Alegra y su incre\u00edble transformaci\u00f3n: la modelo que comenz\u00f3 su carrera a los 30 y sorprendi\u00f3 al mundo de la moda -\",\"isPartOf\":{\"@id\":\"https:\\\/\\\/vendeto.am\\\/#website\"},\"primaryImageOfPage\":{\"@id\":\"https:\\\/\\\/vendeto.am\\\/?p=28965#primaryimage\"},\"image\":{\"@id\":\"https:\\\/\\\/vendeto.am\\\/?p=28965#primaryimage\"},\"thumbnailUrl\":\"https:\\\/\\\/vendeto.am\\\/wp-content\\\/uploads\\\/2026\\\/04\\\/156-3-1.jpg\",\"datePublished\":\"2026-04-26T18:07:22+00:00\",\"dateModified\":\"2026-04-26T18:07:23+00:00\",\"author\":{\"@id\":\"https:\\\/\\\/vendeto.am\\\/#\\\/schema\\\/person\\\/48a4bd89d2048190ecc61e5ce821bef7\"},\"breadcrumb\":{\"@id\":\"https:\\\/\\\/vendeto.am\\\/?p=28965#breadcrumb\"},\"inLanguage\":\"ru-RU\",\"potentialAction\":[{\"@type\":\"ReadAction\",\"target\":[\"https:\\\/\\\/vendeto.am\\\/?p=28965\"]}]},{\"@type\":\"ImageObject\",\"inLanguage\":\"ru-RU\",\"@id\":\"https:\\\/\\\/vendeto.am\\\/?p=28965#primaryimage\",\"url\":\"https:\\\/\\\/vendeto.am\\\/wp-content\\\/uploads\\\/2026\\\/04\\\/156-3-1.jpg\",\"contentUrl\":\"https:\\\/\\\/vendeto.am\\\/wp-content\\\/uploads\\\/2026\\\/04\\\/156-3-1.jpg\",\"width\":1052,\"height\":1402},{\"@type\":\"BreadcrumbList\",\"@id\":\"https:\\\/\\\/vendeto.am\\\/?p=28965#breadcrumb\",\"itemListElement\":[{\"@type\":\"ListItem\",\"position\":1,\"name\":\"\u0413\u043b\u0430\u0432\u043d\u0430\u044f \u0441\u0442\u0440\u0430\u043d\u0438\u0446\u0430\",\"item\":\"https:\\\/\\\/vendeto.am\\\/\"},{\"@type\":\"ListItem\",\"position\":2,\"name\":\"Alegra y su incre\u00edble transformaci\u00f3n: la modelo que comenz\u00f3 su carrera a los 30 y sorprendi\u00f3 al mundo de la moda\"}]},{\"@type\":\"WebSite\",\"@id\":\"https:\\\/\\\/vendeto.am\\\/#website\",\"url\":\"https:\\\/\\\/vendeto.am\\\/\",\"name\":\"\",\"description\":\"\",\"potentialAction\":[{\"@type\":\"SearchAction\",\"target\":{\"@type\":\"EntryPoint\",\"urlTemplate\":\"https:\\\/\\\/vendeto.am\\\/?s={search_term_string}\"},\"query-input\":{\"@type\":\"PropertyValueSpecification\",\"valueRequired\":true,\"valueName\":\"search_term_string\"}}],\"inLanguage\":\"ru-RU\"},{\"@type\":\"Person\",\"@id\":\"https:\\\/\\\/vendeto.am\\\/#\\\/schema\\\/person\\\/48a4bd89d2048190ecc61e5ce821bef7\",\"name\":\"admin\",\"image\":{\"@type\":\"ImageObject\",\"inLanguage\":\"ru-RU\",\"@id\":\"https:\\\/\\\/secure.gravatar.com\\\/avatar\\\/df64e550a0653b7be0f1bcf897f33faad9c2c8153472b2d9319beafb51370f6f?s=96&d=mm&r=g\",\"url\":\"https:\\\/\\\/secure.gravatar.com\\\/avatar\\\/df64e550a0653b7be0f1bcf897f33faad9c2c8153472b2d9319beafb51370f6f?s=96&d=mm&r=g\",\"contentUrl\":\"https:\\\/\\\/secure.gravatar.com\\\/avatar\\\/df64e550a0653b7be0f1bcf897f33faad9c2c8153472b2d9319beafb51370f6f?s=96&d=mm&r=g\",\"caption\":\"admin\"},\"sameAs\":[\"http:\\\/\\\/vendeto.am\"],\"url\":\"https:\\\/\\\/vendeto.am\\\/?author=1\"}]}<\/script>\n<!-- \/ Yoast SEO plugin. -->","yoast_head_json":{"title":"Alegra y su incre\u00edble transformaci\u00f3n: la modelo que comenz\u00f3 su carrera a los 30 y sorprendi\u00f3 al mundo de la moda -","robots":{"index":"index","follow":"follow","max-snippet":"max-snippet:-1","max-image-preview":"max-image-preview:large","max-video-preview":"max-video-preview:-1"},"canonical":"https:\/\/vendeto.am\/?p=28965","og_locale":"ru_RU","og_type":"article","og_title":"Alegra y su incre\u00edble transformaci\u00f3n: la modelo que comenz\u00f3 su carrera a los 30 y sorprendi\u00f3 al mundo de la moda -","og_description":"Alegra y su incre\u00edble transformaci\u00f3n: la modelo que comenz\u00f3 su carrera a los 30 y sorprendi\u00f3 al mundo de la moda En el","og_url":"https:\/\/vendeto.am\/?p=28965","article_published_time":"2026-04-26T18:07:22+00:00","article_modified_time":"2026-04-26T18:07:23+00:00","og_image":[{"width":1052,"height":1402,"url":"https:\/\/vendeto.am\/wp-content\/uploads\/2026\/04\/156-3-1.jpg","type":"image\/jpeg"}],"author":"admin","twitter_card":"summary_large_image","twitter_misc":{"\u041d\u0430\u043f\u0438\u0441\u0430\u043d\u043e \u0430\u0432\u0442\u043e\u0440\u043e\u043c":"admin","\u041f\u0440\u0438\u043c\u0435\u0440\u043d\u043e\u0435 \u0432\u0440\u0435\u043c\u044f \u0434\u043b\u044f \u0447\u0442\u0435\u043d\u0438\u044f":"3 \u043c\u0438\u043d\u0443\u0442\u044b"},"schema":{"@context":"https:\/\/schema.org","@graph":[{"@type":"Article","@id":"https:\/\/vendeto.am\/?p=28965#article","isPartOf":{"@id":"https:\/\/vendeto.am\/?p=28965"},"author":{"name":"admin","@id":"https:\/\/vendeto.am\/#\/schema\/person\/48a4bd89d2048190ecc61e5ce821bef7"},"headline":"Alegra y su incre\u00edble transformaci\u00f3n: la modelo que comenz\u00f3 su carrera a los 30 y sorprendi\u00f3 al mundo de la moda","datePublished":"2026-04-26T18:07:22+00:00","dateModified":"2026-04-26T18:07:23+00:00","mainEntityOfPage":{"@id":"https:\/\/vendeto.am\/?p=28965"},"wordCount":556,"commentCount":0,"image":{"@id":"https:\/\/vendeto.am\/?p=28965#primaryimage"},"thumbnailUrl":"https:\/\/vendeto.am\/wp-content\/uploads\/2026\/04\/156-3-1.jpg","articleSection":["VIDEO"],"inLanguage":"ru-RU","potentialAction":[{"@type":"CommentAction","name":"Comment","target":["https:\/\/vendeto.am\/?p=28965#respond"]}]},{"@type":"WebPage","@id":"https:\/\/vendeto.am\/?p=28965","url":"https:\/\/vendeto.am\/?p=28965","name":"Alegra y su incre\u00edble transformaci\u00f3n: la modelo que comenz\u00f3 su carrera a los 30 y sorprendi\u00f3 al mundo de la moda -","isPartOf":{"@id":"https:\/\/vendeto.am\/#website"},"primaryImageOfPage":{"@id":"https:\/\/vendeto.am\/?p=28965#primaryimage"},"image":{"@id":"https:\/\/vendeto.am\/?p=28965#primaryimage"},"thumbnailUrl":"https:\/\/vendeto.am\/wp-content\/uploads\/2026\/04\/156-3-1.jpg","datePublished":"2026-04-26T18:07:22+00:00","dateModified":"2026-04-26T18:07:23+00:00","author":{"@id":"https:\/\/vendeto.am\/#\/schema\/person\/48a4bd89d2048190ecc61e5ce821bef7"},"breadcrumb":{"@id":"https:\/\/vendeto.am\/?p=28965#breadcrumb"},"inLanguage":"ru-RU","potentialAction":[{"@type":"ReadAction","target":["https:\/\/vendeto.am\/?p=28965"]}]},{"@type":"ImageObject","inLanguage":"ru-RU","@id":"https:\/\/vendeto.am\/?p=28965#primaryimage","url":"https:\/\/vendeto.am\/wp-content\/uploads\/2026\/04\/156-3-1.jpg","contentUrl":"https:\/\/vendeto.am\/wp-content\/uploads\/2026\/04\/156-3-1.jpg","width":1052,"height":1402},{"@type":"BreadcrumbList","@id":"https:\/\/vendeto.am\/?p=28965#breadcrumb","itemListElement":[{"@type":"ListItem","position":1,"name":"\u0413\u043b\u0430\u0432\u043d\u0430\u044f \u0441\u0442\u0440\u0430\u043d\u0438\u0446\u0430","item":"https:\/\/vendeto.am\/"},{"@type":"ListItem","position":2,"name":"Alegra y su incre\u00edble transformaci\u00f3n: la modelo que comenz\u00f3 su carrera a los 30 y sorprendi\u00f3 al mundo de la moda"}]},{"@type":"WebSite","@id":"https:\/\/vendeto.am\/#website","url":"https:\/\/vendeto.am\/","name":"","description":"","potentialAction":[{"@type":"SearchAction","target":{"@type":"EntryPoint","urlTemplate":"https:\/\/vendeto.am\/?s={search_term_string}"},"query-input":{"@type":"PropertyValueSpecification","valueRequired":true,"valueName":"search_term_string"}}],"inLanguage":"ru-RU"},{"@type":"Person","@id":"https:\/\/vendeto.am\/#\/schema\/person\/48a4bd89d2048190ecc61e5ce821bef7","name":"admin","image":{"@type":"ImageObject","inLanguage":"ru-RU","@id":"https:\/\/secure.gravatar.com\/avatar\/df64e550a0653b7be0f1bcf897f33faad9c2c8153472b2d9319beafb51370f6f?s=96&d=mm&r=g","url":"https:\/\/secure.gravatar.com\/avatar\/df64e550a0653b7be0f1bcf897f33faad9c2c8153472b2d9319beafb51370f6f?s=96&d=mm&r=g","contentUrl":"https:\/\/secure.gravatar.com\/avatar\/df64e550a0653b7be0f1bcf897f33faad9c2c8153472b2d9319beafb51370f6f?s=96&d=mm&r=g","caption":"admin"},"sameAs":["http:\/\/vendeto.am"],"url":"https:\/\/vendeto.am\/?author=1"}]}},"views":6,"_links":{"self":[{"href":"https:\/\/vendeto.am\/index.php?rest_route=\/wp\/v2\/posts\/28965","targetHints":{"allow":["GET"]}}],"collection":[{"href":"https:\/\/vendeto.am\/index.php?rest_route=\/wp\/v2\/posts"}],"about":[{"href":"https:\/\/vendeto.am\/index.php?rest_route=\/wp\/v2\/types\/post"}],"author":[{"embeddable":true,"href":"https:\/\/vendeto.am\/index.php?rest_route=\/wp\/v2\/users\/1"}],"replies":[{"embeddable":true,"href":"https:\/\/vendeto.am\/index.php?rest_route=%2Fwp%2Fv2%2Fcomments&post=28965"}],"version-history":[{"count":1,"href":"https:\/\/vendeto.am\/index.php?rest_route=\/wp\/v2\/posts\/28965\/revisions"}],"predecessor-version":[{"id":28967,"href":"https:\/\/vendeto.am\/index.php?rest_route=\/wp\/v2\/posts\/28965\/revisions\/28967"}],"wp:featuredmedia":[{"embeddable":true,"href":"https:\/\/vendeto.am\/index.php?rest_route=\/wp\/v2\/media\/28966"}],"wp:attachment":[{"href":"https:\/\/vendeto.am\/index.php?rest_route=%2Fwp%2Fv2%2Fmedia&parent=28965"}],"wp:term":[{"taxonomy":"category","embeddable":true,"href":"https:\/\/vendeto.am\/index.php?rest_route=%2Fwp%2Fv2%2Fcategories&post=28965"},{"taxonomy":"post_tag","embeddable":true,"href":"https:\/\/vendeto.am\/index.php?rest_route=%2Fwp%2Fv2%2Ftags&post=28965"}],"curies":[{"name":"wp","href":"https:\/\/api.w.org\/{rel}","templated":true}]}}