{"id":28971,"date":"2026-04-26T21:10:54","date_gmt":"2026-04-26T18:10:54","guid":{"rendered":"https:\/\/vendeto.am\/?p=28971"},"modified":"2026-04-26T21:10:56","modified_gmt":"2026-04-26T18:10:56","slug":"esta-abuela-de-76-anos-demuestra-que-la-edad-no-tiene-limites","status":"publish","type":"post","link":"https:\/\/vendeto.am\/?p=28971","title":{"rendered":"\u00a1Esta abuela de 76 a\u00f1os demuestra que la edad no tiene l\u00edmites!"},"content":{"rendered":"\n<p>\u00a1Esta abuela de 76 a\u00f1os demuestra que la edad no tiene l\u00edmites!<\/p>\n\n\n\n<p>Existe una creencia muy arraigada de que, a partir de cierta edad, las mujeres deber\u00edan vestirse de forma \u201cmodesta\u201d y \u201capropiada\u201d, evitando prendas atrevidas y combinaciones llamativas. Pero esta abuela de 76 a\u00f1os rompe todos los estereotipos y le muestra al mundo que la edad es solo un n\u00famero. Lleva con orgullo trajes de ba\u00f1o, vestidos modernos y accesorios llamativos \u2014 y sus fotos generan miles de comentarios y reacciones en redes sociales.<\/p>\n\n\n\n<p>Muchos la critican por no vestirse \u201ccomo una mujer de su edad\u201d, pero ella responde con una sonrisa y firmeza: no tiene intenci\u00f3n de vivir seg\u00fan reglas que otros han inventado.<br>\u201cLa vida es demasiado corta para esconderse detr\u00e1s de ropa aburrida\u201d, dice.<\/p>\n\n\n\n<figure class=\"wp-block-image size-large\"><img loading=\"lazy\" decoding=\"async\" width=\"762\" height=\"1024\" src=\"https:\/\/vendeto.am\/wp-content\/uploads\/2026\/04\/525581633_122141740952796769_833110115966189989_n-762x1024.jpg\" alt=\"\" class=\"wp-image-28973\" srcset=\"https:\/\/vendeto.am\/wp-content\/uploads\/2026\/04\/525581633_122141740952796769_833110115966189989_n-762x1024.jpg 762w, https:\/\/vendeto.am\/wp-content\/uploads\/2026\/04\/525581633_122141740952796769_833110115966189989_n-223x300.jpg 223w, https:\/\/vendeto.am\/wp-content\/uploads\/2026\/04\/525581633_122141740952796769_833110115966189989_n-768x1032.jpg 768w, https:\/\/vendeto.am\/wp-content\/uploads\/2026\/04\/525581633_122141740952796769_833110115966189989_n.jpg 1052w\" sizes=\"auto, (max-width: 762px) 100vw, 762px\" \/><\/figure>\n\n\n\n<p>\u00bfPor qu\u00e9 su historia se volvi\u00f3 tan popular?<br>Hoy en d\u00eda, cuando se habla cada vez m\u00e1s de la aceptaci\u00f3n personal y la libertad de ser uno mismo, el ejemplo de esta mujer inspira a miles de personas. A sus 76 a\u00f1os, tiene una figura admirable, una piel cuidada y una confianza que brilla tanto como su estilo.<\/p>\n\n\n\n<p>No posa en traje de ba\u00f1o para provocar, sino para demostrar que la belleza y la seguridad en uno mismo no dependen de la edad. Cada una de sus fotos genera una ola de reacciones: algunos admiran su valent\u00eda, otros la critican diciendo que \u201cexagera\u201d. Pero nadie queda indiferente.<\/p>\n\n\n\n<p>El secreto de su energ\u00eda y confianza<br>Como ella misma afirma, el secreto es simple: amor por la vida. No pierde tiempo preocup\u00e1ndose por la opini\u00f3n ajena; en su lugar, hace ejercicio, come de forma saludable y se rodea de personas positivas.<\/p>\n\n\n\n<p>\u201cLa moda es el reflejo del alma\u201d, asegura. \u201cSi me siento joven y feliz, \u00bfpor qu\u00e9 deber\u00eda ocultarlo con ropa apagada y sin vida?\u201d<\/p>\n\n\n\n<p>Un desaf\u00edo a los estereotipos<br>Su historia es un verdadero reto a las normas sociales. \u00bfQui\u00e9n dijo que las mujeres mayores de 50 o 60 a\u00f1os deben renunciar al color, al estilo o a los trajes de ba\u00f1o?<\/p>\n\n\n\n<p>Con su ejemplo, esta abuela demuestra que puedes verte y sentirte incre\u00edble sin importar la edad. Invita a todas las mujeres a no tener miedo de experimentar y a usar lo que realmente les gusta.<\/p>\n\n\n\n<p>Reacciones del p\u00fablico<br>Sus publicaciones acumulan miles de \u201cme gusta\u201d y comentarios positivos. Las personas escriben que es una verdadera inspiraci\u00f3n y que les ense\u00f1a a aceptar su edad con orgullo. Por supuesto, tambi\u00e9n hay cr\u00edticas, pero ella no les presta atenci\u00f3n.<\/p>\n\n\n\n<p>\u201cVivo para m\u00ed, no para las expectativas de los dem\u00e1s\u201d, responde.<\/p>\n\n\n\n<p>\u00bfPor qu\u00e9 su ejemplo es importante?<br>Cada uno de nosotros, al menos una vez, ha sentido la presi\u00f3n de la sociedad sobre c\u00f3mo deber\u00eda verse o comportarse. Las mujeres, en particular, suelen ser juzgadas por su edad. Pero esta mujer de 76 a\u00f1os demuestra que el amor propio es lo m\u00e1s importante.<\/p>\n\n\n\n<p>No permite que la edad la limite \u2014 al contrario, la usa como prueba de que cada momento merece ser vivido al m\u00e1ximo.<\/p>\n\n\n\n<p>La edad no es una sentencia<br>Esta historia nos recuerda que tener 70 u 80 a\u00f1os no significa el final de una vida plena y feliz. Al contrario, puede ser el momento en que finalmente descubres tu libertad y autenticidad.<\/p>\n","protected":false},"excerpt":{"rendered":"\u00a1Esta abuela de 76 a\u00f1os demuestra que la edad no tiene l\u00edmites! Existe una creencia muy arraigada de que, a partir de cierta \n<a class=\"moretag\" href=\"https:\/\/vendeto.am\/?p=28971\"> [...]<\/a>","protected":false},"author":1,"featured_media":28973,"comment_status":"open","ping_status":"open","sticky":false,"template":"","format":"standard","meta":{"footnotes":""},"categories":[3],"tags":[],"class_list":["post-28971","post","type-post","status-publish","format-standard","has-post-thumbnail","hentry","category-video"],"yoast_head":"<!-- This site is optimized with the Yoast SEO plugin v27.4 - https:\/\/yoast.com\/product\/yoast-seo-wordpress\/ -->\n<title>\u00a1Esta abuela de 76 a\u00f1os demuestra que la edad no tiene l\u00edmites! -<\/title>\n<meta name=\"robots\" content=\"index, follow, max-snippet:-1, max-image-preview:large, max-video-preview:-1\" \/>\n<link rel=\"canonical\" href=\"https:\/\/vendeto.am\/?p=28971\" \/>\n<meta property=\"og:locale\" content=\"ru_RU\" \/>\n<meta property=\"og:type\" content=\"article\" \/>\n<meta property=\"og:title\" content=\"\u00a1Esta abuela de 76 a\u00f1os demuestra que la edad no tiene l\u00edmites! -\" \/>\n<meta property=\"og:description\" content=\"\u00a1Esta abuela de 76 a\u00f1os demuestra que la edad no tiene l\u00edmites! Existe una creencia muy arraigada de que, a partir de cierta\" \/>\n<meta property=\"og:url\" content=\"https:\/\/vendeto.am\/?p=28971\" \/>\n<meta property=\"article:published_time\" content=\"2026-04-26T18:10:54+00:00\" \/>\n<meta property=\"article:modified_time\" content=\"2026-04-26T18:10:56+00:00\" \/>\n<meta property=\"og:image\" content=\"https:\/\/vendeto.am\/wp-content\/uploads\/2026\/04\/525581633_122141740952796769_833110115966189989_n.jpg\" \/>\n\t<meta property=\"og:image:width\" content=\"1052\" \/>\n\t<meta property=\"og:image:height\" content=\"1414\" \/>\n\t<meta property=\"og:image:type\" content=\"image\/jpeg\" \/>\n<meta name=\"author\" content=\"admin\" \/>\n<meta name=\"twitter:card\" content=\"summary_large_image\" \/>\n<meta name=\"twitter:label1\" content=\"\u041d\u0430\u043f\u0438\u0441\u0430\u043d\u043e \u0430\u0432\u0442\u043e\u0440\u043e\u043c\" \/>\n\t<meta name=\"twitter:data1\" content=\"admin\" \/>\n\t<meta name=\"twitter:label2\" content=\"\u041f\u0440\u0438\u043c\u0435\u0440\u043d\u043e\u0435 \u0432\u0440\u0435\u043c\u044f \u0434\u043b\u044f \u0447\u0442\u0435\u043d\u0438\u044f\" \/>\n\t<meta name=\"twitter:data2\" content=\"4 \u043c\u0438\u043d\u0443\u0442\u044b\" \/>\n<script type=\"application\/ld+json\" class=\"yoast-schema-graph\">{\"@context\":\"https:\\\/\\\/schema.org\",\"@graph\":[{\"@type\":\"Article\",\"@id\":\"https:\\\/\\\/vendeto.am\\\/?p=28971#article\",\"isPartOf\":{\"@id\":\"https:\\\/\\\/vendeto.am\\\/?p=28971\"},\"author\":{\"name\":\"admin\",\"@id\":\"https:\\\/\\\/vendeto.am\\\/#\\\/schema\\\/person\\\/48a4bd89d2048190ecc61e5ce821bef7\"},\"headline\":\"\u00a1Esta abuela de 76 a\u00f1os demuestra que la edad no tiene l\u00edmites!\",\"datePublished\":\"2026-04-26T18:10:54+00:00\",\"dateModified\":\"2026-04-26T18:10:56+00:00\",\"mainEntityOfPage\":{\"@id\":\"https:\\\/\\\/vendeto.am\\\/?p=28971\"},\"wordCount\":579,\"commentCount\":0,\"image\":{\"@id\":\"https:\\\/\\\/vendeto.am\\\/?p=28971#primaryimage\"},\"thumbnailUrl\":\"https:\\\/\\\/vendeto.am\\\/wp-content\\\/uploads\\\/2026\\\/04\\\/525581633_122141740952796769_833110115966189989_n.jpg\",\"articleSection\":[\"VIDEO\"],\"inLanguage\":\"ru-RU\",\"potentialAction\":[{\"@type\":\"CommentAction\",\"name\":\"Comment\",\"target\":[\"https:\\\/\\\/vendeto.am\\\/?p=28971#respond\"]}]},{\"@type\":\"WebPage\",\"@id\":\"https:\\\/\\\/vendeto.am\\\/?p=28971\",\"url\":\"https:\\\/\\\/vendeto.am\\\/?p=28971\",\"name\":\"\u00a1Esta abuela de 76 a\u00f1os demuestra que la edad no tiene l\u00edmites! -\",\"isPartOf\":{\"@id\":\"https:\\\/\\\/vendeto.am\\\/#website\"},\"primaryImageOfPage\":{\"@id\":\"https:\\\/\\\/vendeto.am\\\/?p=28971#primaryimage\"},\"image\":{\"@id\":\"https:\\\/\\\/vendeto.am\\\/?p=28971#primaryimage\"},\"thumbnailUrl\":\"https:\\\/\\\/vendeto.am\\\/wp-content\\\/uploads\\\/2026\\\/04\\\/525581633_122141740952796769_833110115966189989_n.jpg\",\"datePublished\":\"2026-04-26T18:10:54+00:00\",\"dateModified\":\"2026-04-26T18:10:56+00:00\",\"author\":{\"@id\":\"https:\\\/\\\/vendeto.am\\\/#\\\/schema\\\/person\\\/48a4bd89d2048190ecc61e5ce821bef7\"},\"breadcrumb\":{\"@id\":\"https:\\\/\\\/vendeto.am\\\/?p=28971#breadcrumb\"},\"inLanguage\":\"ru-RU\",\"potentialAction\":[{\"@type\":\"ReadAction\",\"target\":[\"https:\\\/\\\/vendeto.am\\\/?p=28971\"]}]},{\"@type\":\"ImageObject\",\"inLanguage\":\"ru-RU\",\"@id\":\"https:\\\/\\\/vendeto.am\\\/?p=28971#primaryimage\",\"url\":\"https:\\\/\\\/vendeto.am\\\/wp-content\\\/uploads\\\/2026\\\/04\\\/525581633_122141740952796769_833110115966189989_n.jpg\",\"contentUrl\":\"https:\\\/\\\/vendeto.am\\\/wp-content\\\/uploads\\\/2026\\\/04\\\/525581633_122141740952796769_833110115966189989_n.jpg\",\"width\":1052,\"height\":1414},{\"@type\":\"BreadcrumbList\",\"@id\":\"https:\\\/\\\/vendeto.am\\\/?p=28971#breadcrumb\",\"itemListElement\":[{\"@type\":\"ListItem\",\"position\":1,\"name\":\"\u0413\u043b\u0430\u0432\u043d\u0430\u044f \u0441\u0442\u0440\u0430\u043d\u0438\u0446\u0430\",\"item\":\"https:\\\/\\\/vendeto.am\\\/\"},{\"@type\":\"ListItem\",\"position\":2,\"name\":\"\u00a1Esta abuela de 76 a\u00f1os demuestra que la edad no tiene l\u00edmites!\"}]},{\"@type\":\"WebSite\",\"@id\":\"https:\\\/\\\/vendeto.am\\\/#website\",\"url\":\"https:\\\/\\\/vendeto.am\\\/\",\"name\":\"\",\"description\":\"\",\"potentialAction\":[{\"@type\":\"SearchAction\",\"target\":{\"@type\":\"EntryPoint\",\"urlTemplate\":\"https:\\\/\\\/vendeto.am\\\/?s={search_term_string}\"},\"query-input\":{\"@type\":\"PropertyValueSpecification\",\"valueRequired\":true,\"valueName\":\"search_term_string\"}}],\"inLanguage\":\"ru-RU\"},{\"@type\":\"Person\",\"@id\":\"https:\\\/\\\/vendeto.am\\\/#\\\/schema\\\/person\\\/48a4bd89d2048190ecc61e5ce821bef7\",\"name\":\"admin\",\"image\":{\"@type\":\"ImageObject\",\"inLanguage\":\"ru-RU\",\"@id\":\"https:\\\/\\\/secure.gravatar.com\\\/avatar\\\/df64e550a0653b7be0f1bcf897f33faad9c2c8153472b2d9319beafb51370f6f?s=96&d=mm&r=g\",\"url\":\"https:\\\/\\\/secure.gravatar.com\\\/avatar\\\/df64e550a0653b7be0f1bcf897f33faad9c2c8153472b2d9319beafb51370f6f?s=96&d=mm&r=g\",\"contentUrl\":\"https:\\\/\\\/secure.gravatar.com\\\/avatar\\\/df64e550a0653b7be0f1bcf897f33faad9c2c8153472b2d9319beafb51370f6f?s=96&d=mm&r=g\",\"caption\":\"admin\"},\"sameAs\":[\"http:\\\/\\\/vendeto.am\"],\"url\":\"https:\\\/\\\/vendeto.am\\\/?author=1\"}]}<\/script>\n<!-- \/ Yoast SEO plugin. -->","yoast_head_json":{"title":"\u00a1Esta abuela de 76 a\u00f1os demuestra que la edad no tiene l\u00edmites! -","robots":{"index":"index","follow":"follow","max-snippet":"max-snippet:-1","max-image-preview":"max-image-preview:large","max-video-preview":"max-video-preview:-1"},"canonical":"https:\/\/vendeto.am\/?p=28971","og_locale":"ru_RU","og_type":"article","og_title":"\u00a1Esta abuela de 76 a\u00f1os demuestra que la edad no tiene l\u00edmites! -","og_description":"\u00a1Esta abuela de 76 a\u00f1os demuestra que la edad no tiene l\u00edmites! Existe una creencia muy arraigada de que, a partir de cierta","og_url":"https:\/\/vendeto.am\/?p=28971","article_published_time":"2026-04-26T18:10:54+00:00","article_modified_time":"2026-04-26T18:10:56+00:00","og_image":[{"width":1052,"height":1414,"url":"https:\/\/vendeto.am\/wp-content\/uploads\/2026\/04\/525581633_122141740952796769_833110115966189989_n.jpg","type":"image\/jpeg"}],"author":"admin","twitter_card":"summary_large_image","twitter_misc":{"\u041d\u0430\u043f\u0438\u0441\u0430\u043d\u043e \u0430\u0432\u0442\u043e\u0440\u043e\u043c":"admin","\u041f\u0440\u0438\u043c\u0435\u0440\u043d\u043e\u0435 \u0432\u0440\u0435\u043c\u044f \u0434\u043b\u044f \u0447\u0442\u0435\u043d\u0438\u044f":"4 \u043c\u0438\u043d\u0443\u0442\u044b"},"schema":{"@context":"https:\/\/schema.org","@graph":[{"@type":"Article","@id":"https:\/\/vendeto.am\/?p=28971#article","isPartOf":{"@id":"https:\/\/vendeto.am\/?p=28971"},"author":{"name":"admin","@id":"https:\/\/vendeto.am\/#\/schema\/person\/48a4bd89d2048190ecc61e5ce821bef7"},"headline":"\u00a1Esta abuela de 76 a\u00f1os demuestra que la edad no tiene l\u00edmites!","datePublished":"2026-04-26T18:10:54+00:00","dateModified":"2026-04-26T18:10:56+00:00","mainEntityOfPage":{"@id":"https:\/\/vendeto.am\/?p=28971"},"wordCount":579,"commentCount":0,"image":{"@id":"https:\/\/vendeto.am\/?p=28971#primaryimage"},"thumbnailUrl":"https:\/\/vendeto.am\/wp-content\/uploads\/2026\/04\/525581633_122141740952796769_833110115966189989_n.jpg","articleSection":["VIDEO"],"inLanguage":"ru-RU","potentialAction":[{"@type":"CommentAction","name":"Comment","target":["https:\/\/vendeto.am\/?p=28971#respond"]}]},{"@type":"WebPage","@id":"https:\/\/vendeto.am\/?p=28971","url":"https:\/\/vendeto.am\/?p=28971","name":"\u00a1Esta abuela de 76 a\u00f1os demuestra que la edad no tiene l\u00edmites! -","isPartOf":{"@id":"https:\/\/vendeto.am\/#website"},"primaryImageOfPage":{"@id":"https:\/\/vendeto.am\/?p=28971#primaryimage"},"image":{"@id":"https:\/\/vendeto.am\/?p=28971#primaryimage"},"thumbnailUrl":"https:\/\/vendeto.am\/wp-content\/uploads\/2026\/04\/525581633_122141740952796769_833110115966189989_n.jpg","datePublished":"2026-04-26T18:10:54+00:00","dateModified":"2026-04-26T18:10:56+00:00","author":{"@id":"https:\/\/vendeto.am\/#\/schema\/person\/48a4bd89d2048190ecc61e5ce821bef7"},"breadcrumb":{"@id":"https:\/\/vendeto.am\/?p=28971#breadcrumb"},"inLanguage":"ru-RU","potentialAction":[{"@type":"ReadAction","target":["https:\/\/vendeto.am\/?p=28971"]}]},{"@type":"ImageObject","inLanguage":"ru-RU","@id":"https:\/\/vendeto.am\/?p=28971#primaryimage","url":"https:\/\/vendeto.am\/wp-content\/uploads\/2026\/04\/525581633_122141740952796769_833110115966189989_n.jpg","contentUrl":"https:\/\/vendeto.am\/wp-content\/uploads\/2026\/04\/525581633_122141740952796769_833110115966189989_n.jpg","width":1052,"height":1414},{"@type":"BreadcrumbList","@id":"https:\/\/vendeto.am\/?p=28971#breadcrumb","itemListElement":[{"@type":"ListItem","position":1,"name":"\u0413\u043b\u0430\u0432\u043d\u0430\u044f \u0441\u0442\u0440\u0430\u043d\u0438\u0446\u0430","item":"https:\/\/vendeto.am\/"},{"@type":"ListItem","position":2,"name":"\u00a1Esta abuela de 76 a\u00f1os demuestra que la edad no tiene l\u00edmites!"}]},{"@type":"WebSite","@id":"https:\/\/vendeto.am\/#website","url":"https:\/\/vendeto.am\/","name":"","description":"","potentialAction":[{"@type":"SearchAction","target":{"@type":"EntryPoint","urlTemplate":"https:\/\/vendeto.am\/?s={search_term_string}"},"query-input":{"@type":"PropertyValueSpecification","valueRequired":true,"valueName":"search_term_string"}}],"inLanguage":"ru-RU"},{"@type":"Person","@id":"https:\/\/vendeto.am\/#\/schema\/person\/48a4bd89d2048190ecc61e5ce821bef7","name":"admin","image":{"@type":"ImageObject","inLanguage":"ru-RU","@id":"https:\/\/secure.gravatar.com\/avatar\/df64e550a0653b7be0f1bcf897f33faad9c2c8153472b2d9319beafb51370f6f?s=96&d=mm&r=g","url":"https:\/\/secure.gravatar.com\/avatar\/df64e550a0653b7be0f1bcf897f33faad9c2c8153472b2d9319beafb51370f6f?s=96&d=mm&r=g","contentUrl":"https:\/\/secure.gravatar.com\/avatar\/df64e550a0653b7be0f1bcf897f33faad9c2c8153472b2d9319beafb51370f6f?s=96&d=mm&r=g","caption":"admin"},"sameAs":["http:\/\/vendeto.am"],"url":"https:\/\/vendeto.am\/?author=1"}]}},"views":3,"_links":{"self":[{"href":"https:\/\/vendeto.am\/index.php?rest_route=\/wp\/v2\/posts\/28971","targetHints":{"allow":["GET"]}}],"collection":[{"href":"https:\/\/vendeto.am\/index.php?rest_route=\/wp\/v2\/posts"}],"about":[{"href":"https:\/\/vendeto.am\/index.php?rest_route=\/wp\/v2\/types\/post"}],"author":[{"embeddable":true,"href":"https:\/\/vendeto.am\/index.php?rest_route=\/wp\/v2\/users\/1"}],"replies":[{"embeddable":true,"href":"https:\/\/vendeto.am\/index.php?rest_route=%2Fwp%2Fv2%2Fcomments&post=28971"}],"version-history":[{"count":1,"href":"https:\/\/vendeto.am\/index.php?rest_route=\/wp\/v2\/posts\/28971\/revisions"}],"predecessor-version":[{"id":28974,"href":"https:\/\/vendeto.am\/index.php?rest_route=\/wp\/v2\/posts\/28971\/revisions\/28974"}],"wp:featuredmedia":[{"embeddable":true,"href":"https:\/\/vendeto.am\/index.php?rest_route=\/wp\/v2\/media\/28973"}],"wp:attachment":[{"href":"https:\/\/vendeto.am\/index.php?rest_route=%2Fwp%2Fv2%2Fmedia&parent=28971"}],"wp:term":[{"taxonomy":"category","embeddable":true,"href":"https:\/\/vendeto.am\/index.php?rest_route=%2Fwp%2Fv2%2Fcategories&post=28971"},{"taxonomy":"post_tag","embeddable":true,"href":"https:\/\/vendeto.am\/index.php?rest_route=%2Fwp%2Fv2%2Ftags&post=28971"}],"curies":[{"name":"wp","href":"https:\/\/api.w.org\/{rel}","templated":true}]}}