{"id":28978,"date":"2026-04-26T21:14:28","date_gmt":"2026-04-26T18:14:28","guid":{"rendered":"https:\/\/vendeto.am\/?p=28978"},"modified":"2026-04-26T21:14:30","modified_gmt":"2026-04-26T18:14:30","slug":"lo-llaman-el-hombre-mas-hermoso-de-alemania-con-una-apariencia-perfecta-asi-se-veia-antes","status":"publish","type":"post","link":"https:\/\/vendeto.am\/?p=28978","title":{"rendered":"Lo llaman el hombre m\u00e1s hermoso de Alemania, con una apariencia perfecta: as\u00ed se ve\u00eda antes\u2026"},"content":{"rendered":"\n<p>Lo llaman el hombre m\u00e1s hermoso de Alemania, con una apariencia perfecta: as\u00ed se ve\u00eda antes\u2026<\/p>\n\n\n\n<p>Harald Gl\u00f6\u00f6ckler naci\u00f3 en Alemania. Su infancia no fue en absoluto de cuento de hadas \u2014 detr\u00e1s del brillo y su pasi\u00f3n por el lujo se esconde una historia tr\u00e1gica.<\/p>\n\n\n\n<p>Cuando Harald ten\u00eda solo 14 a\u00f1os, su madre muri\u00f3 en circunstancias tr\u00e1gicas. Seg\u00fan la versi\u00f3n oficial, cay\u00f3 por las escaleras. Sin embargo, \u00e9l cree que su padre estuvo involucrado.<\/p>\n\n\n\n<p>Desde joven, Harald mostr\u00f3 inter\u00e9s por la moda y el arte. En 1987 abri\u00f3 su primera tienda de ropa junto a su pareja.<\/p>\n\n\n\n<p>Desde el inicio comenz\u00f3 a crear atuendos extravagantes \u2014 con oro, pedrer\u00eda, coronas y lentejuelas. Su estilo caracter\u00edstico es el glamour, donde no hay lugar para lo aburrido.<\/p>\n\n\n\n<p>Fund\u00f3 la marca POMP\u00d6\u00d6S, que se convirti\u00f3 en la encarnaci\u00f3n de su filosof\u00eda: toda mujer merece sentirse como una princesa.<\/p>\n\n\n\n<figure class=\"wp-block-image size-full\"><img loading=\"lazy\" decoding=\"async\" width=\"859\" height=\"808\" src=\"https:\/\/vendeto.am\/wp-content\/uploads\/2026\/04\/523113958_122125068140886293_2989076601334125170_n-1.jpg\" alt=\"\" class=\"wp-image-28979\" srcset=\"https:\/\/vendeto.am\/wp-content\/uploads\/2026\/04\/523113958_122125068140886293_2989076601334125170_n-1.jpg 859w, https:\/\/vendeto.am\/wp-content\/uploads\/2026\/04\/523113958_122125068140886293_2989076601334125170_n-1-300x282.jpg 300w, https:\/\/vendeto.am\/wp-content\/uploads\/2026\/04\/523113958_122125068140886293_2989076601334125170_n-1-768x722.jpg 768w\" sizes=\"auto, (max-width: 859px) 100vw, 859px\" \/><\/figure>\n\n\n\n<p>Con el tiempo, sus dise\u00f1os aparecieron en programas de \u0442\u0435\u043beshopping y en pasarelas, y \u00e9l mismo se convirti\u00f3 en una figura conocida en la televisi\u00f3n.<\/p>\n\n\n\n<p>Poco a poco, Harald comenz\u00f3 a transformar su apariencia mediante procedimientos est\u00e9ticos y cirug\u00edas pl\u00e1sticas. Habla abiertamente de b\u00f3tox, lifting facial, implantes y otros tratamientos que lo ayudaron a lograr su aspecto teatral, casi de mu\u00f1eca.<\/p>\n\n\n\n<p>Cambi\u00f3 la forma de su nariz, labios y p\u00f3mulos, se someti\u00f3 a m\u00faltiples liftings y tambi\u00e9n modific\u00f3 su cabello y pesta\u00f1as. A menudo lo comparan con una mu\u00f1eca de porcelana viviente \u2014 y \u00e9l no tiene ning\u00fan problema con esa comparaci\u00f3n.<\/p>\n\n\n\n<p>\u201cHe vuelto a crearme. No nac\u00ed como un personaje de cuento, pero me convert\u00ed en uno\u201d, dice Gl\u00f6\u00f6ckler.<\/p>\n\n\n\n<p>Las fotos de su juventud sorprenden: un joven com\u00fan, con cabello corto y un rostro natural \u2014 muy lejos del personaje glamuroso que conocemos hoy.<\/p>\n\n\n\n<p>En los a\u00f1os 90 comenz\u00f3 a usar trajes m\u00e1s llamativos y maquillaje, y a partir de ah\u00ed su transformaci\u00f3n se volvi\u00f3 radical.<\/p>\n","protected":false},"excerpt":{"rendered":"Lo llaman el hombre m\u00e1s hermoso de Alemania, con una apariencia perfecta: as\u00ed se ve\u00eda antes\u2026 Harald Gl\u00f6\u00f6ckler naci\u00f3 en Alemania. Su infancia \n<a class=\"moretag\" href=\"https:\/\/vendeto.am\/?p=28978\"> [...]<\/a>","protected":false},"author":1,"featured_media":28979,"comment_status":"open","ping_status":"open","sticky":false,"template":"","format":"standard","meta":{"footnotes":""},"categories":[3],"tags":[],"class_list":["post-28978","post","type-post","status-publish","format-standard","has-post-thumbnail","hentry","category-video"],"yoast_head":"<!-- This site is optimized with the Yoast SEO plugin v27.4 - https:\/\/yoast.com\/product\/yoast-seo-wordpress\/ -->\n<title>Lo llaman el hombre m\u00e1s hermoso de Alemania, con una apariencia perfecta: as\u00ed se ve\u00eda antes\u2026 -<\/title>\n<meta name=\"robots\" content=\"index, follow, max-snippet:-1, max-image-preview:large, max-video-preview:-1\" \/>\n<link rel=\"canonical\" href=\"https:\/\/vendeto.am\/?p=28978\" \/>\n<meta property=\"og:locale\" content=\"ru_RU\" \/>\n<meta property=\"og:type\" content=\"article\" \/>\n<meta property=\"og:title\" content=\"Lo llaman el hombre m\u00e1s hermoso de Alemania, con una apariencia perfecta: as\u00ed se ve\u00eda antes\u2026 -\" \/>\n<meta property=\"og:description\" content=\"Lo llaman el hombre m\u00e1s hermoso de Alemania, con una apariencia perfecta: as\u00ed se ve\u00eda antes\u2026 Harald Gl\u00f6\u00f6ckler naci\u00f3 en Alemania. Su infancia\" \/>\n<meta property=\"og:url\" content=\"https:\/\/vendeto.am\/?p=28978\" \/>\n<meta property=\"article:published_time\" content=\"2026-04-26T18:14:28+00:00\" \/>\n<meta property=\"article:modified_time\" content=\"2026-04-26T18:14:30+00:00\" \/>\n<meta property=\"og:image\" content=\"https:\/\/vendeto.am\/wp-content\/uploads\/2026\/04\/523113958_122125068140886293_2989076601334125170_n-1.jpg\" \/>\n\t<meta property=\"og:image:width\" content=\"859\" \/>\n\t<meta property=\"og:image:height\" content=\"808\" \/>\n\t<meta property=\"og:image:type\" content=\"image\/jpeg\" \/>\n<meta name=\"author\" content=\"admin\" \/>\n<meta name=\"twitter:card\" content=\"summary_large_image\" \/>\n<meta name=\"twitter:label1\" content=\"\u041d\u0430\u043f\u0438\u0441\u0430\u043d\u043e \u0430\u0432\u0442\u043e\u0440\u043e\u043c\" \/>\n\t<meta name=\"twitter:data1\" content=\"admin\" \/>\n\t<meta name=\"twitter:label2\" content=\"\u041f\u0440\u0438\u043c\u0435\u0440\u043d\u043e\u0435 \u0432\u0440\u0435\u043c\u044f \u0434\u043b\u044f \u0447\u0442\u0435\u043d\u0438\u044f\" \/>\n\t<meta name=\"twitter:data2\" content=\"3 \u043c\u0438\u043d\u0443\u0442\u044b\" \/>\n<script type=\"application\/ld+json\" class=\"yoast-schema-graph\">{\"@context\":\"https:\\\/\\\/schema.org\",\"@graph\":[{\"@type\":\"Article\",\"@id\":\"https:\\\/\\\/vendeto.am\\\/?p=28978#article\",\"isPartOf\":{\"@id\":\"https:\\\/\\\/vendeto.am\\\/?p=28978\"},\"author\":{\"name\":\"admin\",\"@id\":\"https:\\\/\\\/vendeto.am\\\/#\\\/schema\\\/person\\\/48a4bd89d2048190ecc61e5ce821bef7\"},\"headline\":\"Lo llaman el hombre m\u00e1s hermoso de Alemania, con una apariencia perfecta: as\u00ed se ve\u00eda antes\u2026\",\"datePublished\":\"2026-04-26T18:14:28+00:00\",\"dateModified\":\"2026-04-26T18:14:30+00:00\",\"mainEntityOfPage\":{\"@id\":\"https:\\\/\\\/vendeto.am\\\/?p=28978\"},\"wordCount\":360,\"commentCount\":0,\"image\":{\"@id\":\"https:\\\/\\\/vendeto.am\\\/?p=28978#primaryimage\"},\"thumbnailUrl\":\"https:\\\/\\\/vendeto.am\\\/wp-content\\\/uploads\\\/2026\\\/04\\\/523113958_122125068140886293_2989076601334125170_n-1.jpg\",\"articleSection\":[\"VIDEO\"],\"inLanguage\":\"ru-RU\",\"potentialAction\":[{\"@type\":\"CommentAction\",\"name\":\"Comment\",\"target\":[\"https:\\\/\\\/vendeto.am\\\/?p=28978#respond\"]}]},{\"@type\":\"WebPage\",\"@id\":\"https:\\\/\\\/vendeto.am\\\/?p=28978\",\"url\":\"https:\\\/\\\/vendeto.am\\\/?p=28978\",\"name\":\"Lo llaman el hombre m\u00e1s hermoso de Alemania, con una apariencia perfecta: as\u00ed se ve\u00eda antes\u2026 -\",\"isPartOf\":{\"@id\":\"https:\\\/\\\/vendeto.am\\\/#website\"},\"primaryImageOfPage\":{\"@id\":\"https:\\\/\\\/vendeto.am\\\/?p=28978#primaryimage\"},\"image\":{\"@id\":\"https:\\\/\\\/vendeto.am\\\/?p=28978#primaryimage\"},\"thumbnailUrl\":\"https:\\\/\\\/vendeto.am\\\/wp-content\\\/uploads\\\/2026\\\/04\\\/523113958_122125068140886293_2989076601334125170_n-1.jpg\",\"datePublished\":\"2026-04-26T18:14:28+00:00\",\"dateModified\":\"2026-04-26T18:14:30+00:00\",\"author\":{\"@id\":\"https:\\\/\\\/vendeto.am\\\/#\\\/schema\\\/person\\\/48a4bd89d2048190ecc61e5ce821bef7\"},\"breadcrumb\":{\"@id\":\"https:\\\/\\\/vendeto.am\\\/?p=28978#breadcrumb\"},\"inLanguage\":\"ru-RU\",\"potentialAction\":[{\"@type\":\"ReadAction\",\"target\":[\"https:\\\/\\\/vendeto.am\\\/?p=28978\"]}]},{\"@type\":\"ImageObject\",\"inLanguage\":\"ru-RU\",\"@id\":\"https:\\\/\\\/vendeto.am\\\/?p=28978#primaryimage\",\"url\":\"https:\\\/\\\/vendeto.am\\\/wp-content\\\/uploads\\\/2026\\\/04\\\/523113958_122125068140886293_2989076601334125170_n-1.jpg\",\"contentUrl\":\"https:\\\/\\\/vendeto.am\\\/wp-content\\\/uploads\\\/2026\\\/04\\\/523113958_122125068140886293_2989076601334125170_n-1.jpg\",\"width\":859,\"height\":808},{\"@type\":\"BreadcrumbList\",\"@id\":\"https:\\\/\\\/vendeto.am\\\/?p=28978#breadcrumb\",\"itemListElement\":[{\"@type\":\"ListItem\",\"position\":1,\"name\":\"\u0413\u043b\u0430\u0432\u043d\u0430\u044f \u0441\u0442\u0440\u0430\u043d\u0438\u0446\u0430\",\"item\":\"https:\\\/\\\/vendeto.am\\\/\"},{\"@type\":\"ListItem\",\"position\":2,\"name\":\"Lo llaman el hombre m\u00e1s hermoso de Alemania, con una apariencia perfecta: as\u00ed se ve\u00eda antes\u2026\"}]},{\"@type\":\"WebSite\",\"@id\":\"https:\\\/\\\/vendeto.am\\\/#website\",\"url\":\"https:\\\/\\\/vendeto.am\\\/\",\"name\":\"\",\"description\":\"\",\"potentialAction\":[{\"@type\":\"SearchAction\",\"target\":{\"@type\":\"EntryPoint\",\"urlTemplate\":\"https:\\\/\\\/vendeto.am\\\/?s={search_term_string}\"},\"query-input\":{\"@type\":\"PropertyValueSpecification\",\"valueRequired\":true,\"valueName\":\"search_term_string\"}}],\"inLanguage\":\"ru-RU\"},{\"@type\":\"Person\",\"@id\":\"https:\\\/\\\/vendeto.am\\\/#\\\/schema\\\/person\\\/48a4bd89d2048190ecc61e5ce821bef7\",\"name\":\"admin\",\"image\":{\"@type\":\"ImageObject\",\"inLanguage\":\"ru-RU\",\"@id\":\"https:\\\/\\\/secure.gravatar.com\\\/avatar\\\/df64e550a0653b7be0f1bcf897f33faad9c2c8153472b2d9319beafb51370f6f?s=96&d=mm&r=g\",\"url\":\"https:\\\/\\\/secure.gravatar.com\\\/avatar\\\/df64e550a0653b7be0f1bcf897f33faad9c2c8153472b2d9319beafb51370f6f?s=96&d=mm&r=g\",\"contentUrl\":\"https:\\\/\\\/secure.gravatar.com\\\/avatar\\\/df64e550a0653b7be0f1bcf897f33faad9c2c8153472b2d9319beafb51370f6f?s=96&d=mm&r=g\",\"caption\":\"admin\"},\"sameAs\":[\"http:\\\/\\\/vendeto.am\"],\"url\":\"https:\\\/\\\/vendeto.am\\\/?author=1\"}]}<\/script>\n<!-- \/ Yoast SEO plugin. -->","yoast_head_json":{"title":"Lo llaman el hombre m\u00e1s hermoso de Alemania, con una apariencia perfecta: as\u00ed se ve\u00eda antes\u2026 -","robots":{"index":"index","follow":"follow","max-snippet":"max-snippet:-1","max-image-preview":"max-image-preview:large","max-video-preview":"max-video-preview:-1"},"canonical":"https:\/\/vendeto.am\/?p=28978","og_locale":"ru_RU","og_type":"article","og_title":"Lo llaman el hombre m\u00e1s hermoso de Alemania, con una apariencia perfecta: as\u00ed se ve\u00eda antes\u2026 -","og_description":"Lo llaman el hombre m\u00e1s hermoso de Alemania, con una apariencia perfecta: as\u00ed se ve\u00eda antes\u2026 Harald Gl\u00f6\u00f6ckler naci\u00f3 en Alemania. Su infancia","og_url":"https:\/\/vendeto.am\/?p=28978","article_published_time":"2026-04-26T18:14:28+00:00","article_modified_time":"2026-04-26T18:14:30+00:00","og_image":[{"width":859,"height":808,"url":"https:\/\/vendeto.am\/wp-content\/uploads\/2026\/04\/523113958_122125068140886293_2989076601334125170_n-1.jpg","type":"image\/jpeg"}],"author":"admin","twitter_card":"summary_large_image","twitter_misc":{"\u041d\u0430\u043f\u0438\u0441\u0430\u043d\u043e \u0430\u0432\u0442\u043e\u0440\u043e\u043c":"admin","\u041f\u0440\u0438\u043c\u0435\u0440\u043d\u043e\u0435 \u0432\u0440\u0435\u043c\u044f \u0434\u043b\u044f \u0447\u0442\u0435\u043d\u0438\u044f":"3 \u043c\u0438\u043d\u0443\u0442\u044b"},"schema":{"@context":"https:\/\/schema.org","@graph":[{"@type":"Article","@id":"https:\/\/vendeto.am\/?p=28978#article","isPartOf":{"@id":"https:\/\/vendeto.am\/?p=28978"},"author":{"name":"admin","@id":"https:\/\/vendeto.am\/#\/schema\/person\/48a4bd89d2048190ecc61e5ce821bef7"},"headline":"Lo llaman el hombre m\u00e1s hermoso de Alemania, con una apariencia perfecta: as\u00ed se ve\u00eda antes\u2026","datePublished":"2026-04-26T18:14:28+00:00","dateModified":"2026-04-26T18:14:30+00:00","mainEntityOfPage":{"@id":"https:\/\/vendeto.am\/?p=28978"},"wordCount":360,"commentCount":0,"image":{"@id":"https:\/\/vendeto.am\/?p=28978#primaryimage"},"thumbnailUrl":"https:\/\/vendeto.am\/wp-content\/uploads\/2026\/04\/523113958_122125068140886293_2989076601334125170_n-1.jpg","articleSection":["VIDEO"],"inLanguage":"ru-RU","potentialAction":[{"@type":"CommentAction","name":"Comment","target":["https:\/\/vendeto.am\/?p=28978#respond"]}]},{"@type":"WebPage","@id":"https:\/\/vendeto.am\/?p=28978","url":"https:\/\/vendeto.am\/?p=28978","name":"Lo llaman el hombre m\u00e1s hermoso de Alemania, con una apariencia perfecta: as\u00ed se ve\u00eda antes\u2026 -","isPartOf":{"@id":"https:\/\/vendeto.am\/#website"},"primaryImageOfPage":{"@id":"https:\/\/vendeto.am\/?p=28978#primaryimage"},"image":{"@id":"https:\/\/vendeto.am\/?p=28978#primaryimage"},"thumbnailUrl":"https:\/\/vendeto.am\/wp-content\/uploads\/2026\/04\/523113958_122125068140886293_2989076601334125170_n-1.jpg","datePublished":"2026-04-26T18:14:28+00:00","dateModified":"2026-04-26T18:14:30+00:00","author":{"@id":"https:\/\/vendeto.am\/#\/schema\/person\/48a4bd89d2048190ecc61e5ce821bef7"},"breadcrumb":{"@id":"https:\/\/vendeto.am\/?p=28978#breadcrumb"},"inLanguage":"ru-RU","potentialAction":[{"@type":"ReadAction","target":["https:\/\/vendeto.am\/?p=28978"]}]},{"@type":"ImageObject","inLanguage":"ru-RU","@id":"https:\/\/vendeto.am\/?p=28978#primaryimage","url":"https:\/\/vendeto.am\/wp-content\/uploads\/2026\/04\/523113958_122125068140886293_2989076601334125170_n-1.jpg","contentUrl":"https:\/\/vendeto.am\/wp-content\/uploads\/2026\/04\/523113958_122125068140886293_2989076601334125170_n-1.jpg","width":859,"height":808},{"@type":"BreadcrumbList","@id":"https:\/\/vendeto.am\/?p=28978#breadcrumb","itemListElement":[{"@type":"ListItem","position":1,"name":"\u0413\u043b\u0430\u0432\u043d\u0430\u044f \u0441\u0442\u0440\u0430\u043d\u0438\u0446\u0430","item":"https:\/\/vendeto.am\/"},{"@type":"ListItem","position":2,"name":"Lo llaman el hombre m\u00e1s hermoso de Alemania, con una apariencia perfecta: as\u00ed se ve\u00eda antes\u2026"}]},{"@type":"WebSite","@id":"https:\/\/vendeto.am\/#website","url":"https:\/\/vendeto.am\/","name":"","description":"","potentialAction":[{"@type":"SearchAction","target":{"@type":"EntryPoint","urlTemplate":"https:\/\/vendeto.am\/?s={search_term_string}"},"query-input":{"@type":"PropertyValueSpecification","valueRequired":true,"valueName":"search_term_string"}}],"inLanguage":"ru-RU"},{"@type":"Person","@id":"https:\/\/vendeto.am\/#\/schema\/person\/48a4bd89d2048190ecc61e5ce821bef7","name":"admin","image":{"@type":"ImageObject","inLanguage":"ru-RU","@id":"https:\/\/secure.gravatar.com\/avatar\/df64e550a0653b7be0f1bcf897f33faad9c2c8153472b2d9319beafb51370f6f?s=96&d=mm&r=g","url":"https:\/\/secure.gravatar.com\/avatar\/df64e550a0653b7be0f1bcf897f33faad9c2c8153472b2d9319beafb51370f6f?s=96&d=mm&r=g","contentUrl":"https:\/\/secure.gravatar.com\/avatar\/df64e550a0653b7be0f1bcf897f33faad9c2c8153472b2d9319beafb51370f6f?s=96&d=mm&r=g","caption":"admin"},"sameAs":["http:\/\/vendeto.am"],"url":"https:\/\/vendeto.am\/?author=1"}]}},"views":6,"_links":{"self":[{"href":"https:\/\/vendeto.am\/index.php?rest_route=\/wp\/v2\/posts\/28978","targetHints":{"allow":["GET"]}}],"collection":[{"href":"https:\/\/vendeto.am\/index.php?rest_route=\/wp\/v2\/posts"}],"about":[{"href":"https:\/\/vendeto.am\/index.php?rest_route=\/wp\/v2\/types\/post"}],"author":[{"embeddable":true,"href":"https:\/\/vendeto.am\/index.php?rest_route=\/wp\/v2\/users\/1"}],"replies":[{"embeddable":true,"href":"https:\/\/vendeto.am\/index.php?rest_route=%2Fwp%2Fv2%2Fcomments&post=28978"}],"version-history":[{"count":1,"href":"https:\/\/vendeto.am\/index.php?rest_route=\/wp\/v2\/posts\/28978\/revisions"}],"predecessor-version":[{"id":28980,"href":"https:\/\/vendeto.am\/index.php?rest_route=\/wp\/v2\/posts\/28978\/revisions\/28980"}],"wp:featuredmedia":[{"embeddable":true,"href":"https:\/\/vendeto.am\/index.php?rest_route=\/wp\/v2\/media\/28979"}],"wp:attachment":[{"href":"https:\/\/vendeto.am\/index.php?rest_route=%2Fwp%2Fv2%2Fmedia&parent=28978"}],"wp:term":[{"taxonomy":"category","embeddable":true,"href":"https:\/\/vendeto.am\/index.php?rest_route=%2Fwp%2Fv2%2Fcategories&post=28978"},{"taxonomy":"post_tag","embeddable":true,"href":"https:\/\/vendeto.am\/index.php?rest_route=%2Fwp%2Fv2%2Ftags&post=28978"}],"curies":[{"name":"wp","href":"https:\/\/api.w.org\/{rel}","templated":true}]}}