{"id":29005,"date":"2026-04-28T20:25:49","date_gmt":"2026-04-28T17:25:49","guid":{"rendered":"https:\/\/vendeto.am\/?p=29005"},"modified":"2026-04-28T20:25:51","modified_gmt":"2026-04-28T17:25:51","slug":"porodila-jsem-v-sedmnacti-a-moji-rodice-mi-ho-vzali-o-21-let-pozdeji-vypadal-muj-novy-soused-presne-jako-muj-syn","status":"publish","type":"post","link":"https:\/\/vendeto.am\/?p=29005","title":{"rendered":"Porodila jsem v sedmn\u00e1cti a moji rodi\u010de mi ho vzali \u2014 o 21 let pozd\u011bji vypadal m\u016fj nov\u00fd soused p\u0159esn\u011b jako m\u016fj syn"},"content":{"rendered":"\n<p>Porodila jsem v sedmn\u00e1cti a moji rodi\u010de mi ho vzali \u2014 o 21 let pozd\u011bji vypadal m\u016fj nov\u00fd soused p\u0159esn\u011b jako m\u016fj syn. Te\u010f je mi t\u0159icet osm. M\u00e1m klidn\u00fd \u017eivot, stabiln\u00ed pr\u00e1ci a m\u016fj otec bydl\u00ed v pokoji pro hosty \u2014 proto\u017ee \u010das ho nakonec u\u010dinil z\u00e1visl\u00fdm zp\u016fsoby, jak\u00fdmi ho vina nikdy zm\u011bnit nedok\u00e1zala. Navenek v\u0161echno p\u016fsob\u00ed klidn\u011b.<\/p>\n\n\n\n<p>Nen\u00ed.<\/p>\n\n\n\n<p>Bylo mi sedmn\u00e1ct, kdy\u017e jsem ot\u011bhotn\u011bla. Moji rodi\u010de nek\u0159i\u010deli. Nemuseli. Byli bohat\u00ed, v\u00e1\u017een\u00ed a posedl\u00ed t\u00edm, jak v\u011bci vypadaj\u00ed. M\u00edsto hn\u011bvu zvolili efektivitu. Moje matka za\u0159\u00eddila p\u00e1r telefon\u00e1t\u016f. M\u016fj otec se na m\u011b p\u0159estal d\u00edvat.<\/p>\n\n\n\n<p>A najednou m\u011b poslali pry\u010d do toho, co v\u0161em \u0159\u00edkali, \u017ee je \u201ezdravotn\u00ed pobyt\u201c. Nebyl.<\/p>\n\n\n\n<p>Byla to soukrom\u00e1 klinika v jin\u00e9m m\u011bst\u011b.<br>\u017d\u00e1dn\u00e9 n\u00e1v\u0161t\u011bvy.<br>\u017d\u00e1dn\u00e9 telefon\u00e1ty.<br>\u017d\u00e1dn\u00e9 odpov\u011bdi.<\/p>\n\n\n\n<p>Na ka\u017edou mou ot\u00e1zku p\u0159ich\u00e1zela stejn\u00e1 odpov\u011b\u010f: \u201eJe to do\u010dasn\u00e9.\u201c \u201eJe to pro tvoje dobro.\u201c \u201ePozd\u011bji to pochop\u00ed\u0161.\u201c<\/p>\n\n\n\n<p>Po hodin\u00e1ch bolesti a strachu jsem usly\u0161ela pl\u00e1\u010d sv\u00e9ho d\u00edt\u011bte. Jen jednou. Tenk\u00fd, k\u0159ehk\u00fd zvuk, kter\u00fd mi \u0159ekl, \u017ee \u017eije. Sna\u017eila jsem se posadit. Prosila jsem, abych ho vid\u011bla. Nikdo neodpov\u011bd\u011bl.<\/p>\n\n\n\n<p>Pak ve\u0161la moje matka \u2014 klidn\u00e1, vyrovnan\u00e1 \u2014 a \u0159ekla:<br>\u201eNep\u0159e\u017eil.\u201c<\/p>\n\n\n\n<p>To bylo v\u0161echno.<br>\u017d\u00e1dn\u00e9 vysv\u011btlen\u00ed.<br>\u017d\u00e1dn\u00e9 rozlou\u010den\u00ed.<br>\u017d\u00e1dn\u00fd d\u016fkaz.<\/p>\n\n\n\n<p>Pamatuji si, jak jsem \u0159ekla: \u201eNe\u2026 sly\u0161ela jsem ho.\u201c<\/p>\n\n\n\n<p>\u0158ekla mi, \u017ee pot\u0159ebuju odpo\u010dinek. Ve\u0161el l\u00e9ka\u0159. N\u011bkdo mi n\u011bco dal.<\/p>\n\n\n\n<p>Kdy\u017e jsem se probudila, bylo to, jako by ze m\u011b v\u0161echno bylo vypr\u00e1zdn\u011bn\u00e9.<\/p>\n\n\n\n<p>Znovu jsem se zeptala: \u201eKde je?\u201c<\/p>\n\n\n\n<p>Oto\u010dila str\u00e1nku v \u010dasopise a \u0159ekla: \u201eMus\u00ed\u0161 j\u00edt d\u00e1l.\u201c<\/p>\n\n\n\n<p>Zeptala jsem se, jestli bude poh\u0159eb.<\/p>\n\n\n\n<p>\u201eTady pro tebe nic nen\u00ed,\u201c odpov\u011bd\u011bla.<\/p>\n\n\n\n<p>Tu noc, kdy\u017e ode\u0161la, se jedna sestra potichu vr\u00e1tila. Dala mi kousek pap\u00edru a za\u0161eptala:<br>\u201eJestli chce\u0161 n\u011bco napsat\u2026 pokus\u00edm se to k n\u011bmu poslat.\u201c<\/p>\n\n\n\n<p>Nem\u011bla jsem nic.<br>Krom\u011b jedin\u00e9 v\u011bci.<\/p>\n\n\n\n<p>Napsala jsem jednu v\u011btu:<br>\u201e\u0158ekn\u011bte mu, \u017ee byl milovan\u00fd.\u201c<\/p>\n\n\n\n<p>Dala jsem j\u00ed ten l\u00edstek \u2014 a malou deku, kterou jsem potaj\u00ed upletla. Modr\u00e1 vlna. \u017dlut\u00ed pt\u00e1\u010dci vy\u0161it\u00e9 v roz\u00edch. Jedin\u00e1 v\u011bc, kter\u00e1 pat\u0159ila n\u00e1m ob\u011bma.<\/p>\n\n\n\n<p>Druh\u00fd den bylo v\u0161echno pry\u010d.<\/p>\n\n\n\n<p>Kdy\u017e jsem se pozd\u011bji ptala na tu deku, matka \u0159ekla, \u017ee ji sp\u00e1lila. \u0158ekla, \u017ee pro m\u011b nen\u00ed zdrav\u00e9 se j\u00ed dr\u017eet.<\/p>\n\n\n\n<p>A pak m\u011b poslali na vysokou \u0161kolu\u2026 je\u0161t\u011b ne\u017e jsem se stihla zahojit.<\/p>\n\n\n\n<p>\u017d\u00e1dn\u00fd hrob.<br>\u017d\u00e1dn\u00e9 odpov\u011bdi.<br>\u017d\u00e1dn\u00e9 uzav\u0159en\u00ed.<\/p>\n\n\n\n<p>Tak jsem se p\u0159estala pt\u00e1t. Nau\u010dila jsem se n\u00e9st bolest ti\u0161e \u2014 ani\u017e bych n\u011bkoho uv\u00e1d\u011bla do rozpak\u016f.<\/p>\n\n\n\n<p>Moje matka zem\u0159ela p\u0159ed dv\u011bma lety. M\u016fj otec se ke mn\u011b nast\u011bhoval minul\u00fd rok, kdy\u017e se jeho zdrav\u00ed za\u010dalo zhor\u0161ovat. Jeho pam\u011b\u0165 u\u017e nen\u00ed dokonal\u00e1, ale nezmizela. Pamatuje si to, co si chce pamatovat.<\/p>\n\n\n\n<p>Minul\u00fd t\u00fdden p\u0159ijel k domu vedle n\u00e1s st\u011bhovac\u00ed v\u016fz. Byla jsem venku a vytrh\u00e1vala plevel, kdy\u017e jsem ho uvid\u011bla \u2014 mlad\u00e9ho mu\u017ee, jak vystupuje a nese lampu.<\/p>\n\n\n\n<p>A moje srdce se zastavilo.<\/p>\n\n\n\n<p>Tmav\u00e9 kudrny.<br>V\u00fdrazn\u00e9 rysy.<br>Moje brada.<\/p>\n\n\n\n<p>\u0158ekla jsem si, \u017ee si to namlouv\u00e1m. Lid\u00e9 vid\u00ed to, co cht\u011bj\u00ed vid\u011bt.<\/p>\n\n\n\n<p>Pak se ale usm\u00e1l a p\u0159i\u0161el bl\u00ed\u017e.<\/p>\n\n\n\n<p>\u201eAhoj,\u201c \u0159ekl. \u201eJsem Miles. Vypad\u00e1 to, \u017ee jsme soused\u00e9.\u201c<\/p>\n\n\n\n<p>Vym\u011bnili jsme si p\u00e1r b\u011b\u017en\u00fdch v\u011bt, ale sotva jsem je sly\u0161ela. Vr\u00e1tila jsem se dovnit\u0159 cel\u00e1 rozt\u0159esen\u00e1.<\/p>\n\n\n\n<p>M\u016fj otec byl v kuchyni. \u0158ekla jsem: \u201eTen nov\u00fd soused vypad\u00e1 jako j\u00e1.\u201c<\/p>\n\n\n\n<p>Nejd\u0159\u00edv nereagoval.<br>Pak ano.<\/p>\n\n\n\n<p>P\u0159\u00edli\u0161 rychle.<br>P\u0159\u00edli\u0161 ost\u0159e.<\/p>\n\n\n\n<p>A v tu chv\u00edli\u2026 n\u011bco nebylo v po\u0159\u00e1dku.<\/p>\n\n\n\n<p>O dva dny pozd\u011bji jsem zjistila pro\u010d.<\/p>\n\n\n\n<p>U\u017e tam byl. Rozpoznal p\u0159\u00edjmen\u00ed na bal\u00ed\u010dku \u2014 stejn\u00e9 jako u p\u00e1ru, kter\u00fd adoptoval m\u00e9ho syna. Nezapomn\u011bl. Jen to poh\u0159bil.<\/p>\n\n\n\n<p>T\u0159i dny po p\u0159\u00edjezdu st\u011bhovac\u00edho vozu Miles zaklepal na moje dve\u0159e.<\/p>\n\n\n\n<p>\u201eUd\u011blal jsem moc k\u00e1vy,\u201c \u0159ekl. \u201eNechce\u0161 p\u0159ij\u00edt?\u201c<\/p>\n\n\n\n<p>M\u011bla jsem \u0159\u00edct ne.<br>Ne\u0159ekla jsem.<\/p>\n\n\n\n<p>Kdy\u017e jsem vstoupila do jeho domu, v\u0161echno se zastavilo.<\/p>\n\n\n\n<p>Tam, p\u0159ehozen\u00e1 p\u0159es \u017eidli\u2026 byla ta deka.<\/p>\n\n\n\n<p>Modr\u00e1 vlna.<br>\u017dlut\u00ed pt\u00e1\u010dci.<\/p>\n\n\n\n<p>Moje.<\/p>\n\n\n\n<p>Ta, o kter\u00e9 mi \u0159ekli, \u017ee byla zni\u010dena.<\/p>\n\n\n\n<p>Uk\u00e1zala jsem na ni. \u201eKde jsi ji vzal?\u201c<\/p>\n\n\n\n<p>Zvedl ji. \u201eM\u00e1m ji cel\u00fd \u017eivot.\u201c<\/p>\n\n\n\n<p>Pak jemn\u011b dodal:<br>\u201eByl jsem adoptovan\u00fd ve t\u0159ech dnech. Moji rodi\u010de mi \u0159ekli, \u017ee mi moje biologick\u00e1 matka nechala tohle\u2026 a vzkaz.\u201c<\/p>\n\n\n\n<p>Nemohla jsem d\u00fdchat.<\/p>\n\n\n\n<p>\u201eJak\u00fd vzkaz?\u201c zeptala jsem se.<\/p>\n\n\n\n<p>Pod\u00edval se na m\u011b.<\/p>\n\n\n\n<p>\u201e\u0158ekn\u011bte mu, \u017ee byl milovan\u00fd.\u201c<\/p>\n\n\n\n<p>V tu chv\u00edli jsem to v\u011bd\u011bla.<\/p>\n\n\n\n<p>Ne tu\u0161ila.<br>V\u011bd\u011bla.<\/p>\n\n\n\n<p>M\u016fj otec se objevil za mnou. \u201eClaire\u2026 mus\u00edme j\u00edt,\u201c \u0159ekl.<\/p>\n\n\n\n<p>Ale bylo pozd\u011b. Pravda u\u017e si na\u0161la cestu ven.<\/p>\n\n\n\n<p>Kdy\u017e jsem po\u017eadovala odpov\u011bdi, kone\u010dn\u011b se zlomil.<\/p>\n\n\n\n<p>\u201eOna za\u0159\u00eddila adopci,\u201c \u0159ekl.<\/p>\n\n\n\n<p>\u201eKdo?\u201c zeptala jsem se.<\/p>\n\n\n\n<p>\u201eTvoje matka.\u201c<\/p>\n\n\n\n<p>V m\u00edstnosti se rozhostilo ticho.<\/p>\n\n\n\n<figure class=\"wp-block-image\"><img decoding=\"async\" src=\"https:\/\/chexia.info\/wp-content\/uploads\/2026\/04\/cleaned_photo-829x1024.png\" alt=\"\" class=\"wp-image-7573\"\/><\/figure>\n\n\n\n<p>\u201e\u0158ekla klinice, \u017ee d\u00edt\u011b zem\u0159elo,\u201c pokra\u010doval. \u201eNe v\u0161em. Jen dost lidem. Byl tam pr\u00e1vn\u00edk. Dokumenty. Byla jsi nezletil\u00e1\u2026 nikdy jsi s t\u00edm nesouhlasila.\u201c<\/p>\n\n\n\n<p>Pod\u00edvala jsem se na n\u011bj.<\/p>\n\n\n\n<p>\u201eNechal jsi m\u011b truchlit nad d\u00edt\u011btem, kter\u00e9 bylo na\u017eivu?\u201c<\/p>\n\n\n\n<p>Za\u0161eptal: \u201eNev\u011bd\u011bl jsem, jak to zastavit.\u201c<\/p>\n\n\n\n<p>\u201eA to t\u011b udr\u017eelo v tichu jednadvacet let?\u201c<\/p>\n\n\n\n<p>Nem\u011bl odpov\u011b\u010f.<\/p>\n\n\n\n<p>Miles se na m\u011b pod\u00edval, hlas tich\u00fd.<\/p>\n\n\n\n<p>\u201e\u0158\u00edk\u00e1te\u2026 \u017ee jste moje matka?\u201c<\/p>\n\n\n\n<p>O\u010di se mi zalily slzami.<\/p>\n\n\n\n<p>\u201eMysl\u00edm, \u017ee ano.\u201c<\/p>\n\n\n\n<p>Polo\u017eil jedinou ot\u00e1zku, na kter\u00e9 z\u00e1le\u017eelo.<\/p>\n\n\n\n<p>\u201eM\u016f\u017eete to dok\u00e1zat?\u201c<\/p>\n\n\n\n<p>\u201eAno,\u201c \u0159ekla jsem. \u201eDNA, z\u00e1znamy \u2014 cokoliv. Ale mus\u00ed\u0161 v\u011bd\u011bt tohle jako prvn\u00ed. Nikdy jsem se t\u011b nevzdala. \u0158ekli mi, \u017ee jsi zem\u0159el.\u201c<\/p>\n\n\n\n<p>Pod\u00edval se na deku a p\u0159ejel prsty po \u017elut\u00fdch pt\u00e1\u010dc\u00edch.<\/p>\n\n\n\n<p>\u201eMoji rodi\u010de v\u017edy \u0159\u00edkali, \u017ee moje biologick\u00e1 matka byla mlad\u00e1\u2026 \u017ee mi to nechala. Bez jm\u00e9na. Nic v\u00edc.\u201c<\/p>\n\n\n\n<p>\u201eOni to nev\u011bd\u011bli,\u201c dodal m\u016fj otec. \u201eJim taky lhali.\u201c<\/p>\n\n\n\n<p>Miles se na n\u011bj ani nepod\u00edval. D\u00edval se na m\u011b.<\/p>\n\n\n\n<p>\u201eTy jsi to ud\u011blala?\u201c<\/p>\n\n\n\n<p>\u201eAno,\u201c \u0159ekla jsem. \u201eKa\u017ed\u00fd steh.\u201c<\/p>\n\n\n\n<p>St\u00e1l tam, nejist\u00fd \u2014 rozpolcen\u00fd mezi dv\u011bma \u017eivoty.<\/p>\n\n\n\n<p>Pak pomalu nat\u00e1hl deku ke mn\u011b.<\/p>\n\n\n\n<p>Ne jako d\u016fkaz.<br>Ne jako vzd\u00e1n\u00ed se.<\/p>\n\n\n\n<p>Ale jako n\u011bco sd\u00edlen\u00e9ho.<\/p>\n\n\n\n<p>Vzala jsem ji a p\u0159itiskla si ji k hrudi.<\/p>\n\n\n\n<p>A poprv\u00e9 po jednadvaceti letech\u2026 jsem si dovolila truchlit nahlas.<\/p>\n\n\n\n<p>Pak jsme spolu hodiny mluvili. Nic z toho nebylo snadn\u00e9. Nic nebylo \u010dist\u00e9.<\/p>\n\n\n\n<p>Ale ne\u017e jsem ode\u0161la, podal mi \u0161\u00e1lek k\u00e1vy a trochu rozpa\u010dit\u011b \u0159ekl:<\/p>\n\n\n\n<p>\u201e\u201aMami\u2018 je mo\u017en\u00e1 zat\u00edm moc\u2026 ale k\u00e1va funguje.\u201c<\/p>\n\n\n\n<p>A prozat\u00edm\u2026 k\u00e1va sta\u010d\u00ed.<\/p>\n","protected":false},"excerpt":{"rendered":"Porodila jsem v sedmn\u00e1cti a moji rodi\u010de mi ho vzali \u2014 o 21 let pozd\u011bji vypadal m\u016fj nov\u00fd soused p\u0159esn\u011b jako m\u016fj syn. \n<a class=\"moretag\" href=\"https:\/\/vendeto.am\/?p=29005\"> [...]<\/a>","protected":false},"author":1,"featured_media":29006,"comment_status":"open","ping_status":"open","sticky":false,"template":"","format":"standard","meta":{"footnotes":""},"categories":[2],"tags":[],"class_list":["post-29005","post","type-post","status-publish","format-standard","has-post-thumbnail","hentry","category-sport"],"yoast_head":"<!-- This site is optimized with the Yoast SEO plugin v27.5 - https:\/\/yoast.com\/product\/yoast-seo-wordpress\/ -->\n<title>Porodila jsem v sedmn\u00e1cti a moji rodi\u010de mi ho vzali \u2014 o 21 let pozd\u011bji vypadal m\u016fj nov\u00fd soused p\u0159esn\u011b jako m\u016fj syn -<\/title>\n<meta name=\"robots\" content=\"index, follow, max-snippet:-1, max-image-preview:large, max-video-preview:-1\" \/>\n<link rel=\"canonical\" href=\"https:\/\/vendeto.am\/?p=29005\" \/>\n<meta property=\"og:locale\" content=\"ru_RU\" \/>\n<meta property=\"og:type\" content=\"article\" \/>\n<meta property=\"og:title\" content=\"Porodila jsem v sedmn\u00e1cti a moji rodi\u010de mi ho vzali \u2014 o 21 let pozd\u011bji vypadal m\u016fj nov\u00fd soused p\u0159esn\u011b jako m\u016fj syn -\" \/>\n<meta property=\"og:description\" content=\"Porodila jsem v sedmn\u00e1cti a moji rodi\u010de mi ho vzali \u2014 o 21 let pozd\u011bji vypadal m\u016fj nov\u00fd soused p\u0159esn\u011b jako m\u016fj syn.\" \/>\n<meta property=\"og:url\" content=\"https:\/\/vendeto.am\/?p=29005\" \/>\n<meta property=\"article:published_time\" content=\"2026-04-28T17:25:49+00:00\" \/>\n<meta property=\"article:modified_time\" content=\"2026-04-28T17:25:51+00:00\" \/>\n<meta property=\"og:image\" content=\"https:\/\/vendeto.am\/wp-content\/uploads\/2026\/04\/859-829x1024.png\" \/>\n\t<meta property=\"og:image:width\" content=\"829\" \/>\n\t<meta property=\"og:image:height\" content=\"1024\" \/>\n\t<meta property=\"og:image:type\" content=\"image\/png\" \/>\n<meta name=\"author\" content=\"admin\" \/>\n<meta name=\"twitter:card\" content=\"summary_large_image\" \/>\n<meta name=\"twitter:label1\" content=\"\u041d\u0430\u043f\u0438\u0441\u0430\u043d\u043e \u0430\u0432\u0442\u043e\u0440\u043e\u043c\" \/>\n\t<meta name=\"twitter:data1\" content=\"admin\" \/>\n\t<meta name=\"twitter:label2\" content=\"\u041f\u0440\u0438\u043c\u0435\u0440\u043d\u043e\u0435 \u0432\u0440\u0435\u043c\u044f \u0434\u043b\u044f \u0447\u0442\u0435\u043d\u0438\u044f\" \/>\n\t<meta name=\"twitter:data2\" content=\"6 \u043c\u0438\u043d\u0443\u0442\" \/>\n<script type=\"application\/ld+json\" class=\"yoast-schema-graph\">{\"@context\":\"https:\\\/\\\/schema.org\",\"@graph\":[{\"@type\":\"Article\",\"@id\":\"https:\\\/\\\/vendeto.am\\\/?p=29005#article\",\"isPartOf\":{\"@id\":\"https:\\\/\\\/vendeto.am\\\/?p=29005\"},\"author\":{\"name\":\"admin\",\"@id\":\"https:\\\/\\\/vendeto.am\\\/#\\\/schema\\\/person\\\/48a4bd89d2048190ecc61e5ce821bef7\"},\"headline\":\"Porodila jsem v sedmn\u00e1cti a moji rodi\u010de mi ho vzali \u2014 o 21 let pozd\u011bji vypadal m\u016fj nov\u00fd soused p\u0159esn\u011b jako m\u016fj syn\",\"datePublished\":\"2026-04-28T17:25:49+00:00\",\"dateModified\":\"2026-04-28T17:25:51+00:00\",\"mainEntityOfPage\":{\"@id\":\"https:\\\/\\\/vendeto.am\\\/?p=29005\"},\"wordCount\":1238,\"commentCount\":0,\"image\":{\"@id\":\"https:\\\/\\\/vendeto.am\\\/?p=29005#primaryimage\"},\"thumbnailUrl\":\"https:\\\/\\\/vendeto.am\\\/wp-content\\\/uploads\\\/2026\\\/04\\\/859.png\",\"articleSection\":[\"SPORT\"],\"inLanguage\":\"ru-RU\",\"potentialAction\":[{\"@type\":\"CommentAction\",\"name\":\"Comment\",\"target\":[\"https:\\\/\\\/vendeto.am\\\/?p=29005#respond\"]}]},{\"@type\":\"WebPage\",\"@id\":\"https:\\\/\\\/vendeto.am\\\/?p=29005\",\"url\":\"https:\\\/\\\/vendeto.am\\\/?p=29005\",\"name\":\"Porodila jsem v sedmn\u00e1cti a moji rodi\u010de mi ho vzali \u2014 o 21 let pozd\u011bji vypadal m\u016fj nov\u00fd soused p\u0159esn\u011b jako m\u016fj syn -\",\"isPartOf\":{\"@id\":\"https:\\\/\\\/vendeto.am\\\/#website\"},\"primaryImageOfPage\":{\"@id\":\"https:\\\/\\\/vendeto.am\\\/?p=29005#primaryimage\"},\"image\":{\"@id\":\"https:\\\/\\\/vendeto.am\\\/?p=29005#primaryimage\"},\"thumbnailUrl\":\"https:\\\/\\\/vendeto.am\\\/wp-content\\\/uploads\\\/2026\\\/04\\\/859.png\",\"datePublished\":\"2026-04-28T17:25:49+00:00\",\"dateModified\":\"2026-04-28T17:25:51+00:00\",\"author\":{\"@id\":\"https:\\\/\\\/vendeto.am\\\/#\\\/schema\\\/person\\\/48a4bd89d2048190ecc61e5ce821bef7\"},\"breadcrumb\":{\"@id\":\"https:\\\/\\\/vendeto.am\\\/?p=29005#breadcrumb\"},\"inLanguage\":\"ru-RU\",\"potentialAction\":[{\"@type\":\"ReadAction\",\"target\":[\"https:\\\/\\\/vendeto.am\\\/?p=29005\"]}]},{\"@type\":\"ImageObject\",\"inLanguage\":\"ru-RU\",\"@id\":\"https:\\\/\\\/vendeto.am\\\/?p=29005#primaryimage\",\"url\":\"https:\\\/\\\/vendeto.am\\\/wp-content\\\/uploads\\\/2026\\\/04\\\/859.png\",\"contentUrl\":\"https:\\\/\\\/vendeto.am\\\/wp-content\\\/uploads\\\/2026\\\/04\\\/859.png\",\"width\":1128,\"height\":1394},{\"@type\":\"BreadcrumbList\",\"@id\":\"https:\\\/\\\/vendeto.am\\\/?p=29005#breadcrumb\",\"itemListElement\":[{\"@type\":\"ListItem\",\"position\":1,\"name\":\"\u0413\u043b\u0430\u0432\u043d\u0430\u044f \u0441\u0442\u0440\u0430\u043d\u0438\u0446\u0430\",\"item\":\"https:\\\/\\\/vendeto.am\\\/\"},{\"@type\":\"ListItem\",\"position\":2,\"name\":\"Porodila jsem v sedmn\u00e1cti a moji rodi\u010de mi ho vzali \u2014 o 21 let pozd\u011bji vypadal m\u016fj nov\u00fd soused p\u0159esn\u011b jako m\u016fj syn\"}]},{\"@type\":\"WebSite\",\"@id\":\"https:\\\/\\\/vendeto.am\\\/#website\",\"url\":\"https:\\\/\\\/vendeto.am\\\/\",\"name\":\"\",\"description\":\"\",\"potentialAction\":[{\"@type\":\"SearchAction\",\"target\":{\"@type\":\"EntryPoint\",\"urlTemplate\":\"https:\\\/\\\/vendeto.am\\\/?s={search_term_string}\"},\"query-input\":{\"@type\":\"PropertyValueSpecification\",\"valueRequired\":true,\"valueName\":\"search_term_string\"}}],\"inLanguage\":\"ru-RU\"},{\"@type\":\"Person\",\"@id\":\"https:\\\/\\\/vendeto.am\\\/#\\\/schema\\\/person\\\/48a4bd89d2048190ecc61e5ce821bef7\",\"name\":\"admin\",\"image\":{\"@type\":\"ImageObject\",\"inLanguage\":\"ru-RU\",\"@id\":\"https:\\\/\\\/secure.gravatar.com\\\/avatar\\\/df64e550a0653b7be0f1bcf897f33faad9c2c8153472b2d9319beafb51370f6f?s=96&d=mm&r=g\",\"url\":\"https:\\\/\\\/secure.gravatar.com\\\/avatar\\\/df64e550a0653b7be0f1bcf897f33faad9c2c8153472b2d9319beafb51370f6f?s=96&d=mm&r=g\",\"contentUrl\":\"https:\\\/\\\/secure.gravatar.com\\\/avatar\\\/df64e550a0653b7be0f1bcf897f33faad9c2c8153472b2d9319beafb51370f6f?s=96&d=mm&r=g\",\"caption\":\"admin\"},\"sameAs\":[\"http:\\\/\\\/vendeto.am\"],\"url\":\"https:\\\/\\\/vendeto.am\\\/?author=1\"}]}<\/script>\n<!-- \/ Yoast SEO plugin. -->","yoast_head_json":{"title":"Porodila jsem v sedmn\u00e1cti a moji rodi\u010de mi ho vzali \u2014 o 21 let pozd\u011bji vypadal m\u016fj nov\u00fd soused p\u0159esn\u011b jako m\u016fj syn -","robots":{"index":"index","follow":"follow","max-snippet":"max-snippet:-1","max-image-preview":"max-image-preview:large","max-video-preview":"max-video-preview:-1"},"canonical":"https:\/\/vendeto.am\/?p=29005","og_locale":"ru_RU","og_type":"article","og_title":"Porodila jsem v sedmn\u00e1cti a moji rodi\u010de mi ho vzali \u2014 o 21 let pozd\u011bji vypadal m\u016fj nov\u00fd soused p\u0159esn\u011b jako m\u016fj syn -","og_description":"Porodila jsem v sedmn\u00e1cti a moji rodi\u010de mi ho vzali \u2014 o 21 let pozd\u011bji vypadal m\u016fj nov\u00fd soused p\u0159esn\u011b jako m\u016fj syn.","og_url":"https:\/\/vendeto.am\/?p=29005","article_published_time":"2026-04-28T17:25:49+00:00","article_modified_time":"2026-04-28T17:25:51+00:00","og_image":[{"width":829,"height":1024,"url":"https:\/\/vendeto.am\/wp-content\/uploads\/2026\/04\/859-829x1024.png","type":"image\/png"}],"author":"admin","twitter_card":"summary_large_image","twitter_misc":{"\u041d\u0430\u043f\u0438\u0441\u0430\u043d\u043e \u0430\u0432\u0442\u043e\u0440\u043e\u043c":"admin","\u041f\u0440\u0438\u043c\u0435\u0440\u043d\u043e\u0435 \u0432\u0440\u0435\u043c\u044f \u0434\u043b\u044f \u0447\u0442\u0435\u043d\u0438\u044f":"6 \u043c\u0438\u043d\u0443\u0442"},"schema":{"@context":"https:\/\/schema.org","@graph":[{"@type":"Article","@id":"https:\/\/vendeto.am\/?p=29005#article","isPartOf":{"@id":"https:\/\/vendeto.am\/?p=29005"},"author":{"name":"admin","@id":"https:\/\/vendeto.am\/#\/schema\/person\/48a4bd89d2048190ecc61e5ce821bef7"},"headline":"Porodila jsem v sedmn\u00e1cti a moji rodi\u010de mi ho vzali \u2014 o 21 let pozd\u011bji vypadal m\u016fj nov\u00fd soused p\u0159esn\u011b jako m\u016fj syn","datePublished":"2026-04-28T17:25:49+00:00","dateModified":"2026-04-28T17:25:51+00:00","mainEntityOfPage":{"@id":"https:\/\/vendeto.am\/?p=29005"},"wordCount":1238,"commentCount":0,"image":{"@id":"https:\/\/vendeto.am\/?p=29005#primaryimage"},"thumbnailUrl":"https:\/\/vendeto.am\/wp-content\/uploads\/2026\/04\/859.png","articleSection":["SPORT"],"inLanguage":"ru-RU","potentialAction":[{"@type":"CommentAction","name":"Comment","target":["https:\/\/vendeto.am\/?p=29005#respond"]}]},{"@type":"WebPage","@id":"https:\/\/vendeto.am\/?p=29005","url":"https:\/\/vendeto.am\/?p=29005","name":"Porodila jsem v sedmn\u00e1cti a moji rodi\u010de mi ho vzali \u2014 o 21 let pozd\u011bji vypadal m\u016fj nov\u00fd soused p\u0159esn\u011b jako m\u016fj syn -","isPartOf":{"@id":"https:\/\/vendeto.am\/#website"},"primaryImageOfPage":{"@id":"https:\/\/vendeto.am\/?p=29005#primaryimage"},"image":{"@id":"https:\/\/vendeto.am\/?p=29005#primaryimage"},"thumbnailUrl":"https:\/\/vendeto.am\/wp-content\/uploads\/2026\/04\/859.png","datePublished":"2026-04-28T17:25:49+00:00","dateModified":"2026-04-28T17:25:51+00:00","author":{"@id":"https:\/\/vendeto.am\/#\/schema\/person\/48a4bd89d2048190ecc61e5ce821bef7"},"breadcrumb":{"@id":"https:\/\/vendeto.am\/?p=29005#breadcrumb"},"inLanguage":"ru-RU","potentialAction":[{"@type":"ReadAction","target":["https:\/\/vendeto.am\/?p=29005"]}]},{"@type":"ImageObject","inLanguage":"ru-RU","@id":"https:\/\/vendeto.am\/?p=29005#primaryimage","url":"https:\/\/vendeto.am\/wp-content\/uploads\/2026\/04\/859.png","contentUrl":"https:\/\/vendeto.am\/wp-content\/uploads\/2026\/04\/859.png","width":1128,"height":1394},{"@type":"BreadcrumbList","@id":"https:\/\/vendeto.am\/?p=29005#breadcrumb","itemListElement":[{"@type":"ListItem","position":1,"name":"\u0413\u043b\u0430\u0432\u043d\u0430\u044f \u0441\u0442\u0440\u0430\u043d\u0438\u0446\u0430","item":"https:\/\/vendeto.am\/"},{"@type":"ListItem","position":2,"name":"Porodila jsem v sedmn\u00e1cti a moji rodi\u010de mi ho vzali \u2014 o 21 let pozd\u011bji vypadal m\u016fj nov\u00fd soused p\u0159esn\u011b jako m\u016fj syn"}]},{"@type":"WebSite","@id":"https:\/\/vendeto.am\/#website","url":"https:\/\/vendeto.am\/","name":"","description":"","potentialAction":[{"@type":"SearchAction","target":{"@type":"EntryPoint","urlTemplate":"https:\/\/vendeto.am\/?s={search_term_string}"},"query-input":{"@type":"PropertyValueSpecification","valueRequired":true,"valueName":"search_term_string"}}],"inLanguage":"ru-RU"},{"@type":"Person","@id":"https:\/\/vendeto.am\/#\/schema\/person\/48a4bd89d2048190ecc61e5ce821bef7","name":"admin","image":{"@type":"ImageObject","inLanguage":"ru-RU","@id":"https:\/\/secure.gravatar.com\/avatar\/df64e550a0653b7be0f1bcf897f33faad9c2c8153472b2d9319beafb51370f6f?s=96&d=mm&r=g","url":"https:\/\/secure.gravatar.com\/avatar\/df64e550a0653b7be0f1bcf897f33faad9c2c8153472b2d9319beafb51370f6f?s=96&d=mm&r=g","contentUrl":"https:\/\/secure.gravatar.com\/avatar\/df64e550a0653b7be0f1bcf897f33faad9c2c8153472b2d9319beafb51370f6f?s=96&d=mm&r=g","caption":"admin"},"sameAs":["http:\/\/vendeto.am"],"url":"https:\/\/vendeto.am\/?author=1"}]}},"views":7,"_links":{"self":[{"href":"https:\/\/vendeto.am\/index.php?rest_route=\/wp\/v2\/posts\/29005","targetHints":{"allow":["GET"]}}],"collection":[{"href":"https:\/\/vendeto.am\/index.php?rest_route=\/wp\/v2\/posts"}],"about":[{"href":"https:\/\/vendeto.am\/index.php?rest_route=\/wp\/v2\/types\/post"}],"author":[{"embeddable":true,"href":"https:\/\/vendeto.am\/index.php?rest_route=\/wp\/v2\/users\/1"}],"replies":[{"embeddable":true,"href":"https:\/\/vendeto.am\/index.php?rest_route=%2Fwp%2Fv2%2Fcomments&post=29005"}],"version-history":[{"count":1,"href":"https:\/\/vendeto.am\/index.php?rest_route=\/wp\/v2\/posts\/29005\/revisions"}],"predecessor-version":[{"id":29007,"href":"https:\/\/vendeto.am\/index.php?rest_route=\/wp\/v2\/posts\/29005\/revisions\/29007"}],"wp:featuredmedia":[{"embeddable":true,"href":"https:\/\/vendeto.am\/index.php?rest_route=\/wp\/v2\/media\/29006"}],"wp:attachment":[{"href":"https:\/\/vendeto.am\/index.php?rest_route=%2Fwp%2Fv2%2Fmedia&parent=29005"}],"wp:term":[{"taxonomy":"category","embeddable":true,"href":"https:\/\/vendeto.am\/index.php?rest_route=%2Fwp%2Fv2%2Fcategories&post=29005"},{"taxonomy":"post_tag","embeddable":true,"href":"https:\/\/vendeto.am\/index.php?rest_route=%2Fwp%2Fv2%2Ftags&post=29005"}],"curies":[{"name":"wp","href":"https:\/\/api.w.org\/{rel}","templated":true}]}}