{"id":29124,"date":"2026-05-01T21:36:06","date_gmt":"2026-05-01T18:36:06","guid":{"rendered":"https:\/\/vendeto.am\/?p=29124"},"modified":"2026-05-01T21:36:08","modified_gmt":"2026-05-01T18:36:08","slug":"pozadala-aby-pred-smrti-videla-svou-dceru-a-to-co-ji-divka-poseptala-navzdy-zmenilo-jeji-osud","status":"publish","type":"post","link":"https:\/\/vendeto.am\/?p=29124","title":{"rendered":"Po\u017e\u00e1dala, aby p\u0159ed smrt\u00ed vid\u011bla svou dceru\u2026 a to, co j\u00ed d\u00edvka po\u0161eptala, nav\u017edy zm\u011bnilo jej\u00ed osud."},"content":{"rendered":"\n<p>Nikdo jin\u00fd to nesly\u0161el.<\/p>\n\n\n\n<p>Ne str\u00e1\u017ee. Ne soci\u00e1ln\u00ed pracovn\u00edk. Ani plukovn\u00edk M\u00e9ndez, kter\u00fd st\u00e1l u pootev\u0159en\u00fdch dve\u0159\u00ed s rukama zk\u0159\u00ed\u017een\u00fdma a spis m\u011bl st\u00e1le \u010derstv\u011b v pam\u011bti.<\/p>\n\n\n\n<p>Sly\u0161ela to jen Ramira.<\/p>\n\n\n\n<p>A to, co d\u00edvka \u0159ekla, bylo tak prost\u00e9 \u2014 a p\u0159itom tak nemo\u017en\u00e9 \u2014 \u017ee Ramira na okam\u017eik zapomn\u011bla d\u00fdchat.<\/p>\n\n\n\n<p>\u201eNebyla jsi to,\u201c za\u0161eptala Salom\u00e9. \u201eVid\u011bla jsem, kdo to ud\u011blal.\u201c<\/p>\n\n\n\n<p>Ramira ztuhla.<\/p>\n\n\n\n<p>Slzy j\u00ed d\u00e1l st\u00e9kaly po tv\u00e1\u0159i, ale te\u010f v sob\u011b nesly n\u011bco v\u00edc ne\u017e bolest \u2014 \u010dist\u00fd \u0161ok. P\u0159it\u00e1hla si dceru bl\u00ed\u017e, t\u0159\u00e1sla se.<\/p>\n\n\n\n<p>\u201eCo jsi to \u0159ekla, l\u00e1sko?\u201c zeptala se zlomen\u00fdm hlasem.<\/p>\n\n\n\n<p>Salom\u00e9 se sotva pohnula, jej\u00ed o\u010di byly \u0161irok\u00e9 a podivn\u011b klidn\u00e9, up\u0159en\u00e9 na matku.<\/p>\n\n\n\n<p>\u201eVid\u011bla jsem mu\u017ee s had\u00edmi hodinkami,\u201c \u0159ekla ti\u0161e. \u201eP\u0159i\u0161el zadn\u00edmi dve\u0159mi tu noc. Nebyla jsi doma, kdy\u017e dorazil.\u201c<\/p>\n\n\n\n<p>Srdce Ramiry se rozbu\u0161ilo jako o z\u00e1vod.<\/p>\n\n\n\n<p>P\u011bt let opakovala svou nevinu, dokud j\u00ed hlas neselhal. Nikdo ji neposlouchal. Nikdo se neobt\u011b\u017eoval zjistit, \u017ee ode\u0161la jen na p\u00e1r minut do obchodu \u2014 \u017ee kdy\u017e se vr\u00e1tila, dve\u0159e byly otev\u0159en\u00e9, lampa p\u0159evr\u017een\u00e1 a Esteban le\u017eel mrtv\u00fd vedle j\u00eddeln\u00edho stolu.<\/p>\n\n\n\n<p>Nikdo nev\u011b\u0159il ani jej\u00edmu vysv\u011btlen\u00ed ohledn\u011b zbran\u011b \u2014 \u017ee to byla jej\u00ed star\u00e1 pistole, kterou instinktivn\u011b popadla v panice, kdy\u017e ho na\u0161la krv\u00e1cej\u00edc\u00edho.<\/p>\n\n\n\n<p>Zbytek p\u0159\u00edb\u011bhu byl vytvo\u0159en za ni.<\/p>\n\n\n\n<p>Unaven\u00e1 \u017eena. H\u00e1dky. Finan\u010dn\u00ed probl\u00e9my. \u017d\u00e1rlivost. Slab\u00fd sv\u011bdek. A advok\u00e1t p\u0159id\u011blen\u00fd soudem, kter\u00fd to vzdal je\u0161t\u011b p\u0159ed za\u010d\u00e1tkem procesu.<\/p>\n\n\n\n<p>Ramira t\u011b\u017ece polkla.<\/p>\n\n\n\n<p>\u201eSalom\u00e9\u2026 pro\u010d jsi to nikomu ne\u0159ekla d\u0159\u00edv?\u201c<\/p>\n\n\n\n<p>D\u00edvka se pod\u00edvala na sv\u00e9 o\u0161oupan\u00e9 boty.<\/p>\n\n\n\n<p>\u201eProto\u017ee m\u011b vid\u011bl schovanou za z\u00e1v\u011bsem,\u201c za\u0161eptala. \u201e\u0158ekl, \u017ee kdy\u017e to n\u011bkomu pov\u00edm, zabij\u00ed i tebe. A teta Clara \u0159\u00edkala, \u017ee si nem\u00e1m vym\u00fd\u0161let\u2026 \u017ee je lep\u0161\u00ed zapomenout. \u0158ekla, \u017ee jsi ud\u011blala n\u011bco \u0161patn\u00e9ho.\u201c<\/p>\n\n\n\n<p>M\u00edstnost jako by se zmen\u0161ila.<\/p>\n\n\n\n<p>Chlad pronikl Ramire do t\u011bla.<\/p>\n\n\n\n<p>Clara.<\/p>\n\n\n\n<p>Estebanova sestra. Ta, kter\u00e1 p\u0159ijala Salom\u00e9. Ta, kter\u00e1 plakala u soudu. Ta, kter\u00e1 trvala na tom, \u017ee Ramira byla v\u017edy nestabiln\u00ed.<\/p>\n\n\n\n<p>Ramira sev\u0159ela tv\u00e1\u0159 sv\u00e9 dcery v spoutan\u00fdch rukou.<\/p>\n\n\n\n<p>\u201ePoslouchej m\u011b pozorn\u011b. Vid\u011bla jsi toho mu\u017ee u\u017e n\u011bkdy p\u0159edt\u00edm?\u201c<\/p>\n\n\n\n<p>Salom\u00e9 p\u0159ik\u00fdvla.<\/p>\n\n\n\n<p>\u201eAno. Dvakr\u00e1t. Jednou, kdy\u017e jsi nebyla doma, ho t\u00e1ta pustil do pracovny. P\u0159inesla jsem mu vodu. M\u011bl velk\u00e9 zlat\u00e9 hodinky s hadem.\u201c Dotkla se z\u00e1p\u011bst\u00ed. \u201eA siln\u011b von\u011bl, jako cigarety a kol\u00ednsk\u00e1. T\u00e1ta se ho b\u00e1l.\u201c<\/p>\n\n\n\n<p>U dve\u0159\u00ed plukovn\u00edk M\u00e9ndez ztuhl.<\/p>\n\n\n\n<p>N\u011bco v hlase d\u00edt\u011bte \u2014 klidn\u00e9m, jasn\u00e9m, bez dramatu \u2014 prom\u011bnilo jeho neklid v n\u011bco ost\u0159ej\u0161\u00edho.<\/p>\n\n\n\n<p>Poplach.<\/p>\n\n\n\n<p>\u201eSly\u0161ela jsi jeho jm\u00e9no?\u201c zeptala se Ramira.<\/p>\n\n\n\n<p>Salom\u00e9 zav\u0159ela o\u010di a p\u0159em\u00fd\u0161lela.<\/p>\n\n\n\n<p>\u201eT\u00e1ta mu \u0159\u00edkal \u201aadvok\u00e1t Becerra\u2018. A tu noc\u2026 sly\u0161ela jsem, jak \u0159\u00edk\u00e1: \u201a\u0158\u00edkal jsem v\u00e1m, \u017ee to nepodep\u00ed\u0161u.\u2018 Pak zazn\u011bl v\u00fdst\u0159el\u2026 a dal\u0161\u00ed.\u201c<\/p>\n\n\n\n<p>Ramira c\u00edtila, jak se j\u00ed podlamuje t\u011blo.<\/p>\n\n\n\n<figure class=\"wp-block-image size-large\"><img loading=\"lazy\" decoding=\"async\" width=\"572\" height=\"1024\" src=\"https:\/\/vendeto.am\/wp-content\/uploads\/2026\/05\/prison_mother_daughter-572x1024.png\" alt=\"\" class=\"wp-image-29125\" srcset=\"https:\/\/vendeto.am\/wp-content\/uploads\/2026\/05\/prison_mother_daughter-572x1024.png 572w, https:\/\/vendeto.am\/wp-content\/uploads\/2026\/05\/prison_mother_daughter-167x300.png 167w, https:\/\/vendeto.am\/wp-content\/uploads\/2026\/05\/prison_mother_daughter-768x1376.png 768w, https:\/\/vendeto.am\/wp-content\/uploads\/2026\/05\/prison_mother_daughter-857x1536.png 857w, https:\/\/vendeto.am\/wp-content\/uploads\/2026\/05\/prison_mother_daughter-1143x2048.png 1143w, https:\/\/vendeto.am\/wp-content\/uploads\/2026\/05\/prison_mother_daughter-scaled.png 1429w\" sizes=\"auto, (max-width: 572px) 100vw, 572px\" \/><\/figure>\n\n\n\n<p>Becerra.<\/p>\n\n\n\n<p>Esteban\u016fv advok\u00e1t. D\u016fv\u011bryhodn\u00fd spolupracovn\u00edk. \u010cast\u00fd host. Mu\u017e, kter\u00fd proti n\u00ed sv\u011bd\u010dil.<\/p>\n\n\n\n<p>M\u00e9ndez vstoupil do m\u00edstnosti.<\/p>\n\n\n\n<p>\u201e\u0158ekla to je\u0161t\u011b n\u011bkomu?\u201c zeptal se jemn\u011b.<\/p>\n\n\n\n<p>Salom\u00e9 p\u0159ik\u00fdvla. \u201eTet\u011b Cla\u0159e. Ale ta \u0159ekla, \u017ee si to vym\u00fd\u0161l\u00edm.\u201c<\/p>\n\n\n\n<p>To sta\u010dilo.<\/p>\n\n\n\n<p>B\u011bhem n\u011bkolika minut prezident na\u0159\u00eddil v\u0161e zastavit \u2014 popravu, \u0159\u00edzen\u00ed, ticho.<\/p>\n\n\n\n<p>P\u0159\u00edpad byl znovu otev\u0159en.<\/p>\n\n\n\n<p>To, co n\u00e1sledovalo, zm\u011bnilo v\u0161echno.<\/p>\n\n\n\n<p>Star\u00e9 d\u016fkazy odhalily to, co bylo p\u0159ehl\u00ed\u017eeno: jinou sadu otisk\u016f prst\u016f na zbrani, nikdy \u0159\u00e1dn\u011b neidentifikovanou. sv\u011bdka, kter\u00fd si proti\u0159e\u010dil. pozn\u00e1mku psychologa, ozna\u010denou za \u201ekontaminovan\u00e9 sv\u011bdectv\u00ed\u201c.<\/p>\n\n\n\n<p>A pak p\u0159i\u0161el okam\u017eik, kter\u00fd to zpe\u010detil.<\/p>\n\n\n\n<p>Salom\u00e9 okam\u017eit\u011b poznala Becerru z fotografick\u00e9 \u0159ady.<\/p>\n\n\n\n<p>Bez v\u00e1h\u00e1n\u00ed. Bez pochyb.<\/p>\n\n\n\n<p>Pravda tam byla celou dobu \u2014 poh\u0159ben\u00e1.<\/p>\n\n\n\n<p>Becerra byl zat\u010den p\u0159i pokusu o \u00fat\u011bk. Clara ho brzy n\u00e1sledovala.<\/p>\n\n\n\n<p>Pod tlakem se p\u0159iznala.<\/p>\n\n\n\n<p>Becerra byl zapleten\u00fd do finan\u010dn\u00edch zlo\u010din\u016f. Esteban odm\u00edtl spolupracovat. Tu noc se poh\u00e1dali. Becerra ho zast\u0159elil. Clara p\u0159i\u0161la pozd\u011bji a zvolila ml\u010den\u00ed \u2014 v\u00fdm\u011bnou za pen\u00edze.<\/p>\n\n\n\n<p>Ramirin n\u00e1vrat dom\u016f byl\u2026 vhodn\u00fd.<\/p>\n\n\n\n<p>A\u017e p\u0159\u00edli\u0161 vhodn\u00fd.<\/p>\n\n\n\n<p>O t\u0159icet osm dn\u00ed pozd\u011bji byla Ramira kone\u010dn\u011b zpro\u0161t\u011bna viny.<\/p>\n\n\n\n<p>Svoboda nep\u016fsobila jako v\u00edt\u011bzstv\u00ed.<\/p>\n\n\n\n<p>Nevr\u00e1tila ztracen\u00e9 roky. Zme\u0161kan\u00e9 narozeniny. Osam\u011bl\u00e9 noci. D\u011btstv\u00ed ukraden\u00e9 jej\u00ed dce\u0159i.<\/p>\n\n\n\n<p>Dala j\u00ed jen \u0161anci za\u010d\u00edt znovu.<\/p>\n\n\n\n<p>P\u0159ed branou v\u011bznice se Salom\u00e9 rozb\u011bhla do jej\u00ed n\u00e1ru\u010de.<\/p>\n\n\n\n<p>\u201eJe to konec,\u201c za\u0161eptala d\u00edvka.<\/p>\n\n\n\n<p>Ramira zav\u0159ela o\u010di.<\/p>\n\n\n\n<p>\u201eNe, l\u00e1sko,\u201c \u0159ekla ti\u0161e. \u201eTo teprve za\u010d\u00edn\u00e1.\u201c<\/p>\n\n\n\n<p>O n\u011bkolik m\u011bs\u00edc\u016f pozd\u011bji, v mal\u00e9 kuchyni jejich pronajat\u00e9ho bytu, k n\u00ed Salom\u00e9 znovu p\u0159i\u0161la a za\u0161eptala:<\/p>\n\n\n\n<p>\u201e\u0158ekla jsem pravdu\u2026 a to t\u011b zachr\u00e1nilo.\u201c<\/p>\n\n\n\n<p>Ramira se slab\u011b usm\u00e1la a p\u0159it\u00e1hla si ji bl\u00ed\u017e.<\/p>\n\n\n\n<p>\u201eNe,\u201c \u0159ekla a pol\u00edbila ji na \u010delo. \u201ePravda m\u011b nezachr\u00e1nila. Zachr\u00e1nila jsi m\u011b ty \u2014 t\u00edm, \u017ee jsi m\u011bla dost odvahy ji \u0159\u00edct.\u201c<\/p>\n\n\n\n<p>A to byl ten rozd\u00edl.<\/p>\n\n\n\n<p>Proto\u017ee to, co skute\u010dn\u011b zm\u011bnilo Ramirin osud, nebyla jen vzpom\u00ednka na hodinky ve tvaru hada.<\/p>\n\n\n\n<p>Bylo to to, \u017ee ve sv\u011bt\u011b, kde dosp\u011bl\u00ed volili ml\u010den\u00ed, p\u0159ekrucov\u00e1n\u00ed a pohodlnost \u2014<\/p>\n\n\n\n<p>se osmilet\u00e1 d\u00edvka rozhodla \u0159\u00edct pravdu.<\/p>\n","protected":false},"excerpt":{"rendered":"Nikdo jin\u00fd to nesly\u0161el. Ne str\u00e1\u017ee. Ne soci\u00e1ln\u00ed pracovn\u00edk. Ani plukovn\u00edk M\u00e9ndez, kter\u00fd st\u00e1l u pootev\u0159en\u00fdch dve\u0159\u00ed s rukama zk\u0159\u00ed\u017een\u00fdma a spis m\u011bl \n<a class=\"moretag\" href=\"https:\/\/vendeto.am\/?p=29124\"> [...]<\/a>","protected":false},"author":1,"featured_media":29125,"comment_status":"open","ping_status":"open","sticky":false,"template":"","format":"standard","meta":{"footnotes":""},"categories":[2],"tags":[],"class_list":["post-29124","post","type-post","status-publish","format-standard","has-post-thumbnail","hentry","category-sport"],"yoast_head":"<!-- This site is optimized with the Yoast SEO plugin v27.5 - https:\/\/yoast.com\/product\/yoast-seo-wordpress\/ -->\n<title>Po\u017e\u00e1dala, aby p\u0159ed smrt\u00ed vid\u011bla svou dceru\u2026 a to, co j\u00ed d\u00edvka po\u0161eptala, nav\u017edy zm\u011bnilo jej\u00ed osud. -<\/title>\n<meta name=\"robots\" content=\"index, follow, max-snippet:-1, max-image-preview:large, max-video-preview:-1\" \/>\n<link rel=\"canonical\" href=\"https:\/\/vendeto.am\/?p=29124\" \/>\n<meta property=\"og:locale\" content=\"ru_RU\" \/>\n<meta property=\"og:type\" content=\"article\" \/>\n<meta property=\"og:title\" content=\"Po\u017e\u00e1dala, aby p\u0159ed smrt\u00ed vid\u011bla svou dceru\u2026 a to, co j\u00ed d\u00edvka po\u0161eptala, nav\u017edy zm\u011bnilo jej\u00ed osud. -\" \/>\n<meta property=\"og:description\" content=\"Nikdo jin\u00fd to nesly\u0161el. Ne str\u00e1\u017ee. Ne soci\u00e1ln\u00ed pracovn\u00edk. Ani plukovn\u00edk M\u00e9ndez, kter\u00fd st\u00e1l u pootev\u0159en\u00fdch dve\u0159\u00ed s rukama zk\u0159\u00ed\u017een\u00fdma a spis m\u011bl\" \/>\n<meta property=\"og:url\" content=\"https:\/\/vendeto.am\/?p=29124\" \/>\n<meta property=\"article:published_time\" content=\"2026-05-01T18:36:06+00:00\" \/>\n<meta property=\"article:modified_time\" content=\"2026-05-01T18:36:08+00:00\" \/>\n<meta property=\"og:image\" content=\"https:\/\/vendeto.am\/wp-content\/uploads\/2026\/05\/prison_mother_daughter-572x1024.png\" \/>\n\t<meta property=\"og:image:width\" content=\"572\" \/>\n\t<meta property=\"og:image:height\" content=\"1024\" \/>\n\t<meta property=\"og:image:type\" content=\"image\/png\" \/>\n<meta name=\"author\" content=\"admin\" \/>\n<meta name=\"twitter:card\" content=\"summary_large_image\" \/>\n<meta name=\"twitter:label1\" content=\"\u041d\u0430\u043f\u0438\u0441\u0430\u043d\u043e \u0430\u0432\u0442\u043e\u0440\u043e\u043c\" \/>\n\t<meta name=\"twitter:data1\" content=\"admin\" \/>\n\t<meta name=\"twitter:label2\" content=\"\u041f\u0440\u0438\u043c\u0435\u0440\u043d\u043e\u0435 \u0432\u0440\u0435\u043c\u044f \u0434\u043b\u044f \u0447\u0442\u0435\u043d\u0438\u044f\" \/>\n\t<meta name=\"twitter:data2\" content=\"5 \u043c\u0438\u043d\u0443\u0442\" \/>\n<script type=\"application\/ld+json\" class=\"yoast-schema-graph\">{\"@context\":\"https:\\\/\\\/schema.org\",\"@graph\":[{\"@type\":\"Article\",\"@id\":\"https:\\\/\\\/vendeto.am\\\/?p=29124#article\",\"isPartOf\":{\"@id\":\"https:\\\/\\\/vendeto.am\\\/?p=29124\"},\"author\":{\"name\":\"admin\",\"@id\":\"https:\\\/\\\/vendeto.am\\\/#\\\/schema\\\/person\\\/48a4bd89d2048190ecc61e5ce821bef7\"},\"headline\":\"Po\u017e\u00e1dala, aby p\u0159ed smrt\u00ed vid\u011bla svou dceru\u2026 a to, co j\u00ed d\u00edvka po\u0161eptala, nav\u017edy zm\u011bnilo jej\u00ed osud.\",\"datePublished\":\"2026-05-01T18:36:06+00:00\",\"dateModified\":\"2026-05-01T18:36:08+00:00\",\"mainEntityOfPage\":{\"@id\":\"https:\\\/\\\/vendeto.am\\\/?p=29124\"},\"wordCount\":1010,\"commentCount\":0,\"image\":{\"@id\":\"https:\\\/\\\/vendeto.am\\\/?p=29124#primaryimage\"},\"thumbnailUrl\":\"https:\\\/\\\/vendeto.am\\\/wp-content\\\/uploads\\\/2026\\\/05\\\/prison_mother_daughter-scaled.png\",\"articleSection\":[\"SPORT\"],\"inLanguage\":\"ru-RU\",\"potentialAction\":[{\"@type\":\"CommentAction\",\"name\":\"Comment\",\"target\":[\"https:\\\/\\\/vendeto.am\\\/?p=29124#respond\"]}]},{\"@type\":\"WebPage\",\"@id\":\"https:\\\/\\\/vendeto.am\\\/?p=29124\",\"url\":\"https:\\\/\\\/vendeto.am\\\/?p=29124\",\"name\":\"Po\u017e\u00e1dala, aby p\u0159ed smrt\u00ed vid\u011bla svou dceru\u2026 a to, co j\u00ed d\u00edvka po\u0161eptala, nav\u017edy zm\u011bnilo jej\u00ed osud. -\",\"isPartOf\":{\"@id\":\"https:\\\/\\\/vendeto.am\\\/#website\"},\"primaryImageOfPage\":{\"@id\":\"https:\\\/\\\/vendeto.am\\\/?p=29124#primaryimage\"},\"image\":{\"@id\":\"https:\\\/\\\/vendeto.am\\\/?p=29124#primaryimage\"},\"thumbnailUrl\":\"https:\\\/\\\/vendeto.am\\\/wp-content\\\/uploads\\\/2026\\\/05\\\/prison_mother_daughter-scaled.png\",\"datePublished\":\"2026-05-01T18:36:06+00:00\",\"dateModified\":\"2026-05-01T18:36:08+00:00\",\"author\":{\"@id\":\"https:\\\/\\\/vendeto.am\\\/#\\\/schema\\\/person\\\/48a4bd89d2048190ecc61e5ce821bef7\"},\"breadcrumb\":{\"@id\":\"https:\\\/\\\/vendeto.am\\\/?p=29124#breadcrumb\"},\"inLanguage\":\"ru-RU\",\"potentialAction\":[{\"@type\":\"ReadAction\",\"target\":[\"https:\\\/\\\/vendeto.am\\\/?p=29124\"]}]},{\"@type\":\"ImageObject\",\"inLanguage\":\"ru-RU\",\"@id\":\"https:\\\/\\\/vendeto.am\\\/?p=29124#primaryimage\",\"url\":\"https:\\\/\\\/vendeto.am\\\/wp-content\\\/uploads\\\/2026\\\/05\\\/prison_mother_daughter-scaled.png\",\"contentUrl\":\"https:\\\/\\\/vendeto.am\\\/wp-content\\\/uploads\\\/2026\\\/05\\\/prison_mother_daughter-scaled.png\",\"width\":1429,\"height\":2560},{\"@type\":\"BreadcrumbList\",\"@id\":\"https:\\\/\\\/vendeto.am\\\/?p=29124#breadcrumb\",\"itemListElement\":[{\"@type\":\"ListItem\",\"position\":1,\"name\":\"\u0413\u043b\u0430\u0432\u043d\u0430\u044f \u0441\u0442\u0440\u0430\u043d\u0438\u0446\u0430\",\"item\":\"https:\\\/\\\/vendeto.am\\\/\"},{\"@type\":\"ListItem\",\"position\":2,\"name\":\"Po\u017e\u00e1dala, aby p\u0159ed smrt\u00ed vid\u011bla svou dceru\u2026 a to, co j\u00ed d\u00edvka po\u0161eptala, nav\u017edy zm\u011bnilo jej\u00ed osud.\"}]},{\"@type\":\"WebSite\",\"@id\":\"https:\\\/\\\/vendeto.am\\\/#website\",\"url\":\"https:\\\/\\\/vendeto.am\\\/\",\"name\":\"\",\"description\":\"\",\"potentialAction\":[{\"@type\":\"SearchAction\",\"target\":{\"@type\":\"EntryPoint\",\"urlTemplate\":\"https:\\\/\\\/vendeto.am\\\/?s={search_term_string}\"},\"query-input\":{\"@type\":\"PropertyValueSpecification\",\"valueRequired\":true,\"valueName\":\"search_term_string\"}}],\"inLanguage\":\"ru-RU\"},{\"@type\":\"Person\",\"@id\":\"https:\\\/\\\/vendeto.am\\\/#\\\/schema\\\/person\\\/48a4bd89d2048190ecc61e5ce821bef7\",\"name\":\"admin\",\"image\":{\"@type\":\"ImageObject\",\"inLanguage\":\"ru-RU\",\"@id\":\"https:\\\/\\\/secure.gravatar.com\\\/avatar\\\/df64e550a0653b7be0f1bcf897f33faad9c2c8153472b2d9319beafb51370f6f?s=96&d=mm&r=g\",\"url\":\"https:\\\/\\\/secure.gravatar.com\\\/avatar\\\/df64e550a0653b7be0f1bcf897f33faad9c2c8153472b2d9319beafb51370f6f?s=96&d=mm&r=g\",\"contentUrl\":\"https:\\\/\\\/secure.gravatar.com\\\/avatar\\\/df64e550a0653b7be0f1bcf897f33faad9c2c8153472b2d9319beafb51370f6f?s=96&d=mm&r=g\",\"caption\":\"admin\"},\"sameAs\":[\"http:\\\/\\\/vendeto.am\"],\"url\":\"https:\\\/\\\/vendeto.am\\\/?author=1\"}]}<\/script>\n<!-- \/ Yoast SEO plugin. -->","yoast_head_json":{"title":"Po\u017e\u00e1dala, aby p\u0159ed smrt\u00ed vid\u011bla svou dceru\u2026 a to, co j\u00ed d\u00edvka po\u0161eptala, nav\u017edy zm\u011bnilo jej\u00ed osud. -","robots":{"index":"index","follow":"follow","max-snippet":"max-snippet:-1","max-image-preview":"max-image-preview:large","max-video-preview":"max-video-preview:-1"},"canonical":"https:\/\/vendeto.am\/?p=29124","og_locale":"ru_RU","og_type":"article","og_title":"Po\u017e\u00e1dala, aby p\u0159ed smrt\u00ed vid\u011bla svou dceru\u2026 a to, co j\u00ed d\u00edvka po\u0161eptala, nav\u017edy zm\u011bnilo jej\u00ed osud. -","og_description":"Nikdo jin\u00fd to nesly\u0161el. Ne str\u00e1\u017ee. Ne soci\u00e1ln\u00ed pracovn\u00edk. Ani plukovn\u00edk M\u00e9ndez, kter\u00fd st\u00e1l u pootev\u0159en\u00fdch dve\u0159\u00ed s rukama zk\u0159\u00ed\u017een\u00fdma a spis m\u011bl","og_url":"https:\/\/vendeto.am\/?p=29124","article_published_time":"2026-05-01T18:36:06+00:00","article_modified_time":"2026-05-01T18:36:08+00:00","og_image":[{"width":572,"height":1024,"url":"https:\/\/vendeto.am\/wp-content\/uploads\/2026\/05\/prison_mother_daughter-572x1024.png","type":"image\/png"}],"author":"admin","twitter_card":"summary_large_image","twitter_misc":{"\u041d\u0430\u043f\u0438\u0441\u0430\u043d\u043e \u0430\u0432\u0442\u043e\u0440\u043e\u043c":"admin","\u041f\u0440\u0438\u043c\u0435\u0440\u043d\u043e\u0435 \u0432\u0440\u0435\u043c\u044f \u0434\u043b\u044f \u0447\u0442\u0435\u043d\u0438\u044f":"5 \u043c\u0438\u043d\u0443\u0442"},"schema":{"@context":"https:\/\/schema.org","@graph":[{"@type":"Article","@id":"https:\/\/vendeto.am\/?p=29124#article","isPartOf":{"@id":"https:\/\/vendeto.am\/?p=29124"},"author":{"name":"admin","@id":"https:\/\/vendeto.am\/#\/schema\/person\/48a4bd89d2048190ecc61e5ce821bef7"},"headline":"Po\u017e\u00e1dala, aby p\u0159ed smrt\u00ed vid\u011bla svou dceru\u2026 a to, co j\u00ed d\u00edvka po\u0161eptala, nav\u017edy zm\u011bnilo jej\u00ed osud.","datePublished":"2026-05-01T18:36:06+00:00","dateModified":"2026-05-01T18:36:08+00:00","mainEntityOfPage":{"@id":"https:\/\/vendeto.am\/?p=29124"},"wordCount":1010,"commentCount":0,"image":{"@id":"https:\/\/vendeto.am\/?p=29124#primaryimage"},"thumbnailUrl":"https:\/\/vendeto.am\/wp-content\/uploads\/2026\/05\/prison_mother_daughter-scaled.png","articleSection":["SPORT"],"inLanguage":"ru-RU","potentialAction":[{"@type":"CommentAction","name":"Comment","target":["https:\/\/vendeto.am\/?p=29124#respond"]}]},{"@type":"WebPage","@id":"https:\/\/vendeto.am\/?p=29124","url":"https:\/\/vendeto.am\/?p=29124","name":"Po\u017e\u00e1dala, aby p\u0159ed smrt\u00ed vid\u011bla svou dceru\u2026 a to, co j\u00ed d\u00edvka po\u0161eptala, nav\u017edy zm\u011bnilo jej\u00ed osud. -","isPartOf":{"@id":"https:\/\/vendeto.am\/#website"},"primaryImageOfPage":{"@id":"https:\/\/vendeto.am\/?p=29124#primaryimage"},"image":{"@id":"https:\/\/vendeto.am\/?p=29124#primaryimage"},"thumbnailUrl":"https:\/\/vendeto.am\/wp-content\/uploads\/2026\/05\/prison_mother_daughter-scaled.png","datePublished":"2026-05-01T18:36:06+00:00","dateModified":"2026-05-01T18:36:08+00:00","author":{"@id":"https:\/\/vendeto.am\/#\/schema\/person\/48a4bd89d2048190ecc61e5ce821bef7"},"breadcrumb":{"@id":"https:\/\/vendeto.am\/?p=29124#breadcrumb"},"inLanguage":"ru-RU","potentialAction":[{"@type":"ReadAction","target":["https:\/\/vendeto.am\/?p=29124"]}]},{"@type":"ImageObject","inLanguage":"ru-RU","@id":"https:\/\/vendeto.am\/?p=29124#primaryimage","url":"https:\/\/vendeto.am\/wp-content\/uploads\/2026\/05\/prison_mother_daughter-scaled.png","contentUrl":"https:\/\/vendeto.am\/wp-content\/uploads\/2026\/05\/prison_mother_daughter-scaled.png","width":1429,"height":2560},{"@type":"BreadcrumbList","@id":"https:\/\/vendeto.am\/?p=29124#breadcrumb","itemListElement":[{"@type":"ListItem","position":1,"name":"\u0413\u043b\u0430\u0432\u043d\u0430\u044f \u0441\u0442\u0440\u0430\u043d\u0438\u0446\u0430","item":"https:\/\/vendeto.am\/"},{"@type":"ListItem","position":2,"name":"Po\u017e\u00e1dala, aby p\u0159ed smrt\u00ed vid\u011bla svou dceru\u2026 a to, co j\u00ed d\u00edvka po\u0161eptala, nav\u017edy zm\u011bnilo jej\u00ed osud."}]},{"@type":"WebSite","@id":"https:\/\/vendeto.am\/#website","url":"https:\/\/vendeto.am\/","name":"","description":"","potentialAction":[{"@type":"SearchAction","target":{"@type":"EntryPoint","urlTemplate":"https:\/\/vendeto.am\/?s={search_term_string}"},"query-input":{"@type":"PropertyValueSpecification","valueRequired":true,"valueName":"search_term_string"}}],"inLanguage":"ru-RU"},{"@type":"Person","@id":"https:\/\/vendeto.am\/#\/schema\/person\/48a4bd89d2048190ecc61e5ce821bef7","name":"admin","image":{"@type":"ImageObject","inLanguage":"ru-RU","@id":"https:\/\/secure.gravatar.com\/avatar\/df64e550a0653b7be0f1bcf897f33faad9c2c8153472b2d9319beafb51370f6f?s=96&d=mm&r=g","url":"https:\/\/secure.gravatar.com\/avatar\/df64e550a0653b7be0f1bcf897f33faad9c2c8153472b2d9319beafb51370f6f?s=96&d=mm&r=g","contentUrl":"https:\/\/secure.gravatar.com\/avatar\/df64e550a0653b7be0f1bcf897f33faad9c2c8153472b2d9319beafb51370f6f?s=96&d=mm&r=g","caption":"admin"},"sameAs":["http:\/\/vendeto.am"],"url":"https:\/\/vendeto.am\/?author=1"}]}},"views":14,"_links":{"self":[{"href":"https:\/\/vendeto.am\/index.php?rest_route=\/wp\/v2\/posts\/29124","targetHints":{"allow":["GET"]}}],"collection":[{"href":"https:\/\/vendeto.am\/index.php?rest_route=\/wp\/v2\/posts"}],"about":[{"href":"https:\/\/vendeto.am\/index.php?rest_route=\/wp\/v2\/types\/post"}],"author":[{"embeddable":true,"href":"https:\/\/vendeto.am\/index.php?rest_route=\/wp\/v2\/users\/1"}],"replies":[{"embeddable":true,"href":"https:\/\/vendeto.am\/index.php?rest_route=%2Fwp%2Fv2%2Fcomments&post=29124"}],"version-history":[{"count":1,"href":"https:\/\/vendeto.am\/index.php?rest_route=\/wp\/v2\/posts\/29124\/revisions"}],"predecessor-version":[{"id":29126,"href":"https:\/\/vendeto.am\/index.php?rest_route=\/wp\/v2\/posts\/29124\/revisions\/29126"}],"wp:featuredmedia":[{"embeddable":true,"href":"https:\/\/vendeto.am\/index.php?rest_route=\/wp\/v2\/media\/29125"}],"wp:attachment":[{"href":"https:\/\/vendeto.am\/index.php?rest_route=%2Fwp%2Fv2%2Fmedia&parent=29124"}],"wp:term":[{"taxonomy":"category","embeddable":true,"href":"https:\/\/vendeto.am\/index.php?rest_route=%2Fwp%2Fv2%2Fcategories&post=29124"},{"taxonomy":"post_tag","embeddable":true,"href":"https:\/\/vendeto.am\/index.php?rest_route=%2Fwp%2Fv2%2Ftags&post=29124"}],"curies":[{"name":"wp","href":"https:\/\/api.w.org\/{rel}","templated":true}]}}