{"id":29127,"date":"2026-05-01T21:37:02","date_gmt":"2026-05-01T18:37:02","guid":{"rendered":"https:\/\/vendeto.am\/?p=29127"},"modified":"2026-05-01T21:37:04","modified_gmt":"2026-05-01T18:37:04","slug":"usila-jsem-si-plesove-saty-z-pracovnich-kosil-sveho-otce-abych-ho-uctila-spoluzaci-se-mi-posmivali-dokud-si-reditel-nevzal-slovo-a-cely-sal-neztichl","status":"publish","type":"post","link":"https:\/\/vendeto.am\/?p=29127","title":{"rendered":"U\u0161ila jsem si plesov\u00e9 \u0161aty z pracovn\u00edch ko\u0161il sv\u00e9ho otce, abych ho uctila \u2014 spolu\u017e\u00e1ci se mi posm\u00edvali, dokud si \u0159editel nevzal slovo a cel\u00fd s\u00e1l neztichl."},"content":{"rendered":"\n<p>M\u016fj t\u00e1ta pracoval jako \u0161koln\u00edk na m\u00e9 \u0161kole a cel\u00e9 roky se mu kv\u016fli tomu spolu\u017e\u00e1ci posm\u00edvali. Kdy\u017e p\u00e1r t\u00fddn\u016f p\u0159ed plesem zem\u0159el, rozhodla jsem se u\u0161\u00edt si \u0161aty z jeho star\u00fdch pracovn\u00edch ko\u0161il, aby byl alespo\u0148 kousek z n\u011bj se mnou tu noc.<\/p>\n\n\n\n<p>Kdy\u017e jsem vstoupila do s\u00e1lu, lid\u00e9 se sm\u00e1li. Ale pot\u00e9, co si \u0159editel vzal mikrofon a \u0159ekl v\u0161em pravdu o m\u00e9m otci, sm\u00edch zmizel.<\/p>\n\n\n\n<p>V\u017edy jsme byli jen my dva \u2014 j\u00e1 a t\u00e1ta. M\u00e1ma zem\u0159ela v den, kdy jsem se narodila, tak\u017ee m\u011b otec, Johnny, vychoval s\u00e1m. D\u011blal v\u0161echno: chystal mi sva\u010dinu, ne\u017e ode\u0161el do pr\u00e1ce, ka\u017edou ned\u011bli r\u00e1no d\u011blal pala\u010dinky a dokonce se nau\u010dil pl\u00e9st cop\u00e1nky podle online vide\u00ed, kdy\u017e jsem byla mal\u00e1.<\/p>\n\n\n\n<p>Pracoval tak\u00e9 jako \u0161koln\u00edk na stejn\u00e9 \u0161kole, kam jsem chodila. To znamenalo, \u017ee jsem vyr\u016fstala s \u0161eptem kolem sebe.<\/p>\n\n\n\n<p>\u201eTo je dcera \u0161koln\u00edka.\u201c<br>\u201eJej\u00ed t\u00e1ta \u010dist\u00ed z\u00e1chody.\u201c<\/p>\n\n\n\n<p>Nikdy jsem p\u0159ed nimi neplakala. Po\u010dkala jsem a\u017e dom\u016f.<\/p>\n\n\n\n<p>T\u00e1ta to n\u011bjak v\u017edy poznal. U ve\u010de\u0159e p\u0159ede m\u011b postavil tal\u00ed\u0159 a \u0159ekl:<br>\u201eV\u00ed\u0161, co si mysl\u00edm o lidech, kte\u0159\u00ed se sna\u017e\u00ed c\u00edtit velc\u00ed t\u00edm, \u017ee zmen\u0161uj\u00ed n\u011bkoho jin\u00e9ho?\u201c<\/p>\n\n\n\n<p>\u201eCo?\u201c ptala jsem se a sna\u017eila se nerozbre\u010det.<\/p>\n\n\n\n<p>\u201eMoc ne, zlat\u00ed\u010dko. V\u016fbec nic.\u201c<\/p>\n\n\n\n<p>A n\u011bjak to v\u017edy trochu pomohlo.<\/p>\n\n\n\n<p>T\u00e1ta \u0159\u00edkal, \u017ee poctiv\u00e1 pr\u00e1ce je d\u016fvod k hrdosti. V\u011b\u0159ila jsem mu. Ve druh\u00e1ku jsem si potichu sl\u00edbila, \u017ee budu pracovat tak tvrd\u011b, abych na n\u011bj byla hrd\u00e1 a dok\u00e1zala, \u017ee se v\u0161ichni m\u00fdl\u00ed.<\/p>\n\n\n\n<p>Minul\u00fd rok se v\u0161echno zm\u011bnilo. T\u00e1tovi diagnostikovali rakovinu.<\/p>\n\n\n\n<p>I potom chodil do pr\u00e1ce tak dlouho, jak mu to l\u00e9ka\u0159i dovolili \u2014 vlastn\u011b d\u00e9le, ne\u017e doporu\u010dovali. N\u011bkdy jsem ho vid\u011bla op\u0159en\u00e9ho o sk\u0159\u00ed\u0148 s pom\u016fckami, \u00fapln\u011b vy\u010derpan\u00e9ho, ale jakmile si m\u011b v\u0161iml, narovnal se a usm\u00e1l.<\/p>\n\n\n\n<p>\u201eNed\u00edvej se na m\u011b tak,\u201c \u0159\u00edkal. \u201eJsem v po\u0159\u00e1dku.\u201c<\/p>\n\n\n\n<p>Ale oba jsme v\u011bd\u011bli, \u017ee nen\u00ed.<\/p>\n\n\n\n<p>Jednou ve\u010der u kuchy\u0148sk\u00e9ho stolu ti\u0161e \u0159ekl:<br>\u201ePot\u0159ebuju se jen do\u017e\u00edt tv\u00e9ho plesu\u2026 a maturity. Chci t\u011b vid\u011bt oble\u010denou, jak odch\u00e1z\u00ed\u0161 ze dve\u0159\u00ed, jako by ti pat\u0159il sv\u011bt.\u201c<\/p>\n\n\n\n<p>\u201eUvid\u00ed\u0161 je\u0161t\u011b mnohem v\u00edc,\u201c sl\u00edbila jsem.<\/p>\n\n\n\n<p>Ale p\u00e1r m\u011bs\u00edc\u016f p\u0159ed plesem ho rakovina p\u0159ipravila o \u017eivot. Zem\u0159el d\u0159\u00edv, ne\u017e jsem dorazila do nemocnice.<\/p>\n\n\n\n<p>Pamatuji si, jak jsem st\u00e1la na \u0161koln\u00ed chodb\u011b, kdy\u017e mi zavolali. Batoh jsem m\u011bla je\u0161t\u011b na z\u00e1dech. D\u00edvala jsem se na lesklou podlahu a myslela na to, jak p\u0159esn\u011b takovou t\u00e1ta ka\u017ed\u00fd den le\u0161til.<\/p>\n\n\n\n<p>Od t\u00e9 chv\u00edle bylo v\u0161echno rozmazan\u00e9.<\/p>\n\n\n\n<p>T\u00fdden po poh\u0159bu jsem se p\u0159est\u011bhovala k tet\u011b. Jej\u00ed pokoj pro hosty von\u011bl cedrem a prac\u00edm pr\u00e1\u0161kem \u2014 v\u016fbec ne jako domov, kter\u00fd jsem sd\u00edlela s t\u00e1tou.<\/p>\n\n\n\n<p>Pak p\u0159i\u0161la plesov\u00e1 sez\u00f3na.<\/p>\n\n\n\n<p>Najednou v\u0161ichni mluvili o \u0161atech \u2014 zna\u010dkov\u00fdch, drah\u00fdch, z butik\u016f. N\u011bkter\u00e9 st\u00e1ly v\u00edc, ne\u017e t\u00e1ta vyd\u011blal za m\u011bs\u00edc.<\/p>\n\n\n\n<p>C\u00edtila jsem se od toho v\u0161eho \u00fapln\u011b odpojen\u00e1.<\/p>\n\n\n\n<p>Ples byl v\u017edy n\u011bco, co jsme si s t\u00e1tou p\u0159edstavovali spolu \u2014 jak sch\u00e1z\u00edm ze schod\u016f, zat\u00edmco on d\u011bl\u00e1 p\u0159\u00edli\u0161 mnoho fotek.<\/p>\n\n\n\n<p>Bez n\u011bj to nebylo ono.<\/p>\n\n\n\n<p>Jednoho ve\u010dera jsem otev\u0159ela krabi\u010dku s jeho v\u011bcmi z nemocnice: pen\u011b\u017eenku, praskl\u00e9 hodinky a dole pe\u010dliv\u011b slo\u017een\u00e9 jeho pracovn\u00ed ko\u0161ile.<\/p>\n\n\n\n<figure class=\"wp-block-image size-full\"><img loading=\"lazy\" decoding=\"async\" width=\"700\" height=\"853\" src=\"https:\/\/vendeto.am\/wp-content\/uploads\/2026\/05\/245.png\" alt=\"\" class=\"wp-image-29128\" srcset=\"https:\/\/vendeto.am\/wp-content\/uploads\/2026\/05\/245.png 700w, https:\/\/vendeto.am\/wp-content\/uploads\/2026\/05\/245-246x300.png 246w\" sizes=\"auto, (max-width: 700px) 100vw, 700px\" \/><\/figure>\n\n\n\n<p>Modr\u00e1. \u0160ed\u00e1. A vybledl\u00e1 zelen\u00e1, kterou jsem si pamatovala z d\u0159\u00edv\u011bj\u0161ka.<\/p>\n\n\n\n<p>T\u00e1ta \u017eertoval, \u017ee jeho sk\u0159\u00ed\u0148 obsahuje jen tyhle ko\u0161ile.<\/p>\n\n\n\n<p>\u201eMu\u017e, kter\u00fd v\u00ed, co pot\u0159ebuje, nepot\u0159ebuje v\u00edc,\u201c \u0159\u00edk\u00e1val.<\/p>\n\n\n\n<p>Dr\u017eela jsem jednu z nich dlouho v rukou.<\/p>\n\n\n\n<p>A tehdy m\u011b to napadlo.<\/p>\n\n\n\n<p>Kdy\u017e t\u00e1ta nem\u016f\u017ee p\u0159ij\u00edt na ples, vezmu ho tam s sebou.<\/p>\n\n\n\n<p>Kdy\u017e jsem to \u0159ekla tet\u011b, nezasm\u00e1la se ani m\u011b nepova\u017eovala za divnou.<\/p>\n\n\n\n<p>\u201eSotva um\u00edm \u0161\u00edt,\u201c p\u0159iznala jsem.<\/p>\n\n\n\n<p>\u201eTo nevad\u00ed,\u201c \u0159ekla. \u201eNau\u010d\u00edm t\u011b.\u201c<\/p>\n\n\n\n<p>Ten v\u00edkend jsme rozlo\u017eily t\u00e1tovy ko\u0161ile po kuchy\u0148sk\u00e9m stole a otev\u0159ely jeho starou \u0161ic\u00ed sadu.<\/p>\n\n\n\n<p>\u0160aty n\u00e1m zabraly mnohem v\u00edc \u010dasu, ne\u017e jsme \u010dekaly. Dvakr\u00e1t jsem l\u00e1tku \u0161patn\u011b ust\u0159ihla. Jednou jsem musela cel\u00fd kus vyp\u00e1rat a za\u010d\u00edt znovu.<\/p>\n\n\n\n<p>Teta st\u00e1la po m\u00e9m boku celou dobu, trp\u011bliv\u011b vedla m\u00e9 ruce.<\/p>\n\n\n\n<p>N\u011bkter\u00e9 ve\u010dery jsem p\u0159i \u0161it\u00ed potichu plakala. Jindy jsem mluvila nahlas s t\u00e1tou, jako by m\u011b sly\u0161el.<\/p>\n\n\n\n<p>Ka\u017ed\u00fd kus l\u00e1tky nesl vzpom\u00ednku.<\/p>\n\n\n\n<p>Modr\u00e1 ko\u0161ile z m\u00e9ho prvn\u00edho dne na st\u0159edn\u00ed, kdy mi \u0159ekl, \u017ee budu skv\u011bl\u00e1, i kdy\u017e jsem m\u011bla strach.<\/p>\n\n\n\n<p>Vybledl\u00e1 zelen\u00e1 z dne, kdy b\u011b\u017eel vedle m\u00e9ho kola, kdy\u017e jsem se u\u010dila jezdit.<\/p>\n\n\n\n<p>\u0160ed\u00e1, kterou m\u011bl na sob\u011b, kdy\u017e m\u011b objal po nejhor\u0161\u00edm dni prv\u00e1ku, ani\u017e by se na cokoliv ptal.<\/p>\n\n\n\n<p>Postupn\u011b se \u0161aty staly sb\u00edrkou t\u011bchto vzpom\u00ednek.<\/p>\n\n\n\n<p>Ve\u010der p\u0159ed plesem byly hotov\u00e9.<\/p>\n\n\n\n<p>Kdy\u017e jsem se na sebe pod\u00edvala do zrcadla, v\u011bd\u011bla jsem, \u017ee to nejsou zna\u010dkov\u00e9 \u0161aty. Ale byly z barev, kter\u00e9 t\u00e1ta nosil cel\u00e9 roky, a perfektn\u011b mi sed\u011bly.<\/p>\n\n\n\n<p>Poprv\u00e9 od jeho smrti jsem se nec\u00edtila pr\u00e1zdn\u00e1.<\/p>\n\n\n\n<p>P\u0159i\u0161la plesov\u00e1 noc.<\/p>\n\n\n\n<p>S\u00e1l z\u00e1\u0159il sv\u011btly a hudbou. Studenti se sm\u00e1li a fotili.<\/p>\n\n\n\n<p>\u0160ept\u00e1n\u00ed za\u010dalo t\u00e9m\u011b\u0159 okam\u017eit\u011b.<\/p>\n\n\n\n<p>Jedna d\u00edvka u dve\u0159\u00ed \u0159ekla nahlas:<br>\u201eTy \u0161aty jsou ze star\u00fdch hadr\u016f \u0161koln\u00edka?\u201c<\/p>\n\n\n\n<p>Chlapec vedle n\u00ed se zasm\u00e1l:<br>\u201eAsi jo. To nos\u00ed\u0161, kdy\u017e si nem\u016f\u017ee\u0161 dovolit skute\u010dn\u00e9 \u0161aty.\u201c<\/p>\n\n\n\n<p>Sm\u00edch se roz\u0161\u00ed\u0159il.<\/p>\n\n\n\n<p>C\u00edtila jsem, jak mi ho\u0159\u00ed tv\u00e1\u0159.<\/p>\n\n\n\n<p>\u201eTy \u0161aty jsou z ko\u0161il m\u00e9ho otce,\u201c \u0159ekla jsem ti\u0161e. \u201eP\u0159ed p\u00e1r m\u011bs\u00edci zem\u0159el. Cht\u011bla jsem ho t\u00edm uct\u00edt.\u201c<\/p>\n\n\n\n<p>Na chv\u00edli bylo ticho.<\/p>\n\n\n\n<p>Pak n\u011bkdo proto\u010dil o\u010di.<br>\u201eKlid. Nikdo se neptal na smutn\u00fd p\u0159\u00edb\u011bh.\u201c<\/p>\n\n\n\n<p>Sedla jsem si stranou a odm\u00edtala plakat p\u0159ed nimi.<\/p>\n\n\n\n<p>Pak n\u011bkdo znovu vyk\u0159ikl, \u017ee moje \u0161aty jsou \u201eodporn\u00e9\u201c.<\/p>\n\n\n\n<p>O\u010di se mi zalily slzami.<\/p>\n\n\n\n<p>A pr\u00e1v\u011b kdy\u017e jsem m\u011bla pocit, \u017ee se rozpadnu, hudba n\u00e1hle utichla.<\/p>\n\n\n\n<p>V\u0161ichni se oto\u010dili.<\/p>\n\n\n\n<p>\u0158editel Bradley st\u00e1l uprost\u0159ed s\u00e1lu s mikrofonem.<\/p>\n\n\n\n<p>\u201eNe\u017e budeme pokra\u010dovat,\u201c \u0159ekl, \u201emus\u00edm \u0159\u00edct n\u011bco d\u016fle\u017eit\u00e9ho.\u201c<\/p>\n\n\n\n<p>M\u00edstnost \u00fapln\u011b ztichla.<\/p>\n\n\n\n<p>\u201eMnoz\u00ed z v\u00e1s znali pana Johnnyho Walkera \u2014 na\u0161eho \u0161koln\u00edka.\u201c<\/p>\n\n\n\n<p>Studenti se neklidn\u011b pohnuli.<\/p>\n\n\n\n<p>\u201eDvaadvacet let pracoval v t\u00e9to budov\u011b. V\u011bt\u0161ina z v\u00e1s ho vid\u011bla jen ukl\u00edzet podlahy nebo vyn\u00e1\u0161et odpadky.\u201c<\/p>\n\n\n\n<p>Odml\u010del se.<\/p>\n\n\n\n<p>\u201eAle co mnoz\u00ed nev\u00edte, je, kolik toho pro tuto \u0161kolu potichu ud\u011blal.\u201c<\/p>\n\n\n\n<p>Zvedl pap\u00edr.<\/p>\n\n\n\n<p>\u201ePo l\u00e9ta platil ob\u011bdy student\u016fm, jejich\u017e rodiny si to nemohly dovolit. Opravoval hudebn\u00ed n\u00e1stroje, aby d\u011bti nemusely opustit kapelu. Spravoval sk\u0159\u00ed\u0148ky i sportovn\u00ed vybaven\u00ed dlouho po skon\u010den\u00ed sm\u011bny.\u201c<\/p>\n\n\n\n<p>S\u00e1l byl \u010d\u00edm d\u00e1l ti\u0161\u0161\u00ed.<\/p>\n\n\n\n<p>\u201eA t\u0159i maturanti, kte\u0159\u00ed letos dokon\u010dili \u0161kolu, tu dnes jsou d\u00edky tomu, \u017ee Johnny Walker daroval \u010d\u00e1st sv\u00e9ho platu do \u0161koln\u00edho fondu.\u201c<\/p>\n\n\n\n<p>Nikdo se u\u017e nesm\u00e1l.<\/p>\n\n\n\n<p>\u0158editel se na m\u011b pod\u00edval.<\/p>\n\n\n\n<p>\u201eA ta mlad\u00e1 \u017eena, kter\u00e1 tu dnes sed\u00ed \u2014 Nicole \u2014 je dcera, kterou vychoval s\u00e1m pot\u00e9, co p\u0159i\u0161el o man\u017eelku.\u201c<\/p>\n\n\n\n<p>Ticho bylo t\u011b\u017ek\u00e9.<\/p>\n\n\n\n<p>\u201eTak\u017ee ne\u017e n\u011bkdo \u0159ekne je\u0161t\u011b jedin\u00e9 slovo o t\u011bch \u0161atech,\u201c pokra\u010doval, \u201em\u011bl by pochopit jednu v\u011bc.\u201c<\/p>\n\n\n\n<p>Uk\u00e1zal na m\u011b.<\/p>\n\n\n\n<p>\u201eTy \u0161aty nejsou z hadr\u016f.\u201c<\/p>\n\n\n\n<p>Zhluboka se nadechl.<\/p>\n\n\n\n<p>\u201eJsou z ko\u0161il jednoho z nej\u0161t\u011bd\u0159ej\u0161\u00edch lid\u00ed, jak\u00e9 tato \u0161kola kdy poznala.\u201c<\/p>\n\n\n\n<p>Nikdo nepromluvil.<\/p>\n\n\n\n<p>Pak n\u011bkdo vzadu za\u010dal tleskat.<\/p>\n\n\n\n<p>Dal\u0161\u00ed se p\u0159idal.<\/p>\n\n\n\n<p>B\u011bhem n\u011bkolika vte\u0159in st\u00e1l cel\u00fd s\u00e1l a tleskal.<\/p>\n\n\n\n<p>Poprv\u00e9 po letech se na m\u011b lid\u00e9 ned\u00edvali s posm\u011bchem ani s l\u00edtost\u00ed.<\/p>\n\n\n\n<p>D\u00edvali se na m\u011b s respektem.<\/p>\n\n\n\n<p>A kdy\u017e jsem tam st\u00e1la v \u0161atech u\u0161it\u00fdch z t\u00e1tov\u00fdch pracovn\u00edch ko\u0161il, uv\u011bdomila jsem si n\u011bco, co t\u00e1ta v\u017edy v\u011bd\u011bl.<\/p>\n\n\n\n<p>Na poctiv\u00e9 pr\u00e1ci nen\u00ed nic ostudn\u00e9ho.<\/p>\n\n\n\n<p>Jedin\u00e1 ostuda je nevid\u011bt hodnotu v lidech, kte\u0159\u00ed ji vykon\u00e1vaj\u00ed<\/p>\n","protected":false},"excerpt":{"rendered":"M\u016fj t\u00e1ta pracoval jako \u0161koln\u00edk na m\u00e9 \u0161kole a cel\u00e9 roky se mu kv\u016fli tomu spolu\u017e\u00e1ci posm\u00edvali. Kdy\u017e p\u00e1r t\u00fddn\u016f p\u0159ed plesem zem\u0159el, \n<a class=\"moretag\" href=\"https:\/\/vendeto.am\/?p=29127\"> [...]<\/a>","protected":false},"author":1,"featured_media":29128,"comment_status":"open","ping_status":"open","sticky":false,"template":"","format":"standard","meta":{"footnotes":""},"categories":[2],"tags":[],"class_list":["post-29127","post","type-post","status-publish","format-standard","has-post-thumbnail","hentry","category-sport"],"yoast_head":"<!-- This site is optimized with the Yoast SEO plugin v27.5 - https:\/\/yoast.com\/product\/yoast-seo-wordpress\/ -->\n<title>U\u0161ila jsem si plesov\u00e9 \u0161aty z pracovn\u00edch ko\u0161il sv\u00e9ho otce, abych ho uctila \u2014 spolu\u017e\u00e1ci se mi posm\u00edvali, dokud si \u0159editel nevzal slovo a cel\u00fd s\u00e1l neztichl. -<\/title>\n<meta name=\"robots\" content=\"index, follow, max-snippet:-1, max-image-preview:large, max-video-preview:-1\" \/>\n<link rel=\"canonical\" href=\"https:\/\/vendeto.am\/?p=29127\" \/>\n<meta property=\"og:locale\" content=\"ru_RU\" \/>\n<meta property=\"og:type\" content=\"article\" \/>\n<meta property=\"og:title\" content=\"U\u0161ila jsem si plesov\u00e9 \u0161aty z pracovn\u00edch ko\u0161il sv\u00e9ho otce, abych ho uctila \u2014 spolu\u017e\u00e1ci se mi posm\u00edvali, dokud si \u0159editel nevzal slovo a cel\u00fd s\u00e1l neztichl. -\" \/>\n<meta property=\"og:description\" content=\"M\u016fj t\u00e1ta pracoval jako \u0161koln\u00edk na m\u00e9 \u0161kole a cel\u00e9 roky se mu kv\u016fli tomu spolu\u017e\u00e1ci posm\u00edvali. Kdy\u017e p\u00e1r t\u00fddn\u016f p\u0159ed plesem zem\u0159el,\" \/>\n<meta property=\"og:url\" content=\"https:\/\/vendeto.am\/?p=29127\" \/>\n<meta property=\"article:published_time\" content=\"2026-05-01T18:37:02+00:00\" \/>\n<meta property=\"article:modified_time\" content=\"2026-05-01T18:37:04+00:00\" \/>\n<meta property=\"og:image\" content=\"https:\/\/vendeto.am\/wp-content\/uploads\/2026\/05\/245.png\" \/>\n\t<meta property=\"og:image:width\" content=\"700\" \/>\n\t<meta property=\"og:image:height\" content=\"853\" \/>\n\t<meta property=\"og:image:type\" content=\"image\/png\" \/>\n<meta name=\"author\" content=\"admin\" \/>\n<meta name=\"twitter:card\" content=\"summary_large_image\" \/>\n<meta name=\"twitter:label1\" content=\"\u041d\u0430\u043f\u0438\u0441\u0430\u043d\u043e \u0430\u0432\u0442\u043e\u0440\u043e\u043c\" \/>\n\t<meta name=\"twitter:data1\" content=\"admin\" \/>\n\t<meta name=\"twitter:label2\" content=\"\u041f\u0440\u0438\u043c\u0435\u0440\u043d\u043e\u0435 \u0432\u0440\u0435\u043c\u044f \u0434\u043b\u044f \u0447\u0442\u0435\u043d\u0438\u044f\" \/>\n\t<meta name=\"twitter:data2\" content=\"7 \u043c\u0438\u043d\u0443\u0442\" \/>\n<script type=\"application\/ld+json\" class=\"yoast-schema-graph\">{\"@context\":\"https:\\\/\\\/schema.org\",\"@graph\":[{\"@type\":\"Article\",\"@id\":\"https:\\\/\\\/vendeto.am\\\/?p=29127#article\",\"isPartOf\":{\"@id\":\"https:\\\/\\\/vendeto.am\\\/?p=29127\"},\"author\":{\"name\":\"admin\",\"@id\":\"https:\\\/\\\/vendeto.am\\\/#\\\/schema\\\/person\\\/48a4bd89d2048190ecc61e5ce821bef7\"},\"headline\":\"U\u0161ila jsem si plesov\u00e9 \u0161aty z pracovn\u00edch ko\u0161il sv\u00e9ho otce, abych ho uctila \u2014 spolu\u017e\u00e1ci se mi posm\u00edvali, dokud si \u0159editel nevzal slovo a cel\u00fd s\u00e1l neztichl.\",\"datePublished\":\"2026-05-01T18:37:02+00:00\",\"dateModified\":\"2026-05-01T18:37:04+00:00\",\"mainEntityOfPage\":{\"@id\":\"https:\\\/\\\/vendeto.am\\\/?p=29127\"},\"wordCount\":1527,\"commentCount\":0,\"image\":{\"@id\":\"https:\\\/\\\/vendeto.am\\\/?p=29127#primaryimage\"},\"thumbnailUrl\":\"https:\\\/\\\/vendeto.am\\\/wp-content\\\/uploads\\\/2026\\\/05\\\/245.png\",\"articleSection\":[\"SPORT\"],\"inLanguage\":\"ru-RU\",\"potentialAction\":[{\"@type\":\"CommentAction\",\"name\":\"Comment\",\"target\":[\"https:\\\/\\\/vendeto.am\\\/?p=29127#respond\"]}]},{\"@type\":\"WebPage\",\"@id\":\"https:\\\/\\\/vendeto.am\\\/?p=29127\",\"url\":\"https:\\\/\\\/vendeto.am\\\/?p=29127\",\"name\":\"U\u0161ila jsem si plesov\u00e9 \u0161aty z pracovn\u00edch ko\u0161il sv\u00e9ho otce, abych ho uctila \u2014 spolu\u017e\u00e1ci se mi posm\u00edvali, dokud si \u0159editel nevzal slovo a cel\u00fd s\u00e1l neztichl. -\",\"isPartOf\":{\"@id\":\"https:\\\/\\\/vendeto.am\\\/#website\"},\"primaryImageOfPage\":{\"@id\":\"https:\\\/\\\/vendeto.am\\\/?p=29127#primaryimage\"},\"image\":{\"@id\":\"https:\\\/\\\/vendeto.am\\\/?p=29127#primaryimage\"},\"thumbnailUrl\":\"https:\\\/\\\/vendeto.am\\\/wp-content\\\/uploads\\\/2026\\\/05\\\/245.png\",\"datePublished\":\"2026-05-01T18:37:02+00:00\",\"dateModified\":\"2026-05-01T18:37:04+00:00\",\"author\":{\"@id\":\"https:\\\/\\\/vendeto.am\\\/#\\\/schema\\\/person\\\/48a4bd89d2048190ecc61e5ce821bef7\"},\"breadcrumb\":{\"@id\":\"https:\\\/\\\/vendeto.am\\\/?p=29127#breadcrumb\"},\"inLanguage\":\"ru-RU\",\"potentialAction\":[{\"@type\":\"ReadAction\",\"target\":[\"https:\\\/\\\/vendeto.am\\\/?p=29127\"]}]},{\"@type\":\"ImageObject\",\"inLanguage\":\"ru-RU\",\"@id\":\"https:\\\/\\\/vendeto.am\\\/?p=29127#primaryimage\",\"url\":\"https:\\\/\\\/vendeto.am\\\/wp-content\\\/uploads\\\/2026\\\/05\\\/245.png\",\"contentUrl\":\"https:\\\/\\\/vendeto.am\\\/wp-content\\\/uploads\\\/2026\\\/05\\\/245.png\",\"width\":700,\"height\":853},{\"@type\":\"BreadcrumbList\",\"@id\":\"https:\\\/\\\/vendeto.am\\\/?p=29127#breadcrumb\",\"itemListElement\":[{\"@type\":\"ListItem\",\"position\":1,\"name\":\"\u0413\u043b\u0430\u0432\u043d\u0430\u044f \u0441\u0442\u0440\u0430\u043d\u0438\u0446\u0430\",\"item\":\"https:\\\/\\\/vendeto.am\\\/\"},{\"@type\":\"ListItem\",\"position\":2,\"name\":\"U\u0161ila jsem si plesov\u00e9 \u0161aty z pracovn\u00edch ko\u0161il sv\u00e9ho otce, abych ho uctila \u2014 spolu\u017e\u00e1ci se mi posm\u00edvali, dokud si \u0159editel nevzal slovo a cel\u00fd s\u00e1l neztichl.\"}]},{\"@type\":\"WebSite\",\"@id\":\"https:\\\/\\\/vendeto.am\\\/#website\",\"url\":\"https:\\\/\\\/vendeto.am\\\/\",\"name\":\"\",\"description\":\"\",\"potentialAction\":[{\"@type\":\"SearchAction\",\"target\":{\"@type\":\"EntryPoint\",\"urlTemplate\":\"https:\\\/\\\/vendeto.am\\\/?s={search_term_string}\"},\"query-input\":{\"@type\":\"PropertyValueSpecification\",\"valueRequired\":true,\"valueName\":\"search_term_string\"}}],\"inLanguage\":\"ru-RU\"},{\"@type\":\"Person\",\"@id\":\"https:\\\/\\\/vendeto.am\\\/#\\\/schema\\\/person\\\/48a4bd89d2048190ecc61e5ce821bef7\",\"name\":\"admin\",\"image\":{\"@type\":\"ImageObject\",\"inLanguage\":\"ru-RU\",\"@id\":\"https:\\\/\\\/secure.gravatar.com\\\/avatar\\\/df64e550a0653b7be0f1bcf897f33faad9c2c8153472b2d9319beafb51370f6f?s=96&d=mm&r=g\",\"url\":\"https:\\\/\\\/secure.gravatar.com\\\/avatar\\\/df64e550a0653b7be0f1bcf897f33faad9c2c8153472b2d9319beafb51370f6f?s=96&d=mm&r=g\",\"contentUrl\":\"https:\\\/\\\/secure.gravatar.com\\\/avatar\\\/df64e550a0653b7be0f1bcf897f33faad9c2c8153472b2d9319beafb51370f6f?s=96&d=mm&r=g\",\"caption\":\"admin\"},\"sameAs\":[\"http:\\\/\\\/vendeto.am\"],\"url\":\"https:\\\/\\\/vendeto.am\\\/?author=1\"}]}<\/script>\n<!-- \/ Yoast SEO plugin. -->","yoast_head_json":{"title":"U\u0161ila jsem si plesov\u00e9 \u0161aty z pracovn\u00edch ko\u0161il sv\u00e9ho otce, abych ho uctila \u2014 spolu\u017e\u00e1ci se mi posm\u00edvali, dokud si \u0159editel nevzal slovo a cel\u00fd s\u00e1l neztichl. -","robots":{"index":"index","follow":"follow","max-snippet":"max-snippet:-1","max-image-preview":"max-image-preview:large","max-video-preview":"max-video-preview:-1"},"canonical":"https:\/\/vendeto.am\/?p=29127","og_locale":"ru_RU","og_type":"article","og_title":"U\u0161ila jsem si plesov\u00e9 \u0161aty z pracovn\u00edch ko\u0161il sv\u00e9ho otce, abych ho uctila \u2014 spolu\u017e\u00e1ci se mi posm\u00edvali, dokud si \u0159editel nevzal slovo a cel\u00fd s\u00e1l neztichl. -","og_description":"M\u016fj t\u00e1ta pracoval jako \u0161koln\u00edk na m\u00e9 \u0161kole a cel\u00e9 roky se mu kv\u016fli tomu spolu\u017e\u00e1ci posm\u00edvali. Kdy\u017e p\u00e1r t\u00fddn\u016f p\u0159ed plesem zem\u0159el,","og_url":"https:\/\/vendeto.am\/?p=29127","article_published_time":"2026-05-01T18:37:02+00:00","article_modified_time":"2026-05-01T18:37:04+00:00","og_image":[{"width":700,"height":853,"url":"https:\/\/vendeto.am\/wp-content\/uploads\/2026\/05\/245.png","type":"image\/png"}],"author":"admin","twitter_card":"summary_large_image","twitter_misc":{"\u041d\u0430\u043f\u0438\u0441\u0430\u043d\u043e \u0430\u0432\u0442\u043e\u0440\u043e\u043c":"admin","\u041f\u0440\u0438\u043c\u0435\u0440\u043d\u043e\u0435 \u0432\u0440\u0435\u043c\u044f \u0434\u043b\u044f \u0447\u0442\u0435\u043d\u0438\u044f":"7 \u043c\u0438\u043d\u0443\u0442"},"schema":{"@context":"https:\/\/schema.org","@graph":[{"@type":"Article","@id":"https:\/\/vendeto.am\/?p=29127#article","isPartOf":{"@id":"https:\/\/vendeto.am\/?p=29127"},"author":{"name":"admin","@id":"https:\/\/vendeto.am\/#\/schema\/person\/48a4bd89d2048190ecc61e5ce821bef7"},"headline":"U\u0161ila jsem si plesov\u00e9 \u0161aty z pracovn\u00edch ko\u0161il sv\u00e9ho otce, abych ho uctila \u2014 spolu\u017e\u00e1ci se mi posm\u00edvali, dokud si \u0159editel nevzal slovo a cel\u00fd s\u00e1l neztichl.","datePublished":"2026-05-01T18:37:02+00:00","dateModified":"2026-05-01T18:37:04+00:00","mainEntityOfPage":{"@id":"https:\/\/vendeto.am\/?p=29127"},"wordCount":1527,"commentCount":0,"image":{"@id":"https:\/\/vendeto.am\/?p=29127#primaryimage"},"thumbnailUrl":"https:\/\/vendeto.am\/wp-content\/uploads\/2026\/05\/245.png","articleSection":["SPORT"],"inLanguage":"ru-RU","potentialAction":[{"@type":"CommentAction","name":"Comment","target":["https:\/\/vendeto.am\/?p=29127#respond"]}]},{"@type":"WebPage","@id":"https:\/\/vendeto.am\/?p=29127","url":"https:\/\/vendeto.am\/?p=29127","name":"U\u0161ila jsem si plesov\u00e9 \u0161aty z pracovn\u00edch ko\u0161il sv\u00e9ho otce, abych ho uctila \u2014 spolu\u017e\u00e1ci se mi posm\u00edvali, dokud si \u0159editel nevzal slovo a cel\u00fd s\u00e1l neztichl. -","isPartOf":{"@id":"https:\/\/vendeto.am\/#website"},"primaryImageOfPage":{"@id":"https:\/\/vendeto.am\/?p=29127#primaryimage"},"image":{"@id":"https:\/\/vendeto.am\/?p=29127#primaryimage"},"thumbnailUrl":"https:\/\/vendeto.am\/wp-content\/uploads\/2026\/05\/245.png","datePublished":"2026-05-01T18:37:02+00:00","dateModified":"2026-05-01T18:37:04+00:00","author":{"@id":"https:\/\/vendeto.am\/#\/schema\/person\/48a4bd89d2048190ecc61e5ce821bef7"},"breadcrumb":{"@id":"https:\/\/vendeto.am\/?p=29127#breadcrumb"},"inLanguage":"ru-RU","potentialAction":[{"@type":"ReadAction","target":["https:\/\/vendeto.am\/?p=29127"]}]},{"@type":"ImageObject","inLanguage":"ru-RU","@id":"https:\/\/vendeto.am\/?p=29127#primaryimage","url":"https:\/\/vendeto.am\/wp-content\/uploads\/2026\/05\/245.png","contentUrl":"https:\/\/vendeto.am\/wp-content\/uploads\/2026\/05\/245.png","width":700,"height":853},{"@type":"BreadcrumbList","@id":"https:\/\/vendeto.am\/?p=29127#breadcrumb","itemListElement":[{"@type":"ListItem","position":1,"name":"\u0413\u043b\u0430\u0432\u043d\u0430\u044f \u0441\u0442\u0440\u0430\u043d\u0438\u0446\u0430","item":"https:\/\/vendeto.am\/"},{"@type":"ListItem","position":2,"name":"U\u0161ila jsem si plesov\u00e9 \u0161aty z pracovn\u00edch ko\u0161il sv\u00e9ho otce, abych ho uctila \u2014 spolu\u017e\u00e1ci se mi posm\u00edvali, dokud si \u0159editel nevzal slovo a cel\u00fd s\u00e1l neztichl."}]},{"@type":"WebSite","@id":"https:\/\/vendeto.am\/#website","url":"https:\/\/vendeto.am\/","name":"","description":"","potentialAction":[{"@type":"SearchAction","target":{"@type":"EntryPoint","urlTemplate":"https:\/\/vendeto.am\/?s={search_term_string}"},"query-input":{"@type":"PropertyValueSpecification","valueRequired":true,"valueName":"search_term_string"}}],"inLanguage":"ru-RU"},{"@type":"Person","@id":"https:\/\/vendeto.am\/#\/schema\/person\/48a4bd89d2048190ecc61e5ce821bef7","name":"admin","image":{"@type":"ImageObject","inLanguage":"ru-RU","@id":"https:\/\/secure.gravatar.com\/avatar\/df64e550a0653b7be0f1bcf897f33faad9c2c8153472b2d9319beafb51370f6f?s=96&d=mm&r=g","url":"https:\/\/secure.gravatar.com\/avatar\/df64e550a0653b7be0f1bcf897f33faad9c2c8153472b2d9319beafb51370f6f?s=96&d=mm&r=g","contentUrl":"https:\/\/secure.gravatar.com\/avatar\/df64e550a0653b7be0f1bcf897f33faad9c2c8153472b2d9319beafb51370f6f?s=96&d=mm&r=g","caption":"admin"},"sameAs":["http:\/\/vendeto.am"],"url":"https:\/\/vendeto.am\/?author=1"}]}},"views":4,"_links":{"self":[{"href":"https:\/\/vendeto.am\/index.php?rest_route=\/wp\/v2\/posts\/29127","targetHints":{"allow":["GET"]}}],"collection":[{"href":"https:\/\/vendeto.am\/index.php?rest_route=\/wp\/v2\/posts"}],"about":[{"href":"https:\/\/vendeto.am\/index.php?rest_route=\/wp\/v2\/types\/post"}],"author":[{"embeddable":true,"href":"https:\/\/vendeto.am\/index.php?rest_route=\/wp\/v2\/users\/1"}],"replies":[{"embeddable":true,"href":"https:\/\/vendeto.am\/index.php?rest_route=%2Fwp%2Fv2%2Fcomments&post=29127"}],"version-history":[{"count":1,"href":"https:\/\/vendeto.am\/index.php?rest_route=\/wp\/v2\/posts\/29127\/revisions"}],"predecessor-version":[{"id":29129,"href":"https:\/\/vendeto.am\/index.php?rest_route=\/wp\/v2\/posts\/29127\/revisions\/29129"}],"wp:featuredmedia":[{"embeddable":true,"href":"https:\/\/vendeto.am\/index.php?rest_route=\/wp\/v2\/media\/29128"}],"wp:attachment":[{"href":"https:\/\/vendeto.am\/index.php?rest_route=%2Fwp%2Fv2%2Fmedia&parent=29127"}],"wp:term":[{"taxonomy":"category","embeddable":true,"href":"https:\/\/vendeto.am\/index.php?rest_route=%2Fwp%2Fv2%2Fcategories&post=29127"},{"taxonomy":"post_tag","embeddable":true,"href":"https:\/\/vendeto.am\/index.php?rest_route=%2Fwp%2Fv2%2Ftags&post=29127"}],"curies":[{"name":"wp","href":"https:\/\/api.w.org\/{rel}","templated":true}]}}