{"id":33076,"date":"2026-08-31T21:46:41","date_gmt":"2026-08-31T18:46:41","guid":{"rendered":"https:\/\/vendeto.am\/?p=33076"},"modified":"2026-08-31T21:46:44","modified_gmt":"2026-08-31T18:46:44","slug":"muj-desetilety-syn-se-vratil-z-toalety-v-letadle-a-zaseptal-mami-tata-sedi-vpredu","status":"publish","type":"post","link":"https:\/\/vendeto.am\/?p=33076","title":{"rendered":"M\u016fj desetilet\u00fd syn se vr\u00e1til z toalety v letadle a za\u0161eptal: \u201eMami\u2026 t\u00e1ta sed\u00ed vp\u0159edu.\u201c"},"content":{"rendered":"\n<p class=\"wp-block-paragraph\">\u0158ekla jsem mu, \u017ee to nen\u00ed mo\u017en\u00e9 \u2014 jeho otec byl u\u017e t\u0159i roky nezv\u011bstn\u00fd. Pak jsem si v\u0161imla jizvy na mu\u017eov\u011b z\u00e1p\u011bst\u00ed a sledovala, jak si p\u0159ej\u00ed\u017ed\u00ed po prsten\u00ed\u010dku p\u0159esn\u011b tak, jak to kdysi d\u011blal m\u016fj man\u017eel. Sledovala jsem ho z letadla, ani\u017e bych \u0159ekla jedin\u00e9 slovo\u2026 dokud ho jin\u00e1 \u017eena neoslovila \u00fapln\u011b jin\u00fdm jm\u00e9nem.Mu\u017e, kter\u00e9ho m\u016fj syn poznal v letadle<\/p>\n\n\n\n<p class=\"wp-block-paragraph\">M\u016fj desetilet\u00fd syn se vr\u00e1til z toalety v letadle a vypadal, jako by zapomn\u011bl d\u00fdchat.<\/p>\n\n\n\n<p class=\"wp-block-paragraph\">Sed\u011bla jsem u ok\u00e9nka a sledovala \u0161ed\u00e9 mraky, kter\u00e9 mizely pod n\u00e1mi, zat\u00edmco na\u0161e letadlo m\u00ed\u0159ilo na jih z Providence do Charlestonu v Ji\u017en\u00ed Karol\u00edn\u011b. Ten v\u00fdlet m\u011bl b\u00fdt mal\u00fdm nov\u00fdm za\u010d\u00e1tkem. Po t\u00e9m\u011b\u0159 t\u0159ech letech \u017eivota ve st\u00ednu zmizen\u00ed m\u00e9ho man\u017eela jsem se kone\u010dn\u011b p\u0159esv\u011bd\u010dila, \u017ee si Miles i j\u00e1 zaslou\u017e\u00edme p\u00e1r klidn\u00fdch dn\u00ed n\u011bkde v teple.<\/p>\n\n\n\n<p class=\"wp-block-paragraph\">Ale ve chv\u00edli, kdy se zastavil vedle m\u011b, jsem v\u011bd\u011bla, \u017ee je n\u011bco \u0161patn\u011b.<\/p>\n\n\n\n<p class=\"wp-block-paragraph\">Miles se naklonil tak bl\u00edzko, \u017ee jsem ho sly\u0161ela jen j\u00e1.<\/p>\n\n\n\n<p class=\"wp-block-paragraph\">\u201eMami, mysl\u00edm, \u017ee t\u00e1ta sed\u00ed vp\u0159edu.\u201c<\/p>\n\n\n\n<p class=\"wp-block-paragraph\">N\u011bkolik vte\u0159in jsem na n\u011bj jen z\u00edrala.<\/p>\n\n\n\n<p class=\"wp-block-paragraph\">M\u016fj man\u017eel Grant Harper byl t\u00e9m\u011b\u0159 p\u0159ed t\u0159emi lety prohl\u00e1\u0161en za nezv\u011bstn\u00e9ho po nehod\u011b na mo\u0159i.<\/p>\n\n\n\n<p class=\"wp-block-paragraph\">Jeho ryb\u00e1\u0159sk\u00fd \u010dlun na\u0161li po siln\u00e9 bou\u0159i un\u00e1\u0161en\u00fd pobl\u00ed\u017e Block Islandu. Jeho bunda z\u016fstala na palub\u011b. Jeho telefon byl nalezen pozd\u011bji. P\u00e1trac\u00ed t\u00fdmy ho hledaly n\u011bkolik dn\u00ed, ale Grant se nikdy nena\u0161el.<\/p>\n\n\n\n<p class=\"wp-block-paragraph\">Nakonec dorazily \u00fa\u0159edn\u00ed dokumenty.<\/p>\n\n\n\n<p class=\"wp-block-paragraph\">Stala jsem se vdovou, ani\u017e bych se s n\u00edm mohla naposledy rozlou\u010dit.<\/p>\n\n\n\n<p class=\"wp-block-paragraph\">Miles se stal chlapcem, kter\u00fd st\u00e1le \u010dekal, \u017ee usly\u0161\u00ed kroky u p\u0159edn\u00edch dve\u0159\u00ed.<\/p>\n\n\n\n<p class=\"wp-block-paragraph\">Vzala jsem ho za ruku.<\/p>\n\n\n\n<p class=\"wp-block-paragraph\">\u201eZlat\u00ed\u010dko, n\u011bkdy, kdy\u017e n\u00e1m n\u011bkdo velmi chyb\u00ed, n\u00e1m ho m\u016f\u017ee p\u0159ipomenout \u00fapln\u011b ciz\u00ed \u010dlov\u011bk.\u201c<\/p>\n\n\n\n<p class=\"wp-block-paragraph\">Miles zavrt\u011bl hlavou.<\/p>\n\n\n\n<p class=\"wp-block-paragraph\">\u201eNen\u00ed to jen jeho obli\u010dej.\u201c<\/p>\n\n\n\n<p class=\"wp-block-paragraph\">Pod\u00edval se sm\u011brem k p\u0159edn\u00ed \u010d\u00e1sti letadla.<\/p>\n\n\n\n<figure class=\"wp-block-image is-resized\"><img decoding=\"async\" src=\"https:\/\/chexia.info\/wp-content\/uploads\/2026\/08\/airplane_aisle_embrace-819x1024.jpg\" alt=\"\" class=\"wp-image-10089\" style=\"aspect-ratio:0.7998046875;width:819px;height:auto\"\/><\/figure>\n\n\n\n<p class=\"wp-block-paragraph\">\u201eM\u00e1 tu jizvu na prav\u00e9m z\u00e1p\u011bst\u00ed. Tu, kterou t\u00e1ta z\u00edskal, kdy\u017e spadl z d\u011bdovy verandy. A kdy\u017e se ta \u017eena vedle n\u011bj zasm\u00e1la, p\u0159ejel si po prsten\u00ed\u010dku.\u201c<\/p>\n\n\n\n<p class=\"wp-block-paragraph\">Sev\u0159el se mi \u017ealudek.<\/p>\n\n\n\n<p class=\"wp-block-paragraph\">Grant to d\u011blal v\u017edycky.<\/p>\n\n\n\n<p class=\"wp-block-paragraph\">Kdykoli byl nerv\u00f3zn\u00ed, c\u00edtil se nep\u0159\u00edjemn\u011b nebo se cht\u011bl vyhnout n\u011bjak\u00e9 ot\u00e1zce, palcem krou\u017eil po m\u00edst\u011b, kde nosil snubn\u00ed prsten.<\/p>\n\n\n\n<p class=\"wp-block-paragraph\">Pomalu jsem se pod\u00edvala sm\u011brem k business t\u0159\u00edd\u011b.<\/p>\n\n\n\n<p class=\"wp-block-paragraph\">O n\u011bkolik \u0159ad p\u0159ed n\u00e1mi sed\u011bl vysok\u00fd mu\u017e vedle atraktivn\u00ed blon\u010fat\u00e9 \u017eeny kolem t\u0159iceti let. M\u011bla na sob\u011b kr\u00e9mov\u00fd ln\u011bn\u00fd outfit a slune\u010dn\u00ed br\u00fdle zastr\u010den\u00e9 ve vlasech.<\/p>\n\n\n\n<p class=\"wp-block-paragraph\">Mu\u017e m\u011bl na hlav\u011b tmav\u011b modrou baseballovou \u010depici a upraven\u00e9 vousy.<\/p>\n\n\n\n<p class=\"wp-block-paragraph\">Na prvn\u00ed pohled na n\u011bm nebylo nic nemo\u017en\u00e9ho.<\/p>\n\n\n\n<p class=\"wp-block-paragraph\">Pak zvedl ruku, aby si upravil v\u011btrac\u00ed otvor nad sedadlem.<\/p>\n\n\n\n<p class=\"wp-block-paragraph\">Uvid\u011bla jsem tenkou sv\u011btlou jizvu pobl\u00ed\u017e jeho z\u00e1p\u011bst\u00ed.<\/p>\n\n\n\n<p class=\"wp-block-paragraph\">Zvuk v kabin\u011b jako by najednou zmizel.<\/p>\n\n\n\n<p class=\"wp-block-paragraph\">Vzpomn\u011bla jsem si, jak jsem p\u0159esn\u011b tu r\u00e1nu \u010distila v na\u0161\u00ed kuchyni, zat\u00edmco Grant vtipkoval, \u017ee si d\u011bl\u00e1m p\u0159\u00edli\u0161 velk\u00e9 starosti.<\/p>\n\n\n\n<p class=\"wp-block-paragraph\">Pak mu \u017eena vedle n\u011bco za\u0161eptala.<\/p>\n\n\n\n<p class=\"wp-block-paragraph\">Usm\u00e1l se.<\/p>\n\n\n\n<p class=\"wp-block-paragraph\">Jeho palec p\u0159ejel po hol\u00e9m prsten\u00ed\u010dku.<\/p>\n\n\n\n<p class=\"wp-block-paragraph\">P\u0159estala jsem d\u00fdchat.<\/p>\n\n\n\n<h2 class=\"wp-block-heading\">Tv\u00e1\u0159, kterou jsem oplak\u00e1vala<\/h2>\n\n\n\n<p class=\"wp-block-paragraph\">Kdy\u017e letadlo p\u0159ist\u00e1lo, po\u010dkala jsem a nesp\u011bchala do uli\u010dky.<\/p>\n\n\n\n<p class=\"wp-block-paragraph\">Miles z\u016fstal t\u011bsn\u011b u m\u011b.<\/p>\n\n\n\n<p class=\"wp-block-paragraph\">O n\u011bkolik \u0159ad p\u0159ed n\u00e1mi mu\u017e vstal a s\u00e1hl po p\u0159\u00edru\u010dn\u00edm zavazadle.<\/p>\n\n\n\n<p class=\"wp-block-paragraph\">Byl huben\u011bj\u0161\u00ed ne\u017e Grant. Na sp\u00e1nc\u00edch m\u011bl v\u00edce \u0161edin. Vousy zm\u011bnily tvar jeho \u010delisti.<\/p>\n\n\n\n<p class=\"wp-block-paragraph\">Ale kdy\u017e se oto\u010dil sm\u011brem k v\u00fdchodu, sv\u011btlo dopadlo p\u0159\u00edmo na jeho tv\u00e1\u0159.<\/p>\n\n\n\n<p class=\"wp-block-paragraph\">Byl to on.<\/p>\n\n\n\n<p class=\"wp-block-paragraph\">Ne n\u011bkdo podobn\u00fd.<\/p>\n\n\n\n<p class=\"wp-block-paragraph\">Ne ciz\u00ed \u010dlov\u011bk, kter\u00e9ho mi z\u00e1rmutek prom\u011bnil v man\u017eela.<\/p>\n\n\n\n<p class=\"wp-block-paragraph\">Grant.<\/p>\n\n\n\n<p class=\"wp-block-paragraph\">M\u016fj man\u017eel.<\/p>\n\n\n\n<p class=\"wp-block-paragraph\">Mu\u017e, o kter\u00e9m jsem t\u00e9m\u011b\u0159 t\u0159i roky v\u011b\u0159ila, \u017ee u\u017e nikdy neprojde leti\u0161tn\u00ed halou, neobejme sv\u00e9ho syna ani nezest\u00e1rne.<\/p>\n\n\n\n<p class=\"wp-block-paragraph\">Miles mi stiskl ruku.<\/p>\n\n\n\n<p class=\"wp-block-paragraph\">\u201eMami?\u201c<\/p>\n\n\n\n<p class=\"wp-block-paragraph\">Nedok\u00e1zala jsem odpov\u011bd\u011bt.<\/p>\n\n\n\n<p class=\"wp-block-paragraph\">Grant kr\u00e1\u010del po n\u00e1stupn\u00edm most\u011b vedle blon\u010fat\u00e9 \u017eeny a na okam\u017eik j\u00ed polo\u017eil ruku na z\u00e1da.<\/p>\n\n\n\n<p class=\"wp-block-paragraph\">Ani jednou se neohl\u00e9dl.<\/p>\n\n\n\n<p class=\"wp-block-paragraph\">Sledovala jsem je z d\u00e1lky.<\/p>\n\n\n\n<p class=\"wp-block-paragraph\">U v\u00fddeje zavazadel si vyzvedli dva kufry a zam\u00ed\u0159ili k p\u0159ep\u00e1\u017ek\u00e1m p\u016fj\u010dovny aut.<\/p>\n\n\n\n<p class=\"wp-block-paragraph\">Pak na n\u011bj \u017eena zavolala.<\/p>\n\n\n\n<p class=\"wp-block-paragraph\">Ne\u0159ekla \u201eGrante\u201c.<\/p>\n\n\n\n<p class=\"wp-block-paragraph\">\u201eCalebe, m\u016f\u017ee\u0161 mi vz\u00edt ta\u0161ku?\u201c<\/p>\n\n\n\n<p class=\"wp-block-paragraph\">Okam\u017eit\u011b se oto\u010dil.<\/p>\n\n\n\n<p class=\"wp-block-paragraph\">Ztuhla jsem.<\/p>\n\n\n\n<p class=\"wp-block-paragraph\">Caleb.<\/p>\n\n\n\n<p class=\"wp-block-paragraph\">M\u016fj man\u017eel m\u011bl jin\u00e9 jm\u00e9no.<\/p>\n\n\n\n<p class=\"wp-block-paragraph\">T\u00e9 noci, kdy\u017e Miles usnul v na\u0161em hotelov\u00e9m pokoji v Charlestonu, jsem sed\u011bla u okna a z\u00edrala na sv\u011btla m\u011bsta.<\/p>\n\n\n\n<p class=\"wp-block-paragraph\">T\u0159i roky jsem oplak\u00e1vala mu\u017ee, kter\u00fd podle v\u0161eho n\u011bkde jinde \u017eil.<\/p>\n\n\n\n<p class=\"wp-block-paragraph\">Vzpomn\u011bla jsem si na ka\u017ed\u00fd t\u011b\u017ek\u00fd okam\u017eik po Grantov\u011b zmizen\u00ed.<\/p>\n\n\n\n<p class=\"wp-block-paragraph\">Na Milese, kter\u00fd plakal p\u0159ed \u0161koln\u00ed akc\u00ed pro otce a syny.<\/p>\n\n\n\n<p class=\"wp-block-paragraph\">Na jeho prvn\u00ed V\u00e1noce, kdy tajn\u011b polo\u017eil pod strome\u010dek d\u00e1rek se jm\u00e9nem \u201eGrant\u201c.<\/p>\n\n\n\n<p class=\"wp-block-paragraph\">Na \u00fa\u010dty, kter\u00e9 po sob\u011b Grant zanechal.<\/p>\n\n\n\n<p class=\"wp-block-paragraph\">Na noci, kdy jsem nemohla sp\u00e1t a p\u0159em\u00fd\u0161lela, jestli se v posledn\u00edch chv\u00edl\u00edch sv\u00e9ho \u017eivota b\u00e1l.<\/p>\n\n\n\n<p class=\"wp-block-paragraph\">V\u017edycky jsem ho br\u00e1nila, kdykoli n\u011bkdo nazna\u010dil, \u017ee mohl zmizet schv\u00e1ln\u011b.<\/p>\n\n\n\n<p class=\"wp-block-paragraph\">Te\u010f jsem nev\u011bd\u011bla, co bolelo v\u00edc.<\/p>\n\n\n\n<p class=\"wp-block-paragraph\">Ztratit ho jednou, nebo zjistit, \u017ee jsem ho mo\u017en\u00e1 nikdy doopravdy neznala.<\/p>\n\n\n\n<h2 class=\"wp-block-heading\">Hlas pod na\u0161\u00edm balkonem<\/h2>\n\n\n\n<p class=\"wp-block-paragraph\">N\u00e1sleduj\u00edc\u00ed den jsem se sna\u017eila d\u00e1t Milesovi dovolenou, kterou jsem mu sl\u00edbila.<\/p>\n\n\n\n<p class=\"wp-block-paragraph\">Proch\u00e1zeli jsme se pod\u00e9l pob\u0159e\u017e\u00ed, jedli venku a nav\u0161t\u00edvili akv\u00e1rium.<\/p>\n\n\n\n<p class=\"wp-block-paragraph\">Po\u0159\u00e1d jsem si opakovala, \u017ee pot\u0159ebuji d\u016fkaz, ne\u017e ud\u011bl\u00e1m n\u011bco nerozumn\u00e9ho.<\/p>\n\n\n\n<p class=\"wp-block-paragraph\">Mo\u017en\u00e1 pro to existovalo vysv\u011btlen\u00ed.<\/p>\n\n\n\n<p class=\"wp-block-paragraph\">Mo\u017en\u00e1 Grant ztratil pam\u011b\u0165.<\/p>\n\n\n\n<p class=\"wp-block-paragraph\">Mo\u017en\u00e1 byl zran\u011bn\u00fd.<\/p>\n\n\n\n<p class=\"wp-block-paragraph\">Mo\u017en\u00e1 se p\u0159ed n\u011bk\u00fdm nebezpe\u010dn\u00fdm skr\u00fdval.<\/p>\n\n\n\n<p class=\"wp-block-paragraph\">Kdy\u017e se srdce boj\u00ed toho nejhor\u0161\u00edho, lidsk\u00e1 mysl dok\u00e1\u017ee b\u00fdt p\u0159ekvapiv\u011b shov\u00edvav\u00e1.<\/p>\n\n\n\n<p class=\"wp-block-paragraph\">Ten ve\u010der Miles sledoval televizi, zat\u00edmco j\u00e1 st\u00e1la na na\u0161em balkon\u011b.<\/p>\n\n\n\n<p class=\"wp-block-paragraph\">Pak jsem dole usly\u0161ela zn\u00e1m\u00fd hlas.<\/p>\n\n\n\n<p class=\"wp-block-paragraph\">\u201eSienno, \u0159ekl jsem ti, \u017ee neutrat\u00edm dal\u0161\u00edch tis\u00edc dolar\u016f jen proto, \u017ee ses najednou rozhodla, \u017ee se ti nel\u00edb\u00ed n\u00e1u\u0161nice, kter\u00e9 sis koupila v\u010dera.\u201c<\/p>\n\n\n\n<p class=\"wp-block-paragraph\">Ka\u017ed\u00fd sval v m\u00e9m t\u011ble ztuhl.<\/p>\n\n\n\n<p class=\"wp-block-paragraph\">Naklonila jsem se p\u0159es z\u00e1bradl\u00ed.<\/p>\n\n\n\n<p class=\"wp-block-paragraph\">O patro n\u00ed\u017e st\u00e1l Grant na jin\u00e9m balkon\u011b s blon\u010fatou \u017eenou z letadla.<\/p>\n\n\n\n<p class=\"wp-block-paragraph\">Zalo\u017eila si ruce.<\/p>\n\n\n\n<p class=\"wp-block-paragraph\">\u201eSl\u00edbil jsi, \u017ee Charleston bude romantick\u00fd.\u201c<\/p>\n\n\n\n<p class=\"wp-block-paragraph\">\u201eJe romantick\u00fd.\u201c<\/p>\n\n\n\n<p class=\"wp-block-paragraph\">\u201eNe, kdy\u017e si st\u011b\u017euje\u0161 na ka\u017ed\u00fd dolar.\u201c<\/p>\n\n\n\n<p class=\"wp-block-paragraph\">Grant si povzdechl.<\/p>\n\n\n\n<p class=\"wp-block-paragraph\">Pak \u0159ekl n\u011bco, co odstranilo v\u0161echny zb\u00fdvaj\u00edc\u00ed pochybnosti.<\/p>\n\n\n\n<p class=\"wp-block-paragraph\">\u201eJednou zjist\u00ed\u0161, \u017ee b\u00fdt hezk\u00e1 nevy\u0159e\u0161\u00ed ka\u017ed\u00fd probl\u00e9m.\u201c<\/p>\n\n\n\n<p class=\"wp-block-paragraph\">Prsty se mi sev\u0159ely kolem z\u00e1bradl\u00ed.<\/p>\n\n\n\n<p class=\"wp-block-paragraph\">Kdysi mi \u0159ekl t\u00e9m\u011b\u0159 tot\u00e9\u017e.<\/p>\n\n\n\n<p class=\"wp-block-paragraph\">Bylo to kr\u00e1tce po Milesov\u011b narozen\u00ed, kdy\u017e jsem zm\u00ednila, \u017ee se vr\u00e1t\u00edm do pr\u00e1ce. Byla jsem vy\u010derpan\u00e1 a nejist\u00e1 a m\u00edsto povzbuzen\u00ed mi Grant podobnou pozn\u00e1mku \u0159ekl s \u00fasm\u011bvem.<\/p>\n\n\n\n<p class=\"wp-block-paragraph\">Pamatovala jsem si ji dodnes.<\/p>\n\n\n\n<p class=\"wp-block-paragraph\">\u017d\u00e1dn\u00fd ciz\u00ed \u010dlov\u011bk nemohl zn\u00e1t tu v\u011btu.<\/p>\n\n\n\n<p class=\"wp-block-paragraph\">Grant Harper byl na\u017eivu.<\/p>\n\n\n\n<p class=\"wp-block-paragraph\">A rozhodl se nevr\u00e1tit dom\u016f.<\/p>\n\n\n\n<h2 class=\"wp-block-heading\">T\u0159i sedadla od n\u011bj<\/h2>\n\n\n\n<p class=\"wp-block-paragraph\">N\u00e1sleduj\u00edc\u00ed ve\u010der jsem ho na\u0161la v hotelov\u00e9m baru.<\/p>\n\n\n\n<p class=\"wp-block-paragraph\">Zjistila jsem, \u017ee jeho pokoj je o patro pod na\u0161\u00edm, i kdy\u017e st\u00e1le nev\u00edm, jak dlouho \u017eil jako \u201eCaleb\u201c.<\/p>\n\n\n\n<p class=\"wp-block-paragraph\">Sed\u011bla jsem na opa\u010dn\u00e9m konci baru v br\u00fdl\u00edch a lehk\u00e9 bund\u011b.<\/p>\n\n\n\n<p class=\"wp-block-paragraph\">Grant byl s\u00e1m.<\/p>\n\n\n\n<p class=\"wp-block-paragraph\">Sienna z\u0159ejm\u011b ode\u0161la po dal\u0161\u00ed h\u00e1dce.<\/p>\n\n\n\n<p class=\"wp-block-paragraph\">Nakonec se na m\u011b pod\u00edval.<\/p>\n\n\n\n<p class=\"wp-block-paragraph\">\u201eVypad\u00e1te jako n\u011bkdo, kdo m\u00e1 lep\u0161\u00ed ve\u010der ne\u017e j\u00e1.\u201c<\/p>\n\n\n\n<p class=\"wp-block-paragraph\">Ta absurdita m\u011b m\u00e1lem rozesm\u00e1la.<\/p>\n\n\n\n<p class=\"wp-block-paragraph\">Mu\u017e, kter\u00e9ho jsem oplak\u00e1vala, se se mnou sna\u017eil nez\u00e1vazn\u011b konverzovat, proto\u017ee nepoznal vlastn\u00ed man\u017eelku.<\/p>\n\n\n\n<p class=\"wp-block-paragraph\">\u010cas zm\u011bnil i m\u011b.<\/p>\n\n\n\n<p class=\"wp-block-paragraph\">Vlasy jsem m\u011bla krat\u0161\u00ed. Zhubla jsem. \u017dena, kterou si Grant pamatoval, byla nerv\u00f3zn\u00ed, vy\u010derpan\u00e1 a neust\u00e1le se za n\u011bco omlouvala.<\/p>\n\n\n\n<p class=\"wp-block-paragraph\">U\u017e neexistovala.<\/p>\n\n\n\n<p class=\"wp-block-paragraph\">\u201eMo\u017en\u00e1 jsem se jednodu\u0161e nau\u010dila nenechat si zkazit dobr\u00fd ve\u010der lidmi, kte\u0159\u00ed m\u011b zklamali,\u201c odpov\u011bd\u011bla jsem.<\/p>\n\n\n\n<p class=\"wp-block-paragraph\">Grant se unaven\u011b usm\u00e1l.<\/p>\n\n\n\n<p class=\"wp-block-paragraph\">\u201eTo zn\u00ed jako zku\u0161enost.\u201c<\/p>\n\n\n\n<p class=\"wp-block-paragraph\">\u201eTo tak\u00e9 je.\u201c<\/p>\n\n\n\n<p class=\"wp-block-paragraph\">Zvedl sklenici.<\/p>\n\n\n\n<p class=\"wp-block-paragraph\">\u201eVztahy jsou komplikovan\u00e9.\u201c<\/p>\n\n\n\n<p class=\"wp-block-paragraph\">Pod\u00edvala jsem se mu p\u0159\u00edmo do o\u010d\u00ed.<\/p>\n\n\n\n<p class=\"wp-block-paragraph\">\u201eJen kdy\u017e lid\u00e9 odm\u00edtaj\u00ed \u0159\u00edkat pravdu.\u201c<\/p>\n\n\n\n<p class=\"wp-block-paragraph\">V jeho tv\u00e1\u0159i se n\u011bco zm\u011bnilo.<\/p>\n\n\n\n<p class=\"wp-block-paragraph\">Pokra\u010dovala jsem.<\/p>\n\n\n\n<p class=\"wp-block-paragraph\">\u201eN\u011bkdy si lid\u00e9 namlouvaj\u00ed, \u017ee ut\u00e9ct je jednodu\u0161\u0161\u00ed ne\u017e \u010delit tomu, co ud\u011blali.\u201c<\/p>\n\n\n\n<p class=\"wp-block-paragraph\">\u00dasm\u011bv mu zmizel z tv\u00e1\u0159e.<\/p>\n\n\n\n<p class=\"wp-block-paragraph\">\u201eU\u017e jsme se n\u011bkdy setkali?\u201c<\/p>\n\n\n\n<p class=\"wp-block-paragraph\">Vstala jsem.<\/p>\n\n\n\n<p class=\"wp-block-paragraph\">\u201eMo\u017en\u00e1 v\u00e1m jen p\u0159ipom\u00edn\u00e1m n\u011bkoho, koho jste kdysi opustil.\u201c<\/p>\n\n\n\n<p class=\"wp-block-paragraph\">N\u011bkolik vte\u0159in na m\u011b z\u00edral.<\/p>\n\n\n\n<p class=\"wp-block-paragraph\">Pak jsem v jeho tv\u00e1\u0159i za\u010dala pozorovat pozn\u00e1n\u00ed.<\/p>\n\n\n\n<p class=\"wp-block-paragraph\">Ode\u0161la jsem d\u0159\u00edv, ne\u017e mohl vyslovit m\u00e9 jm\u00e9no.<\/p>\n\n\n\n<h2 class=\"wp-block-heading\">Okam\u017eik, kdy u\u017e se nemohl d\u00e1l skr\u00fdvat<\/h2>\n\n\n\n<p class=\"wp-block-paragraph\">N\u00e1sleduj\u00edc\u00ed odpoledne jsme s Milesem byli u hotelov\u00e9ho baz\u00e9nu, kdy\u017e se znovu objevil Grant se Siennou.<\/p>\n\n\n\n<p class=\"wp-block-paragraph\">Cht\u011bla jsem odej\u00edt.<\/p>\n\n\n\n<p class=\"wp-block-paragraph\">Ne\u017e jsem ale sta\u010dila sbalit na\u0161e v\u011bci, Grant se n\u00e1hle zastavil.<\/p>\n\n\n\n<p class=\"wp-block-paragraph\">Polo\u017eil si ruku na hru\u010f.<\/p>\n\n\n\n<p class=\"wp-block-paragraph\">Rychle si sedl a vypadal zmaten\u011b a om\u00e1men\u011b.<\/p>\n\n\n\n<p class=\"wp-block-paragraph\">N\u011bkolik host\u016f zavolalo hotelov\u00fd person\u00e1l.<\/p>\n\n\n\n<p class=\"wp-block-paragraph\">A\u0165 u\u017e jsem k n\u011bmu c\u00edtila cokoli, nemohla jsem ignorovat \u010dlov\u011bka, kter\u00fd zjevn\u011b pot\u0159eboval pomoc.<\/p>\n\n\n\n<p class=\"wp-block-paragraph\">P\u0159istoupila jsem bl\u00ed\u017e a \u0159ekla zam\u011bstnanci, aby zavolal hotelov\u00fd zdravotnick\u00fd t\u00fdm.<\/p>\n\n\n\n<p class=\"wp-block-paragraph\">Grant vzhl\u00e9dl.<\/p>\n\n\n\n<p class=\"wp-block-paragraph\">Br\u00fdle mi sklouzly n\u00ed\u017e.<\/p>\n\n\n\n<p class=\"wp-block-paragraph\">Poprv\u00e9 po t\u00e9m\u011b\u0159 t\u0159ech letech jsme se pod\u00edvali jeden druh\u00e9mu do o\u010d\u00ed.<\/p>\n\n\n\n<p class=\"wp-block-paragraph\">Jeho tv\u00e1\u0159 zbledla.<\/p>\n\n\n\n<p class=\"wp-block-paragraph\">\u201eCamille?\u201c<\/p>\n\n\n\n<p class=\"wp-block-paragraph\">Miles za mnou ztuhl.<\/p>\n\n\n\n<p class=\"wp-block-paragraph\">Grant se pod\u00edval na n\u011bj.<\/p>\n\n\n\n<p class=\"wp-block-paragraph\">Jeho v\u00fdraz se zlomil.<\/p>\n\n\n\n<p class=\"wp-block-paragraph\">\u201eMiles\u2026\u201c<\/p>\n\n\n\n<p class=\"wp-block-paragraph\">M\u016fj syn z\u00edral na otce, kter\u00fd mu cel\u00e9 roky chyb\u011bl.<\/p>\n\n\n\n<p class=\"wp-block-paragraph\">\u201eTati?\u201c<\/p>\n\n\n\n<p class=\"wp-block-paragraph\">Jemn\u011b jsem Milese chytila za ramena.<\/p>\n\n\n\n<p class=\"wp-block-paragraph\">\u201ePoj\u010f se mnou.\u201c<\/p>\n\n\n\n<p class=\"wp-block-paragraph\">Grant se pokusil vst\u00e1t.<\/p>\n\n\n\n<p class=\"wp-block-paragraph\">\u201eCamille, pros\u00edm.\u201c<\/p>\n\n\n\n<p class=\"wp-block-paragraph\">Pod\u00edvala jsem se na n\u011bj.<\/p>\n\n\n\n<p class=\"wp-block-paragraph\">\u201eNe tady.\u201c<\/p>\n\n\n\n<p class=\"wp-block-paragraph\">Poprv\u00e9 m\u011b poslechl.<\/p>\n\n\n\n<h2 class=\"wp-block-heading\">Vysv\u011btlen\u00ed, na kter\u00e9 jsem \u010dekala t\u0159i roky<\/h2>\n\n\n\n<p class=\"wp-block-paragraph\">Grant p\u0159i\u0161el pozd\u011bji toho ve\u010dera k m\u00e9mu hotelov\u00e9mu pokoji.<\/p>\n\n\n\n<p class=\"wp-block-paragraph\">Nechala jsem bezpe\u010dnostn\u00ed \u0159et\u00edzek zapnut\u00fd.<\/p>\n\n\n\n<p class=\"wp-block-paragraph\">Vypadal vy\u010derpan\u011b.<\/p>\n\n\n\n<p class=\"wp-block-paragraph\">\u201ePros\u00edm, dej mi deset minut.\u201c<\/p>\n\n\n\n<p class=\"wp-block-paragraph\">\u201eT\u0159i roky ses tomuto rozhovoru vyh\u00fdbal.\u201c<\/p>\n\n\n\n<p class=\"wp-block-paragraph\">Sklopil o\u010di.<\/p>\n\n\n\n<p class=\"wp-block-paragraph\">\u201eJ\u00e1 v\u00edm.\u201c<\/p>\n\n\n\n<p class=\"wp-block-paragraph\">Kdy\u017e Miles usnul, setkala jsem se s Grantem na klidn\u00e9m n\u00e1dvo\u0159\u00ed pobl\u00ed\u017e hotelov\u00e9 recepce.<\/p>\n\n\n\n<p class=\"wp-block-paragraph\">Kolem byli dal\u0161\u00ed host\u00e9, p\u0159esn\u011b jak jsem cht\u011bla.<\/p>\n\n\n\n<p class=\"wp-block-paragraph\">Grant si sedl naproti mn\u011b a sepjal ruce.<\/p>\n\n\n\n<p class=\"wp-block-paragraph\">\u201eNe\u017e jsem zmizel, moje podnik\u00e1n\u00ed krachovalo.\u201c<\/p>\n\n\n\n<p class=\"wp-block-paragraph\">Ml\u010dela jsem.<\/p>\n\n\n\n<p class=\"wp-block-paragraph\">Pokra\u010doval.<\/p>\n\n\n\n<p class=\"wp-block-paragraph\">\u201eP\u016fj\u010dil jsem si pen\u00edze od soukrom\u00fdch investor\u016f, proto\u017ee jsem si myslel, \u017ee v\u0161echno dok\u00e1\u017eu zachr\u00e1nit. Po\u0159\u00e1d jsem riskoval v\u00edc a v\u00edc, proto\u017ee jsem se p\u0159\u00edli\u0161 styd\u011bl \u0159\u00edct ti, jak \u0161patn\u00e1 situace byla.\u201c<\/p>\n\n\n\n<p class=\"wp-block-paragraph\">Vzpomn\u011bla jsem si na podivn\u00e9 telefon\u00e1ty.<\/p>\n\n\n\n<p class=\"wp-block-paragraph\">Na chyb\u011bj\u00edc\u00ed dokumenty.<\/p>\n\n\n\n<p class=\"wp-block-paragraph\">Na nevysv\u011btlen\u00e9 cesty.<\/p>\n\n\n\n<p class=\"wp-block-paragraph\">\u201eNakonec jsem dlu\u017eil v\u00edc, ne\u017e jsem mohl splatit,\u201c \u0159ekl. \u201eN\u011bkte\u0159\u00ed lid\u00e9, kter\u00fdch se to t\u00fdkalo, na m\u011b za\u010dali tla\u010dit. V\u011bd\u011bli, kde bydl\u00edme. V\u011bd\u011bli, kam Miles chod\u00ed do \u0161koly.\u201c<\/p>\n\n\n\n<p class=\"wp-block-paragraph\">Hlas se mu t\u0159\u00e1sl.<\/p>\n\n\n\n<p class=\"wp-block-paragraph\">\u201eP\u0159esv\u011bd\u010dil jsem se, \u017ee kdy\u017e v\u0161ichni uv\u011b\u0159\u00ed, \u017ee jsem mrtv\u00fd, probl\u00e9my spojen\u00e9 se mnou mo\u017en\u00e1 zmiz\u00ed.\u201c<\/p>\n\n\n\n<p class=\"wp-block-paragraph\">Z\u00edrala jsem na n\u011bj.<\/p>\n\n\n\n<p class=\"wp-block-paragraph\">\u201eTak\u017ee jsi zmizel.\u201c<\/p>\n\n\n\n<p class=\"wp-block-paragraph\">Grant p\u0159ik\u00fdvl.<\/p>\n\n\n\n<p class=\"wp-block-paragraph\">\u201eMyslel jsem, \u017ee v\u00e1s chr\u00e1n\u00edm.\u201c<\/p>\n\n\n\n<p class=\"wp-block-paragraph\">Ho\u0159ce jsem se zasm\u00e1la.<\/p>\n\n\n\n<p class=\"wp-block-paragraph\">\u201eNechal jsi sv\u00e9ho p\u011btilet\u00e9ho syna v\u011b\u0159it, \u017ee se jeho otec u\u017e nikdy nevr\u00e1t\u00ed, a tomu \u0159\u00edk\u00e1\u0161 ochrana?\u201c<\/p>\n\n\n\n<p class=\"wp-block-paragraph\">\u201eM\u011bl jsem strach.\u201c<\/p>\n\n\n\n<p class=\"wp-block-paragraph\">\u201eJ\u00e1 taky.\u201c<\/p>\n\n\n\n<p class=\"wp-block-paragraph\">Trhl sebou.<\/p>\n\n\n\n<p class=\"wp-block-paragraph\">\u201eB\u00e1la jsem se poka\u017ed\u00e9, kdy\u017e se Miles probudil s pl\u00e1\u010dem. B\u00e1la jsem se, kdy\u017e p\u0159i\u0161ly \u00fa\u010dty, kter\u00fdm jsem nerozum\u011bla. B\u00e1la jsem se poka\u017ed\u00e9, kdy\u017e mi zavolala pob\u0159e\u017en\u00ed str\u00e1\u017e. Cel\u00e9 roky jsem p\u0159em\u00fd\u0161lela, jestli ses n\u011bkde s\u00e1m a vyd\u011b\u0161en\u00fd neb\u00e1l.\u201c<\/p>\n\n\n\n<p class=\"wp-block-paragraph\">Grant si ot\u0159el o\u010di.<\/p>\n\n\n\n<p class=\"wp-block-paragraph\">\u201ePos\u00edlal jsem pen\u00edze p\u0159es b\u00fdval\u00e9ho spolupracovn\u00edka.\u201c<\/p>\n\n\n\n<p class=\"wp-block-paragraph\">\u201ePen\u00edze nevychovaly Milese.\u201c<\/p>\n\n\n\n<p class=\"wp-block-paragraph\">Sklopil hlavu.<\/p>\n\n\n\n<p class=\"wp-block-paragraph\">\u201eJ\u00e1 v\u00edm.\u201c<\/p>\n\n\n\n<p class=\"wp-block-paragraph\">\u201ePen\u00edze mu neodpov\u011bd\u011bly, kdy\u017e se ptal, jestli si pamatuje\u0161 jeho narozeniny. Pen\u00edze s n\u00edm nesed\u011bly na \u0161koln\u00edch akc\u00edch. Pen\u00edze mu nevysv\u011btlily, pro\u010d nikdy nedostal posledn\u00ed sbohem.\u201c<\/p>\n\n\n\n<p class=\"wp-block-paragraph\">Grant ml\u010del.<\/p>\n\n\n\n<p class=\"wp-block-paragraph\">Pak jsem mu polo\u017eila ot\u00e1zku, kterou jsem v sob\u011b nosila t\u0159i roky.<\/p>\n\n\n\n<p class=\"wp-block-paragraph\">\u201ePro\u010d ses nevr\u00e1til, kdy\u017e nebezpe\u010d\u00ed pominulo?\u201c<\/p>\n\n\n\n<p class=\"wp-block-paragraph\">Nejprve odpov\u011bd\u011blo jeho ml\u010den\u00ed.<\/p>\n\n\n\n<p class=\"wp-block-paragraph\">\u201eProto\u017ee \u010d\u00edm d\u00e9le jsem z\u016fst\u00e1val pry\u010d,\u201c za\u0161eptal nakonec, \u201et\u00edm t\u011b\u017e\u0161\u00ed bylo p\u0159iznat si, co jsem ud\u011blal.\u201c<\/p>\n\n\n\n<p class=\"wp-block-paragraph\">A bylo to tady.<\/p>\n\n\n\n<p class=\"wp-block-paragraph\">\u017d\u00e1dn\u00e1 ob\u011b\u0165.<\/p>\n\n\n\n<p class=\"wp-block-paragraph\">\u017d\u00e1dn\u00e9 hrdinstv\u00ed.<\/p>\n\n\n\n<p class=\"wp-block-paragraph\">Jen strach zahalen\u00fd do v\u00fdmluv.<\/p>\n\n\n\n<h2 class=\"wp-block-heading\">Druh\u00e1 \u017eena se dozv\u011bd\u011bla pravdu<\/h2>\n\n\n\n<p class=\"wp-block-paragraph\">Za n\u00e1mi se ozval hlas.<\/p>\n\n\n\n<p class=\"wp-block-paragraph\">\u201eCalebe?\u201c<\/p>\n\n\n\n<p class=\"wp-block-paragraph\">U vchodu na n\u00e1dvo\u0159\u00ed st\u00e1la Sienna.<\/p>\n\n\n\n<p class=\"wp-block-paragraph\">Pod\u00edvala se z Granta na m\u011b.<\/p>\n\n\n\n<p class=\"wp-block-paragraph\">\u201eKdo je to?\u201c<\/p>\n\n\n\n<p class=\"wp-block-paragraph\">Grant zav\u0159el o\u010di.<\/p>\n\n\n\n<p class=\"wp-block-paragraph\">Postavila jsem se.<\/p>\n\n\n\n<p class=\"wp-block-paragraph\">\u201eJmenuje se Grant Harper.\u201c<\/p>\n\n\n\n<p class=\"wp-block-paragraph\">Sienna zamra\u010dila.<\/p>\n\n\n\n<p class=\"wp-block-paragraph\">Pokra\u010dovala jsem.<\/p>\n\n\n\n<p class=\"wp-block-paragraph\">\u201eJe to m\u016fj man\u017eel a ten mal\u00fd chlapec, kter\u00e9ho jsi p\u0159edt\u00edm vid\u011bla, je jeho syn.\u201c<\/p>\n\n\n\n<p class=\"wp-block-paragraph\">Z\u00edrala na n\u011bj.<\/p>\n\n\n\n<p class=\"wp-block-paragraph\">\u201e\u0158ekl jsi mi, \u017ee jsi vdovec.\u201c<\/p>\n\n\n\n<p class=\"wp-block-paragraph\">Grant nic ne\u0159ekl.<\/p>\n\n\n\n<p class=\"wp-block-paragraph\">Sienna p\u0159istoupila bl\u00ed\u017e.<\/p>\n\n\n\n<p class=\"wp-block-paragraph\">\u201e\u0158ekl jsi, \u017ee tvoje \u017eena p\u0159ed lety zem\u0159ela.\u201c<\/p>\n\n\n\n<p class=\"wp-block-paragraph\">\u201eSienno, m\u016f\u017eu ti to vysv\u011btlit.\u201c<\/p>\n\n\n\n<p class=\"wp-block-paragraph\">Zavrt\u011bla hlavou.<\/p>\n\n\n\n<p class=\"wp-block-paragraph\">\u201eNe. Mysl\u00edm, \u017ee jsi ve sv\u00e9m \u017eivot\u011b vysv\u011btlil u\u017e dost v\u011bc\u00ed.\u201c<\/p>\n\n\n\n<p class=\"wp-block-paragraph\">O\u010di se j\u00ed naplnily slzami, ale jej\u00ed hlas z\u016fstal klidn\u00fd.<\/p>\n\n\n\n<p class=\"wp-block-paragraph\">\u201eNevybudoval sis nov\u00fd \u017eivot. Jen ses v n\u011bm schoval.\u201c<\/p>\n\n\n\n<p class=\"wp-block-paragraph\">Oto\u010dila se a ode\u0161la.<\/p>\n\n\n\n<p class=\"wp-block-paragraph\">Grant se za n\u00ed vydal.<\/p>\n\n\n\n<p class=\"wp-block-paragraph\">Pak se zastavil.<\/p>\n\n\n\n<p class=\"wp-block-paragraph\">Mo\u017en\u00e1 poprv\u00e9 pochopil, \u017ee honit se za jin\u00fdm \u010dlov\u011bkem nenaprav\u00ed to, co bylo \u0161patn\u011b v n\u011bm samotn\u00e9m.<\/p>\n\n\n\n<h2 class=\"wp-block-heading\">Miles si zaslou\u017eil zn\u00e1t pravdu<\/h2>\n\n\n\n<p class=\"wp-block-paragraph\">N\u00e1sleduj\u00edc\u00ed r\u00e1no jsem sed\u011bla vedle Milese na posteli.<\/p>\n\n\n\n<p class=\"wp-block-paragraph\">T\u00e9m\u011b\u0159 nespal.<\/p>\n\n\n\n<p class=\"wp-block-paragraph\">\u201eJe t\u00e1ta opravdu na\u017eivu?\u201c<\/p>\n\n\n\n<p class=\"wp-block-paragraph\">\u201eAno.\u201c<\/p>\n\n\n\n<p class=\"wp-block-paragraph\">O\u010di se mu zalily slzami.<\/p>\n\n\n\n<p class=\"wp-block-paragraph\">\u201eTak pro\u010d se nevr\u00e1til dom\u016f?\u201c<\/p>\n\n\n\n<p class=\"wp-block-paragraph\">Neexistovala dokonal\u00e1 odpov\u011b\u010f.<\/p>\n\n\n\n<p class=\"wp-block-paragraph\">Vzala jsem ho za ruce.<\/p>\n\n\n\n<p class=\"wp-block-paragraph\">\u201eTv\u016fj t\u00e1ta d\u011blal rozhodnut\u00ed, proto\u017ee m\u011bl strach a byl zmaten\u00fd. Ta rozhodnut\u00ed n\u00e1m ale velmi ubl\u00ed\u017eila. Pot\u0159ebuje\u0161 v\u0161ak pochopit jednu d\u016fle\u017eitou v\u011bc: nic z toho se nestalo proto, \u017ee bys nest\u00e1l za to, aby se k tob\u011b vr\u00e1til.\u201c<\/p>\n\n\n\n<p class=\"wp-block-paragraph\">Miles sklopil o\u010di.<\/p>\n\n\n\n<p class=\"wp-block-paragraph\">\u201eM\u00e1 m\u011b po\u0159\u00e1d r\u00e1d?\u201c<\/p>\n\n\n\n<p class=\"wp-block-paragraph\">\u201eV\u011b\u0159\u00edm, \u017ee ano. Ale milovat n\u011bkoho a spr\u00e1vn\u011b se k n\u011bmu chovat nen\u00ed v\u017edy tot\u00e9\u017e.\u201c<\/p>\n\n\n\n<p class=\"wp-block-paragraph\">Toho r\u00e1na jsem dovolila Grantovi, aby se s n\u00e1mi setkal v hotelov\u00e9 kav\u00e1rn\u011b.<\/p>\n\n\n\n<p class=\"wp-block-paragraph\">Kdy\u017e Miles vstoupil, Grant vstal.<\/p>\n\n\n\n<p class=\"wp-block-paragraph\">Ani jeden nic ne\u0159ekl.<\/p>\n\n\n\n<p class=\"wp-block-paragraph\">Pak k n\u011bmu Miles p\u0159istoupil.<\/p>\n\n\n\n<p class=\"wp-block-paragraph\">Grant si klekl.<\/p>\n\n\n\n<p class=\"wp-block-paragraph\">M\u016fj syn objal sv\u00e9ho otce.<\/p>\n\n\n\n<p class=\"wp-block-paragraph\">Grant se rozplakal.<\/p>\n\n\n\n<p class=\"wp-block-paragraph\">\u201eJe mi to l\u00edto, kamar\u00e1de. M\u011bl jsem se vr\u00e1tit. Ty jsi neud\u011blal nic \u0161patn\u011b.\u201c<\/p>\n\n\n\n<p class=\"wp-block-paragraph\">Miles ho pevn\u011b dr\u017eel.<\/p>\n\n\n\n<p class=\"wp-block-paragraph\">\u201ePro\u010d jsi m\u011b opustil?\u201c<\/p>\n\n\n\n<p class=\"wp-block-paragraph\">Grant se pod\u00edval na m\u011b.<\/p>\n\n\n\n<p class=\"wp-block-paragraph\">Nedala jsem mu \u017e\u00e1dnou z\u00e1chranu.<\/p>\n\n\n\n<p class=\"wp-block-paragraph\">Tentokr\u00e1t musel odpov\u011bd\u011bt s\u00e1m.<\/p>\n\n\n\n<p class=\"wp-block-paragraph\">\u201eM\u011bl jsem strach a m\u00edsto toho, abych ud\u011blal odv\u00e1\u017enou v\u011bc, jsem ud\u011blal stra\u0161nou chybu. A pak jsem tu chybu opakoval ka\u017ed\u00fd den, proto\u017ee jsem se styd\u011bl.\u201c<\/p>\n\n\n\n<p class=\"wp-block-paragraph\">Miles si ot\u0159el o\u010di.<\/p>\n\n\n\n<p class=\"wp-block-paragraph\">\u201eZase zmiz\u00ed\u0161?\u201c<\/p>\n\n\n\n<p class=\"wp-block-paragraph\">Grant polkl.<\/p>\n\n\n\n<p class=\"wp-block-paragraph\">\u201eU\u017e nikdy se nerozhodnu zmizet. Ale tvoje m\u00e1ma rozhoduje o tom, co je pro tebe bezpe\u010dn\u00e9, a j\u00e1 jej\u00ed rozhodnut\u00ed budu respektovat.\u201c<\/p>\n\n\n\n<p class=\"wp-block-paragraph\">Poprv\u00e9 od chv\u00edle, kdy jsem ho na\u0161la, jsem sly\u0161ela odpov\u011bdnost m\u00edsto v\u00fdmluv.<\/p>\n\n\n\n<h2 class=\"wp-block-heading\">Odpu\u0161t\u011bn\u00ed neznamenalo druh\u00e9 man\u017eelstv\u00ed<\/h2>\n\n\n\n<p class=\"wp-block-paragraph\">Ne\u017e jsme Charleston opustili, Grant m\u011b je\u0161t\u011b jednou po\u017e\u00e1dal o soukrom\u00fd rozhovor.<\/p>\n\n\n\n<p class=\"wp-block-paragraph\">Sl\u00edbil, \u017ee se vr\u00e1t\u00ed na Rhode Island, najme si pr\u00e1vn\u00edka, naprav\u00ed sv\u016fj pr\u00e1vn\u00ed status, bude spolupracovat p\u0159i vy\u0161et\u0159ov\u00e1n\u00ed finan\u010dn\u00edch probl\u00e9m\u016f, kter\u00e9 po sob\u011b zanechal, a za\u010dne chodit na terapii, ne\u017e po\u017e\u00e1d\u00e1 o pravideln\u00fd kontakt s Milesem.<\/p>\n\n\n\n<p class=\"wp-block-paragraph\">\u0158ekla jsem mu, \u017ee to jsou jeho povinnosti, ne laskavosti.<\/p>\n\n\n\n<p class=\"wp-block-paragraph\">Pak polo\u017eil ot\u00e1zku, o kter\u00e9 jsem v\u011bd\u011bla, \u017ee p\u0159ijde.<\/p>\n\n\n\n<p class=\"wp-block-paragraph\">\u201eExistuje n\u011bjak\u00e1 mo\u017enost, \u017ee bychom ty a j\u00e1 mohli n\u011bkdy za\u010d\u00edt znovu?\u201c<\/p>\n\n\n\n<p class=\"wp-block-paragraph\">Pozorn\u011b jsem se na n\u011bj pod\u00edvala.<\/p>\n\n\n\n<p class=\"wp-block-paragraph\">Kdysi bych dala t\u00e9m\u011b\u0159 cokoli za to, abych zjistila, \u017ee je Grant na\u017eivu.<\/p>\n\n\n\n<p class=\"wp-block-paragraph\">Ale ta \u017eena str\u00e1vila t\u00e9m\u011b\u0159 t\u0159i roky t\u00edm, \u017ee znovu vybudovala sama sebe.<\/p>\n\n\n\n<p class=\"wp-block-paragraph\">Nau\u010dila se v\u00e9st dom\u00e1cnost sama.<\/p>\n\n\n\n<p class=\"wp-block-paragraph\">Vychov\u00e1vat Milese bez \u010dek\u00e1n\u00ed, a\u017e se n\u011bkdo jin\u00fd kone\u010dn\u011b stane spolehliv\u00fdm.<\/p>\n\n\n\n<p class=\"wp-block-paragraph\">Nau\u010dila se, \u017ee samota bol\u00ed, ale nejistota bol\u00ed je\u0161t\u011b v\u00edc.<\/p>\n\n\n\n<p class=\"wp-block-paragraph\">\u201eDouf\u00e1m, \u017ee se stane\u0161 otcem, kter\u00e9ho si Miles zaslou\u017e\u00ed,\u201c \u0159ekla jsem mu. \u201eOpravdu v to douf\u00e1m.\u201c<\/p>\n\n\n\n<p class=\"wp-block-paragraph\">V jeho tv\u00e1\u0159i se objevil z\u00e1blesk nad\u011bje.<\/p>\n\n\n\n<p class=\"wp-block-paragraph\">Pak jsem dokon\u010dila v\u011btu.<\/p>\n\n\n\n<p class=\"wp-block-paragraph\">\u201eAle u\u017e nikdy nebudu tvou man\u017eelkou.\u201c<\/p>\n\n\n\n<p class=\"wp-block-paragraph\">Sklopil o\u010di.<\/p>\n\n\n\n<p class=\"wp-block-paragraph\">\u201eNen\u00e1vid\u00ed\u0161 m\u011b?\u201c<\/p>\n\n\n\n<p class=\"wp-block-paragraph\">Zamyslela jsem se.<\/p>\n\n\n\n<p class=\"wp-block-paragraph\">P\u0159ekvapiv\u011b ne.<\/p>\n\n\n\n<p class=\"wp-block-paragraph\">\u201eNe.\u201c<\/p>\n\n\n\n<p class=\"wp-block-paragraph\">Grant vzhl\u00e9dl.<\/p>\n\n\n\n<p class=\"wp-block-paragraph\">\u201ePak mezi n\u00e1mi mo\u017en\u00e1 st\u00e1le n\u011bco je.\u201c<\/p>\n\n\n\n<p class=\"wp-block-paragraph\">Zavrt\u011bla jsem hlavou.<\/p>\n\n\n\n<p class=\"wp-block-paragraph\">\u201eTak odpu\u0161t\u011bn\u00ed nefunguje.\u201c<\/p>\n\n\n\n<p class=\"wp-block-paragraph\">Ml\u010del.<\/p>\n\n\n\n<p class=\"wp-block-paragraph\">\u201eOdpustit ti znamen\u00e1, \u017ee odm\u00edt\u00e1m str\u00e1vit zbytek \u017eivota nesen\u00edm hn\u011bvu za rozhodnut\u00ed, kter\u00e1 jsem neud\u011blala. Neznamen\u00e1 to, \u017ee automaticky dostane\u0161 zp\u011bt sv\u00e9 star\u00e9 m\u00edsto v m\u00e9m \u017eivot\u011b jen proto, \u017ee ti kone\u010dn\u011b do\u0161lo, o co jsi p\u0159i\u0161el.\u201c<\/p>\n\n\n\n<p class=\"wp-block-paragraph\">Grant pomalu p\u0159ik\u00fdvl.<\/p>\n\n\n\n<p class=\"wp-block-paragraph\">Tentokr\u00e1t se neh\u00e1dal.<\/p>\n\n\n\n<h2 class=\"wp-block-heading\">Let dom\u016f<\/h2>\n\n\n\n<p class=\"wp-block-paragraph\">Miles spal b\u011bhem letu na sever op\u0159en\u00fd o m\u00e9 rameno.<\/p>\n\n\n\n<p class=\"wp-block-paragraph\">Dr\u017eela jsem ho za ruku.<\/p>\n\n\n\n<p class=\"wp-block-paragraph\">Za oknem se pod n\u00e1mi nekone\u010dn\u011b rozprost\u00edraly mraky.<\/p>\n\n\n\n<p class=\"wp-block-paragraph\">P\u0159ed t\u0159emi lety jsem se stala vdovou bez posledn\u00edho rozlou\u010den\u00ed.<\/p>\n\n\n\n<p class=\"wp-block-paragraph\">Te\u010f jsem se vracela dom\u016f s v\u011bdom\u00edm, \u017ee mu\u017e, kter\u00e9ho jsem oplak\u00e1vala, je na\u017eivu.<\/p>\n\n\n\n<p class=\"wp-block-paragraph\">Kupodivu m\u011b pravda nep\u0159im\u011bla c\u00edtit se znovu vdan\u00e1.<\/p>\n\n\n\n<p class=\"wp-block-paragraph\">P\u0159inesla mi pocit svobody.<\/p>\n\n\n\n<p class=\"wp-block-paragraph\">Grant dostane \u0161anci znovu vybudovat vztah s Milesem, ale pouze prost\u0159ednictv\u00edm trp\u011blivosti, up\u0159\u00edmnosti, odpov\u011bdnosti a d\u016fsledn\u00fdch \u010din\u016f.<\/p>\n\n\n\n<p class=\"wp-block-paragraph\">Co se t\u00fdk\u00e1 m\u011b, skon\u010dila jsem s \u010dek\u00e1n\u00edm, \u017ee vysv\u011btlen\u00ed naprav\u00ed n\u00e1sledky rozhodnut\u00ed, kter\u00e1 u\u017e zm\u011bnila m\u016fj \u017eivot.<\/p>\n\n\n\n<p class=\"wp-block-paragraph\">Pod\u00edvala jsem se na Milese, kter\u00fd vedle m\u011b spal, a pochopila n\u011bco, co jsem si p\u0159\u00e1la v\u011bd\u011bt u\u017e p\u0159ed lety.<\/p>\n\n\n\n<p class=\"wp-block-paragraph\">To, \u017ee m\u011b n\u011bkdo opustil, nikdy neznamenalo, \u017ee nejsem hodna l\u00e1sky.<\/p>\n\n\n\n<p class=\"wp-block-paragraph\">To, \u017ee m\u011b n\u011bkdo oklamal, neznamen\u00e1, \u017ee jsem byla hloup\u00e1.<\/p>\n\n\n\n<p class=\"wp-block-paragraph\">A odpu\u0161t\u011bn\u00ed neznamen\u00e1, \u017ee mus\u00edm n\u011bkomu vr\u00e1tit stejn\u00fd kl\u00ed\u010d od dve\u0159\u00ed, kter\u00fd kdysi pou\u017eil, aby z m\u00e9ho \u017eivota ode\u0161el.<\/p>\n\n\n\n<p class=\"wp-block-paragraph\">Poprv\u00e9 u\u017e jsem nebyla \u017eenou \u010dekaj\u00edc\u00ed na n\u00e1vrat Granta Harpera.<\/p>\n\n\n\n<p class=\"wp-block-paragraph\">Byla jsem Camille Harperov\u00e1, kter\u00e1 se kone\u010dn\u011b vracela sama k sob\u011b.<\/p>\n\n\n\n<p class=\"wp-block-paragraph\">N\u011bkdy se \u010dlov\u011bk, kter\u00fd n\u00e1m ubl\u00ed\u017eil nejv\u00edc, nakonec vr\u00e1t\u00ed s vysv\u011btlen\u00edm, l\u00edtost\u00ed a slzami. Pochopit, pro\u010d ud\u011blal bolestiv\u00e9 rozhodnut\u00ed, v\u0161ak neznamen\u00e1 d\u00e1t mu znovu stejn\u00e9 m\u00edsto ve sv\u00e9m \u017eivot\u011b.<\/p>\n\n\n\n<p class=\"wp-block-paragraph\">Odpu\u0161t\u011bn\u00ed m\u016f\u017ee b\u00fdt svobodou bez usm\u00ed\u0159en\u00ed. Zbavit se hn\u011bvu nen\u00ed tot\u00e9\u017e jako znovu otev\u0159\u00edt dve\u0159e, kter\u00e9 n\u00e1s \u017eivot nau\u010dil zav\u0159\u00edt.<\/p>\n\n\n\n<p class=\"wp-block-paragraph\">\u010clov\u011bk m\u016f\u017ee svou rodinu up\u0159\u00edmn\u011b milovat a p\u0159esto d\u011blat sobeck\u00e1 rozhodnut\u00ed, kter\u00e1 j\u00ed hluboce ubl\u00ed\u017e\u00ed. L\u00e1sku bychom nem\u011bli m\u011b\u0159it jen podle pocit\u016f, ale tak\u00e9 podle p\u0159\u00edtomnosti, up\u0159\u00edmnosti, odpov\u011bdnosti a spolehlivosti.<\/p>\n\n\n\n<p class=\"wp-block-paragraph\">D\u011bti si \u010dasto vykl\u00e1daj\u00ed rozhodnut\u00ed dosp\u011bl\u00fdch jako d\u016fkaz vlastn\u00ed hodnoty. Jednou z nejd\u016fle\u017eit\u011bj\u0161\u00edch v\u011bc\u00ed, kter\u00e9 m\u016f\u017ee rodi\u010d ud\u011blat, je p\u0159ipomenout jim, \u017ee nep\u0159\u00edtomnost druh\u00e9ho \u010dlov\u011bka nikdy nen\u00ed d\u016fkazem toho, \u017ee si nezaslou\u017eily l\u00e1sku.<\/p>\n\n\n\n<p class=\"wp-block-paragraph\">Strach m\u016f\u017ee vysv\u011btlit, pro\u010d n\u011bkdo utekl od odpov\u011bdnosti, ale nem\u016f\u017ee vymazat n\u00e1sledky, kter\u00e9 zanechal t\u011bm, kte\u0159\u00ed z\u016fstali a museli znovu vybudovat to, co bylo opu\u0161t\u011bno.<\/p>\n\n\n\n<p class=\"wp-block-paragraph\">Uzdraven\u00ed nakonec znamen\u00e1 p\u0159estat \u010dekat, a\u017e n\u011bkdo jin\u00fd pln\u011b pochop\u00ed, co ud\u011blal. Va\u0161e budoucnost toti\u017e nem\u016f\u017ee z\u00e1viset na tom, zda jin\u00fd \u010dlov\u011bk n\u011bkdy dos\u00e1hne odpov\u011bdnosti, kterou jste pot\u0159ebovali u\u017e p\u0159ed lety.<\/p>\n\n\n\n<p class=\"wp-block-paragraph\">N\u011bkdy pravda neobnov\u00ed \u017eivot, kter\u00fd jste ztratili.<\/p>\n\n\n\n<p class=\"wp-block-paragraph\">Jednodu\u0161e v\u00e1m poskytne dostatek jasnosti, abyste p\u0159estali oplak\u00e1vat iluzi a za\u010dali m\u00edsto n\u00ed budovat n\u011bco opravdov\u011bj\u0161\u00edho.<\/p>\n\n\n\n<p class=\"wp-block-paragraph\">Druh\u00e1 \u0161ance by nikdy nem\u011bla automaticky znamenat n\u00e1vrat ke star\u00e9mu uspo\u0159\u00e1d\u00e1n\u00ed. Zlomen\u00e1 d\u016fv\u011bra se mus\u00ed obnovovat opakovan\u00fdmi \u010diny, ne emocion\u00e1ln\u00edmi sliby vysloven\u00fdmi v okam\u017eiku l\u00edtosti.<\/p>\n\n\n\n<p class=\"wp-block-paragraph\">S\u00edla neznamen\u00e1 v\u017edy odej\u00edt bez emoc\u00ed. N\u011bkdy znamen\u00e1 c\u00edtit soucit s n\u011b\u010d\u00ed l\u00edtost\u00ed a p\u0159esto chr\u00e1nit hranice, jejich\u017e vytvo\u0159en\u00ed v\u00e1s st\u00e1lo tolik \u00fasil\u00ed.<\/p>\n\n\n\n<p class=\"wp-block-paragraph\">A n\u011bkdy nejsiln\u011bj\u0161\u00ed konec nen\u00ed sledovat \u010dlov\u011bka, kter\u00fd v\u00e1m ubl\u00ed\u017eil, jak trp\u00ed nebo pros\u00ed o dal\u0161\u00ed \u0161anci.<\/p>\n\n\n\n<p class=\"wp-block-paragraph\">Je to okam\u017eik, kdy si uv\u011bdom\u00edte, \u017ee v\u00e1\u0161 klid u\u017e nez\u00e1vis\u00ed na tom, jestli z\u016fstane, odejde, omluv\u00ed se, bude litovat nebo n\u011bkdy skute\u010dn\u011b pochop\u00ed, o co p\u0159i\u0161el.<\/p>\n\n\n\n<p class=\"wp-block-paragraph\"><\/p>\n","protected":false},"excerpt":{"rendered":"\u0158ekla jsem mu, \u017ee to nen\u00ed mo\u017en\u00e9 \u2014 jeho otec byl u\u017e t\u0159i roky nezv\u011bstn\u00fd. Pak jsem si v\u0161imla jizvy na mu\u017eov\u011b z\u00e1p\u011bst\u00ed \n<a class=\"moretag\" href=\"https:\/\/vendeto.am\/?p=33076\"> [...]<\/a>","protected":false},"author":1,"featured_media":33077,"comment_status":"open","ping_status":"open","sticky":false,"template":"","format":"standard","meta":{"footnotes":""},"categories":[2],"tags":[],"class_list":["post-33076","post","type-post","status-publish","format-standard","has-post-thumbnail","hentry","category-sport"],"yoast_head":"<!-- This site is optimized with the Yoast SEO plugin v28.3 - https:\/\/yoast.com\/product\/yoast-seo-wordpress\/ -->\n<title>M\u016fj desetilet\u00fd syn se vr\u00e1til z toalety v letadle a za\u0161eptal: \u201eMami\u2026 t\u00e1ta sed\u00ed vp\u0159edu.\u201c -<\/title>\n<meta name=\"robots\" content=\"index, follow, max-snippet:-1, max-image-preview:large, max-video-preview:-1\" \/>\n<link rel=\"canonical\" href=\"https:\/\/vendeto.am\/?p=33076\" \/>\n<meta property=\"og:locale\" content=\"ru_RU\" \/>\n<meta property=\"og:type\" content=\"article\" \/>\n<meta property=\"og:title\" content=\"M\u016fj desetilet\u00fd syn se vr\u00e1til z toalety v letadle a za\u0161eptal: \u201eMami\u2026 t\u00e1ta sed\u00ed vp\u0159edu.\u201c -\" \/>\n<meta property=\"og:description\" content=\"\u0158ekla jsem mu, \u017ee to nen\u00ed mo\u017en\u00e9 \u2014 jeho otec byl u\u017e t\u0159i roky nezv\u011bstn\u00fd. Pak jsem si v\u0161imla jizvy na mu\u017eov\u011b z\u00e1p\u011bst\u00ed\" \/>\n<meta property=\"og:url\" content=\"https:\/\/vendeto.am\/?p=33076\" \/>\n<meta property=\"article:published_time\" content=\"2026-08-31T18:46:41+00:00\" \/>\n<meta property=\"article:modified_time\" content=\"2026-08-31T18:46:44+00:00\" \/>\n<meta property=\"og:image\" content=\"https:\/\/vendeto.am\/wp-content\/uploads\/2026\/08\/airplane_aisle_embrace.jpg\" \/>\n\t<meta property=\"og:image:width\" content=\"1408\" \/>\n\t<meta property=\"og:image:height\" content=\"1760\" \/>\n\t<meta property=\"og:image:type\" content=\"image\/jpeg\" \/>\n<meta name=\"author\" content=\"admin\" \/>\n<meta name=\"twitter:card\" content=\"summary_large_image\" \/>\n<meta name=\"twitter:label1\" content=\"\u041d\u0430\u043f\u0438\u0441\u0430\u043d\u043e \u0430\u0432\u0442\u043e\u0440\u043e\u043c\" \/>\n\t<meta name=\"twitter:data1\" content=\"admin\" \/>\n\t<meta name=\"twitter:label2\" content=\"\u041f\u0440\u0438\u043c\u0435\u0440\u043d\u043e\u0435 \u0432\u0440\u0435\u043c\u044f \u0434\u043b\u044f \u0447\u0442\u0435\u043d\u0438\u044f\" \/>\n\t<meta name=\"twitter:data2\" content=\"16 \u043c\u0438\u043d\u0443\u0442\" \/>\n<script type=\"application\/ld+json\" class=\"yoast-schema-graph\">{\"@context\":\"https:\\\/\\\/schema.org\",\"@graph\":[{\"@type\":\"Article\",\"@id\":\"https:\\\/\\\/vendeto.am\\\/?p=33076#article\",\"isPartOf\":{\"@id\":\"https:\\\/\\\/vendeto.am\\\/?p=33076\"},\"author\":{\"name\":\"admin\",\"@id\":\"https:\\\/\\\/vendeto.am\\\/#\\\/schema\\\/person\\\/48a4bd89d2048190ecc61e5ce821bef7\"},\"headline\":\"M\u016fj desetilet\u00fd syn se vr\u00e1til z toalety v letadle a za\u0161eptal: \u201eMami\u2026 t\u00e1ta sed\u00ed vp\u0159edu.\u201c\",\"datePublished\":\"2026-08-31T18:46:41+00:00\",\"dateModified\":\"2026-08-31T18:46:44+00:00\",\"mainEntityOfPage\":{\"@id\":\"https:\\\/\\\/vendeto.am\\\/?p=33076\"},\"wordCount\":3766,\"commentCount\":0,\"image\":{\"@id\":\"https:\\\/\\\/vendeto.am\\\/?p=33076#primaryimage\"},\"thumbnailUrl\":\"https:\\\/\\\/vendeto.am\\\/wp-content\\\/uploads\\\/2026\\\/08\\\/airplane_aisle_embrace.jpg\",\"articleSection\":[\"SPORT\"],\"inLanguage\":\"ru-RU\",\"potentialAction\":[{\"@type\":\"CommentAction\",\"name\":\"Comment\",\"target\":[\"https:\\\/\\\/vendeto.am\\\/?p=33076#respond\"]}]},{\"@type\":\"WebPage\",\"@id\":\"https:\\\/\\\/vendeto.am\\\/?p=33076\",\"url\":\"https:\\\/\\\/vendeto.am\\\/?p=33076\",\"name\":\"M\u016fj desetilet\u00fd syn se vr\u00e1til z toalety v letadle a za\u0161eptal: \u201eMami\u2026 t\u00e1ta sed\u00ed vp\u0159edu.\u201c -\",\"isPartOf\":{\"@id\":\"https:\\\/\\\/vendeto.am\\\/#website\"},\"primaryImageOfPage\":{\"@id\":\"https:\\\/\\\/vendeto.am\\\/?p=33076#primaryimage\"},\"image\":{\"@id\":\"https:\\\/\\\/vendeto.am\\\/?p=33076#primaryimage\"},\"thumbnailUrl\":\"https:\\\/\\\/vendeto.am\\\/wp-content\\\/uploads\\\/2026\\\/08\\\/airplane_aisle_embrace.jpg\",\"datePublished\":\"2026-08-31T18:46:41+00:00\",\"dateModified\":\"2026-08-31T18:46:44+00:00\",\"author\":{\"@id\":\"https:\\\/\\\/vendeto.am\\\/#\\\/schema\\\/person\\\/48a4bd89d2048190ecc61e5ce821bef7\"},\"breadcrumb\":{\"@id\":\"https:\\\/\\\/vendeto.am\\\/?p=33076#breadcrumb\"},\"inLanguage\":\"ru-RU\",\"potentialAction\":[{\"@type\":\"ReadAction\",\"target\":[\"https:\\\/\\\/vendeto.am\\\/?p=33076\"]}]},{\"@type\":\"ImageObject\",\"inLanguage\":\"ru-RU\",\"@id\":\"https:\\\/\\\/vendeto.am\\\/?p=33076#primaryimage\",\"url\":\"https:\\\/\\\/vendeto.am\\\/wp-content\\\/uploads\\\/2026\\\/08\\\/airplane_aisle_embrace.jpg\",\"contentUrl\":\"https:\\\/\\\/vendeto.am\\\/wp-content\\\/uploads\\\/2026\\\/08\\\/airplane_aisle_embrace.jpg\",\"width\":1408,\"height\":1760},{\"@type\":\"BreadcrumbList\",\"@id\":\"https:\\\/\\\/vendeto.am\\\/?p=33076#breadcrumb\",\"itemListElement\":[{\"@type\":\"ListItem\",\"position\":1,\"name\":\"\u0413\u043b\u0430\u0432\u043d\u0430\u044f \u0441\u0442\u0440\u0430\u043d\u0438\u0446\u0430\",\"item\":\"https:\\\/\\\/vendeto.am\\\/\"},{\"@type\":\"ListItem\",\"position\":2,\"name\":\"M\u016fj desetilet\u00fd syn se vr\u00e1til z toalety v letadle a za\u0161eptal: \u201eMami\u2026 t\u00e1ta sed\u00ed vp\u0159edu.\u201c\"}]},{\"@type\":\"WebSite\",\"@id\":\"https:\\\/\\\/vendeto.am\\\/#website\",\"url\":\"https:\\\/\\\/vendeto.am\\\/\",\"name\":\"\",\"description\":\"\",\"potentialAction\":[{\"@type\":\"SearchAction\",\"target\":{\"@type\":\"EntryPoint\",\"urlTemplate\":\"https:\\\/\\\/vendeto.am\\\/?s={search_term_string}\"},\"query-input\":{\"@type\":\"PropertyValueSpecification\",\"valueRequired\":true,\"valueName\":\"search_term_string\"}}],\"inLanguage\":\"ru-RU\"},{\"@type\":\"Person\",\"@id\":\"https:\\\/\\\/vendeto.am\\\/#\\\/schema\\\/person\\\/48a4bd89d2048190ecc61e5ce821bef7\",\"name\":\"admin\",\"image\":{\"@type\":\"ImageObject\",\"inLanguage\":\"ru-RU\",\"@id\":\"https:\\\/\\\/secure.gravatar.com\\\/avatar\\\/df64e550a0653b7be0f1bcf897f33faad9c2c8153472b2d9319beafb51370f6f?s=96&d=mm&r=g\",\"url\":\"https:\\\/\\\/secure.gravatar.com\\\/avatar\\\/df64e550a0653b7be0f1bcf897f33faad9c2c8153472b2d9319beafb51370f6f?s=96&d=mm&r=g\",\"contentUrl\":\"https:\\\/\\\/secure.gravatar.com\\\/avatar\\\/df64e550a0653b7be0f1bcf897f33faad9c2c8153472b2d9319beafb51370f6f?s=96&d=mm&r=g\",\"caption\":\"admin\"},\"sameAs\":[\"http:\\\/\\\/vendeto.am\"],\"url\":\"https:\\\/\\\/vendeto.am\\\/?author=1\"}]}<\/script>\n<!-- \/ Yoast SEO plugin. -->","yoast_head_json":{"title":"M\u016fj desetilet\u00fd syn se vr\u00e1til z toalety v letadle a za\u0161eptal: \u201eMami\u2026 t\u00e1ta sed\u00ed vp\u0159edu.\u201c -","robots":{"index":"index","follow":"follow","max-snippet":"max-snippet:-1","max-image-preview":"max-image-preview:large","max-video-preview":"max-video-preview:-1"},"canonical":"https:\/\/vendeto.am\/?p=33076","og_locale":"ru_RU","og_type":"article","og_title":"M\u016fj desetilet\u00fd syn se vr\u00e1til z toalety v letadle a za\u0161eptal: \u201eMami\u2026 t\u00e1ta sed\u00ed vp\u0159edu.\u201c -","og_description":"\u0158ekla jsem mu, \u017ee to nen\u00ed mo\u017en\u00e9 \u2014 jeho otec byl u\u017e t\u0159i roky nezv\u011bstn\u00fd. Pak jsem si v\u0161imla jizvy na mu\u017eov\u011b z\u00e1p\u011bst\u00ed","og_url":"https:\/\/vendeto.am\/?p=33076","article_published_time":"2026-08-31T18:46:41+00:00","article_modified_time":"2026-08-31T18:46:44+00:00","og_image":[{"width":1408,"height":1760,"url":"https:\/\/vendeto.am\/wp-content\/uploads\/2026\/08\/airplane_aisle_embrace.jpg","type":"image\/jpeg"}],"author":"admin","twitter_card":"summary_large_image","twitter_misc":{"\u041d\u0430\u043f\u0438\u0441\u0430\u043d\u043e \u0430\u0432\u0442\u043e\u0440\u043e\u043c":"admin","\u041f\u0440\u0438\u043c\u0435\u0440\u043d\u043e\u0435 \u0432\u0440\u0435\u043c\u044f \u0434\u043b\u044f \u0447\u0442\u0435\u043d\u0438\u044f":"16 \u043c\u0438\u043d\u0443\u0442"},"schema":{"@context":"https:\/\/schema.org","@graph":[{"@type":"Article","@id":"https:\/\/vendeto.am\/?p=33076#article","isPartOf":{"@id":"https:\/\/vendeto.am\/?p=33076"},"author":{"name":"admin","@id":"https:\/\/vendeto.am\/#\/schema\/person\/48a4bd89d2048190ecc61e5ce821bef7"},"headline":"M\u016fj desetilet\u00fd syn se vr\u00e1til z toalety v letadle a za\u0161eptal: \u201eMami\u2026 t\u00e1ta sed\u00ed vp\u0159edu.\u201c","datePublished":"2026-08-31T18:46:41+00:00","dateModified":"2026-08-31T18:46:44+00:00","mainEntityOfPage":{"@id":"https:\/\/vendeto.am\/?p=33076"},"wordCount":3766,"commentCount":0,"image":{"@id":"https:\/\/vendeto.am\/?p=33076#primaryimage"},"thumbnailUrl":"https:\/\/vendeto.am\/wp-content\/uploads\/2026\/08\/airplane_aisle_embrace.jpg","articleSection":["SPORT"],"inLanguage":"ru-RU","potentialAction":[{"@type":"CommentAction","name":"Comment","target":["https:\/\/vendeto.am\/?p=33076#respond"]}]},{"@type":"WebPage","@id":"https:\/\/vendeto.am\/?p=33076","url":"https:\/\/vendeto.am\/?p=33076","name":"M\u016fj desetilet\u00fd syn se vr\u00e1til z toalety v letadle a za\u0161eptal: \u201eMami\u2026 t\u00e1ta sed\u00ed vp\u0159edu.\u201c -","isPartOf":{"@id":"https:\/\/vendeto.am\/#website"},"primaryImageOfPage":{"@id":"https:\/\/vendeto.am\/?p=33076#primaryimage"},"image":{"@id":"https:\/\/vendeto.am\/?p=33076#primaryimage"},"thumbnailUrl":"https:\/\/vendeto.am\/wp-content\/uploads\/2026\/08\/airplane_aisle_embrace.jpg","datePublished":"2026-08-31T18:46:41+00:00","dateModified":"2026-08-31T18:46:44+00:00","author":{"@id":"https:\/\/vendeto.am\/#\/schema\/person\/48a4bd89d2048190ecc61e5ce821bef7"},"breadcrumb":{"@id":"https:\/\/vendeto.am\/?p=33076#breadcrumb"},"inLanguage":"ru-RU","potentialAction":[{"@type":"ReadAction","target":["https:\/\/vendeto.am\/?p=33076"]}]},{"@type":"ImageObject","inLanguage":"ru-RU","@id":"https:\/\/vendeto.am\/?p=33076#primaryimage","url":"https:\/\/vendeto.am\/wp-content\/uploads\/2026\/08\/airplane_aisle_embrace.jpg","contentUrl":"https:\/\/vendeto.am\/wp-content\/uploads\/2026\/08\/airplane_aisle_embrace.jpg","width":1408,"height":1760},{"@type":"BreadcrumbList","@id":"https:\/\/vendeto.am\/?p=33076#breadcrumb","itemListElement":[{"@type":"ListItem","position":1,"name":"\u0413\u043b\u0430\u0432\u043d\u0430\u044f \u0441\u0442\u0440\u0430\u043d\u0438\u0446\u0430","item":"https:\/\/vendeto.am\/"},{"@type":"ListItem","position":2,"name":"M\u016fj desetilet\u00fd syn se vr\u00e1til z toalety v letadle a za\u0161eptal: \u201eMami\u2026 t\u00e1ta sed\u00ed vp\u0159edu.\u201c"}]},{"@type":"WebSite","@id":"https:\/\/vendeto.am\/#website","url":"https:\/\/vendeto.am\/","name":"","description":"","potentialAction":[{"@type":"SearchAction","target":{"@type":"EntryPoint","urlTemplate":"https:\/\/vendeto.am\/?s={search_term_string}"},"query-input":{"@type":"PropertyValueSpecification","valueRequired":true,"valueName":"search_term_string"}}],"inLanguage":"ru-RU"},{"@type":"Person","@id":"https:\/\/vendeto.am\/#\/schema\/person\/48a4bd89d2048190ecc61e5ce821bef7","name":"admin","image":{"@type":"ImageObject","inLanguage":"ru-RU","@id":"https:\/\/secure.gravatar.com\/avatar\/df64e550a0653b7be0f1bcf897f33faad9c2c8153472b2d9319beafb51370f6f?s=96&d=mm&r=g","url":"https:\/\/secure.gravatar.com\/avatar\/df64e550a0653b7be0f1bcf897f33faad9c2c8153472b2d9319beafb51370f6f?s=96&d=mm&r=g","contentUrl":"https:\/\/secure.gravatar.com\/avatar\/df64e550a0653b7be0f1bcf897f33faad9c2c8153472b2d9319beafb51370f6f?s=96&d=mm&r=g","caption":"admin"},"sameAs":["http:\/\/vendeto.am"],"url":"https:\/\/vendeto.am\/?author=1"}]}},"_links":{"self":[{"href":"https:\/\/vendeto.am\/index.php?rest_route=\/wp\/v2\/posts\/33076","targetHints":{"allow":["GET"]}}],"collection":[{"href":"https:\/\/vendeto.am\/index.php?rest_route=\/wp\/v2\/posts"}],"about":[{"href":"https:\/\/vendeto.am\/index.php?rest_route=\/wp\/v2\/types\/post"}],"author":[{"embeddable":true,"href":"https:\/\/vendeto.am\/index.php?rest_route=\/wp\/v2\/users\/1"}],"replies":[{"embeddable":true,"href":"https:\/\/vendeto.am\/index.php?rest_route=%2Fwp%2Fv2%2Fcomments&post=33076"}],"version-history":[{"count":1,"href":"https:\/\/vendeto.am\/index.php?rest_route=\/wp\/v2\/posts\/33076\/revisions"}],"predecessor-version":[{"id":33078,"href":"https:\/\/vendeto.am\/index.php?rest_route=\/wp\/v2\/posts\/33076\/revisions\/33078"}],"wp:featuredmedia":[{"embeddable":true,"href":"https:\/\/vendeto.am\/index.php?rest_route=\/wp\/v2\/media\/33077"}],"wp:attachment":[{"href":"https:\/\/vendeto.am\/index.php?rest_route=%2Fwp%2Fv2%2Fmedia&parent=33076"}],"wp:term":[{"taxonomy":"category","embeddable":true,"href":"https:\/\/vendeto.am\/index.php?rest_route=%2Fwp%2Fv2%2Fcategories&post=33076"},{"taxonomy":"post_tag","embeddable":true,"href":"https:\/\/vendeto.am\/index.php?rest_route=%2Fwp%2Fv2%2Ftags&post=33076"}],"curies":[{"name":"wp","href":"https:\/\/api.w.org\/{rel}","templated":true}]}}