{"id":33079,"date":"2026-08-31T21:48:13","date_gmt":"2026-08-31T18:48:13","guid":{"rendered":"https:\/\/vendeto.am\/?p=33079"},"modified":"2026-08-31T21:48:15","modified_gmt":"2026-08-31T18:48:15","slug":"sedmileta-divka-prisla-do-kancelare-uklizet-misto-sve-nemocne-matky-milionar-zjistil-proc-a-udelal-neco-co-nikdo-necekal","status":"publish","type":"post","link":"https:\/\/vendeto.am\/?p=33079","title":{"rendered":"Sedmilet\u00e1 d\u00edvka p\u0159i\u0161la do kancel\u00e1\u0159e ukl\u00edzet m\u00edsto sv\u00e9 nemocn\u00e9 matky. Milion\u00e1\u0159 zjistil pro\u010d a ud\u011blal n\u011bco, co nikdo ne\u010dekal"},"content":{"rendered":"\n<p class=\"wp-block-paragraph\">V pond\u011bl\u00ed r\u00e1no bylo v kancel\u00e1\u0159\u00edch spole\u010dnosti v\u0161echno jako obvykle.V\u00fdtahem proudili zam\u011bstnanci do vy\u0161\u0161\u00edch pater, recep\u010dn\u00ed odpov\u00eddali na telefon\u00e1ty a sekret\u00e1\u0159ky p\u0159ipravovaly dokumenty na prvn\u00ed porady.V nejvy\u0161\u0161\u00edm pat\u0159e pr\u00e1v\u011b za\u010d\u00ednala d\u016fle\u017eit\u00e1 sch\u016fzka.<\/p>\n\n\n\n<p class=\"wp-block-paragraph\">Za dlouh\u00fdm stolem sed\u011bl Daniel Whitmore, majitel spole\u010dnosti a mu\u017e, kter\u00e9ho v\u011bt\u0161ina zam\u011bstnanc\u016f pova\u017eovala za p\u0159\u00edsn\u00e9ho a ne\u00fastupn\u00e9ho.<\/p>\n\n\n\n<p class=\"wp-block-paragraph\">Nem\u011bl r\u00e1d zpo\u017ed\u011bn\u00ed.<\/p>\n\n\n\n<p class=\"wp-block-paragraph\">Nem\u011bl r\u00e1d v\u00fdmluvy.<\/p>\n\n\n\n<p class=\"wp-block-paragraph\">A u\u017e v\u016fbec nem\u011bl r\u00e1d, kdy\u017e n\u011bkdo b\u011bhem d\u016fle\u017eit\u00fdch jedn\u00e1n\u00ed otev\u00edral dve\u0159e bez zaklep\u00e1n\u00ed.<\/p>\n\n\n\n<p class=\"wp-block-paragraph\">Proto kdy\u017e se dve\u0159e jeho kancel\u00e1\u0159e n\u00e1hle otev\u0159ely, okam\u017eit\u011b se zamra\u010dil.<\/p>\n\n\n\n<p class=\"wp-block-paragraph\">Ve dve\u0159\u00edch st\u00e1la mal\u00e1 hol\u010di\u010dka.<\/p>\n\n\n\n<p class=\"wp-block-paragraph\">Mohlo j\u00ed b\u00fdt sotva sedm let.<\/p>\n\n\n\n<p class=\"wp-block-paragraph\">V jedn\u00e9 ruce dr\u017eela \u017elut\u00e9 gumov\u00e9 rukavice, v druh\u00e9 mal\u00fd kbel\u00edk s hadry a \u010distic\u00edmi prost\u0159edky.<\/p>\n\n\n\n<p class=\"wp-block-paragraph\">Na z\u00e1dech m\u011bla nos\u00edtko.<\/p>\n\n\n\n<p class=\"wp-block-paragraph\">A v n\u011bm spalo mal\u00e9 d\u00edt\u011b.<\/p>\n\n\n\n<p class=\"wp-block-paragraph\">V\u0161ichni u stolu ztichli.<\/p>\n\n\n\n<p class=\"wp-block-paragraph\">Daniel n\u011bkolik sekund nech\u00e1pav\u011b hled\u011bl na ne\u010dekan\u00e9ho n\u00e1v\u0161t\u011bvn\u00edka.<\/p>\n\n\n\n<p class=\"wp-block-paragraph\">\u201eKdo jste?\u201c zeptal se nakonec.<\/p>\n\n\n\n<p class=\"wp-block-paragraph\">D\u00edvka neodpov\u011bd\u011bla okam\u017eit\u011b.<\/p>\n\n\n\n<p class=\"wp-block-paragraph\">Zhluboka se nadechla.<\/p>\n\n\n\n<p class=\"wp-block-paragraph\">Pak \u0159ekla:<\/p>\n\n\n\n<p class=\"wp-block-paragraph\">\u201eJmenuji se Sofie.\u201c<\/p>\n\n\n\n<p class=\"wp-block-paragraph\">Daniel se pod\u00edval na sekret\u00e1\u0159ku.<\/p>\n\n\n\n<p class=\"wp-block-paragraph\">\u201eZjist\u011bte, odkud se sem dostala.\u201c<\/p>\n\n\n\n<p class=\"wp-block-paragraph\">Sekret\u00e1\u0159ka vykro\u010dila sm\u011brem k n\u00ed.<\/p>\n\n\n\n<p class=\"wp-block-paragraph\">Sofie v\u0161ak ustoupila.<\/p>\n\n\n\n<p class=\"wp-block-paragraph\">\u201eJ\u00e1 nejsem ztracen\u00e1.\u201c<\/p>\n\n\n\n<figure class=\"wp-block-image is-resized\"><img decoding=\"async\" src=\"https:\/\/chexia.info\/wp-content\/uploads\/2026\/08\/bright_office_conversation-819x1024.jpg\" alt=\"\" class=\"wp-image-10093\" style=\"aspect-ratio:0.7998046875;width:819px;height:auto\"\/><\/figure>\n\n\n\n<p class=\"wp-block-paragraph\">Daniel zvedl obo\u010d\u00ed.<\/p>\n\n\n\n<p class=\"wp-block-paragraph\">\u201eTak pro\u010d jste tady?\u201c<\/p>\n\n\n\n<p class=\"wp-block-paragraph\">D\u00edvka sev\u0159ela rukoje\u0165 kbel\u00edku.<\/p>\n\n\n\n<p class=\"wp-block-paragraph\">\u201eP\u0159i\u0161la jsem pracovat.\u201c<\/p>\n\n\n\n<p class=\"wp-block-paragraph\">N\u011bkolik lid\u00ed kolem stolu si vym\u011bnilo pohledy.<\/p>\n\n\n\n<p class=\"wp-block-paragraph\">Daniel si myslel, \u017ee \u0161patn\u011b sly\u0161el.<\/p>\n\n\n\n<p class=\"wp-block-paragraph\">\u201ePracovat?\u201c<\/p>\n\n\n\n<p class=\"wp-block-paragraph\">Sofie p\u0159ik\u00fdvla.<\/p>\n\n\n\n<p class=\"wp-block-paragraph\">\u201eM\u00edsto maminky.\u201c<\/p>\n\n\n\n<hr class=\"wp-block-separator has-alpha-channel-opacity\"\/>\n\n\n\n<p class=\"wp-block-paragraph\">Jej\u00ed matka Anna pracovala v budov\u011b u\u017e n\u011bkolik let.<\/p>\n\n\n\n<p class=\"wp-block-paragraph\">Ka\u017ed\u00e9 r\u00e1no p\u0159ich\u00e1zela je\u0161t\u011b p\u0159ed v\u011bt\u0161inou zam\u011bstnanc\u016f.<\/p>\n\n\n\n<p class=\"wp-block-paragraph\">Ukl\u00edzela chodby, kancel\u00e1\u0159e, kuchy\u0148ky a zasedac\u00ed m\u00edstnosti.<\/p>\n\n\n\n<p class=\"wp-block-paragraph\">Daniel ji t\u00e9m\u011b\u0159 nikdy nevid\u011bl.<\/p>\n\n\n\n<p class=\"wp-block-paragraph\">Byla jednou z t\u011bch lid\u00ed, kte\u0159\u00ed p\u0159ich\u00e1zej\u00ed, kdy\u017e ostatn\u00ed je\u0161t\u011b sp\u00ed, a odch\u00e1zej\u00ed d\u0159\u00edv, ne\u017e si jich n\u011bkdo sta\u010d\u00ed v\u0161imnout.<\/p>\n\n\n\n<p class=\"wp-block-paragraph\">Anna byla samo\u017eivitelka.<\/p>\n\n\n\n<p class=\"wp-block-paragraph\">M\u011bla dv\u011b mal\u00e9 dcery.<\/p>\n\n\n\n<p class=\"wp-block-paragraph\">Nikdy si nest\u011b\u017eovala.<\/p>\n\n\n\n<p class=\"wp-block-paragraph\">Nikdy ne\u017e\u00e1dala o zvl\u00e1\u0161tn\u00ed zach\u00e1zen\u00ed.<\/p>\n\n\n\n<p class=\"wp-block-paragraph\">Dokud v\u0161ak \u010dlov\u011bk nep\u0159i\u0161el o mo\u017enost pracovat, m\u00e1lokdo si uv\u011bdomoval, jak k\u0159ehk\u00fd jej\u00ed \u017eivot ve skute\u010dnosti byl.<\/p>\n\n\n\n<p class=\"wp-block-paragraph\">V noci p\u0159edt\u00edm Anna onemocn\u011bla.<\/p>\n\n\n\n<p class=\"wp-block-paragraph\">Dostala vysokou hore\u010dku.<\/p>\n\n\n\n<p class=\"wp-block-paragraph\">R\u00e1no se sotva dok\u00e1zala posadit na posteli.<\/p>\n\n\n\n<p class=\"wp-block-paragraph\">P\u0159esto se n\u011bkolikr\u00e1t pokusila dovolat do pr\u00e1ce.<\/p>\n\n\n\n<p class=\"wp-block-paragraph\">Telefon nikdo nezvedal.<\/p>\n\n\n\n<p class=\"wp-block-paragraph\">Anna se b\u00e1la.<\/p>\n\n\n\n<p class=\"wp-block-paragraph\">Ne tolik samotn\u00e9 nemoci.<\/p>\n\n\n\n<p class=\"wp-block-paragraph\">B\u00e1la se, \u017ee p\u0159ijde o pr\u00e1ci.<\/p>\n\n\n\n<p class=\"wp-block-paragraph\">Nem\u011bla \u00faspory, ze kter\u00fdch by mohla dlouho \u017e\u00edt.<\/p>\n\n\n\n<p class=\"wp-block-paragraph\">N\u00e1jem \u010dekal.<\/p>\n\n\n\n<p class=\"wp-block-paragraph\">J\u00eddlo tak\u00e9.<\/p>\n\n\n\n<p class=\"wp-block-paragraph\">A dv\u011b d\u011bti pot\u0159ebovaly v\u0161echno.<\/p>\n\n\n\n<p class=\"wp-block-paragraph\">Sofie sly\u0161ela matku, jak se sna\u017e\u00ed vst\u00e1t.<\/p>\n\n\n\n<p class=\"wp-block-paragraph\">\u201eMami, z\u016fsta\u0148 le\u017eet.\u201c<\/p>\n\n\n\n<p class=\"wp-block-paragraph\">\u201eMus\u00edm zavolat do pr\u00e1ce.\u201c<\/p>\n\n\n\n<p class=\"wp-block-paragraph\">\u201eAle jsi nemocn\u00e1.\u201c<\/p>\n\n\n\n<p class=\"wp-block-paragraph\">Anna se posadila na kraj postele.<\/p>\n\n\n\n<p class=\"wp-block-paragraph\">\u201eKdy\u017e nep\u0159ijdu, mohou m\u011b vyhodit.\u201c<\/p>\n\n\n\n<p class=\"wp-block-paragraph\">Sofie tomu \u00fapln\u011b nerozum\u011bla.<\/p>\n\n\n\n<p class=\"wp-block-paragraph\">Ale pochopila jednu v\u011bc.<\/p>\n\n\n\n<p class=\"wp-block-paragraph\">Maminka se boj\u00ed.<\/p>\n\n\n\n<p class=\"wp-block-paragraph\">A tak dostala n\u00e1pad, kter\u00fd p\u0159ipadal sedmilet\u00e9mu d\u00edt\u011bti naprosto logick\u00fd.<\/p>\n\n\n\n<p class=\"wp-block-paragraph\">Kdy\u017e maminka nem\u016f\u017ee j\u00edt do pr\u00e1ce, p\u016fjde m\u00edsto n\u00ed ona.<\/p>\n\n\n\n<hr class=\"wp-block-separator has-alpha-channel-opacity\"\/>\n\n\n\n<p class=\"wp-block-paragraph\">Sofie vstala brzy r\u00e1no.<\/p>\n\n\n\n<p class=\"wp-block-paragraph\">P\u0159ipravila si hadry.<\/p>\n\n\n\n<p class=\"wp-block-paragraph\">Vzala rukavice.<\/p>\n\n\n\n<p class=\"wp-block-paragraph\">Do nos\u00edtka posadila svou mlad\u0161\u00ed sestru.<\/p>\n\n\n\n<p class=\"wp-block-paragraph\">Ne\u017e ode\u0161la, je\u0161t\u011b se pod\u00edvala na matku.<\/p>\n\n\n\n<p class=\"wp-block-paragraph\">Anna spala.<\/p>\n\n\n\n<p class=\"wp-block-paragraph\">Sofie ji necht\u011bla vzbudit.<\/p>\n\n\n\n<p class=\"wp-block-paragraph\">V\u011b\u0159ila, \u017ee kdy\u017e v\u0161echno uklid\u00ed, maminka bude moci z\u016fstat doma a odpo\u010d\u00edvat.<\/p>\n\n\n\n<p class=\"wp-block-paragraph\">A mo\u017en\u00e1 ji nikdo nevyhod\u00ed.<\/p>\n\n\n\n<p class=\"wp-block-paragraph\">Do budovy se dostala d\u00edky tomu, \u017ee ji znala z d\u0159\u00edv\u011bj\u0161\u00edch n\u00e1v\u0161t\u011bv.<\/p>\n\n\n\n<p class=\"wp-block-paragraph\">Po n\u011bkolika minut\u00e1ch se ocitla v nejvy\u0161\u0161\u00edm pat\u0159e.<\/p>\n\n\n\n<p class=\"wp-block-paragraph\">Nev\u011bd\u011bla v\u0161ak, \u017ee pr\u00e1v\u011b otev\u0159ela dve\u0159e do kancel\u00e1\u0159e, kde prob\u00edhala porada veden\u00ed.<\/p>\n\n\n\n<hr class=\"wp-block-separator has-alpha-channel-opacity\"\/>\n\n\n\n<p class=\"wp-block-paragraph\">Daniel se na ni d\u00edval.<\/p>\n\n\n\n<p class=\"wp-block-paragraph\">\u201eKolik ti je?\u201c<\/p>\n\n\n\n<p class=\"wp-block-paragraph\">\u201eSedm.\u201c<\/p>\n\n\n\n<p class=\"wp-block-paragraph\">\u201eA mysl\u00ed\u0161, \u017ee m\u016f\u017ee\u0161 d\u011blat pr\u00e1ci sv\u00e9 matky?\u201c<\/p>\n\n\n\n<p class=\"wp-block-paragraph\">Sofie p\u0159ik\u00fdvla.<\/p>\n\n\n\n<p class=\"wp-block-paragraph\">\u201eAno.\u201c<\/p>\n\n\n\n<p class=\"wp-block-paragraph\">\u201eV\u00ed tvoje maminka, \u017ee jsi tady?\u201c<\/p>\n\n\n\n<p class=\"wp-block-paragraph\">D\u00edvka sklopila o\u010di.<\/p>\n\n\n\n<p class=\"wp-block-paragraph\">Dlouh\u00e9 ticho.<\/p>\n\n\n\n<p class=\"wp-block-paragraph\">\u201eNe.\u201c<\/p>\n\n\n\n<p class=\"wp-block-paragraph\">N\u011bkolik lid\u00ed u stolu si povzdechlo.<\/p>\n\n\n\n<figure class=\"wp-block-image\"><img decoding=\"async\" src=\"https:\/\/vengria.info\/wp-content\/uploads\/2026\/08\/qdwaszx-572x1024.jpg\" alt=\"\" class=\"wp-image-18050\"\/><\/figure>\n\n\n\n<p class=\"wp-block-paragraph\">Daniel se op\u0159el v k\u0159esle.<\/p>\n\n\n\n<p class=\"wp-block-paragraph\">\u201ePro\u010d jsi j\u00ed to ne\u0159ekla?\u201c<\/p>\n\n\n\n<p class=\"wp-block-paragraph\">\u201eProto\u017ee sp\u00ed.\u201c<\/p>\n\n\n\n<p class=\"wp-block-paragraph\">\u201eA pro\u010d jsi vzala i sestru?\u201c<\/p>\n\n\n\n<p class=\"wp-block-paragraph\">Sofie se oto\u010dila k d\u00edt\u011bti na z\u00e1dech.<\/p>\n\n\n\n<p class=\"wp-block-paragraph\">\u201eProto\u017ee maminka pot\u0159ebuje sp\u00e1t.\u201c<\/p>\n\n\n\n<p class=\"wp-block-paragraph\">Daniel nech\u00e1pal.<\/p>\n\n\n\n<p class=\"wp-block-paragraph\">\u201eVysv\u011btli mi to.\u201c<\/p>\n\n\n\n<p class=\"wp-block-paragraph\">Sofie za\u010dala mluvit pomalu.<\/p>\n\n\n\n<p class=\"wp-block-paragraph\">\u201eV noci moje sest\u0159i\u010dka plakala. Maminka skoro nespala. Pak dostala hore\u010dku a r\u00e1no byla moc slab\u00e1.\u201c<\/p>\n\n\n\n<p class=\"wp-block-paragraph\">Odml\u010dela se.<\/p>\n\n\n\n<p class=\"wp-block-paragraph\">\u201eKdybych ji nechala doma, maminka by vstala, aby se o ni postarala.\u201c<\/p>\n\n\n\n<p class=\"wp-block-paragraph\">\u201eTak jsem ji vzala s sebou.\u201c<\/p>\n\n\n\n<p class=\"wp-block-paragraph\">V m\u00edstnosti bylo naprost\u00e9 ticho.<\/p>\n\n\n\n<p class=\"wp-block-paragraph\">Sofie pokra\u010dovala:<\/p>\n\n\n\n<p class=\"wp-block-paragraph\">\u201eMaminka mus\u00ed odpo\u010d\u00edvat. Jinak nebude z\u00edtra zdrav\u00e1.\u201c<\/p>\n\n\n\n<p class=\"wp-block-paragraph\">Daniel se p\u0159estal mra\u010dit.<\/p>\n\n\n\n<p class=\"wp-block-paragraph\">Poprv\u00e9 se na d\u00edvku nepod\u00edval jako na probl\u00e9m.<\/p>\n\n\n\n<p class=\"wp-block-paragraph\">Pod\u00edval se na ni jako na d\u00edt\u011b, kter\u00e9 se sna\u017e\u00ed zachr\u00e1nit svou rodinu.<\/p>\n\n\n\n<hr class=\"wp-block-separator has-alpha-channel-opacity\"\/>\n\n\n\n<p class=\"wp-block-paragraph\">\u201eSofie,\u201c \u0159ekl ti\u0161e, \u201ev\u00ed\u0161, \u017ee d\u011bti nemaj\u00ed chodit samy do pr\u00e1ce?\u201c<\/p>\n\n\n\n<p class=\"wp-block-paragraph\">P\u0159ik\u00fdvla.<\/p>\n\n\n\n<p class=\"wp-block-paragraph\">\u201eAno.\u201c<\/p>\n\n\n\n<p class=\"wp-block-paragraph\">\u201eTak pro\u010d jsi p\u0159i\u0161la?\u201c<\/p>\n\n\n\n<p class=\"wp-block-paragraph\">\u201eProto\u017ee jsem necht\u011bla, aby maminku vyhodili.\u201c<\/p>\n\n\n\n<p class=\"wp-block-paragraph\">Ta v\u011bta zas\u00e1hla celou m\u00edstnost.<\/p>\n\n\n\n<p class=\"wp-block-paragraph\">Jedna ze zam\u011bstnanky\u0148 odvr\u00e1tila pohled.<\/p>\n\n\n\n<p class=\"wp-block-paragraph\">Jin\u00fd mu\u017e si sundal br\u00fdle.<\/p>\n\n\n\n<p class=\"wp-block-paragraph\">Daniel se chv\u00edli d\u00edval do stolu.<\/p>\n\n\n\n<p class=\"wp-block-paragraph\">Pak se zeptal:<\/p>\n\n\n\n<p class=\"wp-block-paragraph\">\u201eKolik vyd\u011bl\u00e1v\u00e1 tvoje maminka?\u201c<\/p>\n\n\n\n<p class=\"wp-block-paragraph\">Sofie nev\u011bd\u011bla.<\/p>\n\n\n\n<p class=\"wp-block-paragraph\">\u201eNev\u00edm.\u201c<\/p>\n\n\n\n<p class=\"wp-block-paragraph\">\u201eA m\u00e1te doma dost pen\u011bz?\u201c<\/p>\n\n\n\n<p class=\"wp-block-paragraph\">D\u00edvka chv\u00edli ml\u010dela.<\/p>\n\n\n\n<p class=\"wp-block-paragraph\">\u201eN\u011bkdy.\u201c<\/p>\n\n\n\n<p class=\"wp-block-paragraph\">Daniel si v\u0161iml jej\u00edch bot.<\/p>\n\n\n\n<p class=\"wp-block-paragraph\">Byly p\u0159\u00edli\u0161 mal\u00e9.<\/p>\n\n\n\n<p class=\"wp-block-paragraph\">Na jednom m\u00edst\u011b praskl\u00e9.<\/p>\n\n\n\n<p class=\"wp-block-paragraph\">Pak se pod\u00edval na nos\u00edtko.<\/p>\n\n\n\n<p class=\"wp-block-paragraph\">D\u00edt\u011b spalo zabalen\u00e9 ve star\u00e9 dece.<\/p>\n\n\n\n<p class=\"wp-block-paragraph\">Najednou mu do\u0161lo, \u017ee o \u017een\u011b, kter\u00e1 pro n\u011bj n\u011bkolik let pracovala, ve skute\u010dnosti nev\u00ed v\u016fbec nic.<\/p>\n\n\n\n<p class=\"wp-block-paragraph\">Znal jej\u00ed jm\u00e9no.<\/p>\n\n\n\n<p class=\"wp-block-paragraph\">Znal jej\u00ed pracovn\u00ed pozici.<\/p>\n\n\n\n<p class=\"wp-block-paragraph\">Ale neznal jej\u00ed \u017eivot.<\/p>\n\n\n\n<hr class=\"wp-block-separator has-alpha-channel-opacity\"\/>\n\n\n\n<p class=\"wp-block-paragraph\">Daniel<\/p>\n\n\n\n<p class=\"wp-block-paragraph\"><\/p>\n","protected":false},"excerpt":{"rendered":"V pond\u011bl\u00ed r\u00e1no bylo v kancel\u00e1\u0159\u00edch spole\u010dnosti v\u0161echno jako obvykle.V\u00fdtahem proudili zam\u011bstnanci do vy\u0161\u0161\u00edch pater, recep\u010dn\u00ed odpov\u00eddali na telefon\u00e1ty a sekret\u00e1\u0159ky p\u0159ipravovaly dokumenty \n<a class=\"moretag\" href=\"https:\/\/vendeto.am\/?p=33079\"> [...]<\/a>","protected":false},"author":1,"featured_media":33080,"comment_status":"open","ping_status":"open","sticky":false,"template":"","format":"standard","meta":{"footnotes":""},"categories":[2],"tags":[],"class_list":["post-33079","post","type-post","status-publish","format-standard","has-post-thumbnail","hentry","category-sport"],"yoast_head":"<!-- This site is optimized with the Yoast SEO plugin v28.3 - https:\/\/yoast.com\/product\/yoast-seo-wordpress\/ -->\n<title>Sedmilet\u00e1 d\u00edvka p\u0159i\u0161la do kancel\u00e1\u0159e ukl\u00edzet m\u00edsto sv\u00e9 nemocn\u00e9 matky. Milion\u00e1\u0159 zjistil pro\u010d a ud\u011blal n\u011bco, co nikdo ne\u010dekal -<\/title>\n<meta name=\"robots\" content=\"index, follow, max-snippet:-1, max-image-preview:large, max-video-preview:-1\" \/>\n<link rel=\"canonical\" href=\"https:\/\/vendeto.am\/?p=33079\" \/>\n<meta property=\"og:locale\" content=\"ru_RU\" \/>\n<meta property=\"og:type\" content=\"article\" \/>\n<meta property=\"og:title\" content=\"Sedmilet\u00e1 d\u00edvka p\u0159i\u0161la do kancel\u00e1\u0159e ukl\u00edzet m\u00edsto sv\u00e9 nemocn\u00e9 matky. Milion\u00e1\u0159 zjistil pro\u010d a ud\u011blal n\u011bco, co nikdo ne\u010dekal -\" \/>\n<meta property=\"og:description\" content=\"V pond\u011bl\u00ed r\u00e1no bylo v kancel\u00e1\u0159\u00edch spole\u010dnosti v\u0161echno jako obvykle.V\u00fdtahem proudili zam\u011bstnanci do vy\u0161\u0161\u00edch pater, recep\u010dn\u00ed odpov\u00eddali na telefon\u00e1ty a sekret\u00e1\u0159ky p\u0159ipravovaly dokumenty\" \/>\n<meta property=\"og:url\" content=\"https:\/\/vendeto.am\/?p=33079\" \/>\n<meta property=\"article:published_time\" content=\"2026-08-31T18:48:13+00:00\" \/>\n<meta property=\"article:modified_time\" content=\"2026-08-31T18:48:15+00:00\" \/>\n<meta property=\"og:image\" content=\"https:\/\/vendeto.am\/wp-content\/uploads\/2026\/08\/bright_office_conversation.jpg\" \/>\n\t<meta property=\"og:image:width\" content=\"1408\" \/>\n\t<meta property=\"og:image:height\" content=\"1760\" \/>\n\t<meta property=\"og:image:type\" content=\"image\/jpeg\" \/>\n<meta name=\"author\" content=\"admin\" \/>\n<meta name=\"twitter:card\" content=\"summary_large_image\" \/>\n<meta name=\"twitter:label1\" content=\"\u041d\u0430\u043f\u0438\u0441\u0430\u043d\u043e \u0430\u0432\u0442\u043e\u0440\u043e\u043c\" \/>\n\t<meta name=\"twitter:data1\" content=\"admin\" \/>\n\t<meta name=\"twitter:label2\" content=\"\u041f\u0440\u0438\u043c\u0435\u0440\u043d\u043e\u0435 \u0432\u0440\u0435\u043c\u044f \u0434\u043b\u044f \u0447\u0442\u0435\u043d\u0438\u044f\" \/>\n\t<meta name=\"twitter:data2\" content=\"5 \u043c\u0438\u043d\u0443\u0442\" \/>\n<script type=\"application\/ld+json\" class=\"yoast-schema-graph\">{\"@context\":\"https:\\\/\\\/schema.org\",\"@graph\":[{\"@type\":\"Article\",\"@id\":\"https:\\\/\\\/vendeto.am\\\/?p=33079#article\",\"isPartOf\":{\"@id\":\"https:\\\/\\\/vendeto.am\\\/?p=33079\"},\"author\":{\"name\":\"admin\",\"@id\":\"https:\\\/\\\/vendeto.am\\\/#\\\/schema\\\/person\\\/48a4bd89d2048190ecc61e5ce821bef7\"},\"headline\":\"Sedmilet\u00e1 d\u00edvka p\u0159i\u0161la do kancel\u00e1\u0159e ukl\u00edzet m\u00edsto sv\u00e9 nemocn\u00e9 matky. Milion\u00e1\u0159 zjistil pro\u010d a ud\u011blal n\u011bco, co nikdo ne\u010dekal\",\"datePublished\":\"2026-08-31T18:48:13+00:00\",\"dateModified\":\"2026-08-31T18:48:15+00:00\",\"mainEntityOfPage\":{\"@id\":\"https:\\\/\\\/vendeto.am\\\/?p=33079\"},\"wordCount\":1060,\"commentCount\":0,\"image\":{\"@id\":\"https:\\\/\\\/vendeto.am\\\/?p=33079#primaryimage\"},\"thumbnailUrl\":\"https:\\\/\\\/vendeto.am\\\/wp-content\\\/uploads\\\/2026\\\/08\\\/bright_office_conversation.jpg\",\"articleSection\":[\"SPORT\"],\"inLanguage\":\"ru-RU\",\"potentialAction\":[{\"@type\":\"CommentAction\",\"name\":\"Comment\",\"target\":[\"https:\\\/\\\/vendeto.am\\\/?p=33079#respond\"]}]},{\"@type\":\"WebPage\",\"@id\":\"https:\\\/\\\/vendeto.am\\\/?p=33079\",\"url\":\"https:\\\/\\\/vendeto.am\\\/?p=33079\",\"name\":\"Sedmilet\u00e1 d\u00edvka p\u0159i\u0161la do kancel\u00e1\u0159e ukl\u00edzet m\u00edsto sv\u00e9 nemocn\u00e9 matky. Milion\u00e1\u0159 zjistil pro\u010d a ud\u011blal n\u011bco, co nikdo ne\u010dekal -\",\"isPartOf\":{\"@id\":\"https:\\\/\\\/vendeto.am\\\/#website\"},\"primaryImageOfPage\":{\"@id\":\"https:\\\/\\\/vendeto.am\\\/?p=33079#primaryimage\"},\"image\":{\"@id\":\"https:\\\/\\\/vendeto.am\\\/?p=33079#primaryimage\"},\"thumbnailUrl\":\"https:\\\/\\\/vendeto.am\\\/wp-content\\\/uploads\\\/2026\\\/08\\\/bright_office_conversation.jpg\",\"datePublished\":\"2026-08-31T18:48:13+00:00\",\"dateModified\":\"2026-08-31T18:48:15+00:00\",\"author\":{\"@id\":\"https:\\\/\\\/vendeto.am\\\/#\\\/schema\\\/person\\\/48a4bd89d2048190ecc61e5ce821bef7\"},\"breadcrumb\":{\"@id\":\"https:\\\/\\\/vendeto.am\\\/?p=33079#breadcrumb\"},\"inLanguage\":\"ru-RU\",\"potentialAction\":[{\"@type\":\"ReadAction\",\"target\":[\"https:\\\/\\\/vendeto.am\\\/?p=33079\"]}]},{\"@type\":\"ImageObject\",\"inLanguage\":\"ru-RU\",\"@id\":\"https:\\\/\\\/vendeto.am\\\/?p=33079#primaryimage\",\"url\":\"https:\\\/\\\/vendeto.am\\\/wp-content\\\/uploads\\\/2026\\\/08\\\/bright_office_conversation.jpg\",\"contentUrl\":\"https:\\\/\\\/vendeto.am\\\/wp-content\\\/uploads\\\/2026\\\/08\\\/bright_office_conversation.jpg\",\"width\":1408,\"height\":1760},{\"@type\":\"BreadcrumbList\",\"@id\":\"https:\\\/\\\/vendeto.am\\\/?p=33079#breadcrumb\",\"itemListElement\":[{\"@type\":\"ListItem\",\"position\":1,\"name\":\"\u0413\u043b\u0430\u0432\u043d\u0430\u044f \u0441\u0442\u0440\u0430\u043d\u0438\u0446\u0430\",\"item\":\"https:\\\/\\\/vendeto.am\\\/\"},{\"@type\":\"ListItem\",\"position\":2,\"name\":\"Sedmilet\u00e1 d\u00edvka p\u0159i\u0161la do kancel\u00e1\u0159e ukl\u00edzet m\u00edsto sv\u00e9 nemocn\u00e9 matky. Milion\u00e1\u0159 zjistil pro\u010d a ud\u011blal n\u011bco, co nikdo ne\u010dekal\"}]},{\"@type\":\"WebSite\",\"@id\":\"https:\\\/\\\/vendeto.am\\\/#website\",\"url\":\"https:\\\/\\\/vendeto.am\\\/\",\"name\":\"\",\"description\":\"\",\"potentialAction\":[{\"@type\":\"SearchAction\",\"target\":{\"@type\":\"EntryPoint\",\"urlTemplate\":\"https:\\\/\\\/vendeto.am\\\/?s={search_term_string}\"},\"query-input\":{\"@type\":\"PropertyValueSpecification\",\"valueRequired\":true,\"valueName\":\"search_term_string\"}}],\"inLanguage\":\"ru-RU\"},{\"@type\":\"Person\",\"@id\":\"https:\\\/\\\/vendeto.am\\\/#\\\/schema\\\/person\\\/48a4bd89d2048190ecc61e5ce821bef7\",\"name\":\"admin\",\"image\":{\"@type\":\"ImageObject\",\"inLanguage\":\"ru-RU\",\"@id\":\"https:\\\/\\\/secure.gravatar.com\\\/avatar\\\/df64e550a0653b7be0f1bcf897f33faad9c2c8153472b2d9319beafb51370f6f?s=96&d=mm&r=g\",\"url\":\"https:\\\/\\\/secure.gravatar.com\\\/avatar\\\/df64e550a0653b7be0f1bcf897f33faad9c2c8153472b2d9319beafb51370f6f?s=96&d=mm&r=g\",\"contentUrl\":\"https:\\\/\\\/secure.gravatar.com\\\/avatar\\\/df64e550a0653b7be0f1bcf897f33faad9c2c8153472b2d9319beafb51370f6f?s=96&d=mm&r=g\",\"caption\":\"admin\"},\"sameAs\":[\"http:\\\/\\\/vendeto.am\"],\"url\":\"https:\\\/\\\/vendeto.am\\\/?author=1\"}]}<\/script>\n<!-- \/ Yoast SEO plugin. -->","yoast_head_json":{"title":"Sedmilet\u00e1 d\u00edvka p\u0159i\u0161la do kancel\u00e1\u0159e ukl\u00edzet m\u00edsto sv\u00e9 nemocn\u00e9 matky. Milion\u00e1\u0159 zjistil pro\u010d a ud\u011blal n\u011bco, co nikdo ne\u010dekal -","robots":{"index":"index","follow":"follow","max-snippet":"max-snippet:-1","max-image-preview":"max-image-preview:large","max-video-preview":"max-video-preview:-1"},"canonical":"https:\/\/vendeto.am\/?p=33079","og_locale":"ru_RU","og_type":"article","og_title":"Sedmilet\u00e1 d\u00edvka p\u0159i\u0161la do kancel\u00e1\u0159e ukl\u00edzet m\u00edsto sv\u00e9 nemocn\u00e9 matky. Milion\u00e1\u0159 zjistil pro\u010d a ud\u011blal n\u011bco, co nikdo ne\u010dekal -","og_description":"V pond\u011bl\u00ed r\u00e1no bylo v kancel\u00e1\u0159\u00edch spole\u010dnosti v\u0161echno jako obvykle.V\u00fdtahem proudili zam\u011bstnanci do vy\u0161\u0161\u00edch pater, recep\u010dn\u00ed odpov\u00eddali na telefon\u00e1ty a sekret\u00e1\u0159ky p\u0159ipravovaly dokumenty","og_url":"https:\/\/vendeto.am\/?p=33079","article_published_time":"2026-08-31T18:48:13+00:00","article_modified_time":"2026-08-31T18:48:15+00:00","og_image":[{"width":1408,"height":1760,"url":"https:\/\/vendeto.am\/wp-content\/uploads\/2026\/08\/bright_office_conversation.jpg","type":"image\/jpeg"}],"author":"admin","twitter_card":"summary_large_image","twitter_misc":{"\u041d\u0430\u043f\u0438\u0441\u0430\u043d\u043e \u0430\u0432\u0442\u043e\u0440\u043e\u043c":"admin","\u041f\u0440\u0438\u043c\u0435\u0440\u043d\u043e\u0435 \u0432\u0440\u0435\u043c\u044f \u0434\u043b\u044f \u0447\u0442\u0435\u043d\u0438\u044f":"5 \u043c\u0438\u043d\u0443\u0442"},"schema":{"@context":"https:\/\/schema.org","@graph":[{"@type":"Article","@id":"https:\/\/vendeto.am\/?p=33079#article","isPartOf":{"@id":"https:\/\/vendeto.am\/?p=33079"},"author":{"name":"admin","@id":"https:\/\/vendeto.am\/#\/schema\/person\/48a4bd89d2048190ecc61e5ce821bef7"},"headline":"Sedmilet\u00e1 d\u00edvka p\u0159i\u0161la do kancel\u00e1\u0159e ukl\u00edzet m\u00edsto sv\u00e9 nemocn\u00e9 matky. Milion\u00e1\u0159 zjistil pro\u010d a ud\u011blal n\u011bco, co nikdo ne\u010dekal","datePublished":"2026-08-31T18:48:13+00:00","dateModified":"2026-08-31T18:48:15+00:00","mainEntityOfPage":{"@id":"https:\/\/vendeto.am\/?p=33079"},"wordCount":1060,"commentCount":0,"image":{"@id":"https:\/\/vendeto.am\/?p=33079#primaryimage"},"thumbnailUrl":"https:\/\/vendeto.am\/wp-content\/uploads\/2026\/08\/bright_office_conversation.jpg","articleSection":["SPORT"],"inLanguage":"ru-RU","potentialAction":[{"@type":"CommentAction","name":"Comment","target":["https:\/\/vendeto.am\/?p=33079#respond"]}]},{"@type":"WebPage","@id":"https:\/\/vendeto.am\/?p=33079","url":"https:\/\/vendeto.am\/?p=33079","name":"Sedmilet\u00e1 d\u00edvka p\u0159i\u0161la do kancel\u00e1\u0159e ukl\u00edzet m\u00edsto sv\u00e9 nemocn\u00e9 matky. Milion\u00e1\u0159 zjistil pro\u010d a ud\u011blal n\u011bco, co nikdo ne\u010dekal -","isPartOf":{"@id":"https:\/\/vendeto.am\/#website"},"primaryImageOfPage":{"@id":"https:\/\/vendeto.am\/?p=33079#primaryimage"},"image":{"@id":"https:\/\/vendeto.am\/?p=33079#primaryimage"},"thumbnailUrl":"https:\/\/vendeto.am\/wp-content\/uploads\/2026\/08\/bright_office_conversation.jpg","datePublished":"2026-08-31T18:48:13+00:00","dateModified":"2026-08-31T18:48:15+00:00","author":{"@id":"https:\/\/vendeto.am\/#\/schema\/person\/48a4bd89d2048190ecc61e5ce821bef7"},"breadcrumb":{"@id":"https:\/\/vendeto.am\/?p=33079#breadcrumb"},"inLanguage":"ru-RU","potentialAction":[{"@type":"ReadAction","target":["https:\/\/vendeto.am\/?p=33079"]}]},{"@type":"ImageObject","inLanguage":"ru-RU","@id":"https:\/\/vendeto.am\/?p=33079#primaryimage","url":"https:\/\/vendeto.am\/wp-content\/uploads\/2026\/08\/bright_office_conversation.jpg","contentUrl":"https:\/\/vendeto.am\/wp-content\/uploads\/2026\/08\/bright_office_conversation.jpg","width":1408,"height":1760},{"@type":"BreadcrumbList","@id":"https:\/\/vendeto.am\/?p=33079#breadcrumb","itemListElement":[{"@type":"ListItem","position":1,"name":"\u0413\u043b\u0430\u0432\u043d\u0430\u044f \u0441\u0442\u0440\u0430\u043d\u0438\u0446\u0430","item":"https:\/\/vendeto.am\/"},{"@type":"ListItem","position":2,"name":"Sedmilet\u00e1 d\u00edvka p\u0159i\u0161la do kancel\u00e1\u0159e ukl\u00edzet m\u00edsto sv\u00e9 nemocn\u00e9 matky. Milion\u00e1\u0159 zjistil pro\u010d a ud\u011blal n\u011bco, co nikdo ne\u010dekal"}]},{"@type":"WebSite","@id":"https:\/\/vendeto.am\/#website","url":"https:\/\/vendeto.am\/","name":"","description":"","potentialAction":[{"@type":"SearchAction","target":{"@type":"EntryPoint","urlTemplate":"https:\/\/vendeto.am\/?s={search_term_string}"},"query-input":{"@type":"PropertyValueSpecification","valueRequired":true,"valueName":"search_term_string"}}],"inLanguage":"ru-RU"},{"@type":"Person","@id":"https:\/\/vendeto.am\/#\/schema\/person\/48a4bd89d2048190ecc61e5ce821bef7","name":"admin","image":{"@type":"ImageObject","inLanguage":"ru-RU","@id":"https:\/\/secure.gravatar.com\/avatar\/df64e550a0653b7be0f1bcf897f33faad9c2c8153472b2d9319beafb51370f6f?s=96&d=mm&r=g","url":"https:\/\/secure.gravatar.com\/avatar\/df64e550a0653b7be0f1bcf897f33faad9c2c8153472b2d9319beafb51370f6f?s=96&d=mm&r=g","contentUrl":"https:\/\/secure.gravatar.com\/avatar\/df64e550a0653b7be0f1bcf897f33faad9c2c8153472b2d9319beafb51370f6f?s=96&d=mm&r=g","caption":"admin"},"sameAs":["http:\/\/vendeto.am"],"url":"https:\/\/vendeto.am\/?author=1"}]}},"_links":{"self":[{"href":"https:\/\/vendeto.am\/index.php?rest_route=\/wp\/v2\/posts\/33079","targetHints":{"allow":["GET"]}}],"collection":[{"href":"https:\/\/vendeto.am\/index.php?rest_route=\/wp\/v2\/posts"}],"about":[{"href":"https:\/\/vendeto.am\/index.php?rest_route=\/wp\/v2\/types\/post"}],"author":[{"embeddable":true,"href":"https:\/\/vendeto.am\/index.php?rest_route=\/wp\/v2\/users\/1"}],"replies":[{"embeddable":true,"href":"https:\/\/vendeto.am\/index.php?rest_route=%2Fwp%2Fv2%2Fcomments&post=33079"}],"version-history":[{"count":1,"href":"https:\/\/vendeto.am\/index.php?rest_route=\/wp\/v2\/posts\/33079\/revisions"}],"predecessor-version":[{"id":33081,"href":"https:\/\/vendeto.am\/index.php?rest_route=\/wp\/v2\/posts\/33079\/revisions\/33081"}],"wp:featuredmedia":[{"embeddable":true,"href":"https:\/\/vendeto.am\/index.php?rest_route=\/wp\/v2\/media\/33080"}],"wp:attachment":[{"href":"https:\/\/vendeto.am\/index.php?rest_route=%2Fwp%2Fv2%2Fmedia&parent=33079"}],"wp:term":[{"taxonomy":"category","embeddable":true,"href":"https:\/\/vendeto.am\/index.php?rest_route=%2Fwp%2Fv2%2Fcategories&post=33079"},{"taxonomy":"post_tag","embeddable":true,"href":"https:\/\/vendeto.am\/index.php?rest_route=%2Fwp%2Fv2%2Ftags&post=33079"}],"curies":[{"name":"wp","href":"https:\/\/api.w.org\/{rel}","templated":true}]}}