{"id":33082,"date":"2026-08-31T21:49:36","date_gmt":"2026-08-31T18:49:36","guid":{"rendered":"https:\/\/vendeto.am\/?p=33082"},"modified":"2026-08-31T21:49:37","modified_gmt":"2026-08-31T18:49:37","slug":"vdala-jsem-se-za-umirajiciho-muze-protoze-to-bylo-jeho-posledni-prani-po-jeho-pohrbu-mi-pravnik-predal-obalku-a-rekl-carl-vas-znal-cely-zivot","status":"publish","type":"post","link":"https:\/\/vendeto.am\/?p=33082","title":{"rendered":"Vdala jsem se za um\u00edraj\u00edc\u00edho mu\u017ee, proto\u017ee to bylo jeho posledn\u00ed p\u0159\u00e1n\u00ed. Po jeho poh\u0159bu mi pr\u00e1vn\u00edk p\u0159edal ob\u00e1lku a \u0159ekl: \u201eCarl v\u00e1s znal cel\u00fd \u017eivot.\u201c"},"content":{"rendered":"\n<p class=\"wp-block-paragraph\">Nikdy jsem si nemyslela, \u017ee se n\u011bkdy provd\u00e1m za mu\u017ee, kter\u00e9ho zn\u00e1m jen n\u011bkolik m\u011bs\u00edc\u016f.U\u017e v\u016fbec ne za \u010dlov\u011bka, o kter\u00e9m v\u0161ichni v\u011bd\u011bli, \u017ee mu zb\u00fdvaj\u00ed posledn\u00ed t\u00fddny \u017eivota.P\u0159esto jsem to ud\u011blala.<\/p>\n\n\n\n<p class=\"wp-block-paragraph\">A dodnes nev\u00edm, jestli to bylo nejpodivn\u011bj\u0161\u00ed rozhodnut\u00ed m\u00e9ho \u017eivota, nebo to nejd\u016fle\u017eit\u011bj\u0161\u00ed.<\/p>\n\n\n\n<p class=\"wp-block-paragraph\">T\u0159ikr\u00e1t t\u00fddn\u011b jsem chodila jako dobrovolnice do m\u00edstn\u00edho programu pro lidi v termin\u00e1ln\u00edm stadiu nemoci. Nepracovala jsem jako zdravotn\u00ed sestra ani jako l\u00e9ka\u0159ka. Prost\u011b jsem pom\u00e1hala tam, kde bylo pot\u0159eba.<\/p>\n\n\n\n<p class=\"wp-block-paragraph\">N\u011bkomu jsem nakoupila.<\/p>\n\n\n\n<p class=\"wp-block-paragraph\">Jin\u00e9mu uklidila byt.<\/p>\n\n\n\n<p class=\"wp-block-paragraph\">N\u011bkdy sta\u010dilo jen sed\u011bt vedle \u010dlov\u011bka, kter\u00fd necht\u011bl b\u00fdt s\u00e1m.<\/p>\n\n\n\n<p class=\"wp-block-paragraph\">Pr\u00e1v\u011b tam jsem poznala Carla.<\/p>\n\n\n\n<p class=\"wp-block-paragraph\">Bylo mu n\u011bco p\u0159es \u010dty\u0159icet.<\/p>\n\n\n\n<p class=\"wp-block-paragraph\">M\u011bl rakovinu v pokro\u010dil\u00e9m stadiu a l\u00e9ka\u0159i u\u017e mu ned\u00e1vali mnoho \u010dasu.<\/p>\n\n\n\n<p class=\"wp-block-paragraph\">\u017dil s\u00e1m v mal\u00e9m dom\u011b na kraji m\u011bsta.<\/p>\n\n\n\n<p class=\"wp-block-paragraph\">Kdy\u017e jsem ho nav\u0161t\u00edvila poprv\u00e9, \u010dekala jsem ml\u010denliv\u00e9ho a zatrpkl\u00e9ho \u010dlov\u011bka.<\/p>\n\n\n\n<p class=\"wp-block-paragraph\">Carl m\u011b v\u0161ak p\u0159ekvapil.<\/p>\n\n\n\n<p class=\"wp-block-paragraph\">\u201eTak vy jste ta dobrovolnice, kter\u00e1 mi m\u00e1 zachr\u00e1nit dom\u00e1cnost?\u201c zeptal se s \u00fasm\u011bvem.<\/p>\n\n\n\n<p class=\"wp-block-paragraph\">\u201eSp\u00ed\u0161 v\u00e1\u0161 d\u0159ez,\u201c odpov\u011bd\u011bla jsem.<\/p>\n\n\n\n<p class=\"wp-block-paragraph\">Rozesm\u00e1l se.<\/p>\n\n\n\n<p class=\"wp-block-paragraph\">A pr\u00e1v\u011b tak na\u0161e p\u0159\u00e1telstv\u00ed za\u010dalo.<\/p>\n\n\n\n<hr class=\"wp-block-separator has-alpha-channel-opacity\"\/>\n\n\n\n<p class=\"wp-block-paragraph\">B\u011bhem dal\u0161\u00edch t\u00fddn\u016f jsme si na sebe zvykli.<\/p>\n\n\n\n<p class=\"wp-block-paragraph\">Nosila jsem mu j\u00eddlo.<\/p>\n\n\n\n<p class=\"wp-block-paragraph\">Pom\u00e1hala jsem s pr\u00e1dlem.<\/p>\n\n\n\n<p class=\"wp-block-paragraph\">Jednou jsem mu dokonce opravila poli\u010dku, kter\u00e1 se n\u011bkolik m\u011bs\u00edc\u016f nebezpe\u010dn\u011b nakl\u00e1n\u011bla.<\/p>\n\n\n\n<p class=\"wp-block-paragraph\">Carl mi za to poka\u017ed\u00e9 d\u011bkoval.<\/p>\n\n\n\n<p class=\"wp-block-paragraph\">Ale postupn\u011b jsem si uv\u011bdomila, \u017ee moje n\u00e1v\u0161t\u011bvy u\u017e d\u00e1vno nejsou jen dobrovolnickou povinnost\u00ed.<\/p>\n\n\n\n<p class=\"wp-block-paragraph\">Za\u010dala jsem se t\u011b\u0161it na na\u0161e rozhovory.<\/p>\n\n\n\n<p class=\"wp-block-paragraph\">Hr\u00e1li jsme deskov\u00e9 hry.<\/p>\n\n\n\n<p class=\"wp-block-paragraph\">H\u00e1dali se o filmy.<\/p>\n\n\n\n<p class=\"wp-block-paragraph\">Poslouchali star\u00e9 desky.<\/p>\n\n\n\n<figure class=\"wp-block-image is-resized\"><img decoding=\"async\" src=\"https:\/\/chexia.info\/wp-content\/uploads\/2026\/08\/cozy_wedding_portrait-819x1024.jpg\" alt=\"\" class=\"wp-image-10097\" style=\"aspect-ratio:0.7998046875;width:819px;height:auto\"\/><\/figure>\n\n\n\n<p class=\"wp-block-paragraph\">Carl m\u011bl zvl\u00e1\u0161tn\u00ed talent vypr\u00e1v\u011bt o oby\u010dejn\u00fdch v\u011bcech tak, \u017ee zn\u011bly zaj\u00edmav\u011b.<\/p>\n\n\n\n<p class=\"wp-block-paragraph\">Jednoho ve\u010dera jsme sed\u011bli u \u010daje.<\/p>\n\n\n\n<p class=\"wp-block-paragraph\">Carl polo\u017eil hrnek na st\u016fl.<\/p>\n\n\n\n<p class=\"wp-block-paragraph\">\u201eM\u016f\u017eu se t\u011b na n\u011bco zeptat?\u201c<\/p>\n\n\n\n<p class=\"wp-block-paragraph\">\u201eSamoz\u0159ejm\u011b.\u201c<\/p>\n\n\n\n<p class=\"wp-block-paragraph\">Dlouho ml\u010del.<\/p>\n\n\n\n<p class=\"wp-block-paragraph\">Pak \u0159ekl:<\/p>\n\n\n\n<p class=\"wp-block-paragraph\">\u201eVezme\u0161 si m\u011b?\u201c<\/p>\n\n\n\n<p class=\"wp-block-paragraph\">Myslela jsem, \u017ee \u017eertuje.<\/p>\n\n\n\n<p class=\"wp-block-paragraph\">\u201eCo\u017ee?\u201c<\/p>\n\n\n\n<p class=\"wp-block-paragraph\">\u201eV\u00edm, jak to zn\u00ed.\u201c<\/p>\n\n\n\n<p class=\"wp-block-paragraph\">\u201eCarle, my se zn\u00e1me jen n\u011bkolik m\u011bs\u00edc\u016f.\u201c<\/p>\n\n\n\n<p class=\"wp-block-paragraph\">\u201eJ\u00e1 v\u00edm.\u201c<\/p>\n\n\n\n<p class=\"wp-block-paragraph\">\u201eA ty um\u00edr\u00e1\u0161.\u201c<\/p>\n\n\n\n<p class=\"wp-block-paragraph\">\u201eTo tak\u00e9 v\u00edm.\u201c<\/p>\n\n\n\n<p class=\"wp-block-paragraph\">D\u00edval se na m\u011b neobvykle v\u00e1\u017en\u011b.<\/p>\n\n\n\n<p class=\"wp-block-paragraph\">\u201ePr\u00e1v\u011b proto se pt\u00e1m.\u201c<\/p>\n\n\n\n<p class=\"wp-block-paragraph\">Vysv\u011btlil mi, \u017ee nechce zem\u0159\u00edt s pocitem, \u017ee cel\u00fd jeho \u017eivot skon\u010dil \u00fapln\u011b s\u00e1m.<\/p>\n\n\n\n<p class=\"wp-block-paragraph\">\u201eNemus\u00ed\u0161 m\u011b milovat,\u201c \u0159ekl ti\u0161e. \u201eJen nechci, aby moje posledn\u00ed dny byly pr\u00e1zdn\u00e9.\u201c<\/p>\n\n\n\n<p class=\"wp-block-paragraph\">Nev\u011bd\u011bla jsem, co \u0159\u00edct.<\/p>\n\n\n\n<p class=\"wp-block-paragraph\">Bylo to \u0161\u00edlen\u00e9.<\/p>\n\n\n\n<p class=\"wp-block-paragraph\">Nepraktick\u00e9.<\/p>\n\n\n\n<p class=\"wp-block-paragraph\">Naprost\u00fd opak toho, jak jsem si p\u0159edstavovala man\u017eelstv\u00ed.<\/p>\n\n\n\n<p class=\"wp-block-paragraph\">Ale v jeho o\u010d\u00edch nebyla manipulace.<\/p>\n\n\n\n<p class=\"wp-block-paragraph\">Byla v nich jen prosba.<\/p>\n\n\n\n<p class=\"wp-block-paragraph\">Nakonec jsem souhlasila.<\/p>\n\n\n\n<hr class=\"wp-block-separator has-alpha-channel-opacity\"\/>\n\n\n\n<p class=\"wp-block-paragraph\">Druh\u00fd den p\u0159i\u0161el do jeho domu kn\u011bz.<\/p>\n\n\n\n<p class=\"wp-block-paragraph\">Nem\u011bli jsme svatebn\u00ed \u0161aty.<\/p>\n\n\n\n<p class=\"wp-block-paragraph\">Nem\u011bli jsme hosty.<\/p>\n\n\n\n<p class=\"wp-block-paragraph\">Nem\u011bli jsme kv\u011btiny.<\/p>\n\n\n\n<p class=\"wp-block-paragraph\">J\u00e1 si obl\u00e9kla jednoduch\u00e9 b\u00edl\u00e9 tri\u010dko.<\/p>\n\n\n\n<p class=\"wp-block-paragraph\">Carl m\u011bl ko\u0161ili, kter\u00e1 mu byla trochu voln\u00e1, proto\u017ee b\u011bhem nemoci v\u00fdrazn\u011b zhubl.<\/p>\n\n\n\n<p class=\"wp-block-paragraph\">St\u00e1li jsme v ob\u00fdvac\u00edm pokoji.<\/p>\n\n\n\n<p class=\"wp-block-paragraph\">Kn\u011bz pronesl n\u011bkolik kr\u00e1tk\u00fdch v\u011bt.<\/p>\n\n\n\n<p class=\"wp-block-paragraph\">A potom jsme byli man\u017eel\u00e9.<\/p>\n\n\n\n<p class=\"wp-block-paragraph\">Carl se na m\u011b pod\u00edval.<\/p>\n\n\n\n<p class=\"wp-block-paragraph\">Usm\u00edval se.<\/p>\n\n\n\n<p class=\"wp-block-paragraph\">Takov\u00fd \u00fasm\u011bv jsem u n\u011bj nikdy p\u0159edt\u00edm nevid\u011bla.<\/p>\n\n\n\n<p class=\"wp-block-paragraph\">\u201eD\u011bkuji,\u201c za\u0161eptal.<\/p>\n\n\n\n<p class=\"wp-block-paragraph\">\u201eZa co?\u201c<\/p>\n\n\n\n<p class=\"wp-block-paragraph\">\u201e\u017de jsi \u0159ekla ano.\u201c<\/p>\n\n\n\n<p class=\"wp-block-paragraph\">O deset dn\u00ed pozd\u011bji zem\u0159el.<\/p>\n\n\n\n<hr class=\"wp-block-separator has-alpha-channel-opacity\"\/>\n\n\n\n<p class=\"wp-block-paragraph\">Jeho smrt m\u011b zas\u00e1hla mnohem v\u00edc, ne\u017e jsem o\u010dek\u00e1vala.<\/p>\n\n\n\n<p class=\"wp-block-paragraph\">Ne proto, \u017ee jsem byla jeho man\u017eelkou.<\/p>\n\n\n\n<p class=\"wp-block-paragraph\">Ale proto\u017ee jsem ztratila \u010dlov\u011bka, kter\u00fd se b\u011bhem n\u011bkolika m\u011bs\u00edc\u016f stal sou\u010d\u00e1st\u00ed m\u00e9ho \u017eivota.<\/p>\n\n\n\n<p class=\"wp-block-paragraph\">Po poh\u0159bu jsem se vr\u00e1tila dom\u016f.<\/p>\n\n\n\n<p class=\"wp-block-paragraph\">Byla jsem vy\u010derpan\u00e1.<\/p>\n\n\n\n<p class=\"wp-block-paragraph\">Sed\u011bla jsem v kuchyni a d\u00edvala se do pr\u00e1zdn\u00e9ho hrnku.<\/p>\n\n\n\n<p class=\"wp-block-paragraph\">Pak n\u011bkdo zaklepal.<\/p>\n\n\n\n<p class=\"wp-block-paragraph\">Otev\u0159ela jsem dve\u0159e.<\/p>\n\n\n\n<p class=\"wp-block-paragraph\">P\u0159ed domem st\u00e1l mu\u017e v tmav\u00e9m obleku.<\/p>\n\n\n\n<p class=\"wp-block-paragraph\">\u201eJmenuji se David Miller. Byl jsem Carl\u016fv pr\u00e1vn\u00edk.\u201c<\/p>\n\n\n\n<p class=\"wp-block-paragraph\">P\u0159ik\u00fdvla jsem.<\/p>\n\n\n\n<figure class=\"wp-block-image\"><img decoding=\"async\" src=\"https:\/\/vengria.info\/wp-content\/uploads\/2026\/08\/weadszcsdzcx-687x1024.jpg\" alt=\"\" class=\"wp-image-18029\"\/><\/figure>\n\n\n\n<p class=\"wp-block-paragraph\">\u201eMohu v\u00e1m n\u011bco p\u0159edat?\u201c<\/p>\n\n\n\n<p class=\"wp-block-paragraph\">Podal mi velkou ob\u00e1lku.<\/p>\n\n\n\n<p class=\"wp-block-paragraph\">\u201eCarl m\u011b po\u017e\u00e1dal, abych v\u00e1m ji doru\u010dil a\u017e po jeho poh\u0159bu.\u201c<\/p>\n\n\n\n<p class=\"wp-block-paragraph\">\u201eCo je uvnit\u0159?\u201c<\/p>\n\n\n\n<p class=\"wp-block-paragraph\">\u201eDopis.\u201c<\/p>\n\n\n\n<p class=\"wp-block-paragraph\">\u201eOd Carla?\u201c<\/p>\n\n\n\n<p class=\"wp-block-paragraph\">\u201eAno.\u201c<\/p>\n\n\n\n<p class=\"wp-block-paragraph\">Pak se na m\u011b pod\u00edval.<\/p>\n\n\n\n<p class=\"wp-block-paragraph\">\u201eAle je tu je\u0161t\u011b n\u011bco.\u201c<\/p>\n\n\n\n<p class=\"wp-block-paragraph\">\u201eCo?\u201c<\/p>\n\n\n\n<p class=\"wp-block-paragraph\">\u201eCarl m\u011b v\u00fdslovn\u011b po\u017e\u00e1dal, abych v\u00e1m p\u0159edal pravdu o jeho skute\u010dn\u00e9 toto\u017enosti.\u201c<\/p>\n\n\n\n<p class=\"wp-block-paragraph\">Zamra\u010dila jsem se.<\/p>\n\n\n\n<p class=\"wp-block-paragraph\">\u201eJeho skute\u010dn\u00e9 toto\u017enosti?\u201c<\/p>\n\n\n\n<p class=\"wp-block-paragraph\">\u201eAno.\u201c<\/p>\n\n\n\n<p class=\"wp-block-paragraph\">\u201eV\u017edy\u0165 jsem znala jeho jm\u00e9no.\u201c<\/p>\n\n\n\n<p class=\"wp-block-paragraph\">Pr\u00e1vn\u00edk zavrt\u011bl hlavou.<\/p>\n\n\n\n<p class=\"wp-block-paragraph\">\u201eMyslela jste si, \u017ee ho zn\u00e1te.\u201c<\/p>\n\n\n\n<hr class=\"wp-block-separator has-alpha-channel-opacity\"\/>\n\n\n\n<p class=\"wp-block-paragraph\">Zav\u0159ela jsem dve\u0159e.<\/p>\n\n\n\n<p class=\"wp-block-paragraph\">Sedla si ke stolu.<\/p>\n\n\n\n<p class=\"wp-block-paragraph\">Ob\u00e1lku jsem dr\u017eela n\u011bkolik minut, ne\u017e jsem ji dok\u00e1zala otev\u0159\u00edt.<\/p>\n\n\n\n<p class=\"wp-block-paragraph\">Uvnit\u0159 byl jedin\u00fd list pap\u00edru.<\/p>\n\n\n\n<p class=\"wp-block-paragraph\">Prvn\u00ed \u0159\u00e1dek m\u011b okam\u017eit\u011b zmrazil.<\/p>\n\n\n\n<p class=\"wp-block-paragraph\">\u201eNa\u0161e setk\u00e1n\u00ed nebylo n\u00e1hodn\u00e9.\u201c<\/p>\n\n\n\n<p class=\"wp-block-paragraph\">Srdce se mi rozbu\u0161ilo.<\/p>\n\n\n\n<p class=\"wp-block-paragraph\">\u010cetla jsem d\u00e1l.<\/p>\n\n\n\n<p class=\"wp-block-paragraph\">\u201eZn\u00e1m t\u011b mnohem d\u00e9le, ne\u017e si mysl\u00ed\u0161.\u201c<\/p>\n\n\n\n<p class=\"wp-block-paragraph\">Zvedla jsem hlavu.<\/p>\n\n\n\n<p class=\"wp-block-paragraph\">\u201eCo to m\u00e1 znamenat?\u201c<\/p>\n\n\n\n<p class=\"wp-block-paragraph\">Pokra\u010dovala jsem.<\/p>\n\n\n\n<p class=\"wp-block-paragraph\">\u201eMo\u017en\u00e1 si vzpomene\u0161 na sv\u00e9ho otce.\u201c<\/p>\n\n\n\n<p class=\"wp-block-paragraph\">P\u0159estala jsem d\u00fdchat.<\/p>\n\n\n\n<p class=\"wp-block-paragraph\">M\u016fj otec zem\u0159el, kdy\u017e jsem byla mal\u00e1.<\/p>\n\n\n\n<p class=\"wp-block-paragraph\">Carl ho nikdy nemohl zn\u00e1t.<\/p>\n\n\n\n<p class=\"wp-block-paragraph\">Alespo\u0148 jsem si to myslela.<\/p>\n\n\n\n<p class=\"wp-block-paragraph\">Dal\u0161\u00ed \u0159\u00e1dek zn\u011bl:<\/p>\n\n\n\n<p class=\"wp-block-paragraph\">\u201eTv\u016fj otec m\u011b p\u0159ed t\u0159iceti lety po\u017e\u00e1dal o jednu v\u011bc.\u201c<\/p>\n\n\n\n<p class=\"wp-block-paragraph\">Ruce se mi za\u010daly t\u0159\u00e1st.<\/p>\n\n\n\n<p class=\"wp-block-paragraph\">\u201eA j\u00e1 sv\u016fj slib nikdy neporu\u0161il.\u201c<\/p>\n\n\n\n<hr class=\"wp-block-separator has-alpha-channel-opacity\"\/>\n\n\n\n<p class=\"wp-block-paragraph\">Vr\u00e1tila jsem se k pr\u00e1vn\u00edkovi.<\/p>\n\n\n\n<p class=\"wp-block-paragraph\">\u201ePot\u0159ebuji v\u011bd\u011bt, kdo Carl skute\u010dn\u011b byl.\u201c<\/p>\n\n\n\n<p class=\"wp-block-paragraph\">David si povzdechl.<\/p>\n\n\n\n<p class=\"wp-block-paragraph\">\u201eTo zjist\u00edte z dokument\u016f.\u201c<\/p>\n\n\n\n<p class=\"wp-block-paragraph\">Polo\u017eil p\u0159ede m\u011b slo\u017eku.<\/p>\n\n\n\n<p class=\"wp-block-paragraph\">Uvnit\u0159 byly star\u00e9 fotografie.<\/p>\n\n\n\n<p class=\"wp-block-paragraph\">Na prvn\u00ed byla mlad\u0161\u00ed verze Carla.<\/p>\n\n\n\n<p class=\"wp-block-paragraph\">Ale nebyl s\u00e1m.<\/p>\n\n\n\n<p class=\"wp-block-paragraph\">Vedle n\u011bj st\u00e1l m\u016fj otec.<\/p>\n\n\n\n<p class=\"wp-block-paragraph\">Ztuhla jsem.<\/p>\n\n\n\n<p class=\"wp-block-paragraph\">\u201eKde to bylo?\u201c<\/p>\n\n\n\n<p class=\"wp-block-paragraph\">\u201eV nemocnici.\u201c<\/p>\n\n\n\n<p class=\"wp-block-paragraph\">\u201ePro\u010d byli spolu?\u201c<\/p>\n\n\n\n<p class=\"wp-block-paragraph\">David odpov\u011bd\u011bl:<\/p>\n\n\n\n<p class=\"wp-block-paragraph\">\u201eProto\u017ee v\u00e1\u0161 otec a Carl spolupracovali.\u201c<\/p>\n\n\n\n<p class=\"wp-block-paragraph\">\u201eNa \u010dem?\u201c<\/p>\n\n\n\n<p class=\"wp-block-paragraph\">\u201eNa projektu, o kter\u00e9m jste nikdy nem\u011bla v\u011bd\u011bt.\u201c<\/p>\n\n\n\n<p class=\"wp-block-paragraph\">Uk\u00e1zal mi dal\u0161\u00ed fotografii.<\/p>\n\n\n\n<p class=\"wp-block-paragraph\">Byla na n\u00ed moje matka.<\/p>\n\n\n\n<p class=\"wp-block-paragraph\">Byla mnohem mlad\u0161\u00ed.<\/p>\n\n\n\n<p class=\"wp-block-paragraph\">A vedle n\u00ed st\u00e1l Ca<\/p>\n\n\n\n<p class=\"wp-block-paragraph\"><\/p>\n","protected":false},"excerpt":{"rendered":"Nikdy jsem si nemyslela, \u017ee se n\u011bkdy provd\u00e1m za mu\u017ee, kter\u00e9ho zn\u00e1m jen n\u011bkolik m\u011bs\u00edc\u016f.U\u017e v\u016fbec ne za \u010dlov\u011bka, o kter\u00e9m v\u0161ichni v\u011bd\u011bli, \n<a class=\"moretag\" href=\"https:\/\/vendeto.am\/?p=33082\"> [...]<\/a>","protected":false},"author":1,"featured_media":33083,"comment_status":"open","ping_status":"open","sticky":false,"template":"","format":"standard","meta":{"footnotes":""},"categories":[2],"tags":[],"class_list":["post-33082","post","type-post","status-publish","format-standard","has-post-thumbnail","hentry","category-sport"],"yoast_head":"<!-- This site is optimized with the Yoast SEO plugin v28.3 - https:\/\/yoast.com\/product\/yoast-seo-wordpress\/ -->\n<title>Vdala jsem se za um\u00edraj\u00edc\u00edho mu\u017ee, proto\u017ee to bylo jeho posledn\u00ed p\u0159\u00e1n\u00ed. Po jeho poh\u0159bu mi pr\u00e1vn\u00edk p\u0159edal ob\u00e1lku a \u0159ekl: \u201eCarl v\u00e1s znal cel\u00fd \u017eivot.\u201c -<\/title>\n<meta name=\"robots\" content=\"index, follow, max-snippet:-1, max-image-preview:large, max-video-preview:-1\" \/>\n<link rel=\"canonical\" href=\"https:\/\/vendeto.am\/?p=33082\" \/>\n<meta property=\"og:locale\" content=\"ru_RU\" \/>\n<meta property=\"og:type\" content=\"article\" \/>\n<meta property=\"og:title\" content=\"Vdala jsem se za um\u00edraj\u00edc\u00edho mu\u017ee, proto\u017ee to bylo jeho posledn\u00ed p\u0159\u00e1n\u00ed. Po jeho poh\u0159bu mi pr\u00e1vn\u00edk p\u0159edal ob\u00e1lku a \u0159ekl: \u201eCarl v\u00e1s znal cel\u00fd \u017eivot.\u201c -\" \/>\n<meta property=\"og:description\" content=\"Nikdy jsem si nemyslela, \u017ee se n\u011bkdy provd\u00e1m za mu\u017ee, kter\u00e9ho zn\u00e1m jen n\u011bkolik m\u011bs\u00edc\u016f.U\u017e v\u016fbec ne za \u010dlov\u011bka, o kter\u00e9m v\u0161ichni v\u011bd\u011bli,\" \/>\n<meta property=\"og:url\" content=\"https:\/\/vendeto.am\/?p=33082\" \/>\n<meta property=\"article:published_time\" content=\"2026-08-31T18:49:36+00:00\" \/>\n<meta property=\"article:modified_time\" content=\"2026-08-31T18:49:37+00:00\" \/>\n<meta property=\"og:image\" content=\"https:\/\/vendeto.am\/wp-content\/uploads\/2026\/08\/cozy_wedding_portrait.jpg\" \/>\n\t<meta property=\"og:image:width\" content=\"1408\" \/>\n\t<meta property=\"og:image:height\" content=\"1760\" \/>\n\t<meta property=\"og:image:type\" content=\"image\/jpeg\" \/>\n<meta name=\"author\" content=\"admin\" \/>\n<meta name=\"twitter:card\" content=\"summary_large_image\" \/>\n<meta name=\"twitter:label1\" content=\"\u041d\u0430\u043f\u0438\u0441\u0430\u043d\u043e \u0430\u0432\u0442\u043e\u0440\u043e\u043c\" \/>\n\t<meta name=\"twitter:data1\" content=\"admin\" \/>\n\t<meta name=\"twitter:label2\" content=\"\u041f\u0440\u0438\u043c\u0435\u0440\u043d\u043e\u0435 \u0432\u0440\u0435\u043c\u044f \u0434\u043b\u044f \u0447\u0442\u0435\u043d\u0438\u044f\" \/>\n\t<meta name=\"twitter:data2\" content=\"5 \u043c\u0438\u043d\u0443\u0442\" \/>\n<script type=\"application\/ld+json\" class=\"yoast-schema-graph\">{\"@context\":\"https:\\\/\\\/schema.org\",\"@graph\":[{\"@type\":\"Article\",\"@id\":\"https:\\\/\\\/vendeto.am\\\/?p=33082#article\",\"isPartOf\":{\"@id\":\"https:\\\/\\\/vendeto.am\\\/?p=33082\"},\"author\":{\"name\":\"admin\",\"@id\":\"https:\\\/\\\/vendeto.am\\\/#\\\/schema\\\/person\\\/48a4bd89d2048190ecc61e5ce821bef7\"},\"headline\":\"Vdala jsem se za um\u00edraj\u00edc\u00edho mu\u017ee, proto\u017ee to bylo jeho posledn\u00ed p\u0159\u00e1n\u00ed. Po jeho poh\u0159bu mi pr\u00e1vn\u00edk p\u0159edal ob\u00e1lku a \u0159ekl: \u201eCarl v\u00e1s znal cel\u00fd \u017eivot.\u201c\",\"datePublished\":\"2026-08-31T18:49:36+00:00\",\"dateModified\":\"2026-08-31T18:49:37+00:00\",\"mainEntityOfPage\":{\"@id\":\"https:\\\/\\\/vendeto.am\\\/?p=33082\"},\"wordCount\":1099,\"commentCount\":0,\"image\":{\"@id\":\"https:\\\/\\\/vendeto.am\\\/?p=33082#primaryimage\"},\"thumbnailUrl\":\"https:\\\/\\\/vendeto.am\\\/wp-content\\\/uploads\\\/2026\\\/08\\\/cozy_wedding_portrait.jpg\",\"articleSection\":[\"SPORT\"],\"inLanguage\":\"ru-RU\",\"potentialAction\":[{\"@type\":\"CommentAction\",\"name\":\"Comment\",\"target\":[\"https:\\\/\\\/vendeto.am\\\/?p=33082#respond\"]}]},{\"@type\":\"WebPage\",\"@id\":\"https:\\\/\\\/vendeto.am\\\/?p=33082\",\"url\":\"https:\\\/\\\/vendeto.am\\\/?p=33082\",\"name\":\"Vdala jsem se za um\u00edraj\u00edc\u00edho mu\u017ee, proto\u017ee to bylo jeho posledn\u00ed p\u0159\u00e1n\u00ed. Po jeho poh\u0159bu mi pr\u00e1vn\u00edk p\u0159edal ob\u00e1lku a \u0159ekl: \u201eCarl v\u00e1s znal cel\u00fd \u017eivot.\u201c -\",\"isPartOf\":{\"@id\":\"https:\\\/\\\/vendeto.am\\\/#website\"},\"primaryImageOfPage\":{\"@id\":\"https:\\\/\\\/vendeto.am\\\/?p=33082#primaryimage\"},\"image\":{\"@id\":\"https:\\\/\\\/vendeto.am\\\/?p=33082#primaryimage\"},\"thumbnailUrl\":\"https:\\\/\\\/vendeto.am\\\/wp-content\\\/uploads\\\/2026\\\/08\\\/cozy_wedding_portrait.jpg\",\"datePublished\":\"2026-08-31T18:49:36+00:00\",\"dateModified\":\"2026-08-31T18:49:37+00:00\",\"author\":{\"@id\":\"https:\\\/\\\/vendeto.am\\\/#\\\/schema\\\/person\\\/48a4bd89d2048190ecc61e5ce821bef7\"},\"breadcrumb\":{\"@id\":\"https:\\\/\\\/vendeto.am\\\/?p=33082#breadcrumb\"},\"inLanguage\":\"ru-RU\",\"potentialAction\":[{\"@type\":\"ReadAction\",\"target\":[\"https:\\\/\\\/vendeto.am\\\/?p=33082\"]}]},{\"@type\":\"ImageObject\",\"inLanguage\":\"ru-RU\",\"@id\":\"https:\\\/\\\/vendeto.am\\\/?p=33082#primaryimage\",\"url\":\"https:\\\/\\\/vendeto.am\\\/wp-content\\\/uploads\\\/2026\\\/08\\\/cozy_wedding_portrait.jpg\",\"contentUrl\":\"https:\\\/\\\/vendeto.am\\\/wp-content\\\/uploads\\\/2026\\\/08\\\/cozy_wedding_portrait.jpg\",\"width\":1408,\"height\":1760},{\"@type\":\"BreadcrumbList\",\"@id\":\"https:\\\/\\\/vendeto.am\\\/?p=33082#breadcrumb\",\"itemListElement\":[{\"@type\":\"ListItem\",\"position\":1,\"name\":\"\u0413\u043b\u0430\u0432\u043d\u0430\u044f \u0441\u0442\u0440\u0430\u043d\u0438\u0446\u0430\",\"item\":\"https:\\\/\\\/vendeto.am\\\/\"},{\"@type\":\"ListItem\",\"position\":2,\"name\":\"Vdala jsem se za um\u00edraj\u00edc\u00edho mu\u017ee, proto\u017ee to bylo jeho posledn\u00ed p\u0159\u00e1n\u00ed. Po jeho poh\u0159bu mi pr\u00e1vn\u00edk p\u0159edal ob\u00e1lku a \u0159ekl: \u201eCarl v\u00e1s znal cel\u00fd \u017eivot.\u201c\"}]},{\"@type\":\"WebSite\",\"@id\":\"https:\\\/\\\/vendeto.am\\\/#website\",\"url\":\"https:\\\/\\\/vendeto.am\\\/\",\"name\":\"\",\"description\":\"\",\"potentialAction\":[{\"@type\":\"SearchAction\",\"target\":{\"@type\":\"EntryPoint\",\"urlTemplate\":\"https:\\\/\\\/vendeto.am\\\/?s={search_term_string}\"},\"query-input\":{\"@type\":\"PropertyValueSpecification\",\"valueRequired\":true,\"valueName\":\"search_term_string\"}}],\"inLanguage\":\"ru-RU\"},{\"@type\":\"Person\",\"@id\":\"https:\\\/\\\/vendeto.am\\\/#\\\/schema\\\/person\\\/48a4bd89d2048190ecc61e5ce821bef7\",\"name\":\"admin\",\"image\":{\"@type\":\"ImageObject\",\"inLanguage\":\"ru-RU\",\"@id\":\"https:\\\/\\\/secure.gravatar.com\\\/avatar\\\/df64e550a0653b7be0f1bcf897f33faad9c2c8153472b2d9319beafb51370f6f?s=96&d=mm&r=g\",\"url\":\"https:\\\/\\\/secure.gravatar.com\\\/avatar\\\/df64e550a0653b7be0f1bcf897f33faad9c2c8153472b2d9319beafb51370f6f?s=96&d=mm&r=g\",\"contentUrl\":\"https:\\\/\\\/secure.gravatar.com\\\/avatar\\\/df64e550a0653b7be0f1bcf897f33faad9c2c8153472b2d9319beafb51370f6f?s=96&d=mm&r=g\",\"caption\":\"admin\"},\"sameAs\":[\"http:\\\/\\\/vendeto.am\"],\"url\":\"https:\\\/\\\/vendeto.am\\\/?author=1\"}]}<\/script>\n<!-- \/ Yoast SEO plugin. -->","yoast_head_json":{"title":"Vdala jsem se za um\u00edraj\u00edc\u00edho mu\u017ee, proto\u017ee to bylo jeho posledn\u00ed p\u0159\u00e1n\u00ed. Po jeho poh\u0159bu mi pr\u00e1vn\u00edk p\u0159edal ob\u00e1lku a \u0159ekl: \u201eCarl v\u00e1s znal cel\u00fd \u017eivot.\u201c -","robots":{"index":"index","follow":"follow","max-snippet":"max-snippet:-1","max-image-preview":"max-image-preview:large","max-video-preview":"max-video-preview:-1"},"canonical":"https:\/\/vendeto.am\/?p=33082","og_locale":"ru_RU","og_type":"article","og_title":"Vdala jsem se za um\u00edraj\u00edc\u00edho mu\u017ee, proto\u017ee to bylo jeho posledn\u00ed p\u0159\u00e1n\u00ed. Po jeho poh\u0159bu mi pr\u00e1vn\u00edk p\u0159edal ob\u00e1lku a \u0159ekl: \u201eCarl v\u00e1s znal cel\u00fd \u017eivot.\u201c -","og_description":"Nikdy jsem si nemyslela, \u017ee se n\u011bkdy provd\u00e1m za mu\u017ee, kter\u00e9ho zn\u00e1m jen n\u011bkolik m\u011bs\u00edc\u016f.U\u017e v\u016fbec ne za \u010dlov\u011bka, o kter\u00e9m v\u0161ichni v\u011bd\u011bli,","og_url":"https:\/\/vendeto.am\/?p=33082","article_published_time":"2026-08-31T18:49:36+00:00","article_modified_time":"2026-08-31T18:49:37+00:00","og_image":[{"width":1408,"height":1760,"url":"https:\/\/vendeto.am\/wp-content\/uploads\/2026\/08\/cozy_wedding_portrait.jpg","type":"image\/jpeg"}],"author":"admin","twitter_card":"summary_large_image","twitter_misc":{"\u041d\u0430\u043f\u0438\u0441\u0430\u043d\u043e \u0430\u0432\u0442\u043e\u0440\u043e\u043c":"admin","\u041f\u0440\u0438\u043c\u0435\u0440\u043d\u043e\u0435 \u0432\u0440\u0435\u043c\u044f \u0434\u043b\u044f \u0447\u0442\u0435\u043d\u0438\u044f":"5 \u043c\u0438\u043d\u0443\u0442"},"schema":{"@context":"https:\/\/schema.org","@graph":[{"@type":"Article","@id":"https:\/\/vendeto.am\/?p=33082#article","isPartOf":{"@id":"https:\/\/vendeto.am\/?p=33082"},"author":{"name":"admin","@id":"https:\/\/vendeto.am\/#\/schema\/person\/48a4bd89d2048190ecc61e5ce821bef7"},"headline":"Vdala jsem se za um\u00edraj\u00edc\u00edho mu\u017ee, proto\u017ee to bylo jeho posledn\u00ed p\u0159\u00e1n\u00ed. Po jeho poh\u0159bu mi pr\u00e1vn\u00edk p\u0159edal ob\u00e1lku a \u0159ekl: \u201eCarl v\u00e1s znal cel\u00fd \u017eivot.\u201c","datePublished":"2026-08-31T18:49:36+00:00","dateModified":"2026-08-31T18:49:37+00:00","mainEntityOfPage":{"@id":"https:\/\/vendeto.am\/?p=33082"},"wordCount":1099,"commentCount":0,"image":{"@id":"https:\/\/vendeto.am\/?p=33082#primaryimage"},"thumbnailUrl":"https:\/\/vendeto.am\/wp-content\/uploads\/2026\/08\/cozy_wedding_portrait.jpg","articleSection":["SPORT"],"inLanguage":"ru-RU","potentialAction":[{"@type":"CommentAction","name":"Comment","target":["https:\/\/vendeto.am\/?p=33082#respond"]}]},{"@type":"WebPage","@id":"https:\/\/vendeto.am\/?p=33082","url":"https:\/\/vendeto.am\/?p=33082","name":"Vdala jsem se za um\u00edraj\u00edc\u00edho mu\u017ee, proto\u017ee to bylo jeho posledn\u00ed p\u0159\u00e1n\u00ed. Po jeho poh\u0159bu mi pr\u00e1vn\u00edk p\u0159edal ob\u00e1lku a \u0159ekl: \u201eCarl v\u00e1s znal cel\u00fd \u017eivot.\u201c -","isPartOf":{"@id":"https:\/\/vendeto.am\/#website"},"primaryImageOfPage":{"@id":"https:\/\/vendeto.am\/?p=33082#primaryimage"},"image":{"@id":"https:\/\/vendeto.am\/?p=33082#primaryimage"},"thumbnailUrl":"https:\/\/vendeto.am\/wp-content\/uploads\/2026\/08\/cozy_wedding_portrait.jpg","datePublished":"2026-08-31T18:49:36+00:00","dateModified":"2026-08-31T18:49:37+00:00","author":{"@id":"https:\/\/vendeto.am\/#\/schema\/person\/48a4bd89d2048190ecc61e5ce821bef7"},"breadcrumb":{"@id":"https:\/\/vendeto.am\/?p=33082#breadcrumb"},"inLanguage":"ru-RU","potentialAction":[{"@type":"ReadAction","target":["https:\/\/vendeto.am\/?p=33082"]}]},{"@type":"ImageObject","inLanguage":"ru-RU","@id":"https:\/\/vendeto.am\/?p=33082#primaryimage","url":"https:\/\/vendeto.am\/wp-content\/uploads\/2026\/08\/cozy_wedding_portrait.jpg","contentUrl":"https:\/\/vendeto.am\/wp-content\/uploads\/2026\/08\/cozy_wedding_portrait.jpg","width":1408,"height":1760},{"@type":"BreadcrumbList","@id":"https:\/\/vendeto.am\/?p=33082#breadcrumb","itemListElement":[{"@type":"ListItem","position":1,"name":"\u0413\u043b\u0430\u0432\u043d\u0430\u044f \u0441\u0442\u0440\u0430\u043d\u0438\u0446\u0430","item":"https:\/\/vendeto.am\/"},{"@type":"ListItem","position":2,"name":"Vdala jsem se za um\u00edraj\u00edc\u00edho mu\u017ee, proto\u017ee to bylo jeho posledn\u00ed p\u0159\u00e1n\u00ed. Po jeho poh\u0159bu mi pr\u00e1vn\u00edk p\u0159edal ob\u00e1lku a \u0159ekl: \u201eCarl v\u00e1s znal cel\u00fd \u017eivot.\u201c"}]},{"@type":"WebSite","@id":"https:\/\/vendeto.am\/#website","url":"https:\/\/vendeto.am\/","name":"","description":"","potentialAction":[{"@type":"SearchAction","target":{"@type":"EntryPoint","urlTemplate":"https:\/\/vendeto.am\/?s={search_term_string}"},"query-input":{"@type":"PropertyValueSpecification","valueRequired":true,"valueName":"search_term_string"}}],"inLanguage":"ru-RU"},{"@type":"Person","@id":"https:\/\/vendeto.am\/#\/schema\/person\/48a4bd89d2048190ecc61e5ce821bef7","name":"admin","image":{"@type":"ImageObject","inLanguage":"ru-RU","@id":"https:\/\/secure.gravatar.com\/avatar\/df64e550a0653b7be0f1bcf897f33faad9c2c8153472b2d9319beafb51370f6f?s=96&d=mm&r=g","url":"https:\/\/secure.gravatar.com\/avatar\/df64e550a0653b7be0f1bcf897f33faad9c2c8153472b2d9319beafb51370f6f?s=96&d=mm&r=g","contentUrl":"https:\/\/secure.gravatar.com\/avatar\/df64e550a0653b7be0f1bcf897f33faad9c2c8153472b2d9319beafb51370f6f?s=96&d=mm&r=g","caption":"admin"},"sameAs":["http:\/\/vendeto.am"],"url":"https:\/\/vendeto.am\/?author=1"}]}},"_links":{"self":[{"href":"https:\/\/vendeto.am\/index.php?rest_route=\/wp\/v2\/posts\/33082","targetHints":{"allow":["GET"]}}],"collection":[{"href":"https:\/\/vendeto.am\/index.php?rest_route=\/wp\/v2\/posts"}],"about":[{"href":"https:\/\/vendeto.am\/index.php?rest_route=\/wp\/v2\/types\/post"}],"author":[{"embeddable":true,"href":"https:\/\/vendeto.am\/index.php?rest_route=\/wp\/v2\/users\/1"}],"replies":[{"embeddable":true,"href":"https:\/\/vendeto.am\/index.php?rest_route=%2Fwp%2Fv2%2Fcomments&post=33082"}],"version-history":[{"count":1,"href":"https:\/\/vendeto.am\/index.php?rest_route=\/wp\/v2\/posts\/33082\/revisions"}],"predecessor-version":[{"id":33084,"href":"https:\/\/vendeto.am\/index.php?rest_route=\/wp\/v2\/posts\/33082\/revisions\/33084"}],"wp:featuredmedia":[{"embeddable":true,"href":"https:\/\/vendeto.am\/index.php?rest_route=\/wp\/v2\/media\/33083"}],"wp:attachment":[{"href":"https:\/\/vendeto.am\/index.php?rest_route=%2Fwp%2Fv2%2Fmedia&parent=33082"}],"wp:term":[{"taxonomy":"category","embeddable":true,"href":"https:\/\/vendeto.am\/index.php?rest_route=%2Fwp%2Fv2%2Fcategories&post=33082"},{"taxonomy":"post_tag","embeddable":true,"href":"https:\/\/vendeto.am\/index.php?rest_route=%2Fwp%2Fv2%2Ftags&post=33082"}],"curies":[{"name":"wp","href":"https:\/\/api.w.org\/{rel}","templated":true}]}}