{"id":33089,"date":"2026-08-31T21:52:45","date_gmt":"2026-08-31T18:52:45","guid":{"rendered":"https:\/\/vendeto.am\/?p=33089"},"modified":"2026-08-31T21:52:47","modified_gmt":"2026-08-31T18:52:47","slug":"rano-po-svatbe-jsem-vyklizela-kapsy-manzelova-smokingu-ale-to-co-jsem-z-nich-vytahla-mi-rozbusilo-srdce","status":"publish","type":"post","link":"https:\/\/vendeto.am\/?p=33089","title":{"rendered":"R\u00e1no po svatb\u011b jsem vykl\u00edzela kapsy man\u017eelova smokingu \u2013 ale to, co jsem z nich vyt\u00e1hla, mi rozbu\u0161ilo srdce"},"content":{"rendered":"\n<p class=\"wp-block-paragraph\"><strong>R\u00e1no po svatb\u011b jsem se probudila s pocitem, \u017ee jsem nikdy nebyla \u0161\u0165astn\u011bj\u0161\u00ed.<\/strong>O necelou hodinu pozd\u011bji jsem v\u0161ak st\u00e1la vedle hotelov\u00e9ho k\u0159esla a v dlani dr\u017eela n\u011bco chladn\u00e9ho a nezn\u00e1m\u00e9ho. P\u0159em\u00fd\u0161lela jsem, jestli jsem pr\u00e1v\u011b neud\u011blala nejv\u011bt\u0161\u00ed chybu sv\u00e9ho \u017eivota.<\/p>\n\n\n\n<p class=\"wp-block-paragraph\">M\u016fj man\u017eel Ian je\u0161t\u011b spal pod pe\u0159inou jen n\u011bkolik metr\u016f ode m\u011b.<\/p>\n\n\n\n<p class=\"wp-block-paragraph\">Jednu ruku m\u011bl nata\u017eenou p\u0159es pol\u0161t\u00e1\u0159, na kter\u00e9m jsem p\u0159ed chv\u00edl\u00ed le\u017eela.<\/p>\n\n\n\n<p class=\"wp-block-paragraph\">Jeho \u010dern\u00fd smoking le\u017eel ledabyle p\u0159ehozen\u00fd p\u0159es k\u0159eslo.<\/p>\n\n\n\n<p class=\"wp-block-paragraph\">A najednou mi nep\u0159ipadal jako svatebn\u00ed od\u011bv.<\/p>\n\n\n\n<p class=\"wp-block-paragraph\">P\u0159ipadal mi jako d\u016fkaz.<\/p>\n\n\n\n<p class=\"wp-block-paragraph\">Ale za\u010dnu od za\u010d\u00e1tku.<\/p>\n\n\n\n<p class=\"wp-block-paragraph\">Jmenuji se Sharon, je mi dvacet sedm let a a\u017e do toho r\u00e1na bych sv\u016fj vztah popsala jako t\u00e9m\u011b\u0159 trapn\u011b stabiln\u00ed.<\/p>\n\n\n\n<p class=\"wp-block-paragraph\">A na tom mi z\u00e1le\u017eelo, proto\u017ee moje p\u0159edchoz\u00ed vztahy byly v\u0161echno, jen ne stabiln\u00ed.<\/p>\n\n\n\n<p class=\"wp-block-paragraph\">Jeden z m\u00fdch b\u00fdval\u00fdch m\u011bl tajn\u011b druh\u00fd telefon schovan\u00fd v aut\u011b.<\/p>\n\n\n\n<p class=\"wp-block-paragraph\">Jin\u00fd mi p\u0159edstavil \u017eenu jako svou sest\u0159enici, jen abych pozd\u011bji zjistila, \u017ee je ve skute\u010dnosti jeho snoubenkou.<\/p>\n\n\n\n<p class=\"wp-block-paragraph\">Kolem p\u011btadvaceti let jsem u\u017e byla bolestn\u011b obezn\u00e1men\u00e1 se l\u017eemi, v\u00fdmluvami a varovn\u00fdmi sign\u00e1ly.<\/p>\n\n\n\n<p class=\"wp-block-paragraph\">Pak p\u0159i\u0161el Ian.<\/p>\n\n\n\n<p class=\"wp-block-paragraph\">Byl \u00fapln\u011b jin\u00fd.<\/p>\n\n\n\n<p class=\"wp-block-paragraph\">Na na\u0161em t\u0159et\u00edm rande ke mn\u011b p\u0159es st\u016fl posunul sv\u016fj telefon.<\/p>\n\n\n\n<p class=\"wp-block-paragraph\">\u201eNem\u00e1m r\u00e1d tajemstv\u00ed,\u201c \u0159ekl. \u201eJsou vy\u010derp\u00e1vaj\u00edc\u00ed. Rad\u011bji bychom k sob\u011b byli up\u0159\u00edmn\u00ed.\u201c<\/p>\n\n\n\n<p class=\"wp-block-paragraph\">Pod\u00edvala jsem se na n\u011bj.<\/p>\n\n\n\n<p class=\"wp-block-paragraph\">\u201eV\u00e1\u017en\u011b?\u201c<\/p>\n\n\n\n<p class=\"wp-block-paragraph\">\u201eNaprosto.\u201c<\/p>\n\n\n\n<p class=\"wp-block-paragraph\">A myslel to v\u00e1\u017en\u011b.<\/p>\n\n\n\n<p class=\"wp-block-paragraph\">B\u011bhem n\u00e1sleduj\u00edc\u00edch \u010dty\u0159 let mezi n\u00e1mi prakticky neexistovaly \u017e\u00e1dn\u00e9 tajnosti.<\/p>\n\n\n\n<p class=\"wp-block-paragraph\">Znali jsme hesla sv\u00fdch telefon\u016f.<\/p>\n\n\n\n<p class=\"wp-block-paragraph\">Sd\u00edleli jsme kalend\u00e1\u0159e.<\/p>\n\n\n\n<p class=\"wp-block-paragraph\">Vid\u011bli jsme navz\u00e1jem upozorn\u011bn\u00ed z banky.<\/p>\n\n\n\n<p class=\"wp-block-paragraph\">Kdy\u017e mu pozd\u011b ve\u010der napsala kolegyn\u011b, klidn\u011b mi zpr\u00e1vu uk\u00e1zal d\u0159\u00edv, ne\u017e jsem v\u016fbec m\u011bla \u010das za\u010d\u00edt p\u0159em\u00fd\u0161let, co se d\u011bje.<\/p>\n\n\n\n<p class=\"wp-block-paragraph\">Kdy\u017e m\u011b n\u011bco tr\u00e1pilo, i kdyby to byla \u00fapln\u00e1 mali\u010dkost, \u0159ekla jsem mu to.<\/p>\n\n\n\n<p class=\"wp-block-paragraph\">Ian se stal nejbezpe\u010dn\u011bj\u0161\u00edm \u010dlov\u011bkem, kter\u00e9ho jsem kdy poznala.<\/p>\n\n\n\n<p class=\"wp-block-paragraph\">D\u016fv\u011bra nebyla jen sou\u010d\u00e1st\u00ed na\u0161eho vztahu.<\/p>\n\n\n\n<figure class=\"wp-block-image is-resized\"><img decoding=\"async\" src=\"https:\/\/chexia.info\/wp-content\/uploads\/2026\/08\/sunny_wedding_portrait-819x1024.jpg\" alt=\"\" class=\"wp-image-10105\" style=\"aspect-ratio:0.7998046875;width:819px;height:auto\"\/><\/figure>\n\n\n\n<p class=\"wp-block-paragraph\"><strong>Byla jeho z\u00e1kladem.<\/strong><\/p>\n\n\n\n<p class=\"wp-block-paragraph\">A pr\u00e1v\u011b proto m\u011b to, co jsem objevila r\u00e1no po svatb\u011b, vyd\u011bsilo tak, jak jsem si nedok\u00e1zala p\u0159edstavit.<\/p>\n\n\n\n<p class=\"wp-block-paragraph\">Vzali jsme se p\u0159edchoz\u00edho odpoledne.<\/p>\n\n\n\n<p class=\"wp-block-paragraph\">Ob\u0159ad byl n\u00e1dhern\u00fd.<\/p>\n\n\n\n<p class=\"wp-block-paragraph\">V zahrad\u011b visely sv\u011bteln\u00e9 \u0159et\u011bzy.<\/p>\n\n\n\n<p class=\"wp-block-paragraph\">Moje nejlep\u0161\u00ed kamar\u00e1dka a sv\u011bdkyn\u011b Marisol b\u011bhem cel\u00e9ho sv\u00e9ho proslovu plakala.<\/p>\n\n\n\n<p class=\"wp-block-paragraph\">Moji bratranci n\u011bjak\u00fdm zp\u016fsobem b\u011bhem hostiny rozjeli conga line.<\/p>\n\n\n\n<p class=\"wp-block-paragraph\">Ian dvakr\u00e1t \u0161l\u00e1pl na spodn\u00ed \u010d\u00e1st m\u00fdch svatebn\u00edch \u0161at\u016f a poka\u017ed\u00e9 se omlouval, jako by sp\u00e1chal n\u011bjak\u00fd z\u00e1va\u017en\u00fd zlo\u010din.<\/p>\n\n\n\n<p class=\"wp-block-paragraph\">Kdy\u017e jsme se kolem druh\u00e9 r\u00e1no dostali do hotelov\u00e9ho apartm\u00e1, byli jsme vy\u010derpan\u00ed, sm\u00e1li jsme se a st\u00e1le jsme m\u011bli na sob\u011b t\u0159pytky z ve\u010d\u00edrku.<\/p>\n\n\n\n<p class=\"wp-block-paragraph\">Ian si sundal sv\u016fj smoking a p\u0159ehodil ho p\u0159es k\u0159eslo.<\/p>\n\n\n\n<p class=\"wp-block-paragraph\">O n\u011bkolik minut pozd\u011bji spal.<\/p>\n\n\n\n<p class=\"wp-block-paragraph\">Druh\u00fd den r\u00e1no jsem se probudila jako prvn\u00ed.<\/p>\n\n\n\n<p class=\"wp-block-paragraph\">Na\u0161e zavazadla byla p\u0159ipraven\u00e1 u dve\u0159\u00ed, proto\u017ee jsme m\u011bli odpoledne odlet\u011bt na l\u00edb\u00e1nky do \u0158ecka.<\/p>\n\n\n\n<p class=\"wp-block-paragraph\">Ian po hodin\u00e1ch tancov\u00e1n\u00ed a oslav st\u00e1le tvrd\u011b spal.<\/p>\n\n\n\n<p class=\"wp-block-paragraph\">Rozhodla jsem se potichu uspo\u0159\u00e1dat na\u0161e v\u011bci, abych ho nevzbudila.<\/p>\n\n\n\n<p class=\"wp-block-paragraph\">Nakonec jsem p\u0159e\u0161la ke smokingu.<\/p>\n\n\n\n<p class=\"wp-block-paragraph\">Hotel nab\u00edzel, \u017ee oble\u010den\u00ed odnesou do nedalek\u00e9 \u010dist\u00edrny, tak\u017ee jsem cht\u011bla smoking ulo\u017eit do obalu, ne\u017e odejdeme.<\/p>\n\n\n\n<p class=\"wp-block-paragraph\">Ne\u017e jsem ho slo\u017eila, zkontrolovala jsem kapsy.<\/p>\n\n\n\n<p class=\"wp-block-paragraph\">Jednou jsem toti\u017e na svatb\u011b omylem nechala kl\u00ed\u010d od pronajat\u00e9ho auta v kapse \u0161at\u016f a od t\u00e9 doby jsem byla opatrn\u011bj\u0161\u00ed.<\/p>\n\n\n\n<p class=\"wp-block-paragraph\">Vn\u011bj\u0161\u00ed kapsa saka byla pr\u00e1zdn\u00e1.<\/p>\n\n\n\n<p class=\"wp-block-paragraph\">V kaps\u00e1ch kalhot byla jen mentolka a poma\u010dkan\u00fd l\u00edstek na drink.<\/p>\n\n\n\n<p class=\"wp-block-paragraph\">Pak jsem s\u00e1hla do vnit\u0159n\u00ed n\u00e1prsn\u00ed kapsy.<\/p>\n\n\n\n<p class=\"wp-block-paragraph\">Prsty se dotkly n\u011b\u010deho ne\u010dekan\u00e9ho.<\/p>\n\n\n\n<p class=\"wp-block-paragraph\">Vlastn\u011b n\u011bkolika v\u011bc\u00ed.<\/p>\n\n\n\n<p class=\"wp-block-paragraph\">Pomalu jsem je vyt\u00e1hla.<\/p>\n\n\n\n<p class=\"wp-block-paragraph\">Byla tam slo\u017een\u00e1 \u00fa\u010dtenka.<\/p>\n\n\n\n<p class=\"wp-block-paragraph\">Mal\u00fd mosazn\u00fd kl\u00ed\u010d p\u0159ev\u00e1zan\u00fd vybledlou \u010dervenou stu\u017ekou.<\/p>\n\n\n\n<p class=\"wp-block-paragraph\">A uvnit\u0159 \u00fa\u010dtenky byl ukryt\u00fd mal\u00fd kousek kr\u00e9mov\u00e9ho pap\u00edru.<\/p>\n\n\n\n<p class=\"wp-block-paragraph\">N\u011bkdo na n\u011bj napsal v elegantn\u00edm rukopisu n\u011bkolik slov.<\/p>\n\n\n\n<p class=\"wp-block-paragraph\">Rozhodn\u011b to nebylo moje p\u00edsmo.<\/p>\n\n\n\n<p class=\"wp-block-paragraph\">Pod\u00edvala jsem se na Iana.<\/p>\n\n\n\n<p class=\"wp-block-paragraph\">St\u00e1le spal.<\/p>\n\n\n\n<p class=\"wp-block-paragraph\">Srdce mi za\u010dalo bu\u0161it.<\/p>\n\n\n\n<p class=\"wp-block-paragraph\">Vzala jsem telefon, vy\u0161la na chodbu a ti\u0161e za sebou zav\u0159ela dve\u0159e apartm\u00e1.<\/p>\n\n\n\n<p class=\"wp-block-paragraph\">Teprve tam jsem l\u00edstek rozlo\u017eila.<\/p>\n\n\n\n<p class=\"wp-block-paragraph\">St\u00e1lo na n\u011bm:<\/p>\n\n\n\n<p class=\"wp-block-paragraph\"><strong>\u201eD\u011bkuji, \u017ee to mezi n\u00e1mi zachov\u00e1\u0161. Ona se to nesm\u00ed dozv\u011bd\u011bt, dokud nenastane spr\u00e1vn\u00fd okam\u017eik. R.\u201c<\/strong><\/p>\n\n\n\n<p class=\"wp-block-paragraph\">P\u0159e\u010detla jsem si to znovu.<\/p>\n\n\n\n<p class=\"wp-block-paragraph\">A znovu.<\/p>\n\n\n\n<p class=\"wp-block-paragraph\">Vyschlo mi v \u00fastech.<\/p>\n\n\n\n<p class=\"wp-block-paragraph\">Ian a j\u00e1 jsme p\u0159ece \u017e\u00e1dn\u00e1 tajemstv\u00ed nem\u011bli.<\/p>\n\n\n\n<p class=\"wp-block-paragraph\">Neschov\u00e1vali jsme nevysv\u011btlen\u00e9 kl\u00ed\u010de.<\/p>\n\n\n\n<p class=\"wp-block-paragraph\">A u\u017e v\u016fbec ne tajn\u00e9 vzkazy od \u017een, kter\u00e9 o mn\u011b mluvily jako o \u201en\u00ed\u201c.<\/p>\n\n\n\n<p class=\"wp-block-paragraph\">T\u0159esouc\u00edma se rukama jsem rozlo\u017eila \u00fa\u010dtenku.<\/p>\n\n\n\n<p class=\"wp-block-paragraph\"><strong>Bellamy &amp; Sons Jewelers.<\/strong><\/p>\n\n\n\n<p class=\"wp-block-paragraph\">N\u00e1kup byl uskute\u010dn\u011bn t\u0159i t\u00fddny p\u0159ed na\u0161\u00ed svatbou.<\/p>\n\n\n\n<p class=\"wp-block-paragraph\">Kdy\u017e jsem uvid\u011bla \u010d\u00e1stku, sev\u0159el se mi \u017ealudek.<\/p>\n\n\n\n<p class=\"wp-block-paragraph\">Byla tak vysok\u00e1, \u017ee by za ni \u010dlov\u011bk mohl koupit slu\u0161n\u00e9 ojet\u00e9 auto.<\/p>\n\n\n\n<p class=\"wp-block-paragraph\">Okam\u017eit\u011b jsem zavolala Marisol.<\/p>\n\n\n\n<p class=\"wp-block-paragraph\">Zvedla telefon rozespale.<\/p>\n\n\n\n<p class=\"wp-block-paragraph\">\u201eSharon? Je osm r\u00e1no. Pros\u00edm, \u0159ekni mi, \u017ee vol\u00e1\u0161 jen proto, abys mi vypr\u00e1v\u011bla o svatebn\u00ed noci.\u201c<\/p>\n\n\n\n<p class=\"wp-block-paragraph\">\u201eNa\u0161la jsem n\u011bco v Ianov\u011b smokingu.\u201c<\/p>\n\n\n\n<p class=\"wp-block-paragraph\">Jej\u00ed ospal\u00fd hlas okam\u017eit\u011b zmizel.<\/p>\n\n\n\n<p class=\"wp-block-paragraph\">\u201eCo jsi na\u0161la?\u201c<\/p>\n\n\n\n<p class=\"wp-block-paragraph\">\u201eMal\u00fd kl\u00ed\u010d. Vzkaz od n\u011bkoho, jeho\u017e jm\u00e9no za\u010d\u00edn\u00e1 na R. A \u00fa\u010dtenku z klenotnictv\u00ed z doby p\u0159ed t\u0159emi t\u00fddny. Za \u0161\u00edlenou \u010d\u00e1stku.\u201c<\/p>\n\n\n\n<p class=\"wp-block-paragraph\">Nastalo ticho.<\/p>\n\n\n\n<p class=\"wp-block-paragraph\">Pak \u0159ekla opatrn\u011b:<\/p>\n\n\n\n<p class=\"wp-block-paragraph\">\u201eP\u0159e\u010dti mi ten vzkaz.\u201c<\/p>\n\n\n\n<p class=\"wp-block-paragraph\">P\u0159e\u010detla jsem j\u00ed ho.<\/p>\n\n\n\n<p class=\"wp-block-paragraph\">\u201eMarisol, m\u011bl to v kapse smokingu b\u011bhem na\u0161\u00ed svatby. M\u011bl to u sebe, kdy\u017e mi skl\u00e1dal man\u017eelsk\u00fd slib.\u201c<\/p>\n\n\n\n<p class=\"wp-block-paragraph\">\u201eDob\u0159e. Zat\u00edm nepanika\u0159.\u201c<\/p>\n\n\n\n<p class=\"wp-block-paragraph\">\u201eMysl\u00edm, \u017ee m\u00e1m dost z\u0159ejm\u00fd d\u016fvod k panice.\u201c<\/p>\n\n\n\n<p class=\"wp-block-paragraph\">\u201eNe,\u201c odpov\u011bd\u011bla. \u201eM\u00e1\u0161 d\u011bsivou teorii. To nen\u00ed tot\u00e9\u017e jako v\u011bd\u011bt, co se stalo.\u201c<\/p>\n\n\n\n<p class=\"wp-block-paragraph\">Pod\u00edvala jsem se na mal\u00fd mosazn\u00fd kl\u00ed\u010d.<\/p>\n\n\n\n<p class=\"wp-block-paragraph\">Byl p\u0159\u00edli\u0161 mal\u00fd na oby\u010dejn\u00e9 dve\u0159e.<\/p>\n\n\n\n<p class=\"wp-block-paragraph\">Mo\u017en\u00e1 od \u0161perkovnice.<\/p>\n\n\n\n<p class=\"wp-block-paragraph\">Mo\u017en\u00e1 od sk\u0159\u00ed\u0148ky.<\/p>\n\n\n\n<p class=\"wp-block-paragraph\">Mo\u017en\u00e1 od n\u011b\u010deho mnohem hor\u0161\u00edho.<\/p>\n\n\n\n<p class=\"wp-block-paragraph\">\u201eKoho zn\u00e1me, jeho\u017e jm\u00e9no za\u010d\u00edn\u00e1 na R?\u201c<\/p>\n\n\n\n<p class=\"wp-block-paragraph\">\u201eNikoho,\u201c \u0159ekla jsem. \u201eNe jeho matku. Ne jeho sestru. Nikoho z m\u00e9 rodiny.\u201c<\/p>\n\n\n\n<p class=\"wp-block-paragraph\">\u201eA co b\u00fdval\u00e1 p\u0159\u00edtelkyn\u011b?\u201c<\/p>\n\n\n\n<p class=\"wp-block-paragraph\">\u201eS \u017e\u00e1dnou z nich u\u017e roky nemluv\u00ed.\u201c<\/p>\n\n\n\n<p class=\"wp-block-paragraph\">\u201eA \u00fa\u010dtenka? Je tam naps\u00e1no, co koupil?\u201c<\/p>\n\n\n\n<p class=\"wp-block-paragraph\">\u201eNe. Jen n\u00e1zev klenotnictv\u00ed a \u010d\u00e1stka.\u201c<\/p>\n\n\n\n<p class=\"wp-block-paragraph\">Marisol si povzdechla.<\/p>\n\n\n\n<p class=\"wp-block-paragraph\">\u201eSharon, poslouchej m\u011b. Necho\u010f tam a neobvi\u0148uj ho z nev\u011bry.\u201c<\/p>\n\n\n\n<p class=\"wp-block-paragraph\">\u201eTo jsem necht\u011bla.\u201c<\/p>\n\n\n\n<p class=\"wp-block-paragraph\">\u201eAle cht\u011bla.\u201c<\/p>\n\n\n\n<p class=\"wp-block-paragraph\">Navzdory v\u0161emu jsem se zasm\u00e1la.<\/p>\n\n\n\n<p class=\"wp-block-paragraph\">\u201eDob\u0159e. Mo\u017en\u00e1 trochu.\u201c<\/p>\n\n\n\n<p class=\"wp-block-paragraph\">\u201eZeptej se ho. Klidn\u011b. A sleduj jeho reakci. Ian neum\u00ed lh\u00e1t. Nedok\u00e1zal p\u0159ed tebou utajit ani c\u00edl va\u0161ich l\u00edb\u00e1nek.\u201c<\/p>\n\n\n\n<p class=\"wp-block-paragraph\">\u201eA pr\u00e1v\u011b to m\u011b d\u011bs\u00ed. Je hrozn\u00fd v tajnostech, a p\u0159esto tohle dok\u00e1zal skr\u00fdvat.\u201c<\/p>\n\n\n\n<p class=\"wp-block-paragraph\">\u201ePak existuj\u00ed dv\u011b mo\u017enosti,\u201c \u0159ekla. \u201eJe to n\u011bco obrovsk\u00e9ho a stra\u0161n\u00e9ho, nebo n\u011bco obrovsk\u00e9ho a \u00fapln\u011b nevinn\u00e9ho.\u201c<\/p>\n\n\n\n<p class=\"wp-block-paragraph\">Znovu jsem se pod\u00edvala na kl\u00ed\u010d.<\/p>\n\n\n\n<p class=\"wp-block-paragraph\">Byla jsem zoufal\u00e1, abych j\u00ed mohla v\u011b\u0159it.<\/p>\n\n\n\n<p class=\"wp-block-paragraph\">\u201eNem\u016f\u017eu sed\u011bt deset hodin v letadle do \u0158ecka a celou dobu p\u0159em\u00fd\u0161let, co to znamen\u00e1.\u201c<\/p>\n\n\n\n<p class=\"wp-block-paragraph\">\u201eTak se ho zeptej. Jen si pamatuj \u2013 ptej se, neobvi\u0148uj.\u201c<\/p>\n\n\n\n<p class=\"wp-block-paragraph\">\u201ePtej se, neobvi\u0148uj.\u201c<\/p>\n\n\n\n<p class=\"wp-block-paragraph\">\u201eA pak mi zavolej.\u201c<\/p>\n\n\n\n<p class=\"wp-block-paragraph\">\u201eZavol\u00e1m.\u201c<\/p>\n\n\n\n<p class=\"wp-block-paragraph\">Je\u0161t\u011b minutu jsem st\u00e1la na chodb\u011b a d\u00edvala se na sv\u016fj svatebn\u00ed prsten pod ostr\u00fdm hotelov\u00fdm osv\u011btlen\u00edm.<\/p>\n\n\n\n<p class=\"wp-block-paragraph\">Pak jsem se vr\u00e1tila do pokoje.<\/p>\n\n\n\n<p class=\"wp-block-paragraph\">Ian u\u017e byl vzh\u016fru.<\/p>\n\n\n\n<p class=\"wp-block-paragraph\">Sed\u011bl op\u0159en\u00fd o pol\u0161t\u00e1\u0159e a vlasy mu tr\u010dely na v\u0161echny strany.<\/p>\n\n\n\n<p class=\"wp-block-paragraph\">\u201eTady jsi,\u201c \u0159ekl. \u201eProbudil jsem se a byla jsi pry\u010d.\u201c<\/p>\n\n\n\n<p class=\"wp-block-paragraph\">\u201e\u0160la jsem pro led.\u201c<\/p>\n\n\n\n<p class=\"wp-block-paragraph\">Zvedl jedno obo\u010d\u00ed.<\/p>\n\n\n\n<p class=\"wp-block-paragraph\">\u201eBez kybl\u00edku na led?\u201c<\/p>\n\n\n\n<p class=\"wp-block-paragraph\">\u201eZapomn\u011bla jsem ho.\u201c<\/p>\n\n\n\n<p class=\"wp-block-paragraph\">\u201eJasn\u011b.\u201c<\/p>\n\n\n\n<p class=\"wp-block-paragraph\">Nerv\u00f3zn\u011b jsem se zasm\u00e1la.<\/p>\n\n\n\n<p class=\"wp-block-paragraph\"><strong>Kl\u00ed\u010d a vzkaz byly st\u00e1le schovan\u00e9 v kapse m\u00e9ho \u017eupanu.<\/strong><\/p>\n\n\n\n<p class=\"wp-block-paragraph\">Na\u0161t\u011bst\u00ed o chv\u00edli pozd\u011bji dorazila pokojov\u00e1 slu\u017eba.<\/p>\n\n\n\n<p class=\"wp-block-paragraph\">Sed\u011bli jsme naproti sob\u011b, pili k\u00e1vu a jedli sn\u00eddani.<\/p>\n\n\n\n<p class=\"wp-block-paragraph\">Sna\u017eila jsem se chovat norm\u00e1ln\u011b.<\/p>\n\n\n\n<p class=\"wp-block-paragraph\">Ian si mazal croissant m\u00e1slem, jako by v na\u0161em vesm\u00edru bylo v\u0161echno dokonale v po\u0159\u00e1dku.<\/p>\n\n\n\n<p class=\"wp-block-paragraph\">\u201eTak\u017ee,\u201c \u0159ekla jsem nenucen\u011b, \u201evypr\u00e1zdnil sis v\u010dera kapsy smokingu?\u201c<\/p>\n\n\n\n<p class=\"wp-block-paragraph\">\u201eJo.\u201c<\/p>\n\n\n\n<p class=\"wp-block-paragraph\">\u201eV\u0161echny?\u201c<\/p>\n\n\n\n<p class=\"wp-block-paragraph\">Pod\u00edval se na m\u011b.<\/p>\n\n\n\n<p class=\"wp-block-paragraph\">\u201eAno. Pro\u010d?\u201c<\/p>\n\n\n\n<p class=\"wp-block-paragraph\">\u201eJsi si jist\u00fd?\u201c<\/p>\n\n\n\n<p class=\"wp-block-paragraph\">\u201eSharon, zkontroloval jsem je. Kn\u00ed\u017eka se sliby. Kl\u00ed\u010d od hotelu. To bylo v\u0161echno.\u201c<\/p>\n\n\n\n<p class=\"wp-block-paragraph\">Sev\u0159elo se mi srdce.<\/p>\n\n\n\n<p class=\"wp-block-paragraph\">\u201eTo je zvl\u00e1\u0161tn\u00ed.\u201c<\/p>\n\n\n\n<p class=\"wp-block-paragraph\">Ian se zarazil.<\/p>\n\n\n\n<p class=\"wp-block-paragraph\">\u201ePro\u010d?\u201c<\/p>\n\n\n\n<p class=\"wp-block-paragraph\">\u201eProto\u017ee jsem na\u0161la je\u0161t\u011b n\u011bco.\u201c<\/p>\n\n\n\n<p class=\"wp-block-paragraph\">Vyt\u00e1hla jsem \u00fa\u010dtenku.<\/p>\n\n\n\n<p class=\"wp-block-paragraph\">\u201eN\u011bco z Bellamy &amp; Sons.\u201c<\/p>\n\n\n\n<p class=\"wp-block-paragraph\">Jeho v\u00fdraz se zm\u011bnil.<\/p>\n\n\n\n<p class=\"wp-block-paragraph\">Jen nepatrn\u011b.<\/p>\n\n\n\n<p class=\"wp-block-paragraph\">Jedno mrknut\u00ed.<\/p>\n\n\n\n<p class=\"wp-block-paragraph\">Lehk\u00e9 nap\u011bt\u00ed kolem \u00fast.<\/p>\n\n\n\n<p class=\"wp-block-paragraph\">Ale znala jsem ho natolik dob\u0159e, abych si toho v\u0161imla.<\/p>\n\n\n\n<p class=\"wp-block-paragraph\">Potom jsem na st\u016fl polo\u017eila mosazn\u00fd kl\u00ed\u010d a ru\u010dn\u011b psan\u00fd vzkaz.<\/p>\n\n\n\n<p class=\"wp-block-paragraph\">Ian \u00fapln\u011b ztuhl.<\/p>\n\n\n\n<p class=\"wp-block-paragraph\">D\u00edval se na p\u0159edm\u011bty.<\/p>\n\n\n\n<p class=\"wp-block-paragraph\">Potom na m\u011b.<\/p>\n\n\n\n<p class=\"wp-block-paragraph\">Nakonec ti\u0161e \u0159ekl:<\/p>\n\n\n\n<p class=\"wp-block-paragraph\">\u201eDob\u0159e.\u201c<\/p>\n\n\n\n<p class=\"wp-block-paragraph\">\u201eDob\u0159e?\u201c<\/p>\n\n\n\n<p class=\"wp-block-paragraph\">\u201eSharon, pot\u0159ebuji, abys mi je\u0161t\u011b \u0161est hodin v\u011b\u0159ila.\u201c<\/p>\n\n\n\n<p class=\"wp-block-paragraph\">M\u00e1lem jsem se zasm\u00e1la.<\/p>\n\n\n\n<p class=\"wp-block-paragraph\">\u201e\u0160est hodin?\u201c<\/p>\n\n\n\n<p class=\"wp-block-paragraph\">\u201eDokud se nedostaneme na leti\u0161t\u011b.\u201c<\/p>\n\n\n\n<p class=\"wp-block-paragraph\">\u201eIane, jsme man\u017eel\u00e9 sotva jeden den.\u201c<\/p>\n\n\n\n<p class=\"wp-block-paragraph\">\u201eJ\u00e1 v\u00edm.\u201c<\/p>\n\n\n\n<p class=\"wp-block-paragraph\"><strong>\u201eSd\u00edl\u00edme hesla. Sd\u00edl\u00edme bankovn\u00ed \u00fa\u010dty. Dokonce m\u00e1me spole\u010dn\u00e9 i streamovac\u00ed slu\u017eby. A te\u010f po mn\u011b chce\u0161, abych \u0161est hodin ignorovala tajn\u00fd vzkaz od jin\u00e9 \u017eeny?\u201c<\/strong><\/p>\n\n\n\n<p class=\"wp-block-paragraph\">\u201eAno.\u201c<\/p>\n\n\n\n<p class=\"wp-block-paragraph\">Z\u00edrala jsem na n\u011bj.<\/p>\n\n\n\n<p class=\"wp-block-paragraph\">\u201eKdo je R?\u201c<\/p>\n\n\n\n<p class=\"wp-block-paragraph\">\u201eSharon\u2026\u201c<\/p>\n\n\n\n<p class=\"wp-block-paragraph\">\u201eKdo je to?\u201c<\/p>\n\n\n\n<p class=\"wp-block-paragraph\">\u201eJ\u00e1 t\u011b nepodv\u00e1d\u00edm.\u201c<\/p>\n\n\n\n<p class=\"wp-block-paragraph\">Hlas se mu lehce zachv\u011bl.<\/p>\n\n\n\n<p class=\"wp-block-paragraph\">\u201eP\u0159\u00edsah\u00e1m. Na svou matku. Na na\u0161e man\u017eelstv\u00ed. Na v\u0161echno. Ale jestli ti to vysv\u011btl\u00edm te\u010f, zni\u010d\u00edm n\u011bco, co p\u0159ipravuji skoro rok.\u201c<\/p>\n\n\n\n<p class=\"wp-block-paragraph\">Ztuhla jsem.<\/p>\n\n\n\n<p class=\"wp-block-paragraph\">\u201eRok?\u201c<\/p>\n\n\n\n<p class=\"wp-block-paragraph\">\u201eAno.\u201c<\/p>\n\n\n\n<p class=\"wp-block-paragraph\">\u201eTak\u017ee mi \u0159\u00edk\u00e1\u0161, \u017ee r\u00e1no po na\u0161\u00ed svatb\u011b zji\u0161\u0165uju, \u017ee jsi p\u0159ede mnou cel\u00fd rok n\u011bco tajil?\u201c<\/p>\n\n\n\n<p class=\"wp-block-paragraph\">\u201eJednu v\u011bc,\u201c \u0159ekl. \u201eJedno tajemstv\u00ed. A nen\u00ed to to, co si mysl\u00ed\u0161.\u201c<\/p>\n\n\n\n<p class=\"wp-block-paragraph\">\u201eTy ani nev\u00ed\u0161, co si mysl\u00edm.\u201c<\/p>\n\n\n\n<p class=\"wp-block-paragraph\">\u201eM\u016f\u017eu si to domyslet.\u201c<\/p>\n\n\n\n<p class=\"wp-block-paragraph\">Odsunula jsem \u017eidli.<\/p>\n\n\n\n<p class=\"wp-block-paragraph\">\u201eNe. Takhle to mezi n\u00e1mi nefunguje.\u201c<\/p>\n\n\n\n<p class=\"wp-block-paragraph\">\u201eSharon\u2026\u201c<\/p>\n\n\n\n<p class=\"wp-block-paragraph\">\u201eNe.\u201c<\/p>\n\n\n\n<p class=\"wp-block-paragraph\">Ode\u0161la jsem do koupelny a zamkla se.<\/p>\n\n\n\n<p class=\"wp-block-paragraph\">Sedla jsem si na okraj vany a v hlav\u011b mi zn\u011bla rada m\u00e9 babi\u010dky:<\/p>\n\n\n\n<p class=\"wp-block-paragraph\"><strong>\u201eD\u00edvej se na to, co mu\u017e d\u011bl\u00e1, d\u011bv\u010de, ne na to, co slibuje.\u201c<\/strong><\/p>\n\n\n\n<p class=\"wp-block-paragraph\">T\u0159esouc\u00edma se rukama jsem napsala Marisol:<\/p>\n\n\n\n<p class=\"wp-block-paragraph\">\u201eMysl\u00edm, \u017ee jsem si vzala \u0161patn\u00e9ho \u010dlov\u011bka. Mo\u017en\u00e1 byla cel\u00e1 na\u0161e l\u00e1ska le\u017e.\u201c<\/p>\n\n\n\n<p class=\"wp-block-paragraph\">Jej\u00ed odpov\u011b\u010f se objevila t\u00e9m\u011b\u0159 okam\u017eit\u011b.<\/p>\n\n\n\n<p class=\"wp-block-paragraph\">Ne\u017e v\u0161ak stihla odepsat, usly\u0161ela jsem, jak Ian p\u0159ich\u00e1z\u00ed ke dve\u0159\u00edm koupelny.<\/p>\n\n\n\n<p class=\"wp-block-paragraph\">Nedotkl se kliky.<\/p>\n\n\n\n<p class=\"wp-block-paragraph\">\u201eSharon,\u201c \u0159ekl ti\u0161e p\u0159es dve\u0159e. \u201eNeztrat\u00edm t\u011b kv\u016fli tomuhle. Ne po tom v\u0161em, co jsme spolu vybudovali.\u201c<\/p>\n\n\n\n<p class=\"wp-block-paragraph\">Nic jsem ne\u0159ekla.<\/p>\n\n\n\n<p class=\"wp-block-paragraph\">Jemn\u011b zaklepal.<\/p>\n\n\n\n<p class=\"wp-block-paragraph\">St\u00e1le jsem odm\u00edtala odpov\u011bd\u011bt.<\/p>\n\n\n\n<p class=\"wp-block-paragraph\">Pak n\u011bco zasunul pod dve\u0159e koupelny.<\/p>\n\n\n\n<p class=\"wp-block-paragraph\">Ob\u00e1lka se zastavila vedle m\u00e9 bos\u00e9 nohy.<\/p>\n\n\n\n<p class=\"wp-block-paragraph\">Z\u00edrala jsem na ni.<\/p>\n\n\n\n<p class=\"wp-block-paragraph\">Pomalu jsem ji zvedla.<\/p>\n\n\n\n<p class=\"wp-block-paragraph\">Uvnit\u0159 byla fotografie.<\/p>\n\n\n\n<p class=\"wp-block-paragraph\">Ve chv\u00edli, kdy jsem ji uvid\u011bla, jsem p\u0159estala d\u00fdchat.<\/p>\n\n\n\n<p class=\"wp-block-paragraph\">Byl na n\u00ed prsten.<\/p>\n\n\n\n<p class=\"wp-block-paragraph\">Ale ne ledajak\u00fd.<\/p>\n\n\n\n<p class=\"wp-block-paragraph\"><strong>Z\u00e1snubn\u00ed prsten m\u00e9 babi\u010dky.<\/strong><\/p>\n\n\n\n<p class=\"wp-block-paragraph\">Nevid\u011bla jsem ho t\u00e9m\u011b\u0159 deset let.<\/p>\n\n\n\n<p class=\"wp-block-paragraph\">P\u0159ed lety ho po stra\u0161n\u00e9m rodinn\u00e9m sporu prodala moje teta.<\/p>\n\n\n\n<p class=\"wp-block-paragraph\">Byla jsem zdrcen\u00e1.<\/p>\n\n\n\n<p class=\"wp-block-paragraph\">O prstenu jsem Ianovi vypr\u00e1v\u011bla jednou \u2013 na na\u0161em druh\u00e9m rande.<\/p>\n\n\n\n<p class=\"wp-block-paragraph\">Plakala jsem, kdy\u017e jsem mu vypr\u00e1v\u011bla, co pro m\u011b znamenal.<\/p>\n\n\n\n<p class=\"wp-block-paragraph\">Potom jsem se o n\u011bm t\u00e9m\u011b\u0159 nikdy nezm\u00ednila.<\/p>\n\n\n\n<p class=\"wp-block-paragraph\">\u201eSharon?\u201c ozval se Ian z chodby. \u201ePros\u00edm, otev\u0159i.\u201c<\/p>\n\n\n\n<p class=\"wp-block-paragraph\">Tentokr\u00e1t jsem to ud\u011blala.<\/p>\n\n\n\n<p class=\"wp-block-paragraph\">St\u00e1l p\u0159ede mnou v hotelov\u00e9m \u017eupanu, vlasy st\u00e1le rozcuchan\u00e9.<\/p>\n\n\n\n<p class=\"wp-block-paragraph\">Nevypadal jako provinil\u00fd man\u017eel.<\/p>\n\n\n\n<p class=\"wp-block-paragraph\">Vypadal jako nerv\u00f3zn\u00ed kluk, kter\u00e9mu se p\u0159ekvapen\u00ed \u00fapln\u011b vymklo z rukou.<\/p>\n\n\n\n<p class=\"wp-block-paragraph\">\u201eRosa,\u201c vysv\u011btlil, \u201ebyla bl\u00edzkou p\u0159\u00edtelkyn\u00ed tv\u00e9 babi\u010dky. Pomohla mi ten prsten naj\u00edt.\u201c<\/p>\n\n\n\n<p class=\"wp-block-paragraph\">Z\u00edrala jsem na n\u011bj.<\/p>\n\n\n\n<p class=\"wp-block-paragraph\">\u201eRosa?\u201c<\/p>\n\n\n\n<p class=\"wp-block-paragraph\">\u201eJej\u00ed bratranec pracuje v Bellamy &amp; Sons. Trvalo t\u00e9m\u011b\u0159 rok, ne\u017e jsme prsten na\u0161li a v\u0161echno za\u0159\u00eddili. Pak jsem n\u011bkolik m\u011bs\u00edc\u016f spl\u00e1cel jeho cenu.\u201c<\/p>\n\n\n\n<p class=\"wp-block-paragraph\">Znovu jsem se pod\u00edvala na fotografii.<\/p>\n\n\n\n<p class=\"wp-block-paragraph\">\u201eCht\u011bl jsem ti ho d\u00e1t na Santorini,\u201c pokra\u010doval. \u201eNa pl\u00e1\u017ei.\u201c<\/p>\n\n\n\n<p class=\"wp-block-paragraph\">O\u010di se mi okam\u017eit\u011b zalily slzami.<\/p>\n\n\n\n<p class=\"wp-block-paragraph\">\u201eA ten kl\u00ed\u010d?\u201c<\/p>\n\n\n\n<p class=\"wp-block-paragraph\">\u201eOd bezpe\u010dnostn\u00ed schr\u00e1nky. Necht\u011bl jsem prsten nech\u00e1vat v na\u0161em byt\u011b, proto\u017ee jsem v\u011bd\u011bl, \u017ee ho jednoho dne najde\u0161.\u201c<\/p>\n\n\n\n<p class=\"wp-block-paragraph\">V\u0161echno nap\u011bt\u00ed ze m\u011b najednou spadlo.<\/p>\n\n\n\n<p class=\"wp-block-paragraph\">Za\u010dala jsem se sm\u00e1t.<\/p>\n\n\n\n<p class=\"wp-block-paragraph\">\u201eIane, m\u00e1lem jsem za\u010dala hledat pr\u00e1vn\u00edka na rozvod, proto\u017ee jsem ukl\u00edzela tv\u016fj smoking!\u201c<\/p>\n\n\n\n<p class=\"wp-block-paragraph\">\u201eTo mi do\u0161lo.\u201c<\/p>\n\n\n\n<p class=\"wp-block-paragraph\">\u201eMysl\u00edm to v\u00e1\u017en\u011b.\u201c<\/p>\n\n\n\n<p class=\"wp-block-paragraph\">\u201eJ\u00e1 taky.\u201c<\/p>\n\n\n\n<p class=\"wp-block-paragraph\">Vzal m\u011b za ruce.<\/p>\n\n\n\n<p class=\"wp-block-paragraph\">\u201eV\u00edm, \u017ee jsme si sl\u00edbili, \u017ee mezi n\u00e1mi nebudou \u017e\u00e1dn\u00e1 tajemstv\u00ed. Tenhle slib jsem poru\u0161il. Promi\u0148. Jen jsem t\u011b cht\u011bl jednou p\u0159ekvapit.\u201c<\/p>\n\n\n\n<p class=\"wp-block-paragraph\">Pak mi vysv\u011btlil v\u0161echno.<\/p>\n\n\n\n<p class=\"wp-block-paragraph\">Rosa mu b\u011bhem na\u0161\u00ed zkou\u0161ky svatebn\u00edho ob\u0159adu p\u0159edala posledn\u00ed \u00fa\u010dtenku a kl\u00ed\u010d od bezpe\u010dnostn\u00ed schr\u00e1nky.<\/p>\n\n\n\n<p class=\"wp-block-paragraph\">Vzkaz mu jen d\u011bkoval za to, \u017ee j\u00ed dovolil pomoci vr\u00e1tit v\u011bc, kter\u00e1 kdysi pat\u0159ila m\u00e9 babi\u010dce.<\/p>\n\n\n\n<p class=\"wp-block-paragraph\">A povzbudila ho, aby s p\u0159ekvapen\u00edm po\u010dkal a\u017e na Santorini.<\/p>\n\n\n\n<p class=\"wp-block-paragraph\">Ian v\u0161echno vlo\u017eil do kapsy sv\u00e9ho smokingu a zapomn\u011bl to vyndat.<\/p>\n\n\n\n<p class=\"wp-block-paragraph\">\u201eV podstat\u011b jsem zapomn\u011bl zni\u010dit d\u016fkazy,\u201c \u0159ekl provinile.<\/p>\n\n\n\n<p class=\"wp-block-paragraph\">Sev\u0159ela jsem mu ruku.<\/p>\n\n\n\n<p class=\"wp-block-paragraph\">\u201ePromi\u0148, \u017ee jsem si hned pomyslela to nejhor\u0161\u00ed.\u201c<\/p>\n\n\n\n<p class=\"wp-block-paragraph\">\u201eTo je v po\u0159\u00e1dku.\u201c<\/p>\n\n\n\n<p class=\"wp-block-paragraph\">\u201e\u017d\u00e1dn\u00e1 dal\u0161\u00ed tajemstv\u00ed?\u201c<\/p>\n\n\n\n<p class=\"wp-block-paragraph\">\u201e\u017d\u00e1dn\u00e1 dal\u0161\u00ed tajemstv\u00ed,\u201c sl\u00edbil. \u201eAni ta hezk\u00e1.\u201c<\/p>\n\n\n\n<p class=\"wp-block-paragraph\">\u201ePlat\u00ed.\u201c<\/p>\n\n\n\n<p class=\"wp-block-paragraph\">Zav\u00e1hal.<\/p>\n\n\n\n<p class=\"wp-block-paragraph\"><strong>\u201eI kdy\u017e technicky vzato to p\u0159ekvapen\u00ed nakonec vy\u0161lo.\u201c<\/strong><\/p>\n\n\n\n<p class=\"wp-block-paragraph\">P\u0159imhou\u0159ila jsem o\u010di.<\/p>\n\n\n\n<p class=\"wp-block-paragraph\">\u201eNepokou\u0161ej svoje \u0161t\u011bst\u00ed.\u201c<\/p>\n\n\n\n<p class=\"wp-block-paragraph\">Zasm\u00e1l se a pol\u00edbil m\u011b na \u010delo.<\/p>\n\n\n\n<p class=\"wp-block-paragraph\">Poprv\u00e9 za cel\u00e9 r\u00e1no jsem mohla znovu norm\u00e1ln\u011b d\u00fdchat.<\/p>\n\n\n\n<p class=\"wp-block-paragraph\">P\u0159ed odjezdem na leti\u0161t\u011b m\u011b Ian po\u017e\u00e1dal, abych s n\u00edm je\u0161t\u011b ud\u011blala jednu ne\u010dekanou zast\u00e1vku.<\/p>\n\n\n\n<p class=\"wp-block-paragraph\">Tentokr\u00e1t jsem se rozhodla na nic neptat.<\/p>\n\n\n\n<p class=\"wp-block-paragraph\">A o n\u011bco pozd\u011bji, kdy\u017e jsme st\u00e1li na pl\u00e1\u017ei na Santorini, vzal m\u016fj man\u017eel z\u00e1snubn\u00ed prsten m\u00e9 babi\u010dky a jemn\u011b mi ho navl\u00e9kl na prst vedle m\u00e9ho nov\u00e9ho svatebn\u00edho prstenu.<\/p>\n\n\n\n<p class=\"wp-block-paragraph\">Sed\u011bl mi dokonale.<\/p>\n\n\n\n<p class=\"wp-block-paragraph\">Jako by v\u0161echny ty roky \u010dekal, a\u017e se jednou vr\u00e1t\u00ed dom\u016f.<\/p>\n\n\n\n<p class=\"wp-block-paragraph\">Pod\u00edvala jsem se na Iana se slzami v o\u010d\u00edch.<\/p>\n\n\n\n<p class=\"wp-block-paragraph\">To r\u00e1no m\u011b vyd\u011bsilo v\u00edc, ne\u017e jsem si cht\u011bla p\u0159iznat.<\/p>\n\n\n\n<p class=\"wp-block-paragraph\">Ale kdy\u017e jsem tam st\u00e1la s prstenem sv\u00e9 babi\u010dky na ruce a man\u017eelem po sv\u00e9m boku, pochopila jsem pravdu.<\/p>\n\n\n\n<p class=\"wp-block-paragraph\"><strong>Tajemstv\u00ed, o kter\u00e9m jsem si myslela, \u017ee by mohlo zni\u010dit na\u0161e man\u017eelstv\u00ed, bylo ve skute\u010dnosti t\u00e9m\u011b\u0159 rok trvaj\u00edc\u00ed snahou vr\u00e1tit mi kousek m\u00e9 rodiny.<\/strong><\/p>\n","protected":false},"excerpt":{"rendered":"R\u00e1no po svatb\u011b jsem se probudila s pocitem, \u017ee jsem nikdy nebyla \u0161\u0165astn\u011bj\u0161\u00ed.O necelou hodinu pozd\u011bji jsem v\u0161ak st\u00e1la vedle hotelov\u00e9ho k\u0159esla a \n<a class=\"moretag\" href=\"https:\/\/vendeto.am\/?p=33089\"> [...]<\/a>","protected":false},"author":1,"featured_media":33090,"comment_status":"open","ping_status":"open","sticky":false,"template":"","format":"standard","meta":{"footnotes":""},"categories":[2],"tags":[],"class_list":["post-33089","post","type-post","status-publish","format-standard","has-post-thumbnail","hentry","category-sport"],"yoast_head":"<!-- This site is optimized with the Yoast SEO plugin v28.3 - https:\/\/yoast.com\/product\/yoast-seo-wordpress\/ -->\n<title>R\u00e1no po svatb\u011b jsem vykl\u00edzela kapsy man\u017eelova smokingu \u2013 ale to, co jsem z nich vyt\u00e1hla, mi rozbu\u0161ilo srdce -<\/title>\n<meta name=\"robots\" content=\"index, follow, max-snippet:-1, max-image-preview:large, max-video-preview:-1\" \/>\n<link rel=\"canonical\" href=\"https:\/\/vendeto.am\/?p=33089\" \/>\n<meta property=\"og:locale\" content=\"ru_RU\" \/>\n<meta property=\"og:type\" content=\"article\" \/>\n<meta property=\"og:title\" content=\"R\u00e1no po svatb\u011b jsem vykl\u00edzela kapsy man\u017eelova smokingu \u2013 ale to, co jsem z nich vyt\u00e1hla, mi rozbu\u0161ilo srdce -\" \/>\n<meta property=\"og:description\" content=\"R\u00e1no po svatb\u011b jsem se probudila s pocitem, \u017ee jsem nikdy nebyla \u0161\u0165astn\u011bj\u0161\u00ed.O necelou hodinu pozd\u011bji jsem v\u0161ak st\u00e1la vedle hotelov\u00e9ho k\u0159esla a\" \/>\n<meta property=\"og:url\" content=\"https:\/\/vendeto.am\/?p=33089\" \/>\n<meta property=\"article:published_time\" content=\"2026-08-31T18:52:45+00:00\" \/>\n<meta property=\"article:modified_time\" content=\"2026-08-31T18:52:47+00:00\" \/>\n<meta property=\"og:image\" content=\"https:\/\/vendeto.am\/wp-content\/uploads\/2026\/08\/sunny_wedding_portrait.jpg\" \/>\n\t<meta property=\"og:image:width\" content=\"1408\" \/>\n\t<meta property=\"og:image:height\" content=\"1760\" \/>\n\t<meta property=\"og:image:type\" content=\"image\/jpeg\" \/>\n<meta name=\"author\" content=\"admin\" \/>\n<meta name=\"twitter:card\" content=\"summary_large_image\" \/>\n<meta name=\"twitter:label1\" content=\"\u041d\u0430\u043f\u0438\u0441\u0430\u043d\u043e \u0430\u0432\u0442\u043e\u0440\u043e\u043c\" \/>\n\t<meta name=\"twitter:data1\" content=\"admin\" \/>\n\t<meta name=\"twitter:label2\" content=\"\u041f\u0440\u0438\u043c\u0435\u0440\u043d\u043e\u0435 \u0432\u0440\u0435\u043c\u044f \u0434\u043b\u044f \u0447\u0442\u0435\u043d\u0438\u044f\" \/>\n\t<meta name=\"twitter:data2\" content=\"12 \u043c\u0438\u043d\u0443\u0442\" \/>\n<script type=\"application\/ld+json\" class=\"yoast-schema-graph\">{\"@context\":\"https:\\\/\\\/schema.org\",\"@graph\":[{\"@type\":\"Article\",\"@id\":\"https:\\\/\\\/vendeto.am\\\/?p=33089#article\",\"isPartOf\":{\"@id\":\"https:\\\/\\\/vendeto.am\\\/?p=33089\"},\"author\":{\"name\":\"admin\",\"@id\":\"https:\\\/\\\/vendeto.am\\\/#\\\/schema\\\/person\\\/48a4bd89d2048190ecc61e5ce821bef7\"},\"headline\":\"R\u00e1no po svatb\u011b jsem vykl\u00edzela kapsy man\u017eelova smokingu \u2013 ale to, co jsem z nich vyt\u00e1hla, mi rozbu\u0161ilo srdce\",\"datePublished\":\"2026-08-31T18:52:45+00:00\",\"dateModified\":\"2026-08-31T18:52:47+00:00\",\"mainEntityOfPage\":{\"@id\":\"https:\\\/\\\/vendeto.am\\\/?p=33089\"},\"wordCount\":2637,\"commentCount\":0,\"image\":{\"@id\":\"https:\\\/\\\/vendeto.am\\\/?p=33089#primaryimage\"},\"thumbnailUrl\":\"https:\\\/\\\/vendeto.am\\\/wp-content\\\/uploads\\\/2026\\\/08\\\/sunny_wedding_portrait.jpg\",\"articleSection\":[\"SPORT\"],\"inLanguage\":\"ru-RU\",\"potentialAction\":[{\"@type\":\"CommentAction\",\"name\":\"Comment\",\"target\":[\"https:\\\/\\\/vendeto.am\\\/?p=33089#respond\"]}]},{\"@type\":\"WebPage\",\"@id\":\"https:\\\/\\\/vendeto.am\\\/?p=33089\",\"url\":\"https:\\\/\\\/vendeto.am\\\/?p=33089\",\"name\":\"R\u00e1no po svatb\u011b jsem vykl\u00edzela kapsy man\u017eelova smokingu \u2013 ale to, co jsem z nich vyt\u00e1hla, mi rozbu\u0161ilo srdce -\",\"isPartOf\":{\"@id\":\"https:\\\/\\\/vendeto.am\\\/#website\"},\"primaryImageOfPage\":{\"@id\":\"https:\\\/\\\/vendeto.am\\\/?p=33089#primaryimage\"},\"image\":{\"@id\":\"https:\\\/\\\/vendeto.am\\\/?p=33089#primaryimage\"},\"thumbnailUrl\":\"https:\\\/\\\/vendeto.am\\\/wp-content\\\/uploads\\\/2026\\\/08\\\/sunny_wedding_portrait.jpg\",\"datePublished\":\"2026-08-31T18:52:45+00:00\",\"dateModified\":\"2026-08-31T18:52:47+00:00\",\"author\":{\"@id\":\"https:\\\/\\\/vendeto.am\\\/#\\\/schema\\\/person\\\/48a4bd89d2048190ecc61e5ce821bef7\"},\"breadcrumb\":{\"@id\":\"https:\\\/\\\/vendeto.am\\\/?p=33089#breadcrumb\"},\"inLanguage\":\"ru-RU\",\"potentialAction\":[{\"@type\":\"ReadAction\",\"target\":[\"https:\\\/\\\/vendeto.am\\\/?p=33089\"]}]},{\"@type\":\"ImageObject\",\"inLanguage\":\"ru-RU\",\"@id\":\"https:\\\/\\\/vendeto.am\\\/?p=33089#primaryimage\",\"url\":\"https:\\\/\\\/vendeto.am\\\/wp-content\\\/uploads\\\/2026\\\/08\\\/sunny_wedding_portrait.jpg\",\"contentUrl\":\"https:\\\/\\\/vendeto.am\\\/wp-content\\\/uploads\\\/2026\\\/08\\\/sunny_wedding_portrait.jpg\",\"width\":1408,\"height\":1760},{\"@type\":\"BreadcrumbList\",\"@id\":\"https:\\\/\\\/vendeto.am\\\/?p=33089#breadcrumb\",\"itemListElement\":[{\"@type\":\"ListItem\",\"position\":1,\"name\":\"\u0413\u043b\u0430\u0432\u043d\u0430\u044f \u0441\u0442\u0440\u0430\u043d\u0438\u0446\u0430\",\"item\":\"https:\\\/\\\/vendeto.am\\\/\"},{\"@type\":\"ListItem\",\"position\":2,\"name\":\"R\u00e1no po svatb\u011b jsem vykl\u00edzela kapsy man\u017eelova smokingu \u2013 ale to, co jsem z nich vyt\u00e1hla, mi rozbu\u0161ilo srdce\"}]},{\"@type\":\"WebSite\",\"@id\":\"https:\\\/\\\/vendeto.am\\\/#website\",\"url\":\"https:\\\/\\\/vendeto.am\\\/\",\"name\":\"\",\"description\":\"\",\"potentialAction\":[{\"@type\":\"SearchAction\",\"target\":{\"@type\":\"EntryPoint\",\"urlTemplate\":\"https:\\\/\\\/vendeto.am\\\/?s={search_term_string}\"},\"query-input\":{\"@type\":\"PropertyValueSpecification\",\"valueRequired\":true,\"valueName\":\"search_term_string\"}}],\"inLanguage\":\"ru-RU\"},{\"@type\":\"Person\",\"@id\":\"https:\\\/\\\/vendeto.am\\\/#\\\/schema\\\/person\\\/48a4bd89d2048190ecc61e5ce821bef7\",\"name\":\"admin\",\"image\":{\"@type\":\"ImageObject\",\"inLanguage\":\"ru-RU\",\"@id\":\"https:\\\/\\\/secure.gravatar.com\\\/avatar\\\/df64e550a0653b7be0f1bcf897f33faad9c2c8153472b2d9319beafb51370f6f?s=96&d=mm&r=g\",\"url\":\"https:\\\/\\\/secure.gravatar.com\\\/avatar\\\/df64e550a0653b7be0f1bcf897f33faad9c2c8153472b2d9319beafb51370f6f?s=96&d=mm&r=g\",\"contentUrl\":\"https:\\\/\\\/secure.gravatar.com\\\/avatar\\\/df64e550a0653b7be0f1bcf897f33faad9c2c8153472b2d9319beafb51370f6f?s=96&d=mm&r=g\",\"caption\":\"admin\"},\"sameAs\":[\"http:\\\/\\\/vendeto.am\"],\"url\":\"https:\\\/\\\/vendeto.am\\\/?author=1\"}]}<\/script>\n<!-- \/ Yoast SEO plugin. -->","yoast_head_json":{"title":"R\u00e1no po svatb\u011b jsem vykl\u00edzela kapsy man\u017eelova smokingu \u2013 ale to, co jsem z nich vyt\u00e1hla, mi rozbu\u0161ilo srdce -","robots":{"index":"index","follow":"follow","max-snippet":"max-snippet:-1","max-image-preview":"max-image-preview:large","max-video-preview":"max-video-preview:-1"},"canonical":"https:\/\/vendeto.am\/?p=33089","og_locale":"ru_RU","og_type":"article","og_title":"R\u00e1no po svatb\u011b jsem vykl\u00edzela kapsy man\u017eelova smokingu \u2013 ale to, co jsem z nich vyt\u00e1hla, mi rozbu\u0161ilo srdce -","og_description":"R\u00e1no po svatb\u011b jsem se probudila s pocitem, \u017ee jsem nikdy nebyla \u0161\u0165astn\u011bj\u0161\u00ed.O necelou hodinu pozd\u011bji jsem v\u0161ak st\u00e1la vedle hotelov\u00e9ho k\u0159esla a","og_url":"https:\/\/vendeto.am\/?p=33089","article_published_time":"2026-08-31T18:52:45+00:00","article_modified_time":"2026-08-31T18:52:47+00:00","og_image":[{"width":1408,"height":1760,"url":"https:\/\/vendeto.am\/wp-content\/uploads\/2026\/08\/sunny_wedding_portrait.jpg","type":"image\/jpeg"}],"author":"admin","twitter_card":"summary_large_image","twitter_misc":{"\u041d\u0430\u043f\u0438\u0441\u0430\u043d\u043e \u0430\u0432\u0442\u043e\u0440\u043e\u043c":"admin","\u041f\u0440\u0438\u043c\u0435\u0440\u043d\u043e\u0435 \u0432\u0440\u0435\u043c\u044f \u0434\u043b\u044f \u0447\u0442\u0435\u043d\u0438\u044f":"12 \u043c\u0438\u043d\u0443\u0442"},"schema":{"@context":"https:\/\/schema.org","@graph":[{"@type":"Article","@id":"https:\/\/vendeto.am\/?p=33089#article","isPartOf":{"@id":"https:\/\/vendeto.am\/?p=33089"},"author":{"name":"admin","@id":"https:\/\/vendeto.am\/#\/schema\/person\/48a4bd89d2048190ecc61e5ce821bef7"},"headline":"R\u00e1no po svatb\u011b jsem vykl\u00edzela kapsy man\u017eelova smokingu \u2013 ale to, co jsem z nich vyt\u00e1hla, mi rozbu\u0161ilo srdce","datePublished":"2026-08-31T18:52:45+00:00","dateModified":"2026-08-31T18:52:47+00:00","mainEntityOfPage":{"@id":"https:\/\/vendeto.am\/?p=33089"},"wordCount":2637,"commentCount":0,"image":{"@id":"https:\/\/vendeto.am\/?p=33089#primaryimage"},"thumbnailUrl":"https:\/\/vendeto.am\/wp-content\/uploads\/2026\/08\/sunny_wedding_portrait.jpg","articleSection":["SPORT"],"inLanguage":"ru-RU","potentialAction":[{"@type":"CommentAction","name":"Comment","target":["https:\/\/vendeto.am\/?p=33089#respond"]}]},{"@type":"WebPage","@id":"https:\/\/vendeto.am\/?p=33089","url":"https:\/\/vendeto.am\/?p=33089","name":"R\u00e1no po svatb\u011b jsem vykl\u00edzela kapsy man\u017eelova smokingu \u2013 ale to, co jsem z nich vyt\u00e1hla, mi rozbu\u0161ilo srdce -","isPartOf":{"@id":"https:\/\/vendeto.am\/#website"},"primaryImageOfPage":{"@id":"https:\/\/vendeto.am\/?p=33089#primaryimage"},"image":{"@id":"https:\/\/vendeto.am\/?p=33089#primaryimage"},"thumbnailUrl":"https:\/\/vendeto.am\/wp-content\/uploads\/2026\/08\/sunny_wedding_portrait.jpg","datePublished":"2026-08-31T18:52:45+00:00","dateModified":"2026-08-31T18:52:47+00:00","author":{"@id":"https:\/\/vendeto.am\/#\/schema\/person\/48a4bd89d2048190ecc61e5ce821bef7"},"breadcrumb":{"@id":"https:\/\/vendeto.am\/?p=33089#breadcrumb"},"inLanguage":"ru-RU","potentialAction":[{"@type":"ReadAction","target":["https:\/\/vendeto.am\/?p=33089"]}]},{"@type":"ImageObject","inLanguage":"ru-RU","@id":"https:\/\/vendeto.am\/?p=33089#primaryimage","url":"https:\/\/vendeto.am\/wp-content\/uploads\/2026\/08\/sunny_wedding_portrait.jpg","contentUrl":"https:\/\/vendeto.am\/wp-content\/uploads\/2026\/08\/sunny_wedding_portrait.jpg","width":1408,"height":1760},{"@type":"BreadcrumbList","@id":"https:\/\/vendeto.am\/?p=33089#breadcrumb","itemListElement":[{"@type":"ListItem","position":1,"name":"\u0413\u043b\u0430\u0432\u043d\u0430\u044f \u0441\u0442\u0440\u0430\u043d\u0438\u0446\u0430","item":"https:\/\/vendeto.am\/"},{"@type":"ListItem","position":2,"name":"R\u00e1no po svatb\u011b jsem vykl\u00edzela kapsy man\u017eelova smokingu \u2013 ale to, co jsem z nich vyt\u00e1hla, mi rozbu\u0161ilo srdce"}]},{"@type":"WebSite","@id":"https:\/\/vendeto.am\/#website","url":"https:\/\/vendeto.am\/","name":"","description":"","potentialAction":[{"@type":"SearchAction","target":{"@type":"EntryPoint","urlTemplate":"https:\/\/vendeto.am\/?s={search_term_string}"},"query-input":{"@type":"PropertyValueSpecification","valueRequired":true,"valueName":"search_term_string"}}],"inLanguage":"ru-RU"},{"@type":"Person","@id":"https:\/\/vendeto.am\/#\/schema\/person\/48a4bd89d2048190ecc61e5ce821bef7","name":"admin","image":{"@type":"ImageObject","inLanguage":"ru-RU","@id":"https:\/\/secure.gravatar.com\/avatar\/df64e550a0653b7be0f1bcf897f33faad9c2c8153472b2d9319beafb51370f6f?s=96&d=mm&r=g","url":"https:\/\/secure.gravatar.com\/avatar\/df64e550a0653b7be0f1bcf897f33faad9c2c8153472b2d9319beafb51370f6f?s=96&d=mm&r=g","contentUrl":"https:\/\/secure.gravatar.com\/avatar\/df64e550a0653b7be0f1bcf897f33faad9c2c8153472b2d9319beafb51370f6f?s=96&d=mm&r=g","caption":"admin"},"sameAs":["http:\/\/vendeto.am"],"url":"https:\/\/vendeto.am\/?author=1"}]}},"_links":{"self":[{"href":"https:\/\/vendeto.am\/index.php?rest_route=\/wp\/v2\/posts\/33089","targetHints":{"allow":["GET"]}}],"collection":[{"href":"https:\/\/vendeto.am\/index.php?rest_route=\/wp\/v2\/posts"}],"about":[{"href":"https:\/\/vendeto.am\/index.php?rest_route=\/wp\/v2\/types\/post"}],"author":[{"embeddable":true,"href":"https:\/\/vendeto.am\/index.php?rest_route=\/wp\/v2\/users\/1"}],"replies":[{"embeddable":true,"href":"https:\/\/vendeto.am\/index.php?rest_route=%2Fwp%2Fv2%2Fcomments&post=33089"}],"version-history":[{"count":1,"href":"https:\/\/vendeto.am\/index.php?rest_route=\/wp\/v2\/posts\/33089\/revisions"}],"predecessor-version":[{"id":33091,"href":"https:\/\/vendeto.am\/index.php?rest_route=\/wp\/v2\/posts\/33089\/revisions\/33091"}],"wp:featuredmedia":[{"embeddable":true,"href":"https:\/\/vendeto.am\/index.php?rest_route=\/wp\/v2\/media\/33090"}],"wp:attachment":[{"href":"https:\/\/vendeto.am\/index.php?rest_route=%2Fwp%2Fv2%2Fmedia&parent=33089"}],"wp:term":[{"taxonomy":"category","embeddable":true,"href":"https:\/\/vendeto.am\/index.php?rest_route=%2Fwp%2Fv2%2Fcategories&post=33089"},{"taxonomy":"post_tag","embeddable":true,"href":"https:\/\/vendeto.am\/index.php?rest_route=%2Fwp%2Fv2%2Ftags&post=33089"}],"curies":[{"name":"wp","href":"https:\/\/api.w.org\/{rel}","templated":true}]}}