{"id":33115,"date":"2026-09-01T22:33:10","date_gmt":"2026-09-01T19:33:10","guid":{"rendered":"https:\/\/vendeto.am\/?p=33115"},"modified":"2026-09-01T22:33:13","modified_gmt":"2026-09-01T19:33:13","slug":"na-sve-vlastni-sedmdesate-narozeninove-veceri-mi-syn-postavil-pred-nos-misku-se-psim-zradlem-a-zasmal-se-to-je-ted-vsechno-co-si-zaslouzis-mami","status":"publish","type":"post","link":"https:\/\/vendeto.am\/?p=33115","title":{"rendered":"Na sv\u00e9 vlastn\u00ed sedmdes\u00e1t\u00e9 narozeninov\u00e9 ve\u010de\u0159i mi syn postavil p\u0159ed nos misku se ps\u00edm \u017er\u00e1dlem a zasm\u00e1l se: \u201eTo je te\u010f v\u0161echno, co si zaslou\u017e\u00ed\u0161, mami.\u201c"},"content":{"rendered":"\n<p class=\"wp-block-paragraph\">Na sv\u00e9 vlastn\u00ed sedmdes\u00e1t\u00e9 narozeninov\u00e9 ve\u010de\u0159i mi syn postavil p\u0159ed nos misku se ps\u00edm \u017er\u00e1dlem a zasm\u00e1l se: \u201eTo je te\u010f v\u0161echno, co si zaslou\u017e\u00ed\u0161, mami.\u201c Jeho \u017eena a p\u0159\u00e1tel\u00e9 se p\u0159idali k sm\u00edchu, zat\u00edmco j\u00e1 jsem misku klidn\u011b odsunula stranou.\u201eU\u017eijte si ten vtip,\u201c \u0159ekla jsem a s\u00e1hla po telefonu.<\/p>\n\n\n\n<p class=\"wp-block-paragraph\">Je\u0161t\u011b p\u0159ed dezertem jsem zru\u0161ila v\u0161echny karty, kter\u00e9 jsem financovala. Potom jsem vstala, abych odhalila tajemstv\u00ed, kter\u00e9 m\u016fj syn cel\u00e9 roky skr\u00fdval\u2026<\/p>\n\n\n\n<hr class=\"wp-block-separator has-alpha-channel-opacity\"\/>\n\n\n\n<p class=\"wp-block-paragraph\">Na m\u00e9 sedmdes\u00e1t\u00e9 narozeninov\u00e9 ve\u010de\u0159i mi syn postavil p\u0159ed sebe misku se ps\u00edm \u017er\u00e1dlem a zasm\u00e1l se:<\/p>\n\n\n\n<p class=\"wp-block-paragraph\">\u201eTo je te\u010f v\u0161echno, co si zaslou\u017e\u00ed\u0161, mami.\u201c<\/p>\n\n\n\n<p class=\"wp-block-paragraph\">Do hn\u011bd\u00fdch kousk\u016f byla zap\u00edchnut\u00e1 jedin\u00e1 sv\u00ed\u010dka, zat\u00edmco jeho \u017eena Kelsey a \u0161est p\u0159\u00e1tel propukli v sm\u00edch kolem stolu v soukrom\u00e9m sal\u00f3nku restaurace.<\/p>\n\n\n\n<p class=\"wp-block-paragraph\">Na jednu vte\u0159inu mi pon\u00ed\u017een\u00ed vyrazilo dech.<\/p>\n\n\n\n<p class=\"wp-block-paragraph\">Od Dereka jsem o\u010dek\u00e1vala krutost, ale ne takov\u00e9 divadlo.<\/p>\n\n\n\n<p class=\"wp-block-paragraph\">Na m\u00e9 st\u0159\u00edbrn\u00e9 vlasy mi nasadil t\u0159pytiv\u00fd pap\u00edrov\u00fd klobou\u010dek, m\u00edstnost zaplatil mou kreditn\u00ed kartou a pozval lidi, kte\u0159\u00ed roky pili m\u00e9 v\u00edno a jezdili na dovolen\u00e9 do m\u00fdch dom\u016f.<\/p>\n\n\n\n<p class=\"wp-block-paragraph\">\u017d\u00e1dn\u00fd dort.<\/p>\n\n\n\n<p class=\"wp-block-paragraph\">Jen ta miska.<\/p>\n\n\n\n<p class=\"wp-block-paragraph\">\u201eN\u011bco si p\u0159ej,\u201c \u0159ekla Kelsey a nat\u00e1\u010dela m\u011b telefonem, kter\u00fd jsem j\u00ed zaplatila.<\/p>\n\n\n\n<p class=\"wp-block-paragraph\">Derek m\u011b po\u0161kr\u00e1bal za uchem, jako bych byla dom\u00e1c\u00ed mazl\u00ed\u010dek.<\/p>\n\n\n\n<p class=\"wp-block-paragraph\">\u201eMo\u017en\u00e1 si p\u0159ej hezk\u00fd domov d\u016fchodc\u016f.\u201c<\/p>\n\n\n\n<p class=\"wp-block-paragraph\">Chytila jsem ho za z\u00e1p\u011bst\u00ed a vr\u00e1tila mu ruku na st\u016fl.<\/p>\n\n\n\n<p class=\"wp-block-paragraph\">\u201eU\u017eijte si ten vtip,\u201c \u0159ekla jsem.<\/p>\n\n\n\n<p class=\"wp-block-paragraph\">Potom jsem misku odsunula a s\u00e1hla po telefonu.<\/p>\n\n\n\n<p class=\"wp-block-paragraph\">Myslel si, \u017ee vol\u00e1m mana\u017eerovi restaurace.<\/p>\n\n\n\n<p class=\"wp-block-paragraph\">M\u00edsto toho jsem otev\u0159ela zabezpe\u010denou bankovn\u00ed aplikaci a schv\u00e1lila p\u0159\u00edkazy, kter\u00e9 pro m\u011b toho r\u00e1na p\u0159ipravila moje advok\u00e1tka.<\/p>\n\n\n\n<p class=\"wp-block-paragraph\">Derekova platinov\u00e1 karta: zru\u0161ena.<\/p>\n\n\n\n<figure class=\"wp-block-image is-resized\"><img decoding=\"async\" src=\"https:\/\/chexia.info\/wp-content\/uploads\/2026\/09\/restaurant_birthday_humiliation-819x1024.jpg\" alt=\"\" class=\"wp-image-10112\" style=\"aspect-ratio:0.7998046875;width:819px;height:auto\"\/><\/figure>\n\n\n\n<p class=\"wp-block-paragraph\">Kelseyina karta: zru\u0161ena.<\/p>\n\n\n\n<p class=\"wp-block-paragraph\">Firemn\u00ed \u00fa\u010det, kter\u00fd pou\u017e\u00edval jako vlastn\u00ed pen\u011b\u017eenku: zmrazen do ukon\u010den\u00ed auditu.<\/p>\n\n\n\n<p class=\"wp-block-paragraph\">Spl\u00e1tky leasingu obou luxusn\u00edch aut: zastaveny.<\/p>\n\n\n\n<p class=\"wp-block-paragraph\">Jedno potvrzen\u00ed za druh\u00fdm se objevovalo na obrazovce.<\/p>\n\n\n\n<p class=\"wp-block-paragraph\">Derek se st\u00e1le usm\u00edval, dokud mu \u010d\u00ed\u0161n\u00edk potichu neozn\u00e1mil, \u017ee platba za \u0161ampa\u0148sk\u00e9 byla zam\u00edtnuta.<\/p>\n\n\n\n<p class=\"wp-block-paragraph\">Zkusil jinou kartu.<\/p>\n\n\n\n<p class=\"wp-block-paragraph\">Potom dal\u0161\u00ed.<\/p>\n\n\n\n<p class=\"wp-block-paragraph\">Kelsey zkontrolovala telefon a zbledla.<\/p>\n\n\n\n<p class=\"wp-block-paragraph\">\u201eCo jsi ud\u011blala?\u201c do\u017eadoval se Derek.<\/p>\n\n\n\n<p class=\"wp-block-paragraph\">\u201eP\u0159estala jsem platit za lidi, kte\u0159\u00ed mnou pohrdaj\u00ed.\u201c<\/p>\n\n\n\n<p class=\"wp-block-paragraph\">Jeho p\u0159\u00e1tel\u00e9 najednou za\u010dali se zvl\u00e1\u0161tn\u00edm z\u00e1jmem studovat sv\u00e9 ubrousky.<\/p>\n\n\n\n<p class=\"wp-block-paragraph\">Derek se ke mn\u011b naklonil a jeho v\u00fdraz ztvrdl.<\/p>\n\n\n\n<p class=\"wp-block-paragraph\">\u201eU\u017e nejsi schopn\u00e1 spravovat vlastn\u00ed finance. My u\u017e jsme to za\u0159\u00eddili.\u201c<\/p>\n\n\n\n<p class=\"wp-block-paragraph\">P\u0159esn\u011b na tu v\u011btu jsem \u010dekala.<\/p>\n\n\n\n<p class=\"wp-block-paragraph\">T\u0159i m\u011bs\u00edce jsem p\u0159edst\u00edrala, \u017ee si nev\u0161\u00edm\u00e1m chyb\u011bj\u00edc\u00edch v\u00fdpis\u016f, podivn\u00fdch not\u00e1\u0159sk\u00fdch ov\u011b\u0159en\u00ed a Derekova neust\u00e1l\u00e9ho nal\u00e9h\u00e1n\u00ed, abych podepsala \u201eb\u011b\u017en\u00e9 dokumenty k d\u016fchodu\u201c.<\/p>\n\n\n\n<p class=\"wp-block-paragraph\">Myslel si, \u017ee m\u011b v\u011bk zpomalil.<\/p>\n\n\n\n<p class=\"wp-block-paragraph\">Ve skute\u010dnosti jsem vybudovala spole\u010dnost Bennett Senior Communities z jednoho ch\u00e1traj\u00edc\u00edho pe\u010dovatelsk\u00e9ho domu na firmu v hodnot\u011b osmdes\u00e1ti \u010dty\u0159 milion\u016f dolar\u016f.<\/p>\n\n\n\n<p class=\"wp-block-paragraph\">V\u011bd\u011bla jsem, jak zlod\u011bji p\u0159evl\u00e9kaj\u00ed kr\u00e1de\u017ee za oby\u010dejn\u00e9 pap\u00edrov\u00e1n\u00ed.<\/p>\n\n\n\n<p class=\"wp-block-paragraph\">Postavila jsem se, sundala sm\u011b\u0161n\u00fd klobou\u010dek a pod\u00edvala se ke dve\u0159\u00edm z matn\u00e9ho skla.<\/p>\n\n\n\n<p class=\"wp-block-paragraph\">Za nimi se objevily dv\u011b postavy.<\/p>\n\n\n\n<p class=\"wp-block-paragraph\">\u201eM\u00e1\u0161 pravdu, Dereku,\u201c \u0159ekla jsem. \u201eN\u011bkdo se o m\u00e9 finance opravdu staral. Dnes ve\u010der v\u0161em \u0159ekneme kdo \u2014 a pro\u010d je tady policie.\u201c<\/p>\n\n\n\n<p class=\"wp-block-paragraph\">V m\u00edstnosti zavl\u00e1dlo ticho, ale Derek se rychle vzpamatoval.<\/p>\n\n\n\n<p class=\"wp-block-paragraph\">Arogance ho v\u017edycky chr\u00e1nila.<\/p>\n\n\n\n<p class=\"wp-block-paragraph\">\u201ePolicie?\u201c zasm\u00e1l se p\u0159\u00edli\u0161 hlasit\u011b. \u201eMami, tohle je trapn\u00e9. Zase jsi zmaten\u00e1.\u201c<\/p>\n\n\n\n<p class=\"wp-block-paragraph\">Kelsey sklopila telefon, i kdy\u017e jsem st\u00e1le vid\u011bla, \u017ee nahr\u00e1v\u00e1n\u00ed pokra\u010duje.<\/p>\n\n\n\n<p class=\"wp-block-paragraph\">\u201eM\u00edv\u00e1 takov\u00e9 stavy,\u201c \u0159ekla host\u016fm. \u201eDerek ji jen chr\u00e1n\u00ed.\u201c<\/p>\n\n\n\n<p class=\"wp-block-paragraph\">Tenhle p\u0159\u00edb\u011bh m\u011bli pe\u010dliv\u011b p\u0159ipraven\u00fd.<\/p>\n\n\n\n<p class=\"wp-block-paragraph\">P\u0159ed \u0161esti m\u011bs\u00edci za\u010dal Derek p\u0159\u00edbuzn\u00fdm vykl\u00e1dat, \u017ee zapom\u00edn\u00e1m na sch\u016fzky a ztr\u00e1c\u00edm pen\u00edze.<\/p>\n\n\n\n<p class=\"wp-block-paragraph\">P\u0159esv\u011bd\u010dil do\u010dasnou administr\u00e1torku ordinace m\u00e9ho dlouholet\u00e9ho l\u00e9ka\u0159e, aby vytiskla \u010d\u00e1sti m\u00e9 zdravotn\u00ed dokumentace, a p\u0159ilo\u017eil je k \u017e\u00e1dosti o nouzov\u00e9 p\u0159evzet\u00ed kontroly nad m\u00fdm majetkem.<\/p>\n\n\n\n<p class=\"wp-block-paragraph\">\u017d\u00e1dost obsahovala posudek kognitivn\u00edch schopnost\u00ed, kter\u00fd jsem nikdy nepodstoupila, a podpis, kter\u00fd se m\u00e9mu jen vzd\u00e1len\u011b podobal.<\/p>\n\n\n\n<p class=\"wp-block-paragraph\">Prvn\u00ed varov\u00e1n\u00ed p\u0159i\u0161lo od \u00fa\u0159ednice okresn\u00edho \u00fa\u0159adu, kter\u00e1 m\u011b znala dvacet let.<\/p>\n\n\n\n<p class=\"wp-block-paragraph\">Zavolala mi je\u0161t\u011b p\u0159ed zpracov\u00e1n\u00edm listiny p\u0159ev\u00e1d\u011bj\u00edc\u00ed m\u016fj d\u016fm u jezera na spole\u010dnost Northstar Residential Holdings.<\/p>\n\n\n\n<p class=\"wp-block-paragraph\">O spole\u010dnosti Northstar jsem nikdy nesly\u0161ela.<\/p>\n\n\n\n<p class=\"wp-block-paragraph\">Moje advok\u00e1tka Naomi Brooks ji znala.<\/p>\n\n\n\n<p class=\"wp-block-paragraph\">Kelsey ji zalo\u017eila p\u0159ed t\u0159emi lety.<\/p>\n\n\n\n<p class=\"wp-block-paragraph\">Bankovn\u00ed z\u00e1znamy odhalily, \u017ee Derek pou\u017eil pad\u011blanou plnou moc, aby si vzal p\u016fj\u010dky kryt\u00e9 dv\u011bma m\u00fdmi nemovitostmi, a pot\u00e9 p\u0159evedl 1,6 milionu dolar\u016f p\u0159es Northstar.<\/p>\n\n\n\n<p class=\"wp-block-paragraph\">Pen\u00edze \u0161ly na auta, dovolen\u00e9, \u0161perky a dokonce i na tu ve\u010de\u0159i.<\/p>\n\n\n\n<p class=\"wp-block-paragraph\">Je\u0161t\u011b hor\u0161\u00ed bylo, \u017ee z fondu finan\u010dn\u00ed pomoci zam\u011bstnanc\u016fm, kter\u00fd jsem zalo\u017eila po smrti sv\u00e9ho man\u017eela, zmizelo 410 000 dolar\u016f.<\/p>\n\n\n\n<p class=\"wp-block-paragraph\">Mohla jsem Dereka okam\u017eit\u011b konfrontovat.<\/p>\n\n\n\n<p class=\"wp-block-paragraph\">Naomi mi to ale nedoporu\u010dila.<\/p>\n\n\n\n<p class=\"wp-block-paragraph\">M\u00edsto toho jsme upozornily banku, zajistily transak\u010dn\u00ed z\u00e1znamy, najaly forenzn\u00edho \u00fa\u010detn\u00edho a p\u0159edaly jednotce pro finan\u010dn\u00ed kriminalitu v\u0161echny origin\u00e1ln\u00ed dokumenty.<\/p>\n\n\n\n<p class=\"wp-block-paragraph\">Karty dom\u00e1cnosti jsem nechala aktivn\u00ed, ale s p\u0159\u00edsn\u011b nastaven\u00fdmi limity, aby si Derek myslel, \u017ee se nic nezm\u011bnilo \u2014 a ka\u017ed\u00fd nov\u00fd n\u00e1kup tak vytvo\u0159il dal\u0161\u00ed d\u016fkaz.<\/p>\n\n\n\n<p class=\"wp-block-paragraph\">Narozeninov\u00e1 ve\u010de\u0159e byl Derek\u016fv n\u00e1pad.<\/p>\n\n\n\n<p class=\"wp-block-paragraph\">Ps\u00ed \u017er\u00e1dlo bylo ne\u010dekan\u00e9, ale jeho krutost n\u00e1m poskytla dal\u0161\u00ed nahr\u00e1vku.<\/p>\n\n\n\n<p class=\"wp-block-paragraph\">Derek obe\u0161el st\u016fl a nat\u00e1hl se po m\u00e9m telefonu.<\/p>\n\n\n\n<p class=\"wp-block-paragraph\">Ustoupila jsem.<\/p>\n\n\n\n<p class=\"wp-block-paragraph\">\u201eDej mi ho,\u201c vy\u0161t\u011bkl. \u201eDokazuje\u0161, \u017ee ti u\u017e nem\u016f\u017eeme v\u011b\u0159it, kdy\u017e jsi sama.\u201c<\/p>\n\n\n\n<p class=\"wp-block-paragraph\">\u201eOpatrn\u011b,\u201c \u0159ekla jsem. \u201eKelsey svou starost o m\u011b vys\u00edl\u00e1 opravdu n\u00e1dhern\u011b.\u201c<\/p>\n\n\n\n<p class=\"wp-block-paragraph\">Okam\u017eit\u011b p\u0159estala nahr\u00e1vat.<\/p>\n\n\n\n<p class=\"wp-block-paragraph\">Pozd\u011b.<\/p>\n\n\n\n<p class=\"wp-block-paragraph\">M\u016fj telefon u\u017e ulo\u017eil \u017eiv\u00fd p\u0159enos ze soukrom\u00e9ho rodinn\u00e9ho \u00fa\u010dtu, ke kter\u00e9mu m\u011b p\u0159inutili p\u0159ipojit se.<\/p>\n\n\n\n<p class=\"wp-block-paragraph\">Zachytil Dereka, jak p\u0159izn\u00e1v\u00e1, \u017ee \u201espravoval\u201c m\u00e9 finance, a Kelsey, jak tvrd\u00ed, \u017ee m\u00e1m vymy\u0161len\u00e9 zdravotn\u00ed probl\u00e9my.<\/p>\n\n\n\n<p class=\"wp-block-paragraph\">Derek se pod\u00edval na sv\u00e9 p\u0159\u00e1tele.<\/p>\n\n\n\n<p class=\"wp-block-paragraph\">\u201eJe na\u0161tvan\u00e1, proto\u017ee jsem j\u00ed vzal kl\u00ed\u010de od auta. Minul\u00fd t\u00fdden se cestou dom\u016f ztratila.\u201c<\/p>\n\n\n\n<p class=\"wp-block-paragraph\">\u201eTo auto jsem prodala v kv\u011btnu,\u201c \u0159ekla jsem. \u201eA dnes ve\u010der jsem sem p\u0159ijela sama.\u201c<\/p>\n\n\n\n<p class=\"wp-block-paragraph\">\u017dena sed\u00edc\u00ed vedle n\u011bj pomalu odsunula \u017eidli d\u00e1l od n\u011bj.<\/p>\n\n\n\n<p class=\"wp-block-paragraph\">Kelsey za\u0161eptala:<\/p>\n\n\n\n<p class=\"wp-block-paragraph\">\u201eDereku, mo\u017en\u00e1 bychom m\u011bli odej\u00edt.\u201c<\/p>\n\n\n\n<p class=\"wp-block-paragraph\">Popadl jej\u00ed kabelku, ale vtom se vr\u00e1til \u010d\u00ed\u0161n\u00edk s nezaplacen\u00fdm \u00fa\u010dtem.<\/p>\n\n\n\n<p class=\"wp-block-paragraph\">Za n\u00edm se otev\u0159ely dve\u0159e j\u00eddelny.<\/p>\n\n\n\n<p class=\"wp-block-paragraph\">Vstoupila Naomi v uhlov\u011b \u0161ed\u00e9m kost\u00fdmu s tlustou slo\u017ekou d\u016fkaz\u016f pod pa\u017e\u00ed.<\/p>\n\n\n\n<p class=\"wp-block-paragraph\">Za n\u00ed n\u00e1sledoval detektiv Luis Ramirez s uniformovan\u00fdm policistou.<\/p>\n\n\n\n<p class=\"wp-block-paragraph\">Derek z\u00edral na detektiva a potom na m\u011b.<\/p>\n\n\n\n<p class=\"wp-block-paragraph\">Poprv\u00e9 toho ve\u010dera vypadal vyd\u011b\u0161en\u011b.<\/p>\n\n\n\n<p class=\"wp-block-paragraph\">Naomi polo\u017eila slo\u017eku vedle nedot\u010den\u00e9 misky.<\/p>\n\n\n\n<p class=\"wp-block-paragraph\">\u201eNe\u017e kdokoli odejde,\u201c \u0159ekla, \u201em\u00e1 pan\u00ed Bennettov\u00e1 je\u0161t\u011b jedno posledn\u00ed narozeninov\u00e9 ozn\u00e1men\u00ed.\u201c<\/p>\n\n\n\n<p class=\"wp-block-paragraph\">Polo\u017eila jsem ob\u011b ruce pevn\u011b na st\u016fl, aby nikdo nemohl zpochybnit m\u016fj klid.<\/p>\n\n\n\n<p class=\"wp-block-paragraph\">\u201eM\u016fj syn cel\u00e9 roky lidem tvrdil, \u017ee ob\u011btoval svou kari\u00e9ru, aby se o m\u011b staral,\u201c \u0159ekla jsem. \u201ePravda je, \u017ee jsem ho v roce 2021 odstranila z veden\u00ed spole\u010dnosti pot\u00e9, co jsem zjistila fale\u0161n\u00e9 faktury od dodavatel\u016f. Dr\u017eela jsem to v tajnosti, proto\u017ee jsem ho cht\u011bla chr\u00e1nit. On mi m\u00e9 ml\u010den\u00ed oplatil t\u00edm, \u017ee vytvo\u0159il dal\u0161\u00ed podvod.\u201c<\/p>\n\n\n\n<p class=\"wp-block-paragraph\">Derek uk\u00e1zal na Naomi.<\/p>\n\n\n\n<p class=\"wp-block-paragraph\">\u201eManipuluje s v\u00e1mi. \u017d\u00e1dn\u00fd z t\u011bch dokument\u016f neobstoj\u00ed.\u201c<\/p>\n\n\n\n<p class=\"wp-block-paragraph\">Naomi otev\u0159ela slo\u017eku.<\/p>\n\n\n\n<p class=\"wp-block-paragraph\">Skryla citliv\u00e9 \u00fadaje o \u00fa\u010dtech a uk\u00e1zala pouze ov\u011b\u0159en\u00e9 v\u00fdpisy, not\u00e1\u0159sk\u00e9 z\u00e1znamy a fotografii z bezpe\u010dnostn\u00ed kamery, na n\u00ed\u017e Derek pou\u017e\u00edv\u00e1 m\u016fj pr\u016fkaz toto\u017enosti.<\/p>\n\n\n\n<p class=\"wp-block-paragraph\">\u201eT\u0159i znalci na p\u00edsmo dosp\u011bli ke stejn\u00e9mu z\u00e1v\u011bru,\u201c \u0159ekla. \u201ePodpisy byly obkreslen\u00e9. Not\u00e1\u0159ka p\u0159iznala, \u017ee Eleanor nikdy nic nepodepisovala p\u0159ed n\u00ed.\u201c<\/p>\n\n\n\n<p class=\"wp-block-paragraph\">Kelsey se rozplakala.<\/p>\n\n\n\n<p class=\"wp-block-paragraph\">\u201eNev\u011bd\u011bla jsem, k \u010demu Northstar slou\u017e\u00ed.\u201c<\/p>\n\n\n\n<p class=\"wp-block-paragraph\">Detektiv Ramirez se na ni pod\u00edval.<\/p>\n\n\n\n<p class=\"wp-block-paragraph\">\u201eVy jste pod\u00e1vala dokumenty k zalo\u017een\u00ed spole\u010dnosti, otev\u0159ela jej\u00ed \u00fa\u010dty a schv\u00e1lila sedmn\u00e1ct p\u0159evod\u016f.\u201c<\/p>\n\n\n\n<p class=\"wp-block-paragraph\">Jej\u00ed slzy okam\u017eit\u011b ustaly.<\/p>\n\n\n\n<p class=\"wp-block-paragraph\">Pak jsem odhalila tajemstv\u00ed, kter\u00e9 Derek cel\u00e9 roky skr\u00fdval.<\/p>\n\n\n\n<p class=\"wp-block-paragraph\">Nebyl jen z\u00e1visl\u00fd na pen\u011bz\u00edch sv\u00e9 matky.<\/p>\n\n\n\n<p class=\"wp-block-paragraph\">Kradl tak\u00e9 pen\u00edze star\u0161\u00edm obyvatel\u016fm a zam\u011bstnanc\u016fm v t\u011b\u017ek\u00e9 \u017eivotn\u00ed situaci, zat\u00edmco se navenek vyd\u00e1val za m\u00e9ho oddan\u00e9ho pe\u010dovatele.<\/p>\n\n\n\n<p class=\"wp-block-paragraph\">Naomi vysv\u011btlila, \u017ee banka zru\u0161ila p\u0159ipravovan\u00e9 p\u0159evody nemovitost\u00ed, soud zam\u00edtl Derekovu \u017e\u00e1dost o opatrovnictv\u00ed a Bennett Senior Communities podala ob\u010danskopr\u00e1vn\u00ed \u017ealobu, aby z\u00edskala zp\u011bt ka\u017ed\u00fd ukraden\u00fd dolar.<\/p>\n\n\n\n<p class=\"wp-block-paragraph\">Derek odstr\u010dil \u017eidli.<\/p>\n\n\n\n<p class=\"wp-block-paragraph\">\u201eTohle je rodinn\u00e1 z\u00e1le\u017eitost.\u201c<\/p>\n\n\n\n<p class=\"wp-block-paragraph\">\u201eTy jsi z n\u00ed ud\u011blal trestn\u00ed p\u0159\u00edpad,\u201c \u0159ekla jsem, \u201eve chv\u00edli, kdy jsi zfal\u0161oval m\u016fj podpis.\u201c<\/p>\n\n\n\n<p class=\"wp-block-paragraph\">Detektiv Ramirez vyt\u00e1hl dva zat\u00fdkac\u00ed rozkazy kv\u016fli finan\u010dn\u00edmu zneu\u017e\u00edv\u00e1n\u00ed seniora, pad\u011bl\u00e1n\u00ed, z\u00e1va\u017en\u00e9 kr\u00e1de\u017ei a spiknut\u00ed.<\/p>\n\n\n\n<p class=\"wp-block-paragraph\">Policista Derekovi nasadil pouta, zat\u00edmco jeho p\u0159\u00e1tel\u00e9 odvraceli pohled.<\/p>\n\n\n\n<p class=\"wp-block-paragraph\">Kdy\u017e kolem m\u011b proch\u00e1zel, zasy\u010del:<\/p>\n\n\n\n<p class=\"wp-block-paragraph\">\u201eNi\u010d\u00ed\u0161 sv\u00e9ho jedin\u00e9ho syna.\u201c<\/p>\n\n\n\n<p class=\"wp-block-paragraph\">\u201eNe,\u201c odpov\u011bd\u011bla jsem. \u201eOdm\u00edt\u00e1m dovolit sv\u00e9mu synovi, aby zni\u010dil v\u0161echny ostatn\u00ed.\u201c<\/p>\n\n\n\n<p class=\"wp-block-paragraph\">O jeden\u00e1ct m\u011bs\u00edc\u016f pozd\u011bji se Derek p\u0159iznal k vin\u011b pot\u00e9, co vy\u0161et\u0159ovatel\u00e9 na\u0161li zpr\u00e1vy, v nich\u017e m\u00e9 opatrovnictv\u00ed ozna\u010doval za sv\u016fj \u201epl\u00e1n na d\u016fchod\u201c.<\/p>\n\n\n\n<p class=\"wp-block-paragraph\">Dostal \u0161est let v\u011bzen\u00ed a povinnost nahradit zp\u016fsobenou \u0161kodu v pln\u00e9 v\u00fd\u0161i.<\/p>\n\n\n\n<p class=\"wp-block-paragraph\">Kelsey dostala krat\u0161\u00ed trest pot\u00e9, co p\u0159edala z\u00e1znamy spole\u010dnosti Northstar.<\/p>\n\n\n\n<p class=\"wp-block-paragraph\">Jejich auta a byt byly prod\u00e1ny a v\u00fdt\u011b\u017eek byl vr\u00e1cen do fondu finan\u010dn\u00ed pomoci a posti\u017een\u00fdm obyvatel\u016fm.<\/p>\n\n\n\n<p class=\"wp-block-paragraph\">Jejich uv\u011bzn\u011bn\u00ed mi nep\u0159ineslo \u017e\u00e1dnou radost.<\/p>\n\n\n\n<p class=\"wp-block-paragraph\">Pro m\u011b pomsta znamenala z\u00edskat zp\u011bt mo\u017enost rozhodovat o vlastn\u00edm \u017eivot\u011b.<\/p>\n\n\n\n<p class=\"wp-block-paragraph\">Z navr\u00e1cen\u00fdch pen\u011bz jsem vytvo\u0159ila pr\u00e1vn\u00ed poradnu pro seniory, kte\u0159\u00ed \u010del\u00ed finan\u010dn\u00edmu zneu\u017e\u00edv\u00e1n\u00ed.<\/p>\n\n\n\n<p class=\"wp-block-paragraph\">Pot\u00e9, co restaurace vid\u011bla video, v\u011bnovala cenu t\u00e9 stra\u0161n\u00e9 narozeninov\u00e9 ve\u010de\u0159e na provoz poradny.<\/p>\n\n\n\n<p class=\"wp-block-paragraph\">O rok pozd\u011bji, na sv\u00e9 jednasedmdes\u00e1t\u00e9 narozeniny, jsem sed\u011bla v zahrad\u011b a jedla citronov\u00fd dort se zam\u011bstnanci, obyvateli a p\u0159\u00e1teli, kte\u0159\u00ed si m\u011b v\u00e1\u017eili, ani\u017e by pot\u0159ebovali p\u0159\u00edstup k m\u00fdm \u00fa\u010dt\u016fm.<\/p>\n\n\n\n<p class=\"wp-block-paragraph\">Naomi rozlo\u017eila jednasedmdes\u00e1t sv\u00ed\u010dek na t\u0159i dorty a v\u0161ichni jsme se sm\u00e1li, kdy\u017e je v\u00edtr za\u010dal sfouk\u00e1vat.<\/p>\n\n\n\n<p class=\"wp-block-paragraph\">\u017d\u00e1dn\u00e9 pap\u00edrov\u00e9 klobou\u010dky.<\/p>\n\n\n\n<p class=\"wp-block-paragraph\">\u017d\u00e1dn\u00e9 kamery.<\/p>\n\n\n\n<p class=\"wp-block-paragraph\">\u017d\u00e1dn\u00e9 krut\u00e9 divadlo.<\/p>\n\n\n\n<p class=\"wp-block-paragraph\">Moje karty z\u016fstaly v m\u00e9 pen\u011b\u017eence, m\u016fj majetek byl chr\u00e1n\u011bn\u00fd a m\u00e9 jm\u00e9no pat\u0159ilo pouze mn\u011b.<\/p>\n\n\n\n<p class=\"wp-block-paragraph\">Ne\u017e jsem ukrojila prvn\u00ed kousek dortu, n\u011bco jsem si p\u0159\u00e1la \u2014 ne pomstu, proto\u017ee ta kapitola u\u017e byla uzav\u0159en\u00e1, ale aby ka\u017ed\u00fd vystra\u0161en\u00fd rodi\u010d pochopil jednu v\u011bc:<\/p>\n\n\n\n<p class=\"wp-block-paragraph\"><strong>Ml\u010den\u00ed nen\u00ed l\u00e1ska a st\u00e1\u0159\u00ed neznamen\u00e1 vzd\u00e1t se.<\/strong><\/p>\n","protected":false},"excerpt":{"rendered":"Na sv\u00e9 vlastn\u00ed sedmdes\u00e1t\u00e9 narozeninov\u00e9 ve\u010de\u0159i mi syn postavil p\u0159ed nos misku se ps\u00edm \u017er\u00e1dlem a zasm\u00e1l se: \u201eTo je te\u010f v\u0161echno, co \n<a class=\"moretag\" href=\"https:\/\/vendeto.am\/?p=33115\"> [...]<\/a>","protected":false},"author":1,"featured_media":33116,"comment_status":"open","ping_status":"open","sticky":false,"template":"","format":"standard","meta":{"footnotes":""},"categories":[2],"tags":[],"class_list":["post-33115","post","type-post","status-publish","format-standard","has-post-thumbnail","hentry","category-sport"],"yoast_head":"<!-- This site is optimized with the Yoast SEO plugin v28.3 - https:\/\/yoast.com\/product\/yoast-seo-wordpress\/ -->\n<title>Na sv\u00e9 vlastn\u00ed sedmdes\u00e1t\u00e9 narozeninov\u00e9 ve\u010de\u0159i mi syn postavil p\u0159ed nos misku se ps\u00edm \u017er\u00e1dlem a zasm\u00e1l se: \u201eTo je te\u010f v\u0161echno, co si zaslou\u017e\u00ed\u0161, mami.\u201c -<\/title>\n<meta name=\"robots\" content=\"index, follow, max-snippet:-1, max-image-preview:large, max-video-preview:-1\" \/>\n<link rel=\"canonical\" href=\"https:\/\/vendeto.am\/?p=33115\" \/>\n<meta property=\"og:locale\" content=\"ru_RU\" \/>\n<meta property=\"og:type\" content=\"article\" \/>\n<meta property=\"og:title\" content=\"Na sv\u00e9 vlastn\u00ed sedmdes\u00e1t\u00e9 narozeninov\u00e9 ve\u010de\u0159i mi syn postavil p\u0159ed nos misku se ps\u00edm \u017er\u00e1dlem a zasm\u00e1l se: \u201eTo je te\u010f v\u0161echno, co si zaslou\u017e\u00ed\u0161, mami.\u201c -\" \/>\n<meta property=\"og:description\" content=\"Na sv\u00e9 vlastn\u00ed sedmdes\u00e1t\u00e9 narozeninov\u00e9 ve\u010de\u0159i mi syn postavil p\u0159ed nos misku se ps\u00edm \u017er\u00e1dlem a zasm\u00e1l se: \u201eTo je te\u010f v\u0161echno, co\" \/>\n<meta property=\"og:url\" content=\"https:\/\/vendeto.am\/?p=33115\" \/>\n<meta property=\"article:published_time\" content=\"2026-09-01T19:33:10+00:00\" \/>\n<meta property=\"article:modified_time\" content=\"2026-09-01T19:33:13+00:00\" \/>\n<meta property=\"og:image\" content=\"https:\/\/vendeto.am\/wp-content\/uploads\/2026\/09\/restaurant_birthday_humiliation.jpg\" \/>\n\t<meta property=\"og:image:width\" content=\"1408\" \/>\n\t<meta property=\"og:image:height\" content=\"1760\" \/>\n\t<meta property=\"og:image:type\" content=\"image\/jpeg\" \/>\n<meta name=\"author\" content=\"admin\" \/>\n<meta name=\"twitter:card\" content=\"summary_large_image\" \/>\n<meta name=\"twitter:label1\" content=\"\u041d\u0430\u043f\u0438\u0441\u0430\u043d\u043e \u0430\u0432\u0442\u043e\u0440\u043e\u043c\" \/>\n\t<meta name=\"twitter:data1\" content=\"admin\" \/>\n\t<meta name=\"twitter:label2\" content=\"\u041f\u0440\u0438\u043c\u0435\u0440\u043d\u043e\u0435 \u0432\u0440\u0435\u043c\u044f \u0434\u043b\u044f \u0447\u0442\u0435\u043d\u0438\u044f\" \/>\n\t<meta name=\"twitter:data2\" content=\"9 \u043c\u0438\u043d\u0443\u0442\" \/>\n<script type=\"application\/ld+json\" class=\"yoast-schema-graph\">{\"@context\":\"https:\\\/\\\/schema.org\",\"@graph\":[{\"@type\":\"Article\",\"@id\":\"https:\\\/\\\/vendeto.am\\\/?p=33115#article\",\"isPartOf\":{\"@id\":\"https:\\\/\\\/vendeto.am\\\/?p=33115\"},\"author\":{\"name\":\"admin\",\"@id\":\"https:\\\/\\\/vendeto.am\\\/#\\\/schema\\\/person\\\/48a4bd89d2048190ecc61e5ce821bef7\"},\"headline\":\"Na sv\u00e9 vlastn\u00ed sedmdes\u00e1t\u00e9 narozeninov\u00e9 ve\u010de\u0159i mi syn postavil p\u0159ed nos misku se ps\u00edm \u017er\u00e1dlem a zasm\u00e1l se: \u201eTo je te\u010f v\u0161echno, co si zaslou\u017e\u00ed\u0161, mami.\u201c\",\"datePublished\":\"2026-09-01T19:33:10+00:00\",\"dateModified\":\"2026-09-01T19:33:13+00:00\",\"mainEntityOfPage\":{\"@id\":\"https:\\\/\\\/vendeto.am\\\/?p=33115\"},\"wordCount\":1988,\"commentCount\":0,\"image\":{\"@id\":\"https:\\\/\\\/vendeto.am\\\/?p=33115#primaryimage\"},\"thumbnailUrl\":\"https:\\\/\\\/vendeto.am\\\/wp-content\\\/uploads\\\/2026\\\/09\\\/restaurant_birthday_humiliation.jpg\",\"articleSection\":[\"SPORT\"],\"inLanguage\":\"ru-RU\",\"potentialAction\":[{\"@type\":\"CommentAction\",\"name\":\"Comment\",\"target\":[\"https:\\\/\\\/vendeto.am\\\/?p=33115#respond\"]}]},{\"@type\":\"WebPage\",\"@id\":\"https:\\\/\\\/vendeto.am\\\/?p=33115\",\"url\":\"https:\\\/\\\/vendeto.am\\\/?p=33115\",\"name\":\"Na sv\u00e9 vlastn\u00ed sedmdes\u00e1t\u00e9 narozeninov\u00e9 ve\u010de\u0159i mi syn postavil p\u0159ed nos misku se ps\u00edm \u017er\u00e1dlem a zasm\u00e1l se: \u201eTo je te\u010f v\u0161echno, co si zaslou\u017e\u00ed\u0161, mami.\u201c -\",\"isPartOf\":{\"@id\":\"https:\\\/\\\/vendeto.am\\\/#website\"},\"primaryImageOfPage\":{\"@id\":\"https:\\\/\\\/vendeto.am\\\/?p=33115#primaryimage\"},\"image\":{\"@id\":\"https:\\\/\\\/vendeto.am\\\/?p=33115#primaryimage\"},\"thumbnailUrl\":\"https:\\\/\\\/vendeto.am\\\/wp-content\\\/uploads\\\/2026\\\/09\\\/restaurant_birthday_humiliation.jpg\",\"datePublished\":\"2026-09-01T19:33:10+00:00\",\"dateModified\":\"2026-09-01T19:33:13+00:00\",\"author\":{\"@id\":\"https:\\\/\\\/vendeto.am\\\/#\\\/schema\\\/person\\\/48a4bd89d2048190ecc61e5ce821bef7\"},\"breadcrumb\":{\"@id\":\"https:\\\/\\\/vendeto.am\\\/?p=33115#breadcrumb\"},\"inLanguage\":\"ru-RU\",\"potentialAction\":[{\"@type\":\"ReadAction\",\"target\":[\"https:\\\/\\\/vendeto.am\\\/?p=33115\"]}]},{\"@type\":\"ImageObject\",\"inLanguage\":\"ru-RU\",\"@id\":\"https:\\\/\\\/vendeto.am\\\/?p=33115#primaryimage\",\"url\":\"https:\\\/\\\/vendeto.am\\\/wp-content\\\/uploads\\\/2026\\\/09\\\/restaurant_birthday_humiliation.jpg\",\"contentUrl\":\"https:\\\/\\\/vendeto.am\\\/wp-content\\\/uploads\\\/2026\\\/09\\\/restaurant_birthday_humiliation.jpg\",\"width\":1408,\"height\":1760},{\"@type\":\"BreadcrumbList\",\"@id\":\"https:\\\/\\\/vendeto.am\\\/?p=33115#breadcrumb\",\"itemListElement\":[{\"@type\":\"ListItem\",\"position\":1,\"name\":\"\u0413\u043b\u0430\u0432\u043d\u0430\u044f \u0441\u0442\u0440\u0430\u043d\u0438\u0446\u0430\",\"item\":\"https:\\\/\\\/vendeto.am\\\/\"},{\"@type\":\"ListItem\",\"position\":2,\"name\":\"Na sv\u00e9 vlastn\u00ed sedmdes\u00e1t\u00e9 narozeninov\u00e9 ve\u010de\u0159i mi syn postavil p\u0159ed nos misku se ps\u00edm \u017er\u00e1dlem a zasm\u00e1l se: \u201eTo je te\u010f v\u0161echno, co si zaslou\u017e\u00ed\u0161, mami.\u201c\"}]},{\"@type\":\"WebSite\",\"@id\":\"https:\\\/\\\/vendeto.am\\\/#website\",\"url\":\"https:\\\/\\\/vendeto.am\\\/\",\"name\":\"\",\"description\":\"\",\"potentialAction\":[{\"@type\":\"SearchAction\",\"target\":{\"@type\":\"EntryPoint\",\"urlTemplate\":\"https:\\\/\\\/vendeto.am\\\/?s={search_term_string}\"},\"query-input\":{\"@type\":\"PropertyValueSpecification\",\"valueRequired\":true,\"valueName\":\"search_term_string\"}}],\"inLanguage\":\"ru-RU\"},{\"@type\":\"Person\",\"@id\":\"https:\\\/\\\/vendeto.am\\\/#\\\/schema\\\/person\\\/48a4bd89d2048190ecc61e5ce821bef7\",\"name\":\"admin\",\"image\":{\"@type\":\"ImageObject\",\"inLanguage\":\"ru-RU\",\"@id\":\"https:\\\/\\\/secure.gravatar.com\\\/avatar\\\/df64e550a0653b7be0f1bcf897f33faad9c2c8153472b2d9319beafb51370f6f?s=96&d=mm&r=g\",\"url\":\"https:\\\/\\\/secure.gravatar.com\\\/avatar\\\/df64e550a0653b7be0f1bcf897f33faad9c2c8153472b2d9319beafb51370f6f?s=96&d=mm&r=g\",\"contentUrl\":\"https:\\\/\\\/secure.gravatar.com\\\/avatar\\\/df64e550a0653b7be0f1bcf897f33faad9c2c8153472b2d9319beafb51370f6f?s=96&d=mm&r=g\",\"caption\":\"admin\"},\"sameAs\":[\"http:\\\/\\\/vendeto.am\"],\"url\":\"https:\\\/\\\/vendeto.am\\\/?author=1\"}]}<\/script>\n<!-- \/ Yoast SEO plugin. -->","yoast_head_json":{"title":"Na sv\u00e9 vlastn\u00ed sedmdes\u00e1t\u00e9 narozeninov\u00e9 ve\u010de\u0159i mi syn postavil p\u0159ed nos misku se ps\u00edm \u017er\u00e1dlem a zasm\u00e1l se: \u201eTo je te\u010f v\u0161echno, co si zaslou\u017e\u00ed\u0161, mami.\u201c -","robots":{"index":"index","follow":"follow","max-snippet":"max-snippet:-1","max-image-preview":"max-image-preview:large","max-video-preview":"max-video-preview:-1"},"canonical":"https:\/\/vendeto.am\/?p=33115","og_locale":"ru_RU","og_type":"article","og_title":"Na sv\u00e9 vlastn\u00ed sedmdes\u00e1t\u00e9 narozeninov\u00e9 ve\u010de\u0159i mi syn postavil p\u0159ed nos misku se ps\u00edm \u017er\u00e1dlem a zasm\u00e1l se: \u201eTo je te\u010f v\u0161echno, co si zaslou\u017e\u00ed\u0161, mami.\u201c -","og_description":"Na sv\u00e9 vlastn\u00ed sedmdes\u00e1t\u00e9 narozeninov\u00e9 ve\u010de\u0159i mi syn postavil p\u0159ed nos misku se ps\u00edm \u017er\u00e1dlem a zasm\u00e1l se: \u201eTo je te\u010f v\u0161echno, co","og_url":"https:\/\/vendeto.am\/?p=33115","article_published_time":"2026-09-01T19:33:10+00:00","article_modified_time":"2026-09-01T19:33:13+00:00","og_image":[{"width":1408,"height":1760,"url":"https:\/\/vendeto.am\/wp-content\/uploads\/2026\/09\/restaurant_birthday_humiliation.jpg","type":"image\/jpeg"}],"author":"admin","twitter_card":"summary_large_image","twitter_misc":{"\u041d\u0430\u043f\u0438\u0441\u0430\u043d\u043e \u0430\u0432\u0442\u043e\u0440\u043e\u043c":"admin","\u041f\u0440\u0438\u043c\u0435\u0440\u043d\u043e\u0435 \u0432\u0440\u0435\u043c\u044f \u0434\u043b\u044f \u0447\u0442\u0435\u043d\u0438\u044f":"9 \u043c\u0438\u043d\u0443\u0442"},"schema":{"@context":"https:\/\/schema.org","@graph":[{"@type":"Article","@id":"https:\/\/vendeto.am\/?p=33115#article","isPartOf":{"@id":"https:\/\/vendeto.am\/?p=33115"},"author":{"name":"admin","@id":"https:\/\/vendeto.am\/#\/schema\/person\/48a4bd89d2048190ecc61e5ce821bef7"},"headline":"Na sv\u00e9 vlastn\u00ed sedmdes\u00e1t\u00e9 narozeninov\u00e9 ve\u010de\u0159i mi syn postavil p\u0159ed nos misku se ps\u00edm \u017er\u00e1dlem a zasm\u00e1l se: \u201eTo je te\u010f v\u0161echno, co si zaslou\u017e\u00ed\u0161, mami.\u201c","datePublished":"2026-09-01T19:33:10+00:00","dateModified":"2026-09-01T19:33:13+00:00","mainEntityOfPage":{"@id":"https:\/\/vendeto.am\/?p=33115"},"wordCount":1988,"commentCount":0,"image":{"@id":"https:\/\/vendeto.am\/?p=33115#primaryimage"},"thumbnailUrl":"https:\/\/vendeto.am\/wp-content\/uploads\/2026\/09\/restaurant_birthday_humiliation.jpg","articleSection":["SPORT"],"inLanguage":"ru-RU","potentialAction":[{"@type":"CommentAction","name":"Comment","target":["https:\/\/vendeto.am\/?p=33115#respond"]}]},{"@type":"WebPage","@id":"https:\/\/vendeto.am\/?p=33115","url":"https:\/\/vendeto.am\/?p=33115","name":"Na sv\u00e9 vlastn\u00ed sedmdes\u00e1t\u00e9 narozeninov\u00e9 ve\u010de\u0159i mi syn postavil p\u0159ed nos misku se ps\u00edm \u017er\u00e1dlem a zasm\u00e1l se: \u201eTo je te\u010f v\u0161echno, co si zaslou\u017e\u00ed\u0161, mami.\u201c -","isPartOf":{"@id":"https:\/\/vendeto.am\/#website"},"primaryImageOfPage":{"@id":"https:\/\/vendeto.am\/?p=33115#primaryimage"},"image":{"@id":"https:\/\/vendeto.am\/?p=33115#primaryimage"},"thumbnailUrl":"https:\/\/vendeto.am\/wp-content\/uploads\/2026\/09\/restaurant_birthday_humiliation.jpg","datePublished":"2026-09-01T19:33:10+00:00","dateModified":"2026-09-01T19:33:13+00:00","author":{"@id":"https:\/\/vendeto.am\/#\/schema\/person\/48a4bd89d2048190ecc61e5ce821bef7"},"breadcrumb":{"@id":"https:\/\/vendeto.am\/?p=33115#breadcrumb"},"inLanguage":"ru-RU","potentialAction":[{"@type":"ReadAction","target":["https:\/\/vendeto.am\/?p=33115"]}]},{"@type":"ImageObject","inLanguage":"ru-RU","@id":"https:\/\/vendeto.am\/?p=33115#primaryimage","url":"https:\/\/vendeto.am\/wp-content\/uploads\/2026\/09\/restaurant_birthday_humiliation.jpg","contentUrl":"https:\/\/vendeto.am\/wp-content\/uploads\/2026\/09\/restaurant_birthday_humiliation.jpg","width":1408,"height":1760},{"@type":"BreadcrumbList","@id":"https:\/\/vendeto.am\/?p=33115#breadcrumb","itemListElement":[{"@type":"ListItem","position":1,"name":"\u0413\u043b\u0430\u0432\u043d\u0430\u044f \u0441\u0442\u0440\u0430\u043d\u0438\u0446\u0430","item":"https:\/\/vendeto.am\/"},{"@type":"ListItem","position":2,"name":"Na sv\u00e9 vlastn\u00ed sedmdes\u00e1t\u00e9 narozeninov\u00e9 ve\u010de\u0159i mi syn postavil p\u0159ed nos misku se ps\u00edm \u017er\u00e1dlem a zasm\u00e1l se: \u201eTo je te\u010f v\u0161echno, co si zaslou\u017e\u00ed\u0161, mami.\u201c"}]},{"@type":"WebSite","@id":"https:\/\/vendeto.am\/#website","url":"https:\/\/vendeto.am\/","name":"","description":"","potentialAction":[{"@type":"SearchAction","target":{"@type":"EntryPoint","urlTemplate":"https:\/\/vendeto.am\/?s={search_term_string}"},"query-input":{"@type":"PropertyValueSpecification","valueRequired":true,"valueName":"search_term_string"}}],"inLanguage":"ru-RU"},{"@type":"Person","@id":"https:\/\/vendeto.am\/#\/schema\/person\/48a4bd89d2048190ecc61e5ce821bef7","name":"admin","image":{"@type":"ImageObject","inLanguage":"ru-RU","@id":"https:\/\/secure.gravatar.com\/avatar\/df64e550a0653b7be0f1bcf897f33faad9c2c8153472b2d9319beafb51370f6f?s=96&d=mm&r=g","url":"https:\/\/secure.gravatar.com\/avatar\/df64e550a0653b7be0f1bcf897f33faad9c2c8153472b2d9319beafb51370f6f?s=96&d=mm&r=g","contentUrl":"https:\/\/secure.gravatar.com\/avatar\/df64e550a0653b7be0f1bcf897f33faad9c2c8153472b2d9319beafb51370f6f?s=96&d=mm&r=g","caption":"admin"},"sameAs":["http:\/\/vendeto.am"],"url":"https:\/\/vendeto.am\/?author=1"}]}},"_links":{"self":[{"href":"https:\/\/vendeto.am\/index.php?rest_route=\/wp\/v2\/posts\/33115","targetHints":{"allow":["GET"]}}],"collection":[{"href":"https:\/\/vendeto.am\/index.php?rest_route=\/wp\/v2\/posts"}],"about":[{"href":"https:\/\/vendeto.am\/index.php?rest_route=\/wp\/v2\/types\/post"}],"author":[{"embeddable":true,"href":"https:\/\/vendeto.am\/index.php?rest_route=\/wp\/v2\/users\/1"}],"replies":[{"embeddable":true,"href":"https:\/\/vendeto.am\/index.php?rest_route=%2Fwp%2Fv2%2Fcomments&post=33115"}],"version-history":[{"count":1,"href":"https:\/\/vendeto.am\/index.php?rest_route=\/wp\/v2\/posts\/33115\/revisions"}],"predecessor-version":[{"id":33117,"href":"https:\/\/vendeto.am\/index.php?rest_route=\/wp\/v2\/posts\/33115\/revisions\/33117"}],"wp:featuredmedia":[{"embeddable":true,"href":"https:\/\/vendeto.am\/index.php?rest_route=\/wp\/v2\/media\/33116"}],"wp:attachment":[{"href":"https:\/\/vendeto.am\/index.php?rest_route=%2Fwp%2Fv2%2Fmedia&parent=33115"}],"wp:term":[{"taxonomy":"category","embeddable":true,"href":"https:\/\/vendeto.am\/index.php?rest_route=%2Fwp%2Fv2%2Fcategories&post=33115"},{"taxonomy":"post_tag","embeddable":true,"href":"https:\/\/vendeto.am\/index.php?rest_route=%2Fwp%2Fv2%2Ftags&post=33115"}],"curies":[{"name":"wp","href":"https:\/\/api.w.org\/{rel}","templated":true}]}}