{"id":33154,"date":"2026-09-02T21:36:04","date_gmt":"2026-09-02T18:36:04","guid":{"rendered":"https:\/\/vendeto.am\/?p=33154"},"modified":"2026-09-02T21:36:08","modified_gmt":"2026-09-02T18:36:08","slug":"tesila-jsem-se-az-poznam-snoubence-sve-dcery-ale-jediny-pohled-na-nej-vsechno-zmenil-a-ja-vedela-ze-se-tahle-svatba-nesmi-konat-pribeh-dne","status":"publish","type":"post","link":"https:\/\/vendeto.am\/?p=33154","title":{"rendered":"T\u011b\u0161ila jsem se, a\u017e pozn\u00e1m snoubence sv\u00e9 dcery, ale jedin\u00fd pohled na n\u011bj v\u0161echno zm\u011bnil a j\u00e1 v\u011bd\u011bla, \u017ee se tahle svatba nesm\u00ed konat \u2014 P\u0159\u00edb\u011bh dne"},"content":{"rendered":"\n<p class=\"wp-block-paragraph\"><strong>Cel\u00e9 m\u011bs\u00edce jsem si p\u0159edstavovala den, kdy kone\u010dn\u011b pozn\u00e1m snoubence sv\u00e9 dcery a jeho rodi\u010de.<\/strong>V m\u00e9 p\u0159edstav\u011b to m\u011blo b\u00fdt dokonal\u00e9.<\/p>\n\n\n\n<p class=\"wp-block-paragraph\">P\u0159\u00edjemn\u00e1 rodinn\u00e1 ve\u010de\u0159e.<\/p>\n\n\n\n<p class=\"wp-block-paragraph\">Dobr\u00e9 j\u00eddlo.<\/p>\n\n\n\n<p class=\"wp-block-paragraph\">Sm\u00edch.<\/p>\n\n\n\n<p class=\"wp-block-paragraph\">Vzpom\u00ednky na Kiriino d\u011btstv\u00ed.<\/p>\n\n\n\n<p class=\"wp-block-paragraph\">Mo\u017en\u00e1 dokonce za\u010d\u00e1tek bl\u00edzk\u00e9ho vztahu mezi dv\u011bma rodinami, kter\u00e9 se m\u011bly brzy spojit v jednu.<\/p>\n\n\n\n<p class=\"wp-block-paragraph\">Ale v okam\u017eiku, kdy jsem otev\u0159ela vchodov\u00e9 dve\u0159e a uvid\u011bla, kdo za nimi stoj\u00ed, v\u0161echna o\u010dek\u00e1v\u00e1n\u00ed, kter\u00e1 jsem si vytvo\u0159ila, zmizela.<\/p>\n\n\n\n<p class=\"wp-block-paragraph\">A v tu chv\u00edli jsem byla p\u0159esv\u011bd\u010den\u00e1, \u017ee se tahle svatba nesm\u00ed konat.<\/p>\n\n\n\n<p class=\"wp-block-paragraph\">Jmenuji se Jessica.<\/p>\n\n\n\n<p class=\"wp-block-paragraph\">To odpoledne jsem u\u017e n\u011bkolik hodin pob\u00edhala po kuchyni, proto\u017ee Kira kone\u010dn\u011b p\u0159iv\u00e1d\u011bla na ve\u010de\u0159i sv\u00e9ho snoubence Marcuse a jeho rodi\u010de.<\/p>\n\n\n\n<p class=\"wp-block-paragraph\">M\u011bs\u00edce se vyh\u00fdbala tomu, aby n\u00e1s sezn\u00e1mila.<\/p>\n\n\n\n<p class=\"wp-block-paragraph\">Poka\u017ed\u00e9, kdy\u017e jsem se zeptala, m\u011bla n\u011bjakou v\u00fdmluvu.<\/p>\n\n\n\n<p class=\"wp-block-paragraph\">\u201eMaj\u00ed hodn\u011b pr\u00e1ce, mami.\u201c<\/p>\n\n\n\n<p class=\"wp-block-paragraph\">\u201eMo\u017en\u00e1 p\u0159\u00ed\u0161t\u00ed v\u00edkend.\u201c<\/p>\n\n\n\n<p class=\"wp-block-paragraph\">\u201eUd\u011bl\u00e1me to brzy.\u201c<\/p>\n\n\n\n<p class=\"wp-block-paragraph\">Nikdy jsem nech\u00e1pala, pro\u010d po\u0159\u00e1d odkl\u00e1d\u00e1 n\u011bco, co se zd\u00e1lo tak jednoduch\u00e9.<\/p>\n\n\n\n<p class=\"wp-block-paragraph\">Ale te\u010f u\u017e Marcus po\u017e\u00e1dal Kiru o ruku.<\/p>\n\n\n\n<p class=\"wp-block-paragraph\">M\u011bli z\u00e1snubn\u00ed prsten.<\/p>\n\n\n\n<p class=\"wp-block-paragraph\">M\u011bli datum svatby.<\/p>\n\n\n\n<p class=\"wp-block-paragraph\">Tak\u017ee u\u017e se tomu nedalo vyhnout.<\/p>\n\n\n\n<p class=\"wp-block-paragraph\">M\u016fj man\u017eel Bradley sed\u011bl u kuchy\u0148sk\u00e9ho stolu a \u010detl noviny, zat\u00edmco j\u00e1 pob\u00edhala mezi troubou, j\u00eddelnou a lednic\u00ed.<\/p>\n\n\n\n<p class=\"wp-block-paragraph\">\u201eJessico, na p\u011bt minut si sedni,\u201c \u0159ekl.<\/p>\n\n\n\n<p class=\"wp-block-paragraph\">\u201eNem\u016f\u017eu si sednout. Pe\u010den\u011b se po\u0159\u00e1d va\u0159\u00ed, st\u016fl nen\u00ed hotov\u00fd a nem\u016f\u017eu naj\u00edt kv\u011btiny.\u201c<\/p>\n\n\n\n<p class=\"wp-block-paragraph\">Bradley se pro sebe usm\u00e1l a znovu se pono\u0159il do novin.<\/p>\n\n\n\n<p class=\"wp-block-paragraph\">Pak zazvonil zvonek.<\/p>\n\n\n\n<p class=\"wp-block-paragraph\">\u017daludek se mi sev\u0159el.<\/p>\n\n\n\n<figure class=\"wp-block-image is-resized\"><img decoding=\"async\" src=\"https:\/\/chexia.info\/wp-content\/uploads\/2026\/09\/lakeside_wedding_portrait-819x1024.jpg\" alt=\"\" class=\"wp-image-10143\" style=\"aspect-ratio:0.7998046875;width:819px;height:auto\"\/><\/figure>\n\n\n\n<p class=\"wp-block-paragraph\">\u201eJsou tady!\u201c<\/p>\n\n\n\n<p class=\"wp-block-paragraph\">Sundala jsem z\u00e1st\u011bru a hodila ji na kuchy\u0148skou linku.<\/p>\n\n\n\n<p class=\"wp-block-paragraph\">Bradley se vydal ke dve\u0159\u00edm.<\/p>\n\n\n\n<p class=\"wp-block-paragraph\">\u201eOtev\u0159u.\u201c<\/p>\n\n\n\n<p class=\"wp-block-paragraph\">\u201eNe.\u201c<\/p>\n\n\n\n<p class=\"wp-block-paragraph\">Sp\u011bchala jsem za n\u00edm.<\/p>\n\n\n\n<p class=\"wp-block-paragraph\">\u201eM\u011bli bychom je p\u0159iv\u00edtat spole\u010dn\u011b.\u201c<\/p>\n\n\n\n<p class=\"wp-block-paragraph\">Trp\u011bliv\u011b si povzdechl, ale po\u010dkal.<\/p>\n\n\n\n<p class=\"wp-block-paragraph\">Urovnala jsem si \u0161aty, vykouzlila na tv\u00e1\u0159i p\u0159\u00e1telsk\u00fd \u00fasm\u011bv a p\u0159ik\u00fdvla.<\/p>\n\n\n\n<p class=\"wp-block-paragraph\">Bradley otev\u0159el dve\u0159e.<\/p>\n\n\n\n<p class=\"wp-block-paragraph\">Kira tam st\u00e1la a z\u00e1\u0159iv\u011b se usm\u00edvala.<\/p>\n\n\n\n<p class=\"wp-block-paragraph\">Vedle n\u00ed byl Marcus.<\/p>\n\n\n\n<p class=\"wp-block-paragraph\">Za n\u00edm st\u00e1li jeho rodi\u010de.<\/p>\n\n\n\n<p class=\"wp-block-paragraph\">\u00dasm\u011bv mi zmizel z tv\u00e1\u0159e.<\/p>\n\n\n\n<p class=\"wp-block-paragraph\">Marcus a jeho rodina byli \u010derno\u0161i.<\/p>\n\n\n\n<p class=\"wp-block-paragraph\">N\u011bkolik sekund jsem jen z\u00edrala.<\/p>\n\n\n\n<p class=\"wp-block-paragraph\">Nebylo to to, co jsem si p\u0159edstavovala.<\/p>\n\n\n\n<p class=\"wp-block-paragraph\">Vedle m\u011b Bradley ztuhl.<\/p>\n\n\n\n<p class=\"wp-block-paragraph\">\u201eMami?\u201c<\/p>\n\n\n\n<p class=\"wp-block-paragraph\">Kiriin hlas m\u011b vytrhl z p\u0159ekvapen\u00ed.<\/p>\n\n\n\n<p class=\"wp-block-paragraph\">\u201ePust\u00ed\u0161 v\u0161echny dovnit\u0159?\u201c<\/p>\n\n\n\n<p class=\"wp-block-paragraph\">\u201eAno. Samoz\u0159ejm\u011b.\u201c<\/p>\n\n\n\n<p class=\"wp-block-paragraph\">Rychle jsem ustoupila stranou.<\/p>\n\n\n\n<p class=\"wp-block-paragraph\">\u201ePoj\u010fte d\u00e1l.\u201c<\/p>\n\n\n\n<p class=\"wp-block-paragraph\">Vedli jsme v\u0161echny sm\u011brem k j\u00eddeln\u011b, ale ruce se mi za\u010daly t\u0159\u00e1st.<\/p>\n\n\n\n<p class=\"wp-block-paragraph\">My\u0161lenky mi hlavou b\u011b\u017eely p\u0159\u00edli\u0161 rychle.<\/p>\n\n\n\n<p class=\"wp-block-paragraph\">Pot\u0159ebovala jsem s Kirou mluvit o samot\u011b.<\/p>\n\n\n\n<p class=\"wp-block-paragraph\">\u201eZapomn\u011bla jsem n\u011bco v kuchyni,\u201c \u0159ekla jsem. \u201eKiro, poj\u010f mi na chv\u00edli pomoct.\u201c<\/p>\n\n\n\n<p class=\"wp-block-paragraph\">Pak jsem se pod\u00edvala na Bradleyho.<\/p>\n\n\n\n<p class=\"wp-block-paragraph\">\u201eTy taky.\u201c<\/p>\n\n\n\n<p class=\"wp-block-paragraph\">Jakmile se za n\u00e1mi zav\u0159ely dve\u0159e kuchyn\u011b, oto\u010dila jsem se k dce\u0159i.<\/p>\n\n\n\n<p class=\"wp-block-paragraph\">\u201eJe n\u011bco, co jsi n\u00e1m zapomn\u011bla \u0159\u00edct?\u201c<\/p>\n\n\n\n<p class=\"wp-block-paragraph\">Kira se zamra\u010dila.<\/p>\n\n\n\n<p class=\"wp-block-paragraph\">\u201eO \u010dem to mluv\u00ed\u0161?\u201c<\/p>\n\n\n\n<p class=\"wp-block-paragraph\">\u201eMarcus je \u010dernoch.\u201c<\/p>\n\n\n\n<p class=\"wp-block-paragraph\">Jej\u00ed v\u00fdraz okam\u017eit\u011b ztvrdl.<\/p>\n\n\n\n<p class=\"wp-block-paragraph\">\u201eAno, mami. To v\u00edm.\u201c<\/p>\n\n\n\n<p class=\"wp-block-paragraph\">\u201ePro\u010d jsi n\u00e1m to ne\u0159ekla?\u201c<\/p>\n\n\n\n<p class=\"wp-block-paragraph\">\u201eProto\u017ee jsem v\u011bd\u011bla, \u017ee tohle se stane.\u201c<\/p>\n\n\n\n<p class=\"wp-block-paragraph\">Zk\u0159\u00ed\u017eila ruce na prsou.<\/p>\n\n\n\n<p class=\"wp-block-paragraph\">\u201eV\u011bd\u011bla jsem, \u017ee zareaguje\u0161 p\u0159esn\u011b takhle. Marcus je skv\u011bl\u00fd \u010dlov\u011bk. Jeho rodina je laskav\u00e1. Pro\u010d jste je nemohli nejd\u0159\u00edv poznat, ne\u017e za\u010dnete o v\u0161em rozhodovat?\u201c<\/p>\n\n\n\n<p class=\"wp-block-paragraph\">Bradley kone\u010dn\u011b promluvil.<\/p>\n\n\n\n<p class=\"wp-block-paragraph\">\u201eMoje dcera si \u010dernocha br\u00e1t nebude.\u201c<\/p>\n\n\n\n<p class=\"wp-block-paragraph\">Kira vyt\u0159e\u0161tila o\u010di.<\/p>\n\n\n\n<p class=\"wp-block-paragraph\">\u201eTo nen\u00ed tvoje rozhodnut\u00ed.\u201c<\/p>\n\n\n\n<p class=\"wp-block-paragraph\">Hlas se j\u00ed t\u0159\u00e1sl vztekem.<\/p>\n\n\n\n<p class=\"wp-block-paragraph\">\u201eM\u016f\u017eete se oba pros\u00edm chovat jeden ve\u010der norm\u00e1ln\u011b?\u201c<\/p>\n\n\n\n<p class=\"wp-block-paragraph\">Pak ode\u0161la z kuchyn\u011b.<\/p>\n\n\n\n<p class=\"wp-block-paragraph\">Ve\u010de\u0159e byla bolestn\u011b nep\u0159\u00edjemn\u00e1.<\/p>\n\n\n\n<p class=\"wp-block-paragraph\">Kira a Marcus se sna\u017eili udr\u017eovat rozhovor, ale atmosf\u00e9ra byla t\u011b\u017ek\u00e1.<\/p>\n\n\n\n<p class=\"wp-block-paragraph\">J\u00eddla jsem sotva.<\/p>\n\n\n\n<h3 class=\"wp-block-heading\">Pozd\u011bji si Kira p\u0159inesla star\u00e1 rodinn\u00e1 fotoalba a za\u010dala Marcusovi ukazovat fotografie ze sv\u00e9ho d\u011btstv\u00ed.<\/h3>\n\n\n\n<p class=\"wp-block-paragraph\">Sed\u011bli spolu na pohovce a sm\u00e1li se.<\/p>\n\n\n\n<p class=\"wp-block-paragraph\">Z druh\u00e9ho konce m\u00edstnosti jsem je pozorovala.<\/p>\n\n\n\n<p class=\"wp-block-paragraph\">Pak ke mn\u011b p\u0159i\u0161la Marcusova matka Betty.<\/p>\n\n\n\n<p class=\"wp-block-paragraph\">\u201eCo si mysl\u00edte o tom, \u017ee jsou spolu?\u201c zeptala se ti\u0161e.<\/p>\n\n\n\n<p class=\"wp-block-paragraph\">Zav\u00e1hala jsem.<\/p>\n\n\n\n<p class=\"wp-block-paragraph\">\u201eNechci, abyste m\u011b \u0161patn\u011b pochopila.\u201c<\/p>\n\n\n\n<p class=\"wp-block-paragraph\">Sn\u00ed\u017eila jsem hlas.<\/p>\n\n\n\n<p class=\"wp-block-paragraph\">\u201eV\u017edycky jsem si Kiru p\u0159edstavovala s n\u011bk\u00fdm, kdo je j\u00ed podobn\u011bj\u0161\u00ed.\u201c<\/p>\n\n\n\n<p class=\"wp-block-paragraph\">K m\u00e9mu p\u0159ekvapen\u00ed Betty p\u0159ik\u00fdvla.<\/p>\n\n\n\n<p class=\"wp-block-paragraph\">\u201eP\u0159esn\u011b ch\u00e1pu, co mysl\u00edte.\u201c<\/p>\n\n\n\n<p class=\"wp-block-paragraph\">Oto\u010dila jsem se k n\u00ed.<\/p>\n\n\n\n<p class=\"wp-block-paragraph\">\u201eVy ano?\u201c<\/p>\n\n\n\n<p class=\"wp-block-paragraph\">\u201eAni j\u00e1 si nemysl\u00edm, \u017ee by si Marcus m\u011bl vz\u00edt Kiru.\u201c<\/p>\n\n\n\n<p class=\"wp-block-paragraph\">Pod\u00edvala se sm\u011brem k nim.<\/p>\n\n\n\n<p class=\"wp-block-paragraph\">\u201eV\u017edycky jsem si p\u0159edstavovala, \u017ee bude s n\u011bk\u00fdm, kdo bude rozum\u011bt na\u0161\u00ed rodin\u011b a na\u0161im tradic\u00edm.\u201c<\/p>\n\n\n\n<p class=\"wp-block-paragraph\">Poprv\u00e9 za cel\u00fd ve\u010der se mi ulevilo.<\/p>\n\n\n\n<p class=\"wp-block-paragraph\">\u201eVy tomu rozum\u00edte.\u201c<\/p>\n\n\n\n<p class=\"wp-block-paragraph\">Betty se ke mn\u011b naklonila.<\/p>\n\n\n\n<p class=\"wp-block-paragraph\">\u201eNesm\u00edme dopustit, aby se ta svatba konala.\u201c<\/p>\n\n\n\n<p class=\"wp-block-paragraph\">P\u0159ik\u00fdvla jsem.<\/p>\n\n\n\n<p class=\"wp-block-paragraph\">\u201eNe. Nesm\u00edme.\u201c<\/p>\n\n\n\n<p class=\"wp-block-paragraph\">A tak za\u010dalo to nejpodivn\u011bj\u0161\u00ed spojenectv\u00ed m\u00e9ho \u017eivota.<\/p>\n\n\n\n<p class=\"wp-block-paragraph\">Betty i j\u00e1 jsme se p\u0159esv\u011bd\u010dily, \u017ee sv\u00e9 d\u011bti chr\u00e1n\u00edme.<\/p>\n\n\n\n<p class=\"wp-block-paragraph\">Za\u010daly jsme kritizovat v\u0161echno kolem svatby.<\/p>\n\n\n\n<p class=\"wp-block-paragraph\">St\u011b\u017eovala si na Kiriiny \u0161aty a tvrdila, \u017ee nerespektuj\u00ed tradice d\u016fle\u017eit\u00e9 pro Marcusovu rodinu.<\/p>\n\n\n\n<p class=\"wp-block-paragraph\">J\u00e1 jsem napadala Marcuse kv\u016fli menu a tvrdila, \u017ee Kira nebude m\u00edt r\u00e1da j\u00eddlo, kter\u00e9 preferuj\u00ed jeho p\u0159\u00edbuzn\u00ed.<\/p>\n\n\n\n<p class=\"wp-block-paragraph\">Pak p\u0159i\u0161el kostel.<\/p>\n\n\n\n<p class=\"wp-block-paragraph\">Betty cht\u011bla ob\u0159ad v kostele sv\u00e9 rodiny.<\/p>\n\n\n\n<p class=\"wp-block-paragraph\">J\u00e1 ho cht\u011bla v na\u0161em.<\/p>\n\n\n\n<p class=\"wp-block-paragraph\">H\u00e1daly jsme se kv\u016fli hudb\u011b.<\/p>\n\n\n\n<p class=\"wp-block-paragraph\">Seznamu host\u016f.<\/p>\n\n\n\n<p class=\"wp-block-paragraph\">V\u00fdzdob\u011b.<\/p>\n\n\n\n<p class=\"wp-block-paragraph\">Rozm\u00edst\u011bn\u00ed stol\u016f.<\/p>\n\n\n\n<p class=\"wp-block-paragraph\">T\u00e9m\u011b\u0159 v\u0161echno se zm\u011bnilo v h\u00e1dku.<\/p>\n\n\n\n<p class=\"wp-block-paragraph\">Ale nic z toho nem\u011blo \u00fa\u010dinek, jak\u00fd jsme cht\u011bly.<\/p>\n\n\n\n<p class=\"wp-block-paragraph\">Ve skute\u010dnosti platilo, \u017ee \u010d\u00edm v\u00edce jsme do jejich vztahu zasahovaly, t\u00edm v\u00edce se Kira a Marcus sbli\u017eovali.<\/p>\n\n\n\n<p class=\"wp-block-paragraph\">Ka\u017ed\u00fd dal\u0161\u00ed konflikt je jen utvrzoval v tom, \u017ee mus\u00ed st\u00e1t jeden za druh\u00fdm.<\/p>\n\n\n\n<p class=\"wp-block-paragraph\">Nakonec jsme s Betty usoudily, \u017ee h\u00e1dky nesta\u010d\u00ed.<\/p>\n\n\n\n<p class=\"wp-block-paragraph\">Pot\u0159ebovaly jsme jin\u00fd pl\u00e1n.<\/p>\n\n\n\n<p class=\"wp-block-paragraph\">Za\u0159\u00eddila jsem n\u011bco, \u010demu jsem \u0159\u00edkala nevinn\u00fd ob\u011bd mezi Kirou a synem jednoho z m\u00fdch koleg\u016f.<\/p>\n\n\n\n<p class=\"wp-block-paragraph\">Byl zdvo\u0159il\u00fd, \u00fasp\u011b\u0161n\u00fd a poch\u00e1zel z rodiny, kterou jsem pova\u017eovala za slu\u0161nou.<\/p>\n\n\n\n<p class=\"wp-block-paragraph\">Betty z\u00e1rove\u0148 za\u0159\u00eddila, aby se Marcus setkal s mladou \u017eenou ze sv\u00e9ho kostela.<\/p>\n\n\n\n<p class=\"wp-block-paragraph\">Ani jedna z n\u00e1s tomu ne\u0159\u00edkala rande.<\/p>\n\n\n\n<p class=\"wp-block-paragraph\">To by toti\u017e na\u0161e \u00famysly p\u0159\u00edli\u0161 prozradilo.<\/p>\n\n\n\n<p class=\"wp-block-paragraph\">Jednodu\u0161e jsme zmanipulovaly okolnosti tak, aby se Kira a Marcus na t\u011bch setk\u00e1n\u00edch objevili.<\/p>\n\n\n\n<p class=\"wp-block-paragraph\">Dopadlo to katastrof\u00e1ln\u011b.<\/p>\n\n\n\n<p class=\"wp-block-paragraph\">Toho ve\u010dera jsme s Bradleym jeli k Betty a jej\u00edmu man\u017eelovi Rodovi.<\/p>\n\n\n\n<p class=\"wp-block-paragraph\">Zat\u00edmco jsme s Betty \u0161eptem prob\u00edraly n\u00e1\u0161 pl\u00e1n, v\u0161imla jsem si Bradleyho a Roda, jak spolu sed\u00ed p\u0159ed televiz\u00ed.<\/p>\n\n\n\n<p class=\"wp-block-paragraph\">Pili pivo a sm\u00e1li se u fotbalov\u00e9ho z\u00e1pasu.<\/p>\n\n\n\n<p class=\"wp-block-paragraph\">Pozd\u011bji jsem si vzala Bradleyho stranou.<\/p>\n\n\n\n<p class=\"wp-block-paragraph\">\u201eCo p\u0159esn\u011b d\u011bl\u00e1\u0161?\u201c<\/p>\n\n\n\n<p class=\"wp-block-paragraph\">Vypadal zmaten\u011b.<\/p>\n\n\n\n<p class=\"wp-block-paragraph\">\u201eD\u00edv\u00e1m se na z\u00e1pas.\u201c<\/p>\n\n\n\n<p class=\"wp-block-paragraph\">\u201eM\u011bl bys m\u011b podporovat.\u201c<\/p>\n\n\n\n<p class=\"wp-block-paragraph\">\u201ePodporuju.\u201c<\/p>\n\n\n\n<p class=\"wp-block-paragraph\">Napil se.<\/p>\n\n\n\n<p class=\"wp-block-paragraph\">\u201eAle Rod je dobr\u00fd chlap.\u201c<\/p>\n\n\n\n<p class=\"wp-block-paragraph\">Z\u00edrala jsem na n\u011bj.<\/p>\n\n\n\n<p class=\"wp-block-paragraph\">Ne\u017e jsem sta\u010dila odpov\u011bd\u011bt, vchodov\u00e9 dve\u0159e se prudce zabouchly.<\/p>\n\n\n\n<p class=\"wp-block-paragraph\">Chodbou se rozlehly t\u011b\u017ek\u00e9 kroky.<\/p>\n\n\n\n<p class=\"wp-block-paragraph\">Kira a Marcus vtrhli do ob\u00fdvac\u00edho pokoje.<\/p>\n\n\n\n<p class=\"wp-block-paragraph\">Oba byli rozzu\u0159en\u00ed.<\/p>\n\n\n\n<p class=\"wp-block-paragraph\">\u201e\u00dapln\u011b jste se v\u0161ichni zbl\u00e1znili?\u201c vyk\u0159ikl Marcus.<\/p>\n\n\n\n<p class=\"wp-block-paragraph\">Kira se pod\u00edvala p\u0159\u00edmo na m\u011b.<\/p>\n\n\n\n<p class=\"wp-block-paragraph\">\u201eNa\u0161e svatba je za t\u00fdden a ty jsi mi domluvila sch\u016fzku s jin\u00fdm mu\u017eem?\u201c<\/p>\n\n\n\n<p class=\"wp-block-paragraph\">Otev\u0159ela jsem \u00fasta.<\/p>\n\n\n\n<p class=\"wp-block-paragraph\">Betty odpov\u011bd\u011bla jako prvn\u00ed.<\/p>\n\n\n\n<p class=\"wp-block-paragraph\">\u201eChceme jen to nejlep\u0161\u00ed pro v\u00e1s oba.\u201c<\/p>\n\n\n\n<p class=\"wp-block-paragraph\">Kira se ho\u0159ce zasm\u00e1la.<\/p>\n\n\n\n<p class=\"wp-block-paragraph\">\u201eLhali jste n\u00e1m. Oklamali jste n\u00e1s. Pon\u00ed\u017eili jste n\u00e1s.\u201c<\/p>\n\n\n\n<p class=\"wp-block-paragraph\">Sna\u017eila jsem se z\u016fstat klidn\u00e1.<\/p>\n\n\n\n<p class=\"wp-block-paragraph\">\u201eJen si mysl\u00edm, \u017ee oba m\u016f\u017eete naj\u00edt n\u011bkoho, s k\u00fdm budete kompatibiln\u011bj\u0161\u00ed.\u201c<\/p>\n\n\n\n<p class=\"wp-block-paragraph\">Kira cel\u00e9 t\u011blo ztuhlo.<\/p>\n\n\n\n<p class=\"wp-block-paragraph\">\u201eJe mi jedno, jakou m\u00e1 Marcus barvu pleti.\u201c<\/p>\n\n\n\n<p class=\"wp-block-paragraph\">Hlas se j\u00ed zlomil emocemi.<\/p>\n\n\n\n<p class=\"wp-block-paragraph\">\u201eMiluju ho. Vezmu si ho, proto\u017ee je to \u010dlov\u011bk, se kter\u00fdm chci str\u00e1vit cel\u00fd sv\u016fj \u017eivot.\u201c<\/p>\n\n\n\n<p class=\"wp-block-paragraph\">Marcus se postavil vedle n\u00ed.<\/p>\n\n\n\n<p class=\"wp-block-paragraph\">\u201eA j\u00e1 miluju Kiru. Nechci nikoho jin\u00e9ho.\u201c<\/p>\n\n\n\n<p class=\"wp-block-paragraph\">Betty a j\u00e1 jsme se na sebe pod\u00edvaly.<\/p>\n\n\n\n<p class=\"wp-block-paragraph\">Poprv\u00e9 jsme nem\u011bly odpov\u011b\u010f.<\/p>\n\n\n\n<p class=\"wp-block-paragraph\">\u201eSna\u017eily jsme se ud\u011blat to, o \u010dem jsme v\u011b\u0159ily, \u017ee je spr\u00e1vn\u00e9,\u201c \u0159ekla jsem nakonec.<\/p>\n\n\n\n<p class=\"wp-block-paragraph\">Betty p\u0159ik\u00fdvla.<\/p>\n\n\n\n<p class=\"wp-block-paragraph\">\u201eP\u0159esn\u011b.\u201c<\/p>\n\n\n\n<p class=\"wp-block-paragraph\">Kira zavrt\u011bla hlavou.<\/p>\n\n\n\n<p class=\"wp-block-paragraph\">\u201eTo si po\u0159\u00e1d \u0159\u00edk\u00e1te.\u201c<\/p>\n\n\n\n<p class=\"wp-block-paragraph\">Pak se pod\u00edvala mezi n\u00e1s.<\/p>\n\n\n\n<p class=\"wp-block-paragraph\">\u201eOb\u011b po\u0159\u00e1d mluv\u00edte o tom, jak jsme s Marcusem p\u0159\u00edli\u0161 odli\u0161n\u00ed na to, abychom pat\u0159ili k sob\u011b.\u201c<\/p>\n\n\n\n<p class=\"wp-block-paragraph\">Ho\u0159ce se zasm\u00e1la.<\/p>\n\n\n\n<p class=\"wp-block-paragraph\">\u201eAle pod\u00edvejte se na v\u00e1s dv\u011b.\u201c<\/p>\n\n\n\n<p class=\"wp-block-paragraph\">Betty se zamra\u010dila.<\/p>\n\n\n\n<p class=\"wp-block-paragraph\">\u201eCo t\u00edm mysl\u00ed\u0161?\u201c<\/p>\n\n\n\n<p class=\"wp-block-paragraph\">\u201eZnamen\u00e1 to, \u017ee jste prakticky stejn\u00e9.\u201c<\/p>\n\n\n\n<h3 class=\"wp-block-heading\">Kira na n\u00e1s uk\u00e1zala.<\/h3>\n\n\n\n<p class=\"wp-block-paragraph\">\u201eOb\u011b jste tvrdohlav\u00e9. Ob\u011b se pletete do v\u0161eho. Ob\u011b manipulujete lidmi, kdy\u017e nen\u00ed po va\u0161em. Mami, posledn\u00ed dobou jsi pravd\u011bpodobn\u011b str\u00e1vila v\u00edc \u010dasu pov\u00edd\u00e1n\u00edm s Betty ne\u017e s kteroukoli ze sv\u00fdch skute\u010dn\u00fdch kamar\u00e1dek.\u201c<\/p>\n\n\n\n<p class=\"wp-block-paragraph\">Za\u010dala jsem odpov\u00eddat.<\/p>\n\n\n\n<p class=\"wp-block-paragraph\">\u201eTy tomu nerozum\u00ed\u0161\u2014\u201c<\/p>\n\n\n\n<p class=\"wp-block-paragraph\">\u201eNe, mami. Ty tomu nerozum\u00ed\u0161.\u201c<\/p>\n\n\n\n<p class=\"wp-block-paragraph\">Kiriin hlas zes\u00edlil.<\/p>\n\n\n\n<p class=\"wp-block-paragraph\">\u201eJ\u00e1 si Marcuse vezmu.\u201c<\/p>\n\n\n\n<p class=\"wp-block-paragraph\">Chytila ho za ruku.<\/p>\n\n\n\n<p class=\"wp-block-paragraph\">\u201eM\u016f\u017ee\u0161 to p\u0159ijmout, nebo se m\u016f\u017ee\u0161 dr\u017eet stranou.\u201c<\/p>\n\n\n\n<p class=\"wp-block-paragraph\">Pak se pod\u00edvala sm\u011brem k pohovce.<\/p>\n\n\n\n<p class=\"wp-block-paragraph\">Bradley a Rod tam st\u00e1le sed\u011bli.<\/p>\n\n\n\n<p class=\"wp-block-paragraph\">\u201eDokonce i t\u00e1ta pije pivo s Marcusov\u00fdm otcem, jako by se znali roky.\u201c<\/p>\n\n\n\n<p class=\"wp-block-paragraph\">Bradley rozpa\u010dit\u011b zvedl l\u00e1hev.<\/p>\n\n\n\n<p class=\"wp-block-paragraph\">Kira se znovu pod\u00edvala na m\u011b.<\/p>\n\n\n\n<p class=\"wp-block-paragraph\">\u201eKdy\u017e to dok\u00e1\u017ee p\u0159ekousnout t\u00e1ta, pro\u010d to nedok\u00e1\u017ee\u0161 ty?\u201c<\/p>\n\n\n\n<p class=\"wp-block-paragraph\">Nem\u011bla jsem odpov\u011b\u010f.<\/p>\n\n\n\n<p class=\"wp-block-paragraph\">Pak pronesla v\u011btu, kter\u00e1 kone\u010dn\u011b prolomila mou p\u00fdchu.<\/p>\n\n\n\n<p class=\"wp-block-paragraph\">\u201eJestli n\u00e1s nedok\u00e1\u017ee\u0161 p\u0159ijmout, necho\u010f na svatbu.\u201c<\/p>\n\n\n\n<p class=\"wp-block-paragraph\">Marcus se pod\u00edval na Betty.<\/p>\n\n\n\n<p class=\"wp-block-paragraph\">\u201eTo plat\u00ed i pro tebe, mami.\u201c<\/p>\n\n\n\n<p class=\"wp-block-paragraph\">Ode\u0161li.<\/p>\n\n\n\n<p class=\"wp-block-paragraph\">V dom\u011b zavl\u00e1dlo ticho.<\/p>\n\n\n\n<p class=\"wp-block-paragraph\">Bradley pomalu vypnul televizi.<\/p>\n\n\n\n<p class=\"wp-block-paragraph\">Pak vstal.<\/p>\n\n\n\n<p class=\"wp-block-paragraph\">\u201eJe \u010das j\u00edt.\u201c<\/p>\n\n\n\n<p class=\"wp-block-paragraph\">Kdy\u017e se na m\u011b pod\u00edval, okam\u017eit\u011b jsem pochopila, co c\u00edt\u00ed.<\/p>\n\n\n\n<p class=\"wp-block-paragraph\">Zklam\u00e1n\u00ed.<\/p>\n\n\n\n<p class=\"wp-block-paragraph\">Ale ne z Kiry.<\/p>\n\n\n\n<p class=\"wp-block-paragraph\">Ze m\u011b.<\/p>\n\n\n\n<p class=\"wp-block-paragraph\">B\u011bhem n\u00e1sleduj\u00edc\u00edho t\u00fddne jsem dce\u0159i n\u011bkolikr\u00e1t volala.<\/p>\n\n\n\n<p class=\"wp-block-paragraph\">Pos\u00edlala jsem j\u00ed zpr\u00e1vy.<\/p>\n\n\n\n<p class=\"wp-block-paragraph\">Neodpov\u00eddala.<\/p>\n\n\n\n<p class=\"wp-block-paragraph\">Ka\u017ed\u00fd den bylo ticho t\u011b\u017e\u0161\u00ed.<\/p>\n\n\n\n<p class=\"wp-block-paragraph\">Pak p\u0159i\u0161el ve\u010der zkou\u0161ky svatebn\u00edho ob\u0159adu.<\/p>\n\n\n\n<p class=\"wp-block-paragraph\">Ve\u0161la jsem do na\u0161\u00ed lo\u017enice a na\u0161la Bradleyho, jak si uvazuje kravatu.<\/p>\n\n\n\n<p class=\"wp-block-paragraph\">\u201eKam jde\u0161?\u201c<\/p>\n\n\n\n<p class=\"wp-block-paragraph\">\u201eNa zkou\u0161ku svatby.\u201c<\/p>\n\n\n\n<p class=\"wp-block-paragraph\">\u201eNem\u016f\u017ee\u0161 j\u00edt.\u201c<\/p>\n\n\n\n<p class=\"wp-block-paragraph\">Oto\u010dil se ke mn\u011b.<\/p>\n\n\n\n<p class=\"wp-block-paragraph\">Jeho v\u00fdraz byl klidn\u00fd.<\/p>\n\n\n\n<p class=\"wp-block-paragraph\">\u201eMoje jedin\u00e1 dcera se vd\u00e1v\u00e1.\u201c<\/p>\n\n\n\n<p class=\"wp-block-paragraph\">Upravil si l\u00edmec.<\/p>\n\n\n\n<p class=\"wp-block-paragraph\">\u201eNenech\u00e1m si to uj\u00edt jen proto, \u017ee se zlob\u00ed\u0161.\u201c<\/p>\n\n\n\n<p class=\"wp-block-paragraph\">Pak ode\u0161el.<\/p>\n\n\n\n<p class=\"wp-block-paragraph\">Z\u016fstala jsem sama v lo\u017enici.<\/p>\n\n\n\n<h3 class=\"wp-block-heading\">N\u011bjakou dobu jsem se sna\u017eila p\u0159esv\u011bd\u010dovat, \u017ee m\u00e1m st\u00e1le pravdu.<\/h3>\n\n\n\n<p class=\"wp-block-paragraph\">Nakonec jsem si ale vzala kab\u00e1t.<\/p>\n\n\n\n<p class=\"wp-block-paragraph\">Odjela jsem autem do restaurace.<\/p>\n\n\n\n<p class=\"wp-block-paragraph\">Nevstoupila jsem dovnit\u0159.<\/p>\n\n\n\n<p class=\"wp-block-paragraph\">M\u00edsto toho jsem st\u00e1la venku p\u0159ed oknem a d\u00edvala se.<\/p>\n\n\n\n<p class=\"wp-block-paragraph\">Kira p\u0159ech\u00e1zela od stolu ke stolu vedle Marcuse.<\/p>\n\n\n\n<p class=\"wp-block-paragraph\">Usm\u00edvali se.<\/p>\n\n\n\n<p class=\"wp-block-paragraph\">Sm\u00e1li se.<\/p>\n\n\n\n<p class=\"wp-block-paragraph\">Byli naprosto \u0161\u0165astn\u00ed.<\/p>\n\n\n\n<p class=\"wp-block-paragraph\">Pak vedle m\u011b n\u011bkdo promluvil.<\/p>\n\n\n\n<p class=\"wp-block-paragraph\">\u201eTaky jsi nedok\u00e1zala z\u016fstat doma?\u201c<\/p>\n\n\n\n<p class=\"wp-block-paragraph\">Oto\u010dila jsem se.<\/p>\n\n\n\n<p class=\"wp-block-paragraph\">Betty tam st\u00e1la se zalo\u017een\u00fdma rukama.<\/p>\n\n\n\n<p class=\"wp-block-paragraph\">N\u011bkolik sekund jsme ml\u010dely.<\/p>\n\n\n\n<p class=\"wp-block-paragraph\">Pak si povzdechla.<\/p>\n\n\n\n<p class=\"wp-block-paragraph\">\u201eSna\u017e\u00edm se omluvit.\u201c<\/p>\n\n\n\n<p class=\"wp-block-paragraph\">Pod\u00edvala jsem se zp\u011bt oknem dovnit\u0159.<\/p>\n\n\n\n<p class=\"wp-block-paragraph\">\u201eJ\u00e1 taky.\u201c<\/p>\n\n\n\n<p class=\"wp-block-paragraph\">\u201eJsou po\u0159\u00e1d obklopeni lidmi.\u201c<\/p>\n\n\n\n<p class=\"wp-block-paragraph\">\u201eTak mo\u017en\u00e1 dnes ve\u010der nen\u00ed ten spr\u00e1vn\u00fd \u010das.\u201c<\/p>\n\n\n\n<p class=\"wp-block-paragraph\">Betty neochotn\u011b p\u0159ik\u00fdvla.<\/p>\n\n\n\n<p class=\"wp-block-paragraph\">\u201eM\u011bli bychom je nechat, a\u0165 si ve\u010der u\u017eij\u00ed.\u201c<\/p>\n\n\n\n<p class=\"wp-block-paragraph\">Je\u0161t\u011b chv\u00edli se d\u00edvala na Marcuse.<\/p>\n\n\n\n<p class=\"wp-block-paragraph\">\u201eAle nakonec mi mus\u00ed odpustit. Chci m\u00edt mo\u017enost v\u00eddat sv\u00e9ho budouc\u00edho vnuka.\u201c<\/p>\n\n\n\n<p class=\"wp-block-paragraph\">Okam\u017eit\u011b jsem se na ni pod\u00edvala.<\/p>\n\n\n\n<p class=\"wp-block-paragraph\">\u201eVnu\u010dku.\u201c<\/p>\n\n\n\n<p class=\"wp-block-paragraph\">Betty se zamra\u010dila.<\/p>\n\n\n\n<p class=\"wp-block-paragraph\">\u201eCo\u017ee?\u201c<\/p>\n\n\n\n<p class=\"wp-block-paragraph\">\u201eV na\u0161\u00ed rodin\u011b je prvn\u00ed d\u00edt\u011b v\u017edycky hol\u010di\u010dka.\u201c<\/p>\n\n\n\n<p class=\"wp-block-paragraph\">Odfrkla si.<\/p>\n\n\n\n<p class=\"wp-block-paragraph\">\u201eNo, u n\u00e1s je to v\u017edycky kluk.\u201c<\/p>\n\n\n\n<p class=\"wp-block-paragraph\">Z\u00edrala jsem na ni.<\/p>\n\n\n\n<p class=\"wp-block-paragraph\">Ona z\u00edrala na m\u011b.<\/p>\n\n\n\n<p class=\"wp-block-paragraph\">A pak jsem se poprv\u00e9 po n\u011bkolika t\u00fddnech za\u010dala sm\u00e1t.<\/p>\n\n\n\n<p class=\"wp-block-paragraph\">Betty se p\u0159idala.<\/p>\n\n\n\n<p class=\"wp-block-paragraph\">St\u00e1ly jsme tam \u2014 dv\u011b \u017eeny, kter\u00e9 m\u00e1lem zni\u010dily svatbu sv\u00fdch d\u011bt\u00ed, proto\u017ee jsme v\u011b\u0159ily, \u017ee jejich rodiny jsou p\u0159\u00edli\u0161 odli\u0161n\u00e9.<\/p>\n\n\n\n<p class=\"wp-block-paragraph\">A te\u010f u\u017e jsme se h\u00e1daly o vnou\u010datech, kter\u00e1 je\u0161t\u011b ani neexistovala.<\/p>\n\n\n\n<p class=\"wp-block-paragraph\">Zavrt\u011bla jsem hlavou.<\/p>\n\n\n\n<p class=\"wp-block-paragraph\">\u201eJako tchyn\u011b se navz\u00e1jem p\u0159ivedeme k \u0161\u00edlenstv\u00ed.\u201c<\/p>\n\n\n\n<p class=\"wp-block-paragraph\">\u201eRozhodn\u011b,\u201c zamumlala Betty.<\/p>\n\n\n\n<p class=\"wp-block-paragraph\">Pak jej\u00ed v\u00fdraz zjemn\u011bl.<\/p>\n\n\n\n<p class=\"wp-block-paragraph\">Pod\u00edvala se oknem na Kiru a Marcuse.<\/p>\n\n\n\n<p class=\"wp-block-paragraph\">\u201eAle jestli jsou \u0161\u0165astn\u00ed, tak na tom asi z\u00e1le\u017e\u00ed.\u201c<\/p>\n\n\n\n<p class=\"wp-block-paragraph\">Sledovala jsem jej\u00ed pohled.<\/p>\n\n\n\n<p class=\"wp-block-paragraph\">Moje dcera se sm\u00e1la s mu\u017eem, kter\u00e9ho milovala.<\/p>\n\n\n\n<p class=\"wp-block-paragraph\">Vypadala \u0161\u0165astn\u011bj\u0161\u00ed ne\u017e za posledn\u00ed roky.<\/p>\n\n\n\n<p class=\"wp-block-paragraph\">A poprv\u00e9 jsem m\u00edsto toho, abych se soust\u0159edila na to, \u010d\u00edm se Marcus li\u0161il od \u010dlov\u011bka, kter\u00e9ho jsem si pro ni p\u0159edstavovala, uvid\u011bla to, na \u010dem skute\u010dn\u011b z\u00e1le\u017eelo.<\/p>\n\n\n\n<p class=\"wp-block-paragraph\">Miloval mou dceru.<\/p>\n\n\n\n<p class=\"wp-block-paragraph\">A ona milovala jeho.<\/p>\n\n\n\n<p class=\"wp-block-paragraph\">Pomalu jsem p\u0159ik\u00fdvla.<\/p>\n\n\n\n<p class=\"wp-block-paragraph\">\u201eAno,\u201c \u0159ekla jsem.<\/p>\n\n\n\n<p class=\"wp-block-paragraph\">\u201eNa tom z\u00e1le\u017e\u00ed.\u201c<\/p>\n\n\n\n<p class=\"wp-block-paragraph\"><\/p>\n","protected":false},"excerpt":{"rendered":"Cel\u00e9 m\u011bs\u00edce jsem si p\u0159edstavovala den, kdy kone\u010dn\u011b pozn\u00e1m snoubence sv\u00e9 dcery a jeho rodi\u010de.V m\u00e9 p\u0159edstav\u011b to m\u011blo b\u00fdt dokonal\u00e9. P\u0159\u00edjemn\u00e1 rodinn\u00e1 \n<a class=\"moretag\" href=\"https:\/\/vendeto.am\/?p=33154\"> [...]<\/a>","protected":false},"author":1,"featured_media":33155,"comment_status":"open","ping_status":"open","sticky":false,"template":"","format":"standard","meta":{"footnotes":""},"categories":[2],"tags":[],"class_list":["post-33154","post","type-post","status-publish","format-standard","has-post-thumbnail","hentry","category-sport"],"yoast_head":"<!-- This site is optimized with the Yoast SEO plugin v28.4 - https:\/\/yoast.com\/product\/yoast-seo-wordpress\/ -->\n<title>T\u011b\u0161ila jsem se, a\u017e pozn\u00e1m snoubence sv\u00e9 dcery, ale jedin\u00fd pohled na n\u011bj v\u0161echno zm\u011bnil a j\u00e1 v\u011bd\u011bla, \u017ee se tahle svatba nesm\u00ed konat \u2014 P\u0159\u00edb\u011bh dne -<\/title>\n<meta name=\"robots\" content=\"index, follow, max-snippet:-1, max-image-preview:large, max-video-preview:-1\" \/>\n<link rel=\"canonical\" href=\"https:\/\/vendeto.am\/?p=33154\" \/>\n<meta property=\"og:locale\" content=\"ru_RU\" \/>\n<meta property=\"og:type\" content=\"article\" \/>\n<meta property=\"og:title\" content=\"T\u011b\u0161ila jsem se, a\u017e pozn\u00e1m snoubence sv\u00e9 dcery, ale jedin\u00fd pohled na n\u011bj v\u0161echno zm\u011bnil a j\u00e1 v\u011bd\u011bla, \u017ee se tahle svatba nesm\u00ed konat \u2014 P\u0159\u00edb\u011bh dne -\" \/>\n<meta property=\"og:description\" content=\"Cel\u00e9 m\u011bs\u00edce jsem si p\u0159edstavovala den, kdy kone\u010dn\u011b pozn\u00e1m snoubence sv\u00e9 dcery a jeho rodi\u010de.V m\u00e9 p\u0159edstav\u011b to m\u011blo b\u00fdt dokonal\u00e9. P\u0159\u00edjemn\u00e1 rodinn\u00e1\" \/>\n<meta property=\"og:url\" content=\"https:\/\/vendeto.am\/?p=33154\" \/>\n<meta property=\"article:published_time\" content=\"2026-09-02T18:36:04+00:00\" \/>\n<meta property=\"article:modified_time\" content=\"2026-09-02T18:36:08+00:00\" \/>\n<meta property=\"og:image\" content=\"https:\/\/vendeto.am\/wp-content\/uploads\/2026\/09\/lakeside_wedding_portrait.jpg\" \/>\n\t<meta property=\"og:image:width\" content=\"1408\" \/>\n\t<meta property=\"og:image:height\" content=\"1760\" \/>\n\t<meta property=\"og:image:type\" content=\"image\/jpeg\" \/>\n<meta name=\"author\" content=\"admin\" \/>\n<meta name=\"twitter:card\" content=\"summary_large_image\" \/>\n<meta name=\"twitter:label1\" content=\"\u041d\u0430\u043f\u0438\u0441\u0430\u043d\u043e \u0430\u0432\u0442\u043e\u0440\u043e\u043c\" \/>\n\t<meta name=\"twitter:data1\" content=\"admin\" \/>\n\t<meta name=\"twitter:label2\" content=\"\u041f\u0440\u0438\u043c\u0435\u0440\u043d\u043e\u0435 \u0432\u0440\u0435\u043c\u044f \u0434\u043b\u044f \u0447\u0442\u0435\u043d\u0438\u044f\" \/>\n\t<meta name=\"twitter:data2\" content=\"10 \u043c\u0438\u043d\u0443\u0442\" \/>\n<script type=\"application\/ld+json\" class=\"yoast-schema-graph\">{\"@context\":\"https:\\\/\\\/schema.org\",\"@graph\":[{\"@type\":\"Article\",\"@id\":\"https:\\\/\\\/vendeto.am\\\/?p=33154#article\",\"isPartOf\":{\"@id\":\"https:\\\/\\\/vendeto.am\\\/?p=33154\"},\"author\":{\"name\":\"admin\",\"@id\":\"https:\\\/\\\/vendeto.am\\\/#\\\/schema\\\/person\\\/48a4bd89d2048190ecc61e5ce821bef7\"},\"headline\":\"T\u011b\u0161ila jsem se, a\u017e pozn\u00e1m snoubence sv\u00e9 dcery, ale jedin\u00fd pohled na n\u011bj v\u0161echno zm\u011bnil a j\u00e1 v\u011bd\u011bla, \u017ee se tahle svatba nesm\u00ed konat \u2014 P\u0159\u00edb\u011bh dne\",\"datePublished\":\"2026-09-02T18:36:04+00:00\",\"dateModified\":\"2026-09-02T18:36:08+00:00\",\"mainEntityOfPage\":{\"@id\":\"https:\\\/\\\/vendeto.am\\\/?p=33154\"},\"wordCount\":2296,\"commentCount\":0,\"image\":{\"@id\":\"https:\\\/\\\/vendeto.am\\\/?p=33154#primaryimage\"},\"thumbnailUrl\":\"https:\\\/\\\/vendeto.am\\\/wp-content\\\/uploads\\\/2026\\\/09\\\/lakeside_wedding_portrait.jpg\",\"articleSection\":[\"SPORT\"],\"inLanguage\":\"ru-RU\",\"potentialAction\":[{\"@type\":\"CommentAction\",\"name\":\"Comment\",\"target\":[\"https:\\\/\\\/vendeto.am\\\/?p=33154#respond\"]}]},{\"@type\":\"WebPage\",\"@id\":\"https:\\\/\\\/vendeto.am\\\/?p=33154\",\"url\":\"https:\\\/\\\/vendeto.am\\\/?p=33154\",\"name\":\"T\u011b\u0161ila jsem se, a\u017e pozn\u00e1m snoubence sv\u00e9 dcery, ale jedin\u00fd pohled na n\u011bj v\u0161echno zm\u011bnil a j\u00e1 v\u011bd\u011bla, \u017ee se tahle svatba nesm\u00ed konat \u2014 P\u0159\u00edb\u011bh dne -\",\"isPartOf\":{\"@id\":\"https:\\\/\\\/vendeto.am\\\/#website\"},\"primaryImageOfPage\":{\"@id\":\"https:\\\/\\\/vendeto.am\\\/?p=33154#primaryimage\"},\"image\":{\"@id\":\"https:\\\/\\\/vendeto.am\\\/?p=33154#primaryimage\"},\"thumbnailUrl\":\"https:\\\/\\\/vendeto.am\\\/wp-content\\\/uploads\\\/2026\\\/09\\\/lakeside_wedding_portrait.jpg\",\"datePublished\":\"2026-09-02T18:36:04+00:00\",\"dateModified\":\"2026-09-02T18:36:08+00:00\",\"author\":{\"@id\":\"https:\\\/\\\/vendeto.am\\\/#\\\/schema\\\/person\\\/48a4bd89d2048190ecc61e5ce821bef7\"},\"breadcrumb\":{\"@id\":\"https:\\\/\\\/vendeto.am\\\/?p=33154#breadcrumb\"},\"inLanguage\":\"ru-RU\",\"potentialAction\":[{\"@type\":\"ReadAction\",\"target\":[\"https:\\\/\\\/vendeto.am\\\/?p=33154\"]}]},{\"@type\":\"ImageObject\",\"inLanguage\":\"ru-RU\",\"@id\":\"https:\\\/\\\/vendeto.am\\\/?p=33154#primaryimage\",\"url\":\"https:\\\/\\\/vendeto.am\\\/wp-content\\\/uploads\\\/2026\\\/09\\\/lakeside_wedding_portrait.jpg\",\"contentUrl\":\"https:\\\/\\\/vendeto.am\\\/wp-content\\\/uploads\\\/2026\\\/09\\\/lakeside_wedding_portrait.jpg\",\"width\":1408,\"height\":1760},{\"@type\":\"BreadcrumbList\",\"@id\":\"https:\\\/\\\/vendeto.am\\\/?p=33154#breadcrumb\",\"itemListElement\":[{\"@type\":\"ListItem\",\"position\":1,\"name\":\"\u0413\u043b\u0430\u0432\u043d\u0430\u044f \u0441\u0442\u0440\u0430\u043d\u0438\u0446\u0430\",\"item\":\"https:\\\/\\\/vendeto.am\\\/\"},{\"@type\":\"ListItem\",\"position\":2,\"name\":\"T\u011b\u0161ila jsem se, a\u017e pozn\u00e1m snoubence sv\u00e9 dcery, ale jedin\u00fd pohled na n\u011bj v\u0161echno zm\u011bnil a j\u00e1 v\u011bd\u011bla, \u017ee se tahle svatba nesm\u00ed konat \u2014 P\u0159\u00edb\u011bh dne\"}]},{\"@type\":\"WebSite\",\"@id\":\"https:\\\/\\\/vendeto.am\\\/#website\",\"url\":\"https:\\\/\\\/vendeto.am\\\/\",\"name\":\"\",\"description\":\"\",\"potentialAction\":[{\"@type\":\"SearchAction\",\"target\":{\"@type\":\"EntryPoint\",\"urlTemplate\":\"https:\\\/\\\/vendeto.am\\\/?s={search_term_string}\"},\"query-input\":{\"@type\":\"PropertyValueSpecification\",\"valueRequired\":true,\"valueName\":\"search_term_string\"}}],\"inLanguage\":\"ru-RU\"},{\"@type\":\"Person\",\"@id\":\"https:\\\/\\\/vendeto.am\\\/#\\\/schema\\\/person\\\/48a4bd89d2048190ecc61e5ce821bef7\",\"name\":\"admin\",\"image\":{\"@type\":\"ImageObject\",\"inLanguage\":\"ru-RU\",\"@id\":\"https:\\\/\\\/secure.gravatar.com\\\/avatar\\\/df64e550a0653b7be0f1bcf897f33faad9c2c8153472b2d9319beafb51370f6f?s=96&d=mm&r=g\",\"url\":\"https:\\\/\\\/secure.gravatar.com\\\/avatar\\\/df64e550a0653b7be0f1bcf897f33faad9c2c8153472b2d9319beafb51370f6f?s=96&d=mm&r=g\",\"contentUrl\":\"https:\\\/\\\/secure.gravatar.com\\\/avatar\\\/df64e550a0653b7be0f1bcf897f33faad9c2c8153472b2d9319beafb51370f6f?s=96&d=mm&r=g\",\"caption\":\"admin\"},\"sameAs\":[\"http:\\\/\\\/vendeto.am\"],\"url\":\"https:\\\/\\\/vendeto.am\\\/?author=1\"}]}<\/script>\n<!-- \/ Yoast SEO plugin. -->","yoast_head_json":{"title":"T\u011b\u0161ila jsem se, a\u017e pozn\u00e1m snoubence sv\u00e9 dcery, ale jedin\u00fd pohled na n\u011bj v\u0161echno zm\u011bnil a j\u00e1 v\u011bd\u011bla, \u017ee se tahle svatba nesm\u00ed konat \u2014 P\u0159\u00edb\u011bh dne -","robots":{"index":"index","follow":"follow","max-snippet":"max-snippet:-1","max-image-preview":"max-image-preview:large","max-video-preview":"max-video-preview:-1"},"canonical":"https:\/\/vendeto.am\/?p=33154","og_locale":"ru_RU","og_type":"article","og_title":"T\u011b\u0161ila jsem se, a\u017e pozn\u00e1m snoubence sv\u00e9 dcery, ale jedin\u00fd pohled na n\u011bj v\u0161echno zm\u011bnil a j\u00e1 v\u011bd\u011bla, \u017ee se tahle svatba nesm\u00ed konat \u2014 P\u0159\u00edb\u011bh dne -","og_description":"Cel\u00e9 m\u011bs\u00edce jsem si p\u0159edstavovala den, kdy kone\u010dn\u011b pozn\u00e1m snoubence sv\u00e9 dcery a jeho rodi\u010de.V m\u00e9 p\u0159edstav\u011b to m\u011blo b\u00fdt dokonal\u00e9. P\u0159\u00edjemn\u00e1 rodinn\u00e1","og_url":"https:\/\/vendeto.am\/?p=33154","article_published_time":"2026-09-02T18:36:04+00:00","article_modified_time":"2026-09-02T18:36:08+00:00","og_image":[{"width":1408,"height":1760,"url":"https:\/\/vendeto.am\/wp-content\/uploads\/2026\/09\/lakeside_wedding_portrait.jpg","type":"image\/jpeg"}],"author":"admin","twitter_card":"summary_large_image","twitter_misc":{"\u041d\u0430\u043f\u0438\u0441\u0430\u043d\u043e \u0430\u0432\u0442\u043e\u0440\u043e\u043c":"admin","\u041f\u0440\u0438\u043c\u0435\u0440\u043d\u043e\u0435 \u0432\u0440\u0435\u043c\u044f \u0434\u043b\u044f \u0447\u0442\u0435\u043d\u0438\u044f":"10 \u043c\u0438\u043d\u0443\u0442"},"schema":{"@context":"https:\/\/schema.org","@graph":[{"@type":"Article","@id":"https:\/\/vendeto.am\/?p=33154#article","isPartOf":{"@id":"https:\/\/vendeto.am\/?p=33154"},"author":{"name":"admin","@id":"https:\/\/vendeto.am\/#\/schema\/person\/48a4bd89d2048190ecc61e5ce821bef7"},"headline":"T\u011b\u0161ila jsem se, a\u017e pozn\u00e1m snoubence sv\u00e9 dcery, ale jedin\u00fd pohled na n\u011bj v\u0161echno zm\u011bnil a j\u00e1 v\u011bd\u011bla, \u017ee se tahle svatba nesm\u00ed konat \u2014 P\u0159\u00edb\u011bh dne","datePublished":"2026-09-02T18:36:04+00:00","dateModified":"2026-09-02T18:36:08+00:00","mainEntityOfPage":{"@id":"https:\/\/vendeto.am\/?p=33154"},"wordCount":2296,"commentCount":0,"image":{"@id":"https:\/\/vendeto.am\/?p=33154#primaryimage"},"thumbnailUrl":"https:\/\/vendeto.am\/wp-content\/uploads\/2026\/09\/lakeside_wedding_portrait.jpg","articleSection":["SPORT"],"inLanguage":"ru-RU","potentialAction":[{"@type":"CommentAction","name":"Comment","target":["https:\/\/vendeto.am\/?p=33154#respond"]}]},{"@type":"WebPage","@id":"https:\/\/vendeto.am\/?p=33154","url":"https:\/\/vendeto.am\/?p=33154","name":"T\u011b\u0161ila jsem se, a\u017e pozn\u00e1m snoubence sv\u00e9 dcery, ale jedin\u00fd pohled na n\u011bj v\u0161echno zm\u011bnil a j\u00e1 v\u011bd\u011bla, \u017ee se tahle svatba nesm\u00ed konat \u2014 P\u0159\u00edb\u011bh dne -","isPartOf":{"@id":"https:\/\/vendeto.am\/#website"},"primaryImageOfPage":{"@id":"https:\/\/vendeto.am\/?p=33154#primaryimage"},"image":{"@id":"https:\/\/vendeto.am\/?p=33154#primaryimage"},"thumbnailUrl":"https:\/\/vendeto.am\/wp-content\/uploads\/2026\/09\/lakeside_wedding_portrait.jpg","datePublished":"2026-09-02T18:36:04+00:00","dateModified":"2026-09-02T18:36:08+00:00","author":{"@id":"https:\/\/vendeto.am\/#\/schema\/person\/48a4bd89d2048190ecc61e5ce821bef7"},"breadcrumb":{"@id":"https:\/\/vendeto.am\/?p=33154#breadcrumb"},"inLanguage":"ru-RU","potentialAction":[{"@type":"ReadAction","target":["https:\/\/vendeto.am\/?p=33154"]}]},{"@type":"ImageObject","inLanguage":"ru-RU","@id":"https:\/\/vendeto.am\/?p=33154#primaryimage","url":"https:\/\/vendeto.am\/wp-content\/uploads\/2026\/09\/lakeside_wedding_portrait.jpg","contentUrl":"https:\/\/vendeto.am\/wp-content\/uploads\/2026\/09\/lakeside_wedding_portrait.jpg","width":1408,"height":1760},{"@type":"BreadcrumbList","@id":"https:\/\/vendeto.am\/?p=33154#breadcrumb","itemListElement":[{"@type":"ListItem","position":1,"name":"\u0413\u043b\u0430\u0432\u043d\u0430\u044f \u0441\u0442\u0440\u0430\u043d\u0438\u0446\u0430","item":"https:\/\/vendeto.am\/"},{"@type":"ListItem","position":2,"name":"T\u011b\u0161ila jsem se, a\u017e pozn\u00e1m snoubence sv\u00e9 dcery, ale jedin\u00fd pohled na n\u011bj v\u0161echno zm\u011bnil a j\u00e1 v\u011bd\u011bla, \u017ee se tahle svatba nesm\u00ed konat \u2014 P\u0159\u00edb\u011bh dne"}]},{"@type":"WebSite","@id":"https:\/\/vendeto.am\/#website","url":"https:\/\/vendeto.am\/","name":"","description":"","potentialAction":[{"@type":"SearchAction","target":{"@type":"EntryPoint","urlTemplate":"https:\/\/vendeto.am\/?s={search_term_string}"},"query-input":{"@type":"PropertyValueSpecification","valueRequired":true,"valueName":"search_term_string"}}],"inLanguage":"ru-RU"},{"@type":"Person","@id":"https:\/\/vendeto.am\/#\/schema\/person\/48a4bd89d2048190ecc61e5ce821bef7","name":"admin","image":{"@type":"ImageObject","inLanguage":"ru-RU","@id":"https:\/\/secure.gravatar.com\/avatar\/df64e550a0653b7be0f1bcf897f33faad9c2c8153472b2d9319beafb51370f6f?s=96&d=mm&r=g","url":"https:\/\/secure.gravatar.com\/avatar\/df64e550a0653b7be0f1bcf897f33faad9c2c8153472b2d9319beafb51370f6f?s=96&d=mm&r=g","contentUrl":"https:\/\/secure.gravatar.com\/avatar\/df64e550a0653b7be0f1bcf897f33faad9c2c8153472b2d9319beafb51370f6f?s=96&d=mm&r=g","caption":"admin"},"sameAs":["http:\/\/vendeto.am"],"url":"https:\/\/vendeto.am\/?author=1"}]}},"_links":{"self":[{"href":"https:\/\/vendeto.am\/index.php?rest_route=\/wp\/v2\/posts\/33154","targetHints":{"allow":["GET"]}}],"collection":[{"href":"https:\/\/vendeto.am\/index.php?rest_route=\/wp\/v2\/posts"}],"about":[{"href":"https:\/\/vendeto.am\/index.php?rest_route=\/wp\/v2\/types\/post"}],"author":[{"embeddable":true,"href":"https:\/\/vendeto.am\/index.php?rest_route=\/wp\/v2\/users\/1"}],"replies":[{"embeddable":true,"href":"https:\/\/vendeto.am\/index.php?rest_route=%2Fwp%2Fv2%2Fcomments&post=33154"}],"version-history":[{"count":1,"href":"https:\/\/vendeto.am\/index.php?rest_route=\/wp\/v2\/posts\/33154\/revisions"}],"predecessor-version":[{"id":33157,"href":"https:\/\/vendeto.am\/index.php?rest_route=\/wp\/v2\/posts\/33154\/revisions\/33157"}],"wp:featuredmedia":[{"embeddable":true,"href":"https:\/\/vendeto.am\/index.php?rest_route=\/wp\/v2\/media\/33155"}],"wp:attachment":[{"href":"https:\/\/vendeto.am\/index.php?rest_route=%2Fwp%2Fv2%2Fmedia&parent=33154"}],"wp:term":[{"taxonomy":"category","embeddable":true,"href":"https:\/\/vendeto.am\/index.php?rest_route=%2Fwp%2Fv2%2Fcategories&post=33154"},{"taxonomy":"post_tag","embeddable":true,"href":"https:\/\/vendeto.am\/index.php?rest_route=%2Fwp%2Fv2%2Ftags&post=33154"}],"curies":[{"name":"wp","href":"https:\/\/api.w.org\/{rel}","templated":true}]}}