{"id":33158,"date":"2026-09-02T21:37:26","date_gmt":"2026-09-02T18:37:26","guid":{"rendered":"https:\/\/vendeto.am\/?p=33158"},"modified":"2026-09-02T21:46:53","modified_gmt":"2026-09-02T18:46:53","slug":"po-ctyrech-dcerach-se-muj-manzel-konecne-dockal-syna-ale-jeho-prvni-slova-me-pripravila-o-rec","status":"publish","type":"post","link":"https:\/\/vendeto.am\/?p=33158","title":{"rendered":"Po \u010dty\u0159ech dcer\u00e1ch se m\u016fj man\u017eel kone\u010dn\u011b do\u010dkal syna. Ale jeho prvn\u00ed slova m\u011b p\u0159ipravila o \u0159e\u010d"},"content":{"rendered":"\n<h2 class=\"wp-block-heading\"><strong>\u010c\u00e1st 1:<\/strong><\/h2>\n\n\n\n<p class=\"wp-block-paragraph\">Po \u010dty\u0159ech dcer\u00e1ch se m\u016fj man\u017eel kone\u010dn\u011b do\u010dkal syna, o kter\u00e9m cel\u00e9 roky snil. Ale ve chv\u00edli, kdy Aaron vzal na\u0161eho novorozen\u00e9ho chlape\u010dka do n\u00e1ru\u010de a pod\u00edval se mu do tv\u00e1\u0159e, za\u0161eptal \u010dty\u0159i slova, po kter\u00fdch mi najednou cel\u00e9 na\u0161e man\u017eelstv\u00ed p\u0159ipadalo jin\u00e9:<strong>\u201eVypad\u00e1 \u00fapln\u011b jako David.\u201c<\/strong><\/p>\n\n\n\n<p class=\"wp-block-paragraph\">Probl\u00e9m byl v tom, \u017ee za osm let na\u0161eho vztahu mi Aaron ani jednou ne\u0159ekl, \u017ee n\u011bjak\u00fd David existuje.<\/p>\n\n\n\n<p class=\"wp-block-paragraph\">S Aaronem jsme se v\u017edycky shodovali na tom, \u017ee chceme velkou rodinu. Na za\u010d\u00e1tku na\u0161eho man\u017eelstv\u00ed, kdy\u017e jsme je\u0161t\u011b bydleli v mal\u00e9m byt\u011b a po\u010d\u00edtali ka\u017ed\u00fd dolar, jsme \u010dasto le\u017eeli vzh\u016fru a p\u0159edstavovali si hlu\u010dn\u00fd d\u016fm pln\u00fd d\u011bt\u00ed.<\/p>\n\n\n\n<p class=\"wp-block-paragraph\">Pod t\u00edmto spole\u010dn\u00fdm snem v\u0161ak Aaron nosil je\u0161t\u011b jedno velmi konkr\u00e9tn\u00ed p\u0159\u00e1n\u00ed.<\/p>\n\n\n\n<p class=\"wp-block-paragraph\">Zoufale tou\u017eil po synovi.<\/p>\n\n\n\n<p class=\"wp-block-paragraph\">V\u017edycky tvrdil, \u017ee miluje i dcery, ale n\u011bkde hluboko v na\u0161\u00ed rodin\u011b podle n\u011bj prost\u011b musel b\u00fdt chlapec. Mluvil o tom, jak mu p\u0159ed\u00e1 sv\u00e9 jm\u00e9no, nau\u010d\u00ed syna v\u011bci, kter\u00e9 kdysi nau\u010dil jeho otec jeho, a kone\u010dn\u011b bude m\u00edt pocit, \u017ee je jeho rodina \u00fapln\u00e1.<\/p>\n\n\n\n<p class=\"wp-block-paragraph\">D\u011blala jsem si z n\u011bj legraci.<\/p>\n\n\n\n<p class=\"wp-block-paragraph\">\u201ePozor,\u201c \u0159\u00edk\u00e1vala jsem. \u201eVesm\u00edr se mo\u017en\u00e1 rozhodne, \u017ee ti nad\u011bl\u00ed sam\u00e9 holky.\u201c<\/p>\n\n\n\n<p class=\"wp-block-paragraph\">Aaron se zasm\u00e1l a p\u0159it\u00e1hl si m\u011b k sob\u011b.<\/p>\n\n\n\n<p class=\"wp-block-paragraph\">\u201eDokud se mezi nimi n\u011bkde objev\u00ed jeden kluk, p\u0159e\u017eiju.\u201c<\/p>\n\n\n\n<p class=\"wp-block-paragraph\">Kr\u00e1tce po svatb\u011b jsem ot\u011bhotn\u011bla.<\/p>\n\n\n\n<p class=\"wp-block-paragraph\">Aaron byl nad\u0161en\u00fd.<\/p>\n\n\n\n<p class=\"wp-block-paragraph\">B\u011bhem n\u011bkolika minut od chv\u00edle, kdy uvid\u011bl pozitivn\u00ed t\u011bhotensk\u00fd test, se p\u0159esv\u011bd\u010dil, \u017ee \u010dek\u00e1me syna. Za\u010dal mluvit na moje b\u0159icho je\u0161t\u011b d\u0159\u00edv, ne\u017e na n\u011bm bylo cokoli vid\u011bt, a pou\u017e\u00edval chlapeck\u00e9 jm\u00e9no, kter\u00e9 si z\u0159ejm\u011b schov\u00e1val cel\u00e9 roky.<\/p>\n\n\n\n<p class=\"wp-block-paragraph\">M\u00edsto toho se n\u00e1m narodila kr\u00e1sn\u00e1 hol\u010di\u010dka.<\/p>\n\n\n\n<p class=\"wp-block-paragraph\">Pojmenovali jsme ji Ellie.<\/p>\n\n\n\n<p class=\"wp-block-paragraph\">Aaron ji zbo\u017e\u0148oval.<\/p>\n\n\n\n<p class=\"wp-block-paragraph\">Chci to zd\u016fraznit.<\/p>\n\n\n\n<p class=\"wp-block-paragraph\">V nemocnici p\u0159i jej\u00edm dr\u017een\u00ed plakal. P\u0159evl\u00e9kal j\u00ed plenky, v noci s n\u00ed chodil po pokoji a stal se oddan\u00fdm otcem, v jak\u00e9ho jsem v\u017edy doufala.<\/p>\n\n\n\n<p class=\"wp-block-paragraph\">P\u0159esto jsem si v\u0161imla toho nepatrn\u00e9ho zav\u00e1h\u00e1n\u00ed poka\u017ed\u00e9, kdy\u017e se ho n\u011bkdo zeptal, jestli doufal v syna.<\/p>\n\n\n\n<p class=\"wp-block-paragraph\">A pozd\u011bji t\u00e9 prvn\u00ed noci, kdy\u017e Ellie spala na m\u00e9 hrudi, Aaron za\u0161eptal:<\/p>\n\n\n\n<p class=\"wp-block-paragraph\">\u201eJednou j\u00ed d\u00e1me mal\u00e9ho br\u00e1\u0161ku.\u201c<\/p>\n\n\n\n<p class=\"wp-block-paragraph\">A tak jsme to zkusili znovu.<\/p>\n\n\n\n<p class=\"wp-block-paragraph\">Na\u0161e druh\u00e9 d\u00edt\u011b byla op\u011bt hol\u010di\u010dka.<\/p>\n\n\n\n<p class=\"wp-block-paragraph\">Nora.<\/p>\n\n\n\n<p class=\"wp-block-paragraph\">Pak p\u0159i\u0161la Grace.<\/p>\n\n\n\n<p class=\"wp-block-paragraph\">A potom Lily.<\/p>\n\n\n\n<p class=\"wp-block-paragraph\">Ka\u017ed\u00e1 z na\u0161ich dcer m\u011bla \u00fapln\u011b jinou povahu.<\/p>\n\n\n\n<p class=\"wp-block-paragraph\">Ellie byla v\u00e1\u017en\u00e1 a pozorn\u00e1.<\/p>\n\n\n\n<figure class=\"wp-block-image is-resized\"><img decoding=\"async\" src=\"https:\/\/chexia.info\/wp-content\/uploads\/2026\/09\/family_golden_hour_portrait-819x1024.jpg\" alt=\"\" class=\"wp-image-10147\" style=\"aspect-ratio:0.7998046875;width:819px;height:auto\"\/><\/figure>\n\n\n\n<p class=\"wp-block-paragraph\">Nora se sm\u00e1la t\u00e9m\u011b\u0159 v\u0161emu a lezla na n\u00e1bytek d\u0159\u00edv, ne\u017e v\u016fbec po\u0159\u00e1dn\u011b um\u011bla b\u011bhat.<\/p>\n\n\n\n<p class=\"wp-block-paragraph\">Grace byla n\u011b\u017en\u00e1, zasn\u011bn\u00e1 a mluvila s kv\u011btinami, jako by j\u00ed mohly odpov\u011bd\u011bt.<\/p>\n\n\n\n<p class=\"wp-block-paragraph\">Lily byla tvrdohlav\u00e1, neuv\u011b\u0159iteln\u011b vtipn\u00e1 a n\u011bjak\u00fdm zp\u016fsobem dok\u00e1zala ovl\u00e1dat celou dom\u00e1cnost je\u0161t\u011b p\u0159ed t\u0159et\u00edmi narozeninami.<\/p>\n\n\n\n<p class=\"wp-block-paragraph\">Aaron v\u0161echny sv\u00e9 dcery miloval.<\/p>\n\n\n\n<p class=\"wp-block-paragraph\">Stav\u011bl s nimi bunkry z dek.<\/p>\n\n\n\n<p class=\"wp-block-paragraph\">Nau\u010dil se pl\u00e9st cop\u00e1nky \u2014 i kdy\u017e p\u0159\u00ed\u0161ern\u011b.<\/p>\n\n\n\n<p class=\"wp-block-paragraph\">Z\u016fst\u00e1val vzh\u016fru p\u0159i jejich hore\u010dk\u00e1ch a plakal na \u0161koln\u00edch vystoupen\u00edch.<\/p>\n\n\n\n<p class=\"wp-block-paragraph\">Ale poka\u017ed\u00e9, kdy\u017e ultrazvukov\u00fd technik ozn\u00e1mil: \u201eJe to hol\u010di\u010dka,\u201c zahl\u00e9dla jsem na jeho tv\u00e1\u0159i stejn\u00fd kr\u00e1tk\u00fd z\u00e1blesk zklam\u00e1n\u00ed.<\/p>\n\n\n\n<p class=\"wp-block-paragraph\">A nakonec b\u011bhem cesty dom\u016f v\u017edycky \u0159ekl n\u011bco ve smyslu:<\/p>\n\n\n\n<p class=\"wp-block-paragraph\">\u201eMo\u017en\u00e1 p\u0159\u00ed\u0161t\u011b.\u201c<\/p>\n\n\n\n<p class=\"wp-block-paragraph\">Po narozen\u00ed na\u0161\u00ed \u010dtvrt\u00e9 dcery jsem byla vy\u010derpan\u00e1.<\/p>\n\n\n\n<p class=\"wp-block-paragraph\">\u010cty\u0159i t\u011bhotenstv\u00ed si vybrala da\u0148 na m\u00e9m t\u011ble.<\/p>\n\n\n\n<p class=\"wp-block-paragraph\">Ale je\u0161t\u011b v\u00edc m\u011b za\u010dala ub\u00edjet neviditeln\u00e1 c\u00edlov\u00e1 \u010d\u00e1ra, ke kter\u00e9 se Aaron z\u0159ejm\u011b neust\u00e1le sna\u017eil dostat.<\/p>\n\n\n\n<p class=\"wp-block-paragraph\">J\u00e1 svou rodinu milovala p\u0159esn\u011b takovou, jak\u00e1 byla.<\/p>\n\n\n\n<p class=\"wp-block-paragraph\">Jen\u017ee jsem se nedok\u00e1zala zbavit pocitu, \u017ee v jeho o\u010d\u00edch byly na\u0161e dcery jak\u00fdmisi kroky na cest\u011b k d\u00edt\u011bti, kter\u00e9 skute\u010dn\u011b cht\u011bl.<\/p>\n\n\n\n<p class=\"wp-block-paragraph\">Nikdy jsem ho z toho p\u0159\u00edmo neobvinila.<\/p>\n\n\n\n<p class=\"wp-block-paragraph\">P\u0159esto mezi n\u00e1mi vznikl tich\u00fd odstup.<\/p>\n\n\n\n<hr class=\"wp-block-separator has-alpha-channel-opacity\"\/>\n\n\n\n<h2 class=\"wp-block-heading\"><strong>\u010c\u00e1st 2:<\/strong><\/h2>\n\n\n\n<p class=\"wp-block-paragraph\">N\u011bkdy jsem pozd\u011b v noci, sama v kuchyni, p\u0159em\u00fd\u0161lela, kolika t\u011bhotenstv\u00edmi je\u0161t\u011b Aaron o\u010dek\u00e1v\u00e1, \u017ee projdu, ne\u017e p\u0159ijme, \u017ee mo\u017en\u00e1 prost\u011b nejsme ur\u010deni k tomu, abychom m\u011bli syna.<\/p>\n\n\n\n<p class=\"wp-block-paragraph\">Pak jsem ot\u011bhotn\u011bla pop\u00e1t\u00e9.<\/p>\n\n\n\n<p class=\"wp-block-paragraph\">Od sam\u00e9ho za\u010d\u00e1tku si byl Aaron naprosto jist\u00fd.<\/p>\n\n\n\n<p class=\"wp-block-paragraph\">\u201eTentokr\u00e1t je to jin\u00e9,\u201c opakoval po\u0159\u00e1d.<\/p>\n\n\n\n<p class=\"wp-block-paragraph\">Polo\u017eil mi ruku na b\u0159icho a \u0161eptal stejn\u00e9 chlapeck\u00e9 jm\u00e9no.<\/p>\n\n\n\n<p class=\"wp-block-paragraph\">\u201eTohle je m\u016fj syn. J\u00e1 to v\u00edm.\u201c<\/p>\n\n\n\n<p class=\"wp-block-paragraph\">Ultrazvuku jsem se b\u00e1la t\u00e9m\u011b\u0159 stejn\u011b jako jsem se na n\u011bj t\u011b\u0161ila.<\/p>\n\n\n\n<p class=\"wp-block-paragraph\">Kdy\u017e se na n\u00e1s technik kone\u010dn\u011b pod\u00edval a usm\u00e1l se, potvrdil to, o \u010dem Aaron n\u011bjak\u00fdm zp\u016fsobem p\u0159esv\u011bd\u010dil s\u00e1m sebe.<\/p>\n\n\n\n<p class=\"wp-block-paragraph\"><strong>Chlapec.<\/strong><\/p>\n\n\n\n<p class=\"wp-block-paragraph\">N\u00e1\u0161 prvn\u00ed syn.<\/p>\n\n\n\n<p class=\"wp-block-paragraph\">Zdrav\u00fd.<\/p>\n\n\n\n<p class=\"wp-block-paragraph\">Siln\u00fd.<\/p>\n\n\n\n<p class=\"wp-block-paragraph\">Aaron vydal zvuk n\u011bkde mezi sm\u00edchem a pl\u00e1\u010dem.<\/p>\n\n\n\n<p class=\"wp-block-paragraph\">P\u0159itiskl \u010delo k m\u00e9mu a po tv\u00e1\u0159\u00edch mu st\u00e9kaly slzy.<\/p>\n\n\n\n<p class=\"wp-block-paragraph\">Poprv\u00e9 po letech u\u017e neexistovalo \u017e\u00e1dn\u00e9 \u201ep\u0159\u00ed\u0161t\u011b\u201c.<\/p>\n\n\n\n<p class=\"wp-block-paragraph\">Cestou dom\u016f m\u011b celou dobu dr\u017eel za ruku.<\/p>\n\n\n\n<p class=\"wp-block-paragraph\">A j\u00e1 jsem si dovolila uv\u011b\u0159it, \u017ee to, co mezi n\u00e1mi bylo trochu nalomen\u00e9, se kone\u010dn\u011b napravilo.<\/p>\n\n\n\n<p class=\"wp-block-paragraph\">T\u011bhotenstv\u00ed bylo t\u011b\u017e\u0161\u00ed ne\u017e ta p\u0159edchoz\u00ed.<\/p>\n\n\n\n<p class=\"wp-block-paragraph\">M\u00e9 t\u011blo bylo star\u0161\u00ed a unaven\u011bj\u0161\u00ed a v posledn\u00edch t\u00fddnech pro m\u011b bylo obt\u00ed\u017en\u00e9 dokonce i vyj\u00edt schody.<\/p>\n\n\n\n<p class=\"wp-block-paragraph\">Aaron byl mezit\u00edm \u0161\u0165astn\u011bj\u0161\u00ed, ne\u017e jsem ho za posledn\u00ed roky vid\u011bla.<\/p>\n\n\n\n<p class=\"wp-block-paragraph\">Vymaloval d\u011btsk\u00fd pokoj b\u0159idlicov\u011b modrou barvou.<\/p>\n\n\n\n<p class=\"wp-block-paragraph\">Post\u00fdlku sestavil vlastn\u00edma rukama.<\/p>\n\n\n\n<p class=\"wp-block-paragraph\">Koupil mali\u010dkou baseballovou rukavici pro d\u00edt\u011b, kter\u00e9 je\u0161t\u011b n\u011bkolik let nebude v\u016fbec v\u011bd\u011bt, k \u010demu baseball je.<\/p>\n\n\n\n<p class=\"wp-block-paragraph\">Na\u0161e dcery byly stejn\u011b nad\u0161en\u00e9.<\/p>\n\n\n\n<p class=\"wp-block-paragraph\">P\u0159ikl\u00e1daly ruce na moje b\u0159icho a \u0161eptaly \u201esv\u00e9mu mal\u00e9mu br\u00e1\u0161kovi\u201c.<\/p>\n\n\n\n<p class=\"wp-block-paragraph\">A n\u011bjakou dobu byla na\u0161e rodina dokonale \u0161\u0165astn\u00e1.<\/p>\n\n\n\n<p class=\"wp-block-paragraph\">Pak p\u0159i\u0161el porod.<\/p>\n\n\n\n<p class=\"wp-block-paragraph\">Byl dlouh\u00fd a n\u00e1ro\u010dn\u00fd.<\/p>\n\n\n\n<p class=\"wp-block-paragraph\">Dokonce nastal okam\u017eik, kdy jsem na doktorov\u011b tv\u00e1\u0159i zahl\u00e9dla v\u00fdraz, kter\u00fd m\u011b vyd\u011bsil.<\/p>\n\n\n\n<p class=\"wp-block-paragraph\">Ale nakonec se na\u0161e miminko narodilo.<\/p>\n\n\n\n<p class=\"wp-block-paragraph\">Jeho pl\u00e1\u010d naplnil porodn\u00ed s\u00e1l.<\/p>\n\n\n\n<p class=\"wp-block-paragraph\">Nikdy jsem nec\u00edtila takovou \u00falevu.<\/p>\n\n\n\n<p class=\"wp-block-paragraph\">Aaron vypadal, jako by ho zaplavilo \u0161t\u011bst\u00ed.<\/p>\n\n\n\n<p class=\"wp-block-paragraph\">V o\u010d\u00edch u\u017e m\u011bl slzy, zat\u00edmco sest\u0159i\u010dky na\u0161eho syna prohl\u00ed\u017eely.<\/p>\n\n\n\n<p class=\"wp-block-paragraph\">Pak mu jedna z nich polo\u017eila miminko do n\u00e1ru\u010de.<\/p>\n\n\n\n<p class=\"wp-block-paragraph\">Tohle byl okam\u017eik, na kter\u00fd Aaron \u010dekal t\u00e9m\u011b\u0159 osm let.<\/p>\n\n\n\n<p class=\"wp-block-paragraph\">Sledovala jsem jeho tv\u00e1\u0159 a \u010dekala slzy.<\/p>\n\n\n\n<p class=\"wp-block-paragraph\">Sm\u00edch.<\/p>\n\n\n\n<p class=\"wp-block-paragraph\">Mo\u017en\u00e1 tich\u00e9 \u201ekone\u010dn\u011b\u201c.<\/p>\n\n\n\n<p class=\"wp-block-paragraph\">M\u00edsto toho Aaron ztuhl.<\/p>\n\n\n\n<p class=\"wp-block-paragraph\">D\u00edval se dol\u016f na na\u0161eho syna.<\/p>\n\n\n\n<p class=\"wp-block-paragraph\">Pomalu z jeho tv\u00e1\u0159e zmizelo ve\u0161ker\u00e9 \u0161t\u011bst\u00ed.<\/p>\n\n\n\n<p class=\"wp-block-paragraph\">Cel\u00e9 t\u011blo se mu napjalo.<\/p>\n\n\n\n<p class=\"wp-block-paragraph\">Za\u010daly se mu t\u0159\u00e1st ruce.<\/p>\n\n\n\n<p class=\"wp-block-paragraph\">Pak se pod\u00edval na m\u011b.<\/p>\n\n\n\n<p class=\"wp-block-paragraph\"><strong>\u201eVypad\u00e1 \u00fapln\u011b jako David.\u201c<\/strong><\/p>\n\n\n\n<p class=\"wp-block-paragraph\">Moje vy\u010derpan\u00e1 mysl t\u00e9 v\u011bt\u011b nerozum\u011bla.<\/p>\n\n\n\n<p class=\"wp-block-paragraph\">\u201eKdo je David?\u201c<\/p>\n\n\n\n<p class=\"wp-block-paragraph\">Aaron neodpov\u011bd\u011bl.<\/p>\n\n\n\n<p class=\"wp-block-paragraph\">St\u00e1le z\u00edral na miminko s v\u00fdrazem, jak\u00fd jsem u n\u011bj nikdy p\u0159edt\u00edm nevid\u011bla.<\/p>\n\n\n\n<p class=\"wp-block-paragraph\">Smutek.<\/p>\n\n\n\n<p class=\"wp-block-paragraph\">Strach.<\/p>\n\n\n\n<p class=\"wp-block-paragraph\">\u0160ok.<\/p>\n\n\n\n<p class=\"wp-block-paragraph\">V\u0161echno najednou.<\/p>\n\n\n\n<p class=\"wp-block-paragraph\">\u201eAarone,\u201c zeptala jsem se znovu. \u201eKdo je David?\u201c<\/p>\n\n\n\n<p class=\"wp-block-paragraph\">Nakonec se na m\u011b pod\u00edval.<\/p>\n\n\n\n<p class=\"wp-block-paragraph\">\u201eM\u016fj bratr.\u201c<\/p>\n\n\n\n<p class=\"wp-block-paragraph\">Z\u00edrala jsem na n\u011bj.<\/p>\n\n\n\n<p class=\"wp-block-paragraph\">\u201eTy \u017e\u00e1dn\u00e9ho bratra nem\u00e1\u0161.\u201c<\/p>\n\n\n\n<p class=\"wp-block-paragraph\">Alespo\u0148 to mi Aaron po cel\u00e9 na\u0161e man\u017eelstv\u00ed tvrdil.<\/p>\n\n\n\n<p class=\"wp-block-paragraph\">Oba jeho rodi\u010de zem\u0159eli je\u0161t\u011b p\u0159edt\u00edm, ne\u017e jsme se poznali, a v\u017edycky o sob\u011b mluvil jako o jedin\u00e1\u010dkovi.<\/p>\n\n\n\n<p class=\"wp-block-paragraph\">\u201eM\u011bl jsem ho,\u201c za\u0161eptal.<\/p>\n\n\n\n<p class=\"wp-block-paragraph\">Sest\u0159i\u010dka jemn\u011b vzala na\u0161eho syna Aaronovi z n\u00e1ru\u010de a polo\u017eila ho na mou hru\u010f.<\/p>\n\n\n\n<p class=\"wp-block-paragraph\">Objala jsem to mali\u010dk\u00e9 miminko a sledovala sv\u00e9ho man\u017eela, jak stoj\u00ed vedle postele, jako by do m\u00edstnosti pr\u00e1v\u011b vstoupil n\u011bkdo z jeho minulosti.<\/p>\n\n\n\n<p class=\"wp-block-paragraph\">Na\u0161eho syna jsme pojmenovali Theo.<\/p>\n\n\n\n<p class=\"wp-block-paragraph\">B\u011bhem zb\u00fdvaj\u00edc\u00edch dvou dn\u016f v nemocnici Aaron t\u00e9m\u011b\u0159 nemluvil.<\/p>\n\n\n\n<p class=\"wp-block-paragraph\">Thea dr\u017eel, ale jinak ne\u017e na\u0161e dcery.<\/p>\n\n\n\n<p class=\"wp-block-paragraph\">Opatrn\u011b.<\/p>\n\n\n\n<p class=\"wp-block-paragraph\">T\u00e9m\u011b\u0159 obez\u0159etn\u011b.<\/p>\n\n\n\n<p class=\"wp-block-paragraph\">Poka\u017ed\u00e9, kdy\u017e se Theovi pod\u00edval do tv\u00e1\u0159e, jeho mysl jako by n\u011bkam zmizela \u2014 n\u011bkam, kam jsem za n\u00edm nemohla n\u00e1sledovat.<\/p>\n\n\n\n<p class=\"wp-block-paragraph\">Jednoho r\u00e1na p\u0159ed sv\u00edt\u00e1n\u00edm jsem se probudila a uvid\u011bla Aarona sed\u011bt v nemocni\u010dn\u00edm k\u0159esle. Theo mu spal v n\u00e1ru\u010d\u00ed.<\/p>\n\n\n\n<p class=\"wp-block-paragraph\">Po tv\u00e1\u0159\u00edch mu ti\u0161e st\u00e9kaly slzy.<\/p>\n\n\n\n<p class=\"wp-block-paragraph\">P\u0159edst\u00edrala jsem, \u017ee st\u00e1le sp\u00edm.<\/p>\n\n\n\n<p class=\"wp-block-paragraph\">\u010c\u00e1st m\u011b se b\u00e1la zeptat pro\u010d.<\/p>\n\n\n\n<p class=\"wp-block-paragraph\">Kdy\u017e jsme se kone\u010dn\u011b vr\u00e1tili dom\u016f, dcery vyzdobily d\u016fm ru\u010dn\u011b vyroben\u00fdm transparentem:<\/p>\n\n\n\n<p class=\"wp-block-paragraph\"><strong>V\u00cdTEJ DOMA, MAL\u00dd BR\u00c1\u0160KO.<\/strong><\/p>\n\n\n\n<p class=\"wp-block-paragraph\">Rozb\u011bhly se k n\u00e1m s nad\u0161en\u00fdm k\u0159ikem.<\/p>\n\n\n\n<p class=\"wp-block-paragraph\">Aaron se na n\u011b usm\u00e1l.<\/p>\n\n\n\n<p class=\"wp-block-paragraph\">Ale poznala jsem, \u017ee ten \u00fasm\u011bv je nucen\u00fd.<\/p>\n\n\n\n<hr class=\"wp-block-separator has-alpha-channel-opacity\"\/>\n\n\n\n<h2 class=\"wp-block-heading\"><strong>\u010c\u00e1st 3:<\/strong><\/h2>\n\n\n\n<p class=\"wp-block-paragraph\">T\u00e9 noci, kdy\u017e u\u017e d\u00edvky spaly a Theo kone\u010dn\u011b usnul ve sv\u00e9m nov\u00e9m pokoji, na\u0161la jsem Aarona samotn\u00e9ho sed\u011bt u kuchy\u0148sk\u00e9ho stolu ve tm\u011b.<\/p>\n\n\n\n<p class=\"wp-block-paragraph\">P\u0159ed n\u00edm st\u00e1la nedot\u010den\u00e1 sklenice whisky.<\/p>\n\n\n\n<p class=\"wp-block-paragraph\">Sedla jsem si naproti n\u011bmu.<\/p>\n\n\n\n<p class=\"wp-block-paragraph\">\u201eTe\u010f mi \u0159ekne\u0161 \u00fapln\u011b v\u0161echno.\u201c<\/p>\n\n\n\n<p class=\"wp-block-paragraph\">Dlouhou dobu ml\u010del.<\/p>\n\n\n\n<p class=\"wp-block-paragraph\">A pak ze sebe kone\u010dn\u011b dostal cel\u00fd p\u0159\u00edb\u011bh.<\/p>\n\n\n\n<p class=\"wp-block-paragraph\">David byl Aaron\u016fv mlad\u0161\u00ed bratr.<\/p>\n\n\n\n<p class=\"wp-block-paragraph\">Byl o dva roky mlad\u0161\u00ed.<\/p>\n\n\n\n<p class=\"wp-block-paragraph\">Aaronovi bylo jeden\u00e1ct.<\/p>\n\n\n\n<p class=\"wp-block-paragraph\">Davidovi dev\u011bt.<\/p>\n\n\n\n<p class=\"wp-block-paragraph\">Jednoho letn\u00edho odpoledne \u0161li k jezeru pobl\u00ed\u017e domu sv\u00fdch prarodi\u010d\u016f.<\/p>\n\n\n\n<p class=\"wp-block-paragraph\">Chodili tam \u010dasto.<\/p>\n\n\n\n<p class=\"wp-block-paragraph\">Jejich rodi\u010de Aaronovi d\u016fv\u011b\u0159ovali a nech\u00e1vali mu mlad\u0161\u00edho bratra na starost.<\/p>\n\n\n\n<p class=\"wp-block-paragraph\">David nebyl dobr\u00fd plavec a m\u011bl p\u0159\u00edsn\u011b zak\u00e1z\u00e1no plavat d\u00e1l ne\u017e na ur\u010dit\u00e9 m\u00edsto.<\/p>\n\n\n\n<p class=\"wp-block-paragraph\">Ale Aaron ho vyzval.<\/p>\n\n\n\n<p class=\"wp-block-paragraph\">Nebyla v tom \u017e\u00e1dn\u00e1 zloba.<\/p>\n\n\n\n<p class=\"wp-block-paragraph\">Jen takov\u00e1 hloup\u00e1 v\u00fdzva, jakou jeden bratr ob\u010das d\u00e1 druh\u00e9mu.<\/p>\n\n\n\n<p class=\"wp-block-paragraph\">David se b\u00e1l.<\/p>\n\n\n\n<p class=\"wp-block-paragraph\">Aaron cht\u011bl, aby dok\u00e1zal, \u017ee je odv\u00e1\u017en\u00fd.<\/p>\n\n\n\n<p class=\"wp-block-paragraph\">A tak David \u0161el d\u00e1l do vody.<\/p>\n\n\n\n<p class=\"wp-block-paragraph\">A u\u017e se nevr\u00e1til.<\/p>\n\n\n\n<p class=\"wp-block-paragraph\">Aaron sko\u010dil za n\u00edm.<\/p>\n\n\n\n<p class=\"wp-block-paragraph\">K\u0159i\u010del.<\/p>\n\n\n\n<p class=\"wp-block-paragraph\">Znovu a znovu se pot\u00e1p\u011bl pod hladinu.<\/p>\n\n\n\n<p class=\"wp-block-paragraph\">Ale ne\u017e dorazili dosp\u011bl\u00ed, u\u017e se nedalo nic d\u011blat.<\/p>\n\n\n\n<p class=\"wp-block-paragraph\">Po zbytek sv\u00e9ho \u017eivota Aaron v\u011b\u0159il jedin\u00e9 v\u011bci:<\/p>\n\n\n\n<p class=\"wp-block-paragraph\"><strong>David zem\u0159el kv\u016fli n\u011bmu.<\/strong><\/p>\n\n\n\n<p class=\"wp-block-paragraph\">Jeho rodi\u010de ho nikdy p\u0159\u00edmo neobvinili.<\/p>\n\n\n\n<p class=\"wp-block-paragraph\">Podle Aarona to bylo t\u00e9m\u011b\u0159 je\u0161t\u011b hor\u0161\u00ed.<\/p>\n\n\n\n<p class=\"wp-block-paragraph\">Jejich kdysi \u0161\u0165astn\u00fd domov ztichl.<\/p>\n\n\n\n<p class=\"wp-block-paragraph\">David\u016fv pokoj z\u016fstal p\u0159esn\u011b takov\u00fd, jak\u00fd byl v den jeho smrti.<\/p>\n\n\n\n<p class=\"wp-block-paragraph\">Aaronova matka v\u0161echno uchovala.<\/p>\n\n\n\n<p class=\"wp-block-paragraph\">Jeho otec se od rodiny za\u010dal vzdalovat.<\/p>\n\n\n\n<p class=\"wp-block-paragraph\">Aaron vyr\u016fstal s pocitem, \u017ee p\u0159e\u017eil ten nespr\u00e1vn\u00fd syn.<\/p>\n\n\n\n<p class=\"wp-block-paragraph\">Nakonec ode\u0161el na vysokou \u0161kolu.<\/p>\n\n\n\n<p class=\"wp-block-paragraph\">Pozd\u011bji zem\u0159eli oba jeho rodi\u010de.<\/p>\n\n\n\n<p class=\"wp-block-paragraph\">A Aaron se rozhodl poh\u0159b\u00edt celou tuto \u010d\u00e1st sv\u00e9ho \u017eivota spolu s nimi.<\/p>\n\n\n\n<p class=\"wp-block-paragraph\">Kdykoli se ho n\u011bkdo zeptal na sourozence, jednodu\u0161e \u0159ekl, \u017ee je jedin\u00e1\u010dek.<\/p>\n\n\n\n<p class=\"wp-block-paragraph\">Po dostate\u010dn\u011b dlouh\u00e9 dob\u011b tomu t\u00e9m\u011b\u0159 uv\u011b\u0159il i s\u00e1m.<\/p>\n\n\n\n<p class=\"wp-block-paragraph\">\u201eMyslel jsem si, \u017ee kdy\u017e nikdy nevyslov\u00edm jeho jm\u00e9no,\u201c za\u0161eptal Aaron, \u201ebudu to moct n\u00e9st s\u00e1m.\u201c<\/p>\n\n\n\n<p class=\"wp-block-paragraph\">A tehdy jsem kone\u010dn\u011b pochopila, pro\u010d byl tak posedl\u00fd touhou m\u00edt syna.<\/p>\n\n\n\n<p class=\"wp-block-paragraph\">Aaron si zakryl tv\u00e1\u0159 rukama.<\/p>\n\n\n\n<p class=\"wp-block-paragraph\">\u201eMyslel jsem, \u017ee kdy\u017e budu m\u00edt syna, kone\u010dn\u011b to naprav\u00edm.\u201c<\/p>\n\n\n\n<p class=\"wp-block-paragraph\">Hlas se mu zlomil.<\/p>\n\n\n\n<p class=\"wp-block-paragraph\">\u201eMohl bych chr\u00e1nit chlapce. Vychovat ho v bezpe\u010d\u00ed. N\u011bjak napravit to, co se stalo Davidovi.\u201c<\/p>\n\n\n\n<p class=\"wp-block-paragraph\">Pod\u00edval se ke stropu a slzy mu te\u010f voln\u011b st\u00e9kaly po tv\u00e1\u0159i.<\/p>\n\n\n\n<p class=\"wp-block-paragraph\">\u201ePoka\u017ed\u00e9, kdy\u017e jsme m\u011bli dal\u0161\u00ed hol\u010di\u010dku, miloval jsem ji. V\u00ed\u0161, \u017ee ano. Ale \u010d\u00e1st m\u011b si po\u0159\u00e1d \u0159\u00edkala, \u017ee jsem to je\u0161t\u011b nenapravil.\u201c<\/p>\n\n\n\n<p class=\"wp-block-paragraph\">Pak p\u0159i\u0161lo to nejbolestiv\u011bj\u0161\u00ed p\u0159izn\u00e1n\u00ed.<\/p>\n\n\n\n<p class=\"wp-block-paragraph\">\u201eKdy\u017e mi podali Thea, uv\u011bdomil jsem si, \u017ee m\u00e1 Davidovu tv\u00e1\u0159. Stejn\u00e9 o\u010di. Stejn\u00fd v\u00fdraz.\u201c<\/p>\n\n\n\n<p class=\"wp-block-paragraph\">Aaron vypadal \u00fapln\u011b zni\u010den\u011b.<\/p>\n\n\n\n<p class=\"wp-block-paragraph\">\u201eA najednou mi do\u0161lo, \u017ee jsem vlastn\u011b nikdy opravdu netou\u017eil po synovi.\u201c<\/p>\n\n\n\n<p class=\"wp-block-paragraph\">Polkl.<\/p>\n\n\n\n<p class=\"wp-block-paragraph\"><strong>\u201eCht\u011bl jsem sv\u00e9ho bratra zp\u00e1tky.\u201c<\/strong><\/p>\n\n\n\n<p class=\"wp-block-paragraph\">Cel\u00e9 roky jsem si myslela, \u017ee Aaron chce syna kv\u016fli hrdosti.<\/p>\n\n\n\n<p class=\"wp-block-paragraph\">Kv\u016fli odkazu.<\/p>\n\n\n\n<p class=\"wp-block-paragraph\">Kv\u016fli sv\u00e9mu p\u0159\u00edjmen\u00ed.<\/p>\n\n\n\n<p class=\"wp-block-paragraph\">Kv\u016fli n\u011bjak\u00e9 zastaral\u00e9 p\u0159edstav\u011b, \u017ee ka\u017ed\u00fd otec pot\u0159ebuje syna.<\/p>\n\n\n\n<p class=\"wp-block-paragraph\">M\u00edsto toho str\u00e1vil t\u0159i desetilet\u00ed t\u00edm, \u017ee v sob\u011b nosil d\u011btskou trag\u00e9dii, kterou nikdy nezpracoval.<\/p>\n\n\n\n<p class=\"wp-block-paragraph\">Nehnal se za synem.<\/p>\n\n\n\n<p class=\"wp-block-paragraph\"><strong>Hnal se za druhou \u0161anc\u00ed.<\/strong><\/p>\n\n\n\n<p class=\"wp-block-paragraph\">C\u00edtila jsem vztek.<\/p>\n\n\n\n<p class=\"wp-block-paragraph\">Samoz\u0159ejm\u011b \u017ee ano.<\/p>\n\n\n\n<p class=\"wp-block-paragraph\">Vzpomn\u011bla jsem si na ka\u017ed\u00fd ultrazvuk, p\u0159i kter\u00e9m jsem vid\u011bla, jak mu p\u0159es tv\u00e1\u0159 p\u0159eb\u011bhlo zklam\u00e1n\u00ed.<\/p>\n\n\n\n<p class=\"wp-block-paragraph\">Na ka\u017ed\u00fd okam\u017eik, kdy na\u0161e dcery mohly b\u00fdt, ani\u017e by to v\u011bd\u011bly, vn\u00edm\u00e1ny jako kroky k n\u011b\u010demu jin\u00e9mu.<\/p>\n\n\n\n<p class=\"wp-block-paragraph\">Na ka\u017ed\u00e9 jeho \u201ep\u0159\u00ed\u0161t\u011b\u201c.<\/p>\n\n\n\n<p class=\"wp-block-paragraph\">Ale kdy\u017e jsem vid\u011bla Aarona zhroucen\u00e9ho pod t\u00edhou t\u0159icetilet\u00e9ho smutku, vztek nebyl t\u00edm nejsiln\u011bj\u0161\u00edm pocitem.<\/p>\n\n\n\n<p class=\"wp-block-paragraph\">Byl to strach.<\/p>\n\n\n\n<p class=\"wp-block-paragraph\">Proto\u017ee jsem najednou pochopila, co by mohlo p\u0159ij\u00edt.<\/p>\n\n\n\n<p class=\"wp-block-paragraph\">\u201eAarone,\u201c \u0159ekla jsem opatrn\u011b. \u201eTheo nen\u00ed David.\u201c<\/p>\n\n\n\n<p class=\"wp-block-paragraph\">Pod\u00edval se na m\u011b.<\/p>\n\n\n\n<p class=\"wp-block-paragraph\">\u201eNen\u00ed to tv\u016fj bratr, kter\u00fd se vr\u00e1til.\u201c<\/p>\n\n\n\n<p class=\"wp-block-paragraph\">Aaron\u016fv v\u00fdraz se zm\u011bnil.<\/p>\n\n\n\n<p class=\"wp-block-paragraph\">\u201eJestli bude\u0161 Thea vychov\u00e1vat a poka\u017ed\u00e9 v n\u011bm vid\u011bt Davida, vlo\u017e\u00ed\u0161 na to d\u00edt\u011b b\u0159emeno, kter\u00e9 nikdy nebude schopn\u00e9 n\u00e9st.\u201c<\/p>\n\n\n\n<p class=\"wp-block-paragraph\">Za\u010dal se mi t\u0159\u00e1st hlas.<\/p>\n\n\n\n<p class=\"wp-block-paragraph\">\u201eCel\u00fd \u017eivot bude soupe\u0159it s n\u011bk\u00fdm, kdo zem\u0159el je\u0161t\u011b p\u0159edt\u00edm, ne\u017e se narodil. Bude si myslet, \u017ee jeho \u00fakolem je uzdravit tebe, m\u00edsto aby se stal s\u00e1m sebou.\u201c<\/p>\n\n\n\n<p class=\"wp-block-paragraph\">Aaron na m\u011b ml\u010dky hled\u011bl.<\/p>\n\n\n\n<p class=\"wp-block-paragraph\">\u201eOn tu nen\u00ed proto, aby t\u011b zachr\u00e1nil,\u201c pokra\u010dovala jsem. \u201eTo nen\u00ed jeho zodpov\u011bdnost.\u201c<\/p>\n\n\n\n<p class=\"wp-block-paragraph\">Vid\u011bla jsem, jak mu to doch\u00e1z\u00ed.<\/p>\n\n\n\n<p class=\"wp-block-paragraph\">Aaron t\u00e9m\u011b\u0159 jako nikdo jin\u00fd v\u011bd\u011bl, jak\u00e9 to je vyr\u016fstat ve st\u00ednu ciz\u00edho smutku.<\/p>\n\n\n\n<p class=\"wp-block-paragraph\">Po Davidov\u011b smrti se s\u00e1m Aaron stal p\u0159e\u017eiv\u0161\u00edm d\u00edt\u011btem uv\u011bzn\u011bn\u00fdm pod t\u00edhou bolesti sv\u00fdch rodi\u010d\u016f.<\/p>\n\n\n\n<p class=\"wp-block-paragraph\">A te\u010f m\u00e1lem vytvo\u0159il stejn\u00fd st\u00edn nad vlastn\u00edm synem.<\/p>\n\n\n\n<p class=\"wp-block-paragraph\">\u201eTo nechci,\u201c za\u0161eptal.<\/p>\n\n\n\n<p class=\"wp-block-paragraph\">\u201eTak mus\u00ed\u0161 kone\u010dn\u011b oplakat Davida.\u201c<\/p>\n\n\n\n<p class=\"wp-block-paragraph\">Nat\u00e1hla jsem p\u0159es st\u016fl ruku.<\/p>\n\n\n\n<p class=\"wp-block-paragraph\">\u201eNemus\u00ed\u0161 na n\u011bj zapomenout. Ale mus\u00ed\u0161 dovolit Davidovi z\u016fstat Davidem.\u201c<\/p>\n\n\n\n<p class=\"wp-block-paragraph\">Pod\u00edvala jsem se sm\u011brem k pokoji v pat\u0159e.<\/p>\n\n\n\n<p class=\"wp-block-paragraph\">\u201eA Theo m\u00e1 pr\u00e1vo b\u00fdt Theem.\u201c<\/p>\n\n\n\n<p class=\"wp-block-paragraph\">Tu noc Aaron kone\u010dn\u011b plakal.<\/p>\n\n\n\n<p class=\"wp-block-paragraph\">Ne ti\u0161e.<\/p>\n\n\n\n<p class=\"wp-block-paragraph\">Ne t\u00edm kontrolovan\u00fdm zp\u016fsobem, jak\u00fdm jsem u n\u011bj ob\u010das vid\u011bla truchlit.<\/p>\n\n\n\n<p class=\"wp-block-paragraph\">\u00dapln\u011b se zhroutil.<\/p>\n\n\n\n<p class=\"wp-block-paragraph\">Jako by z n\u011bj t\u0159icet let bolesti ode\u0161lo najednou.<\/p>\n\n\n\n<p class=\"wp-block-paragraph\">Obe\u0161la jsem st\u016fl a objala ho.<\/p>\n\n\n\n<p class=\"wp-block-paragraph\">Naho\u0159e spaly na\u0161e \u010dty\u0159i dcery.<\/p>\n\n\n\n<p class=\"wp-block-paragraph\">Theo spal ve sv\u00e9m pokoji, kter\u00fd Aaron vymaloval namodro.<\/p>\n\n\n\n<p class=\"wp-block-paragraph\">A dole byla kone\u010dn\u011b vyslovena skryt\u00e1 pravda, kter\u00e1 le\u017eela pod cel\u00fdm na\u0161\u00edm man\u017eelstv\u00edm.<\/p>\n\n\n\n<p class=\"wp-block-paragraph\">Nic se p\u0159es noc z\u00e1zra\u010dn\u011b nezm\u011bnilo.<\/p>\n\n\n\n<p class=\"wp-block-paragraph\">Ale t\u00e9 noci to v\u0161echno za\u010dalo.<\/p>\n\n\n\n<p class=\"wp-block-paragraph\">V n\u00e1sleduj\u00edc\u00edch t\u00fddnech za\u010dal Aaron chodit na terapii k odborn\u00edkovi, kter\u00fd se specializoval na trauma z d\u011btstv\u00ed a komplikovan\u00e9 truchlen\u00ed.<\/p>\n\n\n\n<p class=\"wp-block-paragraph\">N\u011bkter\u00e1 sezen\u00ed ho zanech\u00e1vala vy\u010derpan\u00e9ho.<\/p>\n\n\n\n<p class=\"wp-block-paragraph\">Jin\u00e1 jako by z n\u011bj sund\u00e1vala obrovsk\u00e9 b\u0159emeno.<\/p>\n\n\n\n<p class=\"wp-block-paragraph\">Postupn\u011b za\u010dal o Davidovi otev\u0159en\u011b mluvit.<\/p>\n\n\n\n<p class=\"wp-block-paragraph\">Nakonec o n\u011bm \u0159ekl i na\u0161im dcer\u00e1m.<\/p>\n\n\n\n<p class=\"wp-block-paragraph\">Vysv\u011btlil jim, \u017ee kdysi m\u011bly str\u00fd\u010dka Davida, kter\u00fd zem\u0159el, kdy\u017e byl tat\u00ednek je\u0161t\u011b d\u00edt\u011b.<\/p>\n\n\n\n<p class=\"wp-block-paragraph\">Na\u0161e nejstar\u0161\u00ed dcera Ellie se okam\u017eit\u011b zeptala na ot\u00e1zku, kterou d\u011bti z\u0159ejm\u011b v\u017edycky dok\u00e1\u017eou polo\u017eit s v\u011bt\u0161\u00ed odvahou ne\u017e dosp\u011bl\u00ed.<\/p>\n\n\n\n<p class=\"wp-block-paragraph\">\u201eByla to tvoje vina?\u201c<\/p>\n\n\n\n<p class=\"wp-block-paragraph\">Aaron na chv\u00edli zmlkl.<\/p>\n\n\n\n<p class=\"wp-block-paragraph\">Pak \u0159ekl:<\/p>\n\n\n\n<p class=\"wp-block-paragraph\">\u201eNe. Byla to nehoda. Dlouho jsem si myslel, \u017ee je to moje vina, ale u\u010d\u00edm se ch\u00e1pat, \u017ee nebyla.\u201c<\/p>\n\n\n\n<p class=\"wp-block-paragraph\">Kdy\u017e jsem ho sly\u0161ela tato slova vyslovit, v\u011bd\u011bla jsem, \u017ee neodpov\u00edd\u00e1 jen Ellie.<\/p>\n\n\n\n<p class=\"wp-block-paragraph\">Mluvil tak\u00e9 k jeden\u00e1ctilet\u00e9mu chlapci, kter\u00fdm kdysi byl a kter\u00fd t\u0159icet let \u010dekal, a\u017e mu n\u011bkdo \u0159ekne pr\u00e1v\u011b tohle.<\/p>\n\n\n\n<p class=\"wp-block-paragraph\">A pak tu byl Theo.<\/p>\n\n\n\n<p class=\"wp-block-paragraph\">B\u011bhem prvn\u00edch m\u011bs\u00edc\u016f jsem Aarona pe\u010dliv\u011b sledovala.<\/p>\n\n\n\n<p class=\"wp-block-paragraph\">N\u011bkdy jsem ho p\u0159istihla, jak hled\u00ed do post\u00fdlky s t\u00edm vzd\u00e1len\u00fdm v\u00fdrazem v o\u010d\u00edch.<\/p>\n\n\n\n<p class=\"wp-block-paragraph\">Na okam\u017eik jsem v\u011bd\u011bla, \u017ee vid\u00ed Davida.<\/p>\n\n\n\n<p class=\"wp-block-paragraph\">Ale n\u011bco se zm\u011bnilo.<\/p>\n\n\n\n<p class=\"wp-block-paragraph\">Nau\u010dil se vr\u00e1tit zp\u00e1tky.<\/p>\n\n\n\n<p class=\"wp-block-paragraph\">Mrkl, nadechl se a pod\u00edval se znovu.<\/p>\n\n\n\n<p class=\"wp-block-paragraph\">A pak uvid\u011bl Thea.<\/p>\n\n\n\n<p class=\"wp-block-paragraph\">Ne Davida.<\/p>\n\n\n\n<p class=\"wp-block-paragraph\"><strong>Thea.<\/strong><\/p>\n\n\n\n<p class=\"wp-block-paragraph\">Jeho jedine\u010dn\u00fd pl\u00e1\u010d.<\/p>\n\n\n\n<p class=\"wp-block-paragraph\">Jeho mal\u00e9 za\u0165at\u00e9 p\u011bsti\u010dky.<\/p>\n\n\n\n<p class=\"wp-block-paragraph\">Jeho vlastn\u00ed v\u00fdrazy.<\/p>\n\n\n\n<p class=\"wp-block-paragraph\">Jeho vlastn\u00ed osobnost, kter\u00e1 se za\u010d\u00ednala postupn\u011b ukazovat.<\/p>\n\n\n\n<p class=\"wp-block-paragraph\">Jednoho ve\u010dera jsem ti\u0161e st\u00e1la na chodb\u011b, zat\u00edmco se Aaron skl\u00e1n\u011bl nad Theovou post\u00fdlkou.<\/p>\n\n\n\n<p class=\"wp-block-paragraph\">\u201eV\u00ed\u0161 co?\u201c za\u0161eptal.<\/p>\n\n\n\n<p class=\"wp-block-paragraph\">\u201eNemus\u00ed\u0161 se kv\u016fli mn\u011b st\u00e1t nik\u00fdm jin\u00fdm.\u201c<\/p>\n\n\n\n<p class=\"wp-block-paragraph\">Aaron se usm\u00e1l.<\/p>\n\n\n\n<p class=\"wp-block-paragraph\">\u201eMus\u00ed\u0161 b\u00fdt prost\u011b ty. To je cel\u00fd tv\u016fj \u00fakol.\u201c<\/p>\n\n\n\n<p class=\"wp-block-paragraph\">Na chv\u00edli se odml\u010del.<\/p>\n\n\n\n<p class=\"wp-block-paragraph\">\u201eBudu t\u011b chr\u00e1nit, proto\u017ee jsi m\u016fj syn a miluju t\u011b. Ne proto, \u017ee n\u011bkomu n\u011bco dlu\u017e\u00edm.\u201c<\/p>\n\n\n\n<p class=\"wp-block-paragraph\">Pak jeho hlas je\u0161t\u011b zjemn\u011bl.<\/p>\n\n\n\n<p class=\"wp-block-paragraph\">\u201eA Davida jsem taky miloval.\u201c<\/p>\n\n\n\n<p class=\"wp-block-paragraph\">Ode\u0161la jsem d\u0159\u00edv, ne\u017e si Aaron v\u0161iml, \u017ee pl\u00e1\u010du.<\/p>\n\n\n\n<p class=\"wp-block-paragraph\">Na\u0161e man\u017eelstv\u00ed se potom zm\u011bnilo.<\/p>\n\n\n\n<p class=\"wp-block-paragraph\">Tich\u00fd odstup, kter\u00fd mezi n\u00e1mi tak dlouho existoval, kone\u010dn\u011b dostal sv\u00e9 jm\u00e9no.<\/p>\n\n\n\n<p class=\"wp-block-paragraph\">A jakmile jsme ho pojmenovali, za\u010dal pomalu mizet.<\/p>\n\n\n\n<p class=\"wp-block-paragraph\">Aaron p\u0159estal vn\u00edmat na\u0161e d\u011bti jako \u0159adu pokus\u016f.<\/p>\n\n\n\n<p class=\"wp-block-paragraph\">Za\u010dal ch\u00e1pat n\u011bco, co bylo pravdou od sam\u00e9ho za\u010d\u00e1tku.<\/p>\n\n\n\n<p class=\"wp-block-paragraph\">Na\u0161e rodina nikdy nebyla ne\u00fapln\u00e1.<\/p>\n\n\n\n<p class=\"wp-block-paragraph\">Ellie.<\/p>\n\n\n\n<p class=\"wp-block-paragraph\">Nora.<\/p>\n\n\n\n<p class=\"wp-block-paragraph\">Grace.<\/p>\n\n\n\n<p class=\"wp-block-paragraph\">Lily.<\/p>\n\n\n\n<p class=\"wp-block-paragraph\">A nakonec Theo.<\/p>\n\n\n\n<p class=\"wp-block-paragraph\">Ani jedno z t\u011bch d\u011bt\u00ed nebylo n\u00e1hradou.<\/p>\n\n\n\n<p class=\"wp-block-paragraph\">\u017d\u00e1dn\u00e9 z nich tu nebylo proto, aby napravilo minulost.<\/p>\n\n\n\n<p class=\"wp-block-paragraph\">Uplynuly roky.<\/p>\n\n\n\n<p class=\"wp-block-paragraph\">Theo vyrostl v chlapce, kter\u00fd byl \u00fapln\u011b jin\u00fd ne\u017e duch, kter\u00e9ho se Aaron kdysi b\u00e1l.<\/p>\n\n\n\n<p class=\"wp-block-paragraph\">Miluje dinosaury.<\/p>\n\n\n\n<p class=\"wp-block-paragraph\">Nikdy se nezastav\u00ed.<\/p>\n\n\n\n<p class=\"wp-block-paragraph\">Jeho \u010dty\u0159i star\u0161\u00ed sestry ho st\u0159\u00eddav\u011b tr\u00e1p\u00ed a br\u00e1n\u00ed p\u0159ed cel\u00fdm sv\u011btem.<\/p>\n\n\n\n<p class=\"wp-block-paragraph\">A nakonec za\u010dal Aaron br\u00e1t Thea k jezeru.<\/p>\n\n\n\n<p class=\"wp-block-paragraph\">To m\u011b p\u0159ekvapilo snad ze v\u0161eho nejv\u00edc.<\/p>\n\n\n\n<p class=\"wp-block-paragraph\">Theo st\u00e1le nebyl dobr\u00fd plavec.<\/p>\n\n\n\n<p class=\"wp-block-paragraph\">Aaron proto st\u00e1l vedle n\u011bj v m\u011blk\u00e9 vod\u011b, dr\u017eel ho pod t\u011blem a trp\u011bliv\u011b ho u\u010dil plavat.<\/p>\n\n\n\n<p class=\"wp-block-paragraph\">\u017d\u00e1dn\u00e9 v\u00fdzvy.<\/p>\n\n\n\n<p class=\"wp-block-paragraph\">\u017d\u00e1dn\u00fd tlak.<\/p>\n\n\n\n<p class=\"wp-block-paragraph\">\u017d\u00e1dn\u00e9 o\u010dek\u00e1v\u00e1n\u00ed, \u017ee odvaha znamen\u00e1 j\u00edt d\u00e1l, ne\u017e na co jsi p\u0159ipraven\u00fd.<\/p>\n\n\n\n<p class=\"wp-block-paragraph\">Jen trp\u011blivost.<\/p>\n\n\n\n<p class=\"wp-block-paragraph\">Ka\u017ed\u00e9 l\u00e9to, kolem v\u00fdro\u010d\u00ed Davidovy smrti, Aaron nav\u0161t\u011bvuje hrob sv\u00e9ho bratra.<\/p>\n\n\n\n<p class=\"wp-block-paragraph\">N\u011bkdy tam chod\u00edm s n\u00edm.<\/p>\n\n\n\n<p class=\"wp-block-paragraph\">Kdy\u017e byl Theo dost star\u00fd na to, aby tomu rozum\u011bl, Aaron mu o Davidovi vypr\u00e1v\u011bl.<\/p>\n\n\n\n<p class=\"wp-block-paragraph\">Vysv\u011btlil mu, \u017ee Theo m\u011bl kdysi str\u00fd\u010dka, kter\u00e9ho nikdy nemohl poznat.<\/p>\n\n\n\n<p class=\"wp-block-paragraph\">Chlapce, kter\u00fd miloval sm\u00edch, plav\u00e1n\u00ed a n\u00e1sledov\u00e1n\u00ed sv\u00e9ho star\u0161\u00edho bratra na ka\u017ed\u00e9m kroku.<\/p>\n\n\n\n<p class=\"wp-block-paragraph\">Theo poslouchal a v ruce dr\u017eel jednoho ze sv\u00fdch dinosau\u0159\u00edch hra\u010dek.<\/p>\n\n\n\n<p class=\"wp-block-paragraph\">Pak jednodu\u0161e \u0159ekl:<\/p>\n\n\n\n<p class=\"wp-block-paragraph\">\u201eK\u00e9\u017e bych ho mohl poznat.\u201c<\/p>\n\n\n\n<p class=\"wp-block-paragraph\">Aaron si ho p\u0159it\u00e1hl k sob\u011b.<\/p>\n\n\n\n<p class=\"wp-block-paragraph\">\u201eJ\u00e1 taky, kamar\u00e1de.\u201c<\/p>\n\n\n\n<p class=\"wp-block-paragraph\">A poprv\u00e9 mezi nimi nest\u00e1l \u017e\u00e1dn\u00fd duch.<\/p>\n\n\n\n<p class=\"wp-block-paragraph\">Jen l\u00e1ska.<\/p>\n\n\n\n<p class=\"wp-block-paragraph\">V ten den na porodn\u00edm s\u00e1le, kdy\u017e Aaron hled\u011bl na na\u0161eho novorozen\u00e9ho syna a za\u0161eptal: \u201eVypad\u00e1 \u00fapln\u011b jako David,\u201c jsem si myslela, \u017ee tato \u010dty\u0159i slova v\u0161echno zni\u010d\u00ed.<\/p>\n\n\n\n<p class=\"wp-block-paragraph\">M\u00edsto toho otev\u0159ela tajemstv\u00ed, kter\u00e9 bylo t\u0159icet let poh\u0159ben\u00e9.<\/p>\n\n\n\n<p class=\"wp-block-paragraph\">N\u011bkdy se n\u011bco mus\u00ed rozb\u00edt, abychom kone\u010dn\u011b uvid\u011bli, co se skr\u00fdvalo uvnit\u0159.<\/p>\n\n\n\n<p class=\"wp-block-paragraph\">Aaron cel\u00fd \u017eivot nosil sv\u00e9ho bratra pod povrchem.<\/p>\n\n\n\n<p class=\"wp-block-paragraph\">V\u011b\u0159il, \u017ee m\u00edt syna mu n\u011bjak umo\u017en\u00ed p\u0159epsat konec toho p\u0159\u00edb\u011bhu.<\/p>\n\n\n\n<p class=\"wp-block-paragraph\">Ale Theo se nikdy nem\u011bl st\u00e1t Davidem.<\/p>\n\n\n\n<p class=\"wp-block-paragraph\">Theo m\u011bl p\u0159in\u00e9st n\u011bco \u00fapln\u011b jin\u00e9ho.<\/p>\n\n\n\n<p class=\"wp-block-paragraph\">Donutil Aarona kone\u010dn\u011b pochopit, \u017ee Davida nepot\u0159ebuje p\u0159iv\u00e9st zp\u00e1tky.<\/p>\n\n\n\n<p class=\"wp-block-paragraph\">Mohl milovat bratra, kter\u00e9ho ztratil.<\/p>\n\n\n\n<p class=\"wp-block-paragraph\">Mohl pro n\u011bj truchlit.<\/p>\n\n\n\n<p class=\"wp-block-paragraph\">Mohl odpustit vyd\u011b\u0161en\u00e9mu jeden\u00e1ctilet\u00e9mu chlapci, kter\u00fdm kdysi byl.<\/p>\n\n\n\n<p class=\"wp-block-paragraph\">A pak se mohl oto\u010dit a kone\u010dn\u011b uvid\u011bt rodinu, kter\u00e1 celou dobu st\u00e1la po jeho boku.<\/p>\n\n\n\n<p class=\"wp-block-paragraph\">\u010cty\u0159i dcery.<\/p>\n\n\n\n<p class=\"wp-block-paragraph\">Jeden syn.<\/p>\n\n\n\n<p class=\"wp-block-paragraph\">A man\u017eelku, kter\u00e1 roky \u010dekala, a\u017e pochop\u00ed, \u017ee jsme byli v\u017edycky dost.<\/p>\n\n\n\n<p class=\"wp-block-paragraph\">Kdy\u017e se Aaron kone\u010dn\u011b vyno\u0159il z t\u0159iceti let smutku, st\u00e1le jsme tam byli.<\/p>\n\n\n\n<p class=\"wp-block-paragraph\">V\u017edycky jsme tam byli.<\/p>\n\n\n\n<p class=\"wp-block-paragraph\">Jen musel otev\u0159\u00edt o\u010di a kone\u010dn\u011b n\u00e1s uvid\u011bt.<\/p>\n\n\n\n<p class=\"wp-block-paragraph\"><\/p>\n","protected":false},"excerpt":{"rendered":"\u010c\u00e1st 1: Po \u010dty\u0159ech dcer\u00e1ch se m\u016fj man\u017eel kone\u010dn\u011b do\u010dkal syna, o kter\u00e9m cel\u00e9 roky snil. Ale ve chv\u00edli, kdy Aaron vzal na\u0161eho \n<a class=\"moretag\" href=\"https:\/\/vendeto.am\/?p=33158\"> [...]<\/a>","protected":false},"author":1,"featured_media":33160,"comment_status":"open","ping_status":"open","sticky":false,"template":"","format":"standard","meta":{"footnotes":""},"categories":[2],"tags":[],"class_list":["post-33158","post","type-post","status-publish","format-standard","has-post-thumbnail","hentry","category-sport"],"yoast_head":"<!-- This site is optimized with the Yoast SEO plugin v28.4 - https:\/\/yoast.com\/product\/yoast-seo-wordpress\/ -->\n<title>Po \u010dty\u0159ech dcer\u00e1ch se m\u016fj man\u017eel kone\u010dn\u011b do\u010dkal syna. Ale jeho prvn\u00ed slova m\u011b p\u0159ipravila o \u0159e\u010d -<\/title>\n<meta name=\"robots\" content=\"index, follow, max-snippet:-1, max-image-preview:large, max-video-preview:-1\" \/>\n<link rel=\"canonical\" href=\"https:\/\/vendeto.am\/?p=33158\" \/>\n<meta property=\"og:locale\" content=\"ru_RU\" \/>\n<meta property=\"og:type\" content=\"article\" \/>\n<meta property=\"og:title\" content=\"Po \u010dty\u0159ech dcer\u00e1ch se m\u016fj man\u017eel kone\u010dn\u011b do\u010dkal syna. Ale jeho prvn\u00ed slova m\u011b p\u0159ipravila o \u0159e\u010d -\" \/>\n<meta property=\"og:description\" content=\"\u010c\u00e1st 1: Po \u010dty\u0159ech dcer\u00e1ch se m\u016fj man\u017eel kone\u010dn\u011b do\u010dkal syna, o kter\u00e9m cel\u00e9 roky snil. Ale ve chv\u00edli, kdy Aaron vzal na\u0161eho\" \/>\n<meta property=\"og:url\" content=\"https:\/\/vendeto.am\/?p=33158\" \/>\n<meta property=\"article:published_time\" content=\"2026-09-02T18:37:26+00:00\" \/>\n<meta property=\"article:modified_time\" content=\"2026-09-02T18:46:53+00:00\" \/>\n<meta property=\"og:image\" content=\"https:\/\/vendeto.am\/wp-content\/uploads\/2026\/09\/family_golden_hour_portrait.jpg\" \/>\n\t<meta property=\"og:image:width\" content=\"1408\" \/>\n\t<meta property=\"og:image:height\" content=\"1760\" \/>\n\t<meta property=\"og:image:type\" content=\"image\/jpeg\" \/>\n<meta name=\"author\" content=\"admin\" \/>\n<meta name=\"twitter:card\" content=\"summary_large_image\" \/>\n<meta name=\"twitter:label1\" content=\"\u041d\u0430\u043f\u0438\u0441\u0430\u043d\u043e \u0430\u0432\u0442\u043e\u0440\u043e\u043c\" \/>\n\t<meta name=\"twitter:data1\" content=\"admin\" \/>\n\t<meta name=\"twitter:label2\" content=\"\u041f\u0440\u0438\u043c\u0435\u0440\u043d\u043e\u0435 \u0432\u0440\u0435\u043c\u044f \u0434\u043b\u044f \u0447\u0442\u0435\u043d\u0438\u044f\" \/>\n\t<meta name=\"twitter:data2\" content=\"15 \u043c\u0438\u043d\u0443\u0442\" \/>\n<script type=\"application\/ld+json\" class=\"yoast-schema-graph\">{\"@context\":\"https:\\\/\\\/schema.org\",\"@graph\":[{\"@type\":\"Article\",\"@id\":\"https:\\\/\\\/vendeto.am\\\/?p=33158#article\",\"isPartOf\":{\"@id\":\"https:\\\/\\\/vendeto.am\\\/?p=33158\"},\"author\":{\"name\":\"admin\",\"@id\":\"https:\\\/\\\/vendeto.am\\\/#\\\/schema\\\/person\\\/48a4bd89d2048190ecc61e5ce821bef7\"},\"headline\":\"Po \u010dty\u0159ech dcer\u00e1ch se m\u016fj man\u017eel kone\u010dn\u011b do\u010dkal syna. Ale jeho prvn\u00ed slova m\u011b p\u0159ipravila o \u0159e\u010d\",\"datePublished\":\"2026-09-02T18:37:26+00:00\",\"dateModified\":\"2026-09-02T18:46:53+00:00\",\"mainEntityOfPage\":{\"@id\":\"https:\\\/\\\/vendeto.am\\\/?p=33158\"},\"wordCount\":3574,\"commentCount\":0,\"image\":{\"@id\":\"https:\\\/\\\/vendeto.am\\\/?p=33158#primaryimage\"},\"thumbnailUrl\":\"https:\\\/\\\/vendeto.am\\\/wp-content\\\/uploads\\\/2026\\\/09\\\/family_golden_hour_portrait.jpg\",\"articleSection\":[\"SPORT\"],\"inLanguage\":\"ru-RU\",\"potentialAction\":[{\"@type\":\"CommentAction\",\"name\":\"Comment\",\"target\":[\"https:\\\/\\\/vendeto.am\\\/?p=33158#respond\"]}]},{\"@type\":\"WebPage\",\"@id\":\"https:\\\/\\\/vendeto.am\\\/?p=33158\",\"url\":\"https:\\\/\\\/vendeto.am\\\/?p=33158\",\"name\":\"Po \u010dty\u0159ech dcer\u00e1ch se m\u016fj man\u017eel kone\u010dn\u011b do\u010dkal syna. Ale jeho prvn\u00ed slova m\u011b p\u0159ipravila o \u0159e\u010d -\",\"isPartOf\":{\"@id\":\"https:\\\/\\\/vendeto.am\\\/#website\"},\"primaryImageOfPage\":{\"@id\":\"https:\\\/\\\/vendeto.am\\\/?p=33158#primaryimage\"},\"image\":{\"@id\":\"https:\\\/\\\/vendeto.am\\\/?p=33158#primaryimage\"},\"thumbnailUrl\":\"https:\\\/\\\/vendeto.am\\\/wp-content\\\/uploads\\\/2026\\\/09\\\/family_golden_hour_portrait.jpg\",\"datePublished\":\"2026-09-02T18:37:26+00:00\",\"dateModified\":\"2026-09-02T18:46:53+00:00\",\"author\":{\"@id\":\"https:\\\/\\\/vendeto.am\\\/#\\\/schema\\\/person\\\/48a4bd89d2048190ecc61e5ce821bef7\"},\"breadcrumb\":{\"@id\":\"https:\\\/\\\/vendeto.am\\\/?p=33158#breadcrumb\"},\"inLanguage\":\"ru-RU\",\"potentialAction\":[{\"@type\":\"ReadAction\",\"target\":[\"https:\\\/\\\/vendeto.am\\\/?p=33158\"]}]},{\"@type\":\"ImageObject\",\"inLanguage\":\"ru-RU\",\"@id\":\"https:\\\/\\\/vendeto.am\\\/?p=33158#primaryimage\",\"url\":\"https:\\\/\\\/vendeto.am\\\/wp-content\\\/uploads\\\/2026\\\/09\\\/family_golden_hour_portrait.jpg\",\"contentUrl\":\"https:\\\/\\\/vendeto.am\\\/wp-content\\\/uploads\\\/2026\\\/09\\\/family_golden_hour_portrait.jpg\",\"width\":1408,\"height\":1760},{\"@type\":\"BreadcrumbList\",\"@id\":\"https:\\\/\\\/vendeto.am\\\/?p=33158#breadcrumb\",\"itemListElement\":[{\"@type\":\"ListItem\",\"position\":1,\"name\":\"\u0413\u043b\u0430\u0432\u043d\u0430\u044f \u0441\u0442\u0440\u0430\u043d\u0438\u0446\u0430\",\"item\":\"https:\\\/\\\/vendeto.am\\\/\"},{\"@type\":\"ListItem\",\"position\":2,\"name\":\"Po \u010dty\u0159ech dcer\u00e1ch se m\u016fj man\u017eel kone\u010dn\u011b do\u010dkal syna. Ale jeho prvn\u00ed slova m\u011b p\u0159ipravila o \u0159e\u010d\"}]},{\"@type\":\"WebSite\",\"@id\":\"https:\\\/\\\/vendeto.am\\\/#website\",\"url\":\"https:\\\/\\\/vendeto.am\\\/\",\"name\":\"\",\"description\":\"\",\"potentialAction\":[{\"@type\":\"SearchAction\",\"target\":{\"@type\":\"EntryPoint\",\"urlTemplate\":\"https:\\\/\\\/vendeto.am\\\/?s={search_term_string}\"},\"query-input\":{\"@type\":\"PropertyValueSpecification\",\"valueRequired\":true,\"valueName\":\"search_term_string\"}}],\"inLanguage\":\"ru-RU\"},{\"@type\":\"Person\",\"@id\":\"https:\\\/\\\/vendeto.am\\\/#\\\/schema\\\/person\\\/48a4bd89d2048190ecc61e5ce821bef7\",\"name\":\"admin\",\"image\":{\"@type\":\"ImageObject\",\"inLanguage\":\"ru-RU\",\"@id\":\"https:\\\/\\\/secure.gravatar.com\\\/avatar\\\/df64e550a0653b7be0f1bcf897f33faad9c2c8153472b2d9319beafb51370f6f?s=96&d=mm&r=g\",\"url\":\"https:\\\/\\\/secure.gravatar.com\\\/avatar\\\/df64e550a0653b7be0f1bcf897f33faad9c2c8153472b2d9319beafb51370f6f?s=96&d=mm&r=g\",\"contentUrl\":\"https:\\\/\\\/secure.gravatar.com\\\/avatar\\\/df64e550a0653b7be0f1bcf897f33faad9c2c8153472b2d9319beafb51370f6f?s=96&d=mm&r=g\",\"caption\":\"admin\"},\"sameAs\":[\"http:\\\/\\\/vendeto.am\"],\"url\":\"https:\\\/\\\/vendeto.am\\\/?author=1\"}]}<\/script>\n<!-- \/ Yoast SEO plugin. -->","yoast_head_json":{"title":"Po \u010dty\u0159ech dcer\u00e1ch se m\u016fj man\u017eel kone\u010dn\u011b do\u010dkal syna. Ale jeho prvn\u00ed slova m\u011b p\u0159ipravila o \u0159e\u010d -","robots":{"index":"index","follow":"follow","max-snippet":"max-snippet:-1","max-image-preview":"max-image-preview:large","max-video-preview":"max-video-preview:-1"},"canonical":"https:\/\/vendeto.am\/?p=33158","og_locale":"ru_RU","og_type":"article","og_title":"Po \u010dty\u0159ech dcer\u00e1ch se m\u016fj man\u017eel kone\u010dn\u011b do\u010dkal syna. Ale jeho prvn\u00ed slova m\u011b p\u0159ipravila o \u0159e\u010d -","og_description":"\u010c\u00e1st 1: Po \u010dty\u0159ech dcer\u00e1ch se m\u016fj man\u017eel kone\u010dn\u011b do\u010dkal syna, o kter\u00e9m cel\u00e9 roky snil. Ale ve chv\u00edli, kdy Aaron vzal na\u0161eho","og_url":"https:\/\/vendeto.am\/?p=33158","article_published_time":"2026-09-02T18:37:26+00:00","article_modified_time":"2026-09-02T18:46:53+00:00","og_image":[{"width":1408,"height":1760,"url":"https:\/\/vendeto.am\/wp-content\/uploads\/2026\/09\/family_golden_hour_portrait.jpg","type":"image\/jpeg"}],"author":"admin","twitter_card":"summary_large_image","twitter_misc":{"\u041d\u0430\u043f\u0438\u0441\u0430\u043d\u043e \u0430\u0432\u0442\u043e\u0440\u043e\u043c":"admin","\u041f\u0440\u0438\u043c\u0435\u0440\u043d\u043e\u0435 \u0432\u0440\u0435\u043c\u044f \u0434\u043b\u044f \u0447\u0442\u0435\u043d\u0438\u044f":"15 \u043c\u0438\u043d\u0443\u0442"},"schema":{"@context":"https:\/\/schema.org","@graph":[{"@type":"Article","@id":"https:\/\/vendeto.am\/?p=33158#article","isPartOf":{"@id":"https:\/\/vendeto.am\/?p=33158"},"author":{"name":"admin","@id":"https:\/\/vendeto.am\/#\/schema\/person\/48a4bd89d2048190ecc61e5ce821bef7"},"headline":"Po \u010dty\u0159ech dcer\u00e1ch se m\u016fj man\u017eel kone\u010dn\u011b do\u010dkal syna. Ale jeho prvn\u00ed slova m\u011b p\u0159ipravila o \u0159e\u010d","datePublished":"2026-09-02T18:37:26+00:00","dateModified":"2026-09-02T18:46:53+00:00","mainEntityOfPage":{"@id":"https:\/\/vendeto.am\/?p=33158"},"wordCount":3574,"commentCount":0,"image":{"@id":"https:\/\/vendeto.am\/?p=33158#primaryimage"},"thumbnailUrl":"https:\/\/vendeto.am\/wp-content\/uploads\/2026\/09\/family_golden_hour_portrait.jpg","articleSection":["SPORT"],"inLanguage":"ru-RU","potentialAction":[{"@type":"CommentAction","name":"Comment","target":["https:\/\/vendeto.am\/?p=33158#respond"]}]},{"@type":"WebPage","@id":"https:\/\/vendeto.am\/?p=33158","url":"https:\/\/vendeto.am\/?p=33158","name":"Po \u010dty\u0159ech dcer\u00e1ch se m\u016fj man\u017eel kone\u010dn\u011b do\u010dkal syna. Ale jeho prvn\u00ed slova m\u011b p\u0159ipravila o \u0159e\u010d -","isPartOf":{"@id":"https:\/\/vendeto.am\/#website"},"primaryImageOfPage":{"@id":"https:\/\/vendeto.am\/?p=33158#primaryimage"},"image":{"@id":"https:\/\/vendeto.am\/?p=33158#primaryimage"},"thumbnailUrl":"https:\/\/vendeto.am\/wp-content\/uploads\/2026\/09\/family_golden_hour_portrait.jpg","datePublished":"2026-09-02T18:37:26+00:00","dateModified":"2026-09-02T18:46:53+00:00","author":{"@id":"https:\/\/vendeto.am\/#\/schema\/person\/48a4bd89d2048190ecc61e5ce821bef7"},"breadcrumb":{"@id":"https:\/\/vendeto.am\/?p=33158#breadcrumb"},"inLanguage":"ru-RU","potentialAction":[{"@type":"ReadAction","target":["https:\/\/vendeto.am\/?p=33158"]}]},{"@type":"ImageObject","inLanguage":"ru-RU","@id":"https:\/\/vendeto.am\/?p=33158#primaryimage","url":"https:\/\/vendeto.am\/wp-content\/uploads\/2026\/09\/family_golden_hour_portrait.jpg","contentUrl":"https:\/\/vendeto.am\/wp-content\/uploads\/2026\/09\/family_golden_hour_portrait.jpg","width":1408,"height":1760},{"@type":"BreadcrumbList","@id":"https:\/\/vendeto.am\/?p=33158#breadcrumb","itemListElement":[{"@type":"ListItem","position":1,"name":"\u0413\u043b\u0430\u0432\u043d\u0430\u044f \u0441\u0442\u0440\u0430\u043d\u0438\u0446\u0430","item":"https:\/\/vendeto.am\/"},{"@type":"ListItem","position":2,"name":"Po \u010dty\u0159ech dcer\u00e1ch se m\u016fj man\u017eel kone\u010dn\u011b do\u010dkal syna. Ale jeho prvn\u00ed slova m\u011b p\u0159ipravila o \u0159e\u010d"}]},{"@type":"WebSite","@id":"https:\/\/vendeto.am\/#website","url":"https:\/\/vendeto.am\/","name":"","description":"","potentialAction":[{"@type":"SearchAction","target":{"@type":"EntryPoint","urlTemplate":"https:\/\/vendeto.am\/?s={search_term_string}"},"query-input":{"@type":"PropertyValueSpecification","valueRequired":true,"valueName":"search_term_string"}}],"inLanguage":"ru-RU"},{"@type":"Person","@id":"https:\/\/vendeto.am\/#\/schema\/person\/48a4bd89d2048190ecc61e5ce821bef7","name":"admin","image":{"@type":"ImageObject","inLanguage":"ru-RU","@id":"https:\/\/secure.gravatar.com\/avatar\/df64e550a0653b7be0f1bcf897f33faad9c2c8153472b2d9319beafb51370f6f?s=96&d=mm&r=g","url":"https:\/\/secure.gravatar.com\/avatar\/df64e550a0653b7be0f1bcf897f33faad9c2c8153472b2d9319beafb51370f6f?s=96&d=mm&r=g","contentUrl":"https:\/\/secure.gravatar.com\/avatar\/df64e550a0653b7be0f1bcf897f33faad9c2c8153472b2d9319beafb51370f6f?s=96&d=mm&r=g","caption":"admin"},"sameAs":["http:\/\/vendeto.am"],"url":"https:\/\/vendeto.am\/?author=1"}]}},"_links":{"self":[{"href":"https:\/\/vendeto.am\/index.php?rest_route=\/wp\/v2\/posts\/33158","targetHints":{"allow":["GET"]}}],"collection":[{"href":"https:\/\/vendeto.am\/index.php?rest_route=\/wp\/v2\/posts"}],"about":[{"href":"https:\/\/vendeto.am\/index.php?rest_route=\/wp\/v2\/types\/post"}],"author":[{"embeddable":true,"href":"https:\/\/vendeto.am\/index.php?rest_route=\/wp\/v2\/users\/1"}],"replies":[{"embeddable":true,"href":"https:\/\/vendeto.am\/index.php?rest_route=%2Fwp%2Fv2%2Fcomments&post=33158"}],"version-history":[{"count":1,"href":"https:\/\/vendeto.am\/index.php?rest_route=\/wp\/v2\/posts\/33158\/revisions"}],"predecessor-version":[{"id":33159,"href":"https:\/\/vendeto.am\/index.php?rest_route=\/wp\/v2\/posts\/33158\/revisions\/33159"}],"wp:featuredmedia":[{"embeddable":true,"href":"https:\/\/vendeto.am\/index.php?rest_route=\/wp\/v2\/media\/33160"}],"wp:attachment":[{"href":"https:\/\/vendeto.am\/index.php?rest_route=%2Fwp%2Fv2%2Fmedia&parent=33158"}],"wp:term":[{"taxonomy":"category","embeddable":true,"href":"https:\/\/vendeto.am\/index.php?rest_route=%2Fwp%2Fv2%2Fcategories&post=33158"},{"taxonomy":"post_tag","embeddable":true,"href":"https:\/\/vendeto.am\/index.php?rest_route=%2Fwp%2Fv2%2Ftags&post=33158"}],"curies":[{"name":"wp","href":"https:\/\/api.w.org\/{rel}","templated":true}]}}