{"id":33161,"date":"2026-09-02T21:44:29","date_gmt":"2026-09-02T18:44:29","guid":{"rendered":"https:\/\/vendeto.am\/?p=33161"},"modified":"2026-09-02T21:44:32","modified_gmt":"2026-09-02T18:44:32","slug":"na-den-matek-se-mi-mama-podivala-primo-do-oci-a-rekla-prala-bych-si-abys-nikdy-nebyla-moje-dcera-vstala-jsem-a-odpovedela-tak-zij-jako-bys-nikdy-zadnou-nemela","status":"publish","type":"post","link":"https:\/\/vendeto.am\/?p=33161","title":{"rendered":"Na Den matek se mi m\u00e1ma pod\u00edvala p\u0159\u00edmo do o\u010d\u00ed a \u0159ekla: \u201eP\u0159\u00e1la bych si, abys nikdy nebyla moje dcera.\u201c Vstala jsem a odpov\u011bd\u011bla: \u201eTak \u017eij, jako bys nikdy \u017e\u00e1dnou nem\u011bla,\u201c a odjela ve sv\u00e9m SUV."},"content":{"rendered":"\n<p class=\"wp-block-paragraph\"><strong>Druh\u00fd den r\u00e1no mi telefon nep\u0159est\u00e1val zvonit \u2014 a najednou v\u0161ichni zoufale cht\u011bli, abych jim odpov\u011bd\u011bla.Druh\u00fd den r\u00e1no mi telefon nep\u0159est\u00e1val zvonit \u2014 a najednou v\u0161ichni zoufale cht\u011bli, abych jim odpov\u011bd\u011bla.<\/strong>\u201eP\u0159\u00e1la bych si, abys nikdy nebyla moje dcera.\u201c<\/p>\n\n\n\n<p class=\"wp-block-paragraph\">Moje matka, Diane Whitmoreov\u00e1, pronesla ta slova p\u0159es st\u016fl pln\u00fd kv\u011btin ke Dni matek, nedot\u010den\u00e9ho cheesecaku a drah\u00e9ho brunche, kter\u00fd jsem zaplatila.<\/p>\n\n\n\n<p class=\"wp-block-paragraph\">Pod\u00edvala se mi p\u0159\u00edmo do o\u010d\u00ed.<\/p>\n\n\n\n<p class=\"wp-block-paragraph\">N\u011bkolik vte\u0159in jsem se nedok\u00e1zala pohnout.<\/p>\n\n\n\n<p class=\"wp-block-paragraph\">M\u016fj star\u0161\u00ed bratr Ryan sklopil pohled k tal\u00ed\u0159i. Jeho \u017eena Melissa najednou v\u011bnovala ve\u0161kerou pozornost sv\u00e9mu ubrousku.<\/p>\n\n\n\n<p class=\"wp-block-paragraph\">Nikdo se m\u011b nezastal.<\/p>\n\n\n\n<p class=\"wp-block-paragraph\">M\u00e1ma si zalo\u017eila ruce na prsou.<\/p>\n\n\n\n<p class=\"wp-block-paragraph\">\u201eSly\u0161ela jsi m\u011b, Emily. Od t\u00e9 doby, co ses provdala za Daniela, se v\u0161echno to\u010d\u00ed kolem tv\u00e9 kari\u00e9ry, tv\u00e9ho domu a tv\u00e9ho \u017eivota. Sotva si vzpomene\u0161, \u017ee tahle rodina v\u016fbec existuje.\u201c<\/p>\n\n\n\n<p class=\"wp-block-paragraph\">Bylo mi t\u0159icet \u010dty\u0159i. Pracovala jsem jako region\u00e1ln\u00ed mana\u017eerka provozu v Charlotte v Severn\u00ed Karol\u00edn\u011b. Pracovala jsem \u0161edes\u00e1t hodin t\u00fddn\u011b, po smrti t\u00e1ty jsem m\u00e1m\u011b pom\u00e1hala se spl\u00e1cen\u00edm hypot\u00e9ky, zaplatila jsem Ryanovy pr\u00e1vn\u00ed v\u00fddaje b\u011bhem jeho rozvodu a p\u0159edchoz\u00ed V\u00e1noce jsem jela \u010dty\u0159i hodiny v mrznouc\u00edm de\u0161ti, proto\u017ee m\u00e1ma tvrdila, \u017ee \u201enesnese b\u00fdt sama v pr\u00e1zdn\u00e9m dom\u011b\u201c.<\/p>\n\n\n\n<p class=\"wp-block-paragraph\">Z\u0159ejm\u011b se nic z toho nepo\u010d\u00edtalo.<\/p>\n\n\n\n<p class=\"wp-block-paragraph\">\u201eCo p\u0159esn\u011b bych musela ud\u011blat, abych byla dobrou dcerou?\u201c zeptala jsem se ti\u0161e.<\/p>\n\n\n\n<p class=\"wp-block-paragraph\">\u201eN\u011bk\u00fdm, kdo d\u00e1v\u00e1 rodinu na prvn\u00ed m\u00edsto.\u201c<\/p>\n\n\n\n<p class=\"wp-block-paragraph\">Ryan kone\u010dn\u011b vzhl\u00e9dl.<\/p>\n\n\n\n<p class=\"wp-block-paragraph\">\u201eEmily, mo\u017en\u00e1 nen\u00ed vhodn\u00e1 chv\u00edle.\u201c<\/p>\n\n\n\n<p class=\"wp-block-paragraph\">Kr\u00e1tce jsem se zasm\u00e1la.<\/p>\n\n\n\n<p class=\"wp-block-paragraph\">Samoz\u0159ejm\u011b.<\/p>\n\n\n\n<p class=\"wp-block-paragraph\">Kdykoli jsem byla ta, kter\u00e9 n\u011bkdo ubl\u00ed\u017eil, nikdy nebyla vhodn\u00e1 chv\u00edle o tom mluvit.<\/p>\n\n\n\n<p class=\"wp-block-paragraph\">M\u00e1ma se odsunula od stolu.<\/p>\n\n\n\n<p class=\"wp-block-paragraph\">\u201eJ\u00e1 jsem pro tebe ob\u011btovala v\u0161echno.\u201c<\/p>\n\n\n\n<p class=\"wp-block-paragraph\">\u201eA j\u00e1 jsem polovinu sv\u00e9ho dosp\u011bl\u00e9ho \u017eivota spl\u00e1cela ob\u011bti, o kter\u00e9 jsem t\u011b nikdy ne\u017e\u00e1dala, abys mi je po\u0159\u00e1d p\u0159ipom\u00ednala.\u201c<\/p>\n\n\n\n<p class=\"wp-block-paragraph\">Jej\u00ed v\u00fdraz ztvrdl.<\/p>\n\n\n\n<p class=\"wp-block-paragraph\">A pak \u0159ekla v\u011btu, kter\u00e1 v\u0161echno ukon\u010dila.<\/p>\n\n\n\n<p class=\"wp-block-paragraph\">\u201eKdybych to mohla ud\u011blat znovu, v\u016fbec bych dceru nem\u011bla.\u201c<\/p>\n\n\n\n<p class=\"wp-block-paragraph\">S\u00e1hla jsem po kabelce.<\/p>\n\n\n\n<p class=\"wp-block-paragraph\">Daniel se dotkl m\u00e9ho z\u00e1p\u011bst\u00ed.<\/p>\n\n\n\n<p class=\"wp-block-paragraph\">\u201eEm.\u201c<\/p>\n\n\n\n<p class=\"wp-block-paragraph\">Zavrt\u011bla jsem hlavou.<\/p>\n\n\n\n<p class=\"wp-block-paragraph\">\u017d\u00e1dn\u00fd k\u0159ik.<\/p>\n\n\n\n<p class=\"wp-block-paragraph\">\u017d\u00e1dn\u00e9 slzy.<\/p>\n\n\n\n<p class=\"wp-block-paragraph\">Prost\u011b jsem vstala.<\/p>\n\n\n\n<p class=\"wp-block-paragraph\">\u201eTak \u017eij, jako bys nikdy \u017e\u00e1dnou nem\u011bla.\u201c<\/p>\n\n\n\n<p class=\"wp-block-paragraph\">M\u00e1ma zamrkala.<\/p>\n\n\n\n<figure class=\"wp-block-image is-resized\"><img decoding=\"async\" src=\"https:\/\/chexia.info\/wp-content\/uploads\/2026\/09\/restaurant_argument_daylight-819x1024.jpg\" alt=\"\" class=\"wp-image-10150\" style=\"aspect-ratio:0.7998046875;width:819px;height:auto\"\/><\/figure>\n\n\n\n<p class=\"wp-block-paragraph\">\u201eCo\u017ee?\u201c<\/p>\n\n\n\n<p class=\"wp-block-paragraph\">\u201eP\u0159eje\u0161 si, abych nikdy nebyla tvoje dcera. Dob\u0159e. Od dne\u0161n\u00edho dne \u017e\u00e1dnou nem\u00e1\u0161.\u201c<\/p>\n\n\n\n<p class=\"wp-block-paragraph\">Ryan se uchechtl.<\/p>\n\n\n\n<p class=\"wp-block-paragraph\">\u201eNedramatizuj.\u201c<\/p>\n\n\n\n<p class=\"wp-block-paragraph\">Pod\u00edvala jsem se p\u0159\u00edmo na n\u011bj.<\/p>\n\n\n\n<p class=\"wp-block-paragraph\">\u201eZ\u00edtra to pochop\u00ed\u0161.\u201c<\/p>\n\n\n\n<p class=\"wp-block-paragraph\">Daniel m\u011b beze slova n\u00e1sledoval ven.<\/p>\n\n\n\n<p class=\"wp-block-paragraph\">Nasedla jsem do sv\u00e9ho \u010dern\u00e9ho SUV, nastartovala a odjela, zat\u00edmco m\u011b m\u00e1ma sledovala oknem restaurace.<\/p>\n\n\n\n<p class=\"wp-block-paragraph\">Ten ve\u010der jsem zablokovala jej\u00ed \u010d\u00edslo.<\/p>\n\n\n\n<p class=\"wp-block-paragraph\">Pak Ryanovo.<\/p>\n\n\n\n<p class=\"wp-block-paragraph\">A potom Melissino.<\/p>\n\n\n\n<p class=\"wp-block-paragraph\">Spala jsem l\u00e9pe ne\u017e za posledn\u00ed m\u011bs\u00edce.<\/p>\n\n\n\n<p class=\"wp-block-paragraph\">V 6:17 r\u00e1no se mi telefon za\u010dal t\u0159\u00e1st na no\u010dn\u00edm stolku.<\/p>\n\n\n\n<p class=\"wp-block-paragraph\">Jeden hovor.<\/p>\n\n\n\n<p class=\"wp-block-paragraph\">Pak dal\u0161\u00ed.<\/p>\n\n\n\n<p class=\"wp-block-paragraph\">A potom dal\u0161\u00edch \u0161est.<\/p>\n\n\n\n<p class=\"wp-block-paragraph\">Daniel zvedl sv\u016fj telefon.<\/p>\n\n\n\n<p class=\"wp-block-paragraph\">V\u00fdraz v obli\u010deji se mu zm\u011bnil.<\/p>\n\n\n\n<p class=\"wp-block-paragraph\">\u201eEmily.\u201c<\/p>\n\n\n\n<p class=\"wp-block-paragraph\">\u201eCo?\u201c<\/p>\n\n\n\n<p class=\"wp-block-paragraph\">Oto\u010dil ke mn\u011b displej.<\/p>\n\n\n\n<p class=\"wp-block-paragraph\">Dvacet t\u0159i zme\u0161kan\u00fdch hovor\u016f.<\/p>\n\n\n\n<p class=\"wp-block-paragraph\">T\u0159i hlasov\u00e9 zpr\u00e1vy.<\/p>\n\n\n\n<p class=\"wp-block-paragraph\">Dv\u011b zpr\u00e1vy od Ryana.<\/p>\n\n\n\n<p class=\"wp-block-paragraph\">Ta nejnov\u011bj\u0161\u00ed zn\u011bla:<\/p>\n\n\n\n<p class=\"wp-block-paragraph\"><strong>Zavolej mi HNED. M\u00e1m\u011b banka strhla hypot\u00e9ku a nepro\u0161la ani platba za poji\u0161t\u011bn\u00ed. Co jsi ud\u011blala?<\/strong><\/p>\n\n\n\n<p class=\"wp-block-paragraph\">Z\u00edrala jsem na obrazovku.<\/p>\n\n\n\n<p class=\"wp-block-paragraph\">Objevila se dal\u0161\u00ed zpr\u00e1va.<\/p>\n\n\n\n<p class=\"wp-block-paragraph\"><strong>Emily, tohle nen\u00ed vtipn\u00e9. M\u00e1ma m\u016f\u017ee p\u0159ij\u00edt o d\u016fm.<\/strong><\/p>\n\n\n\n<p class=\"wp-block-paragraph\">Pomalu jsem se posadila.<\/p>\n\n\n\n<p class=\"wp-block-paragraph\">Poprv\u00e9 po letech jsem se usm\u00e1la, ani\u017e bych c\u00edtila vinu.<\/p>\n\n\n\n<h1 class=\"wp-block-heading\">\u010c\u00c1ST 2<\/h1>\n\n\n\n<p class=\"wp-block-paragraph\">Ryan nech\u00e1pal jednu v\u011bc.<\/p>\n\n\n\n<p class=\"wp-block-paragraph\">Nic se ve skute\u010dnosti \u201enepokazilo\u201c.<\/p>\n\n\n\n<p class=\"wp-block-paragraph\">J\u00e1 jsem pouze p\u0159estala platit \u00fa\u010dty, kter\u00e9 nikdy nebyly moje.<\/p>\n\n\n\n<p class=\"wp-block-paragraph\">\u010cty\u0159i roky po t\u00e1tov\u011b smrti m\u00e1ma v\u0161em \u0159\u00edkala, \u017ee p\u0159e\u017e\u00edv\u00e1 z jeho skromn\u00e9ho d\u016fchodu a d\u00e1vek soci\u00e1ln\u00edho zabezpe\u010den\u00ed.<\/p>\n\n\n\n<p class=\"wp-block-paragraph\">Technicky to byla pravda.<\/p>\n\n\n\n<p class=\"wp-block-paragraph\">Jen zaml\u010dovala, \u017ee rozd\u00edl dopl\u00e1c\u00edm j\u00e1.<\/p>\n\n\n\n<p class=\"wp-block-paragraph\">Ka\u017ed\u00fd m\u011bs\u00edc odch\u00e1zelo z m\u00e9ho \u00fa\u010dtu 1 460 dolar\u016f na jej\u00ed hypot\u00e9ku. Dal\u0161\u00edch 310 dolar\u016f pokr\u00fdvalo poji\u0161t\u011bn\u00ed domu a nedoplatek v \u00faschov\u011b. Platila jsem jej\u00ed telefon, poji\u0161t\u011bn\u00ed auta a tak\u00e9 p\u0159ipoji\u0161t\u011bn\u00ed ke zdravotn\u00edmu poji\u0161t\u011bn\u00ed, proto\u017ee se neust\u00e1le b\u00e1la, \u017ee onemocn\u00ed a nebude si moci dovolit l\u00e9\u010dbu.<\/p>\n\n\n\n<p class=\"wp-block-paragraph\">Celkem jsem t\u00e9m\u011b\u0159 2 400 dolar\u016f m\u011bs\u00ed\u010dn\u011b utr\u00e1cela za udr\u017eov\u00e1n\u00ed jej\u00edho \u017eivotn\u00edho stylu.<\/p>\n\n\n\n<p class=\"wp-block-paragraph\">Ryan o n\u011b\u010dem z toho v\u011bd\u011bl.<\/p>\n\n\n\n<p class=\"wp-block-paragraph\">Jen d\u00e1val p\u0159ednost tomu, aby p\u0159esn\u011b nev\u011bd\u011bl o \u010dem.<\/p>\n\n\n\n<p class=\"wp-block-paragraph\">V 7:05 r\u00e1no zavolalo nezn\u00e1m\u00e9 \u010d\u00edslo.<\/p>\n\n\n\n<p class=\"wp-block-paragraph\">Zvedla jsem telefon.<\/p>\n\n\n\n<p class=\"wp-block-paragraph\">Okam\u017eit\u011b jsem poznala Ryan\u016fv hlas.<\/p>\n\n\n\n<p class=\"wp-block-paragraph\">\u201eEmily?\u201c<\/p>\n\n\n\n<p class=\"wp-block-paragraph\">P\u016fj\u010dil si telefon n\u011bkoho jin\u00e9ho.<\/p>\n\n\n\n<p class=\"wp-block-paragraph\">\u201eZablokovala jsi m\u011b?\u201c<\/p>\n\n\n\n<p class=\"wp-block-paragraph\">\u201eAno.\u201c<\/p>\n\n\n\n<p class=\"wp-block-paragraph\">\u201eCo je s tebou sakra \u0161patn\u011b?\u201c<\/p>\n\n\n\n<p class=\"wp-block-paragraph\">Sch\u00e1zela jsem dol\u016f, zat\u00edmco Daniel p\u0159ipravoval k\u00e1vu.<\/p>\n\n\n\n<p class=\"wp-block-paragraph\">\u201eDobr\u00e9 r\u00e1no i tob\u011b.\u201c<\/p>\n\n\n\n<p class=\"wp-block-paragraph\">Ryan se nezasm\u00e1l.<\/p>\n\n\n\n<p class=\"wp-block-paragraph\">\u201eM\u00e1ma \u0161\u00edl\u00ed. Jej\u00ed hypote\u010dn\u00ed \u00fa\u010det ukazuje, \u017ee byla zru\u0161ena automatick\u00e1 platba.\u201c<\/p>\n\n\n\n<p class=\"wp-block-paragraph\">\u201eByla.\u201c<\/p>\n\n\n\n<p class=\"wp-block-paragraph\">\u201eTy jsi ji zru\u0161ila?\u201c<\/p>\n\n\n\n<p class=\"wp-block-paragraph\">\u201eAno.\u201c<\/p>\n\n\n\n<p class=\"wp-block-paragraph\">\u201ePro\u010d?\u201c<\/p>\n\n\n\n<p class=\"wp-block-paragraph\">Zastavila jsem se u kuchy\u0148sk\u00e9ho ostr\u016fvku.<\/p>\n\n\n\n<p class=\"wp-block-paragraph\">\u201eProto\u017ee u\u017e nem\u00e1 dceru.\u201c<\/p>\n\n\n\n<p class=\"wp-block-paragraph\">Ticho.<\/p>\n\n\n\n<p class=\"wp-block-paragraph\">Pak Ryan zti\u0161il hlas.<\/p>\n\n\n\n<p class=\"wp-block-paragraph\">\u201eNo tak. Byla na\u0161tvan\u00e1.\u201c<\/p>\n\n\n\n<p class=\"wp-block-paragraph\">\u201eByla velmi konkr\u00e9tn\u00ed.\u201c<\/p>\n\n\n\n<p class=\"wp-block-paragraph\">\u201eNemyslela to v\u00e1\u017en\u011b.\u201c<\/p>\n\n\n\n<p class=\"wp-block-paragraph\">\u201eTo je pohodln\u00e9.\u201c<\/p>\n\n\n\n<p class=\"wp-block-paragraph\">Jeho t\u00f3n zost\u0159il.<\/p>\n\n\n\n<p class=\"wp-block-paragraph\">\u201eNem\u016f\u017ee\u0161 ji finan\u010dn\u011b trestat kv\u016fli jedn\u00e9 v\u011bt\u011b.\u201c<\/p>\n\n\n\n<p class=\"wp-block-paragraph\">\u201eNikoho netrest\u00e1m. Jen u\u017e nebudu dotovat \u010dlov\u011bka, kter\u00fd otev\u0159en\u011b prohl\u00e1sil, \u017ee si p\u0159eje, abych neexistovala.\u201c<\/p>\n\n\n\n<p class=\"wp-block-paragraph\">Ryan hlasit\u011b vydechl.<\/p>\n\n\n\n<p class=\"wp-block-paragraph\">\u201eV\u017edy\u0165 v\u00ed\u0161, \u017ee si nem\u016f\u017ee v\u0161echno dovolit.\u201c<\/p>\n\n\n\n<p class=\"wp-block-paragraph\">\u201eTak j\u00ed pom\u00e1hej ty.\u201c<\/p>\n\n\n\n<p class=\"wp-block-paragraph\">Dal\u0161\u00ed ticho.<\/p>\n\n\n\n<p class=\"wp-block-paragraph\">A pr\u00e1v\u011b v tom byl skute\u010dn\u00fd probl\u00e9m.<\/p>\n\n\n\n<p class=\"wp-block-paragraph\">Ryanovi bylo jedna\u010dty\u0159icet, vyd\u011bl\u00e1val t\u00e9m\u011b\u0159 devades\u00e1t tis\u00edc dolar\u016f ro\u010dn\u011b v obchodn\u00edm prodeji, jezdil nov\u00fdm pick-upem, ka\u017ed\u00fd rok jezdil dvakr\u00e1t na dovolenou a p\u0159esto nikdy nem\u011bl pen\u00edze, kdy\u017e m\u00e1ma n\u011bco pot\u0159ebovala.<\/p>\n\n\n\n<p class=\"wp-block-paragraph\">Nakonec \u0159ekl:<\/p>\n\n\n\n<p class=\"wp-block-paragraph\">\u201eM\u00e1m dv\u011b d\u011bti.\u201c<\/p>\n\n\n\n<p class=\"wp-block-paragraph\">\u201eA?\u201c<\/p>\n\n\n\n<p class=\"wp-block-paragraph\">\u201eEmily.\u201c<\/p>\n\n\n\n<p class=\"wp-block-paragraph\">\u201eV\u010dera jsi mi \u0159ekl, \u017ee dramatizuju. Dnes mi vol\u00e1\u0161 je\u0161t\u011b p\u0159ed sn\u00eddan\u00ed, proto\u017ee moje drama stoj\u00ed pen\u00edze.\u201c<\/p>\n\n\n\n<p class=\"wp-block-paragraph\">Za\u010dal mluvit p\u0159es m\u011b.<\/p>\n\n\n\n<p class=\"wp-block-paragraph\">Zav\u011bsila jsem.<\/p>\n\n\n\n<p class=\"wp-block-paragraph\">Do dev\u00edti hodin zavolala m\u00e1mina nejlep\u0161\u00ed kamar\u00e1dka.<\/p>\n\n\n\n<p class=\"wp-block-paragraph\">Pak moje teta.<\/p>\n\n\n\n<p class=\"wp-block-paragraph\">A potom sest\u0159enice, se kterou jsem od roku 2019 nemluvila.<\/p>\n\n\n\n<p class=\"wp-block-paragraph\">P\u0159\u00edb\u011bh se u\u017e \u0161\u00ed\u0159il: Emily opustila svou truchl\u00edc\u00ed matku kv\u016fli \u201enedorozum\u011bn\u00ed\u201c.<\/p>\n\n\n\n<p class=\"wp-block-paragraph\">Zvl\u00e1\u0161tn\u00ed bylo, \u017ee nikdo neopakoval, co m\u00e1ma skute\u010dn\u011b \u0159ekla.<\/p>\n\n\n\n<p class=\"wp-block-paragraph\">V poledne mi p\u0159i\u0161el e-mail od n\u00ed s p\u0159edm\u011btem:<\/p>\n\n\n\n<p class=\"wp-block-paragraph\"><strong>Douf\u00e1m, \u017ee jsi na sebe py\u0161n\u00e1.<\/strong><\/p>\n\n\n\n<p class=\"wp-block-paragraph\">T\u0159i odstavce o pon\u00ed\u017een\u00ed, ob\u011btech a rodinn\u00e9 oddanosti.<\/p>\n\n\n\n<p class=\"wp-block-paragraph\">Ani jedna v\u011bta neobsahovala slova \u201epromi\u0148\u201c.<\/p>\n\n\n\n<p class=\"wp-block-paragraph\">P\u0159eposlala jsem ho Danielovi.<\/p>\n\n\n\n<p class=\"wp-block-paragraph\">Okam\u017eit\u011b mi zavolal.<\/p>\n\n\n\n<p class=\"wp-block-paragraph\">\u201eNeodpov\u00eddej.\u201c<\/p>\n\n\n\n<p class=\"wp-block-paragraph\">\u201eNem\u011bla jsem to v \u00famyslu.\u201c<\/p>\n\n\n\n<p class=\"wp-block-paragraph\">Na chv\u00edli se odml\u010del.<\/p>\n\n\n\n<p class=\"wp-block-paragraph\">\u201eV\u00ed\u0161, co o\u010dek\u00e1v\u00e1, \u017ee ud\u011bl\u00e1\u0161, \u017ee?\u201c<\/p>\n\n\n\n<p class=\"wp-block-paragraph\">\u201eAno.\u201c<\/p>\n\n\n\n<p class=\"wp-block-paragraph\">\u201eO\u010dek\u00e1v\u00e1, \u017ee zpanika\u0159\u00ed\u0161.\u201c<\/p>\n\n\n\n<p class=\"wp-block-paragraph\">Pod\u00edvala jsem se z okna sv\u00e9 kancel\u00e1\u0159e na provoz na d\u00e1lnici Interstate 77.<\/p>\n\n\n\n<p class=\"wp-block-paragraph\">\u201ePro jednou m\u016f\u017ee panika\u0159it ona.\u201c<\/p>\n\n\n\n<p class=\"wp-block-paragraph\">Odpoledne jsem zjistila dal\u0161\u00ed v\u00fddaj.<\/p>\n\n\n\n<p class=\"wp-block-paragraph\">Elekt\u0159ina byla psan\u00e1 na m\u00e1mino jm\u00e9no, ale moje karta byla t\u00e9m\u011b\u0159 t\u0159i roky p\u0159ipojena k automatick\u00fdm platb\u00e1m.<\/p>\n\n\n\n<p class=\"wp-block-paragraph\">Zru\u0161ila jsem ji.<\/p>\n\n\n\n<p class=\"wp-block-paragraph\">Pak streamovac\u00ed slu\u017eby.<\/p>\n\n\n\n<p class=\"wp-block-paragraph\">Potom asisten\u010dn\u00ed slu\u017ebu.<\/p>\n\n\n\n<p class=\"wp-block-paragraph\">Pak p\u0159edplatn\u00e9 dovozu l\u00e9k\u016f z l\u00e9k\u00e1rny.<\/p>\n\n\n\n<p class=\"wp-block-paragraph\">Nakonec jsem otev\u0159ela tabulku.<\/p>\n\n\n\n<p class=\"wp-block-paragraph\">Ne proto, \u017ee bych byla na\u0161tvan\u00e1.<\/p>\n\n\n\n<p class=\"wp-block-paragraph\">Cht\u011bla jsem v\u011bd\u011bt, kolik m\u011b skute\u010dn\u011b stoj\u00ed b\u00fdt dcerou, o kter\u00e9 moje matka tvrd\u00ed, \u017ee si p\u0159\u00e1la, aby nikdy neexistovala.<\/p>\n\n\n\n<p class=\"wp-block-paragraph\">Ro\u010dn\u00ed \u010d\u00e1stka m\u011b \u0161okovala.<\/p>\n\n\n\n<p class=\"wp-block-paragraph\"><strong>31 842 dolar\u016f.<\/strong><\/p>\n\n\n\n<p class=\"wp-block-paragraph\">A to nezahrnovalo mimo\u0159\u00e1dn\u00e9 v\u00fddaje, nov\u00fd oh\u0159\u00edva\u010d vody, opravu st\u0159echy, Ryanova pr\u00e1vn\u00edka, m\u00e1miny zubn\u00ed implant\u00e1ty ani 8 000 dolar\u016f, kter\u00e9 jsem j\u00ed jednou poslala, kdy\u017e tvrdila, \u017ee je \u201ejedna katastrofa od bankrotu\u201c.<\/p>\n\n\n\n<p class=\"wp-block-paragraph\">Ten ve\u010der p\u0159i\u0161el Daniel dom\u016f s thajsk\u00fdm j\u00eddlem a na\u0161el m\u011b z\u00edrat na tabulku.<\/p>\n\n\n\n<p class=\"wp-block-paragraph\">\u201eKolik?\u201c zeptal se.<\/p>\n\n\n\n<p class=\"wp-block-paragraph\">\u201eP\u0159es t\u0159icet jedna tis\u00edc ro\u010dn\u011b.\u201c<\/p>\n\n\n\n<p class=\"wp-block-paragraph\">Posadil se vedle m\u011b.<\/p>\n\n\n\n<p class=\"wp-block-paragraph\">\u201eV\u011bd\u011bla jsi, \u017ee je toho hodn\u011b.\u201c<\/p>\n\n\n\n<p class=\"wp-block-paragraph\">\u201eNev\u011bd\u011bla jsem, \u017ee v podstat\u011b plat\u00edm druhou hypot\u00e9ku.\u201c<\/p>\n\n\n\n<p class=\"wp-block-paragraph\">Telefon zavibroval.<\/p>\n\n\n\n<p class=\"wp-block-paragraph\">Zpr\u00e1va od tety Patricie:<\/p>\n\n\n\n<p class=\"wp-block-paragraph\"><strong>Tvoje matka \u0159\u00edk\u00e1, \u017ee se ji sna\u017e\u00ed\u0161 p\u0159ipravit o st\u0159echu nad hlavou.<\/strong><\/p>\n\n\n\n<p class=\"wp-block-paragraph\">Odepsala jsem:<\/p>\n\n\n\n<p class=\"wp-block-paragraph\"><strong>Ne. Jen jsem p\u0159estala platit za d\u016fm, kter\u00fd mi nepat\u0159\u00ed.<\/strong><\/p>\n\n\n\n<p class=\"wp-block-paragraph\">Patricie odpov\u011bd\u011bla t\u00e9m\u011b\u0159 okam\u017eit\u011b:<\/p>\n\n\n\n<p class=\"wp-block-paragraph\"><strong>Je to tvoje matka.<\/strong><\/p>\n\n\n\n<p class=\"wp-block-paragraph\">Chv\u00edli jsem z\u00edrala na obrazovku, ne\u017e jsem odpov\u011bd\u011bla:<\/p>\n\n\n\n<p class=\"wp-block-paragraph\"><strong>A v\u010dera si p\u0159\u00e1la, aby nebyla.<\/strong><\/p>\n\n\n\n<p class=\"wp-block-paragraph\">\u017d\u00e1dn\u00e1 odpov\u011b\u010f nep\u0159i\u0161la.<\/p>\n\n\n\n<p class=\"wp-block-paragraph\">Dva dny telefon\u00e1ty pokra\u010dovaly.<\/p>\n\n\n\n<p class=\"wp-block-paragraph\">Ve st\u0159edu r\u00e1no se Ryan objevil v m\u00e9 kancel\u00e1\u0159i bez objedn\u00e1n\u00ed a odm\u00edtal odej\u00edt z recepce, dokud ho bezpe\u010dnostn\u00ed slu\u017eba neposlala nahoru.<\/p>\n\n\n\n<p class=\"wp-block-paragraph\">\u201eTv\u016fj bratr \u0159\u00edk\u00e1, \u017ee jde o rodinnou nouzi.\u201c<\/p>\n\n\n\n<p class=\"wp-block-paragraph\">M\u00e1lem jsem odm\u00edtla se s n\u00edm setkat.<\/p>\n\n\n\n<p class=\"wp-block-paragraph\">Pak jsem si to rozmyslela.<\/p>\n\n\n\n<p class=\"wp-block-paragraph\">Kdy\u017e Ryan vstoupil do konferen\u010dn\u00ed m\u00edstnosti, tv\u00e1\u0159 m\u011bl rudou vzteky.<\/p>\n\n\n\n<p class=\"wp-block-paragraph\">\u201eMus\u00ed\u0161 to napravit.\u201c<\/p>\n\n\n\n<p class=\"wp-block-paragraph\">Op\u0159ela jsem se v k\u0159esle.<\/p>\n\n\n\n<p class=\"wp-block-paragraph\">\u201eCo se stalo?\u201c<\/p>\n\n\n\n<p class=\"wp-block-paragraph\">\u201eM\u00e1ma mluvila s bankou.\u201c<\/p>\n\n\n\n<p class=\"wp-block-paragraph\">\u201eA?\u201c<\/p>\n\n\n\n<p class=\"wp-block-paragraph\">\u201eM\u00e1 \u0161est let do splacen\u00ed hypot\u00e9ky. Nem\u016f\u017ee refinancovat kv\u016fli sv\u00e9mu p\u0159\u00edjmu.\u201c<\/p>\n\n\n\n<p class=\"wp-block-paragraph\">\u201eTo je informace, kterou m\u011bla zn\u00e1t.\u201c<\/p>\n\n\n\n<p class=\"wp-block-paragraph\">Jeho hlas zes\u00edlil.<\/p>\n\n\n\n<p class=\"wp-block-paragraph\">\u201eBude muset prodat d\u016fm.\u201c<\/p>\n\n\n\n<p class=\"wp-block-paragraph\">\u010cekala jsem.<\/p>\n\n\n\n<p class=\"wp-block-paragraph\">Ryan se na m\u011b pod\u00edval.<\/p>\n\n\n\n<p class=\"wp-block-paragraph\">A najednou jsem to pochopila.<\/p>\n\n\n\n<p class=\"wp-block-paragraph\">\u201eProto jsi tady.\u201c<\/p>\n\n\n\n<p class=\"wp-block-paragraph\">\u201eCo?\u201c<\/p>\n\n\n\n<p class=\"wp-block-paragraph\">\u201eNez\u00e1le\u017e\u00ed ti na tom, \u017ee mi ubl\u00ed\u017eila. Z\u00e1le\u017e\u00ed ti na tom, \u017ee pokud d\u016fm prod\u00e1, p\u0159ijde\u0161 o d\u016fm, o kter\u00e9m jsi p\u0159edpokl\u00e1dal, \u017ee ho jednou zd\u011bd\u00ed\u0161.\u201c<\/p>\n\n\n\n<p class=\"wp-block-paragraph\">Jeho v\u00fdraz se zm\u011bnil.<\/p>\n\n\n\n<p class=\"wp-block-paragraph\">A najednou cel\u00e1 ta \u201erodinn\u00e1 nouze\u201c d\u00e1vala smysl.<\/p>\n\n\n\n<h1 class=\"wp-block-heading\">\u010c\u00c1ST 3<\/h1>\n\n\n\n<p class=\"wp-block-paragraph\">Ryan\u016fv v\u00fdraz se zm\u011bnil tak rychle, \u017ee se stejn\u011b mohl rovnou p\u0159iznat.<\/p>\n\n\n\n<p class=\"wp-block-paragraph\">\u201eTo je sm\u011b\u0161n\u00e9,\u201c \u0159ekl.<\/p>\n\n\n\n<p class=\"wp-block-paragraph\">\u201eJe?\u201c<\/p>\n\n\n\n<p class=\"wp-block-paragraph\">\u201eAno.\u201c<\/p>\n\n\n\n<p class=\"wp-block-paragraph\">Zalo\u017eila jsem ruce.<\/p>\n\n\n\n<p class=\"wp-block-paragraph\">\u201eTak mi \u0159ekni, pro\u010d jsi tady.\u201c<\/p>\n\n\n\n<p class=\"wp-block-paragraph\">\u201eProto\u017ee m\u00e1m\u011b je sedmdes\u00e1t.\u201c<\/p>\n\n\n\n<p class=\"wp-block-paragraph\">\u201eJe j\u00ed \u0161edes\u00e1t osm.\u201c<\/p>\n\n\n\n<p class=\"wp-block-paragraph\">\u201eV\u00ed\u0161, jak to mysl\u00edm.\u201c<\/p>\n\n\n\n<p class=\"wp-block-paragraph\">\u201eNe, Ryane. Nev\u00edm.\u201c<\/p>\n\n\n\n<p class=\"wp-block-paragraph\">P\u0159e\u0161el ke konferen\u010dn\u00edmu oknu.<\/p>\n\n\n\n<p class=\"wp-block-paragraph\">\u201eTahle rodina se v\u017edycky starala jeden o druh\u00e9ho.\u201c<\/p>\n\n\n\n<p class=\"wp-block-paragraph\">M\u00e1lem jsem se zasm\u00e1la.<\/p>\n\n\n\n<p class=\"wp-block-paragraph\">M\u00edsto toho jsem otev\u0159ela notebook.<\/p>\n\n\n\n<p class=\"wp-block-paragraph\">\u201eChce\u0161 mluvit o tom, jak se o sebe star\u00e1me?\u201c<\/p>\n\n\n\n<p class=\"wp-block-paragraph\">\u201eEmily\u2014\u201c<\/p>\n\n\n\n<p class=\"wp-block-paragraph\">\u201eNe. Sedni si.\u201c<\/p>\n\n\n\n<p class=\"wp-block-paragraph\">Mo\u017en\u00e1 to byl m\u016fj t\u00f3n.<\/p>\n\n\n\n<p class=\"wp-block-paragraph\">Mo\u017en\u00e1 proto, \u017ee jsme byli v m\u00e9 kancel\u00e1\u0159i, kde m\u011b nemohl p\u0159eru\u0161ovat a o\u010dek\u00e1vat, \u017ee v\u0161ichni ostatn\u00ed ztichnou.<\/p>\n\n\n\n<p class=\"wp-block-paragraph\">A\u0165 u\u017e byl d\u016fvod jak\u00fdkoli, posadil se.<\/p>\n\n\n\n<p class=\"wp-block-paragraph\">Oto\u010dila jsem notebook sm\u011brem k n\u011bmu.<\/p>\n\n\n\n<p class=\"wp-block-paragraph\">Tabulka byla st\u00e1le otev\u0159en\u00e1.<\/p>\n\n\n\n<p class=\"wp-block-paragraph\">Ryan se na ni pod\u00edval.<\/p>\n\n\n\n<p class=\"wp-block-paragraph\">\u201eCo to je?\u201c<\/p>\n\n\n\n<p class=\"wp-block-paragraph\">\u201eTo, co jsem za posledn\u00edch dvan\u00e1ct m\u011bs\u00edc\u016f zaplatila za m\u00e1mu.\u201c<\/p>\n\n\n\n<p class=\"wp-block-paragraph\">Prohl\u00e9dl si \u010d\u00e1stku.<\/p>\n\n\n\n<p class=\"wp-block-paragraph\">Obo\u010d\u00ed mu vylet\u011blo nahoru.<\/p>\n\n\n\n<p class=\"wp-block-paragraph\">\u201eTo nem\u016f\u017ee b\u00fdt spr\u00e1vn\u011b.\u201c<\/p>\n\n\n\n<p class=\"wp-block-paragraph\">\u201eJe.\u201c<\/p>\n\n\n\n<p class=\"wp-block-paragraph\">\u201eT\u0159icet jedna tis\u00edc dolar\u016f?\u201c<\/p>\n\n\n\n<p class=\"wp-block-paragraph\">\u201eT\u0159icet jedna tis\u00edc osm set \u010dty\u0159icet dva.\u201c<\/p>\n\n\n\n<p class=\"wp-block-paragraph\">Proch\u00e1zel jednotliv\u00e9 polo\u017eky.<\/p>\n\n\n\n<p class=\"wp-block-paragraph\">Hypot\u00e9ka.<\/p>\n\n\n\n<p class=\"wp-block-paragraph\">Poji\u0161t\u011bn\u00ed.<\/p>\n\n\n\n<p class=\"wp-block-paragraph\">Telefon.<\/p>\n\n\n\n<p class=\"wp-block-paragraph\">Zdravotn\u00ed poji\u0161t\u011bn\u00ed.<\/p>\n\n\n\n<p class=\"wp-block-paragraph\">Energie.<\/p>\n\n\n\n<p class=\"wp-block-paragraph\">V\u00fddaje na auto.<\/p>\n\n\n\n<p class=\"wp-block-paragraph\">Opravy.<\/p>\n\n\n\n<p class=\"wp-block-paragraph\">P\u0159edplatn\u00e9.<\/p>\n\n\n\n<p class=\"wp-block-paragraph\">Pak jsem otev\u0159ela dal\u0161\u00ed list.<\/p>\n\n\n\n<p class=\"wp-block-paragraph\">\u201eTo je p\u0159edchoz\u00ed rok.\u201c<\/p>\n\n\n\n<p class=\"wp-block-paragraph\"><strong>38 109 dolar\u016f.<\/strong><\/p>\n\n\n\n<p class=\"wp-block-paragraph\">A dal\u0161\u00ed.<\/p>\n\n\n\n<p class=\"wp-block-paragraph\"><strong>44 770 dolar\u016f.<\/strong><\/p>\n\n\n\n<p class=\"wp-block-paragraph\">Ryan p\u0159estal rolovat.<\/p>\n\n\n\n<p class=\"wp-block-paragraph\">\u201eCo se stalo ten rok?\u201c<\/p>\n\n\n\n<p class=\"wp-block-paragraph\">\u201eSt\u0159echa.\u201c<\/p>\n\n\n\n<p class=\"wp-block-paragraph\">Sev\u0159el rty.<\/p>\n\n\n\n<p class=\"wp-block-paragraph\">\u201eMyslel jsem, \u017ee to zaplatila poji\u0161\u0165ovna.\u201c<\/p>\n\n\n\n<p class=\"wp-block-paragraph\">\u201eZaplatila \u010d\u00e1st.\u201c<\/p>\n\n\n\n<p class=\"wp-block-paragraph\">\u201eNikdy jsi mi to ne\u0159ekla.\u201c<\/p>\n\n\n\n<p class=\"wp-block-paragraph\">\u201e\u0158ekla. \u0158ekl jsi, \u017ee m\u00e1\u0161 m\u00e1lo pen\u011bz.\u201c<\/p>\n\n\n\n<p class=\"wp-block-paragraph\">\u201eM\u011bl jsem.\u201c<\/p>\n\n\n\n<p class=\"wp-block-paragraph\">\u201eO t\u0159i m\u011bs\u00edce pozd\u011bji sis koupil lo\u010f.\u201c<\/p>\n\n\n\n<p class=\"wp-block-paragraph\">Z\u00fa\u017eil o\u010di.<\/p>\n\n\n\n<p class=\"wp-block-paragraph\">\u201eTo s t\u00edm nem\u00e1 nic spole\u010dn\u00e9ho.\u201c<\/p>\n\n\n\n<p class=\"wp-block-paragraph\">\u201eM\u00e1 to s t\u00edm v\u0161echno spole\u010dn\u00e9ho.\u201c<\/p>\n\n\n\n<p class=\"wp-block-paragraph\">Odtla\u010dil notebook.<\/p>\n\n\n\n<p class=\"wp-block-paragraph\">\u201eDob\u0159e. Pom\u00e1hala jsi j\u00ed. Hodn\u011b. Nikdo to nepop\u00edr\u00e1.\u201c<\/p>\n\n\n\n<p class=\"wp-block-paragraph\">\u201eM\u00e1ma to pop\u0159ela.\u201c<\/p>\n\n\n\n<p class=\"wp-block-paragraph\">\u201eCo\u017ee?\u201c<\/p>\n\n\n\n<p class=\"wp-block-paragraph\">\u201e\u0158ekla mi, \u017ee rodinu ned\u00e1v\u00e1m na prvn\u00ed m\u00edsto.\u201c<\/p>\n\n\n\n<p class=\"wp-block-paragraph\">\u201eByla rozru\u0161en\u00e1.\u201c<\/p>\n\n\n\n<p class=\"wp-block-paragraph\">\u201eZaj\u00edmav\u00e9, jak jej\u00ed emoce v\u017edycky vytvo\u0159\u00ed povinnost pro n\u011bkoho jin\u00e9ho.\u201c<\/p>\n\n\n\n<p class=\"wp-block-paragraph\">Znovu vstal.<\/p>\n\n\n\n<p class=\"wp-block-paragraph\">\u201eTahle konverzace nikam nevede.\u201c<\/p>\n\n\n\n<p class=\"wp-block-paragraph\">\u201eM\u011b n\u011bkam dovedla.\u201c<\/p>\n\n\n\n<p class=\"wp-block-paragraph\">\u201eKam?\u201c<\/p>\n\n\n\n<p class=\"wp-block-paragraph\">\u201eVen.\u201c<\/p>\n\n\n\n<p class=\"wp-block-paragraph\">Pod\u00edval se na m\u011b.<\/p>\n\n\n\n<p class=\"wp-block-paragraph\">\u201eCo chce\u0161?\u201c<\/p>\n\n\n\n<p class=\"wp-block-paragraph\">\u201eNic.\u201c<\/p>\n\n\n\n<p class=\"wp-block-paragraph\">\u201eOmluvu?\u201c<\/p>\n\n\n\n<p class=\"wp-block-paragraph\">\u201eNechci omluvu, kterou n\u011bkdo nab\u00eddne jen proto, \u017ee se bl\u00ed\u017e\u00ed spl\u00e1tka hypot\u00e9ky.\u201c<\/p>\n\n\n\n<p class=\"wp-block-paragraph\">\u201eTak\u017ee j\u00ed prost\u011b p\u0159estane\u0161 pom\u00e1hat?\u201c<\/p>\n\n\n\n<p class=\"wp-block-paragraph\">\u201eP\u0159est\u00e1v\u00e1m platit jej\u00ed pravideln\u00e9 v\u00fddaje.\u201c<\/p>\n\n\n\n<p class=\"wp-block-paragraph\">\u201eTo je tot\u00e9\u017e.\u201c<\/p>\n\n\n\n<p class=\"wp-block-paragraph\">\u201eNe. M\u00e1 vlastn\u00ed p\u0159\u00edjem. M\u00e1 d\u016fm s velkou hodnotou. M\u00e1 auto. M\u00e1 d\u016fchod. M\u00e1 dv\u011b dosp\u011bl\u00e9 d\u011bti.\u201c<\/p>\n\n\n\n<p class=\"wp-block-paragraph\">Ryan se podr\u00e1\u017ed\u011bn\u011b pod\u00edval.<\/p>\n\n\n\n<p class=\"wp-block-paragraph\">\u201eDo toho m\u011b netahej.\u201c<\/p>\n\n\n\n<p class=\"wp-block-paragraph\">A bylo to tady.<\/p>\n\n\n\n<p class=\"wp-block-paragraph\">Naklonila jsem se dop\u0159edu.<\/p>\n\n\n\n<p class=\"wp-block-paragraph\">\u201ePro\u010d ne?\u201c<\/p>\n\n\n\n<p class=\"wp-block-paragraph\">\u201eProto\u017ee tohle bylo v\u017edycky tvoje rozhodnut\u00ed s n\u00ed.\u201c<\/p>\n\n\n\n<p class=\"wp-block-paragraph\">\u201eNe. Bylo to rozhodnut\u00ed, kter\u00e9 v\u0161ichni tolerovali, proto\u017ee jim vyhovovalo.\u201c<\/p>\n\n\n\n<p class=\"wp-block-paragraph\">\u201eNikdy jsem t\u011b ne\u017e\u00e1dal, abys platila.\u201c<\/p>\n\n\n\n<p class=\"wp-block-paragraph\">\u201eTak\u00e9 jsi nikdy nenab\u00eddl pomoc.\u201c<\/p>\n\n\n\n<p class=\"wp-block-paragraph\">Otev\u0159el \u00fasta.<\/p>\n\n\n\n<p class=\"wp-block-paragraph\">Zvedla jsem ruku.<\/p>\n\n\n\n<p class=\"wp-block-paragraph\">\u201eNemus\u00ed\u0161 mi nic vysv\u011btlovat. A j\u00e1 nemus\u00edm nic vysv\u011btlovat tob\u011b.\u201c<\/p>\n\n\n\n<p class=\"wp-block-paragraph\">Kdy\u017e odm\u00edtl odej\u00edt, nakonec ho bezpe\u010dnostn\u00ed slu\u017eba doprovodila dol\u016f.<\/p>\n\n\n\n<p class=\"wp-block-paragraph\">V p\u00e1tek zm\u011bnila m\u00e1ma taktiku.<\/p>\n\n\n\n<p class=\"wp-block-paragraph\">Obvi\u0148ov\u00e1n\u00ed p\u0159estalo.<\/p>\n\n\n\n<p class=\"wp-block-paragraph\">P\u0159i\u0161la omluva.<\/p>\n\n\n\n<p class=\"wp-block-paragraph\">Byla to hlasov\u00e1 zpr\u00e1va z jin\u00e9ho \u010d\u00edsla.<\/p>\n\n\n\n<p class=\"wp-block-paragraph\">\u201eEmily, zlato, tady m\u00e1ma. V\u00edm, \u017ee jsi na\u0161tvan\u00e1. Nem\u011bla jsem to \u0159\u00edkat. Byla jsem frustrovan\u00e1 a n\u011bkdy matky \u0159eknou v\u011bci, kter\u00e9 tak nemysl\u00ed. Pros\u00edm, zavolej mi, a\u0165 si to m\u016f\u017eeme vy\u0159\u00edkat. Miluju t\u011b.\u201c<\/p>\n\n\n\n<p class=\"wp-block-paragraph\">Poslechla jsem si ji dvakr\u00e1t.<\/p>\n\n\n\n<p class=\"wp-block-paragraph\">Ne proto, \u017ee by m\u011b dojala.<\/p>\n\n\n\n<p class=\"wp-block-paragraph\">N\u011bco na n\u00ed mi p\u0159ipadalo \u0161patn\u011b.<\/p>\n\n\n\n<p class=\"wp-block-paragraph\">Daniel si toho v\u0161iml tak\u00e9.<\/p>\n\n\n\n<p class=\"wp-block-paragraph\">\u201eOna se vlastn\u011b neomluvila.\u201c<\/p>\n\n\n\n<p class=\"wp-block-paragraph\">\u201e\u0158ekla, \u017ee to nem\u011bla \u0159\u00edkat.\u201c<\/p>\n\n\n\n<p class=\"wp-block-paragraph\">\u201eTo nen\u00ed tot\u00e9\u017e.\u201c<\/p>\n\n\n\n<p class=\"wp-block-paragraph\">P\u0159ik\u00fdvla jsem.<\/p>\n\n\n\n<p class=\"wp-block-paragraph\">Ne\u0159ekla: \u201eMrz\u00ed m\u011b, \u017ee jsem ti ubl\u00ed\u017eila.\u201c<\/p>\n\n\n\n<p class=\"wp-block-paragraph\">\u0158ekla, \u017ee to nem\u011bla \u0159\u00edkat.<\/p>\n\n\n\n<p class=\"wp-block-paragraph\">Pro n\u011bkoho mimo na\u0161i rodinu by ten rozd\u00edl mohl zn\u00edt malichern\u011b.<\/p>\n\n\n\n<p class=\"wp-block-paragraph\">V na\u0161\u00ed rodin\u011b znamenal v\u0161echno.<\/p>\n\n\n\n<p class=\"wp-block-paragraph\">M\u00e1ma str\u00e1vila des\u00edtky let t\u00edm, \u017ee zach\u00e1zela s krutost\u00ed jako s komunika\u010dn\u00ed chybou, m\u00edsto aby ji vn\u00edmala jako v\u011bdom\u00e9 rozhodnut\u00ed.<\/p>\n\n\n\n<p class=\"wp-block-paragraph\">Nel\u00edtostn\u011b nelitovala toho, \u017ee mi ubl\u00ed\u017eila.<\/p>\n\n\n\n<p class=\"wp-block-paragraph\">Litovala n\u00e1sledk\u016f.<\/p>\n\n\n\n<p class=\"wp-block-paragraph\">St\u00e1le jsem neodpov\u011bd\u011bla.<\/p>\n\n\n\n<p class=\"wp-block-paragraph\">N\u00e1sleduj\u00edc\u00ed t\u00fdden p\u0159ijela k m\u00e9mu domu.<\/p>\n\n\n\n<p class=\"wp-block-paragraph\">Daniel si j\u00ed v\u0161iml jako prvn\u00ed prost\u0159ednictv\u00edm kamery u dve\u0159\u00ed.<\/p>\n\n\n\n<p class=\"wp-block-paragraph\">\u201eTvoje m\u00e1ma je tady.\u201c<\/p>\n\n\n\n<p class=\"wp-block-paragraph\">Byla jsem naho\u0159e a p\u0159evl\u00e9kala se po pr\u00e1ci.<\/p>\n\n\n\n<p class=\"wp-block-paragraph\">\u201eVolala?\u201c<\/p>\n\n\n\n<p class=\"wp-block-paragraph\">\u201eNe.\u201c<\/p>\n\n\n\n<p class=\"wp-block-paragraph\">\u201eSamoz\u0159ejm\u011b, \u017ee ne.\u201c<\/p>\n\n\n\n<p class=\"wp-block-paragraph\">Kdy\u017e jsem se\u0161la dol\u016f, m\u00e1ma st\u00e1la na verand\u011b s pap\u00edrovou ta\u0161kou s potravinami.<\/p>\n\n\n\n<p class=\"wp-block-paragraph\">Na jednu iracion\u00e1ln\u00ed vte\u0159inu jsem se c\u00edtila znovu jako jeden\u00e1ctilet\u00e1.<\/p>\n\n\n\n<p class=\"wp-block-paragraph\">Vzpomn\u011bla jsem si, jak \u010dek\u00e1vala u kuchy\u0148sk\u00e9ho stolu, kdy\u017e jsem p\u0159i\u0161la dom\u016f s trojkou z p\u00edsemky.<\/p>\n\n\n\n<p class=\"wp-block-paragraph\">Na jej\u00ed zklaman\u00fd v\u00fdraz, kdy\u017e jsem si vybrala univerzitu \u010dty\u0159i hodiny od domova.<\/p>\n\n\n\n<p class=\"wp-block-paragraph\">Na to, jak mi ve t\u0159iadvaceti \u0159\u00edkala p\u0159ed p\u0159\u00edbuzn\u00fdmi, \u017ee Ryan \u201epot\u0159ebuje pomoc\u201c, zat\u00edmco j\u00e1 jsem \u201esob\u011bsta\u010dn\u00e1\u201c.<\/p>\n\n\n\n<p class=\"wp-block-paragraph\">Nakonec jsem pochopila, co v na\u0161\u00ed rodin\u011b znamenalo slovo \u201esob\u011bsta\u010dn\u00e1\u201c.<\/p>\n\n\n\n<p class=\"wp-block-paragraph\">Bylo to slovo, kter\u00e9 pou\u017e\u00edvali, kdy\u017e mi cht\u011bli d\u00e1t m\u00e9n\u011b a z\u00e1rove\u0148 ode m\u011b \u017e\u00e1dat v\u00edc.<\/p>\n\n\n\n<p class=\"wp-block-paragraph\">Otev\u0159ela jsem dve\u0159e, ale nepozvala ji dovnit\u0159.<\/p>\n\n\n\n<p class=\"wp-block-paragraph\">\u201eAhoj, mami.\u201c<\/p>\n\n\n\n<p class=\"wp-block-paragraph\">Vypadala unaven\u011b.<\/p>\n\n\n\n<p class=\"wp-block-paragraph\">Vlasy m\u011bla sepnut\u00e9 dozadu a na sob\u011b b\u00e9\u017eov\u00fd kardigan, kter\u00fd j\u00ed p\u0159ed lety koupil t\u00e1ta.<\/p>\n\n\n\n<p class=\"wp-block-paragraph\">\u201eP\u0159inesla jsem ti tvoji zap\u00e9kac\u00ed m\u00edsu.\u201c<\/p>\n\n\n\n<p class=\"wp-block-paragraph\">Pod\u00edvala jsem se na ta\u0161ku.<\/p>\n\n\n\n<p class=\"wp-block-paragraph\">\u201eJela jsi dv\u011b hodiny, abys mi vr\u00e1tila zap\u00e9kac\u00ed m\u00edsu?\u201c<\/p>\n\n\n\n<p class=\"wp-block-paragraph\">\u201eMyslela jsem, \u017ee si promluv\u00edme.\u201c<\/p>\n\n\n\n<p class=\"wp-block-paragraph\">\u201eM\u016f\u017eeme mluvit tady.\u201c<\/p>\n\n\n\n<p class=\"wp-block-paragraph\">Jej\u00ed rty se sev\u0159ely.<\/p>\n\n\n\n<p class=\"wp-block-paragraph\">\u201eNa verand\u011b?\u201c<\/p>\n\n\n\n<p class=\"wp-block-paragraph\">\u201eAno.\u201c<\/p>\n\n\n\n<p class=\"wp-block-paragraph\">Pod\u00edvala se za m\u011b.<\/p>\n\n\n\n<p class=\"wp-block-paragraph\">\u201eJe Daniel doma?\u201c<\/p>\n\n\n\n<p class=\"wp-block-paragraph\">\u201eAno.\u201c<\/p>\n\n\n\n<p class=\"wp-block-paragraph\">\u201eNepot\u0159ebuju sv\u011bdka.\u201c<\/p>\n\n\n\n<p class=\"wp-block-paragraph\">\u201e\u017d\u00e1dn\u00e9ho nem\u00e1\u0161.\u201c<\/p>\n\n\n\n<p class=\"wp-block-paragraph\">Chv\u00edli na m\u011b hled\u011bla a pak polo\u017eila ta\u0161ku na zem.<\/p>\n\n\n\n<p class=\"wp-block-paragraph\">\u201e\u0158ekla jsem, \u017ee m\u011b to mrz\u00ed.\u201c<\/p>\n\n\n\n<p class=\"wp-block-paragraph\">\u201eNe. \u0158ekla jsi, \u017ee jsi to nem\u011bla \u0159\u00edkat.\u201c<\/p>\n\n\n\n<p class=\"wp-block-paragraph\">\u201eProboha.\u201c<\/p>\n\n\n\n<p class=\"wp-block-paragraph\">A byla zp\u00e1tky moje matka.<\/p>\n\n\n\n<p class=\"wp-block-paragraph\">Ne ta jemn\u00e1 verze z hlasov\u00e9 zpr\u00e1vy.<\/p>\n\n\n\n<p class=\"wp-block-paragraph\">Ta skute\u010dn\u00e1.<\/p>\n\n\n\n<p class=\"wp-block-paragraph\">M\u00e1lem jsem se usm\u00e1la.<\/p>\n\n\n\n<p class=\"wp-block-paragraph\">V\u0161imla si toho.<\/p>\n\n\n\n<p class=\"wp-block-paragraph\">\u201eCo?\u201c<\/p>\n\n\n\n<p class=\"wp-block-paragraph\">\u201eNic.\u201c<\/p>\n\n\n\n<p class=\"wp-block-paragraph\">\u201eNe, \u0159ekni to.\u201c<\/p>\n\n\n\n<p class=\"wp-block-paragraph\">\u201eJsi na\u0161tvan\u00e1, proto\u017ee omluva okam\u017eit\u011b neobnovila tv\u016fj p\u0159\u00edstup ke mn\u011b.\u201c<\/p>\n\n\n\n<p class=\"wp-block-paragraph\">Zrudla.<\/p>\n\n\n\n<p class=\"wp-block-paragraph\">\u201eTo je o\u0161kliv\u00e9 \u0159\u00edct.\u201c<\/p>\n\n\n\n<p class=\"wp-block-paragraph\">\u201eStejn\u011b jako p\u0159\u00e1t si, abych nikdy nebyla tvoje dcera.\u201c<\/p>\n\n\n\n<p class=\"wp-block-paragraph\">\u201e\u0158ekla jsem ti, \u017ee jsem to tak nemyslela.\u201c<\/p>\n\n\n\n<p class=\"wp-block-paragraph\">\u201eOpravdu?\u201c<\/p>\n\n\n\n<p class=\"wp-block-paragraph\">Pod\u00edvala se stranou.<\/p>\n\n\n\n<p class=\"wp-block-paragraph\">To bolelo v\u00edc, ne\u017e jsem \u010dekala.<\/p>\n\n\n\n<p class=\"wp-block-paragraph\">Ne proto, \u017ee bych pot\u0159ebovala zn\u00e1t odpov\u011b\u010f.<\/p>\n\n\n\n<p class=\"wp-block-paragraph\">Ale proto\u017ee jsem si najednou uv\u011bdomila, \u017ee ji u\u017e zn\u00e1m.<\/p>\n\n\n\n<p class=\"wp-block-paragraph\">M\u00e1ma m\u011b milovala.<\/p>\n\n\n\n<p class=\"wp-block-paragraph\">Sv\u00fdm vlastn\u00edm zp\u016fsobem.<\/p>\n\n\n\n<p class=\"wp-block-paragraph\">Ale cel\u00e9 roky mi tak\u00e9 n\u011bco zazl\u00edvala.<\/p>\n\n\n\n<p class=\"wp-block-paragraph\">Zazl\u00edvala mi, \u017ee jsem ode\u0161la z Ji\u017en\u00ed Karol\u00edny na vysokou \u0161kolu ve Virginii a pozd\u011bji se vr\u00e1tila podle sv\u00fdch vlastn\u00edch podm\u00ednek.<\/p>\n\n\n\n<p class=\"wp-block-paragraph\">Zazl\u00edvala mi, \u017ee vyd\u011bl\u00e1v\u00e1m v\u00edc ne\u017e Ryan.<\/p>\n\n\n\n<p class=\"wp-block-paragraph\">Zazl\u00edvala mi, \u017ee d\u011bl\u00e1m rozhodnut\u00ed bez jej\u00edho svolen\u00ed.<\/p>\n\n\n\n<p class=\"wp-block-paragraph\">A p\u0159edev\u0161\u00edm j\u00ed vadilo, \u017ee mi t\u00e1ta b\u011bhem sv\u00e9 posledn\u00ed nemoci d\u016fv\u011b\u0159oval ve finan\u010dn\u00edch z\u00e1le\u017eitostech.<\/p>\n\n\n\n<p class=\"wp-block-paragraph\">Po jeho smrti jsem se stala \u010dlov\u011bkem, na kter\u00e9ho se spol\u00e9hala, a z\u00e1rove\u0148 \u010dlov\u011bkem, kter\u00e9ho za v\u0161echno obvi\u0148ovala.<\/p>\n\n\n\n<p class=\"wp-block-paragraph\">\u201eMami,\u201c \u0159ekla jsem, \u201epro\u010d si mysl\u00ed\u0161, \u017ee ti n\u011bco dlu\u017e\u00edm?\u201c<\/p>\n\n\n\n<p class=\"wp-block-paragraph\">Okam\u017eit\u011b ke mn\u011b vzhl\u00e9dla.<\/p>\n\n\n\n<p class=\"wp-block-paragraph\">\u201eNikdy jsem ne\u0159ekla, \u017ee mi n\u011bco dlu\u017e\u00ed\u0161.\u201c<\/p>\n\n\n\n<p class=\"wp-block-paragraph\">\u201ePo\u0159\u00e1d mi p\u0159ipom\u00edn\u00e1\u0161, kolik jsi pro m\u011b ob\u011btovala.\u201c<\/p>\n\n\n\n<p class=\"wp-block-paragraph\">\u201eProto\u017ee jsem ob\u011btovala.\u201c<\/p>\n\n\n\n<p class=\"wp-block-paragraph\">\u201eRozhodla ses m\u00edt d\u011bti.\u201c<\/p>\n\n\n\n<p class=\"wp-block-paragraph\">\u201eTo neznamen\u00e1, \u017ee to bylo snadn\u00e9.\u201c<\/p>\n\n\n\n<p class=\"wp-block-paragraph\">\u201eNikdy jsem ne\u0159ekla, \u017ee bylo.\u201c<\/p>\n\n\n\n<p class=\"wp-block-paragraph\">\u201eNem\u00e1\u0161 pon\u011bt\u00ed, \u010deho v\u0161eho jsem se vzdala.\u201c<\/p>\n\n\n\n<p class=\"wp-block-paragraph\">\u201eA je to tady.\u201c<\/p>\n\n\n\n<p class=\"wp-block-paragraph\">\u201eCo?\u201c<\/p>\n\n\n\n<p class=\"wp-block-paragraph\">\u201eTen \u00fa\u010det.\u201c<\/p>\n\n\n\n<p class=\"wp-block-paragraph\">Zamra\u010dila se.<\/p>\n\n\n\n<p class=\"wp-block-paragraph\">\u201eJak\u00fd \u00fa\u010det?\u201c<\/p>\n\n\n\n<p class=\"wp-block-paragraph\">\u201eTen neviditeln\u00fd \u00fa\u010det, kter\u00fd mi cel\u00fd \u017eivot p\u0159ed\u00e1v\u00e1\u0161.\u201c<\/p>\n\n\n\n<p class=\"wp-block-paragraph\">Zavrt\u011bla hlavou.<\/p>\n\n\n\n<p class=\"wp-block-paragraph\">\u201eZm\u011bnila ses.\u201c<\/p>\n\n\n\n<p class=\"wp-block-paragraph\">\u201eAno.\u201c<\/p>\n\n\n\n<p class=\"wp-block-paragraph\">\u201eNev\u00edm, kdo ti tyhle my\u0161lenky nasadil do hlavy. Nejsp\u00ed\u0161 Daniel.\u201c<\/p>\n\n\n\n<p class=\"wp-block-paragraph\">M\u00e1lem jsem se zasm\u00e1la.<\/p>\n\n\n\n<p class=\"wp-block-paragraph\">Daniel byl sou\u010d\u00e1st\u00ed rodiny osm let a p\u0159esto se n\u011bjak stal zodpov\u011bdn\u00fdm za ka\u017edou hranici, kterou jsem kdy nastavila.<\/p>\n\n\n\n<p class=\"wp-block-paragraph\">\u201eDaniel m\u011b nep\u0159im\u011bl nic zru\u0161it.\u201c<\/p>\n\n\n\n<p class=\"wp-block-paragraph\">\u201eZru\u0161ila jsi moje zdravotn\u00ed poji\u0161t\u011bn\u00ed.\u201c<\/p>\n\n\n\n<p class=\"wp-block-paragraph\">\u201eNe. P\u0159estala jsem platit p\u0159ipoji\u0161t\u011bn\u00ed. Medicare st\u00e1le m\u00e1\u0161.\u201c<\/p>\n\n\n\n<p class=\"wp-block-paragraph\">\u201eM\u016fj l\u00e9ka\u0159\u2014\u201c<\/p>\n\n\n\n<p class=\"wp-block-paragraph\">\u201eTak si vyber pl\u00e1n, kter\u00fd si m\u016f\u017ee\u0161 dovolit, nebo po\u017e\u00e1dej Ryana, aby p\u0159isp\u011bl.\u201c<\/p>\n\n\n\n<p class=\"wp-block-paragraph\">Jej\u00ed v\u00fdraz ztvrdl.<\/p>\n\n\n\n<p class=\"wp-block-paragraph\">\u201ePro\u010d do toho tah\u00e1\u0161 sv\u00e9ho bratra?\u201c<\/p>\n\n\n\n<p class=\"wp-block-paragraph\">A t\u00edm odpov\u011bd\u011bla na dal\u0161\u00ed ot\u00e1zku.<\/p>\n\n\n\n<p class=\"wp-block-paragraph\">\u201ePo\u0159\u00e1d ho chr\u00e1n\u00ed\u0161.\u201c<\/p>\n\n\n\n<p class=\"wp-block-paragraph\">\u201eChr\u00e1n\u00edme ob\u011b moje d\u011bti.\u201c<\/p>\n\n\n\n<p class=\"wp-block-paragraph\">\u201eNe. Chr\u00e1n\u00ed\u0161 Ryana p\u0159ed zodpov\u011bdnost\u00ed a m\u011b pak ozna\u010duje\u0161 za dostate\u010dn\u011b zodpov\u011bdnou, abych ji nesla za v\u0161echny.\u201c<\/p>\n\n\n\n<p class=\"wp-block-paragraph\">\u201eTo nen\u00ed pravda.\u201c<\/p>\n\n\n\n<p class=\"wp-block-paragraph\">\u201eMami, kdy\u017e se Ryan rozv\u00e1d\u011bl, kdo zaplatil z\u00e1lohu jeho pr\u00e1vn\u00edkovi?\u201c<\/p>\n\n\n\n<p class=\"wp-block-paragraph\">Nic ne\u0159ekla.<\/p>\n\n\n\n<p class=\"wp-block-paragraph\">\u201eKdo zaplatil spolu\u00fa\u010dast za opravu st\u0159echy?\u201c<\/p>\n\n\n\n<p class=\"wp-block-paragraph\">Ticho.<\/p>\n\n\n\n<p class=\"wp-block-paragraph\">\u201eKdo pokryl nedoplatek na dani z nemovitosti?\u201c<\/p>\n\n\n\n<p class=\"wp-block-paragraph\">Sev\u0159ela rty.<\/p>\n\n\n\n<p class=\"wp-block-paragraph\">\u201eKdo zaplatil z\u00e1lohu za t\u00e1t\u016fv poh\u0159eb, kdy\u017e Ryan \u0159ekl, \u017ee pot\u0159ebuje \u010das p\u0159ev\u00e9st pen\u00edze?\u201c<\/p>\n\n\n\n<p class=\"wp-block-paragraph\">\u201eP\u0159esta\u0148 to po\u010d\u00edtat.\u201c<\/p>\n\n\n\n<p class=\"wp-block-paragraph\">\u201eNikdy p\u0159edt\u00edm jsem to nepo\u010d\u00edtala. To byla moje chyba.\u201c<\/p>\n\n\n\n<p class=\"wp-block-paragraph\">P\u0159istoupila ke mn\u011b.<\/p>\n\n\n\n<p class=\"wp-block-paragraph\">\u201eTak\u017ee jde o pen\u00edze.\u201c<\/p>\n\n\n\n<p class=\"wp-block-paragraph\">\u201eNe. Pen\u00edze jsou jen ta \u010d\u00e1st, kter\u00e9 sis v\u0161imla, kdy\u017e jsem zmizela.\u201c<\/p>\n\n\n\n<p class=\"wp-block-paragraph\">To ji zas\u00e1hlo.<\/p>\n\n\n\n<p class=\"wp-block-paragraph\">Pod\u00edvala se na m\u011b jinak.<\/p>\n\n\n\n<p class=\"wp-block-paragraph\">Poprv\u00e9 od sv\u00e9ho p\u0159\u00edchodu p\u016fsobila nejist\u011b.<\/p>\n\n\n\n<p class=\"wp-block-paragraph\">\u201eV pond\u011bl\u00ed r\u00e1no jsi mi nevolala, proto\u017ee se ti po mn\u011b st\u00fdskalo. Ryan nep\u0159ijel do m\u00e9 kancel\u00e1\u0159e, proto\u017ee mu z\u00e1le\u017eelo na tom, \u017ee jsi mi ubl\u00ed\u017eila. V\u0161ichni zpanika\u0159ili, proto\u017ee p\u0159estaly fungovat automatick\u00e9 platby.\u201c<\/p>\n\n\n\n<p class=\"wp-block-paragraph\">V o\u010d\u00edch se j\u00ed objevily slzy.<\/p>\n\n\n\n<p class=\"wp-block-paragraph\">Norm\u00e1ln\u011b by t\u00edm h\u00e1dka skon\u010dila.<\/p>\n\n\n\n<p class=\"wp-block-paragraph\">Zm\u011bkla bych.<\/p>\n\n\n\n<p class=\"wp-block-paragraph\">Omluvila se za to, \u017ee jsem ji rozplakala.<\/p>\n\n\n\n<p class=\"wp-block-paragraph\">Napsala dal\u0161\u00ed \u0161ek jen proto, aby byl klid.<\/p>\n\n\n\n<p class=\"wp-block-paragraph\">C\u00edtila jsem, jak se ve mn\u011b ten star\u00fd reflex probouz\u00ed.<\/p>\n\n\n\n<p class=\"wp-block-paragraph\">A pak jsem ho nechala odej\u00edt.<\/p>\n\n\n\n<p class=\"wp-block-paragraph\">\u201eJsem tvoje matka,\u201c za\u0161eptala.<\/p>\n\n\n\n<p class=\"wp-block-paragraph\">\u201eAno.\u201c<\/p>\n\n\n\n<p class=\"wp-block-paragraph\">\u201e\u010clov\u011bka m\u00e1\u0161 jen jednoho.\u201c<\/p>\n\n\n\n<p class=\"wp-block-paragraph\">\u201eA ty jsi m\u011bla jen jednu dceru.\u201c<\/p>\n\n\n\n<p class=\"wp-block-paragraph\">Zav\u0159ela na chv\u00edli o\u010di.<\/p>\n\n\n\n<p class=\"wp-block-paragraph\">Ne\u0159ekla jsem to krut\u011b.<\/p>\n\n\n\n<p class=\"wp-block-paragraph\">A pr\u00e1v\u011b proto to zn\u011blo je\u0161t\u011b siln\u011bji.<\/p>\n\n\n\n<p class=\"wp-block-paragraph\">Zvedla ta\u0161ku s potravinami.<\/p>\n\n\n\n<p class=\"wp-block-paragraph\">\u201eCo bude te\u010f?\u201c<\/p>\n\n\n\n<p class=\"wp-block-paragraph\">\u201eUd\u011bl\u00e1\u0161 si rozpo\u010det.\u201c<\/p>\n\n\n\n<p class=\"wp-block-paragraph\">\u201eMysl\u00edm n\u00e1s.\u201c<\/p>\n\n\n\n<p class=\"wp-block-paragraph\">Pod\u00edvala jsem se na ni.<\/p>\n\n\n\n<p class=\"wp-block-paragraph\">\u201eNev\u00edm.\u201c<\/p>\n\n\n\n<p class=\"wp-block-paragraph\">\u201e\u0158\u00edk\u00e1\u0161, \u017ee u\u017e m\u011b nikdy nechce\u0161 vid\u011bt?\u201c<\/p>\n\n\n\n<p class=\"wp-block-paragraph\">\u201eNe.\u201c<\/p>\n\n\n\n<p class=\"wp-block-paragraph\">Vypadala p\u0159ekvapen\u011b.<\/p>\n\n\n\n<p class=\"wp-block-paragraph\">\u201e\u0158\u00edk\u00e1m, \u017ee n\u00e1\u0161 star\u00fd vztah skon\u010dil.\u201c<\/p>\n\n\n\n<p class=\"wp-block-paragraph\">\u201eCo to znamen\u00e1?\u201c<\/p>\n\n\n\n<p class=\"wp-block-paragraph\">\u201eZnamen\u00e1 to, \u017ee nebudu tolerovat ur\u00e1\u017eky jen proto, \u017ee jsi na\u0161tvan\u00e1. Nebudu platit \u00fa\u010dty, proto\u017ee odm\u00edt\u00e1\u0161 upravit sv\u016fj \u017eivotn\u00ed styl. Nebudu zachra\u0148ovat Ryana. A nebudu sed\u011bt na rodinn\u00fdch ve\u010de\u0159\u00edch, kde se v\u0161ichni tv\u00e1\u0159\u00ed, \u017ee moje hodnota se m\u011b\u0159\u00ed t\u00edm, co poskytuju.\u201c<\/p>\n\n\n\n<p class=\"wp-block-paragraph\">Ot\u0159ela si tv\u00e1\u0159.<\/p>\n\n\n\n<p class=\"wp-block-paragraph\">\u201eA kdy\u017e to nedok\u00e1\u017eu p\u0159ijmout?\u201c<\/p>\n\n\n\n<p class=\"wp-block-paragraph\">\u201ePak spolu nebudeme m\u00edt moc velk\u00fd vztah.\u201c<\/p>\n\n\n\n<p class=\"wp-block-paragraph\">M\u00e1ma ode\u0161la, ani\u017e by m\u011b objala.<\/p>\n\n\n\n<p class=\"wp-block-paragraph\">O t\u0159i t\u00fddny pozd\u011bji dala d\u016fm na prodej.<\/p>\n\n\n\n<p class=\"wp-block-paragraph\">Ryan zavolal Danielovi m\u00edsto mn\u011b.<\/p>\n\n\n\n<p class=\"wp-block-paragraph\">Daniel mu \u0159ekl, aby ho do toho nezatahoval.<\/p>\n\n\n\n<p class=\"wp-block-paragraph\">M\u00e1ma d\u016fm nab\u00eddla k prodeji za 489 000 dolar\u016f.<\/p>\n\n\n\n<p class=\"wp-block-paragraph\">Dlu\u017eila m\u00e9n\u011b ne\u017e 76 000.<\/p>\n\n\n\n<p class=\"wp-block-paragraph\">Najednou \u017eena, o kter\u00e9 v\u0161ichni tvrdili, \u017ee p\u0159ijde o st\u0159echu nad hlavou, m\u011bla spoustu mo\u017enost\u00ed.<\/p>\n\n\n\n<p class=\"wp-block-paragraph\">O dva m\u011bs\u00edce pozd\u011bji p\u0159ijala nab\u00eddku.<\/p>\n\n\n\n<p class=\"wp-block-paragraph\">Po zaplacen\u00ed poplatk\u016f a zbytku hypot\u00e9ky j\u00ed z\u016fstalo dost pen\u011bz na to, aby si mohla koupit men\u0161\u00ed dvoupokojov\u00fd \u0159adov\u00fd d\u016fm na okraji Greensboro v hotovosti a je\u0161t\u011b j\u00ed z\u016fstaly zna\u010dn\u00e9 \u00faspory.<\/p>\n\n\n\n<p class=\"wp-block-paragraph\">Ryan byl zu\u0159iv\u00fd.<\/p>\n\n\n\n<p class=\"wp-block-paragraph\">Ne ve\u0159ejn\u011b.<\/p>\n\n\n\n<p class=\"wp-block-paragraph\">Ve\u0159ejn\u011b rozhodnut\u00ed sv\u00e9 matky podporoval.<\/p>\n\n\n\n<p class=\"wp-block-paragraph\">Soukrom\u011b m\u011b obvinil, \u017ee jsem \u201ezni\u010dila t\u00e1t\u016fv odkaz\u201c.<\/p>\n\n\n\n<p class=\"wp-block-paragraph\">Ve skute\u010dnosti t\u00edm myslel, \u017ee velk\u00fd rodinn\u00fd d\u016fm u\u017e jednou nebude jeho.<\/p>\n\n\n\n<p class=\"wp-block-paragraph\">M\u00e1ma se v z\u00e1\u0159\u00ed p\u0159est\u011bhovala.<\/p>\n\n\n\n<p class=\"wp-block-paragraph\">Nepom\u00e1hala jsem.<\/p>\n\n\n\n<p class=\"wp-block-paragraph\">I to v\u0161echny \u0161okovalo.<\/p>\n\n\n\n<p class=\"wp-block-paragraph\">Ryan si pronajal n\u00e1kladn\u00ed auto.<\/p>\n\n\n\n<p class=\"wp-block-paragraph\">Melissa balila kuchy\u0148.<\/p>\n\n\n\n<p class=\"wp-block-paragraph\">Teta Patricia organizovala krabice.<\/p>\n\n\n\n<p class=\"wp-block-paragraph\">M\u00e1ma si najala st\u011bhov\u00e1ky na t\u011b\u017ek\u00fd n\u00e1bytek.<\/p>\n\n\n\n<p class=\"wp-block-paragraph\">A n\u011bjak se v\u0161echno zvl\u00e1dlo.<\/p>\n\n\n\n<p class=\"wp-block-paragraph\">Sv\u011bt se d\u00e1l to\u010dil bez Emily, kter\u00e1 \u0159e\u0161ila ka\u017ed\u00fd probl\u00e9m.<\/p>\n\n\n\n<p class=\"wp-block-paragraph\">Mo\u017en\u00e1 to byla nejd\u016fle\u017eit\u011bj\u0161\u00ed lekce, kterou se na\u0161e rodina nau\u010dila.<\/p>\n\n\n\n<p class=\"wp-block-paragraph\">V \u0159\u00edjnu mi m\u00e1ma zavolala ze sv\u00e9ho \u010d\u00edsla.<\/p>\n\n\n\n<p class=\"wp-block-paragraph\">J\u00e1 jsem ji n\u011bkolik t\u00fddn\u016f p\u0159edt\u00edm odblokovala, ani\u017e bych j\u00ed to \u0159ekla.<\/p>\n\n\n\n<p class=\"wp-block-paragraph\">Zvedla jsem telefon.<\/p>\n\n\n\n<p class=\"wp-block-paragraph\">\u201eHal\u00f3?\u201c<\/p>\n\n\n\n<p class=\"wp-block-paragraph\">\u201eTo jsem j\u00e1.\u201c<\/p>\n\n\n\n<p class=\"wp-block-paragraph\">\u201eJ\u00e1 v\u00edm.\u201c<\/p>\n\n\n\n<p class=\"wp-block-paragraph\">Pauza.<\/p>\n\n\n\n<p class=\"wp-block-paragraph\">\u201eUpekla jsem ku\u0159ec\u00ed n\u00e1kyp.\u201c<\/p>\n\n\n\n<p class=\"wp-block-paragraph\">\u201eDob\u0159e.\u201c<\/p>\n\n\n\n<p class=\"wp-block-paragraph\">\u201eUd\u011blala jsem ho moc.\u201c<\/p>\n\n\n\n<p class=\"wp-block-paragraph\">Pochopila jsem, na co se pt\u00e1.<\/p>\n\n\n\n<p class=\"wp-block-paragraph\">\u201eKdy?\u201c<\/p>\n\n\n\n<p class=\"wp-block-paragraph\">\u201eV ned\u011bli?\u201c<\/p>\n\n\n\n<p class=\"wp-block-paragraph\">Pod\u00edvala jsem se na Daniela, kter\u00fd \u010detl na pohovce.<\/p>\n\n\n\n<p class=\"wp-block-paragraph\">Vzhl\u00e9dl.<\/p>\n\n\n\n<p class=\"wp-block-paragraph\">Beze slov jsem nazna\u010dila: M\u00e1ma.<\/p>\n\n\n\n<p class=\"wp-block-paragraph\">Jemn\u011b pokr\u010dil rameny a nechal rozhodnut\u00ed na mn\u011b.<\/p>\n\n\n\n<p class=\"wp-block-paragraph\">\u201eNed\u011ble je v po\u0159\u00e1dku.\u201c<\/p>\n\n\n\n<p class=\"wp-block-paragraph\">Jej\u00ed nov\u00fd d\u016fm byl men\u0161\u00ed, ne\u017e jsem \u010dekala.<\/p>\n\n\n\n<p class=\"wp-block-paragraph\">Ne p\u016fsobiv\u00fd.<\/p>\n\n\n\n<p class=\"wp-block-paragraph\">Prost\u011b men\u0161\u00ed.<\/p>\n\n\n\n<p class=\"wp-block-paragraph\">\u010cist\u00fd.<\/p>\n\n\n\n<p class=\"wp-block-paragraph\">Klidn\u00fd.<\/p>\n\n\n\n<p class=\"wp-block-paragraph\">Cenov\u011b dostupn\u00fd.<\/p>\n\n\n\n<p class=\"wp-block-paragraph\">Provedla m\u011b po n\u011bm.<\/p>\n\n\n\n<p class=\"wp-block-paragraph\">\u201eTenhle pokoj je m\u016fj. Tamhle je pokoj pro hosty. A vzadu je mal\u00e1 terasa.\u201c<\/p>\n\n\n\n<p class=\"wp-block-paragraph\">\u201eJe to hezk\u00e9.\u201c<\/p>\n\n\n\n<p class=\"wp-block-paragraph\">\u201eChyb\u00ed mi star\u00e1 kuchy\u0148.\u201c<\/p>\n\n\n\n<p class=\"wp-block-paragraph\">\u201eTo ch\u00e1pu.\u201c<\/p>\n\n\n\n<p class=\"wp-block-paragraph\">\u201eAle tahle se snadn\u011bji ukl\u00edz\u00ed.\u201c<\/p>\n\n\n\n<p class=\"wp-block-paragraph\">Jedly jsme u kulat\u00e9ho stolu u okna.<\/p>\n\n\n\n<p class=\"wp-block-paragraph\">\u017d\u00e1dn\u00e9 kv\u011btiny.<\/p>\n\n\n\n<p class=\"wp-block-paragraph\">\u017d\u00e1dn\u00e9 publikum.<\/p>\n\n\n\n<p class=\"wp-block-paragraph\">\u017d\u00e1dn\u00fd Ryan.<\/p>\n\n\n\n<p class=\"wp-block-paragraph\">V polovin\u011b ve\u010de\u0159e m\u00e1ma odlo\u017eila vidli\u010dku.<\/p>\n\n\n\n<p class=\"wp-block-paragraph\">\u201eChod\u00edm k terapeutovi.\u201c<\/p>\n\n\n\n<p class=\"wp-block-paragraph\">To m\u011b p\u0159ekvapilo.<\/p>\n\n\n\n<p class=\"wp-block-paragraph\">Ml\u010dela jsem.<\/p>\n\n\n\n<p class=\"wp-block-paragraph\">\u201ePtala se m\u011b, pro\u010d jsem ti \u0159ekla to, co jsem \u0159ekla.\u201c<\/p>\n\n\n\n<p class=\"wp-block-paragraph\">\u201eA?\u201c<\/p>\n\n\n\n<p class=\"wp-block-paragraph\">M\u00e1ma se pod\u00edvala na tal\u00ed\u0159.<\/p>\n\n\n\n<p class=\"wp-block-paragraph\">\u201e\u0158ekla jsem j\u00ed, \u017ee jsem byla na\u0161tvan\u00e1.\u201c<\/p>\n\n\n\n<p class=\"wp-block-paragraph\">\u010cekala jsem.<\/p>\n\n\n\n<p class=\"wp-block-paragraph\">\u201ePo\u0159\u00e1d se ptala pro\u010d.\u201c<\/p>\n\n\n\n<p class=\"wp-block-paragraph\">Pak se na m\u011b pod\u00edvala.<\/p>\n\n\n\n<p class=\"wp-block-paragraph\">\u201eMysl\u00edm, \u017ee jsem ti cht\u011bla ubl\u00ed\u017eit.\u201c<\/p>\n\n\n\n<p class=\"wp-block-paragraph\">Ta slova z\u016fstala mezi n\u00e1mi.<\/p>\n\n\n\n<p class=\"wp-block-paragraph\">Kupodivu bolela m\u00e9n\u011b ne\u017e v\u0161echny jej\u00ed v\u00fdmluvy.<\/p>\n\n\n\n<p class=\"wp-block-paragraph\">\u201ePro\u010d?\u201c<\/p>\n\n\n\n<p class=\"wp-block-paragraph\">\u201eProto\u017ee ty m\u016f\u017ee\u0161 odej\u00edt.\u201c<\/p>\n\n\n\n<p class=\"wp-block-paragraph\">Zamra\u010dila jsem se.<\/p>\n\n\n\n<p class=\"wp-block-paragraph\">\u201eCo\u017ee?\u201c<\/p>\n\n\n\n<p class=\"wp-block-paragraph\">\u201eDok\u00e1\u017ee\u0161 odej\u00edt od v\u011bc\u00ed. Od pr\u00e1ce. Od lid\u00ed. Od situac\u00ed, kter\u00e9 se ti nel\u00edb\u00ed. Tv\u016fj otec to tak\u00e9 dok\u00e1zal, alespo\u0148 citov\u011b. J\u00e1 nikdy.\u201c<\/p>\n\n\n\n<p class=\"wp-block-paragraph\">\u201eTo nevysv\u011btluje\u2014\u201c<\/p>\n\n\n\n<p class=\"wp-block-paragraph\">\u201eJ\u00e1 v\u00edm.\u201c<\/p>\n\n\n\n<p class=\"wp-block-paragraph\">P\u0159ejela palcem po okraji ubrousku.<\/p>\n\n\n\n<p class=\"wp-block-paragraph\">\u201eKdy\u017e tv\u016fj otec zem\u0159el, c\u00edtila jsem se opu\u0161t\u011bn\u00e1. Pak jsi za\u010dala v\u0161echno za\u0159izovat. \u00da\u010dty. \u0158emesln\u00edky. Poji\u0161t\u011bn\u00ed. Pot\u0159ebovala jsem t\u011b. A nen\u00e1vid\u011bla jsem, \u017ee t\u011b pot\u0159ebuji.\u201c<\/p>\n\n\n\n<p class=\"wp-block-paragraph\">Pod\u00edvala jsem se na ni.<\/p>\n\n\n\n<p class=\"wp-block-paragraph\">Byla to prvn\u00ed skute\u010dn\u011b up\u0159\u00edmn\u00e1 v\u011bc, kterou o na\u0161em vztahu po letech \u0159ekla.<\/p>\n\n\n\n<p class=\"wp-block-paragraph\">\u201eTak\u017ee jsi m\u011b trestala za to, \u017ee jsem ti pom\u00e1hala?\u201c<\/p>\n\n\n\n<p class=\"wp-block-paragraph\">\u201eMysl\u00edm, \u017ee ano.\u201c<\/p>\n\n\n\n<p class=\"wp-block-paragraph\">Vypadala zahanben\u011b.<\/p>\n\n\n\n<p class=\"wp-block-paragraph\">\u201eNejsem na to py\u0161n\u00e1.\u201c<\/p>\n\n\n\n<p class=\"wp-block-paragraph\">Nesna\u017eila jsem se ji ut\u011b\u0161ovat.<\/p>\n\n\n\n<p class=\"wp-block-paragraph\">To nebyla moje povinnost.<\/p>\n\n\n\n<p class=\"wp-block-paragraph\">\u201eTak\u00e9 jsem se k Ryanovi chovala jinak.\u201c<\/p>\n\n\n\n<p class=\"wp-block-paragraph\">\u201eAno.\u201c<\/p>\n\n\n\n<p class=\"wp-block-paragraph\">\u201eP\u0159ipom\u00edn\u00e1 mi m\u011b samotnou.\u201c<\/p>\n\n\n\n<p class=\"wp-block-paragraph\">\u201eTo mnoh\u00e9 vysv\u011btluje.\u201c<\/p>\n\n\n\n<p class=\"wp-block-paragraph\">M\u00e1lem se usm\u00e1la.<\/p>\n\n\n\n<p class=\"wp-block-paragraph\">Pak m\u011b znovu p\u0159ekvapila.<\/p>\n\n\n\n<p class=\"wp-block-paragraph\">\u201e\u0158ekla jsem mu, \u017ee zm\u011bn\u00edm z\u00e1v\u011b\u0165.\u201c<\/p>\n\n\n\n<p class=\"wp-block-paragraph\">Polo\u017eila jsem sklenici.<\/p>\n\n\n\n<p class=\"wp-block-paragraph\">\u201eTohle nen\u00ed o d\u011bdictv\u00ed.\u201c<\/p>\n\n\n\n<p class=\"wp-block-paragraph\">\u201eJ\u00e1 v\u00edm. Nech m\u011b domluvit.\u201c<\/p>\n\n\n\n<p class=\"wp-block-paragraph\">\u010cekala jsem.<\/p>\n\n\n\n<p class=\"wp-block-paragraph\">\u201ePen\u00edze, kter\u00e9 po m\u00e9 smrti z\u016fstanou, rozd\u011bl\u00edm rovn\u00fdm d\u00edlem.\u201c<\/p>\n\n\n\n<p class=\"wp-block-paragraph\">\u201eTak by to m\u011blo b\u00fdt.\u201c<\/p>\n\n\n\n<p class=\"wp-block-paragraph\">\u201eAle d\u016fle\u017eit\u011bj\u0161\u00ed je, \u017ee v\u00ed, \u017ee na n\u011bj nebude \u010dekat d\u016fm. Mus\u00ed si sv\u016fj \u017eivot za\u0159\u00eddit s\u00e1m.\u201c<\/p>\n\n\n\n<p class=\"wp-block-paragraph\">P\u0159ik\u00fdvla jsem.<\/p>\n\n\n\n<p class=\"wp-block-paragraph\">\u201eNebude se mu to l\u00edbit.\u201c<\/p>\n\n\n\n<p class=\"wp-block-paragraph\">\u201eNel\u00edb\u00ed.\u201c<\/p>\n\n\n\n<p class=\"wp-block-paragraph\">Ob\u011b jsme se zasm\u00e1ly.<\/p>\n\n\n\n<p class=\"wp-block-paragraph\">Byl to mal\u00fd, trochu rozpa\u010dit\u00fd, ale opravdov\u00fd sm\u00edch.<\/p>\n\n\n\n<p class=\"wp-block-paragraph\">N\u00e1\u0161 vztah se z\u00e1zra\u010dn\u011b neopravoval.<\/p>\n\n\n\n<p class=\"wp-block-paragraph\">Nebylo \u017e\u00e1dn\u00e9 dramatick\u00e9 objet\u00ed.<\/p>\n\n\n\n<p class=\"wp-block-paragraph\">\u017d\u00e1dn\u00fd proslov o odpu\u0161t\u011bn\u00ed.<\/p>\n\n\n\n<p class=\"wp-block-paragraph\">M\u011bs\u00edce jsme byly jedna v\u016f\u010di druh\u00e9 opatrn\u00e9.<\/p>\n\n\n\n<p class=\"wp-block-paragraph\">M\u00e1ma se ob\u010das vr\u00e1tila ke star\u00fdm n\u00e1vyk\u016fm.<\/p>\n\n\n\n<p class=\"wp-block-paragraph\">Kdy\u017e si poprv\u00e9 st\u011b\u017eovala, \u017ee jsem j\u00ed dost \u010dasto nevolala, \u0159ekla jsem:<\/p>\n\n\n\n<p class=\"wp-block-paragraph\">\u201eKdy\u017e se ti po mn\u011b st\u00fdsk\u00e1, m\u016f\u017ee\u0161 mi tak\u00e9 zavolat.\u201c<\/p>\n\n\n\n<p class=\"wp-block-paragraph\">Zmlkla.<\/p>\n\n\n\n<p class=\"wp-block-paragraph\">O t\u0159i dny pozd\u011bji zavolala.<\/p>\n\n\n\n<p class=\"wp-block-paragraph\">Kdy\u017e jej\u00ed auto pot\u0159ebovalo nov\u00e9 pneumatiky, \u0159ekla mi cenu.<\/p>\n\n\n\n<p class=\"wp-block-paragraph\">\u010cekala jsem, \u017ee p\u0159ijde \u017e\u00e1dost o pen\u00edze.<\/p>\n\n\n\n<p class=\"wp-block-paragraph\">Nikdy nep\u0159i\u0161la.<\/p>\n\n\n\n<p class=\"wp-block-paragraph\">Zaplatila si je sama.<\/p>\n\n\n\n<p class=\"wp-block-paragraph\">Kdy\u017e m\u011b Ryan po\u017e\u00e1dal o 6 000 dolar\u016f na to, co nazval do\u010dasn\u00fdm probl\u00e9mem v podnik\u00e1n\u00ed, odm\u00edtla jsem.<\/p>\n\n\n\n<p class=\"wp-block-paragraph\">\u010cty\u0159i m\u011bs\u00edce se mnou nemluvil.<\/p>\n\n\n\n<p class=\"wp-block-paragraph\">P\u0159e\u017eila jsem to.<\/p>\n\n\n\n<p class=\"wp-block-paragraph\">On tak\u00e9.<\/p>\n\n\n\n<p class=\"wp-block-paragraph\">Do dal\u0161\u00edho Dne matek jsme s m\u00e1mou vybudovaly n\u011bco jin\u00e9ho.<\/p>\n\n\n\n<p class=\"wp-block-paragraph\">Ne vztah, kter\u00fd jsme m\u011bly p\u0159edt\u00edm.<\/p>\n\n\n\n<p class=\"wp-block-paragraph\">N\u011bco opravdov\u011bj\u0161\u00edho.<\/p>\n\n\n\n<p class=\"wp-block-paragraph\">Daniel a j\u00e1 jsme jeli do Greensboro a pozvali ji na ob\u011bd.<\/p>\n\n\n\n<p class=\"wp-block-paragraph\">\u017d\u00e1dn\u00fd Ryan.<\/p>\n\n\n\n<p class=\"wp-block-paragraph\">\u017d\u00e1dn\u00e1 Melissa.<\/p>\n\n\n\n<p class=\"wp-block-paragraph\">Jen my t\u0159i.<\/p>\n\n\n\n<p class=\"wp-block-paragraph\">Kdy\u017e p\u0159i\u0161el dezert, m\u00e1ma se pod\u00edvala p\u0159es st\u016fl.<\/p>\n\n\n\n<p class=\"wp-block-paragraph\">\u201eJeden rok.\u201c<\/p>\n\n\n\n<p class=\"wp-block-paragraph\">P\u0159ik\u00fdvla jsem.<\/p>\n\n\n\n<p class=\"wp-block-paragraph\">\u201eJeden rok.\u201c<\/p>\n\n\n\n<p class=\"wp-block-paragraph\">\u201eMysl\u00edm na ten den po\u0159\u00e1d.\u201c<\/p>\n\n\n\n<p class=\"wp-block-paragraph\">\u201eJ\u00e1 taky.\u201c<\/p>\n\n\n\n<p class=\"wp-block-paragraph\">Polkla.<\/p>\n\n\n\n<p class=\"wp-block-paragraph\">\u201eOpravdu m\u011b to mrz\u00ed, Emily.\u201c<\/p>\n\n\n\n<p class=\"wp-block-paragraph\">Tentokr\u00e1t po t\u011bch slovech nic nen\u00e1sledovalo.<\/p>\n\n\n\n<p class=\"wp-block-paragraph\">\u017d\u00e1dn\u00e1 v\u00fdmluva.<\/p>\n\n\n\n<p class=\"wp-block-paragraph\">\u017d\u00e1dn\u00e9 \u201eale\u201c.<\/p>\n\n\n\n<p class=\"wp-block-paragraph\">\u017d\u00e1dn\u00e1 p\u0159ipom\u00ednka v\u0161eho, co pro m\u011b ob\u011btovala.<\/p>\n\n\n\n<p class=\"wp-block-paragraph\">\u017d\u00e1dn\u00fd po\u017eadavek, abych j\u00ed odpustila.<\/p>\n\n\n\n<p class=\"wp-block-paragraph\">V\u011b\u0159ila jsem j\u00ed.<\/p>\n\n\n\n<p class=\"wp-block-paragraph\">\u201eJ\u00e1 v\u00edm.\u201c<\/p>\n\n\n\n<p class=\"wp-block-paragraph\">Nat\u00e1hla ruku p\u0159es st\u016fl.<\/p>\n\n\n\n<p class=\"wp-block-paragraph\">Nechala jsem ji, aby m\u011b vzala za ruku.<\/p>\n\n\n\n<p class=\"wp-block-paragraph\">Pak \u0159ekla n\u011bco, co jsem nikdy ne\u010dekala.<\/p>\n\n\n\n<p class=\"wp-block-paragraph\">\u201eTo, \u017ee jsi p\u0159estala d\u00e1vat pen\u00edze, mo\u017en\u00e1 zachr\u00e1nilo n\u00e1\u0161 vztah.\u201c<\/p>\n\n\n\n<p class=\"wp-block-paragraph\">Daniel m\u00e1lem vdechl k\u00e1vu.<\/p>\n\n\n\n<p class=\"wp-block-paragraph\">Zasm\u00e1la jsem se.<\/p>\n\n\n\n<p class=\"wp-block-paragraph\">M\u00e1ma se zasm\u00e1la tak\u00e9.<\/p>\n\n\n\n<p class=\"wp-block-paragraph\">Stiskla mi ruku.<\/p>\n\n\n\n<p class=\"wp-block-paragraph\">\u201eMysl\u00edm to v\u00e1\u017en\u011b. Dokud jsi v\u0161echno opravovala a za\u0159izovala, nikdo z n\u00e1s se nemusel pod\u00edvat na to, co ti d\u011bl\u00e1me.\u201c<\/p>\n\n\n\n<p class=\"wp-block-paragraph\">Vzpomn\u011bla jsem si na r\u00e1no po Dni matek.<\/p>\n\n\n\n<p class=\"wp-block-paragraph\">Na zoufal\u00e9 telefon\u00e1ty.<\/p>\n\n\n\n<p class=\"wp-block-paragraph\">Na obvi\u0148ov\u00e1n\u00ed.<\/p>\n\n\n\n<p class=\"wp-block-paragraph\">Na paniku kv\u016fli platb\u00e1m, kter\u00e9 ve skute\u010dnosti nikdy \u201eneselhaly\u201c.<\/p>\n\n\n\n<p class=\"wp-block-paragraph\">Tehdy jsem si myslela, \u017ee zastaven\u00ed pen\u011bz je pomsta.<\/p>\n\n\n\n<p class=\"wp-block-paragraph\">Nebyla.<\/p>\n\n\n\n<p class=\"wp-block-paragraph\">Byla to informace.<\/p>\n\n\n\n<p class=\"wp-block-paragraph\">V okam\u017eiku, kdy jsem p\u0159estala platit, v\u0161ichni odhalili, na \u010dem jim skute\u010dn\u011b z\u00e1le\u017e\u00ed.<\/p>\n\n\n\n<p class=\"wp-block-paragraph\">Ryanovi z\u00e1le\u017eelo na jistot\u011b.<\/p>\n\n\n\n<p class=\"wp-block-paragraph\">M\u00e1m\u011b na kontrole.<\/p>\n\n\n\n<p class=\"wp-block-paragraph\">\u0160ir\u0161\u00ed rodin\u011b na tom, aby se konflikt nedostal k nim.<\/p>\n\n\n\n<p class=\"wp-block-paragraph\">A mn\u011b z\u00e1le\u017eelo na tom, abych byla pot\u0159ebn\u00e1, proto\u017ee jsem si n\u011bkde cestou spletla u\u017eite\u010dnost s l\u00e1skou.<\/p>\n\n\n\n<p class=\"wp-block-paragraph\">Ten rok n\u00e1s v\u0161echny zm\u011bnil.<\/p>\n\n\n\n<p class=\"wp-block-paragraph\">M\u00e1ma se nau\u010dila \u017e\u00edt podle sv\u00fdch mo\u017enost\u00ed.<\/p>\n\n\n\n<p class=\"wp-block-paragraph\">Ryan se nau\u010dil, \u017ee nejsem jeho nouzov\u00fd fond.<\/p>\n\n\n\n<p class=\"wp-block-paragraph\">Daniel zjistil, \u017ee u\u017e nemus\u00ed sledovat, jak ob\u011btuji na\u0161i budoucnost, abych financovala pohodl\u00ed v\u0161ech ostatn\u00edch.<\/p>\n\n\n\n<p class=\"wp-block-paragraph\">A j\u00e1 jsem se nau\u010dila tu nejt\u011b\u017e\u0161\u00ed lekci ze v\u0161ech.<\/p>\n\n\n\n<p class=\"wp-block-paragraph\">Odej\u00edt nemus\u00ed v\u017edy znamenat ukon\u010dit vztah.<\/p>\n\n\n\n<p class=\"wp-block-paragraph\">N\u011bkdy je to jedin\u00fd zp\u016fsob, jak zjistit, zda vztah dok\u00e1\u017ee p\u0159e\u017e\u00edt bez strachu, viny, povinnosti a pen\u011bz, kter\u00e9 ho dr\u017e\u00ed pohromad\u011b.<\/p>\n\n\n\n<p class=\"wp-block-paragraph\">Kdy\u017e jsme odch\u00e1zeli z restaurace, m\u00e1ma m\u011b objala vedle m\u00e9ho SUV.<\/p>\n\n\n\n<p class=\"wp-block-paragraph\">P\u0159ed rokem jsem nastoupila do stejn\u00e9ho auta pot\u00e9, co jsem j\u00ed \u0159ekla, aby \u017eila, jako by nikdy nem\u011bla dceru.<\/p>\n\n\n\n<p class=\"wp-block-paragraph\">Te\u010f ustoupila a usm\u00e1la se.<\/p>\n\n\n\n<p class=\"wp-block-paragraph\">\u201eJe\u010f opatrn\u011b.\u201c<\/p>\n\n\n\n<p class=\"wp-block-paragraph\">\u201eBudu.\u201c<\/p>\n\n\n\n<p class=\"wp-block-paragraph\">\u201eNapi\u0161 mi, a\u017e doraz\u00ed\u0161 dom\u016f.\u201c<\/p>\n\n\n\n<p class=\"wp-block-paragraph\">Zvedla jsem obo\u010d\u00ed.<\/p>\n\n\n\n<p class=\"wp-block-paragraph\">Zasm\u00e1la se.<\/p>\n\n\n\n<p class=\"wp-block-paragraph\">\u201eProsba, ne rozkaz.\u201c<\/p>\n\n\n\n<p class=\"wp-block-paragraph\">\u201eTo je lep\u0161\u00ed.\u201c<\/p>\n\n\n\n<p class=\"wp-block-paragraph\">Daniel otev\u0159el dve\u0159e spolujezdce.<\/p>\n\n\n\n<p class=\"wp-block-paragraph\">Ne\u017e jsem nastoupila, m\u00e1ma na m\u011b zavolala.<\/p>\n\n\n\n<p class=\"wp-block-paragraph\">\u201eEmily?\u201c<\/p>\n\n\n\n<p class=\"wp-block-paragraph\">Oto\u010dila jsem se.<\/p>\n\n\n\n<p class=\"wp-block-paragraph\">\u201eJsem r\u00e1da, \u017ee jsi moje dcera.\u201c<\/p>\n\n\n\n<p class=\"wp-block-paragraph\">Studovala jsem jej\u00ed tv\u00e1\u0159.<\/p>\n\n\n\n<p class=\"wp-block-paragraph\">P\u0159ed rokem by m\u011b ta slova zlomila.<\/p>\n\n\n\n<p class=\"wp-block-paragraph\">Te\u010f ne.<\/p>\n\n\n\n<p class=\"wp-block-paragraph\">U\u017e jsem je nepot\u0159ebovala tak jako d\u0159\u00edv.<\/p>\n\n\n\n<p class=\"wp-block-paragraph\">Mo\u017en\u00e1 pr\u00e1v\u011b proto jsem je kone\u010dn\u011b dok\u00e1zala p\u0159ijmout.<\/p>\n\n\n\n<p class=\"wp-block-paragraph\">\u201eJsem r\u00e1da, \u017ee jsi moje m\u00e1ma,\u201c \u0159ekla jsem.<\/p>\n\n\n\n<p class=\"wp-block-paragraph\">Pak jsem dodala:<\/p>\n\n\n\n<p class=\"wp-block-paragraph\">\u201eV\u011bt\u0161inou.\u201c<\/p>\n\n\n\n<p class=\"wp-block-paragraph\">Zasm\u00e1la se.<\/p>\n\n\n\n<p class=\"wp-block-paragraph\">\u201eTo je f\u00e9r.\u201c<\/p>\n\n\n\n<p class=\"wp-block-paragraph\">Nastoupila jsem do SUV.<\/p>\n\n\n\n<p class=\"wp-block-paragraph\">Kdy\u017e jsme vyjeli na silnici, Daniel se na m\u011b pod\u00edval.<\/p>\n\n\n\n<p class=\"wp-block-paragraph\">\u201eJsi v po\u0159\u00e1dku?\u201c<\/p>\n\n\n\n<p class=\"wp-block-paragraph\">Sledovala jsem, jak m\u00e1ma miz\u00ed v bo\u010dn\u00edm zrc\u00e1tku.<\/p>\n\n\n\n<p class=\"wp-block-paragraph\">\u201eJo.\u201c<\/p>\n\n\n\n<p class=\"wp-block-paragraph\">A tentokr\u00e1t jsem to myslela v\u00e1\u017en\u011b.<\/p>\n\n\n\n<p class=\"wp-block-paragraph\"><\/p>\n","protected":false},"excerpt":{"rendered":"Druh\u00fd den r\u00e1no mi telefon nep\u0159est\u00e1val zvonit \u2014 a najednou v\u0161ichni zoufale cht\u011bli, abych jim odpov\u011bd\u011bla.Druh\u00fd den r\u00e1no mi telefon nep\u0159est\u00e1val zvonit \u2014 \n<a class=\"moretag\" href=\"https:\/\/vendeto.am\/?p=33161\"> [...]<\/a>","protected":false},"author":1,"featured_media":33162,"comment_status":"open","ping_status":"open","sticky":false,"template":"","format":"standard","meta":{"footnotes":""},"categories":[2],"tags":[],"class_list":["post-33161","post","type-post","status-publish","format-standard","has-post-thumbnail","hentry","category-sport"],"yoast_head":"<!-- This site is optimized with the Yoast SEO plugin v28.4 - https:\/\/yoast.com\/product\/yoast-seo-wordpress\/ -->\n<title>Na Den matek se mi m\u00e1ma pod\u00edvala p\u0159\u00edmo do o\u010d\u00ed a \u0159ekla: \u201eP\u0159\u00e1la bych si, abys nikdy nebyla moje dcera.\u201c Vstala jsem a odpov\u011bd\u011bla: \u201eTak \u017eij, jako bys nikdy \u017e\u00e1dnou nem\u011bla,\u201c a odjela ve sv\u00e9m SUV. -<\/title>\n<meta name=\"robots\" content=\"index, follow, max-snippet:-1, max-image-preview:large, max-video-preview:-1\" \/>\n<link rel=\"canonical\" href=\"https:\/\/vendeto.am\/?p=33161\" \/>\n<meta property=\"og:locale\" content=\"ru_RU\" \/>\n<meta property=\"og:type\" content=\"article\" \/>\n<meta property=\"og:title\" content=\"Na Den matek se mi m\u00e1ma pod\u00edvala p\u0159\u00edmo do o\u010d\u00ed a \u0159ekla: \u201eP\u0159\u00e1la bych si, abys nikdy nebyla moje dcera.\u201c Vstala jsem a odpov\u011bd\u011bla: \u201eTak \u017eij, jako bys nikdy \u017e\u00e1dnou nem\u011bla,\u201c a odjela ve sv\u00e9m SUV. -\" \/>\n<meta property=\"og:description\" content=\"Druh\u00fd den r\u00e1no mi telefon nep\u0159est\u00e1val zvonit \u2014 a najednou v\u0161ichni zoufale cht\u011bli, abych jim odpov\u011bd\u011bla.Druh\u00fd den r\u00e1no mi telefon nep\u0159est\u00e1val zvonit \u2014\" \/>\n<meta property=\"og:url\" content=\"https:\/\/vendeto.am\/?p=33161\" \/>\n<meta property=\"article:published_time\" content=\"2026-09-02T18:44:29+00:00\" \/>\n<meta property=\"article:modified_time\" content=\"2026-09-02T18:44:32+00:00\" \/>\n<meta property=\"og:image\" content=\"https:\/\/vendeto.am\/wp-content\/uploads\/2026\/09\/restaurant_argument_daylight.jpg\" \/>\n\t<meta property=\"og:image:width\" content=\"1408\" \/>\n\t<meta property=\"og:image:height\" content=\"1760\" \/>\n\t<meta property=\"og:image:type\" content=\"image\/jpeg\" \/>\n<meta name=\"author\" content=\"admin\" \/>\n<meta name=\"twitter:card\" content=\"summary_large_image\" \/>\n<meta name=\"twitter:label1\" content=\"\u041d\u0430\u043f\u0438\u0441\u0430\u043d\u043e \u0430\u0432\u0442\u043e\u0440\u043e\u043c\" \/>\n\t<meta name=\"twitter:data1\" content=\"admin\" \/>\n\t<meta name=\"twitter:label2\" content=\"\u041f\u0440\u0438\u043c\u0435\u0440\u043d\u043e\u0435 \u0432\u0440\u0435\u043c\u044f \u0434\u043b\u044f \u0447\u0442\u0435\u043d\u0438\u044f\" \/>\n\t<meta name=\"twitter:data2\" content=\"22 \u043c\u0438\u043d\u0443\u0442\u044b\" \/>\n<script type=\"application\/ld+json\" class=\"yoast-schema-graph\">{\"@context\":\"https:\\\/\\\/schema.org\",\"@graph\":[{\"@type\":\"Article\",\"@id\":\"https:\\\/\\\/vendeto.am\\\/?p=33161#article\",\"isPartOf\":{\"@id\":\"https:\\\/\\\/vendeto.am\\\/?p=33161\"},\"author\":{\"name\":\"admin\",\"@id\":\"https:\\\/\\\/vendeto.am\\\/#\\\/schema\\\/person\\\/48a4bd89d2048190ecc61e5ce821bef7\"},\"headline\":\"Na Den matek se mi m\u00e1ma pod\u00edvala p\u0159\u00edmo do o\u010d\u00ed a \u0159ekla: \u201eP\u0159\u00e1la bych si, abys nikdy nebyla moje dcera.\u201c Vstala jsem a odpov\u011bd\u011bla: \u201eTak \u017eij, jako bys nikdy \u017e\u00e1dnou nem\u011bla,\u201c a odjela ve sv\u00e9m SUV.\",\"datePublished\":\"2026-09-02T18:44:29+00:00\",\"dateModified\":\"2026-09-02T18:44:32+00:00\",\"mainEntityOfPage\":{\"@id\":\"https:\\\/\\\/vendeto.am\\\/?p=33161\"},\"wordCount\":5148,\"commentCount\":0,\"image\":{\"@id\":\"https:\\\/\\\/vendeto.am\\\/?p=33161#primaryimage\"},\"thumbnailUrl\":\"https:\\\/\\\/vendeto.am\\\/wp-content\\\/uploads\\\/2026\\\/09\\\/restaurant_argument_daylight.jpg\",\"articleSection\":[\"SPORT\"],\"inLanguage\":\"ru-RU\",\"potentialAction\":[{\"@type\":\"CommentAction\",\"name\":\"Comment\",\"target\":[\"https:\\\/\\\/vendeto.am\\\/?p=33161#respond\"]}]},{\"@type\":\"WebPage\",\"@id\":\"https:\\\/\\\/vendeto.am\\\/?p=33161\",\"url\":\"https:\\\/\\\/vendeto.am\\\/?p=33161\",\"name\":\"Na Den matek se mi m\u00e1ma pod\u00edvala p\u0159\u00edmo do o\u010d\u00ed a \u0159ekla: \u201eP\u0159\u00e1la bych si, abys nikdy nebyla moje dcera.\u201c Vstala jsem a odpov\u011bd\u011bla: \u201eTak \u017eij, jako bys nikdy \u017e\u00e1dnou nem\u011bla,\u201c a odjela ve sv\u00e9m SUV. -\",\"isPartOf\":{\"@id\":\"https:\\\/\\\/vendeto.am\\\/#website\"},\"primaryImageOfPage\":{\"@id\":\"https:\\\/\\\/vendeto.am\\\/?p=33161#primaryimage\"},\"image\":{\"@id\":\"https:\\\/\\\/vendeto.am\\\/?p=33161#primaryimage\"},\"thumbnailUrl\":\"https:\\\/\\\/vendeto.am\\\/wp-content\\\/uploads\\\/2026\\\/09\\\/restaurant_argument_daylight.jpg\",\"datePublished\":\"2026-09-02T18:44:29+00:00\",\"dateModified\":\"2026-09-02T18:44:32+00:00\",\"author\":{\"@id\":\"https:\\\/\\\/vendeto.am\\\/#\\\/schema\\\/person\\\/48a4bd89d2048190ecc61e5ce821bef7\"},\"breadcrumb\":{\"@id\":\"https:\\\/\\\/vendeto.am\\\/?p=33161#breadcrumb\"},\"inLanguage\":\"ru-RU\",\"potentialAction\":[{\"@type\":\"ReadAction\",\"target\":[\"https:\\\/\\\/vendeto.am\\\/?p=33161\"]}]},{\"@type\":\"ImageObject\",\"inLanguage\":\"ru-RU\",\"@id\":\"https:\\\/\\\/vendeto.am\\\/?p=33161#primaryimage\",\"url\":\"https:\\\/\\\/vendeto.am\\\/wp-content\\\/uploads\\\/2026\\\/09\\\/restaurant_argument_daylight.jpg\",\"contentUrl\":\"https:\\\/\\\/vendeto.am\\\/wp-content\\\/uploads\\\/2026\\\/09\\\/restaurant_argument_daylight.jpg\",\"width\":1408,\"height\":1760},{\"@type\":\"BreadcrumbList\",\"@id\":\"https:\\\/\\\/vendeto.am\\\/?p=33161#breadcrumb\",\"itemListElement\":[{\"@type\":\"ListItem\",\"position\":1,\"name\":\"\u0413\u043b\u0430\u0432\u043d\u0430\u044f \u0441\u0442\u0440\u0430\u043d\u0438\u0446\u0430\",\"item\":\"https:\\\/\\\/vendeto.am\\\/\"},{\"@type\":\"ListItem\",\"position\":2,\"name\":\"Na Den matek se mi m\u00e1ma pod\u00edvala p\u0159\u00edmo do o\u010d\u00ed a \u0159ekla: \u201eP\u0159\u00e1la bych si, abys nikdy nebyla moje dcera.\u201c Vstala jsem a odpov\u011bd\u011bla: \u201eTak \u017eij, jako bys nikdy \u017e\u00e1dnou nem\u011bla,\u201c a odjela ve sv\u00e9m SUV.\"}]},{\"@type\":\"WebSite\",\"@id\":\"https:\\\/\\\/vendeto.am\\\/#website\",\"url\":\"https:\\\/\\\/vendeto.am\\\/\",\"name\":\"\",\"description\":\"\",\"potentialAction\":[{\"@type\":\"SearchAction\",\"target\":{\"@type\":\"EntryPoint\",\"urlTemplate\":\"https:\\\/\\\/vendeto.am\\\/?s={search_term_string}\"},\"query-input\":{\"@type\":\"PropertyValueSpecification\",\"valueRequired\":true,\"valueName\":\"search_term_string\"}}],\"inLanguage\":\"ru-RU\"},{\"@type\":\"Person\",\"@id\":\"https:\\\/\\\/vendeto.am\\\/#\\\/schema\\\/person\\\/48a4bd89d2048190ecc61e5ce821bef7\",\"name\":\"admin\",\"image\":{\"@type\":\"ImageObject\",\"inLanguage\":\"ru-RU\",\"@id\":\"https:\\\/\\\/secure.gravatar.com\\\/avatar\\\/df64e550a0653b7be0f1bcf897f33faad9c2c8153472b2d9319beafb51370f6f?s=96&d=mm&r=g\",\"url\":\"https:\\\/\\\/secure.gravatar.com\\\/avatar\\\/df64e550a0653b7be0f1bcf897f33faad9c2c8153472b2d9319beafb51370f6f?s=96&d=mm&r=g\",\"contentUrl\":\"https:\\\/\\\/secure.gravatar.com\\\/avatar\\\/df64e550a0653b7be0f1bcf897f33faad9c2c8153472b2d9319beafb51370f6f?s=96&d=mm&r=g\",\"caption\":\"admin\"},\"sameAs\":[\"http:\\\/\\\/vendeto.am\"],\"url\":\"https:\\\/\\\/vendeto.am\\\/?author=1\"}]}<\/script>\n<!-- \/ Yoast SEO plugin. -->","yoast_head_json":{"title":"Na Den matek se mi m\u00e1ma pod\u00edvala p\u0159\u00edmo do o\u010d\u00ed a \u0159ekla: \u201eP\u0159\u00e1la bych si, abys nikdy nebyla moje dcera.\u201c Vstala jsem a odpov\u011bd\u011bla: \u201eTak \u017eij, jako bys nikdy \u017e\u00e1dnou nem\u011bla,\u201c a odjela ve sv\u00e9m SUV. -","robots":{"index":"index","follow":"follow","max-snippet":"max-snippet:-1","max-image-preview":"max-image-preview:large","max-video-preview":"max-video-preview:-1"},"canonical":"https:\/\/vendeto.am\/?p=33161","og_locale":"ru_RU","og_type":"article","og_title":"Na Den matek se mi m\u00e1ma pod\u00edvala p\u0159\u00edmo do o\u010d\u00ed a \u0159ekla: \u201eP\u0159\u00e1la bych si, abys nikdy nebyla moje dcera.\u201c Vstala jsem a odpov\u011bd\u011bla: \u201eTak \u017eij, jako bys nikdy \u017e\u00e1dnou nem\u011bla,\u201c a odjela ve sv\u00e9m SUV. -","og_description":"Druh\u00fd den r\u00e1no mi telefon nep\u0159est\u00e1val zvonit \u2014 a najednou v\u0161ichni zoufale cht\u011bli, abych jim odpov\u011bd\u011bla.Druh\u00fd den r\u00e1no mi telefon nep\u0159est\u00e1val zvonit \u2014","og_url":"https:\/\/vendeto.am\/?p=33161","article_published_time":"2026-09-02T18:44:29+00:00","article_modified_time":"2026-09-02T18:44:32+00:00","og_image":[{"width":1408,"height":1760,"url":"https:\/\/vendeto.am\/wp-content\/uploads\/2026\/09\/restaurant_argument_daylight.jpg","type":"image\/jpeg"}],"author":"admin","twitter_card":"summary_large_image","twitter_misc":{"\u041d\u0430\u043f\u0438\u0441\u0430\u043d\u043e \u0430\u0432\u0442\u043e\u0440\u043e\u043c":"admin","\u041f\u0440\u0438\u043c\u0435\u0440\u043d\u043e\u0435 \u0432\u0440\u0435\u043c\u044f \u0434\u043b\u044f \u0447\u0442\u0435\u043d\u0438\u044f":"22 \u043c\u0438\u043d\u0443\u0442\u044b"},"schema":{"@context":"https:\/\/schema.org","@graph":[{"@type":"Article","@id":"https:\/\/vendeto.am\/?p=33161#article","isPartOf":{"@id":"https:\/\/vendeto.am\/?p=33161"},"author":{"name":"admin","@id":"https:\/\/vendeto.am\/#\/schema\/person\/48a4bd89d2048190ecc61e5ce821bef7"},"headline":"Na Den matek se mi m\u00e1ma pod\u00edvala p\u0159\u00edmo do o\u010d\u00ed a \u0159ekla: \u201eP\u0159\u00e1la bych si, abys nikdy nebyla moje dcera.\u201c Vstala jsem a odpov\u011bd\u011bla: \u201eTak \u017eij, jako bys nikdy \u017e\u00e1dnou nem\u011bla,\u201c a odjela ve sv\u00e9m SUV.","datePublished":"2026-09-02T18:44:29+00:00","dateModified":"2026-09-02T18:44:32+00:00","mainEntityOfPage":{"@id":"https:\/\/vendeto.am\/?p=33161"},"wordCount":5148,"commentCount":0,"image":{"@id":"https:\/\/vendeto.am\/?p=33161#primaryimage"},"thumbnailUrl":"https:\/\/vendeto.am\/wp-content\/uploads\/2026\/09\/restaurant_argument_daylight.jpg","articleSection":["SPORT"],"inLanguage":"ru-RU","potentialAction":[{"@type":"CommentAction","name":"Comment","target":["https:\/\/vendeto.am\/?p=33161#respond"]}]},{"@type":"WebPage","@id":"https:\/\/vendeto.am\/?p=33161","url":"https:\/\/vendeto.am\/?p=33161","name":"Na Den matek se mi m\u00e1ma pod\u00edvala p\u0159\u00edmo do o\u010d\u00ed a \u0159ekla: \u201eP\u0159\u00e1la bych si, abys nikdy nebyla moje dcera.\u201c Vstala jsem a odpov\u011bd\u011bla: \u201eTak \u017eij, jako bys nikdy \u017e\u00e1dnou nem\u011bla,\u201c a odjela ve sv\u00e9m SUV. -","isPartOf":{"@id":"https:\/\/vendeto.am\/#website"},"primaryImageOfPage":{"@id":"https:\/\/vendeto.am\/?p=33161#primaryimage"},"image":{"@id":"https:\/\/vendeto.am\/?p=33161#primaryimage"},"thumbnailUrl":"https:\/\/vendeto.am\/wp-content\/uploads\/2026\/09\/restaurant_argument_daylight.jpg","datePublished":"2026-09-02T18:44:29+00:00","dateModified":"2026-09-02T18:44:32+00:00","author":{"@id":"https:\/\/vendeto.am\/#\/schema\/person\/48a4bd89d2048190ecc61e5ce821bef7"},"breadcrumb":{"@id":"https:\/\/vendeto.am\/?p=33161#breadcrumb"},"inLanguage":"ru-RU","potentialAction":[{"@type":"ReadAction","target":["https:\/\/vendeto.am\/?p=33161"]}]},{"@type":"ImageObject","inLanguage":"ru-RU","@id":"https:\/\/vendeto.am\/?p=33161#primaryimage","url":"https:\/\/vendeto.am\/wp-content\/uploads\/2026\/09\/restaurant_argument_daylight.jpg","contentUrl":"https:\/\/vendeto.am\/wp-content\/uploads\/2026\/09\/restaurant_argument_daylight.jpg","width":1408,"height":1760},{"@type":"BreadcrumbList","@id":"https:\/\/vendeto.am\/?p=33161#breadcrumb","itemListElement":[{"@type":"ListItem","position":1,"name":"\u0413\u043b\u0430\u0432\u043d\u0430\u044f \u0441\u0442\u0440\u0430\u043d\u0438\u0446\u0430","item":"https:\/\/vendeto.am\/"},{"@type":"ListItem","position":2,"name":"Na Den matek se mi m\u00e1ma pod\u00edvala p\u0159\u00edmo do o\u010d\u00ed a \u0159ekla: \u201eP\u0159\u00e1la bych si, abys nikdy nebyla moje dcera.\u201c Vstala jsem a odpov\u011bd\u011bla: \u201eTak \u017eij, jako bys nikdy \u017e\u00e1dnou nem\u011bla,\u201c a odjela ve sv\u00e9m SUV."}]},{"@type":"WebSite","@id":"https:\/\/vendeto.am\/#website","url":"https:\/\/vendeto.am\/","name":"","description":"","potentialAction":[{"@type":"SearchAction","target":{"@type":"EntryPoint","urlTemplate":"https:\/\/vendeto.am\/?s={search_term_string}"},"query-input":{"@type":"PropertyValueSpecification","valueRequired":true,"valueName":"search_term_string"}}],"inLanguage":"ru-RU"},{"@type":"Person","@id":"https:\/\/vendeto.am\/#\/schema\/person\/48a4bd89d2048190ecc61e5ce821bef7","name":"admin","image":{"@type":"ImageObject","inLanguage":"ru-RU","@id":"https:\/\/secure.gravatar.com\/avatar\/df64e550a0653b7be0f1bcf897f33faad9c2c8153472b2d9319beafb51370f6f?s=96&d=mm&r=g","url":"https:\/\/secure.gravatar.com\/avatar\/df64e550a0653b7be0f1bcf897f33faad9c2c8153472b2d9319beafb51370f6f?s=96&d=mm&r=g","contentUrl":"https:\/\/secure.gravatar.com\/avatar\/df64e550a0653b7be0f1bcf897f33faad9c2c8153472b2d9319beafb51370f6f?s=96&d=mm&r=g","caption":"admin"},"sameAs":["http:\/\/vendeto.am"],"url":"https:\/\/vendeto.am\/?author=1"}]}},"_links":{"self":[{"href":"https:\/\/vendeto.am\/index.php?rest_route=\/wp\/v2\/posts\/33161","targetHints":{"allow":["GET"]}}],"collection":[{"href":"https:\/\/vendeto.am\/index.php?rest_route=\/wp\/v2\/posts"}],"about":[{"href":"https:\/\/vendeto.am\/index.php?rest_route=\/wp\/v2\/types\/post"}],"author":[{"embeddable":true,"href":"https:\/\/vendeto.am\/index.php?rest_route=\/wp\/v2\/users\/1"}],"replies":[{"embeddable":true,"href":"https:\/\/vendeto.am\/index.php?rest_route=%2Fwp%2Fv2%2Fcomments&post=33161"}],"version-history":[{"count":1,"href":"https:\/\/vendeto.am\/index.php?rest_route=\/wp\/v2\/posts\/33161\/revisions"}],"predecessor-version":[{"id":33163,"href":"https:\/\/vendeto.am\/index.php?rest_route=\/wp\/v2\/posts\/33161\/revisions\/33163"}],"wp:featuredmedia":[{"embeddable":true,"href":"https:\/\/vendeto.am\/index.php?rest_route=\/wp\/v2\/media\/33162"}],"wp:attachment":[{"href":"https:\/\/vendeto.am\/index.php?rest_route=%2Fwp%2Fv2%2Fmedia&parent=33161"}],"wp:term":[{"taxonomy":"category","embeddable":true,"href":"https:\/\/vendeto.am\/index.php?rest_route=%2Fwp%2Fv2%2Fcategories&post=33161"},{"taxonomy":"post_tag","embeddable":true,"href":"https:\/\/vendeto.am\/index.php?rest_route=%2Fwp%2Fv2%2Ftags&post=33161"}],"curies":[{"name":"wp","href":"https:\/\/api.w.org\/{rel}","templated":true}]}}