{"id":33172,"date":"2026-09-03T07:01:19","date_gmt":"2026-09-03T04:01:19","guid":{"rendered":"https:\/\/vendeto.am\/?p=33172"},"modified":"2026-09-03T07:01:21","modified_gmt":"2026-09-03T04:01:21","slug":"esperaba-con-ilusion-conocer-al-prometido-de-mi-hija-pero-una-sola-mirada-hacia-el-lo-cambio-todo-y-supe-que-esa-boda-no-podia-celebrarse-historia-del-dia","status":"publish","type":"post","link":"https:\/\/vendeto.am\/?p=33172","title":{"rendered":"Esperaba con ilusi\u00f3n conocer al prometido de mi hija, pero una sola mirada hacia \u00e9l lo cambi\u00f3 todo y supe que esa boda no pod\u00eda celebrarse \u2014 Historia del d\u00eda"},"content":{"rendered":"\n<p class=\"wp-block-paragraph\"><strong>Durante meses imagin\u00e9 el d\u00eda en que finalmente conocer\u00eda al prometido de mi hija y a sus padres.<\/strong><\/p>\n\n\n\n<p class=\"wp-block-paragraph\">En mi imaginaci\u00f3n, todo ser\u00eda perfecto.<\/p>\n\n\n\n<p class=\"wp-block-paragraph\">Una agradable cena familiar.<\/p>\n\n\n\n<p class=\"wp-block-paragraph\">Buena comida.<\/p>\n\n\n\n<p class=\"wp-block-paragraph\">Risas.<\/p>\n\n\n\n<p class=\"wp-block-paragraph\">Recuerdos de la infancia de Kira.<\/p>\n\n\n\n<p class=\"wp-block-paragraph\">Quiz\u00e1 incluso el comienzo de una relaci\u00f3n cercana entre dos familias que pronto se unir\u00edan en una sola.<\/p>\n\n\n\n<p class=\"wp-block-paragraph\">Pero en el momento en que abr\u00ed la puerta de entrada y vi qui\u00e9n estaba detr\u00e1s, todas las expectativas que hab\u00eda creado desaparecieron.<\/p>\n\n\n\n<p class=\"wp-block-paragraph\">Y en ese instante estuve convencida de que aquella boda no pod\u00eda celebrarse.<\/p>\n\n\n\n<p class=\"wp-block-paragraph\">Me llamo Jessica.<\/p>\n\n\n\n<p class=\"wp-block-paragraph\">Aquella tarde llevaba varias horas corriendo de un lado a otro por la cocina, porque Kira finalmente iba a traer a cenar a su prometido, Marcus, y a los padres de \u00e9l.<\/p>\n\n\n\n<p class=\"wp-block-paragraph\">Durante meses hab\u00eda evitado present\u00e1rnoslos.<\/p>\n\n\n\n<p class=\"wp-block-paragraph\">Cada vez que le preguntaba, ten\u00eda alguna excusa.<\/p>\n\n\n\n<p class=\"wp-block-paragraph\">\u2014Tienen mucho trabajo, mam\u00e1.<\/p>\n\n\n\n<p class=\"wp-block-paragraph\">\u2014Quiz\u00e1 el pr\u00f3ximo fin de semana.<\/p>\n\n\n\n<p class=\"wp-block-paragraph\">\u2014Lo haremos pronto.<\/p>\n\n\n\n<p class=\"wp-block-paragraph\">Nunca entend\u00ed por qu\u00e9 segu\u00eda posponiendo algo que parec\u00eda tan sencillo.<\/p>\n\n\n\n<p class=\"wp-block-paragraph\">Pero ahora Marcus ya le hab\u00eda pedido matrimonio a Kira.<\/p>\n\n\n\n<p class=\"wp-block-paragraph\">Ten\u00edan el anillo de compromiso.<\/p>\n\n\n\n<p class=\"wp-block-paragraph\">Ten\u00edan fecha para la boda.<\/p>\n\n\n\n<figure class=\"wp-block-image size-large\"><img loading=\"lazy\" decoding=\"async\" width=\"819\" height=\"1024\" src=\"https:\/\/vendeto.am\/wp-content\/uploads\/2026\/09\/lakeside_wedding_portrait-819x1024.jpg\" alt=\"\" class=\"wp-image-33155\" srcset=\"https:\/\/vendeto.am\/wp-content\/uploads\/2026\/09\/lakeside_wedding_portrait-819x1024.jpg 819w, https:\/\/vendeto.am\/wp-content\/uploads\/2026\/09\/lakeside_wedding_portrait-240x300.jpg 240w, https:\/\/vendeto.am\/wp-content\/uploads\/2026\/09\/lakeside_wedding_portrait-768x960.jpg 768w, https:\/\/vendeto.am\/wp-content\/uploads\/2026\/09\/lakeside_wedding_portrait-1229x1536.jpg 1229w, https:\/\/vendeto.am\/wp-content\/uploads\/2026\/09\/lakeside_wedding_portrait.jpg 1408w\" sizes=\"auto, (max-width: 819px) 100vw, 819px\" \/><\/figure>\n\n\n\n<p class=\"wp-block-paragraph\">As\u00ed que ya no pod\u00eda evitarse.<\/p>\n\n\n\n<p class=\"wp-block-paragraph\">Mi marido, Bradley, estaba sentado a la mesa de la cocina leyendo el peri\u00f3dico mientras yo corr\u00eda entre el horno, el comedor y el frigor\u00edfico.<\/p>\n\n\n\n<p class=\"wp-block-paragraph\">\u2014Jessica, si\u00e9ntate cinco minutos \u2014me dijo.<\/p>\n\n\n\n<p class=\"wp-block-paragraph\">\u2014No puedo sentarme. El asado todav\u00eda se est\u00e1 haciendo, la mesa no est\u00e1 lista y no encuentro las flores.<\/p>\n\n\n\n<p class=\"wp-block-paragraph\">Bradley sonri\u00f3 para s\u00ed mismo y volvi\u00f3 a concentrarse en el peri\u00f3dico.<\/p>\n\n\n\n<p class=\"wp-block-paragraph\">Entonces son\u00f3 el timbre.<\/p>\n\n\n\n<p class=\"wp-block-paragraph\">Se me encogi\u00f3 el est\u00f3mago.<\/p>\n\n\n\n<p class=\"wp-block-paragraph\">\u2014\u00a1Ya est\u00e1n aqu\u00ed!<\/p>\n\n\n\n<p class=\"wp-block-paragraph\">Me quit\u00e9 el delantal y lo dej\u00e9 sobre la encimera de la cocina.<\/p>\n\n\n\n<p class=\"wp-block-paragraph\">Bradley se dirigi\u00f3 hacia la puerta.<\/p>\n\n\n\n<p class=\"wp-block-paragraph\">\u2014Yo abrir\u00e9.<\/p>\n\n\n\n<p class=\"wp-block-paragraph\">\u2014No.<\/p>\n\n\n\n<p class=\"wp-block-paragraph\">Corr\u00ed detr\u00e1s de \u00e9l.<\/p>\n\n\n\n<p class=\"wp-block-paragraph\">\u2014Deber\u00edamos recibirlos juntos.<\/p>\n\n\n\n<p class=\"wp-block-paragraph\">Suspir\u00f3 con paciencia, pero esper\u00f3.<\/p>\n\n\n\n<p class=\"wp-block-paragraph\">Me acomod\u00e9 el vestido, dibuj\u00e9 una sonrisa amable en mi rostro y asent\u00ed.<\/p>\n\n\n\n<p class=\"wp-block-paragraph\">Bradley abri\u00f3 la puerta.<\/p>\n\n\n\n<p class=\"wp-block-paragraph\">Kira estaba all\u00ed, sonriendo radiante.<\/p>\n\n\n\n<p class=\"wp-block-paragraph\">A su lado estaba Marcus.<\/p>\n\n\n\n<p class=\"wp-block-paragraph\">Detr\u00e1s de \u00e9l estaban sus padres.<\/p>\n\n\n\n<p class=\"wp-block-paragraph\">Mi sonrisa desapareci\u00f3.<\/p>\n\n\n\n<p class=\"wp-block-paragraph\">Marcus y su familia eran negros.<\/p>\n\n\n\n<p class=\"wp-block-paragraph\">Durante varios segundos me limit\u00e9 a mirarlos.<\/p>\n\n\n\n<p class=\"wp-block-paragraph\">No era lo que hab\u00eda imaginado.<\/p>\n\n\n\n<p class=\"wp-block-paragraph\">Bradley se qued\u00f3 r\u00edgido a mi lado.<\/p>\n\n\n\n<p class=\"wp-block-paragraph\">\u2014\u00bfMam\u00e1?<\/p>\n\n\n\n<p class=\"wp-block-paragraph\">La voz de Kira me sac\u00f3 de mi sorpresa.<\/p>\n\n\n\n<p class=\"wp-block-paragraph\">\u2014\u00bfVas a dejar entrar a todos?<\/p>\n\n\n\n<p class=\"wp-block-paragraph\">\u2014S\u00ed. Por supuesto.<\/p>\n\n\n\n<p class=\"wp-block-paragraph\">Me apart\u00e9 r\u00e1pidamente.<\/p>\n\n\n\n<p class=\"wp-block-paragraph\">\u2014Pasen.<\/p>\n\n\n\n<p class=\"wp-block-paragraph\">Los guiamos hacia el comedor, pero mis manos comenzaron a temblar.<\/p>\n\n\n\n<p class=\"wp-block-paragraph\">Los pensamientos se agolaban en mi cabeza.<\/p>\n\n\n\n<p class=\"wp-block-paragraph\">Necesitaba hablar con Kira a solas.<\/p>\n\n\n\n<p class=\"wp-block-paragraph\">\u2014Olvid\u00e9 algo en la cocina \u2014dije\u2014. Kira, ven a ayudarme un momento.<\/p>\n\n\n\n<p class=\"wp-block-paragraph\">Despu\u00e9s mir\u00e9 a Bradley.<\/p>\n\n\n\n<p class=\"wp-block-paragraph\">\u2014T\u00fa tambi\u00e9n.<\/p>\n\n\n\n<p class=\"wp-block-paragraph\">En cuanto la puerta de la cocina se cerr\u00f3 detr\u00e1s de nosotros, me volv\u00ed hacia mi hija.<\/p>\n\n\n\n<p class=\"wp-block-paragraph\">\u2014\u00bfHay algo que olvidaste contarnos?<\/p>\n\n\n\n<p class=\"wp-block-paragraph\">Kira frunci\u00f3 el ce\u00f1o.<\/p>\n\n\n\n<p class=\"wp-block-paragraph\">\u2014\u00bfDe qu\u00e9 est\u00e1s hablando?<\/p>\n\n\n\n<p class=\"wp-block-paragraph\">\u2014Marcus es negro.<\/p>\n\n\n\n<p class=\"wp-block-paragraph\">Su expresi\u00f3n se endureci\u00f3 inmediatamente.<\/p>\n\n\n\n<p class=\"wp-block-paragraph\">\u2014S\u00ed, mam\u00e1. Lo s\u00e9.<\/p>\n\n\n\n<p class=\"wp-block-paragraph\">\u2014\u00bfPor qu\u00e9 no nos lo dijiste?<\/p>\n\n\n\n<p class=\"wp-block-paragraph\">\u2014Porque sab\u00eda que esto iba a pasar.<\/p>\n\n\n\n<p class=\"wp-block-paragraph\">Cruz\u00f3 los brazos sobre el pecho.<\/p>\n\n\n\n<p class=\"wp-block-paragraph\">\u2014Sab\u00eda que reaccionar\u00edas exactamente as\u00ed. Marcus es una persona maravillosa. Su familia es amable. \u00bfPor qu\u00e9 no pod\u00edan conocerlos primero antes de empezar a juzgarlo todo?<\/p>\n\n\n\n<p class=\"wp-block-paragraph\">Bradley finalmente habl\u00f3.<\/p>\n\n\n\n<p class=\"wp-block-paragraph\">\u2014Mi hija no se va a casar con un hombre negro.<\/p>\n\n\n\n<p class=\"wp-block-paragraph\">Kira abri\u00f3 los ojos de par en par.<\/p>\n\n\n\n<p class=\"wp-block-paragraph\">\u2014Eso no lo decides t\u00fa.<\/p>\n\n\n\n<p class=\"wp-block-paragraph\">Su voz temblaba de rabia.<\/p>\n\n\n\n<p class=\"wp-block-paragraph\">\u2014\u00bfPueden comportarse los dos con normalidad por una sola noche, por favor?<\/p>\n\n\n\n<p class=\"wp-block-paragraph\">Luego sali\u00f3 de la cocina.<\/p>\n\n\n\n<p class=\"wp-block-paragraph\">La cena fue dolorosamente inc\u00f3moda.<\/p>\n\n\n\n<p class=\"wp-block-paragraph\">Kira y Marcus intentaban mantener la conversaci\u00f3n, pero el ambiente era pesado.<\/p>\n\n\n\n<p class=\"wp-block-paragraph\">Apenas pude comer.<\/p>\n\n\n\n<h3 class=\"wp-block-heading\">M\u00e1s tarde, Kira sac\u00f3 unos viejos \u00e1lbumes familiares y comenz\u00f3 a ense\u00f1arle a Marcus fotograf\u00edas de su infancia.<\/h3>\n\n\n\n<p class=\"wp-block-paragraph\">Estaban sentados juntos en el sof\u00e1 y se re\u00edan.<\/p>\n\n\n\n<p class=\"wp-block-paragraph\">Los observ\u00e9 desde el otro lado de la habitaci\u00f3n.<\/p>\n\n\n\n<p class=\"wp-block-paragraph\">Entonces la madre de Marcus, Betty, se acerc\u00f3 a m\u00ed.<\/p>\n\n\n\n<p class=\"wp-block-paragraph\">\u2014\u00bfQu\u00e9 piensa de que est\u00e9n juntos? \u2014pregunt\u00f3 en voz baja.<\/p>\n\n\n\n<p class=\"wp-block-paragraph\">Vacil\u00e9.<\/p>\n\n\n\n<p class=\"wp-block-paragraph\">\u2014No quiero que me malinterprete.<\/p>\n\n\n\n<p class=\"wp-block-paragraph\">Baj\u00e9 la voz.<\/p>\n\n\n\n<p class=\"wp-block-paragraph\">\u2014Siempre imagin\u00e9 a Kira con alguien que se pareciera m\u00e1s a ella.<\/p>\n\n\n\n<p class=\"wp-block-paragraph\">Para mi sorpresa, Betty asinti\u00f3.<\/p>\n\n\n\n<p class=\"wp-block-paragraph\">\u2014Entiendo perfectamente lo que quiere decir.<\/p>\n\n\n\n<p class=\"wp-block-paragraph\">Me volv\u00ed hacia ella.<\/p>\n\n\n\n<p class=\"wp-block-paragraph\">\u2014\u00bfDe verdad?<\/p>\n\n\n\n<p class=\"wp-block-paragraph\">\u2014Yo tampoco creo que Marcus deba casarse con Kira.<\/p>\n\n\n\n<p class=\"wp-block-paragraph\">Mir\u00f3 hacia ellos.<\/p>\n\n\n\n<p class=\"wp-block-paragraph\">\u2014Siempre imagin\u00e9 que estar\u00eda con alguien que entendiera a nuestra familia y nuestras tradiciones.<\/p>\n\n\n\n<p class=\"wp-block-paragraph\">Por primera vez en toda la noche sent\u00ed alivio.<\/p>\n\n\n\n<p class=\"wp-block-paragraph\">\u2014Usted lo entiende.<\/p>\n\n\n\n<p class=\"wp-block-paragraph\">Betty se inclin\u00f3 hacia m\u00ed.<\/p>\n\n\n\n<p class=\"wp-block-paragraph\">\u2014No podemos permitir que esa boda se celebre.<\/p>\n\n\n\n<p class=\"wp-block-paragraph\">Asent\u00ed.<\/p>\n\n\n\n<p class=\"wp-block-paragraph\">\u2014No. No podemos.<\/p>\n\n\n\n<p class=\"wp-block-paragraph\">Y as\u00ed comenz\u00f3 la alianza m\u00e1s extra\u00f1a de mi vida.<\/p>\n\n\n\n<p class=\"wp-block-paragraph\">Betty y yo est\u00e1bamos convencidas de que est\u00e1bamos protegiendo a nuestros hijos.<\/p>\n\n\n\n<p class=\"wp-block-paragraph\">Comenzamos a criticar todo lo relacionado con la boda.<\/p>\n\n\n\n<p class=\"wp-block-paragraph\">Ella se quejaba del vestido de Kira y dec\u00eda que no respetaba las tradiciones importantes para la familia de Marcus.<\/p>\n\n\n\n<p class=\"wp-block-paragraph\">Yo criticaba a Marcus por el men\u00fa y afirmaba que a Kira no le gustar\u00eda la comida que prefer\u00edan sus familiares.<\/p>\n\n\n\n<p class=\"wp-block-paragraph\">Despu\u00e9s lleg\u00f3 la iglesia.<\/p>\n\n\n\n<p class=\"wp-block-paragraph\">Betty quer\u00eda celebrar la ceremonia en la iglesia de su familia.<\/p>\n\n\n\n<p class=\"wp-block-paragraph\">Yo la quer\u00eda en la nuestra.<\/p>\n\n\n\n<p class=\"wp-block-paragraph\">Discutimos por la m\u00fasica.<\/p>\n\n\n\n<p class=\"wp-block-paragraph\">La lista de invitados.<\/p>\n\n\n\n<p class=\"wp-block-paragraph\">La decoraci\u00f3n.<\/p>\n\n\n\n<p class=\"wp-block-paragraph\">La distribuci\u00f3n de las mesas.<\/p>\n\n\n\n<p class=\"wp-block-paragraph\">Casi todo terminaba convirti\u00e9ndose en una discusi\u00f3n.<\/p>\n\n\n\n<p class=\"wp-block-paragraph\">Pero nada tuvo el efecto que quer\u00edamos.<\/p>\n\n\n\n<p class=\"wp-block-paragraph\">De hecho, cuanto m\u00e1s interfer\u00edamos en su relaci\u00f3n, m\u00e1s unidos se volv\u00edan Kira y Marcus.<\/p>\n\n\n\n<p class=\"wp-block-paragraph\">Cada nuevo conflicto solo los convenc\u00eda m\u00e1s de que ten\u00edan que permanecer juntos y apoyarse mutuamente.<\/p>\n\n\n\n<p class=\"wp-block-paragraph\">Finalmente, Betty y yo llegamos a la conclusi\u00f3n de que las discusiones no eran suficientes.<\/p>\n\n\n\n<p class=\"wp-block-paragraph\">Necesit\u00e1bamos otro plan.<\/p>\n\n\n\n<p class=\"wp-block-paragraph\">Organic\u00e9 algo que llam\u00e9 un inocente almuerzo entre Kira y el hijo de uno de mis compa\u00f1eros de trabajo.<\/p>\n\n\n\n<p class=\"wp-block-paragraph\">Era educado, exitoso y proven\u00eda de una familia que yo consideraba respetable.<\/p>\n\n\n\n<p class=\"wp-block-paragraph\">Al mismo tiempo, Betty organiz\u00f3 un encuentro entre Marcus y una joven de su iglesia.<\/p>\n\n\n\n<p class=\"wp-block-paragraph\">Ninguna de las dos lo llam\u00f3 una cita.<\/p>\n\n\n\n<p class=\"wp-block-paragraph\">Eso habr\u00eda revelado demasiado nuestras intenciones.<\/p>\n\n\n\n<p class=\"wp-block-paragraph\">Simplemente manipulamos las circunstancias para que Kira y Marcus aparecieran en aquellos encuentros.<\/p>\n\n\n\n<p class=\"wp-block-paragraph\">Fue un desastre absoluto.<\/p>\n\n\n\n<p class=\"wp-block-paragraph\">Aquella noche fuimos con Bradley a casa de Betty y su marido, Rod.<\/p>\n\n\n\n<p class=\"wp-block-paragraph\">Mientras Betty y yo habl\u00e1bamos en voz baja sobre nuestro plan, vi a Bradley y Rod sentados frente al televisor.<\/p>\n\n\n\n<p class=\"wp-block-paragraph\">Beb\u00edan cerveza y se re\u00edan mientras ve\u00edan un partido de f\u00fatbol.<\/p>\n\n\n\n<p class=\"wp-block-paragraph\">M\u00e1s tarde llev\u00e9 a Bradley aparte.<\/p>\n\n\n\n<p class=\"wp-block-paragraph\">\u2014\u00bfQu\u00e9 est\u00e1s haciendo exactamente?<\/p>\n\n\n\n<p class=\"wp-block-paragraph\">Parec\u00eda confundido.<\/p>\n\n\n\n<p class=\"wp-block-paragraph\">\u2014Estoy viendo el partido.<\/p>\n\n\n\n<p class=\"wp-block-paragraph\">\u2014Deber\u00edas apoyarme.<\/p>\n\n\n\n<p class=\"wp-block-paragraph\">\u2014Te apoyo.<\/p>\n\n\n\n<p class=\"wp-block-paragraph\">Dio un sorbo a su cerveza.<\/p>\n\n\n\n<p class=\"wp-block-paragraph\">\u2014Pero Rod es un buen hombre.<\/p>\n\n\n\n<p class=\"wp-block-paragraph\">Lo mir\u00e9 fijamente.<\/p>\n\n\n\n<p class=\"wp-block-paragraph\">Antes de que pudiera responder, la puerta principal se cerr\u00f3 de golpe.<\/p>\n\n\n\n<p class=\"wp-block-paragraph\">Unos pasos pesados resonaron por el pasillo.<\/p>\n\n\n\n<p class=\"wp-block-paragraph\">Kira y Marcus irrumpieron en la sala.<\/p>\n\n\n\n<p class=\"wp-block-paragraph\">Ambos estaban furiosos.<\/p>\n\n\n\n<p class=\"wp-block-paragraph\">\u2014\u00bfSe han vuelto todos completamente locos? \u2014grit\u00f3 Marcus.<\/p>\n\n\n\n<p class=\"wp-block-paragraph\">Kira me mir\u00f3 directamente.<\/p>\n\n\n\n<p class=\"wp-block-paragraph\">\u2014\u00a1Nuestra boda es dentro de una semana y t\u00fa me organizaste una cita con otro hombre!<\/p>\n\n\n\n<p class=\"wp-block-paragraph\">Abr\u00ed la boca.<\/p>\n\n\n\n<p class=\"wp-block-paragraph\">Betty respondi\u00f3 primero.<\/p>\n\n\n\n<p class=\"wp-block-paragraph\">\u2014Solo queremos lo mejor para los dos.<\/p>\n\n\n\n<p class=\"wp-block-paragraph\">Kira solt\u00f3 una risa amarga.<\/p>\n\n\n\n<p class=\"wp-block-paragraph\">\u2014Nos mintieron. Nos enga\u00f1aron. Nos humillaron.<\/p>\n\n\n\n<p class=\"wp-block-paragraph\">Intent\u00e9 mantener la calma.<\/p>\n\n\n\n<p class=\"wp-block-paragraph\">\u2014Solo creo que ambos podr\u00edan encontrar a alguien con quien fueran m\u00e1s compatibles.<\/p>\n\n\n\n<p class=\"wp-block-paragraph\">Todo el cuerpo de Kira se qued\u00f3 r\u00edgido.<\/p>\n\n\n\n<p class=\"wp-block-paragraph\">\u2014No me importa de qu\u00e9 color sea la piel de Marcus.<\/p>\n\n\n\n<p class=\"wp-block-paragraph\">Su voz se quebr\u00f3 por la emoci\u00f3n.<\/p>\n\n\n\n<p class=\"wp-block-paragraph\">\u2014Lo amo. Me voy a casar con \u00e9l porque es la persona con la que quiero pasar toda mi vida.<\/p>\n\n\n\n<p class=\"wp-block-paragraph\">Marcus se coloc\u00f3 a su lado.<\/p>\n\n\n\n<p class=\"wp-block-paragraph\">\u2014Y yo amo a Kira. No quiero a nadie m\u00e1s.<\/p>\n\n\n\n<p class=\"wp-block-paragraph\">Betty y yo nos miramos.<\/p>\n\n\n\n<p class=\"wp-block-paragraph\">Por primera vez no ten\u00edamos respuesta.<\/p>\n\n\n\n<p class=\"wp-block-paragraph\">\u2014Intent\u00e1bamos hacer lo que cre\u00edamos que era correcto \u2014dije finalmente.<\/p>\n\n\n\n<p class=\"wp-block-paragraph\">Betty asinti\u00f3.<\/p>\n\n\n\n<p class=\"wp-block-paragraph\">\u2014Exactamente.<\/p>\n\n\n\n<p class=\"wp-block-paragraph\">Kira neg\u00f3 con la cabeza.<\/p>\n\n\n\n<p class=\"wp-block-paragraph\">\u2014Eso es lo que siguen dici\u00e9ndose.<\/p>\n\n\n\n<p class=\"wp-block-paragraph\">Entonces nos mir\u00f3 a ambas.<\/p>\n\n\n\n<p class=\"wp-block-paragraph\">\u2014Las dos siguen hablando de lo diferentes que somos Marcus y yo para poder estar juntos.<\/p>\n\n\n\n<p class=\"wp-block-paragraph\">Solt\u00f3 una risa amarga.<\/p>\n\n\n\n<p class=\"wp-block-paragraph\">\u2014Pero m\u00edrense ustedes dos.<\/p>\n\n\n\n<p class=\"wp-block-paragraph\">Betty frunci\u00f3 el ce\u00f1o.<\/p>\n\n\n\n<p class=\"wp-block-paragraph\">\u2014\u00bfQu\u00e9 quieres decir?<\/p>\n\n\n\n<p class=\"wp-block-paragraph\">\u2014Que son pr\u00e1cticamente iguales.<\/p>\n\n\n\n<h3 class=\"wp-block-heading\">Kira nos se\u00f1al\u00f3.<\/h3>\n\n\n\n<p class=\"wp-block-paragraph\">\u2014Las dos son testarudas. Las dos se meten en todo. Las dos manipulan a la gente cuando las cosas no salen como quieren. Mam\u00e1, \u00faltimamente probablemente has pasado m\u00e1s tiempo hablando con Betty que con cualquiera de tus verdaderas amigas.<\/p>\n\n\n\n<p class=\"wp-block-paragraph\">Empec\u00e9 a responder.<\/p>\n\n\n\n<p class=\"wp-block-paragraph\">\u2014T\u00fa no entiendes\u2026<\/p>\n\n\n\n<p class=\"wp-block-paragraph\">\u2014No, mam\u00e1. T\u00fa no entiendes.<\/p>\n\n\n\n<p class=\"wp-block-paragraph\">La voz de Kira se hizo m\u00e1s fuerte.<\/p>\n\n\n\n<p class=\"wp-block-paragraph\">\u2014Me voy a casar con Marcus.<\/p>\n\n\n\n<p class=\"wp-block-paragraph\">Lo tom\u00f3 de la mano.<\/p>\n\n\n\n<p class=\"wp-block-paragraph\">\u2014Puedes aceptarlo o puedes mantenerte al margen.<\/p>\n\n\n\n<p class=\"wp-block-paragraph\">Despu\u00e9s mir\u00f3 hacia el sof\u00e1.<\/p>\n\n\n\n<p class=\"wp-block-paragraph\">Bradley y Rod segu\u00edan all\u00ed sentados.<\/p>\n\n\n\n<p class=\"wp-block-paragraph\">\u2014Incluso pap\u00e1 est\u00e1 bebiendo cerveza con el padre de Marcus como si se conocieran desde hace a\u00f1os.<\/p>\n\n\n\n<p class=\"wp-block-paragraph\">Bradley levant\u00f3 la botella con incomodidad.<\/p>\n\n\n\n<p class=\"wp-block-paragraph\">Kira volvi\u00f3 a mirarme.<\/p>\n\n\n\n<p class=\"wp-block-paragraph\">\u2014Si pap\u00e1 puede superarlo, \u00bfpor qu\u00e9 t\u00fa no?<\/p>\n\n\n\n<p class=\"wp-block-paragraph\">No ten\u00eda respuesta.<\/p>\n\n\n\n<p class=\"wp-block-paragraph\">Entonces pronunci\u00f3 la frase que finalmente quebr\u00f3 mi orgullo.<\/p>\n\n\n\n<p class=\"wp-block-paragraph\">\u2014Si no puedes aceptarnos, no vengas a la boda.<\/p>\n\n\n\n<p class=\"wp-block-paragraph\">Marcus mir\u00f3 a Betty.<\/p>\n\n\n\n<p class=\"wp-block-paragraph\">\u2014Lo mismo va para ti, mam\u00e1.<\/p>\n\n\n\n<p class=\"wp-block-paragraph\">Se marcharon.<\/p>\n\n\n\n<p class=\"wp-block-paragraph\">La casa qued\u00f3 en silencio.<\/p>\n\n\n\n<p class=\"wp-block-paragraph\">Bradley apag\u00f3 lentamente el televisor.<\/p>\n\n\n\n<p class=\"wp-block-paragraph\">Despu\u00e9s se levant\u00f3.<\/p>\n\n\n\n<p class=\"wp-block-paragraph\">\u2014Es hora de irnos.<\/p>\n\n\n\n<p class=\"wp-block-paragraph\">Cuando me mir\u00f3, comprend\u00ed inmediatamente lo que sent\u00eda.<\/p>\n\n\n\n<p class=\"wp-block-paragraph\">Decepci\u00f3n.<\/p>\n\n\n\n<p class=\"wp-block-paragraph\">Pero no por Kira.<\/p>\n\n\n\n<p class=\"wp-block-paragraph\">Por m\u00ed.<\/p>\n\n\n\n<p class=\"wp-block-paragraph\">Durante la semana siguiente llam\u00e9 a mi hija varias veces.<\/p>\n\n\n\n<p class=\"wp-block-paragraph\">Le envi\u00e9 mensajes.<\/p>\n\n\n\n<p class=\"wp-block-paragraph\">No respondi\u00f3.<\/p>\n\n\n\n<p class=\"wp-block-paragraph\">Cada d\u00eda, el silencio se hac\u00eda m\u00e1s dif\u00edcil de soportar.<\/p>\n\n\n\n<p class=\"wp-block-paragraph\">Entonces lleg\u00f3 la noche del ensayo de la boda.<\/p>\n\n\n\n<p class=\"wp-block-paragraph\">Entr\u00e9 en nuestro dormitorio y encontr\u00e9 a Bradley poni\u00e9ndose la corbata.<\/p>\n\n\n\n<p class=\"wp-block-paragraph\">\u2014\u00bfAd\u00f3nde vas?<\/p>\n\n\n\n<p class=\"wp-block-paragraph\">\u2014Al ensayo de la boda.<\/p>\n\n\n\n<p class=\"wp-block-paragraph\">\u2014No puedes ir.<\/p>\n\n\n\n<p class=\"wp-block-paragraph\">Se volvi\u00f3 hacia m\u00ed.<\/p>\n\n\n\n<p class=\"wp-block-paragraph\">Su expresi\u00f3n era tranquila.<\/p>\n\n\n\n<p class=\"wp-block-paragraph\">\u2014Mi \u00fanica hija se va a casar.<\/p>\n\n\n\n<p class=\"wp-block-paragraph\">Se acomod\u00f3 el cuello.<\/p>\n\n\n\n<p class=\"wp-block-paragraph\">\u2014No me lo voy a perder solo porque est\u00e9s enfadada.<\/p>\n\n\n\n<p class=\"wp-block-paragraph\">Despu\u00e9s se march\u00f3.<\/p>\n\n\n\n<p class=\"wp-block-paragraph\">Me qued\u00e9 sola en el dormitorio.<\/p>\n\n\n\n<h3 class=\"wp-block-heading\">Durante un rato intent\u00e9 convencerme de que todav\u00eda ten\u00eda raz\u00f3n.<\/h3>\n\n\n\n<p class=\"wp-block-paragraph\">Pero finalmente me puse el abrigo.<\/p>\n\n\n\n<p class=\"wp-block-paragraph\">Conduje hasta el restaurante.<\/p>\n\n\n\n<p class=\"wp-block-paragraph\">No entr\u00e9.<\/p>\n\n\n\n<p class=\"wp-block-paragraph\">En lugar de eso, me qued\u00e9 afuera, frente a una ventana, observando.<\/p>\n\n\n\n<p class=\"wp-block-paragraph\">Kira iba de una mesa a otra junto a Marcus.<\/p>\n\n\n\n<p class=\"wp-block-paragraph\">Sonre\u00edan.<\/p>\n\n\n\n<p class=\"wp-block-paragraph\">Se re\u00edan.<\/p>\n\n\n\n<p class=\"wp-block-paragraph\">Eran completamente felices.<\/p>\n\n\n\n<p class=\"wp-block-paragraph\">Entonces alguien habl\u00f3 a mi lado.<\/p>\n\n\n\n<p class=\"wp-block-paragraph\">\u2014\u00bfT\u00fa tampoco pudiste quedarte en casa?<\/p>\n\n\n\n<p class=\"wp-block-paragraph\">Me gir\u00e9.<\/p>\n\n\n\n<p class=\"wp-block-paragraph\">Betty estaba all\u00ed con los brazos cruzados.<\/p>\n\n\n\n<p class=\"wp-block-paragraph\">Durante varios segundos permanecimos en silencio.<\/p>\n\n\n\n<p class=\"wp-block-paragraph\">Despu\u00e9s suspir\u00f3.<\/p>\n\n\n\n<p class=\"wp-block-paragraph\">\u2014Estoy intentando pedir perd\u00f3n.<\/p>\n\n\n\n<p class=\"wp-block-paragraph\">Volv\u00ed a mirar por la ventana.<\/p>\n\n\n\n<p class=\"wp-block-paragraph\">\u2014Yo tambi\u00e9n.<\/p>\n\n\n\n<p class=\"wp-block-paragraph\">\u2014Est\u00e1n rodeados de gente.<\/p>\n\n\n\n<p class=\"wp-block-paragraph\">\u2014Entonces quiz\u00e1 esta noche no sea el momento adecuado.<\/p>\n\n\n\n<p class=\"wp-block-paragraph\">Betty asinti\u00f3 de mala gana.<\/p>\n\n\n\n<p class=\"wp-block-paragraph\">\u2014Deber\u00edamos dejarlos disfrutar de la noche.<\/p>\n\n\n\n<p class=\"wp-block-paragraph\">Continu\u00f3 mirando a Marcus durante unos segundos.<\/p>\n\n\n\n<p class=\"wp-block-paragraph\">\u2014Pero al final tendr\u00e1 que perdonarme. Quiero poder conocer a mi futuro nieto.<\/p>\n\n\n\n<p class=\"wp-block-paragraph\">La mir\u00e9 inmediatamente.<\/p>\n\n\n\n<p class=\"wp-block-paragraph\">\u2014Nieta.<\/p>\n\n\n\n<p class=\"wp-block-paragraph\">Betty frunci\u00f3 el ce\u00f1o.<\/p>\n\n\n\n<p class=\"wp-block-paragraph\">\u2014\u00bfQu\u00e9?<\/p>\n\n\n\n<p class=\"wp-block-paragraph\">\u2014En nuestra familia, el primer beb\u00e9 siempre es una ni\u00f1a.<\/p>\n\n\n\n<p class=\"wp-block-paragraph\">Resopl\u00f3.<\/p>\n\n\n\n<p class=\"wp-block-paragraph\">\u2014Bueno, en la nuestra siempre es un ni\u00f1o.<\/p>\n\n\n\n<p class=\"wp-block-paragraph\">La mir\u00e9 fijamente.<\/p>\n\n\n\n<p class=\"wp-block-paragraph\">Ella me mir\u00f3 fijamente.<\/p>\n\n\n\n<p class=\"wp-block-paragraph\">Y entonces, por primera vez en varias semanas, empec\u00e9 a re\u00edrme.<\/p>\n\n\n\n<p class=\"wp-block-paragraph\">Betty se uni\u00f3 a mi risa.<\/p>\n\n\n\n<p class=\"wp-block-paragraph\">All\u00ed est\u00e1bamos las dos: dos mujeres que casi hab\u00edan destruido la boda de sus hijos porque cre\u00edamos que sus familias eran demasiado diferentes.<\/p>\n\n\n\n<p class=\"wp-block-paragraph\">Y ahora ya est\u00e1bamos discutiendo sobre nietos que ni siquiera exist\u00edan.<\/p>\n\n\n\n<p class=\"wp-block-paragraph\">Negu\u00e9 con la cabeza.<\/p>\n\n\n\n<p class=\"wp-block-paragraph\">\u2014Como suegras, vamos a volvernos locas la una a la otra.<\/p>\n\n\n\n<p class=\"wp-block-paragraph\">\u2014Sin duda \u2014murmur\u00f3 Betty.<\/p>\n\n\n\n<p class=\"wp-block-paragraph\">Entonces su expresi\u00f3n se suaviz\u00f3.<\/p>\n\n\n\n<p class=\"wp-block-paragraph\">Mir\u00f3 por la ventana hacia Kira y Marcus.<\/p>\n\n\n\n<p class=\"wp-block-paragraph\">\u2014Pero si son felices, supongo que eso es lo que importa.<\/p>\n\n\n\n<p class=\"wp-block-paragraph\">Segu\u00ed su mirada.<\/p>\n\n\n\n<p class=\"wp-block-paragraph\">Mi hija estaba ri\u00e9ndose con el hombre que amaba.<\/p>\n\n\n\n<p class=\"wp-block-paragraph\">Parec\u00eda m\u00e1s feliz que en a\u00f1os.<\/p>\n\n\n\n<p class=\"wp-block-paragraph\">Y por primera vez, en lugar de concentrarme en aquello que hac\u00eda que Marcus fuera diferente del hombre que yo hab\u00eda imaginado para ella, vi lo que realmente importaba.<\/p>\n\n\n\n<p class=\"wp-block-paragraph\">\u00c9l amaba a mi hija.<\/p>\n\n\n\n<p class=\"wp-block-paragraph\">Y ella lo amaba a \u00e9l.<\/p>\n\n\n\n<p class=\"wp-block-paragraph\">Asent\u00ed lentamente.<\/p>\n\n\n\n<p class=\"wp-block-paragraph\">\u2014S\u00ed \u2014dije.<\/p>\n\n\n\n<p class=\"wp-block-paragraph\">\u2014Eso es lo que importa.<\/p>\n\n\n\n<p class=\"wp-block-paragraph\"><\/p>\n","protected":false},"excerpt":{"rendered":"Durante meses imagin\u00e9 el d\u00eda en que finalmente conocer\u00eda al prometido de mi hija y a sus padres. En mi imaginaci\u00f3n, todo ser\u00eda \n<a class=\"moretag\" href=\"https:\/\/vendeto.am\/?p=33172\"> [...]<\/a>","protected":false},"author":1,"featured_media":33155,"comment_status":"open","ping_status":"open","sticky":false,"template":"","format":"standard","meta":{"footnotes":""},"categories":[3],"tags":[],"class_list":["post-33172","post","type-post","status-publish","format-standard","has-post-thumbnail","hentry","category-video"],"yoast_head":"<!-- This site is optimized with the Yoast SEO plugin v28.4 - https:\/\/yoast.com\/product\/yoast-seo-wordpress\/ -->\n<title>Esperaba con ilusi\u00f3n conocer al prometido de mi hija, pero una sola mirada hacia \u00e9l lo cambi\u00f3 todo y supe que esa boda no pod\u00eda celebrarse \u2014 Historia del d\u00eda -<\/title>\n<meta name=\"robots\" content=\"index, follow, max-snippet:-1, max-image-preview:large, max-video-preview:-1\" \/>\n<link rel=\"canonical\" href=\"https:\/\/vendeto.am\/?p=33172\" \/>\n<meta property=\"og:locale\" content=\"ru_RU\" \/>\n<meta property=\"og:type\" content=\"article\" \/>\n<meta property=\"og:title\" content=\"Esperaba con ilusi\u00f3n conocer al prometido de mi hija, pero una sola mirada hacia \u00e9l lo cambi\u00f3 todo y supe que esa boda no pod\u00eda celebrarse \u2014 Historia del d\u00eda -\" \/>\n<meta property=\"og:description\" content=\"Durante meses imagin\u00e9 el d\u00eda en que finalmente conocer\u00eda al prometido de mi hija y a sus padres. En mi imaginaci\u00f3n, todo ser\u00eda\" \/>\n<meta property=\"og:url\" content=\"https:\/\/vendeto.am\/?p=33172\" \/>\n<meta property=\"article:published_time\" content=\"2026-09-03T04:01:19+00:00\" \/>\n<meta property=\"article:modified_time\" content=\"2026-09-03T04:01:21+00:00\" \/>\n<meta property=\"og:image\" content=\"https:\/\/vendeto.am\/wp-content\/uploads\/2026\/09\/lakeside_wedding_portrait.jpg\" \/>\n\t<meta property=\"og:image:width\" content=\"1408\" \/>\n\t<meta property=\"og:image:height\" content=\"1760\" \/>\n\t<meta property=\"og:image:type\" content=\"image\/jpeg\" \/>\n<meta name=\"author\" content=\"admin\" \/>\n<meta name=\"twitter:card\" content=\"summary_large_image\" \/>\n<meta name=\"twitter:label1\" content=\"\u041d\u0430\u043f\u0438\u0441\u0430\u043d\u043e \u0430\u0432\u0442\u043e\u0440\u043e\u043c\" \/>\n\t<meta name=\"twitter:data1\" content=\"admin\" \/>\n\t<meta name=\"twitter:label2\" content=\"\u041f\u0440\u0438\u043c\u0435\u0440\u043d\u043e\u0435 \u0432\u0440\u0435\u043c\u044f \u0434\u043b\u044f \u0447\u0442\u0435\u043d\u0438\u044f\" \/>\n\t<meta name=\"twitter:data2\" content=\"11 \u043c\u0438\u043d\u0443\u0442\" \/>\n<script type=\"application\/ld+json\" class=\"yoast-schema-graph\">{\"@context\":\"https:\\\/\\\/schema.org\",\"@graph\":[{\"@type\":\"Article\",\"@id\":\"https:\\\/\\\/vendeto.am\\\/?p=33172#article\",\"isPartOf\":{\"@id\":\"https:\\\/\\\/vendeto.am\\\/?p=33172\"},\"author\":{\"name\":\"admin\",\"@id\":\"https:\\\/\\\/vendeto.am\\\/#\\\/schema\\\/person\\\/48a4bd89d2048190ecc61e5ce821bef7\"},\"headline\":\"Esperaba con ilusi\u00f3n conocer al prometido de mi hija, pero una sola mirada hacia \u00e9l lo cambi\u00f3 todo y supe que esa boda no pod\u00eda celebrarse \u2014 Historia del d\u00eda\",\"datePublished\":\"2026-09-03T04:01:19+00:00\",\"dateModified\":\"2026-09-03T04:01:21+00:00\",\"mainEntityOfPage\":{\"@id\":\"https:\\\/\\\/vendeto.am\\\/?p=33172\"},\"wordCount\":2088,\"commentCount\":0,\"image\":{\"@id\":\"https:\\\/\\\/vendeto.am\\\/?p=33172#primaryimage\"},\"thumbnailUrl\":\"https:\\\/\\\/vendeto.am\\\/wp-content\\\/uploads\\\/2026\\\/09\\\/lakeside_wedding_portrait.jpg\",\"articleSection\":[\"VIDEO\"],\"inLanguage\":\"ru-RU\",\"potentialAction\":[{\"@type\":\"CommentAction\",\"name\":\"Comment\",\"target\":[\"https:\\\/\\\/vendeto.am\\\/?p=33172#respond\"]}]},{\"@type\":\"WebPage\",\"@id\":\"https:\\\/\\\/vendeto.am\\\/?p=33172\",\"url\":\"https:\\\/\\\/vendeto.am\\\/?p=33172\",\"name\":\"Esperaba con ilusi\u00f3n conocer al prometido de mi hija, pero una sola mirada hacia \u00e9l lo cambi\u00f3 todo y supe que esa boda no pod\u00eda celebrarse \u2014 Historia del d\u00eda -\",\"isPartOf\":{\"@id\":\"https:\\\/\\\/vendeto.am\\\/#website\"},\"primaryImageOfPage\":{\"@id\":\"https:\\\/\\\/vendeto.am\\\/?p=33172#primaryimage\"},\"image\":{\"@id\":\"https:\\\/\\\/vendeto.am\\\/?p=33172#primaryimage\"},\"thumbnailUrl\":\"https:\\\/\\\/vendeto.am\\\/wp-content\\\/uploads\\\/2026\\\/09\\\/lakeside_wedding_portrait.jpg\",\"datePublished\":\"2026-09-03T04:01:19+00:00\",\"dateModified\":\"2026-09-03T04:01:21+00:00\",\"author\":{\"@id\":\"https:\\\/\\\/vendeto.am\\\/#\\\/schema\\\/person\\\/48a4bd89d2048190ecc61e5ce821bef7\"},\"breadcrumb\":{\"@id\":\"https:\\\/\\\/vendeto.am\\\/?p=33172#breadcrumb\"},\"inLanguage\":\"ru-RU\",\"potentialAction\":[{\"@type\":\"ReadAction\",\"target\":[\"https:\\\/\\\/vendeto.am\\\/?p=33172\"]}]},{\"@type\":\"ImageObject\",\"inLanguage\":\"ru-RU\",\"@id\":\"https:\\\/\\\/vendeto.am\\\/?p=33172#primaryimage\",\"url\":\"https:\\\/\\\/vendeto.am\\\/wp-content\\\/uploads\\\/2026\\\/09\\\/lakeside_wedding_portrait.jpg\",\"contentUrl\":\"https:\\\/\\\/vendeto.am\\\/wp-content\\\/uploads\\\/2026\\\/09\\\/lakeside_wedding_portrait.jpg\",\"width\":1408,\"height\":1760},{\"@type\":\"BreadcrumbList\",\"@id\":\"https:\\\/\\\/vendeto.am\\\/?p=33172#breadcrumb\",\"itemListElement\":[{\"@type\":\"ListItem\",\"position\":1,\"name\":\"\u0413\u043b\u0430\u0432\u043d\u0430\u044f \u0441\u0442\u0440\u0430\u043d\u0438\u0446\u0430\",\"item\":\"https:\\\/\\\/vendeto.am\\\/\"},{\"@type\":\"ListItem\",\"position\":2,\"name\":\"Esperaba con ilusi\u00f3n conocer al prometido de mi hija, pero una sola mirada hacia \u00e9l lo cambi\u00f3 todo y supe que esa boda no pod\u00eda celebrarse \u2014 Historia del d\u00eda\"}]},{\"@type\":\"WebSite\",\"@id\":\"https:\\\/\\\/vendeto.am\\\/#website\",\"url\":\"https:\\\/\\\/vendeto.am\\\/\",\"name\":\"\",\"description\":\"\",\"potentialAction\":[{\"@type\":\"SearchAction\",\"target\":{\"@type\":\"EntryPoint\",\"urlTemplate\":\"https:\\\/\\\/vendeto.am\\\/?s={search_term_string}\"},\"query-input\":{\"@type\":\"PropertyValueSpecification\",\"valueRequired\":true,\"valueName\":\"search_term_string\"}}],\"inLanguage\":\"ru-RU\"},{\"@type\":\"Person\",\"@id\":\"https:\\\/\\\/vendeto.am\\\/#\\\/schema\\\/person\\\/48a4bd89d2048190ecc61e5ce821bef7\",\"name\":\"admin\",\"image\":{\"@type\":\"ImageObject\",\"inLanguage\":\"ru-RU\",\"@id\":\"https:\\\/\\\/secure.gravatar.com\\\/avatar\\\/df64e550a0653b7be0f1bcf897f33faad9c2c8153472b2d9319beafb51370f6f?s=96&d=mm&r=g\",\"url\":\"https:\\\/\\\/secure.gravatar.com\\\/avatar\\\/df64e550a0653b7be0f1bcf897f33faad9c2c8153472b2d9319beafb51370f6f?s=96&d=mm&r=g\",\"contentUrl\":\"https:\\\/\\\/secure.gravatar.com\\\/avatar\\\/df64e550a0653b7be0f1bcf897f33faad9c2c8153472b2d9319beafb51370f6f?s=96&d=mm&r=g\",\"caption\":\"admin\"},\"sameAs\":[\"http:\\\/\\\/vendeto.am\"],\"url\":\"https:\\\/\\\/vendeto.am\\\/?author=1\"}]}<\/script>\n<!-- \/ Yoast SEO plugin. -->","yoast_head_json":{"title":"Esperaba con ilusi\u00f3n conocer al prometido de mi hija, pero una sola mirada hacia \u00e9l lo cambi\u00f3 todo y supe que esa boda no pod\u00eda celebrarse \u2014 Historia del d\u00eda -","robots":{"index":"index","follow":"follow","max-snippet":"max-snippet:-1","max-image-preview":"max-image-preview:large","max-video-preview":"max-video-preview:-1"},"canonical":"https:\/\/vendeto.am\/?p=33172","og_locale":"ru_RU","og_type":"article","og_title":"Esperaba con ilusi\u00f3n conocer al prometido de mi hija, pero una sola mirada hacia \u00e9l lo cambi\u00f3 todo y supe que esa boda no pod\u00eda celebrarse \u2014 Historia del d\u00eda -","og_description":"Durante meses imagin\u00e9 el d\u00eda en que finalmente conocer\u00eda al prometido de mi hija y a sus padres. En mi imaginaci\u00f3n, todo ser\u00eda","og_url":"https:\/\/vendeto.am\/?p=33172","article_published_time":"2026-09-03T04:01:19+00:00","article_modified_time":"2026-09-03T04:01:21+00:00","og_image":[{"width":1408,"height":1760,"url":"https:\/\/vendeto.am\/wp-content\/uploads\/2026\/09\/lakeside_wedding_portrait.jpg","type":"image\/jpeg"}],"author":"admin","twitter_card":"summary_large_image","twitter_misc":{"\u041d\u0430\u043f\u0438\u0441\u0430\u043d\u043e \u0430\u0432\u0442\u043e\u0440\u043e\u043c":"admin","\u041f\u0440\u0438\u043c\u0435\u0440\u043d\u043e\u0435 \u0432\u0440\u0435\u043c\u044f \u0434\u043b\u044f \u0447\u0442\u0435\u043d\u0438\u044f":"11 \u043c\u0438\u043d\u0443\u0442"},"schema":{"@context":"https:\/\/schema.org","@graph":[{"@type":"Article","@id":"https:\/\/vendeto.am\/?p=33172#article","isPartOf":{"@id":"https:\/\/vendeto.am\/?p=33172"},"author":{"name":"admin","@id":"https:\/\/vendeto.am\/#\/schema\/person\/48a4bd89d2048190ecc61e5ce821bef7"},"headline":"Esperaba con ilusi\u00f3n conocer al prometido de mi hija, pero una sola mirada hacia \u00e9l lo cambi\u00f3 todo y supe que esa boda no pod\u00eda celebrarse \u2014 Historia del d\u00eda","datePublished":"2026-09-03T04:01:19+00:00","dateModified":"2026-09-03T04:01:21+00:00","mainEntityOfPage":{"@id":"https:\/\/vendeto.am\/?p=33172"},"wordCount":2088,"commentCount":0,"image":{"@id":"https:\/\/vendeto.am\/?p=33172#primaryimage"},"thumbnailUrl":"https:\/\/vendeto.am\/wp-content\/uploads\/2026\/09\/lakeside_wedding_portrait.jpg","articleSection":["VIDEO"],"inLanguage":"ru-RU","potentialAction":[{"@type":"CommentAction","name":"Comment","target":["https:\/\/vendeto.am\/?p=33172#respond"]}]},{"@type":"WebPage","@id":"https:\/\/vendeto.am\/?p=33172","url":"https:\/\/vendeto.am\/?p=33172","name":"Esperaba con ilusi\u00f3n conocer al prometido de mi hija, pero una sola mirada hacia \u00e9l lo cambi\u00f3 todo y supe que esa boda no pod\u00eda celebrarse \u2014 Historia del d\u00eda -","isPartOf":{"@id":"https:\/\/vendeto.am\/#website"},"primaryImageOfPage":{"@id":"https:\/\/vendeto.am\/?p=33172#primaryimage"},"image":{"@id":"https:\/\/vendeto.am\/?p=33172#primaryimage"},"thumbnailUrl":"https:\/\/vendeto.am\/wp-content\/uploads\/2026\/09\/lakeside_wedding_portrait.jpg","datePublished":"2026-09-03T04:01:19+00:00","dateModified":"2026-09-03T04:01:21+00:00","author":{"@id":"https:\/\/vendeto.am\/#\/schema\/person\/48a4bd89d2048190ecc61e5ce821bef7"},"breadcrumb":{"@id":"https:\/\/vendeto.am\/?p=33172#breadcrumb"},"inLanguage":"ru-RU","potentialAction":[{"@type":"ReadAction","target":["https:\/\/vendeto.am\/?p=33172"]}]},{"@type":"ImageObject","inLanguage":"ru-RU","@id":"https:\/\/vendeto.am\/?p=33172#primaryimage","url":"https:\/\/vendeto.am\/wp-content\/uploads\/2026\/09\/lakeside_wedding_portrait.jpg","contentUrl":"https:\/\/vendeto.am\/wp-content\/uploads\/2026\/09\/lakeside_wedding_portrait.jpg","width":1408,"height":1760},{"@type":"BreadcrumbList","@id":"https:\/\/vendeto.am\/?p=33172#breadcrumb","itemListElement":[{"@type":"ListItem","position":1,"name":"\u0413\u043b\u0430\u0432\u043d\u0430\u044f \u0441\u0442\u0440\u0430\u043d\u0438\u0446\u0430","item":"https:\/\/vendeto.am\/"},{"@type":"ListItem","position":2,"name":"Esperaba con ilusi\u00f3n conocer al prometido de mi hija, pero una sola mirada hacia \u00e9l lo cambi\u00f3 todo y supe que esa boda no pod\u00eda celebrarse \u2014 Historia del d\u00eda"}]},{"@type":"WebSite","@id":"https:\/\/vendeto.am\/#website","url":"https:\/\/vendeto.am\/","name":"","description":"","potentialAction":[{"@type":"SearchAction","target":{"@type":"EntryPoint","urlTemplate":"https:\/\/vendeto.am\/?s={search_term_string}"},"query-input":{"@type":"PropertyValueSpecification","valueRequired":true,"valueName":"search_term_string"}}],"inLanguage":"ru-RU"},{"@type":"Person","@id":"https:\/\/vendeto.am\/#\/schema\/person\/48a4bd89d2048190ecc61e5ce821bef7","name":"admin","image":{"@type":"ImageObject","inLanguage":"ru-RU","@id":"https:\/\/secure.gravatar.com\/avatar\/df64e550a0653b7be0f1bcf897f33faad9c2c8153472b2d9319beafb51370f6f?s=96&d=mm&r=g","url":"https:\/\/secure.gravatar.com\/avatar\/df64e550a0653b7be0f1bcf897f33faad9c2c8153472b2d9319beafb51370f6f?s=96&d=mm&r=g","contentUrl":"https:\/\/secure.gravatar.com\/avatar\/df64e550a0653b7be0f1bcf897f33faad9c2c8153472b2d9319beafb51370f6f?s=96&d=mm&r=g","caption":"admin"},"sameAs":["http:\/\/vendeto.am"],"url":"https:\/\/vendeto.am\/?author=1"}]}},"_links":{"self":[{"href":"https:\/\/vendeto.am\/index.php?rest_route=\/wp\/v2\/posts\/33172","targetHints":{"allow":["GET"]}}],"collection":[{"href":"https:\/\/vendeto.am\/index.php?rest_route=\/wp\/v2\/posts"}],"about":[{"href":"https:\/\/vendeto.am\/index.php?rest_route=\/wp\/v2\/types\/post"}],"author":[{"embeddable":true,"href":"https:\/\/vendeto.am\/index.php?rest_route=\/wp\/v2\/users\/1"}],"replies":[{"embeddable":true,"href":"https:\/\/vendeto.am\/index.php?rest_route=%2Fwp%2Fv2%2Fcomments&post=33172"}],"version-history":[{"count":1,"href":"https:\/\/vendeto.am\/index.php?rest_route=\/wp\/v2\/posts\/33172\/revisions"}],"predecessor-version":[{"id":33173,"href":"https:\/\/vendeto.am\/index.php?rest_route=\/wp\/v2\/posts\/33172\/revisions\/33173"}],"wp:featuredmedia":[{"embeddable":true,"href":"https:\/\/vendeto.am\/index.php?rest_route=\/wp\/v2\/media\/33155"}],"wp:attachment":[{"href":"https:\/\/vendeto.am\/index.php?rest_route=%2Fwp%2Fv2%2Fmedia&parent=33172"}],"wp:term":[{"taxonomy":"category","embeddable":true,"href":"https:\/\/vendeto.am\/index.php?rest_route=%2Fwp%2Fv2%2Fcategories&post=33172"},{"taxonomy":"post_tag","embeddable":true,"href":"https:\/\/vendeto.am\/index.php?rest_route=%2Fwp%2Fv2%2Ftags&post=33172"}],"curies":[{"name":"wp","href":"https:\/\/api.w.org\/{rel}","templated":true}]}}