{"id":33218,"date":"2026-09-04T23:18:09","date_gmt":"2026-09-04T20:18:09","guid":{"rendered":"https:\/\/vendeto.am\/?p=33218"},"modified":"2026-09-04T23:18:11","modified_gmt":"2026-09-04T20:18:11","slug":"se-synem-jsme-nastoupili-do-letu-meho-manzela-pilota-abychom-ho-prekvapili-pak-rekl-neco-do-reproduktoru-a-nam-zmizel-usmev-z-tvare","status":"publish","type":"post","link":"https:\/\/vendeto.am\/?p=33218","title":{"rendered":"Se synem jsme nastoupili do letu m\u00e9ho man\u017eela-pilota, abychom ho p\u0159ekvapili \u2013 pak \u0159ekl n\u011bco do reproduktor\u016f a n\u00e1m zmizel \u00fasm\u011bv z tv\u00e1\u0159e"},"content":{"rendered":"\n<p class=\"wp-block-paragraph\">Cel\u00e9 dopoledne jsem se sna\u017eila za\u0159\u00eddit, aby si n\u00e1s man\u017eel na leti\u0161ti nev\u0161iml.M\u016fj sedmilet\u00fd syn a j\u00e1 jsme si tajn\u011b koupili letenky na jeden z jeho let\u016f, proto\u017ee Mason si ze v\u0161eho nejv\u00edc p\u0159\u00e1l p\u0159ekvapit sv\u00e9ho t\u00e1tu, a\u017e p\u0159istaneme.<\/p>\n\n\n\n<p class=\"wp-block-paragraph\">V\u0161echno prob\u00edhalo dokonale.<\/p>\n\n\n\n<p class=\"wp-block-paragraph\">Dokud Tyler n\u011bco neozn\u00e1mil do palubn\u00edch reproduktor\u016f.<\/p>\n\n\n\n<p class=\"wp-block-paragraph\">A b\u011bhem n\u011bkolika vte\u0159in mi do\u0161lo, \u017ee to p\u0159ekvapen\u00ed u\u017e nen\u00ed na\u0161e.<\/p>\n\n\n\n<p class=\"wp-block-paragraph\">M\u016fj man\u017eel Tyler pracoval jako dopravn\u00ed pilot t\u00e9m\u011b\u0159 dev\u011bt let.<\/p>\n\n\n\n<p class=\"wp-block-paragraph\">A p\u0159esto za celou tu dobu n\u00e1\u0161 sedmilet\u00fd syn ani jednou nebyl cestuj\u00edc\u00edm v letadle, kter\u00e9 pilotoval.<\/p>\n\n\n\n<p class=\"wp-block-paragraph\">Mason to nesn\u00e1\u0161el.<\/p>\n\n\n\n<p class=\"wp-block-paragraph\">Poka\u017ed\u00e9, kdy\u017e si Tyler balil ta\u0161ku na p\u0159enocov\u00e1n\u00ed, Mason ho n\u00e1sledoval po cel\u00e9m dom\u011b a zasyp\u00e1val ot\u00e1zkami.<\/p>\n\n\n\n<p class=\"wp-block-paragraph\">\u201eLet\u00ed\u0161 dnes t\u00edm velk\u00fdm letadlem?\u201c<\/p>\n\n\n\n<p class=\"wp-block-paragraph\">\u201eDnes ne, kamar\u00e1de. N\u011bkdy ano.\u201c<\/p>\n\n\n\n<p class=\"wp-block-paragraph\">\u201eV\u011bd\u00ed cestuj\u00edc\u00ed, \u017ee jsi m\u016fj t\u00e1ta?\u201c<\/p>\n\n\n\n<p class=\"wp-block-paragraph\">\u201eNejsp\u00ed\u0161 ne.\u201c<\/p>\n\n\n\n<p class=\"wp-block-paragraph\">\u201ePro\u010d?\u201c<\/p>\n\n\n\n<p class=\"wp-block-paragraph\">Tyler se zasm\u00e1l.<\/p>\n\n\n\n<p class=\"wp-block-paragraph\">\u201eMo\u017en\u00e1 to jednou v\u011bd\u011bt budou.\u201c<\/p>\n\n\n\n<p class=\"wp-block-paragraph\">P\u0159ed n\u011bkolika t\u00fddny Tyler zm\u00ednil, \u017ee m\u00e1 v sobotu kr\u00e1tk\u00fd let do Chicaga.<\/p>\n\n\n\n<p class=\"wp-block-paragraph\">Odlet\u00ed tam, mezi lety bude m\u00edt n\u011bkolik hodin volna a ve\u010der se vr\u00e1t\u00ed dom\u016f.<\/p>\n\n\n\n<p class=\"wp-block-paragraph\">T\u00e9m\u011b\u0159 okam\u017eit\u011b m\u011b napadl n\u00e1pad.<\/p>\n\n\n\n<p class=\"wp-block-paragraph\">Zd\u00e1lo se to ne\u0161kodn\u00e9.<\/p>\n\n\n\n<figure class=\"wp-block-image is-resized\"><img decoding=\"async\" src=\"https:\/\/chexia.info\/wp-content\/uploads\/2026\/09\/airplane_selfie_warm_cabin-821x1024.jpg\" alt=\"\" class=\"wp-image-10191\" style=\"aspect-ratio:0.8017578125;width:821px;height:auto\"\/><\/figure>\n\n\n\n<p class=\"wp-block-paragraph\">Dokonce mil\u00e9.<\/p>\n\n\n\n<p class=\"wp-block-paragraph\">Tajn\u011b jsem koupila dv\u011b letenky na jeho let.<\/p>\n\n\n\n<p class=\"wp-block-paragraph\">Jednu pro sebe.<\/p>\n\n\n\n<p class=\"wp-block-paragraph\">Jednu pro Masona.<\/p>\n\n\n\n<p class=\"wp-block-paragraph\">Kdy\u017e jsem mu vysv\u011btlila pl\u00e1n, m\u00e1lem vybuchl nad\u0161en\u00edm.<\/p>\n\n\n\n<p class=\"wp-block-paragraph\">\u201eP\u0159ekvap\u00edme t\u00e1tu?\u201c<\/p>\n\n\n\n<p class=\"wp-block-paragraph\">\u201eA\u017e p\u0159istaneme.\u201c<\/p>\n\n\n\n<p class=\"wp-block-paragraph\">\u201eM\u016f\u017eu j\u00edt do kokpitu?\u201c<\/p>\n\n\n\n<p class=\"wp-block-paragraph\">\u201ePokud pos\u00e1dka \u0159ekne ano.\u201c<\/p>\n\n\n\n<p class=\"wp-block-paragraph\">\u201eM\u016f\u017eu si vz\u00edt svou pilotn\u00ed ko\u0161ili?\u201c<\/p>\n\n\n\n<p class=\"wp-block-paragraph\">\u201eV \u017e\u00e1dn\u00e9m p\u0159\u00edpad\u011b. Tv\u016fj otec t\u011b pozn\u00e1 p\u0159es cel\u00e9 leti\u0161t\u011b.\u201c<\/p>\n\n\n\n<p class=\"wp-block-paragraph\">Mason bral tajemstv\u00ed v\u00e1\u017en\u011bji ne\u017e cokoli jin\u00e9ho ve sv\u00e9m \u017eivot\u011b.<\/p>\n\n\n\n<p class=\"wp-block-paragraph\">Zabalil si sluch\u00e1tka.<\/p>\n\n\n\n<p class=\"wp-block-paragraph\">\u017dv\u00fdkac\u00ed medv\u00eddky.<\/p>\n\n\n\n<p class=\"wp-block-paragraph\">Mal\u00e9 letad\u00e9lko.<\/p>\n\n\n\n<p class=\"wp-block-paragraph\">A obr\u00e1zek, kter\u00fd nakreslil Tylerovi, jak hrd\u011b stoj\u00ed p\u0159ed proudov\u00fdm letadlem.<\/p>\n\n\n\n<p class=\"wp-block-paragraph\">Naho\u0159e obrovsk\u00fdmi k\u0159iv\u00fdmi p\u00edsmeny napsal:<\/p>\n\n\n\n<p class=\"wp-block-paragraph\"><strong>NEJLEP\u0160\u00cd PILOT V\u016eBEC.<\/strong><\/p>\n\n\n\n<p class=\"wp-block-paragraph\">Leti\u0161t\u011b n\u00e1m m\u00e1lem v\u0161echno p\u0159ekazilo.<\/p>\n\n\n\n<p class=\"wp-block-paragraph\">\u0160li jsme sm\u011brem k bezpe\u010dnostn\u00ed kontrole, kdy\u017e m\u011b Mason n\u00e1hle chytil za ruk\u00e1v.<\/p>\n\n\n\n<p class=\"wp-block-paragraph\">\u201eMami. Mami!\u201c<\/p>\n\n\n\n<p class=\"wp-block-paragraph\">Pod\u00edvala jsem se t\u00edm sm\u011brem.<\/p>\n\n\n\n<p class=\"wp-block-paragraph\">Tyler proch\u00e1zel termin\u00e1lem necel\u00fdch deset metr\u016f od n\u00e1s v kompletn\u00ed uniform\u011b a t\u00e1hl za sebou svou pilotn\u00ed ta\u0161ku.<\/p>\n\n\n\n<p class=\"wp-block-paragraph\">Popadla jsem Masona za ruku a vt\u00e1hla ho do nejbli\u017e\u0161\u00edho obchodu se suven\u00fdry.<\/p>\n\n\n\n<p class=\"wp-block-paragraph\">Schovali jsme se za stojan s mikinami, zat\u00edmco jsem p\u0159edst\u00edrala, \u017ee si prohl\u00ed\u017e\u00edm magnetky na lednici.<\/p>\n\n\n\n<p class=\"wp-block-paragraph\">Mason se potichu t\u0159\u00e1sl sm\u00edchy.<\/p>\n\n\n\n<p class=\"wp-block-paragraph\">\u201eTohle je \u00fa\u017easn\u00e9,\u201c za\u0161eptal.<\/p>\n\n\n\n<p class=\"wp-block-paragraph\">\u201eU\u017e\u00edv\u00e1\u0161 si to a\u017e moc.\u201c<\/p>\n\n\n\n<p class=\"wp-block-paragraph\">Jakmile Tyler zmizel za rohem, pokra\u010dovali jsme k na\u0161\u00ed br\u00e1n\u011b.<\/p>\n\n\n\n<p class=\"wp-block-paragraph\">Pamatuji si, jak nesm\u00edrn\u011b \u0161\u0165astn\u00e1 jsem tehdy byla.<\/p>\n\n\n\n<p class=\"wp-block-paragraph\">Kdy\u017e se na to d\u00edv\u00e1m zp\u011btn\u011b, nen\u00e1vid\u00edm, jak jasn\u011b si ten pocit pamatuji.<\/p>\n\n\n\n<p class=\"wp-block-paragraph\">Nastoupili jsme mezi posledn\u00edmi, proto\u017ee jsem necht\u011bla, aby Mason z\u016fstal u br\u00e1ny tak dlouho, \u017ee by ho n\u011bkdo poznal.<\/p>\n\n\n\n<p class=\"wp-block-paragraph\">Na\u0161e sedadla byla vzadu.<\/p>\n\n\n\n<p class=\"wp-block-paragraph\">Mason okam\u017eit\u011b p\u0159itiskl \u010delo k ok\u00e9nku.<\/p>\n\n\n\n<p class=\"wp-block-paragraph\">\u201eMysl\u00ed\u0161, \u017ee t\u00e1ta v\u00ed?\u201c<\/p>\n\n\n\n<p class=\"wp-block-paragraph\">\u201eAni n\u00e1hodou.\u201c<\/p>\n\n\n\n<p class=\"wp-block-paragraph\">\u201eCo kdy\u017e to \u0159eknu letu\u0161kce?\u201c<\/p>\n\n\n\n<p class=\"wp-block-paragraph\">\u201eNe. To by zni\u010dilo p\u0159ekvapen\u00ed.\u201c<\/p>\n\n\n\n<p class=\"wp-block-paragraph\">\u201eJedn\u00e9 letu\u0161ce?\u201c<\/p>\n\n\n\n<p class=\"wp-block-paragraph\">\u201eMasone.\u201c<\/p>\n\n\n\n<p class=\"wp-block-paragraph\">Usm\u00e1l se a p\u0159edst\u00edral, \u017ee si zipem zav\u00edr\u00e1 pusu.<\/p>\n\n\n\n<p class=\"wp-block-paragraph\">O n\u011bkolik minut pozd\u011bji se dve\u0159e kabiny zav\u0159ely.<\/p>\n\n\n\n<p class=\"wp-block-paragraph\">Pomohla jsem mu zapnout bezpe\u010dnostn\u00ed p\u00e1s.<\/p>\n\n\n\n<p class=\"wp-block-paragraph\">Pak zapraskaly reproduktory.<\/p>\n\n\n\n<p class=\"wp-block-paragraph\">Letadlem se rozezn\u011bl Tyler\u016fv hlas.<\/p>\n\n\n\n<p class=\"wp-block-paragraph\">Masonovi se rozz\u00e1\u0159il cel\u00fd obli\u010dej.<\/p>\n\n\n\n<p class=\"wp-block-paragraph\">\u201eMami,\u201c za\u0161eptal vzru\u0161en\u011b. \u201eTo je t\u00e1ta.\u201c<\/p>\n\n\n\n<p class=\"wp-block-paragraph\">\u201eJ\u00e1 v\u00edm.\u201c<\/p>\n\n\n\n<h1 class=\"wp-block-heading\"><strong>Vyt\u00e1hla jsem telefon a za\u010dala nahr\u00e1vat.<\/strong><\/h1>\n\n\n\n<p class=\"wp-block-paragraph\">Tyler pronesl obvykl\u00e9 p\u0159iv\u00edt\u00e1n\u00ed.<\/p>\n\n\n\n<p class=\"wp-block-paragraph\">Zm\u00ednil po\u010das\u00ed v Chicagu.<\/p>\n\n\n\n<p class=\"wp-block-paragraph\">Odhadl d\u00e9lku letu.<\/p>\n\n\n\n<p class=\"wp-block-paragraph\">Pak pronesl jeden ze sv\u00fdch p\u0159edv\u00eddateln\u00fdch vtip\u016f o tom, \u017ee n\u00e1s doprav\u00ed na m\u00edsto d\u0159\u00edv, ne\u017e kdokoli stihne doj\u00edst p\u0159edra\u017een\u00fd sendvi\u010d z leti\u0161t\u011b.<\/p>\n\n\n\n<p class=\"wp-block-paragraph\">Mason se zasm\u00e1l.<\/p>\n\n\n\n<p class=\"wp-block-paragraph\">Pak Tyler p\u0159estal mluvit.<\/p>\n\n\n\n<p class=\"wp-block-paragraph\">Nebyla to norm\u00e1ln\u00ed pauza.<\/p>\n\n\n\n<p class=\"wp-block-paragraph\">Trvala o n\u011bco d\u00e9le, ne\u017e m\u011bla.<\/p>\n\n\n\n<p class=\"wp-block-paragraph\">Kdy\u017e kone\u010dn\u011b pokra\u010doval, v jeho hlase bylo n\u011bco jin\u00e9ho.<\/p>\n\n\n\n<p class=\"wp-block-paragraph\">\u201eVlastn\u011b, d\u00e1my a p\u00e1nov\u00e9, ne\u017e odlet\u00edme, cht\u011bl bych \u0159\u00edct n\u011bco trochu neobvykl\u00e9ho.\u201c<\/p>\n\n\n\n<p class=\"wp-block-paragraph\">Trochu jsem sklonila telefon.<\/p>\n\n\n\n<p class=\"wp-block-paragraph\">Mason m\u011b stiskl za ruku.<\/p>\n\n\n\n<p class=\"wp-block-paragraph\">\u201eDnes je na palub\u011b n\u011bkdo velmi v\u00fdjime\u010dn\u00fd,\u201c pokra\u010doval Tyler. \u201eN\u011bkdo, kdo zm\u011bnil m\u016fj \u017eivot zp\u016fsobem, kter\u00fd jsem nikdy ne\u010dekal.\u201c<\/p>\n\n\n\n<p class=\"wp-block-paragraph\">Mason se ke mn\u011b tak rychle oto\u010dil, \u017ee mu m\u00e1lem spadla sluch\u00e1tka.<\/p>\n\n\n\n<p class=\"wp-block-paragraph\">\u201eTo jsem j\u00e1. T\u00e1ta to v\u00ed!\u201c<\/p>\n\n\n\n<p class=\"wp-block-paragraph\">Na p\u016fl vte\u0159iny jsem si myslela, \u017ee m\u00e1 pravdu.<\/p>\n\n\n\n<p class=\"wp-block-paragraph\">Srdce mi posko\u010dilo.<\/p>\n\n\n\n<p class=\"wp-block-paragraph\">Dokonce jsem se za\u010dala usm\u00edvat.<\/p>\n\n\n\n<p class=\"wp-block-paragraph\">Pak Tyler \u0159ekl:<\/p>\n\n\n\n<p class=\"wp-block-paragraph\">\u201eLailo, v\u00edm, \u017ee jsem ti to \u0159ekl soukrom\u011b, ale cht\u011bl jsem to \u0159\u00edct na m\u00edst\u011b, kter\u00e9 pro m\u011b tolik znamen\u00e1.\u201c<\/p>\n\n\n\n<p class=\"wp-block-paragraph\">\u00dasm\u011bv mi zmizel z tv\u00e1\u0159e.<\/p>\n\n\n\n<p class=\"wp-block-paragraph\">Mason se zamra\u010dil.<\/p>\n\n\n\n<p class=\"wp-block-paragraph\">Tyler pokra\u010doval.<\/p>\n\n\n\n<p class=\"wp-block-paragraph\">\u201e\u010cek\u00e1\u0161 na\u0161e d\u00edt\u011b a j\u00e1 se nem\u016f\u017eu do\u010dkat \u017eivota, kter\u00fd spolu budujeme.\u201c<\/p>\n\n\n\n<p class=\"wp-block-paragraph\">Nepamatuji si, \u017ee bych d\u00fdchala.<\/p>\n\n\n\n<p class=\"wp-block-paragraph\">\u201eV\u00edm, \u017ee posledn\u00edch p\u00e1r m\u011bs\u00edc\u016f bylo komplikovan\u00fdch,\u201c \u0159ekl Tyler, \u201eale nem\u016f\u017eu se do\u010dkat dne, kdy t\u011b budu moci naz\u00fdvat svou man\u017eelkou.\u201c<\/p>\n\n\n\n<p class=\"wp-block-paragraph\">Mason se pomalu oto\u010dil ke mn\u011b.<\/p>\n\n\n\n<p class=\"wp-block-paragraph\">\u017dena p\u0159es uli\u010dku se usm\u00edvala, jako by pr\u00e1v\u011b sledovala nejromanti\u010dt\u011bj\u0161\u00ed okam\u017eik sv\u00e9ho \u017eivota.<\/p>\n\n\n\n<p class=\"wp-block-paragraph\">Telefon jsem st\u00e1le dr\u017eela v ruce a nahr\u00e1val.<\/p>\n\n\n\n<p class=\"wp-block-paragraph\">A najednou jsem si vzpomn\u011bla na Lailu.<\/p>\n\n\n\n<p class=\"wp-block-paragraph\">P\u0159ed \u0161esti m\u011bs\u00edci se objevila u na\u0161ich dve\u0159\u00ed.<\/p>\n\n\n\n<p class=\"wp-block-paragraph\">Pracovala jsem tehdy v j\u00eddeln\u011b na zak\u00e1zkov\u00e9 malb\u011b, kdy\u017e zazvonil zvonek.<\/p>\n\n\n\n<p class=\"wp-block-paragraph\">Kdy\u017e jsem otev\u0159ela, st\u00e1la venku \u017eena a plakala.<\/p>\n\n\n\n<p class=\"wp-block-paragraph\">\u0158asenku m\u011bla rozmazanou pod ob\u011bma o\u010dima.<\/p>\n\n\n\n<p class=\"wp-block-paragraph\">\u201eJe Tyler doma?\u201c<\/p>\n\n\n\n<p class=\"wp-block-paragraph\">\u201eNe. Je v pr\u00e1ci.\u201c<\/p>\n\n\n\n<p class=\"wp-block-paragraph\">V\u00fdraz v jej\u00ed tv\u00e1\u0159i pohasl.<\/p>\n\n\n\n<p class=\"wp-block-paragraph\">\u201ePot\u0159ebuji s n\u00edm mluvit.\u201c<\/p>\n\n\n\n<p class=\"wp-block-paragraph\">\u201eKdo jste?\u201c<\/p>\n\n\n\n<p class=\"wp-block-paragraph\">\u201eJsem Laila.\u201c<\/p>\n\n\n\n<p class=\"wp-block-paragraph\">Ot\u0159ela si tv\u00e1\u0159e.<\/p>\n\n\n\n<p class=\"wp-block-paragraph\">\u010cekala jsem na vysv\u011btlen\u00ed.<\/p>\n\n\n\n<p class=\"wp-block-paragraph\">\u017d\u00e1dn\u00e9 nep\u0159i\u0161lo.<\/p>\n\n\n\n<p class=\"wp-block-paragraph\">\u201eChcete mu nechat vzkaz?\u201c<\/p>\n\n\n\n<p class=\"wp-block-paragraph\">\u201eNe.\u201c<\/p>\n\n\n\n<p class=\"wp-block-paragraph\">Zav\u00e1hala.<\/p>\n\n\n\n<p class=\"wp-block-paragraph\">\u201eTo nic.\u201c<\/p>\n\n\n\n<p class=\"wp-block-paragraph\">\u201eD\u011bje se n\u011bco?\u201c<\/p>\n\n\n\n<p class=\"wp-block-paragraph\">\u201eNem\u011bla jsem sem chodit.\u201c<\/p>\n\n\n\n<p class=\"wp-block-paragraph\">Pak se oto\u010dila a ode\u0161la.<\/p>\n\n\n\n<p class=\"wp-block-paragraph\">Ten ve\u010der jsem se Tylera na ni zeptala.<\/p>\n\n\n\n<p class=\"wp-block-paragraph\">Na okam\u017eik ztuhl.<\/p>\n\n\n\n<p class=\"wp-block-paragraph\">P\u0159esn\u011b tak, jako lid\u00e9 ztuhnou, kdy\u017e usly\u0161\u00ed jm\u00e9no, kter\u00e9 ne\u010dekali.<\/p>\n\n\n\n<p class=\"wp-block-paragraph\">Pak se vzpamatoval.<\/p>\n\n\n\n<p class=\"wp-block-paragraph\">\u201eLaila? Pracuje pro leteckou spole\u010dnost.\u201c<\/p>\n\n\n\n<p class=\"wp-block-paragraph\">\u201ePro\u010d tedy st\u00e1la u na\u0161ich dve\u0159\u00ed, plakala a ptala se po tob\u011b?\u201c<\/p>\n\n\n\n<p class=\"wp-block-paragraph\">\u201eM\u00e1 n\u011bjak\u00e9 probl\u00e9my v pr\u00e1ci. Pom\u00e1hal jsem j\u00ed.\u201c<\/p>\n\n\n\n<p class=\"wp-block-paragraph\">\u201eS \u010d\u00edm?\u201c<\/p>\n\n\n\n<p class=\"wp-block-paragraph\">\u201eSe st\u00ed\u017enost\u00ed t\u00fdkaj\u00edc\u00ed se jin\u00e9ho zam\u011bstnance. Je to komplikovan\u00e9.\u201c<\/p>\n\n\n\n<p class=\"wp-block-paragraph\">Na jeho vysv\u011btlen\u00ed mi n\u011bco nesed\u011blo.<\/p>\n\n\n\n<p class=\"wp-block-paragraph\">Ale Tyler mi nikdy nedal \u017e\u00e1dn\u00fd zjevn\u00fd d\u016fvod myslet si, \u017ee mi byl nev\u011brn\u00fd.<\/p>\n\n\n\n<p class=\"wp-block-paragraph\">\u017d\u00e1dn\u00e9 podez\u0159el\u00e9 zpr\u00e1vy.<\/p>\n\n\n\n<p class=\"wp-block-paragraph\">\u017d\u00e1dn\u00e9 nevysv\u011btlen\u00e9 nep\u0159\u00edtomnosti krom\u011b jeho b\u011b\u017en\u00e9ho letov\u00e9ho programu.<\/p>\n\n\n\n<p class=\"wp-block-paragraph\">\u017d\u00e1dn\u00e9 podivn\u00e9 \u00fa\u010dty.<\/p>\n\n\n\n<p class=\"wp-block-paragraph\">Nic.<\/p>\n\n\n\n<p class=\"wp-block-paragraph\">Laila se u\u017e nikdy neobjevila.<\/p>\n\n\n\n<p class=\"wp-block-paragraph\">Jej\u00ed jm\u00e9no u\u017e nikdy nezazn\u011blo.<\/p>\n\n\n\n<p class=\"wp-block-paragraph\">Nakonec jsem sama sebe p\u0159esv\u011bd\u010dila, \u017ee jsem byla paranoidn\u00ed.<\/p>\n\n\n\n<p class=\"wp-block-paragraph\">A te\u010f jsem sed\u011bla v letadle a poslouchala sv\u00e9ho man\u017eela, jak oznamuje, \u017ee je t\u011bhotn\u00e1 s jeho d\u00edt\u011btem.<\/p>\n\n\n\n<p class=\"wp-block-paragraph\">Cht\u011bla jsem se vr\u00e1tit o \u0161est m\u011bs\u00edc\u016f zp\u00e1tky a po\u0159\u00e1dn\u011b se proplesknout.<\/p>\n\n\n\n<p class=\"wp-block-paragraph\">Tyler sv\u00e9 ozn\u00e1men\u00ed dokon\u010dil.<\/p>\n\n\n\n<p class=\"wp-block-paragraph\">N\u011bkolik cestuj\u00edc\u00edch za\u010dalo tleskat.<\/p>\n\n\n\n<p class=\"wp-block-paragraph\">N\u011bkdo vp\u0159edu dokonce zaj\u00e1sal.<\/p>\n\n\n\n<p class=\"wp-block-paragraph\">Mason vedle m\u011b za\u0161eptal:<\/p>\n\n\n\n<p class=\"wp-block-paragraph\">\u201eMami?\u201c<\/p>\n\n\n\n<p class=\"wp-block-paragraph\">Odlo\u017eila jsem telefon.<\/p>\n\n\n\n<p class=\"wp-block-paragraph\">\u201eCo t\u00edm t\u00e1ta mysl\u00ed?\u201c<\/p>\n\n\n\n<p class=\"wp-block-paragraph\">\u201ePromluv\u00edme si o tom pozd\u011bji.\u201c<\/p>\n\n\n\n<p class=\"wp-block-paragraph\">\u201eKdo je Laila?\u201c<\/p>\n\n\n\n<p class=\"wp-block-paragraph\">\u201ePozd\u011bji, zlat\u00ed\u010dko.\u201c<\/p>\n\n\n\n<p class=\"wp-block-paragraph\">\u201ePro\u010d t\u00e1ta \u0159ekl, \u017ee se stane jeho man\u017eelkou?\u201c<\/p>\n\n\n\n<p class=\"wp-block-paragraph\">Hlas se mu za\u010dal t\u0159\u00e1st.<\/p>\n\n\n\n<p class=\"wp-block-paragraph\">V tu chv\u00edli jsem p\u0159estala myslet na sebe.<\/p>\n\n\n\n<p class=\"wp-block-paragraph\">A\u0165 u\u017e mi Tyler ud\u011blal cokoli, n\u00e1\u0161 syn to pr\u00e1v\u011b sly\u0161el tak\u00e9.<\/p>\n\n\n\n<p class=\"wp-block-paragraph\">Vzala jsem Masona za ruku.<\/p>\n\n\n\n<p class=\"wp-block-paragraph\">\u201ePod\u00edvej se na m\u011b.\u201c<\/p>\n\n\n\n<p class=\"wp-block-paragraph\">O\u010di u\u017e m\u011bl pln\u00e9 slz.<\/p>\n\n\n\n<p class=\"wp-block-paragraph\">\u201eT\u00e1ta n\u00e1s opou\u0161t\u00ed?\u201c<\/p>\n\n\n\n<p class=\"wp-block-paragraph\">\u201eJe\u0161t\u011b p\u0159esn\u011b nev\u00edme, co se d\u011bje.\u201c<\/p>\n\n\n\n<p class=\"wp-block-paragraph\">\u201eAle ty jsi jeho man\u017eelka.\u201c<\/p>\n\n\n\n<p class=\"wp-block-paragraph\">Slzy mu za\u010daly st\u00e9kat po tv\u00e1\u0159\u00edch.<\/p>\n\n\n\n<p class=\"wp-block-paragraph\">P\u0159it\u00e1hla jsem si ho k sob\u011b.<\/p>\n\n\n\n<p class=\"wp-block-paragraph\">Ka\u017ed\u00e1 \u010d\u00e1st m\u00e9ho t\u011bla cht\u011bla vst\u00e1t.<\/p>\n\n\n\n<p class=\"wp-block-paragraph\">J\u00edt do p\u0159edn\u00ed \u010d\u00e1sti letadla.<\/p>\n\n\n\n<p class=\"wp-block-paragraph\">Po\u017eadovat odpov\u011bdi.<\/p>\n\n\n\n<p class=\"wp-block-paragraph\">Ale letadlo se u\u017e za\u010dalo vzdalovat od odletov\u00e9 br\u00e1ny.<\/p>\n\n\n\n<p class=\"wp-block-paragraph\">A moje d\u00edt\u011b pot\u0159ebovalo, abych z\u016fstala klidn\u00e1.<\/p>\n\n\n\n<p class=\"wp-block-paragraph\">Let trval necel\u00e9 dv\u011b hodiny.<\/p>\n\n\n\n<p class=\"wp-block-paragraph\">Mn\u011b p\u0159ipadal jako deset.<\/p>\n\n\n\n<p class=\"wp-block-paragraph\">Mason se sotva dotkl \u017ev\u00fdkac\u00edch medv\u00eddk\u016f, kter\u00e9 si zabalil.<\/p>\n\n\n\n<h1 class=\"wp-block-heading\"><strong>Obr\u00e1zek s n\u00e1pisem NEJLEP\u0160\u00cd PILOT V\u016eBEC z\u016fstal slo\u017een\u00fd uvnit\u0159 jeho batohu.<\/strong><\/h1>\n\n\n\n<p class=\"wp-block-paragraph\">Po p\u0159ist\u00e1n\u00ed jsme po\u010dkali, a\u017e v\u011bt\u0161ina cestuj\u00edc\u00edch odejde.<\/p>\n\n\n\n<p class=\"wp-block-paragraph\">Nem\u011bla jsem tu\u0161en\u00ed, co Tylerovi \u0159eknu.<\/p>\n\n\n\n<p class=\"wp-block-paragraph\">V\u011bd\u011bla jsem jen, \u017ee z leti\u0161t\u011b neodejdu, dokud se mu nepod\u00edv\u00e1m do o\u010d\u00ed.<\/p>\n\n\n\n<p class=\"wp-block-paragraph\">Ve\u0161li jsme do termin\u00e1lu.<\/p>\n\n\n\n<p class=\"wp-block-paragraph\">A pak jsem ho uvid\u011bla.<\/p>\n\n\n\n<p class=\"wp-block-paragraph\">Tyler st\u00e1l pobl\u00ed\u017e vchodu do leti\u0161tn\u00edho salonku.<\/p>\n\n\n\n<p class=\"wp-block-paragraph\">Vedle n\u011bj byla Laila.<\/p>\n\n\n\n<p class=\"wp-block-paragraph\">Nevypadala v\u016fbec jako ta uplakan\u00e1 \u017eena, kter\u00e1 se p\u0159ed \u0161esti m\u011bs\u00edci objevila u na\u0161ich dve\u0159\u00ed.<\/p>\n\n\n\n<p class=\"wp-block-paragraph\">Vlasy m\u011bla dokonale upraven\u00e9.<\/p>\n\n\n\n<p class=\"wp-block-paragraph\">Oble\u010den\u00ed vypadalo draze.<\/p>\n\n\n\n<p class=\"wp-block-paragraph\">A nedalo se p\u0159ehl\u00e9dnout, \u017ee je t\u011bhotn\u00e1.<\/p>\n\n\n\n<p class=\"wp-block-paragraph\">Jednou rukou si dr\u017eela b\u0159icho.<\/p>\n\n\n\n<p class=\"wp-block-paragraph\">Usm\u00edvala se na Tylera.<\/p>\n\n\n\n<p class=\"wp-block-paragraph\">Pak n\u00e1s uvid\u011bla.<\/p>\n\n\n\n<p class=\"wp-block-paragraph\">\u00dasm\u011bv se j\u00ed zm\u011bnil.<\/p>\n\n\n\n<p class=\"wp-block-paragraph\">Tyler se pod\u00edval stejn\u00fdm sm\u011brem.<\/p>\n\n\n\n<p class=\"wp-block-paragraph\">Barva mu okam\u017eit\u011b zmizela z tv\u00e1\u0159e.<\/p>\n\n\n\n<p class=\"wp-block-paragraph\">Pohledem p\u0159ejel ode m\u011b k Masonovi.<\/p>\n\n\n\n<p class=\"wp-block-paragraph\">\u201eMegane?\u201c<\/p>\n\n\n\n<p class=\"wp-block-paragraph\">To bylo prvn\u00ed, co m\u016fj man\u017eel \u0159ekl.<\/p>\n\n\n\n<p class=\"wp-block-paragraph\">Mason znovu za\u010dal plakat.<\/p>\n\n\n\n<p class=\"wp-block-paragraph\">\u201eTati, co se d\u011bje?\u201c<\/p>\n\n\n\n<p class=\"wp-block-paragraph\">Tyler vykro\u010dil k n\u00e1m.<\/p>\n\n\n\n<p class=\"wp-block-paragraph\">\u201eCo d\u011bl\u00e1te v tomhle letadle?\u201c<\/p>\n\n\n\n<p class=\"wp-block-paragraph\">M\u00e1lem jsem se zasm\u00e1la.<\/p>\n\n\n\n<p class=\"wp-block-paragraph\">\u201eP\u0159ijeli jsme t\u011b p\u0159ekvapit.\u201c<\/p>\n\n\n\n<p class=\"wp-block-paragraph\">Tyler zav\u0159el o\u010di.<\/p>\n\n\n\n<p class=\"wp-block-paragraph\">Laila nevypadala zahanben\u011b.<\/p>\n\n\n\n<p class=\"wp-block-paragraph\">Jestli n\u011bco, vypadala sp\u00ed\u0161 uleven\u011b.<\/p>\n\n\n\n<p class=\"wp-block-paragraph\">Uk\u00e1zala jsem na ni.<\/p>\n\n\n\n<p class=\"wp-block-paragraph\">\u201eNen\u00ed to stejn\u00e1 Laila, kter\u00e1 p\u0159ed \u0161esti m\u011bs\u00edci p\u0159i\u0161la k n\u00e1m dom\u016f a plakala?\u201c<\/p>\n\n\n\n<p class=\"wp-block-paragraph\">Tyler se nerv\u00f3zn\u011b rozhl\u00e9dl.<\/p>\n\n\n\n<p class=\"wp-block-paragraph\">\u201eNem\u016f\u017eeme to \u0159e\u0161it tady?\u201c<\/p>\n\n\n\n<p class=\"wp-block-paragraph\">\u201e\u0158ekl jsi mi, \u017ee je to tvoje kolegyn\u011b.\u201c<\/p>\n\n\n\n<p class=\"wp-block-paragraph\">\u201eMegane, tady nen\u00ed vhodn\u00e9 m\u00edsto.\u201c<\/p>\n\n\n\n<p class=\"wp-block-paragraph\">Z\u00edrala jsem na n\u011bj.<\/p>\n\n\n\n<p class=\"wp-block-paragraph\">\u201ePr\u00e1v\u011b jsi cel\u00e9mu letadlu ciz\u00edch lid\u00ed ozn\u00e1mil, \u017ee \u010dek\u00e1 tvoje d\u00edt\u011b a \u017ee si ji hodl\u00e1\u0161 vz\u00edt.\u201c<\/p>\n\n\n\n<p class=\"wp-block-paragraph\">P\u0159istoupila jsem bl\u00ed\u017e.<\/p>\n\n\n\n<p class=\"wp-block-paragraph\">\u201eTak\u017ee te\u010f nem\u00e1\u0161 pr\u00e1vo najednou po\u017eadovat soukrom\u00ed.\u201c<\/p>\n\n\n\n<p class=\"wp-block-paragraph\">Laila si zalo\u017eila ruce.<\/p>\n\n\n\n<p class=\"wp-block-paragraph\">\u201eAspo\u0148 to te\u010f v\u00ed.\u201c<\/p>\n\n\n\n<p class=\"wp-block-paragraph\">Oto\u010dila jsem se k n\u00ed.<\/p>\n\n\n\n<p class=\"wp-block-paragraph\">\u201eCo jsi \u0159ekla?\u201c<\/p>\n\n\n\n<p class=\"wp-block-paragraph\">Pod\u00edvala se mi p\u0159\u00edmo do o\u010d\u00ed.<\/p>\n\n\n\n<p class=\"wp-block-paragraph\">\u201e\u0158ekla jsem, \u017ee to te\u010f aspo\u0148 v\u00ed\u0161.\u201c<\/p>\n\n\n\n<p class=\"wp-block-paragraph\">Z vyd\u011b\u0161en\u00e9 \u017eeny z m\u00e9ho z\u00e1pra\u017e\u00ed nezbylo v\u016fbec nic.<\/p>\n\n\n\n<p class=\"wp-block-paragraph\">Tyler se postavil mezi n\u00e1s.<\/p>\n\n\n\n<p class=\"wp-block-paragraph\">\u201eMus\u00ed\u0161 odej\u00edt.\u201c<\/p>\n\n\n\n<p class=\"wp-block-paragraph\">Z\u00edrala jsem na n\u011bj.<\/p>\n\n\n\n<p class=\"wp-block-paragraph\">\u201eUhni, Tylere.\u201c<\/p>\n\n\n\n<p class=\"wp-block-paragraph\">\u201eMegane, Mason stoj\u00ed p\u0159\u00edmo tady. Mysli na n\u011bj, ne\u017e ud\u011bl\u00e1\u0161 sc\u00e9nu.\u201c<\/p>\n\n\n\n<p class=\"wp-block-paragraph\">Ho\u0159ce jsem se zasm\u00e1la.<\/p>\n\n\n\n<p class=\"wp-block-paragraph\">\u201eTe\u010f t\u011b zaj\u00edm\u00e1, co Mason vid\u00ed?\u201c<\/p>\n\n\n\n<p class=\"wp-block-paragraph\">Napnul \u010delist.<\/p>\n\n\n\n<p class=\"wp-block-paragraph\">N\u00e1\u0161 syn m\u011b pevn\u011b dr\u017eel za ruku.<\/p>\n\n\n\n<p class=\"wp-block-paragraph\">Tyler se na n\u011bj pod\u00edval.<\/p>\n\n\n\n<p class=\"wp-block-paragraph\">\u201eKamar\u00e1de, m\u016f\u017eu ti to vysv\u011btlit. Jen ne te\u010f.\u201c<\/p>\n\n\n\n<p class=\"wp-block-paragraph\">Mason okam\u017eit\u011b ustoupil za m\u011b.<\/p>\n\n\n\n<p class=\"wp-block-paragraph\">V Tylerov\u011b tv\u00e1\u0159i se n\u011bco zm\u011bnilo.<\/p>\n\n\n\n<p class=\"wp-block-paragraph\">Bylo mi to jedno.<\/p>\n\n\n\n<p class=\"wp-block-paragraph\">\u201eJak dlouho?\u201c zeptala jsem se.<\/p>\n\n\n\n<p class=\"wp-block-paragraph\">Tyler se pod\u00edval na Lailu.<\/p>\n\n\n\n<p class=\"wp-block-paragraph\">Pak na m\u011b.<\/p>\n\n\n\n<p class=\"wp-block-paragraph\">\u201eSkoro rok.\u201c<\/p>\n\n\n\n<p class=\"wp-block-paragraph\">Zvedl se mi \u017ealudek.<\/p>\n\n\n\n<p class=\"wp-block-paragraph\">\u201eKdy jsi mi to cht\u011bl \u0159\u00edct?\u201c<\/p>\n\n\n\n<p class=\"wp-block-paragraph\">Promnul si \u010delo.<\/p>\n\n\n\n<p class=\"wp-block-paragraph\">\u201e\u010cekal jsem na spr\u00e1vn\u00fd okam\u017eik.\u201c<\/p>\n\n\n\n<p class=\"wp-block-paragraph\">\u201eNa spr\u00e1vn\u00fd okam\u017eik, abys sv\u00e9 man\u017eelce \u0159ekl, \u017ee jin\u00e1 \u017eena \u010dek\u00e1 tvoje d\u00edt\u011b?\u201c<\/p>\n\n\n\n<p class=\"wp-block-paragraph\">\u201eNe.\u201c<\/p>\n\n\n\n<p class=\"wp-block-paragraph\">Zav\u00e1hal.<\/p>\n\n\n\n<p class=\"wp-block-paragraph\">\u201eNa spr\u00e1vn\u00fd okam\u017eik, abych ti p\u0159edal pap\u00edry.\u201c<\/p>\n\n\n\n<p class=\"wp-block-paragraph\">Z\u00edrala jsem na n\u011bj.<\/p>\n\n\n\n<p class=\"wp-block-paragraph\">\u201eJak\u00e9 pap\u00edry?\u201c<\/p>\n\n\n\n<p class=\"wp-block-paragraph\">\u201eRozvodov\u00e9 pap\u00edry.\u201c<\/p>\n\n\n\n<p class=\"wp-block-paragraph\">Za mnou Mason plakal je\u0161t\u011b v\u00edc.<\/p>\n\n\n\n<p class=\"wp-block-paragraph\">Tyler\u016fv v\u00fdraz se zm\u011bnil.<\/p>\n\n\n\n<p class=\"wp-block-paragraph\">Jako by na chv\u00edli zapomn\u011bl, \u017ee ho jeho vlastn\u00ed syn m\u016f\u017ee sly\u0161et.<\/p>\n\n\n\n<p class=\"wp-block-paragraph\">Okam\u017eit\u011b jsem si k Masonovi d\u0159epla.<\/p>\n\n\n\n<p class=\"wp-block-paragraph\">\u201eNasa\u010f si sluch\u00e1tka, zlat\u00ed\u010dko.\u201c<\/p>\n\n\n\n<p class=\"wp-block-paragraph\">\u201eNechci.\u201c<\/p>\n\n\n\n<p class=\"wp-block-paragraph\">\u201ePros\u00edm.\u201c<\/p>\n\n\n\n<p class=\"wp-block-paragraph\">Rozplakal se.<\/p>\n\n\n\n<p class=\"wp-block-paragraph\">Objala jsem ho a pak znovu vstala.<\/p>\n\n\n\n<p class=\"wp-block-paragraph\">\u201eTy jsi mi cht\u011bl doru\u010dit rozvodov\u00e9 pap\u00edry?\u201c<\/p>\n\n\n\n<p class=\"wp-block-paragraph\">\u201eNecht\u011bl jsem, abys to zjistila takhle.\u201c<\/p>\n\n\n\n<p class=\"wp-block-paragraph\">\u201eA jak p\u0159esn\u011b jsi cht\u011bl, abych to zjistila?\u201c<\/p>\n\n\n\n<p class=\"wp-block-paragraph\">\u201eCht\u011bl jsem, abychom si soukrom\u011b promluvili.\u201c<\/p>\n\n\n\n<p class=\"wp-block-paragraph\">Laila ho p\u0159eru\u0161ila.<\/p>\n\n\n\n<p class=\"wp-block-paragraph\">\u201eTyler a j\u00e1 se milujeme.\u201c<\/p>\n\n\n\n<p class=\"wp-block-paragraph\">Oto\u010dila jsem se k n\u00ed.<\/p>\n\n\n\n<p class=\"wp-block-paragraph\">\u201e\u010cek\u00e1me d\u00edt\u011b,\u201c pokra\u010dovala. \u201eChce b\u00fdt se mnou. Protahov\u00e1n\u00ed cel\u00e9 situace nikomu nepom\u016f\u017ee.\u201c<\/p>\n\n\n\n<p class=\"wp-block-paragraph\">Pod\u00edvala jsem se na Tylera.<\/p>\n\n\n\n<p class=\"wp-block-paragraph\">\u201eTo si opravdu mysl\u00ed\u0161?\u201c<\/p>\n\n\n\n<p class=\"wp-block-paragraph\">Neodpov\u011bd\u011bl okam\u017eit\u011b.<\/p>\n\n\n\n<p class=\"wp-block-paragraph\">Pak p\u0159ik\u00fdvl.<\/p>\n\n\n\n<p class=\"wp-block-paragraph\">\u201eNa\u0161e man\u017eelstv\u00ed u\u017e n\u011bjakou dobu neexistuje.\u201c<\/p>\n\n\n\n<p class=\"wp-block-paragraph\">To pro m\u011b byla novinka.<\/p>\n\n\n\n<p class=\"wp-block-paragraph\">Ve \u010dtvrtek ve\u010der jsme spolu ve\u010de\u0159eli.<\/p>\n\n\n\n<p class=\"wp-block-paragraph\">V p\u00e1tek jsme v posteli sledovali film.<\/p>\n\n\n\n<p class=\"wp-block-paragraph\">A pr\u00e1v\u011b toho r\u00e1na m\u011b pol\u00edbil na rozlou\u010denou.<\/p>\n\n\n\n<p class=\"wp-block-paragraph\">Z\u0159ejm\u011b moje man\u017eelstv\u00ed skon\u010dilo, ani\u017e by se n\u011bkdo obt\u011b\u017eoval mi to ozn\u00e1mit.<\/p>\n\n\n\n<p class=\"wp-block-paragraph\">\u201ePo\u0159\u00e1d m\u016f\u017eeme b\u00fdt dobr\u00fdmi rodi\u010di Masona,\u201c \u0159ekl Tyler.<\/p>\n\n\n\n<p class=\"wp-block-paragraph\">N\u00e1\u0161 syn zaslechl sv\u00e9 jm\u00e9no.<\/p>\n\n\n\n<p class=\"wp-block-paragraph\">Vzhl\u00e9dl.<\/p>\n\n\n\n<p class=\"wp-block-paragraph\">\u201eTy n\u00e1s opou\u0161t\u00ed\u0161?\u201c<\/p>\n\n\n\n<p class=\"wp-block-paragraph\">Tyler k n\u011bmu vykro\u010dil.<\/p>\n\n\n\n<p class=\"wp-block-paragraph\">\u201eMasone\u2026\u201c<\/p>\n\n\n\n<p class=\"wp-block-paragraph\">M\u016fj syn ustoupil.<\/p>\n\n\n\n<p class=\"wp-block-paragraph\">\u201eNesahej na m\u011b.\u201c<\/p>\n\n\n\n<p class=\"wp-block-paragraph\">Tyler ztuhl.<\/p>\n\n\n\n<p class=\"wp-block-paragraph\">Tehdy jsem v\u011bd\u011bla, \u017ee mus\u00edme odej\u00edt.<\/p>\n\n\n\n<p class=\"wp-block-paragraph\">Vzala jsem na\u0161e ta\u0161ky.<\/p>\n\n\n\n<p class=\"wp-block-paragraph\">\u201eJedeme dom\u016f.\u201c<\/p>\n\n\n\n<p class=\"wp-block-paragraph\">\u201ePros\u00edm, dovol mi, abych mu to vysv\u011btlil.\u201c<\/p>\n\n\n\n<p class=\"wp-block-paragraph\">Pod\u00edvala jsem se na Tylera.<\/p>\n\n\n\n<p class=\"wp-block-paragraph\">\u201eU\u017e jsi to vysv\u011btlil.\u201c<\/p>\n\n\n\n<p class=\"wp-block-paragraph\">Vzala jsem Masona dol\u016f a koupila mu zmrzlinu, proto\u017ee jsem absolutn\u011b nev\u011bd\u011bla, co jin\u00e9ho d\u011blat.<\/p>\n\n\n\n<p class=\"wp-block-paragraph\">Sn\u011bdl t\u0159i sousta.<\/p>\n\n\n\n<p class=\"wp-block-paragraph\">Pak se na m\u011b pod\u00edval.<\/p>\n\n\n\n<p class=\"wp-block-paragraph\">\u201eM\u00e1 t\u00e1ta ji rad\u0161i ne\u017e n\u00e1s?\u201c<\/p>\n\n\n\n<p class=\"wp-block-paragraph\">M\u00e1lem mi puklo srdce.<\/p>\n\n\n\n<p class=\"wp-block-paragraph\">M\u00edsto toho jsem udr\u017eela hlas klidn\u00fd.<\/p>\n\n\n\n<p class=\"wp-block-paragraph\">\u201eTo, \u017ee t\u00e1ta miluje n\u011bkoho jin\u00e9ho, neznamen\u00e1, \u017ee t\u011b p\u0159estal milovat.\u201c<\/p>\n\n\n\n<p class=\"wp-block-paragraph\">\u201eA co ty?\u201c<\/p>\n\n\n\n<p class=\"wp-block-paragraph\">Odm\u00edtla jsem mu lh\u00e1t.<\/p>\n\n\n\n<p class=\"wp-block-paragraph\">\u201eMysl\u00edm, \u017ee tv\u016fj t\u00e1ta ud\u011blal rozhodnut\u00ed, kter\u00e1 mi velmi ubl\u00ed\u017eila.\u201c<\/p>\n\n\n\n<p class=\"wp-block-paragraph\">Zachv\u011bl se mu ret.<\/p>\n\n\n\n<p class=\"wp-block-paragraph\">\u201eJsme po\u0159\u00e1d rodina?\u201c<\/p>\n\n\n\n<p class=\"wp-block-paragraph\">\u201eV\u017edycky budeme rodina.\u201c<\/p>\n\n\n\n<p class=\"wp-block-paragraph\">\u201eJak?\u201c<\/p>\n\n\n\n<p class=\"wp-block-paragraph\">\u201eRodiny se mohou zm\u011bnit a po\u0159\u00e1d z\u016fstat rodinami.\u201c<\/p>\n\n\n\n<p class=\"wp-block-paragraph\">Nev\u00edm, odkud se ta slova vzala.<\/p>\n\n\n\n<p class=\"wp-block-paragraph\">V t\u00e9 dob\u011b jsem jim sama sotva v\u011b\u0159ila.<\/p>\n\n\n\n<p class=\"wp-block-paragraph\">Ve\u010der jsme odlet\u011bli dom\u016f.<\/p>\n\n\n\n<p class=\"wp-block-paragraph\">Druh\u00fd den r\u00e1no jsem zavolala sv\u00e9mu pr\u00e1vn\u00edkovi.<\/p>\n\n\n\n<p class=\"wp-block-paragraph\">Denise m\u011b vyslechla, ani\u017e by m\u011b p\u0159eru\u0161ila.<\/p>\n\n\n\n<p class=\"wp-block-paragraph\">Pak mi \u0159ekla n\u011bco d\u016fle\u017eit\u00e9ho.<\/p>\n\n\n\n<p class=\"wp-block-paragraph\">Tylerova nev\u011bra sama o sob\u011b automaticky nerozhodne o p\u00e9\u010di o d\u00edt\u011b ani o tom, jak se rozd\u011bl\u00ed n\u00e1\u0161 majetek.<\/p>\n\n\n\n<p class=\"wp-block-paragraph\">D\u016fle\u017eit\u00e9 byly v\u011bci jako v\u00fddaje b\u011bhem man\u017eelstv\u00ed, historie p\u00e9\u010de o d\u00edt\u011b, finan\u010dn\u00ed z\u00e1znamy, majetek a cokoli, co ovliv\u0148ovalo Masonovo blaho.<\/p>\n\n\n\n<p class=\"wp-block-paragraph\">\u201eV\u0161echno dokumentuj,\u201c \u0159ekla mi. \u201eNic nema\u017e a nevstupuj do \u00fa\u010dt\u016f, ke kter\u00fdm nem\u00e1\u0161 pr\u00e1vn\u00ed opr\u00e1vn\u011bn\u00ed.\u201c<\/p>\n\n\n\n<p class=\"wp-block-paragraph\">Tak\u017ee jsem se do Tylerov\u00fdch soukrom\u00fdch \u00fa\u010dt\u016f nenabourala.<\/p>\n\n\n\n<p class=\"wp-block-paragraph\">Nemusela jsem.<\/p>\n\n\n\n<p class=\"wp-block-paragraph\">Doma jsme m\u011bli stoln\u00ed po\u010d\u00edta\u010d, kter\u00fd Tyler pravideln\u011b pou\u017e\u00edval.<\/p>\n\n\n\n<p class=\"wp-block-paragraph\">Nechal na n\u011bm synchronizovan\u00fd sv\u016fj pracovn\u00ed e-mail od leteck\u00e9 spole\u010dnosti i osobn\u00ed zpr\u00e1vy.<\/p>\n\n\n\n<p class=\"wp-block-paragraph\">Z\u0159ejm\u011b jakmile se n\u011bkdo rozhodne, \u017ee jeho man\u017eelstv\u00ed u\u017e skon\u010dilo, za\u010dne b\u00fdt neopatrn\u00fd.<\/p>\n\n\n\n<p class=\"wp-block-paragraph\">Na\u0161la jsem n\u011bkolik m\u011bs\u00edc\u016f zpr\u00e1v.<\/p>\n\n\n\n<p class=\"wp-block-paragraph\">Rezervace hotel\u016f.<\/p>\n\n\n\n<p class=\"wp-block-paragraph\">\u00da\u010dty z restaurac\u00ed.<\/p>\n\n\n\n<p class=\"wp-block-paragraph\">Fotografie.<\/p>\n\n\n\n<p class=\"wp-block-paragraph\">Konverzace o Lailin\u011b t\u011bhotenstv\u00ed.<\/p>\n\n\n\n<p class=\"wp-block-paragraph\">Dokonce i kopii prenat\u00e1ln\u00edho testu otcovstv\u00ed, kter\u00fd podstoupili pot\u00e9, co ot\u011bhotn\u011bla.<\/p>\n\n\n\n<p class=\"wp-block-paragraph\">V\u0161echno, k \u010demu jsem m\u011bla leg\u00e1ln\u00ed p\u0159\u00edstup, jsem poslala Denise.<\/p>\n\n\n\n<p class=\"wp-block-paragraph\">O dva dny pozd\u011bji se Tyler vr\u00e1til dom\u016f, zat\u00edmco byl Mason ve \u0161kole.<\/p>\n\n\n\n<p class=\"wp-block-paragraph\">Sbalil si dva kufry.<\/p>\n\n\n\n<p class=\"wp-block-paragraph\">\u201eZat\u00edm budu bydlet u Laily.\u201c<\/p>\n\n\n\n<p class=\"wp-block-paragraph\">St\u00e1la jsem ve dve\u0159\u00edch lo\u017enice.<\/p>\n\n\n\n<p class=\"wp-block-paragraph\">\u201eDob\u0159e.\u201c<\/p>\n\n\n\n<p class=\"wp-block-paragraph\">Vypadal p\u0159ekvapen\u011b.<\/p>\n\n\n\n<p class=\"wp-block-paragraph\">Mo\u017en\u00e1 o\u010dek\u00e1val slzy.<\/p>\n\n\n\n<p class=\"wp-block-paragraph\">Prosby.<\/p>\n\n\n\n<p class=\"wp-block-paragraph\">H\u00e1dku.<\/p>\n\n\n\n<p class=\"wp-block-paragraph\">Nedala jsem mu nic z toho.<\/p>\n\n\n\n<p class=\"wp-block-paragraph\">M\u00edsto toho jsem polo\u017eila jedinou ot\u00e1zku.<\/p>\n\n\n\n<p class=\"wp-block-paragraph\">\u201eKdy bude\u0161 m\u00edt skute\u010dn\u00fd rozhovor s Masonem?\u201c<\/p>\n\n\n\n<p class=\"wp-block-paragraph\">Tyler sklopil o\u010di.<\/p>\n\n\n\n<p class=\"wp-block-paragraph\">\u201eJe\u0161t\u011b jsem na to nep\u0159i\u0161el.\u201c<\/p>\n\n\n\n<p class=\"wp-block-paragraph\">Ta odpov\u011b\u010f mi o n\u011bm \u0159ekla v\u00edc ne\u017e samotn\u00e1 nev\u011bra.<\/p>\n\n\n\n<p class=\"wp-block-paragraph\">N\u00e1\u0161 rozvod trval t\u00e9m\u011b\u0159 dev\u011bt m\u011bs\u00edc\u016f.<\/p>\n\n\n\n<p class=\"wp-block-paragraph\">Bylo to vy\u010derp\u00e1vaj\u00edc\u00ed.<\/p>\n\n\n\n<p class=\"wp-block-paragraph\">E-maily.<\/p>\n\n\n\n<p class=\"wp-block-paragraph\">Finan\u010dn\u00ed p\u0159izn\u00e1n\u00ed.<\/p>\n\n\n\n<p class=\"wp-block-paragraph\">Odhady hodnoty nemovitost\u00ed.<\/p>\n\n\n\n<p class=\"wp-block-paragraph\">Mediace.<\/p>\n\n\n\n<p class=\"wp-block-paragraph\">Pr\u00e1vn\u00ed \u00fa\u010dty.<\/p>\n\n\n\n<p class=\"wp-block-paragraph\">H\u00e1dky o rozvrhu.<\/p>\n\n\n\n<p class=\"wp-block-paragraph\">Prodali jsme n\u00e1\u0161 d\u016fm, proto\u017ee ani jeden z n\u00e1s si nemohl pohodln\u011b dovolit vyplatit pod\u00edl toho druh\u00e9ho.<\/p>\n\n\n\n<p class=\"wp-block-paragraph\">Hodnota vlastn\u00edho kapit\u00e1lu byla rozd\u011blena podle na\u0161\u00ed dohody.<\/p>\n\n\n\n<h1 class=\"wp-block-heading\"><strong>Na\u0161e \u00faspory a dal\u0161\u00ed spole\u010dn\u00fd majetek byly tak\u00e9 rozd\u011bleny.<\/strong><\/h1>\n\n\n\n<p class=\"wp-block-paragraph\">Zpo\u010d\u00e1tku jsem m\u011bla strach o pen\u00edze.<\/p>\n\n\n\n<p class=\"wp-block-paragraph\">Nem\u011bla jsem klasick\u00e9 zam\u011bstn\u00e1n\u00ed.<\/p>\n\n\n\n<p class=\"wp-block-paragraph\">Byla jsem um\u011blkyn\u011b.<\/p>\n\n\n\n<p class=\"wp-block-paragraph\">Lid\u00e9 to cel\u00e9 roky pova\u017eovali za kon\u00ed\u010dek jen proto, \u017ee jsem pracovala z domova.<\/p>\n\n\n\n<p class=\"wp-block-paragraph\">Nebyl to kon\u00ed\u010dek.<\/p>\n\n\n\n<p class=\"wp-block-paragraph\">Prod\u00e1vala jsem origin\u00e1ln\u00ed obrazy.<\/p>\n\n\n\n<p class=\"wp-block-paragraph\">P\u0159ij\u00edmala zak\u00e1zky.<\/p>\n\n\n\n<p class=\"wp-block-paragraph\">Poskytovala licence na n\u011bkolik sv\u00fdch n\u00e1vrh\u016f.<\/p>\n\n\n\n<p class=\"wp-block-paragraph\">A potichu jsem \u010d\u00e1st v\u0161eho, co jsem vyd\u011blala, spo\u0159ila a investovala.<\/p>\n\n\n\n<p class=\"wp-block-paragraph\">Nebyla jsem bohat\u00e1.<\/p>\n\n\n\n<p class=\"wp-block-paragraph\">Ale nebyla jsem ani bezmocn\u00e1.<\/p>\n\n\n\n<p class=\"wp-block-paragraph\">Mason \u017eil p\u0159ev\u00e1\u017en\u011b se mnou.<\/p>\n\n\n\n<p class=\"wp-block-paragraph\">Tyler dost\u00e1val pravideln\u00fd \u010das se synem, v\u010detn\u011b p\u0159esp\u00e1v\u00e1n\u00ed, jakmile se s t\u00edm Mason c\u00edtil dostate\u010dn\u011b dob\u0159e.<\/p>\n\n\n\n<p class=\"wp-block-paragraph\">Nikdy jsem se je nesna\u017eila dr\u017eet od sebe.<\/p>\n\n\n\n<p class=\"wp-block-paragraph\">Mason sv\u00e9ho otce miloval.<\/p>\n\n\n\n<p class=\"wp-block-paragraph\">Z\u00e1rove\u0148 na n\u011bj byl vztekl\u00fd.<\/p>\n\n\n\n<p class=\"wp-block-paragraph\">Oboj\u00ed mohlo b\u00fdt pravda.<\/p>\n\n\n\n<p class=\"wp-block-paragraph\">A tak jsem se nau\u010dila b\u00fdt slu\u0161n\u00e1.<\/p>\n\n\n\n<p class=\"wp-block-paragraph\">S Lailou se nikdy nestaneme kamar\u00e1dkami.<\/p>\n\n\n\n<p class=\"wp-block-paragraph\">Pochybuji, \u017ee se n\u011bkdy budeme m\u00edt r\u00e1dy.<\/p>\n\n\n\n<p class=\"wp-block-paragraph\">Ale stala se sou\u010d\u00e1st\u00ed Masonova \u017eivota, proto\u017ee se jeho otec rozhodl vybudovat s n\u00ed budoucnost.<\/p>\n\n\n\n<p class=\"wp-block-paragraph\">A tak\u00e9 proto, \u017ee Mason nyn\u00ed m\u011bl nevlastn\u00edho sourozence.<\/p>\n\n\n\n<p class=\"wp-block-paragraph\">Odm\u00edtla jsem dovolit, aby m\u016fj syn nesl dosp\u011blou z\u00e1\u0161\u0165 za m\u011b.<\/p>\n\n\n\n<p class=\"wp-block-paragraph\">N\u011bkolik m\u011bs\u00edc\u016f po definitivn\u00edm ukon\u010den\u00ed rozvodu jsme se s Masonem p\u0159est\u011bhovali do t\u0159\u00edpokojov\u00e9ho bytu.<\/p>\n\n\n\n<p class=\"wp-block-paragraph\">Jeho pokoj byl prvn\u00ed, kter\u00fd jsme dokon\u010dili.<\/p>\n\n\n\n<p class=\"wp-block-paragraph\">Druh\u00fd byl m\u016fj.<\/p>\n\n\n\n<p class=\"wp-block-paragraph\">A t\u0159et\u00ed se stal n\u011b\u010d\u00edm, po \u010dem jsem tou\u017eila cel\u00e9 roky.<\/p>\n\n\n\n<p class=\"wp-block-paragraph\">Skute\u010dn\u00fdm um\u011bleck\u00fdm ateli\u00e9rem.<\/p>\n\n\n\n<p class=\"wp-block-paragraph\">Ne koutem j\u00eddelny.<\/p>\n\n\n\n<p class=\"wp-block-paragraph\">Ne pl\u00e1tny schovan\u00fdmi za pohovkou.<\/p>\n\n\n\n<p class=\"wp-block-paragraph\">Skute\u010dnou m\u00edstnost\u00ed.<\/p>\n\n\n\n<p class=\"wp-block-paragraph\">Policemi na m\u00e9 barvy.<\/p>\n\n\n\n<p class=\"wp-block-paragraph\">Velk\u00fdm pracovn\u00edm stolem.<\/p>\n\n\n\n<p class=\"wp-block-paragraph\">Dobr\u00fdm osv\u011btlen\u00edm.<\/p>\n\n\n\n<p class=\"wp-block-paragraph\">Dve\u0159mi, kter\u00e9 jsem mohla zav\u0159\u00edt.<\/p>\n\n\n\n<p class=\"wp-block-paragraph\">Prvn\u00ed noc pot\u00e9, co jsem ho dokon\u010dila, jsem st\u00e1la uprost\u0159ed m\u00edstnosti a plakala.<\/p>\n\n\n\n<p class=\"wp-block-paragraph\">Ne proto, \u017ee mi chyb\u011bl Tyler.<\/p>\n\n\n\n<p class=\"wp-block-paragraph\">Plakala jsem, proto\u017ee jsem kone\u010dn\u011b pochopila, jak velkou \u010d\u00e1st sebe jsem si, ani\u017e bych si to uv\u011bdomovala, pod\u0159\u00eddila na\u0161emu man\u017eelstv\u00ed.<\/p>\n\n\n\n<p class=\"wp-block-paragraph\">Tyler m\u011b jednodu\u0161e nepodvedl.<\/p>\n\n\n\n<p class=\"wp-block-paragraph\">Vybudoval si \u00fapln\u011b novou budoucnost je\u0161t\u011b p\u0159edt\u00edm, ne\u017e na\u0161el odvahu ukon\u010dit tu, kterou u\u017e m\u011bl.<\/p>\n\n\n\n<p class=\"wp-block-paragraph\">A n\u011bjak o\u010dek\u00e1val, \u017ee ti\u0161e ustoup\u00edm stranou a p\u0159ijmu to.<\/p>\n\n\n\n<p class=\"wp-block-paragraph\">U\u017e ho nen\u00e1vid\u00edm.<\/p>\n\n\n\n<p class=\"wp-block-paragraph\">V\u011bt\u0161inu dn\u00ed k n\u011bmu nec\u00edt\u00edm dost siln\u00e9 emoce ani na to, abych ho nen\u00e1vid\u011bla.<\/p>\n\n\n\n<p class=\"wp-block-paragraph\">Mason se m\u00e1 l\u00e9pe.<\/p>\n\n\n\n<p class=\"wp-block-paragraph\">Po\u0159\u00e1d se pt\u00e1.<\/p>\n\n\n\n<p class=\"wp-block-paragraph\">N\u011bkdy na t\u011b\u017ek\u00e9 v\u011bci.<\/p>\n\n\n\n<h1 class=\"wp-block-heading\"><strong>N\u011bkdy na ot\u00e1zky, na kter\u00e9 nev\u00edm, jak odpov\u011bd\u011bt.<\/strong><\/h1>\n\n\n\n<p class=\"wp-block-paragraph\">\u0158\u00edk\u00e1m mu to, co m\u016f\u017eu.<\/p>\n\n\n\n<p class=\"wp-block-paragraph\">S Tylerem komunikujeme v\u011bt\u0161inou kv\u016fli \u0161kole.<\/p>\n\n\n\n<p class=\"wp-block-paragraph\">L\u00e9ka\u0159sk\u00fdm prohl\u00eddk\u00e1m.<\/p>\n\n\n\n<p class=\"wp-block-paragraph\">Aktivit\u00e1m.<\/p>\n\n\n\n<p class=\"wp-block-paragraph\">\u010cas\u016fm vyzvednut\u00ed.<\/p>\n\n\n\n<p class=\"wp-block-paragraph\">Nudn\u00fdm v\u011bcem.<\/p>\n\n\n\n<p class=\"wp-block-paragraph\">Nau\u010dila jsem se nudu oce\u0148ovat.<\/p>\n\n\n\n<p class=\"wp-block-paragraph\">Nev\u00edm, jestli Tylerovi a Laile jejich vztah vydr\u017e\u00ed.<\/p>\n\n\n\n<p class=\"wp-block-paragraph\">Up\u0159\u00edmn\u011b je mi to jedno.<\/p>\n\n\n\n<p class=\"wp-block-paragraph\">Vztah, kter\u00fd za\u010dal l\u017eemi, je jejich probl\u00e9m.<\/p>\n\n\n\n<p class=\"wp-block-paragraph\">Mou zodpov\u011bdnost\u00ed bylo znovu vybudovat \u017eivot, kter\u00fd zmizel n\u011bkde ve v\u00fd\u0161ce p\u0159es 30 000 stop.<\/p>\n\n\n\n<p class=\"wp-block-paragraph\">A poda\u0159ilo se mi to.<\/p>\n\n\n\n<p class=\"wp-block-paragraph\">Ne dokonale.<\/p>\n\n\n\n<p class=\"wp-block-paragraph\">Ale dostate\u010dn\u011b.<\/p>\n\n\n\n<p class=\"wp-block-paragraph\">Obr\u00e1zek, kter\u00fd Mason nakreslil pro Tylera, je po\u0159\u00e1d v m\u00e9m pracovn\u00edm stole.<\/p>\n\n\n\n<p class=\"wp-block-paragraph\">Nikdy mu ho nedal.<\/p>\n\n\n\n<p class=\"wp-block-paragraph\">Jednou jsem se ho zeptala, jestli ho chce vyhodit.<\/p>\n\n\n\n<p class=\"wp-block-paragraph\">Zavrt\u011bl hlavou.<\/p>\n\n\n\n<p class=\"wp-block-paragraph\">\u201eMo\u017en\u00e1 mu ho jednou d\u00e1m.\u201c<\/p>\n\n\n\n<p class=\"wp-block-paragraph\">Tak jsem si ho nechala.<\/p>\n\n\n\n<p class=\"wp-block-paragraph\">Mysl\u00edm, \u017ee p\u0159esn\u011b tam jsme te\u010f oba.<\/p>\n\n\n\n<p class=\"wp-block-paragraph\">Nep\u0159edst\u00edr\u00e1me, \u017ee se nic nestalo.<\/p>\n\n\n\n<p class=\"wp-block-paragraph\">Nep\u0159edst\u00edr\u00e1me, \u017ee to nebolelo.<\/p>\n\n\n\n<p class=\"wp-block-paragraph\">Jednodu\u0161e nech\u00e1v\u00e1me trochu prostoru pro ono \u201ejednou\u201c.<\/p>\n\n\n\n<p class=\"wp-block-paragraph\">A\u0165 u\u017e to \u201ejednou\u201c nakonec bude znamenat cokoli.<\/p>\n\n\n\n<p class=\"wp-block-paragraph\">Ale jednu v\u011bc v\u00edm jist\u011b.<\/p>\n\n\n\n<p class=\"wp-block-paragraph\"><strong>Mason a j\u00e1 to zvl\u00e1dneme.<\/strong><\/p>\n\n\n\n<p class=\"wp-block-paragraph\"><\/p>\n","protected":false},"excerpt":{"rendered":"Cel\u00e9 dopoledne jsem se sna\u017eila za\u0159\u00eddit, aby si n\u00e1s man\u017eel na leti\u0161ti nev\u0161iml.M\u016fj sedmilet\u00fd syn a j\u00e1 jsme si tajn\u011b koupili letenky na \n<a class=\"moretag\" href=\"https:\/\/vendeto.am\/?p=33218\"> [...]<\/a>","protected":false},"author":1,"featured_media":33219,"comment_status":"open","ping_status":"open","sticky":false,"template":"","format":"standard","meta":{"footnotes":""},"categories":[2],"tags":[],"class_list":["post-33218","post","type-post","status-publish","format-standard","has-post-thumbnail","hentry","category-sport"],"yoast_head":"<!-- This site is optimized with the Yoast SEO plugin v28.4 - https:\/\/yoast.com\/product\/yoast-seo-wordpress\/ -->\n<title>Se synem jsme nastoupili do letu m\u00e9ho man\u017eela-pilota, abychom ho p\u0159ekvapili \u2013 pak \u0159ekl n\u011bco do reproduktor\u016f a n\u00e1m zmizel \u00fasm\u011bv z tv\u00e1\u0159e -<\/title>\n<meta name=\"robots\" content=\"index, follow, max-snippet:-1, max-image-preview:large, max-video-preview:-1\" \/>\n<link rel=\"canonical\" href=\"https:\/\/vendeto.am\/?p=33218\" \/>\n<meta property=\"og:locale\" content=\"ru_RU\" \/>\n<meta property=\"og:type\" content=\"article\" \/>\n<meta property=\"og:title\" content=\"Se synem jsme nastoupili do letu m\u00e9ho man\u017eela-pilota, abychom ho p\u0159ekvapili \u2013 pak \u0159ekl n\u011bco do reproduktor\u016f a n\u00e1m zmizel \u00fasm\u011bv z tv\u00e1\u0159e -\" \/>\n<meta property=\"og:description\" content=\"Cel\u00e9 dopoledne jsem se sna\u017eila za\u0159\u00eddit, aby si n\u00e1s man\u017eel na leti\u0161ti nev\u0161iml.M\u016fj sedmilet\u00fd syn a j\u00e1 jsme si tajn\u011b koupili letenky na\" \/>\n<meta property=\"og:url\" content=\"https:\/\/vendeto.am\/?p=33218\" \/>\n<meta property=\"article:published_time\" content=\"2026-09-04T20:18:09+00:00\" \/>\n<meta property=\"article:modified_time\" content=\"2026-09-04T20:18:11+00:00\" \/>\n<meta property=\"og:image\" content=\"https:\/\/vendeto.am\/wp-content\/uploads\/2026\/09\/airplane_selfie_warm_cabin.jpg\" \/>\n\t<meta property=\"og:image:width\" content=\"1296\" \/>\n\t<meta property=\"og:image:height\" content=\"1616\" \/>\n\t<meta property=\"og:image:type\" content=\"image\/jpeg\" \/>\n<meta name=\"author\" content=\"admin\" \/>\n<meta name=\"twitter:card\" content=\"summary_large_image\" \/>\n<meta name=\"twitter:label1\" content=\"\u041d\u0430\u043f\u0438\u0441\u0430\u043d\u043e \u0430\u0432\u0442\u043e\u0440\u043e\u043c\" \/>\n\t<meta name=\"twitter:data1\" content=\"admin\" \/>\n\t<meta name=\"twitter:label2\" content=\"\u041f\u0440\u0438\u043c\u0435\u0440\u043d\u043e\u0435 \u0432\u0440\u0435\u043c\u044f \u0434\u043b\u044f \u0447\u0442\u0435\u043d\u0438\u044f\" \/>\n\t<meta name=\"twitter:data2\" content=\"15 \u043c\u0438\u043d\u0443\u0442\" \/>\n<script type=\"application\/ld+json\" class=\"yoast-schema-graph\">{\"@context\":\"https:\\\/\\\/schema.org\",\"@graph\":[{\"@type\":\"Article\",\"@id\":\"https:\\\/\\\/vendeto.am\\\/?p=33218#article\",\"isPartOf\":{\"@id\":\"https:\\\/\\\/vendeto.am\\\/?p=33218\"},\"author\":{\"name\":\"admin\",\"@id\":\"https:\\\/\\\/vendeto.am\\\/#\\\/schema\\\/person\\\/48a4bd89d2048190ecc61e5ce821bef7\"},\"headline\":\"Se synem jsme nastoupili do letu m\u00e9ho man\u017eela-pilota, abychom ho p\u0159ekvapili \u2013 pak \u0159ekl n\u011bco do reproduktor\u016f a n\u00e1m zmizel \u00fasm\u011bv z tv\u00e1\u0159e\",\"datePublished\":\"2026-09-04T20:18:09+00:00\",\"dateModified\":\"2026-09-04T20:18:11+00:00\",\"mainEntityOfPage\":{\"@id\":\"https:\\\/\\\/vendeto.am\\\/?p=33218\"},\"wordCount\":3516,\"commentCount\":0,\"image\":{\"@id\":\"https:\\\/\\\/vendeto.am\\\/?p=33218#primaryimage\"},\"thumbnailUrl\":\"https:\\\/\\\/vendeto.am\\\/wp-content\\\/uploads\\\/2026\\\/09\\\/airplane_selfie_warm_cabin.jpg\",\"articleSection\":[\"SPORT\"],\"inLanguage\":\"ru-RU\",\"potentialAction\":[{\"@type\":\"CommentAction\",\"name\":\"Comment\",\"target\":[\"https:\\\/\\\/vendeto.am\\\/?p=33218#respond\"]}]},{\"@type\":\"WebPage\",\"@id\":\"https:\\\/\\\/vendeto.am\\\/?p=33218\",\"url\":\"https:\\\/\\\/vendeto.am\\\/?p=33218\",\"name\":\"Se synem jsme nastoupili do letu m\u00e9ho man\u017eela-pilota, abychom ho p\u0159ekvapili \u2013 pak \u0159ekl n\u011bco do reproduktor\u016f a n\u00e1m zmizel \u00fasm\u011bv z tv\u00e1\u0159e -\",\"isPartOf\":{\"@id\":\"https:\\\/\\\/vendeto.am\\\/#website\"},\"primaryImageOfPage\":{\"@id\":\"https:\\\/\\\/vendeto.am\\\/?p=33218#primaryimage\"},\"image\":{\"@id\":\"https:\\\/\\\/vendeto.am\\\/?p=33218#primaryimage\"},\"thumbnailUrl\":\"https:\\\/\\\/vendeto.am\\\/wp-content\\\/uploads\\\/2026\\\/09\\\/airplane_selfie_warm_cabin.jpg\",\"datePublished\":\"2026-09-04T20:18:09+00:00\",\"dateModified\":\"2026-09-04T20:18:11+00:00\",\"author\":{\"@id\":\"https:\\\/\\\/vendeto.am\\\/#\\\/schema\\\/person\\\/48a4bd89d2048190ecc61e5ce821bef7\"},\"breadcrumb\":{\"@id\":\"https:\\\/\\\/vendeto.am\\\/?p=33218#breadcrumb\"},\"inLanguage\":\"ru-RU\",\"potentialAction\":[{\"@type\":\"ReadAction\",\"target\":[\"https:\\\/\\\/vendeto.am\\\/?p=33218\"]}]},{\"@type\":\"ImageObject\",\"inLanguage\":\"ru-RU\",\"@id\":\"https:\\\/\\\/vendeto.am\\\/?p=33218#primaryimage\",\"url\":\"https:\\\/\\\/vendeto.am\\\/wp-content\\\/uploads\\\/2026\\\/09\\\/airplane_selfie_warm_cabin.jpg\",\"contentUrl\":\"https:\\\/\\\/vendeto.am\\\/wp-content\\\/uploads\\\/2026\\\/09\\\/airplane_selfie_warm_cabin.jpg\",\"width\":1296,\"height\":1616},{\"@type\":\"BreadcrumbList\",\"@id\":\"https:\\\/\\\/vendeto.am\\\/?p=33218#breadcrumb\",\"itemListElement\":[{\"@type\":\"ListItem\",\"position\":1,\"name\":\"\u0413\u043b\u0430\u0432\u043d\u0430\u044f \u0441\u0442\u0440\u0430\u043d\u0438\u0446\u0430\",\"item\":\"https:\\\/\\\/vendeto.am\\\/\"},{\"@type\":\"ListItem\",\"position\":2,\"name\":\"Se synem jsme nastoupili do letu m\u00e9ho man\u017eela-pilota, abychom ho p\u0159ekvapili \u2013 pak \u0159ekl n\u011bco do reproduktor\u016f a n\u00e1m zmizel \u00fasm\u011bv z tv\u00e1\u0159e\"}]},{\"@type\":\"WebSite\",\"@id\":\"https:\\\/\\\/vendeto.am\\\/#website\",\"url\":\"https:\\\/\\\/vendeto.am\\\/\",\"name\":\"\",\"description\":\"\",\"potentialAction\":[{\"@type\":\"SearchAction\",\"target\":{\"@type\":\"EntryPoint\",\"urlTemplate\":\"https:\\\/\\\/vendeto.am\\\/?s={search_term_string}\"},\"query-input\":{\"@type\":\"PropertyValueSpecification\",\"valueRequired\":true,\"valueName\":\"search_term_string\"}}],\"inLanguage\":\"ru-RU\"},{\"@type\":\"Person\",\"@id\":\"https:\\\/\\\/vendeto.am\\\/#\\\/schema\\\/person\\\/48a4bd89d2048190ecc61e5ce821bef7\",\"name\":\"admin\",\"image\":{\"@type\":\"ImageObject\",\"inLanguage\":\"ru-RU\",\"@id\":\"https:\\\/\\\/secure.gravatar.com\\\/avatar\\\/df64e550a0653b7be0f1bcf897f33faad9c2c8153472b2d9319beafb51370f6f?s=96&d=mm&r=g\",\"url\":\"https:\\\/\\\/secure.gravatar.com\\\/avatar\\\/df64e550a0653b7be0f1bcf897f33faad9c2c8153472b2d9319beafb51370f6f?s=96&d=mm&r=g\",\"contentUrl\":\"https:\\\/\\\/secure.gravatar.com\\\/avatar\\\/df64e550a0653b7be0f1bcf897f33faad9c2c8153472b2d9319beafb51370f6f?s=96&d=mm&r=g\",\"caption\":\"admin\"},\"sameAs\":[\"http:\\\/\\\/vendeto.am\"]}]}<\/script>\n<!-- \/ Yoast SEO plugin. -->","yoast_head_json":{"title":"Se synem jsme nastoupili do letu m\u00e9ho man\u017eela-pilota, abychom ho p\u0159ekvapili \u2013 pak \u0159ekl n\u011bco do reproduktor\u016f a n\u00e1m zmizel \u00fasm\u011bv z tv\u00e1\u0159e -","robots":{"index":"index","follow":"follow","max-snippet":"max-snippet:-1","max-image-preview":"max-image-preview:large","max-video-preview":"max-video-preview:-1"},"canonical":"https:\/\/vendeto.am\/?p=33218","og_locale":"ru_RU","og_type":"article","og_title":"Se synem jsme nastoupili do letu m\u00e9ho man\u017eela-pilota, abychom ho p\u0159ekvapili \u2013 pak \u0159ekl n\u011bco do reproduktor\u016f a n\u00e1m zmizel \u00fasm\u011bv z tv\u00e1\u0159e -","og_description":"Cel\u00e9 dopoledne jsem se sna\u017eila za\u0159\u00eddit, aby si n\u00e1s man\u017eel na leti\u0161ti nev\u0161iml.M\u016fj sedmilet\u00fd syn a j\u00e1 jsme si tajn\u011b koupili letenky na","og_url":"https:\/\/vendeto.am\/?p=33218","article_published_time":"2026-09-04T20:18:09+00:00","article_modified_time":"2026-09-04T20:18:11+00:00","og_image":[{"width":1296,"height":1616,"url":"https:\/\/vendeto.am\/wp-content\/uploads\/2026\/09\/airplane_selfie_warm_cabin.jpg","type":"image\/jpeg"}],"author":"admin","twitter_card":"summary_large_image","twitter_misc":{"\u041d\u0430\u043f\u0438\u0441\u0430\u043d\u043e \u0430\u0432\u0442\u043e\u0440\u043e\u043c":"admin","\u041f\u0440\u0438\u043c\u0435\u0440\u043d\u043e\u0435 \u0432\u0440\u0435\u043c\u044f \u0434\u043b\u044f \u0447\u0442\u0435\u043d\u0438\u044f":"15 \u043c\u0438\u043d\u0443\u0442"},"schema":{"@context":"https:\/\/schema.org","@graph":[{"@type":"Article","@id":"https:\/\/vendeto.am\/?p=33218#article","isPartOf":{"@id":"https:\/\/vendeto.am\/?p=33218"},"author":{"name":"admin","@id":"https:\/\/vendeto.am\/#\/schema\/person\/48a4bd89d2048190ecc61e5ce821bef7"},"headline":"Se synem jsme nastoupili do letu m\u00e9ho man\u017eela-pilota, abychom ho p\u0159ekvapili \u2013 pak \u0159ekl n\u011bco do reproduktor\u016f a n\u00e1m zmizel \u00fasm\u011bv z tv\u00e1\u0159e","datePublished":"2026-09-04T20:18:09+00:00","dateModified":"2026-09-04T20:18:11+00:00","mainEntityOfPage":{"@id":"https:\/\/vendeto.am\/?p=33218"},"wordCount":3516,"commentCount":0,"image":{"@id":"https:\/\/vendeto.am\/?p=33218#primaryimage"},"thumbnailUrl":"https:\/\/vendeto.am\/wp-content\/uploads\/2026\/09\/airplane_selfie_warm_cabin.jpg","articleSection":["SPORT"],"inLanguage":"ru-RU","potentialAction":[{"@type":"CommentAction","name":"Comment","target":["https:\/\/vendeto.am\/?p=33218#respond"]}]},{"@type":"WebPage","@id":"https:\/\/vendeto.am\/?p=33218","url":"https:\/\/vendeto.am\/?p=33218","name":"Se synem jsme nastoupili do letu m\u00e9ho man\u017eela-pilota, abychom ho p\u0159ekvapili \u2013 pak \u0159ekl n\u011bco do reproduktor\u016f a n\u00e1m zmizel \u00fasm\u011bv z tv\u00e1\u0159e -","isPartOf":{"@id":"https:\/\/vendeto.am\/#website"},"primaryImageOfPage":{"@id":"https:\/\/vendeto.am\/?p=33218#primaryimage"},"image":{"@id":"https:\/\/vendeto.am\/?p=33218#primaryimage"},"thumbnailUrl":"https:\/\/vendeto.am\/wp-content\/uploads\/2026\/09\/airplane_selfie_warm_cabin.jpg","datePublished":"2026-09-04T20:18:09+00:00","dateModified":"2026-09-04T20:18:11+00:00","author":{"@id":"https:\/\/vendeto.am\/#\/schema\/person\/48a4bd89d2048190ecc61e5ce821bef7"},"breadcrumb":{"@id":"https:\/\/vendeto.am\/?p=33218#breadcrumb"},"inLanguage":"ru-RU","potentialAction":[{"@type":"ReadAction","target":["https:\/\/vendeto.am\/?p=33218"]}]},{"@type":"ImageObject","inLanguage":"ru-RU","@id":"https:\/\/vendeto.am\/?p=33218#primaryimage","url":"https:\/\/vendeto.am\/wp-content\/uploads\/2026\/09\/airplane_selfie_warm_cabin.jpg","contentUrl":"https:\/\/vendeto.am\/wp-content\/uploads\/2026\/09\/airplane_selfie_warm_cabin.jpg","width":1296,"height":1616},{"@type":"BreadcrumbList","@id":"https:\/\/vendeto.am\/?p=33218#breadcrumb","itemListElement":[{"@type":"ListItem","position":1,"name":"\u0413\u043b\u0430\u0432\u043d\u0430\u044f \u0441\u0442\u0440\u0430\u043d\u0438\u0446\u0430","item":"https:\/\/vendeto.am\/"},{"@type":"ListItem","position":2,"name":"Se synem jsme nastoupili do letu m\u00e9ho man\u017eela-pilota, abychom ho p\u0159ekvapili \u2013 pak \u0159ekl n\u011bco do reproduktor\u016f a n\u00e1m zmizel \u00fasm\u011bv z tv\u00e1\u0159e"}]},{"@type":"WebSite","@id":"https:\/\/vendeto.am\/#website","url":"https:\/\/vendeto.am\/","name":"","description":"","potentialAction":[{"@type":"SearchAction","target":{"@type":"EntryPoint","urlTemplate":"https:\/\/vendeto.am\/?s={search_term_string}"},"query-input":{"@type":"PropertyValueSpecification","valueRequired":true,"valueName":"search_term_string"}}],"inLanguage":"ru-RU"},{"@type":"Person","@id":"https:\/\/vendeto.am\/#\/schema\/person\/48a4bd89d2048190ecc61e5ce821bef7","name":"admin","image":{"@type":"ImageObject","inLanguage":"ru-RU","@id":"https:\/\/secure.gravatar.com\/avatar\/df64e550a0653b7be0f1bcf897f33faad9c2c8153472b2d9319beafb51370f6f?s=96&d=mm&r=g","url":"https:\/\/secure.gravatar.com\/avatar\/df64e550a0653b7be0f1bcf897f33faad9c2c8153472b2d9319beafb51370f6f?s=96&d=mm&r=g","contentUrl":"https:\/\/secure.gravatar.com\/avatar\/df64e550a0653b7be0f1bcf897f33faad9c2c8153472b2d9319beafb51370f6f?s=96&d=mm&r=g","caption":"admin"},"sameAs":["http:\/\/vendeto.am"]}]}},"_links":{"self":[{"href":"https:\/\/vendeto.am\/index.php?rest_route=\/wp\/v2\/posts\/33218","targetHints":{"allow":["GET"]}}],"collection":[{"href":"https:\/\/vendeto.am\/index.php?rest_route=\/wp\/v2\/posts"}],"about":[{"href":"https:\/\/vendeto.am\/index.php?rest_route=\/wp\/v2\/types\/post"}],"author":[{"embeddable":true,"href":"https:\/\/vendeto.am\/index.php?rest_route=\/wp\/v2\/users\/1"}],"replies":[{"embeddable":true,"href":"https:\/\/vendeto.am\/index.php?rest_route=%2Fwp%2Fv2%2Fcomments&post=33218"}],"version-history":[{"count":1,"href":"https:\/\/vendeto.am\/index.php?rest_route=\/wp\/v2\/posts\/33218\/revisions"}],"predecessor-version":[{"id":33220,"href":"https:\/\/vendeto.am\/index.php?rest_route=\/wp\/v2\/posts\/33218\/revisions\/33220"}],"wp:featuredmedia":[{"embeddable":true,"href":"https:\/\/vendeto.am\/index.php?rest_route=\/wp\/v2\/media\/33219"}],"wp:attachment":[{"href":"https:\/\/vendeto.am\/index.php?rest_route=%2Fwp%2Fv2%2Fmedia&parent=33218"}],"wp:term":[{"taxonomy":"category","embeddable":true,"href":"https:\/\/vendeto.am\/index.php?rest_route=%2Fwp%2Fv2%2Fcategories&post=33218"},{"taxonomy":"post_tag","embeddable":true,"href":"https:\/\/vendeto.am\/index.php?rest_route=%2Fwp%2Fv2%2Ftags&post=33218"}],"curies":[{"name":"wp","href":"https:\/\/api.w.org\/{rel}","templated":true}]}}