{"id":33224,"date":"2026-09-05T08:19:19","date_gmt":"2026-09-05T05:19:19","guid":{"rendered":"https:\/\/vendeto.am\/?p=33224"},"modified":"2026-09-05T08:19:22","modified_gmt":"2026-09-05T05:19:22","slug":"rodice-prepsali-vsechny-tri-rodinne-domy-na-meho-bratra-a-rekli-mi-dcery-se-vdavaji-a-odchazeji-on-je-ten-kdo-nese-nase-jmeno-podepsala-jsem-papiry-bez-jedineho-protestu-prodala","status":"publish","type":"post","link":"https:\/\/vendeto.am\/?p=33224","title":{"rendered":"Rodi\u010de p\u0159epsali v\u0161echny t\u0159i rodinn\u00e9 domy na m\u00e9ho bratra a \u0159ekli mi: \u201eDcery se vd\u00e1vaj\u00ed a odch\u00e1zej\u00ed. On je ten, kdo nese na\u0161e jm\u00e9no.\u201c Podepsala jsem pap\u00edry bez jedin\u00e9ho protestu, prodala v\u0161echno, co jsem vlastnila, a odst\u011bhovala se do Kanady."},"content":{"rendered":"\n<p class=\"wp-block-paragraph\">Podruh\u00e9 p\u0159isunula p\u0159es j\u00eddeln\u00ed st\u016fl t\u0159i listiny k nemovitostem.<\/p>\n\n\n\n<p class=\"wp-block-paragraph\">\u201eDcery se vd\u00e1vaj\u00ed a odch\u00e1zej\u00ed. Daniel ponese na\u0161e jm\u00e9no.\u201c<\/p>\n\n\n\n<p class=\"wp-block-paragraph\">Z\u00edrala jsem na dokumenty.<\/p>\n\n\n\n<p class=\"wp-block-paragraph\">T\u0159i domy.<\/p>\n\n\n\n<p class=\"wp-block-paragraph\">Dvoupatrov\u00fd d\u016fm z \u010derven\u00fdch cihel, kter\u00fd postavil m\u016fj d\u011bde\u010dek.<\/p>\n\n\n\n<p class=\"wp-block-paragraph\">D\u016fm u jezera, kter\u00fd t\u00e1ta zrekonstruoval \u010d\u00e1ste\u010dn\u011b z pen\u011bz, kter\u00e9 jsem mu potaj\u00ed p\u016fj\u010dila.<\/p>\n\n\n\n<p class=\"wp-block-paragraph\">A \u0159adov\u00fd d\u016fm v centru m\u011bsta, o kter\u00fd jsem se dva roky starala, opravovala ho a refinancovala, zat\u00edmco Daniel p\u0159eb\u00edhal od jedn\u00e9 \u201epodnikatelsk\u00e9 p\u0159\u00edle\u017eitosti\u201c ke druh\u00e9 \u2014 a od jedn\u00e9 drah\u00e9 p\u0159\u00edtelkyn\u011b k dal\u0161\u00ed.<\/p>\n\n\n\n<p class=\"wp-block-paragraph\">T\u00e1ta si zalo\u017eil ruce.<\/p>\n\n\n\n<p class=\"wp-block-paragraph\">\u201eNed\u011blej z toho citovou z\u00e1le\u017eitost, Claire.\u201c<\/p>\n\n\n\n<p class=\"wp-block-paragraph\">Daniel se op\u0159el v k\u0159esle a usm\u00e1l se.<\/p>\n\n\n\n<figure class=\"wp-block-image is-resized\"><img decoding=\"async\" src=\"https:\/\/chexia.info\/wp-content\/uploads\/2026\/09\/paris_dawn_dining-848x1024.jpg\" alt=\"\" class=\"wp-image-10194\" style=\"aspect-ratio:0.828125;width:848px;height:auto\"\/><\/figure>\n\n\n\n<p class=\"wp-block-paragraph\">\u201eStejn\u011b si vezme\u0161 n\u011bjak\u00e9ho Kana\u010fana a na tohle v\u0161echno zapomene\u0161.\u201c<\/p>\n\n\n\n<p class=\"wp-block-paragraph\">M\u00e1lem jsem se zasm\u00e1la.<\/p>\n\n\n\n<p class=\"wp-block-paragraph\">\u0160est let jsem spravovala rodinn\u00e9 finance. Znala jsem ka\u017edou v\u00fd\u0161i hypot\u00e9ky, ka\u017edou zaplacenou da\u0148, ka\u017ed\u00fd opo\u017ed\u011bn\u00fd \u00fa\u010det, kter\u00fd Daniel zp\u016fsobil, i ka\u017ed\u00fd dokument, kter\u00fd t\u00e1ta podepsal, ani\u017e by si ho po\u0159\u00e1dn\u011b p\u0159e\u010detl.<\/p>\n\n\n\n<p class=\"wp-block-paragraph\">Na co v\u0161ak v\u0161ichni z\u0159ejm\u011b zapomn\u011bli, bylo to, \u017ee p\u0159ed dv\u011bma lety, kdy\u017e t\u00e1tova stavebn\u00ed firma t\u00e9m\u011b\u0159 zkrachovala, jsem ji zachr\u00e1nila soukromou p\u016fj\u010dkou ve v\u00fd\u0161i 180 000 dolar\u016f.<\/p>\n\n\n\n<p class=\"wp-block-paragraph\">Smlouvu sepsal pr\u00e1vn\u00edk.<\/p>\n\n\n\n<p class=\"wp-block-paragraph\">Byla not\u00e1\u0159sky ov\u011b\u0159en\u00e1.<\/p>\n\n\n\n<p class=\"wp-block-paragraph\">A p\u016fj\u010dka byla zaji\u0161t\u011bn\u00e1 v\u0161emi t\u0159emi rodinn\u00fdmi nemovitostmi.<\/p>\n\n\n\n<p class=\"wp-block-paragraph\">Rodi\u010de to odm\u00e1vli jako \u201edo\u010dasn\u00e9 pap\u00edrov\u00e1n\u00ed\u201c.<\/p>\n\n\n\n<p class=\"wp-block-paragraph\">J\u00e1 to pova\u017eovala za ochranu.<\/p>\n\n\n\n<p class=\"wp-block-paragraph\">Tak\u017ee jsem dokumenty o p\u0159evodu podepsala bez jedin\u00e9ho protestu.<\/p>\n\n\n\n<p class=\"wp-block-paragraph\">M\u00e1ma se viditeln\u011b uvolnila.<\/p>\n\n\n\n<p class=\"wp-block-paragraph\">Daniel vypadal, jako by pr\u00e1v\u011b vyhr\u00e1l.<\/p>\n\n\n\n<p class=\"wp-block-paragraph\">\u201eTak je to spr\u00e1vn\u011b,\u201c \u0159ekl t\u00e1ta. \u201eRodina by se kv\u016fli pen\u011bz\u016fm nem\u011bla h\u00e1dat.\u201c<\/p>\n\n\n\n<p class=\"wp-block-paragraph\">Sebrala jsem sv\u00e9 kopie a vstala.<\/p>\n\n\n\n<p class=\"wp-block-paragraph\">Daniel zvedl sklenici.<\/p>\n\n\n\n<p class=\"wp-block-paragraph\">\u201e\u017d\u00e1dn\u00e1 z\u00e1\u0161\u0165, s\u00e9gra?\u201c<\/p>\n\n\n\n<p class=\"wp-block-paragraph\">\u201e\u017d\u00e1dn\u00e1,\u201c odpov\u011bd\u011bla jsem.<\/p>\n\n\n\n<p class=\"wp-block-paragraph\">Tu noc jsem prodala auto, zav\u0159ela sv\u016fj mal\u00fd poradensk\u00fd podnik, zabalila v\u0161echno, co jsem cht\u011bla, do osmi krabic a p\u0159ijala m\u00edsto v oblasti finan\u010dn\u00edho compliance v Torontu.<\/p>\n\n\n\n<p class=\"wp-block-paragraph\">Kdy\u017e jsem zav\u00edrala kufr, vzpomn\u011bla jsem si na roky narozenin, kdy Daniel dost\u00e1val pen\u00edze na investice, zat\u00edmco j\u00e1 dost\u00e1vala rady, abych si na\u0161la man\u017eela.<\/p>\n\n\n\n<p class=\"wp-block-paragraph\">Ale u\u017e jsem nebyla na\u0161tvan\u00e1.<\/p>\n\n\n\n<p class=\"wp-block-paragraph\">Ten vztek se s\u00e1m vy\u010derpal.<\/p>\n\n\n\n<p class=\"wp-block-paragraph\">Z\u016fstalo jen n\u011bco mnohem chladn\u011bj\u0161\u00edho \u2014 rozhodnut\u00ed p\u0159estat financovat lidi, kte\u0159\u00ed si m\u00e9 ob\u011bti spletli se slabost\u00ed.<\/p>\n\n\n\n<p class=\"wp-block-paragraph\">P\u0159ed odletem jsem se setkala se svou pr\u00e1vni\u010dkou Melissou Grantovou.<\/p>\n\n\n\n<p class=\"wp-block-paragraph\">\u201eJakmile budou p\u0159evody vlastnick\u00fdch pr\u00e1v zaregistrovan\u00e9,\u201c vysv\u011btlila mi, \u201etv\u00e9 z\u00e1stavn\u00ed pr\u00e1vo z\u016fstane k nemovitostem p\u0159ipojen\u00e9. Pokud Daniel nespln\u00ed z\u00e1vazky vypl\u00fdvaj\u00edc\u00ed z t\u00e9 p\u016fj\u010dky, m\u016f\u017ee\u0161 ho pr\u00e1vn\u011b vym\u00e1hat.\u201c<\/p>\n\n\n\n<p class=\"wp-block-paragraph\">\u201eSpln\u00ed,\u201c \u0159ekla jsem.<\/p>\n\n\n\n<p class=\"wp-block-paragraph\">Melissa si m\u011b prohl\u00e9dla.<\/p>\n\n\n\n<p class=\"wp-block-paragraph\">\u201eZn\u00ed\u0161 si velmi jist\u011b.\u201c<\/p>\n\n\n\n<p class=\"wp-block-paragraph\">Pomyslela jsem na Danielovo pronajat\u00e9 Porsche, jeho aplikace na hazardn\u00ed hry a jeho zvyk p\u016fj\u010dovat si pen\u00edze dnes proti pen\u011bz\u016fm, kter\u00e9 o\u010dek\u00e1val a\u017e z\u00edtra.<\/p>\n\n\n\n<p class=\"wp-block-paragraph\">\u201eMysl\u00ed si, \u017ee domy jsou pen\u00edze,\u201c \u0159ekla jsem. \u201eNerozum\u00ed tomu, \u017ee domy mohou b\u00fdt tak\u00e9 dluh.\u201c<\/p>\n\n\n\n<p class=\"wp-block-paragraph\">T\u0159i m\u011bs\u00edce pot\u00e9, co jsem se p\u0159est\u011bhovala do Toronta, Daniel zve\u0159ejnil fotografie z domu u jezera.<\/p>\n\n\n\n<p class=\"wp-block-paragraph\">\u0160ampa\u0148sk\u00e9.<\/p>\n\n\n\n<p class=\"wp-block-paragraph\">Motorov\u00fd \u010dlun.<\/p>\n\n\n\n<p class=\"wp-block-paragraph\">Dvan\u00e1ct host\u016f.<\/p>\n\n\n\n<p class=\"wp-block-paragraph\">Jeho popisek zn\u011bl:<\/p>\n\n\n\n<p class=\"wp-block-paragraph\"><strong>KR\u00c1L RODINY.<\/strong><\/p>\n\n\n\n<p class=\"wp-block-paragraph\">M\u00e1ma odpov\u011bd\u011bla t\u0159emi emoji korunek.<\/p>\n\n\n\n<p class=\"wp-block-paragraph\">Pod\u00edvala jsem se z okna na panorama Toronta, zav\u0159ela aplikaci a vr\u00e1tila se k pr\u00e1ci.<\/p>\n\n\n\n<p class=\"wp-block-paragraph\">Proto\u017ee jsem u\u017e v\u011bd\u011bla n\u011bco, co oni nev\u011bd\u011bli.<\/p>\n\n\n\n<h1 class=\"wp-block-heading\"><strong>Daniel si p\u016fj\u010dil dal\u0161\u00ed pen\u00edze proti nemovitostem, kter\u00e9 ve skute\u010dnosti nikdy nebyly zcela bez z\u00e1vazk\u016f.<\/strong><\/h1>\n\n\n\n<p class=\"wp-block-paragraph\">V \u0159\u00edjnu Daniel prom\u011bnil sv\u00e9 d\u011bdictv\u00ed v ok\u00e1zalou show.<\/p>\n\n\n\n<p class=\"wp-block-paragraph\">Refinancoval \u0159adov\u00fd d\u016fm, aby mohl se star\u00fdm spolu\u017e\u00e1kem zalo\u017eit luxusn\u00ed autosalon.<\/p>\n\n\n\n<p class=\"wp-block-paragraph\">P\u016fj\u010dil si pen\u00edze proti domu z \u010derven\u00fdch cihel, aby zrekonstruoval d\u016fm u jezera.<\/p>\n\n\n\n<p class=\"wp-block-paragraph\">Pak p\u0159esv\u011bd\u010dil m\u00e1mu a t\u00e1tu, aby ru\u010dili za kr\u00e1tkodob\u00fd podnikatelsk\u00fd \u00fav\u011br, proto\u017ee podle n\u011bj \u201enemovitost vyd\u011bl\u00e1v\u00e1 pen\u00edze pouze tehdy, kdy\u017e ji zadlu\u017e\u00ed\u0161\u201c.<\/p>\n\n\n\n<p class=\"wp-block-paragraph\">Ka\u017ed\u00fd t\u00fdden soci\u00e1ln\u00ed s\u00edt\u011b ukazovaly dal\u0161\u00ed \u00fadajn\u00e9 v\u00edt\u011bzstv\u00ed.<\/p>\n\n\n\n<p class=\"wp-block-paragraph\">Nov\u00e9 hodinky.<\/p>\n\n\n\n<p class=\"wp-block-paragraph\">Drah\u00e9 steaky v restaurac\u00edch.<\/p>\n\n\n\n<p class=\"wp-block-paragraph\">Kancel\u00e1\u0159 se sklen\u011bn\u00fdmi st\u011bnami a n\u00e1pisem&nbsp;<strong>DANIEL PARKER HOLDINGS<\/strong>&nbsp;na dve\u0159\u00edch.<\/p>\n\n\n\n<p class=\"wp-block-paragraph\">M\u00e1ma mi d\u00e1l pos\u00edlala screenshoty.<\/p>\n\n\n\n<p class=\"wp-block-paragraph\">\u201eVid\u00ed\u0161? Tv\u016fj bratr buduje n\u011bco skute\u010dn\u00e9ho.\u201c<\/p>\n\n\n\n<p class=\"wp-block-paragraph\">Nikdy jsem neodpov\u011bd\u011bla.<\/p>\n\n\n\n<p class=\"wp-block-paragraph\">V Torontu jsem tr\u00e1vila dny kontrolou firemn\u00edch rizik, sledov\u00e1n\u00edm finan\u010dn\u00edch z\u00e1vazk\u016f a odhalov\u00e1n\u00edm lid\u00ed, kte\u0159\u00ed s vlastn\u00edmi smlouvami zach\u00e1zeli, jako by byly bezcenn\u00fdmi kusy pap\u00edru.<\/p>\n\n\n\n<p class=\"wp-block-paragraph\">Ve\u010der mi Melissa pos\u00edlala ve\u0159ejn\u00e9 dokumenty z domova.<\/p>\n\n\n\n<p class=\"wp-block-paragraph\">Daniel nezaplatil prvn\u00ed spl\u00e1tku spojenou s mou zaji\u0161t\u011bnou p\u016fj\u010dkou.<\/p>\n\n\n\n<p class=\"wp-block-paragraph\">Pak nezaplatil ani druhou.<\/p>\n\n\n\n<p class=\"wp-block-paragraph\">Podle smlouvy tyto nezaplacen\u00e9 spl\u00e1tky znamenaly poru\u0161en\u00ed podm\u00ednek.<\/p>\n\n\n\n<p class=\"wp-block-paragraph\">Cel\u00fd z\u016fstatek se okam\u017eit\u011b stal splatn\u00fdm, v\u010detn\u011b \u00farok\u016f a pr\u00e1vn\u00edch n\u00e1klad\u016f.<\/p>\n\n\n\n<p class=\"wp-block-paragraph\">Melissa mi zavolala.<\/p>\n\n\n\n<p class=\"wp-block-paragraph\">\u201eM\u016f\u017eeme te\u010f vydat ofici\u00e1ln\u00ed ozn\u00e1men\u00ed.\u201c<\/p>\n\n\n\n<p class=\"wp-block-paragraph\">\u201eUd\u011blej to.\u201c<\/p>\n\n\n\n<p class=\"wp-block-paragraph\">Daniel dostal ozn\u00e1men\u00ed v \u00fater\u00fd.<\/p>\n\n\n\n<p class=\"wp-block-paragraph\">Volal mi t\u0159iadvacetkr\u00e1t.<\/p>\n\n\n\n<p class=\"wp-block-paragraph\">Na \u010dty\u0159iadvac\u00e1t\u00fd hovor jsem to zvedla.<\/p>\n\n\n\n<p class=\"wp-block-paragraph\">\u201eCo to sakra je?\u201c za\u0159val.<\/p>\n\n\n\n<p class=\"wp-block-paragraph\">\u201eOzn\u00e1men\u00ed o nespl\u00e1cen\u00ed.\u201c<\/p>\n\n\n\n<p class=\"wp-block-paragraph\">\u201eTy jsi mi ty domy p\u0159epsala!\u201c<\/p>\n\n\n\n<p class=\"wp-block-paragraph\">\u201eVzdala jsem se sv\u00e9ho vlastnick\u00e9ho n\u00e1roku. Nikdy jsem ale neodpustila dluh, kter\u00fd byl t\u011bmi nemovitostmi zaji\u0161t\u011bn\u00fd.\u201c<\/p>\n\n\n\n<p class=\"wp-block-paragraph\">Ticho.<\/p>\n\n\n\n<p class=\"wp-block-paragraph\">Pak se zasm\u00e1l \u2014 a\u017e p\u0159\u00edli\u0161 hlasit\u011b.<\/p>\n\n\n\n<p class=\"wp-block-paragraph\">\u201eT\u00e1ta \u0159\u00edkal, \u017ee ta star\u00e1 p\u016fj\u010dka byly rodinn\u00e9 pen\u00edze.\u201c<\/p>\n\n\n\n<p class=\"wp-block-paragraph\">\u201eT\u00e1ta podepsal zaji\u0161t\u011bnou sm\u011bnku.\u201c<\/p>\n\n\n\n<p class=\"wp-block-paragraph\">\u201eTy bys p\u0159ece nevzala domy vlastn\u00ed rodin\u011b.\u201c<\/p>\n\n\n\n<p class=\"wp-block-paragraph\">\u201eJsou to tvoje domy, pamatuje\u0161?\u201c<\/p>\n\n\n\n<p class=\"wp-block-paragraph\">Zav\u011bsil.<\/p>\n\n\n\n<p class=\"wp-block-paragraph\">To ho m\u011blo vyd\u011bsit.<\/p>\n\n\n\n<p class=\"wp-block-paragraph\">M\u00edsto toho ho jeho arogance p\u0159im\u011bla jednat je\u0161t\u011b bezohledn\u011bji.<\/p>\n\n\n\n<p class=\"wp-block-paragraph\">Daniel p\u0159esunul pen\u00edze z autosalonu, provedl jednu \u010d\u00e1ste\u010dnou spl\u00e1tku a pak p\u0159estal znovu platit.<\/p>\n\n\n\n<p class=\"wp-block-paragraph\">Je\u0161t\u011b hor\u0161\u00ed bylo, \u017ee Melissa zjistila, \u017ee p\u0159edlo\u017eil finan\u010dn\u00ed dokumenty, v nich\u017e tvrdil, \u017ee na nemovitostech nejsou \u017e\u00e1dn\u00e1 existuj\u00edc\u00ed soukrom\u00e1 z\u00e1stavn\u00ed pr\u00e1va.<\/p>\n\n\n\n<p class=\"wp-block-paragraph\">Kdy\u017e pr\u00e1vn\u00edci v\u011b\u0159itele zkontrolovali z\u00e1znamy, na\u0161li m\u00e9 registrovan\u00e9 z\u00e1stavn\u00ed pr\u00e1vo.<\/p>\n\n\n\n<p class=\"wp-block-paragraph\">Financov\u00e1n\u00ed autosalonu se t\u00e9m\u011b\u0159 p\u0159es noc zastavilo.<\/p>\n\n\n\n<p class=\"wp-block-paragraph\">Daniel\u016fv obchodn\u00ed partner ode\u0161el.<\/p>\n\n\n\n<p class=\"wp-block-paragraph\">Porsche zmizelo z Instagramu.<\/p>\n\n\n\n<p class=\"wp-block-paragraph\">Pak mi zavolal t\u00e1ta.<\/p>\n\n\n\n<p class=\"wp-block-paragraph\">\u201ePon\u00ed\u017eila jsi sv\u00e9ho bratra.\u201c<\/p>\n\n\n\n<p class=\"wp-block-paragraph\">\u201ePon\u00ed\u017eil se s\u00e1m.\u201c<\/p>\n\n\n\n<p class=\"wp-block-paragraph\">\u201eV\u011bd\u011bla jsi, \u017ee se to stane.\u201c<\/p>\n\n\n\n<p class=\"wp-block-paragraph\">\u201eV\u011bd\u011bla jsem, co stoj\u00ed ve smlouv\u00e1ch. Daniel se s\u00e1m rozhodl, co s nimi ud\u011bl\u00e1.\u201c<\/p>\n\n\n\n<p class=\"wp-block-paragraph\">T\u00e1ta p\u0159itvrdil.<\/p>\n\n\n\n<p class=\"wp-block-paragraph\">\u201eZru\u0161 to z\u00e1stavn\u00ed pr\u00e1vo.\u201c<\/p>\n\n\n\n<p class=\"wp-block-paragraph\">\u201eNe.\u201c<\/p>\n\n\n\n<p class=\"wp-block-paragraph\">\u201eDlu\u017e\u00ed\u0161 t\u00e9to rodin\u011b.\u201c<\/p>\n\n\n\n<p class=\"wp-block-paragraph\">M\u00e1lem jsem obdivovala absurditu t\u00e9 v\u011bty.<\/p>\n\n\n\n<p class=\"wp-block-paragraph\">P\u016fj\u010dila jsem jim 180 000 dolar\u016f, kdy\u017e t\u00e1tovi zam\u011bstnanci byli jen n\u011bkolik t\u00fddn\u016f od toho, aby p\u0159i\u0161li o pr\u00e1ci.<\/p>\n\n\n\n<p class=\"wp-block-paragraph\">Spravovala jsem rodinn\u00e9 pronaj\u00edman\u00e9 nemovitosti, ani\u017e bych za to dost\u00e1vala zaplaceno.<\/p>\n\n\n\n<p class=\"wp-block-paragraph\">Platila jsem m\u00e1miny dan\u011b z nemovitosti, kdy\u017e se zotavovala po operaci.<\/p>\n\n\n\n<p class=\"wp-block-paragraph\">A p\u0159esto jsem byla st\u00e1le j\u00e1 \u2014 dcera, kter\u00e1 roky v\u0161echny zachra\u0148ovala \u2014 kdo jim podle v\u0161eho n\u011bco dlu\u017eil.<\/p>\n\n\n\n<p class=\"wp-block-paragraph\">Tehdy jsem n\u011bco pochopila.<\/p>\n\n\n\n<p class=\"wp-block-paragraph\">Daniel nikdy skute\u010dn\u011b nev\u011b\u0159il, \u017ee jsem slab\u00e1.<\/p>\n\n\n\n<p class=\"wp-block-paragraph\">Pot\u0159eboval, abych si myslela, \u017ee jsem slab\u00e1.<\/p>\n\n\n\n<p class=\"wp-block-paragraph\">Proto\u017ee sebev\u011bdom\u00e1 Claire by \u010detla ka\u017edou smlouvu, pamatovala si ka\u017ed\u00fd dluh a p\u0159estala po n\u011bm ukl\u00edzet.<\/p>\n\n\n\n<p class=\"wp-block-paragraph\">Melissa mi \u0159ekla, a\u0165 z\u016fstanu trp\u011bliv\u00e1.<\/p>\n\n\n\n<p class=\"wp-block-paragraph\">Proces zabaven\u00ed nemovitost\u00ed za\u010dal, ale Daniel m\u011bl st\u00e1le lh\u016ftu, b\u011bhem n\u00ed\u017e mohl situaci napravit.<\/p>\n\n\n\n<p class=\"wp-block-paragraph\">Mohl si poctiv\u011b refinancovat dluh.<\/p>\n\n\n\n<p class=\"wp-block-paragraph\">Mohl dobrovoln\u011b prodat jednu nemovitost.<\/p>\n\n\n\n<p class=\"wp-block-paragraph\">Mohl splatit mou p\u016fj\u010dku a ochr\u00e1nit zb\u00fdvaj\u00edc\u00ed dva domy.<\/p>\n\n\n\n<p class=\"wp-block-paragraph\">Tyto mo\u017enosti jsem mu poslala p\u00edsemn\u011b.<\/p>\n\n\n\n<p class=\"wp-block-paragraph\">Jeho odpov\u011b\u010f obsahovala \u0161est slov:<\/p>\n\n\n\n<p class=\"wp-block-paragraph\"><strong>NIKDY MI NEVEZME\u0160 TO, CO JE MOJE.<\/strong><\/p>\n\n\n\n<p class=\"wp-block-paragraph\">Tak jsem ho p\u0159estala zachra\u0148ovat.<\/p>\n\n\n\n<p class=\"wp-block-paragraph\">Do r\u00e1na na Den d\u00edk\u016fvzd\u00e1n\u00ed byla na v\u0161echny t\u0159i nemovitosti vyd\u00e1na ozn\u00e1men\u00ed o zah\u00e1jen\u00ed vym\u00e1h\u00e1n\u00ed.<\/p>\n\n\n\n<p class=\"wp-block-paragraph\">A Daniel to st\u00e1le rodi\u010d\u016fm ne\u0159ekl.<\/p>\n\n\n\n<h1 class=\"wp-block-heading\"><strong>Ve\u010der na Den d\u00edk\u016fvzd\u00e1n\u00ed padal za okny m\u00e9ho torontsk\u00e9ho bytu sn\u00edh, kdy\u017e mi zazvonil telefon.<\/strong><\/h1>\n\n\n\n<p class=\"wp-block-paragraph\">M\u00e1ma.<\/p>\n\n\n\n<p class=\"wp-block-paragraph\">P\u0159ijala jsem hovor na hlasit\u00fd odposlech, zat\u00edmco jsem kr\u00e1jela jablka na kol\u00e1\u010d.<\/p>\n\n\n\n<p class=\"wp-block-paragraph\">Jej\u00ed hlas zn\u011bl vesele.<\/p>\n\n\n\n<p class=\"wp-block-paragraph\">\u201eClaire, zlat\u00ed\u010dko. \u0160\u0165astn\u00fd Den d\u00edk\u016fvzd\u00e1n\u00ed.\u201c<\/p>\n\n\n\n<p class=\"wp-block-paragraph\">\u201e\u0160\u0165astn\u00fd Den d\u00edk\u016fvzd\u00e1n\u00ed.\u201c<\/p>\n\n\n\n<p class=\"wp-block-paragraph\">Nastala kr\u00e1tk\u00e1 pauza.<\/p>\n\n\n\n<p class=\"wp-block-paragraph\">Pak prozradila skute\u010dn\u00fd d\u016fvod, pro\u010d vol\u00e1.<\/p>\n\n\n\n<p class=\"wp-block-paragraph\">\u201eTv\u016fj bratr m\u00e1 t\u011b\u017ek\u00fd m\u011bs\u00edc. Po\u0161li mu dnes ve\u010der t\u0159icet tis\u00edc dolar\u016f. Pot\u0159ebuje pomoct s uzav\u0159en\u00edm jedn\u00e9 v\u011bci.\u201c<\/p>\n\n\n\n<p class=\"wp-block-paragraph\">Polo\u017eila jsem n\u016f\u017e.<\/p>\n\n\n\n<p class=\"wp-block-paragraph\">\u201eT\u0159icet tis\u00edc?\u201c<\/p>\n\n\n\n<p class=\"wp-block-paragraph\">\u201eNebu\u010f dramatick\u00e1. M\u00e1\u0161 dobrou pr\u00e1ci. Daniel m\u00e1 te\u010f zodpov\u011bdnost.\u201c<\/p>\n\n\n\n<p class=\"wp-block-paragraph\">Usm\u00e1la jsem se.<\/p>\n\n\n\n<p class=\"wp-block-paragraph\">\u201eNejd\u0159\u00edv se ho zeptej, co se stalo s t\u011bmi t\u0159emi domy.\u201c<\/p>\n\n\n\n<p class=\"wp-block-paragraph\">Ticho.<\/p>\n\n\n\n<p class=\"wp-block-paragraph\">\u201eCo t\u00edm mysl\u00ed\u0161?\u201c<\/p>\n\n\n\n<p class=\"wp-block-paragraph\">V pozad\u00ed jsem sly\u0161ela t\u00e1tu.<\/p>\n\n\n\n<p class=\"wp-block-paragraph\">\u201eCo to \u0159\u00edk\u00e1?\u201c<\/p>\n\n\n\n<p class=\"wp-block-paragraph\">Pak Daniel najednou zak\u0159i\u010del:<\/p>\n\n\n\n<p class=\"wp-block-paragraph\">\u201ePolo\u017e to.\u201c<\/p>\n\n\n\n<p class=\"wp-block-paragraph\">M\u00e1ma ale nezav\u011bsila.<\/p>\n\n\n\n<p class=\"wp-block-paragraph\">Tak jsem j\u00ed to vysv\u011btlila.<\/p>\n\n\n\n<p class=\"wp-block-paragraph\">\u201eNe\u017e jsem odjela, \u0159ekla jsem sv\u00e9 pr\u00e1vni\u010dce, aby neuvolnila zaji\u0161\u0165ovac\u00ed smlouvu, kterou t\u00e1ta podepsal, kdy\u017e jsem t\u00e9to rodin\u011b p\u016fj\u010dila 180 000 dolar\u016f. Ty domy byly z\u00e1stavou. To, \u017ee Daniel dostal jejich vlastnictv\u00ed, nikdy nevymazalo ten dluh. Nespl\u00e1cel ho, lhal v nov\u00fdch dokumentech k financov\u00e1n\u00ed a ignoroval ka\u017edou mo\u017enost, kterou jsem mu dala, aby situaci napravil.\u201c<\/p>\n\n\n\n<p class=\"wp-block-paragraph\">M\u00e1min dech se zm\u011bnil.<\/p>\n\n\n\n<p class=\"wp-block-paragraph\">\u201eDanieli?\u201c<\/p>\n\n\n\n<p class=\"wp-block-paragraph\">\u201eCht\u011bl jsem to vy\u0159e\u0161it,\u201c odsekl.<\/p>\n\n\n\n<p class=\"wp-block-paragraph\">Pokra\u010dovala jsem.<\/p>\n\n\n\n<p class=\"wp-block-paragraph\">\u201eLh\u016fta k n\u00e1prav\u011b vypr\u0161ela v\u010dera. \u0158adov\u00fd d\u016fm se prod\u00e1 jako prvn\u00ed. Z v\u00fdt\u011b\u017eku se splat\u00ed jistina, \u00faroky a pr\u00e1vn\u00ed n\u00e1klady. Pokud to dluh pokryje, vym\u00e1h\u00e1n\u00ed v\u016f\u010di ostatn\u00edm nemovitostem se zastav\u00ed. Pokud ne, p\u0159ijde na \u0159adu d\u016fm z \u010derven\u00fdch cihel nebo d\u016fm u jezera.\u201c<\/p>\n\n\n\n<p class=\"wp-block-paragraph\">T\u00e1ta popadl telefon.<\/p>\n\n\n\n<p class=\"wp-block-paragraph\">\u201eTy jsi to napl\u00e1novala!\u201c<\/p>\n\n\n\n<p class=\"wp-block-paragraph\">\u201eNe. Jen jsem se ochr\u00e1nila. Daniel napl\u00e1noval v\u0161echno, co n\u00e1sledovalo.\u201c<\/p>\n\n\n\n<p class=\"wp-block-paragraph\">\u201eNastra\u017eila jsi past na sv\u00e9ho bratra.\u201c<\/p>\n\n\n\n<p class=\"wp-block-paragraph\">\u201eNab\u00eddla jsem mu mo\u017enost dobrovoln\u011b prodat jednu nemovitost. Odm\u00edtl.\u201c<\/p>\n\n\n\n<p class=\"wp-block-paragraph\">Dal\u0161\u00ed ticho.<\/p>\n\n\n\n<p class=\"wp-block-paragraph\">Pak jsem jim \u0159ekla to, co nakonec \u00fapln\u011b rozbilo jejich sebev\u011bdom\u00ed.<\/p>\n\n\n\n<p class=\"wp-block-paragraph\">\u201e\u0158adov\u00fd d\u016fm u\u017e m\u00e1 kupce.\u201c<\/p>\n\n\n\n<p class=\"wp-block-paragraph\">Daniel vyk\u0159ikl m\u00e9 jm\u00e9no.<\/p>\n\n\n\n<p class=\"wp-block-paragraph\">J\u00e1 hlas nezv\u00fd\u0161ila.<\/p>\n\n\n\n<p class=\"wp-block-paragraph\">\u201eCht\u011bl jsi ty domy, proto\u017ee jsi tvrdil, \u017ee pr\u00e1vo n\u00e9st rodinn\u00e9 jm\u00e9no ti d\u00e1v\u00e1 n\u00e1rok na jejich vlastnictv\u00ed. Dob\u0159e. Dostal jsi vlastnick\u00e9 listiny, dluh, dan\u011b, rizika i n\u00e1sledky. P\u0159esn\u011b to vlastnictv\u00ed znamen\u00e1.\u201c<\/p>\n\n\n\n<p class=\"wp-block-paragraph\">M\u00e1ma se rozplakala.<\/p>\n\n\n\n<p class=\"wp-block-paragraph\">\u201eNi\u010d\u00ed\u0161 na\u0161i rodinu.\u201c<\/p>\n\n\n\n<p class=\"wp-block-paragraph\">\u201eNe,\u201c \u0159ekla jsem. \u201eJ\u00e1 jen kone\u010dn\u011b odm\u00edt\u00e1m ji financovat.\u201c<\/p>\n\n\n\n<p class=\"wp-block-paragraph\">Pak jsem hovor ukon\u010dila.<\/p>\n\n\n\n<p class=\"wp-block-paragraph\">Prodej \u0159adov\u00e9ho domu byl uzav\u0159en o t\u0159i t\u00fddny pozd\u011bji.<\/p>\n\n\n\n<p class=\"wp-block-paragraph\">Moje p\u016fj\u010dka ve v\u00fd\u0161i 180 000 dolar\u016f byla splacena v pln\u00e9 v\u00fd\u0161i, v\u010detn\u011b \u00farok\u016f a pr\u00e1vn\u00edch n\u00e1klad\u016f.<\/p>\n\n\n\n<p class=\"wp-block-paragraph\">Proto\u017ee Daniel sv\u00fdmi dal\u0161\u00edmi p\u016fj\u010dkami vy\u010derpal tolik zb\u00fdvaj\u00edc\u00edho vlastn\u00edho kapit\u00e1lu, musel prodat d\u016fm u jezera, aby splatil dal\u0161\u00edho v\u011b\u0159itele.<\/p>\n\n\n\n<p class=\"wp-block-paragraph\">Autosalon zkrachoval.<\/p>\n\n\n\n<p class=\"wp-block-paragraph\">Jeho b\u00fdval\u00fd obchodn\u00ed partner ho za\u017ealoval kv\u016fli dluh\u016fm, kter\u00e9 Daniel zatajil.<\/p>\n\n\n\n<p class=\"wp-block-paragraph\">T\u00e1ta ode\u0161el z d\u016fchodu, aby pomohl pokr\u00fdt v\u00fddaje dom\u00e1cnosti.<\/p>\n\n\n\n<p class=\"wp-block-paragraph\">D\u016fm z \u010derven\u00fdch cihel se jim poda\u0159ilo udr\u017eet.<\/p>\n\n\n\n<p class=\"wp-block-paragraph\">Jen tak tak.<\/p>\n\n\n\n<p class=\"wp-block-paragraph\">O osm m\u011bs\u00edc\u016f pozd\u011bji jsem si koupila sv\u011btl\u00fd dvoupokojov\u00fd byt s v\u00fdhledem na jezero Ontario \u2014 za pen\u00edze, kter\u00e9 jsem si sama vyd\u011blala, ochr\u00e1nila a k jejich\u017e vlastnictv\u00ed jsem nikdy nepot\u0159ebovala ni\u010d\u00ed svolen\u00ed.<\/p>\n\n\n\n<p class=\"wp-block-paragraph\">\u010casem mi m\u00e1ma poslala zpr\u00e1vu.<\/p>\n\n\n\n<p class=\"wp-block-paragraph\">\u201eChyb\u00ed\u0161 n\u00e1m.\u201c<\/p>\n\n\n\n<p class=\"wp-block-paragraph\">Odpov\u011bd\u011bla jsem:<\/p>\n\n\n\n<p class=\"wp-block-paragraph\">\u201eDouf\u00e1m, \u017ee se m\u00e1te dob\u0159e.\u201c<\/p>\n\n\n\n<p class=\"wp-block-paragraph\">Nic v\u00edc.<\/p>\n\n\n\n<p class=\"wp-block-paragraph\">Poprv\u00e9 v \u017eivot\u011b nep\u0159ich\u00e1zel m\u016fj klid z toho, \u017ee jsem si z\u00edskala uzn\u00e1n\u00ed sv\u00e9 rodiny.<\/p>\n\n\n\n<p class=\"wp-block-paragraph\">P\u0159i\u0161el z toho, \u017ee jsem ho kone\u010dn\u011b dala sama sob\u011b.<\/p>\n\n\n\n<p class=\"wp-block-paragraph\">To l\u00e9to jsem st\u00e1la na balkon\u011b a sledovala, jak se m\u011bsto pode mnou rozz\u00e1\u0159ilo, a uv\u011bdomila si, \u017ee pomsta nikdy nebyla o tom sledovat je, jak v\u0161echno ztr\u00e1cej\u00ed.<\/p>\n\n\n\n<p class=\"wp-block-paragraph\">Bylo to uv\u011bdom\u011bn\u00ed, \u017ee u\u017e nemus\u00edm b\u00fdt tou dcerou, kter\u00e1 neust\u00e1le zachra\u0148uje lidi, kte\u0159\u00ed um\u011bj\u00ed oce\u0148ovat jen syny.<\/p>\n\n\n\n<p class=\"wp-block-paragraph\"><\/p>\n","protected":false},"excerpt":{"rendered":"Podruh\u00e9 p\u0159isunula p\u0159es j\u00eddeln\u00ed st\u016fl t\u0159i listiny k nemovitostem. \u201eDcery se vd\u00e1vaj\u00ed a odch\u00e1zej\u00ed. Daniel ponese na\u0161e jm\u00e9no.\u201c Z\u00edrala jsem na dokumenty. T\u0159i \n<a class=\"moretag\" href=\"https:\/\/vendeto.am\/?p=33224\"> [...]<\/a>","protected":false},"author":1,"featured_media":33225,"comment_status":"open","ping_status":"open","sticky":false,"template":"","format":"standard","meta":{"footnotes":""},"categories":[2],"tags":[],"class_list":["post-33224","post","type-post","status-publish","format-standard","has-post-thumbnail","hentry","category-sport"],"yoast_head":"<!-- This site is optimized with the Yoast SEO plugin v28.4 - https:\/\/yoast.com\/product\/yoast-seo-wordpress\/ -->\n<title>Rodi\u010de p\u0159epsali v\u0161echny t\u0159i rodinn\u00e9 domy na m\u00e9ho bratra a \u0159ekli mi: \u201eDcery se vd\u00e1vaj\u00ed a odch\u00e1zej\u00ed. On je ten, kdo nese na\u0161e jm\u00e9no.\u201c Podepsala jsem pap\u00edry bez jedin\u00e9ho protestu, prodala v\u0161echno, co jsem vlastnila, a odst\u011bhovala se do Kanady. -<\/title>\n<meta name=\"robots\" content=\"index, follow, max-snippet:-1, max-image-preview:large, max-video-preview:-1\" \/>\n<link rel=\"canonical\" href=\"https:\/\/vendeto.am\/?p=33224\" \/>\n<meta property=\"og:locale\" content=\"ru_RU\" \/>\n<meta property=\"og:type\" content=\"article\" \/>\n<meta property=\"og:title\" content=\"Rodi\u010de p\u0159epsali v\u0161echny t\u0159i rodinn\u00e9 domy na m\u00e9ho bratra a \u0159ekli mi: \u201eDcery se vd\u00e1vaj\u00ed a odch\u00e1zej\u00ed. On je ten, kdo nese na\u0161e jm\u00e9no.\u201c Podepsala jsem pap\u00edry bez jedin\u00e9ho protestu, prodala v\u0161echno, co jsem vlastnila, a odst\u011bhovala se do Kanady. -\" \/>\n<meta property=\"og:description\" content=\"Podruh\u00e9 p\u0159isunula p\u0159es j\u00eddeln\u00ed st\u016fl t\u0159i listiny k nemovitostem. \u201eDcery se vd\u00e1vaj\u00ed a odch\u00e1zej\u00ed. Daniel ponese na\u0161e jm\u00e9no.\u201c Z\u00edrala jsem na dokumenty. T\u0159i\" \/>\n<meta property=\"og:url\" content=\"https:\/\/vendeto.am\/?p=33224\" \/>\n<meta property=\"article:published_time\" content=\"2026-09-05T05:19:19+00:00\" \/>\n<meta property=\"article:modified_time\" content=\"2026-09-05T05:19:22+00:00\" \/>\n<meta property=\"og:image\" content=\"https:\/\/vendeto.am\/wp-content\/uploads\/2026\/09\/paris_dawn_dining.jpg\" \/>\n\t<meta property=\"og:image:width\" content=\"1392\" \/>\n\t<meta property=\"og:image:height\" content=\"1680\" \/>\n\t<meta property=\"og:image:type\" content=\"image\/jpeg\" \/>\n<meta name=\"author\" content=\"admin\" \/>\n<meta name=\"twitter:card\" content=\"summary_large_image\" \/>\n<meta name=\"twitter:label1\" content=\"\u041d\u0430\u043f\u0438\u0441\u0430\u043d\u043e \u0430\u0432\u0442\u043e\u0440\u043e\u043c\" \/>\n\t<meta name=\"twitter:data1\" content=\"admin\" \/>\n\t<meta name=\"twitter:label2\" content=\"\u041f\u0440\u0438\u043c\u0435\u0440\u043d\u043e\u0435 \u0432\u0440\u0435\u043c\u044f \u0434\u043b\u044f \u0447\u0442\u0435\u043d\u0438\u044f\" \/>\n\t<meta name=\"twitter:data2\" content=\"9 \u043c\u0438\u043d\u0443\u0442\" \/>\n<script type=\"application\/ld+json\" class=\"yoast-schema-graph\">{\"@context\":\"https:\\\/\\\/schema.org\",\"@graph\":[{\"@type\":\"Article\",\"@id\":\"https:\\\/\\\/vendeto.am\\\/?p=33224#article\",\"isPartOf\":{\"@id\":\"https:\\\/\\\/vendeto.am\\\/?p=33224\"},\"author\":{\"name\":\"admin\",\"@id\":\"https:\\\/\\\/vendeto.am\\\/#\\\/schema\\\/person\\\/48a4bd89d2048190ecc61e5ce821bef7\"},\"headline\":\"Rodi\u010de p\u0159epsali v\u0161echny t\u0159i rodinn\u00e9 domy na m\u00e9ho bratra a \u0159ekli mi: \u201eDcery se vd\u00e1vaj\u00ed a odch\u00e1zej\u00ed. On je ten, kdo nese na\u0161e jm\u00e9no.\u201c Podepsala jsem pap\u00edry bez jedin\u00e9ho protestu, prodala v\u0161echno, co jsem vlastnila, a odst\u011bhovala se do Kanady.\",\"datePublished\":\"2026-09-05T05:19:19+00:00\",\"dateModified\":\"2026-09-05T05:19:22+00:00\",\"mainEntityOfPage\":{\"@id\":\"https:\\\/\\\/vendeto.am\\\/?p=33224\"},\"wordCount\":2208,\"commentCount\":0,\"image\":{\"@id\":\"https:\\\/\\\/vendeto.am\\\/?p=33224#primaryimage\"},\"thumbnailUrl\":\"https:\\\/\\\/vendeto.am\\\/wp-content\\\/uploads\\\/2026\\\/09\\\/paris_dawn_dining.jpg\",\"articleSection\":[\"SPORT\"],\"inLanguage\":\"ru-RU\",\"potentialAction\":[{\"@type\":\"CommentAction\",\"name\":\"Comment\",\"target\":[\"https:\\\/\\\/vendeto.am\\\/?p=33224#respond\"]}]},{\"@type\":\"WebPage\",\"@id\":\"https:\\\/\\\/vendeto.am\\\/?p=33224\",\"url\":\"https:\\\/\\\/vendeto.am\\\/?p=33224\",\"name\":\"Rodi\u010de p\u0159epsali v\u0161echny t\u0159i rodinn\u00e9 domy na m\u00e9ho bratra a \u0159ekli mi: \u201eDcery se vd\u00e1vaj\u00ed a odch\u00e1zej\u00ed. On je ten, kdo nese na\u0161e jm\u00e9no.\u201c Podepsala jsem pap\u00edry bez jedin\u00e9ho protestu, prodala v\u0161echno, co jsem vlastnila, a odst\u011bhovala se do Kanady. -\",\"isPartOf\":{\"@id\":\"https:\\\/\\\/vendeto.am\\\/#website\"},\"primaryImageOfPage\":{\"@id\":\"https:\\\/\\\/vendeto.am\\\/?p=33224#primaryimage\"},\"image\":{\"@id\":\"https:\\\/\\\/vendeto.am\\\/?p=33224#primaryimage\"},\"thumbnailUrl\":\"https:\\\/\\\/vendeto.am\\\/wp-content\\\/uploads\\\/2026\\\/09\\\/paris_dawn_dining.jpg\",\"datePublished\":\"2026-09-05T05:19:19+00:00\",\"dateModified\":\"2026-09-05T05:19:22+00:00\",\"author\":{\"@id\":\"https:\\\/\\\/vendeto.am\\\/#\\\/schema\\\/person\\\/48a4bd89d2048190ecc61e5ce821bef7\"},\"breadcrumb\":{\"@id\":\"https:\\\/\\\/vendeto.am\\\/?p=33224#breadcrumb\"},\"inLanguage\":\"ru-RU\",\"potentialAction\":[{\"@type\":\"ReadAction\",\"target\":[\"https:\\\/\\\/vendeto.am\\\/?p=33224\"]}]},{\"@type\":\"ImageObject\",\"inLanguage\":\"ru-RU\",\"@id\":\"https:\\\/\\\/vendeto.am\\\/?p=33224#primaryimage\",\"url\":\"https:\\\/\\\/vendeto.am\\\/wp-content\\\/uploads\\\/2026\\\/09\\\/paris_dawn_dining.jpg\",\"contentUrl\":\"https:\\\/\\\/vendeto.am\\\/wp-content\\\/uploads\\\/2026\\\/09\\\/paris_dawn_dining.jpg\",\"width\":1392,\"height\":1680},{\"@type\":\"BreadcrumbList\",\"@id\":\"https:\\\/\\\/vendeto.am\\\/?p=33224#breadcrumb\",\"itemListElement\":[{\"@type\":\"ListItem\",\"position\":1,\"name\":\"\u0413\u043b\u0430\u0432\u043d\u0430\u044f \u0441\u0442\u0440\u0430\u043d\u0438\u0446\u0430\",\"item\":\"https:\\\/\\\/vendeto.am\\\/\"},{\"@type\":\"ListItem\",\"position\":2,\"name\":\"Rodi\u010de p\u0159epsali v\u0161echny t\u0159i rodinn\u00e9 domy na m\u00e9ho bratra a \u0159ekli mi: \u201eDcery se vd\u00e1vaj\u00ed a odch\u00e1zej\u00ed. On je ten, kdo nese na\u0161e jm\u00e9no.\u201c Podepsala jsem pap\u00edry bez jedin\u00e9ho protestu, prodala v\u0161echno, co jsem vlastnila, a odst\u011bhovala se do Kanady.\"}]},{\"@type\":\"WebSite\",\"@id\":\"https:\\\/\\\/vendeto.am\\\/#website\",\"url\":\"https:\\\/\\\/vendeto.am\\\/\",\"name\":\"\",\"description\":\"\",\"potentialAction\":[{\"@type\":\"SearchAction\",\"target\":{\"@type\":\"EntryPoint\",\"urlTemplate\":\"https:\\\/\\\/vendeto.am\\\/?s={search_term_string}\"},\"query-input\":{\"@type\":\"PropertyValueSpecification\",\"valueRequired\":true,\"valueName\":\"search_term_string\"}}],\"inLanguage\":\"ru-RU\"},{\"@type\":\"Person\",\"@id\":\"https:\\\/\\\/vendeto.am\\\/#\\\/schema\\\/person\\\/48a4bd89d2048190ecc61e5ce821bef7\",\"name\":\"admin\",\"image\":{\"@type\":\"ImageObject\",\"inLanguage\":\"ru-RU\",\"@id\":\"https:\\\/\\\/secure.gravatar.com\\\/avatar\\\/df64e550a0653b7be0f1bcf897f33faad9c2c8153472b2d9319beafb51370f6f?s=96&d=mm&r=g\",\"url\":\"https:\\\/\\\/secure.gravatar.com\\\/avatar\\\/df64e550a0653b7be0f1bcf897f33faad9c2c8153472b2d9319beafb51370f6f?s=96&d=mm&r=g\",\"contentUrl\":\"https:\\\/\\\/secure.gravatar.com\\\/avatar\\\/df64e550a0653b7be0f1bcf897f33faad9c2c8153472b2d9319beafb51370f6f?s=96&d=mm&r=g\",\"caption\":\"admin\"},\"sameAs\":[\"http:\\\/\\\/vendeto.am\"]}]}<\/script>\n<!-- \/ Yoast SEO plugin. -->","yoast_head_json":{"title":"Rodi\u010de p\u0159epsali v\u0161echny t\u0159i rodinn\u00e9 domy na m\u00e9ho bratra a \u0159ekli mi: \u201eDcery se vd\u00e1vaj\u00ed a odch\u00e1zej\u00ed. On je ten, kdo nese na\u0161e jm\u00e9no.\u201c Podepsala jsem pap\u00edry bez jedin\u00e9ho protestu, prodala v\u0161echno, co jsem vlastnila, a odst\u011bhovala se do Kanady. -","robots":{"index":"index","follow":"follow","max-snippet":"max-snippet:-1","max-image-preview":"max-image-preview:large","max-video-preview":"max-video-preview:-1"},"canonical":"https:\/\/vendeto.am\/?p=33224","og_locale":"ru_RU","og_type":"article","og_title":"Rodi\u010de p\u0159epsali v\u0161echny t\u0159i rodinn\u00e9 domy na m\u00e9ho bratra a \u0159ekli mi: \u201eDcery se vd\u00e1vaj\u00ed a odch\u00e1zej\u00ed. On je ten, kdo nese na\u0161e jm\u00e9no.\u201c Podepsala jsem pap\u00edry bez jedin\u00e9ho protestu, prodala v\u0161echno, co jsem vlastnila, a odst\u011bhovala se do Kanady. -","og_description":"Podruh\u00e9 p\u0159isunula p\u0159es j\u00eddeln\u00ed st\u016fl t\u0159i listiny k nemovitostem. \u201eDcery se vd\u00e1vaj\u00ed a odch\u00e1zej\u00ed. Daniel ponese na\u0161e jm\u00e9no.\u201c Z\u00edrala jsem na dokumenty. T\u0159i","og_url":"https:\/\/vendeto.am\/?p=33224","article_published_time":"2026-09-05T05:19:19+00:00","article_modified_time":"2026-09-05T05:19:22+00:00","og_image":[{"width":1392,"height":1680,"url":"https:\/\/vendeto.am\/wp-content\/uploads\/2026\/09\/paris_dawn_dining.jpg","type":"image\/jpeg"}],"author":"admin","twitter_card":"summary_large_image","twitter_misc":{"\u041d\u0430\u043f\u0438\u0441\u0430\u043d\u043e \u0430\u0432\u0442\u043e\u0440\u043e\u043c":"admin","\u041f\u0440\u0438\u043c\u0435\u0440\u043d\u043e\u0435 \u0432\u0440\u0435\u043c\u044f \u0434\u043b\u044f \u0447\u0442\u0435\u043d\u0438\u044f":"9 \u043c\u0438\u043d\u0443\u0442"},"schema":{"@context":"https:\/\/schema.org","@graph":[{"@type":"Article","@id":"https:\/\/vendeto.am\/?p=33224#article","isPartOf":{"@id":"https:\/\/vendeto.am\/?p=33224"},"author":{"name":"admin","@id":"https:\/\/vendeto.am\/#\/schema\/person\/48a4bd89d2048190ecc61e5ce821bef7"},"headline":"Rodi\u010de p\u0159epsali v\u0161echny t\u0159i rodinn\u00e9 domy na m\u00e9ho bratra a \u0159ekli mi: \u201eDcery se vd\u00e1vaj\u00ed a odch\u00e1zej\u00ed. On je ten, kdo nese na\u0161e jm\u00e9no.\u201c Podepsala jsem pap\u00edry bez jedin\u00e9ho protestu, prodala v\u0161echno, co jsem vlastnila, a odst\u011bhovala se do Kanady.","datePublished":"2026-09-05T05:19:19+00:00","dateModified":"2026-09-05T05:19:22+00:00","mainEntityOfPage":{"@id":"https:\/\/vendeto.am\/?p=33224"},"wordCount":2208,"commentCount":0,"image":{"@id":"https:\/\/vendeto.am\/?p=33224#primaryimage"},"thumbnailUrl":"https:\/\/vendeto.am\/wp-content\/uploads\/2026\/09\/paris_dawn_dining.jpg","articleSection":["SPORT"],"inLanguage":"ru-RU","potentialAction":[{"@type":"CommentAction","name":"Comment","target":["https:\/\/vendeto.am\/?p=33224#respond"]}]},{"@type":"WebPage","@id":"https:\/\/vendeto.am\/?p=33224","url":"https:\/\/vendeto.am\/?p=33224","name":"Rodi\u010de p\u0159epsali v\u0161echny t\u0159i rodinn\u00e9 domy na m\u00e9ho bratra a \u0159ekli mi: \u201eDcery se vd\u00e1vaj\u00ed a odch\u00e1zej\u00ed. On je ten, kdo nese na\u0161e jm\u00e9no.\u201c Podepsala jsem pap\u00edry bez jedin\u00e9ho protestu, prodala v\u0161echno, co jsem vlastnila, a odst\u011bhovala se do Kanady. -","isPartOf":{"@id":"https:\/\/vendeto.am\/#website"},"primaryImageOfPage":{"@id":"https:\/\/vendeto.am\/?p=33224#primaryimage"},"image":{"@id":"https:\/\/vendeto.am\/?p=33224#primaryimage"},"thumbnailUrl":"https:\/\/vendeto.am\/wp-content\/uploads\/2026\/09\/paris_dawn_dining.jpg","datePublished":"2026-09-05T05:19:19+00:00","dateModified":"2026-09-05T05:19:22+00:00","author":{"@id":"https:\/\/vendeto.am\/#\/schema\/person\/48a4bd89d2048190ecc61e5ce821bef7"},"breadcrumb":{"@id":"https:\/\/vendeto.am\/?p=33224#breadcrumb"},"inLanguage":"ru-RU","potentialAction":[{"@type":"ReadAction","target":["https:\/\/vendeto.am\/?p=33224"]}]},{"@type":"ImageObject","inLanguage":"ru-RU","@id":"https:\/\/vendeto.am\/?p=33224#primaryimage","url":"https:\/\/vendeto.am\/wp-content\/uploads\/2026\/09\/paris_dawn_dining.jpg","contentUrl":"https:\/\/vendeto.am\/wp-content\/uploads\/2026\/09\/paris_dawn_dining.jpg","width":1392,"height":1680},{"@type":"BreadcrumbList","@id":"https:\/\/vendeto.am\/?p=33224#breadcrumb","itemListElement":[{"@type":"ListItem","position":1,"name":"\u0413\u043b\u0430\u0432\u043d\u0430\u044f \u0441\u0442\u0440\u0430\u043d\u0438\u0446\u0430","item":"https:\/\/vendeto.am\/"},{"@type":"ListItem","position":2,"name":"Rodi\u010de p\u0159epsali v\u0161echny t\u0159i rodinn\u00e9 domy na m\u00e9ho bratra a \u0159ekli mi: \u201eDcery se vd\u00e1vaj\u00ed a odch\u00e1zej\u00ed. On je ten, kdo nese na\u0161e jm\u00e9no.\u201c Podepsala jsem pap\u00edry bez jedin\u00e9ho protestu, prodala v\u0161echno, co jsem vlastnila, a odst\u011bhovala se do Kanady."}]},{"@type":"WebSite","@id":"https:\/\/vendeto.am\/#website","url":"https:\/\/vendeto.am\/","name":"","description":"","potentialAction":[{"@type":"SearchAction","target":{"@type":"EntryPoint","urlTemplate":"https:\/\/vendeto.am\/?s={search_term_string}"},"query-input":{"@type":"PropertyValueSpecification","valueRequired":true,"valueName":"search_term_string"}}],"inLanguage":"ru-RU"},{"@type":"Person","@id":"https:\/\/vendeto.am\/#\/schema\/person\/48a4bd89d2048190ecc61e5ce821bef7","name":"admin","image":{"@type":"ImageObject","inLanguage":"ru-RU","@id":"https:\/\/secure.gravatar.com\/avatar\/df64e550a0653b7be0f1bcf897f33faad9c2c8153472b2d9319beafb51370f6f?s=96&d=mm&r=g","url":"https:\/\/secure.gravatar.com\/avatar\/df64e550a0653b7be0f1bcf897f33faad9c2c8153472b2d9319beafb51370f6f?s=96&d=mm&r=g","contentUrl":"https:\/\/secure.gravatar.com\/avatar\/df64e550a0653b7be0f1bcf897f33faad9c2c8153472b2d9319beafb51370f6f?s=96&d=mm&r=g","caption":"admin"},"sameAs":["http:\/\/vendeto.am"]}]}},"_links":{"self":[{"href":"https:\/\/vendeto.am\/index.php?rest_route=\/wp\/v2\/posts\/33224","targetHints":{"allow":["GET"]}}],"collection":[{"href":"https:\/\/vendeto.am\/index.php?rest_route=\/wp\/v2\/posts"}],"about":[{"href":"https:\/\/vendeto.am\/index.php?rest_route=\/wp\/v2\/types\/post"}],"author":[{"embeddable":true,"href":"https:\/\/vendeto.am\/index.php?rest_route=\/wp\/v2\/users\/1"}],"replies":[{"embeddable":true,"href":"https:\/\/vendeto.am\/index.php?rest_route=%2Fwp%2Fv2%2Fcomments&post=33224"}],"version-history":[{"count":1,"href":"https:\/\/vendeto.am\/index.php?rest_route=\/wp\/v2\/posts\/33224\/revisions"}],"predecessor-version":[{"id":33226,"href":"https:\/\/vendeto.am\/index.php?rest_route=\/wp\/v2\/posts\/33224\/revisions\/33226"}],"wp:featuredmedia":[{"embeddable":true,"href":"https:\/\/vendeto.am\/index.php?rest_route=\/wp\/v2\/media\/33225"}],"wp:attachment":[{"href":"https:\/\/vendeto.am\/index.php?rest_route=%2Fwp%2Fv2%2Fmedia&parent=33224"}],"wp:term":[{"taxonomy":"category","embeddable":true,"href":"https:\/\/vendeto.am\/index.php?rest_route=%2Fwp%2Fv2%2Fcategories&post=33224"},{"taxonomy":"post_tag","embeddable":true,"href":"https:\/\/vendeto.am\/index.php?rest_route=%2Fwp%2Fv2%2Ftags&post=33224"}],"curies":[{"name":"wp","href":"https:\/\/api.w.org\/{rel}","templated":true}]}}