{"id":33227,"date":"2026-09-05T08:21:00","date_gmt":"2026-09-05T05:21:00","guid":{"rendered":"https:\/\/vendeto.am\/?p=33227"},"modified":"2026-09-05T08:21:04","modified_gmt":"2026-09-05T05:21:04","slug":"vzala-jsem-si-muze-svych-snu-ale-rano-po-svatbe-jsem-nasla-v-jeho-smokingu-neco-co-me-primelo-vykriknout","status":"publish","type":"post","link":"https:\/\/vendeto.am\/?p=33227","title":{"rendered":"Vzala jsem si mu\u017ee sv\u00fdch sn\u016f \u2013 ale r\u00e1no po svatb\u011b jsem na\u0161la v jeho smokingu n\u011bco, co m\u011b p\u0159im\u011blo vyk\u0159iknout"},"content":{"rendered":"\n<p class=\"wp-block-paragraph\"><strong>P\u0159i autonehod\u011b jsem p\u0159i\u0161la o dva roky vzpom\u00ednek.<\/strong>Pak jsem se zamilovala do zdravotn\u00edka, kter\u00fd mi pom\u00e1hal zotavit se.<\/p>\n\n\n\n<p class=\"wp-block-paragraph\">O dva roky pozd\u011bji jsem si ho vzala.<\/p>\n\n\n\n<p class=\"wp-block-paragraph\">Ale b\u011bhem na\u0161\u00ed svatebn\u00ed noci pronesl jednu opilou v\u011btu, kv\u016fli kter\u00e9 jsem za\u010dala pochybovat o v\u0161em, co jsem si myslela, \u017ee o sv\u00e9m man\u017eelovi \u2014 a o sob\u011b \u2014 v\u00edm.<\/p>\n\n\n\n<p class=\"wp-block-paragraph\">\u0158et\u011bzov\u00e1 sv\u011btla nad svatebn\u00ed terasou se mi rozmaz\u00e1vala do jemn\u00fdch zlat\u00fdch kruh\u016f.<\/p>\n\n\n\n<p class=\"wp-block-paragraph\">\u0160aty mi p\u0159ipadaly t\u011b\u017e\u0161\u00ed ne\u017e b\u011bhem ob\u0159adu a lev\u00e1 noha \u2014 ta, kter\u00e1 byla n\u011bkolik m\u011bs\u00edc\u016f v s\u00e1d\u0159e \u2014 m\u011b za\u010d\u00ednala bolet.<\/p>\n\n\n\n<p class=\"wp-block-paragraph\">Na druh\u00e9 stran\u011b tane\u010dn\u00edho parketu se Richard sm\u00e1l s jedn\u00edm z pracovn\u00edk\u016f cateringu.<\/p>\n\n\n\n<p class=\"wp-block-paragraph\">St\u00e1le jsem nemohla uv\u011b\u0159it, \u017ee je to m\u016fj man\u017eel.<\/p>\n\n\n\n<p class=\"wp-block-paragraph\">V kabelce jsem m\u011bla mal\u00fd ko\u017een\u00fd z\u00e1pisn\u00edk, kter\u00fd jsem nosila v\u0161ude s sebou od chv\u00edle, kdy jsem se p\u0159ed dv\u011bma lety probudila v nemocnici se stehy na \u010dele, zlomenou nohou a obrovskou \u010d\u00e1st\u00ed sv\u00e9ho \u017eivota, kter\u00e1 mi chyb\u011bla.<\/p>\n\n\n\n<p class=\"wp-block-paragraph\">Retrogr\u00e1dn\u00ed amn\u00e9zie.<\/p>\n\n\n\n<p class=\"wp-block-paragraph\">Tak tomu \u0159\u00edkala doktorka Whitakerov\u00e1.<\/p>\n\n\n\n<p class=\"wp-block-paragraph\">Mo\u017en\u00e1 do\u010dasn\u00e1.<\/p>\n\n\n\n<p class=\"wp-block-paragraph\">Mo\u017en\u00e1 trval\u00e1.<\/p>\n\n\n\n<p class=\"wp-block-paragraph\">\u201eZapisujte si v\u0161echno,\u201c \u0159ekla mi. \u201eNespol\u00e9hejte na ostatn\u00ed, \u017ee v\u00e1m budou \u0159\u00edkat, kdo jste.\u201c<\/p>\n\n\n\n<p class=\"wp-block-paragraph\">A tak jsem to d\u011blala.<\/p>\n\n\n\n<p class=\"wp-block-paragraph\">K\u00e1va: ovesn\u00e9 ml\u00e9ko, jeden cukr.<\/p>\n\n\n\n<p class=\"wp-block-paragraph\">Alergie na penicilin.<\/p>\n\n\n\n<p class=\"wp-block-paragraph\">Nejlep\u0161\u00ed kamar\u00e1dka: Megan.<\/p>\n\n\n\n<p class=\"wp-block-paragraph\">U posledn\u00edho z\u00e1pisu byla p\u0159es jm\u00e9no nakreslen\u00e1 \u010d\u00e1ra.<\/p>\n\n\n\n<p class=\"wp-block-paragraph\">Bez vysv\u011btlen\u00ed.<\/p>\n\n\n\n<p class=\"wp-block-paragraph\">Richard byl t\u00e9m\u011b\u0159 ka\u017ed\u00fd den u m\u011b pot\u00e9, co jsem se probudila.<\/p>\n\n\n\n<p class=\"wp-block-paragraph\">Byl zdravotn\u00edkem, tak\u017ee d\u00e1valo smysl, \u017ee v\u017edycky v\u011bd\u011bl, co pot\u0159ebuji.<\/p>\n\n\n\n<p class=\"wp-block-paragraph\">Jednou, je\u0161t\u011b p\u0159edt\u00edm, ne\u017e jsem mu \u0159ekla, jak piju k\u00e1vu, mi p\u0159inesl ovesn\u00e9 ml\u00e9ko a jeden cukr.<\/p>\n\n\n\n<p class=\"wp-block-paragraph\">\u201eTy sis to pamatoval?\u201c zeptala jsem se.<\/p>\n\n\n\n<p class=\"wp-block-paragraph\">\u201e\u0160\u0165astn\u00fd tip.\u201c<\/p>\n\n\n\n<p class=\"wp-block-paragraph\">Jindy odnesl z m\u00e9ho nemocni\u010dn\u00edho pokoje v\u00e1zu s liliemi d\u0159\u00edv, ne\u017e jsem si mohla za\u010d\u00edt st\u011b\u017eovat na jejich v\u016fni.<\/p>\n\n\n\n<p class=\"wp-block-paragraph\">\u201eSpoustu lid\u00ed z nich bol\u00ed hlava,\u201c \u0159ekl.<\/p>\n\n\n\n<p class=\"wp-block-paragraph\">I tomu jsem uv\u011b\u0159ila.<\/p>\n\n\n\n<figure class=\"wp-block-image is-resized\"><img decoding=\"async\" src=\"https:\/\/chexia.info\/wp-content\/uploads\/2026\/09\/golden_wedding_reception-819x1024.jpg\" alt=\"\" class=\"wp-image-10198\" style=\"aspect-ratio:0.7998046875;width:819px;height:auto\"\/><\/figure>\n\n\n\n<p class=\"wp-block-paragraph\">Kdy\u017e m\u011b kone\u010dn\u011b propustili z nemocnice, Richard mi nab\u00eddl sv\u016fj pokoj pro hosty.<\/p>\n\n\n\n<p class=\"wp-block-paragraph\">Rodi\u010de mi zem\u0159eli, kdy\u017e mi bylo devaten\u00e1ct.<\/p>\n\n\n\n<p class=\"wp-block-paragraph\">Nem\u011bla jsem \u017e\u00e1dnou bl\u00edzkou rodinu, kter\u00e1 by na m\u011b \u010dekala.<\/p>\n\n\n\n<p class=\"wp-block-paragraph\">A nikde jsem se nec\u00edtila jako doma.<\/p>\n\n\n\n<p class=\"wp-block-paragraph\">N\u011bkde mezi rehabilitac\u00ed, probd\u011bl\u00fdmi nocemi a u\u010den\u00edm se \u017e\u00edt s obrovskou d\u00edrou ve sv\u00e9 pam\u011bti jsem se do Richarda zamilovala.<\/p>\n\n\n\n<p class=\"wp-block-paragraph\">O dva roky pozd\u011bji jsem si ho vzala.<\/p>\n\n\n\n<p class=\"wp-block-paragraph\">Ale toho ve\u010dera, kdy\u017e jsme se p\u0159ipravovali na svatbu, jsem polo\u017eila ot\u00e1zku, kter\u00e1 m\u011b m\u011bla napadnout u\u017e mnohem d\u0159\u00edv.<\/p>\n\n\n\n<p class=\"wp-block-paragraph\">\u201eKde jsou v\u0161ichni tvoji p\u0159\u00e1tel\u00e9 z doby p\u0159ed moj\u00ed nehodou?\u201c<\/p>\n\n\n\n<p class=\"wp-block-paragraph\">Richard si upravil man\u017eetu.<\/p>\n\n\n\n<p class=\"wp-block-paragraph\">\u201eV\u011bt\u0161ina z n\u00e1s se postupn\u011b odcizila.\u201c<\/p>\n\n\n\n<p class=\"wp-block-paragraph\">Odml\u010del se.<\/p>\n\n\n\n<p class=\"wp-block-paragraph\">\u201eT\u011bch p\u00e1r, se kter\u00fdmi st\u00e1le mluv\u00edm, v\u00ed o tv\u00e9 ztr\u00e1t\u011b pam\u011bti. Necht\u011bl jsem, aby se dne\u0161ek zm\u011bnil v situaci, kdy se t\u011b budou lid\u00e9 vypt\u00e1vat na v\u011bci, na kter\u00e9 nedok\u00e1\u017ee\u0161 odpov\u011bd\u011bt.\u201c<\/p>\n\n\n\n<p class=\"wp-block-paragraph\">Tehdy mi to p\u0159ipadalo ohledupln\u00e9.<\/p>\n\n\n\n<p class=\"wp-block-paragraph\">Te\u010f, o n\u011bkolik hodin pozd\u011bji, jsem st\u00e1la ve dve\u0159\u00edch na terasu a sledovala jeho ruku, jak se t\u0159ese kolem sklenice \u0161ampa\u0148sk\u00e9ho.<\/p>\n\n\n\n<p class=\"wp-block-paragraph\">Tohle nebyla oby\u010dejn\u00e1 nervozita \u017eenicha.<\/p>\n\n\n\n<p class=\"wp-block-paragraph\">Kdy\u017e Richard zjistil, \u017ee se na n\u011bj d\u00edv\u00e1m, oto\u010dil se sm\u011brem k temn\u00e9 zahrad\u011b.<\/p>\n\n\n\n<p class=\"wp-block-paragraph\">\u0160la jsem za n\u00edm.<\/p>\n\n\n\n<p class=\"wp-block-paragraph\">Naklonil se p\u0159es z\u00e1bradl\u00ed.<\/p>\n\n\n\n<p class=\"wp-block-paragraph\">\u0160ampa\u0148sk\u00e9 mu st\u00e9kalo po prstech, ani\u017e by si toho v\u0161iml.<\/p>\n\n\n\n<p class=\"wp-block-paragraph\">Byl mnohem opilej\u0161\u00ed, ne\u017e jsem si uv\u011bdomovala.<\/p>\n\n\n\n<p class=\"wp-block-paragraph\">\u201eRicharde?\u201c<\/p>\n\n\n\n<p class=\"wp-block-paragraph\">Oto\u010dil se ke mn\u011b.<\/p>\n\n\n\n<p class=\"wp-block-paragraph\">V\u00fdraz v jeho tv\u00e1\u0159i mi sev\u0159el \u017ealudek.<\/p>\n\n\n\n<p class=\"wp-block-paragraph\">\u201eKdybys v\u011bd\u011bla, co jsem opravdu ud\u011blal,\u201c za\u0161eptal, \u201enem\u011bla bys na prstu ten prsten.\u201c<\/p>\n\n\n\n<p class=\"wp-block-paragraph\">Noc n\u00e1hle zchladla.<\/p>\n\n\n\n<p class=\"wp-block-paragraph\">\u201eO \u010dem to mluv\u00ed\u0161?\u201c<\/p>\n\n\n\n<p class=\"wp-block-paragraph\">\u201eM\u011bl jsem ti to \u0159\u00edct je\u0161t\u011b p\u0159ed svatbou.\u201c<\/p>\n\n\n\n<p class=\"wp-block-paragraph\">Hlas se mu zlomil.<\/p>\n\n\n\n<p class=\"wp-block-paragraph\">\u201eByl jsem sobeck\u00fd. Po\u0159\u00e1d jsem si \u0159\u00edkal, \u017ee kdy\u017e budu \u010dekat dost dlouho, mo\u017en\u00e1 u\u017e na tom nebude z\u00e1le\u017eet.\u201c<\/p>\n\n\n\n<p class=\"wp-block-paragraph\">\u201eNa \u010dem nebude z\u00e1le\u017eet?\u201c<\/p>\n\n\n\n<p class=\"wp-block-paragraph\">Odvr\u00e1til pohled.<\/p>\n\n\n\n<p class=\"wp-block-paragraph\">\u201eJe mi to l\u00edto, Claire.\u201c<\/p>\n\n\n\n<p class=\"wp-block-paragraph\">\u201eZa co?\u201c<\/p>\n\n\n\n<p class=\"wp-block-paragraph\">Ne\u017e sta\u010dil odpov\u011bd\u011bt, podlomila se mu kolena.<\/p>\n\n\n\n<p class=\"wp-block-paragraph\">Richard se sesunul pod\u00e9l st\u011bny terasy. Byl p\u0159\u00edli\u0161 opil\u00fd na to, aby pokra\u010doval.<\/p>\n\n\n\n<p class=\"wp-block-paragraph\">Zam\u011bstnanec hotelu mi pomohl dostat ho nahoru.<\/p>\n\n\n\n<p class=\"wp-block-paragraph\">Ulo\u017eila jsem ho do postele na bok.<\/p>\n\n\n\n<p class=\"wp-block-paragraph\">Pak jsem otev\u0159ela sv\u016fj z\u00e1pisn\u00edk.<\/p>\n\n\n\n<p class=\"wp-block-paragraph\">Napsala jsem jedinou v\u011btu:<\/p>\n\n\n\n<p class=\"wp-block-paragraph\"><strong>Kdybys v\u011bd\u011bla, co jsem opravdu ud\u011blal.<\/strong><\/p>\n\n\n\n<p class=\"wp-block-paragraph\">Do sv\u00edt\u00e1n\u00ed jsem st\u00e1le nespala.<\/p>\n\n\n\n<p class=\"wp-block-paragraph\">Richard se nepohnul.<\/p>\n\n\n\n<p class=\"wp-block-paragraph\">Za\u010dala jsem sb\u00edrat oble\u010den\u00ed a skleni\u010dky rozh\u00e1zen\u00e9 po apartm\u00e1.<\/p>\n\n\n\n<p class=\"wp-block-paragraph\">Jeho smokingov\u00e9 sako viselo p\u0159es \u017eidli.<\/p>\n\n\n\n<h1 class=\"wp-block-heading\">Kdy\u017e jsem ho zvedla, n\u011bco se pohnulo ve vnit\u0159n\u00ed kapse.<\/h1>\n\n\n\n<p class=\"wp-block-paragraph\">N\u011bco t\u011b\u017e\u0161\u00edho ne\u017e l\u00e1tka.<\/p>\n\n\n\n<p class=\"wp-block-paragraph\">S\u00e1hla jsem dovnit\u0159.<\/p>\n\n\n\n<p class=\"wp-block-paragraph\">A vyt\u00e1hla tenk\u00fd zlat\u00fd \u0159et\u00edzek.<\/p>\n\n\n\n<p class=\"wp-block-paragraph\">V\u011bd\u011bla jsem, co to je, je\u0161t\u011b ne\u017e jsem se pod\u00edvala na p\u0159\u00edv\u011bsek.<\/p>\n\n\n\n<p class=\"wp-block-paragraph\">N\u00e1hrdeln\u00edk po m\u00e9 matce.<\/p>\n\n\n\n<p class=\"wp-block-paragraph\">Mal\u00fd ov\u00e1ln\u00fd p\u0159\u00edv\u011bsek, kter\u00fd jsem m\u011bla na krku v noci, kdy jsem m\u011bla nehodu.<\/p>\n\n\n\n<p class=\"wp-block-paragraph\">V nemocnici mi \u0159ekli, \u017ee se ztratil na m\u00edst\u011b nehody.<\/p>\n\n\n\n<p class=\"wp-block-paragraph\">Z\u00edrala jsem na n\u00e1hrdeln\u00edk.<\/p>\n\n\n\n<p class=\"wp-block-paragraph\">Pak na mu\u017ee, kter\u00e9ho jsem si vzala p\u0159ed dev\u00edti hodinami.<\/p>\n\n\n\n<p class=\"wp-block-paragraph\">Richard mi nikdy ne\u0159ekl, \u017ee tam t\u00e9 noci byl.<\/p>\n\n\n\n<p class=\"wp-block-paragraph\">Sev\u0159ela jsem \u0159et\u00edzek v p\u011bsti.<\/p>\n\n\n\n<p class=\"wp-block-paragraph\">Dva roky jsem v\u011b\u0159ila sv\u00e9mu z\u00e1pisn\u00edku, proto\u017ee obsahoval kousky m\u00e9ho \u017eivota, na kter\u00e9 jsem si u\u017e nedok\u00e1zala vzpomenout.<\/p>\n\n\n\n<p class=\"wp-block-paragraph\">Ale najednou m\u011b vyd\u011bsila jedin\u00e1 ot\u00e1zka.<\/p>\n\n\n\n<p class=\"wp-block-paragraph\"><strong>Kolik jsem toho o sob\u011b zjistila?<\/strong><\/p>\n\n\n\n<p class=\"wp-block-paragraph\">A kolik z toho m\u011b Richard nau\u010dil v\u011b\u0159it?<\/p>\n\n\n\n<p class=\"wp-block-paragraph\">Pohnul se.<\/p>\n\n\n\n<p class=\"wp-block-paragraph\">Pak jeho o\u010di spo\u010dinuly na n\u00e1hrdeln\u00edku v m\u00e9 ruce.<\/p>\n\n\n\n<p class=\"wp-block-paragraph\">V\u00fdraz v jeho tv\u00e1\u0159i se okam\u017eit\u011b zm\u011bnil.<\/p>\n\n\n\n<p class=\"wp-block-paragraph\">\u201eClaire.\u201c<\/p>\n\n\n\n<p class=\"wp-block-paragraph\">Posadil se.<\/p>\n\n\n\n<p class=\"wp-block-paragraph\">\u201eNech m\u011b to vysv\u011btlit.\u201c<\/p>\n\n\n\n<p class=\"wp-block-paragraph\">\u201ePros\u00edm.\u201c<\/p>\n\n\n\n<p class=\"wp-block-paragraph\">Richard si promnul obli\u010dej.<\/p>\n\n\n\n<p class=\"wp-block-paragraph\">\u201eTu noc jsem byl pobl\u00ed\u017e nehody. Sly\u0161el jsem n\u00e1raz a dostal se k tv\u00e9mu autu je\u0161t\u011b p\u0159ed sanitkou.\u201c<\/p>\n\n\n\n<p class=\"wp-block-paragraph\">\u201eJsi zdravotn\u00edk. Pomohl jsi mi?\u201c<\/p>\n\n\n\n<p class=\"wp-block-paragraph\">\u201eAno.\u201c<\/p>\n\n\n\n<p class=\"wp-block-paragraph\">Zav\u00e1hal.<\/p>\n\n\n\n<p class=\"wp-block-paragraph\">\u201eVyt\u00e1hl jsem t\u011b z auta. N\u00e1hrdeln\u00edk se zachytil o m\u016fj ruk\u00e1v a p\u0159etrhl se. Nechal jsem si ho, proto\u017ee jsem ho cht\u011bl opravit.\u201c<\/p>\n\n\n\n<p class=\"wp-block-paragraph\">Z\u00edrala jsem na n\u011bj.<\/p>\n\n\n\n<p class=\"wp-block-paragraph\">\u201eCht\u011bl jsem ti ho vr\u00e1tit po svatb\u011b. Myslel jsem, \u017ee by mohl symbolizovat noc, kdy jsme se poznali.\u201c<\/p>\n\n\n\n<p class=\"wp-block-paragraph\">Jeho vysv\u011btlen\u00ed zn\u011blo p\u0159\u00edli\u0161 hladce.<\/p>\n\n\n\n<p class=\"wp-block-paragraph\">P\u0159\u00edli\u0161 dokonale.<\/p>\n\n\n\n<p class=\"wp-block-paragraph\">P\u0159\u00edli\u0161 nacvi\u010den\u011b.<\/p>\n\n\n\n<p class=\"wp-block-paragraph\">\u201eV\u017edycky jsi mi \u0159\u00edkal, \u017ee jsi m\u011b poprv\u00e9 vid\u011bl v nemocnici.\u201c<\/p>\n\n\n\n<p class=\"wp-block-paragraph\">Mrkl.<\/p>\n\n\n\n<p class=\"wp-block-paragraph\">\u201eNecht\u011bl jsem, abys vzpom\u00ednala na nehodu. L\u00e9ka\u0159i \u0159\u00edkali, \u017ee jsi psychicky k\u0159ehk\u00e1.\u201c<\/p>\n\n\n\n<p class=\"wp-block-paragraph\">P\u0159inutila jsem se usm\u00e1t.<\/p>\n\n\n\n<p class=\"wp-block-paragraph\">Pak jsem ho pol\u00edbila na tv\u00e1\u0159.<\/p>\n\n\n\n<p class=\"wp-block-paragraph\">\u201eOdpo\u010di\u0148 si. V poledne m\u00e1\u0161 sm\u011bnu.\u201c<\/p>\n\n\n\n<p class=\"wp-block-paragraph\">Cel\u00e9 jeho t\u011blo se uvolnilo.<\/p>\n\n\n\n<p class=\"wp-block-paragraph\">Myslel si, \u017ee jsem mu uv\u011b\u0159ila.<\/p>\n\n\n\n<p class=\"wp-block-paragraph\">Nev\u011b\u0159ila.<\/p>\n\n\n\n<p class=\"wp-block-paragraph\">O n\u011bkolik hodin pozd\u011bji zavolali z nemocnice a po\u017e\u00e1dali Richarda, aby p\u0159i\u0161el d\u0159\u00edv.<\/p>\n\n\n\n<p class=\"wp-block-paragraph\">Jakmile jeho auto zmizelo z dohledu, otev\u0159ela jsem sv\u016fj z\u00e1pisn\u00edk se vzpom\u00ednkami.<\/p>\n\n\n\n<p class=\"wp-block-paragraph\">Za n\u011bkolika l\u00e9ka\u0159sk\u00fdmi dokumenty jsem na\u0161la dva \u00fa\u010dty za energie z doby p\u0159ed nehodou.<\/p>\n\n\n\n<p class=\"wp-block-paragraph\">Na obou byla uvedena adresa, kterou jsem nepozn\u00e1vala.<\/p>\n\n\n\n<p class=\"wp-block-paragraph\">Pokud jsem tam p\u0159ed nehodou \u017eila, n\u011bkdo na tom m\u00edst\u011b by mohl v\u011bd\u011bt n\u011bco o \u017eivot\u011b, na kter\u00fd jsem zapomn\u011bla.<\/p>\n\n\n\n<p class=\"wp-block-paragraph\">O \u010dty\u0159icet minut pozd\u011bji jsem st\u00e1la p\u0159ed star\u00fdm cihlov\u00fdm bytov\u00fdm domem na Halsted Street.<\/p>\n\n\n\n<p class=\"wp-block-paragraph\">Spr\u00e1vce se na m\u011b pod\u00edval.<\/p>\n\n\n\n<p class=\"wp-block-paragraph\">Pak se usm\u00e1l.<\/p>\n\n\n\n<p class=\"wp-block-paragraph\">\u201eClaire? To u\u017e jsem t\u011b v\u011b\u010dnost nevid\u011bl.\u201c<\/p>\n\n\n\n<p class=\"wp-block-paragraph\">Pod\u00edvala jsem se na jeho jmenovku.<\/p>\n\n\n\n<p class=\"wp-block-paragraph\">\u201ePane Alvarezi?\u201c<\/p>\n\n\n\n<p class=\"wp-block-paragraph\">\u201eStejn\u00fd jako v\u017edycky. Jak se v\u00e1m dv\u011bma l\u00edb\u00ed na nov\u00e9m m\u00edst\u011b?\u201c<\/p>\n\n\n\n<p class=\"wp-block-paragraph\">Ztuhla jsem.<\/p>\n\n\n\n<p class=\"wp-block-paragraph\">\u201eV\u00e1m dv\u011bma?\u201c<\/p>\n\n\n\n<p class=\"wp-block-paragraph\">\u00dasm\u011bv mu zmizel z tv\u00e1\u0159e.<\/p>\n\n\n\n<p class=\"wp-block-paragraph\">\u201eTy a ten chlap, se kter\u00fdm jsi tady bydlela.\u201c<\/p>\n\n\n\n<p class=\"wp-block-paragraph\">Po \u017ealudku se mi rozlil ledov\u00fd pocit.<\/p>\n\n\n\n<p class=\"wp-block-paragraph\">\u201eJak\u00fd chlap?\u201c<\/p>\n\n\n\n<p class=\"wp-block-paragraph\">Z\u00edral na m\u011b.<\/p>\n\n\n\n<p class=\"wp-block-paragraph\">\u201eClaire, jsi v po\u0159\u00e1dku?\u201c<\/p>\n\n\n\n<p class=\"wp-block-paragraph\">\u201eM\u011bla jsem nehodu. Nepamatuji si, \u017ee bych tady bydlela.\u201c<\/p>\n\n\n\n<p class=\"wp-block-paragraph\">Jeho v\u00fdraz zm\u011bkl.<\/p>\n\n\n\n<p class=\"wp-block-paragraph\">\u201eTo m\u011b mrz\u00ed. To jsem nev\u011bd\u011bl.\u201c<\/p>\n\n\n\n<p class=\"wp-block-paragraph\">\u201eJak dlouho jsem tady bydlela?\u201c<\/p>\n\n\n\n<p class=\"wp-block-paragraph\">\u201eSkoro t\u0159i roky.\u201c<\/p>\n\n\n\n<p class=\"wp-block-paragraph\">\u201eS n\u011bk\u00fdm?\u201c<\/p>\n\n\n\n<p class=\"wp-block-paragraph\">\u201eJo. V\u011bt\u0161inou jsem jednal s tebou.\u201c<\/p>\n\n\n\n<p class=\"wp-block-paragraph\">\u201ePamatujete si jeho jm\u00e9no?\u201c<\/p>\n\n\n\n<p class=\"wp-block-paragraph\">Zamra\u010dil se.<\/p>\n\n\n\n<h1 class=\"wp-block-heading\">\u201eRick. Ryan. N\u011bco takov\u00e9ho.\u201c<\/h1>\n\n\n\n<p class=\"wp-block-paragraph\">Zrychlil se mi tep.<\/p>\n\n\n\n<p class=\"wp-block-paragraph\">\u201eKdo tam bydl\u00ed te\u010f?\u201c<\/p>\n\n\n\n<p class=\"wp-block-paragraph\">\u201eNikdo.\u201c<\/p>\n\n\n\n<p class=\"wp-block-paragraph\">Pak dodal:<\/p>\n\n\n\n<p class=\"wp-block-paragraph\">\u201eAle n\u00e1jem se po\u0159\u00e1d plat\u00ed.\u201c<\/p>\n\n\n\n<p class=\"wp-block-paragraph\">Z\u00edrala jsem na n\u011bj.<\/p>\n\n\n\n<p class=\"wp-block-paragraph\">\u201eCo\u017ee?\u201c<\/p>\n\n\n\n<p class=\"wp-block-paragraph\">\u201eN\u011bkdo ho ka\u017ed\u00fd m\u011bs\u00edc pos\u00edl\u00e1.\u201c<\/p>\n\n\n\n<p class=\"wp-block-paragraph\">\u201eKdo?\u201c<\/p>\n\n\n\n<p class=\"wp-block-paragraph\">\u201eNem\u00e1m tu\u0161en\u00ed. Dokud platba dorazila, nikdy jsem to nekontroloval.\u201c<\/p>\n\n\n\n<p class=\"wp-block-paragraph\">N\u011bkdo dva roky platil za to, aby m\u016fj star\u00fd byt z\u016fstal p\u0159esn\u011b tak, jak jsem ho opustila.<\/p>\n\n\n\n<p class=\"wp-block-paragraph\">\u201eM\u00e1te je\u0161t\u011b n\u00e1hradn\u00ed kl\u00ed\u010d?\u201c<\/p>\n\n\n\n<p class=\"wp-block-paragraph\">O n\u011bkolik minut pozd\u011bji se otev\u0159ely dve\u0159e bytu 3B.<\/p>\n\n\n\n<p class=\"wp-block-paragraph\">Vypadalo to, jako by n\u011bkdo ode\u0161el ve sp\u011bchu.<\/p>\n\n\n\n<p class=\"wp-block-paragraph\">N\u00e1bytek pokr\u00fdval prach.<\/p>\n\n\n\n<p class=\"wp-block-paragraph\">Ale n\u011bkolik krabic tam st\u00e1le bylo.<\/p>\n\n\n\n<p class=\"wp-block-paragraph\">Za\u010dala jsem hledat.<\/p>\n\n\n\n<p class=\"wp-block-paragraph\">Prvn\u00ed v\u011bc, kterou jsem na\u0161la, byla hromada fotografi\u00ed.<\/p>\n\n\n\n<p class=\"wp-block-paragraph\">Na jedn\u00e9 jsem st\u00e1la na pl\u00e1\u017ei v b\u00edl\u00fdch letn\u00edch \u0161atech.<\/p>\n\n\n\n<p class=\"wp-block-paragraph\">Vlasy jsem m\u011bla del\u0161\u00ed.<\/p>\n\n\n\n<p class=\"wp-block-paragraph\">Moje noha byla zdrav\u00e1.<\/p>\n\n\n\n<p class=\"wp-block-paragraph\">Z\u00edrala jsem sama na sebe.<\/p>\n\n\n\n<p class=\"wp-block-paragraph\">Nic se mi nevybavovalo.<\/p>\n\n\n\n<p class=\"wp-block-paragraph\">Pak jsem na\u0161la dal\u0161\u00ed fotografii.<\/p>\n\n\n\n<p class=\"wp-block-paragraph\">A dal\u0161\u00ed.<\/p>\n\n\n\n<p class=\"wp-block-paragraph\">A\u017e jsem nakonec obr\u00e1tila t\u0159et\u00ed fotografii.<\/p>\n\n\n\n<p class=\"wp-block-paragraph\">Zatajil se mi dech.<\/p>\n\n\n\n<p class=\"wp-block-paragraph\">Richard p\u0159ede mnou kle\u010del.<\/p>\n\n\n\n<p class=\"wp-block-paragraph\">Ob\u011b ruce jsem m\u011bla p\u0159itisknut\u00e9 k \u00fast\u016fm.<\/p>\n\n\n\n<p class=\"wp-block-paragraph\">A na lev\u00e9m prsten\u00ed\u010dku se mi t\u0159pytil z\u00e1snubn\u00ed prsten.<\/p>\n\n\n\n<p class=\"wp-block-paragraph\">Stejn\u00fd prsten, o kter\u00e9m Richard tvrdil, \u017ee ho vybral p\u0159ed osmn\u00e1cti m\u011bs\u00edci.<\/p>\n\n\n\n<p class=\"wp-block-paragraph\">Na zadn\u00ed stran\u011b bylo datum.<\/p>\n\n\n\n<p class=\"wp-block-paragraph\"><strong>Dva roky p\u0159ed moj\u00ed nehodou.<\/strong><\/p>\n\n\n\n<p class=\"wp-block-paragraph\">A bylo tam n\u011bco naps\u00e1no m\u00fdm vlastn\u00edm rukopisem.<\/p>\n\n\n\n<p class=\"wp-block-paragraph\">Richard se se mnou nesetkal a\u017e po nehod\u011b.<\/p>\n\n\n\n<p class=\"wp-block-paragraph\">U\u017e jsme spolu pl\u00e1novali svatbu.<\/p>\n\n\n\n<p class=\"wp-block-paragraph\">Pod fotografiemi jsem na\u0161la star\u00fd telefon.<\/p>\n\n\n\n<p class=\"wp-block-paragraph\">Nabila jsem ho.<\/p>\n\n\n\n<p class=\"wp-block-paragraph\">Pak jsem prohledala zpr\u00e1vy.<\/p>\n\n\n\n<p class=\"wp-block-paragraph\">Jedno jm\u00e9no m\u011b okam\u017eit\u011b zarazilo.<\/p>\n\n\n\n<p class=\"wp-block-paragraph\"><strong>Megan.<\/strong><\/p>\n\n\n\n<p class=\"wp-block-paragraph\">Stejn\u00e9 jm\u00e9no, kter\u00e9 bylo p\u0159e\u0161krtnut\u00e9 v m\u00e9m z\u00e1pisn\u00edku.<\/p>\n\n\n\n<p class=\"wp-block-paragraph\">Zavolala jsem na to \u010d\u00edslo.<\/p>\n\n\n\n<p class=\"wp-block-paragraph\">Zvedla to po \u010dtvrt\u00e9m zazvon\u011bn\u00ed.<\/p>\n\n\n\n<p class=\"wp-block-paragraph\">\u201eHal\u00f3?\u201c<\/p>\n\n\n\n<p class=\"wp-block-paragraph\">\u201eMegan? Tady Claire.\u201c<\/p>\n\n\n\n<p class=\"wp-block-paragraph\">Ticho.<\/p>\n\n\n\n<p class=\"wp-block-paragraph\">Pak\u2014<\/p>\n\n\n\n<p class=\"wp-block-paragraph\">\u201eClaire? Panebo\u017ee.\u201c<\/p>\n\n\n\n<p class=\"wp-block-paragraph\">Hlas se j\u00ed zlomil.<\/p>\n\n\n\n<p class=\"wp-block-paragraph\">\u201eNikdy jsem si nemyslela, \u017ee mi je\u0161t\u011b n\u011bkdy zavol\u00e1\u0161.\u201c<\/p>\n\n\n\n<p class=\"wp-block-paragraph\">\u201eNepamatuji si, co se mezi n\u00e1mi stalo.\u201c<\/p>\n\n\n\n<p class=\"wp-block-paragraph\">Polkla jsem.<\/p>\n\n\n\n<p class=\"wp-block-paragraph\">\u201eAle pot\u0159ebuji, abys mi to \u0159ekla.\u201c<\/p>\n\n\n\n<p class=\"wp-block-paragraph\">Jej\u00ed prvn\u00ed ot\u00e1zka m\u011b vyd\u011bsila.<\/p>\n\n\n\n<p class=\"wp-block-paragraph\">\u201eV\u00ed Richard, \u017ee mi vol\u00e1\u0161?\u201c<\/p>\n\n\n\n<p class=\"wp-block-paragraph\">\u201eNe.\u201c<\/p>\n\n\n\n<p class=\"wp-block-paragraph\">Megan se nadechla.<\/p>\n\n\n\n<p class=\"wp-block-paragraph\">\u201eP\u00e1r dn\u00ed p\u0159ed tvoj\u00ed nehodou jsme se s Richardem opili na jednom ve\u010d\u00edrku.\u201c<\/p>\n\n\n\n<p class=\"wp-block-paragraph\">Odml\u010dela se.<\/p>\n\n\n\n<p class=\"wp-block-paragraph\">\u201eStalo se to jednou.\u201c<\/p>\n\n\n\n<p class=\"wp-block-paragraph\">Zav\u0159ela jsem o\u010di.<\/p>\n\n\n\n<p class=\"wp-block-paragraph\">\u201eSpala jsi s n\u00edm?\u201c<\/p>\n\n\n\n<p class=\"wp-block-paragraph\">\u201eAno.\u201c<\/p>\n\n\n\n<p class=\"wp-block-paragraph\">Hlas se j\u00ed zlomil.<\/p>\n\n\n\n<p class=\"wp-block-paragraph\">\u201eM\u011bli jsme ti to \u0159\u00edct spole\u010dn\u011b. Ani jeden z n\u00e1s to neud\u011blal.\u201c<\/p>\n\n\n\n<p class=\"wp-block-paragraph\">Sev\u0159ela jsem telefon v ruce.<\/p>\n\n\n\n<p class=\"wp-block-paragraph\">\u201eV noci, kdy jsi m\u011bla nehodu, jsi na\u0161la na\u0161e zpr\u00e1vy.\u201c<\/p>\n\n\n\n<p class=\"wp-block-paragraph\">Do t\u00e9 chv\u00edle jsem v\u017edycky v\u011b\u0159ila, \u017ee nehoda byla noc, kdy skon\u010dil m\u016fj star\u00fd \u017eivot.<\/p>\n\n\n\n<p class=\"wp-block-paragraph\">Te\u010f jsem pochopila, \u017ee to byla noc, kdy za\u010dala Richardova le\u017e.<\/p>\n\n\n\n<p class=\"wp-block-paragraph\">\u201eCo se stalo potom?\u201c<\/p>\n\n\n\n<p class=\"wp-block-paragraph\">\u201eVolala jsi mi a k\u0159i\u010dela.\u201c<\/p>\n\n\n\n<p class=\"wp-block-paragraph\">Megan za\u010dala plakat.<\/p>\n\n\n\n<p class=\"wp-block-paragraph\">\u201eNasedla jsi do auta. Prosila jsem t\u011b, a\u0165 ne\u0159\u00edd\u00ed\u0161.\u201c<\/p>\n\n\n\n<p class=\"wp-block-paragraph\">Zav\u0159ela jsem o\u010di.<\/p>\n\n\n\n<p class=\"wp-block-paragraph\">Na jednu vte\u0159inu tam nebylo nic.<\/p>\n\n\n\n<p class=\"wp-block-paragraph\">Pak\u2014<\/p>\n\n\n\n<p class=\"wp-block-paragraph\">D\u00e9\u0161\u0165.<\/p>\n\n\n\n<p class=\"wp-block-paragraph\">Voda bu\u0161\u00edc\u00ed do \u010deln\u00edho skla.<\/p>\n\n\n\n<p class=\"wp-block-paragraph\">Sv\u011btla v zp\u011btn\u00e9m zrc\u00e1tku.<\/p>\n\n\n\n<p class=\"wp-block-paragraph\">Houka\u010dka za mnou.<\/p>\n\n\n\n<p class=\"wp-block-paragraph\">Richardovo auto.<\/p>\n\n\n\n<p class=\"wp-block-paragraph\">Moje ruce pevn\u011b sv\u00edraj\u00edc\u00ed volant.<\/p>\n\n\n\n<p class=\"wp-block-paragraph\">Kov.<\/p>\n\n\n\n<p class=\"wp-block-paragraph\">Bolest.<\/p>\n\n\n\n<p class=\"wp-block-paragraph\">N\u011bco, co m\u011b prudce t\u00e1hlo za krk.<\/p>\n\n\n\n<p class=\"wp-block-paragraph\">Otev\u0159ela jsem o\u010di.<\/p>\n\n\n\n<p class=\"wp-block-paragraph\">N\u00e1hrdeln\u00edk po matce jsem st\u00e1le dr\u017eela v ruce.<\/p>\n\n\n\n<p class=\"wp-block-paragraph\">\u201eRichard tam byl.\u201c<\/p>\n\n\n\n<p class=\"wp-block-paragraph\">\u201eCo\u017ee?\u201c<\/p>\n\n\n\n<p class=\"wp-block-paragraph\">\u201eSledoval m\u011b.\u201c<\/p>\n\n\n\n<p class=\"wp-block-paragraph\">\u201eJ\u00e1 v\u00edm,\u201c za\u0161eptala Megan. \u201e\u0158ekl policii, \u017ee se t\u011b sna\u017eil p\u0159im\u011bt, abys zastavila.\u201c<\/p>\n\n\n\n<p class=\"wp-block-paragraph\">Z\u00edrala jsem na p\u0159etr\u017een\u00e9 zap\u00edn\u00e1n\u00ed.<\/p>\n\n\n\n<p class=\"wp-block-paragraph\">To sta\u010dilo.<\/p>\n\n\n\n<p class=\"wp-block-paragraph\">St\u00e1le jsem si nedok\u00e1zala vzpomenout na celou h\u00e1dku.<\/p>\n\n\n\n<p class=\"wp-block-paragraph\">Mo\u017en\u00e1 si nikdy nevzpomenu.<\/p>\n\n\n\n<p class=\"wp-block-paragraph\">Ale Richard p\u0159esn\u011b v\u011bd\u011bl, co se t\u00e9 noci stalo.<\/p>\n\n\n\n<p class=\"wp-block-paragraph\">A dva roky mi dovolil budovat nov\u00fd \u017eivot kolem toho, \u017ee pravdu nezn\u00e1m.<\/p>\n\n\n\n<p class=\"wp-block-paragraph\">Kdy\u017e se Richard toho ve\u010dera vr\u00e1til dom\u016f, \u010dekala jsem na n\u011bj u kuchy\u0148sk\u00e9ho stolu.<\/p>\n\n\n\n<p class=\"wp-block-paragraph\">Fotografie.<\/p>\n\n\n\n<p class=\"wp-block-paragraph\">M\u016fj star\u00fd telefon.<\/p>\n\n\n\n<p class=\"wp-block-paragraph\">N\u00e1hrdeln\u00edk.<\/p>\n\n\n\n<p class=\"wp-block-paragraph\">V\u0161echno bylo rozlo\u017een\u00e9 p\u0159ede mnou.<\/p>\n\n\n\n<p class=\"wp-block-paragraph\">Zastavil se ve dve\u0159\u00edch.<\/p>\n\n\n\n<p class=\"wp-block-paragraph\">Pak jeho o\u010di spo\u010dinuly na z\u00e1snubn\u00ed fotografii.<\/p>\n\n\n\n<p class=\"wp-block-paragraph\">\u201eClaire.\u201c<\/p>\n\n\n\n<p class=\"wp-block-paragraph\">\u201eNepotkal ses se mnou v nemocnici.\u201c<\/p>\n\n\n\n<p class=\"wp-block-paragraph\">Jeho tv\u00e1\u0159 ztuhla.<\/p>\n\n\n\n<p class=\"wp-block-paragraph\">\u201eNe.\u201c<\/p>\n\n\n\n<p class=\"wp-block-paragraph\">\u201eU\u017e jsme spolu byli.\u201c<\/p>\n\n\n\n<p class=\"wp-block-paragraph\">\u201eAno.\u201c<\/p>\n\n\n\n<p class=\"wp-block-paragraph\">\u201eByli jsme zasnouben\u00ed.\u201c<\/p>\n\n\n\n<p class=\"wp-block-paragraph\">Pod\u00edval se dol\u016f.<\/p>\n\n\n\n<p class=\"wp-block-paragraph\">\u201eAno.\u201c<\/p>\n\n\n\n<p class=\"wp-block-paragraph\">\u201eTak to vysv\u011btli.\u201c<\/p>\n\n\n\n<p class=\"wp-block-paragraph\">Richard pomalu polo\u017eil ta\u0161ku.<\/p>\n\n\n\n<p class=\"wp-block-paragraph\">\u201eNejd\u0159\u00edv jsem \u010dekal, a\u017e se ti vr\u00e1t\u00ed pam\u011b\u0165. L\u00e9ka\u0159i \u0159\u00edkali, \u017ee t\u011b nem\u00e1me do ni\u010deho nutit.\u201c<\/p>\n\n\n\n<p class=\"wp-block-paragraph\">Z\u00edrala jsem na n\u011bj.<\/p>\n\n\n\n<p class=\"wp-block-paragraph\">\u201ePak ub\u00edhaly t\u00fddny. Za\u010dala jsi zase sp\u00e1t. Sm\u00e1la ses.\u201c<\/p>\n\n\n\n<p class=\"wp-block-paragraph\">Hlas se mu za\u010dal l\u00e1mat.<\/p>\n\n\n\n<p class=\"wp-block-paragraph\">\u201ePod\u00edvala ses na m\u011b a nev\u011bd\u011bla jsi, co jsem ud\u011blal.\u201c<\/p>\n\n\n\n<p class=\"wp-block-paragraph\">\u201eTak\u017ee ses rozhodl, \u017ee je pro m\u011b lep\u0161\u00ed nev\u011bd\u011bt.\u201c<\/p>\n\n\n\n<p class=\"wp-block-paragraph\">\u201e\u0158\u00edkal jsem si, \u017ee t\u011b chr\u00e1n\u00edm.\u201c<\/p>\n\n\n\n<p class=\"wp-block-paragraph\">\u201eNe.\u201c<\/p>\n\n\n\n<p class=\"wp-block-paragraph\">Zvedla jsem n\u00e1hrdeln\u00edk.<\/p>\n\n\n\n<p class=\"wp-block-paragraph\">\u201eChr\u00e1n\u00ed\u0161 sebe.\u201c<\/p>\n\n\n\n<p class=\"wp-block-paragraph\">Richard se na n\u011bj pod\u00edval.<\/p>\n\n\n\n<p class=\"wp-block-paragraph\">\u201eNa\u0161el jsem ho vedle tv\u00e9ho auta.\u201c<\/p>\n\n\n\n<p class=\"wp-block-paragraph\">\u201eV\u011bd\u011bl jsi, \u017ee je m\u016fj.\u201c<\/p>\n\n\n\n<p class=\"wp-block-paragraph\">\u201eAno.\u201c<\/p>\n\n\n\n<p class=\"wp-block-paragraph\">\u201eTak pro\u010d jsi mi ho nevr\u00e1til?\u201c<\/p>\n\n\n\n<p class=\"wp-block-paragraph\">Sklopil o\u010di.<\/p>\n\n\n\n<p class=\"wp-block-paragraph\">\u201eProto\u017ee sis pamatovala, \u017ee jsi ho m\u011bla t\u00e9 noci na sob\u011b.\u201c<\/p>\n\n\n\n<p class=\"wp-block-paragraph\">Polkl.<\/p>\n\n\n\n<p class=\"wp-block-paragraph\">\u201eKdybych ti ho vr\u00e1til, zeptala by ses, jak jsem ho z\u00edskal.\u201c<\/p>\n\n\n\n<p class=\"wp-block-paragraph\">\u201eA pak bys musel p\u0159iznat, \u017ee jsi tam byl.\u201c<\/p>\n\n\n\n<p class=\"wp-block-paragraph\">\u201eAno.\u201c<\/p>\n\n\n\n<p class=\"wp-block-paragraph\">\u201eTak\u017ee jsi ho dva roky schov\u00e1val.\u201c<\/p>\n\n\n\n<p class=\"wp-block-paragraph\">\u201eZpo\u010d\u00e1tku.\u201c<\/p>\n\n\n\n<p class=\"wp-block-paragraph\">Pod\u00edval se na m\u016fj svatebn\u00ed prsten.<\/p>\n\n\n\n<p class=\"wp-block-paragraph\">\u201eVzal jsem si ho v\u010dera s sebou, proto\u017ee jsem ti cht\u011bl v\u0161echno \u0159\u00edct po ob\u0159adu.\u201c<\/p>\n\n\n\n<p class=\"wp-block-paragraph\">Z\u00edrala jsem na n\u011bj.<\/p>\n\n\n\n<p class=\"wp-block-paragraph\">\u201ePo ob\u0159adu?\u201c<\/p>\n\n\n\n<p class=\"wp-block-paragraph\">Ne\u0159ekl nic.<\/p>\n\n\n\n<p class=\"wp-block-paragraph\">\u201eCht\u011bl jsi, abych byla pr\u00e1vn\u011b provdan\u00e1 za tebe, ne\u017e mi \u0159ekne\u0161 pravdu.\u201c<\/p>\n\n\n\n<p class=\"wp-block-paragraph\">Jeho ml\u010den\u00ed bylo odpov\u011bd\u00ed.<\/p>\n\n\n\n<p class=\"wp-block-paragraph\">Pak Richard ud\u011blal krok ke mn\u011b.<\/p>\n\n\n\n<p class=\"wp-block-paragraph\">\u201eAle to, co se stalo potom, bylo skute\u010dn\u00e9.\u201c<\/p>\n\n\n\n<p class=\"wp-block-paragraph\">Nic jsem ne\u0159ekla.<\/p>\n\n\n\n<p class=\"wp-block-paragraph\">\u201eZamilovala ses do m\u011b znovu.\u201c<\/p>\n\n\n\n<p class=\"wp-block-paragraph\">O\u010di se mu zalily slzami.<\/p>\n\n\n\n<p class=\"wp-block-paragraph\">\u201eK tomu jsem t\u011b nenutil. Nenutil jsem t\u011b \u0159\u00edct ano, kdy\u017e jsem t\u011b po\u017e\u00e1dal o ruku.\u201c<\/p>\n\n\n\n<p class=\"wp-block-paragraph\">To bolelo, proto\u017ee \u010d\u00e1st m\u011b v\u011bd\u011bla, \u017ee m\u011bl pravdu.<\/p>\n\n\n\n<p class=\"wp-block-paragraph\">Ty vzpom\u00ednky byly moje.<\/p>\n\n\n\n<p class=\"wp-block-paragraph\">Rann\u00ed k\u00e1va.<\/p>\n\n\n\n<p class=\"wp-block-paragraph\">Richard, kter\u00fd m\u011b dr\u017eel, kdy\u017e jsem se probouzela z no\u010dn\u00edch m\u016fr.<\/p>\n\n\n\n<p class=\"wp-block-paragraph\">Na\u0161e spole\u010dn\u00e9 sm\u00edchy.<\/p>\n\n\n\n<p class=\"wp-block-paragraph\">Zamilov\u00e1n\u00ed.<\/p>\n\n\n\n<p class=\"wp-block-paragraph\">P\u0159ijet\u00ed jeho \u017e\u00e1dosti o ruku.<\/p>\n\n\n\n<p class=\"wp-block-paragraph\">Ty chv\u00edle byly skute\u010dn\u00e9.<\/p>\n\n\n\n<p class=\"wp-block-paragraph\">Ale sv\u011bt kolem nich byl postaven\u00fd na l\u017ei.<\/p>\n\n\n\n<p class=\"wp-block-paragraph\">\u201eByli jsme \u0161\u0165astn\u00ed,\u201c za\u0161eptal.<\/p>\n\n\n\n<p class=\"wp-block-paragraph\">\u201eProto\u017ee jsem neznala pravdu.\u201c<\/p>\n\n\n\n<p class=\"wp-block-paragraph\">\u201eAle byla jsi \u0161\u0165astn\u00e1.\u201c<\/p>\n\n\n\n<p class=\"wp-block-paragraph\">Pod\u00edvala jsem se na n\u011bj.<\/p>\n\n\n\n<p class=\"wp-block-paragraph\">\u201eCo znamen\u00e1 \u0161t\u011bst\u00ed, kdy\u017e z\u00e1vis\u00ed na tom, \u017ee m\u011b n\u011bkdo udr\u017euje v nev\u011bdomosti?\u201c<\/p>\n\n\n\n<p class=\"wp-block-paragraph\">Jeho tv\u00e1\u0159 se zhroutila.<\/p>\n\n\n\n<p class=\"wp-block-paragraph\">\u201eB\u00e1l jsem se, \u017ee t\u011b znovu ztrat\u00edm.\u201c<\/p>\n\n\n\n<p class=\"wp-block-paragraph\">\u201eM\u011bl jsi mi d\u00e1t mo\u017enost rozhodnout.\u201c<\/p>\n\n\n\n<p class=\"wp-block-paragraph\">Richard sebou trhl.<\/p>\n\n\n\n<p class=\"wp-block-paragraph\">Pokra\u010dovala jsem.<\/p>\n\n\n\n<h1 class=\"wp-block-heading\">\u201eP\u0159ed nehodou jsem m\u011bla pr\u00e1vo rozhodnout se, jestli ti dok\u00e1\u017eu odpustit.\u201c<\/h1>\n\n\n\n<p class=\"wp-block-paragraph\">Nic ne\u0159ekl.<\/p>\n\n\n\n<p class=\"wp-block-paragraph\">\u201eA po nehod\u011b jsem to pr\u00e1vo m\u011bla po\u0159\u00e1d.\u201c<\/p>\n\n\n\n<p class=\"wp-block-paragraph\">Hlas se mi t\u0159\u00e1sl.<\/p>\n\n\n\n<p class=\"wp-block-paragraph\">\u201eDvakr\u00e1t jsi mi tu mo\u017enost vzal.\u201c<\/p>\n\n\n\n<p class=\"wp-block-paragraph\">Richard na m\u011b z\u00edral.<\/p>\n\n\n\n<p class=\"wp-block-paragraph\">\u201eTak mi \u0159ekni, \u017ee posledn\u00ed dva roky nic neznamenaly.\u201c<\/p>\n\n\n\n<p class=\"wp-block-paragraph\">Nemohla jsem.<\/p>\n\n\n\n<p class=\"wp-block-paragraph\">Proto\u017ee jsem ho milovala.<\/p>\n\n\n\n<p class=\"wp-block-paragraph\">Ty vzpom\u00ednky mi st\u00e1le pat\u0159ily.<\/p>\n\n\n\n<p class=\"wp-block-paragraph\">\u201eZnamenaly,\u201c \u0159ekla jsem.<\/p>\n\n\n\n<p class=\"wp-block-paragraph\">V jeho o\u010d\u00edch se objevila nad\u011bje.<\/p>\n\n\n\n<p class=\"wp-block-paragraph\">Pak jsem dodala:<\/p>\n\n\n\n<p class=\"wp-block-paragraph\">\u201eA pr\u00e1v\u011b proto je to je\u0161t\u011b hor\u0161\u00ed.\u201c<\/p>\n\n\n\n<p class=\"wp-block-paragraph\">Jeho v\u00fdraz se zhroutil.<\/p>\n\n\n\n<p class=\"wp-block-paragraph\">\u201eNechal jsi m\u011b milovat t\u011b, ani\u017e bych v\u011bd\u011bla, co ti vlastn\u011b odpou\u0161t\u00edm.\u201c<\/p>\n\n\n\n<p class=\"wp-block-paragraph\">\u201eDal jsem n\u00e1m druhou \u0161anci.\u201c<\/p>\n\n\n\n<p class=\"wp-block-paragraph\">\u201eNe.\u201c<\/p>\n\n\n\n<p class=\"wp-block-paragraph\">Zavrt\u011bla jsem hlavou.<\/p>\n\n\n\n<p class=\"wp-block-paragraph\">\u201eDal jsi druhou \u0161anci s\u00e1m sob\u011b.\u201c<\/p>\n\n\n\n<p class=\"wp-block-paragraph\">Pak jsem sundala svatebn\u00ed prsten a posunula ho p\u0159es st\u016fl k n\u011bmu.<\/p>\n\n\n\n<p class=\"wp-block-paragraph\">\u201eMo\u017en\u00e1 jednou pochop\u00ed\u0161, \u017ee milovat n\u011bkoho ti ned\u00e1v\u00e1 pr\u00e1vo rozhodovat o tom, kter\u00e9 pravdy jsou pro n\u011bj dostate\u010dn\u011b snesiteln\u00e9.\u201c<\/p>\n\n\n\n<p class=\"wp-block-paragraph\">\u201eClaire, pros\u00edm.\u201c<\/p>\n\n\n\n<p class=\"wp-block-paragraph\">Sev\u0159ela jsem n\u00e1hrdeln\u00edk po sv\u00e9 matce v dlani.<\/p>\n\n\n\n<p class=\"wp-block-paragraph\">\u201eTenhle si nech\u00e1m.\u201c<\/p>\n\n\n\n<p class=\"wp-block-paragraph\">Pod\u00edvala jsem se na p\u0159\u00edv\u011bsek.<\/p>\n\n\n\n<p class=\"wp-block-paragraph\">\u201ePat\u0159\u00ed mn\u011b.\u201c<\/p>\n\n\n\n<p class=\"wp-block-paragraph\">Pak jsem ode\u0161la.<\/p>\n\n\n\n<p class=\"wp-block-paragraph\">Dve\u0159e se za mnou ti\u0161e zav\u0159ely.<\/p>\n\n\n\n<p class=\"wp-block-paragraph\">T\u00e9 noci jsem otev\u0159ela sv\u016fj ko\u017een\u00fd z\u00e1pisn\u00edk na pr\u00e1zdn\u00e9 str\u00e1nce.<\/p>\n\n\n\n<p class=\"wp-block-paragraph\">Poprv\u00e9 jsem si nezapsala n\u011bco, co mi n\u011bkdo jin\u00fd \u0159ekl o tom, k\u00fdm jsem b\u00fdvala.<\/p>\n\n\n\n<p class=\"wp-block-paragraph\">Napsala jsem o tom, k\u00fdm se chci st\u00e1t.<\/p>\n\n\n\n<p class=\"wp-block-paragraph\">Mo\u017en\u00e1 nikdy nez\u00edsk\u00e1m zp\u011bt ka\u017edou vzpom\u00ednku, kterou jsem ztratila.<\/p>\n\n\n\n<p class=\"wp-block-paragraph\">Mo\u017en\u00e1 n\u011bkter\u00e9 \u010d\u00e1sti m\u00e9ho star\u00e9ho \u017eivota nav\u017edy z\u016fstanou pr\u00e1zdn\u00e9.<\/p>\n\n\n\n<p class=\"wp-block-paragraph\">Ale cokoliv p\u0159ijde d\u00e1l, bude pat\u0159it mn\u011b.<\/p>\n\n\n\n<p class=\"wp-block-paragraph\">M\u00fdm rozhodnut\u00edm.<\/p>\n\n\n\n<p class=\"wp-block-paragraph\">M\u00e9 pravd\u011b.<\/p>\n\n\n\n<p class=\"wp-block-paragraph\">M\u00e9 budoucnosti.<\/p>\n\n\n\n<p class=\"wp-block-paragraph\">Zav\u0159ela jsem z\u00e1pisn\u00edk.<\/p>\n\n\n\n<p class=\"wp-block-paragraph\">Pak jsem ode\u0161la.<\/p>\n\n\n\n<p class=\"wp-block-paragraph\">A dve\u0159e se za mnou ti\u0161e zav\u0159ely.<\/p>\n\n\n\n<p class=\"wp-block-paragraph\"><\/p>\n","protected":false},"excerpt":{"rendered":"P\u0159i autonehod\u011b jsem p\u0159i\u0161la o dva roky vzpom\u00ednek.Pak jsem se zamilovala do zdravotn\u00edka, kter\u00fd mi pom\u00e1hal zotavit se. O dva roky pozd\u011bji jsem \n<a class=\"moretag\" href=\"https:\/\/vendeto.am\/?p=33227\"> [...]<\/a>","protected":false},"author":1,"featured_media":33228,"comment_status":"open","ping_status":"open","sticky":false,"template":"","format":"standard","meta":{"footnotes":""},"categories":[2],"tags":[],"class_list":["post-33227","post","type-post","status-publish","format-standard","has-post-thumbnail","hentry","category-sport"],"yoast_head":"<!-- This site is optimized with the Yoast SEO plugin v28.4 - https:\/\/yoast.com\/product\/yoast-seo-wordpress\/ -->\n<title>Vzala jsem si mu\u017ee sv\u00fdch sn\u016f \u2013 ale r\u00e1no po svatb\u011b jsem na\u0161la v jeho smokingu n\u011bco, co m\u011b p\u0159im\u011blo vyk\u0159iknout -<\/title>\n<meta name=\"robots\" content=\"index, follow, max-snippet:-1, max-image-preview:large, max-video-preview:-1\" \/>\n<link rel=\"canonical\" href=\"https:\/\/vendeto.am\/?p=33227\" \/>\n<meta property=\"og:locale\" content=\"ru_RU\" \/>\n<meta property=\"og:type\" content=\"article\" \/>\n<meta property=\"og:title\" content=\"Vzala jsem si mu\u017ee sv\u00fdch sn\u016f \u2013 ale r\u00e1no po svatb\u011b jsem na\u0161la v jeho smokingu n\u011bco, co m\u011b p\u0159im\u011blo vyk\u0159iknout -\" \/>\n<meta property=\"og:description\" content=\"P\u0159i autonehod\u011b jsem p\u0159i\u0161la o dva roky vzpom\u00ednek.Pak jsem se zamilovala do zdravotn\u00edka, kter\u00fd mi pom\u00e1hal zotavit se. O dva roky pozd\u011bji jsem\" \/>\n<meta property=\"og:url\" content=\"https:\/\/vendeto.am\/?p=33227\" \/>\n<meta property=\"article:published_time\" content=\"2026-09-05T05:21:00+00:00\" \/>\n<meta property=\"article:modified_time\" content=\"2026-09-05T05:21:04+00:00\" \/>\n<meta property=\"og:image\" content=\"https:\/\/vendeto.am\/wp-content\/uploads\/2026\/09\/golden_wedding_reception.jpg\" \/>\n\t<meta property=\"og:image:width\" content=\"1408\" \/>\n\t<meta property=\"og:image:height\" content=\"1760\" \/>\n\t<meta property=\"og:image:type\" content=\"image\/jpeg\" \/>\n<meta name=\"author\" content=\"admin\" \/>\n<meta name=\"twitter:card\" content=\"summary_large_image\" \/>\n<meta name=\"twitter:label1\" content=\"\u041d\u0430\u043f\u0438\u0441\u0430\u043d\u043e \u0430\u0432\u0442\u043e\u0440\u043e\u043c\" \/>\n\t<meta name=\"twitter:data1\" content=\"admin\" \/>\n\t<meta name=\"twitter:label2\" content=\"\u041f\u0440\u0438\u043c\u0435\u0440\u043d\u043e\u0435 \u0432\u0440\u0435\u043c\u044f \u0434\u043b\u044f \u0447\u0442\u0435\u043d\u0438\u044f\" \/>\n\t<meta name=\"twitter:data2\" content=\"13 \u043c\u0438\u043d\u0443\u0442\" \/>\n<script type=\"application\/ld+json\" class=\"yoast-schema-graph\">{\"@context\":\"https:\\\/\\\/schema.org\",\"@graph\":[{\"@type\":\"Article\",\"@id\":\"https:\\\/\\\/vendeto.am\\\/?p=33227#article\",\"isPartOf\":{\"@id\":\"https:\\\/\\\/vendeto.am\\\/?p=33227\"},\"author\":{\"name\":\"admin\",\"@id\":\"https:\\\/\\\/vendeto.am\\\/#\\\/schema\\\/person\\\/48a4bd89d2048190ecc61e5ce821bef7\"},\"headline\":\"Vzala jsem si mu\u017ee sv\u00fdch sn\u016f \u2013 ale r\u00e1no po svatb\u011b jsem na\u0161la v jeho smokingu n\u011bco, co m\u011b p\u0159im\u011blo vyk\u0159iknout\",\"datePublished\":\"2026-09-05T05:21:00+00:00\",\"dateModified\":\"2026-09-05T05:21:04+00:00\",\"mainEntityOfPage\":{\"@id\":\"https:\\\/\\\/vendeto.am\\\/?p=33227\"},\"wordCount\":2983,\"commentCount\":0,\"image\":{\"@id\":\"https:\\\/\\\/vendeto.am\\\/?p=33227#primaryimage\"},\"thumbnailUrl\":\"https:\\\/\\\/vendeto.am\\\/wp-content\\\/uploads\\\/2026\\\/09\\\/golden_wedding_reception.jpg\",\"articleSection\":[\"SPORT\"],\"inLanguage\":\"ru-RU\",\"potentialAction\":[{\"@type\":\"CommentAction\",\"name\":\"Comment\",\"target\":[\"https:\\\/\\\/vendeto.am\\\/?p=33227#respond\"]}]},{\"@type\":\"WebPage\",\"@id\":\"https:\\\/\\\/vendeto.am\\\/?p=33227\",\"url\":\"https:\\\/\\\/vendeto.am\\\/?p=33227\",\"name\":\"Vzala jsem si mu\u017ee sv\u00fdch sn\u016f \u2013 ale r\u00e1no po svatb\u011b jsem na\u0161la v jeho smokingu n\u011bco, co m\u011b p\u0159im\u011blo vyk\u0159iknout -\",\"isPartOf\":{\"@id\":\"https:\\\/\\\/vendeto.am\\\/#website\"},\"primaryImageOfPage\":{\"@id\":\"https:\\\/\\\/vendeto.am\\\/?p=33227#primaryimage\"},\"image\":{\"@id\":\"https:\\\/\\\/vendeto.am\\\/?p=33227#primaryimage\"},\"thumbnailUrl\":\"https:\\\/\\\/vendeto.am\\\/wp-content\\\/uploads\\\/2026\\\/09\\\/golden_wedding_reception.jpg\",\"datePublished\":\"2026-09-05T05:21:00+00:00\",\"dateModified\":\"2026-09-05T05:21:04+00:00\",\"author\":{\"@id\":\"https:\\\/\\\/vendeto.am\\\/#\\\/schema\\\/person\\\/48a4bd89d2048190ecc61e5ce821bef7\"},\"breadcrumb\":{\"@id\":\"https:\\\/\\\/vendeto.am\\\/?p=33227#breadcrumb\"},\"inLanguage\":\"ru-RU\",\"potentialAction\":[{\"@type\":\"ReadAction\",\"target\":[\"https:\\\/\\\/vendeto.am\\\/?p=33227\"]}]},{\"@type\":\"ImageObject\",\"inLanguage\":\"ru-RU\",\"@id\":\"https:\\\/\\\/vendeto.am\\\/?p=33227#primaryimage\",\"url\":\"https:\\\/\\\/vendeto.am\\\/wp-content\\\/uploads\\\/2026\\\/09\\\/golden_wedding_reception.jpg\",\"contentUrl\":\"https:\\\/\\\/vendeto.am\\\/wp-content\\\/uploads\\\/2026\\\/09\\\/golden_wedding_reception.jpg\",\"width\":1408,\"height\":1760},{\"@type\":\"BreadcrumbList\",\"@id\":\"https:\\\/\\\/vendeto.am\\\/?p=33227#breadcrumb\",\"itemListElement\":[{\"@type\":\"ListItem\",\"position\":1,\"name\":\"\u0413\u043b\u0430\u0432\u043d\u0430\u044f \u0441\u0442\u0440\u0430\u043d\u0438\u0446\u0430\",\"item\":\"https:\\\/\\\/vendeto.am\\\/\"},{\"@type\":\"ListItem\",\"position\":2,\"name\":\"Vzala jsem si mu\u017ee sv\u00fdch sn\u016f \u2013 ale r\u00e1no po svatb\u011b jsem na\u0161la v jeho smokingu n\u011bco, co m\u011b p\u0159im\u011blo vyk\u0159iknout\"}]},{\"@type\":\"WebSite\",\"@id\":\"https:\\\/\\\/vendeto.am\\\/#website\",\"url\":\"https:\\\/\\\/vendeto.am\\\/\",\"name\":\"\",\"description\":\"\",\"potentialAction\":[{\"@type\":\"SearchAction\",\"target\":{\"@type\":\"EntryPoint\",\"urlTemplate\":\"https:\\\/\\\/vendeto.am\\\/?s={search_term_string}\"},\"query-input\":{\"@type\":\"PropertyValueSpecification\",\"valueRequired\":true,\"valueName\":\"search_term_string\"}}],\"inLanguage\":\"ru-RU\"},{\"@type\":\"Person\",\"@id\":\"https:\\\/\\\/vendeto.am\\\/#\\\/schema\\\/person\\\/48a4bd89d2048190ecc61e5ce821bef7\",\"name\":\"admin\",\"image\":{\"@type\":\"ImageObject\",\"inLanguage\":\"ru-RU\",\"@id\":\"https:\\\/\\\/secure.gravatar.com\\\/avatar\\\/df64e550a0653b7be0f1bcf897f33faad9c2c8153472b2d9319beafb51370f6f?s=96&d=mm&r=g\",\"url\":\"https:\\\/\\\/secure.gravatar.com\\\/avatar\\\/df64e550a0653b7be0f1bcf897f33faad9c2c8153472b2d9319beafb51370f6f?s=96&d=mm&r=g\",\"contentUrl\":\"https:\\\/\\\/secure.gravatar.com\\\/avatar\\\/df64e550a0653b7be0f1bcf897f33faad9c2c8153472b2d9319beafb51370f6f?s=96&d=mm&r=g\",\"caption\":\"admin\"},\"sameAs\":[\"http:\\\/\\\/vendeto.am\"]}]}<\/script>\n<!-- \/ Yoast SEO plugin. -->","yoast_head_json":{"title":"Vzala jsem si mu\u017ee sv\u00fdch sn\u016f \u2013 ale r\u00e1no po svatb\u011b jsem na\u0161la v jeho smokingu n\u011bco, co m\u011b p\u0159im\u011blo vyk\u0159iknout -","robots":{"index":"index","follow":"follow","max-snippet":"max-snippet:-1","max-image-preview":"max-image-preview:large","max-video-preview":"max-video-preview:-1"},"canonical":"https:\/\/vendeto.am\/?p=33227","og_locale":"ru_RU","og_type":"article","og_title":"Vzala jsem si mu\u017ee sv\u00fdch sn\u016f \u2013 ale r\u00e1no po svatb\u011b jsem na\u0161la v jeho smokingu n\u011bco, co m\u011b p\u0159im\u011blo vyk\u0159iknout -","og_description":"P\u0159i autonehod\u011b jsem p\u0159i\u0161la o dva roky vzpom\u00ednek.Pak jsem se zamilovala do zdravotn\u00edka, kter\u00fd mi pom\u00e1hal zotavit se. O dva roky pozd\u011bji jsem","og_url":"https:\/\/vendeto.am\/?p=33227","article_published_time":"2026-09-05T05:21:00+00:00","article_modified_time":"2026-09-05T05:21:04+00:00","og_image":[{"width":1408,"height":1760,"url":"https:\/\/vendeto.am\/wp-content\/uploads\/2026\/09\/golden_wedding_reception.jpg","type":"image\/jpeg"}],"author":"admin","twitter_card":"summary_large_image","twitter_misc":{"\u041d\u0430\u043f\u0438\u0441\u0430\u043d\u043e \u0430\u0432\u0442\u043e\u0440\u043e\u043c":"admin","\u041f\u0440\u0438\u043c\u0435\u0440\u043d\u043e\u0435 \u0432\u0440\u0435\u043c\u044f \u0434\u043b\u044f \u0447\u0442\u0435\u043d\u0438\u044f":"13 \u043c\u0438\u043d\u0443\u0442"},"schema":{"@context":"https:\/\/schema.org","@graph":[{"@type":"Article","@id":"https:\/\/vendeto.am\/?p=33227#article","isPartOf":{"@id":"https:\/\/vendeto.am\/?p=33227"},"author":{"name":"admin","@id":"https:\/\/vendeto.am\/#\/schema\/person\/48a4bd89d2048190ecc61e5ce821bef7"},"headline":"Vzala jsem si mu\u017ee sv\u00fdch sn\u016f \u2013 ale r\u00e1no po svatb\u011b jsem na\u0161la v jeho smokingu n\u011bco, co m\u011b p\u0159im\u011blo vyk\u0159iknout","datePublished":"2026-09-05T05:21:00+00:00","dateModified":"2026-09-05T05:21:04+00:00","mainEntityOfPage":{"@id":"https:\/\/vendeto.am\/?p=33227"},"wordCount":2983,"commentCount":0,"image":{"@id":"https:\/\/vendeto.am\/?p=33227#primaryimage"},"thumbnailUrl":"https:\/\/vendeto.am\/wp-content\/uploads\/2026\/09\/golden_wedding_reception.jpg","articleSection":["SPORT"],"inLanguage":"ru-RU","potentialAction":[{"@type":"CommentAction","name":"Comment","target":["https:\/\/vendeto.am\/?p=33227#respond"]}]},{"@type":"WebPage","@id":"https:\/\/vendeto.am\/?p=33227","url":"https:\/\/vendeto.am\/?p=33227","name":"Vzala jsem si mu\u017ee sv\u00fdch sn\u016f \u2013 ale r\u00e1no po svatb\u011b jsem na\u0161la v jeho smokingu n\u011bco, co m\u011b p\u0159im\u011blo vyk\u0159iknout -","isPartOf":{"@id":"https:\/\/vendeto.am\/#website"},"primaryImageOfPage":{"@id":"https:\/\/vendeto.am\/?p=33227#primaryimage"},"image":{"@id":"https:\/\/vendeto.am\/?p=33227#primaryimage"},"thumbnailUrl":"https:\/\/vendeto.am\/wp-content\/uploads\/2026\/09\/golden_wedding_reception.jpg","datePublished":"2026-09-05T05:21:00+00:00","dateModified":"2026-09-05T05:21:04+00:00","author":{"@id":"https:\/\/vendeto.am\/#\/schema\/person\/48a4bd89d2048190ecc61e5ce821bef7"},"breadcrumb":{"@id":"https:\/\/vendeto.am\/?p=33227#breadcrumb"},"inLanguage":"ru-RU","potentialAction":[{"@type":"ReadAction","target":["https:\/\/vendeto.am\/?p=33227"]}]},{"@type":"ImageObject","inLanguage":"ru-RU","@id":"https:\/\/vendeto.am\/?p=33227#primaryimage","url":"https:\/\/vendeto.am\/wp-content\/uploads\/2026\/09\/golden_wedding_reception.jpg","contentUrl":"https:\/\/vendeto.am\/wp-content\/uploads\/2026\/09\/golden_wedding_reception.jpg","width":1408,"height":1760},{"@type":"BreadcrumbList","@id":"https:\/\/vendeto.am\/?p=33227#breadcrumb","itemListElement":[{"@type":"ListItem","position":1,"name":"\u0413\u043b\u0430\u0432\u043d\u0430\u044f \u0441\u0442\u0440\u0430\u043d\u0438\u0446\u0430","item":"https:\/\/vendeto.am\/"},{"@type":"ListItem","position":2,"name":"Vzala jsem si mu\u017ee sv\u00fdch sn\u016f \u2013 ale r\u00e1no po svatb\u011b jsem na\u0161la v jeho smokingu n\u011bco, co m\u011b p\u0159im\u011blo vyk\u0159iknout"}]},{"@type":"WebSite","@id":"https:\/\/vendeto.am\/#website","url":"https:\/\/vendeto.am\/","name":"","description":"","potentialAction":[{"@type":"SearchAction","target":{"@type":"EntryPoint","urlTemplate":"https:\/\/vendeto.am\/?s={search_term_string}"},"query-input":{"@type":"PropertyValueSpecification","valueRequired":true,"valueName":"search_term_string"}}],"inLanguage":"ru-RU"},{"@type":"Person","@id":"https:\/\/vendeto.am\/#\/schema\/person\/48a4bd89d2048190ecc61e5ce821bef7","name":"admin","image":{"@type":"ImageObject","inLanguage":"ru-RU","@id":"https:\/\/secure.gravatar.com\/avatar\/df64e550a0653b7be0f1bcf897f33faad9c2c8153472b2d9319beafb51370f6f?s=96&d=mm&r=g","url":"https:\/\/secure.gravatar.com\/avatar\/df64e550a0653b7be0f1bcf897f33faad9c2c8153472b2d9319beafb51370f6f?s=96&d=mm&r=g","contentUrl":"https:\/\/secure.gravatar.com\/avatar\/df64e550a0653b7be0f1bcf897f33faad9c2c8153472b2d9319beafb51370f6f?s=96&d=mm&r=g","caption":"admin"},"sameAs":["http:\/\/vendeto.am"]}]}},"_links":{"self":[{"href":"https:\/\/vendeto.am\/index.php?rest_route=\/wp\/v2\/posts\/33227","targetHints":{"allow":["GET"]}}],"collection":[{"href":"https:\/\/vendeto.am\/index.php?rest_route=\/wp\/v2\/posts"}],"about":[{"href":"https:\/\/vendeto.am\/index.php?rest_route=\/wp\/v2\/types\/post"}],"author":[{"embeddable":true,"href":"https:\/\/vendeto.am\/index.php?rest_route=\/wp\/v2\/users\/1"}],"replies":[{"embeddable":true,"href":"https:\/\/vendeto.am\/index.php?rest_route=%2Fwp%2Fv2%2Fcomments&post=33227"}],"version-history":[{"count":1,"href":"https:\/\/vendeto.am\/index.php?rest_route=\/wp\/v2\/posts\/33227\/revisions"}],"predecessor-version":[{"id":33229,"href":"https:\/\/vendeto.am\/index.php?rest_route=\/wp\/v2\/posts\/33227\/revisions\/33229"}],"wp:featuredmedia":[{"embeddable":true,"href":"https:\/\/vendeto.am\/index.php?rest_route=\/wp\/v2\/media\/33228"}],"wp:attachment":[{"href":"https:\/\/vendeto.am\/index.php?rest_route=%2Fwp%2Fv2%2Fmedia&parent=33227"}],"wp:term":[{"taxonomy":"category","embeddable":true,"href":"https:\/\/vendeto.am\/index.php?rest_route=%2Fwp%2Fv2%2Fcategories&post=33227"},{"taxonomy":"post_tag","embeddable":true,"href":"https:\/\/vendeto.am\/index.php?rest_route=%2Fwp%2Fv2%2Ftags&post=33227"}],"curies":[{"name":"wp","href":"https:\/\/api.w.org\/{rel}","templated":true}]}}