{"id":33230,"date":"2026-09-05T08:22:42","date_gmt":"2026-09-05T05:22:42","guid":{"rendered":"https:\/\/vendeto.am\/?p=33230"},"modified":"2026-09-05T08:22:44","modified_gmt":"2026-09-05T05:22:44","slug":"spechala-jsem-do-nemocnice-po-manzelove-mensi-autonehode-ale-kdyz-mi-sestra-predala-jeho-veci-jeden-predmet-mi-zpusobil-mraz-po-celem-tele","status":"publish","type":"post","link":"https:\/\/vendeto.am\/?p=33230","title":{"rendered":"Sp\u011bchala jsem do nemocnice po man\u017eelov\u011b men\u0161\u00ed autonehod\u011b \u2013 ale kdy\u017e mi sestra p\u0159edala jeho v\u011bci, jeden p\u0159edm\u011bt mi zp\u016fsobil mr\u00e1z po cel\u00e9m t\u011ble"},"content":{"rendered":"\n<p class=\"wp-block-paragraph\"><strong>Myslela jsem si, \u017ee man\u017eelova nehoda bude to nejhor\u0161\u00ed, s \u010d\u00edm se ten den budu muset vypo\u0159\u00e1dat.<\/strong>M\u00fdlila jsem se.<\/p>\n\n\n\n<p class=\"wp-block-paragraph\">L\u00e9ka\u0159 m\u011b u\u017e ujistil, \u017ee Ethan bude v po\u0159\u00e1dku, kdy\u017e jeden mal\u00fd objev zp\u016fsobil, \u017ee jsem za\u010dala pochybovat o posledn\u00edch osmn\u00e1cti m\u011bs\u00edc\u00edch na\u0161eho man\u017eelstv\u00ed.<\/p>\n\n\n\n<p class=\"wp-block-paragraph\">M\u011bla jsem c\u00edtit \u00falevu.<\/p>\n\n\n\n<p class=\"wp-block-paragraph\">M\u00edsto toho jsem st\u00e1la na nemocni\u010dn\u00ed chodb\u011b a dr\u017eela pr\u016fhledn\u00fd plastov\u00fd s\u00e1\u010dek s Ethanov\u00fdmi v\u011bcmi. A z\u00edrala jsem na d\u011btskou kresbu.<\/p>\n\n\n\n<p class=\"wp-block-paragraph\">Na pap\u00ed\u0159e byly t\u0159i postavi\u010dky nakreslen\u00e9 klac\u00edky.<\/p>\n\n\n\n<p class=\"wp-block-paragraph\">Vedle nich dv\u011b mal\u00e1 miminka zabalen\u00e1 do modr\u00fdch dek.<\/p>\n\n\n\n<p class=\"wp-block-paragraph\">Naho\u0159e bylo kostrbat\u00fdmi pastelkami naps\u00e1no:<\/p>\n\n\n\n<p class=\"wp-block-paragraph\"><strong>J\u00c1 + T\u00c1TA + MIMINKA.<\/strong><\/p>\n\n\n\n<p class=\"wp-block-paragraph\">Pod t\u00edm byla dal\u0161\u00ed zpr\u00e1va.<\/p>\n\n\n\n<p class=\"wp-block-paragraph\"><strong>Mo\u017en\u00e1 se p\u0159\u00ed\u0161t\u011b budu moct setkat s Atlasem a Owenem.<\/strong><\/p>\n\n\n\n<p class=\"wp-block-paragraph\"><strong>S l\u00e1skou, Mia.<\/strong><\/p>\n\n\n\n<p class=\"wp-block-paragraph\">Dvakr\u00e1t jsem si p\u0159e\u010detla jm\u00e9na sv\u00fdch syn\u016f.<\/p>\n\n\n\n<p class=\"wp-block-paragraph\">Pak jsem kresbu slo\u017eila a zam\u00ed\u0159ila p\u0159\u00edmo do Ethanova pokoje.<\/p>\n\n\n\n<p class=\"wp-block-paragraph\">\u201eKdo je Mia?\u201c<\/p>\n\n\n\n<p class=\"wp-block-paragraph\">Zvedl o\u010di z nemocni\u010dn\u00ed postele.<\/p>\n\n\n\n<p class=\"wp-block-paragraph\">U sp\u00e1nku m\u011bl od\u0159eninu a jedno z\u00e1p\u011bst\u00ed m\u011bl po nehod\u011b znehybn\u011bn\u00e9.<\/p>\n\n\n\n<p class=\"wp-block-paragraph\">\u00daleva, kter\u00e1 se mu objevila ve tv\u00e1\u0159i, kdy\u017e m\u011b spat\u0159il, okam\u017eit\u011b zmizela.<\/p>\n\n\n\n<p class=\"wp-block-paragraph\">\u201eKde jsi to vzala?\u201c<\/p>\n\n\n\n<p class=\"wp-block-paragraph\">\u201eBylo to mezi tv\u00fdmi v\u011bcmi.\u201c<\/p>\n\n\n\n<p class=\"wp-block-paragraph\">\u201eAnniko\u2026\u201c<\/p>\n\n\n\n<p class=\"wp-block-paragraph\">\u201eZn\u00e1 jm\u00e9na na\u0161ich syn\u016f.\u201c<\/p>\n\n\n\n<p class=\"wp-block-paragraph\">Odvr\u00e1til pohled.<\/p>\n\n\n\n<p class=\"wp-block-paragraph\">V tu chv\u00edli se mi sev\u0159el \u017ealudek.<\/p>\n\n\n\n<p class=\"wp-block-paragraph\">\u201eKdo je?\u201c<\/p>\n\n\n\n<p class=\"wp-block-paragraph\">\u201eM\u016f\u017eeme si o tom promluvit pozd\u011bji?\u201c<\/p>\n\n\n\n<p class=\"wp-block-paragraph\">\u201eNe.\u201c<\/p>\n\n\n\n<p class=\"wp-block-paragraph\">\u201eStra\u0161n\u011b m\u011b bol\u00ed hlava.\u201c<\/p>\n\n\n\n<p class=\"wp-block-paragraph\">\u201eTak mi odpov\u011bz, ne\u017e si odpo\u010dine\u0161.\u201c<\/p>\n\n\n\n<p class=\"wp-block-paragraph\">Polkl.<\/p>\n\n\n\n<p class=\"wp-block-paragraph\">\u201eJe to moje dcera.\u201c<\/p>\n\n\n\n<p class=\"wp-block-paragraph\">Z\u00edrala jsem na n\u011bj.<\/p>\n\n\n\n<figure class=\"wp-block-image is-resized\"><img decoding=\"async\" src=\"https:\/\/chexia.info\/wp-content\/uploads\/2026\/09\/cozy_hospital_room-819x1024.jpg\" alt=\"\" class=\"wp-image-10203\" style=\"aspect-ratio:0.7998046875;width:819px;height:auto\"\/><\/figure>\n\n\n\n<p class=\"wp-block-paragraph\">\u201eTvoje co?\u201c<\/p>\n\n\n\n<p class=\"wp-block-paragraph\">\u201eMoje dcera.\u201c<\/p>\n\n\n\n<p class=\"wp-block-paragraph\">\u201eKolik j\u00ed je?\u201c<\/p>\n\n\n\n<p class=\"wp-block-paragraph\">\u201eOsm.\u201c<\/p>\n\n\n\n<p class=\"wp-block-paragraph\">Okam\u017eit\u011b jsem za\u010dala po\u010d\u00edtat.<\/p>\n\n\n\n<p class=\"wp-block-paragraph\">S Ethanem jsme se poznali p\u0159ed sedmi lety.<\/p>\n\n\n\n<p class=\"wp-block-paragraph\">\u201ePodv\u00e1d\u011bl jsi m\u011b?\u201c<\/p>\n\n\n\n<p class=\"wp-block-paragraph\">\u201eNe.\u201c<\/p>\n\n\n\n<p class=\"wp-block-paragraph\">Odpov\u011bd\u011bl okam\u017eit\u011b.<\/p>\n\n\n\n<p class=\"wp-block-paragraph\">\u201eNe, Anniko. S Lauren jsme spolu kr\u00e1tce chodili je\u0161t\u011b p\u0159edt\u00edm, ne\u017e jsem t\u011b v\u016fbec poznal. Roze\u0161li jsme se d\u0159\u00edv, ne\u017e zjistila, \u017ee je t\u011bhotn\u00e1.\u201c<\/p>\n\n\n\n<p class=\"wp-block-paragraph\">\u201eLauren?\u201c<\/p>\n\n\n\n<p class=\"wp-block-paragraph\">\u201eMiina matka.\u201c<\/p>\n\n\n\n<p class=\"wp-block-paragraph\">Pevn\u011bji jsem sev\u0159ela pap\u00edr.<\/p>\n\n\n\n<p class=\"wp-block-paragraph\">\u201eTak\u017ee o tom d\u00edt\u011bti v\u00ed\u0161 u\u017e osm let?\u201c<\/p>\n\n\n\n<p class=\"wp-block-paragraph\">\u201eNe.\u201c<\/p>\n\n\n\n<p class=\"wp-block-paragraph\">\u201eJak dlouho?\u201c<\/p>\n\n\n\n<p class=\"wp-block-paragraph\">Z\u00edral na p\u0159ikr\u00fdvku.<\/p>\n\n\n\n<p class=\"wp-block-paragraph\">\u201eEthane.\u201c<\/p>\n\n\n\n<p class=\"wp-block-paragraph\">\u201eOsmn\u00e1ct m\u011bs\u00edc\u016f.\u201c<\/p>\n\n\n\n<p class=\"wp-block-paragraph\">Cel\u00e9 t\u011blo mi zchladlo.<\/p>\n\n\n\n<p class=\"wp-block-paragraph\">P\u0159ed osmn\u00e1cti m\u011bs\u00edci jsem st\u00e1le podstupovala IVF.<\/p>\n\n\n\n<p class=\"wp-block-paragraph\">P\u011bt let Ethan sledoval, jak proch\u00e1z\u00edm vy\u0161et\u0159en\u00edmi, injekcemi, ne\u00fasp\u011b\u0161n\u00fdmi cykly a telefon\u00e1ty, na kter\u00e9 jsem se nakonec za\u010dala b\u00e1t odpov\u00eddat.<\/p>\n\n\n\n<p class=\"wp-block-paragraph\">A pak, p\u0159ed \u0161esti m\u011bs\u00edci, se kone\u010dn\u011b narodili Atlas a Owen.<\/p>\n\n\n\n<p class=\"wp-block-paragraph\">Celou tu dobu jsem Ethanovi naprosto d\u016fv\u011b\u0159ovala.<\/p>\n\n\n\n<p class=\"wp-block-paragraph\">Sd\u00edleli jsme hesla.<\/p>\n\n\n\n<p class=\"wp-block-paragraph\">Bankovn\u00ed \u00fa\u010dty.<\/p>\n\n\n\n<p class=\"wp-block-paragraph\">Kalend\u00e1\u0159e.<\/p>\n\n\n\n<p class=\"wp-block-paragraph\">V\u011b\u0159ila jsem, \u017ee v na\u0161em \u017eivot\u011b nen\u00ed nic d\u016fle\u017eit\u00e9ho, o \u010dem by jeden z n\u00e1s v\u011bd\u011bl a druh\u00fd ne.<\/p>\n\n\n\n<p class=\"wp-block-paragraph\">\u201eZjistil jsi o n\u00ed, kdy\u017e jsme je\u0161t\u011b podstupovali l\u00e9\u010dbu neplodnosti?\u201c<\/p>\n\n\n\n<p class=\"wp-block-paragraph\">\u201eTeprve ned\u00e1vno jsem se o n\u00ed dozv\u011bd\u011bl.\u201c<\/p>\n\n\n\n<p class=\"wp-block-paragraph\">\u201eA ne\u0159ekl jsi mi to.\u201c<\/p>\n\n\n\n<p class=\"wp-block-paragraph\">\u201eNev\u011bd\u011bl jsem, co m\u00e1m d\u011blat.\u201c<\/p>\n\n\n\n<p class=\"wp-block-paragraph\">\u201e\u0158\u00edk\u00e1 ti tati.\u201c<\/p>\n\n\n\n<p class=\"wp-block-paragraph\">Zav\u0159el o\u010di.<\/p>\n\n\n\n<p class=\"wp-block-paragraph\">Ta odpov\u011b\u010f mi \u0159ekla dost.<\/p>\n\n\n\n<p class=\"wp-block-paragraph\">Ne\u017e jsem se sta\u010dila zeptat na dal\u0161\u00ed ot\u00e1zku, otev\u0159ely se dve\u0159e a ve\u0161el doktor Collins.<\/p>\n\n\n\n<p class=\"wp-block-paragraph\">U\u017e mi \u0159ekl, \u017ee Ethan utrp\u011bl lehk\u00fd ot\u0159es mozku a m\u00e1 zlomen\u00e9 z\u00e1p\u011bst\u00ed, ale nic z toho nebylo \u017eivot ohro\u017euj\u00edc\u00ed.<\/p>\n\n\n\n<p class=\"wp-block-paragraph\">\u201eMus\u00edm ho znovu vy\u0161et\u0159it,\u201c \u0159ekl.<\/p>\n\n\n\n<p class=\"wp-block-paragraph\">Ethan se na m\u011b pod\u00edval.<\/p>\n\n\n\n<p class=\"wp-block-paragraph\">\u201eNeodch\u00e1zej.\u201c<\/p>\n\n\n\n<p class=\"wp-block-paragraph\">Cht\u011bla jsem je\u0161t\u011b hodinu odpov\u011bd\u00ed.<\/p>\n\n\n\n<p class=\"wp-block-paragraph\">M\u00edsto toho jsem se pod\u00edvala na kresbu ve sv\u00e9 ruce.<\/p>\n\n\n\n<p class=\"wp-block-paragraph\">\u201eNeskon\u010dili jsme.\u201c<\/p>\n\n\n\n<h1 class=\"wp-block-heading\"><strong>Pak jsem ode\u0161la.<\/strong><\/h1>\n\n\n\n<p class=\"wp-block-paragraph\">O \u0161est hodin d\u0159\u00edve mi z nemocnice zavolali kv\u016fli Ethanov\u011b nehod\u011b.<\/p>\n\n\n\n<p class=\"wp-block-paragraph\">Dvoj\u010data jsem nechala u sousedky a okam\u017eit\u011b odjela do nemocnice.<\/p>\n\n\n\n<p class=\"wp-block-paragraph\">Kdy\u017e jsem dorazila, l\u00e9ka\u0159 mi \u0159ekl, \u017ee se Ethan zotav\u00ed.<\/p>\n\n\n\n<p class=\"wp-block-paragraph\">Potom mi sestra p\u0159edala pr\u016fhledn\u00fd plastov\u00fd s\u00e1\u010dek s jeho pen\u011b\u017eenkou, kl\u00ed\u010di, praskl\u00fdm telefonem a snubn\u00edm prstenem.<\/p>\n\n\n\n<p class=\"wp-block-paragraph\">Jeho oby\u010dejn\u00fd \u017eivot.<\/p>\n\n\n\n<p class=\"wp-block-paragraph\">A\u017e do chv\u00edle, kdy se uvnit\u0159 s\u00e1\u010dku pohnula jeho pen\u011b\u017eenka.<\/p>\n\n\n\n<p class=\"wp-block-paragraph\">A pod n\u00ed se objevila Miina kresba.<\/p>\n\n\n\n<p class=\"wp-block-paragraph\">Ten ve\u010der jsem odvezla Atlase a Owena dom\u016f.<\/p>\n\n\n\n<p class=\"wp-block-paragraph\">Owen byl neklidn\u00fd, zat\u00edmco jsem mu oh\u0159\u00edvala lahvi\u010dku.<\/p>\n\n\n\n<p class=\"wp-block-paragraph\">Atlas kopal no\u017ei\u010dkami do seda\u010dky.<\/p>\n\n\n\n<p class=\"wp-block-paragraph\">Za norm\u00e1ln\u00edch okolnost\u00ed by Ethan vzal jedno miminko a j\u00e1 bych se postarala o druh\u00e9.<\/p>\n\n\n\n<p class=\"wp-block-paragraph\">Ten ve\u010der p\u016fsobila pr\u00e1zdn\u00e1 \u017eidle naproti mn\u011b obrovsky.<\/p>\n\n\n\n<p class=\"wp-block-paragraph\">Nakrmila jsem Owena a p\u0159itom se d\u00edvala na tabuli v na\u0161\u00ed kuchyni.<\/p>\n\n\n\n<p class=\"wp-block-paragraph\"><strong>Atlas \u2013 lahvi\u010dka 4:30.<\/strong><\/p>\n\n\n\n<p class=\"wp-block-paragraph\"><strong>Owen \u2013 lahvi\u010dka 5:00.<\/strong><\/p>\n\n\n\n<p class=\"wp-block-paragraph\"><strong>Pr\u00e1dlo.<\/strong><\/p>\n\n\n\n<p class=\"wp-block-paragraph\"><strong>Ethan doma \u2013 5:15.<\/strong><\/p>\n\n\n\n<p class=\"wp-block-paragraph\">Pl\u00e1nov\u00e1n\u00ed se b\u011bhem IVF stalo m\u00fdm zp\u016fsobem, jak se vyrovn\u00e1vat se v\u0161\u00edm.<\/p>\n\n\n\n<p class=\"wp-block-paragraph\">Nemohla jsem ovlivnit, jestli l\u00e9\u010dba zabere.<\/p>\n\n\n\n<p class=\"wp-block-paragraph\">Ale mohla jsem kontrolovat \u010dasy l\u00e9k\u016f.<\/p>\n\n\n\n<p class=\"wp-block-paragraph\">Vy\u0161et\u0159en\u00ed.<\/p>\n\n\n\n<p class=\"wp-block-paragraph\">Telefon\u00e1ty.<\/p>\n\n\n\n<p class=\"wp-block-paragraph\">Te\u010f m\u011b ale jedna v\u011bta na tabuli znepokojovala.<\/p>\n\n\n\n<p class=\"wp-block-paragraph\"><strong>Ethan doma \u2013 5:15.<\/strong><\/p>\n\n\n\n<p class=\"wp-block-paragraph\">Jen\u017ee t\u011bch pozdn\u00edch ve\u010der\u016f bylo v\u00edc.<\/p>\n\n\n\n<p class=\"wp-block-paragraph\">Mnohem v\u00edc.<\/p>\n\n\n\n<p class=\"wp-block-paragraph\">\u201eNo tak, Anniko,\u201c za\u0161eptala jsem. \u201e\u010ceho sis nev\u0161imla?\u201c<\/p>\n\n\n\n<p class=\"wp-block-paragraph\">Otev\u0159ela jsem notebook.<\/p>\n\n\n\n<p class=\"wp-block-paragraph\">Na\u0161e \u00fa\u010dty byly spole\u010dn\u00e9.<\/p>\n\n\n\n<p class=\"wp-block-paragraph\">Jestli Ethan o Mie v\u011bd\u011bl osmn\u00e1ct m\u011bs\u00edc\u016f, cht\u011bla jsem v\u011bd\u011bt, kolik z jeho \u017eivota s n\u00ed p\u0159ede mnou skr\u00fdval.<\/p>\n\n\n\n<p class=\"wp-block-paragraph\">Trvalo mi patn\u00e1ct minut, ne\u017e jsem si toho v\u0161imla.<\/p>\n\n\n\n<p class=\"wp-block-paragraph\">Ka\u017ed\u00fdch n\u011bkolik t\u00fddn\u016f se objevily mal\u00e9 platby.<\/p>\n\n\n\n<p class=\"wp-block-paragraph\">N\u011bkter\u00fdch jsem si v\u0161imla u\u017e d\u0159\u00edve, ale Ethan je v\u017edy ozna\u010doval jako r\u016fzn\u00e9 v\u00fddaje.<\/p>\n\n\n\n<p class=\"wp-block-paragraph\">Te\u010f jsem otev\u0159ela jednu po druh\u00e9.<\/p>\n\n\n\n<p class=\"wp-block-paragraph\">\u0160koln\u00ed pot\u0159eby.<\/p>\n\n\n\n<p class=\"wp-block-paragraph\">Boty.<\/p>\n\n\n\n<p class=\"wp-block-paragraph\">Zuba\u0159.<\/p>\n\n\n\n<p class=\"wp-block-paragraph\">Letn\u00ed program.<\/p>\n\n\n\n<p class=\"wp-block-paragraph\">Op\u0159ela jsem se v \u017eidli.<\/p>\n\n\n\n<p class=\"wp-block-paragraph\">Owen ti\u0161e zavrn\u011bl na m\u00e9 hrudi.<\/p>\n\n\n\n<p class=\"wp-block-paragraph\">\u201eTv\u016fj t\u00e1ta m\u011bl napilno,\u201c za\u0161eptala jsem.<\/p>\n\n\n\n<p class=\"wp-block-paragraph\">Ta slova bolela.<\/p>\n\n\n\n<p class=\"wp-block-paragraph\">Proto\u017ee platit tyhle v\u011bci nebylo \u0161patn\u00e9.<\/p>\n\n\n\n<p class=\"wp-block-paragraph\">A pr\u00e1v\u011b to byl ten probl\u00e9m.<\/p>\n\n\n\n<p class=\"wp-block-paragraph\">Nezji\u0161\u0165ovala jsem, \u017ee Ethan je \u0161patn\u00fd otec.<\/p>\n\n\n\n<p class=\"wp-block-paragraph\">Zji\u0161\u0165ovala jsem, \u017ee se potaj\u00ed st\u00e1val dobr\u00fdm otcem Mie, zat\u00edmco sv\u00e9 man\u017eelce lhal o tom, \u017ee v\u016fbec existuje.<\/p>\n\n\n\n<p class=\"wp-block-paragraph\">Druh\u00fd den r\u00e1no se Ethan vr\u00e1til dom\u016f s pokyny, aby odpo\u010d\u00edval.<\/p>\n\n\n\n<p class=\"wp-block-paragraph\">Ve\u0161el do kuchyn\u011b a pod\u00edval se na dvoj\u010data.<\/p>\n\n\n\n<p class=\"wp-block-paragraph\">\u201eJak se maj\u00ed?\u201c<\/p>\n\n\n\n<p class=\"wp-block-paragraph\">\u201eDob\u0159e.\u201c<\/p>\n\n\n\n<p class=\"wp-block-paragraph\">\u201eM\u016f\u017eu je pochovat?\u201c<\/p>\n\n\n\n<p class=\"wp-block-paragraph\">\u201eSp\u00ed. Po\u010dkej, a\u017e se probud\u00ed.\u201c<\/p>\n\n\n\n<p class=\"wp-block-paragraph\">P\u0159ik\u00fdvl.<\/p>\n\n\n\n<p class=\"wp-block-paragraph\">Pak jsem k n\u011bmu oto\u010dila notebook.<\/p>\n\n\n\n<p class=\"wp-block-paragraph\">\u201eCo jsou tyhle platby?\u201c<\/p>\n\n\n\n<p class=\"wp-block-paragraph\">Zastavil se.<\/p>\n\n\n\n<p class=\"wp-block-paragraph\">\u201eAnniko.\u201c<\/p>\n\n\n\n<p class=\"wp-block-paragraph\">\u201eJak \u010dasto se s Miou v\u00edd\u00e1\u0161?\u201c<\/p>\n\n\n\n<p class=\"wp-block-paragraph\">Opatrn\u011b se posadil na \u017eidli.<\/p>\n\n\n\n<p class=\"wp-block-paragraph\">\u201eJe to slo\u017eit\u00e9.\u201c<\/p>\n\n\n\n<p class=\"wp-block-paragraph\">\u201eJak \u010dasto?\u201c<\/p>\n\n\n\n<p class=\"wp-block-paragraph\">\u201eOb\u010das.\u201c<\/p>\n\n\n\n<p class=\"wp-block-paragraph\">\u201eJednou za m\u011bs\u00edc?\u201c<\/p>\n\n\n\n<p class=\"wp-block-paragraph\">Zav\u00e1hal.<\/p>\n\n\n\n<p class=\"wp-block-paragraph\">\u201eMo\u017en\u00e1 dvakr\u00e1t.\u201c<\/p>\n\n\n\n<p class=\"wp-block-paragraph\">Pozorovala jsem ho.<\/p>\n\n\n\n<p class=\"wp-block-paragraph\">Sedm let s n\u011bk\u00fdm v\u00e1s nau\u010d\u00ed v\u011bci, kter\u00e9 \u017e\u00e1dn\u00e9 spole\u010dn\u00e9 heslo nedok\u00e1\u017ee odhalit.<\/p>\n\n\n\n<p class=\"wp-block-paragraph\">V\u011bd\u011bla jsem, kdy Ethan vynech\u00e1v\u00e1 \u010d\u00e1st p\u0159\u00edb\u011bhu, na kterou douf\u00e1, \u017ee se nezept\u00e1m.<\/p>\n\n\n\n<p class=\"wp-block-paragraph\">\u201eChci Laurenino \u010d\u00edslo.\u201c<\/p>\n\n\n\n<p class=\"wp-block-paragraph\">Okam\u017eit\u011b zvedl hlavu.<\/p>\n\n\n\n<p class=\"wp-block-paragraph\">\u201ePro\u010d?\u201c<\/p>\n\n\n\n<p class=\"wp-block-paragraph\">\u201eProto\u017ee chci sly\u0161et pravdu od n\u011bkoho, kdo se nebude sna\u017eit ovliv\u0148ovat, jak ji p\u0159ijmu.\u201c<\/p>\n\n\n\n<p class=\"wp-block-paragraph\">\u201eNezatahuj Lauren do na\u0161eho man\u017eelstv\u00ed.\u201c<\/p>\n\n\n\n<p class=\"wp-block-paragraph\">Z\u00edrala jsem na n\u011bj.<\/p>\n\n\n\n<p class=\"wp-block-paragraph\">\u201eKresba jej\u00ed dcery byla v tv\u00e9 kapse. Ona u\u017e v na\u0161em man\u017eelstv\u00ed je.\u201c<\/p>\n\n\n\n<p class=\"wp-block-paragraph\">Pod\u00edval se dol\u016f.<\/p>\n\n\n\n<p class=\"wp-block-paragraph\">\u201eDej mi jej\u00ed \u010d\u00edslo.\u201c<\/p>\n\n\n\n<p class=\"wp-block-paragraph\">\u201eAnniko, m\u016f\u017eu ti to vysv\u011btlit.\u201c<\/p>\n\n\n\n<p class=\"wp-block-paragraph\">\u201ePr\u00e1v\u011b jsi mi \u0159ekl, \u017ee Miu v\u00edd\u00e1\u0161 dvakr\u00e1t m\u011bs\u00ed\u010dn\u011b, a j\u00e1 nev\u011b\u0159\u00edm, \u017ee mi \u0159\u00edk\u00e1\u0161 v\u0161echno.\u201c<\/p>\n\n\n\n<p class=\"wp-block-paragraph\">V\u00fdraz v jeho tv\u00e1\u0159i se zm\u011bnil.<\/p>\n\n\n\n<p class=\"wp-block-paragraph\">\u201eDej mi to \u010d\u00edslo.\u201c<\/p>\n\n\n\n<p class=\"wp-block-paragraph\">Tentokr\u00e1t mi ho dal.<\/p>\n\n\n\n<h1 class=\"wp-block-heading\"><strong>Lauren souhlasila, \u017ee se se mnou odpoledne setk\u00e1.<\/strong><\/h1>\n\n\n\n<p class=\"wp-block-paragraph\">Atlase a Owena jsem znovu nechala u sousedky.<\/p>\n\n\n\n<p class=\"wp-block-paragraph\">Norm\u00e1ln\u011b bych j\u00ed p\u0159ed odchodem vysv\u011btlila ka\u017ed\u00fd \u010das krmen\u00ed a ka\u017ed\u00fd detail.<\/p>\n\n\n\n<p class=\"wp-block-paragraph\">Tentokr\u00e1t jsem j\u00ed jen uk\u00e1zala um\u011blou v\u00fd\u017eivu.<\/p>\n\n\n\n<p class=\"wp-block-paragraph\">\u201eZavolej mi, kdyby n\u011bco.\u201c<\/p>\n\n\n\n<p class=\"wp-block-paragraph\">Usm\u00e1la se.<\/p>\n\n\n\n<p class=\"wp-block-paragraph\">\u201ePostar\u00e1m se o n\u011b, Anniko.\u201c<\/p>\n\n\n\n<p class=\"wp-block-paragraph\">Je\u0161t\u011b p\u0159ed t\u00fddnem by m\u011b ta v\u011bta znerv\u00f3znila.<\/p>\n\n\n\n<p class=\"wp-block-paragraph\">Ten den jsem prost\u011b ode\u0161la.<\/p>\n\n\n\n<p class=\"wp-block-paragraph\">Lauren u\u017e sed\u011bla u stolu v rohu, kdy\u017e jsem dorazila.<\/p>\n\n\n\n<p class=\"wp-block-paragraph\">Vypadala t\u00e9m\u011b\u0159 stejn\u011b nerv\u00f3zn\u00ed jako j\u00e1.<\/p>\n\n\n\n<p class=\"wp-block-paragraph\">\u201eJe mi to l\u00edto,\u201c \u0159ekla okam\u017eit\u011b.<\/p>\n\n\n\n<p class=\"wp-block-paragraph\">\u201eZat\u00edm nepot\u0159ebuji omluvu. Pot\u0159ebuji fakta.\u201c<\/p>\n\n\n\n<p class=\"wp-block-paragraph\">P\u0159ik\u00fdvla.<\/p>\n\n\n\n<p class=\"wp-block-paragraph\">\u201eKdy se to Ethan dozv\u011bd\u011bl?\u201c<\/p>\n\n\n\n<p class=\"wp-block-paragraph\">\u201eP\u0159ed osmn\u00e1cti m\u011bs\u00edci.\u201c<\/p>\n\n\n\n<p class=\"wp-block-paragraph\">\u201eV\u011bd\u011bl o n\u00ed u\u017e p\u0159edt\u00edm?\u201c<\/p>\n\n\n\n<p class=\"wp-block-paragraph\">\u201eNe. Miu jsem vychov\u00e1vala sama. Roky mi to nevadilo. Pak se za\u010dala pt\u00e1t na sv\u00e9ho otce.\u201c<\/p>\n\n\n\n<p class=\"wp-block-paragraph\">V\u011b\u0159ila jsem j\u00ed.<\/p>\n\n\n\n<p class=\"wp-block-paragraph\">\u201eJak \u010dasto se s Ethanem v\u00edd\u00e1?\u201c<\/p>\n\n\n\n<p class=\"wp-block-paragraph\">Lauren sklopila o\u010di ke k\u00e1v\u011b.<\/p>\n\n\n\n<p class=\"wp-block-paragraph\">\u010cekala jsem.<\/p>\n\n\n\n<p class=\"wp-block-paragraph\">\u201eV\u011bt\u0161inou jednou t\u00fddn\u011b.\u201c<\/p>\n\n\n\n<p class=\"wp-block-paragraph\">Op\u0159ela jsem se.<\/p>\n\n\n\n<p class=\"wp-block-paragraph\">\u201eJe ta kresba nov\u00e1?\u201c<\/p>\n\n\n\n<p class=\"wp-block-paragraph\">\u201eNakreslila ji v sobotu.\u201c<\/p>\n\n\n\n<p class=\"wp-block-paragraph\">T\u0159i dny p\u0159ed Ethanovou nehodou.<\/p>\n\n\n\n<p class=\"wp-block-paragraph\">Sobota.<\/p>\n\n\n\n<p class=\"wp-block-paragraph\">Den, kdy mi Ethan \u0159ekl, \u017ee pom\u00e1h\u00e1 n\u011bkomu z pr\u00e1ce se st\u011bhov\u00e1n\u00edm.<\/p>\n\n\n\n<p class=\"wp-block-paragraph\">\u201eA v\u00ed o Atlasovi a Owenovi?\u201c<\/p>\n\n\n\n<p class=\"wp-block-paragraph\">Lauren se jemn\u011b usm\u00e1la.<\/p>\n\n\n\n<p class=\"wp-block-paragraph\">\u201eAno.\u201c<\/p>\n\n\n\n<p class=\"wp-block-paragraph\">\u201eCo p\u0159esn\u011b v\u00ed?\u201c<\/p>\n\n\n\n<p class=\"wp-block-paragraph\">\u201eEthan o nich po\u0159\u00e1d mluv\u00ed.\u201c<\/p>\n\n\n\n<p class=\"wp-block-paragraph\">Sev\u0159el se mi \u017ealudek.<\/p>\n\n\n\n<p class=\"wp-block-paragraph\">\u201e\u0158\u00edk\u00e1 jim brat\u0159i.\u201c<\/p>\n\n\n\n<p class=\"wp-block-paragraph\">Z\u00edrala jsem na ni.<\/p>\n\n\n\n<p class=\"wp-block-paragraph\">\u201eSetkala se s nimi?\u201c<\/p>\n\n\n\n<p class=\"wp-block-paragraph\">\u201eNe.\u201c<\/p>\n\n\n\n<p class=\"wp-block-paragraph\">To pro m\u011b znamenalo v\u00edc, ne\u017e jsem \u010dekala.<\/p>\n\n\n\n<p class=\"wp-block-paragraph\">Lauren pokra\u010dovala.<\/p>\n\n\n\n<p class=\"wp-block-paragraph\">\u201eEthan j\u00ed \u0159ekl, \u017ee se s nimi jednou setk\u00e1. \u0158ekl, \u017ee si s tebou o tom nejd\u0159\u00edv mus\u00ed promluvit.\u201c<\/p>\n\n\n\n<p class=\"wp-block-paragraph\">Jednou jsem se zasm\u00e1la.<\/p>\n\n\n\n<p class=\"wp-block-paragraph\">\u201eM\u011bl osmn\u00e1ct m\u011bs\u00edc\u016f na to, aby se mnou promluvil.\u201c<\/p>\n\n\n\n<p class=\"wp-block-paragraph\">Lauren ho neobhajovala.<\/p>\n\n\n\n<p class=\"wp-block-paragraph\">Dob\u0159e.<\/p>\n\n\n\n<p class=\"wp-block-paragraph\">\u201ePtala ses n\u011bkdy, pro\u010d jsem do toho nebyla zapojen\u00e1?\u201c<\/p>\n\n\n\n<p class=\"wp-block-paragraph\">\u201eAno.\u201c<\/p>\n\n\n\n<p class=\"wp-block-paragraph\">\u201eA co ti \u0159ekl?\u201c<\/p>\n\n\n\n<p class=\"wp-block-paragraph\">\u201e\u0158ekl, \u017ee pro tebe bylo IVF velmi t\u011b\u017ek\u00e9. Pak jsi ot\u011bhotn\u011bla. Po narozen\u00ed chlapc\u016f pr\u00fd jsi byla vy\u010derpan\u00e1.\u201c<\/p>\n\n\n\n<p class=\"wp-block-paragraph\">Dal\u0161\u00ed vysv\u011btlen\u00ed.<\/p>\n\n\n\n<p class=\"wp-block-paragraph\">Dal\u0161\u00ed zp\u016fsob, jak m\u011b \u00fadajn\u011b chr\u00e1nit, ani\u017e by se m\u011b v\u016fbec zeptal, jestli chci b\u00fdt chr\u00e1n\u011bna.<\/p>\n\n\n\n<p class=\"wp-block-paragraph\">Lauren zti\u0161ila hlas.<\/p>\n\n\n\n<p class=\"wp-block-paragraph\">\u201eMia nev\u00ed, \u017ee kolem n\u00ed bylo n\u011bjak\u00e9 tajemstv\u00ed.\u201c<\/p>\n\n\n\n<p class=\"wp-block-paragraph\">\u201eTo jsem pochopila.\u201c<\/p>\n\n\n\n<p class=\"wp-block-paragraph\">\u201eMysl\u00ed si, \u017ee o n\u00ed v\u00ed\u0161.\u201c<\/p>\n\n\n\n<p class=\"wp-block-paragraph\">Zvedla jsem hlavu.<\/p>\n\n\n\n<p class=\"wp-block-paragraph\">\u201eCo\u017ee?\u201c<\/p>\n\n\n\n<p class=\"wp-block-paragraph\">\u201eV\u00ed, \u017ee jsi Ethanova man\u017eelka. V\u00ed, \u017ee jsi matka Atlase a Owena. Mysl\u00ed si, \u017ee v\u00ed\u0161, \u017ee existuje.\u201c<\/p>\n\n\n\n<p class=\"wp-block-paragraph\">\u201eOna si mysl\u00ed, \u017ee je sou\u010d\u00e1st\u00ed na\u0161eho pl\u00e1nu?\u201c<\/p>\n\n\n\n<p class=\"wp-block-paragraph\">Lauren p\u0159ik\u00fdvla.<\/p>\n\n\n\n<p class=\"wp-block-paragraph\">Na jednu stra\u0161nou vte\u0159inu jsem si p\u0159\u00e1la, aby Mia tu kresbu nikdy nenakreslila.<\/p>\n\n\n\n<p class=\"wp-block-paragraph\">Pak jsem se opravila.<\/p>\n\n\n\n<p class=\"wp-block-paragraph\">Ne Mia.<\/p>\n\n\n\n<p class=\"wp-block-paragraph\">To tajemstv\u00ed.<\/p>\n\n\n\n<p class=\"wp-block-paragraph\">Kdy\u017e jsem se vr\u00e1tila dom\u016f, Ethanova matka byla v m\u00e9 kuchyni a dr\u017eela Atlase.<\/p>\n\n\n\n<p class=\"wp-block-paragraph\">Ethan mi napsal, \u017ee p\u0159ijde pomoci.<\/p>\n\n\n\n<p class=\"wp-block-paragraph\">Za norm\u00e1ln\u00edch okolnost\u00ed bych byla vd\u011b\u010dn\u00e1.<\/p>\n\n\n\n<p class=\"wp-block-paragraph\">Pak si v\u0161imla Miiny kresby na stole.<\/p>\n\n\n\n<p class=\"wp-block-paragraph\">V\u00fdraz v jej\u00ed tv\u00e1\u0159i se zm\u011bnil.<\/p>\n\n\n\n<p class=\"wp-block-paragraph\">\u201eV\u00ed\u0161, kdo je Mia?\u201c<\/p>\n\n\n\n<p class=\"wp-block-paragraph\">Ticho.<\/p>\n\n\n\n<p class=\"wp-block-paragraph\">Ethan se objevil za n\u00ed.<\/p>\n\n\n\n<p class=\"wp-block-paragraph\">\u201eMami.\u201c<\/p>\n\n\n\n<p class=\"wp-block-paragraph\">To mi sta\u010dilo jako odpov\u011b\u010f.<\/p>\n\n\n\n<p class=\"wp-block-paragraph\">\u201eJak dlouho to v\u00ed\u0161?\u201c<\/p>\n\n\n\n<p class=\"wp-block-paragraph\">Pod\u00edvala se na m\u011b.<\/p>\n\n\n\n<p class=\"wp-block-paragraph\">\u201e\u0160est m\u011bs\u00edc\u016f.\u201c<\/p>\n\n\n\n<p class=\"wp-block-paragraph\">N\u011bco ve mn\u011b zchladlo.<\/p>\n\n\n\n<p class=\"wp-block-paragraph\">\u201eSetkala ses s n\u00ed?\u201c<\/p>\n\n\n\n<p class=\"wp-block-paragraph\">Pod\u00edvala se na Ethana.<\/p>\n\n\n\n<p class=\"wp-block-paragraph\">\u201ePros\u00edm, odpov\u011bz mi.\u201c<\/p>\n\n\n\n<p class=\"wp-block-paragraph\">\u201eDvakr\u00e1t.\u201c<\/p>\n\n\n\n<p class=\"wp-block-paragraph\">Opatrn\u011b jsem Atlasovi vzala z n\u00e1ru\u010de a polo\u017eila ho do seda\u010dky.<\/p>\n\n\n\n<p class=\"wp-block-paragraph\">\u201eSetkala ses s dcerou m\u00e9ho man\u017eela d\u0159\u00edv, ne\u017e jsem v\u016fbec v\u011bd\u011bla, \u017ee existuje.\u201c<\/p>\n\n\n\n<p class=\"wp-block-paragraph\">\u201eAnniko, \u0159\u00edkala jsem mu, aby ti to \u0159ekl.\u201c<\/p>\n\n\n\n<p class=\"wp-block-paragraph\">\u201eAle ne\u0159ekla jsi mi to.\u201c<\/p>\n\n\n\n<p class=\"wp-block-paragraph\">Jej\u00ed tv\u00e1\u0159 poklesla.<\/p>\n\n\n\n<p class=\"wp-block-paragraph\">\u201eNe.\u201c<\/p>\n\n\n\n<p class=\"wp-block-paragraph\">\u201eD\u011bkuji, \u017ee pom\u00e1h\u00e1\u0161 s Atlasem.\u201c<\/p>\n\n\n\n<p class=\"wp-block-paragraph\">Pak jsem se oto\u010dila k Ethanovi.<\/p>\n\n\n\n<p class=\"wp-block-paragraph\">\u201eDo lo\u017enice. Hned.\u201c<\/p>\n\n\n\n<p class=\"wp-block-paragraph\">Jeho matka z\u016fstala v kuchyni.<\/p>\n\n\n\n<p class=\"wp-block-paragraph\">Jakmile se za n\u00e1mi zav\u0159ely dve\u0159e, oto\u010dila jsem se k n\u011bmu.<\/p>\n\n\n\n<p class=\"wp-block-paragraph\">\u201eDovolil jsi sv\u00e9 matce, aby se setkala s Miou.\u201c<\/p>\n\n\n\n<p class=\"wp-block-paragraph\">\u201ePot\u0159eboval jsem s n\u011bk\u00fdm mluvit.\u201c<\/p>\n\n\n\n<p class=\"wp-block-paragraph\">\u201eM\u011bl jsi m\u011b.\u201c<\/p>\n\n\n\n<p class=\"wp-block-paragraph\">\u201eNemohl jsem s tebou o Mie mluvit, ani\u017e bych ti \u0159ekl, \u017ee existuje.\u201c<\/p>\n\n\n\n<p class=\"wp-block-paragraph\">\u201eP\u0159esn\u011b.\u201c<\/p>\n\n\n\n<p class=\"wp-block-paragraph\">Vypadal vy\u010derpan\u011b.<\/p>\n\n\n\n<p class=\"wp-block-paragraph\">U\u017e mi to bylo jedno.<\/p>\n\n\n\n<p class=\"wp-block-paragraph\">\u201eKdy jsi mi to cht\u011bl \u0159\u00edct?\u201c<\/p>\n\n\n\n<p class=\"wp-block-paragraph\">\u201ePo posledn\u00edm cyklu IVF.\u201c<\/p>\n\n\n\n<p class=\"wp-block-paragraph\">\u201eAle pak jsem ot\u011bhotn\u011bla.\u201c<\/p>\n\n\n\n<p class=\"wp-block-paragraph\">P\u0159ik\u00fdvl.<\/p>\n\n\n\n<p class=\"wp-block-paragraph\">\u201eA t\u011bhotenstv\u00ed bylo komplikovan\u00e9.\u201c<\/p>\n\n\n\n<p class=\"wp-block-paragraph\">Ml\u010del.<\/p>\n\n\n\n<p class=\"wp-block-paragraph\">\u201ePak se narodila dvoj\u010data.\u201c<\/p>\n\n\n\n<p class=\"wp-block-paragraph\">Ticho.<\/p>\n\n\n\n<p class=\"wp-block-paragraph\">\u201eV\u017edycky se na\u0161lo n\u011bco dal\u0161\u00edho, Ethane.\u201c<\/p>\n\n\n\n<p class=\"wp-block-paragraph\">\u201eB\u00e1l jsem se.\u201c<\/p>\n\n\n\n<p class=\"wp-block-paragraph\">\u201e\u010ceho?\u201c<\/p>\n\n\n\n<p class=\"wp-block-paragraph\">Zvedl o\u010di.<\/p>\n\n\n\n<p class=\"wp-block-paragraph\">\u201eToho, co by pro tebe Mia znamenala.\u201c<\/p>\n\n\n\n<p class=\"wp-block-paragraph\">Zk\u0159\u00ed\u017eila jsem ruce.<\/p>\n\n\n\n<p class=\"wp-block-paragraph\">\u201e\u0158ekni zbytek.\u201c<\/p>\n\n\n\n<p class=\"wp-block-paragraph\">Nadechl se.<\/p>\n\n\n\n<h1 class=\"wp-block-heading\"><strong>\u201eP\u011bt let jsem t\u011b sledoval, jak podstupuje\u0161 l\u00e9\u010dbu neplodnosti. Sledoval jsem, jak si poka\u017ed\u00e9 vy\u010d\u00edt\u00e1\u0161, kdy\u017e n\u011bco nevy\u0161lo.\u201c<\/strong><\/h1>\n\n\n\n<p class=\"wp-block-paragraph\">Sev\u0159elo se mi hrdlo.<\/p>\n\n\n\n<p class=\"wp-block-paragraph\">\u201ePak mi zavolala Lauren a \u0159ekla mi, \u017ee m\u00e1m osmiletou dceru, kter\u00e1 byla po\u010data bez \u010dehokoli z toho.\u201c<\/p>\n\n\n\n<p class=\"wp-block-paragraph\">O\u010di se mu zalily slzami.<\/p>\n\n\n\n<p class=\"wp-block-paragraph\">\u201eNev\u011bd\u011bl jsem, jak ti tu pravdu p\u0159edat.\u201c<\/p>\n\n\n\n<p class=\"wp-block-paragraph\">\u201eTak\u017ee ses rozhodl, \u017ee to nezvl\u00e1dnu.\u201c<\/p>\n\n\n\n<p class=\"wp-block-paragraph\">\u201eMyslel jsem, \u017ee se pod\u00edv\u00e1\u0161 na Miu a uvid\u00ed\u0161 v\u0161echno, \u010d\u00edm sis pro\u0161la.\u201c<\/p>\n\n\n\n<p class=\"wp-block-paragraph\">Mo\u017en\u00e1 \u010dekal, \u017ee to pop\u0159u.<\/p>\n\n\n\n<p class=\"wp-block-paragraph\">Neud\u011blala jsem to.<\/p>\n\n\n\n<p class=\"wp-block-paragraph\">\u201eMo\u017en\u00e1 bych to tak opravdu vn\u00edmala.\u201c<\/p>\n\n\n\n<p class=\"wp-block-paragraph\">Z\u00edral na m\u011b.<\/p>\n\n\n\n<p class=\"wp-block-paragraph\">\u201eMo\u017en\u00e1 by m\u011b pohled na ni bolel. Mo\u017en\u00e1 bych \u017e\u00e1rlila a pak se nen\u00e1vid\u011bla za to, \u017ee \u017e\u00e1rl\u00edm. Mo\u017en\u00e1 bych pot\u0159ebovala \u010das.\u201c<\/p>\n\n\n\n<p class=\"wp-block-paragraph\">\u201eAnniko\u2026\u201c<\/p>\n\n\n\n<p class=\"wp-block-paragraph\">\u201eAle ty pocity by byly moje. J\u00e1 bych se s nimi musela vypo\u0159\u00e1dat.\u201c<\/p>\n\n\n\n<p class=\"wp-block-paragraph\">P\u0159istoupila jsem k n\u011bmu.<\/p>\n\n\n\n<p class=\"wp-block-paragraph\">\u201eNev\u011b\u0159il jsi mi natolik, abys mi dovolil b\u00fdt tou nejhor\u0161\u00ed verz\u00ed sebe sama.\u201c<\/p>\n\n\n\n<p class=\"wp-block-paragraph\">\u201eSna\u017eil jsem se t\u011b chr\u00e1nit.\u201c<\/p>\n\n\n\n<p class=\"wp-block-paragraph\">\u201eNe.\u201c<\/p>\n\n\n\n<p class=\"wp-block-paragraph\">M\u016fj hlas byl ti\u0161\u0161\u00ed, ne\u017e jsem \u010dekala.<\/p>\n\n\n\n<p class=\"wp-block-paragraph\">\u201eU\u017e tomu tak ne\u0159\u00edkej.\u201c<\/p>\n\n\n\n<p class=\"wp-block-paragraph\">Pod\u00edval se na m\u011b.<\/p>\n\n\n\n<p class=\"wp-block-paragraph\">\u201eNechr\u00e1nil jsi m\u011b p\u0159ed bolest\u00ed. Chr\u00e1n\u00ed\u0161 s\u00e1m sebe p\u0159ed t\u00edm, abys musel sledovat, jak ji pro\u017e\u00edv\u00e1m.\u201c<\/p>\n\n\n\n<p class=\"wp-block-paragraph\">Ethan si pomalu sedl na okraj postele.<\/p>\n\n\n\n<p class=\"wp-block-paragraph\">\u201eJe mi to l\u00edto.\u201c<\/p>\n\n\n\n<p class=\"wp-block-paragraph\">V\u011b\u0159ila jsem mu.<\/p>\n\n\n\n<p class=\"wp-block-paragraph\">Ale v\u011b\u0159it jeho omluv\u011b neznamenalo vymazat osmn\u00e1ct m\u011bs\u00edc\u016f.<\/p>\n\n\n\n<p class=\"wp-block-paragraph\">Poprv\u00e9 od chv\u00edle, kdy jsem na\u0161la Miinu kresbu, jsem p\u0159estala kl\u00e1st ot\u00e1zky.<\/p>\n\n\n\n<p class=\"wp-block-paragraph\">Informace mi v\u017edy pom\u00e1haly zmen\u0161it strach.<\/p>\n\n\n\n<p class=\"wp-block-paragraph\">Ale te\u010f jsem jich m\u011bla dost.<\/p>\n\n\n\n<p class=\"wp-block-paragraph\">Dal\u0161\u00ed krok u\u017e nebyl Ethan\u016fv.<\/p>\n\n\n\n<p class=\"wp-block-paragraph\">Byl m\u016fj.<\/p>\n\n\n\n<p class=\"wp-block-paragraph\">O t\u0159i dny pozd\u011bji jsem zavolala Lauren.<\/p>\n\n\n\n<p class=\"wp-block-paragraph\">\u201eCht\u011bla bych se setkat s Miou.\u201c<\/p>\n\n\n\n<p class=\"wp-block-paragraph\">Na druh\u00e9m konci nastalo ticho.<\/p>\n\n\n\n<p class=\"wp-block-paragraph\">\u201eJsi si jist\u00e1?\u201c<\/p>\n\n\n\n<p class=\"wp-block-paragraph\">\u201eNe.\u201c<\/p>\n\n\n\n<p class=\"wp-block-paragraph\">Nadechla jsem se.<\/p>\n\n\n\n<p class=\"wp-block-paragraph\">\u201eAle p\u0159esto chci.\u201c<\/p>\n\n\n\n<p class=\"wp-block-paragraph\">Mia sed\u011bla vedle Lauren u mal\u00e9ho stolku a ob\u011bma rukama dr\u017eela hrnek hork\u00e9 \u010dokol\u00e1dy.<\/p>\n\n\n\n<p class=\"wp-block-paragraph\">M\u011bla Ethanovy opatrn\u00e9 o\u010di.<\/p>\n\n\n\n<p class=\"wp-block-paragraph\">Mluvily jsme o \u0161kole.<\/p>\n\n\n\n<p class=\"wp-block-paragraph\">O jej\u00edch kresb\u00e1ch.<\/p>\n\n\n\n<p class=\"wp-block-paragraph\">O mali\u010dkostech.<\/p>\n\n\n\n<p class=\"wp-block-paragraph\">Pak kone\u010dn\u011b polo\u017eila ot\u00e1zku, na kterou o\u010dividn\u011b celou dobu \u010dekala.<\/p>\n\n\n\n<p class=\"wp-block-paragraph\">\u201eJsou Atlas a Owen opravdu jednovaje\u010dn\u00e1 dvoj\u010data?\u201c<\/p>\n\n\n\n<p class=\"wp-block-paragraph\">\u201eAno.\u201c<\/p>\n\n\n\n<p class=\"wp-block-paragraph\">\u201ePlete si je t\u00e1ta n\u011bkdy?\u201c<\/p>\n\n\n\n<p class=\"wp-block-paragraph\">To slovo \u2014&nbsp;<strong>t\u00e1ta<\/strong>&nbsp;\u2014 zabolelo.<\/p>\n\n\n\n<p class=\"wp-block-paragraph\">Nechala jsem tu bolest proj\u00edt.<\/p>\n\n\n\n<p class=\"wp-block-paragraph\">\u201e\u010cast\u011bji, ne\u017e by kdy p\u0159iznal.\u201c<\/p>\n\n\n\n<p class=\"wp-block-paragraph\">O\u010di se j\u00ed roz\u0161\u00ed\u0159ily.<\/p>\n\n\n\n<p class=\"wp-block-paragraph\">\u201eV\u00e1\u017en\u011b?\u201c<\/p>\n\n\n\n<p class=\"wp-block-paragraph\">\u201eJednou \u0159\u00edkal Owenovi Atlas b\u011bhem cel\u00e9ho p\u0159ebalov\u00e1n\u00ed.\u201c<\/p>\n\n\n\n<p class=\"wp-block-paragraph\">Usm\u00e1la se.<\/p>\n\n\n\n<p class=\"wp-block-paragraph\">Nebyl to \u00fapln\u011b Ethan\u016fv \u00fasm\u011bv.<\/p>\n\n\n\n<p class=\"wp-block-paragraph\">Ale byl mu dost podobn\u00fd na to, abych v n\u011bm zahl\u00e9dla jeho.<\/p>\n\n\n\n<p class=\"wp-block-paragraph\">Pak s\u00e1hla do batohu.<\/p>\n\n\n\n<p class=\"wp-block-paragraph\">\u201eNakreslila jsem je\u0161t\u011b jeden obr\u00e1zek.\u201c<\/p>\n\n\n\n<p class=\"wp-block-paragraph\">Lauren se dotkla jej\u00ed pa\u017ee.<\/p>\n\n\n\n<p class=\"wp-block-paragraph\">\u201eMio, nemus\u00ed\u0161.\u201c<\/p>\n\n\n\n<p class=\"wp-block-paragraph\">\u201eTo je v po\u0159\u00e1dku,\u201c \u0159ekla jsem.<\/p>\n\n\n\n<p class=\"wp-block-paragraph\">Mia se na m\u011b pod\u00edvala.<\/p>\n\n\n\n<p class=\"wp-block-paragraph\">\u201eM\u016f\u017ee\u0161 mi ho uk\u00e1zat.\u201c<\/p>\n\n\n\n<p class=\"wp-block-paragraph\">Podala mi pap\u00edr.<\/p>\n\n\n\n<p class=\"wp-block-paragraph\">Byla na n\u011bm dv\u011b miminka zabalen\u00e1 v k\u0159iv\u011b nakreslen\u00fdch modr\u00fdch dek\u00e1ch.<\/p>\n\n\n\n<p class=\"wp-block-paragraph\">Nad nimi st\u00e1lo:<\/p>\n\n\n\n<h1 class=\"wp-block-heading\"><strong>MOJI BRAT\u0158I.<\/strong><\/h1>\n\n\n\n<p class=\"wp-block-paragraph\">Pod\u00edvala jsem se na Miu.<\/p>\n\n\n\n<p class=\"wp-block-paragraph\">Ona tuhle le\u017e nevytvo\u0159ila.<\/p>\n\n\n\n<p class=\"wp-block-paragraph\">Jen v n\u00ed \u017eila.<\/p>\n\n\n\n<p class=\"wp-block-paragraph\">A j\u00e1 nehodlala trestat osmilet\u00e9 d\u00edt\u011b za rozhodnut\u00ed dosp\u011bl\u00fdch, kter\u00e1 byla u\u010din\u011bna kolem n\u00ed.<\/p>\n\n\n\n<p class=\"wp-block-paragraph\">\u201eCht\u011bla by ses s nimi n\u011bkdy setkat?\u201c zeptala jsem se.<\/p>\n\n\n\n<p class=\"wp-block-paragraph\">Mia se pod\u00edvala na Lauren.<\/p>\n\n\n\n<p class=\"wp-block-paragraph\">Pak zp\u00e1tky na m\u011b.<\/p>\n\n\n\n<p class=\"wp-block-paragraph\">\u201eAno.\u201c<\/p>\n\n\n\n<p class=\"wp-block-paragraph\">P\u0159ik\u00fdvla jsem.<\/p>\n\n\n\n<p class=\"wp-block-paragraph\">\u201eDob\u0159e.\u201c<\/p>\n\n\n\n<p class=\"wp-block-paragraph\">To byl jedin\u00fd slib, kter\u00fd jsem v tu chv\u00edli dok\u00e1zala d\u00e1t.<\/p>\n\n\n\n<p class=\"wp-block-paragraph\">Kdy\u017e jsem se vr\u00e1tila dom\u016f, Ethan \u010dekal.<\/p>\n\n\n\n<p class=\"wp-block-paragraph\">\u201eSetkala ses s n\u00ed.\u201c<\/p>\n\n\n\n<p class=\"wp-block-paragraph\">\u201eAno.\u201c<\/p>\n\n\n\n<p class=\"wp-block-paragraph\">\u00daleva zaplavila jeho tv\u00e1\u0159.<\/p>\n\n\n\n<p class=\"wp-block-paragraph\">\u201eD\u011bkuji.\u201c<\/p>\n\n\n\n<p class=\"wp-block-paragraph\">\u201eNesetkala jsem se s Miou kv\u016fli tob\u011b.\u201c<\/p>\n\n\n\n<p class=\"wp-block-paragraph\">Jeho v\u00fdraz se zm\u011bnil.<\/p>\n\n\n\n<p class=\"wp-block-paragraph\">\u201eJ\u00e1 v\u00edm.\u201c<\/p>\n\n\n\n<p class=\"wp-block-paragraph\">\u201eNejsem si jist\u00e1, \u017ee to v\u00ed\u0161.\u201c<\/p>\n\n\n\n<p class=\"wp-block-paragraph\">Polo\u017eila jsem kl\u00ed\u010de na st\u016fl.<\/p>\n\n\n\n<p class=\"wp-block-paragraph\">\u201eJe j\u00ed osm. Zaslou\u017e\u00ed si existovat, ani\u017e by se s n\u00ed zach\u00e1zelo jako s n\u011b\u010d\u00edm hanebn\u00fdm.\u201c<\/p>\n\n\n\n<p class=\"wp-block-paragraph\">P\u0159ik\u00fdvl.<\/p>\n\n\n\n<p class=\"wp-block-paragraph\">\u201eAle Atlas a Owen se s n\u00ed nesetkaj\u00ed, dokud na to nebudu p\u0159ipraven\u00e1.\u201c<\/p>\n\n\n\n<p class=\"wp-block-paragraph\">\u201eDob\u0159e.\u201c<\/p>\n\n\n\n<p class=\"wp-block-paragraph\">\u201eA ty bude\u0161 n\u011bjakou dobu bydlet jinde.\u201c<\/p>\n\n\n\n<p class=\"wp-block-paragraph\">Tv\u00e1\u0159 mu poklesla.<\/p>\n\n\n\n<p class=\"wp-block-paragraph\">\u201eAnniko.\u201c<\/p>\n\n\n\n<h1 class=\"wp-block-heading\"><strong>\u201ePot\u0159ebuji prostor, abych mohla p\u0159em\u00fd\u0161let, ani\u017e by ses sna\u017eil ovliv\u0148ovat, k jak\u00e9mu z\u00e1v\u011bru dojdu.\u201c<\/strong><\/h1>\n\n\n\n<p class=\"wp-block-paragraph\">\u201eOpou\u0161t\u00ed\u0161 m\u011b?\u201c<\/p>\n\n\n\n<p class=\"wp-block-paragraph\">Star\u0161\u00ed verze m\u011b by pot\u0159ebovala okam\u017eitou odpov\u011b\u010f.<\/p>\n\n\n\n<p class=\"wp-block-paragraph\">Ano, nebo ne.<\/p>\n\n\n\n<p class=\"wp-block-paragraph\">Z\u016fstat, nebo odej\u00edt.<\/p>\n\n\n\n<p class=\"wp-block-paragraph\">Man\u017eelstv\u00ed, nebo rozvod.<\/p>\n\n\n\n<p class=\"wp-block-paragraph\">N\u011bco jasn\u00e9ho.<\/p>\n\n\n\n<p class=\"wp-block-paragraph\">N\u011bco, co bych mohla vlo\u017eit do krabi\u010dky.<\/p>\n\n\n\n<p class=\"wp-block-paragraph\">M\u00edsto toho jsem nechala nejistotu existovat.<\/p>\n\n\n\n<p class=\"wp-block-paragraph\">\u201eNev\u00edm.\u201c<\/p>\n\n\n\n<p class=\"wp-block-paragraph\">O\u010di se mu zalily slzami.<\/p>\n\n\n\n<p class=\"wp-block-paragraph\">\u201eUd\u011bl\u00e1m cokoli.\u201c<\/p>\n\n\n\n<p class=\"wp-block-paragraph\">\u201eTak za\u010dni pr\u00e1v\u011b t\u00edm.\u201c<\/p>\n\n\n\n<p class=\"wp-block-paragraph\">\u201e\u010c\u00edm?\u201c<\/p>\n\n\n\n<p class=\"wp-block-paragraph\">\u201eT\u00edm, \u017ee nebude\u0161 v\u011bd\u011bt.\u201c<\/p>\n\n\n\n<p class=\"wp-block-paragraph\">Zamra\u010dil se.<\/p>\n\n\n\n<p class=\"wp-block-paragraph\">\u201eOsmn\u00e1ct m\u011bs\u00edc\u016f jsi rozhodoval, \u017ee pravda m\u016f\u017ee po\u010dkat, proto\u017ee ses b\u00e1l toho, co p\u0159ijde potom.\u201c<\/p>\n\n\n\n<p class=\"wp-block-paragraph\">Udr\u017eela jsem jeho pohled.<\/p>\n\n\n\n<p class=\"wp-block-paragraph\">\u201eU\u017e za m\u011b tohle rozhodovat nebude\u0161.\u201c<\/p>\n\n\n\n<p class=\"wp-block-paragraph\">O dva t\u00fddny pozd\u011bji p\u0159i\u0161el Ethan, aby str\u00e1vil \u010das s chlapci.<\/p>\n\n\n\n<p class=\"wp-block-paragraph\">Nep\u0159edst\u00edrali jsme, \u017ee je v\u0161echno zase jako d\u0159\u00edv.<\/p>\n\n\n\n<p class=\"wp-block-paragraph\">Bydlel u sv\u00e9 matky.<\/p>\n\n\n\n<p class=\"wp-block-paragraph\">Za\u010dali jsme spolu v\u00e9st t\u011b\u017ek\u00e9 rozhovory, ani\u017e bychom ka\u017ed\u00fd z nich pova\u017eovali za rozhodnut\u00ed o osudu cel\u00e9ho na\u0161eho man\u017eelstv\u00ed.<\/p>\n\n\n\n<p class=\"wp-block-paragraph\">Mia se s Atlasem a Owenem st\u00e1le nesetkala.<\/p>\n\n\n\n<p class=\"wp-block-paragraph\">Nebyla jsem p\u0159ipraven\u00e1.<\/p>\n\n\n\n<p class=\"wp-block-paragraph\">A poprv\u00e9 jsem se za to netrestala.<\/p>\n\n\n\n<p class=\"wp-block-paragraph\">Ethan sed\u011bl na koberci a dr\u017eel Owena na hrudi, zat\u00edmco Atlas se vedle m\u011b kut\u00e1lel sm\u011brem k hra\u010dce.<\/p>\n\n\n\n<p class=\"wp-block-paragraph\">\u201eU\u017e se zase zm\u011bnili,\u201c \u0159ekl ti\u0161e.<\/p>\n\n\n\n<p class=\"wp-block-paragraph\">Po chv\u00edli se Ethanova ruka pohnula sm\u011brem k m\u00e9.<\/p>\n\n\n\n<p class=\"wp-block-paragraph\">V\u0161imla jsem si toho.<\/p>\n\n\n\n<p class=\"wp-block-paragraph\">Pak se zastavil, je\u0161t\u011b ne\u017e se m\u011b dotkl.<\/p>\n\n\n\n<p class=\"wp-block-paragraph\">A na tom z\u00e1le\u017eelo.<\/p>\n\n\n\n<p class=\"wp-block-paragraph\">Na konferen\u010dn\u00edm stolku vedle n\u00e1s le\u017eela Miina kresba dvoj\u010dat.<\/p>\n\n\n\n<p class=\"wp-block-paragraph\">St\u00e1le jsem nev\u011bd\u011bla, jestli na\u0161e man\u017eelstv\u00ed p\u0159e\u017eije.<\/p>\n\n\n\n<p class=\"wp-block-paragraph\">Nev\u011bd\u011bla jsem, kdy se Atlas a Owen setkaj\u00ed se svou sestrou.<\/p>\n\n\n\n<p class=\"wp-block-paragraph\">Nev\u011bd\u011bla jsem, jestli budu n\u011bkdy Ethanovi znovu d\u016fv\u011b\u0159ovat tak jako d\u0159\u00edv.<\/p>\n\n\n\n<p class=\"wp-block-paragraph\">P\u011bt let m\u011b nejistota d\u011bsila natolik, \u017ee jsem se ji sna\u017eila napl\u00e1novat ze sv\u00e9ho \u017eivota.<\/p>\n\n\n\n<p class=\"wp-block-paragraph\">Dal\u0161\u00ed n\u00e1v\u0161t\u011bva l\u00e9ka\u0159e.<\/p>\n\n\n\n<p class=\"wp-block-paragraph\">Dal\u0161\u00ed injekce.<\/p>\n\n\n\n<p class=\"wp-block-paragraph\">Dal\u0161\u00ed krmen\u00ed.<\/p>\n\n\n\n<p class=\"wp-block-paragraph\">P\u0159esn\u00fd \u010das, kdy m\u016fj man\u017eel projde dve\u0159mi.<\/p>\n\n\n\n<p class=\"wp-block-paragraph\">Te\u010f moje budoucnost nem\u011bla \u017e\u00e1dn\u00fd harmonogram.<\/p>\n\n\n\n<p class=\"wp-block-paragraph\">A kupodivu jsem p\u0159esto mohla d\u00fdchat.<\/p>\n\n\n\n<p class=\"wp-block-paragraph\">Pod\u00edvala jsem se na Ethana.<\/p>\n\n\n\n<p class=\"wp-block-paragraph\">\u201eNejsem p\u0159ipraven\u00e1 ti odpustit.\u201c<\/p>\n\n\n\n<p class=\"wp-block-paragraph\">\u201eJ\u00e1 v\u00edm.\u201c<\/p>\n\n\n\n<p class=\"wp-block-paragraph\">\u201eAle z\u00e1rove\u0148 dnes nerozhoduji, \u017ee ti nikdy neodpust\u00edm.\u201c<\/p>\n\n\n\n<p class=\"wp-block-paragraph\">P\u0159ik\u00fdvl.<\/p>\n\n\n\n<p class=\"wp-block-paragraph\">Zvedla jsem Miinu kresbu a uhladila jeden jej\u00ed ohnut\u00fd roh.<\/p>\n\n\n\n<p class=\"wp-block-paragraph\">Nev\u011bd\u011bla jsem, jak bude vypadat z\u00edt\u0159ek.<\/p>\n\n\n\n<p class=\"wp-block-paragraph\">Ale tentokr\u00e1t jsem nepot\u0159ebovala, aby o n\u011bm rozhodl Ethan \u2014 ani kdokoli jin\u00fd.<\/p>\n\n\n\n<p class=\"wp-block-paragraph\"><strong>Bylo na mn\u011b, abych to zjistila sama.<\/strong><\/p>\n","protected":false},"excerpt":{"rendered":"Myslela jsem si, \u017ee man\u017eelova nehoda bude to nejhor\u0161\u00ed, s \u010d\u00edm se ten den budu muset vypo\u0159\u00e1dat.M\u00fdlila jsem se. L\u00e9ka\u0159 m\u011b u\u017e ujistil, \n<a class=\"moretag\" href=\"https:\/\/vendeto.am\/?p=33230\"> [...]<\/a>","protected":false},"author":1,"featured_media":33231,"comment_status":"open","ping_status":"open","sticky":false,"template":"","format":"standard","meta":{"footnotes":""},"categories":[2],"tags":[],"class_list":["post-33230","post","type-post","status-publish","format-standard","has-post-thumbnail","hentry","category-sport"],"yoast_head":"<!-- This site is optimized with the Yoast SEO plugin v28.4 - https:\/\/yoast.com\/product\/yoast-seo-wordpress\/ -->\n<title>Sp\u011bchala jsem do nemocnice po man\u017eelov\u011b men\u0161\u00ed autonehod\u011b \u2013 ale kdy\u017e mi sestra p\u0159edala jeho v\u011bci, jeden p\u0159edm\u011bt mi zp\u016fsobil mr\u00e1z po cel\u00e9m t\u011ble -<\/title>\n<meta name=\"robots\" content=\"index, follow, max-snippet:-1, max-image-preview:large, max-video-preview:-1\" \/>\n<link rel=\"canonical\" href=\"https:\/\/vendeto.am\/?p=33230\" \/>\n<meta property=\"og:locale\" content=\"ru_RU\" \/>\n<meta property=\"og:type\" content=\"article\" \/>\n<meta property=\"og:title\" content=\"Sp\u011bchala jsem do nemocnice po man\u017eelov\u011b men\u0161\u00ed autonehod\u011b \u2013 ale kdy\u017e mi sestra p\u0159edala jeho v\u011bci, jeden p\u0159edm\u011bt mi zp\u016fsobil mr\u00e1z po cel\u00e9m t\u011ble -\" \/>\n<meta property=\"og:description\" content=\"Myslela jsem si, \u017ee man\u017eelova nehoda bude to nejhor\u0161\u00ed, s \u010d\u00edm se ten den budu muset vypo\u0159\u00e1dat.M\u00fdlila jsem se. L\u00e9ka\u0159 m\u011b u\u017e ujistil,\" \/>\n<meta property=\"og:url\" content=\"https:\/\/vendeto.am\/?p=33230\" \/>\n<meta property=\"article:published_time\" content=\"2026-09-05T05:22:42+00:00\" \/>\n<meta property=\"article:modified_time\" content=\"2026-09-05T05:22:44+00:00\" \/>\n<meta property=\"og:image\" content=\"https:\/\/vendeto.am\/wp-content\/uploads\/2026\/09\/cozy_hospital_room.jpg\" \/>\n\t<meta property=\"og:image:width\" content=\"1408\" \/>\n\t<meta property=\"og:image:height\" content=\"1760\" \/>\n\t<meta property=\"og:image:type\" content=\"image\/jpeg\" \/>\n<meta name=\"author\" content=\"admin\" \/>\n<meta name=\"twitter:card\" content=\"summary_large_image\" \/>\n<meta name=\"twitter:label1\" content=\"\u041d\u0430\u043f\u0438\u0441\u0430\u043d\u043e \u0430\u0432\u0442\u043e\u0440\u043e\u043c\" \/>\n\t<meta name=\"twitter:data1\" content=\"admin\" \/>\n\t<meta name=\"twitter:label2\" content=\"\u041f\u0440\u0438\u043c\u0435\u0440\u043d\u043e\u0435 \u0432\u0440\u0435\u043c\u044f \u0434\u043b\u044f \u0447\u0442\u0435\u043d\u0438\u044f\" \/>\n\t<meta name=\"twitter:data2\" content=\"14 \u043c\u0438\u043d\u0443\u0442\" \/>\n<script type=\"application\/ld+json\" class=\"yoast-schema-graph\">{\"@context\":\"https:\\\/\\\/schema.org\",\"@graph\":[{\"@type\":\"Article\",\"@id\":\"https:\\\/\\\/vendeto.am\\\/?p=33230#article\",\"isPartOf\":{\"@id\":\"https:\\\/\\\/vendeto.am\\\/?p=33230\"},\"author\":{\"name\":\"admin\",\"@id\":\"https:\\\/\\\/vendeto.am\\\/#\\\/schema\\\/person\\\/48a4bd89d2048190ecc61e5ce821bef7\"},\"headline\":\"Sp\u011bchala jsem do nemocnice po man\u017eelov\u011b men\u0161\u00ed autonehod\u011b \u2013 ale kdy\u017e mi sestra p\u0159edala jeho v\u011bci, jeden p\u0159edm\u011bt mi zp\u016fsobil mr\u00e1z po cel\u00e9m t\u011ble\",\"datePublished\":\"2026-09-05T05:22:42+00:00\",\"dateModified\":\"2026-09-05T05:22:44+00:00\",\"mainEntityOfPage\":{\"@id\":\"https:\\\/\\\/vendeto.am\\\/?p=33230\"},\"wordCount\":3248,\"commentCount\":0,\"image\":{\"@id\":\"https:\\\/\\\/vendeto.am\\\/?p=33230#primaryimage\"},\"thumbnailUrl\":\"https:\\\/\\\/vendeto.am\\\/wp-content\\\/uploads\\\/2026\\\/09\\\/cozy_hospital_room.jpg\",\"articleSection\":[\"SPORT\"],\"inLanguage\":\"ru-RU\",\"potentialAction\":[{\"@type\":\"CommentAction\",\"name\":\"Comment\",\"target\":[\"https:\\\/\\\/vendeto.am\\\/?p=33230#respond\"]}]},{\"@type\":\"WebPage\",\"@id\":\"https:\\\/\\\/vendeto.am\\\/?p=33230\",\"url\":\"https:\\\/\\\/vendeto.am\\\/?p=33230\",\"name\":\"Sp\u011bchala jsem do nemocnice po man\u017eelov\u011b men\u0161\u00ed autonehod\u011b \u2013 ale kdy\u017e mi sestra p\u0159edala jeho v\u011bci, jeden p\u0159edm\u011bt mi zp\u016fsobil mr\u00e1z po cel\u00e9m t\u011ble -\",\"isPartOf\":{\"@id\":\"https:\\\/\\\/vendeto.am\\\/#website\"},\"primaryImageOfPage\":{\"@id\":\"https:\\\/\\\/vendeto.am\\\/?p=33230#primaryimage\"},\"image\":{\"@id\":\"https:\\\/\\\/vendeto.am\\\/?p=33230#primaryimage\"},\"thumbnailUrl\":\"https:\\\/\\\/vendeto.am\\\/wp-content\\\/uploads\\\/2026\\\/09\\\/cozy_hospital_room.jpg\",\"datePublished\":\"2026-09-05T05:22:42+00:00\",\"dateModified\":\"2026-09-05T05:22:44+00:00\",\"author\":{\"@id\":\"https:\\\/\\\/vendeto.am\\\/#\\\/schema\\\/person\\\/48a4bd89d2048190ecc61e5ce821bef7\"},\"breadcrumb\":{\"@id\":\"https:\\\/\\\/vendeto.am\\\/?p=33230#breadcrumb\"},\"inLanguage\":\"ru-RU\",\"potentialAction\":[{\"@type\":\"ReadAction\",\"target\":[\"https:\\\/\\\/vendeto.am\\\/?p=33230\"]}]},{\"@type\":\"ImageObject\",\"inLanguage\":\"ru-RU\",\"@id\":\"https:\\\/\\\/vendeto.am\\\/?p=33230#primaryimage\",\"url\":\"https:\\\/\\\/vendeto.am\\\/wp-content\\\/uploads\\\/2026\\\/09\\\/cozy_hospital_room.jpg\",\"contentUrl\":\"https:\\\/\\\/vendeto.am\\\/wp-content\\\/uploads\\\/2026\\\/09\\\/cozy_hospital_room.jpg\",\"width\":1408,\"height\":1760},{\"@type\":\"BreadcrumbList\",\"@id\":\"https:\\\/\\\/vendeto.am\\\/?p=33230#breadcrumb\",\"itemListElement\":[{\"@type\":\"ListItem\",\"position\":1,\"name\":\"\u0413\u043b\u0430\u0432\u043d\u0430\u044f \u0441\u0442\u0440\u0430\u043d\u0438\u0446\u0430\",\"item\":\"https:\\\/\\\/vendeto.am\\\/\"},{\"@type\":\"ListItem\",\"position\":2,\"name\":\"Sp\u011bchala jsem do nemocnice po man\u017eelov\u011b men\u0161\u00ed autonehod\u011b \u2013 ale kdy\u017e mi sestra p\u0159edala jeho v\u011bci, jeden p\u0159edm\u011bt mi zp\u016fsobil mr\u00e1z po cel\u00e9m t\u011ble\"}]},{\"@type\":\"WebSite\",\"@id\":\"https:\\\/\\\/vendeto.am\\\/#website\",\"url\":\"https:\\\/\\\/vendeto.am\\\/\",\"name\":\"\",\"description\":\"\",\"potentialAction\":[{\"@type\":\"SearchAction\",\"target\":{\"@type\":\"EntryPoint\",\"urlTemplate\":\"https:\\\/\\\/vendeto.am\\\/?s={search_term_string}\"},\"query-input\":{\"@type\":\"PropertyValueSpecification\",\"valueRequired\":true,\"valueName\":\"search_term_string\"}}],\"inLanguage\":\"ru-RU\"},{\"@type\":\"Person\",\"@id\":\"https:\\\/\\\/vendeto.am\\\/#\\\/schema\\\/person\\\/48a4bd89d2048190ecc61e5ce821bef7\",\"name\":\"admin\",\"image\":{\"@type\":\"ImageObject\",\"inLanguage\":\"ru-RU\",\"@id\":\"https:\\\/\\\/secure.gravatar.com\\\/avatar\\\/df64e550a0653b7be0f1bcf897f33faad9c2c8153472b2d9319beafb51370f6f?s=96&d=mm&r=g\",\"url\":\"https:\\\/\\\/secure.gravatar.com\\\/avatar\\\/df64e550a0653b7be0f1bcf897f33faad9c2c8153472b2d9319beafb51370f6f?s=96&d=mm&r=g\",\"contentUrl\":\"https:\\\/\\\/secure.gravatar.com\\\/avatar\\\/df64e550a0653b7be0f1bcf897f33faad9c2c8153472b2d9319beafb51370f6f?s=96&d=mm&r=g\",\"caption\":\"admin\"},\"sameAs\":[\"http:\\\/\\\/vendeto.am\"]}]}<\/script>\n<!-- \/ Yoast SEO plugin. -->","yoast_head_json":{"title":"Sp\u011bchala jsem do nemocnice po man\u017eelov\u011b men\u0161\u00ed autonehod\u011b \u2013 ale kdy\u017e mi sestra p\u0159edala jeho v\u011bci, jeden p\u0159edm\u011bt mi zp\u016fsobil mr\u00e1z po cel\u00e9m t\u011ble -","robots":{"index":"index","follow":"follow","max-snippet":"max-snippet:-1","max-image-preview":"max-image-preview:large","max-video-preview":"max-video-preview:-1"},"canonical":"https:\/\/vendeto.am\/?p=33230","og_locale":"ru_RU","og_type":"article","og_title":"Sp\u011bchala jsem do nemocnice po man\u017eelov\u011b men\u0161\u00ed autonehod\u011b \u2013 ale kdy\u017e mi sestra p\u0159edala jeho v\u011bci, jeden p\u0159edm\u011bt mi zp\u016fsobil mr\u00e1z po cel\u00e9m t\u011ble -","og_description":"Myslela jsem si, \u017ee man\u017eelova nehoda bude to nejhor\u0161\u00ed, s \u010d\u00edm se ten den budu muset vypo\u0159\u00e1dat.M\u00fdlila jsem se. L\u00e9ka\u0159 m\u011b u\u017e ujistil,","og_url":"https:\/\/vendeto.am\/?p=33230","article_published_time":"2026-09-05T05:22:42+00:00","article_modified_time":"2026-09-05T05:22:44+00:00","og_image":[{"width":1408,"height":1760,"url":"https:\/\/vendeto.am\/wp-content\/uploads\/2026\/09\/cozy_hospital_room.jpg","type":"image\/jpeg"}],"author":"admin","twitter_card":"summary_large_image","twitter_misc":{"\u041d\u0430\u043f\u0438\u0441\u0430\u043d\u043e \u0430\u0432\u0442\u043e\u0440\u043e\u043c":"admin","\u041f\u0440\u0438\u043c\u0435\u0440\u043d\u043e\u0435 \u0432\u0440\u0435\u043c\u044f \u0434\u043b\u044f \u0447\u0442\u0435\u043d\u0438\u044f":"14 \u043c\u0438\u043d\u0443\u0442"},"schema":{"@context":"https:\/\/schema.org","@graph":[{"@type":"Article","@id":"https:\/\/vendeto.am\/?p=33230#article","isPartOf":{"@id":"https:\/\/vendeto.am\/?p=33230"},"author":{"name":"admin","@id":"https:\/\/vendeto.am\/#\/schema\/person\/48a4bd89d2048190ecc61e5ce821bef7"},"headline":"Sp\u011bchala jsem do nemocnice po man\u017eelov\u011b men\u0161\u00ed autonehod\u011b \u2013 ale kdy\u017e mi sestra p\u0159edala jeho v\u011bci, jeden p\u0159edm\u011bt mi zp\u016fsobil mr\u00e1z po cel\u00e9m t\u011ble","datePublished":"2026-09-05T05:22:42+00:00","dateModified":"2026-09-05T05:22:44+00:00","mainEntityOfPage":{"@id":"https:\/\/vendeto.am\/?p=33230"},"wordCount":3248,"commentCount":0,"image":{"@id":"https:\/\/vendeto.am\/?p=33230#primaryimage"},"thumbnailUrl":"https:\/\/vendeto.am\/wp-content\/uploads\/2026\/09\/cozy_hospital_room.jpg","articleSection":["SPORT"],"inLanguage":"ru-RU","potentialAction":[{"@type":"CommentAction","name":"Comment","target":["https:\/\/vendeto.am\/?p=33230#respond"]}]},{"@type":"WebPage","@id":"https:\/\/vendeto.am\/?p=33230","url":"https:\/\/vendeto.am\/?p=33230","name":"Sp\u011bchala jsem do nemocnice po man\u017eelov\u011b men\u0161\u00ed autonehod\u011b \u2013 ale kdy\u017e mi sestra p\u0159edala jeho v\u011bci, jeden p\u0159edm\u011bt mi zp\u016fsobil mr\u00e1z po cel\u00e9m t\u011ble -","isPartOf":{"@id":"https:\/\/vendeto.am\/#website"},"primaryImageOfPage":{"@id":"https:\/\/vendeto.am\/?p=33230#primaryimage"},"image":{"@id":"https:\/\/vendeto.am\/?p=33230#primaryimage"},"thumbnailUrl":"https:\/\/vendeto.am\/wp-content\/uploads\/2026\/09\/cozy_hospital_room.jpg","datePublished":"2026-09-05T05:22:42+00:00","dateModified":"2026-09-05T05:22:44+00:00","author":{"@id":"https:\/\/vendeto.am\/#\/schema\/person\/48a4bd89d2048190ecc61e5ce821bef7"},"breadcrumb":{"@id":"https:\/\/vendeto.am\/?p=33230#breadcrumb"},"inLanguage":"ru-RU","potentialAction":[{"@type":"ReadAction","target":["https:\/\/vendeto.am\/?p=33230"]}]},{"@type":"ImageObject","inLanguage":"ru-RU","@id":"https:\/\/vendeto.am\/?p=33230#primaryimage","url":"https:\/\/vendeto.am\/wp-content\/uploads\/2026\/09\/cozy_hospital_room.jpg","contentUrl":"https:\/\/vendeto.am\/wp-content\/uploads\/2026\/09\/cozy_hospital_room.jpg","width":1408,"height":1760},{"@type":"BreadcrumbList","@id":"https:\/\/vendeto.am\/?p=33230#breadcrumb","itemListElement":[{"@type":"ListItem","position":1,"name":"\u0413\u043b\u0430\u0432\u043d\u0430\u044f \u0441\u0442\u0440\u0430\u043d\u0438\u0446\u0430","item":"https:\/\/vendeto.am\/"},{"@type":"ListItem","position":2,"name":"Sp\u011bchala jsem do nemocnice po man\u017eelov\u011b men\u0161\u00ed autonehod\u011b \u2013 ale kdy\u017e mi sestra p\u0159edala jeho v\u011bci, jeden p\u0159edm\u011bt mi zp\u016fsobil mr\u00e1z po cel\u00e9m t\u011ble"}]},{"@type":"WebSite","@id":"https:\/\/vendeto.am\/#website","url":"https:\/\/vendeto.am\/","name":"","description":"","potentialAction":[{"@type":"SearchAction","target":{"@type":"EntryPoint","urlTemplate":"https:\/\/vendeto.am\/?s={search_term_string}"},"query-input":{"@type":"PropertyValueSpecification","valueRequired":true,"valueName":"search_term_string"}}],"inLanguage":"ru-RU"},{"@type":"Person","@id":"https:\/\/vendeto.am\/#\/schema\/person\/48a4bd89d2048190ecc61e5ce821bef7","name":"admin","image":{"@type":"ImageObject","inLanguage":"ru-RU","@id":"https:\/\/secure.gravatar.com\/avatar\/df64e550a0653b7be0f1bcf897f33faad9c2c8153472b2d9319beafb51370f6f?s=96&d=mm&r=g","url":"https:\/\/secure.gravatar.com\/avatar\/df64e550a0653b7be0f1bcf897f33faad9c2c8153472b2d9319beafb51370f6f?s=96&d=mm&r=g","contentUrl":"https:\/\/secure.gravatar.com\/avatar\/df64e550a0653b7be0f1bcf897f33faad9c2c8153472b2d9319beafb51370f6f?s=96&d=mm&r=g","caption":"admin"},"sameAs":["http:\/\/vendeto.am"]}]}},"_links":{"self":[{"href":"https:\/\/vendeto.am\/index.php?rest_route=\/wp\/v2\/posts\/33230","targetHints":{"allow":["GET"]}}],"collection":[{"href":"https:\/\/vendeto.am\/index.php?rest_route=\/wp\/v2\/posts"}],"about":[{"href":"https:\/\/vendeto.am\/index.php?rest_route=\/wp\/v2\/types\/post"}],"author":[{"embeddable":true,"href":"https:\/\/vendeto.am\/index.php?rest_route=\/wp\/v2\/users\/1"}],"replies":[{"embeddable":true,"href":"https:\/\/vendeto.am\/index.php?rest_route=%2Fwp%2Fv2%2Fcomments&post=33230"}],"version-history":[{"count":1,"href":"https:\/\/vendeto.am\/index.php?rest_route=\/wp\/v2\/posts\/33230\/revisions"}],"predecessor-version":[{"id":33232,"href":"https:\/\/vendeto.am\/index.php?rest_route=\/wp\/v2\/posts\/33230\/revisions\/33232"}],"wp:featuredmedia":[{"embeddable":true,"href":"https:\/\/vendeto.am\/index.php?rest_route=\/wp\/v2\/media\/33231"}],"wp:attachment":[{"href":"https:\/\/vendeto.am\/index.php?rest_route=%2Fwp%2Fv2%2Fmedia&parent=33230"}],"wp:term":[{"taxonomy":"category","embeddable":true,"href":"https:\/\/vendeto.am\/index.php?rest_route=%2Fwp%2Fv2%2Fcategories&post=33230"},{"taxonomy":"post_tag","embeddable":true,"href":"https:\/\/vendeto.am\/index.php?rest_route=%2Fwp%2Fv2%2Ftags&post=33230"}],"curies":[{"name":"wp","href":"https:\/\/api.w.org\/{rel}","templated":true}]}}