{"id":33233,"date":"2026-09-05T08:24:02","date_gmt":"2026-09-05T05:24:02","guid":{"rendered":"https:\/\/vendeto.am\/?p=33233"},"modified":"2026-09-05T08:24:04","modified_gmt":"2026-09-05T05:24:04","slug":"moje-dcera-privedla-sveho-snoubence-domu-aby-se-se-mnou-pred-svatbou-seznamil-jakmile-odesla-z-mistnosti-rekl-ja-jsem-splnil-svou-cast-dohody-ted-jsi-na-rade-ty","status":"publish","type":"post","link":"https:\/\/vendeto.am\/?p=33233","title":{"rendered":"Moje dcera p\u0159ivedla sv\u00e9ho snoubence dom\u016f, aby se se mnou p\u0159ed svatbou sezn\u00e1mil \u2013 jakmile ode\u0161la z m\u00edstnosti, \u0159ekl: \u201eJ\u00e1 jsem splnil svou \u010d\u00e1st dohody. Te\u010f jsi na \u0159ad\u011b ty.\u201c"},"content":{"rendered":"\n<p class=\"wp-block-paragraph\"><strong>Moje dcera se roky vyh\u00fdbala sch\u016fzk\u00e1m a fotografov\u00e1n\u00ed kv\u016fli mate\u0159sk\u00e9mu znam\u00e9nku na tv\u00e1\u0159i. Kdy\u017e tedy p\u0159ivedla dom\u016f mu\u017ee, kter\u00e9ho si cht\u011bla vz\u00edt, bedliv\u011b jsem ho pozorovala.<\/strong><\/p>\n\n\n\n<p class=\"wp-block-paragraph\">Ve\u010de\u0159e prob\u00edhala dokonale, dokud Marissa neode\u0161la z m\u00edstnosti.<\/p>\n\n\n\n<p class=\"wp-block-paragraph\">Pak se ke mn\u011b Graham naklonil a zm\u00ednil se o dohod\u011b, o kter\u00e9 jsem nem\u011bla ani tu\u0161en\u00ed.<\/p>\n\n\n\n<p class=\"wp-block-paragraph\">\u201eMami, to jsou ty sv\u00e1te\u010dn\u00ed tal\u00ed\u0159e.\u201c<\/p>\n\n\n\n<p class=\"wp-block-paragraph\">Pod\u00edvala jsem se na porcel\u00e1n v rukou.<\/p>\n\n\n\n<p class=\"wp-block-paragraph\">\u201eAno.\u201c<\/p>\n\n\n\n<p class=\"wp-block-paragraph\">\u201eBudeme j\u00edst lasagne.\u201c<\/p>\n\n\n\n<p class=\"wp-block-paragraph\">\u201eJ\u00e1 v\u00edm, zlat\u00ed\u010dko.\u201c<\/p>\n\n\n\n<p class=\"wp-block-paragraph\">Marissa se na m\u011b pod\u00edvala z kuchy\u0148sk\u00fdch dve\u0159\u00ed.<\/p>\n\n\n\n<p class=\"wp-block-paragraph\">\u201eMari, tvoje matka u\u017e dvacet minut p\u0159erovn\u00e1v\u00e1 ty tal\u00ed\u0159e,\u201c ozval se Henry z telefonu, kter\u00fd jsem m\u011bla na hlasit\u00fd odposlech. \u201eNezasahuj do toho procesu.\u201c<\/p>\n\n\n\n<p class=\"wp-block-paragraph\">Probodla jsem obrazovku pohledem.<\/p>\n\n\n\n<p class=\"wp-block-paragraph\">\u201eM\u011bl jsi tu b\u00fdt.\u201c<\/p>\n\n\n\n<p class=\"wp-block-paragraph\">\u201eJ\u00e1 v\u00edm.\u201c<\/p>\n\n\n\n<p class=\"wp-block-paragraph\">Henry zn\u011bl opravdu ne\u0161\u0165astn\u011b.<\/p>\n\n\n\n<p class=\"wp-block-paragraph\">Jeho pracovn\u00ed cesta se prot\u00e1hla o jeden den, co\u017e znamenalo, \u017ee mu\u017e, kter\u00e9ho si moje dcera hodlala vz\u00edt, m\u011bl poprv\u00e9 p\u0159ij\u00edt na ve\u010de\u0159i, zat\u00edmco Henry byl \u010dty\u0159i hodiny cesty odsud.<\/p>\n\n\n\n<p class=\"wp-block-paragraph\">\u201eZ\u00edtra se s n\u00edm setk\u00e1m,\u201c sl\u00edbil. \u201ePo\u0159\u00e1dn\u011b.\u201c<\/p>\n\n\n\n<p class=\"wp-block-paragraph\">Marissa se pod\u00edvala na hodiny.<\/p>\n\n\n\n<p class=\"wp-block-paragraph\">\u201eZa deset minut tu bude.\u201c<\/p>\n\n\n\n<p class=\"wp-block-paragraph\">Pak se dotkla jedn\u00e9 ze sv\u00fdch n\u00e1u\u0161nic.<\/p>\n\n\n\n<p class=\"wp-block-paragraph\">\u201eNen\u00ed toho moc?\u201c<\/p>\n\n\n\n<p class=\"wp-block-paragraph\">\u201eNe,\u201c \u0159ekla jsem. \u201eVypad\u00e1\u0161 n\u00e1dhern\u011b.\u201c<\/p>\n\n\n\n<p class=\"wp-block-paragraph\">Marissa se na m\u011b lehce usm\u00e1la.<\/p>\n\n\n\n<figure class=\"wp-block-image is-resized\"><img decoding=\"async\" src=\"https:\/\/chexia.info\/wp-content\/uploads\/2026\/09\/cozy_home_selfie-819x1024.jpg\" alt=\"\" class=\"wp-image-10207\" style=\"aspect-ratio:0.7998046875;width:819px;height:auto\"\/><\/figure>\n\n\n\n<p class=\"wp-block-paragraph\">\u201eD\u00edky, mami.\u201c<\/p>\n\n\n\n<p class=\"wp-block-paragraph\">Vtom zazvonil zvonek.<\/p>\n\n\n\n<p class=\"wp-block-paragraph\">Marissa se narodila s tmav\u011b \u010derven\u00fdm mate\u0159sk\u00fdm znam\u00e9nkem, kter\u00e9 pokr\u00fdvalo velkou \u010d\u00e1st lev\u00e9 strany jej\u00edho obli\u010deje.<\/p>\n\n\n\n<p class=\"wp-block-paragraph\">Kdy\u017e byla mal\u00e1, v\u016fbec j\u00ed to nevadilo.<\/p>\n\n\n\n<p class=\"wp-block-paragraph\">Ve \u010dty\u0159ech letech se jednou nakreslila fialovou pastelkou a pokryla si p\u016flku obli\u010deje, proto\u017ee podle n\u00ed \u201efialov\u00e1 je hez\u010d\u00ed ne\u017e \u010derven\u00e1\u201c.<\/p>\n\n\n\n<p class=\"wp-block-paragraph\">Pak za\u010dala chodit do \u0161koly.<\/p>\n\n\n\n<p class=\"wp-block-paragraph\">Ostatn\u00ed d\u011bti ji nau\u010dily, \u017ee si toho m\u00e1 v\u0161\u00edmat.<\/p>\n\n\n\n<p class=\"wp-block-paragraph\">V sedmi letech u\u017e v\u011bd\u011bla, na kter\u00e9 stran\u011b t\u0159\u00eddy chce st\u00e1t p\u0159i focen\u00ed.<\/p>\n\n\n\n<p class=\"wp-block-paragraph\">V jeden\u00e1cti u\u017e v\u011bd\u011bla, jak nato\u010dit obli\u010dej poka\u017ed\u00e9, kdy\u017e n\u011bkdo vyt\u00e1hl fotoapar\u00e1t.<\/p>\n\n\n\n<p class=\"wp-block-paragraph\">Ve \u010dtrn\u00e1cti mi p\u0159estala dovolovat, abych ji fotografovala, pokud si nemohla v\u00fdslednou fotografii nejd\u0159\u00edv prohl\u00e9dnout.<\/p>\n\n\n\n<p class=\"wp-block-paragraph\">Seznamov\u00e1n\u00ed s kluky ji d\u011bsilo je\u0161t\u011b v\u00edc.<\/p>\n\n\n\n<p class=\"wp-block-paragraph\">Jej\u00ed biologick\u00fd otec p\u0159ed lety zmizel a j\u00e1 j\u00ed musela vysv\u011btlovat, pro\u010d se mu\u017e, kter\u00fd ji m\u011bl milovat, rozhodl nez\u016fstat.<\/p>\n\n\n\n<p class=\"wp-block-paragraph\">Pozd\u011bji do na\u0161eho \u017eivota vstoupil Henry.<\/p>\n\n\n\n<p class=\"wp-block-paragraph\">Nikdy se nepokou\u0161el nikoho nahradit.<\/p>\n\n\n\n<p class=\"wp-block-paragraph\">Prost\u011b se po\u0159\u00e1d vracel.<\/p>\n\n\n\n<p class=\"wp-block-paragraph\">A nikdy s Marissou nezach\u00e1zel jako s nevlastn\u00ed dcerou.<\/p>\n\n\n\n<p class=\"wp-block-paragraph\">Nakonec p\u0159estala \u010dekat, \u017ee i on jednoho dne zmiz\u00ed.<\/p>\n\n\n\n<p class=\"wp-block-paragraph\">P\u0159esto nikdy nep\u0159ivedla \u017e\u00e1dn\u00e9ho kluka dom\u016f.<\/p>\n\n\n\n<p class=\"wp-block-paragraph\">Ani jednou.<\/p>\n\n\n\n<p class=\"wp-block-paragraph\">A\u017e p\u0159ed \u0161esti m\u011bs\u00edci mi zavolala.<\/p>\n\n\n\n<p class=\"wp-block-paragraph\">N\u011bco v jej\u00edm hlase m\u011b p\u0159im\u011blo posadit se.<\/p>\n\n\n\n<p class=\"wp-block-paragraph\">\u201eMami\u2026 n\u011bkoho jsem poznala.\u201c<\/p>\n\n\n\n<p class=\"wp-block-paragraph\">A te\u010f ten n\u011bkdo st\u00e1l na m\u00e9 verand\u011b.<\/p>\n\n\n\n<p class=\"wp-block-paragraph\">Otev\u0159ela jsem dve\u0159e.<\/p>\n\n\n\n<p class=\"wp-block-paragraph\">Graham byl pohledn\u00fd takov\u00fdm t\u00edm a\u017e otravn\u011b nenucen\u00fdm zp\u016fsobem.<\/p>\n\n\n\n<p class=\"wp-block-paragraph\">Na jednu o\u0161klivou vte\u0159inu mi hlavou probleskla my\u0161lenka.<\/p>\n\n\n\n<p class=\"wp-block-paragraph\"><strong>Pros\u00edm, a\u0165 to nen\u00ed n\u011bjak\u00fd vtip.<\/strong><\/p>\n\n\n\n<p class=\"wp-block-paragraph\">Nen\u00e1vid\u011bla jsem se za to, \u017ee m\u011b to v\u016fbec napadlo.<\/p>\n\n\n\n<p class=\"wp-block-paragraph\">Graham mi podal l\u00e1hev v\u00edna.<\/p>\n\n\n\n<p class=\"wp-block-paragraph\">\u201eMercy?\u201c<\/p>\n\n\n\n<p class=\"wp-block-paragraph\">\u201eTo jsem j\u00e1.\u201c<\/p>\n\n\n\n<p class=\"wp-block-paragraph\">\u201eJsem Graham.\u201c<\/p>\n\n\n\n<p class=\"wp-block-paragraph\">Ne\u017e jsem sta\u010dila odpov\u011bd\u011bt, objevila se za mnou Marissa.<\/p>\n\n\n\n<p class=\"wp-block-paragraph\">\u201eMari,\u201c \u0159ekl Graham s \u00fasm\u011bvem.<\/p>\n\n\n\n<p class=\"wp-block-paragraph\">Cel\u00e1 jeho tv\u00e1\u0159 se rozz\u00e1\u0159ila, kdy\u017e ji uvid\u011bl.<\/p>\n\n\n\n<p class=\"wp-block-paragraph\">\u201eTvoje m\u00e1ma ti opravdu dovolila p\u0159in\u00e9st dezert?\u201c<\/p>\n\n\n\n<p class=\"wp-block-paragraph\">Marissa proto\u010dila o\u010di.<\/p>\n\n\n\n<p class=\"wp-block-paragraph\">\u201eUpekla jsem ho.\u201c<\/p>\n\n\n\n<p class=\"wp-block-paragraph\">\u201eNa to jsem se neptal.\u201c<\/p>\n\n\n\n<p class=\"wp-block-paragraph\">Pl\u00e1cla ho do pa\u017ee.<\/p>\n\n\n\n<p class=\"wp-block-paragraph\">Rozesm\u00e1l se.<\/p>\n\n\n\n<h1 class=\"wp-block-heading\"><strong>Ve\u010de\u0159e dopadla l\u00e9pe, ne\u017e jsem doufala.<\/strong><\/h1>\n\n\n\n<p class=\"wp-block-paragraph\">Graham se vypt\u00e1val na Henryho.<\/p>\n\n\n\n<p class=\"wp-block-paragraph\">Poslouchal, kdy\u017e jsem mu vypr\u00e1v\u011bla, jak jsme to s Marissou zvl\u00e1daly, ne\u017e do na\u0161eho \u017eivota vstoupil Henry.<\/p>\n\n\n\n<p class=\"wp-block-paragraph\">V\u011bd\u011bl, kter\u00e9 \u010d\u00e1sti lasagn\u00ed Marissa nem\u00e1 r\u00e1da.<\/p>\n\n\n\n<p class=\"wp-block-paragraph\">Dol\u00e9val j\u00ed vodu, ani\u017e by ji p\u0159eru\u0161oval.<\/p>\n\n\n\n<p class=\"wp-block-paragraph\">V jednu chv\u00edli mi Marissa za\u010dala vypr\u00e1v\u011bt o jejich katastrof\u00e1ln\u00edm v\u00edkendu na chat\u011b.<\/p>\n\n\n\n<p class=\"wp-block-paragraph\">Graham vyt\u00e1hl telefon.<\/p>\n\n\n\n<p class=\"wp-block-paragraph\">\u201eNe,\u201c varovala ho.<\/p>\n\n\n\n<p class=\"wp-block-paragraph\">\u201eAle ano.\u201c<\/p>\n\n\n\n<p class=\"wp-block-paragraph\">Uk\u00e1zal mi fotografii.<\/p>\n\n\n\n<p class=\"wp-block-paragraph\">Marissa na n\u00ed st\u00e1la vedle vyhasl\u00e9ho ohni\u0161t\u011b, vlasy j\u00ed vl\u00e1ly ve v\u011btru a sm\u00e1la se tak, \u017ee m\u011bla o\u010di t\u00e9m\u011b\u0159 zav\u0159en\u00e9.<\/p>\n\n\n\n<p class=\"wp-block-paragraph\">Jej\u00ed mate\u0159sk\u00e9 znam\u00e9nko bylo \u00fapln\u011b vid\u011bt.<\/p>\n\n\n\n<p class=\"wp-block-paragraph\">\u017d\u00e1dn\u00fd pe\u010dliv\u011b zvolen\u00fd \u00fahel.<\/p>\n\n\n\n<p class=\"wp-block-paragraph\">\u017d\u00e1dn\u00e9 lichotiv\u00e9 sv\u011btlo.<\/p>\n\n\n\n<p class=\"wp-block-paragraph\">Nic nebylo skryt\u00e9.<\/p>\n\n\n\n<p class=\"wp-block-paragraph\">Pod\u00edvala jsem se na dceru.<\/p>\n\n\n\n<p class=\"wp-block-paragraph\">P\u0159ed lety by mu telefon vytrhla z ruky.<\/p>\n\n\n\n<p class=\"wp-block-paragraph\">\u201eUka\u017e mi to.\u201c<\/p>\n\n\n\n<p class=\"wp-block-paragraph\">\u201eSma\u017e to.\u201c<\/p>\n\n\n\n<p class=\"wp-block-paragraph\">\u201eJe to hrozn\u00e9?\u201c<\/p>\n\n\n\n<p class=\"wp-block-paragraph\">Tentokr\u00e1t jen d\u00e1l jedla.<\/p>\n\n\n\n<p class=\"wp-block-paragraph\">\u201eTa fotka je d\u016fkazem zlo\u010dinu,\u201c \u0159ekla.<\/p>\n\n\n\n<p class=\"wp-block-paragraph\">\u201eTy jsi zabila ohe\u0148,\u201c po\u0161k\u00e1dlil ji Graham.<\/p>\n\n\n\n<p class=\"wp-block-paragraph\">\u201ePr\u0161elo.\u201c<\/p>\n\n\n\n<p class=\"wp-block-paragraph\">\u201eVylila jsi p\u016fl lahve podpalova\u010de na mokr\u00e9 d\u0159evo.\u201c<\/p>\n\n\n\n<p class=\"wp-block-paragraph\">\u201eProto\u017ee jsi \u0159\u00edkal, \u017ee pot\u0159ebuje povzbudit, Gray.\u201c<\/p>\n\n\n\n<p class=\"wp-block-paragraph\">\u201e\u0158\u00edkal jsem, \u017ee pot\u0159ebuje vzduch.\u201c<\/p>\n\n\n\n<p class=\"wp-block-paragraph\">Zasm\u00e1la jsem se.<\/p>\n\n\n\n<p class=\"wp-block-paragraph\">Ale ta fotografie mi z\u016fstala v hlav\u011b.<\/p>\n\n\n\n<p class=\"wp-block-paragraph\">Po ve\u010de\u0159i Marissa vstala.<\/p>\n\n\n\n<p class=\"wp-block-paragraph\">\u201eZapomn\u011bla jsem na cheesecake.\u201c<\/p>\n\n\n\n<p class=\"wp-block-paragraph\">\u201eTy jsi ud\u011blala cheesecake?\u201c zeptala jsem se.<\/p>\n\n\n\n<p class=\"wp-block-paragraph\">\u201eJe naho\u0159e v mal\u00e9 lednici.\u201c<\/p>\n\n\n\n<p class=\"wp-block-paragraph\">Graham na ni z\u00edral.<\/p>\n\n\n\n<p class=\"wp-block-paragraph\">\u201eTy jsi p\u0159ede mnou schovala cheesecake?\u201c<\/p>\n\n\n\n<p class=\"wp-block-paragraph\">\u201eZn\u00e1m t\u011b.\u201c Kdy\u017e proch\u00e1zela kolem, pol\u00edbila ho na temeno. \u201eHned jsem zp\u00e1tky.\u201c<\/p>\n\n\n\n<p class=\"wp-block-paragraph\">Jej\u00ed kroky postupn\u011b utichly.<\/p>\n\n\n\n<p class=\"wp-block-paragraph\">Graham po\u010dkal, dokud jsme neusly\u0161eli, jak otev\u00edr\u00e1 dve\u0159e sv\u00e9ho pokoje.<\/p>\n\n\n\n<p class=\"wp-block-paragraph\">Pak odlo\u017eil vidli\u010dku.<\/p>\n\n\n\n<p class=\"wp-block-paragraph\">\u00dasm\u011bv z jeho tv\u00e1\u0159e zmizel.<\/p>\n\n\n\n<p class=\"wp-block-paragraph\">Naklonil se ke mn\u011b a zti\u0161il hlas.<\/p>\n\n\n\n<p class=\"wp-block-paragraph\">\u201eJ\u00e1 jsem splnil svou \u010d\u00e1st dohody. Te\u010f jsi na \u0159ad\u011b ty.\u201c<\/p>\n\n\n\n<p class=\"wp-block-paragraph\">Ztuhla jsem.<\/p>\n\n\n\n<p class=\"wp-block-paragraph\">\u201eJak\u00e9 dohody?\u201c<\/p>\n\n\n\n<p class=\"wp-block-paragraph\">Kr\u00e1tce, nerv\u00f3zn\u011b se zasm\u00e1l.<\/p>\n\n\n\n<p class=\"wp-block-paragraph\">\u201eMercy, pros\u00edm. Ne\u0159\u00edkej mi, \u017ee ti Henry nic nevysv\u011btlil.\u201c<\/p>\n\n\n\n<p class=\"wp-block-paragraph\">Ruce mi na stole zchladly.<\/p>\n\n\n\n<p class=\"wp-block-paragraph\">\u201eO \u010dem to mluv\u00ed\u0161?\u201c<\/p>\n\n\n\n<p class=\"wp-block-paragraph\">\u201eTy opravdu nev\u00ed\u0161?\u201c<\/p>\n\n\n\n<p class=\"wp-block-paragraph\">\u201eNev\u00edm co?\u201c<\/p>\n\n\n\n<p class=\"wp-block-paragraph\">Graham na m\u011b z\u00edral.<\/p>\n\n\n\n<p class=\"wp-block-paragraph\">Okam\u017eit\u011b m\u011b napadla jedna d\u011bsiv\u00e1 mo\u017enost.<\/p>\n\n\n\n<p class=\"wp-block-paragraph\">Henry.<\/p>\n\n\n\n<p class=\"wp-block-paragraph\">Ud\u011blal snad n\u011bco?<\/p>\n\n\n\n<p class=\"wp-block-paragraph\">Zaplatil Grahamovi?<\/p>\n\n\n\n<p class=\"wp-block-paragraph\">Uzav\u0159el s n\u00edm n\u011bjakou dohodu?<\/p>\n\n\n\n<p class=\"wp-block-paragraph\">Odsunula jsem \u017eidli.<\/p>\n\n\n\n<p class=\"wp-block-paragraph\">\u201eJestli ti n\u011bkdo nab\u00eddl pen\u00edze, abys chodil s mou dcerou\u2026\u201c<\/p>\n\n\n\n<p class=\"wp-block-paragraph\">Ve\u0161ker\u00fd humor z Grahamovy tv\u00e1\u0159e zmizel.<\/p>\n\n\n\n<p class=\"wp-block-paragraph\">\u201eCo\u017ee?\u201c<\/p>\n\n\n\n<p class=\"wp-block-paragraph\">\u201eJestli ti Henry n\u011bco sl\u00edbil\u2026\u201c<\/p>\n\n\n\n<p class=\"wp-block-paragraph\">\u201eMercy, ne.\u201c<\/p>\n\n\n\n<p class=\"wp-block-paragraph\">Postavila jsem se.<\/p>\n\n\n\n<p class=\"wp-block-paragraph\">\u201eTak o jak\u00e9 dohod\u011b mluv\u00ed\u0161?\u201c<\/p>\n\n\n\n<p class=\"wp-block-paragraph\">\u201eAch Bo\u017ee.\u201c Graham si p\u0159ejel rukou po obli\u010deji. \u201eTohle sis myslela?\u201c<\/p>\n\n\n\n<p class=\"wp-block-paragraph\">\u201e\u0158ekni mi, co si m\u00e1m myslet.\u201c<\/p>\n\n\n\n<p class=\"wp-block-paragraph\">Pod\u00edval se sm\u011brem k chodb\u011b.<\/p>\n\n\n\n<p class=\"wp-block-paragraph\">\u201eNe tady.\u201c<\/p>\n\n\n\n<p class=\"wp-block-paragraph\">\u201eNem\u016f\u017ee\u0161 u m\u011b doma \u0159\u00edct n\u011bco takov\u00e9ho a pak mi \u0159\u00edct \u201ane tady\u2018.\u201c<\/p>\n\n\n\n<p class=\"wp-block-paragraph\">\u201eNemluv\u00edm o sv\u00e9m vztahu s Mari.\u201c<\/p>\n\n\n\n<p class=\"wp-block-paragraph\">\u201eTak o \u010dem?\u201c<\/p>\n\n\n\n<p class=\"wp-block-paragraph\">Graham vstal.<\/p>\n\n\n\n<p class=\"wp-block-paragraph\">\u201ePoj\u010f se mnou.\u201c<\/p>\n\n\n\n<p class=\"wp-block-paragraph\">Ani jsem se nepohnula.<\/p>\n\n\n\n<p class=\"wp-block-paragraph\">Uk\u00e1zal sm\u011brem ke kuchyni.<\/p>\n\n\n\n<p class=\"wp-block-paragraph\">\u201ePros\u00edm.\u201c<\/p>\n\n\n\n<p class=\"wp-block-paragraph\">\u201ePro\u010d?\u201c<\/p>\n\n\n\n<p class=\"wp-block-paragraph\">\u201eProto\u017ee kdy\u017e ti to vysv\u011btl\u00edm tady, bude\u0161 si myslet, \u017ee jsem se zbl\u00e1znil.\u201c<\/p>\n\n\n\n<p class=\"wp-block-paragraph\">\u201eTuhle hranici jsem p\u0159ekro\u010dila asi p\u0159ed t\u0159iceti sekundami.\u201c<\/p>\n\n\n\n<p class=\"wp-block-paragraph\">Vyrazil k zadn\u00edm dve\u0159\u00edm.<\/p>\n\n\n\n<p class=\"wp-block-paragraph\">\u0160la jsem za n\u00edm.<\/p>\n\n\n\n<h1 class=\"wp-block-heading\"><strong>Venku byla zahrada t\u00e9m\u011b\u0159 \u00fapln\u011b tmav\u00e1.<\/strong><\/h1>\n\n\n\n<p class=\"wp-block-paragraph\">Sv\u011btlo sv\u00edtilo jen na verand\u011b a u Henryho k\u016flny mal\u00e1 zahradn\u00ed lampa.<\/p>\n\n\n\n<p class=\"wp-block-paragraph\">Graham zam\u00ed\u0159il na druh\u00fd konec zahrady.<\/p>\n\n\n\n<p class=\"wp-block-paragraph\">\u201eCo p\u0159esn\u011b jsi ud\u011blal?\u201c zeptala jsem se ost\u0159e.<\/p>\n\n\n\n<p class=\"wp-block-paragraph\">Pokra\u010doval d\u00e1l.<\/p>\n\n\n\n<p class=\"wp-block-paragraph\">\u201eGra\u00adhame.\u201c<\/p>\n\n\n\n<p class=\"wp-block-paragraph\">\u201eUvid\u00ed\u0161.\u201c<\/p>\n\n\n\n<p class=\"wp-block-paragraph\">\u201eTa slova se mi v\u016fbec nel\u00edb\u00ed.\u201c<\/p>\n\n\n\n<p class=\"wp-block-paragraph\">\u201eAni jsem ne\u010dekal, \u017ee budou.\u201c<\/p>\n\n\n\n<p class=\"wp-block-paragraph\">Pak jsem si v\u0161imla n\u011bkoho, kdo st\u00e1l vedle k\u016flny.<\/p>\n\n\n\n<p class=\"wp-block-paragraph\">Mu\u017e.<\/p>\n\n\n\n<p class=\"wp-block-paragraph\">Na chv\u00edli jsem nevid\u011bla jeho tv\u00e1\u0159.<\/p>\n\n\n\n<p class=\"wp-block-paragraph\">Pak vstoupil pod sv\u011btlo zahradn\u00ed lampy.<\/p>\n\n\n\n<p class=\"wp-block-paragraph\">Vyk\u0159ikla jsem.<\/p>\n\n\n\n<p class=\"wp-block-paragraph\">\u201eHENRY?\u201c<\/p>\n\n\n\n<p class=\"wp-block-paragraph\">M\u016fj man\u017eel zvedl ob\u011b ruce.<\/p>\n\n\n\n<p class=\"wp-block-paragraph\">\u201eAhoj.\u201c<\/p>\n\n\n\n<p class=\"wp-block-paragraph\">Z\u00edrala jsem na n\u011bj.<\/p>\n\n\n\n<p class=\"wp-block-paragraph\">\u201eTy m\u00e1\u0161 b\u00fdt \u010dty\u0159i hodiny odsud!\u201c<\/p>\n\n\n\n<p class=\"wp-block-paragraph\">\u201eR\u00e1no jsem byl. Vr\u00e1til jsem se d\u0159\u00edv.\u201c<\/p>\n\n\n\n<p class=\"wp-block-paragraph\">\u201eA nenapadlo t\u011b mi to \u0159\u00edct?\u201c<\/p>\n\n\n\n<p class=\"wp-block-paragraph\">Henry se pod\u00edval na zakryt\u00fd p\u0159edm\u011bt vedle k\u016flny.<\/p>\n\n\n\n<p class=\"wp-block-paragraph\">\u201eTo by pokazilo p\u0159ekvapen\u00ed.\u201c<\/p>\n\n\n\n<p class=\"wp-block-paragraph\">Graham zamumlal:<\/p>\n\n\n\n<p class=\"wp-block-paragraph\">\u201eJ\u00e1 jdu dovnit\u0159.\u201c<\/p>\n\n\n\n<p class=\"wp-block-paragraph\">\u201eNe, nejde\u0161.\u201c<\/p>\n\n\n\n<p class=\"wp-block-paragraph\">Zastavil se.<\/p>\n\n\n\n<p class=\"wp-block-paragraph\">Henry vypadal t\u00e9m\u011b\u0159 provinile.<\/p>\n\n\n\n<p class=\"wp-block-paragraph\">To m\u011b vyd\u011bsilo v\u00edc ne\u017e cokoli jin\u00e9ho.<\/p>\n\n\n\n<p class=\"wp-block-paragraph\">\u201eCo jste vy dva ud\u011blali?\u201c<\/p>\n\n\n\n<p class=\"wp-block-paragraph\">Henry se pod\u00edval na Grahama.<\/p>\n\n\n\n<p class=\"wp-block-paragraph\">Graham k\u00fdvl sm\u011brem k velk\u00e9mu p\u0159edm\u011btu vedle k\u016flny.<\/p>\n\n\n\n<p class=\"wp-block-paragraph\">Byl ukryt\u00fd pod starou st\u011bhovac\u00ed dekou.<\/p>\n\n\n\n<p class=\"wp-block-paragraph\">\u201eCo to je?\u201c vyk\u0159ikla jsem.<\/p>\n\n\n\n<p class=\"wp-block-paragraph\">Henry ke mn\u011b pomalu p\u0159istoupil.<\/p>\n\n\n\n<p class=\"wp-block-paragraph\">\u201eMercy, ne\u017e se rozzlob\u00ed\u0161\u2026\u201c<\/p>\n\n\n\n<p class=\"wp-block-paragraph\">\u201eU\u017e jsem rozzloben\u00e1.\u201c<\/p>\n\n\n\n<p class=\"wp-block-paragraph\">\u201eDob\u0159e.\u201c<\/p>\n\n\n\n<p class=\"wp-block-paragraph\">\u201eUzav\u0159el jsi s Grahamem n\u011bjakou dohodu?\u201c<\/p>\n\n\n\n<p class=\"wp-block-paragraph\">Henry se zamra\u010dil. \u201eAno.\u201c<\/p>\n\n\n\n<p class=\"wp-block-paragraph\">Z\u00edrala jsem na n\u011bj.<\/p>\n\n\n\n<p class=\"wp-block-paragraph\">Za n\u00e1mi se otev\u0159ely zadn\u00ed dve\u0159e.<\/p>\n\n\n\n<p class=\"wp-block-paragraph\">P\u0159es zahradu se ozval Marissin hlas.<\/p>\n\n\n\n<p class=\"wp-block-paragraph\">\u201eMami?\u201c<\/p>\n\n\n\n<p class=\"wp-block-paragraph\">V\u0161ichni t\u0159i jsme ztuhli.<\/p>\n\n\n\n<p class=\"wp-block-paragraph\">Je\u0161t\u011b n\u00e1s nevid\u011bla.<\/p>\n\n\n\n<p class=\"wp-block-paragraph\">\u201eMari, z\u016fsta\u0148 uvnit\u0159!\u201c zavolala jsem.<\/p>\n\n\n\n<p class=\"wp-block-paragraph\">\u201ePro\u010d?\u201c<\/p>\n\n\n\n<p class=\"wp-block-paragraph\">Graham za\u0161eptal:<\/p>\n\n\n\n<p class=\"wp-block-paragraph\">\u201eTo zn\u011blo podez\u0159ele.\u201c<\/p>\n\n\n\n<p class=\"wp-block-paragraph\">Marissa vy\u0161la na verandu s cheesecakem v rukou.<\/p>\n\n\n\n<p class=\"wp-block-paragraph\">\u201eCo tam d\u011bl\u00e1te?\u201c<\/p>\n\n\n\n<p class=\"wp-block-paragraph\">Henry chytil okraj deky.<\/p>\n\n\n\n<p class=\"wp-block-paragraph\">\u201eU\u017e nem\u00e1me \u010das.\u201c<\/p>\n\n\n\n<p class=\"wp-block-paragraph\">Strhl ji.<\/p>\n\n\n\n<p class=\"wp-block-paragraph\">Deka spadla do tr\u00e1vy.<\/p>\n\n\n\n<p class=\"wp-block-paragraph\">Pod n\u00ed st\u00e1l star\u00fd d\u0159ev\u011bn\u00fd toaletn\u00ed stolek.<\/p>\n\n\n\n<p class=\"wp-block-paragraph\">Kr\u00e9mov\u011b nat\u0159en\u00fd.<\/p>\n\n\n\n<p class=\"wp-block-paragraph\">T\u0159i mal\u00e9 z\u00e1suvky.<\/p>\n\n\n\n<p class=\"wp-block-paragraph\">Kulat\u00e9 zrcadlo s mal\u00fdm od\u0161t\u00edpnut\u00edm naho\u0159e.<\/p>\n\n\n\n<p class=\"wp-block-paragraph\">A jeden \u0161kr\u00e1banec na lev\u00e9m rohu, kde ho kdysi dev\u00edtilet\u00e1 Marissa zachytila kovov\u00fdm n\u00e1ramkem.<\/p>\n\n\n\n<p class=\"wp-block-paragraph\">Ten stolek jsem znala.<\/p>\n\n\n\n<p class=\"wp-block-paragraph\">Koupila jsem j\u00ed ho, kdy\u017e j\u00ed bylo \u0161est.<\/p>\n\n\n\n<p class=\"wp-block-paragraph\">Sed\u00e1vala p\u0159ed n\u00edm, zp\u00edvala do kart\u00e1\u010de na vlasy a pokr\u00fdvala se t\u0159pytkami, kter\u00fdm \u0159\u00edkala make-up.<\/p>\n\n\n\n<p class=\"wp-block-paragraph\">D\u011blala na sebe legra\u010dn\u00ed obli\u010deje, dokud jsme se ob\u011b neza\u010daly sm\u00e1t.<\/p>\n\n\n\n<p class=\"wp-block-paragraph\">O n\u011bkolik let pozd\u011bji odnesla zrcadlo do gar\u00e1\u017ee a \u0159ekla Henrymu:<\/p>\n\n\n\n<p class=\"wp-block-paragraph\">\u201eNechci m\u00edt v pokoji n\u011bco, jeho\u017e jedin\u00fdm \u00fakolem je d\u00edvat se na m\u011b.\u201c<\/p>\n\n\n\n<p class=\"wp-block-paragraph\">Myslela jsem si, \u017ee jsme ho vyhodili.<\/p>\n\n\n\n<p class=\"wp-block-paragraph\">Nem\u011bla jsem tu\u0161en\u00ed, \u017ee Henry str\u00e1vil t\u00fddny jeho renovac\u00ed.<\/p>\n\n\n\n<p class=\"wp-block-paragraph\">Dokonce i od\u0161t\u00edpnut\u00fd okraj zrcadla byl pe\u010dliv\u011b opraven\u00fd.<\/p>\n\n\n\n<p class=\"wp-block-paragraph\">\u201eBo\u017ee\u2026 jak jsi to v\u0161echno za\u0159\u00eddil?\u201c<\/p>\n\n\n\n<p class=\"wp-block-paragraph\">Henry se pod\u00edval na Grahama.<\/p>\n\n\n\n<p class=\"wp-block-paragraph\">\u201ePomohl mi.\u201c<\/p>\n\n\n\n<p class=\"wp-block-paragraph\">Oto\u010dila jsem se k n\u011bmu.<\/p>\n\n\n\n<p class=\"wp-block-paragraph\">\u201eTa dohoda.\u201c<\/p>\n\n\n\n<p class=\"wp-block-paragraph\">Graham p\u0159ik\u00fdvl.<\/p>\n\n\n\n<p class=\"wp-block-paragraph\">\u201e\u010c\u00e1st.\u201c<\/p>\n\n\n\n<p class=\"wp-block-paragraph\">\u201e\u010c\u00e1st?\u201c<\/p>\n\n\n\n<p class=\"wp-block-paragraph\">Ne\u017e sta\u010dil vysv\u011btlit, za n\u00e1mi se ozvaly Marissiny kroky.<\/p>\n\n\n\n<p class=\"wp-block-paragraph\">Do\u0161la na zahradu.<\/p>\n\n\n\n<p class=\"wp-block-paragraph\">Pak uvid\u011bla Henryho.<\/p>\n\n\n\n<p class=\"wp-block-paragraph\">\u201eHenry?\u201c<\/p>\n\n\n\n<p class=\"wp-block-paragraph\">Oto\u010dil se.<\/p>\n\n\n\n<p class=\"wp-block-paragraph\">Jej\u00ed pohled sklouzl ke stolku.<\/p>\n\n\n\n<p class=\"wp-block-paragraph\">Cheesecake se j\u00ed nebezpe\u010dn\u011b naklonil v rukou.<\/p>\n\n\n\n<p class=\"wp-block-paragraph\">Marissa p\u0159istoupila bl\u00ed\u017e.<\/p>\n\n\n\n<p class=\"wp-block-paragraph\">\u201eNe.\u201c<\/p>\n\n\n\n<p class=\"wp-block-paragraph\">Henry z\u016fstal st\u00e1t.<\/p>\n\n\n\n<p class=\"wp-block-paragraph\">Polo\u017eila dort na st\u016fl na terase.<\/p>\n\n\n\n<p class=\"wp-block-paragraph\">Pak nat\u00e1hla ruku k horn\u00ed z\u00e1suvce.<\/p>\n\n\n\n<p class=\"wp-block-paragraph\">Prsty polo\u017eila na starou mosaznou \u00fachytku.<\/p>\n\n\n\n<p class=\"wp-block-paragraph\">Pod\u00edvala jsem se z Grahama na Henryho.<\/p>\n\n\n\n<p class=\"wp-block-paragraph\">\u201ePo\u0159\u00e1d jste mi ne\u0159ekli, jak\u00e1 byla ta dohoda.\u201c<\/p>\n\n\n\n<p class=\"wp-block-paragraph\">Henry se pod\u00edval na na\u0161i dceru a pak zp\u00e1tky na m\u011b.<\/p>\n\n\n\n<p class=\"wp-block-paragraph\">\u201eNe.\u201c Povzdechl si. \u201eGrahamova \u010d\u00e1st byla \u0159\u00edct mi, a\u017e Mari p\u0159estane kontrolovat ka\u017edou fotografii. Moje byla tenhle stolek opravit, pokud ten den n\u011bkdy p\u0159ijde.\u201c<\/p>\n\n\n\n<p class=\"wp-block-paragraph\">Henry se pod\u00edval na Grahama.<\/p>\n\n\n\n<p class=\"wp-block-paragraph\">\u201eA dnes ve\u010der se Graham z\u0159ejm\u011b rozhodl, \u017ee pot\u0159ebuje\u0161 m\u00edt svou vlastn\u00ed roli.\u201c<\/p>\n\n\n\n<p class=\"wp-block-paragraph\">Graham pokr\u010dil rameny.<\/p>\n\n\n\n<p class=\"wp-block-paragraph\">\u201ePot\u0159eboval jsem t\u011b n\u011bjak dostat ven.\u201c<\/p>\n\n\n\n<p class=\"wp-block-paragraph\">Z\u00edrala jsem na oba.<\/p>\n\n\n\n<p class=\"wp-block-paragraph\">\u201eA co m\u00e1m ud\u011blat j\u00e1?\u201c<\/p>\n\n\n\n<p class=\"wp-block-paragraph\">Henry se na m\u011b pod\u00edval.<\/p>\n\n\n\n<p class=\"wp-block-paragraph\">\u201eUvid\u011bt, co u\u017e Mari od tebe nepot\u0159ebuje.\u201c<\/p>\n\n\n\n<p class=\"wp-block-paragraph\">Marissa do\u0161la ke stolku.<\/p>\n\n\n\n<p class=\"wp-block-paragraph\">\u201eHenry, pro\u010d ho m\u00e1\u0161?\u201c<\/p>\n\n\n\n<p class=\"wp-block-paragraph\">Henry p\u0159ejel rukou po jeho vyle\u0161t\u011bn\u00e9m okraji.<\/p>\n\n\n\n<h1 class=\"wp-block-heading\"><strong>\u201e\u0158ekla jsi mi, \u017ee ho nechce\u0161 ve sv\u00e9m pokoji, Mari. Nikdy jsi mi ne\u0159ekla, abych ho vyhodil.\u201c<\/strong><\/h1>\n\n\n\n<p class=\"wp-block-paragraph\">Marissa na n\u011bj z\u00edrala.<\/p>\n\n\n\n<p class=\"wp-block-paragraph\">Pak Graham ti\u0161e \u0159ekl:<\/p>\n\n\n\n<p class=\"wp-block-paragraph\">\u201eA tady p\u0159ich\u00e1z\u00ed na \u0159adu ta dohoda.\u201c<\/p>\n\n\n\n<p class=\"wp-block-paragraph\">Oto\u010dila jsem se k n\u011bmu.<\/p>\n\n\n\n<p class=\"wp-block-paragraph\">\u201eZa\u010dni mluvit.\u201c<\/p>\n\n\n\n<p class=\"wp-block-paragraph\">\u2014<\/p>\n\n\n\n<p class=\"wp-block-paragraph\">O n\u011bkolik m\u011bs\u00edc\u016f d\u0159\u00edve po\u017e\u00e1dal Graham Henryho o po\u017eehn\u00e1n\u00ed, ne\u017e Marissu po\u017e\u00e1dal o ruku.<\/p>\n\n\n\n<p class=\"wp-block-paragraph\">\u201eNedovolil jsem mu to,\u201c \u0159ekl Henry. \u201eMari moje svolen\u00ed nepot\u0159ebuje. Jen jsme si promluvili.\u201c<\/p>\n\n\n\n<p class=\"wp-block-paragraph\">Henry polo\u017eil Grahamovi jednu ot\u00e1zku.<\/p>\n\n\n\n<p class=\"wp-block-paragraph\">\u201eCo na jej\u00edm obli\u010deji miluje\u0161 nejv\u00edc?\u201c<\/p>\n\n\n\n<p class=\"wp-block-paragraph\">Graham\u016fv v\u00fdraz pr\u00fd okam\u017eit\u011b zv\u00e1\u017en\u011bl.<\/p>\n\n\n\n<p class=\"wp-block-paragraph\">\u201eNev\u00edm, jak na to odpov\u011bd\u011bt, ani\u017e bych ji rozd\u011bloval na jednotliv\u00e9 \u010d\u00e1sti.\u201c<\/p>\n\n\n\n<p class=\"wp-block-paragraph\">Henry mu tedy vypr\u00e1v\u011bl o Marissin\u011b star\u00e9m zvyku.<\/p>\n\n\n\n<p class=\"wp-block-paragraph\">Ka\u017ed\u00e1 fotografie.<\/p>\n\n\n\n<p class=\"wp-block-paragraph\">Ka\u017ed\u00e9 rodinn\u00e9 setk\u00e1n\u00ed.<\/p>\n\n\n\n<p class=\"wp-block-paragraph\">Ka\u017ed\u00fd fotoapar\u00e1t.<\/p>\n\n\n\n<p class=\"wp-block-paragraph\">\u201eJe to v po\u0159\u00e1dku?\u201c<\/p>\n\n\n\n<p class=\"wp-block-paragraph\">\u201eM\u016f\u017eu ji vid\u011bt?\u201c<\/p>\n\n\n\n<p class=\"wp-block-paragraph\">\u201eTu sma\u017e.\u201c<\/p>\n\n\n\n<p class=\"wp-block-paragraph\">Henry se na m\u011b pod\u00edval.<\/p>\n\n\n\n<p class=\"wp-block-paragraph\">\u201ePamatuje\u0161 si to?\u201c<\/p>\n\n\n\n<p class=\"wp-block-paragraph\">Samoz\u0159ejm\u011b, \u017ee jsem si to pamatovala.<\/p>\n\n\n\n<p class=\"wp-block-paragraph\">Na tyhle ot\u00e1zky jsem odpov\u00eddala stovkykr\u00e1t.<\/p>\n\n\n\n<p class=\"wp-block-paragraph\">Henry pokra\u010doval.<\/p>\n\n\n\n<p class=\"wp-block-paragraph\">\u201e\u0158ekl jsem Grahamovi, aby ji neza\u010dal uklid\u0148ovat d\u0159\u00edv, ne\u017e se v\u016fbec zept\u00e1. Prost\u011b ji miluj norm\u00e1ln\u011b.\u201c<\/p>\n\n\n\n<p class=\"wp-block-paragraph\">Graham p\u0159ik\u00fdvl.<\/p>\n\n\n\n<p class=\"wp-block-paragraph\">\u201eA Henry \u0159ekl, \u017ee pokud Mari n\u011bkdy p\u0159estane kontrolovat ka\u017edou fotografii, m\u00e1m mu to \u0159\u00edct.\u201c<\/p>\n\n\n\n<p class=\"wp-block-paragraph\">Marissa na Grahama z\u00edrala.<\/p>\n\n\n\n<p class=\"wp-block-paragraph\">\u201eVy dva jste sledovali moje selfie?\u201c<\/p>\n\n\n\n<p class=\"wp-block-paragraph\">\u201eKdy\u017e to \u0159ekne\u0161 takhle, zn\u00ed to mnohem h\u016f\u0159,\u201c p\u0159iznal Graham. \u201eP\u0159ed p\u00e1r m\u011bs\u00edci ses p\u0159estala pt\u00e1t.\u201c<\/p>\n\n\n\n<p class=\"wp-block-paragraph\">Vyt\u00e1hl telefon a uk\u00e1zal n\u00e1m fotografii.<\/p>\n\n\n\n<p class=\"wp-block-paragraph\">Marissa st\u00e1la na parkovi\u0161ti, vlasy j\u00ed vl\u00e1ly v\u0161ude kolem a o\u010di m\u011bla nap\u016fl zav\u0159en\u00e9 sm\u00edchy.<\/p>\n\n\n\n<p class=\"wp-block-paragraph\">Jej\u00ed mate\u0159sk\u00e9 znam\u00e9nko bylo \u00fapln\u011b vid\u011bt.<\/p>\n\n\n\n<p class=\"wp-block-paragraph\">Pod\u00edvala jsem se okam\u017eit\u011b na ni.<\/p>\n\n\n\n<p class=\"wp-block-paragraph\">\u201eTy obvykle nesn\u00e1\u0161\u00ed\u0161 fotky jako\u2026\u201c<\/p>\n\n\n\n<p class=\"wp-block-paragraph\">Zarazila jsem se.<\/p>\n\n\n\n<p class=\"wp-block-paragraph\">Marissa si toho v\u0161imla.<\/p>\n\n\n\n<p class=\"wp-block-paragraph\">Henry tak\u00e9.<\/p>\n\n\n\n<p class=\"wp-block-paragraph\">To byla moje \u010d\u00e1st dohody.<\/p>\n\n\n\n<p class=\"wp-block-paragraph\">Henry promluvil jemn\u011b.<\/p>\n\n\n\n<p class=\"wp-block-paragraph\">\u201eMercy, n\u011bkdy Mari vejde do m\u00edstnosti naprosto v pohod\u011b a ty u\u017e kontroluje\u0161, kdo se na ni d\u00edv\u00e1.\u201c<\/p>\n\n\n\n<p class=\"wp-block-paragraph\">\u201eChr\u00e1n\u00edvala jsem ji.\u201c<\/p>\n\n\n\n<p class=\"wp-block-paragraph\">\u201eJ\u00e1 v\u00edm.\u201c Jeho hlas zm\u011bkl. \u201eAle n\u011bkdy j\u00ed p\u0159ipom\u00edn\u00e1\u0161, \u017ee se m\u00e1 b\u00e1t, je\u0161t\u011b p\u0159edt\u00edm, ne\u017e j\u00ed n\u011bkdo v\u016fbec n\u011bco ud\u011blal.\u201c<\/p>\n\n\n\n<p class=\"wp-block-paragraph\">Po cel\u00e9 roky, kdykoli n\u011bkdo vyt\u00e1hl fotoapar\u00e1t, automaticky jsem \u0159\u00edkala:<\/p>\n\n\n\n<p class=\"wp-block-paragraph\">\u201eMari, tady je lep\u0161\u00ed sv\u011btlo.\u201c<\/p>\n\n\n\n<p class=\"wp-block-paragraph\">Nebo:<\/p>\n\n\n\n<p class=\"wp-block-paragraph\">\u201eTrochu nato\u010d obli\u010dej.\u201c<\/p>\n\n\n\n<p class=\"wp-block-paragraph\">Nebo jednodu\u0161e:<\/p>\n\n\n\n<p class=\"wp-block-paragraph\">\u201eVypad\u00e1\u0161 n\u00e1dhern\u011b, zlat\u00ed\u010dko.\u201c<\/p>\n\n\n\n<p class=\"wp-block-paragraph\">Marissa se na m\u011b pod\u00edvala.<\/p>\n\n\n\n<p class=\"wp-block-paragraph\">\u201eMysl\u00edm, \u017ee jsem t\u011b tak dlouho sledovala, jestli n\u011bkdo nekouk\u00e1 na tebe, \u017ee jsem zapomn\u011bla, \u017ee u\u017e mo\u017en\u00e1 nepot\u0159ebuje\u0161, abych to d\u011blala,\u201c p\u0159iznala jsem.<\/p>\n\n\n\n<p class=\"wp-block-paragraph\">Vzala m\u011b za ruku.<\/p>\n\n\n\n<p class=\"wp-block-paragraph\">\u201eSna\u017eila ses mi pomoct, mami.\u201c<\/p>\n\n\n\n<p class=\"wp-block-paragraph\">Stiskla jsem j\u00ed prsty.<\/p>\n\n\n\n<p class=\"wp-block-paragraph\">\u201eSna\u017e\u00edm se nau\u010dit poznat, kdy m\u011b o pomoc ne\u017e\u00e1d\u00e1\u0161.\u201c<\/p>\n\n\n\n<p class=\"wp-block-paragraph\">Henry poklepal na stolek.<\/p>\n\n\n\n<p class=\"wp-block-paragraph\">\u201eProto jsme tady. Neopravil jsem ho proto, \u017ee bych si myslel, \u017ee se na sebe pot\u0159ebuje\u0161 d\u00edvat jinak. Opravil jsem ho, proto\u017ee jsem doufal, \u017ee jednoho dne pro tebe bude zase jen kusem n\u00e1bytku.\u201c<\/p>\n\n\n\n<p class=\"wp-block-paragraph\">Marissa se pod\u00edvala na zrcadlo.<\/p>\n\n\n\n<p class=\"wp-block-paragraph\">\u201eJestli ho chce\u0161 zp\u00e1tky do gar\u00e1\u017ee, vr\u00e1t\u00edme ho tam,\u201c dodal Henry.<\/p>\n\n\n\n<p class=\"wp-block-paragraph\">Nikdo se nepohnul.<\/p>\n\n\n\n<p class=\"wp-block-paragraph\">Nakonec si Marissa sedla.<\/p>\n\n\n\n<p class=\"wp-block-paragraph\">Prohl\u00ed\u017eela si sv\u016fj odraz.<\/p>\n\n\n\n<p class=\"wp-block-paragraph\">Graham \u010dekal.<\/p>\n\n\n\n<p class=\"wp-block-paragraph\">M\u00e1lem jsem \u0159ekla:<\/p>\n\n\n\n<p class=\"wp-block-paragraph\">\u201eVypad\u00e1\u0161 n\u00e1dhern\u011b.\u201c<\/p>\n\n\n\n<p class=\"wp-block-paragraph\">Zastavila jsem se.<\/p>\n\n\n\n<p class=\"wp-block-paragraph\">Pak se Marissa naklonila bl\u00ed\u017e k zrcadlu.<\/p>\n\n\n\n<p class=\"wp-block-paragraph\">\u201eBo\u017ee.\u201c<\/p>\n\n\n\n<p class=\"wp-block-paragraph\">M\u016fj star\u00fd reflex se okam\u017eit\u011b vr\u00e1til.<\/p>\n\n\n\n<p class=\"wp-block-paragraph\">\u201eCo?\u201c<\/p>\n\n\n\n<p class=\"wp-block-paragraph\">Uk\u00e1zala na vlasy.<\/p>\n\n\n\n<p class=\"wp-block-paragraph\">\u201eTo jsou \u0161ediny?\u201c<\/p>\n\n\n\n<p class=\"wp-block-paragraph\">Graham se zasm\u00e1l.<\/p>\n\n\n\n<p class=\"wp-block-paragraph\">\u0160patn\u00e9 rozhodnut\u00ed.<\/p>\n\n\n\n<p class=\"wp-block-paragraph\">Marissa se k n\u011bmu prudce oto\u010dila.<\/p>\n\n\n\n<p class=\"wp-block-paragraph\">\u201eTy jsi to v\u011bd\u011bl?\u201c<\/p>\n\n\n\n<p class=\"wp-block-paragraph\">\u201eMari, mo\u017en\u00e1 jich je v\u00edc ne\u017e\u2026\u201c<\/p>\n\n\n\n<p class=\"wp-block-paragraph\">\u201eDokon\u010di tu v\u011btu a \u017e\u00e1dn\u00e1 svatba nebude.\u201c<\/p>\n\n\n\n<p class=\"wp-block-paragraph\">Henry vybuchl sm\u00edchy.<\/p>\n\n\n\n<p class=\"wp-block-paragraph\">A kone\u010dn\u011b jsem c\u00edtila, jak ze m\u011b opad\u00e1v\u00e1 nap\u011bt\u00ed.<\/p>\n\n\n\n<p class=\"wp-block-paragraph\">Jej\u00ed mate\u0159sk\u00e9 znam\u00e9nko tam bylo.<\/p>\n\n\n\n<p class=\"wp-block-paragraph\">A poprv\u00e9 nebylo to prvn\u00ed, \u010deho si n\u011bkdo pot\u0159eboval v\u0161imnout.<\/p>\n\n\n\n<p class=\"wp-block-paragraph\">\u201eKam ten stolek chce\u0161?\u201c zeptal se Henry.<\/p>\n\n\n\n<p class=\"wp-block-paragraph\">Marissa se zamyslela.<\/p>\n\n\n\n<p class=\"wp-block-paragraph\">\u201eDo na\u0161eho bytu.\u201c<\/p>\n\n\n\n<p class=\"wp-block-paragraph\">A tak jsme toho ve\u010dera nalo\u017eili stolek do Henryho SUV a odvezli ho do bytu Marissy a Grahama.<\/p>\n\n\n\n<p class=\"wp-block-paragraph\">Pak jsme se v\u0161ichni \u010dty\u0159i sna\u017eili dostat ho po schodech nahoru.<\/p>\n\n\n\n<p class=\"wp-block-paragraph\">V p\u016flce dve\u0159\u00ed Marissa vy\u0161t\u011bkla:<\/p>\n\n\n\n<p class=\"wp-block-paragraph\">\u201eTati, oto\u010d ho, nebo zni\u010d\u00ed\u0161 ze\u010f.\u201c<\/p>\n\n\n\n<p class=\"wp-block-paragraph\">Henry ztuhl.<\/p>\n\n\n\n<p class=\"wp-block-paragraph\">Marissa tak\u00e9.<\/p>\n\n\n\n<p class=\"wp-block-paragraph\">Obvykle mu \u0159\u00edkala Henry.<\/p>\n\n\n\n<p class=\"wp-block-paragraph\">Ani jeden to nekomentoval.<\/p>\n\n\n\n<p class=\"wp-block-paragraph\">Henry se jen usm\u00e1l a stolek oto\u010dil.<\/p>\n\n\n\n<h1 class=\"wp-block-heading\"><strong>Pozd\u011bji, kdy\u017e jsme odch\u00e1zeli, jsem se je\u0161t\u011b jednou ohl\u00e9dla.<\/strong><\/h1>\n\n\n\n<p class=\"wp-block-paragraph\">Marissa sed\u011bla p\u0159ed zrcadlem a sund\u00e1vala si n\u00e1u\u0161nici.<\/p>\n\n\n\n<p class=\"wp-block-paragraph\">Graham st\u00e1l za n\u00ed a \u010distil si zuby.<\/p>\n\n\n\n<p class=\"wp-block-paragraph\">Pod\u00edval se na jej\u00ed odraz v zrcadle.<\/p>\n\n\n\n<p class=\"wp-block-paragraph\">Marissa ho p\u0159istihla.<\/p>\n\n\n\n<p class=\"wp-block-paragraph\">\u201eP\u0159esta\u0148 na m\u011b z\u00edrat, ty podiv\u00edne.\u201c<\/p>\n\n\n\n<p class=\"wp-block-paragraph\">Graham promluvil s kart\u00e1\u010dkem v \u00fastech.<\/p>\n\n\n\n<p class=\"wp-block-paragraph\">\u201e\u010cist\u00edm si zuby.\u201c<\/p>\n\n\n\n<p class=\"wp-block-paragraph\">\u201ePodez\u0159ele.\u201c<\/p>\n\n\n\n<p class=\"wp-block-paragraph\">C\u00e1kla na n\u011bj trochu vody.<\/p>\n\n\n\n<p class=\"wp-block-paragraph\">Marissa vyk\u0159ikla.<\/p>\n\n\n\n<p class=\"wp-block-paragraph\">Na jednu vte\u0159inu jsem m\u00e1lem vstoupila zp\u00e1tky.<\/p>\n\n\n\n<p class=\"wp-block-paragraph\">Star\u00fd zvyk.<\/p>\n\n\n\n<p class=\"wp-block-paragraph\">D\u00edvat se.<\/p>\n\n\n\n<p class=\"wp-block-paragraph\">Chr\u00e1n\u00edvat.<\/p>\n\n\n\n<p class=\"wp-block-paragraph\">Kontrolovat.<\/p>\n\n\n\n<p class=\"wp-block-paragraph\">M\u00edsto toho jsem dve\u0159e ti\u0161e zav\u0159ela.<\/p>\n\n\n\n<p class=\"wp-block-paragraph\">A nechala svou dceru, aby mi sama \u0159ekla, a\u017e m\u011b bude pot\u0159ebovat.<\/p>\n\n\n\n<p class=\"wp-block-paragraph\"><\/p>\n","protected":false},"excerpt":{"rendered":"Moje dcera se roky vyh\u00fdbala sch\u016fzk\u00e1m a fotografov\u00e1n\u00ed kv\u016fli mate\u0159sk\u00e9mu znam\u00e9nku na tv\u00e1\u0159i. Kdy\u017e tedy p\u0159ivedla dom\u016f mu\u017ee, kter\u00e9ho si cht\u011bla vz\u00edt, bedliv\u011b \n<a class=\"moretag\" href=\"https:\/\/vendeto.am\/?p=33233\"> [...]<\/a>","protected":false},"author":1,"featured_media":33234,"comment_status":"open","ping_status":"open","sticky":false,"template":"","format":"standard","meta":{"footnotes":""},"categories":[2],"tags":[],"class_list":["post-33233","post","type-post","status-publish","format-standard","has-post-thumbnail","hentry","category-sport"],"yoast_head":"<!-- This site is optimized with the Yoast SEO plugin v28.4 - https:\/\/yoast.com\/product\/yoast-seo-wordpress\/ -->\n<title>Moje dcera p\u0159ivedla sv\u00e9ho snoubence dom\u016f, aby se se mnou p\u0159ed svatbou sezn\u00e1mil \u2013 jakmile ode\u0161la z m\u00edstnosti, \u0159ekl: \u201eJ\u00e1 jsem splnil svou \u010d\u00e1st dohody. Te\u010f jsi na \u0159ad\u011b ty.\u201c -<\/title>\n<meta name=\"robots\" content=\"index, follow, max-snippet:-1, max-image-preview:large, max-video-preview:-1\" \/>\n<link rel=\"canonical\" href=\"https:\/\/vendeto.am\/?p=33233\" \/>\n<meta property=\"og:locale\" content=\"ru_RU\" \/>\n<meta property=\"og:type\" content=\"article\" \/>\n<meta property=\"og:title\" content=\"Moje dcera p\u0159ivedla sv\u00e9ho snoubence dom\u016f, aby se se mnou p\u0159ed svatbou sezn\u00e1mil \u2013 jakmile ode\u0161la z m\u00edstnosti, \u0159ekl: \u201eJ\u00e1 jsem splnil svou \u010d\u00e1st dohody. Te\u010f jsi na \u0159ad\u011b ty.\u201c -\" \/>\n<meta property=\"og:description\" content=\"Moje dcera se roky vyh\u00fdbala sch\u016fzk\u00e1m a fotografov\u00e1n\u00ed kv\u016fli mate\u0159sk\u00e9mu znam\u00e9nku na tv\u00e1\u0159i. Kdy\u017e tedy p\u0159ivedla dom\u016f mu\u017ee, kter\u00e9ho si cht\u011bla vz\u00edt, bedliv\u011b\" \/>\n<meta property=\"og:url\" content=\"https:\/\/vendeto.am\/?p=33233\" \/>\n<meta property=\"article:published_time\" content=\"2026-09-05T05:24:02+00:00\" \/>\n<meta property=\"article:modified_time\" content=\"2026-09-05T05:24:04+00:00\" \/>\n<meta property=\"og:image\" content=\"https:\/\/vendeto.am\/wp-content\/uploads\/2026\/09\/cozy_home_selfie.jpg\" \/>\n\t<meta property=\"og:image:width\" content=\"1408\" \/>\n\t<meta property=\"og:image:height\" content=\"1760\" \/>\n\t<meta property=\"og:image:type\" content=\"image\/jpeg\" \/>\n<meta name=\"author\" content=\"admin\" \/>\n<meta name=\"twitter:card\" content=\"summary_large_image\" \/>\n<meta name=\"twitter:label1\" content=\"\u041d\u0430\u043f\u0438\u0441\u0430\u043d\u043e \u0430\u0432\u0442\u043e\u0440\u043e\u043c\" \/>\n\t<meta name=\"twitter:data1\" content=\"admin\" \/>\n\t<meta name=\"twitter:label2\" content=\"\u041f\u0440\u0438\u043c\u0435\u0440\u043d\u043e\u0435 \u0432\u0440\u0435\u043c\u044f \u0434\u043b\u044f \u0447\u0442\u0435\u043d\u0438\u044f\" \/>\n\t<meta name=\"twitter:data2\" content=\"13 \u043c\u0438\u043d\u0443\u0442\" \/>\n<script type=\"application\/ld+json\" class=\"yoast-schema-graph\">{\"@context\":\"https:\\\/\\\/schema.org\",\"@graph\":[{\"@type\":\"Article\",\"@id\":\"https:\\\/\\\/vendeto.am\\\/?p=33233#article\",\"isPartOf\":{\"@id\":\"https:\\\/\\\/vendeto.am\\\/?p=33233\"},\"author\":{\"name\":\"admin\",\"@id\":\"https:\\\/\\\/vendeto.am\\\/#\\\/schema\\\/person\\\/48a4bd89d2048190ecc61e5ce821bef7\"},\"headline\":\"Moje dcera p\u0159ivedla sv\u00e9ho snoubence dom\u016f, aby se se mnou p\u0159ed svatbou sezn\u00e1mil \u2013 jakmile ode\u0161la z m\u00edstnosti, \u0159ekl: \u201eJ\u00e1 jsem splnil svou \u010d\u00e1st dohody. Te\u010f jsi na \u0159ad\u011b ty.\u201c\",\"datePublished\":\"2026-09-05T05:24:02+00:00\",\"dateModified\":\"2026-09-05T05:24:04+00:00\",\"mainEntityOfPage\":{\"@id\":\"https:\\\/\\\/vendeto.am\\\/?p=33233\"},\"wordCount\":2836,\"commentCount\":0,\"image\":{\"@id\":\"https:\\\/\\\/vendeto.am\\\/?p=33233#primaryimage\"},\"thumbnailUrl\":\"https:\\\/\\\/vendeto.am\\\/wp-content\\\/uploads\\\/2026\\\/09\\\/cozy_home_selfie.jpg\",\"articleSection\":[\"SPORT\"],\"inLanguage\":\"ru-RU\",\"potentialAction\":[{\"@type\":\"CommentAction\",\"name\":\"Comment\",\"target\":[\"https:\\\/\\\/vendeto.am\\\/?p=33233#respond\"]}]},{\"@type\":\"WebPage\",\"@id\":\"https:\\\/\\\/vendeto.am\\\/?p=33233\",\"url\":\"https:\\\/\\\/vendeto.am\\\/?p=33233\",\"name\":\"Moje dcera p\u0159ivedla sv\u00e9ho snoubence dom\u016f, aby se se mnou p\u0159ed svatbou sezn\u00e1mil \u2013 jakmile ode\u0161la z m\u00edstnosti, \u0159ekl: \u201eJ\u00e1 jsem splnil svou \u010d\u00e1st dohody. Te\u010f jsi na \u0159ad\u011b ty.\u201c -\",\"isPartOf\":{\"@id\":\"https:\\\/\\\/vendeto.am\\\/#website\"},\"primaryImageOfPage\":{\"@id\":\"https:\\\/\\\/vendeto.am\\\/?p=33233#primaryimage\"},\"image\":{\"@id\":\"https:\\\/\\\/vendeto.am\\\/?p=33233#primaryimage\"},\"thumbnailUrl\":\"https:\\\/\\\/vendeto.am\\\/wp-content\\\/uploads\\\/2026\\\/09\\\/cozy_home_selfie.jpg\",\"datePublished\":\"2026-09-05T05:24:02+00:00\",\"dateModified\":\"2026-09-05T05:24:04+00:00\",\"author\":{\"@id\":\"https:\\\/\\\/vendeto.am\\\/#\\\/schema\\\/person\\\/48a4bd89d2048190ecc61e5ce821bef7\"},\"breadcrumb\":{\"@id\":\"https:\\\/\\\/vendeto.am\\\/?p=33233#breadcrumb\"},\"inLanguage\":\"ru-RU\",\"potentialAction\":[{\"@type\":\"ReadAction\",\"target\":[\"https:\\\/\\\/vendeto.am\\\/?p=33233\"]}]},{\"@type\":\"ImageObject\",\"inLanguage\":\"ru-RU\",\"@id\":\"https:\\\/\\\/vendeto.am\\\/?p=33233#primaryimage\",\"url\":\"https:\\\/\\\/vendeto.am\\\/wp-content\\\/uploads\\\/2026\\\/09\\\/cozy_home_selfie.jpg\",\"contentUrl\":\"https:\\\/\\\/vendeto.am\\\/wp-content\\\/uploads\\\/2026\\\/09\\\/cozy_home_selfie.jpg\",\"width\":1408,\"height\":1760},{\"@type\":\"BreadcrumbList\",\"@id\":\"https:\\\/\\\/vendeto.am\\\/?p=33233#breadcrumb\",\"itemListElement\":[{\"@type\":\"ListItem\",\"position\":1,\"name\":\"\u0413\u043b\u0430\u0432\u043d\u0430\u044f \u0441\u0442\u0440\u0430\u043d\u0438\u0446\u0430\",\"item\":\"https:\\\/\\\/vendeto.am\\\/\"},{\"@type\":\"ListItem\",\"position\":2,\"name\":\"Moje dcera p\u0159ivedla sv\u00e9ho snoubence dom\u016f, aby se se mnou p\u0159ed svatbou sezn\u00e1mil \u2013 jakmile ode\u0161la z m\u00edstnosti, \u0159ekl: \u201eJ\u00e1 jsem splnil svou \u010d\u00e1st dohody. Te\u010f jsi na \u0159ad\u011b ty.\u201c\"}]},{\"@type\":\"WebSite\",\"@id\":\"https:\\\/\\\/vendeto.am\\\/#website\",\"url\":\"https:\\\/\\\/vendeto.am\\\/\",\"name\":\"\",\"description\":\"\",\"potentialAction\":[{\"@type\":\"SearchAction\",\"target\":{\"@type\":\"EntryPoint\",\"urlTemplate\":\"https:\\\/\\\/vendeto.am\\\/?s={search_term_string}\"},\"query-input\":{\"@type\":\"PropertyValueSpecification\",\"valueRequired\":true,\"valueName\":\"search_term_string\"}}],\"inLanguage\":\"ru-RU\"},{\"@type\":\"Person\",\"@id\":\"https:\\\/\\\/vendeto.am\\\/#\\\/schema\\\/person\\\/48a4bd89d2048190ecc61e5ce821bef7\",\"name\":\"admin\",\"image\":{\"@type\":\"ImageObject\",\"inLanguage\":\"ru-RU\",\"@id\":\"https:\\\/\\\/secure.gravatar.com\\\/avatar\\\/df64e550a0653b7be0f1bcf897f33faad9c2c8153472b2d9319beafb51370f6f?s=96&d=mm&r=g\",\"url\":\"https:\\\/\\\/secure.gravatar.com\\\/avatar\\\/df64e550a0653b7be0f1bcf897f33faad9c2c8153472b2d9319beafb51370f6f?s=96&d=mm&r=g\",\"contentUrl\":\"https:\\\/\\\/secure.gravatar.com\\\/avatar\\\/df64e550a0653b7be0f1bcf897f33faad9c2c8153472b2d9319beafb51370f6f?s=96&d=mm&r=g\",\"caption\":\"admin\"},\"sameAs\":[\"http:\\\/\\\/vendeto.am\"]}]}<\/script>\n<!-- \/ Yoast SEO plugin. -->","yoast_head_json":{"title":"Moje dcera p\u0159ivedla sv\u00e9ho snoubence dom\u016f, aby se se mnou p\u0159ed svatbou sezn\u00e1mil \u2013 jakmile ode\u0161la z m\u00edstnosti, \u0159ekl: \u201eJ\u00e1 jsem splnil svou \u010d\u00e1st dohody. Te\u010f jsi na \u0159ad\u011b ty.\u201c -","robots":{"index":"index","follow":"follow","max-snippet":"max-snippet:-1","max-image-preview":"max-image-preview:large","max-video-preview":"max-video-preview:-1"},"canonical":"https:\/\/vendeto.am\/?p=33233","og_locale":"ru_RU","og_type":"article","og_title":"Moje dcera p\u0159ivedla sv\u00e9ho snoubence dom\u016f, aby se se mnou p\u0159ed svatbou sezn\u00e1mil \u2013 jakmile ode\u0161la z m\u00edstnosti, \u0159ekl: \u201eJ\u00e1 jsem splnil svou \u010d\u00e1st dohody. Te\u010f jsi na \u0159ad\u011b ty.\u201c -","og_description":"Moje dcera se roky vyh\u00fdbala sch\u016fzk\u00e1m a fotografov\u00e1n\u00ed kv\u016fli mate\u0159sk\u00e9mu znam\u00e9nku na tv\u00e1\u0159i. Kdy\u017e tedy p\u0159ivedla dom\u016f mu\u017ee, kter\u00e9ho si cht\u011bla vz\u00edt, bedliv\u011b","og_url":"https:\/\/vendeto.am\/?p=33233","article_published_time":"2026-09-05T05:24:02+00:00","article_modified_time":"2026-09-05T05:24:04+00:00","og_image":[{"width":1408,"height":1760,"url":"https:\/\/vendeto.am\/wp-content\/uploads\/2026\/09\/cozy_home_selfie.jpg","type":"image\/jpeg"}],"author":"admin","twitter_card":"summary_large_image","twitter_misc":{"\u041d\u0430\u043f\u0438\u0441\u0430\u043d\u043e \u0430\u0432\u0442\u043e\u0440\u043e\u043c":"admin","\u041f\u0440\u0438\u043c\u0435\u0440\u043d\u043e\u0435 \u0432\u0440\u0435\u043c\u044f \u0434\u043b\u044f \u0447\u0442\u0435\u043d\u0438\u044f":"13 \u043c\u0438\u043d\u0443\u0442"},"schema":{"@context":"https:\/\/schema.org","@graph":[{"@type":"Article","@id":"https:\/\/vendeto.am\/?p=33233#article","isPartOf":{"@id":"https:\/\/vendeto.am\/?p=33233"},"author":{"name":"admin","@id":"https:\/\/vendeto.am\/#\/schema\/person\/48a4bd89d2048190ecc61e5ce821bef7"},"headline":"Moje dcera p\u0159ivedla sv\u00e9ho snoubence dom\u016f, aby se se mnou p\u0159ed svatbou sezn\u00e1mil \u2013 jakmile ode\u0161la z m\u00edstnosti, \u0159ekl: \u201eJ\u00e1 jsem splnil svou \u010d\u00e1st dohody. Te\u010f jsi na \u0159ad\u011b ty.\u201c","datePublished":"2026-09-05T05:24:02+00:00","dateModified":"2026-09-05T05:24:04+00:00","mainEntityOfPage":{"@id":"https:\/\/vendeto.am\/?p=33233"},"wordCount":2836,"commentCount":0,"image":{"@id":"https:\/\/vendeto.am\/?p=33233#primaryimage"},"thumbnailUrl":"https:\/\/vendeto.am\/wp-content\/uploads\/2026\/09\/cozy_home_selfie.jpg","articleSection":["SPORT"],"inLanguage":"ru-RU","potentialAction":[{"@type":"CommentAction","name":"Comment","target":["https:\/\/vendeto.am\/?p=33233#respond"]}]},{"@type":"WebPage","@id":"https:\/\/vendeto.am\/?p=33233","url":"https:\/\/vendeto.am\/?p=33233","name":"Moje dcera p\u0159ivedla sv\u00e9ho snoubence dom\u016f, aby se se mnou p\u0159ed svatbou sezn\u00e1mil \u2013 jakmile ode\u0161la z m\u00edstnosti, \u0159ekl: \u201eJ\u00e1 jsem splnil svou \u010d\u00e1st dohody. Te\u010f jsi na \u0159ad\u011b ty.\u201c -","isPartOf":{"@id":"https:\/\/vendeto.am\/#website"},"primaryImageOfPage":{"@id":"https:\/\/vendeto.am\/?p=33233#primaryimage"},"image":{"@id":"https:\/\/vendeto.am\/?p=33233#primaryimage"},"thumbnailUrl":"https:\/\/vendeto.am\/wp-content\/uploads\/2026\/09\/cozy_home_selfie.jpg","datePublished":"2026-09-05T05:24:02+00:00","dateModified":"2026-09-05T05:24:04+00:00","author":{"@id":"https:\/\/vendeto.am\/#\/schema\/person\/48a4bd89d2048190ecc61e5ce821bef7"},"breadcrumb":{"@id":"https:\/\/vendeto.am\/?p=33233#breadcrumb"},"inLanguage":"ru-RU","potentialAction":[{"@type":"ReadAction","target":["https:\/\/vendeto.am\/?p=33233"]}]},{"@type":"ImageObject","inLanguage":"ru-RU","@id":"https:\/\/vendeto.am\/?p=33233#primaryimage","url":"https:\/\/vendeto.am\/wp-content\/uploads\/2026\/09\/cozy_home_selfie.jpg","contentUrl":"https:\/\/vendeto.am\/wp-content\/uploads\/2026\/09\/cozy_home_selfie.jpg","width":1408,"height":1760},{"@type":"BreadcrumbList","@id":"https:\/\/vendeto.am\/?p=33233#breadcrumb","itemListElement":[{"@type":"ListItem","position":1,"name":"\u0413\u043b\u0430\u0432\u043d\u0430\u044f \u0441\u0442\u0440\u0430\u043d\u0438\u0446\u0430","item":"https:\/\/vendeto.am\/"},{"@type":"ListItem","position":2,"name":"Moje dcera p\u0159ivedla sv\u00e9ho snoubence dom\u016f, aby se se mnou p\u0159ed svatbou sezn\u00e1mil \u2013 jakmile ode\u0161la z m\u00edstnosti, \u0159ekl: \u201eJ\u00e1 jsem splnil svou \u010d\u00e1st dohody. Te\u010f jsi na \u0159ad\u011b ty.\u201c"}]},{"@type":"WebSite","@id":"https:\/\/vendeto.am\/#website","url":"https:\/\/vendeto.am\/","name":"","description":"","potentialAction":[{"@type":"SearchAction","target":{"@type":"EntryPoint","urlTemplate":"https:\/\/vendeto.am\/?s={search_term_string}"},"query-input":{"@type":"PropertyValueSpecification","valueRequired":true,"valueName":"search_term_string"}}],"inLanguage":"ru-RU"},{"@type":"Person","@id":"https:\/\/vendeto.am\/#\/schema\/person\/48a4bd89d2048190ecc61e5ce821bef7","name":"admin","image":{"@type":"ImageObject","inLanguage":"ru-RU","@id":"https:\/\/secure.gravatar.com\/avatar\/df64e550a0653b7be0f1bcf897f33faad9c2c8153472b2d9319beafb51370f6f?s=96&d=mm&r=g","url":"https:\/\/secure.gravatar.com\/avatar\/df64e550a0653b7be0f1bcf897f33faad9c2c8153472b2d9319beafb51370f6f?s=96&d=mm&r=g","contentUrl":"https:\/\/secure.gravatar.com\/avatar\/df64e550a0653b7be0f1bcf897f33faad9c2c8153472b2d9319beafb51370f6f?s=96&d=mm&r=g","caption":"admin"},"sameAs":["http:\/\/vendeto.am"]}]}},"_links":{"self":[{"href":"https:\/\/vendeto.am\/index.php?rest_route=\/wp\/v2\/posts\/33233","targetHints":{"allow":["GET"]}}],"collection":[{"href":"https:\/\/vendeto.am\/index.php?rest_route=\/wp\/v2\/posts"}],"about":[{"href":"https:\/\/vendeto.am\/index.php?rest_route=\/wp\/v2\/types\/post"}],"author":[{"embeddable":true,"href":"https:\/\/vendeto.am\/index.php?rest_route=\/wp\/v2\/users\/1"}],"replies":[{"embeddable":true,"href":"https:\/\/vendeto.am\/index.php?rest_route=%2Fwp%2Fv2%2Fcomments&post=33233"}],"version-history":[{"count":1,"href":"https:\/\/vendeto.am\/index.php?rest_route=\/wp\/v2\/posts\/33233\/revisions"}],"predecessor-version":[{"id":33235,"href":"https:\/\/vendeto.am\/index.php?rest_route=\/wp\/v2\/posts\/33233\/revisions\/33235"}],"wp:featuredmedia":[{"embeddable":true,"href":"https:\/\/vendeto.am\/index.php?rest_route=\/wp\/v2\/media\/33234"}],"wp:attachment":[{"href":"https:\/\/vendeto.am\/index.php?rest_route=%2Fwp%2Fv2%2Fmedia&parent=33233"}],"wp:term":[{"taxonomy":"category","embeddable":true,"href":"https:\/\/vendeto.am\/index.php?rest_route=%2Fwp%2Fv2%2Fcategories&post=33233"},{"taxonomy":"post_tag","embeddable":true,"href":"https:\/\/vendeto.am\/index.php?rest_route=%2Fwp%2Fv2%2Ftags&post=33233"}],"curies":[{"name":"wp","href":"https:\/\/api.w.org\/{rel}","templated":true}]}}