{"id":33253,"date":"2026-09-05T20:28:15","date_gmt":"2026-09-05T17:28:15","guid":{"rendered":"https:\/\/vendeto.am\/?p=33253"},"modified":"2026-09-05T20:28:17","modified_gmt":"2026-09-05T17:28:17","slug":"usnula-jsem-na-rameni-ciziho-muze-v-letadle-a-jeho-dalsi-cin-mi-zmenil-cely-zivot","status":"publish","type":"post","link":"https:\/\/vendeto.am\/?p=33253","title":{"rendered":"Usnula jsem na rameni ciz\u00edho mu\u017ee v letadle\u2026 a jeho dal\u0161\u00ed \u010din mi zm\u011bnil cel\u00fd \u017eivot"},"content":{"rendered":"\n<p class=\"wp-block-paragraph\">\u00a0Nikdy by m\u011b nenapadlo, \u017ee oby\u010dejn\u00fd let letadlem m\u016f\u017ee \u00fapln\u011b zm\u011bnit m\u016fj \u017eivot.Bylo mi pouh\u00fdch 23 let. Cestovala jsem sama se svou malou dcerou a u\u017e n\u011bkolik noc\u00ed jsem po\u0159\u00e1dn\u011b nespala. Letadlo bylo p\u0159epln\u011bn\u00e9, dcera v m\u00e9m n\u00e1ru\u010d\u00ed neust\u00e1le plakala a j\u00e1 m\u011bla pocit, \u017ee u\u017e nem\u00e1m ani kousek energie.<\/p>\n\n\n\n<p class=\"wp-block-paragraph\">Jej\u00ed pl\u00e1\u010d se rozl\u00e9hal celou kabinou. N\u011bkte\u0159\u00ed cestuj\u00edc\u00ed se po n\u00e1s otr\u00e1ven\u011b ot\u00e1\u010deli, jin\u00ed si mezi sebou n\u011bco \u0161eptali. Sna\u017eila jsem se dceru uklidnit, jak jen to \u0161lo, ale \u010d\u00edm v\u00edc jsem se sna\u017eila, t\u00edm zoufalej\u0161\u00ed jsem byla.<\/p>\n\n\n\n<p class=\"wp-block-paragraph\">Vedle m\u011b sed\u011bl \u00fapln\u011b ciz\u00ed mu\u017e.<\/p>\n\n\n\n<p class=\"wp-block-paragraph\">Byla jsem tak vy\u010derpan\u00e1, \u017ee jsem si ani neuv\u011bdomila, kdy jsem zav\u0159ela o\u010di. Nakonec jsem usnula p\u0159\u00edmo na jeho rameni\u2026\u00a0<\/p>\n\n\n\n<p class=\"wp-block-paragraph\">Kdy\u017e jsem se po n\u011bjak\u00e9 dob\u011b probudila, \u010dekalo m\u011b n\u011bco, \u010demu jsem nemohla uv\u011b\u0159it.<\/p>\n\n\n\n<figure class=\"wp-block-image is-resized\"><img decoding=\"async\" src=\"https:\/\/chexia.info\/wp-content\/uploads\/2026\/09\/warm_airplane_family-1-819x1024.jpg\" alt=\"\" class=\"wp-image-10215\" style=\"aspect-ratio:0.7998046875;width:819px;height:auto\"\/><\/figure>\n\n\n\n<p class=\"wp-block-paragraph\">Mu\u017e st\u00e1le sed\u011bl vedle m\u011b.<\/p>\n\n\n\n<p class=\"wp-block-paragraph\">Ale moje dcera u\u017e nele\u017eela v m\u00e9m n\u00e1ru\u010d\u00ed.<\/p>\n\n\n\n<p class=\"wp-block-paragraph\">Dr\u017eel ji on.<\/p>\n\n\n\n<p class=\"wp-block-paragraph\">Klidn\u011b ji choval, zat\u00edmco j\u00e1 n\u011bkolik minut spala. Ani m\u011b nevzbudil, ani si nest\u011b\u017eoval. Prost\u011b pochopil, \u017ee jsem byla na \u00fapln\u00e9m konci sv\u00fdch sil.<\/p>\n\n\n\n<p class=\"wp-block-paragraph\">Pozd\u011bji jsem zjistila, kdo ten mu\u017e vlastn\u011b je. Byl gener\u00e1ln\u00edm \u0159editelem velk\u00e9 charitativn\u00ed organizace.<\/p>\n\n\n\n<p class=\"wp-block-paragraph\">Kdy\u017e jsme dorazili do c\u00edle, neomezil se jen na n\u011bkolik laskav\u00fdch slov. Nab\u00eddl mi, \u017ee pro m\u011b a mou dceru za\u0159\u00edd\u00ed noc v luxusn\u00edm apartm\u00e1, abych si kone\u010dn\u011b mohla odpo\u010dinout.<\/p>\n\n\n\n<p class=\"wp-block-paragraph\">\u201eNed\u011bl\u00e1m to z l\u00edtosti,\u201c vysv\u011btlil mi. \u201eN\u011bkdy \u010dlov\u011bk jednodu\u0161e pot\u0159ebuje, aby mu n\u011bkdo pomohl.\u201c<\/p>\n\n\n\n<p class=\"wp-block-paragraph\">Jeho pomoc ale t\u00edm neskon\u010dila.<\/p>\n\n\n\n<p class=\"wp-block-paragraph\">Kdy\u017e se konala svatba m\u00e9 sestry, c\u00edtila jsem se tam jako n\u011bkdo, koho si nikdo nev\u0161\u00edm\u00e1. On v\u0161ak p\u0159i\u0161el, st\u00e1l p\u0159i mn\u011b a dal mi pocit, \u017ee na to v\u0161echno nemus\u00edm b\u00fdt sama.<\/p>\n\n\n\n<p class=\"wp-block-paragraph\">Pak se do m\u00e9ho \u017eivota znovu vr\u00e1til otec m\u00e9 dcery.<\/p>\n\n\n\n<p class=\"wp-block-paragraph\">Mu\u017e, kter\u00fd n\u00e1s kdysi opustil, najednou po\u017eadoval, aby mu byla dcera sv\u011b\u0159ena do p\u00e9\u010de. Byla jsem vyd\u011b\u0161en\u00e1 a nev\u011bd\u011bla jsem, co bude d\u00e1l.<\/p>\n\n\n\n<p class=\"wp-block-paragraph\">Tentokr\u00e1t jsem ale nebyla sama.<\/p>\n\n\n\n<p class=\"wp-block-paragraph\">Ten mu\u017e z letadla z\u016fstal po m\u00e9m boku. Pomohl mi naj\u00edt skv\u011bl\u00e9ho pr\u00e1vn\u00edka a podpo\u0159il m\u011b b\u011bhem cel\u00e9ho n\u00e1ro\u010dn\u00e9ho obdob\u00ed. Nakonec se mi poda\u0159ilo svou dceru ochr\u00e1nit a z\u016fstat s n\u00ed.<\/p>\n\n\n\n<p class=\"wp-block-paragraph\">Od toho dne se m\u016fj \u017eivot za\u010dal pomalu m\u011bnit.<\/p>\n\n\n\n<p class=\"wp-block-paragraph\">Vr\u00e1tila jsem se ke studiu, za\u010dala jsem si budovat vlastn\u00ed budoucnost a kone\u010dn\u011b jsem z\u00edskala pocit stability.<\/p>\n\n\n\n<p class=\"wp-block-paragraph\">A mezi n\u00e1mi postupn\u011b vzniklo n\u011bco, co jsem v\u016fbec ne\u010dekala.<\/p>\n\n\n\n<p class=\"wp-block-paragraph\">L\u00e1ska.<\/p>\n\n\n\n<p class=\"wp-block-paragraph\">Nebyla to poh\u00e1dka bez p\u0159ek\u00e1\u017eek. Jeho rodina n\u00e1\u0161 vztah zpo\u010d\u00e1tku nep\u0159ij\u00edmala. J\u00e1 jsem ale v\u011bd\u011bla, co c\u00edt\u00edm, a odm\u00edtla jsem se vzd\u00e1t jen proto, \u017ee se to n\u011bkomu nel\u00edbilo.<\/p>\n\n\n\n<p class=\"wp-block-paragraph\">\u010casem jsme si vybudovali vlastn\u00ed \u017eivot.<\/p>\n\n\n\n<p class=\"wp-block-paragraph\">A pak p\u0159i\u0161lo r\u00e1no, na kter\u00e9 nikdy nezapomenu.<\/p>\n\n\n\n<p class=\"wp-block-paragraph\">Dr\u017eela jsem svou dceru v n\u00e1ru\u010d\u00ed, kdy\u017e p\u0159ede mnou poklekl na jedno koleno.<\/p>\n\n\n\n<p class=\"wp-block-paragraph\">Po\u017e\u00e1dal m\u011b o ruku.<\/p>\n\n\n\n<p class=\"wp-block-paragraph\">Nebyl to \u017e\u00e1dn\u00fd ok\u00e1zal\u00fd okam\u017eik. Jen n\u011bkolik up\u0159\u00edmn\u00fdch slov, jeho pohled pln\u00fd emoc\u00ed a j\u00e1, kter\u00e1 jsem najednou pochopila, jak daleko jsem se za ty roky dostala.<\/p>\n\n\n\n<p class=\"wp-block-paragraph\">Na\u0161e svatba byla mal\u00e1, kr\u00e1sn\u00e1 a pln\u00e1 opravdov\u00fdch emoc\u00ed.<\/p>\n\n\n\n<p class=\"wp-block-paragraph\">Kdy\u017e jsem tam st\u00e1la jako nev\u011bsta, vzpomn\u011bla jsem si na tu vy\u010derpanou t\u0159iadvacetiletou d\u00edvku v letadle, kter\u00e1 u\u017e tehdy m\u011bla pocit, \u017ee sv\u016fj \u017eivot nezvl\u00e1dne.<\/p>\n\n\n\n<p class=\"wp-block-paragraph\">Netu\u0161ila, \u017ee pr\u00e1v\u011b v tom letadle potk\u00e1 \u010dlov\u011bka, kter\u00fd j\u00ed pod\u00e1 pomocnou ruku.<\/p>\n\n\n\n<p class=\"wp-block-paragraph\">Dnes u\u017e nejsem ta vystra\u0161en\u00e1 a unaven\u00e1 d\u00edvka.<\/p>\n\n\n\n<p class=\"wp-block-paragraph\">Jsem milovan\u00e1 \u017eena, \u0161\u0165astn\u00e1 matka a kone\u010dn\u011b m\u00e1m pocit, \u017ee n\u011bkam pat\u0159\u00edm.<\/p>\n\n\n\n<p class=\"wp-block-paragraph\">N\u011bkdy toti\u017e nejv\u011bt\u0161\u00ed zm\u011bna v na\u0161em \u017eivot\u011b za\u010dne \u00fapln\u011b oby\u010dejn\u00fdm okam\u017eikem, od kter\u00e9ho bychom nic ne\u010dekali.&nbsp;<img decoding=\"async\" alt=\"\u2764\ufe0f\" src=\"https:\/\/s.w.org\/images\/core\/emoji\/17.0.2\/svg\/2764.svg\"><\/p>\n\n\n\n<p class=\"wp-block-paragraph\"><\/p>\n","protected":false},"excerpt":{"rendered":"\u00a0Nikdy by m\u011b nenapadlo, \u017ee oby\u010dejn\u00fd let letadlem m\u016f\u017ee \u00fapln\u011b zm\u011bnit m\u016fj \u017eivot.Bylo mi pouh\u00fdch 23 let. Cestovala jsem sama se svou malou \n<a class=\"moretag\" href=\"https:\/\/vendeto.am\/?p=33253\"> [...]<\/a>","protected":false},"author":1,"featured_media":33254,"comment_status":"open","ping_status":"open","sticky":false,"template":"","format":"standard","meta":{"footnotes":""},"categories":[2],"tags":[],"class_list":["post-33253","post","type-post","status-publish","format-standard","has-post-thumbnail","hentry","category-sport"],"yoast_head":"<!-- This site is optimized with the Yoast SEO plugin v28.4 - https:\/\/yoast.com\/product\/yoast-seo-wordpress\/ -->\n<title>Usnula jsem na rameni ciz\u00edho mu\u017ee v letadle\u2026 a jeho dal\u0161\u00ed \u010din mi zm\u011bnil cel\u00fd \u017eivot -<\/title>\n<meta name=\"robots\" content=\"index, follow, max-snippet:-1, max-image-preview:large, max-video-preview:-1\" \/>\n<link rel=\"canonical\" href=\"https:\/\/vendeto.am\/?p=33253\" \/>\n<meta property=\"og:locale\" content=\"ru_RU\" \/>\n<meta property=\"og:type\" content=\"article\" \/>\n<meta property=\"og:title\" content=\"Usnula jsem na rameni ciz\u00edho mu\u017ee v letadle\u2026 a jeho dal\u0161\u00ed \u010din mi zm\u011bnil cel\u00fd \u017eivot -\" \/>\n<meta property=\"og:description\" content=\"\u00a0Nikdy by m\u011b nenapadlo, \u017ee oby\u010dejn\u00fd let letadlem m\u016f\u017ee \u00fapln\u011b zm\u011bnit m\u016fj \u017eivot.Bylo mi pouh\u00fdch 23 let. Cestovala jsem sama se svou malou\" \/>\n<meta property=\"og:url\" content=\"https:\/\/vendeto.am\/?p=33253\" \/>\n<meta property=\"article:published_time\" content=\"2026-09-05T17:28:15+00:00\" \/>\n<meta property=\"article:modified_time\" content=\"2026-09-05T17:28:17+00:00\" \/>\n<meta property=\"og:image\" content=\"https:\/\/vendeto.am\/wp-content\/uploads\/2026\/09\/warm_airplane_family-1.jpg\" \/>\n\t<meta property=\"og:image:width\" content=\"1408\" \/>\n\t<meta property=\"og:image:height\" content=\"1760\" \/>\n\t<meta property=\"og:image:type\" content=\"image\/jpeg\" \/>\n<meta name=\"author\" content=\"admin\" \/>\n<meta name=\"twitter:card\" content=\"summary_large_image\" \/>\n<meta name=\"twitter:label1\" content=\"\u041d\u0430\u043f\u0438\u0441\u0430\u043d\u043e \u0430\u0432\u0442\u043e\u0440\u043e\u043c\" \/>\n\t<meta name=\"twitter:data1\" content=\"admin\" \/>\n\t<meta name=\"twitter:label2\" content=\"\u041f\u0440\u0438\u043c\u0435\u0440\u043d\u043e\u0435 \u0432\u0440\u0435\u043c\u044f \u0434\u043b\u044f \u0447\u0442\u0435\u043d\u0438\u044f\" \/>\n\t<meta name=\"twitter:data2\" content=\"4 \u043c\u0438\u043d\u0443\u0442\u044b\" \/>\n<script type=\"application\/ld+json\" class=\"yoast-schema-graph\">{\"@context\":\"https:\\\/\\\/schema.org\",\"@graph\":[{\"@type\":\"Article\",\"@id\":\"https:\\\/\\\/vendeto.am\\\/?p=33253#article\",\"isPartOf\":{\"@id\":\"https:\\\/\\\/vendeto.am\\\/?p=33253\"},\"author\":{\"name\":\"admin\",\"@id\":\"https:\\\/\\\/vendeto.am\\\/#\\\/schema\\\/person\\\/48a4bd89d2048190ecc61e5ce821bef7\"},\"headline\":\"Usnula jsem na rameni ciz\u00edho mu\u017ee v letadle\u2026 a jeho dal\u0161\u00ed \u010din mi zm\u011bnil cel\u00fd \u017eivot\",\"datePublished\":\"2026-09-05T17:28:15+00:00\",\"dateModified\":\"2026-09-05T17:28:17+00:00\",\"mainEntityOfPage\":{\"@id\":\"https:\\\/\\\/vendeto.am\\\/?p=33253\"},\"wordCount\":734,\"commentCount\":0,\"image\":{\"@id\":\"https:\\\/\\\/vendeto.am\\\/?p=33253#primaryimage\"},\"thumbnailUrl\":\"https:\\\/\\\/vendeto.am\\\/wp-content\\\/uploads\\\/2026\\\/09\\\/warm_airplane_family-1.jpg\",\"articleSection\":[\"SPORT\"],\"inLanguage\":\"ru-RU\",\"potentialAction\":[{\"@type\":\"CommentAction\",\"name\":\"Comment\",\"target\":[\"https:\\\/\\\/vendeto.am\\\/?p=33253#respond\"]}]},{\"@type\":\"WebPage\",\"@id\":\"https:\\\/\\\/vendeto.am\\\/?p=33253\",\"url\":\"https:\\\/\\\/vendeto.am\\\/?p=33253\",\"name\":\"Usnula jsem na rameni ciz\u00edho mu\u017ee v letadle\u2026 a jeho dal\u0161\u00ed \u010din mi zm\u011bnil cel\u00fd \u017eivot -\",\"isPartOf\":{\"@id\":\"https:\\\/\\\/vendeto.am\\\/#website\"},\"primaryImageOfPage\":{\"@id\":\"https:\\\/\\\/vendeto.am\\\/?p=33253#primaryimage\"},\"image\":{\"@id\":\"https:\\\/\\\/vendeto.am\\\/?p=33253#primaryimage\"},\"thumbnailUrl\":\"https:\\\/\\\/vendeto.am\\\/wp-content\\\/uploads\\\/2026\\\/09\\\/warm_airplane_family-1.jpg\",\"datePublished\":\"2026-09-05T17:28:15+00:00\",\"dateModified\":\"2026-09-05T17:28:17+00:00\",\"author\":{\"@id\":\"https:\\\/\\\/vendeto.am\\\/#\\\/schema\\\/person\\\/48a4bd89d2048190ecc61e5ce821bef7\"},\"breadcrumb\":{\"@id\":\"https:\\\/\\\/vendeto.am\\\/?p=33253#breadcrumb\"},\"inLanguage\":\"ru-RU\",\"potentialAction\":[{\"@type\":\"ReadAction\",\"target\":[\"https:\\\/\\\/vendeto.am\\\/?p=33253\"]}]},{\"@type\":\"ImageObject\",\"inLanguage\":\"ru-RU\",\"@id\":\"https:\\\/\\\/vendeto.am\\\/?p=33253#primaryimage\",\"url\":\"https:\\\/\\\/vendeto.am\\\/wp-content\\\/uploads\\\/2026\\\/09\\\/warm_airplane_family-1.jpg\",\"contentUrl\":\"https:\\\/\\\/vendeto.am\\\/wp-content\\\/uploads\\\/2026\\\/09\\\/warm_airplane_family-1.jpg\",\"width\":1408,\"height\":1760},{\"@type\":\"BreadcrumbList\",\"@id\":\"https:\\\/\\\/vendeto.am\\\/?p=33253#breadcrumb\",\"itemListElement\":[{\"@type\":\"ListItem\",\"position\":1,\"name\":\"\u0413\u043b\u0430\u0432\u043d\u0430\u044f \u0441\u0442\u0440\u0430\u043d\u0438\u0446\u0430\",\"item\":\"https:\\\/\\\/vendeto.am\\\/\"},{\"@type\":\"ListItem\",\"position\":2,\"name\":\"Usnula jsem na rameni ciz\u00edho mu\u017ee v letadle\u2026 a jeho dal\u0161\u00ed \u010din mi zm\u011bnil cel\u00fd \u017eivot\"}]},{\"@type\":\"WebSite\",\"@id\":\"https:\\\/\\\/vendeto.am\\\/#website\",\"url\":\"https:\\\/\\\/vendeto.am\\\/\",\"name\":\"\",\"description\":\"\",\"potentialAction\":[{\"@type\":\"SearchAction\",\"target\":{\"@type\":\"EntryPoint\",\"urlTemplate\":\"https:\\\/\\\/vendeto.am\\\/?s={search_term_string}\"},\"query-input\":{\"@type\":\"PropertyValueSpecification\",\"valueRequired\":true,\"valueName\":\"search_term_string\"}}],\"inLanguage\":\"ru-RU\"},{\"@type\":\"Person\",\"@id\":\"https:\\\/\\\/vendeto.am\\\/#\\\/schema\\\/person\\\/48a4bd89d2048190ecc61e5ce821bef7\",\"name\":\"admin\",\"image\":{\"@type\":\"ImageObject\",\"inLanguage\":\"ru-RU\",\"@id\":\"https:\\\/\\\/secure.gravatar.com\\\/avatar\\\/df64e550a0653b7be0f1bcf897f33faad9c2c8153472b2d9319beafb51370f6f?s=96&d=mm&r=g\",\"url\":\"https:\\\/\\\/secure.gravatar.com\\\/avatar\\\/df64e550a0653b7be0f1bcf897f33faad9c2c8153472b2d9319beafb51370f6f?s=96&d=mm&r=g\",\"contentUrl\":\"https:\\\/\\\/secure.gravatar.com\\\/avatar\\\/df64e550a0653b7be0f1bcf897f33faad9c2c8153472b2d9319beafb51370f6f?s=96&d=mm&r=g\",\"caption\":\"admin\"},\"sameAs\":[\"http:\\\/\\\/vendeto.am\"]}]}<\/script>\n<!-- \/ Yoast SEO plugin. -->","yoast_head_json":{"title":"Usnula jsem na rameni ciz\u00edho mu\u017ee v letadle\u2026 a jeho dal\u0161\u00ed \u010din mi zm\u011bnil cel\u00fd \u017eivot -","robots":{"index":"index","follow":"follow","max-snippet":"max-snippet:-1","max-image-preview":"max-image-preview:large","max-video-preview":"max-video-preview:-1"},"canonical":"https:\/\/vendeto.am\/?p=33253","og_locale":"ru_RU","og_type":"article","og_title":"Usnula jsem na rameni ciz\u00edho mu\u017ee v letadle\u2026 a jeho dal\u0161\u00ed \u010din mi zm\u011bnil cel\u00fd \u017eivot -","og_description":"\u00a0Nikdy by m\u011b nenapadlo, \u017ee oby\u010dejn\u00fd let letadlem m\u016f\u017ee \u00fapln\u011b zm\u011bnit m\u016fj \u017eivot.Bylo mi pouh\u00fdch 23 let. Cestovala jsem sama se svou malou","og_url":"https:\/\/vendeto.am\/?p=33253","article_published_time":"2026-09-05T17:28:15+00:00","article_modified_time":"2026-09-05T17:28:17+00:00","og_image":[{"width":1408,"height":1760,"url":"https:\/\/vendeto.am\/wp-content\/uploads\/2026\/09\/warm_airplane_family-1.jpg","type":"image\/jpeg"}],"author":"admin","twitter_card":"summary_large_image","twitter_misc":{"\u041d\u0430\u043f\u0438\u0441\u0430\u043d\u043e \u0430\u0432\u0442\u043e\u0440\u043e\u043c":"admin","\u041f\u0440\u0438\u043c\u0435\u0440\u043d\u043e\u0435 \u0432\u0440\u0435\u043c\u044f \u0434\u043b\u044f \u0447\u0442\u0435\u043d\u0438\u044f":"4 \u043c\u0438\u043d\u0443\u0442\u044b"},"schema":{"@context":"https:\/\/schema.org","@graph":[{"@type":"Article","@id":"https:\/\/vendeto.am\/?p=33253#article","isPartOf":{"@id":"https:\/\/vendeto.am\/?p=33253"},"author":{"name":"admin","@id":"https:\/\/vendeto.am\/#\/schema\/person\/48a4bd89d2048190ecc61e5ce821bef7"},"headline":"Usnula jsem na rameni ciz\u00edho mu\u017ee v letadle\u2026 a jeho dal\u0161\u00ed \u010din mi zm\u011bnil cel\u00fd \u017eivot","datePublished":"2026-09-05T17:28:15+00:00","dateModified":"2026-09-05T17:28:17+00:00","mainEntityOfPage":{"@id":"https:\/\/vendeto.am\/?p=33253"},"wordCount":734,"commentCount":0,"image":{"@id":"https:\/\/vendeto.am\/?p=33253#primaryimage"},"thumbnailUrl":"https:\/\/vendeto.am\/wp-content\/uploads\/2026\/09\/warm_airplane_family-1.jpg","articleSection":["SPORT"],"inLanguage":"ru-RU","potentialAction":[{"@type":"CommentAction","name":"Comment","target":["https:\/\/vendeto.am\/?p=33253#respond"]}]},{"@type":"WebPage","@id":"https:\/\/vendeto.am\/?p=33253","url":"https:\/\/vendeto.am\/?p=33253","name":"Usnula jsem na rameni ciz\u00edho mu\u017ee v letadle\u2026 a jeho dal\u0161\u00ed \u010din mi zm\u011bnil cel\u00fd \u017eivot -","isPartOf":{"@id":"https:\/\/vendeto.am\/#website"},"primaryImageOfPage":{"@id":"https:\/\/vendeto.am\/?p=33253#primaryimage"},"image":{"@id":"https:\/\/vendeto.am\/?p=33253#primaryimage"},"thumbnailUrl":"https:\/\/vendeto.am\/wp-content\/uploads\/2026\/09\/warm_airplane_family-1.jpg","datePublished":"2026-09-05T17:28:15+00:00","dateModified":"2026-09-05T17:28:17+00:00","author":{"@id":"https:\/\/vendeto.am\/#\/schema\/person\/48a4bd89d2048190ecc61e5ce821bef7"},"breadcrumb":{"@id":"https:\/\/vendeto.am\/?p=33253#breadcrumb"},"inLanguage":"ru-RU","potentialAction":[{"@type":"ReadAction","target":["https:\/\/vendeto.am\/?p=33253"]}]},{"@type":"ImageObject","inLanguage":"ru-RU","@id":"https:\/\/vendeto.am\/?p=33253#primaryimage","url":"https:\/\/vendeto.am\/wp-content\/uploads\/2026\/09\/warm_airplane_family-1.jpg","contentUrl":"https:\/\/vendeto.am\/wp-content\/uploads\/2026\/09\/warm_airplane_family-1.jpg","width":1408,"height":1760},{"@type":"BreadcrumbList","@id":"https:\/\/vendeto.am\/?p=33253#breadcrumb","itemListElement":[{"@type":"ListItem","position":1,"name":"\u0413\u043b\u0430\u0432\u043d\u0430\u044f \u0441\u0442\u0440\u0430\u043d\u0438\u0446\u0430","item":"https:\/\/vendeto.am\/"},{"@type":"ListItem","position":2,"name":"Usnula jsem na rameni ciz\u00edho mu\u017ee v letadle\u2026 a jeho dal\u0161\u00ed \u010din mi zm\u011bnil cel\u00fd \u017eivot"}]},{"@type":"WebSite","@id":"https:\/\/vendeto.am\/#website","url":"https:\/\/vendeto.am\/","name":"","description":"","potentialAction":[{"@type":"SearchAction","target":{"@type":"EntryPoint","urlTemplate":"https:\/\/vendeto.am\/?s={search_term_string}"},"query-input":{"@type":"PropertyValueSpecification","valueRequired":true,"valueName":"search_term_string"}}],"inLanguage":"ru-RU"},{"@type":"Person","@id":"https:\/\/vendeto.am\/#\/schema\/person\/48a4bd89d2048190ecc61e5ce821bef7","name":"admin","image":{"@type":"ImageObject","inLanguage":"ru-RU","@id":"https:\/\/secure.gravatar.com\/avatar\/df64e550a0653b7be0f1bcf897f33faad9c2c8153472b2d9319beafb51370f6f?s=96&d=mm&r=g","url":"https:\/\/secure.gravatar.com\/avatar\/df64e550a0653b7be0f1bcf897f33faad9c2c8153472b2d9319beafb51370f6f?s=96&d=mm&r=g","contentUrl":"https:\/\/secure.gravatar.com\/avatar\/df64e550a0653b7be0f1bcf897f33faad9c2c8153472b2d9319beafb51370f6f?s=96&d=mm&r=g","caption":"admin"},"sameAs":["http:\/\/vendeto.am"]}]}},"_links":{"self":[{"href":"https:\/\/vendeto.am\/index.php?rest_route=\/wp\/v2\/posts\/33253","targetHints":{"allow":["GET"]}}],"collection":[{"href":"https:\/\/vendeto.am\/index.php?rest_route=\/wp\/v2\/posts"}],"about":[{"href":"https:\/\/vendeto.am\/index.php?rest_route=\/wp\/v2\/types\/post"}],"author":[{"embeddable":true,"href":"https:\/\/vendeto.am\/index.php?rest_route=\/wp\/v2\/users\/1"}],"replies":[{"embeddable":true,"href":"https:\/\/vendeto.am\/index.php?rest_route=%2Fwp%2Fv2%2Fcomments&post=33253"}],"version-history":[{"count":1,"href":"https:\/\/vendeto.am\/index.php?rest_route=\/wp\/v2\/posts\/33253\/revisions"}],"predecessor-version":[{"id":33255,"href":"https:\/\/vendeto.am\/index.php?rest_route=\/wp\/v2\/posts\/33253\/revisions\/33255"}],"wp:featuredmedia":[{"embeddable":true,"href":"https:\/\/vendeto.am\/index.php?rest_route=\/wp\/v2\/media\/33254"}],"wp:attachment":[{"href":"https:\/\/vendeto.am\/index.php?rest_route=%2Fwp%2Fv2%2Fmedia&parent=33253"}],"wp:term":[{"taxonomy":"category","embeddable":true,"href":"https:\/\/vendeto.am\/index.php?rest_route=%2Fwp%2Fv2%2Fcategories&post=33253"},{"taxonomy":"post_tag","embeddable":true,"href":"https:\/\/vendeto.am\/index.php?rest_route=%2Fwp%2Fv2%2Ftags&post=33253"}],"curies":[{"name":"wp","href":"https:\/\/api.w.org\/{rel}","templated":true}]}}