{"id":33265,"date":"2026-09-05T21:11:52","date_gmt":"2026-09-05T18:11:52","guid":{"rendered":"https:\/\/vendeto.am\/?p=33265"},"modified":"2026-09-05T21:11:55","modified_gmt":"2026-09-05T18:11:55","slug":"druhy-den-naseho-manzelstvi-jsem-pozadala-svou-svagrovou-aby-umyla-nadobi-manzel-na-me-zakricel-jak-se-opovazujes-ji-poroucet-udelala-jsem-neco-kvuli-cemu-cela-jeho-rodina-nakon","status":"publish","type":"post","link":"https:\/\/vendeto.am\/?p=33265","title":{"rendered":"Druh\u00fd den na\u0161eho man\u017eelstv\u00ed jsem po\u017e\u00e1dala svou \u0161vagrovou, aby umyla n\u00e1dob\u00ed. Man\u017eel na m\u011b zak\u0159i\u010del: \u201eJak se opova\u017euje\u0161 j\u00ed porou\u010det!\u201c Ud\u011blala jsem n\u011bco, kv\u016fli \u010demu cel\u00e1 jeho rodina nakonec kle\u010dela a prosila m\u011b o odpu\u0161t\u011bn\u00ed."},"content":{"rendered":"\n<p class=\"wp-block-paragraph\">V poledne u\u017e Danielovo sebev\u011bdom\u00ed p\u016fsobilo t\u00e9m\u011b\u0159 teatr\u00e1ln\u011b.Shrom\u00e1\u017edil v\u0161echny zam\u011bstnance dom\u00e1cnosti, vyhodil hospodyni za to, \u017ee \u201epodporuje m\u00e9 chov\u00e1n\u00ed\u201c, a prohl\u00e1sil, \u017ee dokud nepochop\u00edm, co znamen\u00e1 respekt, budu m\u00edt na starosti v\u0161echny dom\u00e1c\u00ed pr\u00e1ce.<\/p>\n\n\n\n<p class=\"wp-block-paragraph\">Margaret mi vzala kl\u00ed\u010dky od auta.<\/p>\n\n\n\n<p class=\"wp-block-paragraph\">Vanessa zve\u0159ejnila na\u0161i svatebn\u00ed fotografii s popiskem: \u201eN\u011bkter\u00e9 \u017eeny se provdaj\u00ed do vy\u0161\u0161\u00ed spole\u010dnosti, ale nikdy do n\u00ed skute\u010dn\u011b nezapadnou.\u201c<\/p>\n\n\n\n<p class=\"wp-block-paragraph\">Sledovala jsem, jak za\u010d\u00ednaj\u00ed b\u00fdt neopatrn\u00ed.<\/p>\n\n\n\n<p class=\"wp-block-paragraph\">Kdy\u017e Daniel ode\u0161el z kuchyn\u011b, ti\u0161e jsem se omluvila hospodyni Rose a zeptala se j\u00ed, jestli by byla ochotn\u00e1 sepsat pravdiv\u00e9 sv\u011bdectv\u00ed o v\u0161em, \u010deho byla sv\u011bdkem.<\/p>\n\n\n\n<p class=\"wp-block-paragraph\">O\u010di se j\u00ed zalily slzami.<\/p>\n\n\n\n<p class=\"wp-block-paragraph\">\u201ePan\u00ed Coleov\u00e1, tohle nen\u00ed poprv\u00e9,\u201c za\u0161eptala. \u201eJeho p\u0159edchoz\u00ed snoubenka ode\u0161la pot\u00e9, co j\u00ed poranil z\u00e1p\u011bst\u00ed. Zaplatili j\u00ed, aby ml\u010dela.\u201c<\/p>\n\n\n\n<p class=\"wp-block-paragraph\">Byla to informace, kter\u00e9 jsem se ob\u00e1vala a kterou jsem z\u00e1rove\u0148 pot\u0159ebovala.<\/p>\n\n\n\n<p class=\"wp-block-paragraph\">Rosiino sv\u011bdectv\u00ed jsem p\u0159eposlala Evelyn, sv\u00e9 hlavn\u00ed pr\u00e1vn\u00ed poradkyni.<\/p>\n\n\n\n<p class=\"wp-block-paragraph\">Potom jsem vyfotila mod\u0159inu, kter\u00e1 se mi za\u010d\u00ednala tvo\u0159it pod okem, a z knihovny zavolala policii.<\/p>\n\n\n\n<p class=\"wp-block-paragraph\">Ne\u017e\u00e1dala jsem okam\u017eitou ve\u0159ejnou konfrontaci. Po\u017e\u00e1dala jsem o zdokumentov\u00e1n\u00ed incidentu, l\u00e9ka\u0159sk\u00e9 vy\u0161et\u0159en\u00ed a policejn\u00ed doprovod pro p\u0159\u00edpad, \u017ee by se rodina znovu za\u010dala chovat agresivn\u011b.<\/p>\n\n\n\n<p class=\"wp-block-paragraph\">Daniel m\u011b objevil je\u0161t\u011b p\u0159ed p\u0159\u00edjezdem policist\u016f.<\/p>\n\n\n\n<p class=\"wp-block-paragraph\">\u201eTy jsi n\u011bkoho kontaktovala?\u201c zeptal se v\u00fdhru\u017en\u011b.<\/p>\n\n\n\n<p class=\"wp-block-paragraph\">\u201eSv\u00e9ho pr\u00e1vn\u00edka.\u201c<\/p>\n\n\n\n<p class=\"wp-block-paragraph\">Zasm\u00e1l se tak hlasit\u011b, \u017ee Margaret a Vanessa okam\u017eit\u011b p\u0159ib\u011bhly.<\/p>\n\n\n\n<p class=\"wp-block-paragraph\">\u201eSv\u00e9ho pr\u00e1vn\u00edka? A za \u010d\u00ed pen\u00edze?\u201c<\/p>\n\n\n\n<p class=\"wp-block-paragraph\">Margaret mi vytrhla telefon z ruky, ale displej se rozsv\u00edtil d\u0159\u00edv, ne\u017e ho sta\u010dila odhodit.<\/p>\n\n\n\n<p class=\"wp-block-paragraph\">Na obrazovce se objevilo bankovn\u00ed upozorn\u011bn\u00ed:<\/p>\n\n\n\n<p class=\"wp-block-paragraph\"><strong>PROVOZN\u00cd \u00daV\u011aR COLE HOSPITALITY: POZASTAVEN V D\u016eSLEDKU KONTROLY PODEZ\u0158EL\u00ddCH FINAN\u010cN\u00cdCH TRANSAKC\u00cd.<\/strong><\/p>\n\n\n\n<p class=\"wp-block-paragraph\">Jej\u00ed v\u00fdraz se zm\u011bnil.<\/p>\n\n\n\n<p class=\"wp-block-paragraph\">Daniel mi telefon vytrhl z ruky.<\/p>\n\n\n\n<p class=\"wp-block-paragraph\">Objevilo se dal\u0161\u00ed upozorn\u011bn\u00ed:<\/p>\n\n\n\n<figure class=\"wp-block-image is-resized\"><img decoding=\"async\" src=\"https:\/\/chexia.info\/wp-content\/uploads\/2026\/09\/warm_beige_living_room_scene-819x1024.jpg\" alt=\"\" class=\"wp-image-10230\" style=\"aspect-ratio:0.7998046875;width:819px;height:auto\"\/><\/figure>\n\n\n\n<p class=\"wp-block-paragraph\"><strong>SPR\u00c1VA NEMOVITOSTI ZRU\u0160ENA: JEZEROFRONTOV\u00c9 S\u00cdDLO.<\/strong><\/p>\n\n\n\n<p class=\"wp-block-paragraph\">\u201eCo p\u0159esn\u011b je Vale Meridian?\u201c zeptala se Vanessa.<\/p>\n\n\n\n<p class=\"wp-block-paragraph\">Pod\u00edvala jsem se Danielovi p\u0159\u00edmo do o\u010d\u00ed.<\/p>\n\n\n\n<p class=\"wp-block-paragraph\">\u201eSpole\u010dnost, kter\u00e1 vlastn\u00ed tento majetek.\u201c<\/p>\n\n\n\n<p class=\"wp-block-paragraph\">Jeho sm\u00edch okam\u017eit\u011b zmizel.<\/p>\n\n\n\n<p class=\"wp-block-paragraph\">T\u0159i roky Vale Meridian nen\u00e1padn\u011b zachra\u0148ovala Cole Hospitality p\u0159ed finan\u010dn\u00edm krachem.<\/p>\n\n\n\n<p class=\"wp-block-paragraph\">Daniel\u016fv otec si p\u016fj\u010doval pen\u00edze proti upadaj\u00edc\u00edm restaurac\u00edm, nadhodnocoval p\u0159\u00edjmy a utr\u00e1cel firemn\u00ed prost\u0159edky za soukrom\u00e9 v\u00fddaje.<\/p>\n\n\n\n<p class=\"wp-block-paragraph\">M\u016fj akvizi\u010dn\u00ed t\u00fdm odkoupil jejich dluh prost\u0159ednictv\u00edm prost\u0159edn\u00edk\u016f a n\u00e1sledn\u011b z\u00edskal nemovitosti pot\u00e9, co rodina p\u0159estala spl\u00e1cet sv\u00e9 z\u00e1vazky.<\/p>\n\n\n\n<p class=\"wp-block-paragraph\">Rodina z\u016fstala ve veden\u00ed podnik\u016f jako provozovatel\u00e9, ale za velmi p\u0159\u00edsn\u00fdch podm\u00ednek.<\/p>\n\n\n\n<p class=\"wp-block-paragraph\">Daniel v\u011bd\u011bl, \u017ee jejich podnik kontroluje investi\u010dn\u00ed spole\u010dnost.<\/p>\n\n\n\n<p class=\"wp-block-paragraph\">Netu\u0161il v\u0161ak, \u017ee tuto spole\u010dnost ovl\u00e1d\u00e1m j\u00e1.<\/p>\n\n\n\n<p class=\"wp-block-paragraph\">Jeho otec vb\u011bhl do m\u00edstnosti s notebookem v ruce.<\/p>\n\n\n\n<p class=\"wp-block-paragraph\">\u201eNa\u0161e \u00fa\u010dty byly zmrazeny.\u201c<\/p>\n\n\n\n<h1 class=\"wp-block-heading\">\u201ePouze ty \u00fa\u010dty, kter\u00e9 byly financov\u00e1ny z firemn\u00edch prost\u0159edk\u016f,\u201c \u0159ekla jsem. \u201eVa\u0161e soukrom\u00e9 pen\u00edze z\u016fst\u00e1vaj\u00ed dostupn\u00e9, pokud jsou skute\u010dn\u011b soukrom\u00e9.\u201c<\/h1>\n\n\n\n<p class=\"wp-block-paragraph\">Margaretin hlas se zm\u011bnil v \u0161epot.<\/p>\n\n\n\n<p class=\"wp-block-paragraph\">\u201eKdo vlastn\u011b jsi?\u201c<\/p>\n\n\n\n<p class=\"wp-block-paragraph\">Ne\u017e jsem sta\u010dila odpov\u011bd\u011bt, otev\u0159ela se hlavn\u00ed br\u00e1na.<\/p>\n\n\n\n<p class=\"wp-block-paragraph\">Na p\u0159\u00edjezdovou cestu vjely dv\u011b policejn\u00ed vozy. Za nimi p\u0159ijel \u010dern\u00fd sedan, z n\u011bho\u017e vystoupila Evelyn a t\u0159i \u010dlenov\u00e9 m\u00e9ho bezpe\u010dnostn\u00edho t\u00fdmu.<\/p>\n\n\n\n<p class=\"wp-block-paragraph\">Daniel\u016fv v\u00fdraz ztvrdl.<\/p>\n\n\n\n<p class=\"wp-block-paragraph\">Panika v n\u011bm probudila nebezpe\u010dnou str\u00e1nku.<\/p>\n\n\n\n<p class=\"wp-block-paragraph\">\u201eTohle jsi napl\u00e1novala!\u201c zavr\u010del a vykro\u010dil ke mn\u011b. \u201eVzala sis m\u011b, abys z\u00edskala firmu m\u00e9 rodiny!\u201c<\/p>\n\n\n\n<p class=\"wp-block-paragraph\">\u201eTa firma u\u017e d\u00e1vno pat\u0159ila mn\u011b.\u201c<\/p>\n\n\n\n<p class=\"wp-block-paragraph\">Znovu zvedl ruku.<\/p>\n\n\n\n<p class=\"wp-block-paragraph\">Tentokr\u00e1t se mezi n\u00e1s postavila Rosa a bezpe\u010dnostn\u00ed kamera zachytila ka\u017edou sekundu.<\/p>\n\n\n\n<p class=\"wp-block-paragraph\">Policist\u00e9 vstoupili pr\u00e1v\u011b ve chv\u00edli, kdy ji Daniel odstr\u010dil.<\/p>\n\n\n\n<p class=\"wp-block-paragraph\">Nasadili mu pouta je\u0161t\u011b p\u0159edt\u00edm, ne\u017e jeho matka sta\u010dila p\u0159estat k\u0159i\u010det.<\/p>\n\n\n\n<p class=\"wp-block-paragraph\">Ani tehdy Margaret nev\u011b\u0159ila, \u017ee pen\u00edze u\u017e nedok\u00e1\u017eou v\u0161echno napravit.<\/p>\n\n\n\n<p class=\"wp-block-paragraph\">Kdy\u017e Daniela odv\u00e1d\u011bli, uk\u00e1zala na m\u011b a procedila mezi zuby:<\/p>\n\n\n\n<p class=\"wp-block-paragraph\">\u201eZni\u010d\u00edme ti pov\u011bst.\u201c<\/p>\n\n\n\n<p class=\"wp-block-paragraph\">Evelyn otev\u0159ela svou ko\u017eenou slo\u017eku.<\/p>\n\n\n\n<p class=\"wp-block-paragraph\">\u201ePak bude z\u00edt\u0159ej\u0161\u00ed zased\u00e1n\u00ed p\u0159edstavenstva,\u201c \u0159ekla, \u201enezapomenuteln\u00e9. Pro celou va\u0161i rodinu.\u201c<\/p>\n\n\n\n<hr class=\"wp-block-separator has-alpha-channel-opacity\"\/>\n\n\n\n<h2 class=\"wp-block-heading\">Druh\u00fd den na\u0161eho man\u017eelstv\u00ed<\/h2>\n\n\n\n<p class=\"wp-block-paragraph\">Druh\u00fd den po na\u0161\u00ed svatb\u011b jsem po\u017e\u00e1dala svou \u0161vagrovou, aby umyla n\u00e1dob\u00ed.<\/p>\n\n\n\n<p class=\"wp-block-paragraph\">Man\u017eel m\u011b ude\u0159il a \u0159ekl:<\/p>\n\n\n\n<p class=\"wp-block-paragraph\"><strong>\u201eJak se opova\u017euje\u0161 j\u00ed porou\u010det!\u201c<\/strong><\/p>\n\n\n\n<p class=\"wp-block-paragraph\">To, co jsem ud\u011blala potom, p\u0159im\u011blo celou jeho rodinu padnout na kolena a prosit m\u011b o odpu\u0161t\u011bn\u00ed.<\/p>\n\n\n\n<p class=\"wp-block-paragraph\">Facka p\u0159i\u0161la je\u0161t\u011b d\u0159\u00edv, ne\u017e stihly svatebn\u00ed kv\u011btiny za\u010d\u00edt vadnout.<\/p>\n\n\n\n<p class=\"wp-block-paragraph\">Druh\u00e9ho r\u00e1na na\u0161eho man\u017eelstv\u00ed m\u011b man\u017eel ude\u0159il p\u0159es obli\u010dej jen proto, \u017ee jsem po\u017e\u00e1dala jeho sestru, aby umyla n\u00e1dob\u00ed, kter\u00e9 sama pou\u017eila.<\/p>\n\n\n\n<p class=\"wp-block-paragraph\">Na jednu nehybnou vte\u0159inu se kuchyn\u011b \u00fapln\u011b odml\u010dela.<\/p>\n\n\n\n<p class=\"wp-block-paragraph\">Pak se Vanessa, moje \u010derstv\u011b provdan\u00e1 \u0161vagrov\u00e1, op\u0159ela o mramorov\u00fd kuchy\u0148sk\u00fd ostr\u016fvek a usm\u00e1la se.<\/p>\n\n\n\n<p class=\"wp-block-paragraph\">\u201eJak se opova\u017euje\u0161 j\u00ed porou\u010det?\u201c za\u0159val Daniel. Jeho ruka st\u00e1le z\u016fst\u00e1vala ve vzduchu a zlat\u00fd snubn\u00ed prsten odr\u00e1\u017eel sv\u011btlo lustru.<\/p>\n\n\n\n<p class=\"wp-block-paragraph\">\u201eJe to moje sestra. Ty jsi man\u017eelka. Uv\u011bdom si sv\u00e9 m\u00edsto.\u201c<\/p>\n\n\n\n<p class=\"wp-block-paragraph\">Tv\u00e1\u0159 m\u011b p\u00e1lila, ale je\u0161t\u011b bolestiv\u011bj\u0161\u00ed bylo pon\u00ed\u017een\u00ed.<\/p>\n\n\n\n<p class=\"wp-block-paragraph\">Danielova matka Margaret z\u016fstala sed\u011bt u sn\u00edda\u0148ov\u00e9ho stolu a v\u0161echno sledovala, ani\u017e by projevila sebemen\u0161\u00ed p\u0159ekvapen\u00ed.<\/p>\n\n\n\n<p class=\"wp-block-paragraph\">Jeho otec slo\u017eil noviny a unaven\u011b si povzdechl, jako bych jen naru\u0161ila jeho klidn\u00e9 r\u00e1no.<\/p>\n\n\n\n<p class=\"wp-block-paragraph\">Vanessa zvedla \u0161\u00e1lek k\u00e1vy a schv\u00e1ln\u011b vylila zbytek na podlahu.<\/p>\n\n\n\n<p class=\"wp-block-paragraph\">\u201eUkli\u010f to taky,\u201c \u0159ekla.<\/p>\n\n\n\n<p class=\"wp-block-paragraph\">Je\u0161t\u011b p\u0159ed pouh\u00fdmi osma\u010dty\u0159iceti hodinami pozvedli skleni\u010dky a v\u00edtali m\u011b do rodiny.<\/p>\n\n\n\n<p class=\"wp-block-paragraph\">Te\u010f jejich masky spadly.<\/p>\n\n\n\n<p class=\"wp-block-paragraph\">Daniel m\u011b p\u0159esv\u011bd\u010dil, abychom svatbu oslavili v obrovsk\u00e9m rodinn\u00e9m s\u00eddle u jezera.<\/p>\n\n\n\n<p class=\"wp-block-paragraph\">\u0158\u00edkal, \u017ee jeho rodina je sice tradi\u010dn\u00ed, ale miluj\u00edc\u00ed.<\/p>\n\n\n\n<p class=\"wp-block-paragraph\">Tak\u00e9 m\u011b p\u0159esv\u011bd\u010dil, abych si vzala cel\u00fd m\u011bs\u00edc volno z pr\u00e1ce, vypnula pracovn\u00ed upozorn\u011bn\u00ed a \u201enau\u010dila se b\u00fdt sou\u010d\u00e1st\u00ed skute\u010dn\u00e9 rodiny\u201c.<\/p>\n\n\n\n<h1 class=\"wp-block-heading\">To, co netu\u0161il, bylo, \u017ee jsem se u\u017e p\u0159ed lety nau\u010dila poznat past.<\/h1>\n\n\n\n<p class=\"wp-block-paragraph\">Neplakala jsem.<\/p>\n\n\n\n<p class=\"wp-block-paragraph\">Nek\u0159i\u010dela jsem.<\/p>\n\n\n\n<p class=\"wp-block-paragraph\">Opatrn\u011b jsem se dotkla rtu, uc\u00edtila chu\u0165 krve a pod\u00edvala se p\u0159\u00edmo na bezpe\u010dnostn\u00ed kameru um\u00edst\u011bnou nad dve\u0159mi sp\u00ed\u017ee.<\/p>\n\n\n\n<p class=\"wp-block-paragraph\">Margaret si v\u0161imla, kam se d\u00edv\u00e1m, a zasm\u00e1la se.<\/p>\n\n\n\n<p class=\"wp-block-paragraph\">\u201eTy kamery pat\u0159\u00ed n\u00e1m.\u201c<\/p>\n\n\n\n<p class=\"wp-block-paragraph\">\u201eNe,\u201c odpov\u011bd\u011bla jsem ti\u0161e. \u201eNepat\u0159\u00ed.\u201c<\/p>\n\n\n\n<p class=\"wp-block-paragraph\">Daniel m\u011b chytil za z\u00e1p\u011bst\u00ed.<\/p>\n\n\n\n<p class=\"wp-block-paragraph\">\u201eCo jsi to \u0159ekla?\u201c<\/p>\n\n\n\n<p class=\"wp-block-paragraph\">Vyprostila jsem ruku a polo\u017eila snubn\u00ed prsten na vlhkou kuchy\u0148skou linku.<\/p>\n\n\n\n<p class=\"wp-block-paragraph\">\u201eNic d\u016fle\u017eit\u00e9ho.\u201c<\/p>\n\n\n\n<p class=\"wp-block-paragraph\">Jeho rodina si m\u016fj klid vylo\u017eila jako kapitulaci.<\/p>\n\n\n\n<p class=\"wp-block-paragraph\">Vanessa si poru\u010dila pala\u010dinky.<\/p>\n\n\n\n<p class=\"wp-block-paragraph\">Margaret mi p\u0159ik\u00e1zala vyt\u0159\u00edt podlahu.<\/p>\n\n\n\n<p class=\"wp-block-paragraph\">Daniel m\u011b varoval, \u017ee pokud ho je\u0161t\u011b jednou pon\u00ed\u017e\u00edm, p\u0159\u00ed\u0161t\u00ed lekce bude mnohem hor\u0161\u00ed.<\/p>\n\n\n\n<p class=\"wp-block-paragraph\">Vzala jsem telefon a poslala jednu zpr\u00e1vu kontaktu ulo\u017een\u00e9mu jednodu\u0161e jako&nbsp;<strong>Evelyn Shaw<\/strong>:<\/p>\n\n\n\n<p class=\"wp-block-paragraph\"><strong>Aktivuj protokol man\u017eelsk\u00e9 ochrany. Uchovej v\u0161echny z\u00e1znamy. Zmraz v\u0161echny nepovinn\u00e9 p\u0159evody spojen\u00e9 s Danielem Colem a spole\u010dnost\u00ed Cole Hospitality.<\/strong><\/p>\n\n\n\n<p class=\"wp-block-paragraph\">Odpov\u011b\u010f p\u0159i\u0161la p\u0159esn\u011b o jeden\u00e1ct sekund pozd\u011bji.<\/p>\n\n\n\n<p class=\"wp-block-paragraph\"><strong>Potvrzeno, pan\u00ed Valeov\u00e1. Pr\u00e1vn\u00ed t\u00fdm, bezpe\u010dnostn\u00ed t\u00fdm a banka u\u017e podnikaj\u00ed pot\u0159ebn\u00e9 kroky.<\/strong><\/p>\n\n\n\n<p class=\"wp-block-paragraph\">Daniel si myslel, \u017ee jsem oby\u010dejn\u00e1 konzultantka na st\u0159edn\u00ed \u00farovni, kter\u00e1 se n\u011bjak\u00fdm zp\u016fsobem provdala do mnohem vy\u0161\u0161\u00ed spole\u010densk\u00e9 vrstvy.<\/p>\n\n\n\n<p class=\"wp-block-paragraph\">Jeho rodina p\u0159edpokl\u00e1dala, \u017ee s\u00eddlo, restaurace a pohodln\u00fd \u017eivotn\u00ed styl, kter\u00fd si u\u017e\u00edvali, pat\u0159\u00ed jim.<\/p>\n\n\n\n<p class=\"wp-block-paragraph\">Nikdo z nich se nikdy neobt\u011b\u017eoval zjistit pr\u00e1vn\u00ed n\u00e1zev soukrom\u00e9 investi\u010dn\u00ed spole\u010dnosti, kter\u00e1 vlastnila v\u0161echny t\u0159i podniky.<\/p>\n\n\n\n<p class=\"wp-block-paragraph\"><strong>Vale Meridian Holdings.<\/strong><\/p>\n\n\n\n<p class=\"wp-block-paragraph\">Moje spole\u010dnost.<\/p>\n\n\n\n<p class=\"wp-block-paragraph\">Svoji skute\u010dnou identitu jsem dr\u017eela v tajnosti pot\u00e9, co jsem roky sledovala bohat\u00e9 mu\u017ee, jak se p\u0159ed investory tv\u00e1\u0159\u00ed laskav\u011b, zat\u00edmco za zav\u0159en\u00fdmi dve\u0159mi krut\u011b zach\u00e1zej\u00ed se zam\u011bstnanci.<\/p>\n\n\n\n<p class=\"wp-block-paragraph\">Daniel pro\u0161el ka\u017edou zkou\u0161kou na ve\u0159ejnosti.<\/p>\n\n\n\n<p class=\"wp-block-paragraph\">Toho r\u00e1na, kdy\u017e jsme z\u016fstali sami, kone\u010dn\u011b odhalil pravdu, kterou jsem pot\u0159ebovala vid\u011bt.<\/p>\n\n\n\n<p class=\"wp-block-paragraph\">Celou.<\/p>\n\n\n\n<h1 class=\"wp-block-heading\">N\u00e1sleduj\u00edc\u00ed r\u00e1no ve\u0161la rodina Coleov\u00fdch do zasedac\u00ed m\u00edstnosti a o\u010dek\u00e1vala jedn\u00e1n\u00ed.<\/h1>\n\n\n\n<p class=\"wp-block-paragraph\">M\u00edsto toho na n\u011b \u010dekalo dvan\u00e1ct \u010dlen\u016f p\u0159edstavenstva, dva forenzn\u00ed \u00fa\u010detn\u00ed, extern\u00ed pr\u00e1vn\u00ed poradci a obrovsk\u00e1 obrazovka zobrazuj\u00edc\u00ed roky neopr\u00e1vn\u011bn\u00fdch finan\u010dn\u00edch transakc\u00ed.<\/p>\n\n\n\n<p class=\"wp-block-paragraph\">Sed\u011bla jsem v \u010dele stolu a nechala mod\u0159inu na sv\u00e9 tv\u00e1\u0159i viditelnou.<\/p>\n\n\n\n<p class=\"wp-block-paragraph\">Daniel byl propu\u0161t\u011bn, zat\u00edmco obvin\u011bn\u00ed z\u016fst\u00e1vala v platnosti.<\/p>\n\n\n\n<p class=\"wp-block-paragraph\">Do m\u00edstnosti vstoupil spole\u010dn\u011b s rodi\u010di a Vanessou a st\u00e1le v\u011b\u0159il, \u017ee n\u00e1sledky jsou n\u011bco, co se st\u00e1v\u00e1 jin\u00fdm lidem.<\/p>\n\n\n\n<p class=\"wp-block-paragraph\">Pak za\u010dala Evelyn.<\/p>\n\n\n\n<p class=\"wp-block-paragraph\">P\u0159edlo\u017eila z\u00e1znamy dokazuj\u00edc\u00ed, \u017ee Daniel\u016fv otec p\u0159ev\u00e1d\u011bl pen\u00edze ur\u010den\u00e9 na v\u00fdplaty zam\u011bstnanc\u016f restaurac\u00ed na financov\u00e1n\u00ed domu u jezera, drah\u00fdch voz\u016f a ne\u00fasp\u011b\u0161n\u00e9ho m\u00f3dn\u00edho butiku Vanessy.<\/p>\n\n\n\n<p class=\"wp-block-paragraph\">Margaret vystavovala fale\u0161n\u00e9 faktury za poradensk\u00e9 slu\u017eby.<\/p>\n\n\n\n<p class=\"wp-block-paragraph\">Vanessa \u00fa\u010dtovala dovolen\u00e9 na \u00fa\u010dty ur\u010den\u00e9 pro \u0161kolen\u00ed zam\u011bstnanc\u016f.<\/p>\n\n\n\n<p class=\"wp-block-paragraph\">Daniel zad\u00e1val dodavatelsk\u00e9 zak\u00e1zky firm\u00e1m vlastn\u011bn\u00fdm jeho p\u0159\u00e1teli a tajn\u011b za to p\u0159ij\u00edmal platby.<\/p>\n\n\n\n<p class=\"wp-block-paragraph\">Ka\u017ed\u00e9 obvin\u011bn\u00ed bylo podlo\u017eeno bankovn\u00edmi z\u00e1znamy, schv\u00e1len\u00edmi, e-maily a bezpe\u010dnostn\u00edmi z\u00e1znamy ulo\u017een\u00fdmi v syst\u00e9mech spole\u010dnosti.<\/p>\n\n\n\n<p class=\"wp-block-paragraph\">Daniel na m\u011b uk\u00e1zal.<\/p>\n\n\n\n<p class=\"wp-block-paragraph\">\u201eTohle v\u0161echno z\u00edskala neleg\u00e1ln\u011b. \u0160pehovala n\u00e1s.\u201c<\/p>\n\n\n\n<p class=\"wp-block-paragraph\">\u201eKontroly za\u010daly osmn\u00e1ct m\u011bs\u00edc\u016f p\u0159ed va\u0161\u00ed svatbou,\u201c odpov\u011bd\u011bla Evelyn. \u201ePan\u00ed Valeov\u00e1 odlo\u017eila z\u00e1sah, proto\u017ee v\u011b\u0159ila, \u017ee byste mohl pomoci spole\u010dnosti napravit jej\u00ed probl\u00e9my.\u201c<\/p>\n\n\n\n<p class=\"wp-block-paragraph\">Pod\u00edvala jsem se p\u0159\u00edmo na Daniela.<\/p>\n\n\n\n<p class=\"wp-block-paragraph\">\u201eMilovala jsem mu\u017ee, za kter\u00e9ho ses vyd\u00e1val.\u201c<\/p>\n\n\n\n<p class=\"wp-block-paragraph\">Poprv\u00e9 se mu ve tv\u00e1\u0159i objevil n\u00e1znak studu.<\/p>\n\n\n\n<p class=\"wp-block-paragraph\">Pak Evelyn pustila z\u00e1znam z kuchyn\u011b.<\/p>\n\n\n\n<p class=\"wp-block-paragraph\">Zvuk facky se rozlehl zasedac\u00ed m\u00edstnost\u00ed.<\/p>\n\n\n\n<p class=\"wp-block-paragraph\">Pot\u00e9 se ozval Vanessin hlas:<\/p>\n\n\n\n<p class=\"wp-block-paragraph\"><strong>\u201eUkli\u010f to taky.\u201c<\/strong><\/p>\n\n\n\n<p class=\"wp-block-paragraph\">Nikdo v m\u00edstnosti se nepohnul.<\/p>\n\n\n\n<p class=\"wp-block-paragraph\">Vysv\u011btlila jsem jim d\u016fsledky, ani\u017e bych zv\u00fd\u0161ila hlas.<\/p>\n\n\n\n<p class=\"wp-block-paragraph\">Daniel a jeho otec byli okam\u017eit\u011b odvol\u00e1ni z funkc\u00ed.<\/p>\n\n\n\n<p class=\"wp-block-paragraph\">Je\u0161t\u011b t\u00e9ho\u017e odpoledne m\u011bly za\u010d\u00edt ob\u010danskopr\u00e1vn\u00ed kroky k vym\u00e1h\u00e1n\u00ed \u0161kod.<\/p>\n\n\n\n<p class=\"wp-block-paragraph\">Firemn\u00ed d\u016fm a slu\u017eebn\u00ed vozy museli vr\u00e1tit do dvaasedmdes\u00e1ti hodin.<\/p>\n\n\n\n<p class=\"wp-block-paragraph\">Margaret a Vanessa dostaly trval\u00fd z\u00e1kaz vstupu na jak\u00fdkoli majetek spole\u010dnosti Vale Meridian.<\/p>\n\n\n\n<p class=\"wp-block-paragraph\">D\u016fkazy t\u00fdkaj\u00edc\u00ed se finan\u010dn\u00edch podvod\u016f m\u011bly b\u00fdt p\u0159ed\u00e1ny st\u00e1tn\u00edmu zastupitelstv\u00ed.<\/p>\n\n\n\n<p class=\"wp-block-paragraph\">Samostatn\u011b m\u011blo pokra\u010dovat vy\u0161et\u0159ov\u00e1n\u00ed napaden\u00ed Rosy i m\u00e9ho napaden\u00ed.<\/p>\n\n\n\n<p class=\"wp-block-paragraph\">Margaret ztratila ve\u0161ker\u00e9 sebev\u011bdom\u00ed.<\/p>\n\n\n\n<p class=\"wp-block-paragraph\">Ob\u011bhla st\u016fl a padla na kolena.<\/p>\n\n\n\n<p class=\"wp-block-paragraph\">Daniel\u016fv otec ud\u011blal tot\u00e9\u017e.<\/p>\n\n\n\n<p class=\"wp-block-paragraph\">Vanessa se rozplakala a klekla si vedle nich.<\/p>\n\n\n\n<p class=\"wp-block-paragraph\">\u201ePros\u00edm,\u201c \u017eadonila Margaret a chytila m\u011b za ruk\u00e1v. \u201eJsme tvoje rodina.\u201c<\/p>\n\n\n\n<p class=\"wp-block-paragraph\">\u201eVid\u011bla jsi, jak m\u011b tv\u016fj syn ude\u0159il,\u201c odpov\u011bd\u011bla jsem. \u201eA potom jsi mi \u0159ekla, abych uklidila podlahu.\u201c<\/p>\n\n\n\n<p class=\"wp-block-paragraph\">Daniel byl posledn\u00ed, kdo poklekl.<\/p>\n\n\n\n<h1 class=\"wp-block-heading\">\u201eUd\u011blal jsem chybu,\u201c za\u0161eptal. \u201eSt\u00e1hni \u017ealobu. Zachra\u0148 spole\u010dnost. M\u016f\u017eeme za\u010d\u00edt znovu.\u201c<\/h1>\n\n\n\n<p class=\"wp-block-paragraph\">Jemn\u011b jsem odstranila jeho ruku z op\u011bradla sv\u00e9 \u017eidle.<\/p>\n\n\n\n<p class=\"wp-block-paragraph\">\u201eNe. Ud\u011blal jsi rozhodnut\u00ed, proto\u017ee sis myslel, \u017ee nem\u00e1m \u017e\u00e1dnou moc.\u201c<\/p>\n\n\n\n<p class=\"wp-block-paragraph\">Toho odpoledne jsem podala \u017e\u00e1dost o anulov\u00e1n\u00ed man\u017eelstv\u00ed.<\/p>\n\n\n\n<p class=\"wp-block-paragraph\">O osm m\u011bs\u00edc\u016f pozd\u011bji se Daniel p\u0159iznal k napaden\u00ed a komer\u010dn\u00edmu \u00faplatk\u00e1\u0159stv\u00ed.<\/p>\n\n\n\n<p class=\"wp-block-paragraph\">Jeho otec byl odsouzen k trestu odn\u011bt\u00ed svobody za finan\u010dn\u00ed podvody.<\/p>\n\n\n\n<p class=\"wp-block-paragraph\">Margaret prodala sv\u00e9 \u0161perky, aby pokryla \u010d\u00e1st ob\u010danskopr\u00e1vn\u00edho rozsudku, zat\u00edmco Vanessa zav\u0159ela sv\u016fj butik a na\u0161la si pr\u00e1ci pod jm\u00e9nem, kter\u00e9 u\u017e nebylo chr\u00e1n\u011bno rodinn\u00fdm vlivem.<\/p>\n\n\n\n<p class=\"wp-block-paragraph\">Rosa se stala \u0159editelkou pro p\u00e9\u010di o zam\u011bstnance v nov\u011b vybudovan\u00e9 restaura\u010dn\u00ed skupin\u011b.<\/p>\n\n\n\n<p class=\"wp-block-paragraph\">J\u00e1 jsem se p\u0159est\u011bhovala do domu s v\u00fdhledem na oce\u00e1n a p\u0159em\u011bnila Cole Hospitality na&nbsp;<strong>Vale House<\/strong>&nbsp;\u2014 spole\u010dnost postavenou na f\u00e9rov\u00fdch mzd\u00e1ch, nez\u00e1visl\u00fdch syst\u00e9mech pro hl\u00e1\u0161en\u00ed probl\u00e9m\u016f a nulov\u00e9 toleranci k n\u00e1siln\u00e9mu \u010di poni\u017euj\u00edc\u00edmu chov\u00e1n\u00ed.<\/p>\n\n\n\n<p class=\"wp-block-paragraph\">Prvn\u00ed r\u00e1no v nov\u00e9m dom\u011b jsem umyla jedin\u00fd \u0161\u00e1lek k\u00e1vy, polo\u017eila ho vedle d\u0159ezu a sledovala, jak se slune\u010dn\u00ed sv\u011btlo rozl\u00e9v\u00e1 po hladin\u011b oce\u00e1nu.<\/p>\n\n\n\n<p class=\"wp-block-paragraph\">\u017d\u00e1dn\u00fd k\u0159ik.<\/p>\n\n\n\n<p class=\"wp-block-paragraph\">\u017d\u00e1dn\u00fd strach.<\/p>\n\n\n\n<p class=\"wp-block-paragraph\">Nikdo nepo\u017eadoval, aby n\u011bkdo kle\u010del.<\/p>\n\n\n\n<p class=\"wp-block-paragraph\">Nezni\u010dila jsem rodinu.<\/p>\n\n\n\n<p class=\"wp-block-paragraph\">Jen jsem p\u0159estala financovat jejich krutost.<\/p>\n\n\n\n<p class=\"wp-block-paragraph\"><strong>Nav\u017edy.<\/strong><\/p>\n\n\n\n<p class=\"wp-block-paragraph\"><\/p>\n","protected":false},"excerpt":{"rendered":"V poledne u\u017e Danielovo sebev\u011bdom\u00ed p\u016fsobilo t\u00e9m\u011b\u0159 teatr\u00e1ln\u011b.Shrom\u00e1\u017edil v\u0161echny zam\u011bstnance dom\u00e1cnosti, vyhodil hospodyni za to, \u017ee \u201epodporuje m\u00e9 chov\u00e1n\u00ed\u201c, a prohl\u00e1sil, \u017ee dokud \n<a class=\"moretag\" href=\"https:\/\/vendeto.am\/?p=33265\"> [...]<\/a>","protected":false},"author":1,"featured_media":33266,"comment_status":"open","ping_status":"open","sticky":false,"template":"","format":"standard","meta":{"footnotes":""},"categories":[2],"tags":[],"class_list":["post-33265","post","type-post","status-publish","format-standard","has-post-thumbnail","hentry","category-sport"],"yoast_head":"<!-- This site is optimized with the Yoast SEO plugin v28.4 - https:\/\/yoast.com\/product\/yoast-seo-wordpress\/ -->\n<title>Druh\u00fd den na\u0161eho man\u017eelstv\u00ed jsem po\u017e\u00e1dala svou \u0161vagrovou, aby umyla n\u00e1dob\u00ed. Man\u017eel na m\u011b zak\u0159i\u010del: \u201eJak se opova\u017euje\u0161 j\u00ed porou\u010det!\u201c Ud\u011blala jsem n\u011bco, kv\u016fli \u010demu cel\u00e1 jeho rodina nakonec kle\u010dela a prosila m\u011b o odpu\u0161t\u011bn\u00ed. -<\/title>\n<meta name=\"robots\" content=\"index, follow, max-snippet:-1, max-image-preview:large, max-video-preview:-1\" \/>\n<link rel=\"canonical\" href=\"https:\/\/vendeto.am\/?p=33265\" \/>\n<meta property=\"og:locale\" content=\"ru_RU\" \/>\n<meta property=\"og:type\" content=\"article\" \/>\n<meta property=\"og:title\" content=\"Druh\u00fd den na\u0161eho man\u017eelstv\u00ed jsem po\u017e\u00e1dala svou \u0161vagrovou, aby umyla n\u00e1dob\u00ed. Man\u017eel na m\u011b zak\u0159i\u010del: \u201eJak se opova\u017euje\u0161 j\u00ed porou\u010det!\u201c Ud\u011blala jsem n\u011bco, kv\u016fli \u010demu cel\u00e1 jeho rodina nakonec kle\u010dela a prosila m\u011b o odpu\u0161t\u011bn\u00ed. -\" \/>\n<meta property=\"og:description\" content=\"V poledne u\u017e Danielovo sebev\u011bdom\u00ed p\u016fsobilo t\u00e9m\u011b\u0159 teatr\u00e1ln\u011b.Shrom\u00e1\u017edil v\u0161echny zam\u011bstnance dom\u00e1cnosti, vyhodil hospodyni za to, \u017ee \u201epodporuje m\u00e9 chov\u00e1n\u00ed\u201c, a prohl\u00e1sil, \u017ee dokud\" \/>\n<meta property=\"og:url\" content=\"https:\/\/vendeto.am\/?p=33265\" \/>\n<meta property=\"article:published_time\" content=\"2026-09-05T18:11:52+00:00\" \/>\n<meta property=\"article:modified_time\" content=\"2026-09-05T18:11:55+00:00\" \/>\n<meta property=\"og:image\" content=\"https:\/\/vendeto.am\/wp-content\/uploads\/2026\/09\/warm_beige_living_room_scene.jpg\" \/>\n\t<meta property=\"og:image:width\" content=\"1408\" \/>\n\t<meta property=\"og:image:height\" content=\"1760\" \/>\n\t<meta property=\"og:image:type\" content=\"image\/jpeg\" \/>\n<meta name=\"author\" content=\"admin\" \/>\n<meta name=\"twitter:card\" content=\"summary_large_image\" \/>\n<meta name=\"twitter:label1\" content=\"\u041d\u0430\u043f\u0438\u0441\u0430\u043d\u043e \u0430\u0432\u0442\u043e\u0440\u043e\u043c\" \/>\n\t<meta name=\"twitter:data1\" content=\"admin\" \/>\n\t<meta name=\"twitter:label2\" content=\"\u041f\u0440\u0438\u043c\u0435\u0440\u043d\u043e\u0435 \u0432\u0440\u0435\u043c\u044f \u0434\u043b\u044f \u0447\u0442\u0435\u043d\u0438\u044f\" \/>\n\t<meta name=\"twitter:data2\" content=\"9 \u043c\u0438\u043d\u0443\u0442\" \/>\n<script type=\"application\/ld+json\" class=\"yoast-schema-graph\">{\"@context\":\"https:\\\/\\\/schema.org\",\"@graph\":[{\"@type\":\"Article\",\"@id\":\"https:\\\/\\\/vendeto.am\\\/?p=33265#article\",\"isPartOf\":{\"@id\":\"https:\\\/\\\/vendeto.am\\\/?p=33265\"},\"author\":{\"name\":\"admin\",\"@id\":\"https:\\\/\\\/vendeto.am\\\/#\\\/schema\\\/person\\\/48a4bd89d2048190ecc61e5ce821bef7\"},\"headline\":\"Druh\u00fd den na\u0161eho man\u017eelstv\u00ed jsem po\u017e\u00e1dala svou \u0161vagrovou, aby umyla n\u00e1dob\u00ed. Man\u017eel na m\u011b zak\u0159i\u010del: \u201eJak se opova\u017euje\u0161 j\u00ed porou\u010det!\u201c Ud\u011blala jsem n\u011bco, kv\u016fli \u010demu cel\u00e1 jeho rodina nakonec kle\u010dela a prosila m\u011b o odpu\u0161t\u011bn\u00ed.\",\"datePublished\":\"2026-09-05T18:11:52+00:00\",\"dateModified\":\"2026-09-05T18:11:55+00:00\",\"mainEntityOfPage\":{\"@id\":\"https:\\\/\\\/vendeto.am\\\/?p=33265\"},\"wordCount\":2243,\"commentCount\":0,\"image\":{\"@id\":\"https:\\\/\\\/vendeto.am\\\/?p=33265#primaryimage\"},\"thumbnailUrl\":\"https:\\\/\\\/vendeto.am\\\/wp-content\\\/uploads\\\/2026\\\/09\\\/warm_beige_living_room_scene.jpg\",\"articleSection\":[\"SPORT\"],\"inLanguage\":\"ru-RU\",\"potentialAction\":[{\"@type\":\"CommentAction\",\"name\":\"Comment\",\"target\":[\"https:\\\/\\\/vendeto.am\\\/?p=33265#respond\"]}]},{\"@type\":\"WebPage\",\"@id\":\"https:\\\/\\\/vendeto.am\\\/?p=33265\",\"url\":\"https:\\\/\\\/vendeto.am\\\/?p=33265\",\"name\":\"Druh\u00fd den na\u0161eho man\u017eelstv\u00ed jsem po\u017e\u00e1dala svou \u0161vagrovou, aby umyla n\u00e1dob\u00ed. Man\u017eel na m\u011b zak\u0159i\u010del: \u201eJak se opova\u017euje\u0161 j\u00ed porou\u010det!\u201c Ud\u011blala jsem n\u011bco, kv\u016fli \u010demu cel\u00e1 jeho rodina nakonec kle\u010dela a prosila m\u011b o odpu\u0161t\u011bn\u00ed. -\",\"isPartOf\":{\"@id\":\"https:\\\/\\\/vendeto.am\\\/#website\"},\"primaryImageOfPage\":{\"@id\":\"https:\\\/\\\/vendeto.am\\\/?p=33265#primaryimage\"},\"image\":{\"@id\":\"https:\\\/\\\/vendeto.am\\\/?p=33265#primaryimage\"},\"thumbnailUrl\":\"https:\\\/\\\/vendeto.am\\\/wp-content\\\/uploads\\\/2026\\\/09\\\/warm_beige_living_room_scene.jpg\",\"datePublished\":\"2026-09-05T18:11:52+00:00\",\"dateModified\":\"2026-09-05T18:11:55+00:00\",\"author\":{\"@id\":\"https:\\\/\\\/vendeto.am\\\/#\\\/schema\\\/person\\\/48a4bd89d2048190ecc61e5ce821bef7\"},\"breadcrumb\":{\"@id\":\"https:\\\/\\\/vendeto.am\\\/?p=33265#breadcrumb\"},\"inLanguage\":\"ru-RU\",\"potentialAction\":[{\"@type\":\"ReadAction\",\"target\":[\"https:\\\/\\\/vendeto.am\\\/?p=33265\"]}]},{\"@type\":\"ImageObject\",\"inLanguage\":\"ru-RU\",\"@id\":\"https:\\\/\\\/vendeto.am\\\/?p=33265#primaryimage\",\"url\":\"https:\\\/\\\/vendeto.am\\\/wp-content\\\/uploads\\\/2026\\\/09\\\/warm_beige_living_room_scene.jpg\",\"contentUrl\":\"https:\\\/\\\/vendeto.am\\\/wp-content\\\/uploads\\\/2026\\\/09\\\/warm_beige_living_room_scene.jpg\",\"width\":1408,\"height\":1760},{\"@type\":\"BreadcrumbList\",\"@id\":\"https:\\\/\\\/vendeto.am\\\/?p=33265#breadcrumb\",\"itemListElement\":[{\"@type\":\"ListItem\",\"position\":1,\"name\":\"\u0413\u043b\u0430\u0432\u043d\u0430\u044f \u0441\u0442\u0440\u0430\u043d\u0438\u0446\u0430\",\"item\":\"https:\\\/\\\/vendeto.am\\\/\"},{\"@type\":\"ListItem\",\"position\":2,\"name\":\"Druh\u00fd den na\u0161eho man\u017eelstv\u00ed jsem po\u017e\u00e1dala svou \u0161vagrovou, aby umyla n\u00e1dob\u00ed. Man\u017eel na m\u011b zak\u0159i\u010del: \u201eJak se opova\u017euje\u0161 j\u00ed porou\u010det!\u201c Ud\u011blala jsem n\u011bco, kv\u016fli \u010demu cel\u00e1 jeho rodina nakonec kle\u010dela a prosila m\u011b o odpu\u0161t\u011bn\u00ed.\"}]},{\"@type\":\"WebSite\",\"@id\":\"https:\\\/\\\/vendeto.am\\\/#website\",\"url\":\"https:\\\/\\\/vendeto.am\\\/\",\"name\":\"\",\"description\":\"\",\"potentialAction\":[{\"@type\":\"SearchAction\",\"target\":{\"@type\":\"EntryPoint\",\"urlTemplate\":\"https:\\\/\\\/vendeto.am\\\/?s={search_term_string}\"},\"query-input\":{\"@type\":\"PropertyValueSpecification\",\"valueRequired\":true,\"valueName\":\"search_term_string\"}}],\"inLanguage\":\"ru-RU\"},{\"@type\":\"Person\",\"@id\":\"https:\\\/\\\/vendeto.am\\\/#\\\/schema\\\/person\\\/48a4bd89d2048190ecc61e5ce821bef7\",\"name\":\"admin\",\"image\":{\"@type\":\"ImageObject\",\"inLanguage\":\"ru-RU\",\"@id\":\"https:\\\/\\\/secure.gravatar.com\\\/avatar\\\/df64e550a0653b7be0f1bcf897f33faad9c2c8153472b2d9319beafb51370f6f?s=96&d=mm&r=g\",\"url\":\"https:\\\/\\\/secure.gravatar.com\\\/avatar\\\/df64e550a0653b7be0f1bcf897f33faad9c2c8153472b2d9319beafb51370f6f?s=96&d=mm&r=g\",\"contentUrl\":\"https:\\\/\\\/secure.gravatar.com\\\/avatar\\\/df64e550a0653b7be0f1bcf897f33faad9c2c8153472b2d9319beafb51370f6f?s=96&d=mm&r=g\",\"caption\":\"admin\"},\"sameAs\":[\"http:\\\/\\\/vendeto.am\"]}]}<\/script>\n<!-- \/ Yoast SEO plugin. -->","yoast_head_json":{"title":"Druh\u00fd den na\u0161eho man\u017eelstv\u00ed jsem po\u017e\u00e1dala svou \u0161vagrovou, aby umyla n\u00e1dob\u00ed. Man\u017eel na m\u011b zak\u0159i\u010del: \u201eJak se opova\u017euje\u0161 j\u00ed porou\u010det!\u201c Ud\u011blala jsem n\u011bco, kv\u016fli \u010demu cel\u00e1 jeho rodina nakonec kle\u010dela a prosila m\u011b o odpu\u0161t\u011bn\u00ed. -","robots":{"index":"index","follow":"follow","max-snippet":"max-snippet:-1","max-image-preview":"max-image-preview:large","max-video-preview":"max-video-preview:-1"},"canonical":"https:\/\/vendeto.am\/?p=33265","og_locale":"ru_RU","og_type":"article","og_title":"Druh\u00fd den na\u0161eho man\u017eelstv\u00ed jsem po\u017e\u00e1dala svou \u0161vagrovou, aby umyla n\u00e1dob\u00ed. Man\u017eel na m\u011b zak\u0159i\u010del: \u201eJak se opova\u017euje\u0161 j\u00ed porou\u010det!\u201c Ud\u011blala jsem n\u011bco, kv\u016fli \u010demu cel\u00e1 jeho rodina nakonec kle\u010dela a prosila m\u011b o odpu\u0161t\u011bn\u00ed. -","og_description":"V poledne u\u017e Danielovo sebev\u011bdom\u00ed p\u016fsobilo t\u00e9m\u011b\u0159 teatr\u00e1ln\u011b.Shrom\u00e1\u017edil v\u0161echny zam\u011bstnance dom\u00e1cnosti, vyhodil hospodyni za to, \u017ee \u201epodporuje m\u00e9 chov\u00e1n\u00ed\u201c, a prohl\u00e1sil, \u017ee dokud","og_url":"https:\/\/vendeto.am\/?p=33265","article_published_time":"2026-09-05T18:11:52+00:00","article_modified_time":"2026-09-05T18:11:55+00:00","og_image":[{"width":1408,"height":1760,"url":"https:\/\/vendeto.am\/wp-content\/uploads\/2026\/09\/warm_beige_living_room_scene.jpg","type":"image\/jpeg"}],"author":"admin","twitter_card":"summary_large_image","twitter_misc":{"\u041d\u0430\u043f\u0438\u0441\u0430\u043d\u043e \u0430\u0432\u0442\u043e\u0440\u043e\u043c":"admin","\u041f\u0440\u0438\u043c\u0435\u0440\u043d\u043e\u0435 \u0432\u0440\u0435\u043c\u044f \u0434\u043b\u044f \u0447\u0442\u0435\u043d\u0438\u044f":"9 \u043c\u0438\u043d\u0443\u0442"},"schema":{"@context":"https:\/\/schema.org","@graph":[{"@type":"Article","@id":"https:\/\/vendeto.am\/?p=33265#article","isPartOf":{"@id":"https:\/\/vendeto.am\/?p=33265"},"author":{"name":"admin","@id":"https:\/\/vendeto.am\/#\/schema\/person\/48a4bd89d2048190ecc61e5ce821bef7"},"headline":"Druh\u00fd den na\u0161eho man\u017eelstv\u00ed jsem po\u017e\u00e1dala svou \u0161vagrovou, aby umyla n\u00e1dob\u00ed. Man\u017eel na m\u011b zak\u0159i\u010del: \u201eJak se opova\u017euje\u0161 j\u00ed porou\u010det!\u201c Ud\u011blala jsem n\u011bco, kv\u016fli \u010demu cel\u00e1 jeho rodina nakonec kle\u010dela a prosila m\u011b o odpu\u0161t\u011bn\u00ed.","datePublished":"2026-09-05T18:11:52+00:00","dateModified":"2026-09-05T18:11:55+00:00","mainEntityOfPage":{"@id":"https:\/\/vendeto.am\/?p=33265"},"wordCount":2243,"commentCount":0,"image":{"@id":"https:\/\/vendeto.am\/?p=33265#primaryimage"},"thumbnailUrl":"https:\/\/vendeto.am\/wp-content\/uploads\/2026\/09\/warm_beige_living_room_scene.jpg","articleSection":["SPORT"],"inLanguage":"ru-RU","potentialAction":[{"@type":"CommentAction","name":"Comment","target":["https:\/\/vendeto.am\/?p=33265#respond"]}]},{"@type":"WebPage","@id":"https:\/\/vendeto.am\/?p=33265","url":"https:\/\/vendeto.am\/?p=33265","name":"Druh\u00fd den na\u0161eho man\u017eelstv\u00ed jsem po\u017e\u00e1dala svou \u0161vagrovou, aby umyla n\u00e1dob\u00ed. Man\u017eel na m\u011b zak\u0159i\u010del: \u201eJak se opova\u017euje\u0161 j\u00ed porou\u010det!\u201c Ud\u011blala jsem n\u011bco, kv\u016fli \u010demu cel\u00e1 jeho rodina nakonec kle\u010dela a prosila m\u011b o odpu\u0161t\u011bn\u00ed. -","isPartOf":{"@id":"https:\/\/vendeto.am\/#website"},"primaryImageOfPage":{"@id":"https:\/\/vendeto.am\/?p=33265#primaryimage"},"image":{"@id":"https:\/\/vendeto.am\/?p=33265#primaryimage"},"thumbnailUrl":"https:\/\/vendeto.am\/wp-content\/uploads\/2026\/09\/warm_beige_living_room_scene.jpg","datePublished":"2026-09-05T18:11:52+00:00","dateModified":"2026-09-05T18:11:55+00:00","author":{"@id":"https:\/\/vendeto.am\/#\/schema\/person\/48a4bd89d2048190ecc61e5ce821bef7"},"breadcrumb":{"@id":"https:\/\/vendeto.am\/?p=33265#breadcrumb"},"inLanguage":"ru-RU","potentialAction":[{"@type":"ReadAction","target":["https:\/\/vendeto.am\/?p=33265"]}]},{"@type":"ImageObject","inLanguage":"ru-RU","@id":"https:\/\/vendeto.am\/?p=33265#primaryimage","url":"https:\/\/vendeto.am\/wp-content\/uploads\/2026\/09\/warm_beige_living_room_scene.jpg","contentUrl":"https:\/\/vendeto.am\/wp-content\/uploads\/2026\/09\/warm_beige_living_room_scene.jpg","width":1408,"height":1760},{"@type":"BreadcrumbList","@id":"https:\/\/vendeto.am\/?p=33265#breadcrumb","itemListElement":[{"@type":"ListItem","position":1,"name":"\u0413\u043b\u0430\u0432\u043d\u0430\u044f \u0441\u0442\u0440\u0430\u043d\u0438\u0446\u0430","item":"https:\/\/vendeto.am\/"},{"@type":"ListItem","position":2,"name":"Druh\u00fd den na\u0161eho man\u017eelstv\u00ed jsem po\u017e\u00e1dala svou \u0161vagrovou, aby umyla n\u00e1dob\u00ed. Man\u017eel na m\u011b zak\u0159i\u010del: \u201eJak se opova\u017euje\u0161 j\u00ed porou\u010det!\u201c Ud\u011blala jsem n\u011bco, kv\u016fli \u010demu cel\u00e1 jeho rodina nakonec kle\u010dela a prosila m\u011b o odpu\u0161t\u011bn\u00ed."}]},{"@type":"WebSite","@id":"https:\/\/vendeto.am\/#website","url":"https:\/\/vendeto.am\/","name":"","description":"","potentialAction":[{"@type":"SearchAction","target":{"@type":"EntryPoint","urlTemplate":"https:\/\/vendeto.am\/?s={search_term_string}"},"query-input":{"@type":"PropertyValueSpecification","valueRequired":true,"valueName":"search_term_string"}}],"inLanguage":"ru-RU"},{"@type":"Person","@id":"https:\/\/vendeto.am\/#\/schema\/person\/48a4bd89d2048190ecc61e5ce821bef7","name":"admin","image":{"@type":"ImageObject","inLanguage":"ru-RU","@id":"https:\/\/secure.gravatar.com\/avatar\/df64e550a0653b7be0f1bcf897f33faad9c2c8153472b2d9319beafb51370f6f?s=96&d=mm&r=g","url":"https:\/\/secure.gravatar.com\/avatar\/df64e550a0653b7be0f1bcf897f33faad9c2c8153472b2d9319beafb51370f6f?s=96&d=mm&r=g","contentUrl":"https:\/\/secure.gravatar.com\/avatar\/df64e550a0653b7be0f1bcf897f33faad9c2c8153472b2d9319beafb51370f6f?s=96&d=mm&r=g","caption":"admin"},"sameAs":["http:\/\/vendeto.am"]}]}},"_links":{"self":[{"href":"https:\/\/vendeto.am\/index.php?rest_route=\/wp\/v2\/posts\/33265","targetHints":{"allow":["GET"]}}],"collection":[{"href":"https:\/\/vendeto.am\/index.php?rest_route=\/wp\/v2\/posts"}],"about":[{"href":"https:\/\/vendeto.am\/index.php?rest_route=\/wp\/v2\/types\/post"}],"author":[{"embeddable":true,"href":"https:\/\/vendeto.am\/index.php?rest_route=\/wp\/v2\/users\/1"}],"replies":[{"embeddable":true,"href":"https:\/\/vendeto.am\/index.php?rest_route=%2Fwp%2Fv2%2Fcomments&post=33265"}],"version-history":[{"count":1,"href":"https:\/\/vendeto.am\/index.php?rest_route=\/wp\/v2\/posts\/33265\/revisions"}],"predecessor-version":[{"id":33267,"href":"https:\/\/vendeto.am\/index.php?rest_route=\/wp\/v2\/posts\/33265\/revisions\/33267"}],"wp:featuredmedia":[{"embeddable":true,"href":"https:\/\/vendeto.am\/index.php?rest_route=\/wp\/v2\/media\/33266"}],"wp:attachment":[{"href":"https:\/\/vendeto.am\/index.php?rest_route=%2Fwp%2Fv2%2Fmedia&parent=33265"}],"wp:term":[{"taxonomy":"category","embeddable":true,"href":"https:\/\/vendeto.am\/index.php?rest_route=%2Fwp%2Fv2%2Fcategories&post=33265"},{"taxonomy":"post_tag","embeddable":true,"href":"https:\/\/vendeto.am\/index.php?rest_route=%2Fwp%2Fv2%2Ftags&post=33265"}],"curies":[{"name":"wp","href":"https:\/\/api.w.org\/{rel}","templated":true}]}}