{"id":33275,"date":"2026-09-05T22:40:19","date_gmt":"2026-09-05T19:40:19","guid":{"rendered":"https:\/\/vendeto.am\/?p=33275"},"modified":"2026-09-05T22:40:21","modified_gmt":"2026-09-05T19:40:21","slug":"mi-hijo-de-17-anos-se-afeito-la-cabeza-por-su-novia-que-tenia-cancer-al-dia-siguiente-su-madre-me-llamo-tienes-que-venir-al-hospital-y-ver-lo-que-hizo-tu-hijo","status":"publish","type":"post","link":"https:\/\/vendeto.am\/?p=33275","title":{"rendered":"Mi hijo de 17 a\u00f1os se afeit\u00f3 la cabeza por su novia, que ten\u00eda c\u00e1ncer. Al d\u00eda siguiente, su madre me llam\u00f3: \u00abTienes que venir al hospital y ver lo que hizo tu hijo\u00bb."},"content":{"rendered":"\n<p class=\"wp-block-paragraph\">Aaron siempre hab\u00eda sido un chico muy atento. Sacaba buenas notas en la escuela, evitaba los problemas y siempre se daba cuenta cuando alguien necesitaba ayuda.<\/p>\n\n\n\n<p class=\"wp-block-paragraph\">Cuando empez\u00f3 a salir con Lily, la hija de mi mejor amiga Diane, me alegr\u00e9 much\u00edsimo. Hab\u00edan crecido juntos y eran muy unidos.<\/p>\n\n\n\n<p class=\"wp-block-paragraph\">Entonces Lily descubri\u00f3 que ten\u00eda c\u00e1ncer. \ud83d\ude2e<\/p>\n\n\n\n<p class=\"wp-block-paragraph\">Su vida cambi\u00f3 en un instante: hospitales, tratamientos, pruebas y largos d\u00edas agotadores.<\/p>\n\n\n\n<p class=\"wp-block-paragraph\">Pero Aaron nunca se alej\u00f3 de ella. Iba a visitarla, le llevaba sus dulces favoritos, la ayudaba con los deberes y simplemente permanec\u00eda a su lado cuando estaba demasiado cansada para hablar.<\/p>\n\n\n\n<p class=\"wp-block-paragraph\">Entonces el tratamiento hizo que Lily comenzara a perder el cabello.<\/p>\n\n\n\n<p class=\"wp-block-paragraph\">Intentaba tom\u00e1rselo con humor, pero un d\u00eda Aaron la encontr\u00f3 sola en el ba\u00f1o del hospital, llorando.<\/p>\n\n\n\n<p class=\"wp-block-paragraph\">A la noche siguiente, la vi bajar las escaleras y dej\u00e9 caer la ropa que ten\u00eda en las manos.<\/p>\n\n\n\n<p class=\"wp-block-paragraph\">Sus espesos rizos casta\u00f1os hab\u00edan desaparecido.<\/p>\n\n\n\n<figure class=\"wp-block-image size-large\"><img loading=\"lazy\" decoding=\"async\" width=\"819\" height=\"1024\" src=\"https:\/\/vendeto.am\/wp-content\/uploads\/2026\/09\/couple_split_portrait-819x1024.jpg\" alt=\"\" class=\"wp-image-33260\" srcset=\"https:\/\/vendeto.am\/wp-content\/uploads\/2026\/09\/couple_split_portrait-819x1024.jpg 819w, https:\/\/vendeto.am\/wp-content\/uploads\/2026\/09\/couple_split_portrait-240x300.jpg 240w, https:\/\/vendeto.am\/wp-content\/uploads\/2026\/09\/couple_split_portrait-768x960.jpg 768w, https:\/\/vendeto.am\/wp-content\/uploads\/2026\/09\/couple_split_portrait-1229x1536.jpg 1229w, https:\/\/vendeto.am\/wp-content\/uploads\/2026\/09\/couple_split_portrait.jpg 1408w\" sizes=\"auto, (max-width: 819px) 100vw, 819px\" \/><\/figure>\n\n\n\n<p class=\"wp-block-paragraph\">Se hab\u00eda afeitado la cabeza. \ud83d\ude2e<\/p>\n\n\n\n<p class=\"wp-block-paragraph\">\u2014Aaron, \u00bfqu\u00e9 has hecho?<\/p>\n\n\n\n<p class=\"wp-block-paragraph\">Se toc\u00f3 la cabeza y me respondi\u00f3 en voz baja:<\/p>\n\n\n\n<p class=\"wp-block-paragraph\">\u2014A Lily se le est\u00e1 cayendo el cabello a mechones. Cree que la gente ya no ver\u00e1 en ella nada m\u00e1s que a una chica enferma. Quiero que sepa que su belleza no est\u00e1 en su cabello. Y, sobre todo, quiero que sepa que no tiene que pasar por todo esto sola.<\/p>\n\n\n\n<p class=\"wp-block-paragraph\">Me sent\u00ed inmensamente orgullosa de mi hijo y pens\u00e9 que ese ser\u00eda su \u00fanico gesto de apoyo.<\/p>\n\n\n\n<p class=\"wp-block-paragraph\">Pero al d\u00eda siguiente, Diane me llam\u00f3. Le temblaba la voz. \ud83d\ude2e\ud83d\ude2e<\/p>\n\n\n\n<p class=\"wp-block-paragraph\">\u2014Rachel, tienes que venir al hospital.<\/p>\n\n\n\n<p class=\"wp-block-paragraph\">\u2014\u00bfLily est\u00e1 bien?<\/p>\n\n\n\n<p class=\"wp-block-paragraph\">\u2014Est\u00e1 estable\u2026 Pero tienes que venir y ver lo que hizo tu hijo. No puedo explic\u00e1rtelo por tel\u00e9fono. Por favor, ven.<\/p>\n\n\n\n<p class=\"wp-block-paragraph\">Fui inmediatamente al hospital.<\/p>\n\n\n\n<p class=\"wp-block-paragraph\">Y lo que vi all\u00ed fue completamente incre\u00edble. \ud83d\ude2e\ud83d\ude2e\ud83d\ude2e<\/p>\n\n\n\n<p class=\"wp-block-paragraph\">Cuando entr\u00e9 en la habitaci\u00f3n del hospital, al principio no entend\u00eda qu\u00e9 estaba pasando.<\/p>\n\n\n\n<p class=\"wp-block-paragraph\">Lily estaba sentada en la cama y su madre, Diane, estaba junto a ella.<\/p>\n\n\n\n<p class=\"wp-block-paragraph\">Las dos estaban llorando.<\/p>\n\n\n\n<p class=\"wp-block-paragraph\">Pero no eran l\u00e1grimas de tristeza.<\/p>\n\n\n\n<p class=\"wp-block-paragraph\">En la pared de enfrente hab\u00eda una enorme fotograf\u00eda de Lily, tal como era antes de la enfermedad.<\/p>\n\n\n\n<p class=\"wp-block-paragraph\">A su alrededor hab\u00eda decenas de fotograf\u00edas m\u00e1s peque\u00f1as: Lily de ni\u00f1a, Lily en la escuela, Lily con Aaron, su primer paseo juntos, una fiesta escolar y tambi\u00e9n momentos cotidianos y divertidos.<\/p>\n\n\n\n<p class=\"wp-block-paragraph\">Y en el centro de la pared, con grandes letras, estaba escrito:<\/p>\n\n\n\n<p class=\"wp-block-paragraph\"><strong>\u00abLILY, T\u00da NO ERES TU ENFERMEDAD\u00bb.<\/strong><\/p>\n\n\n\n<p class=\"wp-block-paragraph\">Mir\u00e9 a Diane.<\/p>\n\n\n\n<p class=\"wp-block-paragraph\">\u2014\u00bfQu\u00e9 est\u00e1 pasando aqu\u00ed?<\/p>\n\n\n\n<p class=\"wp-block-paragraph\">Sin decir una palabra, me entreg\u00f3 su tel\u00e9fono.<\/p>\n\n\n\n<p class=\"wp-block-paragraph\">En la pantalla se estaba reproduciendo un video.<\/p>\n\n\n\n<p class=\"wp-block-paragraph\">Vi a Aaron.<\/p>\n\n\n\n<p class=\"wp-block-paragraph\">Estaba frente a decenas de pacientes del hospital: ni\u00f1os y adolescentes que tambi\u00e9n estaban recibiendo tratamiento.<\/p>\n\n\n\n<p class=\"wp-block-paragraph\">Todos ten\u00edan rostros cansados y muchos de ellos no ten\u00edan cabello.<\/p>\n\n\n\n<p class=\"wp-block-paragraph\">Aaron sosten\u00eda una gran caja entre las manos.<\/p>\n\n\n\n<p class=\"wp-block-paragraph\">\u2014Durante mucho tiempo pensamos qu\u00e9 pod\u00edamos hacer para que se sintieran al menos un poco mejor \u2014dec\u00eda en el video\u2014. Y comprendimos que no quer\u00edamos limitarnos a decirles: \u00abSean fuertes\u00bb.<\/p>\n\n\n\n<p class=\"wp-block-paragraph\">Abri\u00f3 la caja.<\/p>\n\n\n\n<p class=\"wp-block-paragraph\">Dentro hab\u00eda decenas de gorros de colores, gorras y pa\u00f1uelos.<\/p>\n\n\n\n<p class=\"wp-block-paragraph\">\u2014Queremos que puedan elegir algo que realmente les guste. No algo para esconder su enfermedad, sino algo que les recuerde qui\u00e9nes son de verdad.<\/p>\n\n\n\n<p class=\"wp-block-paragraph\">No pod\u00eda creer lo que estaba viendo.<\/p>\n\n\n\n<p class=\"wp-block-paragraph\">Diane solloz\u00f3.<\/p>\n\n\n\n<p class=\"wp-block-paragraph\">\u2014Todo esto lo ide\u00f3 Aaron.<\/p>\n\n\n\n<p class=\"wp-block-paragraph\">Pero el video a\u00fan no hab\u00eda terminado.<\/p>\n\n\n\n<p class=\"wp-block-paragraph\">Aaron cont\u00f3 que, despu\u00e9s de ver a Lily llorando en el ba\u00f1o del hospital, comenz\u00f3 a buscar en internet historias de adolescentes que hab\u00edan pasado por el c\u00e1ncer.<\/p>\n\n\n\n<p class=\"wp-block-paragraph\">Y comprendi\u00f3 que muchos de ellos sent\u00edan lo mismo.<\/p>\n\n\n\n<p class=\"wp-block-paragraph\">Soledad.<\/p>\n\n\n\n<p class=\"wp-block-paragraph\">Entonces decidi\u00f3 hacer todav\u00eda m\u00e1s.<\/p>\n\n\n\n<p class=\"wp-block-paragraph\">Cre\u00f3 una iniciativa en la escuela y pidi\u00f3 a sus compa\u00f1eros que aportaran dinero.<\/p>\n\n\n\n<p class=\"wp-block-paragraph\">Tambi\u00e9n se unieron los profesores.<\/p>\n\n\n\n<p class=\"wp-block-paragraph\">Alguien don\u00f3 libros, otro juegos y otros m\u00e1s ropa.<\/p>\n\n\n\n<p class=\"wp-block-paragraph\">Despu\u00e9s, Aaron se puso de acuerdo con el hospital para que cada semana acudieran voluntarios a visitar a los adolescentes que peor estaban afrontando emocionalmente el tratamiento.<\/p>\n\n\n\n<p class=\"wp-block-paragraph\">Mir\u00e9 a Diane.<\/p>\n\n\n\n<p class=\"wp-block-paragraph\">\u2014Pero \u00bfpor qu\u00e9 me dijiste que ten\u00eda que venir y ver lo que hizo?<\/p>\n\n\n\n<p class=\"wp-block-paragraph\">Se sec\u00f3 las l\u00e1grimas y sonri\u00f3.<\/p>\n\n\n\n<p class=\"wp-block-paragraph\">\u2014Porque hoy hizo algo m\u00e1s.<\/p>\n\n\n\n<p class=\"wp-block-paragraph\">En ese momento se abri\u00f3 la puerta de la habitaci\u00f3n.<\/p>\n\n\n\n<p class=\"wp-block-paragraph\">Entr\u00f3 Aaron.<\/p>\n\n\n\n<p class=\"wp-block-paragraph\">Segu\u00eda teniendo la cabeza afeitada.<\/p>\n\n\n\n<p class=\"wp-block-paragraph\">Pero llevaba una peque\u00f1a caja en las manos.<\/p>\n\n\n\n<p class=\"wp-block-paragraph\">Se acerc\u00f3 a Lily y se arrodill\u00f3 frente a ella.<\/p>\n\n\n\n<p class=\"wp-block-paragraph\">\u2014Quiero darte algo.<\/p>\n\n\n\n<p class=\"wp-block-paragraph\">Lily abri\u00f3 la caja.<\/p>\n\n\n\n<p class=\"wp-block-paragraph\">Dentro hab\u00eda una fotograf\u00eda.<\/p>\n\n\n\n<p class=\"wp-block-paragraph\">En ella aparec\u00edan todos los j\u00f3venes pacientes del hospital que se hab\u00edan unido a la iniciativa de Aaron.<\/p>\n\n\n\n<p class=\"wp-block-paragraph\">Cada uno llevaba en la cabeza su gorro favorito.<\/p>\n\n\n\n<p class=\"wp-block-paragraph\">Y debajo de la fotograf\u00eda hab\u00eda un mensaje:<\/p>\n\n\n\n<p class=\"wp-block-paragraph\"><strong>\u00abSEGUIMOS AQU\u00cd. SEGUIMOS RIENDO. SEGUIMOS SO\u00d1ANDO. Y NO ESTAMOS SOLOS\u00bb.<\/strong><\/p>\n\n\n\n<p class=\"wp-block-paragraph\">Lily se cubri\u00f3 la boca con la mano y rompi\u00f3 a llorar.<\/p>\n\n\n\n<p class=\"wp-block-paragraph\">Aaron la abraz\u00f3.<\/p>\n\n\n\n<p class=\"wp-block-paragraph\">Y en ese momento comprend\u00ed por qu\u00e9 Diane me hab\u00eda llamado.<\/p>\n\n\n\n<p class=\"wp-block-paragraph\">Mi hijo no se hab\u00eda afeitado la cabeza solamente por su novia.<\/p>\n\n\n\n<p class=\"wp-block-paragraph\">Hab\u00eda visto a una persona asustada y que se sent\u00eda sola, y decidi\u00f3 hacer todo lo posible para que nunca m\u00e1s tuviera que sentir que estaba enfrentando aquello sola.<\/p>\n\n\n\n<p class=\"wp-block-paragraph\">Pero unos minutos despu\u00e9s ocurri\u00f3 algo que ninguno de nosotros esperaba.<\/p>\n\n\n\n<p class=\"wp-block-paragraph\">Entr\u00f3 un m\u00e9dico en la habitaci\u00f3n.<\/p>\n\n\n\n<p class=\"wp-block-paragraph\">Mir\u00f3 a Aaron, luego a Lily y dijo:<\/p>\n\n\n\n<p class=\"wp-block-paragraph\">\u2014Necesitamos hablar con los dos. Hoy han llegado los resultados de las \u00faltimas pruebas.<\/p>\n\n\n\n<p class=\"wp-block-paragraph\">Lily dej\u00f3 de sonre\u00edr de inmediato.<\/p>\n\n\n\n<p class=\"wp-block-paragraph\">Vi c\u00f3mo apretaba con fuerza la mano de Aaron.<\/p>\n\n\n\n<p class=\"wp-block-paragraph\">El m\u00e9dico guard\u00f3 silencio durante unos segundos.<\/p>\n\n\n\n<p class=\"wp-block-paragraph\">Y entonces pronunci\u00f3 unas palabras que cambiaron aquel d\u00eda para siempre\u2026<\/p>\n\n\n\n<p class=\"wp-block-paragraph\"><strong>\u00abTenemos buenas noticias\u00bb.<\/strong><\/p>\n\n\n\n<p class=\"wp-block-paragraph\">Lily se qued\u00f3 inm\u00f3vil.<\/p>\n\n\n\n<p class=\"wp-block-paragraph\">Y yo, despu\u00e9s de mucho tiempo, vi por primera vez un verdadero destello de esperanza en el rostro de Diane.<\/p>\n\n\n\n<p class=\"wp-block-paragraph\">Pero lo que el m\u00e9dico dijo a continuaci\u00f3n nos hizo llorar a todos\u2026<\/p>\n\n\n\n<p class=\"wp-block-paragraph\">Esta vez, sin embargo, por una raz\u00f3n completamente diferente.<\/p>\n\n\n\n<p class=\"wp-block-paragraph\"><\/p>\n","protected":false},"excerpt":{"rendered":"Aaron siempre hab\u00eda sido un chico muy atento. Sacaba buenas notas en la escuela, evitaba los problemas y siempre se daba cuenta cuando \n<a class=\"moretag\" href=\"https:\/\/vendeto.am\/?p=33275\"> [...]<\/a>","protected":false},"author":1,"featured_media":33260,"comment_status":"open","ping_status":"open","sticky":false,"template":"","format":"standard","meta":{"footnotes":""},"categories":[3],"tags":[],"class_list":["post-33275","post","type-post","status-publish","format-standard","has-post-thumbnail","hentry","category-video"],"yoast_head":"<!-- This site is optimized with the Yoast SEO plugin v28.4 - https:\/\/yoast.com\/product\/yoast-seo-wordpress\/ -->\n<title>Mi hijo de 17 a\u00f1os se afeit\u00f3 la cabeza por su novia, que ten\u00eda c\u00e1ncer. Al d\u00eda siguiente, su madre me llam\u00f3: \u00abTienes que venir al hospital y ver lo que hizo tu hijo\u00bb. -<\/title>\n<meta name=\"robots\" content=\"index, follow, max-snippet:-1, max-image-preview:large, max-video-preview:-1\" \/>\n<link rel=\"canonical\" href=\"https:\/\/vendeto.am\/?p=33275\" \/>\n<meta property=\"og:locale\" content=\"ru_RU\" \/>\n<meta property=\"og:type\" content=\"article\" \/>\n<meta property=\"og:title\" content=\"Mi hijo de 17 a\u00f1os se afeit\u00f3 la cabeza por su novia, que ten\u00eda c\u00e1ncer. Al d\u00eda siguiente, su madre me llam\u00f3: \u00abTienes que venir al hospital y ver lo que hizo tu hijo\u00bb. -\" \/>\n<meta property=\"og:description\" content=\"Aaron siempre hab\u00eda sido un chico muy atento. Sacaba buenas notas en la escuela, evitaba los problemas y siempre se daba cuenta cuando\" \/>\n<meta property=\"og:url\" content=\"https:\/\/vendeto.am\/?p=33275\" \/>\n<meta property=\"article:published_time\" content=\"2026-09-05T19:40:19+00:00\" \/>\n<meta property=\"article:modified_time\" content=\"2026-09-05T19:40:21+00:00\" \/>\n<meta property=\"og:image\" content=\"https:\/\/vendeto.am\/wp-content\/uploads\/2026\/09\/couple_split_portrait.jpg\" \/>\n\t<meta property=\"og:image:width\" content=\"1408\" \/>\n\t<meta property=\"og:image:height\" content=\"1760\" \/>\n\t<meta property=\"og:image:type\" content=\"image\/jpeg\" \/>\n<meta name=\"author\" content=\"admin\" \/>\n<meta name=\"twitter:card\" content=\"summary_large_image\" \/>\n<meta name=\"twitter:label1\" content=\"\u041d\u0430\u043f\u0438\u0441\u0430\u043d\u043e \u0430\u0432\u0442\u043e\u0440\u043e\u043c\" \/>\n\t<meta name=\"twitter:data1\" content=\"admin\" \/>\n\t<meta name=\"twitter:label2\" content=\"\u041f\u0440\u0438\u043c\u0435\u0440\u043d\u043e\u0435 \u0432\u0440\u0435\u043c\u044f \u0434\u043b\u044f \u0447\u0442\u0435\u043d\u0438\u044f\" \/>\n\t<meta name=\"twitter:data2\" content=\"6 \u043c\u0438\u043d\u0443\u0442\" \/>\n<script type=\"application\/ld+json\" class=\"yoast-schema-graph\">{\"@context\":\"https:\\\/\\\/schema.org\",\"@graph\":[{\"@type\":\"Article\",\"@id\":\"https:\\\/\\\/vendeto.am\\\/?p=33275#article\",\"isPartOf\":{\"@id\":\"https:\\\/\\\/vendeto.am\\\/?p=33275\"},\"author\":{\"name\":\"admin\",\"@id\":\"https:\\\/\\\/vendeto.am\\\/#\\\/schema\\\/person\\\/48a4bd89d2048190ecc61e5ce821bef7\"},\"headline\":\"Mi hijo de 17 a\u00f1os se afeit\u00f3 la cabeza por su novia, que ten\u00eda c\u00e1ncer. Al d\u00eda siguiente, su madre me llam\u00f3: \u00abTienes que venir al hospital y ver lo que hizo tu hijo\u00bb.\",\"datePublished\":\"2026-09-05T19:40:19+00:00\",\"dateModified\":\"2026-09-05T19:40:21+00:00\",\"mainEntityOfPage\":{\"@id\":\"https:\\\/\\\/vendeto.am\\\/?p=33275\"},\"wordCount\":1079,\"commentCount\":0,\"image\":{\"@id\":\"https:\\\/\\\/vendeto.am\\\/?p=33275#primaryimage\"},\"thumbnailUrl\":\"https:\\\/\\\/vendeto.am\\\/wp-content\\\/uploads\\\/2026\\\/09\\\/couple_split_portrait.jpg\",\"articleSection\":[\"VIDEO\"],\"inLanguage\":\"ru-RU\",\"potentialAction\":[{\"@type\":\"CommentAction\",\"name\":\"Comment\",\"target\":[\"https:\\\/\\\/vendeto.am\\\/?p=33275#respond\"]}]},{\"@type\":\"WebPage\",\"@id\":\"https:\\\/\\\/vendeto.am\\\/?p=33275\",\"url\":\"https:\\\/\\\/vendeto.am\\\/?p=33275\",\"name\":\"Mi hijo de 17 a\u00f1os se afeit\u00f3 la cabeza por su novia, que ten\u00eda c\u00e1ncer. Al d\u00eda siguiente, su madre me llam\u00f3: \u00abTienes que venir al hospital y ver lo que hizo tu hijo\u00bb. -\",\"isPartOf\":{\"@id\":\"https:\\\/\\\/vendeto.am\\\/#website\"},\"primaryImageOfPage\":{\"@id\":\"https:\\\/\\\/vendeto.am\\\/?p=33275#primaryimage\"},\"image\":{\"@id\":\"https:\\\/\\\/vendeto.am\\\/?p=33275#primaryimage\"},\"thumbnailUrl\":\"https:\\\/\\\/vendeto.am\\\/wp-content\\\/uploads\\\/2026\\\/09\\\/couple_split_portrait.jpg\",\"datePublished\":\"2026-09-05T19:40:19+00:00\",\"dateModified\":\"2026-09-05T19:40:21+00:00\",\"author\":{\"@id\":\"https:\\\/\\\/vendeto.am\\\/#\\\/schema\\\/person\\\/48a4bd89d2048190ecc61e5ce821bef7\"},\"breadcrumb\":{\"@id\":\"https:\\\/\\\/vendeto.am\\\/?p=33275#breadcrumb\"},\"inLanguage\":\"ru-RU\",\"potentialAction\":[{\"@type\":\"ReadAction\",\"target\":[\"https:\\\/\\\/vendeto.am\\\/?p=33275\"]}]},{\"@type\":\"ImageObject\",\"inLanguage\":\"ru-RU\",\"@id\":\"https:\\\/\\\/vendeto.am\\\/?p=33275#primaryimage\",\"url\":\"https:\\\/\\\/vendeto.am\\\/wp-content\\\/uploads\\\/2026\\\/09\\\/couple_split_portrait.jpg\",\"contentUrl\":\"https:\\\/\\\/vendeto.am\\\/wp-content\\\/uploads\\\/2026\\\/09\\\/couple_split_portrait.jpg\",\"width\":1408,\"height\":1760},{\"@type\":\"BreadcrumbList\",\"@id\":\"https:\\\/\\\/vendeto.am\\\/?p=33275#breadcrumb\",\"itemListElement\":[{\"@type\":\"ListItem\",\"position\":1,\"name\":\"\u0413\u043b\u0430\u0432\u043d\u0430\u044f \u0441\u0442\u0440\u0430\u043d\u0438\u0446\u0430\",\"item\":\"https:\\\/\\\/vendeto.am\\\/\"},{\"@type\":\"ListItem\",\"position\":2,\"name\":\"Mi hijo de 17 a\u00f1os se afeit\u00f3 la cabeza por su novia, que ten\u00eda c\u00e1ncer. Al d\u00eda siguiente, su madre me llam\u00f3: \u00abTienes que venir al hospital y ver lo que hizo tu hijo\u00bb.\"}]},{\"@type\":\"WebSite\",\"@id\":\"https:\\\/\\\/vendeto.am\\\/#website\",\"url\":\"https:\\\/\\\/vendeto.am\\\/\",\"name\":\"\",\"description\":\"\",\"potentialAction\":[{\"@type\":\"SearchAction\",\"target\":{\"@type\":\"EntryPoint\",\"urlTemplate\":\"https:\\\/\\\/vendeto.am\\\/?s={search_term_string}\"},\"query-input\":{\"@type\":\"PropertyValueSpecification\",\"valueRequired\":true,\"valueName\":\"search_term_string\"}}],\"inLanguage\":\"ru-RU\"},{\"@type\":\"Person\",\"@id\":\"https:\\\/\\\/vendeto.am\\\/#\\\/schema\\\/person\\\/48a4bd89d2048190ecc61e5ce821bef7\",\"name\":\"admin\",\"image\":{\"@type\":\"ImageObject\",\"inLanguage\":\"ru-RU\",\"@id\":\"https:\\\/\\\/secure.gravatar.com\\\/avatar\\\/df64e550a0653b7be0f1bcf897f33faad9c2c8153472b2d9319beafb51370f6f?s=96&d=mm&r=g\",\"url\":\"https:\\\/\\\/secure.gravatar.com\\\/avatar\\\/df64e550a0653b7be0f1bcf897f33faad9c2c8153472b2d9319beafb51370f6f?s=96&d=mm&r=g\",\"contentUrl\":\"https:\\\/\\\/secure.gravatar.com\\\/avatar\\\/df64e550a0653b7be0f1bcf897f33faad9c2c8153472b2d9319beafb51370f6f?s=96&d=mm&r=g\",\"caption\":\"admin\"},\"sameAs\":[\"http:\\\/\\\/vendeto.am\"]}]}<\/script>\n<!-- \/ Yoast SEO plugin. -->","yoast_head_json":{"title":"Mi hijo de 17 a\u00f1os se afeit\u00f3 la cabeza por su novia, que ten\u00eda c\u00e1ncer. Al d\u00eda siguiente, su madre me llam\u00f3: \u00abTienes que venir al hospital y ver lo que hizo tu hijo\u00bb. -","robots":{"index":"index","follow":"follow","max-snippet":"max-snippet:-1","max-image-preview":"max-image-preview:large","max-video-preview":"max-video-preview:-1"},"canonical":"https:\/\/vendeto.am\/?p=33275","og_locale":"ru_RU","og_type":"article","og_title":"Mi hijo de 17 a\u00f1os se afeit\u00f3 la cabeza por su novia, que ten\u00eda c\u00e1ncer. Al d\u00eda siguiente, su madre me llam\u00f3: \u00abTienes que venir al hospital y ver lo que hizo tu hijo\u00bb. -","og_description":"Aaron siempre hab\u00eda sido un chico muy atento. Sacaba buenas notas en la escuela, evitaba los problemas y siempre se daba cuenta cuando","og_url":"https:\/\/vendeto.am\/?p=33275","article_published_time":"2026-09-05T19:40:19+00:00","article_modified_time":"2026-09-05T19:40:21+00:00","og_image":[{"width":1408,"height":1760,"url":"https:\/\/vendeto.am\/wp-content\/uploads\/2026\/09\/couple_split_portrait.jpg","type":"image\/jpeg"}],"author":"admin","twitter_card":"summary_large_image","twitter_misc":{"\u041d\u0430\u043f\u0438\u0441\u0430\u043d\u043e \u0430\u0432\u0442\u043e\u0440\u043e\u043c":"admin","\u041f\u0440\u0438\u043c\u0435\u0440\u043d\u043e\u0435 \u0432\u0440\u0435\u043c\u044f \u0434\u043b\u044f \u0447\u0442\u0435\u043d\u0438\u044f":"6 \u043c\u0438\u043d\u0443\u0442"},"schema":{"@context":"https:\/\/schema.org","@graph":[{"@type":"Article","@id":"https:\/\/vendeto.am\/?p=33275#article","isPartOf":{"@id":"https:\/\/vendeto.am\/?p=33275"},"author":{"name":"admin","@id":"https:\/\/vendeto.am\/#\/schema\/person\/48a4bd89d2048190ecc61e5ce821bef7"},"headline":"Mi hijo de 17 a\u00f1os se afeit\u00f3 la cabeza por su novia, que ten\u00eda c\u00e1ncer. Al d\u00eda siguiente, su madre me llam\u00f3: \u00abTienes que venir al hospital y ver lo que hizo tu hijo\u00bb.","datePublished":"2026-09-05T19:40:19+00:00","dateModified":"2026-09-05T19:40:21+00:00","mainEntityOfPage":{"@id":"https:\/\/vendeto.am\/?p=33275"},"wordCount":1079,"commentCount":0,"image":{"@id":"https:\/\/vendeto.am\/?p=33275#primaryimage"},"thumbnailUrl":"https:\/\/vendeto.am\/wp-content\/uploads\/2026\/09\/couple_split_portrait.jpg","articleSection":["VIDEO"],"inLanguage":"ru-RU","potentialAction":[{"@type":"CommentAction","name":"Comment","target":["https:\/\/vendeto.am\/?p=33275#respond"]}]},{"@type":"WebPage","@id":"https:\/\/vendeto.am\/?p=33275","url":"https:\/\/vendeto.am\/?p=33275","name":"Mi hijo de 17 a\u00f1os se afeit\u00f3 la cabeza por su novia, que ten\u00eda c\u00e1ncer. Al d\u00eda siguiente, su madre me llam\u00f3: \u00abTienes que venir al hospital y ver lo que hizo tu hijo\u00bb. -","isPartOf":{"@id":"https:\/\/vendeto.am\/#website"},"primaryImageOfPage":{"@id":"https:\/\/vendeto.am\/?p=33275#primaryimage"},"image":{"@id":"https:\/\/vendeto.am\/?p=33275#primaryimage"},"thumbnailUrl":"https:\/\/vendeto.am\/wp-content\/uploads\/2026\/09\/couple_split_portrait.jpg","datePublished":"2026-09-05T19:40:19+00:00","dateModified":"2026-09-05T19:40:21+00:00","author":{"@id":"https:\/\/vendeto.am\/#\/schema\/person\/48a4bd89d2048190ecc61e5ce821bef7"},"breadcrumb":{"@id":"https:\/\/vendeto.am\/?p=33275#breadcrumb"},"inLanguage":"ru-RU","potentialAction":[{"@type":"ReadAction","target":["https:\/\/vendeto.am\/?p=33275"]}]},{"@type":"ImageObject","inLanguage":"ru-RU","@id":"https:\/\/vendeto.am\/?p=33275#primaryimage","url":"https:\/\/vendeto.am\/wp-content\/uploads\/2026\/09\/couple_split_portrait.jpg","contentUrl":"https:\/\/vendeto.am\/wp-content\/uploads\/2026\/09\/couple_split_portrait.jpg","width":1408,"height":1760},{"@type":"BreadcrumbList","@id":"https:\/\/vendeto.am\/?p=33275#breadcrumb","itemListElement":[{"@type":"ListItem","position":1,"name":"\u0413\u043b\u0430\u0432\u043d\u0430\u044f \u0441\u0442\u0440\u0430\u043d\u0438\u0446\u0430","item":"https:\/\/vendeto.am\/"},{"@type":"ListItem","position":2,"name":"Mi hijo de 17 a\u00f1os se afeit\u00f3 la cabeza por su novia, que ten\u00eda c\u00e1ncer. Al d\u00eda siguiente, su madre me llam\u00f3: \u00abTienes que venir al hospital y ver lo que hizo tu hijo\u00bb."}]},{"@type":"WebSite","@id":"https:\/\/vendeto.am\/#website","url":"https:\/\/vendeto.am\/","name":"","description":"","potentialAction":[{"@type":"SearchAction","target":{"@type":"EntryPoint","urlTemplate":"https:\/\/vendeto.am\/?s={search_term_string}"},"query-input":{"@type":"PropertyValueSpecification","valueRequired":true,"valueName":"search_term_string"}}],"inLanguage":"ru-RU"},{"@type":"Person","@id":"https:\/\/vendeto.am\/#\/schema\/person\/48a4bd89d2048190ecc61e5ce821bef7","name":"admin","image":{"@type":"ImageObject","inLanguage":"ru-RU","@id":"https:\/\/secure.gravatar.com\/avatar\/df64e550a0653b7be0f1bcf897f33faad9c2c8153472b2d9319beafb51370f6f?s=96&d=mm&r=g","url":"https:\/\/secure.gravatar.com\/avatar\/df64e550a0653b7be0f1bcf897f33faad9c2c8153472b2d9319beafb51370f6f?s=96&d=mm&r=g","contentUrl":"https:\/\/secure.gravatar.com\/avatar\/df64e550a0653b7be0f1bcf897f33faad9c2c8153472b2d9319beafb51370f6f?s=96&d=mm&r=g","caption":"admin"},"sameAs":["http:\/\/vendeto.am"]}]}},"_links":{"self":[{"href":"https:\/\/vendeto.am\/index.php?rest_route=\/wp\/v2\/posts\/33275","targetHints":{"allow":["GET"]}}],"collection":[{"href":"https:\/\/vendeto.am\/index.php?rest_route=\/wp\/v2\/posts"}],"about":[{"href":"https:\/\/vendeto.am\/index.php?rest_route=\/wp\/v2\/types\/post"}],"author":[{"embeddable":true,"href":"https:\/\/vendeto.am\/index.php?rest_route=\/wp\/v2\/users\/1"}],"replies":[{"embeddable":true,"href":"https:\/\/vendeto.am\/index.php?rest_route=%2Fwp%2Fv2%2Fcomments&post=33275"}],"version-history":[{"count":1,"href":"https:\/\/vendeto.am\/index.php?rest_route=\/wp\/v2\/posts\/33275\/revisions"}],"predecessor-version":[{"id":33276,"href":"https:\/\/vendeto.am\/index.php?rest_route=\/wp\/v2\/posts\/33275\/revisions\/33276"}],"wp:featuredmedia":[{"embeddable":true,"href":"https:\/\/vendeto.am\/index.php?rest_route=\/wp\/v2\/media\/33260"}],"wp:attachment":[{"href":"https:\/\/vendeto.am\/index.php?rest_route=%2Fwp%2Fv2%2Fmedia&parent=33275"}],"wp:term":[{"taxonomy":"category","embeddable":true,"href":"https:\/\/vendeto.am\/index.php?rest_route=%2Fwp%2Fv2%2Fcategories&post=33275"},{"taxonomy":"post_tag","embeddable":true,"href":"https:\/\/vendeto.am\/index.php?rest_route=%2Fwp%2Fv2%2Ftags&post=33275"}],"curies":[{"name":"wp","href":"https:\/\/api.w.org\/{rel}","templated":true}]}}