{"id":33284,"date":"2026-09-06T20:52:36","date_gmt":"2026-09-06T17:52:36","guid":{"rendered":"https:\/\/vendeto.am\/?p=33284"},"modified":"2026-09-06T20:52:39","modified_gmt":"2026-09-06T17:52:39","slug":"muj-petilety-syn-se-podival-na-novorozene-a-zaseptal-mami-to-neni-moje-sestra","status":"publish","type":"post","link":"https:\/\/vendeto.am\/?p=33284","title":{"rendered":"M\u016eJ P\u011aTILET\u00dd SYN SE POD\u00cdVAL NA NOVOROZEN\u011a A ZA\u0160EPTAL: \u201eMAMI\u2026 TO NEN\u00cd MOJE SESTRA\u201c"},"content":{"rendered":"\n<p class=\"wp-block-paragraph\">V noci, kdy jsme se vr\u00e1tili z nemocnice, jsem si myslela, \u017ee kone\u010dn\u011b za\u010dneme n\u00e1\u0161 nov\u00fd \u017eivot jako \u010dty\u0159\u010dlenn\u00e1 rodina.Na\u0161e dcera se narodila teprve p\u0159ed t\u0159emi dny.<\/p>\n\n\n\n<p class=\"wp-block-paragraph\">Byla jsem vy\u010derpan\u00e1, Daniel t\u00e9m\u011b\u0159 nespal a Max cel\u00e9 m\u011bs\u00edce \u010dekal, a\u017e svou sest\u0159i\u010dku kone\u010dn\u011b pozn\u00e1 doma.<\/p>\n\n\n\n<p class=\"wp-block-paragraph\">Jakmile ale ve\u0161el do d\u011btsk\u00e9ho pokoje, z\u016fstal st\u00e1t jako p\u0159imrazen\u00fd.<\/p>\n\n\n\n<p class=\"wp-block-paragraph\">Pod\u00edval se na post\u00fdlku.<\/p>\n\n\n\n<p class=\"wp-block-paragraph\">Pak se pod\u00edval na m\u011b.<\/p>\n\n\n\n<p class=\"wp-block-paragraph\">Z tv\u00e1\u0159e mu zmizela ve\u0161ker\u00e1 barva.<\/p>\n\n\n\n<p class=\"wp-block-paragraph\">\u2014 Mami\u2026<\/p>\n\n\n\n<p class=\"wp-block-paragraph\">\u2014 Co se d\u011bje?<\/p>\n\n\n\n<p class=\"wp-block-paragraph\">Max ud\u011blal krok dozadu.<\/p>\n\n\n\n<p class=\"wp-block-paragraph\">\u2014 P\u0159ivezli jsme \u0161patn\u00e9 miminko.<\/p>\n\n\n\n<p class=\"wp-block-paragraph\">Nejd\u0159\u00edv jsem se m\u00e1lem usm\u00e1la.<\/p>\n\n\n\n<p class=\"wp-block-paragraph\">Myslela jsem si, \u017ee tak d\u011btsky vyjad\u0159uje \u017e\u00e1rlivost.<\/p>\n\n\n\n<p class=\"wp-block-paragraph\">Cel\u00e9 t\u00fddny jsme mu vysv\u011btlovali, \u017ee miminko bude pot\u0159ebovat hodn\u011b pozornosti.<\/p>\n\n\n\n<p class=\"wp-block-paragraph\">\u2014 Maxi, zlat\u00ed\u010dko, samoz\u0159ejm\u011b \u017ee je to tvoje sestra.<\/p>\n\n\n\n<p class=\"wp-block-paragraph\">Pomalu zavrt\u011bl hlavou.<\/p>\n\n\n\n<p class=\"wp-block-paragraph\">\u2014 Ne. Nen\u00ed.<\/p>\n\n\n\n<p class=\"wp-block-paragraph\">P\u0159ekvapilo m\u011b to, proto\u017ee pr\u00e1v\u011b Max se b\u011bhem t\u011bhotenstv\u00ed na miminko t\u011b\u0161il nejv\u00edc.<\/p>\n\n\n\n<p class=\"wp-block-paragraph\">Den po porodu ho Daniel vzal do nemocnice.<\/p>\n\n\n\n<figure class=\"wp-block-image is-resized\"><img decoding=\"async\" src=\"https:\/\/chexia.info\/wp-content\/uploads\/2026\/09\/warm_cozy_living_room-819x1024.jpg\" alt=\"\" class=\"wp-image-10238\" style=\"aspect-ratio:0.7998046875;width:819px;height:auto\"\/><\/figure>\n\n\n\n<p class=\"wp-block-paragraph\">Kdy\u017e jsme mu malou vlo\u017eili do n\u00e1ru\u010de, Max ji dr\u017eel tak opatrn\u011b, \u017ee se t\u00e9m\u011b\u0159 b\u00e1l d\u00fdchat.<\/p>\n\n\n\n<p class=\"wp-block-paragraph\">Pak si n\u011b\u010deho v\u0161iml.<\/p>\n\n\n\n<p class=\"wp-block-paragraph\">Za prav\u00fdm ou\u0161kem miminka byla drobn\u00e1 na\u010dervenal\u00e1 skvrnka ve tvaru p\u016flm\u011bs\u00edce.<\/p>\n\n\n\n<p class=\"wp-block-paragraph\">\u2014 Mami, pod\u00edvej!<\/p>\n\n\n\n<p class=\"wp-block-paragraph\">Nad\u0161en\u011b se usm\u00e1l.<\/p>\n\n\n\n<p class=\"wp-block-paragraph\">\u2014 Vypad\u00e1 to, jako by ji m\u011bs\u00edc pol\u00edbil.<\/p>\n\n\n\n<p class=\"wp-block-paragraph\">Od t\u00e9 chv\u00edle byl Max tou malou znam\u00e9nkovou skvrnkou \u00fapln\u011b okouzlen\u00fd.<\/p>\n\n\n\n<p class=\"wp-block-paragraph\">Ne\u017e jsme z nemocnice odjeli, dotkl se prst\u00edk\u016f sv\u00e9 sest\u0159i\u010dky a sl\u00edbil:<\/p>\n\n\n\n<p class=\"wp-block-paragraph\">\u2014 J\u00e1 jsem tv\u016fj velk\u00fd br\u00e1cha. V\u017edycky t\u011b budu chr\u00e1nit.<\/p>\n\n\n\n<p class=\"wp-block-paragraph\">Doma se ale jeho chov\u00e1n\u00ed \u00fapln\u011b zm\u011bnilo.<\/p>\n\n\n\n<p class=\"wp-block-paragraph\">Necht\u011bl se k post\u00fdlce p\u0159ibl\u00ed\u017eit.<\/p>\n\n\n\n<p class=\"wp-block-paragraph\">Odm\u00edtal ji vz\u00edt do n\u00e1ru\u010de.<\/p>\n\n\n\n<p class=\"wp-block-paragraph\">Kdy\u017e miminko plakalo, Max odch\u00e1zel z pokoje.<\/p>\n\n\n\n<p class=\"wp-block-paragraph\">A nikdy nevyslovil jej\u00ed jm\u00e9no.<\/p>\n\n\n\n<p class=\"wp-block-paragraph\">Daniel tvrdil, \u017ee je to norm\u00e1ln\u00ed.<\/p>\n\n\n\n<p class=\"wp-block-paragraph\">\u2014 Jen si mus\u00ed zvyknout.<\/p>\n\n\n\n<p class=\"wp-block-paragraph\">Cht\u011bla jsem tomu v\u011b\u0159it.<\/p>\n\n\n\n<p class=\"wp-block-paragraph\">A\u017e do t\u0159et\u00ed noci.<\/p>\n\n\n\n<p class=\"wp-block-paragraph\">Byly skoro dv\u011b hodiny r\u00e1no, kdy\u017e jsem vstala, abych miminko nakrmila.<\/p>\n\n\n\n<p class=\"wp-block-paragraph\">Kdy\u017e jsem proch\u00e1zela kolem Maxova pokoje, v\u0161imla jsem si, \u017ee jeho postel je pr\u00e1zdn\u00e1.<\/p>\n\n\n\n<p class=\"wp-block-paragraph\">Na\u0161la jsem ho sed\u011bt na podlaze na chodb\u011b, p\u0159\u00edmo p\u0159ed dve\u0159mi pokoje jeho sest\u0159i\u010dky.<\/p>\n\n\n\n<p class=\"wp-block-paragraph\">O\u010di m\u011bl pln\u00e9 slz.<\/p>\n\n\n\n<p class=\"wp-block-paragraph\">\u2014 Maxi, co tady d\u011bl\u00e1\u0161?<\/p>\n\n\n\n<p class=\"wp-block-paragraph\">Pod\u00edval se na m\u011b.<\/p>\n\n\n\n<p class=\"wp-block-paragraph\">\u2014 Mami\u2026 ta hol\u010di\u010dka nen\u00ed moje sestra.<\/p>\n\n\n\n<p class=\"wp-block-paragraph\">Jeho hlas nezn\u011bl rozmazlen\u011b ani ura\u017een\u011b.<\/p>\n\n\n\n<p class=\"wp-block-paragraph\">Zn\u011bl vyd\u011b\u0161en\u011b.<\/p>\n\n\n\n<p class=\"wp-block-paragraph\">Sedla jsem si vedle n\u011bj.<\/p>\n\n\n\n<p class=\"wp-block-paragraph\">\u2014 \u0158ekni mi, pro\u010d to po\u0159\u00e1d \u0159\u00edk\u00e1\u0161.<\/p>\n\n\n\n<p class=\"wp-block-paragraph\">Max sev\u0159el m\u00e9 ruce.<\/p>\n\n\n\n<p class=\"wp-block-paragraph\">\u2014 Proto\u017ee jsem v nemocnici n\u011bco vid\u011bl.<\/p>\n\n\n\n<p class=\"wp-block-paragraph\">P\u0159eb\u011bhl mi mr\u00e1z po z\u00e1dech.<\/p>\n\n\n\n<p class=\"wp-block-paragraph\">\u2014 Co jsi vid\u011bl?<\/p>\n\n\n\n<p class=\"wp-block-paragraph\">\u2014 Kdy\u017e jsme s t\u00e1tou ode\u0161li koupit d\u017eus, vr\u00e1til jsem se d\u0159\u00edv.<\/p>\n\n\n\n<p class=\"wp-block-paragraph\">Odml\u010del se.<\/p>\n\n\n\n<p class=\"wp-block-paragraph\">\u2014 V tv\u00e9m pokoji byla sest\u0159i\u010dka.<\/p>\n\n\n\n<p class=\"wp-block-paragraph\">\u2014 A co d\u011blala?<\/p>\n\n\n\n<p class=\"wp-block-paragraph\">\u2014 M\u011bla jin\u00e9 miminko.<\/p>\n\n\n\n<p class=\"wp-block-paragraph\">Zatajil se mi dech.<\/p>\n\n\n\n<p class=\"wp-block-paragraph\">\u2014 Jsi si jist\u00fd?<\/p>\n\n\n\n<p class=\"wp-block-paragraph\">Max p\u0159ik\u00fdvl.<\/p>\n\n\n\n<p class=\"wp-block-paragraph\">\u2014 Polo\u017eila ho bl\u00edzko tv\u00e9 postele.<\/p>\n\n\n\n<p class=\"wp-block-paragraph\">Pak za\u0161eptal:<\/p>\n\n\n\n<p class=\"wp-block-paragraph\">\u2014 Kdy\u017e se t\u00e1ta vr\u00e1til, miminko, kter\u00e9 jsem dr\u017eel, u\u017e tam nebylo.<\/p>\n\n\n\n<p class=\"wp-block-paragraph\">Vysko\u010dila jsem a rozb\u011bhla se k post\u00fdlce.<\/p>\n\n\n\n<p class=\"wp-block-paragraph\">Velmi opatrn\u011b jsem oto\u010dila hlavi\u010dku novorozence.<\/p>\n\n\n\n<p class=\"wp-block-paragraph\">Pod\u00edvala jsem se za prav\u00e9 ou\u0161ko.<\/p>\n\n\n\n<p class=\"wp-block-paragraph\">Nic.<\/p>\n\n\n\n<p class=\"wp-block-paragraph\">\u017d\u00e1dn\u00e1 skvrnka.<\/p>\n\n\n\n<p class=\"wp-block-paragraph\">\u017d\u00e1dn\u00e9 znam\u00e9nko.<\/p>\n\n\n\n<p class=\"wp-block-paragraph\">Ani ten mal\u00fd p\u016flm\u011bs\u00edc, kter\u00fd jsme v\u0161ichni vid\u011bli.<\/p>\n\n\n\n<p class=\"wp-block-paragraph\">Daniel ve\u0161el dovnit\u0159 a na\u0161el m\u011b, jak miminko prohl\u00ed\u017e\u00edm.<\/p>\n\n\n\n<p class=\"wp-block-paragraph\">\u2014 Co se d\u011bje?<\/p>\n\n\n\n<p class=\"wp-block-paragraph\">\u2014 To znam\u00e9nko, Danieli.<\/p>\n\n\n\n<p class=\"wp-block-paragraph\">\u2014 Jak\u00e9 znam\u00e9nko?<\/p>\n\n\n\n<p class=\"wp-block-paragraph\">Pod\u00edvala jsem se na n\u011bj vyd\u011b\u0161en\u011b.<\/p>\n\n\n\n<p class=\"wp-block-paragraph\">\u2014 Ten polibek m\u011bs\u00edce.<\/p>\n\n\n\n<p class=\"wp-block-paragraph\">V tu chv\u00edli zbledl i on.<\/p>\n\n\n\n<p class=\"wp-block-paragraph\">Max se objevil za n\u00e1mi.<\/p>\n\n\n\n<p class=\"wp-block-paragraph\">\u2014 Moje sestra ho m\u011bla.<\/p>\n\n\n\n<p class=\"wp-block-paragraph\">Vzala jsem telefon.<\/p>\n\n\n\n<p class=\"wp-block-paragraph\">Cht\u011bla jsem okam\u017eit\u011b zavolat do nemocnice.<\/p>\n\n\n\n<p class=\"wp-block-paragraph\">Ale ne\u017e jsem sta\u010dila vyto\u010dit \u010d\u00edslo, Daniel\u016fv telefon zavibroval na komod\u011b.<\/p>\n\n\n\n<p class=\"wp-block-paragraph\">P\u0159i\u0161la mu zpr\u00e1va z nezn\u00e1m\u00e9ho \u010d\u00edsla.<\/p>\n\n\n\n<p class=\"wp-block-paragraph\">Daniel ji otev\u0159el.<\/p>\n\n\n\n<p class=\"wp-block-paragraph\">Z\u016fstal nehybn\u011b st\u00e1t.<\/p>\n\n\n\n<p class=\"wp-block-paragraph\">\u2014 Co tam p\u00ed\u0161ou?<\/p>\n\n\n\n<p class=\"wp-block-paragraph\">Neodpov\u011bd\u011bl.<\/p>\n\n\n\n<p class=\"wp-block-paragraph\">P\u0159istoupila jsem k n\u011bmu a pod\u00edvala se na displej.<\/p>\n\n\n\n<p class=\"wp-block-paragraph\">Byla tam jedin\u00e1 v\u011bta:<\/p>\n\n\n\n<p class=\"wp-block-paragraph\"><strong>\u201eJestli jste zjistili, \u017ee za uchem chyb\u00ed znam\u00e9nko, nevolejte do nemocnice.\u201c<\/strong><\/p>\n\n\n\n<p class=\"wp-block-paragraph\">Pod zpr\u00e1vou byla fotografie.<\/p>\n\n\n\n<p class=\"wp-block-paragraph\">Bylo na n\u00ed miminko zabalen\u00e9 v b\u00edl\u00e9 dece.<\/p>\n\n\n\n<p class=\"wp-block-paragraph\">A za jeho prav\u00fdm ou\u0161kem\u2026<\/p>\n\n\n\n<p class=\"wp-block-paragraph\">byl jasn\u011b vid\u011bt mal\u00fd \u010derven\u00fd p\u016flm\u011bs\u00edc.<\/p>\n\n\n\n<p class=\"wp-block-paragraph\">Pokud jste do\u010detli a\u017e sem, napi\u0161te jedin\u00e9 slovo:&nbsp;<strong>\u201eM\u011aS\u00cdC\u201c<\/strong>&nbsp;<img decoding=\"async\" alt=\"\ud83c\udf19\" src=\"https:\/\/s.w.org\/images\/core\/emoji\/17.0.2\/svg\/1f319.svg\"><\/p>\n\n\n\n<hr class=\"wp-block-separator has-alpha-channel-opacity\"\/>\n\n\n\n<p class=\"wp-block-paragraph\">Nev\u011bd\u011bla jsem, kdo tu fotografii poslal.<\/p>\n\n\n\n<p class=\"wp-block-paragraph\">Ale bylo na n\u00ed n\u011bco je\u0161t\u011b hor\u0161\u00edho.<\/p>\n\n\n\n<p class=\"wp-block-paragraph\">Fotografie nevypadala jako star\u00e1.<\/p>\n\n\n\n<p class=\"wp-block-paragraph\">V doln\u00edm rohu bylo datum:&nbsp;<strong>p\u0159ed t\u0159emi dny<\/strong>.<\/p>\n\n\n\n<p class=\"wp-block-paragraph\">V den, kdy se narodila moje dcera.<\/p>\n\n\n\n<p class=\"wp-block-paragraph\">\u2014 Danieli\u2026 \u2014 za\u0161eptala jsem. \u2014 Kdo m\u00e1 to miminko?<\/p>\n\n\n\n<p class=\"wp-block-paragraph\">Vzal mi telefon z ruky.<\/p>\n\n\n\n<p class=\"wp-block-paragraph\">P\u0159ibl\u00ed\u017eil fotografii.<\/p>\n\n\n\n<p class=\"wp-block-paragraph\">Pak uk\u00e1zal do pozad\u00ed.<\/p>\n\n\n\n<p class=\"wp-block-paragraph\">\u2014 Po\u010dkej.<\/p>\n\n\n\n<p class=\"wp-block-paragraph\">Za post\u00fdlkou byla mal\u00e1 kovov\u00e1 cedulka.<\/p>\n\n\n\n<p class=\"wp-block-paragraph\">Daniel \u00fapln\u011b ztuhl.<\/p>\n\n\n\n<p class=\"wp-block-paragraph\">\u2014 To nen\u00ed na\u0161e nemocnice.<\/p>\n\n\n\n<p class=\"wp-block-paragraph\">\u2014 Tak kde to je?<\/p>\n\n\n\n<p class=\"wp-block-paragraph\">Neodpov\u011bd\u011bl.<\/p>\n\n\n\n<p class=\"wp-block-paragraph\">Znovu se pod\u00edval na znam\u00e9nko za ou\u0161kem miminka.<\/p>\n\n\n\n<p class=\"wp-block-paragraph\">Stejn\u00fd p\u016flm\u011bs\u00edc.<\/p>\n\n\n\n<p class=\"wp-block-paragraph\">P\u0159esn\u011b na stejn\u00e9m m\u00edst\u011b.<\/p>\n\n\n\n<p class=\"wp-block-paragraph\">Najednou se Max rozplakal.<\/p>\n\n\n\n<p class=\"wp-block-paragraph\">\u2014 Mami, mus\u00edme ji naj\u00edt.<\/p>\n\n\n\n<p class=\"wp-block-paragraph\">Klekla jsem si p\u0159ed n\u011bj.<\/p>\n\n\n\n<p class=\"wp-block-paragraph\">\u2014 Koho?<\/p>\n\n\n\n<p class=\"wp-block-paragraph\">\u2014 Moji sest\u0159i\u010dku.<\/p>\n\n\n\n<p class=\"wp-block-paragraph\">Ta slova mi zlomila srdce.<\/p>\n\n\n\n<p class=\"wp-block-paragraph\">Vzala jsem telefon a zavolala na nezn\u00e1m\u00e9 \u010d\u00edslo.<\/p>\n\n\n\n<p class=\"wp-block-paragraph\">Po t\u0159ech zazvon\u011bn\u00edch se ozvala \u017eena.<\/p>\n\n\n\n<p class=\"wp-block-paragraph\">\u2014 Pro\u010d jste n\u00e1m poslali tu fotografii?<\/p>\n\n\n\n<p class=\"wp-block-paragraph\">N\u011bkolik vte\u0159in bylo ticho.<\/p>\n\n\n\n<p class=\"wp-block-paragraph\">Pak jsem usly\u0161ela rozechv\u011bl\u00fd hlas.<\/p>\n\n\n\n<p class=\"wp-block-paragraph\">\u2014 Proto\u017ee nejste jedin\u00ed rodi\u010de, kter\u00fdm se to stalo.<\/p>\n\n\n\n<p class=\"wp-block-paragraph\">P\u0159eb\u011bhl mi mr\u00e1z po cel\u00e9m t\u011ble.<\/p>\n\n\n\n<p class=\"wp-block-paragraph\">\u2014 Co t\u00edm mysl\u00edte?<\/p>\n\n\n\n<p class=\"wp-block-paragraph\">\u2014 V porodnici pracuje jedna zdravotn\u00ed sestra. U\u017e n\u011bkolik m\u011bs\u00edc\u016f vym\u011b\u0148uje miminka.<\/p>\n\n\n\n<p class=\"wp-block-paragraph\">Daniel prudce vstal.<\/p>\n\n\n\n<p class=\"wp-block-paragraph\">\u2014 Pro\u010d?<\/p>\n\n\n\n<p class=\"wp-block-paragraph\">\u2014 Nev\u00edm. Ale zjistili jsme, \u017ee n\u011bkter\u00e1 miminka na n\u011bkolik hodin zmizela ze z\u00e1znam\u016f, ne\u017e byla p\u0159ed\u00e1na sv\u00fdm rodin\u00e1m.<\/p>\n\n\n\n<p class=\"wp-block-paragraph\">Pod\u00edvala jsem se na na\u0161i dceru.<\/p>\n\n\n\n<p class=\"wp-block-paragraph\">\u2014 A na\u0161e?<\/p>\n\n\n\n<p class=\"wp-block-paragraph\">\u017dena se zhluboka nadechla.<\/p>\n\n\n\n<p class=\"wp-block-paragraph\">\u2014 Miminko, kter\u00e9 m\u00e1te u sebe, nen\u00ed va\u0161e.<\/p>\n\n\n\n<p class=\"wp-block-paragraph\">M\u011bla jsem pocit, \u017ee se zastavil cel\u00fd sv\u011bt.<\/p>\n\n\n\n<p class=\"wp-block-paragraph\">Daniel se musel op\u0159\u00edt o ze\u010f.<\/p>\n\n\n\n<p class=\"wp-block-paragraph\">\u2014 Kde je na\u0161e dcera?<\/p>\n\n\n\n<p class=\"wp-block-paragraph\">\u2014 Sna\u017e\u00edme se to zjistit.<\/p>\n\n\n\n<p class=\"wp-block-paragraph\">Vtom jsem na druh\u00e9m konci hovoru n\u011bco zaslechla.<\/p>\n\n\n\n<p class=\"wp-block-paragraph\">Pl\u00e1\u010d miminka.<\/p>\n\n\n\n<p class=\"wp-block-paragraph\">Z\u016fstala jsem jako p\u0159imrazen\u00e1.<\/p>\n\n\n\n<p class=\"wp-block-paragraph\">\u2014 Ten pl\u00e1\u010d\u2026<\/p>\n\n\n\n<p class=\"wp-block-paragraph\">\u017dena neodpov\u011bd\u011bla.<\/p>\n\n\n\n<p class=\"wp-block-paragraph\">\u2014 Hol\u010di\u010dka z t\u00e9 fotografie je tady.<\/p>\n\n\n\n<p class=\"wp-block-paragraph\">Srdce se mi rozbu\u0161ilo.<\/p>\n\n\n\n<p class=\"wp-block-paragraph\">\u2014 \u0158ekn\u011bte mi, kde je!<\/p>\n\n\n\n<p class=\"wp-block-paragraph\">\u2014 Po telefonu v\u00e1m to nemohu \u0159\u00edct. Pokud sestra zjist\u00ed, \u017ee jsme spolu mluvili, mohla by zmizet.<\/p>\n\n\n\n<p class=\"wp-block-paragraph\">Hovor skon\u010dil.<\/p>\n\n\n\n<p class=\"wp-block-paragraph\">Dal\u0161\u00edch dvacet minut nikdo z n\u00e1s nepromluvil.<\/p>\n\n\n\n<p class=\"wp-block-paragraph\">A\u017e Max uk\u00e1zal na obrazovku.<\/p>\n\n\n\n<p class=\"wp-block-paragraph\">\u2014 Mami\u2026<\/p>\n\n\n\n<p class=\"wp-block-paragraph\">Fotografie se zm\u011bnila.<\/p>\n\n\n\n<p class=\"wp-block-paragraph\">Te\u010f tam byl jin\u00fd obr\u00e1zek.<\/p>\n\n\n\n<p class=\"wp-block-paragraph\">Tentokr\u00e1t na n\u011bm byla \u017eena v uniform\u011b zdravotn\u00ed sestry.<\/p>\n\n\n\n<p class=\"wp-block-paragraph\">A za n\u00ed byly dve\u0159e na\u0161eho nemocni\u010dn\u00edho pokoje.<\/p>\n\n\n\n<p class=\"wp-block-paragraph\">Daniel jej\u00ed tv\u00e1\u0159 okam\u017eit\u011b poznal.<\/p>\n\n\n\n<p class=\"wp-block-paragraph\">\u2014 Vid\u011bl jsem ji t\u00e9 noci.<\/p>\n\n\n\n<p class=\"wp-block-paragraph\">\u2014 Kdo to je?<\/p>\n\n\n\n<p class=\"wp-block-paragraph\">\u2014 Sestra, kter\u00e1 byla v tv\u00e9m pokoji, kdy\u017e jsem \u0161el s Maxem koupit d\u017eus.<\/p>\n\n\n\n<p class=\"wp-block-paragraph\">Podlomila se mi kolena.<\/p>\n\n\n\n<p class=\"wp-block-paragraph\">Ale pak Max \u0159ekl n\u011bco, co n\u00e1s oba p\u0159ipravilo o slova.<\/p>\n\n\n\n<p class=\"wp-block-paragraph\">\u2014 To ona nenesla moji sest\u0159i\u010dku.<\/p>\n\n\n\n<p class=\"wp-block-paragraph\">Pod\u00edvala jsem se na n\u011bj.<\/p>\n\n\n\n<p class=\"wp-block-paragraph\">\u2014 Co\u017ee?<\/p>\n\n\n\n<p class=\"wp-block-paragraph\">Max uk\u00e1zal na fotografii.<\/p>\n\n\n\n<p class=\"wp-block-paragraph\">\u2014 \u017dena na t\u00e9 fotce nesla \u0161patn\u00e9 miminko.<\/p>\n\n\n\n<p class=\"wp-block-paragraph\">\u2014 Jak to v\u00ed\u0161?<\/p>\n\n\n\n<p class=\"wp-block-paragraph\">Ot\u0159el si slzy.<\/p>\n\n\n\n<p class=\"wp-block-paragraph\">\u2014 Proto\u017ee j\u00e1 jsem vid\u011bl svou sest\u0159i\u010dku.<\/p>\n\n\n\n<p class=\"wp-block-paragraph\">\u2014 Kde?<\/p>\n\n\n\n<p class=\"wp-block-paragraph\">Max zav\u0159el o\u010di a sna\u017eil se vzpomenout.<\/p>\n\n\n\n<p class=\"wp-block-paragraph\">\u2014 V jin\u00e9m pokoji.<\/p>\n\n\n\n<p class=\"wp-block-paragraph\">Pevn\u011b m\u011b chytil za ruku.<\/p>\n\n\n\n<p class=\"wp-block-paragraph\">\u2014 M\u011bla \u017elutou deku.<\/p>\n\n\n\n<p class=\"wp-block-paragraph\">S Danielem jsme se na sebe pod\u00edvali.<\/p>\n\n\n\n<p class=\"wp-block-paragraph\">Na\u0161e dcera byla bezprost\u0159edn\u011b po porodu zabalen\u00e1 do \u017elut\u00e9 deky.<\/p>\n\n\n\n<p class=\"wp-block-paragraph\">Ale z nemocnice n\u00e1m p\u0159edali miminko zabalen\u00e9 v b\u00edl\u00e9 dece.<\/p>\n\n\n\n<p class=\"wp-block-paragraph\">V tu chv\u00edli jsme pochopili, \u017ee Max se n\u00e1m od za\u010d\u00e1tku sna\u017eil \u0159\u00edct pravdu.<\/p>\n\n\n\n<p class=\"wp-block-paragraph\">Ne\u017e\u00e1rlil.<\/p>\n\n\n\n<p class=\"wp-block-paragraph\">Poznal svou sestru.<\/p>\n\n\n\n<p class=\"wp-block-paragraph\">Vy\u0161et\u0159ov\u00e1n\u00ed za\u010dalo je\u0161t\u011b tu noc.<\/p>\n\n\n\n<p class=\"wp-block-paragraph\">Policie zjistila, \u017ee b\u011bhem posledn\u00edch n\u011bkolika t\u00fddn\u016f byla t\u0159i miminka neleg\u00e1ln\u011b p\u0159emis\u0165ov\u00e1na z jednoho odd\u011blen\u00ed na druh\u00e9.<\/p>\n\n\n\n<p class=\"wp-block-paragraph\">A nakonec na\u0161li m\u00edstnost, kter\u00e1 byla na fotografii.<\/p>\n\n\n\n<p class=\"wp-block-paragraph\">Byla tam.<\/p>\n\n\n\n<p class=\"wp-block-paragraph\">Na\u0161e skute\u010dn\u00e1 dcera.<\/p>\n\n\n\n<p class=\"wp-block-paragraph\">Spala.<\/p>\n\n\n\n<p class=\"wp-block-paragraph\">Byla zabalen\u00e1 do \u017elut\u00e9 deky.<\/p>\n\n\n\n<p class=\"wp-block-paragraph\">A za jej\u00edm prav\u00fdm ou\u0161kem\u2026<\/p>\n\n\n\n<p class=\"wp-block-paragraph\">byl mal\u00fd \u010derven\u00fd p\u016flm\u011bs\u00edc.<\/p>\n\n\n\n<p class=\"wp-block-paragraph\">Kdy\u017e ji Max uvid\u011bl, rozb\u011bhl se k n\u00ed.<\/p>\n\n\n\n<p class=\"wp-block-paragraph\">N\u011bkolik vte\u0159in se na svou sest\u0159i\u010dku jen d\u00edval.<\/p>\n\n\n\n<p class=\"wp-block-paragraph\">Pak se se slzami v o\u010d\u00edch usm\u00e1l.<\/p>\n\n\n\n<p class=\"wp-block-paragraph\">\u2014 J\u00e1 ti \u0159\u00edkal, \u017ee jsi moje sest\u0159i\u010dka.<\/p>\n\n\n\n<p class=\"wp-block-paragraph\">Hol\u010di\u010dka otev\u0159ela o\u010di.<\/p>\n\n\n\n<p class=\"wp-block-paragraph\">A poprv\u00e9 od chv\u00edle, kdy jsme se vr\u00e1tili z nemocnice, ji Max vzal do n\u00e1ru\u010de.<\/p>\n\n\n\n<p class=\"wp-block-paragraph\">Zdravotn\u00ed sestra byla zat\u010dena je\u0161t\u011b t\u00e9 noci.<\/p>\n\n\n\n<p class=\"wp-block-paragraph\">Nikdy jsme se nedozv\u011bd\u011bli, kolika rodin se to t\u00fdkalo ani jak\u00fd byl jej\u00ed skute\u010dn\u00fd motiv.<\/p>\n\n\n\n<p class=\"wp-block-paragraph\">Ne\u017e jsme ale opustili nemocnici, l\u00e9ka\u0159 n\u00e1m p\u0159edal v\u00fdsledky testu DNA.<\/p>\n\n\n\n<p class=\"wp-block-paragraph\">Nebyl \u017e\u00e1dn\u00fd d\u016fvod pochybovat.<\/p>\n\n\n\n<p class=\"wp-block-paragraph\">Hol\u010di\u010dka, kterou jsme m\u011bli doma, nebyla na\u0161e dcera.<\/p>\n\n\n\n<p class=\"wp-block-paragraph\">A miminko, kter\u00e9 Max od za\u010d\u00e1tku poznal, skute\u010dn\u011b bylo na\u0161e.<\/p>\n\n\n\n<p class=\"wp-block-paragraph\">O n\u011bkolik t\u00fddn\u016f pozd\u011bji se i ostatn\u00edm rodin\u00e1m poda\u0159ilo z\u00edskat sv\u00e9 d\u011bti zp\u011bt.<\/p>\n\n\n\n<p class=\"wp-block-paragraph\">A my jsme se sna\u017eili znovu poskl\u00e1dat sv\u00e9 \u017eivoty.<\/p>\n\n\n\n<p class=\"wp-block-paragraph\">Jednoho ve\u010dera, kdy\u017e jsem ukl\u00e1dala dceru ke sp\u00e1nku, p\u0159i\u0161el k n\u00ed Max a znovu se jemn\u011b dotkl mal\u00e9ho znam\u00e9nka za jej\u00edm ou\u0161kem.<\/p>\n\n\n\n<p class=\"wp-block-paragraph\">\u2014 Mami\u2026<\/p>\n\n\n\n<p class=\"wp-block-paragraph\">\u2014 Ano?<\/p>\n\n\n\n<p class=\"wp-block-paragraph\">\u2014 M\u011bs\u00edc ji opravdu pol\u00edbil.<\/p>\n\n\n\n<p class=\"wp-block-paragraph\">Objala jsem ho.<\/p>\n\n\n\n<p class=\"wp-block-paragraph\">A tehdy jsem pochopila n\u011bco, na co nikdy nezapomenu:<\/p>\n\n\n\n<p class=\"wp-block-paragraph\">N\u011bkdy dosp\u011bl\u00ed ignoruj\u00ed slova d\u011bt\u00ed, proto\u017ee si mysl\u00ed, \u017ee jsou je\u0161t\u011b p\u0159\u00edli\u0161 mal\u00e9 a nech\u00e1pou, co se kolem nich d\u011bje.<\/p>\n\n\n\n<p class=\"wp-block-paragraph\">Ale t\u00e9 noci m\u016fj p\u011btilet\u00fd syn vid\u011bl pravdu mnohem d\u0159\u00edve ne\u017e my v\u0161ichni.<\/p>\n\n\n\n<p class=\"wp-block-paragraph\"><strong>A kdybychom Maxe neposlechli, mo\u017en\u00e1 bychom na\u0161i skute\u010dnou dceru nikdy nena\u0161li.<\/strong><\/p>\n\n\n\n<p class=\"wp-block-paragraph\"><\/p>\n","protected":false},"excerpt":{"rendered":"V noci, kdy jsme se vr\u00e1tili z nemocnice, jsem si myslela, \u017ee kone\u010dn\u011b za\u010dneme n\u00e1\u0161 nov\u00fd \u017eivot jako \u010dty\u0159\u010dlenn\u00e1 rodina.Na\u0161e dcera se narodila \n<a class=\"moretag\" href=\"https:\/\/vendeto.am\/?p=33284\"> [...]<\/a>","protected":false},"author":1,"featured_media":33285,"comment_status":"open","ping_status":"open","sticky":false,"template":"","format":"standard","meta":{"footnotes":""},"categories":[2],"tags":[],"class_list":["post-33284","post","type-post","status-publish","format-standard","has-post-thumbnail","hentry","category-sport"],"yoast_head":"<!-- This site is optimized with the Yoast SEO plugin v28.4 - https:\/\/yoast.com\/product\/yoast-seo-wordpress\/ -->\n<title>M\u016eJ P\u011aTILET\u00dd SYN SE POD\u00cdVAL NA NOVOROZEN\u011a A ZA\u0160EPTAL: \u201eMAMI\u2026 TO NEN\u00cd MOJE SESTRA\u201c -<\/title>\n<meta name=\"robots\" content=\"index, follow, max-snippet:-1, max-image-preview:large, max-video-preview:-1\" \/>\n<link rel=\"canonical\" href=\"https:\/\/vendeto.am\/?p=33284\" \/>\n<meta property=\"og:locale\" content=\"ru_RU\" \/>\n<meta property=\"og:type\" content=\"article\" \/>\n<meta property=\"og:title\" content=\"M\u016eJ P\u011aTILET\u00dd SYN SE POD\u00cdVAL NA NOVOROZEN\u011a A ZA\u0160EPTAL: \u201eMAMI\u2026 TO NEN\u00cd MOJE SESTRA\u201c -\" \/>\n<meta property=\"og:description\" content=\"V noci, kdy jsme se vr\u00e1tili z nemocnice, jsem si myslela, \u017ee kone\u010dn\u011b za\u010dneme n\u00e1\u0161 nov\u00fd \u017eivot jako \u010dty\u0159\u010dlenn\u00e1 rodina.Na\u0161e dcera se narodila\" \/>\n<meta property=\"og:url\" content=\"https:\/\/vendeto.am\/?p=33284\" \/>\n<meta property=\"article:published_time\" content=\"2026-09-06T17:52:36+00:00\" \/>\n<meta property=\"article:modified_time\" content=\"2026-09-06T17:52:39+00:00\" \/>\n<meta property=\"og:image\" content=\"https:\/\/vendeto.am\/wp-content\/uploads\/2026\/09\/warm_cozy_living_room.jpg\" \/>\n\t<meta property=\"og:image:width\" content=\"1408\" \/>\n\t<meta property=\"og:image:height\" content=\"1760\" \/>\n\t<meta property=\"og:image:type\" content=\"image\/jpeg\" \/>\n<meta name=\"author\" content=\"admin\" \/>\n<meta name=\"twitter:card\" content=\"summary_large_image\" \/>\n<meta name=\"twitter:label1\" content=\"\u041d\u0430\u043f\u0438\u0441\u0430\u043d\u043e \u0430\u0432\u0442\u043e\u0440\u043e\u043c\" \/>\n\t<meta name=\"twitter:data1\" content=\"admin\" \/>\n\t<meta name=\"twitter:label2\" content=\"\u041f\u0440\u0438\u043c\u0435\u0440\u043d\u043e\u0435 \u0432\u0440\u0435\u043c\u044f \u0434\u043b\u044f \u0447\u0442\u0435\u043d\u0438\u044f\" \/>\n\t<meta name=\"twitter:data2\" content=\"8 \u043c\u0438\u043d\u0443\u0442\" \/>\n<script type=\"application\/ld+json\" class=\"yoast-schema-graph\">{\"@context\":\"https:\\\/\\\/schema.org\",\"@graph\":[{\"@type\":\"Article\",\"@id\":\"https:\\\/\\\/vendeto.am\\\/?p=33284#article\",\"isPartOf\":{\"@id\":\"https:\\\/\\\/vendeto.am\\\/?p=33284\"},\"author\":{\"name\":\"admin\",\"@id\":\"https:\\\/\\\/vendeto.am\\\/#\\\/schema\\\/person\\\/48a4bd89d2048190ecc61e5ce821bef7\"},\"headline\":\"M\u016eJ P\u011aTILET\u00dd SYN SE POD\u00cdVAL NA NOVOROZEN\u011a A ZA\u0160EPTAL: \u201eMAMI\u2026 TO NEN\u00cd MOJE SESTRA\u201c\",\"datePublished\":\"2026-09-06T17:52:36+00:00\",\"dateModified\":\"2026-09-06T17:52:39+00:00\",\"mainEntityOfPage\":{\"@id\":\"https:\\\/\\\/vendeto.am\\\/?p=33284\"},\"wordCount\":1741,\"commentCount\":0,\"image\":{\"@id\":\"https:\\\/\\\/vendeto.am\\\/?p=33284#primaryimage\"},\"thumbnailUrl\":\"https:\\\/\\\/vendeto.am\\\/wp-content\\\/uploads\\\/2026\\\/09\\\/warm_cozy_living_room.jpg\",\"articleSection\":[\"SPORT\"],\"inLanguage\":\"ru-RU\",\"potentialAction\":[{\"@type\":\"CommentAction\",\"name\":\"Comment\",\"target\":[\"https:\\\/\\\/vendeto.am\\\/?p=33284#respond\"]}]},{\"@type\":\"WebPage\",\"@id\":\"https:\\\/\\\/vendeto.am\\\/?p=33284\",\"url\":\"https:\\\/\\\/vendeto.am\\\/?p=33284\",\"name\":\"M\u016eJ P\u011aTILET\u00dd SYN SE POD\u00cdVAL NA NOVOROZEN\u011a A ZA\u0160EPTAL: \u201eMAMI\u2026 TO NEN\u00cd MOJE SESTRA\u201c -\",\"isPartOf\":{\"@id\":\"https:\\\/\\\/vendeto.am\\\/#website\"},\"primaryImageOfPage\":{\"@id\":\"https:\\\/\\\/vendeto.am\\\/?p=33284#primaryimage\"},\"image\":{\"@id\":\"https:\\\/\\\/vendeto.am\\\/?p=33284#primaryimage\"},\"thumbnailUrl\":\"https:\\\/\\\/vendeto.am\\\/wp-content\\\/uploads\\\/2026\\\/09\\\/warm_cozy_living_room.jpg\",\"datePublished\":\"2026-09-06T17:52:36+00:00\",\"dateModified\":\"2026-09-06T17:52:39+00:00\",\"author\":{\"@id\":\"https:\\\/\\\/vendeto.am\\\/#\\\/schema\\\/person\\\/48a4bd89d2048190ecc61e5ce821bef7\"},\"breadcrumb\":{\"@id\":\"https:\\\/\\\/vendeto.am\\\/?p=33284#breadcrumb\"},\"inLanguage\":\"ru-RU\",\"potentialAction\":[{\"@type\":\"ReadAction\",\"target\":[\"https:\\\/\\\/vendeto.am\\\/?p=33284\"]}]},{\"@type\":\"ImageObject\",\"inLanguage\":\"ru-RU\",\"@id\":\"https:\\\/\\\/vendeto.am\\\/?p=33284#primaryimage\",\"url\":\"https:\\\/\\\/vendeto.am\\\/wp-content\\\/uploads\\\/2026\\\/09\\\/warm_cozy_living_room.jpg\",\"contentUrl\":\"https:\\\/\\\/vendeto.am\\\/wp-content\\\/uploads\\\/2026\\\/09\\\/warm_cozy_living_room.jpg\",\"width\":1408,\"height\":1760},{\"@type\":\"BreadcrumbList\",\"@id\":\"https:\\\/\\\/vendeto.am\\\/?p=33284#breadcrumb\",\"itemListElement\":[{\"@type\":\"ListItem\",\"position\":1,\"name\":\"\u0413\u043b\u0430\u0432\u043d\u0430\u044f \u0441\u0442\u0440\u0430\u043d\u0438\u0446\u0430\",\"item\":\"https:\\\/\\\/vendeto.am\\\/\"},{\"@type\":\"ListItem\",\"position\":2,\"name\":\"M\u016eJ P\u011aTILET\u00dd SYN SE POD\u00cdVAL NA NOVOROZEN\u011a A ZA\u0160EPTAL: \u201eMAMI\u2026 TO NEN\u00cd MOJE SESTRA\u201c\"}]},{\"@type\":\"WebSite\",\"@id\":\"https:\\\/\\\/vendeto.am\\\/#website\",\"url\":\"https:\\\/\\\/vendeto.am\\\/\",\"name\":\"\",\"description\":\"\",\"potentialAction\":[{\"@type\":\"SearchAction\",\"target\":{\"@type\":\"EntryPoint\",\"urlTemplate\":\"https:\\\/\\\/vendeto.am\\\/?s={search_term_string}\"},\"query-input\":{\"@type\":\"PropertyValueSpecification\",\"valueRequired\":true,\"valueName\":\"search_term_string\"}}],\"inLanguage\":\"ru-RU\"},{\"@type\":\"Person\",\"@id\":\"https:\\\/\\\/vendeto.am\\\/#\\\/schema\\\/person\\\/48a4bd89d2048190ecc61e5ce821bef7\",\"name\":\"admin\",\"image\":{\"@type\":\"ImageObject\",\"inLanguage\":\"ru-RU\",\"@id\":\"https:\\\/\\\/secure.gravatar.com\\\/avatar\\\/df64e550a0653b7be0f1bcf897f33faad9c2c8153472b2d9319beafb51370f6f?s=96&d=mm&r=g\",\"url\":\"https:\\\/\\\/secure.gravatar.com\\\/avatar\\\/df64e550a0653b7be0f1bcf897f33faad9c2c8153472b2d9319beafb51370f6f?s=96&d=mm&r=g\",\"contentUrl\":\"https:\\\/\\\/secure.gravatar.com\\\/avatar\\\/df64e550a0653b7be0f1bcf897f33faad9c2c8153472b2d9319beafb51370f6f?s=96&d=mm&r=g\",\"caption\":\"admin\"},\"sameAs\":[\"http:\\\/\\\/vendeto.am\"]}]}<\/script>\n<!-- \/ Yoast SEO plugin. -->","yoast_head_json":{"title":"M\u016eJ P\u011aTILET\u00dd SYN SE POD\u00cdVAL NA NOVOROZEN\u011a A ZA\u0160EPTAL: \u201eMAMI\u2026 TO NEN\u00cd MOJE SESTRA\u201c -","robots":{"index":"index","follow":"follow","max-snippet":"max-snippet:-1","max-image-preview":"max-image-preview:large","max-video-preview":"max-video-preview:-1"},"canonical":"https:\/\/vendeto.am\/?p=33284","og_locale":"ru_RU","og_type":"article","og_title":"M\u016eJ P\u011aTILET\u00dd SYN SE POD\u00cdVAL NA NOVOROZEN\u011a A ZA\u0160EPTAL: \u201eMAMI\u2026 TO NEN\u00cd MOJE SESTRA\u201c -","og_description":"V noci, kdy jsme se vr\u00e1tili z nemocnice, jsem si myslela, \u017ee kone\u010dn\u011b za\u010dneme n\u00e1\u0161 nov\u00fd \u017eivot jako \u010dty\u0159\u010dlenn\u00e1 rodina.Na\u0161e dcera se narodila","og_url":"https:\/\/vendeto.am\/?p=33284","article_published_time":"2026-09-06T17:52:36+00:00","article_modified_time":"2026-09-06T17:52:39+00:00","og_image":[{"width":1408,"height":1760,"url":"https:\/\/vendeto.am\/wp-content\/uploads\/2026\/09\/warm_cozy_living_room.jpg","type":"image\/jpeg"}],"author":"admin","twitter_card":"summary_large_image","twitter_misc":{"\u041d\u0430\u043f\u0438\u0441\u0430\u043d\u043e \u0430\u0432\u0442\u043e\u0440\u043e\u043c":"admin","\u041f\u0440\u0438\u043c\u0435\u0440\u043d\u043e\u0435 \u0432\u0440\u0435\u043c\u044f \u0434\u043b\u044f \u0447\u0442\u0435\u043d\u0438\u044f":"8 \u043c\u0438\u043d\u0443\u0442"},"schema":{"@context":"https:\/\/schema.org","@graph":[{"@type":"Article","@id":"https:\/\/vendeto.am\/?p=33284#article","isPartOf":{"@id":"https:\/\/vendeto.am\/?p=33284"},"author":{"name":"admin","@id":"https:\/\/vendeto.am\/#\/schema\/person\/48a4bd89d2048190ecc61e5ce821bef7"},"headline":"M\u016eJ P\u011aTILET\u00dd SYN SE POD\u00cdVAL NA NOVOROZEN\u011a A ZA\u0160EPTAL: \u201eMAMI\u2026 TO NEN\u00cd MOJE SESTRA\u201c","datePublished":"2026-09-06T17:52:36+00:00","dateModified":"2026-09-06T17:52:39+00:00","mainEntityOfPage":{"@id":"https:\/\/vendeto.am\/?p=33284"},"wordCount":1741,"commentCount":0,"image":{"@id":"https:\/\/vendeto.am\/?p=33284#primaryimage"},"thumbnailUrl":"https:\/\/vendeto.am\/wp-content\/uploads\/2026\/09\/warm_cozy_living_room.jpg","articleSection":["SPORT"],"inLanguage":"ru-RU","potentialAction":[{"@type":"CommentAction","name":"Comment","target":["https:\/\/vendeto.am\/?p=33284#respond"]}]},{"@type":"WebPage","@id":"https:\/\/vendeto.am\/?p=33284","url":"https:\/\/vendeto.am\/?p=33284","name":"M\u016eJ P\u011aTILET\u00dd SYN SE POD\u00cdVAL NA NOVOROZEN\u011a A ZA\u0160EPTAL: \u201eMAMI\u2026 TO NEN\u00cd MOJE SESTRA\u201c -","isPartOf":{"@id":"https:\/\/vendeto.am\/#website"},"primaryImageOfPage":{"@id":"https:\/\/vendeto.am\/?p=33284#primaryimage"},"image":{"@id":"https:\/\/vendeto.am\/?p=33284#primaryimage"},"thumbnailUrl":"https:\/\/vendeto.am\/wp-content\/uploads\/2026\/09\/warm_cozy_living_room.jpg","datePublished":"2026-09-06T17:52:36+00:00","dateModified":"2026-09-06T17:52:39+00:00","author":{"@id":"https:\/\/vendeto.am\/#\/schema\/person\/48a4bd89d2048190ecc61e5ce821bef7"},"breadcrumb":{"@id":"https:\/\/vendeto.am\/?p=33284#breadcrumb"},"inLanguage":"ru-RU","potentialAction":[{"@type":"ReadAction","target":["https:\/\/vendeto.am\/?p=33284"]}]},{"@type":"ImageObject","inLanguage":"ru-RU","@id":"https:\/\/vendeto.am\/?p=33284#primaryimage","url":"https:\/\/vendeto.am\/wp-content\/uploads\/2026\/09\/warm_cozy_living_room.jpg","contentUrl":"https:\/\/vendeto.am\/wp-content\/uploads\/2026\/09\/warm_cozy_living_room.jpg","width":1408,"height":1760},{"@type":"BreadcrumbList","@id":"https:\/\/vendeto.am\/?p=33284#breadcrumb","itemListElement":[{"@type":"ListItem","position":1,"name":"\u0413\u043b\u0430\u0432\u043d\u0430\u044f \u0441\u0442\u0440\u0430\u043d\u0438\u0446\u0430","item":"https:\/\/vendeto.am\/"},{"@type":"ListItem","position":2,"name":"M\u016eJ P\u011aTILET\u00dd SYN SE POD\u00cdVAL NA NOVOROZEN\u011a A ZA\u0160EPTAL: \u201eMAMI\u2026 TO NEN\u00cd MOJE SESTRA\u201c"}]},{"@type":"WebSite","@id":"https:\/\/vendeto.am\/#website","url":"https:\/\/vendeto.am\/","name":"","description":"","potentialAction":[{"@type":"SearchAction","target":{"@type":"EntryPoint","urlTemplate":"https:\/\/vendeto.am\/?s={search_term_string}"},"query-input":{"@type":"PropertyValueSpecification","valueRequired":true,"valueName":"search_term_string"}}],"inLanguage":"ru-RU"},{"@type":"Person","@id":"https:\/\/vendeto.am\/#\/schema\/person\/48a4bd89d2048190ecc61e5ce821bef7","name":"admin","image":{"@type":"ImageObject","inLanguage":"ru-RU","@id":"https:\/\/secure.gravatar.com\/avatar\/df64e550a0653b7be0f1bcf897f33faad9c2c8153472b2d9319beafb51370f6f?s=96&d=mm&r=g","url":"https:\/\/secure.gravatar.com\/avatar\/df64e550a0653b7be0f1bcf897f33faad9c2c8153472b2d9319beafb51370f6f?s=96&d=mm&r=g","contentUrl":"https:\/\/secure.gravatar.com\/avatar\/df64e550a0653b7be0f1bcf897f33faad9c2c8153472b2d9319beafb51370f6f?s=96&d=mm&r=g","caption":"admin"},"sameAs":["http:\/\/vendeto.am"]}]}},"_links":{"self":[{"href":"https:\/\/vendeto.am\/index.php?rest_route=\/wp\/v2\/posts\/33284","targetHints":{"allow":["GET"]}}],"collection":[{"href":"https:\/\/vendeto.am\/index.php?rest_route=\/wp\/v2\/posts"}],"about":[{"href":"https:\/\/vendeto.am\/index.php?rest_route=\/wp\/v2\/types\/post"}],"author":[{"embeddable":true,"href":"https:\/\/vendeto.am\/index.php?rest_route=\/wp\/v2\/users\/1"}],"replies":[{"embeddable":true,"href":"https:\/\/vendeto.am\/index.php?rest_route=%2Fwp%2Fv2%2Fcomments&post=33284"}],"version-history":[{"count":1,"href":"https:\/\/vendeto.am\/index.php?rest_route=\/wp\/v2\/posts\/33284\/revisions"}],"predecessor-version":[{"id":33286,"href":"https:\/\/vendeto.am\/index.php?rest_route=\/wp\/v2\/posts\/33284\/revisions\/33286"}],"wp:featuredmedia":[{"embeddable":true,"href":"https:\/\/vendeto.am\/index.php?rest_route=\/wp\/v2\/media\/33285"}],"wp:attachment":[{"href":"https:\/\/vendeto.am\/index.php?rest_route=%2Fwp%2Fv2%2Fmedia&parent=33284"}],"wp:term":[{"taxonomy":"category","embeddable":true,"href":"https:\/\/vendeto.am\/index.php?rest_route=%2Fwp%2Fv2%2Fcategories&post=33284"},{"taxonomy":"post_tag","embeddable":true,"href":"https:\/\/vendeto.am\/index.php?rest_route=%2Fwp%2Fv2%2Ftags&post=33284"}],"curies":[{"name":"wp","href":"https:\/\/api.w.org\/{rel}","templated":true}]}}