{"id":33287,"date":"2026-09-06T20:54:41","date_gmt":"2026-09-06T17:54:41","guid":{"rendered":"https:\/\/vendeto.am\/?p=33287"},"modified":"2026-09-06T20:54:44","modified_gmt":"2026-09-06T17:54:44","slug":"na-oslave-mych-narozenin-se-mi-manzel-verejne-posmival-kvuli-skvrne-na-satech-sve-milenky-mlcela-jsem-zavolala-svym-peti-bratrum-a-zaseptala-potrebuji-abyste-sem-prijeli-pak-se","status":"publish","type":"post","link":"https:\/\/vendeto.am\/?p=33287","title":{"rendered":"NA OSLAV\u011a M\u00ddCH NAROZENIN SE MI MAN\u017dEL VE\u0158EJN\u011a POSM\u00cdVAL KV\u016eLI SKVRN\u011a NA \u0160ATECH SV\u00c9 MILENKY. ML\u010cELA JSEM, ZAVOLALA SV\u00ddM P\u011aTI BRATR\u016eM A ZA\u0160EPTALA: \u201ePOT\u0158EBUJI, ABYSTE SEM P\u0158IJELI.\u201c PAK SE OBJEVILA \u010cERN\u00c1 SUV A JEHO \u00daSM\u011aV OKAM\u017dIT\u011a ZMIZEL."},"content":{"rendered":"\n<h1 class=\"wp-block-heading\"><strong>Ve chv\u00edli, kdy se man\u017eelova milenka usm\u00e1la pod k\u0159i\u0161\u0165\u00e1lov\u00fdm lustrem a pades\u00e1t host\u016f p\u0159ihl\u00ed\u017eelo tomu, jak m\u011b na vlastn\u00ed narozeninov\u00e9 oslav\u011b poni\u017euje, se ve mn\u011b n\u011bco definitivn\u011b zm\u011bnilo.<\/strong><\/h1>\n\n\n\n<p class=\"wp-block-paragraph\">Pr\u00e1v\u011b v tu chv\u00edli jsem na Adriana Colea p\u0159estala myslet jako na sv\u00e9ho man\u017eela.\u201eMo\u017en\u00e1 se kone\u010dn\u011b nau\u010d\u00ed\u0161, kam pat\u0159\u00ed\u0161,\u201c \u0159ekl se sm\u00edchem.<\/p>\n\n\n\n<p class=\"wp-block-paragraph\">Nikdo kolem n\u00e1s se nepohnul.<\/p>\n\n\n\n<p class=\"wp-block-paragraph\">Oslavu m\u00fdch \u010dty\u0159iat\u0159ic\u00e1t\u00fdch narozenin jsme uspo\u0159\u00e1dali v honosn\u00e9m tane\u010dn\u00edm s\u00e1le s\u00eddla Coleov\u00fdch. V\u0161ude byly drah\u00e9 kv\u011btiny, k\u0159i\u0161\u0165\u00e1lov\u00e9 sklenice a lid\u00e9, kter\u00e9 Adrian pova\u017eoval za d\u016fle\u017eit\u00e9.<\/p>\n\n\n\n<p class=\"wp-block-paragraph\">M\u00edsto aby ale oslavoval m\u011b, prom\u011bnil cel\u00fd ve\u010der ve ve\u0159ejn\u00e9 pon\u00ed\u017een\u00ed.<\/p>\n\n\n\n<p class=\"wp-block-paragraph\">A to v\u0161echno kv\u016fli tomu, \u017ee jsem omylem vylila \u010derven\u00e9 v\u00edno na st\u0159\u00edbrn\u00e9 n\u00e1vrh\u00e1\u0159sk\u00e9 \u0161aty Vanessy Hartov\u00e9.<\/p>\n\n\n\n<p class=\"wp-block-paragraph\">Vanessa.<\/p>\n\n\n\n<p class=\"wp-block-paragraph\">\u017dena, se kterou m\u011b Adrian u\u017e osm m\u011bs\u00edc\u016f tajn\u011b podv\u00e1d\u011bl.<\/p>\n\n\n\n<p class=\"wp-block-paragraph\">Na jejich pom\u011br jsem p\u0159i\u0161la p\u0159ed t\u0159emi t\u00fddny.<\/p>\n\n\n\n<p class=\"wp-block-paragraph\">Adrian o tom nev\u011bd\u011bl.<\/p>\n\n\n\n<p class=\"wp-block-paragraph\">Stejn\u011b jako Vanessa.<\/p>\n\n\n\n<p class=\"wp-block-paragraph\">\u201eOmluv se,\u201c p\u0159ik\u00e1zal mi Adrian.<\/p>\n\n\n\n<p class=\"wp-block-paragraph\">Klidn\u011b jsem se na n\u011bj pod\u00edvala.<\/p>\n\n\n\n<p class=\"wp-block-paragraph\">\u010cekal slzy.<\/p>\n\n\n\n<p class=\"wp-block-paragraph\">\u010cekal, \u017ee sklop\u00edm hlavu.<\/p>\n\n\n\n<p class=\"wp-block-paragraph\">Cel\u00e9 roky si toti\u017e moje ml\u010den\u00ed vykl\u00e1dal jako slabost.<\/p>\n\n\n\n<p class=\"wp-block-paragraph\">\u201eJe mi to l\u00edto,\u201c \u0159ekla jsem ti\u0161e.<\/p>\n\n\n\n<p class=\"wp-block-paragraph\">Vanessa se usm\u00e1la.<\/p>\n\n\n\n<p class=\"wp-block-paragraph\">A pak jsem pokra\u010dovala.<\/p>\n\n\n\n<p class=\"wp-block-paragraph\">\u201eJe mi l\u00edto, \u017ee si mysl\u00edte, \u017ee t\u00edmhle to kon\u010d\u00ed.\u201c<\/p>\n\n\n\n<p class=\"wp-block-paragraph\">V s\u00e1le zavl\u00e1dlo naprost\u00e9 ticho.<\/p>\n\n\n\n<p class=\"wp-block-paragraph\">Adrian na m\u011b z\u00edral.<\/p>\n\n\n\n<p class=\"wp-block-paragraph\">\u201ePo\u0159\u00e1d si mysl\u00ed\u0161, \u017ee jsi n\u011bkdo d\u016fle\u017eit\u00fd?\u201c<\/p>\n\n\n\n<p class=\"wp-block-paragraph\">Jeho matka Margaret se vedle \u0161ampa\u0148sk\u00e9ho sm\u00e1la.<\/p>\n\n\n\n<p class=\"wp-block-paragraph\">\u201eP\u0159i\u0161la z ni\u010deho,\u201c \u0159ekla. \u201eM\u011bla by b\u00fdt vd\u011b\u010dn\u00e1, \u017ee ji tahle rodina v\u016fbec p\u0159ijala.\u201c<\/p>\n\n\n\n<p class=\"wp-block-paragraph\">P\u0159esn\u011b takovou m\u011b Coleovi v\u017edycky cht\u011bli m\u00edt.<\/p>\n\n\n\n<figure class=\"wp-block-image is-resized\"><img decoding=\"async\" src=\"https:\/\/chexia.info\/wp-content\/uploads\/2026\/09\/ballroom_warm_golden-819x1024.jpg\" alt=\"\" class=\"wp-image-10242\" style=\"aspect-ratio:0.7998046875;width:819px;height:auto\"\/><\/figure>\n\n\n\n<p class=\"wp-block-paragraph\">Chud\u00e1 Elena Morettiov\u00e1.<\/p>\n\n\n\n<p class=\"wp-block-paragraph\">Tich\u00e1 Elena.<\/p>\n\n\n\n<p class=\"wp-block-paragraph\">\u0160\u0165astn\u00e1 Elena.<\/p>\n\n\n\n<p class=\"wp-block-paragraph\">\u017dena, kter\u00e1 se n\u011bjak\u00fdm z\u00e1zrakem provdala do mocn\u00e9 rodiny Coleov\u00fdch, a proto by m\u011bla b\u00fdt po zbytek \u017eivota vd\u011b\u010dn\u00e1.<\/p>\n\n\n\n<p class=\"wp-block-paragraph\">V\u011bd\u011bli, \u017ee m\u00e1m p\u011bt star\u0161\u00edch bratr\u016f.<\/p>\n\n\n\n<p class=\"wp-block-paragraph\">Ale o ni\u010dem dal\u0161\u00edm t\u00e9m\u011b\u0159 nic nev\u011bd\u011bli.<\/p>\n\n\n\n<p class=\"wp-block-paragraph\">P\u0159ed lety m\u011blo jm\u00e9no Moretti takov\u00fd vliv, \u017ee lid\u00e9 dodnes zti\u0161ili hlas, kdy\u017e o m\u00e9 rodin\u011b mluvili.<\/p>\n\n\n\n<p class=\"wp-block-paragraph\">Moji brat\u0159i si ale mezit\u00edm vybudovali vlastn\u00ed, zcela legitimn\u00ed \u017eivoty.<\/p>\n\n\n\n<p class=\"wp-block-paragraph\">Dominic vedl mezin\u00e1rodn\u00ed bezpe\u010dnostn\u00ed spole\u010dnost.<\/p>\n\n\n\n<p class=\"wp-block-paragraph\">Matteo vlastnil n\u011bkolik logistick\u00fdch firem.<\/p>\n\n\n\n<p class=\"wp-block-paragraph\">Luca se stal uzn\u00e1van\u00fdm obh\u00e1jcem v trestn\u00edch v\u011bcech.<\/p>\n\n\n\n<p class=\"wp-block-paragraph\">Gabriel se specializoval na forenzn\u00ed \u00fa\u010detnictv\u00ed.<\/p>\n\n\n\n<p class=\"wp-block-paragraph\">A Nico pracoval v oblasti soukrom\u00e9ho vy\u0161et\u0159ov\u00e1n\u00ed a firemn\u00edho zpravodajstv\u00ed.<\/p>\n\n\n\n<p class=\"wp-block-paragraph\">Adrian jim n\u011bkdy \u017eertem \u0159\u00edkal \u201egangste\u0159i\u201c, proto\u017ee d\u00edky tomu se c\u00edtil nad\u0159azen\u011b.<\/p>\n\n\n\n<p class=\"wp-block-paragraph\">Nikdy jsem ho neopravovala.<\/p>\n\n\n\n<p class=\"wp-block-paragraph\">A\u017e do onoho ve\u010dera k tomu nebyl d\u016fvod.<\/p>\n\n\n\n<p class=\"wp-block-paragraph\">Pot\u00e9, co m\u011b Adrian p\u0159ed v\u0161emi pon\u00ed\u017eil, jsem ti\u0161e p\u0159e\u0161la ke stolu, kde jsem nechala telefon.<\/p>\n\n\n\n<p class=\"wp-block-paragraph\">Nohy se mi t\u0159\u00e1sly, ale pokra\u010dovala jsem d\u00e1l.<\/p>\n\n\n\n<p class=\"wp-block-paragraph\">Adrian zvedl sklenku \u0161ampa\u0148sk\u00e9ho.<\/p>\n\n\n\n<p class=\"wp-block-paragraph\">\u201eOslava skon\u010dila.\u201c<\/p>\n\n\n\n<p class=\"wp-block-paragraph\">\u201eNe,\u201c odpov\u011bd\u011bla jsem ti\u0161e.<\/p>\n\n\n\n<p class=\"wp-block-paragraph\">Te\u010f u\u017e se na m\u011b d\u00edval \u00fapln\u011b ka\u017ed\u00fd v s\u00e1le.<\/p>\n\n\n\n<p class=\"wp-block-paragraph\">Vzala jsem telefon a zavolala Dominicovi.<\/p>\n\n\n\n<p class=\"wp-block-paragraph\">Zvedl to okam\u017eit\u011b.<\/p>\n\n\n\n<p class=\"wp-block-paragraph\">\u201eEleno?\u201c<\/p>\n\n\n\n<p class=\"wp-block-paragraph\">Pod\u00edvala jsem se na Adriana.<\/p>\n\n\n\n<p class=\"wp-block-paragraph\">Potom na Vanessu.<\/p>\n\n\n\n<p class=\"wp-block-paragraph\">A nakonec na Margaret.<\/p>\n\n\n\n<p class=\"wp-block-paragraph\">Pak jsem se pod\u00edvala na Adrianova otce Richarda, kter\u00fd v\u011bt\u0161inu ve\u010de\u0159e hrd\u011b vypr\u00e1v\u011bl o miliardov\u00e9m stavebn\u00edm imp\u00e9riu rodiny Coleov\u00fdch.<\/p>\n\n\n\n<p class=\"wp-block-paragraph\">A potom jsem promluvila.<\/p>\n\n\n\n<p class=\"wp-block-paragraph\">\u201eDominicu, pot\u0159ebuji, abys sem p\u0159ijel ty i ostatn\u00ed.\u201c<\/p>\n\n\n\n<p class=\"wp-block-paragraph\">Jeho hlas se okam\u017eit\u011b zm\u011bnil.<\/p>\n\n\n\n<p class=\"wp-block-paragraph\">\u201eCo se stalo?\u201c<\/p>\n\n\n\n<p class=\"wp-block-paragraph\">\u201eVysv\u011btl\u00edm ti to, a\u017e p\u0159ijedete.\u201c<\/p>\n\n\n\n<p class=\"wp-block-paragraph\">O necelou hodinu pozd\u011bji se za okny tane\u010dn\u00edho s\u00e1lu objevila sv\u011btla.<\/p>\n\n\n\n<p class=\"wp-block-paragraph\">Po dlouh\u00e9 p\u0159\u00edjezdov\u00e9 cest\u011b pomalu p\u0159ij\u00ed\u017ed\u011blo n\u011bkolik \u010dern\u00fdch SUV.<\/p>\n\n\n\n<p class=\"wp-block-paragraph\">Adrian\u016fv \u00fasm\u011bv zmizel.<\/p>\n\n\n\n<p class=\"wp-block-paragraph\">Vzala jsem si kab\u00e1t.<\/p>\n\n\n\n<p class=\"wp-block-paragraph\">\u201eCht\u011bl jsi, abych pochopila, kam pat\u0159\u00edm,\u201c \u0159ekla jsem mu.<\/p>\n\n\n\n<p class=\"wp-block-paragraph\">Pak jsem se mu pod\u00edvala p\u0159\u00edmo do o\u010d\u00ed.<\/p>\n\n\n\n<p class=\"wp-block-paragraph\">\u201eDnes ve\u010der kone\u010dn\u011b pochop\u00ed\u0161, kam pat\u0159\u00edm j\u00e1.\u201c<\/p>\n\n\n\n<h1 class=\"wp-block-heading\"><strong>\u010c\u00c1ST 2<\/strong><\/h1>\n\n\n\n<p class=\"wp-block-paragraph\">Jako prvn\u00ed vstoupil Dominic.<\/p>\n\n\n\n<p class=\"wp-block-paragraph\">M\u011bl na sob\u011b tmav\u011b \u0161ed\u00fd oblek a v ruce dr\u017eel pouze telefon.<\/p>\n\n\n\n<p class=\"wp-block-paragraph\">\u017d\u00e1dn\u00e9 v\u00fdhr\u016f\u017eky.<\/p>\n\n\n\n<p class=\"wp-block-paragraph\">\u017d\u00e1dn\u00fd zv\u00fd\u0161en\u00fd hlas.<\/p>\n\n\n\n<p class=\"wp-block-paragraph\">\u017d\u00e1dn\u00e1 dramatick\u00e1 konfrontace.<\/p>\n\n\n\n<p class=\"wp-block-paragraph\">A pr\u00e1v\u011b to Adriana znerv\u00f3z\u0148ovalo je\u0161t\u011b v\u00edc.<\/p>\n\n\n\n<p class=\"wp-block-paragraph\">Za n\u00edm p\u0159i\u0161li Matteo, Luca, Gabriel a Nico.<\/p>\n\n\n\n<p class=\"wp-block-paragraph\">P\u011bt bratr\u016f.<\/p>\n\n\n\n<p class=\"wp-block-paragraph\">P\u011bt klidn\u00fdch v\u00fdraz\u016f.<\/p>\n\n\n\n<p class=\"wp-block-paragraph\">P\u011bt mu\u017e\u016f, z nich\u017e ka\u017ed\u00fd se specializoval na jinou oblast.<\/p>\n\n\n\n<p class=\"wp-block-paragraph\">Adrian vykro\u010dil dop\u0159edu.<\/p>\n\n\n\n<p class=\"wp-block-paragraph\">\u201eTohle je soukrom\u00fd pozemek.\u201c<\/p>\n\n\n\n<p class=\"wp-block-paragraph\">Luca se na n\u011bj lehce usm\u00e1l.<\/p>\n\n\n\n<h1 class=\"wp-block-heading\"><strong>\u201eV\u00fdborn\u011b. Pak p\u0159edpokl\u00e1d\u00e1m, \u017ee bezpe\u010dnostn\u00ed z\u00e1znamy po\u0159\u00edzen\u00e9 na tomto pozemku jsou \u0159\u00e1dn\u011b uchov\u00e1v\u00e1ny.\u201c<\/strong><\/h1>\n\n\n\n<p class=\"wp-block-paragraph\">Adrian\u016fv v\u00fdraz ztuhl.<\/p>\n\n\n\n<p class=\"wp-block-paragraph\">Nico zvedl telefon.<\/p>\n\n\n\n<p class=\"wp-block-paragraph\">\u201eU\u017e jsem zajistil z\u00e1lohy v cloudu.\u201c<\/p>\n\n\n\n<p class=\"wp-block-paragraph\">Margaret okam\u017eit\u011b vy\u0161t\u011bkla:<\/p>\n\n\n\n<p class=\"wp-block-paragraph\">\u201eDosta\u0148te ty mu\u017ee z m\u00e9ho domu!\u201c<\/p>\n\n\n\n<p class=\"wp-block-paragraph\">\u201eM\u00e9ho domu,\u201c opravila jsem ji.<\/p>\n\n\n\n<p class=\"wp-block-paragraph\">Oto\u010dila se ke mn\u011b.<\/p>\n\n\n\n<p class=\"wp-block-paragraph\">Poprv\u00e9 za cel\u00fd ve\u010der z jej\u00ed tv\u00e1\u0159e zmizelo sebev\u011bdom\u00ed.<\/p>\n\n\n\n<p class=\"wp-block-paragraph\">Adrian se nerv\u00f3zn\u011b zasm\u00e1l.<\/p>\n\n\n\n<p class=\"wp-block-paragraph\">\u201eEleno, p\u0159esta\u0148 se ztrap\u0148ovat.\u201c<\/p>\n\n\n\n<p class=\"wp-block-paragraph\">Gabriel otev\u0159el tlustou slo\u017eku.<\/p>\n\n\n\n<p class=\"wp-block-paragraph\">\u201eChcete jim to vysv\u011btlit sama?\u201c<\/p>\n\n\n\n<p class=\"wp-block-paragraph\">P\u0159e\u0161la jsem ke krbu.<\/p>\n\n\n\n<p class=\"wp-block-paragraph\">Cel\u00e1 rodina Coleov\u00fdch v\u011b\u0159ila, \u017ee s\u00eddlo p\u0159e\u0161lo p\u0159\u00edmo z Adrianova d\u011bde\u010dka na Adriana.<\/p>\n\n\n\n<p class=\"wp-block-paragraph\">Ve skute\u010dnosti tomu tak nebylo.<\/p>\n\n\n\n<p class=\"wp-block-paragraph\">P\u0159ed t\u0159emi lety utrp\u011bla spole\u010dnost Cole Development dv\u011b katastrof\u00e1ln\u00ed ztr\u00e1ty kv\u016fli komer\u010dn\u00edm projekt\u016fm.<\/p>\n\n\n\n<p class=\"wp-block-paragraph\">Firma se nebezpe\u010dn\u011b p\u0159ibl\u00ed\u017eila k bankrotu.<\/p>\n\n\n\n<p class=\"wp-block-paragraph\">Banky odm\u00edtly poskytnout dal\u0161\u00ed financov\u00e1n\u00ed.<\/p>\n\n\n\n<p class=\"wp-block-paragraph\">Adrian pozd\u011bji sv\u00fdm rodi\u010d\u016fm tvrdil, \u017ee podnik zachr\u00e1nil pomoc\u00ed pen\u011bz soukrom\u00fdch investor\u016f.<\/p>\n\n\n\n<p class=\"wp-block-paragraph\">Nikdy jim ale ne\u0159ekl, kdo t\u00edm investorem ve skute\u010dnosti byl.<\/p>\n\n\n\n<p class=\"wp-block-paragraph\">J\u00e1.<\/p>\n\n\n\n<p class=\"wp-block-paragraph\">Moretti Capital.<\/p>\n\n\n\n<p class=\"wp-block-paragraph\">Moje investi\u010dn\u00ed spole\u010dnost.<\/p>\n\n\n\n<p class=\"wp-block-paragraph\">Koupila jsem hypot\u00e9ku zat\u00ed\u017eenou s\u00eddlem Coleov\u00fdch.<\/p>\n\n\n\n<p class=\"wp-block-paragraph\">Do Cole Development jsem investovala t\u0159icet dva milion\u016f dolar\u016f.<\/p>\n\n\n\n<p class=\"wp-block-paragraph\">A osobn\u011b jsem ru\u010dila za nouzov\u00fd \u00fav\u011br, kter\u00fd spole\u010dnosti umo\u017enil pokra\u010dovat v provozu.<\/p>\n\n\n\n<p class=\"wp-block-paragraph\">Adrian se nikdy neobt\u011b\u017eoval smlouvy po\u0159\u00e1dn\u011b prostudovat.<\/p>\n\n\n\n<p class=\"wp-block-paragraph\">P\u0159edpokl\u00e1dal, \u017ee m\u016fj podpis je jen formalita.<\/p>\n\n\n\n<p class=\"wp-block-paragraph\">V jeho p\u0159edstav\u00e1ch man\u017eelky podepisuj\u00ed dokumenty, kdy\u017e je o to man\u017eel po\u017e\u00e1d\u00e1.<\/p>\n\n\n\n<p class=\"wp-block-paragraph\">Tento p\u0159edpoklad ho m\u011bl st\u00e1t opravdu hodn\u011b.<\/p>\n\n\n\n<p class=\"wp-block-paragraph\">Gabriel polo\u017eil na st\u016fl n\u011bkolik finan\u010dn\u00edch zpr\u00e1v.<\/p>\n\n\n\n<p class=\"wp-block-paragraph\">Richard zbledl.<\/p>\n\n\n\n<p class=\"wp-block-paragraph\">\u201eNa co se to d\u00edv\u00e1m?\u201c<\/p>\n\n\n\n<p class=\"wp-block-paragraph\">\u201eNa d\u016fkazy,\u201c odpov\u011bd\u011bl Gabriel, \u201e\u017ee Adrian p\u0159ev\u00e1d\u011bl firemn\u00ed pen\u00edze do n\u011bkolika kryc\u00edch spole\u010dnost\u00ed.\u201c<\/p>\n\n\n\n<p class=\"wp-block-paragraph\">Adrian se p\u0159estal h\u00fdbat.<\/p>\n\n\n\n<p class=\"wp-block-paragraph\">J\u00e1 jsem si prvn\u00edho podez\u0159el\u00e9ho p\u0159evodu v\u0161imla u\u017e p\u0159ed n\u011bkolika m\u011bs\u00edci.<\/p>\n\n\n\n<p class=\"wp-block-paragraph\">Pak p\u0159i\u0161el dal\u0161\u00ed.<\/p>\n\n\n\n<p class=\"wp-block-paragraph\">A dal\u0161\u00ed.<\/p>\n\n\n\n<p class=\"wp-block-paragraph\">Ne\u017e mi Gabriel pomohl v\u0161echno dohledat, identifikovali jsme v\u00edce ne\u017e tucet podez\u0159el\u00fdch p\u0159evod\u016f.<\/p>\n\n\n\n<p class=\"wp-block-paragraph\">\u010c\u00e1st pen\u011bz nep\u0159\u00edmo financovala Vanessin byt.<\/p>\n\n\n\n<p class=\"wp-block-paragraph\">Mercedes.<\/p>\n\n\n\n<p class=\"wp-block-paragraph\">\u0160perky.<\/p>\n\n\n\n<p class=\"wp-block-paragraph\">Luxusn\u00ed dovolen\u00e9.<\/p>\n\n\n\n<p class=\"wp-block-paragraph\">A drah\u00e9 d\u00e1rky.<\/p>\n\n\n\n<p class=\"wp-block-paragraph\">Vanessa se pod\u00edvala na Adriana.<\/p>\n\n\n\n<p class=\"wp-block-paragraph\">\u201e\u0158\u00edkal jsi mi, \u017ee ty pen\u00edze jsou tvoje.\u201c<\/p>\n\n\n\n<p class=\"wp-block-paragraph\">Adrian se na ni ost\u0159e pod\u00edval.<\/p>\n\n\n\n<p class=\"wp-block-paragraph\">\u201eVanesso, te\u010f ne.\u201c<\/p>\n\n\n\n<p class=\"wp-block-paragraph\">Poprv\u00e9 toho ve\u010dera jsem se m\u00e1lem usm\u00e1la.<\/p>\n\n\n\n<p class=\"wp-block-paragraph\">Dokonce i s dokumenty p\u0159\u00edmo p\u0159ed sebou Adrian st\u00e1le v\u011b\u0159il, \u017ee sebejistota dok\u00e1\u017ee nep\u0159\u00edjemn\u00e1 fakta jednodu\u0161e odstranit.<\/p>\n\n\n\n<p class=\"wp-block-paragraph\">\u201eVy\u0161et\u0159ovali jste m\u011b?\u201c vy\u0161t\u011bkl.<\/p>\n\n\n\n<p class=\"wp-block-paragraph\">\u201eNe,\u201c odpov\u011bd\u011bla jsem.<\/p>\n\n\n\n<p class=\"wp-block-paragraph\">\u201eProv\u011b\u0159ovala jsem svou investici.\u201c<\/p>\n\n\n\n<p class=\"wp-block-paragraph\">Richard ude\u0159il dlan\u00ed do stolu.<\/p>\n\n\n\n<p class=\"wp-block-paragraph\">\u201eAdriane, co jsi to ud\u011blal?\u201c<\/p>\n\n\n\n<p class=\"wp-block-paragraph\">Margaret se pod\u00edvala z jednoho na druh\u00e9ho.<\/p>\n\n\n\n<p class=\"wp-block-paragraph\">\u201eCo se te\u010f stane?\u201c<\/p>\n\n\n\n<p class=\"wp-block-paragraph\">Luca odpov\u011bd\u011bl:<\/p>\n\n\n\n<p class=\"wp-block-paragraph\">\u201eTe\u010f Elena uplatn\u00ed ochrann\u00e1 ustanoven\u00ed obsa\u017een\u00e1 ve smlouv\u011b o financov\u00e1n\u00ed.\u201c<\/p>\n\n\n\n<p class=\"wp-block-paragraph\">Adrianova tv\u00e1\u0159 se zm\u011bnila.<\/p>\n\n\n\n<p class=\"wp-block-paragraph\">P\u0159esn\u011b v\u011bd\u011bl, co to znamen\u00e1.<\/p>\n\n\n\n<p class=\"wp-block-paragraph\">Pokud do\u0161lo k podvodu nebo neopr\u00e1vn\u011bn\u00fdm p\u0159evod\u016fm, smlouva mi umo\u017e\u0148ovala z\u00edskat kontrolu nad 51 % hlasovac\u00edch pr\u00e1v spojen\u00fdch se strukturou nouzov\u00e9ho financov\u00e1n\u00ed.<\/p>\n\n\n\n<p class=\"wp-block-paragraph\">A v\u0161e nasv\u011bd\u010dovalo tomu, \u017ee k podvodu skute\u010dn\u011b do\u0161lo.<\/p>\n\n\n\n<p class=\"wp-block-paragraph\">O p\u016flnoci jsem mohla po\u017e\u00e1dat o okam\u017eit\u00e9 pozastaven\u00ed Adriana ve funkci gener\u00e1ln\u00edho \u0159editele.<\/p>\n\n\n\n<p class=\"wp-block-paragraph\">Mohla jsem zmrazit mimo\u0159\u00e1dn\u00e9 p\u0159evody.<\/p>\n\n\n\n<p class=\"wp-block-paragraph\">Po\u017eadovat vr\u00e1cen\u00ed pen\u011bz.<\/p>\n\n\n\n<p class=\"wp-block-paragraph\">Na\u0159\u00eddit nez\u00e1visl\u00fd forenzn\u00ed audit.<\/p>\n\n\n\n<p class=\"wp-block-paragraph\">A p\u0159edat podez\u0159el\u00e9 pad\u011blan\u00e9 dokumenty p\u0159\u00edslu\u0161n\u00fdm \u00fa\u0159ad\u016fm.<\/p>\n\n\n\n<p class=\"wp-block-paragraph\">Vanessa pomalu zam\u00ed\u0159ila ke dve\u0159\u00edm.<\/p>\n\n\n\n<p class=\"wp-block-paragraph\">Nico ustoupil stranou.<\/p>\n\n\n\n<p class=\"wp-block-paragraph\">\u201eM\u016f\u017eete odej\u00edt.\u201c<\/p>\n\n\n\n<p class=\"wp-block-paragraph\">Zastavila se.<\/p>\n\n\n\n<p class=\"wp-block-paragraph\">\u201eMimochodem,\u201c dodal, \u201em\u011bla byste v\u011bd\u011bt, \u017ee byt, ve kter\u00e9m \u017eijete, pat\u0159\u00ed dce\u0159in\u00e9 spole\u010dnosti Cole Development.\u201c<\/p>\n\n\n\n<p class=\"wp-block-paragraph\">Pootev\u0159ela \u00fasta.<\/p>\n\n\n\n<p class=\"wp-block-paragraph\">\u201eA Mercedes?\u201c zeptala se.<\/p>\n\n\n\n<p class=\"wp-block-paragraph\">\u201eTak\u00e9 je registrovan\u00fd na firmu.\u201c<\/p>\n\n\n\n<p class=\"wp-block-paragraph\">Adrian se ke mn\u011b oto\u010dil.<\/p>\n\n\n\n<p class=\"wp-block-paragraph\">\u201eTohle v\u0161echno d\u011bl\u00e1\u0161 kv\u016fli jedn\u00e9 trapn\u00e9 narozeninov\u00e9 oslav\u011b?\u201c<\/p>\n\n\n\n<p class=\"wp-block-paragraph\">Zavrt\u011bla jsem hlavou.<\/p>\n\n\n\n<p class=\"wp-block-paragraph\">\u201eNe, Adriane.\u201c<\/p>\n\n\n\n<p class=\"wp-block-paragraph\">Pod\u00edvala jsem se na finan\u010dn\u00ed v\u00fdkazy.<\/p>\n\n\n\n<p class=\"wp-block-paragraph\">\u201eD\u011bl\u00e1m to proto, \u017ee jsem kone\u010dn\u011b p\u0159estala p\u0159edst\u00edrat, \u017ee probl\u00e9mem byla ta oslava.\u201c<\/p>\n\n\n\n<p class=\"wp-block-paragraph\">Po cel\u00e9m s\u00e1le se za\u010dalo \u0161eptat.<\/p>\n\n\n\n<p class=\"wp-block-paragraph\">N\u011bkolik \u010dlen\u016f p\u0159edstavenstva u\u017e si kontrolovalo telefony.<\/p>\n\n\n\n<p class=\"wp-block-paragraph\">Vanessa vypadala, \u017ee ka\u017edou chv\u00edli propukne v pl\u00e1\u010d.<\/p>\n\n\n\n<p class=\"wp-block-paragraph\">Richard p\u016fsobil naprosto zdrcen\u011b.<\/p>\n\n\n\n<p class=\"wp-block-paragraph\">A pak Adrian kone\u010dn\u011b pochopil situaci.<\/p>\n\n\n\n<p class=\"wp-block-paragraph\">\u017dena, kter\u00e9 se je\u0161t\u011b p\u0159ed necelou hodinou ve\u0159ejn\u011b vysm\u00edval, kontrolovala financov\u00e1n\u00ed jeho spole\u010dnosti, hypot\u00e9ku spojenou s jeho domem a dokumenty, kter\u00e9 mohly rozhodnout o jeho budoucnosti.<\/p>\n\n\n\n<p class=\"wp-block-paragraph\">Pod\u00edvala jsem se na hodinky.<\/p>\n\n\n\n<p class=\"wp-block-paragraph\">11:58.<\/p>\n\n\n\n<p class=\"wp-block-paragraph\">\u201eDv\u011b minuty,\u201c \u0159ekla jsem.<\/p>\n\n\n\n<p class=\"wp-block-paragraph\">Adrian polkl.<\/p>\n\n\n\n<p class=\"wp-block-paragraph\">\u201eNa co?\u201c<\/p>\n\n\n\n<p class=\"wp-block-paragraph\">Pod\u00edvala jsem se mu do o\u010d\u00ed.<\/p>\n\n\n\n<p class=\"wp-block-paragraph\">\u201eNa m\u016fj narozeninov\u00fd d\u00e1rek.\u201c<\/p>\n\n\n\n<h1 class=\"wp-block-heading\"><strong>\u010c\u00c1ST 3<\/strong><\/h1>\n\n\n\n<p class=\"wp-block-paragraph\">O p\u016flnoci polo\u017eil Luca na st\u016fl jedin\u00fd dokument.<\/p>\n\n\n\n<p class=\"wp-block-paragraph\">Podepsala jsem ho.<\/p>\n\n\n\n<p class=\"wp-block-paragraph\">Okam\u017eit\u011b za\u010dalo mimo\u0159\u00e1dn\u00e9 zased\u00e1n\u00ed p\u0159edstavenstva.<\/p>\n\n\n\n<p class=\"wp-block-paragraph\">Adrianovi zazvonil telefon.<\/p>\n\n\n\n<p class=\"wp-block-paragraph\">Potom Richardovi.<\/p>\n\n\n\n<p class=\"wp-block-paragraph\">A n\u00e1sledn\u011b Margaret.<\/p>\n\n\n\n<h1 class=\"wp-block-heading\"><strong>Na obrazovce se objevili t\u0159i nez\u00e1visl\u00ed \u010dlenov\u00e9 p\u0159edstavenstva spolu s extern\u00edmi pr\u00e1vn\u00edmi poradci a pracovn\u00edkem odd\u011blen\u00ed compliance.<\/strong><\/h1>\n\n\n\n<p class=\"wp-block-paragraph\">Adrian z\u00edral na obrazovku.<\/p>\n\n\n\n<p class=\"wp-block-paragraph\">\u201eTohle je sm\u011b\u0161n\u00e9.\u201c<\/p>\n\n\n\n<p class=\"wp-block-paragraph\">Vedouc\u00ed \u010dlen p\u0159edstavenstva promluvil klidn\u011b.<\/p>\n\n\n\n<p class=\"wp-block-paragraph\">\u201ePane Cole, prov\u011b\u0159ili jsme p\u0159edb\u011b\u017en\u00e9 d\u016fkazy t\u00fdkaj\u00edc\u00ed se neopr\u00e1vn\u011bn\u00fdch p\u0159evod\u016f, mo\u017en\u00e9ho zneu\u017eit\u00ed firemn\u00edch prost\u0159edk\u016f a sporn\u00fdch z\u00e1znam\u016f o autorizaci. S okam\u017eitou platnost\u00ed je va\u0161e v\u00fdkonn\u00e1 pravomoc pozastavena do ukon\u010den\u00ed vy\u0161et\u0159ov\u00e1n\u00ed.\u201c<\/p>\n\n\n\n<p class=\"wp-block-paragraph\">Adrian vysko\u010dil.<\/p>\n\n\n\n<p class=\"wp-block-paragraph\">\u201eTo nem\u016f\u017eete ud\u011blat.\u201c<\/p>\n\n\n\n<p class=\"wp-block-paragraph\">\u201eU\u017e jsem to ud\u011blala,\u201c \u0159ekla jsem.<\/p>\n\n\n\n<p class=\"wp-block-paragraph\">Uk\u00e1zal na m\u00e9 bratry.<\/p>\n\n\n\n<p class=\"wp-block-paragraph\">\u201eTohle v\u0161echno napl\u00e1novala ona. P\u0159ijeli sem, aby m\u011b zastra\u0161ovali.\u201c<\/p>\n\n\n\n<p class=\"wp-block-paragraph\">Nico p\u0159ipojil sv\u016fj telefon k televizn\u00ed obrazovce v s\u00e1le.<\/p>\n\n\n\n<p class=\"wp-block-paragraph\">Objevily se bezpe\u010dnostn\u00ed z\u00e1znamy z onoho ve\u010dera.<\/p>\n\n\n\n<p class=\"wp-block-paragraph\">Bylo na nich vid\u011bt, jak m\u011b Adrian ve\u0159ejn\u011b poni\u017euje.<\/p>\n\n\n\n<p class=\"wp-block-paragraph\">Vanessa se sm\u011bje.<\/p>\n\n\n\n<p class=\"wp-block-paragraph\">Margaret p\u0159ihl\u00ed\u017e\u00ed.<\/p>\n\n\n\n<p class=\"wp-block-paragraph\">Host\u00e9 ml\u010dky stoj\u00ed opod\u00e1l.<\/p>\n\n\n\n<p class=\"wp-block-paragraph\">Nebyl na nich \u017e\u00e1dn\u00fd n\u00e1siln\u00fd ani dramatick\u00fd moment.<\/p>\n\n\n\n<p class=\"wp-block-paragraph\">Jen bolestn\u011b jasn\u00fd z\u00e1znam toho, jak sebejist\u011b se ke mn\u011b chovali, kdy\u017e v\u011b\u0159ili, \u017ee nem\u00e1m \u017e\u00e1dnou moc.<\/p>\n\n\n\n<p class=\"wp-block-paragraph\">Kdy\u017e video skon\u010dilo, nikdo nepromluvil.<\/p>\n\n\n\n<p class=\"wp-block-paragraph\">Dominic z\u016fstal naprosto klidn\u00fd.<\/p>\n\n\n\n<p class=\"wp-block-paragraph\">A pr\u00e1v\u011b to bylo d\u016fle\u017eit\u00e9.<\/p>\n\n\n\n<p class=\"wp-block-paragraph\">Proto\u017ee tenhle p\u0159\u00edb\u011bh nikdy nem\u011bl b\u00fdt o fyzick\u00e9 pomst\u011b.<\/p>\n\n\n\n<p class=\"wp-block-paragraph\">M\u011bl b\u00fdt o d\u016fkazech.<\/p>\n\n\n\n<p class=\"wp-block-paragraph\">Adrian cel\u00e9 roky popisoval m\u00e9 bratry jako nebezpe\u010dn\u00e9 kv\u016fli pov\u011bsti rodiny Morettiov\u00fdch.<\/p>\n\n\n\n<p class=\"wp-block-paragraph\">Nikdy ale nepochopil, co je ve skute\u010dnosti \u010dinilo tak ob\u00e1van\u00fdmi.<\/p>\n\n\n\n<p class=\"wp-block-paragraph\">V\u011bd\u011bli, jak funguj\u00ed firmy.<\/p>\n\n\n\n<p class=\"wp-block-paragraph\">Rozum\u011bli smlouv\u00e1m.<\/p>\n\n\n\n<p class=\"wp-block-paragraph\">Finan\u010dn\u00edm z\u00e1znam\u016fm.<\/p>\n\n\n\n<p class=\"wp-block-paragraph\">Bezpe\u010dnostn\u00edm syst\u00e9m\u016fm.<\/p>\n\n\n\n<p class=\"wp-block-paragraph\">Vy\u0161et\u0159ov\u00e1n\u00ed.<\/p>\n\n\n\n<p class=\"wp-block-paragraph\">A pr\u00e1vu.<\/p>\n\n\n\n<p class=\"wp-block-paragraph\">Kr\u00e1tce nato firemn\u00ed pr\u00e1vn\u00edci v\u0161em na\u0159\u00eddili uchovat dokumenty a za\u0159\u00edzen\u00ed souvisej\u00edc\u00ed s finan\u010dn\u00edm vy\u0161et\u0159ov\u00e1n\u00edm.<\/p>\n\n\n\n<p class=\"wp-block-paragraph\">Adrian se na m\u011b pod\u00edval.<\/p>\n\n\n\n<p class=\"wp-block-paragraph\">\u201eEleno.\u201c<\/p>\n\n\n\n<p class=\"wp-block-paragraph\">Poprv\u00e9 za cel\u00fd ve\u010der vyslovil m\u00e9 jm\u00e9no bez pohrd\u00e1n\u00ed.<\/p>\n\n\n\n<p class=\"wp-block-paragraph\">\u201e\u0158ekni jim, \u017ee jde jen o nedorozum\u011bn\u00ed.\u201c<\/p>\n\n\n\n<p class=\"wp-block-paragraph\">Z\u00edrala jsem na n\u011bj.<\/p>\n\n\n\n<p class=\"wp-block-paragraph\">P\u0159edt\u00edm cht\u011bl, aby v\u0161ichni p\u0159ihl\u00ed\u017eeli.<\/p>\n\n\n\n<p class=\"wp-block-paragraph\">Te\u010f p\u0159ihl\u00ed\u017eeli opravdu v\u0161ichni.<\/p>\n\n\n\n<p class=\"wp-block-paragraph\">\u201eNe.\u201c<\/p>\n\n\n\n<p class=\"wp-block-paragraph\">Vanessa n\u00e1hle promluvila.<\/p>\n\n\n\n<p class=\"wp-block-paragraph\">\u201e\u0158\u00edkal mi, \u017ee je v\u0161echno v po\u0159\u00e1dku.\u201c<\/p>\n\n\n\n<p class=\"wp-block-paragraph\">Adrian se prudce oto\u010dil.<\/p>\n\n\n\n<p class=\"wp-block-paragraph\">\u201eVanesso.\u201c<\/p>\n\n\n\n<p class=\"wp-block-paragraph\">Ale ona pokra\u010dovala.<\/p>\n\n\n\n<p class=\"wp-block-paragraph\">Zm\u00ednila byt.<\/p>\n\n\n\n<p class=\"wp-block-paragraph\">\u00da\u010det v zahrani\u010d\u00ed.<\/p>\n\n\n\n<p class=\"wp-block-paragraph\">Faktury za fiktivn\u00ed poradensk\u00e9 slu\u017eby.<\/p>\n\n\n\n<h1 class=\"wp-block-heading\"><strong>A rozhovory o p\u0159evodu pen\u011bz je\u0161t\u011b p\u0159edt\u00edm, ne\u017e Adrian pl\u00e1noval po\u017e\u00e1dat o rozvod.<\/strong><\/h1>\n\n\n\n<p class=\"wp-block-paragraph\">Adrianova tv\u00e1\u0159 ztvrdla.<\/p>\n\n\n\n<p class=\"wp-block-paragraph\">\u201eP\u0159esta\u0148 mluvit.\u201c<\/p>\n\n\n\n<p class=\"wp-block-paragraph\">Gabriel se na ni klidn\u011b pod\u00edval.<\/p>\n\n\n\n<p class=\"wp-block-paragraph\">\u201eMysl\u00edm, \u017ee bude rozumn\u00e9, kdy\u017e budete pokra\u010dovat.\u201c<\/p>\n\n\n\n<p class=\"wp-block-paragraph\">Richard si pomalu sedl.<\/p>\n\n\n\n<p class=\"wp-block-paragraph\">Margaret ke mn\u011b p\u0159istoupila.<\/p>\n\n\n\n<p class=\"wp-block-paragraph\">\u201eEleno, rodiny si odpou\u0161t\u011bj\u00ed.\u201c<\/p>\n\n\n\n<p class=\"wp-block-paragraph\">M\u00e1lem jsem se zasm\u00e1la.<\/p>\n\n\n\n<p class=\"wp-block-paragraph\">\u201eCel\u00e9 roky jste mi \u0159\u00edkali, \u017ee do va\u0161\u00ed rodiny ve skute\u010dnosti nepat\u0159\u00edm.\u201c<\/p>\n\n\n\n<p class=\"wp-block-paragraph\">\u201eByla jsem rozzloben\u00e1.\u201c<\/p>\n\n\n\n<p class=\"wp-block-paragraph\">\u201eSledovala jste sv\u00e9ho syna, jak m\u011b poni\u017euje p\u0159ed pades\u00e1ti lidmi.\u201c<\/p>\n\n\n\n<p class=\"wp-block-paragraph\">Jej\u00ed v\u00fdraz se zm\u011bnil.<\/p>\n\n\n\n<p class=\"wp-block-paragraph\">\u201eCo chce\u0161?\u201c<\/p>\n\n\n\n<p class=\"wp-block-paragraph\">Byla to zvl\u00e1\u0161tn\u00ed ot\u00e1zka.<\/p>\n\n\n\n<p class=\"wp-block-paragraph\">Cel\u00e9 roky jsem tou\u017eila po Adrianov\u011b respektu.<\/p>\n\n\n\n<p class=\"wp-block-paragraph\">Cht\u011bla jsem Margaretino uzn\u00e1n\u00ed.<\/p>\n\n\n\n<p class=\"wp-block-paragraph\">Cht\u011bla jsem, aby m\u011b rodina Coleov\u00fdch kone\u010dn\u011b p\u0159ijala jako n\u011bkoho, kdo sem pat\u0159\u00ed.<\/p>\n\n\n\n<p class=\"wp-block-paragraph\">Toho ve\u010dera jsem si uv\u011bdomila, \u017ee u\u017e nic z toho nechci.<\/p>\n\n\n\n<p class=\"wp-block-paragraph\">\u201eOd v\u00e1s nechci v\u016fbec nic.\u201c<\/p>\n\n\n\n<p class=\"wp-block-paragraph\">Finan\u010dn\u00ed vy\u0161et\u0159ov\u00e1n\u00ed pokra\u010dovalo n\u011bkolik m\u011bs\u00edc\u016f.<\/p>\n\n\n\n<p class=\"wp-block-paragraph\">Skute\u010dn\u00e9 n\u00e1sledky m\u00e1lokdy p\u0159ijdou b\u011bhem jedin\u00e9ho dramatick\u00e9ho ve\u010dera.<\/p>\n\n\n\n<p class=\"wp-block-paragraph\">Forenzn\u00ed audito\u0159i nakonec odhalili t\u00e9m\u011b\u0159 jeden\u00e1ct milion\u016f dolar\u016f v podez\u0159el\u00fdch p\u0159evodech.<\/p>\n\n\n\n<p class=\"wp-block-paragraph\">U n\u011bkolika dokument\u016f jsem zpochybnila pravost podpis\u016f a opr\u00e1vn\u011bn\u00ed.<\/p>\n\n\n\n<p class=\"wp-block-paragraph\">Spole\u010dnost p\u0159\u00edpad p\u0159edala extern\u00edm vy\u0161et\u0159ovatel\u016fm.<\/p>\n\n\n\n<p class=\"wp-block-paragraph\">P\u0159edstavenstvo Adriana natrvalo odvolalo z funkce gener\u00e1ln\u00edho \u0159editele.<\/p>\n\n\n\n<p class=\"wp-block-paragraph\">Richard pozd\u011bji rezignoval na post p\u0159edsedy p\u0159edstavenstva pot\u00e9, co vy\u0161et\u0159ov\u00e1n\u00ed dosp\u011blo k z\u00e1v\u011bru, \u017ee pod jeho veden\u00edm byly ignorov\u00e1ny z\u00e1va\u017en\u00e9 varovn\u00e9 sign\u00e1ly v \u00fa\u010detnictv\u00ed.<\/p>\n\n\n\n<p class=\"wp-block-paragraph\">Rodina Coleov\u00fdch prodala dv\u011b rekrea\u010dn\u00ed nemovitosti, aby pokryla z\u00e1vazky spole\u010dnosti.<\/p>\n\n\n\n<p class=\"wp-block-paragraph\">Po aktivaci p\u0159\u00edslu\u0161n\u00fdch ustanoven\u00ed p\u0159e\u0161la kontrola nad hypot\u00e9kou na s\u00eddlo do rukou m\u00e9 holdingov\u00e9 spole\u010dnosti.<\/p>\n\n\n\n<p class=\"wp-block-paragraph\">Vanessa vr\u00e1tila byt.<\/p>\n\n\n\n<p class=\"wp-block-paragraph\">Mercedes.<\/p>\n\n\n\n<p class=\"wp-block-paragraph\">A n\u011bkolik v\u011bc\u00ed zakoupen\u00fdch z firemn\u00edch \u00fa\u010dt\u016f.<\/p>\n\n\n\n<p class=\"wp-block-paragraph\">Nakonec za\u010dala s vy\u0161et\u0159ov\u00e1n\u00edm spolupracovat a poskytla informace o rozhovorech, kter\u00fdch byla sv\u011bdkem.<\/p>\n\n\n\n<p class=\"wp-block-paragraph\">Adrian obvi\u0148oval v\u0161echny.<\/p>\n\n\n\n<p class=\"wp-block-paragraph\">Otce.<\/p>\n\n\n\n<p class=\"wp-block-paragraph\">Vanessu.<\/p>\n\n\n\n<p class=\"wp-block-paragraph\">\u00da\u010detn\u00ed.<\/p>\n\n\n\n<p class=\"wp-block-paragraph\">M\u00e9 bratry.<\/p>\n\n\n\n<p class=\"wp-block-paragraph\">M\u011b.<\/p>\n\n\n\n<p class=\"wp-block-paragraph\">Ale tou dobou u\u017e obvi\u0148ov\u00e1n\u00ed nikoho nezaj\u00edmalo.<\/p>\n\n\n\n<p class=\"wp-block-paragraph\">Dokumenty byly jasn\u00e9.<\/p>\n\n\n\n<p class=\"wp-block-paragraph\">N\u00e1\u0161 rozvod trval sedm m\u011bs\u00edc\u016f.<\/p>\n\n\n\n<p class=\"wp-block-paragraph\">Necht\u011bla jsem \u017e\u00e1dn\u00e9 velkolep\u00e9 odvetn\u00e9 vyrovn\u00e1n\u00ed.<\/p>\n\n\n\n<p class=\"wp-block-paragraph\">Nemusela jsem ho.<\/p>\n\n\n\n<p class=\"wp-block-paragraph\">Po\u017eadovala jsem pouze to, na co jsem m\u011bla podle finan\u010dn\u00edch smluv a d\u016fkaz\u016f n\u00e1rok.<\/p>\n\n\n\n<p class=\"wp-block-paragraph\">Rozvod byl schv\u00e1len.<\/p>\n\n\n\n<p class=\"wp-block-paragraph\">Na\u0161e obchodn\u00ed z\u00e1jmy byly odd\u011bleny.<\/p>\n\n\n\n<p class=\"wp-block-paragraph\">A ve\u0161ker\u00e1 dal\u0161\u00ed komunikace prob\u00edhala prost\u0159ednictv\u00edm pr\u00e1vn\u00edk\u016f.<\/p>\n\n\n\n<p class=\"wp-block-paragraph\">Rok po sv\u00fdch \u010dty\u0159iat\u0159ic\u00e1t\u00fdch narozenin\u00e1ch jsem se do s\u00eddla Coleov\u00fdch vr\u00e1tila naposledy.<\/p>\n\n\n\n<p class=\"wp-block-paragraph\">Ne proto, \u017ee bych tam cht\u011bla \u017e\u00edt.<\/p>\n\n\n\n<p class=\"wp-block-paragraph\">Rozhodla jsem se ho darovat.<\/p>\n\n\n\n<p class=\"wp-block-paragraph\">Z nemovitosti vzniklo centrum rehabilitace, poradenstv\u00ed a pr\u00e1vn\u00ed podpory pro lidi, kte\u0159\u00ed se sna\u017e\u00ed znovu vybudovat sv\u016fj \u017eivot po n\u00e1siln\u00fdch nebo manipulativn\u00edch vztaz\u00edch.<\/p>\n\n\n\n<p class=\"wp-block-paragraph\">\u010c\u00e1st projektu byla financov\u00e1na z pen\u011bz z\u00edskan\u00fdch b\u011bhem finan\u010dn\u00edho vy\u0161et\u0159ov\u00e1n\u00ed spole\u010dnosti Coleov\u00fdch.<\/p>\n\n\n\n<p class=\"wp-block-paragraph\">Dominic st\u00e1l vedle m\u011b, zat\u00edmco d\u011bln\u00edci p\u0159estavovali star\u00fd tane\u010dn\u00ed s\u00e1l.<\/p>\n\n\n\n<p class=\"wp-block-paragraph\">\u201eJsi si t\u00edm jist\u00e1?\u201c zeptal se.<\/p>\n\n\n\n<p class=\"wp-block-paragraph\">Rozhl\u00e9dla jsem se po m\u00edstnosti.<\/p>\n\n\n\n<p class=\"wp-block-paragraph\">K\u0159i\u0161\u0165\u00e1lov\u00fd lustr tam st\u00e1le visel.<\/p>\n\n\n\n<p class=\"wp-block-paragraph\">Ale v\u0161echno ostatn\u00ed p\u016fsobilo jinak.<\/p>\n\n\n\n<p class=\"wp-block-paragraph\">\u201eNaprosto.\u201c<\/p>\n\n\n\n<p class=\"wp-block-paragraph\">Venku panovalo ticho.<\/p>\n\n\n\n<p class=\"wp-block-paragraph\">\u017d\u00e1dn\u00fd krut\u00fd sm\u00edch.<\/p>\n\n\n\n<p class=\"wp-block-paragraph\">\u017d\u00e1dn\u00e9 sklenky \u0161ampa\u0148sk\u00e9ho zvedan\u00e9 ve chv\u00edli, kdy je n\u011bkdo poni\u017eov\u00e1n.<\/p>\n\n\n\n<p class=\"wp-block-paragraph\">\u017d\u00e1dn\u00e1 rodina rozhoduj\u00edc\u00ed o hodnot\u011b \u010dlov\u011bka podle pen\u011bz, postaven\u00ed nebo p\u0159\u00edjmen\u00ed.<\/p>\n\n\n\n<p class=\"wp-block-paragraph\">Cel\u00e9 roky jsem se vyh\u00fdbala tomu, abych mluvila o pov\u011bsti rodiny Morettiov\u00fdch.<\/p>\n\n\n\n<p class=\"wp-block-paragraph\">Myslela jsem si, \u017ee moc znamen\u00e1, \u017ee se v\u00e1s ostatn\u00ed boj\u00ed.<\/p>\n\n\n\n<p class=\"wp-block-paragraph\">Nakonec jsem se nau\u010dila n\u011bco mnohem d\u016fle\u017eit\u011bj\u0161\u00edho.<\/p>\n\n\n\n<p class=\"wp-block-paragraph\">Moc neznamen\u00e1 p\u0159im\u011bt ostatn\u00ed, aby se v\u00e1s b\u00e1li.<\/p>\n\n\n\n<p class=\"wp-block-paragraph\"><strong>Moc znamen\u00e1 m\u00edt mo\u017enost n\u011bkoho zni\u010dit \u2014 a p\u0159esto si zvolit spravedlnost a odpov\u011bdnost.<\/strong><\/p>\n\n\n\n<p class=\"wp-block-paragraph\">Znamen\u00e1 v\u011bd\u011bt, kdy odej\u00edt.<\/p>\n\n\n\n<p class=\"wp-block-paragraph\">V\u011bd\u011bt, kdy promluvit.<\/p>\n\n\n\n<p class=\"wp-block-paragraph\">V\u011bd\u011bt, kdy si v\u0161echno zdokumentovat.<\/p>\n\n\n\n<p class=\"wp-block-paragraph\">A v\u011bd\u011bt, \u017ee ml\u010den\u00ed nemus\u00ed v\u017edy znamenat por\u00e1\u017eku.<\/p>\n\n\n\n<p class=\"wp-block-paragraph\">Vy\u0161la jsem ven do odpoledn\u00edho slunce.<\/p>\n\n\n\n<p class=\"wp-block-paragraph\">Za mnou d\u011bln\u00edci d\u00e1l p\u0159em\u011b\u0148ovali tane\u010dn\u00ed s\u00e1l v n\u011bco \u00fapln\u011b jin\u00e9ho.<\/p>\n\n\n\n<p class=\"wp-block-paragraph\">Adrian se m\u011b cel\u00e9 roky sna\u017eil nau\u010dit, kam pat\u0159\u00edm.<\/p>\n\n\n\n<p class=\"wp-block-paragraph\">Nakonec se mu to poda\u0159ilo.<\/p>\n\n\n\n<p class=\"wp-block-paragraph\">Moje m\u00edsto nikdy nebylo pod n\u00edm.<\/p>\n\n\n\n<p class=\"wp-block-paragraph\">A nikdy nebylo ani ve st\u00ednu rodiny Coleov\u00fdch.<\/p>\n\n\n\n<p class=\"wp-block-paragraph\"><strong>Bylo mimo dosah v\u0161ech z nich.<\/strong><\/p>\n\n\n\n<p class=\"wp-block-paragraph\"><\/p>\n","protected":false},"excerpt":{"rendered":"Ve chv\u00edli, kdy se man\u017eelova milenka usm\u00e1la pod k\u0159i\u0161\u0165\u00e1lov\u00fdm lustrem a pades\u00e1t host\u016f p\u0159ihl\u00ed\u017eelo tomu, jak m\u011b na vlastn\u00ed narozeninov\u00e9 oslav\u011b poni\u017euje, se \n<a class=\"moretag\" href=\"https:\/\/vendeto.am\/?p=33287\"> [...]<\/a>","protected":false},"author":1,"featured_media":33288,"comment_status":"open","ping_status":"open","sticky":false,"template":"","format":"standard","meta":{"footnotes":""},"categories":[2],"tags":[],"class_list":["post-33287","post","type-post","status-publish","format-standard","has-post-thumbnail","hentry","category-sport"],"yoast_head":"<!-- This site is optimized with the Yoast SEO plugin v28.4 - https:\/\/yoast.com\/product\/yoast-seo-wordpress\/ -->\n<title>NA OSLAV\u011a M\u00ddCH NAROZENIN SE MI MAN\u017dEL VE\u0158EJN\u011a POSM\u00cdVAL KV\u016eLI SKVRN\u011a NA \u0160ATECH SV\u00c9 MILENKY. ML\u010cELA JSEM, ZAVOLALA SV\u00ddM P\u011aTI BRATR\u016eM A ZA\u0160EPTALA: \u201ePOT\u0158EBUJI, ABYSTE SEM P\u0158IJELI.\u201c PAK SE OBJEVILA \u010cERN\u00c1 SUV A JEHO \u00daSM\u011aV OKAM\u017dIT\u011a ZMIZEL. -<\/title>\n<meta name=\"robots\" content=\"index, follow, max-snippet:-1, max-image-preview:large, max-video-preview:-1\" \/>\n<link rel=\"canonical\" href=\"https:\/\/vendeto.am\/?p=33287\" \/>\n<meta property=\"og:locale\" content=\"ru_RU\" \/>\n<meta property=\"og:type\" content=\"article\" \/>\n<meta property=\"og:title\" content=\"NA OSLAV\u011a M\u00ddCH NAROZENIN SE MI MAN\u017dEL VE\u0158EJN\u011a POSM\u00cdVAL KV\u016eLI SKVRN\u011a NA \u0160ATECH SV\u00c9 MILENKY. ML\u010cELA JSEM, ZAVOLALA SV\u00ddM P\u011aTI BRATR\u016eM A ZA\u0160EPTALA: \u201ePOT\u0158EBUJI, ABYSTE SEM P\u0158IJELI.\u201c PAK SE OBJEVILA \u010cERN\u00c1 SUV A JEHO \u00daSM\u011aV OKAM\u017dIT\u011a ZMIZEL. -\" \/>\n<meta property=\"og:description\" content=\"Ve chv\u00edli, kdy se man\u017eelova milenka usm\u00e1la pod k\u0159i\u0161\u0165\u00e1lov\u00fdm lustrem a pades\u00e1t host\u016f p\u0159ihl\u00ed\u017eelo tomu, jak m\u011b na vlastn\u00ed narozeninov\u00e9 oslav\u011b poni\u017euje, se\" \/>\n<meta property=\"og:url\" content=\"https:\/\/vendeto.am\/?p=33287\" \/>\n<meta property=\"article:published_time\" content=\"2026-09-06T17:54:41+00:00\" \/>\n<meta property=\"article:modified_time\" content=\"2026-09-06T17:54:44+00:00\" \/>\n<meta property=\"og:image\" content=\"https:\/\/vendeto.am\/wp-content\/uploads\/2026\/09\/ballroom_warm_golden.jpg\" \/>\n\t<meta property=\"og:image:width\" content=\"1408\" \/>\n\t<meta property=\"og:image:height\" content=\"1760\" \/>\n\t<meta property=\"og:image:type\" content=\"image\/jpeg\" \/>\n<meta name=\"author\" content=\"admin\" \/>\n<meta name=\"twitter:card\" content=\"summary_large_image\" \/>\n<meta name=\"twitter:label1\" content=\"\u041d\u0430\u043f\u0438\u0441\u0430\u043d\u043e \u0430\u0432\u0442\u043e\u0440\u043e\u043c\" \/>\n\t<meta name=\"twitter:data1\" content=\"admin\" \/>\n\t<meta name=\"twitter:label2\" content=\"\u041f\u0440\u0438\u043c\u0435\u0440\u043d\u043e\u0435 \u0432\u0440\u0435\u043c\u044f \u0434\u043b\u044f \u0447\u0442\u0435\u043d\u0438\u044f\" \/>\n\t<meta name=\"twitter:data2\" content=\"12 \u043c\u0438\u043d\u0443\u0442\" \/>\n<script type=\"application\/ld+json\" class=\"yoast-schema-graph\">{\"@context\":\"https:\\\/\\\/schema.org\",\"@graph\":[{\"@type\":\"Article\",\"@id\":\"https:\\\/\\\/vendeto.am\\\/?p=33287#article\",\"isPartOf\":{\"@id\":\"https:\\\/\\\/vendeto.am\\\/?p=33287\"},\"author\":{\"name\":\"admin\",\"@id\":\"https:\\\/\\\/vendeto.am\\\/#\\\/schema\\\/person\\\/48a4bd89d2048190ecc61e5ce821bef7\"},\"headline\":\"NA OSLAV\u011a M\u00ddCH NAROZENIN SE MI MAN\u017dEL VE\u0158EJN\u011a POSM\u00cdVAL KV\u016eLI SKVRN\u011a NA \u0160ATECH SV\u00c9 MILENKY. ML\u010cELA JSEM, ZAVOLALA SV\u00ddM P\u011aTI BRATR\u016eM A ZA\u0160EPTALA: \u201ePOT\u0158EBUJI, ABYSTE SEM P\u0158IJELI.\u201c PAK SE OBJEVILA \u010cERN\u00c1 SUV A JEHO \u00daSM\u011aV OKAM\u017dIT\u011a ZMIZEL.\",\"datePublished\":\"2026-09-06T17:54:41+00:00\",\"dateModified\":\"2026-09-06T17:54:44+00:00\",\"mainEntityOfPage\":{\"@id\":\"https:\\\/\\\/vendeto.am\\\/?p=33287\"},\"wordCount\":2932,\"commentCount\":0,\"image\":{\"@id\":\"https:\\\/\\\/vendeto.am\\\/?p=33287#primaryimage\"},\"thumbnailUrl\":\"https:\\\/\\\/vendeto.am\\\/wp-content\\\/uploads\\\/2026\\\/09\\\/ballroom_warm_golden.jpg\",\"articleSection\":[\"SPORT\"],\"inLanguage\":\"ru-RU\",\"potentialAction\":[{\"@type\":\"CommentAction\",\"name\":\"Comment\",\"target\":[\"https:\\\/\\\/vendeto.am\\\/?p=33287#respond\"]}]},{\"@type\":\"WebPage\",\"@id\":\"https:\\\/\\\/vendeto.am\\\/?p=33287\",\"url\":\"https:\\\/\\\/vendeto.am\\\/?p=33287\",\"name\":\"NA OSLAV\u011a M\u00ddCH NAROZENIN SE MI MAN\u017dEL VE\u0158EJN\u011a POSM\u00cdVAL KV\u016eLI SKVRN\u011a NA \u0160ATECH SV\u00c9 MILENKY. ML\u010cELA JSEM, ZAVOLALA SV\u00ddM P\u011aTI BRATR\u016eM A ZA\u0160EPTALA: \u201ePOT\u0158EBUJI, ABYSTE SEM P\u0158IJELI.\u201c PAK SE OBJEVILA \u010cERN\u00c1 SUV A JEHO \u00daSM\u011aV OKAM\u017dIT\u011a ZMIZEL. -\",\"isPartOf\":{\"@id\":\"https:\\\/\\\/vendeto.am\\\/#website\"},\"primaryImageOfPage\":{\"@id\":\"https:\\\/\\\/vendeto.am\\\/?p=33287#primaryimage\"},\"image\":{\"@id\":\"https:\\\/\\\/vendeto.am\\\/?p=33287#primaryimage\"},\"thumbnailUrl\":\"https:\\\/\\\/vendeto.am\\\/wp-content\\\/uploads\\\/2026\\\/09\\\/ballroom_warm_golden.jpg\",\"datePublished\":\"2026-09-06T17:54:41+00:00\",\"dateModified\":\"2026-09-06T17:54:44+00:00\",\"author\":{\"@id\":\"https:\\\/\\\/vendeto.am\\\/#\\\/schema\\\/person\\\/48a4bd89d2048190ecc61e5ce821bef7\"},\"breadcrumb\":{\"@id\":\"https:\\\/\\\/vendeto.am\\\/?p=33287#breadcrumb\"},\"inLanguage\":\"ru-RU\",\"potentialAction\":[{\"@type\":\"ReadAction\",\"target\":[\"https:\\\/\\\/vendeto.am\\\/?p=33287\"]}]},{\"@type\":\"ImageObject\",\"inLanguage\":\"ru-RU\",\"@id\":\"https:\\\/\\\/vendeto.am\\\/?p=33287#primaryimage\",\"url\":\"https:\\\/\\\/vendeto.am\\\/wp-content\\\/uploads\\\/2026\\\/09\\\/ballroom_warm_golden.jpg\",\"contentUrl\":\"https:\\\/\\\/vendeto.am\\\/wp-content\\\/uploads\\\/2026\\\/09\\\/ballroom_warm_golden.jpg\",\"width\":1408,\"height\":1760},{\"@type\":\"BreadcrumbList\",\"@id\":\"https:\\\/\\\/vendeto.am\\\/?p=33287#breadcrumb\",\"itemListElement\":[{\"@type\":\"ListItem\",\"position\":1,\"name\":\"\u0413\u043b\u0430\u0432\u043d\u0430\u044f \u0441\u0442\u0440\u0430\u043d\u0438\u0446\u0430\",\"item\":\"https:\\\/\\\/vendeto.am\\\/\"},{\"@type\":\"ListItem\",\"position\":2,\"name\":\"NA OSLAV\u011a M\u00ddCH NAROZENIN SE MI MAN\u017dEL VE\u0158EJN\u011a POSM\u00cdVAL KV\u016eLI SKVRN\u011a NA \u0160ATECH SV\u00c9 MILENKY. ML\u010cELA JSEM, ZAVOLALA SV\u00ddM P\u011aTI BRATR\u016eM A ZA\u0160EPTALA: \u201ePOT\u0158EBUJI, ABYSTE SEM P\u0158IJELI.\u201c PAK SE OBJEVILA \u010cERN\u00c1 SUV A JEHO \u00daSM\u011aV OKAM\u017dIT\u011a ZMIZEL.\"}]},{\"@type\":\"WebSite\",\"@id\":\"https:\\\/\\\/vendeto.am\\\/#website\",\"url\":\"https:\\\/\\\/vendeto.am\\\/\",\"name\":\"\",\"description\":\"\",\"potentialAction\":[{\"@type\":\"SearchAction\",\"target\":{\"@type\":\"EntryPoint\",\"urlTemplate\":\"https:\\\/\\\/vendeto.am\\\/?s={search_term_string}\"},\"query-input\":{\"@type\":\"PropertyValueSpecification\",\"valueRequired\":true,\"valueName\":\"search_term_string\"}}],\"inLanguage\":\"ru-RU\"},{\"@type\":\"Person\",\"@id\":\"https:\\\/\\\/vendeto.am\\\/#\\\/schema\\\/person\\\/48a4bd89d2048190ecc61e5ce821bef7\",\"name\":\"admin\",\"image\":{\"@type\":\"ImageObject\",\"inLanguage\":\"ru-RU\",\"@id\":\"https:\\\/\\\/secure.gravatar.com\\\/avatar\\\/df64e550a0653b7be0f1bcf897f33faad9c2c8153472b2d9319beafb51370f6f?s=96&d=mm&r=g\",\"url\":\"https:\\\/\\\/secure.gravatar.com\\\/avatar\\\/df64e550a0653b7be0f1bcf897f33faad9c2c8153472b2d9319beafb51370f6f?s=96&d=mm&r=g\",\"contentUrl\":\"https:\\\/\\\/secure.gravatar.com\\\/avatar\\\/df64e550a0653b7be0f1bcf897f33faad9c2c8153472b2d9319beafb51370f6f?s=96&d=mm&r=g\",\"caption\":\"admin\"},\"sameAs\":[\"http:\\\/\\\/vendeto.am\"]}]}<\/script>\n<!-- \/ Yoast SEO plugin. -->","yoast_head_json":{"title":"NA OSLAV\u011a M\u00ddCH NAROZENIN SE MI MAN\u017dEL VE\u0158EJN\u011a POSM\u00cdVAL KV\u016eLI SKVRN\u011a NA \u0160ATECH SV\u00c9 MILENKY. ML\u010cELA JSEM, ZAVOLALA SV\u00ddM P\u011aTI BRATR\u016eM A ZA\u0160EPTALA: \u201ePOT\u0158EBUJI, ABYSTE SEM P\u0158IJELI.\u201c PAK SE OBJEVILA \u010cERN\u00c1 SUV A JEHO \u00daSM\u011aV OKAM\u017dIT\u011a ZMIZEL. -","robots":{"index":"index","follow":"follow","max-snippet":"max-snippet:-1","max-image-preview":"max-image-preview:large","max-video-preview":"max-video-preview:-1"},"canonical":"https:\/\/vendeto.am\/?p=33287","og_locale":"ru_RU","og_type":"article","og_title":"NA OSLAV\u011a M\u00ddCH NAROZENIN SE MI MAN\u017dEL VE\u0158EJN\u011a POSM\u00cdVAL KV\u016eLI SKVRN\u011a NA \u0160ATECH SV\u00c9 MILENKY. ML\u010cELA JSEM, ZAVOLALA SV\u00ddM P\u011aTI BRATR\u016eM A ZA\u0160EPTALA: \u201ePOT\u0158EBUJI, ABYSTE SEM P\u0158IJELI.\u201c PAK SE OBJEVILA \u010cERN\u00c1 SUV A JEHO \u00daSM\u011aV OKAM\u017dIT\u011a ZMIZEL. -","og_description":"Ve chv\u00edli, kdy se man\u017eelova milenka usm\u00e1la pod k\u0159i\u0161\u0165\u00e1lov\u00fdm lustrem a pades\u00e1t host\u016f p\u0159ihl\u00ed\u017eelo tomu, jak m\u011b na vlastn\u00ed narozeninov\u00e9 oslav\u011b poni\u017euje, se","og_url":"https:\/\/vendeto.am\/?p=33287","article_published_time":"2026-09-06T17:54:41+00:00","article_modified_time":"2026-09-06T17:54:44+00:00","og_image":[{"width":1408,"height":1760,"url":"https:\/\/vendeto.am\/wp-content\/uploads\/2026\/09\/ballroom_warm_golden.jpg","type":"image\/jpeg"}],"author":"admin","twitter_card":"summary_large_image","twitter_misc":{"\u041d\u0430\u043f\u0438\u0441\u0430\u043d\u043e \u0430\u0432\u0442\u043e\u0440\u043e\u043c":"admin","\u041f\u0440\u0438\u043c\u0435\u0440\u043d\u043e\u0435 \u0432\u0440\u0435\u043c\u044f \u0434\u043b\u044f \u0447\u0442\u0435\u043d\u0438\u044f":"12 \u043c\u0438\u043d\u0443\u0442"},"schema":{"@context":"https:\/\/schema.org","@graph":[{"@type":"Article","@id":"https:\/\/vendeto.am\/?p=33287#article","isPartOf":{"@id":"https:\/\/vendeto.am\/?p=33287"},"author":{"name":"admin","@id":"https:\/\/vendeto.am\/#\/schema\/person\/48a4bd89d2048190ecc61e5ce821bef7"},"headline":"NA OSLAV\u011a M\u00ddCH NAROZENIN SE MI MAN\u017dEL VE\u0158EJN\u011a POSM\u00cdVAL KV\u016eLI SKVRN\u011a NA \u0160ATECH SV\u00c9 MILENKY. ML\u010cELA JSEM, ZAVOLALA SV\u00ddM P\u011aTI BRATR\u016eM A ZA\u0160EPTALA: \u201ePOT\u0158EBUJI, ABYSTE SEM P\u0158IJELI.\u201c PAK SE OBJEVILA \u010cERN\u00c1 SUV A JEHO \u00daSM\u011aV OKAM\u017dIT\u011a ZMIZEL.","datePublished":"2026-09-06T17:54:41+00:00","dateModified":"2026-09-06T17:54:44+00:00","mainEntityOfPage":{"@id":"https:\/\/vendeto.am\/?p=33287"},"wordCount":2932,"commentCount":0,"image":{"@id":"https:\/\/vendeto.am\/?p=33287#primaryimage"},"thumbnailUrl":"https:\/\/vendeto.am\/wp-content\/uploads\/2026\/09\/ballroom_warm_golden.jpg","articleSection":["SPORT"],"inLanguage":"ru-RU","potentialAction":[{"@type":"CommentAction","name":"Comment","target":["https:\/\/vendeto.am\/?p=33287#respond"]}]},{"@type":"WebPage","@id":"https:\/\/vendeto.am\/?p=33287","url":"https:\/\/vendeto.am\/?p=33287","name":"NA OSLAV\u011a M\u00ddCH NAROZENIN SE MI MAN\u017dEL VE\u0158EJN\u011a POSM\u00cdVAL KV\u016eLI SKVRN\u011a NA \u0160ATECH SV\u00c9 MILENKY. ML\u010cELA JSEM, ZAVOLALA SV\u00ddM P\u011aTI BRATR\u016eM A ZA\u0160EPTALA: \u201ePOT\u0158EBUJI, ABYSTE SEM P\u0158IJELI.\u201c PAK SE OBJEVILA \u010cERN\u00c1 SUV A JEHO \u00daSM\u011aV OKAM\u017dIT\u011a ZMIZEL. -","isPartOf":{"@id":"https:\/\/vendeto.am\/#website"},"primaryImageOfPage":{"@id":"https:\/\/vendeto.am\/?p=33287#primaryimage"},"image":{"@id":"https:\/\/vendeto.am\/?p=33287#primaryimage"},"thumbnailUrl":"https:\/\/vendeto.am\/wp-content\/uploads\/2026\/09\/ballroom_warm_golden.jpg","datePublished":"2026-09-06T17:54:41+00:00","dateModified":"2026-09-06T17:54:44+00:00","author":{"@id":"https:\/\/vendeto.am\/#\/schema\/person\/48a4bd89d2048190ecc61e5ce821bef7"},"breadcrumb":{"@id":"https:\/\/vendeto.am\/?p=33287#breadcrumb"},"inLanguage":"ru-RU","potentialAction":[{"@type":"ReadAction","target":["https:\/\/vendeto.am\/?p=33287"]}]},{"@type":"ImageObject","inLanguage":"ru-RU","@id":"https:\/\/vendeto.am\/?p=33287#primaryimage","url":"https:\/\/vendeto.am\/wp-content\/uploads\/2026\/09\/ballroom_warm_golden.jpg","contentUrl":"https:\/\/vendeto.am\/wp-content\/uploads\/2026\/09\/ballroom_warm_golden.jpg","width":1408,"height":1760},{"@type":"BreadcrumbList","@id":"https:\/\/vendeto.am\/?p=33287#breadcrumb","itemListElement":[{"@type":"ListItem","position":1,"name":"\u0413\u043b\u0430\u0432\u043d\u0430\u044f \u0441\u0442\u0440\u0430\u043d\u0438\u0446\u0430","item":"https:\/\/vendeto.am\/"},{"@type":"ListItem","position":2,"name":"NA OSLAV\u011a M\u00ddCH NAROZENIN SE MI MAN\u017dEL VE\u0158EJN\u011a POSM\u00cdVAL KV\u016eLI SKVRN\u011a NA \u0160ATECH SV\u00c9 MILENKY. ML\u010cELA JSEM, ZAVOLALA SV\u00ddM P\u011aTI BRATR\u016eM A ZA\u0160EPTALA: \u201ePOT\u0158EBUJI, ABYSTE SEM P\u0158IJELI.\u201c PAK SE OBJEVILA \u010cERN\u00c1 SUV A JEHO \u00daSM\u011aV OKAM\u017dIT\u011a ZMIZEL."}]},{"@type":"WebSite","@id":"https:\/\/vendeto.am\/#website","url":"https:\/\/vendeto.am\/","name":"","description":"","potentialAction":[{"@type":"SearchAction","target":{"@type":"EntryPoint","urlTemplate":"https:\/\/vendeto.am\/?s={search_term_string}"},"query-input":{"@type":"PropertyValueSpecification","valueRequired":true,"valueName":"search_term_string"}}],"inLanguage":"ru-RU"},{"@type":"Person","@id":"https:\/\/vendeto.am\/#\/schema\/person\/48a4bd89d2048190ecc61e5ce821bef7","name":"admin","image":{"@type":"ImageObject","inLanguage":"ru-RU","@id":"https:\/\/secure.gravatar.com\/avatar\/df64e550a0653b7be0f1bcf897f33faad9c2c8153472b2d9319beafb51370f6f?s=96&d=mm&r=g","url":"https:\/\/secure.gravatar.com\/avatar\/df64e550a0653b7be0f1bcf897f33faad9c2c8153472b2d9319beafb51370f6f?s=96&d=mm&r=g","contentUrl":"https:\/\/secure.gravatar.com\/avatar\/df64e550a0653b7be0f1bcf897f33faad9c2c8153472b2d9319beafb51370f6f?s=96&d=mm&r=g","caption":"admin"},"sameAs":["http:\/\/vendeto.am"]}]}},"_links":{"self":[{"href":"https:\/\/vendeto.am\/index.php?rest_route=\/wp\/v2\/posts\/33287","targetHints":{"allow":["GET"]}}],"collection":[{"href":"https:\/\/vendeto.am\/index.php?rest_route=\/wp\/v2\/posts"}],"about":[{"href":"https:\/\/vendeto.am\/index.php?rest_route=\/wp\/v2\/types\/post"}],"author":[{"embeddable":true,"href":"https:\/\/vendeto.am\/index.php?rest_route=\/wp\/v2\/users\/1"}],"replies":[{"embeddable":true,"href":"https:\/\/vendeto.am\/index.php?rest_route=%2Fwp%2Fv2%2Fcomments&post=33287"}],"version-history":[{"count":1,"href":"https:\/\/vendeto.am\/index.php?rest_route=\/wp\/v2\/posts\/33287\/revisions"}],"predecessor-version":[{"id":33289,"href":"https:\/\/vendeto.am\/index.php?rest_route=\/wp\/v2\/posts\/33287\/revisions\/33289"}],"wp:featuredmedia":[{"embeddable":true,"href":"https:\/\/vendeto.am\/index.php?rest_route=\/wp\/v2\/media\/33288"}],"wp:attachment":[{"href":"https:\/\/vendeto.am\/index.php?rest_route=%2Fwp%2Fv2%2Fmedia&parent=33287"}],"wp:term":[{"taxonomy":"category","embeddable":true,"href":"https:\/\/vendeto.am\/index.php?rest_route=%2Fwp%2Fv2%2Fcategories&post=33287"},{"taxonomy":"post_tag","embeddable":true,"href":"https:\/\/vendeto.am\/index.php?rest_route=%2Fwp%2Fv2%2Ftags&post=33287"}],"curies":[{"name":"wp","href":"https:\/\/api.w.org\/{rel}","templated":true}]}}