{"id":33302,"date":"2026-09-06T21:52:19","date_gmt":"2026-09-06T18:52:19","guid":{"rendered":"https:\/\/vendeto.am\/?p=33302"},"modified":"2026-09-06T21:52:22","modified_gmt":"2026-09-06T18:52:22","slug":"mi-hijo-de-cinco-anos-miro-a-la-recien-nacida-y-susurro-mama-esa-no-es-mi-hermana","status":"publish","type":"post","link":"https:\/\/vendeto.am\/?p=33302","title":{"rendered":"MI HIJO DE CINCO A\u00d1OS MIR\u00d3 A LA RECI\u00c9N NACIDA Y SUSURR\u00d3: \u00abMAM\u00c1\u2026 ESA NO ES MI HERMANA\u00bb"},"content":{"rendered":"\n<p class=\"wp-block-paragraph\">La noche que regresamos del hospital, pens\u00e9 que por fin comenzar\u00edamos nuestra nueva vida como una familia de cuatro.<\/p>\n\n\n\n<p class=\"wp-block-paragraph\">Nuestra hija apenas ten\u00eda tres d\u00edas de vida.<\/p>\n\n\n\n<p class=\"wp-block-paragraph\">Yo estaba agotada, Daniel casi no hab\u00eda dormido y Max llevaba meses esperando conocer por fin a su hermanita en casa.<\/p>\n\n\n\n<p class=\"wp-block-paragraph\">Pero en cuanto entr\u00f3 en la habitaci\u00f3n del beb\u00e9, se qued\u00f3 completamente paralizado.<\/p>\n\n\n\n<p class=\"wp-block-paragraph\">Mir\u00f3 la cuna.<\/p>\n\n\n\n<p class=\"wp-block-paragraph\">Luego me mir\u00f3 a m\u00ed.<\/p>\n\n\n\n<p class=\"wp-block-paragraph\">Toda la sangre desapareci\u00f3 de su rostro.<\/p>\n\n\n\n<p class=\"wp-block-paragraph\">\u2014Mam\u00e1\u2026<\/p>\n\n\n\n<p class=\"wp-block-paragraph\">\u2014\u00bfQu\u00e9 pasa?<\/p>\n\n\n\n<p class=\"wp-block-paragraph\">Max dio un paso hacia atr\u00e1s.<\/p>\n\n\n\n<p class=\"wp-block-paragraph\">\u2014Trajimos al beb\u00e9 equivocado.<\/p>\n\n\n\n<p class=\"wp-block-paragraph\">Al principio, casi sonre\u00ed.<\/p>\n\n\n\n<p class=\"wp-block-paragraph\">Pens\u00e9 que estaba expresando los celos de una manera infantil.<\/p>\n\n\n\n<p class=\"wp-block-paragraph\">Durante semanas le hab\u00edamos explicado que el beb\u00e9 necesitar\u00eda mucha atenci\u00f3n.<\/p>\n\n\n\n<p class=\"wp-block-paragraph\">\u2014Max, cari\u00f1o, claro que es tu hermana.<\/p>\n\n\n\n<p class=\"wp-block-paragraph\">\u00c9l neg\u00f3 lentamente con la cabeza.<\/p>\n\n\n\n<p class=\"wp-block-paragraph\">\u2014No. No lo es.<\/p>\n\n\n\n<p class=\"wp-block-paragraph\">Me sorprendi\u00f3, porque Max hab\u00eda sido quien m\u00e1s ilusi\u00f3n ten\u00eda por la llegada del beb\u00e9 durante todo el embarazo.<\/p>\n\n\n\n<p class=\"wp-block-paragraph\">Al d\u00eda siguiente del parto, Daniel lo llev\u00f3 al hospital.<\/p>\n\n\n\n<p class=\"wp-block-paragraph\">Cuando pusimos a la peque\u00f1a en sus brazos, Max la sostuvo con tanto cuidado que casi parec\u00eda tener miedo de respirar.<\/p>\n\n\n\n<p class=\"wp-block-paragraph\">Entonces not\u00f3 algo.<\/p>\n\n\n\n<figure class=\"wp-block-image size-large\"><img loading=\"lazy\" decoding=\"async\" width=\"819\" height=\"1024\" src=\"https:\/\/vendeto.am\/wp-content\/uploads\/2026\/09\/warm_cozy_living_room-1-819x1024.jpg\" alt=\"\" class=\"wp-image-33303\" srcset=\"https:\/\/vendeto.am\/wp-content\/uploads\/2026\/09\/warm_cozy_living_room-1-819x1024.jpg 819w, https:\/\/vendeto.am\/wp-content\/uploads\/2026\/09\/warm_cozy_living_room-1-240x300.jpg 240w, https:\/\/vendeto.am\/wp-content\/uploads\/2026\/09\/warm_cozy_living_room-1-768x960.jpg 768w, https:\/\/vendeto.am\/wp-content\/uploads\/2026\/09\/warm_cozy_living_room-1-1229x1536.jpg 1229w, https:\/\/vendeto.am\/wp-content\/uploads\/2026\/09\/warm_cozy_living_room-1.jpg 1408w\" sizes=\"auto, (max-width: 819px) 100vw, 819px\" \/><\/figure>\n\n\n\n<p class=\"wp-block-paragraph\">Detr\u00e1s de la oreja derecha del beb\u00e9 hab\u00eda una peque\u00f1a mancha rojiza en forma de media luna.<\/p>\n\n\n\n<p class=\"wp-block-paragraph\">\u2014\u00a1Mam\u00e1, mira!<\/p>\n\n\n\n<p class=\"wp-block-paragraph\">Sonri\u00f3 emocionado.<\/p>\n\n\n\n<p class=\"wp-block-paragraph\">\u2014Parece que la luna la bes\u00f3.<\/p>\n\n\n\n<p class=\"wp-block-paragraph\">Desde ese momento, Max qued\u00f3 completamente fascinado con aquella peque\u00f1a marca.<\/p>\n\n\n\n<p class=\"wp-block-paragraph\">Antes de que sali\u00e9ramos del hospital, toc\u00f3 los deditos de su hermanita y le prometi\u00f3:<\/p>\n\n\n\n<p class=\"wp-block-paragraph\">\u2014Yo soy tu hermano mayor. Siempre te proteger\u00e9.<\/p>\n\n\n\n<p class=\"wp-block-paragraph\">Pero en casa su comportamiento cambi\u00f3 por completo.<\/p>\n\n\n\n<p class=\"wp-block-paragraph\">No quer\u00eda acercarse a la cuna.<\/p>\n\n\n\n<p class=\"wp-block-paragraph\">Se negaba a cargarla.<\/p>\n\n\n\n<p class=\"wp-block-paragraph\">Cuando el beb\u00e9 lloraba, Max sal\u00eda de la habitaci\u00f3n.<\/p>\n\n\n\n<p class=\"wp-block-paragraph\">Y nunca dec\u00eda su nombre.<\/p>\n\n\n\n<p class=\"wp-block-paragraph\">Daniel dec\u00eda que era normal.<\/p>\n\n\n\n<p class=\"wp-block-paragraph\">\u2014Solo necesita acostumbrarse.<\/p>\n\n\n\n<p class=\"wp-block-paragraph\">Yo quer\u00eda creerle.<\/p>\n\n\n\n<p class=\"wp-block-paragraph\">Hasta la tercera noche.<\/p>\n\n\n\n<p class=\"wp-block-paragraph\">Eran casi las dos de la madrugada cuando me levant\u00e9 para alimentar al beb\u00e9.<\/p>\n\n\n\n<p class=\"wp-block-paragraph\">Al pasar frente a la habitaci\u00f3n de Max, me di cuenta de que su cama estaba vac\u00eda.<\/p>\n\n\n\n<p class=\"wp-block-paragraph\">Lo encontr\u00e9 sentado en el suelo del pasillo, justo frente a la puerta de la habitaci\u00f3n de su hermanita.<\/p>\n\n\n\n<p class=\"wp-block-paragraph\">Ten\u00eda los ojos llenos de l\u00e1grimas.<\/p>\n\n\n\n<p class=\"wp-block-paragraph\">\u2014Max, \u00bfqu\u00e9 haces aqu\u00ed?<\/p>\n\n\n\n<p class=\"wp-block-paragraph\">Me mir\u00f3.<\/p>\n\n\n\n<p class=\"wp-block-paragraph\">\u2014Mam\u00e1\u2026 esa ni\u00f1a no es mi hermana.<\/p>\n\n\n\n<p class=\"wp-block-paragraph\">Su voz no sonaba mimada ni molesta.<\/p>\n\n\n\n<p class=\"wp-block-paragraph\">Sonaba aterrorizada.<\/p>\n\n\n\n<p class=\"wp-block-paragraph\">Me sent\u00e9 a su lado.<\/p>\n\n\n\n<p class=\"wp-block-paragraph\">\u2014Dime por qu\u00e9 sigues diciendo eso.<\/p>\n\n\n\n<p class=\"wp-block-paragraph\">Max me apret\u00f3 las manos.<\/p>\n\n\n\n<p class=\"wp-block-paragraph\">\u2014Porque vi algo en el hospital.<\/p>\n\n\n\n<p class=\"wp-block-paragraph\">Sent\u00ed un escalofr\u00edo recorrerme la espalda.<\/p>\n\n\n\n<p class=\"wp-block-paragraph\">\u2014\u00bfQu\u00e9 viste?<\/p>\n\n\n\n<p class=\"wp-block-paragraph\">\u2014Cuando pap\u00e1 y yo fuimos a comprar zumo, regres\u00e9 antes.<\/p>\n\n\n\n<p class=\"wp-block-paragraph\">Hizo una pausa.<\/p>\n\n\n\n<p class=\"wp-block-paragraph\">\u2014Hab\u00eda una enfermera en tu habitaci\u00f3n.<\/p>\n\n\n\n<p class=\"wp-block-paragraph\">\u2014\u00bfY qu\u00e9 hac\u00eda?<\/p>\n\n\n\n<p class=\"wp-block-paragraph\">\u2014Ten\u00eda otro beb\u00e9.<\/p>\n\n\n\n<p class=\"wp-block-paragraph\">Se me cort\u00f3 la respiraci\u00f3n.<\/p>\n\n\n\n<p class=\"wp-block-paragraph\">\u2014\u00bfEst\u00e1s seguro?<\/p>\n\n\n\n<p class=\"wp-block-paragraph\">Max asinti\u00f3.<\/p>\n\n\n\n<p class=\"wp-block-paragraph\">\u2014Lo puso cerca de tu cama.<\/p>\n\n\n\n<p class=\"wp-block-paragraph\">Entonces susurr\u00f3:<\/p>\n\n\n\n<p class=\"wp-block-paragraph\">\u2014Cuando pap\u00e1 regres\u00f3, el beb\u00e9 que yo hab\u00eda sostenido ya no estaba all\u00ed.<\/p>\n\n\n\n<p class=\"wp-block-paragraph\">Me levant\u00e9 de un salto y corr\u00ed hacia la cuna.<\/p>\n\n\n\n<p class=\"wp-block-paragraph\">Con much\u00edsimo cuidado, gir\u00e9 la cabeza de la reci\u00e9n nacida.<\/p>\n\n\n\n<p class=\"wp-block-paragraph\">Mir\u00e9 detr\u00e1s de su oreja derecha.<\/p>\n\n\n\n<p class=\"wp-block-paragraph\">Nada.<\/p>\n\n\n\n<p class=\"wp-block-paragraph\">No hab\u00eda ninguna mancha.<\/p>\n\n\n\n<p class=\"wp-block-paragraph\">Ninguna marca.<\/p>\n\n\n\n<p class=\"wp-block-paragraph\">Ni siquiera aquella peque\u00f1a media luna que todos hab\u00edamos visto.<\/p>\n\n\n\n<p class=\"wp-block-paragraph\">Daniel entr\u00f3 en ese momento y me encontr\u00f3 examinando al beb\u00e9.<\/p>\n\n\n\n<p class=\"wp-block-paragraph\">\u2014\u00bfQu\u00e9 pasa?<\/p>\n\n\n\n<p class=\"wp-block-paragraph\">\u2014La marca, Daniel.<\/p>\n\n\n\n<p class=\"wp-block-paragraph\">\u2014\u00bfQu\u00e9 marca?<\/p>\n\n\n\n<p class=\"wp-block-paragraph\">Lo mir\u00e9 aterrorizada.<\/p>\n\n\n\n<p class=\"wp-block-paragraph\">\u2014El beso de la luna.<\/p>\n\n\n\n<p class=\"wp-block-paragraph\">En ese instante, \u00e9l tambi\u00e9n palideci\u00f3.<\/p>\n\n\n\n<p class=\"wp-block-paragraph\">Max apareci\u00f3 detr\u00e1s de nosotros.<\/p>\n\n\n\n<p class=\"wp-block-paragraph\">\u2014Mi hermana la ten\u00eda.<\/p>\n\n\n\n<p class=\"wp-block-paragraph\">Tom\u00e9 mi tel\u00e9fono.<\/p>\n\n\n\n<p class=\"wp-block-paragraph\">Quer\u00eda llamar inmediatamente al hospital.<\/p>\n\n\n\n<p class=\"wp-block-paragraph\">Pero antes de que pudiera marcar, el tel\u00e9fono de Daniel vibr\u00f3 sobre la c\u00f3moda.<\/p>\n\n\n\n<p class=\"wp-block-paragraph\">Hab\u00eda recibido un mensaje de un n\u00famero desconocido.<\/p>\n\n\n\n<p class=\"wp-block-paragraph\">Daniel lo abri\u00f3.<\/p>\n\n\n\n<p class=\"wp-block-paragraph\">Se qued\u00f3 completamente inm\u00f3vil.<\/p>\n\n\n\n<p class=\"wp-block-paragraph\">\u2014\u00bfQu\u00e9 dice?<\/p>\n\n\n\n<p class=\"wp-block-paragraph\">No respondi\u00f3.<\/p>\n\n\n\n<p class=\"wp-block-paragraph\">Me acerqu\u00e9 y mir\u00e9 la pantalla.<\/p>\n\n\n\n<p class=\"wp-block-paragraph\">Solo hab\u00eda una frase:<\/p>\n\n\n\n<p class=\"wp-block-paragraph\"><strong>\u00abSi descubrieron que falta la marca detr\u00e1s de la oreja, no llamen al hospital.\u00bb<\/strong><\/p>\n\n\n\n<p class=\"wp-block-paragraph\">Debajo del mensaje hab\u00eda una fotograf\u00eda.<\/p>\n\n\n\n<p class=\"wp-block-paragraph\">En ella aparec\u00eda un beb\u00e9 envuelto en una manta blanca.<\/p>\n\n\n\n<p class=\"wp-block-paragraph\">Y detr\u00e1s de su oreja derecha\u2026<\/p>\n\n\n\n<p class=\"wp-block-paragraph\">se ve\u00eda claramente una peque\u00f1a media luna roja.<\/p>\n\n\n\n<p class=\"wp-block-paragraph\"><strong>Si llegaron hasta aqu\u00ed, escriban una sola palabra: \u00abLUNA\u00bb \ud83c\udf19<\/strong><\/p>\n\n\n\n<hr class=\"wp-block-separator has-alpha-channel-opacity\"\/>\n\n\n\n<p class=\"wp-block-paragraph\">No sab\u00eda qui\u00e9n hab\u00eda enviado aquella fotograf\u00eda.<\/p>\n\n\n\n<p class=\"wp-block-paragraph\">Pero hab\u00eda algo a\u00fan peor.<\/p>\n\n\n\n<p class=\"wp-block-paragraph\">La foto no parec\u00eda antigua.<\/p>\n\n\n\n<p class=\"wp-block-paragraph\">En una esquina aparec\u00eda la fecha:<\/p>\n\n\n\n<p class=\"wp-block-paragraph\"><strong>hace tres d\u00edas.<\/strong><\/p>\n\n\n\n<p class=\"wp-block-paragraph\">El mismo d\u00eda en que naci\u00f3 mi hija.<\/p>\n\n\n\n<p class=\"wp-block-paragraph\">\u2014Daniel\u2026 \u2014susurr\u00e9\u2014. \u00bfQui\u00e9n tiene a ese beb\u00e9?<\/p>\n\n\n\n<p class=\"wp-block-paragraph\">Me quit\u00f3 el tel\u00e9fono de las manos.<\/p>\n\n\n\n<p class=\"wp-block-paragraph\">Ampli\u00f3 la fotograf\u00eda.<\/p>\n\n\n\n<p class=\"wp-block-paragraph\">Entonces se\u00f1al\u00f3 el fondo.<\/p>\n\n\n\n<p class=\"wp-block-paragraph\">\u2014Espera.<\/p>\n\n\n\n<p class=\"wp-block-paragraph\">Detr\u00e1s de la cuna hab\u00eda una peque\u00f1a placa met\u00e1lica.<\/p>\n\n\n\n<p class=\"wp-block-paragraph\">Daniel se qued\u00f3 completamente paralizado.<\/p>\n\n\n\n<p class=\"wp-block-paragraph\">\u2014Ese no es nuestro hospital.<\/p>\n\n\n\n<p class=\"wp-block-paragraph\">\u2014Entonces, \u00bfd\u00f3nde es?<\/p>\n\n\n\n<p class=\"wp-block-paragraph\">No respondi\u00f3.<\/p>\n\n\n\n<p class=\"wp-block-paragraph\">Volvi\u00f3 a mirar la marca detr\u00e1s de la oreja del beb\u00e9.<\/p>\n\n\n\n<p class=\"wp-block-paragraph\">La misma media luna.<\/p>\n\n\n\n<p class=\"wp-block-paragraph\">Exactamente en el mismo lugar.<\/p>\n\n\n\n<p class=\"wp-block-paragraph\">De repente, Max comenz\u00f3 a llorar.<\/p>\n\n\n\n<p class=\"wp-block-paragraph\">\u2014Mam\u00e1, tenemos que encontrarla.<\/p>\n\n\n\n<p class=\"wp-block-paragraph\">Me arrodill\u00e9 frente a \u00e9l.<\/p>\n\n\n\n<p class=\"wp-block-paragraph\">\u2014\u00bfA qui\u00e9n?<\/p>\n\n\n\n<p class=\"wp-block-paragraph\">\u2014A mi hermanita.<\/p>\n\n\n\n<p class=\"wp-block-paragraph\">Aquellas palabras me rompieron el coraz\u00f3n.<\/p>\n\n\n\n<p class=\"wp-block-paragraph\">Tom\u00e9 el tel\u00e9fono y llam\u00e9 al n\u00famero desconocido.<\/p>\n\n\n\n<p class=\"wp-block-paragraph\">Despu\u00e9s de tres tonos, una mujer respondi\u00f3.<\/p>\n\n\n\n<p class=\"wp-block-paragraph\">\u2014\u00bfPor qu\u00e9 nos enviaron esa fotograf\u00eda?<\/p>\n\n\n\n<p class=\"wp-block-paragraph\">Durante varios segundos hubo silencio.<\/p>\n\n\n\n<p class=\"wp-block-paragraph\">Entonces escuch\u00e9 una voz temblorosa.<\/p>\n\n\n\n<p class=\"wp-block-paragraph\">\u2014Porque ustedes no son los \u00fanicos padres a los que les ha ocurrido esto.<\/p>\n\n\n\n<p class=\"wp-block-paragraph\">Sent\u00ed un escalofr\u00edo por todo el cuerpo.<\/p>\n\n\n\n<p class=\"wp-block-paragraph\">\u2014\u00bfQu\u00e9 quiere decir?<\/p>\n\n\n\n<p class=\"wp-block-paragraph\">\u2014Hay una enfermera trabajando en la maternidad. Lleva varios meses intercambiando beb\u00e9s.<\/p>\n\n\n\n<p class=\"wp-block-paragraph\">Daniel se levant\u00f3 bruscamente.<\/p>\n\n\n\n<p class=\"wp-block-paragraph\">\u2014\u00bfPor qu\u00e9?<\/p>\n\n\n\n<p class=\"wp-block-paragraph\">\u2014No lo s\u00e9. Pero descubrimos que algunos beb\u00e9s desaparecieron de los registros durante varias horas antes de ser entregados a sus familias.<\/p>\n\n\n\n<p class=\"wp-block-paragraph\">Mir\u00e9 a nuestra hija.<\/p>\n\n\n\n<p class=\"wp-block-paragraph\">\u2014\u00bfY la nuestra?<\/p>\n\n\n\n<p class=\"wp-block-paragraph\">La mujer respir\u00f3 profundamente.<\/p>\n\n\n\n<p class=\"wp-block-paragraph\">\u2014El beb\u00e9 que tienen con ustedes no es suyo.<\/p>\n\n\n\n<p class=\"wp-block-paragraph\">Sent\u00ed como si el mundo entero se hubiera detenido.<\/p>\n\n\n\n<p class=\"wp-block-paragraph\">Daniel tuvo que apoyarse contra la pared.<\/p>\n\n\n\n<p class=\"wp-block-paragraph\">\u2014\u00bfD\u00f3nde est\u00e1 nuestra hija?<\/p>\n\n\n\n<p class=\"wp-block-paragraph\">\u2014Estamos intentando averiguarlo.<\/p>\n\n\n\n<p class=\"wp-block-paragraph\">Entonces escuch\u00e9 algo al otro lado de la llamada.<\/p>\n\n\n\n<p class=\"wp-block-paragraph\">El llanto de un beb\u00e9.<\/p>\n\n\n\n<p class=\"wp-block-paragraph\">Me qued\u00e9 paralizada.<\/p>\n\n\n\n<p class=\"wp-block-paragraph\">\u2014Ese llanto\u2026<\/p>\n\n\n\n<p class=\"wp-block-paragraph\">La mujer no respondi\u00f3.<\/p>\n\n\n\n<p class=\"wp-block-paragraph\">\u2014La ni\u00f1a de la fotograf\u00eda est\u00e1 aqu\u00ed.<\/p>\n\n\n\n<p class=\"wp-block-paragraph\">Mi coraz\u00f3n comenz\u00f3 a latir con fuerza.<\/p>\n\n\n\n<p class=\"wp-block-paragraph\">\u2014\u00a1D\u00edgame d\u00f3nde est\u00e1!<\/p>\n\n\n\n<p class=\"wp-block-paragraph\">\u2014No puedo dec\u00edrselo por tel\u00e9fono. Si la enfermera descubre que hemos hablado, podr\u00eda desaparecer.<\/p>\n\n\n\n<p class=\"wp-block-paragraph\">La llamada termin\u00f3.<\/p>\n\n\n\n<p class=\"wp-block-paragraph\">Durante los siguientes veinte minutos, ninguno de nosotros dijo una palabra.<\/p>\n\n\n\n<p class=\"wp-block-paragraph\">Hasta que Max se\u00f1al\u00f3 la pantalla.<\/p>\n\n\n\n<p class=\"wp-block-paragraph\">\u2014Mam\u00e1\u2026<\/p>\n\n\n\n<p class=\"wp-block-paragraph\">La fotograf\u00eda hab\u00eda cambiado.<\/p>\n\n\n\n<p class=\"wp-block-paragraph\">Ahora hab\u00eda otra imagen.<\/p>\n\n\n\n<p class=\"wp-block-paragraph\">Esta vez aparec\u00eda una mujer con uniforme de enfermera.<\/p>\n\n\n\n<p class=\"wp-block-paragraph\">Y detr\u00e1s de ella estaban las puertas de nuestra habitaci\u00f3n del hospital.<\/p>\n\n\n\n<p class=\"wp-block-paragraph\">Daniel reconoci\u00f3 inmediatamente su rostro.<\/p>\n\n\n\n<p class=\"wp-block-paragraph\">\u2014La vi aquella noche.<\/p>\n\n\n\n<p class=\"wp-block-paragraph\">\u2014\u00bfQui\u00e9n es?<\/p>\n\n\n\n<p class=\"wp-block-paragraph\">\u2014La enfermera que estaba en tu habitaci\u00f3n cuando Max y yo fuimos a comprar zumo.<\/p>\n\n\n\n<p class=\"wp-block-paragraph\">Sent\u00ed que las piernas me fallaban.<\/p>\n\n\n\n<p class=\"wp-block-paragraph\">Pero entonces Max dijo algo que nos dej\u00f3 a ambos sin palabras.<\/p>\n\n\n\n<p class=\"wp-block-paragraph\">\u2014Ella no llevaba a mi hermanita.<\/p>\n\n\n\n<p class=\"wp-block-paragraph\">Lo mir\u00e9.<\/p>\n\n\n\n<p class=\"wp-block-paragraph\">\u2014\u00bfQu\u00e9?<\/p>\n\n\n\n<p class=\"wp-block-paragraph\">Max se\u00f1al\u00f3 la fotograf\u00eda.<\/p>\n\n\n\n<p class=\"wp-block-paragraph\">\u2014La mujer de la foto llevaba al beb\u00e9 equivocado.<\/p>\n\n\n\n<p class=\"wp-block-paragraph\">\u2014\u00bfC\u00f3mo lo sabes?<\/p>\n\n\n\n<p class=\"wp-block-paragraph\">Se sec\u00f3 las l\u00e1grimas.<\/p>\n\n\n\n<p class=\"wp-block-paragraph\">\u2014Porque yo vi a mi hermanita.<\/p>\n\n\n\n<p class=\"wp-block-paragraph\">\u2014\u00bfD\u00f3nde?<\/p>\n\n\n\n<p class=\"wp-block-paragraph\">Max cerr\u00f3 los ojos e intent\u00f3 recordar.<\/p>\n\n\n\n<p class=\"wp-block-paragraph\">\u2014En otra habitaci\u00f3n.<\/p>\n\n\n\n<p class=\"wp-block-paragraph\">Me agarr\u00f3 con fuerza de la mano.<\/p>\n\n\n\n<p class=\"wp-block-paragraph\">\u2014Ten\u00eda una manta amarilla.<\/p>\n\n\n\n<p class=\"wp-block-paragraph\">Daniel y yo nos miramos.<\/p>\n\n\n\n<p class=\"wp-block-paragraph\">Nuestra hija hab\u00eda sido envuelta en una manta amarilla inmediatamente despu\u00e9s de nacer.<\/p>\n\n\n\n<p class=\"wp-block-paragraph\">Pero cuando salimos del hospital, nos entregaron a un beb\u00e9 envuelto en una manta blanca.<\/p>\n\n\n\n<p class=\"wp-block-paragraph\">En ese momento comprendimos que Max hab\u00eda estado intentando decirnos la verdad desde el principio.<\/p>\n\n\n\n<p class=\"wp-block-paragraph\">No estaba celoso.<\/p>\n\n\n\n<p class=\"wp-block-paragraph\">Hab\u00eda reconocido a su hermana.<\/p>\n\n\n\n<p class=\"wp-block-paragraph\">La investigaci\u00f3n comenz\u00f3 esa misma noche.<\/p>\n\n\n\n<p class=\"wp-block-paragraph\">La polic\u00eda descubri\u00f3 que, durante las \u00faltimas semanas, tres beb\u00e9s hab\u00edan sido trasladados ilegalmente de una habitaci\u00f3n a otra.<\/p>\n\n\n\n<p class=\"wp-block-paragraph\">Finalmente encontraron la habitaci\u00f3n que aparec\u00eda en la fotograf\u00eda.<\/p>\n\n\n\n<p class=\"wp-block-paragraph\">Estaba all\u00ed.<\/p>\n\n\n\n<p class=\"wp-block-paragraph\">Nuestra verdadera hija.<\/p>\n\n\n\n<p class=\"wp-block-paragraph\">Dormida.<\/p>\n\n\n\n<p class=\"wp-block-paragraph\">Estaba envuelta en una manta amarilla.<\/p>\n\n\n\n<p class=\"wp-block-paragraph\">Y detr\u00e1s de su oreja derecha\u2026<\/p>\n\n\n\n<p class=\"wp-block-paragraph\">estaba la peque\u00f1a media luna roja.<\/p>\n\n\n\n<p class=\"wp-block-paragraph\">Cuando Max la vio, corri\u00f3 hacia ella.<\/p>\n\n\n\n<p class=\"wp-block-paragraph\">Durante unos segundos simplemente se qued\u00f3 mir\u00e1ndola.<\/p>\n\n\n\n<p class=\"wp-block-paragraph\">Luego, con l\u00e1grimas en los ojos, sonri\u00f3.<\/p>\n\n\n\n<p class=\"wp-block-paragraph\">\u2014Te dije que eras mi hermanita.<\/p>\n\n\n\n<p class=\"wp-block-paragraph\">La peque\u00f1a abri\u00f3 los ojos.<\/p>\n\n\n\n<p class=\"wp-block-paragraph\">Y por primera vez desde que regresamos del hospital, Max tom\u00f3 a su hermana en brazos.<\/p>\n\n\n\n<p class=\"wp-block-paragraph\">La enfermera fue arrestada esa misma noche.<\/p>\n\n\n\n<p class=\"wp-block-paragraph\">Nunca llegamos a saber cu\u00e1ntas familias estaban involucradas ni cu\u00e1l era su verdadero motivo.<\/p>\n\n\n\n<p class=\"wp-block-paragraph\">Pero antes de abandonar el hospital, el m\u00e9dico nos entreg\u00f3 los resultados de la prueba de ADN.<\/p>\n\n\n\n<p class=\"wp-block-paragraph\">No hab\u00eda ninguna duda.<\/p>\n\n\n\n<p class=\"wp-block-paragraph\">La ni\u00f1a que ten\u00edamos en casa no era nuestra hija.<\/p>\n\n\n\n<p class=\"wp-block-paragraph\">Y el beb\u00e9 que Max hab\u00eda reconocido desde el principio s\u00ed era nuestra.<\/p>\n\n\n\n<p class=\"wp-block-paragraph\">Unas semanas despu\u00e9s, las otras familias tambi\u00e9n lograron recuperar a sus hijos.<\/p>\n\n\n\n<p class=\"wp-block-paragraph\">Y nosotros intentamos reconstruir nuestras vidas.<\/p>\n\n\n\n<p class=\"wp-block-paragraph\">Una noche, mientras acostaba a mi hija, Max se acerc\u00f3 y volvi\u00f3 a tocar suavemente la peque\u00f1a marca detr\u00e1s de su oreja.<\/p>\n\n\n\n<p class=\"wp-block-paragraph\">\u2014Mam\u00e1\u2026<\/p>\n\n\n\n<p class=\"wp-block-paragraph\">\u2014\u00bfS\u00ed?<\/p>\n\n\n\n<p class=\"wp-block-paragraph\">\u2014La luna de verdad la bes\u00f3.<\/p>\n\n\n\n<p class=\"wp-block-paragraph\">Lo abrac\u00e9.<\/p>\n\n\n\n<p class=\"wp-block-paragraph\">Y en ese momento comprend\u00ed algo que jam\u00e1s olvidar\u00e9:<\/p>\n\n\n\n<p class=\"wp-block-paragraph\">A veces los adultos ignoramos las palabras de los ni\u00f1os porque creemos que son demasiado peque\u00f1os para comprender lo que sucede a su alrededor.<\/p>\n\n\n\n<p class=\"wp-block-paragraph\">Pero aquella noche, mi hijo de cinco a\u00f1os vio la verdad mucho antes que todos nosotros.<\/p>\n\n\n\n<p class=\"wp-block-paragraph\"><strong>Y si no hubi\u00e9ramos escuchado a Max, quiz\u00e1 nunca habr\u00edamos encontrado a nuestra verdadera hija.<\/strong><\/p>\n\n\n\n<p class=\"wp-block-paragraph\"><\/p>\n","protected":false},"excerpt":{"rendered":"La noche que regresamos del hospital, pens\u00e9 que por fin comenzar\u00edamos nuestra nueva vida como una familia de cuatro. Nuestra hija apenas ten\u00eda \n<a class=\"moretag\" href=\"https:\/\/vendeto.am\/?p=33302\"> [...]<\/a>","protected":false},"author":1,"featured_media":33285,"comment_status":"open","ping_status":"open","sticky":false,"template":"","format":"standard","meta":{"footnotes":""},"categories":[3],"tags":[],"class_list":["post-33302","post","type-post","status-publish","format-standard","has-post-thumbnail","hentry","category-video"],"yoast_head":"<!-- This site is optimized with the Yoast SEO plugin v28.4 - https:\/\/yoast.com\/product\/yoast-seo-wordpress\/ -->\n<title>MI HIJO DE CINCO A\u00d1OS MIR\u00d3 A LA RECI\u00c9N NACIDA Y SUSURR\u00d3: \u00abMAM\u00c1\u2026 ESA NO ES MI HERMANA\u00bb -<\/title>\n<meta name=\"robots\" content=\"index, follow, max-snippet:-1, max-image-preview:large, max-video-preview:-1\" \/>\n<link rel=\"canonical\" href=\"https:\/\/vendeto.am\/?p=33302\" \/>\n<meta property=\"og:locale\" content=\"ru_RU\" \/>\n<meta property=\"og:type\" content=\"article\" \/>\n<meta property=\"og:title\" content=\"MI HIJO DE CINCO A\u00d1OS MIR\u00d3 A LA RECI\u00c9N NACIDA Y SUSURR\u00d3: \u00abMAM\u00c1\u2026 ESA NO ES MI HERMANA\u00bb -\" \/>\n<meta property=\"og:description\" content=\"La noche que regresamos del hospital, pens\u00e9 que por fin comenzar\u00edamos nuestra nueva vida como una familia de cuatro. Nuestra hija apenas ten\u00eda\" \/>\n<meta property=\"og:url\" content=\"https:\/\/vendeto.am\/?p=33302\" \/>\n<meta property=\"article:published_time\" content=\"2026-09-06T18:52:19+00:00\" \/>\n<meta property=\"article:modified_time\" content=\"2026-09-06T18:52:22+00:00\" \/>\n<meta property=\"og:image\" content=\"https:\/\/vendeto.am\/wp-content\/uploads\/2026\/09\/warm_cozy_living_room.jpg\" \/>\n\t<meta property=\"og:image:width\" content=\"1408\" \/>\n\t<meta property=\"og:image:height\" content=\"1760\" \/>\n\t<meta property=\"og:image:type\" content=\"image\/jpeg\" \/>\n<meta name=\"author\" content=\"admin\" \/>\n<meta name=\"twitter:card\" content=\"summary_large_image\" \/>\n<meta name=\"twitter:label1\" content=\"\u041d\u0430\u043f\u0438\u0441\u0430\u043d\u043e \u0430\u0432\u0442\u043e\u0440\u043e\u043c\" \/>\n\t<meta name=\"twitter:data1\" content=\"admin\" \/>\n\t<meta name=\"twitter:label2\" content=\"\u041f\u0440\u0438\u043c\u0435\u0440\u043d\u043e\u0435 \u0432\u0440\u0435\u043c\u044f \u0434\u043b\u044f \u0447\u0442\u0435\u043d\u0438\u044f\" \/>\n\t<meta name=\"twitter:data2\" content=\"9 \u043c\u0438\u043d\u0443\u0442\" \/>\n<script type=\"application\/ld+json\" class=\"yoast-schema-graph\">{\"@context\":\"https:\\\/\\\/schema.org\",\"@graph\":[{\"@type\":\"Article\",\"@id\":\"https:\\\/\\\/vendeto.am\\\/?p=33302#article\",\"isPartOf\":{\"@id\":\"https:\\\/\\\/vendeto.am\\\/?p=33302\"},\"author\":{\"name\":\"admin\",\"@id\":\"https:\\\/\\\/vendeto.am\\\/#\\\/schema\\\/person\\\/48a4bd89d2048190ecc61e5ce821bef7\"},\"headline\":\"MI HIJO DE CINCO A\u00d1OS MIR\u00d3 A LA RECI\u00c9N NACIDA Y SUSURR\u00d3: \u00abMAM\u00c1\u2026 ESA NO ES MI HERMANA\u00bb\",\"datePublished\":\"2026-09-06T18:52:19+00:00\",\"dateModified\":\"2026-09-06T18:52:22+00:00\",\"mainEntityOfPage\":{\"@id\":\"https:\\\/\\\/vendeto.am\\\/?p=33302\"},\"wordCount\":1627,\"commentCount\":0,\"image\":{\"@id\":\"https:\\\/\\\/vendeto.am\\\/?p=33302#primaryimage\"},\"thumbnailUrl\":\"https:\\\/\\\/vendeto.am\\\/wp-content\\\/uploads\\\/2026\\\/09\\\/warm_cozy_living_room.jpg\",\"articleSection\":[\"VIDEO\"],\"inLanguage\":\"ru-RU\",\"potentialAction\":[{\"@type\":\"CommentAction\",\"name\":\"Comment\",\"target\":[\"https:\\\/\\\/vendeto.am\\\/?p=33302#respond\"]}]},{\"@type\":\"WebPage\",\"@id\":\"https:\\\/\\\/vendeto.am\\\/?p=33302\",\"url\":\"https:\\\/\\\/vendeto.am\\\/?p=33302\",\"name\":\"MI HIJO DE CINCO A\u00d1OS MIR\u00d3 A LA RECI\u00c9N NACIDA Y SUSURR\u00d3: \u00abMAM\u00c1\u2026 ESA NO ES MI HERMANA\u00bb -\",\"isPartOf\":{\"@id\":\"https:\\\/\\\/vendeto.am\\\/#website\"},\"primaryImageOfPage\":{\"@id\":\"https:\\\/\\\/vendeto.am\\\/?p=33302#primaryimage\"},\"image\":{\"@id\":\"https:\\\/\\\/vendeto.am\\\/?p=33302#primaryimage\"},\"thumbnailUrl\":\"https:\\\/\\\/vendeto.am\\\/wp-content\\\/uploads\\\/2026\\\/09\\\/warm_cozy_living_room.jpg\",\"datePublished\":\"2026-09-06T18:52:19+00:00\",\"dateModified\":\"2026-09-06T18:52:22+00:00\",\"author\":{\"@id\":\"https:\\\/\\\/vendeto.am\\\/#\\\/schema\\\/person\\\/48a4bd89d2048190ecc61e5ce821bef7\"},\"breadcrumb\":{\"@id\":\"https:\\\/\\\/vendeto.am\\\/?p=33302#breadcrumb\"},\"inLanguage\":\"ru-RU\",\"potentialAction\":[{\"@type\":\"ReadAction\",\"target\":[\"https:\\\/\\\/vendeto.am\\\/?p=33302\"]}]},{\"@type\":\"ImageObject\",\"inLanguage\":\"ru-RU\",\"@id\":\"https:\\\/\\\/vendeto.am\\\/?p=33302#primaryimage\",\"url\":\"https:\\\/\\\/vendeto.am\\\/wp-content\\\/uploads\\\/2026\\\/09\\\/warm_cozy_living_room.jpg\",\"contentUrl\":\"https:\\\/\\\/vendeto.am\\\/wp-content\\\/uploads\\\/2026\\\/09\\\/warm_cozy_living_room.jpg\",\"width\":1408,\"height\":1760},{\"@type\":\"BreadcrumbList\",\"@id\":\"https:\\\/\\\/vendeto.am\\\/?p=33302#breadcrumb\",\"itemListElement\":[{\"@type\":\"ListItem\",\"position\":1,\"name\":\"\u0413\u043b\u0430\u0432\u043d\u0430\u044f \u0441\u0442\u0440\u0430\u043d\u0438\u0446\u0430\",\"item\":\"https:\\\/\\\/vendeto.am\\\/\"},{\"@type\":\"ListItem\",\"position\":2,\"name\":\"MI HIJO DE CINCO A\u00d1OS MIR\u00d3 A LA RECI\u00c9N NACIDA Y SUSURR\u00d3: \u00abMAM\u00c1\u2026 ESA NO ES MI HERMANA\u00bb\"}]},{\"@type\":\"WebSite\",\"@id\":\"https:\\\/\\\/vendeto.am\\\/#website\",\"url\":\"https:\\\/\\\/vendeto.am\\\/\",\"name\":\"\",\"description\":\"\",\"potentialAction\":[{\"@type\":\"SearchAction\",\"target\":{\"@type\":\"EntryPoint\",\"urlTemplate\":\"https:\\\/\\\/vendeto.am\\\/?s={search_term_string}\"},\"query-input\":{\"@type\":\"PropertyValueSpecification\",\"valueRequired\":true,\"valueName\":\"search_term_string\"}}],\"inLanguage\":\"ru-RU\"},{\"@type\":\"Person\",\"@id\":\"https:\\\/\\\/vendeto.am\\\/#\\\/schema\\\/person\\\/48a4bd89d2048190ecc61e5ce821bef7\",\"name\":\"admin\",\"image\":{\"@type\":\"ImageObject\",\"inLanguage\":\"ru-RU\",\"@id\":\"https:\\\/\\\/secure.gravatar.com\\\/avatar\\\/df64e550a0653b7be0f1bcf897f33faad9c2c8153472b2d9319beafb51370f6f?s=96&d=mm&r=g\",\"url\":\"https:\\\/\\\/secure.gravatar.com\\\/avatar\\\/df64e550a0653b7be0f1bcf897f33faad9c2c8153472b2d9319beafb51370f6f?s=96&d=mm&r=g\",\"contentUrl\":\"https:\\\/\\\/secure.gravatar.com\\\/avatar\\\/df64e550a0653b7be0f1bcf897f33faad9c2c8153472b2d9319beafb51370f6f?s=96&d=mm&r=g\",\"caption\":\"admin\"},\"sameAs\":[\"http:\\\/\\\/vendeto.am\"]}]}<\/script>\n<!-- \/ Yoast SEO plugin. -->","yoast_head_json":{"title":"MI HIJO DE CINCO A\u00d1OS MIR\u00d3 A LA RECI\u00c9N NACIDA Y SUSURR\u00d3: \u00abMAM\u00c1\u2026 ESA NO ES MI HERMANA\u00bb -","robots":{"index":"index","follow":"follow","max-snippet":"max-snippet:-1","max-image-preview":"max-image-preview:large","max-video-preview":"max-video-preview:-1"},"canonical":"https:\/\/vendeto.am\/?p=33302","og_locale":"ru_RU","og_type":"article","og_title":"MI HIJO DE CINCO A\u00d1OS MIR\u00d3 A LA RECI\u00c9N NACIDA Y SUSURR\u00d3: \u00abMAM\u00c1\u2026 ESA NO ES MI HERMANA\u00bb -","og_description":"La noche que regresamos del hospital, pens\u00e9 que por fin comenzar\u00edamos nuestra nueva vida como una familia de cuatro. Nuestra hija apenas ten\u00eda","og_url":"https:\/\/vendeto.am\/?p=33302","article_published_time":"2026-09-06T18:52:19+00:00","article_modified_time":"2026-09-06T18:52:22+00:00","og_image":[{"width":1408,"height":1760,"url":"https:\/\/vendeto.am\/wp-content\/uploads\/2026\/09\/warm_cozy_living_room.jpg","type":"image\/jpeg"}],"author":"admin","twitter_card":"summary_large_image","twitter_misc":{"\u041d\u0430\u043f\u0438\u0441\u0430\u043d\u043e \u0430\u0432\u0442\u043e\u0440\u043e\u043c":"admin","\u041f\u0440\u0438\u043c\u0435\u0440\u043d\u043e\u0435 \u0432\u0440\u0435\u043c\u044f \u0434\u043b\u044f \u0447\u0442\u0435\u043d\u0438\u044f":"9 \u043c\u0438\u043d\u0443\u0442"},"schema":{"@context":"https:\/\/schema.org","@graph":[{"@type":"Article","@id":"https:\/\/vendeto.am\/?p=33302#article","isPartOf":{"@id":"https:\/\/vendeto.am\/?p=33302"},"author":{"name":"admin","@id":"https:\/\/vendeto.am\/#\/schema\/person\/48a4bd89d2048190ecc61e5ce821bef7"},"headline":"MI HIJO DE CINCO A\u00d1OS MIR\u00d3 A LA RECI\u00c9N NACIDA Y SUSURR\u00d3: \u00abMAM\u00c1\u2026 ESA NO ES MI HERMANA\u00bb","datePublished":"2026-09-06T18:52:19+00:00","dateModified":"2026-09-06T18:52:22+00:00","mainEntityOfPage":{"@id":"https:\/\/vendeto.am\/?p=33302"},"wordCount":1627,"commentCount":0,"image":{"@id":"https:\/\/vendeto.am\/?p=33302#primaryimage"},"thumbnailUrl":"https:\/\/vendeto.am\/wp-content\/uploads\/2026\/09\/warm_cozy_living_room.jpg","articleSection":["VIDEO"],"inLanguage":"ru-RU","potentialAction":[{"@type":"CommentAction","name":"Comment","target":["https:\/\/vendeto.am\/?p=33302#respond"]}]},{"@type":"WebPage","@id":"https:\/\/vendeto.am\/?p=33302","url":"https:\/\/vendeto.am\/?p=33302","name":"MI HIJO DE CINCO A\u00d1OS MIR\u00d3 A LA RECI\u00c9N NACIDA Y SUSURR\u00d3: \u00abMAM\u00c1\u2026 ESA NO ES MI HERMANA\u00bb -","isPartOf":{"@id":"https:\/\/vendeto.am\/#website"},"primaryImageOfPage":{"@id":"https:\/\/vendeto.am\/?p=33302#primaryimage"},"image":{"@id":"https:\/\/vendeto.am\/?p=33302#primaryimage"},"thumbnailUrl":"https:\/\/vendeto.am\/wp-content\/uploads\/2026\/09\/warm_cozy_living_room.jpg","datePublished":"2026-09-06T18:52:19+00:00","dateModified":"2026-09-06T18:52:22+00:00","author":{"@id":"https:\/\/vendeto.am\/#\/schema\/person\/48a4bd89d2048190ecc61e5ce821bef7"},"breadcrumb":{"@id":"https:\/\/vendeto.am\/?p=33302#breadcrumb"},"inLanguage":"ru-RU","potentialAction":[{"@type":"ReadAction","target":["https:\/\/vendeto.am\/?p=33302"]}]},{"@type":"ImageObject","inLanguage":"ru-RU","@id":"https:\/\/vendeto.am\/?p=33302#primaryimage","url":"https:\/\/vendeto.am\/wp-content\/uploads\/2026\/09\/warm_cozy_living_room.jpg","contentUrl":"https:\/\/vendeto.am\/wp-content\/uploads\/2026\/09\/warm_cozy_living_room.jpg","width":1408,"height":1760},{"@type":"BreadcrumbList","@id":"https:\/\/vendeto.am\/?p=33302#breadcrumb","itemListElement":[{"@type":"ListItem","position":1,"name":"\u0413\u043b\u0430\u0432\u043d\u0430\u044f \u0441\u0442\u0440\u0430\u043d\u0438\u0446\u0430","item":"https:\/\/vendeto.am\/"},{"@type":"ListItem","position":2,"name":"MI HIJO DE CINCO A\u00d1OS MIR\u00d3 A LA RECI\u00c9N NACIDA Y SUSURR\u00d3: \u00abMAM\u00c1\u2026 ESA NO ES MI HERMANA\u00bb"}]},{"@type":"WebSite","@id":"https:\/\/vendeto.am\/#website","url":"https:\/\/vendeto.am\/","name":"","description":"","potentialAction":[{"@type":"SearchAction","target":{"@type":"EntryPoint","urlTemplate":"https:\/\/vendeto.am\/?s={search_term_string}"},"query-input":{"@type":"PropertyValueSpecification","valueRequired":true,"valueName":"search_term_string"}}],"inLanguage":"ru-RU"},{"@type":"Person","@id":"https:\/\/vendeto.am\/#\/schema\/person\/48a4bd89d2048190ecc61e5ce821bef7","name":"admin","image":{"@type":"ImageObject","inLanguage":"ru-RU","@id":"https:\/\/secure.gravatar.com\/avatar\/df64e550a0653b7be0f1bcf897f33faad9c2c8153472b2d9319beafb51370f6f?s=96&d=mm&r=g","url":"https:\/\/secure.gravatar.com\/avatar\/df64e550a0653b7be0f1bcf897f33faad9c2c8153472b2d9319beafb51370f6f?s=96&d=mm&r=g","contentUrl":"https:\/\/secure.gravatar.com\/avatar\/df64e550a0653b7be0f1bcf897f33faad9c2c8153472b2d9319beafb51370f6f?s=96&d=mm&r=g","caption":"admin"},"sameAs":["http:\/\/vendeto.am"]}]}},"_links":{"self":[{"href":"https:\/\/vendeto.am\/index.php?rest_route=\/wp\/v2\/posts\/33302","targetHints":{"allow":["GET"]}}],"collection":[{"href":"https:\/\/vendeto.am\/index.php?rest_route=\/wp\/v2\/posts"}],"about":[{"href":"https:\/\/vendeto.am\/index.php?rest_route=\/wp\/v2\/types\/post"}],"author":[{"embeddable":true,"href":"https:\/\/vendeto.am\/index.php?rest_route=\/wp\/v2\/users\/1"}],"replies":[{"embeddable":true,"href":"https:\/\/vendeto.am\/index.php?rest_route=%2Fwp%2Fv2%2Fcomments&post=33302"}],"version-history":[{"count":1,"href":"https:\/\/vendeto.am\/index.php?rest_route=\/wp\/v2\/posts\/33302\/revisions"}],"predecessor-version":[{"id":33304,"href":"https:\/\/vendeto.am\/index.php?rest_route=\/wp\/v2\/posts\/33302\/revisions\/33304"}],"wp:featuredmedia":[{"embeddable":true,"href":"https:\/\/vendeto.am\/index.php?rest_route=\/wp\/v2\/media\/33285"}],"wp:attachment":[{"href":"https:\/\/vendeto.am\/index.php?rest_route=%2Fwp%2Fv2%2Fmedia&parent=33302"}],"wp:term":[{"taxonomy":"category","embeddable":true,"href":"https:\/\/vendeto.am\/index.php?rest_route=%2Fwp%2Fv2%2Fcategories&post=33302"},{"taxonomy":"post_tag","embeddable":true,"href":"https:\/\/vendeto.am\/index.php?rest_route=%2Fwp%2Fv2%2Ftags&post=33302"}],"curies":[{"name":"wp","href":"https:\/\/api.w.org\/{rel}","templated":true}]}}